{"id":481539,"date":"2014-02-01T11:31:41","date_gmt":"2014-02-01T12:31:41","guid":{"rendered":"http:\/\/www.eldigitaldeasturias.com\/noticias\/?p=481539"},"modified":"2014-02-01T11:31:41","modified_gmt":"2014-02-01T12:31:41","slug":"exministros-colombianos-declararan-por-la-retoma-militar-del-palacio-de-justicia","status":"publish","type":"post","link":"https:\/\/www.eldigitaldeasturias.com\/noticias\/exministros-colombianos-declararan-por-la-retoma-militar-del-palacio-de-justicia\/","title":{"rendered":"Exministros colombianos declarar\u00e1n por la retoma militar del Palacio de Justicia"},"content":{"rendered":"<p><img loading=\"lazy\" decoding=\"async\" class=\"alignleft size-medium wp-image-481540\" alt=\"5898946w\" src=\"https:\/\/www.eldigitaldeasturias.com\/noticias\/wp-content\/uploads\/2014\/02\/5898946w-360x234.jpg\" width=\"360\" height=\"234\" \/>Bogot\u00e1, 31 ene (EFE).- Los ministros del gabinete del expresidente colombiano Belisario Betancur (1982-1986) ser\u00e1n llamados a declarar por la Fiscal\u00eda dentro de la investigaci\u00f3n por la retoma del Palacio de Justicia tras la ocupaci\u00f3n de esa sede en 1985 por la guerrilla del M-19, hoy desmovilizada.<\/p>\n<p>La medida fue anunciada hoy por la fiscal jefe de la Unidad de Fiscales Delegada ante la Corte Suprema, Martha Luc\u00eda Zamora, quien explic\u00f3 que las determinaciones tomadas en el Consejo de Ministros de la \u00e9poca ser\u00e1n de trascendental importancia para establecer las responsabilidades penales del caso.<\/p>\n<p>\u00abLa crisis que se estaba viviendo en el pa\u00eds, lo que all\u00ed se habl\u00f3, discuti\u00f3 y debati\u00f3 y finalmente se decidi\u00f3, es de suma importancia para la investigaci\u00f3n\u00bb, manifest\u00f3 Zamora a periodistas.<\/p>\n<p>La cruenta toma y retoma del Palacio de Justicia, los d\u00edas 6 y 7 de noviembre de 1985, dej\u00f3 98 muertos, entre ellos 11 magistrados de la Corte Suprema, 22 funcionarios, siete auxiliares del tribunal, 11 miembros de la Fuerza P\u00fablica, numerosos guerrilleros y civiles, as\u00ed como 10 desaparecidos.<\/p>\n<p>Entre los que ser\u00e1n llamados a declarar est\u00e1n los entonces ministros de Gobierno, Jaime Castro y de Comunicaciones, Noem\u00ed San\u00edn, quien m\u00e1s adelante fue, entre otros cargos, canciller de Colombia.<\/p>\n<p>Castro, que tambi\u00e9n ocup\u00f3 la Alcald\u00eda de Bogot\u00e1, solicit\u00f3 que lo escuchen en versi\u00f3n libre para relatar lo que ocurri\u00f3 aquel d\u00eda.<\/p>\n<p>Zamora dijo que falta definir las fechas para la citaci\u00f3n de los exministros de Betancur, 13 en total.<\/p>\n<p>En noviembre pasado, la Fiscal\u00eda dijo que investigar\u00eda las acciones de ministros y altos mandos policiales del Gobierno del expresidente Betancur durante la retoma del Palacio de Justicia.<\/p>\n<p>En su momento, el fiscal general, Eduardo Montealegre, explic\u00f3 que se abrir\u00edan tres l\u00edneas de investigaci\u00f3n para establecer posibles responsabilidades entre quienes estuvieron vinculados con esa operaci\u00f3n.<\/p>\n<p>Seg\u00fan la Fiscal\u00eda, una de las l\u00edneas apunta a la presunta responsabilidad penal que se les podr\u00eda atribuir a algunos de los ministros de Betancur.<\/p>\n<p>Otra investigaci\u00f3n tiene que ver, seg\u00fan el fiscal, con la posible responsabilidad de altos mandos de la Polic\u00eda en la \u00e9poca, entre ellos el entonces comandante de la instituci\u00f3n, el hoy general retirado V\u00edctor Delgado Mallarino.<\/p>\n<p>La tercera l\u00ednea busca establecer eventuales responsabilidades del entonces director del Departamento Administrativo de Seguridad (DAS, inteligencia estatal), Miguel Maza M\u00e1rquez.<\/p>\n<p>La toma del Palacio Justicia comenz\u00f3 poco antes del mediod\u00eda del 6 de noviembre de 1985 cuando se escucharon varias explosiones y disparos en el coraz\u00f3n de Bogot\u00e1 por la ocupaci\u00f3n guerrillera y concluy\u00f3 al d\u00eda siguiente cuando militares y polic\u00edas recuperaron el control del edificio, arrasado tras una noche de combates.<\/p>\n<p>Durante a\u00f1os se ha considerado que la ocupaci\u00f3n del Palacio de Justicia fue obra del M-19 asociado con Pablo Escobar, el jefe del desarticulado cartel de Medell\u00edn.<\/p>\n<p>Sin embargo, el M-19, que posteriormente depuso las armas y entr\u00f3 en la pol\u00edtica, siempre ha negado esa alianza con la mafia del narcotr\u00e1fico.<\/p>\n","protected":false},"excerpt":{"rendered":"<p>Bogot\u00e1, 31 ene (EFE).- Los ministros del gabinete del expresidente colombiano Belisario Betancur (1982-1986) ser\u00e1n llamados a declarar por la Fiscal\u00eda dentro de la investigaci\u00f3n por la retoma del Palacio de Justicia tras la ocupaci\u00f3n de esa sede en 1985 por la guerrilla del M-19, hoy desmovilizada. La medida fue anunciada hoy por la fiscal [&hellip;]<\/p>\n","protected":false},"author":1,"featured_media":481540,"comment_status":"closed","ping_status":"open","sticky":false,"template":"","format":"standard","meta":{"footnotes":""},"categories":[1],"tags":[],"class_list":["post-481539","post","type-post","status-publish","format-standard","has-post-thumbnail","hentry","category-actualidad"],"aioseo_notices":[],"aioseo_head":"\n\t\t<!-- All in One SEO Pro 5.0.1 - aioseo.com -->\n\t<meta name=\"description\" content=\"Bogot\u00e1, 31 ene (EFE).- Los ministros del gabinete del expresidente colombiano Belisario Betancur (1982-1986) ser\u00e1n llamados a declarar por la Fiscal\u00eda dentro de la investigaci\u00f3n por la retoma del Palacio de Justicia tras la ocupaci\u00f3n de esa sede en 1985 por la guerrilla del M-19, hoy desmovilizada. La medida fue anunciada hoy por la fiscal\" \/>\n\t<meta name=\"robots\" content=\"max-image-preview:large\" \/>\n\t<meta name=\"author\" content=\"El Digital de Asturias\"\/>\n\t<meta name=\"google-site-verification\" content=\"UA-38556648-1\" \/>\n\t<meta name=\"msvalidate.01\" content=\"7dfe9f3f1b24437ab69f4f2559babe99\" \/>\n\t<meta name=\"keywords\" content=\"actualidad\" \/>\n\t<link rel=\"canonical\" href=\"https:\/\/www.eldigitaldeasturias.com\/noticias\/exministros-colombianos-declararan-por-la-retoma-militar-del-palacio-de-justicia\/\" \/>\n\t<meta name=\"generator\" content=\"All in One SEO Pro (AIOSEO) 5.0.1\" \/>\n\t\t<meta property=\"og:locale\" content=\"es_ES\" \/>\n\t\t<meta property=\"og:site_name\" content=\"El Digital de Asturias\" \/>\n\t\t<meta property=\"og:type\" content=\"article\" \/>\n\t\t<meta property=\"og:title\" content=\"Exministros colombianos declarar\u00e1n por la retoma militar del Palacio de Justicia - El Digital de Asturias\" \/>\n\t\t<meta property=\"og:description\" content=\"Bogot\u00e1, 31 ene (EFE).- Los ministros del gabinete del expresidente colombiano Belisario Betancur (1982-1986) ser\u00e1n llamados a declarar por la Fiscal\u00eda dentro de la investigaci\u00f3n por la retoma del Palacio de Justicia tras la ocupaci\u00f3n de esa sede en 1985 por la guerrilla del M-19, hoy desmovilizada. La medida fue anunciada hoy por la fiscal\" \/>\n\t\t<meta property=\"og:url\" content=\"https:\/\/www.eldigitaldeasturias.com\/noticias\/exministros-colombianos-declararan-por-la-retoma-militar-del-palacio-de-justicia\/\" \/>\n\t\t<meta property=\"article:tag\" content=\"actualidad\" \/>\n\t\t<meta property=\"article:published_time\" content=\"2014-02-01T12:31:41+00:00\" \/>\n\t\t<meta property=\"article:modified_time\" content=\"2014-02-01T12:31:41+00:00\" \/>\n\t\t<meta property=\"article:publisher\" content=\"https:\/\/facebook.com\/eldigitaldeasturias\" \/>\n\t\t<meta name=\"twitter:card\" content=\"summary_large_image\" \/>\n\t\t<meta name=\"twitter:title\" content=\"Exministros colombianos declarar\u00e1n por la retoma militar del Palacio de Justicia - El Digital de Asturias\" \/>\n\t\t<meta name=\"twitter:description\" content=\"Bogot\u00e1, 31 ene (EFE).- Los ministros del gabinete del expresidente colombiano Belisario Betancur (1982-1986) ser\u00e1n llamados a declarar por la Fiscal\u00eda dentro de la investigaci\u00f3n por la retoma del Palacio de Justicia tras la ocupaci\u00f3n de esa sede en 1985 por la guerrilla del M-19, hoy desmovilizada. La medida fue anunciada hoy por la fiscal\" \/>\n\t\t<meta name=\"twitter:label1\" content=\"Escrito por\" \/>\n\t\t<meta name=\"twitter:data1\" content=\"El Digital de Asturias\" \/>\n\t\t<meta name=\"twitter:label2\" content=\"Tiempo de lectura estimado\" \/>\n\t\t<meta name=\"twitter:data2\" content=\"3 minutos\" \/>\n\t\t<script type=\"application\/ld+json\" class=\"aioseo-schema\">\n\t\t\t{\"@context\":\"https:\\\/\\\/schema.org\",\"@graph\":[{\"@type\":\"BlogPosting\",\"@id\":\"https:\\\/\\\/www.eldigitaldeasturias.com\\\/noticias\\\/exministros-colombianos-declararan-por-la-retoma-militar-del-palacio-de-justicia\\\/#blogposting\",\"name\":\"Exministros colombianos declarar\\u00e1n por la retoma militar del Palacio de Justicia - El Digital de Asturias\",\"headline\":\"Exministros colombianos declarar\\u00e1n por la retoma militar del Palacio de Justicia\",\"author\":{\"@id\":\"https:\\\/\\\/www.eldigitaldeasturias.com\\\/noticias\\\/author\\\/admin\\\/#author\"},\"publisher\":{\"@id\":\"https:\\\/\\\/www.eldigitaldeasturias.com\\\/noticias\\\/#organization\"},\"image\":{\"@type\":\"ImageObject\",\"url\":481540},\"datePublished\":\"2014-02-01T11:31:41+01:00\",\"dateModified\":\"2014-02-01T11:31:41+01:00\",\"inLanguage\":\"es-ES\",\"mainEntityOfPage\":{\"@id\":\"https:\\\/\\\/www.eldigitaldeasturias.com\\\/noticias\\\/exministros-colombianos-declararan-por-la-retoma-militar-del-palacio-de-justicia\\\/#webpage\"},\"isPartOf\":{\"@id\":\"https:\\\/\\\/www.eldigitaldeasturias.com\\\/noticias\\\/exministros-colombianos-declararan-por-la-retoma-militar-del-palacio-de-justicia\\\/#webpage\"},\"articleSection\":\"Actualidad\"},{\"@type\":\"BreadcrumbList\",\"@id\":\"https:\\\/\\\/www.eldigitaldeasturias.com\\\/noticias\\\/exministros-colombianos-declararan-por-la-retoma-militar-del-palacio-de-justicia\\\/#breadcrumblist\",\"itemListElement\":[{\"@type\":\"ListItem\",\"@id\":\"https:\\\/\\\/www.eldigitaldeasturias.com\\\/noticias#listItem\",\"position\":1,\"name\":\"Home\",\"item\":\"https:\\\/\\\/www.eldigitaldeasturias.com\\\/noticias\",\"nextItem\":{\"@type\":\"ListItem\",\"@id\":\"https:\\\/\\\/www.eldigitaldeasturias.com\\\/noticias\\\/category\\\/actualidad\\\/#listItem\",\"name\":\"Actualidad\"}},{\"@type\":\"ListItem\",\"@id\":\"https:\\\/\\\/www.eldigitaldeasturias.com\\\/noticias\\\/category\\\/actualidad\\\/#listItem\",\"position\":2,\"name\":\"Actualidad\",\"item\":\"https:\\\/\\\/www.eldigitaldeasturias.com\\\/noticias\\\/category\\\/actualidad\\\/\",\"nextItem\":{\"@type\":\"ListItem\",\"@id\":\"https:\\\/\\\/www.eldigitaldeasturias.com\\\/noticias\\\/exministros-colombianos-declararan-por-la-retoma-militar-del-palacio-de-justicia\\\/#listItem\",\"name\":\"Exministros colombianos declarar\\u00e1n por la retoma militar del Palacio de Justicia\"},\"previousItem\":{\"@type\":\"ListItem\",\"@id\":\"https:\\\/\\\/www.eldigitaldeasturias.com\\\/noticias#listItem\",\"name\":\"Home\"}},{\"@type\":\"ListItem\",\"@id\":\"https:\\\/\\\/www.eldigitaldeasturias.com\\\/noticias\\\/exministros-colombianos-declararan-por-la-retoma-militar-del-palacio-de-justicia\\\/#listItem\",\"position\":3,\"name\":\"Exministros colombianos declarar\\u00e1n por la retoma militar del Palacio de Justicia\",\"previousItem\":{\"@type\":\"ListItem\",\"@id\":\"https:\\\/\\\/www.eldigitaldeasturias.com\\\/noticias\\\/category\\\/actualidad\\\/#listItem\",\"name\":\"Actualidad\"}}]},{\"@type\":\"Organization\",\"@id\":\"https:\\\/\\\/www.eldigitaldeasturias.com\\\/noticias\\\/#organization\",\"name\":\"El Digital de Asturias\",\"description\":\"Hemeroteca\",\"url\":\"https:\\\/\\\/www.eldigitaldeasturias.com\\\/noticias\\\/\",\"email\":\"info@eldigitaldeasturias.com\",\"telephone\":\"+34652131393\",\"logo\":{\"@type\":\"ImageObject\",\"url\":\"https:\\\/\\\/www.eldigitaldeasturias.com\\\/noticias\\\/wp-content\\\/uploads\\\/2020\\\/12\\\/EDA.jpg\",\"@id\":\"https:\\\/\\\/www.eldigitaldeasturias.com\\\/noticias\\\/exministros-colombianos-declararan-por-la-retoma-militar-del-palacio-de-justicia\\\/#organizationLogo\"},\"image\":{\"@id\":\"https:\\\/\\\/www.eldigitaldeasturias.com\\\/noticias\\\/exministros-colombianos-declararan-por-la-retoma-militar-del-palacio-de-justicia\\\/#organizationLogo\"},\"sameAs\":[\"https:\\\/\\\/facebook.com\\\/eldigitaldeasturias\",\"https:\\\/\\\/www.youtube.com\\\/channel\\\/UCZP-2wLEB9Rv6erhFmqVnvg\"],\"address\":{\"@id\":\"https:\\\/\\\/www.eldigitaldeasturias.com\\\/noticias\\\/#postaladdress\",\"@type\":\"PostalAddress\",\"streetAddress\":\"san antonio 4\",\"postalCode\":\"33430\",\"addressLocality\":\"Cand\\u00e1s\",\"addressRegion\":\"Asturias\",\"addressCountry\":\"ES\"}},{\"@type\":\"Person\",\"@id\":\"https:\\\/\\\/www.eldigitaldeasturias.com\\\/noticias\\\/author\\\/admin\\\/#author\",\"url\":\"https:\\\/\\\/www.eldigitaldeasturias.com\\\/noticias\\\/author\\\/admin\\\/\",\"name\":\"El Digital de Asturias\",\"image\":{\"@type\":\"ImageObject\",\"@id\":\"https:\\\/\\\/www.eldigitaldeasturias.com\\\/noticias\\\/exministros-colombianos-declararan-por-la-retoma-militar-del-palacio-de-justicia\\\/#authorImage\",\"url\":\"https:\\\/\\\/secure.gravatar.com\\\/avatar\\\/df2aeffc32bcd13f8d26072ef8a91b623d677766deac7f97ca815868cd41bf5e?s=96&d=mm&r=g\",\"width\":96,\"height\":96,\"caption\":\"El Digital de Asturias\"}},{\"@type\":\"WebPage\",\"@id\":\"https:\\\/\\\/www.eldigitaldeasturias.com\\\/noticias\\\/exministros-colombianos-declararan-por-la-retoma-militar-del-palacio-de-justicia\\\/#webpage\",\"url\":\"https:\\\/\\\/www.eldigitaldeasturias.com\\\/noticias\\\/exministros-colombianos-declararan-por-la-retoma-militar-del-palacio-de-justicia\\\/\",\"name\":\"Exministros colombianos declarar\\u00e1n por la retoma militar del Palacio de Justicia - El Digital de Asturias\",\"description\":\"Bogot\\u00e1, 31 ene (EFE).- Los ministros del gabinete del expresidente colombiano Belisario Betancur (1982-1986) ser\\u00e1n llamados a declarar por la Fiscal\\u00eda dentro de la investigaci\\u00f3n por la retoma del Palacio de Justicia tras la ocupaci\\u00f3n de esa sede en 1985 por la guerrilla del M-19, hoy desmovilizada. La medida fue anunciada hoy por la fiscal\",\"inLanguage\":\"es-ES\",\"isPartOf\":{\"@id\":\"https:\\\/\\\/www.eldigitaldeasturias.com\\\/noticias\\\/#website\"},\"breadcrumb\":{\"@id\":\"https:\\\/\\\/www.eldigitaldeasturias.com\\\/noticias\\\/exministros-colombianos-declararan-por-la-retoma-militar-del-palacio-de-justicia\\\/#breadcrumblist\"},\"author\":{\"@id\":\"https:\\\/\\\/www.eldigitaldeasturias.com\\\/noticias\\\/author\\\/admin\\\/#author\"},\"creator\":{\"@id\":\"https:\\\/\\\/www.eldigitaldeasturias.com\\\/noticias\\\/author\\\/admin\\\/#author\"},\"image\":{\"@type\":\"ImageObject\",\"url\":481540,\"@id\":\"https:\\\/\\\/www.eldigitaldeasturias.com\\\/noticias\\\/exministros-colombianos-declararan-por-la-retoma-militar-del-palacio-de-justicia\\\/#mainImage\"},\"primaryImageOfPage\":{\"@id\":\"https:\\\/\\\/www.eldigitaldeasturias.com\\\/noticias\\\/exministros-colombianos-declararan-por-la-retoma-militar-del-palacio-de-justicia\\\/#mainImage\"},\"datePublished\":\"2014-02-01T11:31:41+01:00\",\"dateModified\":\"2014-02-01T11:31:41+01:00\"},{\"@type\":\"WebSite\",\"@id\":\"https:\\\/\\\/www.eldigitaldeasturias.com\\\/noticias\\\/#website\",\"url\":\"https:\\\/\\\/www.eldigitaldeasturias.com\\\/noticias\\\/\",\"name\":\"El Digital de Asturias - Diario de actualidad y noticias\",\"alternateName\":\"El Digital de Asturias - Diario de actualidad y noticias\",\"description\":\"Hemeroteca\",\"inLanguage\":\"es-ES\",\"publisher\":{\"@id\":\"https:\\\/\\\/www.eldigitaldeasturias.com\\\/noticias\\\/#organization\"}}]}\n\t\t<\/script>\n\t\t<!-- All in One SEO Pro -->\r\n\t\t<title>Exministros colombianos declarar\u00e1n por la retoma militar del Palacio de Justicia - El Digital de Asturias<\/title>\n\n","aioseo_head_json":{"title":"Exministros colombianos declarar\u00e1n por la retoma militar del Palacio de Justicia - El Digital de Asturias","description":"Bogot\u00e1, 31 ene (EFE).- Los ministros del gabinete del expresidente colombiano Belisario Betancur (1982-1986) ser\u00e1n llamados a declarar por la Fiscal\u00eda dentro de la investigaci\u00f3n por la retoma del Palacio de Justicia tras la ocupaci\u00f3n de esa sede en 1985 por la guerrilla del M-19, hoy desmovilizada. La medida fue anunciada hoy por la fiscal","canonical_url":"https:\/\/www.eldigitaldeasturias.com\/noticias\/exministros-colombianos-declararan-por-la-retoma-militar-del-palacio-de-justicia\/","robots":"max-image-preview:large","keywords":"actualidad","webmasterTools":{"google-site-verification":"UA-38556648-1","msvalidate.01":"7dfe9f3f1b24437ab69f4f2559babe99","miscellaneous":""},"schema":{"@context":"https:\/\/schema.org","@graph":[{"@type":"BlogPosting","@id":"https:\/\/www.eldigitaldeasturias.com\/noticias\/exministros-colombianos-declararan-por-la-retoma-militar-del-palacio-de-justicia\/#blogposting","name":"Exministros colombianos declarar\u00e1n por la retoma militar del Palacio de Justicia - El Digital de Asturias","headline":"Exministros colombianos declarar\u00e1n por la retoma militar del Palacio de Justicia","author":{"@id":"https:\/\/www.eldigitaldeasturias.com\/noticias\/author\/admin\/#author"},"publisher":{"@id":"https:\/\/www.eldigitaldeasturias.com\/noticias\/#organization"},"image":{"@type":"ImageObject","url":481540},"datePublished":"2014-02-01T11:31:41+01:00","dateModified":"2014-02-01T11:31:41+01:00","inLanguage":"es-ES","mainEntityOfPage":{"@id":"https:\/\/www.eldigitaldeasturias.com\/noticias\/exministros-colombianos-declararan-por-la-retoma-militar-del-palacio-de-justicia\/#webpage"},"isPartOf":{"@id":"https:\/\/www.eldigitaldeasturias.com\/noticias\/exministros-colombianos-declararan-por-la-retoma-militar-del-palacio-de-justicia\/#webpage"},"articleSection":"Actualidad"},{"@type":"BreadcrumbList","@id":"https:\/\/www.eldigitaldeasturias.com\/noticias\/exministros-colombianos-declararan-por-la-retoma-militar-del-palacio-de-justicia\/#breadcrumblist","itemListElement":[{"@type":"ListItem","@id":"https:\/\/www.eldigitaldeasturias.com\/noticias#listItem","position":1,"name":"Home","item":"https:\/\/www.eldigitaldeasturias.com\/noticias","nextItem":{"@type":"ListItem","@id":"https:\/\/www.eldigitaldeasturias.com\/noticias\/category\/actualidad\/#listItem","name":"Actualidad"}},{"@type":"ListItem","@id":"https:\/\/www.eldigitaldeasturias.com\/noticias\/category\/actualidad\/#listItem","position":2,"name":"Actualidad","item":"https:\/\/www.eldigitaldeasturias.com\/noticias\/category\/actualidad\/","nextItem":{"@type":"ListItem","@id":"https:\/\/www.eldigitaldeasturias.com\/noticias\/exministros-colombianos-declararan-por-la-retoma-militar-del-palacio-de-justicia\/#listItem","name":"Exministros colombianos declarar\u00e1n por la retoma militar del Palacio de Justicia"},"previousItem":{"@type":"ListItem","@id":"https:\/\/www.eldigitaldeasturias.com\/noticias#listItem","name":"Home"}},{"@type":"ListItem","@id":"https:\/\/www.eldigitaldeasturias.com\/noticias\/exministros-colombianos-declararan-por-la-retoma-militar-del-palacio-de-justicia\/#listItem","position":3,"name":"Exministros colombianos declarar\u00e1n por la retoma militar del Palacio de Justicia","previousItem":{"@type":"ListItem","@id":"https:\/\/www.eldigitaldeasturias.com\/noticias\/category\/actualidad\/#listItem","name":"Actualidad"}}]},{"@type":"Organization","@id":"https:\/\/www.eldigitaldeasturias.com\/noticias\/#organization","name":"El Digital de Asturias","description":"Hemeroteca","url":"https:\/\/www.eldigitaldeasturias.com\/noticias\/","email":"info@eldigitaldeasturias.com","telephone":"+34652131393","logo":{"@type":"ImageObject","url":"https:\/\/www.eldigitaldeasturias.com\/noticias\/wp-content\/uploads\/2020\/12\/EDA.jpg","@id":"https:\/\/www.eldigitaldeasturias.com\/noticias\/exministros-colombianos-declararan-por-la-retoma-militar-del-palacio-de-justicia\/#organizationLogo"},"image":{"@id":"https:\/\/www.eldigitaldeasturias.com\/noticias\/exministros-colombianos-declararan-por-la-retoma-militar-del-palacio-de-justicia\/#organizationLogo"},"sameAs":["https:\/\/facebook.com\/eldigitaldeasturias","https:\/\/www.youtube.com\/channel\/UCZP-2wLEB9Rv6erhFmqVnvg"],"address":{"@id":"https:\/\/www.eldigitaldeasturias.com\/noticias\/#postaladdress","@type":"PostalAddress","streetAddress":"san antonio 4","postalCode":"33430","addressLocality":"Cand\u00e1s","addressRegion":"Asturias","addressCountry":"ES"}},{"@type":"Person","@id":"https:\/\/www.eldigitaldeasturias.com\/noticias\/author\/admin\/#author","url":"https:\/\/www.eldigitaldeasturias.com\/noticias\/author\/admin\/","name":"El Digital de Asturias","image":{"@type":"ImageObject","@id":"https:\/\/www.eldigitaldeasturias.com\/noticias\/exministros-colombianos-declararan-por-la-retoma-militar-del-palacio-de-justicia\/#authorImage","url":"https:\/\/secure.gravatar.com\/avatar\/df2aeffc32bcd13f8d26072ef8a91b623d677766deac7f97ca815868cd41bf5e?s=96&d=mm&r=g","width":96,"height":96,"caption":"El Digital de Asturias"}},{"@type":"WebPage","@id":"https:\/\/www.eldigitaldeasturias.com\/noticias\/exministros-colombianos-declararan-por-la-retoma-militar-del-palacio-de-justicia\/#webpage","url":"https:\/\/www.eldigitaldeasturias.com\/noticias\/exministros-colombianos-declararan-por-la-retoma-militar-del-palacio-de-justicia\/","name":"Exministros colombianos declarar\u00e1n por la retoma militar del Palacio de Justicia - El Digital de Asturias","description":"Bogot\u00e1, 31 ene (EFE).- Los ministros del gabinete del expresidente colombiano Belisario Betancur (1982-1986) ser\u00e1n llamados a declarar por la Fiscal\u00eda dentro de la investigaci\u00f3n por la retoma del Palacio de Justicia tras la ocupaci\u00f3n de esa sede en 1985 por la guerrilla del M-19, hoy desmovilizada. La medida fue anunciada hoy por la fiscal","inLanguage":"es-ES","isPartOf":{"@id":"https:\/\/www.eldigitaldeasturias.com\/noticias\/#website"},"breadcrumb":{"@id":"https:\/\/www.eldigitaldeasturias.com\/noticias\/exministros-colombianos-declararan-por-la-retoma-militar-del-palacio-de-justicia\/#breadcrumblist"},"author":{"@id":"https:\/\/www.eldigitaldeasturias.com\/noticias\/author\/admin\/#author"},"creator":{"@id":"https:\/\/www.eldigitaldeasturias.com\/noticias\/author\/admin\/#author"},"image":{"@type":"ImageObject","url":481540,"@id":"https:\/\/www.eldigitaldeasturias.com\/noticias\/exministros-colombianos-declararan-por-la-retoma-militar-del-palacio-de-justicia\/#mainImage"},"primaryImageOfPage":{"@id":"https:\/\/www.eldigitaldeasturias.com\/noticias\/exministros-colombianos-declararan-por-la-retoma-militar-del-palacio-de-justicia\/#mainImage"},"datePublished":"2014-02-01T11:31:41+01:00","dateModified":"2014-02-01T11:31:41+01:00"},{"@type":"WebSite","@id":"https:\/\/www.eldigitaldeasturias.com\/noticias\/#website","url":"https:\/\/www.eldigitaldeasturias.com\/noticias\/","name":"El Digital de Asturias - Diario de actualidad y noticias","alternateName":"El Digital de Asturias - Diario de actualidad y noticias","description":"Hemeroteca","inLanguage":"es-ES","publisher":{"@id":"https:\/\/www.eldigitaldeasturias.com\/noticias\/#organization"}}]},"og:locale":"es_ES","og:site_name":"El Digital de Asturias","og:type":"article","og:title":"Exministros colombianos declarar\u00e1n por la retoma militar del Palacio de Justicia - El Digital de Asturias","og:description":"Bogot\u00e1, 31 ene (EFE).- Los ministros del gabinete del expresidente colombiano Belisario Betancur (1982-1986) ser\u00e1n llamados a declarar por la Fiscal\u00eda dentro de la investigaci\u00f3n por la retoma del Palacio de Justicia tras la ocupaci\u00f3n de esa sede en 1985 por la guerrilla del M-19, hoy desmovilizada. La medida fue anunciada hoy por la fiscal","og:url":"https:\/\/www.eldigitaldeasturias.com\/noticias\/exministros-colombianos-declararan-por-la-retoma-militar-del-palacio-de-justicia\/","article:tag":["actualidad"],"article:published_time":"2014-02-01T12:31:41+00:00","article:modified_time":"2014-02-01T12:31:41+00:00","article:publisher":"https:\/\/facebook.com\/eldigitaldeasturias","twitter:card":"summary_large_image","twitter:title":"Exministros colombianos declarar\u00e1n por la retoma militar del Palacio de Justicia - El Digital de Asturias","twitter:description":"Bogot\u00e1, 31 ene (EFE).- Los ministros del gabinete del expresidente colombiano Belisario Betancur (1982-1986) ser\u00e1n llamados a declarar por la Fiscal\u00eda dentro de la investigaci\u00f3n por la retoma del Palacio de Justicia tras la ocupaci\u00f3n de esa sede en 1985 por la guerrilla del M-19, hoy desmovilizada. La medida fue anunciada hoy por la fiscal","twitter:label1":"Escrito por","twitter:data1":"El Digital de Asturias","twitter:label2":"Tiempo de lectura estimado","twitter:data2":"3 minutos"},"aioseo_meta_data":{"post_id":"481539","title":null,"description":null,"keywords":null,"keyphrases":null,"primary_term":null,"canonical_url":null,"og_title":null,"og_description":null,"og_object_type":"default","og_image_type":"default","og_image_url":null,"og_image_width":null,"og_image_height":null,"og_image_custom_url":null,"og_image_custom_fields":null,"og_video":null,"og_custom_url":null,"og_article_section":null,"og_article_tags":null,"twitter_use_og":true,"twitter_card":"default","twitter_image_type":"default","twitter_image_url":null,"twitter_image_custom_url":null,"twitter_image_custom_fields":null,"twitter_title":null,"twitter_description":null,"schema":{"blockGraphs":[],"customGraphs":[],"default":{"data":{"Article":[],"Course":[],"Dataset":[],"FAQPage":[],"Movie":[],"Person":[],"Product":[],"ProductReview":[],"Car":[],"Recipe":[],"Service":[],"SoftwareApplication":[],"WebPage":[]},"graphName":"","isEnabled":true},"graphs":[],"defaultGraph":"","defaultPostTypeGraph":""},"schema_type":null,"schema_type_options":null,"pillar_content":false,"robots_default":true,"robots_noindex":false,"robots_noarchive":false,"robots_nosnippet":false,"robots_nofollow":false,"robots_noimageindex":false,"robots_noodp":false,"robots_notranslate":false,"robots_max_snippet":null,"robots_max_videopreview":null,"robots_max_imagepreview":"none","priority":null,"frequency":null,"local_seo":null,"seo_analyzer_scan_date":"2026-06-02 07:05:09","breadcrumb_settings":null,"limit_modified_date":false,"open_ai":null,"ai":null,"created":"2020-11-14 22:54:27","updated":"2026-06-02 07:05:09","focus_keyword":null,"additional_keywords":null,"truseo_locale":null},"aioseo_breadcrumb":"<div class=\"aioseo-breadcrumbs\"><span class=\"aioseo-breadcrumb\">\n\t<a href=\"https:\/\/www.eldigitaldeasturias.com\/noticias\" title=\"Home\">Home<\/a>\n<\/span><span class=\"aioseo-breadcrumb-separator\">\u2013<\/span><span class=\"aioseo-breadcrumb\">\n\t<a href=\"https:\/\/www.eldigitaldeasturias.com\/noticias\/category\/actualidad\/\" title=\"Actualidad\">Actualidad<\/a>\n<\/span><span class=\"aioseo-breadcrumb-separator\">\u2013<\/span><span class=\"aioseo-breadcrumb\">\n\t<a href=\"https:\/\/www.eldigitaldeasturias.com\/noticias\/exministros-colombianos-declararan-por-la-retoma-militar-del-palacio-de-justicia\/\" title=\"Exministros colombianos declarar\u00e1n por la retoma militar del Palacio de Justicia\">Exministros colombianos declarar\u00e1n por la retoma militar del Palacio de Justicia<\/a>\n<\/span><\/div>","aioseo_breadcrumb_json":[{"label":"Home","link":"https:\/\/www.eldigitaldeasturias.com\/noticias"},{"label":"Actualidad","link":"https:\/\/www.eldigitaldeasturias.com\/noticias\/category\/actualidad\/"},{"label":"Exministros colombianos declarar\u00e1n por la retoma militar del Palacio de Justicia","link":"https:\/\/www.eldigitaldeasturias.com\/noticias\/exministros-colombianos-declararan-por-la-retoma-militar-del-palacio-de-justicia\/"}],"_links":{"self":[{"href":"https:\/\/www.eldigitaldeasturias.com\/noticias\/wp-json\/wp\/v2\/posts\/481539","targetHints":{"allow":["GET"]}}],"collection":[{"href":"https:\/\/www.eldigitaldeasturias.com\/noticias\/wp-json\/wp\/v2\/posts"}],"about":[{"href":"https:\/\/www.eldigitaldeasturias.com\/noticias\/wp-json\/wp\/v2\/types\/post"}],"author":[{"embeddable":true,"href":"https:\/\/www.eldigitaldeasturias.com\/noticias\/wp-json\/wp\/v2\/users\/1"}],"replies":[{"embeddable":true,"href":"https:\/\/www.eldigitaldeasturias.com\/noticias\/wp-json\/wp\/v2\/comments?post=481539"}],"version-history":[{"count":0,"href":"https:\/\/www.eldigitaldeasturias.com\/noticias\/wp-json\/wp\/v2\/posts\/481539\/revisions"}],"wp:attachment":[{"href":"https:\/\/www.eldigitaldeasturias.com\/noticias\/wp-json\/wp\/v2\/media?parent=481539"}],"wp:term":[{"taxonomy":"category","embeddable":true,"href":"https:\/\/www.eldigitaldeasturias.com\/noticias\/wp-json\/wp\/v2\/categories?post=481539"},{"taxonomy":"post_tag","embeddable":true,"href":"https:\/\/www.eldigitaldeasturias.com\/noticias\/wp-json\/wp\/v2\/tags?post=481539"}],"curies":[{"name":"wp","href":"https:\/\/api.w.org\/{rel}","templated":true}]}}