{"id":481534,"date":"2014-02-01T01:39:31","date_gmt":"2014-02-01T02:39:31","guid":{"rendered":"http:\/\/www.eldigitaldeasturias.com\/noticias\/?p=481534"},"modified":"2014-02-01T01:39:31","modified_gmt":"2014-02-01T02:39:31","slug":"diego-oliver-senderos-y-canales-protagonistas-en-el-cierre-del-mercado","status":"publish","type":"post","link":"https:\/\/www.eldigitaldeasturias.com\/noticias\/diego-oliver-senderos-y-canales-protagonistas-en-el-cierre-del-mercado\/","title":{"rendered":"Diego, \u00d3liver, Senderos y Canales; protagonistas en el cierre del mercado"},"content":{"rendered":"<p><img loading=\"lazy\" decoding=\"async\" class=\"alignleft size-medium wp-image-481535\" alt=\"5898921w\" src=\"https:\/\/www.eldigitaldeasturias.com\/noticias\/wp-content\/uploads\/2014\/02\/5898921w-360x280.jpg\" width=\"360\" height=\"280\" \/>Madrid, 31 ene (EFE).- Fren\u00e9tica ha sido la actividad en el d\u00eda del cierre del mercado de invierno de la Liga BBVA con operaciones que han implicado a nombres importantes y movimientos inesperados cocinados en las \u00faltimas veinticuatro horas.<\/p>\n<p>Uno de los equipos que m\u00e1s ha trabajado en la recta final ha sido el Atl\u00e9tico de Madrid, que ha conseguido traer de vuelta como traspasado al brasile\u00f1o Diego Ribas, hasta ahora en las filas del Wolfsburgo. El fichaje se une al ya conocido de Jos\u00e9 Sosa e implica la salida a pr\u00e9stamo de otros dos futbolistas.<\/p>\n<p>Uno es \u00d3liver Torres, que se marcha al Villarreal. El otro Josuha Guilavogui, que toma por unos meses el camino de vuelta hacia el Saint-\u00c9tienne con el objetivo de disputar el Mundial vistiendo la el\u00e1stica de Francia. Con antelaci\u00f3n tambi\u00e9n hizo las maletas Leo Baptistao rumbo al Betis.<\/p>\n<p>Las ganas de disputar en verano la cita de Brasil son las mismas que podr\u00edan animar a \u00c9ver Banega a viajar a su argentina natal para firmar por Newell&#8217;s Old Boys, si bien su salida no se ha concretado a\u00fan de forma oficial. Adem\u00e1s se ha ido en el \u00faltimo aliento Sergio Canales para militar en la Real Sociedad. Ruta contraria han seguido Philippe Senderos, procedente del Fulham, y Vinicius Araujo, que llega del Cruzeiro.<\/p>\n<p>En el apartado de altas tambi\u00e9n se cuentan la del central Rub\u00e9n Vezo (Vitoria de Set\u00fabal), la del centrocampista Seydou Keita (Dalian Aerbin) y la del atacante Eduardo Vargas (N\u00e1poles). No siguen hasta el cierre de la campa\u00f1a los prestados Adil Rami (Mil\u00e1n), H\u00e9lder Postiga (Lazio), Dorlan Pab\u00f3n (Sao Paulo) y Andr\u00e9s Guardado (Bayer Leverkusen).<\/p>\n<p>\u00daltimas horas activas tambi\u00e9n ha tenido el Celta, que lleva a Vigo como cedido al delantero brasile\u00f1o Welliton, procedente del Spartak. Le acompa\u00f1a en su aventura \u00cd\u00f1igo L\u00f3pez, que vestir\u00e1 de celeste hasta verano. En cuanto a las bajas, T\u00fa\u00f1ez y Vila abandonan la disciplina gallega para enrolarse en el Beitar Jerusal\u00e9n. Lo mismo hacen Samuel (Alav\u00e9s), Bellv\u00eds (Ponferradina) y David Rodr\u00edguez (Brighton).<\/p>\n<p>Al igual que el Celta, un punta ha incorporado el Rayo. Se trata del italiano Samuele Longo, ex del Espanyol. Retorna tambi\u00e9n a la pen\u00ednsula durante unos meses Rub\u00e9n Rochina (Blackburn). No sigue Rodri, que rescindi\u00f3 su contrato.<\/p>\n<p>Hoy se ha confirmado asimismo el aterrizaje en M\u00e1laga de los delanteros Ezequiel Rescaldani (V\u00e9lez Sarsfield) y Oleksandr Yakovenko (Fiorentina). El conjunto andaluz les incorpora junto a Pablo P\u00e9rez (Newell&#8217;s) y Amrabat (Galatasaray). No les acompa\u00f1ar\u00e1n Anderson y Chen, que defender\u00e1n los colores del Zulte Waregem.<\/p>\n<p>Al l\u00edmite se ha confirmado otra noticia, que Jeffr\u00e9n se desenvolver\u00e1 hasta final de temporada en el Valladolid procedente del Sporting de Portugal. Tambi\u00e9n de Lisboa, en este caso desde el Benfica, llega cedido Stefan Mitrovic.<\/p>\n<p>Por su parte al Levante han llegado varios futbolistas en los d\u00edas finales. Son los casos de Mohamed Sissoko y V\u00edctor Casades\u00fas (Mallorca), que siguen los pasos que antes dio Nagore (Alcorc\u00f3n). Salen Lell, Gomis y Nong. Los dos primeros rescindieron su contrato, el tercero intentar\u00e1 destacar en el Recreativo de Huelva.<\/p>\n<p>Sin abandonar la comunidad valenciana; es rostro nuevo del Villarreal junto a \u00d3liver el ex futbolista del Barcelona B Joan Rom\u00e1n. Asimismo el Elche ha pagado para hacerse con los servicios de Garry Mendes (Levski Sof\u00eda) y ha dicho adi\u00f3s a Diego Rivas (Tenerife), Stevanovic (Alav\u00e9s cedido por el Sevilla), Generelo (Mallorca) y Marc Mart\u00ednez (Deportivo).<\/p>\n<p>En Sevilla, novedades dentro de los dos clubes de la capital hispalense. Adem\u00e1s de Baptistao, el Betis intentar\u00e1 la salvaci\u00f3n con nombres como el ex guardameta del Real Madrid Ad\u00e1n o el senegal\u00e9s del Sunderland N&#8217;Diaye mientras que se van Stephan Andersen al Go Ahead Eagles, Xavi Torres y Steinhofer.<\/p>\n<p>Su m\u00e1ximo rival, el Sevilla, ha hecho ficha con el primer equipo a Alberto Moreno mientras que ha abierto la puerta a Rusescu (Braga), Maduro (PAOK), Rabello (Deportivo), \u00c1lex Rubio (Omonia) y Juli\u00e1n, que viaja al Almer\u00eda.<\/p>\n<p>Este \u00faltimo ocupar\u00e1 el lugar del portero Ustari, que defender\u00e1 el arco del Sunderland. Le imitan Pellerano (Tijuana), Ra\u00fal Garc\u00eda (Alav\u00e9s) y Cristian Fern\u00e1ndez. Ocupan sus puestos en el vestuario Man\u00e9, lateral que vuelve a la Liga tras quedar libre, y Hans Mart\u00ednez, del Universidad de Chile.<\/p>\n<p>Otro que renueva su flota es el Osasuna, donde ya son rojillos Cristian Lobato (Barcelona B) y Acu\u00f1a (Udinese). No pueden decir lo mismo Ariel N\u00fa\u00f1ez, que retorna al Libertad, y Echaide, que hasta final de campa\u00f1a ir\u00e1 al H\u00e9rcules.<\/p>\n<p>Entre los que menos han modificado su plantilla se encuentran el Getafe, el Granada y el Espanyol. Los madrile\u00f1os se hacen con Jorge Sammir (Dinamo Zagreb) y los andaluces con Tiago Ilori (Liverpool) y Edenilson (Corinthians).<\/p>\n<p>Estos tambi\u00e9n han confirmado salidas. Lopo deja el Getafe para irse al Deportivo. El Espanyol lleva a Tejera cedido al Alav\u00e9s mientras que Thievy defender\u00e1 los intereses del West Bromwich y Clerc probar\u00e1 en el Sabadell. En el Granada salen Hassan Yebda (Udinese) y Mat\u00edas Campos (Uni\u00f3n Espa\u00f1ola).<\/p>\n<p>Por \u00faltimo est\u00e1n los que apenas presentan cambios. Son los casos de la Real Sociedad, que adem\u00e1s del fichaje de Canales cede a Cadamuro (Mallorca); del Athletic, que recupera a \u00cd\u00f1igo P\u00e9rez y del Real Madrid y el Barcelona, que se quedan como estaban.<\/p>\n","protected":false},"excerpt":{"rendered":"<p>Madrid, 31 ene (EFE).- Fren\u00e9tica ha sido la actividad en el d\u00eda del cierre del mercado de invierno de la Liga BBVA con operaciones que han implicado a nombres importantes y movimientos inesperados cocinados en las \u00faltimas veinticuatro horas. Uno de los equipos que m\u00e1s ha trabajado en la recta final ha sido el Atl\u00e9tico [&hellip;]<\/p>\n","protected":false},"author":1,"featured_media":481535,"comment_status":"closed","ping_status":"open","sticky":false,"template":"","format":"standard","meta":{"footnotes":""},"categories":[1],"tags":[],"class_list":["post-481534","post","type-post","status-publish","format-standard","has-post-thumbnail","hentry","category-actualidad"],"aioseo_notices":[],"aioseo_head":"\n\t\t<!-- All in One SEO Pro 5.0.1 - aioseo.com -->\n\t<meta name=\"description\" content=\"Madrid, 31 ene (EFE).- Fren\u00e9tica ha sido la actividad en el d\u00eda del cierre del mercado de invierno de la Liga BBVA con operaciones que han implicado a nombres importantes y movimientos inesperados cocinados en las \u00faltimas veinticuatro horas. Uno de los equipos que m\u00e1s ha trabajado en la recta final ha sido el Atl\u00e9tico\" \/>\n\t<meta name=\"robots\" content=\"max-image-preview:large\" \/>\n\t<meta name=\"author\" content=\"El Digital de Asturias\"\/>\n\t<meta name=\"google-site-verification\" content=\"UA-38556648-1\" \/>\n\t<meta name=\"msvalidate.01\" content=\"7dfe9f3f1b24437ab69f4f2559babe99\" \/>\n\t<meta name=\"keywords\" content=\"actualidad\" \/>\n\t<link rel=\"canonical\" href=\"https:\/\/www.eldigitaldeasturias.com\/noticias\/diego-oliver-senderos-y-canales-protagonistas-en-el-cierre-del-mercado\/\" \/>\n\t<meta name=\"generator\" content=\"All in One SEO Pro (AIOSEO) 5.0.1\" \/>\n\t\t<meta property=\"og:locale\" content=\"es_ES\" \/>\n\t\t<meta property=\"og:site_name\" content=\"El Digital de Asturias\" \/>\n\t\t<meta property=\"og:type\" content=\"article\" \/>\n\t\t<meta property=\"og:title\" content=\"Diego, \u00d3liver, Senderos y Canales; protagonistas en el cierre del mercado - El Digital de Asturias\" \/>\n\t\t<meta property=\"og:description\" content=\"Madrid, 31 ene (EFE).- Fren\u00e9tica ha sido la actividad en el d\u00eda del cierre del mercado de invierno de la Liga BBVA con operaciones que han implicado a nombres importantes y movimientos inesperados cocinados en las \u00faltimas veinticuatro horas. Uno de los equipos que m\u00e1s ha trabajado en la recta final ha sido el Atl\u00e9tico\" \/>\n\t\t<meta property=\"og:url\" content=\"https:\/\/www.eldigitaldeasturias.com\/noticias\/diego-oliver-senderos-y-canales-protagonistas-en-el-cierre-del-mercado\/\" \/>\n\t\t<meta property=\"article:tag\" content=\"actualidad\" \/>\n\t\t<meta property=\"article:published_time\" content=\"2014-02-01T02:39:31+00:00\" \/>\n\t\t<meta property=\"article:modified_time\" content=\"2014-02-01T02:39:31+00:00\" \/>\n\t\t<meta property=\"article:publisher\" content=\"https:\/\/facebook.com\/eldigitaldeasturias\" \/>\n\t\t<meta name=\"twitter:card\" content=\"summary_large_image\" \/>\n\t\t<meta name=\"twitter:title\" content=\"Diego, \u00d3liver, Senderos y Canales; protagonistas en el cierre del mercado - El Digital de Asturias\" \/>\n\t\t<meta name=\"twitter:description\" content=\"Madrid, 31 ene (EFE).- Fren\u00e9tica ha sido la actividad en el d\u00eda del cierre del mercado de invierno de la Liga BBVA con operaciones que han implicado a nombres importantes y movimientos inesperados cocinados en las \u00faltimas veinticuatro horas. Uno de los equipos que m\u00e1s ha trabajado en la recta final ha sido el Atl\u00e9tico\" \/>\n\t\t<meta name=\"twitter:label1\" content=\"Escrito por\" \/>\n\t\t<meta name=\"twitter:data1\" content=\"El Digital de Asturias\" \/>\n\t\t<meta name=\"twitter:label2\" content=\"Tiempo de lectura estimado\" \/>\n\t\t<meta name=\"twitter:data2\" content=\"5 minutos\" \/>\n\t\t<script type=\"application\/ld+json\" class=\"aioseo-schema\">\n\t\t\t{\"@context\":\"https:\\\/\\\/schema.org\",\"@graph\":[{\"@type\":\"BlogPosting\",\"@id\":\"https:\\\/\\\/www.eldigitaldeasturias.com\\\/noticias\\\/diego-oliver-senderos-y-canales-protagonistas-en-el-cierre-del-mercado\\\/#blogposting\",\"name\":\"Diego, \\u00d3liver, Senderos y Canales; protagonistas en el cierre del mercado - El Digital de Asturias\",\"headline\":\"Diego, \\u00d3liver, Senderos y Canales; protagonistas en el cierre del mercado\",\"author\":{\"@id\":\"https:\\\/\\\/www.eldigitaldeasturias.com\\\/noticias\\\/author\\\/admin\\\/#author\"},\"publisher\":{\"@id\":\"https:\\\/\\\/www.eldigitaldeasturias.com\\\/noticias\\\/#organization\"},\"image\":{\"@type\":\"ImageObject\",\"url\":481535},\"datePublished\":\"2014-02-01T01:39:31+01:00\",\"dateModified\":\"2014-02-01T01:39:31+01:00\",\"inLanguage\":\"es-ES\",\"mainEntityOfPage\":{\"@id\":\"https:\\\/\\\/www.eldigitaldeasturias.com\\\/noticias\\\/diego-oliver-senderos-y-canales-protagonistas-en-el-cierre-del-mercado\\\/#webpage\"},\"isPartOf\":{\"@id\":\"https:\\\/\\\/www.eldigitaldeasturias.com\\\/noticias\\\/diego-oliver-senderos-y-canales-protagonistas-en-el-cierre-del-mercado\\\/#webpage\"},\"articleSection\":\"Actualidad\"},{\"@type\":\"BreadcrumbList\",\"@id\":\"https:\\\/\\\/www.eldigitaldeasturias.com\\\/noticias\\\/diego-oliver-senderos-y-canales-protagonistas-en-el-cierre-del-mercado\\\/#breadcrumblist\",\"itemListElement\":[{\"@type\":\"ListItem\",\"@id\":\"https:\\\/\\\/www.eldigitaldeasturias.com\\\/noticias#listItem\",\"position\":1,\"name\":\"Home\",\"item\":\"https:\\\/\\\/www.eldigitaldeasturias.com\\\/noticias\",\"nextItem\":{\"@type\":\"ListItem\",\"@id\":\"https:\\\/\\\/www.eldigitaldeasturias.com\\\/noticias\\\/category\\\/actualidad\\\/#listItem\",\"name\":\"Actualidad\"}},{\"@type\":\"ListItem\",\"@id\":\"https:\\\/\\\/www.eldigitaldeasturias.com\\\/noticias\\\/category\\\/actualidad\\\/#listItem\",\"position\":2,\"name\":\"Actualidad\",\"item\":\"https:\\\/\\\/www.eldigitaldeasturias.com\\\/noticias\\\/category\\\/actualidad\\\/\",\"nextItem\":{\"@type\":\"ListItem\",\"@id\":\"https:\\\/\\\/www.eldigitaldeasturias.com\\\/noticias\\\/diego-oliver-senderos-y-canales-protagonistas-en-el-cierre-del-mercado\\\/#listItem\",\"name\":\"Diego, \\u00d3liver, Senderos y Canales; protagonistas en el cierre del mercado\"},\"previousItem\":{\"@type\":\"ListItem\",\"@id\":\"https:\\\/\\\/www.eldigitaldeasturias.com\\\/noticias#listItem\",\"name\":\"Home\"}},{\"@type\":\"ListItem\",\"@id\":\"https:\\\/\\\/www.eldigitaldeasturias.com\\\/noticias\\\/diego-oliver-senderos-y-canales-protagonistas-en-el-cierre-del-mercado\\\/#listItem\",\"position\":3,\"name\":\"Diego, \\u00d3liver, Senderos y Canales; protagonistas en el cierre del mercado\",\"previousItem\":{\"@type\":\"ListItem\",\"@id\":\"https:\\\/\\\/www.eldigitaldeasturias.com\\\/noticias\\\/category\\\/actualidad\\\/#listItem\",\"name\":\"Actualidad\"}}]},{\"@type\":\"Organization\",\"@id\":\"https:\\\/\\\/www.eldigitaldeasturias.com\\\/noticias\\\/#organization\",\"name\":\"El Digital de Asturias\",\"description\":\"Hemeroteca\",\"url\":\"https:\\\/\\\/www.eldigitaldeasturias.com\\\/noticias\\\/\",\"email\":\"info@eldigitaldeasturias.com\",\"telephone\":\"+34652131393\",\"logo\":{\"@type\":\"ImageObject\",\"url\":\"https:\\\/\\\/www.eldigitaldeasturias.com\\\/noticias\\\/wp-content\\\/uploads\\\/2020\\\/12\\\/EDA.jpg\",\"@id\":\"https:\\\/\\\/www.eldigitaldeasturias.com\\\/noticias\\\/diego-oliver-senderos-y-canales-protagonistas-en-el-cierre-del-mercado\\\/#organizationLogo\"},\"image\":{\"@id\":\"https:\\\/\\\/www.eldigitaldeasturias.com\\\/noticias\\\/diego-oliver-senderos-y-canales-protagonistas-en-el-cierre-del-mercado\\\/#organizationLogo\"},\"sameAs\":[\"https:\\\/\\\/facebook.com\\\/eldigitaldeasturias\",\"https:\\\/\\\/www.youtube.com\\\/channel\\\/UCZP-2wLEB9Rv6erhFmqVnvg\"],\"address\":{\"@id\":\"https:\\\/\\\/www.eldigitaldeasturias.com\\\/noticias\\\/#postaladdress\",\"@type\":\"PostalAddress\",\"streetAddress\":\"san antonio 4\",\"postalCode\":\"33430\",\"addressLocality\":\"Cand\\u00e1s\",\"addressRegion\":\"Asturias\",\"addressCountry\":\"ES\"}},{\"@type\":\"Person\",\"@id\":\"https:\\\/\\\/www.eldigitaldeasturias.com\\\/noticias\\\/author\\\/admin\\\/#author\",\"url\":\"https:\\\/\\\/www.eldigitaldeasturias.com\\\/noticias\\\/author\\\/admin\\\/\",\"name\":\"El Digital de Asturias\",\"image\":{\"@type\":\"ImageObject\",\"@id\":\"https:\\\/\\\/www.eldigitaldeasturias.com\\\/noticias\\\/diego-oliver-senderos-y-canales-protagonistas-en-el-cierre-del-mercado\\\/#authorImage\",\"url\":\"https:\\\/\\\/secure.gravatar.com\\\/avatar\\\/df2aeffc32bcd13f8d26072ef8a91b623d677766deac7f97ca815868cd41bf5e?s=96&d=mm&r=g\",\"width\":96,\"height\":96,\"caption\":\"El Digital de Asturias\"}},{\"@type\":\"WebPage\",\"@id\":\"https:\\\/\\\/www.eldigitaldeasturias.com\\\/noticias\\\/diego-oliver-senderos-y-canales-protagonistas-en-el-cierre-del-mercado\\\/#webpage\",\"url\":\"https:\\\/\\\/www.eldigitaldeasturias.com\\\/noticias\\\/diego-oliver-senderos-y-canales-protagonistas-en-el-cierre-del-mercado\\\/\",\"name\":\"Diego, \\u00d3liver, Senderos y Canales; protagonistas en el cierre del mercado - El Digital de Asturias\",\"description\":\"Madrid, 31 ene (EFE).- Fren\\u00e9tica ha sido la actividad en el d\\u00eda del cierre del mercado de invierno de la Liga BBVA con operaciones que han implicado a nombres importantes y movimientos inesperados cocinados en las \\u00faltimas veinticuatro horas. Uno de los equipos que m\\u00e1s ha trabajado en la recta final ha sido el Atl\\u00e9tico\",\"inLanguage\":\"es-ES\",\"isPartOf\":{\"@id\":\"https:\\\/\\\/www.eldigitaldeasturias.com\\\/noticias\\\/#website\"},\"breadcrumb\":{\"@id\":\"https:\\\/\\\/www.eldigitaldeasturias.com\\\/noticias\\\/diego-oliver-senderos-y-canales-protagonistas-en-el-cierre-del-mercado\\\/#breadcrumblist\"},\"author\":{\"@id\":\"https:\\\/\\\/www.eldigitaldeasturias.com\\\/noticias\\\/author\\\/admin\\\/#author\"},\"creator\":{\"@id\":\"https:\\\/\\\/www.eldigitaldeasturias.com\\\/noticias\\\/author\\\/admin\\\/#author\"},\"image\":{\"@type\":\"ImageObject\",\"url\":481535,\"@id\":\"https:\\\/\\\/www.eldigitaldeasturias.com\\\/noticias\\\/diego-oliver-senderos-y-canales-protagonistas-en-el-cierre-del-mercado\\\/#mainImage\"},\"primaryImageOfPage\":{\"@id\":\"https:\\\/\\\/www.eldigitaldeasturias.com\\\/noticias\\\/diego-oliver-senderos-y-canales-protagonistas-en-el-cierre-del-mercado\\\/#mainImage\"},\"datePublished\":\"2014-02-01T01:39:31+01:00\",\"dateModified\":\"2014-02-01T01:39:31+01:00\"},{\"@type\":\"WebSite\",\"@id\":\"https:\\\/\\\/www.eldigitaldeasturias.com\\\/noticias\\\/#website\",\"url\":\"https:\\\/\\\/www.eldigitaldeasturias.com\\\/noticias\\\/\",\"name\":\"El Digital de Asturias - Diario de actualidad y noticias\",\"alternateName\":\"El Digital de Asturias - Diario de actualidad y noticias\",\"description\":\"Hemeroteca\",\"inLanguage\":\"es-ES\",\"publisher\":{\"@id\":\"https:\\\/\\\/www.eldigitaldeasturias.com\\\/noticias\\\/#organization\"}}]}\n\t\t<\/script>\n\t\t<!-- All in One SEO Pro -->\r\n\t\t<title>Diego, \u00d3liver, Senderos y Canales; protagonistas en el cierre del mercado - El Digital de Asturias<\/title>\n\n","aioseo_head_json":{"title":"Diego, \u00d3liver, Senderos y Canales; protagonistas en el cierre del mercado - El Digital de Asturias","description":"Madrid, 31 ene (EFE).- Fren\u00e9tica ha sido la actividad en el d\u00eda del cierre del mercado de invierno de la Liga BBVA con operaciones que han implicado a nombres importantes y movimientos inesperados cocinados en las \u00faltimas veinticuatro horas. Uno de los equipos que m\u00e1s ha trabajado en la recta final ha sido el Atl\u00e9tico","canonical_url":"https:\/\/www.eldigitaldeasturias.com\/noticias\/diego-oliver-senderos-y-canales-protagonistas-en-el-cierre-del-mercado\/","robots":"max-image-preview:large","keywords":"actualidad","webmasterTools":{"google-site-verification":"UA-38556648-1","msvalidate.01":"7dfe9f3f1b24437ab69f4f2559babe99","miscellaneous":""},"schema":{"@context":"https:\/\/schema.org","@graph":[{"@type":"BlogPosting","@id":"https:\/\/www.eldigitaldeasturias.com\/noticias\/diego-oliver-senderos-y-canales-protagonistas-en-el-cierre-del-mercado\/#blogposting","name":"Diego, \u00d3liver, Senderos y Canales; protagonistas en el cierre del mercado - El Digital de Asturias","headline":"Diego, \u00d3liver, Senderos y Canales; protagonistas en el cierre del mercado","author":{"@id":"https:\/\/www.eldigitaldeasturias.com\/noticias\/author\/admin\/#author"},"publisher":{"@id":"https:\/\/www.eldigitaldeasturias.com\/noticias\/#organization"},"image":{"@type":"ImageObject","url":481535},"datePublished":"2014-02-01T01:39:31+01:00","dateModified":"2014-02-01T01:39:31+01:00","inLanguage":"es-ES","mainEntityOfPage":{"@id":"https:\/\/www.eldigitaldeasturias.com\/noticias\/diego-oliver-senderos-y-canales-protagonistas-en-el-cierre-del-mercado\/#webpage"},"isPartOf":{"@id":"https:\/\/www.eldigitaldeasturias.com\/noticias\/diego-oliver-senderos-y-canales-protagonistas-en-el-cierre-del-mercado\/#webpage"},"articleSection":"Actualidad"},{"@type":"BreadcrumbList","@id":"https:\/\/www.eldigitaldeasturias.com\/noticias\/diego-oliver-senderos-y-canales-protagonistas-en-el-cierre-del-mercado\/#breadcrumblist","itemListElement":[{"@type":"ListItem","@id":"https:\/\/www.eldigitaldeasturias.com\/noticias#listItem","position":1,"name":"Home","item":"https:\/\/www.eldigitaldeasturias.com\/noticias","nextItem":{"@type":"ListItem","@id":"https:\/\/www.eldigitaldeasturias.com\/noticias\/category\/actualidad\/#listItem","name":"Actualidad"}},{"@type":"ListItem","@id":"https:\/\/www.eldigitaldeasturias.com\/noticias\/category\/actualidad\/#listItem","position":2,"name":"Actualidad","item":"https:\/\/www.eldigitaldeasturias.com\/noticias\/category\/actualidad\/","nextItem":{"@type":"ListItem","@id":"https:\/\/www.eldigitaldeasturias.com\/noticias\/diego-oliver-senderos-y-canales-protagonistas-en-el-cierre-del-mercado\/#listItem","name":"Diego, \u00d3liver, Senderos y Canales; protagonistas en el cierre del mercado"},"previousItem":{"@type":"ListItem","@id":"https:\/\/www.eldigitaldeasturias.com\/noticias#listItem","name":"Home"}},{"@type":"ListItem","@id":"https:\/\/www.eldigitaldeasturias.com\/noticias\/diego-oliver-senderos-y-canales-protagonistas-en-el-cierre-del-mercado\/#listItem","position":3,"name":"Diego, \u00d3liver, Senderos y Canales; protagonistas en el cierre del mercado","previousItem":{"@type":"ListItem","@id":"https:\/\/www.eldigitaldeasturias.com\/noticias\/category\/actualidad\/#listItem","name":"Actualidad"}}]},{"@type":"Organization","@id":"https:\/\/www.eldigitaldeasturias.com\/noticias\/#organization","name":"El Digital de Asturias","description":"Hemeroteca","url":"https:\/\/www.eldigitaldeasturias.com\/noticias\/","email":"info@eldigitaldeasturias.com","telephone":"+34652131393","logo":{"@type":"ImageObject","url":"https:\/\/www.eldigitaldeasturias.com\/noticias\/wp-content\/uploads\/2020\/12\/EDA.jpg","@id":"https:\/\/www.eldigitaldeasturias.com\/noticias\/diego-oliver-senderos-y-canales-protagonistas-en-el-cierre-del-mercado\/#organizationLogo"},"image":{"@id":"https:\/\/www.eldigitaldeasturias.com\/noticias\/diego-oliver-senderos-y-canales-protagonistas-en-el-cierre-del-mercado\/#organizationLogo"},"sameAs":["https:\/\/facebook.com\/eldigitaldeasturias","https:\/\/www.youtube.com\/channel\/UCZP-2wLEB9Rv6erhFmqVnvg"],"address":{"@id":"https:\/\/www.eldigitaldeasturias.com\/noticias\/#postaladdress","@type":"PostalAddress","streetAddress":"san antonio 4","postalCode":"33430","addressLocality":"Cand\u00e1s","addressRegion":"Asturias","addressCountry":"ES"}},{"@type":"Person","@id":"https:\/\/www.eldigitaldeasturias.com\/noticias\/author\/admin\/#author","url":"https:\/\/www.eldigitaldeasturias.com\/noticias\/author\/admin\/","name":"El Digital de Asturias","image":{"@type":"ImageObject","@id":"https:\/\/www.eldigitaldeasturias.com\/noticias\/diego-oliver-senderos-y-canales-protagonistas-en-el-cierre-del-mercado\/#authorImage","url":"https:\/\/secure.gravatar.com\/avatar\/df2aeffc32bcd13f8d26072ef8a91b623d677766deac7f97ca815868cd41bf5e?s=96&d=mm&r=g","width":96,"height":96,"caption":"El Digital de Asturias"}},{"@type":"WebPage","@id":"https:\/\/www.eldigitaldeasturias.com\/noticias\/diego-oliver-senderos-y-canales-protagonistas-en-el-cierre-del-mercado\/#webpage","url":"https:\/\/www.eldigitaldeasturias.com\/noticias\/diego-oliver-senderos-y-canales-protagonistas-en-el-cierre-del-mercado\/","name":"Diego, \u00d3liver, Senderos y Canales; protagonistas en el cierre del mercado - El Digital de Asturias","description":"Madrid, 31 ene (EFE).- Fren\u00e9tica ha sido la actividad en el d\u00eda del cierre del mercado de invierno de la Liga BBVA con operaciones que han implicado a nombres importantes y movimientos inesperados cocinados en las \u00faltimas veinticuatro horas. Uno de los equipos que m\u00e1s ha trabajado en la recta final ha sido el Atl\u00e9tico","inLanguage":"es-ES","isPartOf":{"@id":"https:\/\/www.eldigitaldeasturias.com\/noticias\/#website"},"breadcrumb":{"@id":"https:\/\/www.eldigitaldeasturias.com\/noticias\/diego-oliver-senderos-y-canales-protagonistas-en-el-cierre-del-mercado\/#breadcrumblist"},"author":{"@id":"https:\/\/www.eldigitaldeasturias.com\/noticias\/author\/admin\/#author"},"creator":{"@id":"https:\/\/www.eldigitaldeasturias.com\/noticias\/author\/admin\/#author"},"image":{"@type":"ImageObject","url":481535,"@id":"https:\/\/www.eldigitaldeasturias.com\/noticias\/diego-oliver-senderos-y-canales-protagonistas-en-el-cierre-del-mercado\/#mainImage"},"primaryImageOfPage":{"@id":"https:\/\/www.eldigitaldeasturias.com\/noticias\/diego-oliver-senderos-y-canales-protagonistas-en-el-cierre-del-mercado\/#mainImage"},"datePublished":"2014-02-01T01:39:31+01:00","dateModified":"2014-02-01T01:39:31+01:00"},{"@type":"WebSite","@id":"https:\/\/www.eldigitaldeasturias.com\/noticias\/#website","url":"https:\/\/www.eldigitaldeasturias.com\/noticias\/","name":"El Digital de Asturias - Diario de actualidad y noticias","alternateName":"El Digital de Asturias - Diario de actualidad y noticias","description":"Hemeroteca","inLanguage":"es-ES","publisher":{"@id":"https:\/\/www.eldigitaldeasturias.com\/noticias\/#organization"}}]},"og:locale":"es_ES","og:site_name":"El Digital de Asturias","og:type":"article","og:title":"Diego, \u00d3liver, Senderos y Canales; protagonistas en el cierre del mercado - El Digital de Asturias","og:description":"Madrid, 31 ene (EFE).- Fren\u00e9tica ha sido la actividad en el d\u00eda del cierre del mercado de invierno de la Liga BBVA con operaciones que han implicado a nombres importantes y movimientos inesperados cocinados en las \u00faltimas veinticuatro horas. Uno de los equipos que m\u00e1s ha trabajado en la recta final ha sido el Atl\u00e9tico","og:url":"https:\/\/www.eldigitaldeasturias.com\/noticias\/diego-oliver-senderos-y-canales-protagonistas-en-el-cierre-del-mercado\/","article:tag":["actualidad"],"article:published_time":"2014-02-01T02:39:31+00:00","article:modified_time":"2014-02-01T02:39:31+00:00","article:publisher":"https:\/\/facebook.com\/eldigitaldeasturias","twitter:card":"summary_large_image","twitter:title":"Diego, \u00d3liver, Senderos y Canales; protagonistas en el cierre del mercado - El Digital de Asturias","twitter:description":"Madrid, 31 ene (EFE).- Fren\u00e9tica ha sido la actividad en el d\u00eda del cierre del mercado de invierno de la Liga BBVA con operaciones que han implicado a nombres importantes y movimientos inesperados cocinados en las \u00faltimas veinticuatro horas. Uno de los equipos que m\u00e1s ha trabajado en la recta final ha sido el Atl\u00e9tico","twitter:label1":"Escrito por","twitter:data1":"El Digital de Asturias","twitter:label2":"Tiempo de lectura estimado","twitter:data2":"5 minutos"},"aioseo_meta_data":{"post_id":"481534","title":null,"description":null,"keywords":null,"keyphrases":null,"primary_term":null,"canonical_url":null,"og_title":null,"og_description":null,"og_object_type":"default","og_image_type":"default","og_image_url":null,"og_image_width":null,"og_image_height":null,"og_image_custom_url":null,"og_image_custom_fields":null,"og_video":null,"og_custom_url":null,"og_article_section":null,"og_article_tags":null,"twitter_use_og":true,"twitter_card":"default","twitter_image_type":"default","twitter_image_url":null,"twitter_image_custom_url":null,"twitter_image_custom_fields":null,"twitter_title":null,"twitter_description":null,"schema":{"blockGraphs":[],"customGraphs":[],"default":{"data":{"Article":[],"Course":[],"Dataset":[],"FAQPage":[],"Movie":[],"Person":[],"Product":[],"ProductReview":[],"Car":[],"Recipe":[],"Service":[],"SoftwareApplication":[],"WebPage":[]},"graphName":"","isEnabled":true},"graphs":[],"defaultGraph":"","defaultPostTypeGraph":""},"schema_type":null,"schema_type_options":null,"pillar_content":false,"robots_default":true,"robots_noindex":false,"robots_noarchive":false,"robots_nosnippet":false,"robots_nofollow":false,"robots_noimageindex":false,"robots_noodp":false,"robots_notranslate":false,"robots_max_snippet":null,"robots_max_videopreview":null,"robots_max_imagepreview":"none","priority":null,"frequency":null,"local_seo":null,"seo_analyzer_scan_date":"2026-06-02 07:05:06","breadcrumb_settings":null,"limit_modified_date":false,"open_ai":null,"ai":null,"created":"2020-11-14 22:54:27","updated":"2026-06-02 07:05:06","focus_keyword":null,"additional_keywords":null,"truseo_locale":null},"aioseo_breadcrumb":"<div class=\"aioseo-breadcrumbs\"><span class=\"aioseo-breadcrumb\">\n\t<a href=\"https:\/\/www.eldigitaldeasturias.com\/noticias\" title=\"Home\">Home<\/a>\n<\/span><span class=\"aioseo-breadcrumb-separator\">\u2013<\/span><span class=\"aioseo-breadcrumb\">\n\t<a href=\"https:\/\/www.eldigitaldeasturias.com\/noticias\/category\/actualidad\/\" title=\"Actualidad\">Actualidad<\/a>\n<\/span><span class=\"aioseo-breadcrumb-separator\">\u2013<\/span><span class=\"aioseo-breadcrumb\">\n\t<a href=\"https:\/\/www.eldigitaldeasturias.com\/noticias\/diego-oliver-senderos-y-canales-protagonistas-en-el-cierre-del-mercado\/\" title=\"Diego, \u00d3liver, Senderos y Canales; protagonistas en el cierre del mercado\">Diego, \u00d3liver, Senderos y Canales; protagonistas en el cierre del mercado<\/a>\n<\/span><\/div>","aioseo_breadcrumb_json":[{"label":"Home","link":"https:\/\/www.eldigitaldeasturias.com\/noticias"},{"label":"Actualidad","link":"https:\/\/www.eldigitaldeasturias.com\/noticias\/category\/actualidad\/"},{"label":"Diego, \u00d3liver, Senderos y Canales; protagonistas en el cierre del mercado","link":"https:\/\/www.eldigitaldeasturias.com\/noticias\/diego-oliver-senderos-y-canales-protagonistas-en-el-cierre-del-mercado\/"}],"_links":{"self":[{"href":"https:\/\/www.eldigitaldeasturias.com\/noticias\/wp-json\/wp\/v2\/posts\/481534","targetHints":{"allow":["GET"]}}],"collection":[{"href":"https:\/\/www.eldigitaldeasturias.com\/noticias\/wp-json\/wp\/v2\/posts"}],"about":[{"href":"https:\/\/www.eldigitaldeasturias.com\/noticias\/wp-json\/wp\/v2\/types\/post"}],"author":[{"embeddable":true,"href":"https:\/\/www.eldigitaldeasturias.com\/noticias\/wp-json\/wp\/v2\/users\/1"}],"replies":[{"embeddable":true,"href":"https:\/\/www.eldigitaldeasturias.com\/noticias\/wp-json\/wp\/v2\/comments?post=481534"}],"version-history":[{"count":0,"href":"https:\/\/www.eldigitaldeasturias.com\/noticias\/wp-json\/wp\/v2\/posts\/481534\/revisions"}],"wp:attachment":[{"href":"https:\/\/www.eldigitaldeasturias.com\/noticias\/wp-json\/wp\/v2\/media?parent=481534"}],"wp:term":[{"taxonomy":"category","embeddable":true,"href":"https:\/\/www.eldigitaldeasturias.com\/noticias\/wp-json\/wp\/v2\/categories?post=481534"},{"taxonomy":"post_tag","embeddable":true,"href":"https:\/\/www.eldigitaldeasturias.com\/noticias\/wp-json\/wp\/v2\/tags?post=481534"}],"curies":[{"name":"wp","href":"https:\/\/api.w.org\/{rel}","templated":true}]}}