{"id":481498,"date":"2014-01-31T23:56:31","date_gmt":"2014-02-01T00:56:31","guid":{"rendered":"http:\/\/www.eldigitaldeasturias.com\/noticias\/?p=481498"},"modified":"2017-08-28T00:36:34","modified_gmt":"2017-08-28T00:36:34","slug":"rajoy-asegura-con-las-gafas-de-google-que-el-futuro-del-partido-se-ve-muy-bien","status":"publish","type":"post","link":"https:\/\/www.eldigitaldeasturias.com\/noticias\/rajoy-asegura-con-las-gafas-de-google-que-el-futuro-del-partido-se-ve-muy-bien\/","title":{"rendered":"Rajoy asegura, con las gafas de Google, que el futuro del partido \u00abse ve muy bien\u00bb"},"content":{"rendered":"<p>Valladolid, 31 ene (EFE).- El presidente del Gobierno, Mariano Rajoy, ha visitado hoy las instalaciones de la convenci\u00f3n nacional del PP, en las que ha tenido la oportunidad de utilizar unas Google Glass, con las que ha asegurado que el futuro del partido \u00abse ve muy bien\u00bb.<\/p>\n<p>El tambi\u00e9n presidente del PP, que ya prob\u00f3 este dispositivo durante su visita a Washington, ha matizado despu\u00e9s, y a preguntas de los periodistas, que sin las gafas del Google el futuro del PP tambi\u00e9n se ve bien.<\/p>\n<p>La secretaria general de los populares, Mar\u00eda Dolores de Cospedal, ha hecho de gu\u00eda al presidente por el Auditorio Miguel Delibes, en Valladolid, donde el PP celebra este fin de semana su convenci\u00f3n nacional.<\/p>\n<p>Ambos han visitado la exposici\u00f3n fotogr\u00e1fica que repasa la historia del PP, desde los primeros carteles electorales de Alianza Popular hasta el \u00faltimo Comit\u00e9 del Partido y la reciente entrevista del jefe del Gobierno, Mariano Rajoy, con el presidente de EEUU, Barack Obama.<\/p>\n<p>Rajoy y Cospedal han ido par\u00e1ndose y comentando algunas de esas fotograf\u00edas y carteles, entre ellos, en el que aparece Gregorio Ordo\u00f1ez, parlamentario del PP en el Pa\u00eds Vasco asesinado por ETA en 1995.<\/p>\n<p>Tambi\u00e9n han recalado en algunos de los expositores instalados en el auditorio, como el de la Asociaci\u00f3n de Familias y Mujeres del Medio Rural (AFAMMER), donde el presidente ha sido obsequiado con un llavero y un remedio para el catarro.<\/p>\n<p>Rajoy tambi\u00e9n ha tenido ocasi\u00f3n de saludar y cruzar algunas palabras con \u00c1ngela Bachiller, concejal del PP en el Ayuntamiento de Valladolid que hizo historia al convertirse en la primera edil con s\u00edndrome de Down.<\/p>\n","protected":false},"excerpt":{"rendered":"<p>Valladolid, 31 ene (EFE).- El presidente del Gobierno, Mariano Rajoy, ha visitado hoy las instalaciones de la convenci\u00f3n nacional del PP, en las que ha tenido la oportunidad de utilizar unas Google Glass, con las que ha asegurado que el futuro del partido \u00abse ve muy bien\u00bb. El tambi\u00e9n presidente del PP, que ya prob\u00f3 [&hellip;]<\/p>\n","protected":false},"author":1,"featured_media":1132184,"comment_status":"closed","ping_status":"open","sticky":false,"template":"","format":"standard","meta":{"footnotes":""},"categories":[1],"tags":[],"class_list":["post-481498","post","type-post","status-publish","format-standard","has-post-thumbnail","hentry","category-actualidad"],"aioseo_notices":[],"aioseo_head":"\n\t\t<!-- All in One SEO Pro 5.0.1 - aioseo.com -->\n\t<meta name=\"description\" content=\"Valladolid, 31 ene (EFE).- El presidente del Gobierno, Mariano Rajoy, ha visitado hoy las instalaciones de la convenci\u00f3n nacional del PP, en las que ha tenido la oportunidad de utilizar unas Google Glass, con las que ha asegurado que el futuro del partido &quot;se ve muy bien&quot;. El tambi\u00e9n presidente del PP, que ya prob\u00f3\" \/>\n\t<meta name=\"robots\" content=\"max-image-preview:large\" \/>\n\t<meta name=\"author\" content=\"El Digital de Asturias\"\/>\n\t<meta name=\"google-site-verification\" content=\"UA-38556648-1\" \/>\n\t<meta name=\"msvalidate.01\" content=\"7dfe9f3f1b24437ab69f4f2559babe99\" \/>\n\t<meta name=\"keywords\" content=\"actualidad\" \/>\n\t<link rel=\"canonical\" href=\"https:\/\/www.eldigitaldeasturias.com\/noticias\/rajoy-asegura-con-las-gafas-de-google-que-el-futuro-del-partido-se-ve-muy-bien\/\" \/>\n\t<meta name=\"generator\" content=\"All in One SEO Pro (AIOSEO) 5.0.1\" \/>\n\t\t<meta property=\"og:locale\" content=\"es_ES\" \/>\n\t\t<meta property=\"og:site_name\" content=\"El Digital de Asturias\" \/>\n\t\t<meta property=\"og:type\" content=\"article\" \/>\n\t\t<meta property=\"og:title\" content=\"Rajoy asegura, con las gafas de Google, que el futuro del partido \u00abse ve muy bien\u00bb - El Digital de Asturias\" \/>\n\t\t<meta property=\"og:description\" content=\"Valladolid, 31 ene (EFE).- El presidente del Gobierno, Mariano Rajoy, ha visitado hoy las instalaciones de la convenci\u00f3n nacional del PP, en las que ha tenido la oportunidad de utilizar unas Google Glass, con las que ha asegurado que el futuro del partido &quot;se ve muy bien&quot;. El tambi\u00e9n presidente del PP, que ya prob\u00f3\" \/>\n\t\t<meta property=\"og:url\" content=\"https:\/\/www.eldigitaldeasturias.com\/noticias\/rajoy-asegura-con-las-gafas-de-google-que-el-futuro-del-partido-se-ve-muy-bien\/\" \/>\n\t\t<meta property=\"og:image\" content=\"https:\/\/www.eldigitaldeasturias.com\/noticias\/wp-content\/uploads\/2026\/06\/Contenidos.jpg\" \/>\n\t\t<meta property=\"og:image:secure_url\" content=\"https:\/\/www.eldigitaldeasturias.com\/noticias\/wp-content\/uploads\/2026\/06\/Contenidos.jpg\" \/>\n\t\t<meta property=\"og:image:width\" content=\"1265\" \/>\n\t\t<meta property=\"og:image:height\" content=\"697\" \/>\n\t\t<meta property=\"article:tag\" content=\"actualidad\" \/>\n\t\t<meta property=\"article:published_time\" content=\"2014-02-01T00:56:31+00:00\" \/>\n\t\t<meta property=\"article:modified_time\" content=\"2017-08-28T00:36:34+00:00\" \/>\n\t\t<meta property=\"article:publisher\" content=\"https:\/\/facebook.com\/eldigitaldeasturias\" \/>\n\t\t<meta name=\"twitter:card\" content=\"summary_large_image\" \/>\n\t\t<meta name=\"twitter:title\" content=\"Rajoy asegura, con las gafas de Google, que el futuro del partido \u00abse ve muy bien\u00bb - El Digital de Asturias\" \/>\n\t\t<meta name=\"twitter:description\" content=\"Valladolid, 31 ene (EFE).- El presidente del Gobierno, Mariano Rajoy, ha visitado hoy las instalaciones de la convenci\u00f3n nacional del PP, en las que ha tenido la oportunidad de utilizar unas Google Glass, con las que ha asegurado que el futuro del partido &quot;se ve muy bien&quot;. El tambi\u00e9n presidente del PP, que ya prob\u00f3\" \/>\n\t\t<meta name=\"twitter:image\" content=\"https:\/\/www.eldigitaldeasturias.com\/noticias\/wp-content\/uploads\/2026\/06\/Contenidos.jpg\" \/>\n\t\t<meta name=\"twitter:label1\" content=\"Escrito por\" \/>\n\t\t<meta name=\"twitter:data1\" content=\"El Digital de Asturias\" \/>\n\t\t<meta name=\"twitter:label2\" content=\"Tiempo de lectura estimado\" \/>\n\t\t<meta name=\"twitter:data2\" content=\"1 minuto\" \/>\n\t\t<script type=\"application\/ld+json\" class=\"aioseo-schema\">\n\t\t\t{\"@context\":\"https:\\\/\\\/schema.org\",\"@graph\":[{\"@type\":\"BlogPosting\",\"@id\":\"https:\\\/\\\/www.eldigitaldeasturias.com\\\/noticias\\\/rajoy-asegura-con-las-gafas-de-google-que-el-futuro-del-partido-se-ve-muy-bien\\\/#blogposting\",\"name\":\"Rajoy asegura, con las gafas de Google, que el futuro del partido \\u00abse ve muy bien\\u00bb - El Digital de Asturias\",\"headline\":\"Rajoy asegura, con las gafas de Google, que el futuro del partido \\u00abse ve muy bien\\u00bb\",\"author\":{\"@id\":\"https:\\\/\\\/www.eldigitaldeasturias.com\\\/noticias\\\/author\\\/admin\\\/#author\"},\"publisher\":{\"@id\":\"https:\\\/\\\/www.eldigitaldeasturias.com\\\/noticias\\\/#organization\"},\"image\":{\"@type\":\"ImageObject\",\"url\":\"https:\\\/\\\/www.eldigitaldeasturias.com\\\/noticias\\\/wp-content\\\/uploads\\\/2026\\\/06\\\/Contenidos.jpg\",\"width\":1265,\"height\":697,\"caption\":\"Contenidos\"},\"datePublished\":\"2014-01-31T23:56:31+01:00\",\"dateModified\":\"2017-08-28T00:36:34+02:00\",\"inLanguage\":\"es-ES\",\"mainEntityOfPage\":{\"@id\":\"https:\\\/\\\/www.eldigitaldeasturias.com\\\/noticias\\\/rajoy-asegura-con-las-gafas-de-google-que-el-futuro-del-partido-se-ve-muy-bien\\\/#webpage\"},\"isPartOf\":{\"@id\":\"https:\\\/\\\/www.eldigitaldeasturias.com\\\/noticias\\\/rajoy-asegura-con-las-gafas-de-google-que-el-futuro-del-partido-se-ve-muy-bien\\\/#webpage\"},\"articleSection\":\"Actualidad\"},{\"@type\":\"BreadcrumbList\",\"@id\":\"https:\\\/\\\/www.eldigitaldeasturias.com\\\/noticias\\\/rajoy-asegura-con-las-gafas-de-google-que-el-futuro-del-partido-se-ve-muy-bien\\\/#breadcrumblist\",\"itemListElement\":[{\"@type\":\"ListItem\",\"@id\":\"https:\\\/\\\/www.eldigitaldeasturias.com\\\/noticias#listItem\",\"position\":1,\"name\":\"Home\",\"item\":\"https:\\\/\\\/www.eldigitaldeasturias.com\\\/noticias\",\"nextItem\":{\"@type\":\"ListItem\",\"@id\":\"https:\\\/\\\/www.eldigitaldeasturias.com\\\/noticias\\\/category\\\/actualidad\\\/#listItem\",\"name\":\"Actualidad\"}},{\"@type\":\"ListItem\",\"@id\":\"https:\\\/\\\/www.eldigitaldeasturias.com\\\/noticias\\\/category\\\/actualidad\\\/#listItem\",\"position\":2,\"name\":\"Actualidad\",\"item\":\"https:\\\/\\\/www.eldigitaldeasturias.com\\\/noticias\\\/category\\\/actualidad\\\/\",\"nextItem\":{\"@type\":\"ListItem\",\"@id\":\"https:\\\/\\\/www.eldigitaldeasturias.com\\\/noticias\\\/rajoy-asegura-con-las-gafas-de-google-que-el-futuro-del-partido-se-ve-muy-bien\\\/#listItem\",\"name\":\"Rajoy asegura, con las gafas de Google, que el futuro del partido \\u00abse ve muy bien\\u00bb\"},\"previousItem\":{\"@type\":\"ListItem\",\"@id\":\"https:\\\/\\\/www.eldigitaldeasturias.com\\\/noticias#listItem\",\"name\":\"Home\"}},{\"@type\":\"ListItem\",\"@id\":\"https:\\\/\\\/www.eldigitaldeasturias.com\\\/noticias\\\/rajoy-asegura-con-las-gafas-de-google-que-el-futuro-del-partido-se-ve-muy-bien\\\/#listItem\",\"position\":3,\"name\":\"Rajoy asegura, con las gafas de Google, que el futuro del partido \\u00abse ve muy bien\\u00bb\",\"previousItem\":{\"@type\":\"ListItem\",\"@id\":\"https:\\\/\\\/www.eldigitaldeasturias.com\\\/noticias\\\/category\\\/actualidad\\\/#listItem\",\"name\":\"Actualidad\"}}]},{\"@type\":\"Organization\",\"@id\":\"https:\\\/\\\/www.eldigitaldeasturias.com\\\/noticias\\\/#organization\",\"name\":\"El Digital de Asturias\",\"description\":\"Hemeroteca\",\"url\":\"https:\\\/\\\/www.eldigitaldeasturias.com\\\/noticias\\\/\",\"email\":\"info@eldigitaldeasturias.com\",\"telephone\":\"+34652131393\",\"logo\":{\"@type\":\"ImageObject\",\"url\":\"https:\\\/\\\/www.eldigitaldeasturias.com\\\/noticias\\\/wp-content\\\/uploads\\\/2020\\\/12\\\/EDA.jpg\",\"@id\":\"https:\\\/\\\/www.eldigitaldeasturias.com\\\/noticias\\\/rajoy-asegura-con-las-gafas-de-google-que-el-futuro-del-partido-se-ve-muy-bien\\\/#organizationLogo\"},\"image\":{\"@id\":\"https:\\\/\\\/www.eldigitaldeasturias.com\\\/noticias\\\/rajoy-asegura-con-las-gafas-de-google-que-el-futuro-del-partido-se-ve-muy-bien\\\/#organizationLogo\"},\"sameAs\":[\"https:\\\/\\\/facebook.com\\\/eldigitaldeasturias\",\"https:\\\/\\\/www.youtube.com\\\/channel\\\/UCZP-2wLEB9Rv6erhFmqVnvg\"],\"address\":{\"@id\":\"https:\\\/\\\/www.eldigitaldeasturias.com\\\/noticias\\\/#postaladdress\",\"@type\":\"PostalAddress\",\"streetAddress\":\"san antonio 4\",\"postalCode\":\"33430\",\"addressLocality\":\"Cand\\u00e1s\",\"addressRegion\":\"Asturias\",\"addressCountry\":\"ES\"}},{\"@type\":\"Person\",\"@id\":\"https:\\\/\\\/www.eldigitaldeasturias.com\\\/noticias\\\/author\\\/admin\\\/#author\",\"url\":\"https:\\\/\\\/www.eldigitaldeasturias.com\\\/noticias\\\/author\\\/admin\\\/\",\"name\":\"El Digital de Asturias\",\"image\":{\"@type\":\"ImageObject\",\"@id\":\"https:\\\/\\\/www.eldigitaldeasturias.com\\\/noticias\\\/rajoy-asegura-con-las-gafas-de-google-que-el-futuro-del-partido-se-ve-muy-bien\\\/#authorImage\",\"url\":\"https:\\\/\\\/secure.gravatar.com\\\/avatar\\\/df2aeffc32bcd13f8d26072ef8a91b623d677766deac7f97ca815868cd41bf5e?s=96&d=mm&r=g\",\"width\":96,\"height\":96,\"caption\":\"El Digital de Asturias\"}},{\"@type\":\"WebPage\",\"@id\":\"https:\\\/\\\/www.eldigitaldeasturias.com\\\/noticias\\\/rajoy-asegura-con-las-gafas-de-google-que-el-futuro-del-partido-se-ve-muy-bien\\\/#webpage\",\"url\":\"https:\\\/\\\/www.eldigitaldeasturias.com\\\/noticias\\\/rajoy-asegura-con-las-gafas-de-google-que-el-futuro-del-partido-se-ve-muy-bien\\\/\",\"name\":\"Rajoy asegura, con las gafas de Google, que el futuro del partido \\u00abse ve muy bien\\u00bb - El Digital de Asturias\",\"description\":\"Valladolid, 31 ene (EFE).- El presidente del Gobierno, Mariano Rajoy, ha visitado hoy las instalaciones de la convenci\\u00f3n nacional del PP, en las que ha tenido la oportunidad de utilizar unas Google Glass, con las que ha asegurado que el futuro del partido \\\"se ve muy bien\\\". El tambi\\u00e9n presidente del PP, que ya prob\\u00f3\",\"inLanguage\":\"es-ES\",\"isPartOf\":{\"@id\":\"https:\\\/\\\/www.eldigitaldeasturias.com\\\/noticias\\\/#website\"},\"breadcrumb\":{\"@id\":\"https:\\\/\\\/www.eldigitaldeasturias.com\\\/noticias\\\/rajoy-asegura-con-las-gafas-de-google-que-el-futuro-del-partido-se-ve-muy-bien\\\/#breadcrumblist\"},\"author\":{\"@id\":\"https:\\\/\\\/www.eldigitaldeasturias.com\\\/noticias\\\/author\\\/admin\\\/#author\"},\"creator\":{\"@id\":\"https:\\\/\\\/www.eldigitaldeasturias.com\\\/noticias\\\/author\\\/admin\\\/#author\"},\"image\":{\"@type\":\"ImageObject\",\"url\":\"https:\\\/\\\/www.eldigitaldeasturias.com\\\/noticias\\\/wp-content\\\/uploads\\\/2026\\\/06\\\/Contenidos.jpg\",\"@id\":\"https:\\\/\\\/www.eldigitaldeasturias.com\\\/noticias\\\/rajoy-asegura-con-las-gafas-de-google-que-el-futuro-del-partido-se-ve-muy-bien\\\/#mainImage\",\"width\":1265,\"height\":697,\"caption\":\"Contenidos\"},\"primaryImageOfPage\":{\"@id\":\"https:\\\/\\\/www.eldigitaldeasturias.com\\\/noticias\\\/rajoy-asegura-con-las-gafas-de-google-que-el-futuro-del-partido-se-ve-muy-bien\\\/#mainImage\"},\"datePublished\":\"2014-01-31T23:56:31+01:00\",\"dateModified\":\"2017-08-28T00:36:34+02:00\"},{\"@type\":\"WebSite\",\"@id\":\"https:\\\/\\\/www.eldigitaldeasturias.com\\\/noticias\\\/#website\",\"url\":\"https:\\\/\\\/www.eldigitaldeasturias.com\\\/noticias\\\/\",\"name\":\"El Digital de Asturias - Diario de actualidad y noticias\",\"alternateName\":\"El Digital de Asturias - Diario de actualidad y noticias\",\"description\":\"Hemeroteca\",\"inLanguage\":\"es-ES\",\"publisher\":{\"@id\":\"https:\\\/\\\/www.eldigitaldeasturias.com\\\/noticias\\\/#organization\"}}]}\n\t\t<\/script>\n\t\t<!-- All in One SEO Pro -->\r\n\t\t<title>Rajoy asegura, con las gafas de Google, que el futuro del partido \u00abse ve muy bien\u00bb - El Digital de Asturias<\/title>\n\n","aioseo_head_json":{"title":"Rajoy asegura, con las gafas de Google, que el futuro del partido \u00abse ve muy bien\u00bb - El Digital de Asturias","description":"Valladolid, 31 ene (EFE).- El presidente del Gobierno, Mariano Rajoy, ha visitado hoy las instalaciones de la convenci\u00f3n nacional del PP, en las que ha tenido la oportunidad de utilizar unas Google Glass, con las que ha asegurado que el futuro del partido \"se ve muy bien\". El tambi\u00e9n presidente del PP, que ya prob\u00f3","canonical_url":"https:\/\/www.eldigitaldeasturias.com\/noticias\/rajoy-asegura-con-las-gafas-de-google-que-el-futuro-del-partido-se-ve-muy-bien\/","robots":"max-image-preview:large","keywords":"actualidad","webmasterTools":{"google-site-verification":"UA-38556648-1","msvalidate.01":"7dfe9f3f1b24437ab69f4f2559babe99","miscellaneous":""},"schema":{"@context":"https:\/\/schema.org","@graph":[{"@type":"BlogPosting","@id":"https:\/\/www.eldigitaldeasturias.com\/noticias\/rajoy-asegura-con-las-gafas-de-google-que-el-futuro-del-partido-se-ve-muy-bien\/#blogposting","name":"Rajoy asegura, con las gafas de Google, que el futuro del partido \u00abse ve muy bien\u00bb - El Digital de Asturias","headline":"Rajoy asegura, con las gafas de Google, que el futuro del partido \u00abse ve muy bien\u00bb","author":{"@id":"https:\/\/www.eldigitaldeasturias.com\/noticias\/author\/admin\/#author"},"publisher":{"@id":"https:\/\/www.eldigitaldeasturias.com\/noticias\/#organization"},"image":{"@type":"ImageObject","url":"https:\/\/www.eldigitaldeasturias.com\/noticias\/wp-content\/uploads\/2026\/06\/Contenidos.jpg","width":1265,"height":697,"caption":"Contenidos"},"datePublished":"2014-01-31T23:56:31+01:00","dateModified":"2017-08-28T00:36:34+02:00","inLanguage":"es-ES","mainEntityOfPage":{"@id":"https:\/\/www.eldigitaldeasturias.com\/noticias\/rajoy-asegura-con-las-gafas-de-google-que-el-futuro-del-partido-se-ve-muy-bien\/#webpage"},"isPartOf":{"@id":"https:\/\/www.eldigitaldeasturias.com\/noticias\/rajoy-asegura-con-las-gafas-de-google-que-el-futuro-del-partido-se-ve-muy-bien\/#webpage"},"articleSection":"Actualidad"},{"@type":"BreadcrumbList","@id":"https:\/\/www.eldigitaldeasturias.com\/noticias\/rajoy-asegura-con-las-gafas-de-google-que-el-futuro-del-partido-se-ve-muy-bien\/#breadcrumblist","itemListElement":[{"@type":"ListItem","@id":"https:\/\/www.eldigitaldeasturias.com\/noticias#listItem","position":1,"name":"Home","item":"https:\/\/www.eldigitaldeasturias.com\/noticias","nextItem":{"@type":"ListItem","@id":"https:\/\/www.eldigitaldeasturias.com\/noticias\/category\/actualidad\/#listItem","name":"Actualidad"}},{"@type":"ListItem","@id":"https:\/\/www.eldigitaldeasturias.com\/noticias\/category\/actualidad\/#listItem","position":2,"name":"Actualidad","item":"https:\/\/www.eldigitaldeasturias.com\/noticias\/category\/actualidad\/","nextItem":{"@type":"ListItem","@id":"https:\/\/www.eldigitaldeasturias.com\/noticias\/rajoy-asegura-con-las-gafas-de-google-que-el-futuro-del-partido-se-ve-muy-bien\/#listItem","name":"Rajoy asegura, con las gafas de Google, que el futuro del partido \u00abse ve muy bien\u00bb"},"previousItem":{"@type":"ListItem","@id":"https:\/\/www.eldigitaldeasturias.com\/noticias#listItem","name":"Home"}},{"@type":"ListItem","@id":"https:\/\/www.eldigitaldeasturias.com\/noticias\/rajoy-asegura-con-las-gafas-de-google-que-el-futuro-del-partido-se-ve-muy-bien\/#listItem","position":3,"name":"Rajoy asegura, con las gafas de Google, que el futuro del partido \u00abse ve muy bien\u00bb","previousItem":{"@type":"ListItem","@id":"https:\/\/www.eldigitaldeasturias.com\/noticias\/category\/actualidad\/#listItem","name":"Actualidad"}}]},{"@type":"Organization","@id":"https:\/\/www.eldigitaldeasturias.com\/noticias\/#organization","name":"El Digital de Asturias","description":"Hemeroteca","url":"https:\/\/www.eldigitaldeasturias.com\/noticias\/","email":"info@eldigitaldeasturias.com","telephone":"+34652131393","logo":{"@type":"ImageObject","url":"https:\/\/www.eldigitaldeasturias.com\/noticias\/wp-content\/uploads\/2020\/12\/EDA.jpg","@id":"https:\/\/www.eldigitaldeasturias.com\/noticias\/rajoy-asegura-con-las-gafas-de-google-que-el-futuro-del-partido-se-ve-muy-bien\/#organizationLogo"},"image":{"@id":"https:\/\/www.eldigitaldeasturias.com\/noticias\/rajoy-asegura-con-las-gafas-de-google-que-el-futuro-del-partido-se-ve-muy-bien\/#organizationLogo"},"sameAs":["https:\/\/facebook.com\/eldigitaldeasturias","https:\/\/www.youtube.com\/channel\/UCZP-2wLEB9Rv6erhFmqVnvg"],"address":{"@id":"https:\/\/www.eldigitaldeasturias.com\/noticias\/#postaladdress","@type":"PostalAddress","streetAddress":"san antonio 4","postalCode":"33430","addressLocality":"Cand\u00e1s","addressRegion":"Asturias","addressCountry":"ES"}},{"@type":"Person","@id":"https:\/\/www.eldigitaldeasturias.com\/noticias\/author\/admin\/#author","url":"https:\/\/www.eldigitaldeasturias.com\/noticias\/author\/admin\/","name":"El Digital de Asturias","image":{"@type":"ImageObject","@id":"https:\/\/www.eldigitaldeasturias.com\/noticias\/rajoy-asegura-con-las-gafas-de-google-que-el-futuro-del-partido-se-ve-muy-bien\/#authorImage","url":"https:\/\/secure.gravatar.com\/avatar\/df2aeffc32bcd13f8d26072ef8a91b623d677766deac7f97ca815868cd41bf5e?s=96&d=mm&r=g","width":96,"height":96,"caption":"El Digital de Asturias"}},{"@type":"WebPage","@id":"https:\/\/www.eldigitaldeasturias.com\/noticias\/rajoy-asegura-con-las-gafas-de-google-que-el-futuro-del-partido-se-ve-muy-bien\/#webpage","url":"https:\/\/www.eldigitaldeasturias.com\/noticias\/rajoy-asegura-con-las-gafas-de-google-que-el-futuro-del-partido-se-ve-muy-bien\/","name":"Rajoy asegura, con las gafas de Google, que el futuro del partido \u00abse ve muy bien\u00bb - El Digital de Asturias","description":"Valladolid, 31 ene (EFE).- El presidente del Gobierno, Mariano Rajoy, ha visitado hoy las instalaciones de la convenci\u00f3n nacional del PP, en las que ha tenido la oportunidad de utilizar unas Google Glass, con las que ha asegurado que el futuro del partido \"se ve muy bien\". El tambi\u00e9n presidente del PP, que ya prob\u00f3","inLanguage":"es-ES","isPartOf":{"@id":"https:\/\/www.eldigitaldeasturias.com\/noticias\/#website"},"breadcrumb":{"@id":"https:\/\/www.eldigitaldeasturias.com\/noticias\/rajoy-asegura-con-las-gafas-de-google-que-el-futuro-del-partido-se-ve-muy-bien\/#breadcrumblist"},"author":{"@id":"https:\/\/www.eldigitaldeasturias.com\/noticias\/author\/admin\/#author"},"creator":{"@id":"https:\/\/www.eldigitaldeasturias.com\/noticias\/author\/admin\/#author"},"image":{"@type":"ImageObject","url":"https:\/\/www.eldigitaldeasturias.com\/noticias\/wp-content\/uploads\/2026\/06\/Contenidos.jpg","@id":"https:\/\/www.eldigitaldeasturias.com\/noticias\/rajoy-asegura-con-las-gafas-de-google-que-el-futuro-del-partido-se-ve-muy-bien\/#mainImage","width":1265,"height":697,"caption":"Contenidos"},"primaryImageOfPage":{"@id":"https:\/\/www.eldigitaldeasturias.com\/noticias\/rajoy-asegura-con-las-gafas-de-google-que-el-futuro-del-partido-se-ve-muy-bien\/#mainImage"},"datePublished":"2014-01-31T23:56:31+01:00","dateModified":"2017-08-28T00:36:34+02:00"},{"@type":"WebSite","@id":"https:\/\/www.eldigitaldeasturias.com\/noticias\/#website","url":"https:\/\/www.eldigitaldeasturias.com\/noticias\/","name":"El Digital de Asturias - Diario de actualidad y noticias","alternateName":"El Digital de Asturias - Diario de actualidad y noticias","description":"Hemeroteca","inLanguage":"es-ES","publisher":{"@id":"https:\/\/www.eldigitaldeasturias.com\/noticias\/#organization"}}]},"og:locale":"es_ES","og:site_name":"El Digital de Asturias","og:type":"article","og:title":"Rajoy asegura, con las gafas de Google, que el futuro del partido \u00abse ve muy bien\u00bb - El Digital de Asturias","og:description":"Valladolid, 31 ene (EFE).- El presidente del Gobierno, Mariano Rajoy, ha visitado hoy las instalaciones de la convenci\u00f3n nacional del PP, en las que ha tenido la oportunidad de utilizar unas Google Glass, con las que ha asegurado que el futuro del partido &quot;se ve muy bien&quot;. El tambi\u00e9n presidente del PP, que ya prob\u00f3","og:url":"https:\/\/www.eldigitaldeasturias.com\/noticias\/rajoy-asegura-con-las-gafas-de-google-que-el-futuro-del-partido-se-ve-muy-bien\/","og:image":"https:\/\/www.eldigitaldeasturias.com\/noticias\/wp-content\/uploads\/2026\/06\/Contenidos.jpg","og:image:secure_url":"https:\/\/www.eldigitaldeasturias.com\/noticias\/wp-content\/uploads\/2026\/06\/Contenidos.jpg","og:image:width":1265,"og:image:height":697,"article:tag":["actualidad"],"article:published_time":"2014-02-01T00:56:31+00:00","article:modified_time":"2017-08-28T00:36:34+00:00","article:publisher":"https:\/\/facebook.com\/eldigitaldeasturias","twitter:card":"summary_large_image","twitter:title":"Rajoy asegura, con las gafas de Google, que el futuro del partido \u00abse ve muy bien\u00bb - El Digital de Asturias","twitter:description":"Valladolid, 31 ene (EFE).- El presidente del Gobierno, Mariano Rajoy, ha visitado hoy las instalaciones de la convenci\u00f3n nacional del PP, en las que ha tenido la oportunidad de utilizar unas Google Glass, con las que ha asegurado que el futuro del partido &quot;se ve muy bien&quot;. El tambi\u00e9n presidente del PP, que ya prob\u00f3","twitter:image":"https:\/\/www.eldigitaldeasturias.com\/noticias\/wp-content\/uploads\/2026\/06\/Contenidos.jpg","twitter:label1":"Escrito por","twitter:data1":"El Digital de Asturias","twitter:label2":"Tiempo de lectura estimado","twitter:data2":"1 minuto"},"aioseo_meta_data":{"post_id":"481498","title":null,"description":null,"keywords":null,"keyphrases":null,"primary_term":null,"canonical_url":null,"og_title":null,"og_description":null,"og_object_type":"default","og_image_type":"default","og_image_url":null,"og_image_width":null,"og_image_height":null,"og_image_custom_url":null,"og_image_custom_fields":null,"og_video":null,"og_custom_url":null,"og_article_section":null,"og_article_tags":null,"twitter_use_og":true,"twitter_card":"default","twitter_image_type":"default","twitter_image_url":null,"twitter_image_custom_url":null,"twitter_image_custom_fields":null,"twitter_title":null,"twitter_description":null,"schema":{"blockGraphs":[],"customGraphs":[],"default":{"data":{"Article":[],"Course":[],"Dataset":[],"FAQPage":[],"Movie":[],"Person":[],"Product":[],"ProductReview":[],"Car":[],"Recipe":[],"Service":[],"SoftwareApplication":[],"WebPage":[]},"graphName":"","isEnabled":true},"graphs":[],"defaultGraph":"","defaultPostTypeGraph":""},"schema_type":null,"schema_type_options":null,"pillar_content":false,"robots_default":true,"robots_noindex":false,"robots_noarchive":false,"robots_nosnippet":false,"robots_nofollow":false,"robots_noimageindex":false,"robots_noodp":false,"robots_notranslate":false,"robots_max_snippet":null,"robots_max_videopreview":null,"robots_max_imagepreview":"none","priority":null,"frequency":null,"local_seo":null,"seo_analyzer_scan_date":"2026-06-02 06:57:50","breadcrumb_settings":null,"limit_modified_date":false,"open_ai":null,"ai":null,"created":"2020-11-14 22:54:20","updated":"2026-06-02 06:57:50","focus_keyword":null,"additional_keywords":null,"truseo_locale":null},"aioseo_breadcrumb":"<div class=\"aioseo-breadcrumbs\"><span class=\"aioseo-breadcrumb\">\n\t<a href=\"https:\/\/www.eldigitaldeasturias.com\/noticias\" title=\"Home\">Home<\/a>\n<\/span><span class=\"aioseo-breadcrumb-separator\">\u2013<\/span><span class=\"aioseo-breadcrumb\">\n\t<a href=\"https:\/\/www.eldigitaldeasturias.com\/noticias\/category\/actualidad\/\" title=\"Actualidad\">Actualidad<\/a>\n<\/span><span class=\"aioseo-breadcrumb-separator\">\u2013<\/span><span class=\"aioseo-breadcrumb\">\n\t<a href=\"https:\/\/www.eldigitaldeasturias.com\/noticias\/rajoy-asegura-con-las-gafas-de-google-que-el-futuro-del-partido-se-ve-muy-bien\/\" title=\"Rajoy asegura, con las gafas de Google, que el futuro del partido \u00abse ve muy bien\u00bb\">Rajoy asegura, con las gafas de Google, que el futuro del partido \u00abse ve muy bien\u00bb<\/a>\n<\/span><\/div>","aioseo_breadcrumb_json":[{"label":"Home","link":"https:\/\/www.eldigitaldeasturias.com\/noticias"},{"label":"Actualidad","link":"https:\/\/www.eldigitaldeasturias.com\/noticias\/category\/actualidad\/"},{"label":"Rajoy asegura, con las gafas de Google, que el futuro del partido \u00abse ve muy bien\u00bb","link":"https:\/\/www.eldigitaldeasturias.com\/noticias\/rajoy-asegura-con-las-gafas-de-google-que-el-futuro-del-partido-se-ve-muy-bien\/"}],"_links":{"self":[{"href":"https:\/\/www.eldigitaldeasturias.com\/noticias\/wp-json\/wp\/v2\/posts\/481498","targetHints":{"allow":["GET"]}}],"collection":[{"href":"https:\/\/www.eldigitaldeasturias.com\/noticias\/wp-json\/wp\/v2\/posts"}],"about":[{"href":"https:\/\/www.eldigitaldeasturias.com\/noticias\/wp-json\/wp\/v2\/types\/post"}],"author":[{"embeddable":true,"href":"https:\/\/www.eldigitaldeasturias.com\/noticias\/wp-json\/wp\/v2\/users\/1"}],"replies":[{"embeddable":true,"href":"https:\/\/www.eldigitaldeasturias.com\/noticias\/wp-json\/wp\/v2\/comments?post=481498"}],"version-history":[{"count":0,"href":"https:\/\/www.eldigitaldeasturias.com\/noticias\/wp-json\/wp\/v2\/posts\/481498\/revisions"}],"wp:featuredmedia":[{"embeddable":true,"href":"https:\/\/www.eldigitaldeasturias.com\/noticias\/wp-json\/wp\/v2\/media\/1132184"}],"wp:attachment":[{"href":"https:\/\/www.eldigitaldeasturias.com\/noticias\/wp-json\/wp\/v2\/media?parent=481498"}],"wp:term":[{"taxonomy":"category","embeddable":true,"href":"https:\/\/www.eldigitaldeasturias.com\/noticias\/wp-json\/wp\/v2\/categories?post=481498"},{"taxonomy":"post_tag","embeddable":true,"href":"https:\/\/www.eldigitaldeasturias.com\/noticias\/wp-json\/wp\/v2\/tags?post=481498"}],"curies":[{"name":"wp","href":"https:\/\/api.w.org\/{rel}","templated":true}]}}