{"id":481489,"date":"2014-01-31T23:52:35","date_gmt":"2014-02-01T00:52:35","guid":{"rendered":"http:\/\/www.eldigitaldeasturias.com\/noticias\/?p=481489"},"modified":"2014-01-31T23:52:35","modified_gmt":"2014-02-01T00:52:35","slug":"massa-marca-el-mejor-tiempo-y-alonso-es-segundo-en-jerez","status":"publish","type":"post","link":"https:\/\/www.eldigitaldeasturias.com\/noticias\/massa-marca-el-mejor-tiempo-y-alonso-es-segundo-en-jerez\/","title":{"rendered":"Massa marca el mejor tiempo y Alonso es segundo en Jerez"},"content":{"rendered":"<p><img loading=\"lazy\" decoding=\"async\" class=\"alignleft size-medium wp-image-481490\" alt=\"5896520w\" src=\"https:\/\/www.eldigitaldeasturias.com\/noticias\/wp-content\/uploads\/2014\/01\/5896520w-360x192.jpg\" width=\"360\" height=\"192\" \/>Jerez de la Frontera (C\u00e1diz), 31 ene (EFE).- El piloto brasile\u00f1o Felipe Massa (Williams), con 1:28.229, ha logrado el mejor tiempo en la \u00faltima jornada de entrenamientos oficiales de F\u00f3rmula Uno en el Circuito de Jerez, desarrollada hoy, para poner fin a cuatro d\u00edas de ensayos.<\/p>\n<p>El espa\u00f1ol Fernando Alonso (Ferrari) ha acabado en segunda posici\u00f3n, con un crono de 1:29.145, completando un total de 115 vueltas y siendo el piloto que m\u00e1s ha rodado en una \u00fanica jornada durante estos cuatro d\u00edas.<\/p>\n<p>Alonso ya coment\u00f3 ayer en conferencia de prensa que lo importante en la pretemporada es rodar para conocer el coche tras los \u00faltimos cambios obligados por la reglamentaci\u00f3n.<\/p>\n<p>Eso es, precisamente, lo que no ha podido hacer Red Bull, la escuder\u00eda del actual campe\u00f3n del mundo, el alem\u00e1n Sebastian Vettel, que en cuatro d\u00edas no ha encontrado nunca el punto adecuado.<\/p>\n<p>Entre Vettel, que pilot\u00f3 el martes y el mi\u00e9rcoles, y su compa\u00f1ero, el australiano Daniel Ricciardo, al volante ayer y hoy, Red Bull s\u00f3lo ha podido dar 21 vueltas al trazado andaluz.<\/p>\n<p>Destaca tambi\u00e9n comportamiento del espa\u00f1ol Daniel Juncadella, de 22 a\u00f1os, debutante como probador en Force India, que ha sido tercero con 1:29.457 despu\u00e9s de dar 81 vueltas.<\/p>\n<p>Otro debutante esta temporada como piloto oficial es el dan\u00e9s Kevin Magnussen (McLaren), que ayer fue el m\u00e1s r\u00e1pido en pista seca con el mejor crono de los cuatro d\u00edas (1:23.276).<\/p>\n<p>Hoy tambi\u00e9n ha estado marcando en algunas vueltas el mejor tiempo y ha acabado cuarto, con 1:30.806, en una jornada saldada para \u00e9l con una salida de pista y un trompo, de las tres ocasiones que ha habido que mostrar la bandera roja durante el d\u00eda.<\/p>\n<p>El otro afectado ha sido el alem\u00e1n Adrian Sutil (Sauber), con otra salida de pista.<\/p>\n<p>Quinto ha sido el brit\u00e1nico Lewis Hamilton (Mercedes) que ha pilotado por la tarde despu\u00e9s de que su compa\u00f1ero, el alem\u00e1n Nico Rosberg, rodara por la ma\u00f1ana.<\/p>\n<p>Esta escuder\u00eda ha sido la que m\u00e1s vueltas ha acumulado durante estos entrenamientos, con 132 hoy y un total de 309 giros entre las cuatro sesiones.<\/p>\n<p>La lluvia ca\u00edda desde ayer por la noche en Jerez ha mojado el asfalto y por ello los equipos han decidido rodar con compuestos de agua.<\/p>\n<p>&nbsp;<\/p>\n<p>&#8211; Tiempos de hoy:<\/p>\n<p>.1. Felipe Massa (BRA\/Williams) 1:28:229 (86 vueltas).<\/p>\n<p>.2. Fernando Alonso (ESP\/Ferrari) 1:29:145 (115)<\/p>\n<p>.3. Daniel Juncadella (ESP\/Force India) 1:29:457 (81)<\/p>\n<p>.4. Kevin Magnussen (DIN\/McLaren) 1:30:806 (110)<\/p>\n<p>.5. Lewis Hamilton (GBR\/Mercedes) 1:30:822 (41)<\/p>\n<p>.6. Jules Bianchi (FRA\/Marussia) 1:32:222 (25)<\/p>\n<p>.7. Adrian Sutil (GER\/Sauber) 1:36:571 (69)<\/p>\n<p>.8. Nico Rosberg (GER\/Mercedes) 1:36:951 (91)<\/p>\n<p>.9. Kamui Kobayashi (JPN\/Catherham) 1:43:193 (54)<\/p>\n<p>10. Daniil Kvyat (RUS\/Toro Rosso) 1:44:016 (9)<\/p>\n<p>11. Daniel Ricciardo (AUS\/Red Bull) 1:45:374 (7).<\/p>\n","protected":false},"excerpt":{"rendered":"<p>Jerez de la Frontera (C\u00e1diz), 31 ene (EFE).- El piloto brasile\u00f1o Felipe Massa (Williams), con 1:28.229, ha logrado el mejor tiempo en la \u00faltima jornada de entrenamientos oficiales de F\u00f3rmula Uno en el Circuito de Jerez, desarrollada hoy, para poner fin a cuatro d\u00edas de ensayos. El espa\u00f1ol Fernando Alonso (Ferrari) ha acabado en segunda [&hellip;]<\/p>\n","protected":false},"author":1,"featured_media":1132184,"comment_status":"closed","ping_status":"open","sticky":false,"template":"","format":"standard","meta":{"footnotes":""},"categories":[1],"tags":[],"class_list":["post-481489","post","type-post","status-publish","format-standard","has-post-thumbnail","hentry","category-actualidad"],"aioseo_notices":[],"aioseo_head":"\n\t\t<!-- All in One SEO Pro 5.0.1 - aioseo.com -->\n\t<meta name=\"description\" content=\"Jerez de la Frontera (C\u00e1diz), 31 ene (EFE).- El piloto brasile\u00f1o Felipe Massa (Williams), con 1:28.229, ha logrado el mejor tiempo en la \u00faltima jornada de entrenamientos oficiales de F\u00f3rmula Uno en el Circuito de Jerez, desarrollada hoy, para poner fin a cuatro d\u00edas de ensayos. El espa\u00f1ol Fernando Alonso (Ferrari) ha acabado en segunda\" \/>\n\t<meta name=\"robots\" content=\"max-image-preview:large\" \/>\n\t<meta name=\"author\" content=\"El Digital de Asturias\"\/>\n\t<meta name=\"google-site-verification\" content=\"UA-38556648-1\" \/>\n\t<meta name=\"msvalidate.01\" content=\"7dfe9f3f1b24437ab69f4f2559babe99\" \/>\n\t<meta name=\"keywords\" content=\"actualidad\" \/>\n\t<link rel=\"canonical\" href=\"https:\/\/www.eldigitaldeasturias.com\/noticias\/massa-marca-el-mejor-tiempo-y-alonso-es-segundo-en-jerez\/\" \/>\n\t<meta name=\"generator\" content=\"All in One SEO Pro (AIOSEO) 5.0.1\" \/>\n\t\t<meta property=\"og:locale\" content=\"es_ES\" \/>\n\t\t<meta property=\"og:site_name\" content=\"El Digital de Asturias\" \/>\n\t\t<meta property=\"og:type\" content=\"article\" \/>\n\t\t<meta property=\"og:title\" content=\"Massa marca el mejor tiempo y Alonso es segundo en Jerez - El Digital de Asturias\" \/>\n\t\t<meta property=\"og:description\" content=\"Jerez de la Frontera (C\u00e1diz), 31 ene (EFE).- El piloto brasile\u00f1o Felipe Massa (Williams), con 1:28.229, ha logrado el mejor tiempo en la \u00faltima jornada de entrenamientos oficiales de F\u00f3rmula Uno en el Circuito de Jerez, desarrollada hoy, para poner fin a cuatro d\u00edas de ensayos. El espa\u00f1ol Fernando Alonso (Ferrari) ha acabado en segunda\" \/>\n\t\t<meta property=\"og:url\" content=\"https:\/\/www.eldigitaldeasturias.com\/noticias\/massa-marca-el-mejor-tiempo-y-alonso-es-segundo-en-jerez\/\" \/>\n\t\t<meta property=\"og:image\" content=\"https:\/\/www.eldigitaldeasturias.com\/noticias\/wp-content\/uploads\/2026\/06\/Contenidos.jpg\" \/>\n\t\t<meta property=\"og:image:secure_url\" content=\"https:\/\/www.eldigitaldeasturias.com\/noticias\/wp-content\/uploads\/2026\/06\/Contenidos.jpg\" \/>\n\t\t<meta property=\"og:image:width\" content=\"1265\" \/>\n\t\t<meta property=\"og:image:height\" content=\"697\" \/>\n\t\t<meta property=\"article:tag\" content=\"actualidad\" \/>\n\t\t<meta property=\"article:published_time\" content=\"2014-02-01T00:52:35+00:00\" \/>\n\t\t<meta property=\"article:modified_time\" content=\"2014-02-01T00:52:35+00:00\" \/>\n\t\t<meta property=\"article:publisher\" content=\"https:\/\/facebook.com\/eldigitaldeasturias\" \/>\n\t\t<meta name=\"twitter:card\" content=\"summary_large_image\" \/>\n\t\t<meta name=\"twitter:title\" content=\"Massa marca el mejor tiempo y Alonso es segundo en Jerez - El Digital de Asturias\" \/>\n\t\t<meta name=\"twitter:description\" content=\"Jerez de la Frontera (C\u00e1diz), 31 ene (EFE).- El piloto brasile\u00f1o Felipe Massa (Williams), con 1:28.229, ha logrado el mejor tiempo en la \u00faltima jornada de entrenamientos oficiales de F\u00f3rmula Uno en el Circuito de Jerez, desarrollada hoy, para poner fin a cuatro d\u00edas de ensayos. El espa\u00f1ol Fernando Alonso (Ferrari) ha acabado en segunda\" \/>\n\t\t<meta name=\"twitter:image\" content=\"https:\/\/www.eldigitaldeasturias.com\/noticias\/wp-content\/uploads\/2026\/06\/Contenidos.jpg\" \/>\n\t\t<meta name=\"twitter:label1\" content=\"Escrito por\" \/>\n\t\t<meta name=\"twitter:data1\" content=\"El Digital de Asturias\" \/>\n\t\t<meta name=\"twitter:label2\" content=\"Tiempo de lectura estimado\" \/>\n\t\t<meta name=\"twitter:data2\" content=\"2 minutos\" \/>\n\t\t<script type=\"application\/ld+json\" class=\"aioseo-schema\">\n\t\t\t{\"@context\":\"https:\\\/\\\/schema.org\",\"@graph\":[{\"@type\":\"BlogPosting\",\"@id\":\"https:\\\/\\\/www.eldigitaldeasturias.com\\\/noticias\\\/massa-marca-el-mejor-tiempo-y-alonso-es-segundo-en-jerez\\\/#blogposting\",\"name\":\"Massa marca el mejor tiempo y Alonso es segundo en Jerez - El Digital de Asturias\",\"headline\":\"Massa marca el mejor tiempo y Alonso es segundo en Jerez\",\"author\":{\"@id\":\"https:\\\/\\\/www.eldigitaldeasturias.com\\\/noticias\\\/author\\\/admin\\\/#author\"},\"publisher\":{\"@id\":\"https:\\\/\\\/www.eldigitaldeasturias.com\\\/noticias\\\/#organization\"},\"image\":{\"@type\":\"ImageObject\",\"url\":\"https:\\\/\\\/www.eldigitaldeasturias.com\\\/noticias\\\/wp-content\\\/uploads\\\/2026\\\/06\\\/Contenidos.jpg\",\"width\":1265,\"height\":697,\"caption\":\"Contenidos\"},\"datePublished\":\"2014-01-31T23:52:35+01:00\",\"dateModified\":\"2014-01-31T23:52:35+01:00\",\"inLanguage\":\"es-ES\",\"mainEntityOfPage\":{\"@id\":\"https:\\\/\\\/www.eldigitaldeasturias.com\\\/noticias\\\/massa-marca-el-mejor-tiempo-y-alonso-es-segundo-en-jerez\\\/#webpage\"},\"isPartOf\":{\"@id\":\"https:\\\/\\\/www.eldigitaldeasturias.com\\\/noticias\\\/massa-marca-el-mejor-tiempo-y-alonso-es-segundo-en-jerez\\\/#webpage\"},\"articleSection\":\"Actualidad\"},{\"@type\":\"BreadcrumbList\",\"@id\":\"https:\\\/\\\/www.eldigitaldeasturias.com\\\/noticias\\\/massa-marca-el-mejor-tiempo-y-alonso-es-segundo-en-jerez\\\/#breadcrumblist\",\"itemListElement\":[{\"@type\":\"ListItem\",\"@id\":\"https:\\\/\\\/www.eldigitaldeasturias.com\\\/noticias#listItem\",\"position\":1,\"name\":\"Home\",\"item\":\"https:\\\/\\\/www.eldigitaldeasturias.com\\\/noticias\",\"nextItem\":{\"@type\":\"ListItem\",\"@id\":\"https:\\\/\\\/www.eldigitaldeasturias.com\\\/noticias\\\/category\\\/actualidad\\\/#listItem\",\"name\":\"Actualidad\"}},{\"@type\":\"ListItem\",\"@id\":\"https:\\\/\\\/www.eldigitaldeasturias.com\\\/noticias\\\/category\\\/actualidad\\\/#listItem\",\"position\":2,\"name\":\"Actualidad\",\"item\":\"https:\\\/\\\/www.eldigitaldeasturias.com\\\/noticias\\\/category\\\/actualidad\\\/\",\"nextItem\":{\"@type\":\"ListItem\",\"@id\":\"https:\\\/\\\/www.eldigitaldeasturias.com\\\/noticias\\\/massa-marca-el-mejor-tiempo-y-alonso-es-segundo-en-jerez\\\/#listItem\",\"name\":\"Massa marca el mejor tiempo y Alonso es segundo en Jerez\"},\"previousItem\":{\"@type\":\"ListItem\",\"@id\":\"https:\\\/\\\/www.eldigitaldeasturias.com\\\/noticias#listItem\",\"name\":\"Home\"}},{\"@type\":\"ListItem\",\"@id\":\"https:\\\/\\\/www.eldigitaldeasturias.com\\\/noticias\\\/massa-marca-el-mejor-tiempo-y-alonso-es-segundo-en-jerez\\\/#listItem\",\"position\":3,\"name\":\"Massa marca el mejor tiempo y Alonso es segundo en Jerez\",\"previousItem\":{\"@type\":\"ListItem\",\"@id\":\"https:\\\/\\\/www.eldigitaldeasturias.com\\\/noticias\\\/category\\\/actualidad\\\/#listItem\",\"name\":\"Actualidad\"}}]},{\"@type\":\"Organization\",\"@id\":\"https:\\\/\\\/www.eldigitaldeasturias.com\\\/noticias\\\/#organization\",\"name\":\"El Digital de Asturias\",\"description\":\"Hemeroteca\",\"url\":\"https:\\\/\\\/www.eldigitaldeasturias.com\\\/noticias\\\/\",\"email\":\"info@eldigitaldeasturias.com\",\"telephone\":\"+34652131393\",\"logo\":{\"@type\":\"ImageObject\",\"url\":\"https:\\\/\\\/www.eldigitaldeasturias.com\\\/noticias\\\/wp-content\\\/uploads\\\/2020\\\/12\\\/EDA.jpg\",\"@id\":\"https:\\\/\\\/www.eldigitaldeasturias.com\\\/noticias\\\/massa-marca-el-mejor-tiempo-y-alonso-es-segundo-en-jerez\\\/#organizationLogo\"},\"image\":{\"@id\":\"https:\\\/\\\/www.eldigitaldeasturias.com\\\/noticias\\\/massa-marca-el-mejor-tiempo-y-alonso-es-segundo-en-jerez\\\/#organizationLogo\"},\"sameAs\":[\"https:\\\/\\\/facebook.com\\\/eldigitaldeasturias\",\"https:\\\/\\\/www.youtube.com\\\/channel\\\/UCZP-2wLEB9Rv6erhFmqVnvg\"],\"address\":{\"@id\":\"https:\\\/\\\/www.eldigitaldeasturias.com\\\/noticias\\\/#postaladdress\",\"@type\":\"PostalAddress\",\"streetAddress\":\"san antonio 4\",\"postalCode\":\"33430\",\"addressLocality\":\"Cand\\u00e1s\",\"addressRegion\":\"Asturias\",\"addressCountry\":\"ES\"}},{\"@type\":\"Person\",\"@id\":\"https:\\\/\\\/www.eldigitaldeasturias.com\\\/noticias\\\/author\\\/admin\\\/#author\",\"url\":\"https:\\\/\\\/www.eldigitaldeasturias.com\\\/noticias\\\/author\\\/admin\\\/\",\"name\":\"El Digital de Asturias\",\"image\":{\"@type\":\"ImageObject\",\"@id\":\"https:\\\/\\\/www.eldigitaldeasturias.com\\\/noticias\\\/massa-marca-el-mejor-tiempo-y-alonso-es-segundo-en-jerez\\\/#authorImage\",\"url\":\"https:\\\/\\\/secure.gravatar.com\\\/avatar\\\/df2aeffc32bcd13f8d26072ef8a91b623d677766deac7f97ca815868cd41bf5e?s=96&d=mm&r=g\",\"width\":96,\"height\":96,\"caption\":\"El Digital de Asturias\"}},{\"@type\":\"WebPage\",\"@id\":\"https:\\\/\\\/www.eldigitaldeasturias.com\\\/noticias\\\/massa-marca-el-mejor-tiempo-y-alonso-es-segundo-en-jerez\\\/#webpage\",\"url\":\"https:\\\/\\\/www.eldigitaldeasturias.com\\\/noticias\\\/massa-marca-el-mejor-tiempo-y-alonso-es-segundo-en-jerez\\\/\",\"name\":\"Massa marca el mejor tiempo y Alonso es segundo en Jerez - El Digital de Asturias\",\"description\":\"Jerez de la Frontera (C\\u00e1diz), 31 ene (EFE).- El piloto brasile\\u00f1o Felipe Massa (Williams), con 1:28.229, ha logrado el mejor tiempo en la \\u00faltima jornada de entrenamientos oficiales de F\\u00f3rmula Uno en el Circuito de Jerez, desarrollada hoy, para poner fin a cuatro d\\u00edas de ensayos. El espa\\u00f1ol Fernando Alonso (Ferrari) ha acabado en segunda\",\"inLanguage\":\"es-ES\",\"isPartOf\":{\"@id\":\"https:\\\/\\\/www.eldigitaldeasturias.com\\\/noticias\\\/#website\"},\"breadcrumb\":{\"@id\":\"https:\\\/\\\/www.eldigitaldeasturias.com\\\/noticias\\\/massa-marca-el-mejor-tiempo-y-alonso-es-segundo-en-jerez\\\/#breadcrumblist\"},\"author\":{\"@id\":\"https:\\\/\\\/www.eldigitaldeasturias.com\\\/noticias\\\/author\\\/admin\\\/#author\"},\"creator\":{\"@id\":\"https:\\\/\\\/www.eldigitaldeasturias.com\\\/noticias\\\/author\\\/admin\\\/#author\"},\"image\":{\"@type\":\"ImageObject\",\"url\":\"https:\\\/\\\/www.eldigitaldeasturias.com\\\/noticias\\\/wp-content\\\/uploads\\\/2026\\\/06\\\/Contenidos.jpg\",\"@id\":\"https:\\\/\\\/www.eldigitaldeasturias.com\\\/noticias\\\/massa-marca-el-mejor-tiempo-y-alonso-es-segundo-en-jerez\\\/#mainImage\",\"width\":1265,\"height\":697,\"caption\":\"Contenidos\"},\"primaryImageOfPage\":{\"@id\":\"https:\\\/\\\/www.eldigitaldeasturias.com\\\/noticias\\\/massa-marca-el-mejor-tiempo-y-alonso-es-segundo-en-jerez\\\/#mainImage\"},\"datePublished\":\"2014-01-31T23:52:35+01:00\",\"dateModified\":\"2014-01-31T23:52:35+01:00\"},{\"@type\":\"WebSite\",\"@id\":\"https:\\\/\\\/www.eldigitaldeasturias.com\\\/noticias\\\/#website\",\"url\":\"https:\\\/\\\/www.eldigitaldeasturias.com\\\/noticias\\\/\",\"name\":\"El Digital de Asturias - Diario de actualidad y noticias\",\"alternateName\":\"El Digital de Asturias - Diario de actualidad y noticias\",\"description\":\"Hemeroteca\",\"inLanguage\":\"es-ES\",\"publisher\":{\"@id\":\"https:\\\/\\\/www.eldigitaldeasturias.com\\\/noticias\\\/#organization\"}}]}\n\t\t<\/script>\n\t\t<!-- All in One SEO Pro -->\r\n\t\t<title>Massa marca el mejor tiempo y Alonso es segundo en Jerez - El Digital de Asturias<\/title>\n\n","aioseo_head_json":{"title":"Massa marca el mejor tiempo y Alonso es segundo en Jerez - El Digital de Asturias","description":"Jerez de la Frontera (C\u00e1diz), 31 ene (EFE).- El piloto brasile\u00f1o Felipe Massa (Williams), con 1:28.229, ha logrado el mejor tiempo en la \u00faltima jornada de entrenamientos oficiales de F\u00f3rmula Uno en el Circuito de Jerez, desarrollada hoy, para poner fin a cuatro d\u00edas de ensayos. El espa\u00f1ol Fernando Alonso (Ferrari) ha acabado en segunda","canonical_url":"https:\/\/www.eldigitaldeasturias.com\/noticias\/massa-marca-el-mejor-tiempo-y-alonso-es-segundo-en-jerez\/","robots":"max-image-preview:large","keywords":"actualidad","webmasterTools":{"google-site-verification":"UA-38556648-1","msvalidate.01":"7dfe9f3f1b24437ab69f4f2559babe99","miscellaneous":""},"schema":{"@context":"https:\/\/schema.org","@graph":[{"@type":"BlogPosting","@id":"https:\/\/www.eldigitaldeasturias.com\/noticias\/massa-marca-el-mejor-tiempo-y-alonso-es-segundo-en-jerez\/#blogposting","name":"Massa marca el mejor tiempo y Alonso es segundo en Jerez - El Digital de Asturias","headline":"Massa marca el mejor tiempo y Alonso es segundo en Jerez","author":{"@id":"https:\/\/www.eldigitaldeasturias.com\/noticias\/author\/admin\/#author"},"publisher":{"@id":"https:\/\/www.eldigitaldeasturias.com\/noticias\/#organization"},"image":{"@type":"ImageObject","url":"https:\/\/www.eldigitaldeasturias.com\/noticias\/wp-content\/uploads\/2026\/06\/Contenidos.jpg","width":1265,"height":697,"caption":"Contenidos"},"datePublished":"2014-01-31T23:52:35+01:00","dateModified":"2014-01-31T23:52:35+01:00","inLanguage":"es-ES","mainEntityOfPage":{"@id":"https:\/\/www.eldigitaldeasturias.com\/noticias\/massa-marca-el-mejor-tiempo-y-alonso-es-segundo-en-jerez\/#webpage"},"isPartOf":{"@id":"https:\/\/www.eldigitaldeasturias.com\/noticias\/massa-marca-el-mejor-tiempo-y-alonso-es-segundo-en-jerez\/#webpage"},"articleSection":"Actualidad"},{"@type":"BreadcrumbList","@id":"https:\/\/www.eldigitaldeasturias.com\/noticias\/massa-marca-el-mejor-tiempo-y-alonso-es-segundo-en-jerez\/#breadcrumblist","itemListElement":[{"@type":"ListItem","@id":"https:\/\/www.eldigitaldeasturias.com\/noticias#listItem","position":1,"name":"Home","item":"https:\/\/www.eldigitaldeasturias.com\/noticias","nextItem":{"@type":"ListItem","@id":"https:\/\/www.eldigitaldeasturias.com\/noticias\/category\/actualidad\/#listItem","name":"Actualidad"}},{"@type":"ListItem","@id":"https:\/\/www.eldigitaldeasturias.com\/noticias\/category\/actualidad\/#listItem","position":2,"name":"Actualidad","item":"https:\/\/www.eldigitaldeasturias.com\/noticias\/category\/actualidad\/","nextItem":{"@type":"ListItem","@id":"https:\/\/www.eldigitaldeasturias.com\/noticias\/massa-marca-el-mejor-tiempo-y-alonso-es-segundo-en-jerez\/#listItem","name":"Massa marca el mejor tiempo y Alonso es segundo en Jerez"},"previousItem":{"@type":"ListItem","@id":"https:\/\/www.eldigitaldeasturias.com\/noticias#listItem","name":"Home"}},{"@type":"ListItem","@id":"https:\/\/www.eldigitaldeasturias.com\/noticias\/massa-marca-el-mejor-tiempo-y-alonso-es-segundo-en-jerez\/#listItem","position":3,"name":"Massa marca el mejor tiempo y Alonso es segundo en Jerez","previousItem":{"@type":"ListItem","@id":"https:\/\/www.eldigitaldeasturias.com\/noticias\/category\/actualidad\/#listItem","name":"Actualidad"}}]},{"@type":"Organization","@id":"https:\/\/www.eldigitaldeasturias.com\/noticias\/#organization","name":"El Digital de Asturias","description":"Hemeroteca","url":"https:\/\/www.eldigitaldeasturias.com\/noticias\/","email":"info@eldigitaldeasturias.com","telephone":"+34652131393","logo":{"@type":"ImageObject","url":"https:\/\/www.eldigitaldeasturias.com\/noticias\/wp-content\/uploads\/2020\/12\/EDA.jpg","@id":"https:\/\/www.eldigitaldeasturias.com\/noticias\/massa-marca-el-mejor-tiempo-y-alonso-es-segundo-en-jerez\/#organizationLogo"},"image":{"@id":"https:\/\/www.eldigitaldeasturias.com\/noticias\/massa-marca-el-mejor-tiempo-y-alonso-es-segundo-en-jerez\/#organizationLogo"},"sameAs":["https:\/\/facebook.com\/eldigitaldeasturias","https:\/\/www.youtube.com\/channel\/UCZP-2wLEB9Rv6erhFmqVnvg"],"address":{"@id":"https:\/\/www.eldigitaldeasturias.com\/noticias\/#postaladdress","@type":"PostalAddress","streetAddress":"san antonio 4","postalCode":"33430","addressLocality":"Cand\u00e1s","addressRegion":"Asturias","addressCountry":"ES"}},{"@type":"Person","@id":"https:\/\/www.eldigitaldeasturias.com\/noticias\/author\/admin\/#author","url":"https:\/\/www.eldigitaldeasturias.com\/noticias\/author\/admin\/","name":"El Digital de Asturias","image":{"@type":"ImageObject","@id":"https:\/\/www.eldigitaldeasturias.com\/noticias\/massa-marca-el-mejor-tiempo-y-alonso-es-segundo-en-jerez\/#authorImage","url":"https:\/\/secure.gravatar.com\/avatar\/df2aeffc32bcd13f8d26072ef8a91b623d677766deac7f97ca815868cd41bf5e?s=96&d=mm&r=g","width":96,"height":96,"caption":"El Digital de Asturias"}},{"@type":"WebPage","@id":"https:\/\/www.eldigitaldeasturias.com\/noticias\/massa-marca-el-mejor-tiempo-y-alonso-es-segundo-en-jerez\/#webpage","url":"https:\/\/www.eldigitaldeasturias.com\/noticias\/massa-marca-el-mejor-tiempo-y-alonso-es-segundo-en-jerez\/","name":"Massa marca el mejor tiempo y Alonso es segundo en Jerez - El Digital de Asturias","description":"Jerez de la Frontera (C\u00e1diz), 31 ene (EFE).- El piloto brasile\u00f1o Felipe Massa (Williams), con 1:28.229, ha logrado el mejor tiempo en la \u00faltima jornada de entrenamientos oficiales de F\u00f3rmula Uno en el Circuito de Jerez, desarrollada hoy, para poner fin a cuatro d\u00edas de ensayos. El espa\u00f1ol Fernando Alonso (Ferrari) ha acabado en segunda","inLanguage":"es-ES","isPartOf":{"@id":"https:\/\/www.eldigitaldeasturias.com\/noticias\/#website"},"breadcrumb":{"@id":"https:\/\/www.eldigitaldeasturias.com\/noticias\/massa-marca-el-mejor-tiempo-y-alonso-es-segundo-en-jerez\/#breadcrumblist"},"author":{"@id":"https:\/\/www.eldigitaldeasturias.com\/noticias\/author\/admin\/#author"},"creator":{"@id":"https:\/\/www.eldigitaldeasturias.com\/noticias\/author\/admin\/#author"},"image":{"@type":"ImageObject","url":"https:\/\/www.eldigitaldeasturias.com\/noticias\/wp-content\/uploads\/2026\/06\/Contenidos.jpg","@id":"https:\/\/www.eldigitaldeasturias.com\/noticias\/massa-marca-el-mejor-tiempo-y-alonso-es-segundo-en-jerez\/#mainImage","width":1265,"height":697,"caption":"Contenidos"},"primaryImageOfPage":{"@id":"https:\/\/www.eldigitaldeasturias.com\/noticias\/massa-marca-el-mejor-tiempo-y-alonso-es-segundo-en-jerez\/#mainImage"},"datePublished":"2014-01-31T23:52:35+01:00","dateModified":"2014-01-31T23:52:35+01:00"},{"@type":"WebSite","@id":"https:\/\/www.eldigitaldeasturias.com\/noticias\/#website","url":"https:\/\/www.eldigitaldeasturias.com\/noticias\/","name":"El Digital de Asturias - Diario de actualidad y noticias","alternateName":"El Digital de Asturias - Diario de actualidad y noticias","description":"Hemeroteca","inLanguage":"es-ES","publisher":{"@id":"https:\/\/www.eldigitaldeasturias.com\/noticias\/#organization"}}]},"og:locale":"es_ES","og:site_name":"El Digital de Asturias","og:type":"article","og:title":"Massa marca el mejor tiempo y Alonso es segundo en Jerez - El Digital de Asturias","og:description":"Jerez de la Frontera (C\u00e1diz), 31 ene (EFE).- El piloto brasile\u00f1o Felipe Massa (Williams), con 1:28.229, ha logrado el mejor tiempo en la \u00faltima jornada de entrenamientos oficiales de F\u00f3rmula Uno en el Circuito de Jerez, desarrollada hoy, para poner fin a cuatro d\u00edas de ensayos. El espa\u00f1ol Fernando Alonso (Ferrari) ha acabado en segunda","og:url":"https:\/\/www.eldigitaldeasturias.com\/noticias\/massa-marca-el-mejor-tiempo-y-alonso-es-segundo-en-jerez\/","og:image":"https:\/\/www.eldigitaldeasturias.com\/noticias\/wp-content\/uploads\/2026\/06\/Contenidos.jpg","og:image:secure_url":"https:\/\/www.eldigitaldeasturias.com\/noticias\/wp-content\/uploads\/2026\/06\/Contenidos.jpg","og:image:width":1265,"og:image:height":697,"article:tag":["actualidad"],"article:published_time":"2014-02-01T00:52:35+00:00","article:modified_time":"2014-02-01T00:52:35+00:00","article:publisher":"https:\/\/facebook.com\/eldigitaldeasturias","twitter:card":"summary_large_image","twitter:title":"Massa marca el mejor tiempo y Alonso es segundo en Jerez - El Digital de Asturias","twitter:description":"Jerez de la Frontera (C\u00e1diz), 31 ene (EFE).- El piloto brasile\u00f1o Felipe Massa (Williams), con 1:28.229, ha logrado el mejor tiempo en la \u00faltima jornada de entrenamientos oficiales de F\u00f3rmula Uno en el Circuito de Jerez, desarrollada hoy, para poner fin a cuatro d\u00edas de ensayos. El espa\u00f1ol Fernando Alonso (Ferrari) ha acabado en segunda","twitter:image":"https:\/\/www.eldigitaldeasturias.com\/noticias\/wp-content\/uploads\/2026\/06\/Contenidos.jpg","twitter:label1":"Escrito por","twitter:data1":"El Digital de Asturias","twitter:label2":"Tiempo de lectura estimado","twitter:data2":"2 minutos"},"aioseo_meta_data":{"post_id":"481489","title":null,"description":null,"keywords":null,"keyphrases":null,"primary_term":null,"canonical_url":null,"og_title":null,"og_description":null,"og_object_type":"default","og_image_type":"default","og_image_url":null,"og_image_width":null,"og_image_height":null,"og_image_custom_url":null,"og_image_custom_fields":null,"og_video":null,"og_custom_url":null,"og_article_section":null,"og_article_tags":null,"twitter_use_og":true,"twitter_card":"default","twitter_image_type":"default","twitter_image_url":null,"twitter_image_custom_url":null,"twitter_image_custom_fields":null,"twitter_title":null,"twitter_description":null,"schema":{"blockGraphs":[],"customGraphs":[],"default":{"data":{"Article":[],"Course":[],"Dataset":[],"FAQPage":[],"Movie":[],"Person":[],"Product":[],"ProductReview":[],"Car":[],"Recipe":[],"Service":[],"SoftwareApplication":[],"WebPage":[]},"graphName":"","isEnabled":true},"graphs":[],"defaultGraph":"","defaultPostTypeGraph":""},"schema_type":null,"schema_type_options":null,"pillar_content":false,"robots_default":true,"robots_noindex":false,"robots_noarchive":false,"robots_nosnippet":false,"robots_nofollow":false,"robots_noimageindex":false,"robots_noodp":false,"robots_notranslate":false,"robots_max_snippet":null,"robots_max_videopreview":null,"robots_max_imagepreview":"none","priority":null,"frequency":null,"local_seo":null,"seo_analyzer_scan_date":"2026-06-02 06:55:57","breadcrumb_settings":null,"limit_modified_date":false,"open_ai":null,"ai":null,"created":"2020-11-14 22:54:20","updated":"2026-06-02 06:55:57","focus_keyword":null,"additional_keywords":null,"truseo_locale":null},"aioseo_breadcrumb":"<div class=\"aioseo-breadcrumbs\"><span class=\"aioseo-breadcrumb\">\n\t<a href=\"https:\/\/www.eldigitaldeasturias.com\/noticias\" title=\"Home\">Home<\/a>\n<\/span><span class=\"aioseo-breadcrumb-separator\">\u2013<\/span><span class=\"aioseo-breadcrumb\">\n\t<a href=\"https:\/\/www.eldigitaldeasturias.com\/noticias\/category\/actualidad\/\" title=\"Actualidad\">Actualidad<\/a>\n<\/span><span class=\"aioseo-breadcrumb-separator\">\u2013<\/span><span class=\"aioseo-breadcrumb\">\n\t<a href=\"https:\/\/www.eldigitaldeasturias.com\/noticias\/massa-marca-el-mejor-tiempo-y-alonso-es-segundo-en-jerez\/\" title=\"Massa marca el mejor tiempo y Alonso es segundo en Jerez\">Massa marca el mejor tiempo y Alonso es segundo en Jerez<\/a>\n<\/span><\/div>","aioseo_breadcrumb_json":[{"label":"Home","link":"https:\/\/www.eldigitaldeasturias.com\/noticias"},{"label":"Actualidad","link":"https:\/\/www.eldigitaldeasturias.com\/noticias\/category\/actualidad\/"},{"label":"Massa marca el mejor tiempo y Alonso es segundo en Jerez","link":"https:\/\/www.eldigitaldeasturias.com\/noticias\/massa-marca-el-mejor-tiempo-y-alonso-es-segundo-en-jerez\/"}],"_links":{"self":[{"href":"https:\/\/www.eldigitaldeasturias.com\/noticias\/wp-json\/wp\/v2\/posts\/481489","targetHints":{"allow":["GET"]}}],"collection":[{"href":"https:\/\/www.eldigitaldeasturias.com\/noticias\/wp-json\/wp\/v2\/posts"}],"about":[{"href":"https:\/\/www.eldigitaldeasturias.com\/noticias\/wp-json\/wp\/v2\/types\/post"}],"author":[{"embeddable":true,"href":"https:\/\/www.eldigitaldeasturias.com\/noticias\/wp-json\/wp\/v2\/users\/1"}],"replies":[{"embeddable":true,"href":"https:\/\/www.eldigitaldeasturias.com\/noticias\/wp-json\/wp\/v2\/comments?post=481489"}],"version-history":[{"count":0,"href":"https:\/\/www.eldigitaldeasturias.com\/noticias\/wp-json\/wp\/v2\/posts\/481489\/revisions"}],"wp:featuredmedia":[{"embeddable":true,"href":"https:\/\/www.eldigitaldeasturias.com\/noticias\/wp-json\/wp\/v2\/media\/1132184"}],"wp:attachment":[{"href":"https:\/\/www.eldigitaldeasturias.com\/noticias\/wp-json\/wp\/v2\/media?parent=481489"}],"wp:term":[{"taxonomy":"category","embeddable":true,"href":"https:\/\/www.eldigitaldeasturias.com\/noticias\/wp-json\/wp\/v2\/categories?post=481489"},{"taxonomy":"post_tag","embeddable":true,"href":"https:\/\/www.eldigitaldeasturias.com\/noticias\/wp-json\/wp\/v2\/tags?post=481489"}],"curies":[{"name":"wp","href":"https:\/\/api.w.org\/{rel}","templated":true}]}}