{"id":481483,"date":"2014-01-31T23:50:31","date_gmt":"2014-02-01T00:50:31","guid":{"rendered":"http:\/\/www.eldigitaldeasturias.com\/noticias\/?p=481483"},"modified":"2014-01-31T23:50:31","modified_gmt":"2014-02-01T00:50:31","slug":"juncadella-no-esperaba-lograr-el-tercer-mejor-tiempo","status":"publish","type":"post","link":"https:\/\/www.eldigitaldeasturias.com\/noticias\/juncadella-no-esperaba-lograr-el-tercer-mejor-tiempo\/","title":{"rendered":"Juncadella \u00abno esperaba\u00bb lograr el tercer mejor tiempo"},"content":{"rendered":"<p><img loading=\"lazy\" decoding=\"async\" class=\"alignleft size-medium wp-image-481484\" alt=\"5897812w\" src=\"https:\/\/www.eldigitaldeasturias.com\/noticias\/wp-content\/uploads\/2014\/01\/5897812w-360x180.jpg\" width=\"360\" height=\"180\" \/>Jerez de la Frontera (C\u00e1diz), 31 ene (EFE).- El piloto espa\u00f1ol Daniel Juncadella, probador que se ha estrenado hoy en el Circuito de Jerez conduciendo un monoplaza Force India en los primeros entrenamientos oficiales de pretemporada, ha reconocido que \u00abno esperaba\u00bb conseguir el tercer mejor tiempo de la jornada, con 1:29.457.<\/p>\n<p>El joven, de 22 a\u00f1os, se ha congratulado al haber podido rodar en \u00abcondiciones dif\u00edciles\u00bb, por el asfalto mojado, un total de 81 vueltas, una cifra superior a las que han dado en los d\u00edas anteriores los pilotos oficiales de la escuder\u00eda, el mexicano Sergio P\u00e9rez y el alem\u00e1n Nico H\u00fclkenberg.<\/p>\n<p>Juncadella ha indicado en conferencia de prensa que no quer\u00eda \u00abcometer errores\u00bb, al estar preocupado por el suelo mojado, que, a su juicio, supone las \u00abcondiciones m\u00e1s dif\u00edciles\u00bb de conducci\u00f3n.<\/p>\n<p>Sobre las sensaciones que ha tenido pilotando su monoplaza, le \u00absorprende\u00bb que el coche \u00abno haga ruido\u00bb y piensa que ello es \u00abuna pena\u00bb por los aficionados que siguen las pruebas desde la grada y que estaban acostumbrados al sonido que ten\u00edan los motores de la pasada temporada.<\/p>\n<p>La oportunidad que ha recibido hoy y las que espera tener en algunos grandes premios durante los entrenamientos libres, le sirve para ganar experiencia \u00abpoco a poco\u00bb.<\/p>\n<p>De los cuatro d\u00edas de entrenamientos, Juncadella ha destacado la buena respuesta de los equipos que montan motores Mercedes y ha restado importancia a los problemas de Red Bull porque \u00abquedan ocho d\u00edas\u00bb de pretemporada, que tendr\u00e1n lugar en Bahrein.<\/p>\n","protected":false},"excerpt":{"rendered":"<p>Jerez de la Frontera (C\u00e1diz), 31 ene (EFE).- El piloto espa\u00f1ol Daniel Juncadella, probador que se ha estrenado hoy en el Circuito de Jerez conduciendo un monoplaza Force India en los primeros entrenamientos oficiales de pretemporada, ha reconocido que \u00abno esperaba\u00bb conseguir el tercer mejor tiempo de la jornada, con 1:29.457. El joven, de 22 [&hellip;]<\/p>\n","protected":false},"author":1,"featured_media":1132184,"comment_status":"closed","ping_status":"open","sticky":false,"template":"","format":"standard","meta":{"footnotes":""},"categories":[1],"tags":[],"class_list":["post-481483","post","type-post","status-publish","format-standard","has-post-thumbnail","hentry","category-actualidad"],"aioseo_notices":[],"aioseo_head":"\n\t\t<!-- All in One SEO Pro 5.0.1 - aioseo.com -->\n\t<meta name=\"description\" content=\"Jerez de la Frontera (C\u00e1diz), 31 ene (EFE).- El piloto espa\u00f1ol Daniel Juncadella, probador que se ha estrenado hoy en el Circuito de Jerez conduciendo un monoplaza Force India en los primeros entrenamientos oficiales de pretemporada, ha reconocido que &quot;no esperaba&quot; conseguir el tercer mejor tiempo de la jornada, con 1:29.457. El joven, de 22\" \/>\n\t<meta name=\"robots\" content=\"max-image-preview:large\" \/>\n\t<meta name=\"author\" content=\"El Digital de Asturias\"\/>\n\t<meta name=\"google-site-verification\" content=\"UA-38556648-1\" \/>\n\t<meta name=\"msvalidate.01\" content=\"7dfe9f3f1b24437ab69f4f2559babe99\" \/>\n\t<meta name=\"keywords\" content=\"actualidad\" \/>\n\t<link rel=\"canonical\" href=\"https:\/\/www.eldigitaldeasturias.com\/noticias\/juncadella-no-esperaba-lograr-el-tercer-mejor-tiempo\/\" \/>\n\t<meta name=\"generator\" content=\"All in One SEO Pro (AIOSEO) 5.0.1\" \/>\n\t\t<meta property=\"og:locale\" content=\"es_ES\" \/>\n\t\t<meta property=\"og:site_name\" content=\"El Digital de Asturias\" \/>\n\t\t<meta property=\"og:type\" content=\"article\" \/>\n\t\t<meta property=\"og:title\" content=\"Juncadella \u00abno esperaba\u00bb lograr el tercer mejor tiempo - El Digital de Asturias\" \/>\n\t\t<meta property=\"og:description\" content=\"Jerez de la Frontera (C\u00e1diz), 31 ene (EFE).- El piloto espa\u00f1ol Daniel Juncadella, probador que se ha estrenado hoy en el Circuito de Jerez conduciendo un monoplaza Force India en los primeros entrenamientos oficiales de pretemporada, ha reconocido que &quot;no esperaba&quot; conseguir el tercer mejor tiempo de la jornada, con 1:29.457. El joven, de 22\" \/>\n\t\t<meta property=\"og:url\" content=\"https:\/\/www.eldigitaldeasturias.com\/noticias\/juncadella-no-esperaba-lograr-el-tercer-mejor-tiempo\/\" \/>\n\t\t<meta property=\"og:image\" content=\"https:\/\/www.eldigitaldeasturias.com\/noticias\/wp-content\/uploads\/2026\/06\/Contenidos.jpg\" \/>\n\t\t<meta property=\"og:image:secure_url\" content=\"https:\/\/www.eldigitaldeasturias.com\/noticias\/wp-content\/uploads\/2026\/06\/Contenidos.jpg\" \/>\n\t\t<meta property=\"og:image:width\" content=\"1265\" \/>\n\t\t<meta property=\"og:image:height\" content=\"697\" \/>\n\t\t<meta property=\"article:tag\" content=\"actualidad\" \/>\n\t\t<meta property=\"article:published_time\" content=\"2014-02-01T00:50:31+00:00\" \/>\n\t\t<meta property=\"article:modified_time\" content=\"2014-02-01T00:50:31+00:00\" \/>\n\t\t<meta property=\"article:publisher\" content=\"https:\/\/facebook.com\/eldigitaldeasturias\" \/>\n\t\t<meta name=\"twitter:card\" content=\"summary_large_image\" \/>\n\t\t<meta name=\"twitter:title\" content=\"Juncadella \u00abno esperaba\u00bb lograr el tercer mejor tiempo - El Digital de Asturias\" \/>\n\t\t<meta name=\"twitter:description\" content=\"Jerez de la Frontera (C\u00e1diz), 31 ene (EFE).- El piloto espa\u00f1ol Daniel Juncadella, probador que se ha estrenado hoy en el Circuito de Jerez conduciendo un monoplaza Force India en los primeros entrenamientos oficiales de pretemporada, ha reconocido que &quot;no esperaba&quot; conseguir el tercer mejor tiempo de la jornada, con 1:29.457. El joven, de 22\" \/>\n\t\t<meta name=\"twitter:image\" content=\"https:\/\/www.eldigitaldeasturias.com\/noticias\/wp-content\/uploads\/2026\/06\/Contenidos.jpg\" \/>\n\t\t<meta name=\"twitter:label1\" content=\"Escrito por\" \/>\n\t\t<meta name=\"twitter:data1\" content=\"El Digital de Asturias\" \/>\n\t\t<meta name=\"twitter:label2\" content=\"Tiempo de lectura estimado\" \/>\n\t\t<meta name=\"twitter:data2\" content=\"1 minuto\" \/>\n\t\t<script type=\"application\/ld+json\" class=\"aioseo-schema\">\n\t\t\t{\"@context\":\"https:\\\/\\\/schema.org\",\"@graph\":[{\"@type\":\"BlogPosting\",\"@id\":\"https:\\\/\\\/www.eldigitaldeasturias.com\\\/noticias\\\/juncadella-no-esperaba-lograr-el-tercer-mejor-tiempo\\\/#blogposting\",\"name\":\"Juncadella \\u00abno esperaba\\u00bb lograr el tercer mejor tiempo - El Digital de Asturias\",\"headline\":\"Juncadella \\u00abno esperaba\\u00bb lograr el tercer mejor tiempo\",\"author\":{\"@id\":\"https:\\\/\\\/www.eldigitaldeasturias.com\\\/noticias\\\/author\\\/admin\\\/#author\"},\"publisher\":{\"@id\":\"https:\\\/\\\/www.eldigitaldeasturias.com\\\/noticias\\\/#organization\"},\"image\":{\"@type\":\"ImageObject\",\"url\":\"https:\\\/\\\/www.eldigitaldeasturias.com\\\/noticias\\\/wp-content\\\/uploads\\\/2026\\\/06\\\/Contenidos.jpg\",\"width\":1265,\"height\":697,\"caption\":\"Contenidos\"},\"datePublished\":\"2014-01-31T23:50:31+01:00\",\"dateModified\":\"2014-01-31T23:50:31+01:00\",\"inLanguage\":\"es-ES\",\"mainEntityOfPage\":{\"@id\":\"https:\\\/\\\/www.eldigitaldeasturias.com\\\/noticias\\\/juncadella-no-esperaba-lograr-el-tercer-mejor-tiempo\\\/#webpage\"},\"isPartOf\":{\"@id\":\"https:\\\/\\\/www.eldigitaldeasturias.com\\\/noticias\\\/juncadella-no-esperaba-lograr-el-tercer-mejor-tiempo\\\/#webpage\"},\"articleSection\":\"Actualidad\"},{\"@type\":\"BreadcrumbList\",\"@id\":\"https:\\\/\\\/www.eldigitaldeasturias.com\\\/noticias\\\/juncadella-no-esperaba-lograr-el-tercer-mejor-tiempo\\\/#breadcrumblist\",\"itemListElement\":[{\"@type\":\"ListItem\",\"@id\":\"https:\\\/\\\/www.eldigitaldeasturias.com\\\/noticias#listItem\",\"position\":1,\"name\":\"Home\",\"item\":\"https:\\\/\\\/www.eldigitaldeasturias.com\\\/noticias\",\"nextItem\":{\"@type\":\"ListItem\",\"@id\":\"https:\\\/\\\/www.eldigitaldeasturias.com\\\/noticias\\\/category\\\/actualidad\\\/#listItem\",\"name\":\"Actualidad\"}},{\"@type\":\"ListItem\",\"@id\":\"https:\\\/\\\/www.eldigitaldeasturias.com\\\/noticias\\\/category\\\/actualidad\\\/#listItem\",\"position\":2,\"name\":\"Actualidad\",\"item\":\"https:\\\/\\\/www.eldigitaldeasturias.com\\\/noticias\\\/category\\\/actualidad\\\/\",\"nextItem\":{\"@type\":\"ListItem\",\"@id\":\"https:\\\/\\\/www.eldigitaldeasturias.com\\\/noticias\\\/juncadella-no-esperaba-lograr-el-tercer-mejor-tiempo\\\/#listItem\",\"name\":\"Juncadella \\u00abno esperaba\\u00bb lograr el tercer mejor tiempo\"},\"previousItem\":{\"@type\":\"ListItem\",\"@id\":\"https:\\\/\\\/www.eldigitaldeasturias.com\\\/noticias#listItem\",\"name\":\"Home\"}},{\"@type\":\"ListItem\",\"@id\":\"https:\\\/\\\/www.eldigitaldeasturias.com\\\/noticias\\\/juncadella-no-esperaba-lograr-el-tercer-mejor-tiempo\\\/#listItem\",\"position\":3,\"name\":\"Juncadella \\u00abno esperaba\\u00bb lograr el tercer mejor tiempo\",\"previousItem\":{\"@type\":\"ListItem\",\"@id\":\"https:\\\/\\\/www.eldigitaldeasturias.com\\\/noticias\\\/category\\\/actualidad\\\/#listItem\",\"name\":\"Actualidad\"}}]},{\"@type\":\"Organization\",\"@id\":\"https:\\\/\\\/www.eldigitaldeasturias.com\\\/noticias\\\/#organization\",\"name\":\"El Digital de Asturias\",\"description\":\"Hemeroteca\",\"url\":\"https:\\\/\\\/www.eldigitaldeasturias.com\\\/noticias\\\/\",\"email\":\"info@eldigitaldeasturias.com\",\"telephone\":\"+34652131393\",\"logo\":{\"@type\":\"ImageObject\",\"url\":\"https:\\\/\\\/www.eldigitaldeasturias.com\\\/noticias\\\/wp-content\\\/uploads\\\/2020\\\/12\\\/EDA.jpg\",\"@id\":\"https:\\\/\\\/www.eldigitaldeasturias.com\\\/noticias\\\/juncadella-no-esperaba-lograr-el-tercer-mejor-tiempo\\\/#organizationLogo\"},\"image\":{\"@id\":\"https:\\\/\\\/www.eldigitaldeasturias.com\\\/noticias\\\/juncadella-no-esperaba-lograr-el-tercer-mejor-tiempo\\\/#organizationLogo\"},\"sameAs\":[\"https:\\\/\\\/facebook.com\\\/eldigitaldeasturias\",\"https:\\\/\\\/www.youtube.com\\\/channel\\\/UCZP-2wLEB9Rv6erhFmqVnvg\"],\"address\":{\"@id\":\"https:\\\/\\\/www.eldigitaldeasturias.com\\\/noticias\\\/#postaladdress\",\"@type\":\"PostalAddress\",\"streetAddress\":\"san antonio 4\",\"postalCode\":\"33430\",\"addressLocality\":\"Cand\\u00e1s\",\"addressRegion\":\"Asturias\",\"addressCountry\":\"ES\"}},{\"@type\":\"Person\",\"@id\":\"https:\\\/\\\/www.eldigitaldeasturias.com\\\/noticias\\\/author\\\/admin\\\/#author\",\"url\":\"https:\\\/\\\/www.eldigitaldeasturias.com\\\/noticias\\\/author\\\/admin\\\/\",\"name\":\"El Digital de Asturias\",\"image\":{\"@type\":\"ImageObject\",\"@id\":\"https:\\\/\\\/www.eldigitaldeasturias.com\\\/noticias\\\/juncadella-no-esperaba-lograr-el-tercer-mejor-tiempo\\\/#authorImage\",\"url\":\"https:\\\/\\\/secure.gravatar.com\\\/avatar\\\/df2aeffc32bcd13f8d26072ef8a91b623d677766deac7f97ca815868cd41bf5e?s=96&d=mm&r=g\",\"width\":96,\"height\":96,\"caption\":\"El Digital de Asturias\"}},{\"@type\":\"WebPage\",\"@id\":\"https:\\\/\\\/www.eldigitaldeasturias.com\\\/noticias\\\/juncadella-no-esperaba-lograr-el-tercer-mejor-tiempo\\\/#webpage\",\"url\":\"https:\\\/\\\/www.eldigitaldeasturias.com\\\/noticias\\\/juncadella-no-esperaba-lograr-el-tercer-mejor-tiempo\\\/\",\"name\":\"Juncadella \\u00abno esperaba\\u00bb lograr el tercer mejor tiempo - El Digital de Asturias\",\"description\":\"Jerez de la Frontera (C\\u00e1diz), 31 ene (EFE).- El piloto espa\\u00f1ol Daniel Juncadella, probador que se ha estrenado hoy en el Circuito de Jerez conduciendo un monoplaza Force India en los primeros entrenamientos oficiales de pretemporada, ha reconocido que \\\"no esperaba\\\" conseguir el tercer mejor tiempo de la jornada, con 1:29.457. El joven, de 22\",\"inLanguage\":\"es-ES\",\"isPartOf\":{\"@id\":\"https:\\\/\\\/www.eldigitaldeasturias.com\\\/noticias\\\/#website\"},\"breadcrumb\":{\"@id\":\"https:\\\/\\\/www.eldigitaldeasturias.com\\\/noticias\\\/juncadella-no-esperaba-lograr-el-tercer-mejor-tiempo\\\/#breadcrumblist\"},\"author\":{\"@id\":\"https:\\\/\\\/www.eldigitaldeasturias.com\\\/noticias\\\/author\\\/admin\\\/#author\"},\"creator\":{\"@id\":\"https:\\\/\\\/www.eldigitaldeasturias.com\\\/noticias\\\/author\\\/admin\\\/#author\"},\"image\":{\"@type\":\"ImageObject\",\"url\":\"https:\\\/\\\/www.eldigitaldeasturias.com\\\/noticias\\\/wp-content\\\/uploads\\\/2026\\\/06\\\/Contenidos.jpg\",\"@id\":\"https:\\\/\\\/www.eldigitaldeasturias.com\\\/noticias\\\/juncadella-no-esperaba-lograr-el-tercer-mejor-tiempo\\\/#mainImage\",\"width\":1265,\"height\":697,\"caption\":\"Contenidos\"},\"primaryImageOfPage\":{\"@id\":\"https:\\\/\\\/www.eldigitaldeasturias.com\\\/noticias\\\/juncadella-no-esperaba-lograr-el-tercer-mejor-tiempo\\\/#mainImage\"},\"datePublished\":\"2014-01-31T23:50:31+01:00\",\"dateModified\":\"2014-01-31T23:50:31+01:00\"},{\"@type\":\"WebSite\",\"@id\":\"https:\\\/\\\/www.eldigitaldeasturias.com\\\/noticias\\\/#website\",\"url\":\"https:\\\/\\\/www.eldigitaldeasturias.com\\\/noticias\\\/\",\"name\":\"El Digital de Asturias - Diario de actualidad y noticias\",\"alternateName\":\"El Digital de Asturias - Diario de actualidad y noticias\",\"description\":\"Hemeroteca\",\"inLanguage\":\"es-ES\",\"publisher\":{\"@id\":\"https:\\\/\\\/www.eldigitaldeasturias.com\\\/noticias\\\/#organization\"}}]}\n\t\t<\/script>\n\t\t<!-- All in One SEO Pro -->\r\n\t\t<title>Juncadella \u00abno esperaba\u00bb lograr el tercer mejor tiempo - El Digital de Asturias<\/title>\n\n","aioseo_head_json":{"title":"Juncadella \u00abno esperaba\u00bb lograr el tercer mejor tiempo - El Digital de Asturias","description":"Jerez de la Frontera (C\u00e1diz), 31 ene (EFE).- El piloto espa\u00f1ol Daniel Juncadella, probador que se ha estrenado hoy en el Circuito de Jerez conduciendo un monoplaza Force India en los primeros entrenamientos oficiales de pretemporada, ha reconocido que \"no esperaba\" conseguir el tercer mejor tiempo de la jornada, con 1:29.457. El joven, de 22","canonical_url":"https:\/\/www.eldigitaldeasturias.com\/noticias\/juncadella-no-esperaba-lograr-el-tercer-mejor-tiempo\/","robots":"max-image-preview:large","keywords":"actualidad","webmasterTools":{"google-site-verification":"UA-38556648-1","msvalidate.01":"7dfe9f3f1b24437ab69f4f2559babe99","miscellaneous":""},"schema":{"@context":"https:\/\/schema.org","@graph":[{"@type":"BlogPosting","@id":"https:\/\/www.eldigitaldeasturias.com\/noticias\/juncadella-no-esperaba-lograr-el-tercer-mejor-tiempo\/#blogposting","name":"Juncadella \u00abno esperaba\u00bb lograr el tercer mejor tiempo - El Digital de Asturias","headline":"Juncadella \u00abno esperaba\u00bb lograr el tercer mejor tiempo","author":{"@id":"https:\/\/www.eldigitaldeasturias.com\/noticias\/author\/admin\/#author"},"publisher":{"@id":"https:\/\/www.eldigitaldeasturias.com\/noticias\/#organization"},"image":{"@type":"ImageObject","url":"https:\/\/www.eldigitaldeasturias.com\/noticias\/wp-content\/uploads\/2026\/06\/Contenidos.jpg","width":1265,"height":697,"caption":"Contenidos"},"datePublished":"2014-01-31T23:50:31+01:00","dateModified":"2014-01-31T23:50:31+01:00","inLanguage":"es-ES","mainEntityOfPage":{"@id":"https:\/\/www.eldigitaldeasturias.com\/noticias\/juncadella-no-esperaba-lograr-el-tercer-mejor-tiempo\/#webpage"},"isPartOf":{"@id":"https:\/\/www.eldigitaldeasturias.com\/noticias\/juncadella-no-esperaba-lograr-el-tercer-mejor-tiempo\/#webpage"},"articleSection":"Actualidad"},{"@type":"BreadcrumbList","@id":"https:\/\/www.eldigitaldeasturias.com\/noticias\/juncadella-no-esperaba-lograr-el-tercer-mejor-tiempo\/#breadcrumblist","itemListElement":[{"@type":"ListItem","@id":"https:\/\/www.eldigitaldeasturias.com\/noticias#listItem","position":1,"name":"Home","item":"https:\/\/www.eldigitaldeasturias.com\/noticias","nextItem":{"@type":"ListItem","@id":"https:\/\/www.eldigitaldeasturias.com\/noticias\/category\/actualidad\/#listItem","name":"Actualidad"}},{"@type":"ListItem","@id":"https:\/\/www.eldigitaldeasturias.com\/noticias\/category\/actualidad\/#listItem","position":2,"name":"Actualidad","item":"https:\/\/www.eldigitaldeasturias.com\/noticias\/category\/actualidad\/","nextItem":{"@type":"ListItem","@id":"https:\/\/www.eldigitaldeasturias.com\/noticias\/juncadella-no-esperaba-lograr-el-tercer-mejor-tiempo\/#listItem","name":"Juncadella \u00abno esperaba\u00bb lograr el tercer mejor tiempo"},"previousItem":{"@type":"ListItem","@id":"https:\/\/www.eldigitaldeasturias.com\/noticias#listItem","name":"Home"}},{"@type":"ListItem","@id":"https:\/\/www.eldigitaldeasturias.com\/noticias\/juncadella-no-esperaba-lograr-el-tercer-mejor-tiempo\/#listItem","position":3,"name":"Juncadella \u00abno esperaba\u00bb lograr el tercer mejor tiempo","previousItem":{"@type":"ListItem","@id":"https:\/\/www.eldigitaldeasturias.com\/noticias\/category\/actualidad\/#listItem","name":"Actualidad"}}]},{"@type":"Organization","@id":"https:\/\/www.eldigitaldeasturias.com\/noticias\/#organization","name":"El Digital de Asturias","description":"Hemeroteca","url":"https:\/\/www.eldigitaldeasturias.com\/noticias\/","email":"info@eldigitaldeasturias.com","telephone":"+34652131393","logo":{"@type":"ImageObject","url":"https:\/\/www.eldigitaldeasturias.com\/noticias\/wp-content\/uploads\/2020\/12\/EDA.jpg","@id":"https:\/\/www.eldigitaldeasturias.com\/noticias\/juncadella-no-esperaba-lograr-el-tercer-mejor-tiempo\/#organizationLogo"},"image":{"@id":"https:\/\/www.eldigitaldeasturias.com\/noticias\/juncadella-no-esperaba-lograr-el-tercer-mejor-tiempo\/#organizationLogo"},"sameAs":["https:\/\/facebook.com\/eldigitaldeasturias","https:\/\/www.youtube.com\/channel\/UCZP-2wLEB9Rv6erhFmqVnvg"],"address":{"@id":"https:\/\/www.eldigitaldeasturias.com\/noticias\/#postaladdress","@type":"PostalAddress","streetAddress":"san antonio 4","postalCode":"33430","addressLocality":"Cand\u00e1s","addressRegion":"Asturias","addressCountry":"ES"}},{"@type":"Person","@id":"https:\/\/www.eldigitaldeasturias.com\/noticias\/author\/admin\/#author","url":"https:\/\/www.eldigitaldeasturias.com\/noticias\/author\/admin\/","name":"El Digital de Asturias","image":{"@type":"ImageObject","@id":"https:\/\/www.eldigitaldeasturias.com\/noticias\/juncadella-no-esperaba-lograr-el-tercer-mejor-tiempo\/#authorImage","url":"https:\/\/secure.gravatar.com\/avatar\/df2aeffc32bcd13f8d26072ef8a91b623d677766deac7f97ca815868cd41bf5e?s=96&d=mm&r=g","width":96,"height":96,"caption":"El Digital de Asturias"}},{"@type":"WebPage","@id":"https:\/\/www.eldigitaldeasturias.com\/noticias\/juncadella-no-esperaba-lograr-el-tercer-mejor-tiempo\/#webpage","url":"https:\/\/www.eldigitaldeasturias.com\/noticias\/juncadella-no-esperaba-lograr-el-tercer-mejor-tiempo\/","name":"Juncadella \u00abno esperaba\u00bb lograr el tercer mejor tiempo - El Digital de Asturias","description":"Jerez de la Frontera (C\u00e1diz), 31 ene (EFE).- El piloto espa\u00f1ol Daniel Juncadella, probador que se ha estrenado hoy en el Circuito de Jerez conduciendo un monoplaza Force India en los primeros entrenamientos oficiales de pretemporada, ha reconocido que \"no esperaba\" conseguir el tercer mejor tiempo de la jornada, con 1:29.457. El joven, de 22","inLanguage":"es-ES","isPartOf":{"@id":"https:\/\/www.eldigitaldeasturias.com\/noticias\/#website"},"breadcrumb":{"@id":"https:\/\/www.eldigitaldeasturias.com\/noticias\/juncadella-no-esperaba-lograr-el-tercer-mejor-tiempo\/#breadcrumblist"},"author":{"@id":"https:\/\/www.eldigitaldeasturias.com\/noticias\/author\/admin\/#author"},"creator":{"@id":"https:\/\/www.eldigitaldeasturias.com\/noticias\/author\/admin\/#author"},"image":{"@type":"ImageObject","url":"https:\/\/www.eldigitaldeasturias.com\/noticias\/wp-content\/uploads\/2026\/06\/Contenidos.jpg","@id":"https:\/\/www.eldigitaldeasturias.com\/noticias\/juncadella-no-esperaba-lograr-el-tercer-mejor-tiempo\/#mainImage","width":1265,"height":697,"caption":"Contenidos"},"primaryImageOfPage":{"@id":"https:\/\/www.eldigitaldeasturias.com\/noticias\/juncadella-no-esperaba-lograr-el-tercer-mejor-tiempo\/#mainImage"},"datePublished":"2014-01-31T23:50:31+01:00","dateModified":"2014-01-31T23:50:31+01:00"},{"@type":"WebSite","@id":"https:\/\/www.eldigitaldeasturias.com\/noticias\/#website","url":"https:\/\/www.eldigitaldeasturias.com\/noticias\/","name":"El Digital de Asturias - Diario de actualidad y noticias","alternateName":"El Digital de Asturias - Diario de actualidad y noticias","description":"Hemeroteca","inLanguage":"es-ES","publisher":{"@id":"https:\/\/www.eldigitaldeasturias.com\/noticias\/#organization"}}]},"og:locale":"es_ES","og:site_name":"El Digital de Asturias","og:type":"article","og:title":"Juncadella \u00abno esperaba\u00bb lograr el tercer mejor tiempo - El Digital de Asturias","og:description":"Jerez de la Frontera (C\u00e1diz), 31 ene (EFE).- El piloto espa\u00f1ol Daniel Juncadella, probador que se ha estrenado hoy en el Circuito de Jerez conduciendo un monoplaza Force India en los primeros entrenamientos oficiales de pretemporada, ha reconocido que &quot;no esperaba&quot; conseguir el tercer mejor tiempo de la jornada, con 1:29.457. El joven, de 22","og:url":"https:\/\/www.eldigitaldeasturias.com\/noticias\/juncadella-no-esperaba-lograr-el-tercer-mejor-tiempo\/","og:image":"https:\/\/www.eldigitaldeasturias.com\/noticias\/wp-content\/uploads\/2026\/06\/Contenidos.jpg","og:image:secure_url":"https:\/\/www.eldigitaldeasturias.com\/noticias\/wp-content\/uploads\/2026\/06\/Contenidos.jpg","og:image:width":1265,"og:image:height":697,"article:tag":["actualidad"],"article:published_time":"2014-02-01T00:50:31+00:00","article:modified_time":"2014-02-01T00:50:31+00:00","article:publisher":"https:\/\/facebook.com\/eldigitaldeasturias","twitter:card":"summary_large_image","twitter:title":"Juncadella \u00abno esperaba\u00bb lograr el tercer mejor tiempo - El Digital de Asturias","twitter:description":"Jerez de la Frontera (C\u00e1diz), 31 ene (EFE).- El piloto espa\u00f1ol Daniel Juncadella, probador que se ha estrenado hoy en el Circuito de Jerez conduciendo un monoplaza Force India en los primeros entrenamientos oficiales de pretemporada, ha reconocido que &quot;no esperaba&quot; conseguir el tercer mejor tiempo de la jornada, con 1:29.457. El joven, de 22","twitter:image":"https:\/\/www.eldigitaldeasturias.com\/noticias\/wp-content\/uploads\/2026\/06\/Contenidos.jpg","twitter:label1":"Escrito por","twitter:data1":"El Digital de Asturias","twitter:label2":"Tiempo de lectura estimado","twitter:data2":"1 minuto"},"aioseo_meta_data":{"post_id":"481483","title":null,"description":null,"keywords":null,"keyphrases":null,"primary_term":null,"canonical_url":null,"og_title":null,"og_description":null,"og_object_type":"default","og_image_type":"default","og_image_url":null,"og_image_width":null,"og_image_height":null,"og_image_custom_url":null,"og_image_custom_fields":null,"og_video":null,"og_custom_url":null,"og_article_section":null,"og_article_tags":null,"twitter_use_og":true,"twitter_card":"default","twitter_image_type":"default","twitter_image_url":null,"twitter_image_custom_url":null,"twitter_image_custom_fields":null,"twitter_title":null,"twitter_description":null,"schema":{"blockGraphs":[],"customGraphs":[],"default":{"data":{"Article":[],"Course":[],"Dataset":[],"FAQPage":[],"Movie":[],"Person":[],"Product":[],"ProductReview":[],"Car":[],"Recipe":[],"Service":[],"SoftwareApplication":[],"WebPage":[]},"graphName":"","isEnabled":true},"graphs":[],"defaultGraph":"","defaultPostTypeGraph":""},"schema_type":null,"schema_type_options":null,"pillar_content":false,"robots_default":true,"robots_noindex":false,"robots_noarchive":false,"robots_nosnippet":false,"robots_nofollow":false,"robots_noimageindex":false,"robots_noodp":false,"robots_notranslate":false,"robots_max_snippet":null,"robots_max_videopreview":null,"robots_max_imagepreview":"none","priority":null,"frequency":null,"local_seo":null,"seo_analyzer_scan_date":"2026-06-02 06:55:55","breadcrumb_settings":null,"limit_modified_date":false,"open_ai":null,"ai":null,"created":"2020-11-14 22:54:20","updated":"2026-06-02 06:55:55","focus_keyword":null,"additional_keywords":null,"truseo_locale":null},"aioseo_breadcrumb":"<div class=\"aioseo-breadcrumbs\"><span class=\"aioseo-breadcrumb\">\n\t<a href=\"https:\/\/www.eldigitaldeasturias.com\/noticias\" title=\"Home\">Home<\/a>\n<\/span><span class=\"aioseo-breadcrumb-separator\">\u2013<\/span><span class=\"aioseo-breadcrumb\">\n\t<a href=\"https:\/\/www.eldigitaldeasturias.com\/noticias\/category\/actualidad\/\" title=\"Actualidad\">Actualidad<\/a>\n<\/span><span class=\"aioseo-breadcrumb-separator\">\u2013<\/span><span class=\"aioseo-breadcrumb\">\n\t<a href=\"https:\/\/www.eldigitaldeasturias.com\/noticias\/juncadella-no-esperaba-lograr-el-tercer-mejor-tiempo\/\" title=\"Juncadella \u00abno esperaba\u00bb lograr el tercer mejor tiempo\">Juncadella \u00abno esperaba\u00bb lograr el tercer mejor tiempo<\/a>\n<\/span><\/div>","aioseo_breadcrumb_json":[{"label":"Home","link":"https:\/\/www.eldigitaldeasturias.com\/noticias"},{"label":"Actualidad","link":"https:\/\/www.eldigitaldeasturias.com\/noticias\/category\/actualidad\/"},{"label":"Juncadella \u00abno esperaba\u00bb lograr el tercer mejor tiempo","link":"https:\/\/www.eldigitaldeasturias.com\/noticias\/juncadella-no-esperaba-lograr-el-tercer-mejor-tiempo\/"}],"_links":{"self":[{"href":"https:\/\/www.eldigitaldeasturias.com\/noticias\/wp-json\/wp\/v2\/posts\/481483","targetHints":{"allow":["GET"]}}],"collection":[{"href":"https:\/\/www.eldigitaldeasturias.com\/noticias\/wp-json\/wp\/v2\/posts"}],"about":[{"href":"https:\/\/www.eldigitaldeasturias.com\/noticias\/wp-json\/wp\/v2\/types\/post"}],"author":[{"embeddable":true,"href":"https:\/\/www.eldigitaldeasturias.com\/noticias\/wp-json\/wp\/v2\/users\/1"}],"replies":[{"embeddable":true,"href":"https:\/\/www.eldigitaldeasturias.com\/noticias\/wp-json\/wp\/v2\/comments?post=481483"}],"version-history":[{"count":0,"href":"https:\/\/www.eldigitaldeasturias.com\/noticias\/wp-json\/wp\/v2\/posts\/481483\/revisions"}],"wp:featuredmedia":[{"embeddable":true,"href":"https:\/\/www.eldigitaldeasturias.com\/noticias\/wp-json\/wp\/v2\/media\/1132184"}],"wp:attachment":[{"href":"https:\/\/www.eldigitaldeasturias.com\/noticias\/wp-json\/wp\/v2\/media?parent=481483"}],"wp:term":[{"taxonomy":"category","embeddable":true,"href":"https:\/\/www.eldigitaldeasturias.com\/noticias\/wp-json\/wp\/v2\/categories?post=481483"},{"taxonomy":"post_tag","embeddable":true,"href":"https:\/\/www.eldigitaldeasturias.com\/noticias\/wp-json\/wp\/v2\/tags?post=481483"}],"curies":[{"name":"wp","href":"https:\/\/api.w.org\/{rel}","templated":true}]}}