{"id":481462,"date":"2014-01-31T23:40:14","date_gmt":"2014-02-01T00:40:14","guid":{"rendered":"http:\/\/www.eldigitaldeasturias.com\/noticias\/?p=481462"},"modified":"2014-01-31T23:40:14","modified_gmt":"2014-02-01T00:40:14","slug":"las-negociaciones-sobre-el-programa-nuclear-irani-se-reanudan-el-18-febrero-en-viena","status":"publish","type":"post","link":"https:\/\/www.eldigitaldeasturias.com\/noticias\/las-negociaciones-sobre-el-programa-nuclear-irani-se-reanudan-el-18-febrero-en-viena\/","title":{"rendered":"Las negociaciones sobre el programa nuclear iran\u00ed se reanudan el 18 febrero en Viena"},"content":{"rendered":"<p><img loading=\"lazy\" decoding=\"async\" class=\"alignleft size-medium wp-image-481463\" alt=\"5897291w\" src=\"https:\/\/www.eldigitaldeasturias.com\/noticias\/wp-content\/uploads\/2014\/01\/5897291w-360x239.jpg\" width=\"360\" height=\"239\" \/>M\u00fanich (Alemania), 31 ene (EFE).- La pr\u00f3xima ronda de negociaciones entre Ir\u00e1n y los cinco miembros permanentes del Consejo de Seguridad de la ONU m\u00e1s Alemania (G5+1) sobre el programa nuclear iran\u00ed ser\u00e1 el pr\u00f3ximo 18 de febrero en Viena, inform\u00f3 hoy la jefa de la diplomacia de la UE, Catherine Ashton.<\/p>\n<p>La responsable de la pol\u00edtica exterior y de seguridad comunitaria acord\u00f3 esta fecha hoy con el ministro de Exteriores iran\u00ed, Mohamed Yavad Zarif, en un encuentro mantenido en el marco de la Conferencia de Seguridad de M\u00fanich, en la que ambos participan.<\/p>\n<p>\u00abTuvimos una reuni\u00f3n muy interesante y el resultado m\u00e1s importante en este momento es que hemos acordado que comenzaremos las conversaciones entre el G5+1 e Ir\u00e1n el 18 de febrero en la sede de las Naciones Unidas en Viena\u00bb, inform\u00f3 Ashton en un comunicado.<\/p>\n<p>En virtud del pacto preliminar alcanzado el 24 de noviembre entre las potencias del 5+1 e Ir\u00e1n, el Gobierno iran\u00ed congel\u00f3 este mes los aspectos m\u00e1s pol\u00e9micos de su programa nuclear a cambio de un alivio moderado del r\u00e9gimen internacional de sanciones.<\/p>\n<p>Aquel pacto tiene una vigencia de seis meses, periodo durante el cual est\u00e1 previsto que las partes negocien un acuerdo definitivo que garantice a la comunidad internacional los fines pac\u00edficos del programa nuclear iran\u00ed.<\/p>\n","protected":false},"excerpt":{"rendered":"<p>M\u00fanich (Alemania), 31 ene (EFE).- La pr\u00f3xima ronda de negociaciones entre Ir\u00e1n y los cinco miembros permanentes del Consejo de Seguridad de la ONU m\u00e1s Alemania (G5+1) sobre el programa nuclear iran\u00ed ser\u00e1 el pr\u00f3ximo 18 de febrero en Viena, inform\u00f3 hoy la jefa de la diplomacia de la UE, Catherine Ashton. La responsable de [&hellip;]<\/p>\n","protected":false},"author":1,"featured_media":1132184,"comment_status":"closed","ping_status":"open","sticky":false,"template":"","format":"standard","meta":{"footnotes":""},"categories":[1],"tags":[],"class_list":["post-481462","post","type-post","status-publish","format-standard","has-post-thumbnail","hentry","category-actualidad"],"aioseo_notices":[],"aioseo_head":"\n\t\t<!-- All in One SEO Pro 5.0.1 - aioseo.com -->\n\t<meta name=\"description\" content=\"M\u00fanich (Alemania), 31 ene (EFE).- La pr\u00f3xima ronda de negociaciones entre Ir\u00e1n y los cinco miembros permanentes del Consejo de Seguridad de la ONU m\u00e1s Alemania (G5+1) sobre el programa nuclear iran\u00ed ser\u00e1 el pr\u00f3ximo 18 de febrero en Viena, inform\u00f3 hoy la jefa de la diplomacia de la UE, Catherine Ashton. La responsable de\" \/>\n\t<meta name=\"robots\" content=\"max-image-preview:large\" \/>\n\t<meta name=\"author\" content=\"El Digital de Asturias\"\/>\n\t<meta name=\"google-site-verification\" content=\"UA-38556648-1\" \/>\n\t<meta name=\"msvalidate.01\" content=\"7dfe9f3f1b24437ab69f4f2559babe99\" \/>\n\t<meta name=\"keywords\" content=\"actualidad\" \/>\n\t<link rel=\"canonical\" href=\"https:\/\/www.eldigitaldeasturias.com\/noticias\/las-negociaciones-sobre-el-programa-nuclear-irani-se-reanudan-el-18-febrero-en-viena\/\" \/>\n\t<meta name=\"generator\" content=\"All in One SEO Pro (AIOSEO) 5.0.1\" \/>\n\t\t<meta property=\"og:locale\" content=\"es_ES\" \/>\n\t\t<meta property=\"og:site_name\" content=\"El Digital de Asturias\" \/>\n\t\t<meta property=\"og:type\" content=\"article\" \/>\n\t\t<meta property=\"og:title\" content=\"Las negociaciones sobre el programa nuclear iran\u00ed se reanudan el 18 febrero en Viena - El Digital de Asturias\" \/>\n\t\t<meta property=\"og:description\" content=\"M\u00fanich (Alemania), 31 ene (EFE).- La pr\u00f3xima ronda de negociaciones entre Ir\u00e1n y los cinco miembros permanentes del Consejo de Seguridad de la ONU m\u00e1s Alemania (G5+1) sobre el programa nuclear iran\u00ed ser\u00e1 el pr\u00f3ximo 18 de febrero en Viena, inform\u00f3 hoy la jefa de la diplomacia de la UE, Catherine Ashton. La responsable de\" \/>\n\t\t<meta property=\"og:url\" content=\"https:\/\/www.eldigitaldeasturias.com\/noticias\/las-negociaciones-sobre-el-programa-nuclear-irani-se-reanudan-el-18-febrero-en-viena\/\" \/>\n\t\t<meta property=\"og:image\" content=\"https:\/\/www.eldigitaldeasturias.com\/noticias\/wp-content\/uploads\/2026\/06\/Contenidos.jpg\" \/>\n\t\t<meta property=\"og:image:secure_url\" content=\"https:\/\/www.eldigitaldeasturias.com\/noticias\/wp-content\/uploads\/2026\/06\/Contenidos.jpg\" \/>\n\t\t<meta property=\"og:image:width\" content=\"1265\" \/>\n\t\t<meta property=\"og:image:height\" content=\"697\" \/>\n\t\t<meta property=\"article:tag\" content=\"actualidad\" \/>\n\t\t<meta property=\"article:published_time\" content=\"2014-02-01T00:40:14+00:00\" \/>\n\t\t<meta property=\"article:modified_time\" content=\"2014-02-01T00:40:14+00:00\" \/>\n\t\t<meta property=\"article:publisher\" content=\"https:\/\/facebook.com\/eldigitaldeasturias\" \/>\n\t\t<meta name=\"twitter:card\" content=\"summary_large_image\" \/>\n\t\t<meta name=\"twitter:title\" content=\"Las negociaciones sobre el programa nuclear iran\u00ed se reanudan el 18 febrero en Viena - El Digital de Asturias\" \/>\n\t\t<meta name=\"twitter:description\" content=\"M\u00fanich (Alemania), 31 ene (EFE).- La pr\u00f3xima ronda de negociaciones entre Ir\u00e1n y los cinco miembros permanentes del Consejo de Seguridad de la ONU m\u00e1s Alemania (G5+1) sobre el programa nuclear iran\u00ed ser\u00e1 el pr\u00f3ximo 18 de febrero en Viena, inform\u00f3 hoy la jefa de la diplomacia de la UE, Catherine Ashton. La responsable de\" \/>\n\t\t<meta name=\"twitter:image\" content=\"https:\/\/www.eldigitaldeasturias.com\/noticias\/wp-content\/uploads\/2026\/06\/Contenidos.jpg\" \/>\n\t\t<meta name=\"twitter:label1\" content=\"Escrito por\" \/>\n\t\t<meta name=\"twitter:data1\" content=\"El Digital de Asturias\" \/>\n\t\t<meta name=\"twitter:label2\" content=\"Tiempo de lectura estimado\" \/>\n\t\t<meta name=\"twitter:data2\" content=\"1 minuto\" \/>\n\t\t<script type=\"application\/ld+json\" class=\"aioseo-schema\">\n\t\t\t{\"@context\":\"https:\\\/\\\/schema.org\",\"@graph\":[{\"@type\":\"BlogPosting\",\"@id\":\"https:\\\/\\\/www.eldigitaldeasturias.com\\\/noticias\\\/las-negociaciones-sobre-el-programa-nuclear-irani-se-reanudan-el-18-febrero-en-viena\\\/#blogposting\",\"name\":\"Las negociaciones sobre el programa nuclear iran\\u00ed se reanudan el 18 febrero en Viena - El Digital de Asturias\",\"headline\":\"Las negociaciones sobre el programa nuclear iran\\u00ed se reanudan el 18 febrero en Viena\",\"author\":{\"@id\":\"https:\\\/\\\/www.eldigitaldeasturias.com\\\/noticias\\\/author\\\/admin\\\/#author\"},\"publisher\":{\"@id\":\"https:\\\/\\\/www.eldigitaldeasturias.com\\\/noticias\\\/#organization\"},\"image\":{\"@type\":\"ImageObject\",\"url\":\"https:\\\/\\\/www.eldigitaldeasturias.com\\\/noticias\\\/wp-content\\\/uploads\\\/2026\\\/06\\\/Contenidos.jpg\",\"width\":1265,\"height\":697,\"caption\":\"Contenidos\"},\"datePublished\":\"2014-01-31T23:40:14+01:00\",\"dateModified\":\"2014-01-31T23:40:14+01:00\",\"inLanguage\":\"es-ES\",\"mainEntityOfPage\":{\"@id\":\"https:\\\/\\\/www.eldigitaldeasturias.com\\\/noticias\\\/las-negociaciones-sobre-el-programa-nuclear-irani-se-reanudan-el-18-febrero-en-viena\\\/#webpage\"},\"isPartOf\":{\"@id\":\"https:\\\/\\\/www.eldigitaldeasturias.com\\\/noticias\\\/las-negociaciones-sobre-el-programa-nuclear-irani-se-reanudan-el-18-febrero-en-viena\\\/#webpage\"},\"articleSection\":\"Actualidad\"},{\"@type\":\"BreadcrumbList\",\"@id\":\"https:\\\/\\\/www.eldigitaldeasturias.com\\\/noticias\\\/las-negociaciones-sobre-el-programa-nuclear-irani-se-reanudan-el-18-febrero-en-viena\\\/#breadcrumblist\",\"itemListElement\":[{\"@type\":\"ListItem\",\"@id\":\"https:\\\/\\\/www.eldigitaldeasturias.com\\\/noticias#listItem\",\"position\":1,\"name\":\"Home\",\"item\":\"https:\\\/\\\/www.eldigitaldeasturias.com\\\/noticias\",\"nextItem\":{\"@type\":\"ListItem\",\"@id\":\"https:\\\/\\\/www.eldigitaldeasturias.com\\\/noticias\\\/category\\\/actualidad\\\/#listItem\",\"name\":\"Actualidad\"}},{\"@type\":\"ListItem\",\"@id\":\"https:\\\/\\\/www.eldigitaldeasturias.com\\\/noticias\\\/category\\\/actualidad\\\/#listItem\",\"position\":2,\"name\":\"Actualidad\",\"item\":\"https:\\\/\\\/www.eldigitaldeasturias.com\\\/noticias\\\/category\\\/actualidad\\\/\",\"nextItem\":{\"@type\":\"ListItem\",\"@id\":\"https:\\\/\\\/www.eldigitaldeasturias.com\\\/noticias\\\/las-negociaciones-sobre-el-programa-nuclear-irani-se-reanudan-el-18-febrero-en-viena\\\/#listItem\",\"name\":\"Las negociaciones sobre el programa nuclear iran\\u00ed se reanudan el 18 febrero en Viena\"},\"previousItem\":{\"@type\":\"ListItem\",\"@id\":\"https:\\\/\\\/www.eldigitaldeasturias.com\\\/noticias#listItem\",\"name\":\"Home\"}},{\"@type\":\"ListItem\",\"@id\":\"https:\\\/\\\/www.eldigitaldeasturias.com\\\/noticias\\\/las-negociaciones-sobre-el-programa-nuclear-irani-se-reanudan-el-18-febrero-en-viena\\\/#listItem\",\"position\":3,\"name\":\"Las negociaciones sobre el programa nuclear iran\\u00ed se reanudan el 18 febrero en Viena\",\"previousItem\":{\"@type\":\"ListItem\",\"@id\":\"https:\\\/\\\/www.eldigitaldeasturias.com\\\/noticias\\\/category\\\/actualidad\\\/#listItem\",\"name\":\"Actualidad\"}}]},{\"@type\":\"Organization\",\"@id\":\"https:\\\/\\\/www.eldigitaldeasturias.com\\\/noticias\\\/#organization\",\"name\":\"El Digital de Asturias\",\"description\":\"Hemeroteca\",\"url\":\"https:\\\/\\\/www.eldigitaldeasturias.com\\\/noticias\\\/\",\"email\":\"info@eldigitaldeasturias.com\",\"telephone\":\"+34652131393\",\"logo\":{\"@type\":\"ImageObject\",\"url\":\"https:\\\/\\\/www.eldigitaldeasturias.com\\\/noticias\\\/wp-content\\\/uploads\\\/2020\\\/12\\\/EDA.jpg\",\"@id\":\"https:\\\/\\\/www.eldigitaldeasturias.com\\\/noticias\\\/las-negociaciones-sobre-el-programa-nuclear-irani-se-reanudan-el-18-febrero-en-viena\\\/#organizationLogo\"},\"image\":{\"@id\":\"https:\\\/\\\/www.eldigitaldeasturias.com\\\/noticias\\\/las-negociaciones-sobre-el-programa-nuclear-irani-se-reanudan-el-18-febrero-en-viena\\\/#organizationLogo\"},\"sameAs\":[\"https:\\\/\\\/facebook.com\\\/eldigitaldeasturias\",\"https:\\\/\\\/www.youtube.com\\\/channel\\\/UCZP-2wLEB9Rv6erhFmqVnvg\"],\"address\":{\"@id\":\"https:\\\/\\\/www.eldigitaldeasturias.com\\\/noticias\\\/#postaladdress\",\"@type\":\"PostalAddress\",\"streetAddress\":\"san antonio 4\",\"postalCode\":\"33430\",\"addressLocality\":\"Cand\\u00e1s\",\"addressRegion\":\"Asturias\",\"addressCountry\":\"ES\"}},{\"@type\":\"Person\",\"@id\":\"https:\\\/\\\/www.eldigitaldeasturias.com\\\/noticias\\\/author\\\/admin\\\/#author\",\"url\":\"https:\\\/\\\/www.eldigitaldeasturias.com\\\/noticias\\\/author\\\/admin\\\/\",\"name\":\"El Digital de Asturias\",\"image\":{\"@type\":\"ImageObject\",\"@id\":\"https:\\\/\\\/www.eldigitaldeasturias.com\\\/noticias\\\/las-negociaciones-sobre-el-programa-nuclear-irani-se-reanudan-el-18-febrero-en-viena\\\/#authorImage\",\"url\":\"https:\\\/\\\/secure.gravatar.com\\\/avatar\\\/df2aeffc32bcd13f8d26072ef8a91b623d677766deac7f97ca815868cd41bf5e?s=96&d=mm&r=g\",\"width\":96,\"height\":96,\"caption\":\"El Digital de Asturias\"}},{\"@type\":\"WebPage\",\"@id\":\"https:\\\/\\\/www.eldigitaldeasturias.com\\\/noticias\\\/las-negociaciones-sobre-el-programa-nuclear-irani-se-reanudan-el-18-febrero-en-viena\\\/#webpage\",\"url\":\"https:\\\/\\\/www.eldigitaldeasturias.com\\\/noticias\\\/las-negociaciones-sobre-el-programa-nuclear-irani-se-reanudan-el-18-febrero-en-viena\\\/\",\"name\":\"Las negociaciones sobre el programa nuclear iran\\u00ed se reanudan el 18 febrero en Viena - El Digital de Asturias\",\"description\":\"M\\u00fanich (Alemania), 31 ene (EFE).- La pr\\u00f3xima ronda de negociaciones entre Ir\\u00e1n y los cinco miembros permanentes del Consejo de Seguridad de la ONU m\\u00e1s Alemania (G5+1) sobre el programa nuclear iran\\u00ed ser\\u00e1 el pr\\u00f3ximo 18 de febrero en Viena, inform\\u00f3 hoy la jefa de la diplomacia de la UE, Catherine Ashton. La responsable de\",\"inLanguage\":\"es-ES\",\"isPartOf\":{\"@id\":\"https:\\\/\\\/www.eldigitaldeasturias.com\\\/noticias\\\/#website\"},\"breadcrumb\":{\"@id\":\"https:\\\/\\\/www.eldigitaldeasturias.com\\\/noticias\\\/las-negociaciones-sobre-el-programa-nuclear-irani-se-reanudan-el-18-febrero-en-viena\\\/#breadcrumblist\"},\"author\":{\"@id\":\"https:\\\/\\\/www.eldigitaldeasturias.com\\\/noticias\\\/author\\\/admin\\\/#author\"},\"creator\":{\"@id\":\"https:\\\/\\\/www.eldigitaldeasturias.com\\\/noticias\\\/author\\\/admin\\\/#author\"},\"image\":{\"@type\":\"ImageObject\",\"url\":\"https:\\\/\\\/www.eldigitaldeasturias.com\\\/noticias\\\/wp-content\\\/uploads\\\/2026\\\/06\\\/Contenidos.jpg\",\"@id\":\"https:\\\/\\\/www.eldigitaldeasturias.com\\\/noticias\\\/las-negociaciones-sobre-el-programa-nuclear-irani-se-reanudan-el-18-febrero-en-viena\\\/#mainImage\",\"width\":1265,\"height\":697,\"caption\":\"Contenidos\"},\"primaryImageOfPage\":{\"@id\":\"https:\\\/\\\/www.eldigitaldeasturias.com\\\/noticias\\\/las-negociaciones-sobre-el-programa-nuclear-irani-se-reanudan-el-18-febrero-en-viena\\\/#mainImage\"},\"datePublished\":\"2014-01-31T23:40:14+01:00\",\"dateModified\":\"2014-01-31T23:40:14+01:00\"},{\"@type\":\"WebSite\",\"@id\":\"https:\\\/\\\/www.eldigitaldeasturias.com\\\/noticias\\\/#website\",\"url\":\"https:\\\/\\\/www.eldigitaldeasturias.com\\\/noticias\\\/\",\"name\":\"El Digital de Asturias - Diario de actualidad y noticias\",\"alternateName\":\"El Digital de Asturias - Diario de actualidad y noticias\",\"description\":\"Hemeroteca\",\"inLanguage\":\"es-ES\",\"publisher\":{\"@id\":\"https:\\\/\\\/www.eldigitaldeasturias.com\\\/noticias\\\/#organization\"}}]}\n\t\t<\/script>\n\t\t<!-- All in One SEO Pro -->\r\n\t\t<title>Las negociaciones sobre el programa nuclear iran\u00ed se reanudan el 18 febrero en Viena - El Digital de Asturias<\/title>\n\n","aioseo_head_json":{"title":"Las negociaciones sobre el programa nuclear iran\u00ed se reanudan el 18 febrero en Viena - El Digital de Asturias","description":"M\u00fanich (Alemania), 31 ene (EFE).- La pr\u00f3xima ronda de negociaciones entre Ir\u00e1n y los cinco miembros permanentes del Consejo de Seguridad de la ONU m\u00e1s Alemania (G5+1) sobre el programa nuclear iran\u00ed ser\u00e1 el pr\u00f3ximo 18 de febrero en Viena, inform\u00f3 hoy la jefa de la diplomacia de la UE, Catherine Ashton. La responsable de","canonical_url":"https:\/\/www.eldigitaldeasturias.com\/noticias\/las-negociaciones-sobre-el-programa-nuclear-irani-se-reanudan-el-18-febrero-en-viena\/","robots":"max-image-preview:large","keywords":"actualidad","webmasterTools":{"google-site-verification":"UA-38556648-1","msvalidate.01":"7dfe9f3f1b24437ab69f4f2559babe99","miscellaneous":""},"schema":{"@context":"https:\/\/schema.org","@graph":[{"@type":"BlogPosting","@id":"https:\/\/www.eldigitaldeasturias.com\/noticias\/las-negociaciones-sobre-el-programa-nuclear-irani-se-reanudan-el-18-febrero-en-viena\/#blogposting","name":"Las negociaciones sobre el programa nuclear iran\u00ed se reanudan el 18 febrero en Viena - El Digital de Asturias","headline":"Las negociaciones sobre el programa nuclear iran\u00ed se reanudan el 18 febrero en Viena","author":{"@id":"https:\/\/www.eldigitaldeasturias.com\/noticias\/author\/admin\/#author"},"publisher":{"@id":"https:\/\/www.eldigitaldeasturias.com\/noticias\/#organization"},"image":{"@type":"ImageObject","url":"https:\/\/www.eldigitaldeasturias.com\/noticias\/wp-content\/uploads\/2026\/06\/Contenidos.jpg","width":1265,"height":697,"caption":"Contenidos"},"datePublished":"2014-01-31T23:40:14+01:00","dateModified":"2014-01-31T23:40:14+01:00","inLanguage":"es-ES","mainEntityOfPage":{"@id":"https:\/\/www.eldigitaldeasturias.com\/noticias\/las-negociaciones-sobre-el-programa-nuclear-irani-se-reanudan-el-18-febrero-en-viena\/#webpage"},"isPartOf":{"@id":"https:\/\/www.eldigitaldeasturias.com\/noticias\/las-negociaciones-sobre-el-programa-nuclear-irani-se-reanudan-el-18-febrero-en-viena\/#webpage"},"articleSection":"Actualidad"},{"@type":"BreadcrumbList","@id":"https:\/\/www.eldigitaldeasturias.com\/noticias\/las-negociaciones-sobre-el-programa-nuclear-irani-se-reanudan-el-18-febrero-en-viena\/#breadcrumblist","itemListElement":[{"@type":"ListItem","@id":"https:\/\/www.eldigitaldeasturias.com\/noticias#listItem","position":1,"name":"Home","item":"https:\/\/www.eldigitaldeasturias.com\/noticias","nextItem":{"@type":"ListItem","@id":"https:\/\/www.eldigitaldeasturias.com\/noticias\/category\/actualidad\/#listItem","name":"Actualidad"}},{"@type":"ListItem","@id":"https:\/\/www.eldigitaldeasturias.com\/noticias\/category\/actualidad\/#listItem","position":2,"name":"Actualidad","item":"https:\/\/www.eldigitaldeasturias.com\/noticias\/category\/actualidad\/","nextItem":{"@type":"ListItem","@id":"https:\/\/www.eldigitaldeasturias.com\/noticias\/las-negociaciones-sobre-el-programa-nuclear-irani-se-reanudan-el-18-febrero-en-viena\/#listItem","name":"Las negociaciones sobre el programa nuclear iran\u00ed se reanudan el 18 febrero en Viena"},"previousItem":{"@type":"ListItem","@id":"https:\/\/www.eldigitaldeasturias.com\/noticias#listItem","name":"Home"}},{"@type":"ListItem","@id":"https:\/\/www.eldigitaldeasturias.com\/noticias\/las-negociaciones-sobre-el-programa-nuclear-irani-se-reanudan-el-18-febrero-en-viena\/#listItem","position":3,"name":"Las negociaciones sobre el programa nuclear iran\u00ed se reanudan el 18 febrero en Viena","previousItem":{"@type":"ListItem","@id":"https:\/\/www.eldigitaldeasturias.com\/noticias\/category\/actualidad\/#listItem","name":"Actualidad"}}]},{"@type":"Organization","@id":"https:\/\/www.eldigitaldeasturias.com\/noticias\/#organization","name":"El Digital de Asturias","description":"Hemeroteca","url":"https:\/\/www.eldigitaldeasturias.com\/noticias\/","email":"info@eldigitaldeasturias.com","telephone":"+34652131393","logo":{"@type":"ImageObject","url":"https:\/\/www.eldigitaldeasturias.com\/noticias\/wp-content\/uploads\/2020\/12\/EDA.jpg","@id":"https:\/\/www.eldigitaldeasturias.com\/noticias\/las-negociaciones-sobre-el-programa-nuclear-irani-se-reanudan-el-18-febrero-en-viena\/#organizationLogo"},"image":{"@id":"https:\/\/www.eldigitaldeasturias.com\/noticias\/las-negociaciones-sobre-el-programa-nuclear-irani-se-reanudan-el-18-febrero-en-viena\/#organizationLogo"},"sameAs":["https:\/\/facebook.com\/eldigitaldeasturias","https:\/\/www.youtube.com\/channel\/UCZP-2wLEB9Rv6erhFmqVnvg"],"address":{"@id":"https:\/\/www.eldigitaldeasturias.com\/noticias\/#postaladdress","@type":"PostalAddress","streetAddress":"san antonio 4","postalCode":"33430","addressLocality":"Cand\u00e1s","addressRegion":"Asturias","addressCountry":"ES"}},{"@type":"Person","@id":"https:\/\/www.eldigitaldeasturias.com\/noticias\/author\/admin\/#author","url":"https:\/\/www.eldigitaldeasturias.com\/noticias\/author\/admin\/","name":"El Digital de Asturias","image":{"@type":"ImageObject","@id":"https:\/\/www.eldigitaldeasturias.com\/noticias\/las-negociaciones-sobre-el-programa-nuclear-irani-se-reanudan-el-18-febrero-en-viena\/#authorImage","url":"https:\/\/secure.gravatar.com\/avatar\/df2aeffc32bcd13f8d26072ef8a91b623d677766deac7f97ca815868cd41bf5e?s=96&d=mm&r=g","width":96,"height":96,"caption":"El Digital de Asturias"}},{"@type":"WebPage","@id":"https:\/\/www.eldigitaldeasturias.com\/noticias\/las-negociaciones-sobre-el-programa-nuclear-irani-se-reanudan-el-18-febrero-en-viena\/#webpage","url":"https:\/\/www.eldigitaldeasturias.com\/noticias\/las-negociaciones-sobre-el-programa-nuclear-irani-se-reanudan-el-18-febrero-en-viena\/","name":"Las negociaciones sobre el programa nuclear iran\u00ed se reanudan el 18 febrero en Viena - El Digital de Asturias","description":"M\u00fanich (Alemania), 31 ene (EFE).- La pr\u00f3xima ronda de negociaciones entre Ir\u00e1n y los cinco miembros permanentes del Consejo de Seguridad de la ONU m\u00e1s Alemania (G5+1) sobre el programa nuclear iran\u00ed ser\u00e1 el pr\u00f3ximo 18 de febrero en Viena, inform\u00f3 hoy la jefa de la diplomacia de la UE, Catherine Ashton. La responsable de","inLanguage":"es-ES","isPartOf":{"@id":"https:\/\/www.eldigitaldeasturias.com\/noticias\/#website"},"breadcrumb":{"@id":"https:\/\/www.eldigitaldeasturias.com\/noticias\/las-negociaciones-sobre-el-programa-nuclear-irani-se-reanudan-el-18-febrero-en-viena\/#breadcrumblist"},"author":{"@id":"https:\/\/www.eldigitaldeasturias.com\/noticias\/author\/admin\/#author"},"creator":{"@id":"https:\/\/www.eldigitaldeasturias.com\/noticias\/author\/admin\/#author"},"image":{"@type":"ImageObject","url":"https:\/\/www.eldigitaldeasturias.com\/noticias\/wp-content\/uploads\/2026\/06\/Contenidos.jpg","@id":"https:\/\/www.eldigitaldeasturias.com\/noticias\/las-negociaciones-sobre-el-programa-nuclear-irani-se-reanudan-el-18-febrero-en-viena\/#mainImage","width":1265,"height":697,"caption":"Contenidos"},"primaryImageOfPage":{"@id":"https:\/\/www.eldigitaldeasturias.com\/noticias\/las-negociaciones-sobre-el-programa-nuclear-irani-se-reanudan-el-18-febrero-en-viena\/#mainImage"},"datePublished":"2014-01-31T23:40:14+01:00","dateModified":"2014-01-31T23:40:14+01:00"},{"@type":"WebSite","@id":"https:\/\/www.eldigitaldeasturias.com\/noticias\/#website","url":"https:\/\/www.eldigitaldeasturias.com\/noticias\/","name":"El Digital de Asturias - Diario de actualidad y noticias","alternateName":"El Digital de Asturias - Diario de actualidad y noticias","description":"Hemeroteca","inLanguage":"es-ES","publisher":{"@id":"https:\/\/www.eldigitaldeasturias.com\/noticias\/#organization"}}]},"og:locale":"es_ES","og:site_name":"El Digital de Asturias","og:type":"article","og:title":"Las negociaciones sobre el programa nuclear iran\u00ed se reanudan el 18 febrero en Viena - El Digital de Asturias","og:description":"M\u00fanich (Alemania), 31 ene (EFE).- La pr\u00f3xima ronda de negociaciones entre Ir\u00e1n y los cinco miembros permanentes del Consejo de Seguridad de la ONU m\u00e1s Alemania (G5+1) sobre el programa nuclear iran\u00ed ser\u00e1 el pr\u00f3ximo 18 de febrero en Viena, inform\u00f3 hoy la jefa de la diplomacia de la UE, Catherine Ashton. La responsable de","og:url":"https:\/\/www.eldigitaldeasturias.com\/noticias\/las-negociaciones-sobre-el-programa-nuclear-irani-se-reanudan-el-18-febrero-en-viena\/","og:image":"https:\/\/www.eldigitaldeasturias.com\/noticias\/wp-content\/uploads\/2026\/06\/Contenidos.jpg","og:image:secure_url":"https:\/\/www.eldigitaldeasturias.com\/noticias\/wp-content\/uploads\/2026\/06\/Contenidos.jpg","og:image:width":1265,"og:image:height":697,"article:tag":["actualidad"],"article:published_time":"2014-02-01T00:40:14+00:00","article:modified_time":"2014-02-01T00:40:14+00:00","article:publisher":"https:\/\/facebook.com\/eldigitaldeasturias","twitter:card":"summary_large_image","twitter:title":"Las negociaciones sobre el programa nuclear iran\u00ed se reanudan el 18 febrero en Viena - El Digital de Asturias","twitter:description":"M\u00fanich (Alemania), 31 ene (EFE).- La pr\u00f3xima ronda de negociaciones entre Ir\u00e1n y los cinco miembros permanentes del Consejo de Seguridad de la ONU m\u00e1s Alemania (G5+1) sobre el programa nuclear iran\u00ed ser\u00e1 el pr\u00f3ximo 18 de febrero en Viena, inform\u00f3 hoy la jefa de la diplomacia de la UE, Catherine Ashton. La responsable de","twitter:image":"https:\/\/www.eldigitaldeasturias.com\/noticias\/wp-content\/uploads\/2026\/06\/Contenidos.jpg","twitter:label1":"Escrito por","twitter:data1":"El Digital de Asturias","twitter:label2":"Tiempo de lectura estimado","twitter:data2":"1 minuto"},"aioseo_meta_data":{"post_id":"481462","title":null,"description":null,"keywords":null,"keyphrases":null,"primary_term":null,"canonical_url":null,"og_title":null,"og_description":null,"og_object_type":"default","og_image_type":"default","og_image_url":null,"og_image_width":null,"og_image_height":null,"og_image_custom_url":null,"og_image_custom_fields":null,"og_video":null,"og_custom_url":null,"og_article_section":null,"og_article_tags":null,"twitter_use_og":true,"twitter_card":"default","twitter_image_type":"default","twitter_image_url":null,"twitter_image_custom_url":null,"twitter_image_custom_fields":null,"twitter_title":null,"twitter_description":null,"schema":{"blockGraphs":[],"customGraphs":[],"default":{"data":{"Article":[],"Course":[],"Dataset":[],"FAQPage":[],"Movie":[],"Person":[],"Product":[],"ProductReview":[],"Car":[],"Recipe":[],"Service":[],"SoftwareApplication":[],"WebPage":[]},"graphName":"","isEnabled":true},"graphs":[],"defaultGraph":"","defaultPostTypeGraph":""},"schema_type":null,"schema_type_options":null,"pillar_content":false,"robots_default":true,"robots_noindex":false,"robots_noarchive":false,"robots_nosnippet":false,"robots_nofollow":false,"robots_noimageindex":false,"robots_noodp":false,"robots_notranslate":false,"robots_max_snippet":null,"robots_max_videopreview":null,"robots_max_imagepreview":"none","priority":null,"frequency":null,"local_seo":null,"seo_analyzer_scan_date":"2026-06-02 06:51:44","breadcrumb_settings":null,"limit_modified_date":false,"open_ai":null,"ai":null,"created":"2020-11-14 22:54:20","updated":"2026-06-02 06:51:44","focus_keyword":null,"additional_keywords":null,"truseo_locale":null},"aioseo_breadcrumb":"<div class=\"aioseo-breadcrumbs\"><span class=\"aioseo-breadcrumb\">\n\t<a href=\"https:\/\/www.eldigitaldeasturias.com\/noticias\" title=\"Home\">Home<\/a>\n<\/span><span class=\"aioseo-breadcrumb-separator\">\u2013<\/span><span class=\"aioseo-breadcrumb\">\n\t<a href=\"https:\/\/www.eldigitaldeasturias.com\/noticias\/category\/actualidad\/\" title=\"Actualidad\">Actualidad<\/a>\n<\/span><span class=\"aioseo-breadcrumb-separator\">\u2013<\/span><span class=\"aioseo-breadcrumb\">\n\t<a href=\"https:\/\/www.eldigitaldeasturias.com\/noticias\/las-negociaciones-sobre-el-programa-nuclear-irani-se-reanudan-el-18-febrero-en-viena\/\" title=\"Las negociaciones sobre el programa nuclear iran\u00ed se reanudan el 18 febrero en Viena\">Las negociaciones sobre el programa nuclear iran\u00ed se reanudan el 18 febrero en Viena<\/a>\n<\/span><\/div>","aioseo_breadcrumb_json":[{"label":"Home","link":"https:\/\/www.eldigitaldeasturias.com\/noticias"},{"label":"Actualidad","link":"https:\/\/www.eldigitaldeasturias.com\/noticias\/category\/actualidad\/"},{"label":"Las negociaciones sobre el programa nuclear iran\u00ed se reanudan el 18 febrero en Viena","link":"https:\/\/www.eldigitaldeasturias.com\/noticias\/las-negociaciones-sobre-el-programa-nuclear-irani-se-reanudan-el-18-febrero-en-viena\/"}],"_links":{"self":[{"href":"https:\/\/www.eldigitaldeasturias.com\/noticias\/wp-json\/wp\/v2\/posts\/481462","targetHints":{"allow":["GET"]}}],"collection":[{"href":"https:\/\/www.eldigitaldeasturias.com\/noticias\/wp-json\/wp\/v2\/posts"}],"about":[{"href":"https:\/\/www.eldigitaldeasturias.com\/noticias\/wp-json\/wp\/v2\/types\/post"}],"author":[{"embeddable":true,"href":"https:\/\/www.eldigitaldeasturias.com\/noticias\/wp-json\/wp\/v2\/users\/1"}],"replies":[{"embeddable":true,"href":"https:\/\/www.eldigitaldeasturias.com\/noticias\/wp-json\/wp\/v2\/comments?post=481462"}],"version-history":[{"count":0,"href":"https:\/\/www.eldigitaldeasturias.com\/noticias\/wp-json\/wp\/v2\/posts\/481462\/revisions"}],"wp:featuredmedia":[{"embeddable":true,"href":"https:\/\/www.eldigitaldeasturias.com\/noticias\/wp-json\/wp\/v2\/media\/1132184"}],"wp:attachment":[{"href":"https:\/\/www.eldigitaldeasturias.com\/noticias\/wp-json\/wp\/v2\/media?parent=481462"}],"wp:term":[{"taxonomy":"category","embeddable":true,"href":"https:\/\/www.eldigitaldeasturias.com\/noticias\/wp-json\/wp\/v2\/categories?post=481462"},{"taxonomy":"post_tag","embeddable":true,"href":"https:\/\/www.eldigitaldeasturias.com\/noticias\/wp-json\/wp\/v2\/tags?post=481462"}],"curies":[{"name":"wp","href":"https:\/\/api.w.org\/{rel}","templated":true}]}}