{"id":481453,"date":"2014-01-31T23:32:50","date_gmt":"2014-02-01T00:32:50","guid":{"rendered":"http:\/\/www.eldigitaldeasturias.com\/noticias\/?p=481453"},"modified":"2014-01-31T23:32:50","modified_gmt":"2014-02-01T00:32:50","slug":"manana-entra-en-vigor-el-nuevo-sistema-de-pagos-sepa","status":"publish","type":"post","link":"https:\/\/www.eldigitaldeasturias.com\/noticias\/manana-entra-en-vigor-el-nuevo-sistema-de-pagos-sepa\/","title":{"rendered":"Ma\u00f1ana entra en vigor el nuevo sistema de pagos SEPA"},"content":{"rendered":"<p><img loading=\"lazy\" decoding=\"async\" class=\"alignleft size-medium wp-image-481454\" alt=\"5897241w\" src=\"https:\/\/www.eldigitaldeasturias.com\/noticias\/wp-content\/uploads\/2014\/01\/5897241w-360x239.jpg\" width=\"360\" height=\"239\" \/>Madrid, 31 ene (EFE).- Ma\u00f1ana entra en vigor la Zona \u00danica de Pagos en Euros (SEPA, por su siglas en ingl\u00e9s), la nueva normativa que permitir\u00e1 empresas y particulares hacer y recibir pagos electr\u00f3nicos en euros con las mismas condiciones b\u00e1sicas, derechos y obligaciones, independientemente del lugar donde est\u00e9n.<\/p>\n<p>La SEPA completa el proceso de mercado \u00fanico en la Uni\u00f3n Europea (UE) que se inici\u00f3 en 2002 con la entrada en circulaci\u00f3n del euro, y dota de un marco legal homog\u00e9neo a los instrumentos de pago en 33 pa\u00edses: los 28 miembros de la UE, Islandia, Liechtenstein, M\u00f3naco, Noruega y Suiza.<\/p>\n<p>Los usuarios podr\u00e1n realizar pagos en cualquiera de esos 33 pa\u00edses con una sola cuenta, una \u00fanica tarjeta y los mismos instrumentos financieros gracias al nuevo sistema, que unifica las comisiones que se cargan al cliente y no diferencia entre operativas nacionales e internacionales.<\/p>\n<p>El principal cambio que deber\u00e1n afrontar empresas y particulares para adaptarse a la SEPA es disponer de un nuevo c\u00f3digo de cuenta, denominado IBAN (por sus siglas en ingl\u00e9s) a trav\u00e9s del cual se canalizar\u00e1n todas las operaciones bancarias.<\/p>\n<p>Cualquier usuario que quiera efectuar una orden de pago o cobro -entre las que figuran las transferencias de n\u00f3minas, facturas, pago de cuotas de colegios, comunidades y asociaciones, o recibos de suministros o seguros- deber\u00e1 conocer su IBAN.<\/p>\n<p>Este dato, que sustituye al c\u00f3digo de veinte d\u00edgitos utilizado hasta ahora en Espa\u00f1a -c\u00f3digo cuenta cliente o CCC-, aparece en el extracto de cuenta y otras comunicaciones de los bancos, y tambi\u00e9n est\u00e1 disponible en las aplicaciones de banca electr\u00f3nica.<\/p>\n<p>Las entidades financieras har\u00e1n la actualizaci\u00f3n de forma autom\u00e1tica y gratuita en domiciliaciones y diferentes facturas, pero ser\u00e1 necesario conocer el IBAN, que en Espa\u00f1a tendr\u00e1 24 d\u00edgitos, para realizar nuevas transferencias y \u00f3rdenes de pago o cobro.<\/p>\n<p>En los \u00faltimos meses, las autoridades monetarias y supervisoras han alertado del retraso existente en la adaptaci\u00f3n a las normas de la SEPA, que afecta especialmente a pymes, administraciones p\u00fablicas, asociaciones y fundaciones, entre otras entidades.<\/p>\n<p>Por ello, aunque el nuevo sistema entra en vigor ma\u00f1ana, 1 de febrero, la Comisi\u00f3n Europea (CE) ha propuesto un periodo adicional de seis meses para completar la transici\u00f3n, una pr\u00f3rroga que todav\u00eda debe ser respaldada por el pleno del Parlamento Europeo.<\/p>\n<p>Durante esos seis meses \u00ablos pagos distintos al formato SEPA podr\u00e1n ser aceptados a\u00fan para minimizar cualquier posible riesgo de distorsi\u00f3n para los consumidores y las empresas\u00bb, explic\u00f3 la CE.<\/p>\n<p>El comisario de Mercado Interno y Servicios de la CE, Michel Barnier, que subray\u00f3 en un comunicado que un mercado interno necesita una SEPA eficiente, asegur\u00f3 que \u00abel periodo de transici\u00f3n no ser\u00e1 extendido despu\u00e9s del 1 de agosto\u00bb.<\/p>\n<p>\u00abYa advert\u00ed muchas veces de que la migraci\u00f3n estaba ocurriendo de manera muy lenta y pido una vez m\u00e1s a los Estados miembros que asuman \u00edntegramente sus responsabilidades y aceleren e intensifiquen los esfuerzos para migrar a la SEPA\u00bb, dijo el comisario.<\/p>\n<p>En este sentido, el Banco de Espa\u00f1a ha llevado a cabo una campa\u00f1a informativa en la que aconsejan a los ciudadanos que averig\u00fcen los nuevos n\u00fameros de sus cuentas bancarias y de las empresas, particulares o instituciones a las que dirijan sus pagos, para que puedan hacerse efectivos.<\/p>\n<p>La campa\u00f1a remite a una p\u00e1gina web (www.datecuenta.es) donde empresas y particulares pueden consultar sus dudas sobre la SEPA.<\/p>\n","protected":false},"excerpt":{"rendered":"<p>Madrid, 31 ene (EFE).- Ma\u00f1ana entra en vigor la Zona \u00danica de Pagos en Euros (SEPA, por su siglas en ingl\u00e9s), la nueva normativa que permitir\u00e1 empresas y particulares hacer y recibir pagos electr\u00f3nicos en euros con las mismas condiciones b\u00e1sicas, derechos y obligaciones, independientemente del lugar donde est\u00e9n. La SEPA completa el proceso de [&hellip;]<\/p>\n","protected":false},"author":1,"featured_media":1132184,"comment_status":"closed","ping_status":"open","sticky":false,"template":"","format":"standard","meta":{"footnotes":""},"categories":[1],"tags":[],"class_list":["post-481453","post","type-post","status-publish","format-standard","has-post-thumbnail","hentry","category-actualidad"],"aioseo_notices":[],"aioseo_head":"\n\t\t<!-- All in One SEO Pro 5.0.1 - aioseo.com -->\n\t<meta name=\"description\" content=\"Madrid, 31 ene (EFE).- Ma\u00f1ana entra en vigor la Zona \u00danica de Pagos en Euros (SEPA, por su siglas en ingl\u00e9s), la nueva normativa que permitir\u00e1 empresas y particulares hacer y recibir pagos electr\u00f3nicos en euros con las mismas condiciones b\u00e1sicas, derechos y obligaciones, independientemente del lugar donde est\u00e9n. La SEPA completa el proceso de\" \/>\n\t<meta name=\"robots\" content=\"max-image-preview:large\" \/>\n\t<meta name=\"author\" content=\"El Digital de Asturias\"\/>\n\t<meta name=\"google-site-verification\" content=\"UA-38556648-1\" \/>\n\t<meta name=\"msvalidate.01\" content=\"7dfe9f3f1b24437ab69f4f2559babe99\" \/>\n\t<meta name=\"keywords\" content=\"actualidad\" \/>\n\t<link rel=\"canonical\" href=\"https:\/\/www.eldigitaldeasturias.com\/noticias\/manana-entra-en-vigor-el-nuevo-sistema-de-pagos-sepa\/\" \/>\n\t<meta name=\"generator\" content=\"All in One SEO Pro (AIOSEO) 5.0.1\" \/>\n\t\t<meta property=\"og:locale\" content=\"es_ES\" \/>\n\t\t<meta property=\"og:site_name\" content=\"El Digital de Asturias\" \/>\n\t\t<meta property=\"og:type\" content=\"article\" \/>\n\t\t<meta property=\"og:title\" content=\"Ma\u00f1ana entra en vigor el nuevo sistema de pagos SEPA - El Digital de Asturias\" \/>\n\t\t<meta property=\"og:description\" content=\"Madrid, 31 ene (EFE).- Ma\u00f1ana entra en vigor la Zona \u00danica de Pagos en Euros (SEPA, por su siglas en ingl\u00e9s), la nueva normativa que permitir\u00e1 empresas y particulares hacer y recibir pagos electr\u00f3nicos en euros con las mismas condiciones b\u00e1sicas, derechos y obligaciones, independientemente del lugar donde est\u00e9n. La SEPA completa el proceso de\" \/>\n\t\t<meta property=\"og:url\" content=\"https:\/\/www.eldigitaldeasturias.com\/noticias\/manana-entra-en-vigor-el-nuevo-sistema-de-pagos-sepa\/\" \/>\n\t\t<meta property=\"og:image\" content=\"https:\/\/www.eldigitaldeasturias.com\/noticias\/wp-content\/uploads\/2026\/06\/Contenidos.jpg\" \/>\n\t\t<meta property=\"og:image:secure_url\" content=\"https:\/\/www.eldigitaldeasturias.com\/noticias\/wp-content\/uploads\/2026\/06\/Contenidos.jpg\" \/>\n\t\t<meta property=\"og:image:width\" content=\"1265\" \/>\n\t\t<meta property=\"og:image:height\" content=\"697\" \/>\n\t\t<meta property=\"article:tag\" content=\"actualidad\" \/>\n\t\t<meta property=\"article:published_time\" content=\"2014-02-01T00:32:50+00:00\" \/>\n\t\t<meta property=\"article:modified_time\" content=\"2014-02-01T00:32:50+00:00\" \/>\n\t\t<meta property=\"article:publisher\" content=\"https:\/\/facebook.com\/eldigitaldeasturias\" \/>\n\t\t<meta name=\"twitter:card\" content=\"summary_large_image\" \/>\n\t\t<meta name=\"twitter:title\" content=\"Ma\u00f1ana entra en vigor el nuevo sistema de pagos SEPA - El Digital de Asturias\" \/>\n\t\t<meta name=\"twitter:description\" content=\"Madrid, 31 ene (EFE).- Ma\u00f1ana entra en vigor la Zona \u00danica de Pagos en Euros (SEPA, por su siglas en ingl\u00e9s), la nueva normativa que permitir\u00e1 empresas y particulares hacer y recibir pagos electr\u00f3nicos en euros con las mismas condiciones b\u00e1sicas, derechos y obligaciones, independientemente del lugar donde est\u00e9n. La SEPA completa el proceso de\" \/>\n\t\t<meta name=\"twitter:image\" content=\"https:\/\/www.eldigitaldeasturias.com\/noticias\/wp-content\/uploads\/2026\/06\/Contenidos.jpg\" \/>\n\t\t<meta name=\"twitter:label1\" content=\"Escrito por\" \/>\n\t\t<meta name=\"twitter:data1\" content=\"El Digital de Asturias\" \/>\n\t\t<meta name=\"twitter:label2\" content=\"Tiempo de lectura estimado\" \/>\n\t\t<meta name=\"twitter:data2\" content=\"3 minutos\" \/>\n\t\t<script type=\"application\/ld+json\" class=\"aioseo-schema\">\n\t\t\t{\"@context\":\"https:\\\/\\\/schema.org\",\"@graph\":[{\"@type\":\"BlogPosting\",\"@id\":\"https:\\\/\\\/www.eldigitaldeasturias.com\\\/noticias\\\/manana-entra-en-vigor-el-nuevo-sistema-de-pagos-sepa\\\/#blogposting\",\"name\":\"Ma\\u00f1ana entra en vigor el nuevo sistema de pagos SEPA - El Digital de Asturias\",\"headline\":\"Ma\\u00f1ana entra en vigor el nuevo sistema de pagos SEPA\",\"author\":{\"@id\":\"https:\\\/\\\/www.eldigitaldeasturias.com\\\/noticias\\\/author\\\/admin\\\/#author\"},\"publisher\":{\"@id\":\"https:\\\/\\\/www.eldigitaldeasturias.com\\\/noticias\\\/#organization\"},\"image\":{\"@type\":\"ImageObject\",\"url\":\"https:\\\/\\\/www.eldigitaldeasturias.com\\\/noticias\\\/wp-content\\\/uploads\\\/2026\\\/06\\\/Contenidos.jpg\",\"width\":1265,\"height\":697,\"caption\":\"Contenidos\"},\"datePublished\":\"2014-01-31T23:32:50+01:00\",\"dateModified\":\"2014-01-31T23:32:50+01:00\",\"inLanguage\":\"es-ES\",\"mainEntityOfPage\":{\"@id\":\"https:\\\/\\\/www.eldigitaldeasturias.com\\\/noticias\\\/manana-entra-en-vigor-el-nuevo-sistema-de-pagos-sepa\\\/#webpage\"},\"isPartOf\":{\"@id\":\"https:\\\/\\\/www.eldigitaldeasturias.com\\\/noticias\\\/manana-entra-en-vigor-el-nuevo-sistema-de-pagos-sepa\\\/#webpage\"},\"articleSection\":\"Actualidad\"},{\"@type\":\"BreadcrumbList\",\"@id\":\"https:\\\/\\\/www.eldigitaldeasturias.com\\\/noticias\\\/manana-entra-en-vigor-el-nuevo-sistema-de-pagos-sepa\\\/#breadcrumblist\",\"itemListElement\":[{\"@type\":\"ListItem\",\"@id\":\"https:\\\/\\\/www.eldigitaldeasturias.com\\\/noticias#listItem\",\"position\":1,\"name\":\"Home\",\"item\":\"https:\\\/\\\/www.eldigitaldeasturias.com\\\/noticias\",\"nextItem\":{\"@type\":\"ListItem\",\"@id\":\"https:\\\/\\\/www.eldigitaldeasturias.com\\\/noticias\\\/category\\\/actualidad\\\/#listItem\",\"name\":\"Actualidad\"}},{\"@type\":\"ListItem\",\"@id\":\"https:\\\/\\\/www.eldigitaldeasturias.com\\\/noticias\\\/category\\\/actualidad\\\/#listItem\",\"position\":2,\"name\":\"Actualidad\",\"item\":\"https:\\\/\\\/www.eldigitaldeasturias.com\\\/noticias\\\/category\\\/actualidad\\\/\",\"nextItem\":{\"@type\":\"ListItem\",\"@id\":\"https:\\\/\\\/www.eldigitaldeasturias.com\\\/noticias\\\/manana-entra-en-vigor-el-nuevo-sistema-de-pagos-sepa\\\/#listItem\",\"name\":\"Ma\\u00f1ana entra en vigor el nuevo sistema de pagos SEPA\"},\"previousItem\":{\"@type\":\"ListItem\",\"@id\":\"https:\\\/\\\/www.eldigitaldeasturias.com\\\/noticias#listItem\",\"name\":\"Home\"}},{\"@type\":\"ListItem\",\"@id\":\"https:\\\/\\\/www.eldigitaldeasturias.com\\\/noticias\\\/manana-entra-en-vigor-el-nuevo-sistema-de-pagos-sepa\\\/#listItem\",\"position\":3,\"name\":\"Ma\\u00f1ana entra en vigor el nuevo sistema de pagos SEPA\",\"previousItem\":{\"@type\":\"ListItem\",\"@id\":\"https:\\\/\\\/www.eldigitaldeasturias.com\\\/noticias\\\/category\\\/actualidad\\\/#listItem\",\"name\":\"Actualidad\"}}]},{\"@type\":\"Organization\",\"@id\":\"https:\\\/\\\/www.eldigitaldeasturias.com\\\/noticias\\\/#organization\",\"name\":\"El Digital de Asturias\",\"description\":\"Hemeroteca\",\"url\":\"https:\\\/\\\/www.eldigitaldeasturias.com\\\/noticias\\\/\",\"email\":\"info@eldigitaldeasturias.com\",\"telephone\":\"+34652131393\",\"logo\":{\"@type\":\"ImageObject\",\"url\":\"https:\\\/\\\/www.eldigitaldeasturias.com\\\/noticias\\\/wp-content\\\/uploads\\\/2020\\\/12\\\/EDA.jpg\",\"@id\":\"https:\\\/\\\/www.eldigitaldeasturias.com\\\/noticias\\\/manana-entra-en-vigor-el-nuevo-sistema-de-pagos-sepa\\\/#organizationLogo\"},\"image\":{\"@id\":\"https:\\\/\\\/www.eldigitaldeasturias.com\\\/noticias\\\/manana-entra-en-vigor-el-nuevo-sistema-de-pagos-sepa\\\/#organizationLogo\"},\"sameAs\":[\"https:\\\/\\\/facebook.com\\\/eldigitaldeasturias\",\"https:\\\/\\\/www.youtube.com\\\/channel\\\/UCZP-2wLEB9Rv6erhFmqVnvg\"],\"address\":{\"@id\":\"https:\\\/\\\/www.eldigitaldeasturias.com\\\/noticias\\\/#postaladdress\",\"@type\":\"PostalAddress\",\"streetAddress\":\"san antonio 4\",\"postalCode\":\"33430\",\"addressLocality\":\"Cand\\u00e1s\",\"addressRegion\":\"Asturias\",\"addressCountry\":\"ES\"}},{\"@type\":\"Person\",\"@id\":\"https:\\\/\\\/www.eldigitaldeasturias.com\\\/noticias\\\/author\\\/admin\\\/#author\",\"url\":\"https:\\\/\\\/www.eldigitaldeasturias.com\\\/noticias\\\/author\\\/admin\\\/\",\"name\":\"El Digital de Asturias\",\"image\":{\"@type\":\"ImageObject\",\"@id\":\"https:\\\/\\\/www.eldigitaldeasturias.com\\\/noticias\\\/manana-entra-en-vigor-el-nuevo-sistema-de-pagos-sepa\\\/#authorImage\",\"url\":\"https:\\\/\\\/secure.gravatar.com\\\/avatar\\\/df2aeffc32bcd13f8d26072ef8a91b623d677766deac7f97ca815868cd41bf5e?s=96&d=mm&r=g\",\"width\":96,\"height\":96,\"caption\":\"El Digital de Asturias\"}},{\"@type\":\"WebPage\",\"@id\":\"https:\\\/\\\/www.eldigitaldeasturias.com\\\/noticias\\\/manana-entra-en-vigor-el-nuevo-sistema-de-pagos-sepa\\\/#webpage\",\"url\":\"https:\\\/\\\/www.eldigitaldeasturias.com\\\/noticias\\\/manana-entra-en-vigor-el-nuevo-sistema-de-pagos-sepa\\\/\",\"name\":\"Ma\\u00f1ana entra en vigor el nuevo sistema de pagos SEPA - El Digital de Asturias\",\"description\":\"Madrid, 31 ene (EFE).- Ma\\u00f1ana entra en vigor la Zona \\u00danica de Pagos en Euros (SEPA, por su siglas en ingl\\u00e9s), la nueva normativa que permitir\\u00e1 empresas y particulares hacer y recibir pagos electr\\u00f3nicos en euros con las mismas condiciones b\\u00e1sicas, derechos y obligaciones, independientemente del lugar donde est\\u00e9n. La SEPA completa el proceso de\",\"inLanguage\":\"es-ES\",\"isPartOf\":{\"@id\":\"https:\\\/\\\/www.eldigitaldeasturias.com\\\/noticias\\\/#website\"},\"breadcrumb\":{\"@id\":\"https:\\\/\\\/www.eldigitaldeasturias.com\\\/noticias\\\/manana-entra-en-vigor-el-nuevo-sistema-de-pagos-sepa\\\/#breadcrumblist\"},\"author\":{\"@id\":\"https:\\\/\\\/www.eldigitaldeasturias.com\\\/noticias\\\/author\\\/admin\\\/#author\"},\"creator\":{\"@id\":\"https:\\\/\\\/www.eldigitaldeasturias.com\\\/noticias\\\/author\\\/admin\\\/#author\"},\"image\":{\"@type\":\"ImageObject\",\"url\":\"https:\\\/\\\/www.eldigitaldeasturias.com\\\/noticias\\\/wp-content\\\/uploads\\\/2026\\\/06\\\/Contenidos.jpg\",\"@id\":\"https:\\\/\\\/www.eldigitaldeasturias.com\\\/noticias\\\/manana-entra-en-vigor-el-nuevo-sistema-de-pagos-sepa\\\/#mainImage\",\"width\":1265,\"height\":697,\"caption\":\"Contenidos\"},\"primaryImageOfPage\":{\"@id\":\"https:\\\/\\\/www.eldigitaldeasturias.com\\\/noticias\\\/manana-entra-en-vigor-el-nuevo-sistema-de-pagos-sepa\\\/#mainImage\"},\"datePublished\":\"2014-01-31T23:32:50+01:00\",\"dateModified\":\"2014-01-31T23:32:50+01:00\"},{\"@type\":\"WebSite\",\"@id\":\"https:\\\/\\\/www.eldigitaldeasturias.com\\\/noticias\\\/#website\",\"url\":\"https:\\\/\\\/www.eldigitaldeasturias.com\\\/noticias\\\/\",\"name\":\"El Digital de Asturias - Diario de actualidad y noticias\",\"alternateName\":\"El Digital de Asturias - Diario de actualidad y noticias\",\"description\":\"Hemeroteca\",\"inLanguage\":\"es-ES\",\"publisher\":{\"@id\":\"https:\\\/\\\/www.eldigitaldeasturias.com\\\/noticias\\\/#organization\"}}]}\n\t\t<\/script>\n\t\t<!-- All in One SEO Pro -->\r\n\t\t<title>Ma\u00f1ana entra en vigor el nuevo sistema de pagos SEPA - El Digital de Asturias<\/title>\n\n","aioseo_head_json":{"title":"Ma\u00f1ana entra en vigor el nuevo sistema de pagos SEPA - El Digital de Asturias","description":"Madrid, 31 ene (EFE).- Ma\u00f1ana entra en vigor la Zona \u00danica de Pagos en Euros (SEPA, por su siglas en ingl\u00e9s), la nueva normativa que permitir\u00e1 empresas y particulares hacer y recibir pagos electr\u00f3nicos en euros con las mismas condiciones b\u00e1sicas, derechos y obligaciones, independientemente del lugar donde est\u00e9n. La SEPA completa el proceso de","canonical_url":"https:\/\/www.eldigitaldeasturias.com\/noticias\/manana-entra-en-vigor-el-nuevo-sistema-de-pagos-sepa\/","robots":"max-image-preview:large","keywords":"actualidad","webmasterTools":{"google-site-verification":"UA-38556648-1","msvalidate.01":"7dfe9f3f1b24437ab69f4f2559babe99","miscellaneous":""},"schema":{"@context":"https:\/\/schema.org","@graph":[{"@type":"BlogPosting","@id":"https:\/\/www.eldigitaldeasturias.com\/noticias\/manana-entra-en-vigor-el-nuevo-sistema-de-pagos-sepa\/#blogposting","name":"Ma\u00f1ana entra en vigor el nuevo sistema de pagos SEPA - El Digital de Asturias","headline":"Ma\u00f1ana entra en vigor el nuevo sistema de pagos SEPA","author":{"@id":"https:\/\/www.eldigitaldeasturias.com\/noticias\/author\/admin\/#author"},"publisher":{"@id":"https:\/\/www.eldigitaldeasturias.com\/noticias\/#organization"},"image":{"@type":"ImageObject","url":"https:\/\/www.eldigitaldeasturias.com\/noticias\/wp-content\/uploads\/2026\/06\/Contenidos.jpg","width":1265,"height":697,"caption":"Contenidos"},"datePublished":"2014-01-31T23:32:50+01:00","dateModified":"2014-01-31T23:32:50+01:00","inLanguage":"es-ES","mainEntityOfPage":{"@id":"https:\/\/www.eldigitaldeasturias.com\/noticias\/manana-entra-en-vigor-el-nuevo-sistema-de-pagos-sepa\/#webpage"},"isPartOf":{"@id":"https:\/\/www.eldigitaldeasturias.com\/noticias\/manana-entra-en-vigor-el-nuevo-sistema-de-pagos-sepa\/#webpage"},"articleSection":"Actualidad"},{"@type":"BreadcrumbList","@id":"https:\/\/www.eldigitaldeasturias.com\/noticias\/manana-entra-en-vigor-el-nuevo-sistema-de-pagos-sepa\/#breadcrumblist","itemListElement":[{"@type":"ListItem","@id":"https:\/\/www.eldigitaldeasturias.com\/noticias#listItem","position":1,"name":"Home","item":"https:\/\/www.eldigitaldeasturias.com\/noticias","nextItem":{"@type":"ListItem","@id":"https:\/\/www.eldigitaldeasturias.com\/noticias\/category\/actualidad\/#listItem","name":"Actualidad"}},{"@type":"ListItem","@id":"https:\/\/www.eldigitaldeasturias.com\/noticias\/category\/actualidad\/#listItem","position":2,"name":"Actualidad","item":"https:\/\/www.eldigitaldeasturias.com\/noticias\/category\/actualidad\/","nextItem":{"@type":"ListItem","@id":"https:\/\/www.eldigitaldeasturias.com\/noticias\/manana-entra-en-vigor-el-nuevo-sistema-de-pagos-sepa\/#listItem","name":"Ma\u00f1ana entra en vigor el nuevo sistema de pagos SEPA"},"previousItem":{"@type":"ListItem","@id":"https:\/\/www.eldigitaldeasturias.com\/noticias#listItem","name":"Home"}},{"@type":"ListItem","@id":"https:\/\/www.eldigitaldeasturias.com\/noticias\/manana-entra-en-vigor-el-nuevo-sistema-de-pagos-sepa\/#listItem","position":3,"name":"Ma\u00f1ana entra en vigor el nuevo sistema de pagos SEPA","previousItem":{"@type":"ListItem","@id":"https:\/\/www.eldigitaldeasturias.com\/noticias\/category\/actualidad\/#listItem","name":"Actualidad"}}]},{"@type":"Organization","@id":"https:\/\/www.eldigitaldeasturias.com\/noticias\/#organization","name":"El Digital de Asturias","description":"Hemeroteca","url":"https:\/\/www.eldigitaldeasturias.com\/noticias\/","email":"info@eldigitaldeasturias.com","telephone":"+34652131393","logo":{"@type":"ImageObject","url":"https:\/\/www.eldigitaldeasturias.com\/noticias\/wp-content\/uploads\/2020\/12\/EDA.jpg","@id":"https:\/\/www.eldigitaldeasturias.com\/noticias\/manana-entra-en-vigor-el-nuevo-sistema-de-pagos-sepa\/#organizationLogo"},"image":{"@id":"https:\/\/www.eldigitaldeasturias.com\/noticias\/manana-entra-en-vigor-el-nuevo-sistema-de-pagos-sepa\/#organizationLogo"},"sameAs":["https:\/\/facebook.com\/eldigitaldeasturias","https:\/\/www.youtube.com\/channel\/UCZP-2wLEB9Rv6erhFmqVnvg"],"address":{"@id":"https:\/\/www.eldigitaldeasturias.com\/noticias\/#postaladdress","@type":"PostalAddress","streetAddress":"san antonio 4","postalCode":"33430","addressLocality":"Cand\u00e1s","addressRegion":"Asturias","addressCountry":"ES"}},{"@type":"Person","@id":"https:\/\/www.eldigitaldeasturias.com\/noticias\/author\/admin\/#author","url":"https:\/\/www.eldigitaldeasturias.com\/noticias\/author\/admin\/","name":"El Digital de Asturias","image":{"@type":"ImageObject","@id":"https:\/\/www.eldigitaldeasturias.com\/noticias\/manana-entra-en-vigor-el-nuevo-sistema-de-pagos-sepa\/#authorImage","url":"https:\/\/secure.gravatar.com\/avatar\/df2aeffc32bcd13f8d26072ef8a91b623d677766deac7f97ca815868cd41bf5e?s=96&d=mm&r=g","width":96,"height":96,"caption":"El Digital de Asturias"}},{"@type":"WebPage","@id":"https:\/\/www.eldigitaldeasturias.com\/noticias\/manana-entra-en-vigor-el-nuevo-sistema-de-pagos-sepa\/#webpage","url":"https:\/\/www.eldigitaldeasturias.com\/noticias\/manana-entra-en-vigor-el-nuevo-sistema-de-pagos-sepa\/","name":"Ma\u00f1ana entra en vigor el nuevo sistema de pagos SEPA - El Digital de Asturias","description":"Madrid, 31 ene (EFE).- Ma\u00f1ana entra en vigor la Zona \u00danica de Pagos en Euros (SEPA, por su siglas en ingl\u00e9s), la nueva normativa que permitir\u00e1 empresas y particulares hacer y recibir pagos electr\u00f3nicos en euros con las mismas condiciones b\u00e1sicas, derechos y obligaciones, independientemente del lugar donde est\u00e9n. La SEPA completa el proceso de","inLanguage":"es-ES","isPartOf":{"@id":"https:\/\/www.eldigitaldeasturias.com\/noticias\/#website"},"breadcrumb":{"@id":"https:\/\/www.eldigitaldeasturias.com\/noticias\/manana-entra-en-vigor-el-nuevo-sistema-de-pagos-sepa\/#breadcrumblist"},"author":{"@id":"https:\/\/www.eldigitaldeasturias.com\/noticias\/author\/admin\/#author"},"creator":{"@id":"https:\/\/www.eldigitaldeasturias.com\/noticias\/author\/admin\/#author"},"image":{"@type":"ImageObject","url":"https:\/\/www.eldigitaldeasturias.com\/noticias\/wp-content\/uploads\/2026\/06\/Contenidos.jpg","@id":"https:\/\/www.eldigitaldeasturias.com\/noticias\/manana-entra-en-vigor-el-nuevo-sistema-de-pagos-sepa\/#mainImage","width":1265,"height":697,"caption":"Contenidos"},"primaryImageOfPage":{"@id":"https:\/\/www.eldigitaldeasturias.com\/noticias\/manana-entra-en-vigor-el-nuevo-sistema-de-pagos-sepa\/#mainImage"},"datePublished":"2014-01-31T23:32:50+01:00","dateModified":"2014-01-31T23:32:50+01:00"},{"@type":"WebSite","@id":"https:\/\/www.eldigitaldeasturias.com\/noticias\/#website","url":"https:\/\/www.eldigitaldeasturias.com\/noticias\/","name":"El Digital de Asturias - Diario de actualidad y noticias","alternateName":"El Digital de Asturias - Diario de actualidad y noticias","description":"Hemeroteca","inLanguage":"es-ES","publisher":{"@id":"https:\/\/www.eldigitaldeasturias.com\/noticias\/#organization"}}]},"og:locale":"es_ES","og:site_name":"El Digital de Asturias","og:type":"article","og:title":"Ma\u00f1ana entra en vigor el nuevo sistema de pagos SEPA - El Digital de Asturias","og:description":"Madrid, 31 ene (EFE).- Ma\u00f1ana entra en vigor la Zona \u00danica de Pagos en Euros (SEPA, por su siglas en ingl\u00e9s), la nueva normativa que permitir\u00e1 empresas y particulares hacer y recibir pagos electr\u00f3nicos en euros con las mismas condiciones b\u00e1sicas, derechos y obligaciones, independientemente del lugar donde est\u00e9n. La SEPA completa el proceso de","og:url":"https:\/\/www.eldigitaldeasturias.com\/noticias\/manana-entra-en-vigor-el-nuevo-sistema-de-pagos-sepa\/","og:image":"https:\/\/www.eldigitaldeasturias.com\/noticias\/wp-content\/uploads\/2026\/06\/Contenidos.jpg","og:image:secure_url":"https:\/\/www.eldigitaldeasturias.com\/noticias\/wp-content\/uploads\/2026\/06\/Contenidos.jpg","og:image:width":1265,"og:image:height":697,"article:tag":["actualidad"],"article:published_time":"2014-02-01T00:32:50+00:00","article:modified_time":"2014-02-01T00:32:50+00:00","article:publisher":"https:\/\/facebook.com\/eldigitaldeasturias","twitter:card":"summary_large_image","twitter:title":"Ma\u00f1ana entra en vigor el nuevo sistema de pagos SEPA - El Digital de Asturias","twitter:description":"Madrid, 31 ene (EFE).- Ma\u00f1ana entra en vigor la Zona \u00danica de Pagos en Euros (SEPA, por su siglas en ingl\u00e9s), la nueva normativa que permitir\u00e1 empresas y particulares hacer y recibir pagos electr\u00f3nicos en euros con las mismas condiciones b\u00e1sicas, derechos y obligaciones, independientemente del lugar donde est\u00e9n. La SEPA completa el proceso de","twitter:image":"https:\/\/www.eldigitaldeasturias.com\/noticias\/wp-content\/uploads\/2026\/06\/Contenidos.jpg","twitter:label1":"Escrito por","twitter:data1":"El Digital de Asturias","twitter:label2":"Tiempo de lectura estimado","twitter:data2":"3 minutos"},"aioseo_meta_data":{"post_id":"481453","title":null,"description":null,"keywords":null,"keyphrases":null,"primary_term":null,"canonical_url":null,"og_title":null,"og_description":null,"og_object_type":"default","og_image_type":"default","og_image_url":null,"og_image_width":null,"og_image_height":null,"og_image_custom_url":null,"og_image_custom_fields":null,"og_video":null,"og_custom_url":null,"og_article_section":null,"og_article_tags":null,"twitter_use_og":true,"twitter_card":"default","twitter_image_type":"default","twitter_image_url":null,"twitter_image_custom_url":null,"twitter_image_custom_fields":null,"twitter_title":null,"twitter_description":null,"schema":{"blockGraphs":[],"customGraphs":[],"default":{"data":{"Article":[],"Course":[],"Dataset":[],"FAQPage":[],"Movie":[],"Person":[],"Product":[],"ProductReview":[],"Car":[],"Recipe":[],"Service":[],"SoftwareApplication":[],"WebPage":[]},"graphName":"","isEnabled":true},"graphs":[],"defaultGraph":"","defaultPostTypeGraph":""},"schema_type":null,"schema_type_options":null,"pillar_content":false,"robots_default":true,"robots_noindex":false,"robots_noarchive":false,"robots_nosnippet":false,"robots_nofollow":false,"robots_noimageindex":false,"robots_noodp":false,"robots_notranslate":false,"robots_max_snippet":null,"robots_max_videopreview":null,"robots_max_imagepreview":"none","priority":null,"frequency":null,"local_seo":null,"seo_analyzer_scan_date":"2026-06-02 06:49:45","breadcrumb_settings":null,"limit_modified_date":false,"open_ai":null,"ai":null,"created":"2020-11-14 22:54:20","updated":"2026-06-02 06:49:45","focus_keyword":null,"additional_keywords":null,"truseo_locale":null},"aioseo_breadcrumb":"<div class=\"aioseo-breadcrumbs\"><span class=\"aioseo-breadcrumb\">\n\t<a href=\"https:\/\/www.eldigitaldeasturias.com\/noticias\" title=\"Home\">Home<\/a>\n<\/span><span class=\"aioseo-breadcrumb-separator\">\u2013<\/span><span class=\"aioseo-breadcrumb\">\n\t<a href=\"https:\/\/www.eldigitaldeasturias.com\/noticias\/category\/actualidad\/\" title=\"Actualidad\">Actualidad<\/a>\n<\/span><span class=\"aioseo-breadcrumb-separator\">\u2013<\/span><span class=\"aioseo-breadcrumb\">\n\t<a href=\"https:\/\/www.eldigitaldeasturias.com\/noticias\/manana-entra-en-vigor-el-nuevo-sistema-de-pagos-sepa\/\" title=\"Ma\u00f1ana entra en vigor el nuevo sistema de pagos SEPA\">Ma\u00f1ana entra en vigor el nuevo sistema de pagos SEPA<\/a>\n<\/span><\/div>","aioseo_breadcrumb_json":[{"label":"Home","link":"https:\/\/www.eldigitaldeasturias.com\/noticias"},{"label":"Actualidad","link":"https:\/\/www.eldigitaldeasturias.com\/noticias\/category\/actualidad\/"},{"label":"Ma\u00f1ana entra en vigor el nuevo sistema de pagos SEPA","link":"https:\/\/www.eldigitaldeasturias.com\/noticias\/manana-entra-en-vigor-el-nuevo-sistema-de-pagos-sepa\/"}],"_links":{"self":[{"href":"https:\/\/www.eldigitaldeasturias.com\/noticias\/wp-json\/wp\/v2\/posts\/481453","targetHints":{"allow":["GET"]}}],"collection":[{"href":"https:\/\/www.eldigitaldeasturias.com\/noticias\/wp-json\/wp\/v2\/posts"}],"about":[{"href":"https:\/\/www.eldigitaldeasturias.com\/noticias\/wp-json\/wp\/v2\/types\/post"}],"author":[{"embeddable":true,"href":"https:\/\/www.eldigitaldeasturias.com\/noticias\/wp-json\/wp\/v2\/users\/1"}],"replies":[{"embeddable":true,"href":"https:\/\/www.eldigitaldeasturias.com\/noticias\/wp-json\/wp\/v2\/comments?post=481453"}],"version-history":[{"count":0,"href":"https:\/\/www.eldigitaldeasturias.com\/noticias\/wp-json\/wp\/v2\/posts\/481453\/revisions"}],"wp:featuredmedia":[{"embeddable":true,"href":"https:\/\/www.eldigitaldeasturias.com\/noticias\/wp-json\/wp\/v2\/media\/1132184"}],"wp:attachment":[{"href":"https:\/\/www.eldigitaldeasturias.com\/noticias\/wp-json\/wp\/v2\/media?parent=481453"}],"wp:term":[{"taxonomy":"category","embeddable":true,"href":"https:\/\/www.eldigitaldeasturias.com\/noticias\/wp-json\/wp\/v2\/categories?post=481453"},{"taxonomy":"post_tag","embeddable":true,"href":"https:\/\/www.eldigitaldeasturias.com\/noticias\/wp-json\/wp\/v2\/tags?post=481453"}],"curies":[{"name":"wp","href":"https:\/\/api.w.org\/{rel}","templated":true}]}}