{"id":481437,"date":"2014-01-31T22:47:39","date_gmt":"2014-01-31T23:47:39","guid":{"rendered":"http:\/\/www.eldigitaldeasturias.com\/noticias\/?p=481437"},"modified":"2014-01-31T22:47:39","modified_gmt":"2014-01-31T23:47:39","slug":"pele-califica-de-lamentable-el-pase-de-neymar-al-barcelona","status":"publish","type":"post","link":"https:\/\/www.eldigitaldeasturias.com\/noticias\/pele-califica-de-lamentable-el-pase-de-neymar-al-barcelona\/","title":{"rendered":"Pel\u00e9 califica de \u00ablamentable\u00bb el pase de Neymar al Barcelona"},"content":{"rendered":"<p><img loading=\"lazy\" decoding=\"async\" class=\"alignleft size-medium wp-image-438551\" alt=\"Pele wird 70.\" src=\"https:\/\/www.eldigitaldeasturias.com\/noticias\/wp-content\/uploads\/2013\/10\/EL_EQUIPO_SO_ADO_EXI_35474912-249x320.jpg\" width=\"249\" height=\"320\" \/>Sao Paulo, 31 ene (dpa) &#8211; El ex futbolista brasile\u00f1o Pel\u00e9 calific\u00f3 hoy de \u00ablamentable\u00bb la pol\u00e9mica en torno al pase del delantero Neymar del Santos al Barcelona.<\/p>\n<p>\u00abEs lamentable. Esto es lo triste del f\u00fatbol hoy. Antiguamente el jugador quer\u00eda quedarse en su equipo del coraz\u00f3n pero hoy no, pasan dos a\u00f1os y el jugador ya est\u00e1 cambiando de equipo. Es eso lo que sucedi\u00f3 con Neymar en el comienzo de su carrera, es algo engorroso\u00bb, opin\u00f3 \u00abO Rei\u00bb en entrevista a la radio ESPN.<\/p>\n<p>Pel\u00e9 evalu\u00f3 que uno de los factores que perjudican la carrera de los jugadores en la actualidad es que son determinadas por sus agentes, quienes a su entender act\u00faan de acuerdo a sus propios intereses y no piensan en los clubes ni en el jugador y s\u00f3lo quieren lucrar.<\/p>\n<p>\u00ab(Que la pol\u00e9mica) no lo estorbe (a Neymar) ni a los pr\u00f3ximos jugadores que est\u00e1n por venir. Hoy uno no tiene garant\u00eda de si un jugador est\u00e1 en el equipo porque le gusta ese club. El hincha se confunde porque el empresario pone al jugador donde \u00e9l quiere\u00bb, afirm\u00f3.<\/p>\n<p>La pol\u00e9mica en torno a la transferencia de Neymar estall\u00f3 d\u00edas atr\u00e1s despu\u00e9s de que la prensa espa\u00f1ola denunci\u00f3 que el equipo catal\u00e1n pag\u00f3 95 millones de euros (unos 128 millones de d\u00f3lares) y no los 57 que declar\u00f3 oficialmente su entonces presidente Sandro Rosell, a quien el \u00abcaso Neymar\u00bb le cost\u00f3 el cargo.<\/p>\n<p>El padre y representante del jugador, Neymar Silva Santos, ech\u00f3 el martes m\u00e1s le\u00f1a a la hoguera al revelar que le entregaron a trav\u00e9s de una empresa de su propiedad un total de 40 millones de euros por el fichaje de su hijo, de los cuales 10 millones los habr\u00eda recibido en 2011, para asegurarle al Barcelona la prioridad en la compra del delantero de 21 a\u00f1os.<\/p>\n<p>Ante las denuncias, el Santos decidi\u00f3 recurrir a la Justicia para acceder a los acuerdos comerciales vinculados al negocio, que seg\u00fan el presidente en ejercicio del club, Odilio Rodrigues, le fueron negados por Neymar padre, quien aleg\u00f3 que ha firmado una cl\u00e1usula de confidencialidad.<\/p>\n<p>Seg\u00fan inform\u00f3 el portal UOL, la direcci\u00f3n del \u00abPeixe\u00bb contratar\u00e1 en Europa a un abogado internacional especializado en transferencias deportivas y derecho deportivo para determinar si el club fue perjudicado con el negocio.<\/p>\n<p>Tambi\u00e9n el grupo inversor DIS, due\u00f1o junto al Santos de los derechos federativos de Neymar, entr\u00f3 en la disputa por creer que tiene derecho a recibir m\u00e1s dinero del otorgado. Los inversores y el club brasile\u00f1o recibieron 17,1 millones de euros.<\/p>\n<p>Ambos deb\u00edan acceder a un porcentaje del total del valor pago por el Barcelona, por lo que, de comprobarse que fue mayor a los 57 millones de euros, ambos exigir\u00e1n que se les pague lo que falta.<\/p>\n<p>Por \u00faltimo, tanto el fisco de Espa\u00f1a como el de Brasil investigan a la empresa N&amp;N (Neymar y Neymar) y al Barcelona, para saber si ambos pagaron los impuestos pertinentes o si hubo alg\u00fan tipo de evasi\u00f3n.<\/p>\n","protected":false},"excerpt":{"rendered":"<p>Sao Paulo, 31 ene (dpa) &#8211; El ex futbolista brasile\u00f1o Pel\u00e9 calific\u00f3 hoy de \u00ablamentable\u00bb la pol\u00e9mica en torno al pase del delantero Neymar del Santos al Barcelona. \u00abEs lamentable. Esto es lo triste del f\u00fatbol hoy. Antiguamente el jugador quer\u00eda quedarse en su equipo del coraz\u00f3n pero hoy no, pasan dos a\u00f1os y el [&hellip;]<\/p>\n","protected":false},"author":1,"featured_media":438551,"comment_status":"closed","ping_status":"open","sticky":false,"template":"","format":"standard","meta":{"footnotes":""},"categories":[1],"tags":[],"class_list":["post-481437","post","type-post","status-publish","format-standard","has-post-thumbnail","hentry","category-actualidad"],"aioseo_notices":[],"aioseo_head":"\n\t\t<!-- All in One SEO Pro 5.0.1 - aioseo.com -->\n\t<meta name=\"description\" content=\"Sao Paulo, 31 ene (dpa) - El ex futbolista brasile\u00f1o Pel\u00e9 calific\u00f3 hoy de &quot;lamentable&quot; la pol\u00e9mica en torno al pase del delantero Neymar del Santos al Barcelona. &quot;Es lamentable. Esto es lo triste del f\u00fatbol hoy. Antiguamente el jugador quer\u00eda quedarse en su equipo del coraz\u00f3n pero hoy no, pasan dos a\u00f1os y el\" \/>\n\t<meta name=\"robots\" content=\"max-image-preview:large\" \/>\n\t<meta name=\"author\" content=\"El Digital de Asturias\"\/>\n\t<meta name=\"google-site-verification\" content=\"UA-38556648-1\" \/>\n\t<meta name=\"msvalidate.01\" content=\"7dfe9f3f1b24437ab69f4f2559babe99\" \/>\n\t<meta name=\"keywords\" content=\"actualidad\" \/>\n\t<link rel=\"canonical\" href=\"https:\/\/www.eldigitaldeasturias.com\/noticias\/pele-califica-de-lamentable-el-pase-de-neymar-al-barcelona\/\" \/>\n\t<meta name=\"generator\" content=\"All in One SEO Pro (AIOSEO) 5.0.1\" \/>\n\t\t<meta property=\"og:locale\" content=\"es_ES\" \/>\n\t\t<meta property=\"og:site_name\" content=\"El Digital de Asturias\" \/>\n\t\t<meta property=\"og:type\" content=\"article\" \/>\n\t\t<meta property=\"og:title\" content=\"Pel\u00e9 califica de \u00ablamentable\u00bb el pase de Neymar al Barcelona - El Digital de Asturias\" \/>\n\t\t<meta property=\"og:description\" content=\"Sao Paulo, 31 ene (dpa) - El ex futbolista brasile\u00f1o Pel\u00e9 calific\u00f3 hoy de &quot;lamentable&quot; la pol\u00e9mica en torno al pase del delantero Neymar del Santos al Barcelona. &quot;Es lamentable. Esto es lo triste del f\u00fatbol hoy. Antiguamente el jugador quer\u00eda quedarse en su equipo del coraz\u00f3n pero hoy no, pasan dos a\u00f1os y el\" \/>\n\t\t<meta property=\"og:url\" content=\"https:\/\/www.eldigitaldeasturias.com\/noticias\/pele-califica-de-lamentable-el-pase-de-neymar-al-barcelona\/\" \/>\n\t\t<meta property=\"article:tag\" content=\"actualidad\" \/>\n\t\t<meta property=\"article:published_time\" content=\"2014-01-31T23:47:39+00:00\" \/>\n\t\t<meta property=\"article:modified_time\" content=\"2014-01-31T23:47:39+00:00\" \/>\n\t\t<meta property=\"article:publisher\" content=\"https:\/\/facebook.com\/eldigitaldeasturias\" \/>\n\t\t<meta name=\"twitter:card\" content=\"summary_large_image\" \/>\n\t\t<meta name=\"twitter:title\" content=\"Pel\u00e9 califica de \u00ablamentable\u00bb el pase de Neymar al Barcelona - El Digital de Asturias\" \/>\n\t\t<meta name=\"twitter:description\" content=\"Sao Paulo, 31 ene (dpa) - El ex futbolista brasile\u00f1o Pel\u00e9 calific\u00f3 hoy de &quot;lamentable&quot; la pol\u00e9mica en torno al pase del delantero Neymar del Santos al Barcelona. &quot;Es lamentable. Esto es lo triste del f\u00fatbol hoy. Antiguamente el jugador quer\u00eda quedarse en su equipo del coraz\u00f3n pero hoy no, pasan dos a\u00f1os y el\" \/>\n\t\t<meta name=\"twitter:label1\" content=\"Escrito por\" \/>\n\t\t<meta name=\"twitter:data1\" content=\"El Digital de Asturias\" \/>\n\t\t<meta name=\"twitter:label2\" content=\"Tiempo de lectura estimado\" \/>\n\t\t<meta name=\"twitter:data2\" content=\"3 minutos\" \/>\n\t\t<script type=\"application\/ld+json\" class=\"aioseo-schema\">\n\t\t\t{\"@context\":\"https:\\\/\\\/schema.org\",\"@graph\":[{\"@type\":\"BlogPosting\",\"@id\":\"https:\\\/\\\/www.eldigitaldeasturias.com\\\/noticias\\\/pele-califica-de-lamentable-el-pase-de-neymar-al-barcelona\\\/#blogposting\",\"name\":\"Pel\\u00e9 califica de \\u00ablamentable\\u00bb el pase de Neymar al Barcelona - El Digital de Asturias\",\"headline\":\"Pel\\u00e9 califica de \\u00ablamentable\\u00bb el pase de Neymar al Barcelona\",\"author\":{\"@id\":\"https:\\\/\\\/www.eldigitaldeasturias.com\\\/noticias\\\/author\\\/admin\\\/#author\"},\"publisher\":{\"@id\":\"https:\\\/\\\/www.eldigitaldeasturias.com\\\/noticias\\\/#organization\"},\"image\":{\"@type\":\"ImageObject\",\"url\":438551},\"datePublished\":\"2014-01-31T22:47:39+01:00\",\"dateModified\":\"2014-01-31T22:47:39+01:00\",\"inLanguage\":\"es-ES\",\"mainEntityOfPage\":{\"@id\":\"https:\\\/\\\/www.eldigitaldeasturias.com\\\/noticias\\\/pele-califica-de-lamentable-el-pase-de-neymar-al-barcelona\\\/#webpage\"},\"isPartOf\":{\"@id\":\"https:\\\/\\\/www.eldigitaldeasturias.com\\\/noticias\\\/pele-califica-de-lamentable-el-pase-de-neymar-al-barcelona\\\/#webpage\"},\"articleSection\":\"Actualidad\"},{\"@type\":\"BreadcrumbList\",\"@id\":\"https:\\\/\\\/www.eldigitaldeasturias.com\\\/noticias\\\/pele-califica-de-lamentable-el-pase-de-neymar-al-barcelona\\\/#breadcrumblist\",\"itemListElement\":[{\"@type\":\"ListItem\",\"@id\":\"https:\\\/\\\/www.eldigitaldeasturias.com\\\/noticias#listItem\",\"position\":1,\"name\":\"Home\",\"item\":\"https:\\\/\\\/www.eldigitaldeasturias.com\\\/noticias\",\"nextItem\":{\"@type\":\"ListItem\",\"@id\":\"https:\\\/\\\/www.eldigitaldeasturias.com\\\/noticias\\\/category\\\/actualidad\\\/#listItem\",\"name\":\"Actualidad\"}},{\"@type\":\"ListItem\",\"@id\":\"https:\\\/\\\/www.eldigitaldeasturias.com\\\/noticias\\\/category\\\/actualidad\\\/#listItem\",\"position\":2,\"name\":\"Actualidad\",\"item\":\"https:\\\/\\\/www.eldigitaldeasturias.com\\\/noticias\\\/category\\\/actualidad\\\/\",\"nextItem\":{\"@type\":\"ListItem\",\"@id\":\"https:\\\/\\\/www.eldigitaldeasturias.com\\\/noticias\\\/pele-califica-de-lamentable-el-pase-de-neymar-al-barcelona\\\/#listItem\",\"name\":\"Pel\\u00e9 califica de \\u00ablamentable\\u00bb el pase de Neymar al Barcelona\"},\"previousItem\":{\"@type\":\"ListItem\",\"@id\":\"https:\\\/\\\/www.eldigitaldeasturias.com\\\/noticias#listItem\",\"name\":\"Home\"}},{\"@type\":\"ListItem\",\"@id\":\"https:\\\/\\\/www.eldigitaldeasturias.com\\\/noticias\\\/pele-califica-de-lamentable-el-pase-de-neymar-al-barcelona\\\/#listItem\",\"position\":3,\"name\":\"Pel\\u00e9 califica de \\u00ablamentable\\u00bb el pase de Neymar al Barcelona\",\"previousItem\":{\"@type\":\"ListItem\",\"@id\":\"https:\\\/\\\/www.eldigitaldeasturias.com\\\/noticias\\\/category\\\/actualidad\\\/#listItem\",\"name\":\"Actualidad\"}}]},{\"@type\":\"Organization\",\"@id\":\"https:\\\/\\\/www.eldigitaldeasturias.com\\\/noticias\\\/#organization\",\"name\":\"El Digital de Asturias\",\"description\":\"Hemeroteca\",\"url\":\"https:\\\/\\\/www.eldigitaldeasturias.com\\\/noticias\\\/\",\"email\":\"info@eldigitaldeasturias.com\",\"telephone\":\"+34652131393\",\"logo\":{\"@type\":\"ImageObject\",\"url\":\"https:\\\/\\\/www.eldigitaldeasturias.com\\\/noticias\\\/wp-content\\\/uploads\\\/2020\\\/12\\\/EDA.jpg\",\"@id\":\"https:\\\/\\\/www.eldigitaldeasturias.com\\\/noticias\\\/pele-califica-de-lamentable-el-pase-de-neymar-al-barcelona\\\/#organizationLogo\"},\"image\":{\"@id\":\"https:\\\/\\\/www.eldigitaldeasturias.com\\\/noticias\\\/pele-califica-de-lamentable-el-pase-de-neymar-al-barcelona\\\/#organizationLogo\"},\"sameAs\":[\"https:\\\/\\\/facebook.com\\\/eldigitaldeasturias\",\"https:\\\/\\\/www.youtube.com\\\/channel\\\/UCZP-2wLEB9Rv6erhFmqVnvg\"],\"address\":{\"@id\":\"https:\\\/\\\/www.eldigitaldeasturias.com\\\/noticias\\\/#postaladdress\",\"@type\":\"PostalAddress\",\"streetAddress\":\"san antonio 4\",\"postalCode\":\"33430\",\"addressLocality\":\"Cand\\u00e1s\",\"addressRegion\":\"Asturias\",\"addressCountry\":\"ES\"}},{\"@type\":\"Person\",\"@id\":\"https:\\\/\\\/www.eldigitaldeasturias.com\\\/noticias\\\/author\\\/admin\\\/#author\",\"url\":\"https:\\\/\\\/www.eldigitaldeasturias.com\\\/noticias\\\/author\\\/admin\\\/\",\"name\":\"El Digital de Asturias\",\"image\":{\"@type\":\"ImageObject\",\"@id\":\"https:\\\/\\\/www.eldigitaldeasturias.com\\\/noticias\\\/pele-califica-de-lamentable-el-pase-de-neymar-al-barcelona\\\/#authorImage\",\"url\":\"https:\\\/\\\/secure.gravatar.com\\\/avatar\\\/df2aeffc32bcd13f8d26072ef8a91b623d677766deac7f97ca815868cd41bf5e?s=96&d=mm&r=g\",\"width\":96,\"height\":96,\"caption\":\"El Digital de Asturias\"}},{\"@type\":\"WebPage\",\"@id\":\"https:\\\/\\\/www.eldigitaldeasturias.com\\\/noticias\\\/pele-califica-de-lamentable-el-pase-de-neymar-al-barcelona\\\/#webpage\",\"url\":\"https:\\\/\\\/www.eldigitaldeasturias.com\\\/noticias\\\/pele-califica-de-lamentable-el-pase-de-neymar-al-barcelona\\\/\",\"name\":\"Pel\\u00e9 califica de \\u00ablamentable\\u00bb el pase de Neymar al Barcelona - El Digital de Asturias\",\"description\":\"Sao Paulo, 31 ene (dpa) - El ex futbolista brasile\\u00f1o Pel\\u00e9 calific\\u00f3 hoy de \\\"lamentable\\\" la pol\\u00e9mica en torno al pase del delantero Neymar del Santos al Barcelona. \\\"Es lamentable. Esto es lo triste del f\\u00fatbol hoy. Antiguamente el jugador quer\\u00eda quedarse en su equipo del coraz\\u00f3n pero hoy no, pasan dos a\\u00f1os y el\",\"inLanguage\":\"es-ES\",\"isPartOf\":{\"@id\":\"https:\\\/\\\/www.eldigitaldeasturias.com\\\/noticias\\\/#website\"},\"breadcrumb\":{\"@id\":\"https:\\\/\\\/www.eldigitaldeasturias.com\\\/noticias\\\/pele-califica-de-lamentable-el-pase-de-neymar-al-barcelona\\\/#breadcrumblist\"},\"author\":{\"@id\":\"https:\\\/\\\/www.eldigitaldeasturias.com\\\/noticias\\\/author\\\/admin\\\/#author\"},\"creator\":{\"@id\":\"https:\\\/\\\/www.eldigitaldeasturias.com\\\/noticias\\\/author\\\/admin\\\/#author\"},\"image\":{\"@type\":\"ImageObject\",\"url\":438551,\"@id\":\"https:\\\/\\\/www.eldigitaldeasturias.com\\\/noticias\\\/pele-califica-de-lamentable-el-pase-de-neymar-al-barcelona\\\/#mainImage\"},\"primaryImageOfPage\":{\"@id\":\"https:\\\/\\\/www.eldigitaldeasturias.com\\\/noticias\\\/pele-califica-de-lamentable-el-pase-de-neymar-al-barcelona\\\/#mainImage\"},\"datePublished\":\"2014-01-31T22:47:39+01:00\",\"dateModified\":\"2014-01-31T22:47:39+01:00\"},{\"@type\":\"WebSite\",\"@id\":\"https:\\\/\\\/www.eldigitaldeasturias.com\\\/noticias\\\/#website\",\"url\":\"https:\\\/\\\/www.eldigitaldeasturias.com\\\/noticias\\\/\",\"name\":\"El Digital de Asturias - Diario de actualidad y noticias\",\"alternateName\":\"El Digital de Asturias - Diario de actualidad y noticias\",\"description\":\"Hemeroteca\",\"inLanguage\":\"es-ES\",\"publisher\":{\"@id\":\"https:\\\/\\\/www.eldigitaldeasturias.com\\\/noticias\\\/#organization\"}}]}\n\t\t<\/script>\n\t\t<!-- All in One SEO Pro -->\r\n\t\t<title>Pel\u00e9 califica de \u00ablamentable\u00bb el pase de Neymar al Barcelona - El Digital de Asturias<\/title>\n\n","aioseo_head_json":{"title":"Pel\u00e9 califica de \u00ablamentable\u00bb el pase de Neymar al Barcelona - El Digital de Asturias","description":"Sao Paulo, 31 ene (dpa) - El ex futbolista brasile\u00f1o Pel\u00e9 calific\u00f3 hoy de \"lamentable\" la pol\u00e9mica en torno al pase del delantero Neymar del Santos al Barcelona. \"Es lamentable. Esto es lo triste del f\u00fatbol hoy. Antiguamente el jugador quer\u00eda quedarse en su equipo del coraz\u00f3n pero hoy no, pasan dos a\u00f1os y el","canonical_url":"https:\/\/www.eldigitaldeasturias.com\/noticias\/pele-califica-de-lamentable-el-pase-de-neymar-al-barcelona\/","robots":"max-image-preview:large","keywords":"actualidad","webmasterTools":{"google-site-verification":"UA-38556648-1","msvalidate.01":"7dfe9f3f1b24437ab69f4f2559babe99","miscellaneous":""},"schema":{"@context":"https:\/\/schema.org","@graph":[{"@type":"BlogPosting","@id":"https:\/\/www.eldigitaldeasturias.com\/noticias\/pele-califica-de-lamentable-el-pase-de-neymar-al-barcelona\/#blogposting","name":"Pel\u00e9 califica de \u00ablamentable\u00bb el pase de Neymar al Barcelona - El Digital de Asturias","headline":"Pel\u00e9 califica de \u00ablamentable\u00bb el pase de Neymar al Barcelona","author":{"@id":"https:\/\/www.eldigitaldeasturias.com\/noticias\/author\/admin\/#author"},"publisher":{"@id":"https:\/\/www.eldigitaldeasturias.com\/noticias\/#organization"},"image":{"@type":"ImageObject","url":438551},"datePublished":"2014-01-31T22:47:39+01:00","dateModified":"2014-01-31T22:47:39+01:00","inLanguage":"es-ES","mainEntityOfPage":{"@id":"https:\/\/www.eldigitaldeasturias.com\/noticias\/pele-califica-de-lamentable-el-pase-de-neymar-al-barcelona\/#webpage"},"isPartOf":{"@id":"https:\/\/www.eldigitaldeasturias.com\/noticias\/pele-califica-de-lamentable-el-pase-de-neymar-al-barcelona\/#webpage"},"articleSection":"Actualidad"},{"@type":"BreadcrumbList","@id":"https:\/\/www.eldigitaldeasturias.com\/noticias\/pele-califica-de-lamentable-el-pase-de-neymar-al-barcelona\/#breadcrumblist","itemListElement":[{"@type":"ListItem","@id":"https:\/\/www.eldigitaldeasturias.com\/noticias#listItem","position":1,"name":"Home","item":"https:\/\/www.eldigitaldeasturias.com\/noticias","nextItem":{"@type":"ListItem","@id":"https:\/\/www.eldigitaldeasturias.com\/noticias\/category\/actualidad\/#listItem","name":"Actualidad"}},{"@type":"ListItem","@id":"https:\/\/www.eldigitaldeasturias.com\/noticias\/category\/actualidad\/#listItem","position":2,"name":"Actualidad","item":"https:\/\/www.eldigitaldeasturias.com\/noticias\/category\/actualidad\/","nextItem":{"@type":"ListItem","@id":"https:\/\/www.eldigitaldeasturias.com\/noticias\/pele-califica-de-lamentable-el-pase-de-neymar-al-barcelona\/#listItem","name":"Pel\u00e9 califica de \u00ablamentable\u00bb el pase de Neymar al Barcelona"},"previousItem":{"@type":"ListItem","@id":"https:\/\/www.eldigitaldeasturias.com\/noticias#listItem","name":"Home"}},{"@type":"ListItem","@id":"https:\/\/www.eldigitaldeasturias.com\/noticias\/pele-califica-de-lamentable-el-pase-de-neymar-al-barcelona\/#listItem","position":3,"name":"Pel\u00e9 califica de \u00ablamentable\u00bb el pase de Neymar al Barcelona","previousItem":{"@type":"ListItem","@id":"https:\/\/www.eldigitaldeasturias.com\/noticias\/category\/actualidad\/#listItem","name":"Actualidad"}}]},{"@type":"Organization","@id":"https:\/\/www.eldigitaldeasturias.com\/noticias\/#organization","name":"El Digital de Asturias","description":"Hemeroteca","url":"https:\/\/www.eldigitaldeasturias.com\/noticias\/","email":"info@eldigitaldeasturias.com","telephone":"+34652131393","logo":{"@type":"ImageObject","url":"https:\/\/www.eldigitaldeasturias.com\/noticias\/wp-content\/uploads\/2020\/12\/EDA.jpg","@id":"https:\/\/www.eldigitaldeasturias.com\/noticias\/pele-califica-de-lamentable-el-pase-de-neymar-al-barcelona\/#organizationLogo"},"image":{"@id":"https:\/\/www.eldigitaldeasturias.com\/noticias\/pele-califica-de-lamentable-el-pase-de-neymar-al-barcelona\/#organizationLogo"},"sameAs":["https:\/\/facebook.com\/eldigitaldeasturias","https:\/\/www.youtube.com\/channel\/UCZP-2wLEB9Rv6erhFmqVnvg"],"address":{"@id":"https:\/\/www.eldigitaldeasturias.com\/noticias\/#postaladdress","@type":"PostalAddress","streetAddress":"san antonio 4","postalCode":"33430","addressLocality":"Cand\u00e1s","addressRegion":"Asturias","addressCountry":"ES"}},{"@type":"Person","@id":"https:\/\/www.eldigitaldeasturias.com\/noticias\/author\/admin\/#author","url":"https:\/\/www.eldigitaldeasturias.com\/noticias\/author\/admin\/","name":"El Digital de Asturias","image":{"@type":"ImageObject","@id":"https:\/\/www.eldigitaldeasturias.com\/noticias\/pele-califica-de-lamentable-el-pase-de-neymar-al-barcelona\/#authorImage","url":"https:\/\/secure.gravatar.com\/avatar\/df2aeffc32bcd13f8d26072ef8a91b623d677766deac7f97ca815868cd41bf5e?s=96&d=mm&r=g","width":96,"height":96,"caption":"El Digital de Asturias"}},{"@type":"WebPage","@id":"https:\/\/www.eldigitaldeasturias.com\/noticias\/pele-califica-de-lamentable-el-pase-de-neymar-al-barcelona\/#webpage","url":"https:\/\/www.eldigitaldeasturias.com\/noticias\/pele-califica-de-lamentable-el-pase-de-neymar-al-barcelona\/","name":"Pel\u00e9 califica de \u00ablamentable\u00bb el pase de Neymar al Barcelona - El Digital de Asturias","description":"Sao Paulo, 31 ene (dpa) - El ex futbolista brasile\u00f1o Pel\u00e9 calific\u00f3 hoy de \"lamentable\" la pol\u00e9mica en torno al pase del delantero Neymar del Santos al Barcelona. \"Es lamentable. Esto es lo triste del f\u00fatbol hoy. Antiguamente el jugador quer\u00eda quedarse en su equipo del coraz\u00f3n pero hoy no, pasan dos a\u00f1os y el","inLanguage":"es-ES","isPartOf":{"@id":"https:\/\/www.eldigitaldeasturias.com\/noticias\/#website"},"breadcrumb":{"@id":"https:\/\/www.eldigitaldeasturias.com\/noticias\/pele-califica-de-lamentable-el-pase-de-neymar-al-barcelona\/#breadcrumblist"},"author":{"@id":"https:\/\/www.eldigitaldeasturias.com\/noticias\/author\/admin\/#author"},"creator":{"@id":"https:\/\/www.eldigitaldeasturias.com\/noticias\/author\/admin\/#author"},"image":{"@type":"ImageObject","url":438551,"@id":"https:\/\/www.eldigitaldeasturias.com\/noticias\/pele-califica-de-lamentable-el-pase-de-neymar-al-barcelona\/#mainImage"},"primaryImageOfPage":{"@id":"https:\/\/www.eldigitaldeasturias.com\/noticias\/pele-califica-de-lamentable-el-pase-de-neymar-al-barcelona\/#mainImage"},"datePublished":"2014-01-31T22:47:39+01:00","dateModified":"2014-01-31T22:47:39+01:00"},{"@type":"WebSite","@id":"https:\/\/www.eldigitaldeasturias.com\/noticias\/#website","url":"https:\/\/www.eldigitaldeasturias.com\/noticias\/","name":"El Digital de Asturias - Diario de actualidad y noticias","alternateName":"El Digital de Asturias - Diario de actualidad y noticias","description":"Hemeroteca","inLanguage":"es-ES","publisher":{"@id":"https:\/\/www.eldigitaldeasturias.com\/noticias\/#organization"}}]},"og:locale":"es_ES","og:site_name":"El Digital de Asturias","og:type":"article","og:title":"Pel\u00e9 califica de \u00ablamentable\u00bb el pase de Neymar al Barcelona - El Digital de Asturias","og:description":"Sao Paulo, 31 ene (dpa) - El ex futbolista brasile\u00f1o Pel\u00e9 calific\u00f3 hoy de &quot;lamentable&quot; la pol\u00e9mica en torno al pase del delantero Neymar del Santos al Barcelona. &quot;Es lamentable. Esto es lo triste del f\u00fatbol hoy. Antiguamente el jugador quer\u00eda quedarse en su equipo del coraz\u00f3n pero hoy no, pasan dos a\u00f1os y el","og:url":"https:\/\/www.eldigitaldeasturias.com\/noticias\/pele-califica-de-lamentable-el-pase-de-neymar-al-barcelona\/","article:tag":["actualidad"],"article:published_time":"2014-01-31T23:47:39+00:00","article:modified_time":"2014-01-31T23:47:39+00:00","article:publisher":"https:\/\/facebook.com\/eldigitaldeasturias","twitter:card":"summary_large_image","twitter:title":"Pel\u00e9 califica de \u00ablamentable\u00bb el pase de Neymar al Barcelona - El Digital de Asturias","twitter:description":"Sao Paulo, 31 ene (dpa) - El ex futbolista brasile\u00f1o Pel\u00e9 calific\u00f3 hoy de &quot;lamentable&quot; la pol\u00e9mica en torno al pase del delantero Neymar del Santos al Barcelona. &quot;Es lamentable. Esto es lo triste del f\u00fatbol hoy. Antiguamente el jugador quer\u00eda quedarse en su equipo del coraz\u00f3n pero hoy no, pasan dos a\u00f1os y el","twitter:label1":"Escrito por","twitter:data1":"El Digital de Asturias","twitter:label2":"Tiempo de lectura estimado","twitter:data2":"3 minutos"},"aioseo_meta_data":{"post_id":"481437","title":null,"description":null,"keywords":null,"keyphrases":null,"primary_term":null,"canonical_url":null,"og_title":null,"og_description":null,"og_object_type":"default","og_image_type":"default","og_image_url":null,"og_image_width":null,"og_image_height":null,"og_image_custom_url":null,"og_image_custom_fields":null,"og_video":null,"og_custom_url":null,"og_article_section":null,"og_article_tags":null,"twitter_use_og":true,"twitter_card":"default","twitter_image_type":"default","twitter_image_url":null,"twitter_image_custom_url":null,"twitter_image_custom_fields":null,"twitter_title":null,"twitter_description":null,"schema":{"blockGraphs":[],"customGraphs":[],"default":{"data":{"Article":[],"Course":[],"Dataset":[],"FAQPage":[],"Movie":[],"Person":[],"Product":[],"ProductReview":[],"Car":[],"Recipe":[],"Service":[],"SoftwareApplication":[],"WebPage":[]},"graphName":"","isEnabled":true},"graphs":[],"defaultGraph":"","defaultPostTypeGraph":""},"schema_type":null,"schema_type_options":null,"pillar_content":false,"robots_default":true,"robots_noindex":false,"robots_noarchive":false,"robots_nosnippet":false,"robots_nofollow":false,"robots_noimageindex":false,"robots_noodp":false,"robots_notranslate":false,"robots_max_snippet":null,"robots_max_videopreview":null,"robots_max_imagepreview":"none","priority":null,"frequency":null,"local_seo":null,"seo_analyzer_scan_date":"2026-06-02 06:48:01","breadcrumb_settings":null,"limit_modified_date":false,"open_ai":null,"ai":null,"created":"2020-11-14 22:54:20","updated":"2026-06-02 06:48:01","focus_keyword":null,"additional_keywords":null,"truseo_locale":null},"aioseo_breadcrumb":"<div class=\"aioseo-breadcrumbs\"><span class=\"aioseo-breadcrumb\">\n\t<a href=\"https:\/\/www.eldigitaldeasturias.com\/noticias\" title=\"Home\">Home<\/a>\n<\/span><span class=\"aioseo-breadcrumb-separator\">\u2013<\/span><span class=\"aioseo-breadcrumb\">\n\t<a href=\"https:\/\/www.eldigitaldeasturias.com\/noticias\/category\/actualidad\/\" title=\"Actualidad\">Actualidad<\/a>\n<\/span><span class=\"aioseo-breadcrumb-separator\">\u2013<\/span><span class=\"aioseo-breadcrumb\">\n\t<a href=\"https:\/\/www.eldigitaldeasturias.com\/noticias\/pele-califica-de-lamentable-el-pase-de-neymar-al-barcelona\/\" title=\"Pel\u00e9 califica de \u00ablamentable\u00bb el pase de Neymar al Barcelona\">Pel\u00e9 califica de \u00ablamentable\u00bb el pase de Neymar al Barcelona<\/a>\n<\/span><\/div>","aioseo_breadcrumb_json":[{"label":"Home","link":"https:\/\/www.eldigitaldeasturias.com\/noticias"},{"label":"Actualidad","link":"https:\/\/www.eldigitaldeasturias.com\/noticias\/category\/actualidad\/"},{"label":"Pel\u00e9 califica de \u00ablamentable\u00bb el pase de Neymar al Barcelona","link":"https:\/\/www.eldigitaldeasturias.com\/noticias\/pele-califica-de-lamentable-el-pase-de-neymar-al-barcelona\/"}],"_links":{"self":[{"href":"https:\/\/www.eldigitaldeasturias.com\/noticias\/wp-json\/wp\/v2\/posts\/481437","targetHints":{"allow":["GET"]}}],"collection":[{"href":"https:\/\/www.eldigitaldeasturias.com\/noticias\/wp-json\/wp\/v2\/posts"}],"about":[{"href":"https:\/\/www.eldigitaldeasturias.com\/noticias\/wp-json\/wp\/v2\/types\/post"}],"author":[{"embeddable":true,"href":"https:\/\/www.eldigitaldeasturias.com\/noticias\/wp-json\/wp\/v2\/users\/1"}],"replies":[{"embeddable":true,"href":"https:\/\/www.eldigitaldeasturias.com\/noticias\/wp-json\/wp\/v2\/comments?post=481437"}],"version-history":[{"count":0,"href":"https:\/\/www.eldigitaldeasturias.com\/noticias\/wp-json\/wp\/v2\/posts\/481437\/revisions"}],"wp:attachment":[{"href":"https:\/\/www.eldigitaldeasturias.com\/noticias\/wp-json\/wp\/v2\/media?parent=481437"}],"wp:term":[{"taxonomy":"category","embeddable":true,"href":"https:\/\/www.eldigitaldeasturias.com\/noticias\/wp-json\/wp\/v2\/categories?post=481437"},{"taxonomy":"post_tag","embeddable":true,"href":"https:\/\/www.eldigitaldeasturias.com\/noticias\/wp-json\/wp\/v2\/tags?post=481437"}],"curies":[{"name":"wp","href":"https:\/\/api.w.org\/{rel}","templated":true}]}}