{"id":481435,"date":"2014-01-31T22:46:20","date_gmt":"2014-01-31T23:46:20","guid":{"rendered":"http:\/\/www.eldigitaldeasturias.com\/noticias\/?p=481435"},"modified":"2014-01-31T22:46:20","modified_gmt":"2014-01-31T23:46:20","slug":"fidel-castro-vuelve-a-ser-el-protagonista-de-la-politica","status":"publish","type":"post","link":"https:\/\/www.eldigitaldeasturias.com\/noticias\/fidel-castro-vuelve-a-ser-el-protagonista-de-la-politica\/","title":{"rendered":"Fidel Castro vuelve a ser el protagonista de la pol\u00edtica."},"content":{"rendered":"<p><img loading=\"lazy\" decoding=\"async\" class=\"alignleft size-medium wp-image-481250\" alt=\"5896314w\" src=\"https:\/\/www.eldigitaldeasturias.com\/noticias\/wp-content\/uploads\/2014\/01\/5896314w-360x266.jpg\" width=\"360\" height=\"266\" \/>La Habana, 31 ene (dpa) &#8211; El sal\u00f3n de la casa de Fidel Castro en La Habana fue tambi\u00e9n uno de los espacios protag\u00f3nicos de la reciente cumbre de la CELAC.<\/p>\n<p>Una decena de presidentes, desde aliados cercanos como el venezolano Nicol\u00e1s Maduro hasta el mexicano Enrique Pe\u00f1a Nieto, se dejaron retratar en los \u00faltimos d\u00edas junto al ex mandatario cubano, convertido casi en un venerado l\u00edder hist\u00f3rico de la regi\u00f3n.<\/p>\n<p>Tambi\u00e9n el secretario general de la ONU, Ban Ki-moon, estuvo en casa del octogenario ex jefe de Estado cubano, que ha vuelto al centro de atenci\u00f3n pese a vivir retirado de los focos p\u00fablicos desde hace a\u00f1os. \u00abQued\u00e9 muy conmovido y profundamente impresionado\u00bb, coment\u00f3 el martes Ban despu\u00e9s de estar en la residencia de Castro, en el oeste de La Habana. Ban fue invitado especial de la cumbre de la Comunidad de Estados Latinoamericanos y Caribe\u00f1os (CELAC) del martes y mi\u00e9rcoles, una cita que reuni\u00f3 a 33 pa\u00edses, todo el continente americano con excepci\u00f3n de Estados Unidos y Canad\u00e1.<\/p>\n<p>\u00abIncluso f\u00edsicamente est\u00e1 muy fuerte, hasta donde pude ver\u00bb, asegur\u00f3 el surcoreano tras ser recibido por Castro.<\/p>\n<p>\u00bfUna forma de hacer pol\u00edtica? En particular la visita de Pe\u00f1a Nieto fue vista como un s\u00edmbolo de la mejor\u00eda en las relaciones bilaterales entre M\u00e9xico y Cuba, que se enfriaron bastante en las \u00faltimas dos d\u00e9cadas, sobre todo durante las presidencias del conservador Partido Acci\u00f3n Nacional (PAN) entre 2000 y 2012.<\/p>\n<p>La visita de Pe\u00f1a Nieto, del Partido Revolucionario Institucional (PRI), es vista como un intento por recomponer esos v\u00ednculos, tradicionalmente amigables desde el triunfo de la Revoluci\u00f3n cubana en 1959.<\/p>\n<p>La presidencia de M\u00e9xico difundi\u00f3 im\u00e1genes de Pe\u00f1a Nieto al lado de Castro, al que el mandatario mexicano calific\u00f3 como \u00abl\u00edder pol\u00edtico y moral de Cuba\u00bb, seg\u00fan el comunicado.<\/p>\n<p>Poco antes de la visita, M\u00e9xico condon\u00f3 a Cuba el 70 por ciento de su deuda, de m\u00e1s de 487 millones de d\u00f3lares. El predecesor de Pe\u00f1a Nieto, Felipe Calder\u00f3n, estuvo en La Habana poco antes de dejar el poder en 2012, pero no fue recibido por Fidel Castro.<\/p>\n<p>La foto sali\u00f3 \u00abmuy cara\u00bb, ironiz\u00f3 ahora el l\u00edder del PAN, Gustavo Madero. \u00abCreo que le tuvieron que condonar de la deuda\u00bb.<\/p>\n<p>Los medios estatales de la isla publican desde hace d\u00edas im\u00e1genes de Castro recibiendo a los visitantes en el sal\u00f3n de su casa. Al veterano pol\u00edtico de 87 a\u00f1os, que reapareci\u00f3 hace poco en p\u00fablico despu\u00e9s de meses de ausencia medi\u00e1tica, se le ve en ellas con la ropa deportiva con la que suele ser retratado en los \u00faltimos tiempos.<\/p>\n<p>El jueves fue el turno de Maduro, un habitual de la residencia de Castro. Por la casa tambi\u00e9n desfilaron en la \u00faltima semana la brasile\u00f1a Dilma Rousseff, la argentina Cristina Fern\u00e1ndez de Kircher y el uruguayo Jos\u00e9 Mujica, entre otros.<\/p>\n<p>Simb\u00f3licamente, varios mandatarios del bloque de izquierdas del ALBA &#8211; el ecuatoriano Rafael Correa, el nicarag\u00fcense Daniel Ortega y el boliviano Evo Morales-, se fotografiaron juntos alrededor de Castro.<\/p>\n<p>Las im\u00e1genes sugieren el benepl\u00e1cito del castrismo. No se conocieron por ejemplo de reuniones con el colombiano Juan Manuel Santos, pese a la colaboraci\u00f3n entre ambos pa\u00edses en el actual proceso de paz con las FARC, o con el chileno Sebasti\u00e1n Pi\u00f1era.<\/p>\n<p>El pol\u00edtico conservador, que deja el cargo en marzo, fue tambi\u00e9n el \u00fanico que se reuni\u00f3 con una conocida disidente, la l\u00edder de las Damas de Blanco, Berta Soler, durante su estancia en la isla.<\/p>\n<p>Las cr\u00edticas a la figura de Fidel Castro se han hecho raras en los c\u00edrculos oficiales del continente \u00faltimamente. S\u00f3lo desde Estados Unidos se escuchan con regularidad ataques contra Castro, en particular de la numerosa comunidad del exilio cubano anticastrista.<\/p>\n<p>Fidel Castro gobern\u00f3 la isla durante casi medio siglo tras el triunfo de la revoluci\u00f3n que derroc\u00f3 a Fulgencio Batista en 1959. Odiado y admirado casi por igual por detractores y simpatizantes, Castro sigue siendo uno de los pol\u00edticos que m\u00e1s pasiones despierta en el mundo entero.<\/p>\n<p>En 2006 deleg\u00f3 el poder en su hermano Ra\u00fal tras sufrir una grave enfermedad intestinal que lo puso al borde de la muerte. En los \u00faltimos a\u00f1os sus apariciones se han hecho cada vez m\u00e1s escasas. Tampoco publica ya casi las \u00abreflexiones\u00bb que sol\u00eda difundir en la prensa cubana en los primeros a\u00f1os tras su convalecencia.<\/p>\n<p>Por Isaac Risco<\/p>\n","protected":false},"excerpt":{"rendered":"<p>La Habana, 31 ene (dpa) &#8211; El sal\u00f3n de la casa de Fidel Castro en La Habana fue tambi\u00e9n uno de los espacios protag\u00f3nicos de la reciente cumbre de la CELAC. Una decena de presidentes, desde aliados cercanos como el venezolano Nicol\u00e1s Maduro hasta el mexicano Enrique Pe\u00f1a Nieto, se dejaron retratar en los \u00faltimos [&hellip;]<\/p>\n","protected":false},"author":1,"featured_media":1132184,"comment_status":"closed","ping_status":"open","sticky":false,"template":"","format":"standard","meta":{"footnotes":""},"categories":[1],"tags":[],"class_list":["post-481435","post","type-post","status-publish","format-standard","has-post-thumbnail","hentry","category-actualidad"],"aioseo_notices":[],"aioseo_head":"\n\t\t<!-- All in One SEO Pro 5.0.1 - aioseo.com -->\n\t<meta name=\"description\" content=\"La Habana, 31 ene (dpa) - El sal\u00f3n de la casa de Fidel Castro en La Habana fue tambi\u00e9n uno de los espacios protag\u00f3nicos de la reciente cumbre de la CELAC. Una decena de presidentes, desde aliados cercanos como el venezolano Nicol\u00e1s Maduro hasta el mexicano Enrique Pe\u00f1a Nieto, se dejaron retratar en los \u00faltimos\" \/>\n\t<meta name=\"robots\" content=\"max-image-preview:large\" \/>\n\t<meta name=\"author\" content=\"El Digital de Asturias\"\/>\n\t<meta name=\"google-site-verification\" content=\"UA-38556648-1\" \/>\n\t<meta name=\"msvalidate.01\" content=\"7dfe9f3f1b24437ab69f4f2559babe99\" \/>\n\t<meta name=\"keywords\" content=\"actualidad\" \/>\n\t<link rel=\"canonical\" href=\"https:\/\/www.eldigitaldeasturias.com\/noticias\/fidel-castro-vuelve-a-ser-el-protagonista-de-la-politica\/\" \/>\n\t<meta name=\"generator\" content=\"All in One SEO Pro (AIOSEO) 5.0.1\" \/>\n\t\t<meta property=\"og:locale\" content=\"es_ES\" \/>\n\t\t<meta property=\"og:site_name\" content=\"El Digital de Asturias\" \/>\n\t\t<meta property=\"og:type\" content=\"article\" \/>\n\t\t<meta property=\"og:title\" content=\"Fidel Castro vuelve a ser el protagonista de la pol\u00edtica. - El Digital de Asturias\" \/>\n\t\t<meta property=\"og:description\" content=\"La Habana, 31 ene (dpa) - El sal\u00f3n de la casa de Fidel Castro en La Habana fue tambi\u00e9n uno de los espacios protag\u00f3nicos de la reciente cumbre de la CELAC. Una decena de presidentes, desde aliados cercanos como el venezolano Nicol\u00e1s Maduro hasta el mexicano Enrique Pe\u00f1a Nieto, se dejaron retratar en los \u00faltimos\" \/>\n\t\t<meta property=\"og:url\" content=\"https:\/\/www.eldigitaldeasturias.com\/noticias\/fidel-castro-vuelve-a-ser-el-protagonista-de-la-politica\/\" \/>\n\t\t<meta property=\"og:image\" content=\"https:\/\/www.eldigitaldeasturias.com\/noticias\/wp-content\/uploads\/2026\/06\/Contenidos.jpg\" \/>\n\t\t<meta property=\"og:image:secure_url\" content=\"https:\/\/www.eldigitaldeasturias.com\/noticias\/wp-content\/uploads\/2026\/06\/Contenidos.jpg\" \/>\n\t\t<meta property=\"og:image:width\" content=\"1265\" \/>\n\t\t<meta property=\"og:image:height\" content=\"697\" \/>\n\t\t<meta property=\"article:tag\" content=\"actualidad\" \/>\n\t\t<meta property=\"article:published_time\" content=\"2014-01-31T23:46:20+00:00\" \/>\n\t\t<meta property=\"article:modified_time\" content=\"2014-01-31T23:46:20+00:00\" \/>\n\t\t<meta property=\"article:publisher\" content=\"https:\/\/facebook.com\/eldigitaldeasturias\" \/>\n\t\t<meta name=\"twitter:card\" content=\"summary_large_image\" \/>\n\t\t<meta name=\"twitter:title\" content=\"Fidel Castro vuelve a ser el protagonista de la pol\u00edtica. - El Digital de Asturias\" \/>\n\t\t<meta name=\"twitter:description\" content=\"La Habana, 31 ene (dpa) - El sal\u00f3n de la casa de Fidel Castro en La Habana fue tambi\u00e9n uno de los espacios protag\u00f3nicos de la reciente cumbre de la CELAC. Una decena de presidentes, desde aliados cercanos como el venezolano Nicol\u00e1s Maduro hasta el mexicano Enrique Pe\u00f1a Nieto, se dejaron retratar en los \u00faltimos\" \/>\n\t\t<meta name=\"twitter:image\" content=\"https:\/\/www.eldigitaldeasturias.com\/noticias\/wp-content\/uploads\/2026\/06\/Contenidos.jpg\" \/>\n\t\t<meta name=\"twitter:label1\" content=\"Escrito por\" \/>\n\t\t<meta name=\"twitter:data1\" content=\"El Digital de Asturias\" \/>\n\t\t<meta name=\"twitter:label2\" content=\"Tiempo de lectura estimado\" \/>\n\t\t<meta name=\"twitter:data2\" content=\"4 minutos\" \/>\n\t\t<script type=\"application\/ld+json\" class=\"aioseo-schema\">\n\t\t\t{\"@context\":\"https:\\\/\\\/schema.org\",\"@graph\":[{\"@type\":\"BlogPosting\",\"@id\":\"https:\\\/\\\/www.eldigitaldeasturias.com\\\/noticias\\\/fidel-castro-vuelve-a-ser-el-protagonista-de-la-politica\\\/#blogposting\",\"name\":\"Fidel Castro vuelve a ser el protagonista de la pol\\u00edtica. - El Digital de Asturias\",\"headline\":\"Fidel Castro vuelve a ser el protagonista de la pol\\u00edtica.\",\"author\":{\"@id\":\"https:\\\/\\\/www.eldigitaldeasturias.com\\\/noticias\\\/author\\\/admin\\\/#author\"},\"publisher\":{\"@id\":\"https:\\\/\\\/www.eldigitaldeasturias.com\\\/noticias\\\/#organization\"},\"image\":{\"@type\":\"ImageObject\",\"url\":\"https:\\\/\\\/www.eldigitaldeasturias.com\\\/noticias\\\/wp-content\\\/uploads\\\/2026\\\/06\\\/Contenidos.jpg\",\"width\":1265,\"height\":697,\"caption\":\"Contenidos\"},\"datePublished\":\"2014-01-31T22:46:20+01:00\",\"dateModified\":\"2014-01-31T22:46:20+01:00\",\"inLanguage\":\"es-ES\",\"mainEntityOfPage\":{\"@id\":\"https:\\\/\\\/www.eldigitaldeasturias.com\\\/noticias\\\/fidel-castro-vuelve-a-ser-el-protagonista-de-la-politica\\\/#webpage\"},\"isPartOf\":{\"@id\":\"https:\\\/\\\/www.eldigitaldeasturias.com\\\/noticias\\\/fidel-castro-vuelve-a-ser-el-protagonista-de-la-politica\\\/#webpage\"},\"articleSection\":\"Actualidad\"},{\"@type\":\"BreadcrumbList\",\"@id\":\"https:\\\/\\\/www.eldigitaldeasturias.com\\\/noticias\\\/fidel-castro-vuelve-a-ser-el-protagonista-de-la-politica\\\/#breadcrumblist\",\"itemListElement\":[{\"@type\":\"ListItem\",\"@id\":\"https:\\\/\\\/www.eldigitaldeasturias.com\\\/noticias#listItem\",\"position\":1,\"name\":\"Home\",\"item\":\"https:\\\/\\\/www.eldigitaldeasturias.com\\\/noticias\",\"nextItem\":{\"@type\":\"ListItem\",\"@id\":\"https:\\\/\\\/www.eldigitaldeasturias.com\\\/noticias\\\/category\\\/actualidad\\\/#listItem\",\"name\":\"Actualidad\"}},{\"@type\":\"ListItem\",\"@id\":\"https:\\\/\\\/www.eldigitaldeasturias.com\\\/noticias\\\/category\\\/actualidad\\\/#listItem\",\"position\":2,\"name\":\"Actualidad\",\"item\":\"https:\\\/\\\/www.eldigitaldeasturias.com\\\/noticias\\\/category\\\/actualidad\\\/\",\"nextItem\":{\"@type\":\"ListItem\",\"@id\":\"https:\\\/\\\/www.eldigitaldeasturias.com\\\/noticias\\\/fidel-castro-vuelve-a-ser-el-protagonista-de-la-politica\\\/#listItem\",\"name\":\"Fidel Castro vuelve a ser el protagonista de la pol\\u00edtica.\"},\"previousItem\":{\"@type\":\"ListItem\",\"@id\":\"https:\\\/\\\/www.eldigitaldeasturias.com\\\/noticias#listItem\",\"name\":\"Home\"}},{\"@type\":\"ListItem\",\"@id\":\"https:\\\/\\\/www.eldigitaldeasturias.com\\\/noticias\\\/fidel-castro-vuelve-a-ser-el-protagonista-de-la-politica\\\/#listItem\",\"position\":3,\"name\":\"Fidel Castro vuelve a ser el protagonista de la pol\\u00edtica.\",\"previousItem\":{\"@type\":\"ListItem\",\"@id\":\"https:\\\/\\\/www.eldigitaldeasturias.com\\\/noticias\\\/category\\\/actualidad\\\/#listItem\",\"name\":\"Actualidad\"}}]},{\"@type\":\"Organization\",\"@id\":\"https:\\\/\\\/www.eldigitaldeasturias.com\\\/noticias\\\/#organization\",\"name\":\"El Digital de Asturias\",\"description\":\"Hemeroteca\",\"url\":\"https:\\\/\\\/www.eldigitaldeasturias.com\\\/noticias\\\/\",\"email\":\"info@eldigitaldeasturias.com\",\"telephone\":\"+34652131393\",\"logo\":{\"@type\":\"ImageObject\",\"url\":\"https:\\\/\\\/www.eldigitaldeasturias.com\\\/noticias\\\/wp-content\\\/uploads\\\/2020\\\/12\\\/EDA.jpg\",\"@id\":\"https:\\\/\\\/www.eldigitaldeasturias.com\\\/noticias\\\/fidel-castro-vuelve-a-ser-el-protagonista-de-la-politica\\\/#organizationLogo\"},\"image\":{\"@id\":\"https:\\\/\\\/www.eldigitaldeasturias.com\\\/noticias\\\/fidel-castro-vuelve-a-ser-el-protagonista-de-la-politica\\\/#organizationLogo\"},\"sameAs\":[\"https:\\\/\\\/facebook.com\\\/eldigitaldeasturias\",\"https:\\\/\\\/www.youtube.com\\\/channel\\\/UCZP-2wLEB9Rv6erhFmqVnvg\"],\"address\":{\"@id\":\"https:\\\/\\\/www.eldigitaldeasturias.com\\\/noticias\\\/#postaladdress\",\"@type\":\"PostalAddress\",\"streetAddress\":\"san antonio 4\",\"postalCode\":\"33430\",\"addressLocality\":\"Cand\\u00e1s\",\"addressRegion\":\"Asturias\",\"addressCountry\":\"ES\"}},{\"@type\":\"Person\",\"@id\":\"https:\\\/\\\/www.eldigitaldeasturias.com\\\/noticias\\\/author\\\/admin\\\/#author\",\"url\":\"https:\\\/\\\/www.eldigitaldeasturias.com\\\/noticias\\\/author\\\/admin\\\/\",\"name\":\"El Digital de Asturias\",\"image\":{\"@type\":\"ImageObject\",\"@id\":\"https:\\\/\\\/www.eldigitaldeasturias.com\\\/noticias\\\/fidel-castro-vuelve-a-ser-el-protagonista-de-la-politica\\\/#authorImage\",\"url\":\"https:\\\/\\\/secure.gravatar.com\\\/avatar\\\/df2aeffc32bcd13f8d26072ef8a91b623d677766deac7f97ca815868cd41bf5e?s=96&d=mm&r=g\",\"width\":96,\"height\":96,\"caption\":\"El Digital de Asturias\"}},{\"@type\":\"WebPage\",\"@id\":\"https:\\\/\\\/www.eldigitaldeasturias.com\\\/noticias\\\/fidel-castro-vuelve-a-ser-el-protagonista-de-la-politica\\\/#webpage\",\"url\":\"https:\\\/\\\/www.eldigitaldeasturias.com\\\/noticias\\\/fidel-castro-vuelve-a-ser-el-protagonista-de-la-politica\\\/\",\"name\":\"Fidel Castro vuelve a ser el protagonista de la pol\\u00edtica. - El Digital de Asturias\",\"description\":\"La Habana, 31 ene (dpa) - El sal\\u00f3n de la casa de Fidel Castro en La Habana fue tambi\\u00e9n uno de los espacios protag\\u00f3nicos de la reciente cumbre de la CELAC. Una decena de presidentes, desde aliados cercanos como el venezolano Nicol\\u00e1s Maduro hasta el mexicano Enrique Pe\\u00f1a Nieto, se dejaron retratar en los \\u00faltimos\",\"inLanguage\":\"es-ES\",\"isPartOf\":{\"@id\":\"https:\\\/\\\/www.eldigitaldeasturias.com\\\/noticias\\\/#website\"},\"breadcrumb\":{\"@id\":\"https:\\\/\\\/www.eldigitaldeasturias.com\\\/noticias\\\/fidel-castro-vuelve-a-ser-el-protagonista-de-la-politica\\\/#breadcrumblist\"},\"author\":{\"@id\":\"https:\\\/\\\/www.eldigitaldeasturias.com\\\/noticias\\\/author\\\/admin\\\/#author\"},\"creator\":{\"@id\":\"https:\\\/\\\/www.eldigitaldeasturias.com\\\/noticias\\\/author\\\/admin\\\/#author\"},\"image\":{\"@type\":\"ImageObject\",\"url\":\"https:\\\/\\\/www.eldigitaldeasturias.com\\\/noticias\\\/wp-content\\\/uploads\\\/2026\\\/06\\\/Contenidos.jpg\",\"@id\":\"https:\\\/\\\/www.eldigitaldeasturias.com\\\/noticias\\\/fidel-castro-vuelve-a-ser-el-protagonista-de-la-politica\\\/#mainImage\",\"width\":1265,\"height\":697,\"caption\":\"Contenidos\"},\"primaryImageOfPage\":{\"@id\":\"https:\\\/\\\/www.eldigitaldeasturias.com\\\/noticias\\\/fidel-castro-vuelve-a-ser-el-protagonista-de-la-politica\\\/#mainImage\"},\"datePublished\":\"2014-01-31T22:46:20+01:00\",\"dateModified\":\"2014-01-31T22:46:20+01:00\"},{\"@type\":\"WebSite\",\"@id\":\"https:\\\/\\\/www.eldigitaldeasturias.com\\\/noticias\\\/#website\",\"url\":\"https:\\\/\\\/www.eldigitaldeasturias.com\\\/noticias\\\/\",\"name\":\"El Digital de Asturias - Diario de actualidad y noticias\",\"alternateName\":\"El Digital de Asturias - Diario de actualidad y noticias\",\"description\":\"Hemeroteca\",\"inLanguage\":\"es-ES\",\"publisher\":{\"@id\":\"https:\\\/\\\/www.eldigitaldeasturias.com\\\/noticias\\\/#organization\"}}]}\n\t\t<\/script>\n\t\t<!-- All in One SEO Pro -->\r\n\t\t<title>Fidel Castro vuelve a ser el protagonista de la pol\u00edtica. - El Digital de Asturias<\/title>\n\n","aioseo_head_json":{"title":"Fidel Castro vuelve a ser el protagonista de la pol\u00edtica. - El Digital de Asturias","description":"La Habana, 31 ene (dpa) - El sal\u00f3n de la casa de Fidel Castro en La Habana fue tambi\u00e9n uno de los espacios protag\u00f3nicos de la reciente cumbre de la CELAC. Una decena de presidentes, desde aliados cercanos como el venezolano Nicol\u00e1s Maduro hasta el mexicano Enrique Pe\u00f1a Nieto, se dejaron retratar en los \u00faltimos","canonical_url":"https:\/\/www.eldigitaldeasturias.com\/noticias\/fidel-castro-vuelve-a-ser-el-protagonista-de-la-politica\/","robots":"max-image-preview:large","keywords":"actualidad","webmasterTools":{"google-site-verification":"UA-38556648-1","msvalidate.01":"7dfe9f3f1b24437ab69f4f2559babe99","miscellaneous":""},"schema":{"@context":"https:\/\/schema.org","@graph":[{"@type":"BlogPosting","@id":"https:\/\/www.eldigitaldeasturias.com\/noticias\/fidel-castro-vuelve-a-ser-el-protagonista-de-la-politica\/#blogposting","name":"Fidel Castro vuelve a ser el protagonista de la pol\u00edtica. - El Digital de Asturias","headline":"Fidel Castro vuelve a ser el protagonista de la pol\u00edtica.","author":{"@id":"https:\/\/www.eldigitaldeasturias.com\/noticias\/author\/admin\/#author"},"publisher":{"@id":"https:\/\/www.eldigitaldeasturias.com\/noticias\/#organization"},"image":{"@type":"ImageObject","url":"https:\/\/www.eldigitaldeasturias.com\/noticias\/wp-content\/uploads\/2026\/06\/Contenidos.jpg","width":1265,"height":697,"caption":"Contenidos"},"datePublished":"2014-01-31T22:46:20+01:00","dateModified":"2014-01-31T22:46:20+01:00","inLanguage":"es-ES","mainEntityOfPage":{"@id":"https:\/\/www.eldigitaldeasturias.com\/noticias\/fidel-castro-vuelve-a-ser-el-protagonista-de-la-politica\/#webpage"},"isPartOf":{"@id":"https:\/\/www.eldigitaldeasturias.com\/noticias\/fidel-castro-vuelve-a-ser-el-protagonista-de-la-politica\/#webpage"},"articleSection":"Actualidad"},{"@type":"BreadcrumbList","@id":"https:\/\/www.eldigitaldeasturias.com\/noticias\/fidel-castro-vuelve-a-ser-el-protagonista-de-la-politica\/#breadcrumblist","itemListElement":[{"@type":"ListItem","@id":"https:\/\/www.eldigitaldeasturias.com\/noticias#listItem","position":1,"name":"Home","item":"https:\/\/www.eldigitaldeasturias.com\/noticias","nextItem":{"@type":"ListItem","@id":"https:\/\/www.eldigitaldeasturias.com\/noticias\/category\/actualidad\/#listItem","name":"Actualidad"}},{"@type":"ListItem","@id":"https:\/\/www.eldigitaldeasturias.com\/noticias\/category\/actualidad\/#listItem","position":2,"name":"Actualidad","item":"https:\/\/www.eldigitaldeasturias.com\/noticias\/category\/actualidad\/","nextItem":{"@type":"ListItem","@id":"https:\/\/www.eldigitaldeasturias.com\/noticias\/fidel-castro-vuelve-a-ser-el-protagonista-de-la-politica\/#listItem","name":"Fidel Castro vuelve a ser el protagonista de la pol\u00edtica."},"previousItem":{"@type":"ListItem","@id":"https:\/\/www.eldigitaldeasturias.com\/noticias#listItem","name":"Home"}},{"@type":"ListItem","@id":"https:\/\/www.eldigitaldeasturias.com\/noticias\/fidel-castro-vuelve-a-ser-el-protagonista-de-la-politica\/#listItem","position":3,"name":"Fidel Castro vuelve a ser el protagonista de la pol\u00edtica.","previousItem":{"@type":"ListItem","@id":"https:\/\/www.eldigitaldeasturias.com\/noticias\/category\/actualidad\/#listItem","name":"Actualidad"}}]},{"@type":"Organization","@id":"https:\/\/www.eldigitaldeasturias.com\/noticias\/#organization","name":"El Digital de Asturias","description":"Hemeroteca","url":"https:\/\/www.eldigitaldeasturias.com\/noticias\/","email":"info@eldigitaldeasturias.com","telephone":"+34652131393","logo":{"@type":"ImageObject","url":"https:\/\/www.eldigitaldeasturias.com\/noticias\/wp-content\/uploads\/2020\/12\/EDA.jpg","@id":"https:\/\/www.eldigitaldeasturias.com\/noticias\/fidel-castro-vuelve-a-ser-el-protagonista-de-la-politica\/#organizationLogo"},"image":{"@id":"https:\/\/www.eldigitaldeasturias.com\/noticias\/fidel-castro-vuelve-a-ser-el-protagonista-de-la-politica\/#organizationLogo"},"sameAs":["https:\/\/facebook.com\/eldigitaldeasturias","https:\/\/www.youtube.com\/channel\/UCZP-2wLEB9Rv6erhFmqVnvg"],"address":{"@id":"https:\/\/www.eldigitaldeasturias.com\/noticias\/#postaladdress","@type":"PostalAddress","streetAddress":"san antonio 4","postalCode":"33430","addressLocality":"Cand\u00e1s","addressRegion":"Asturias","addressCountry":"ES"}},{"@type":"Person","@id":"https:\/\/www.eldigitaldeasturias.com\/noticias\/author\/admin\/#author","url":"https:\/\/www.eldigitaldeasturias.com\/noticias\/author\/admin\/","name":"El Digital de Asturias","image":{"@type":"ImageObject","@id":"https:\/\/www.eldigitaldeasturias.com\/noticias\/fidel-castro-vuelve-a-ser-el-protagonista-de-la-politica\/#authorImage","url":"https:\/\/secure.gravatar.com\/avatar\/df2aeffc32bcd13f8d26072ef8a91b623d677766deac7f97ca815868cd41bf5e?s=96&d=mm&r=g","width":96,"height":96,"caption":"El Digital de Asturias"}},{"@type":"WebPage","@id":"https:\/\/www.eldigitaldeasturias.com\/noticias\/fidel-castro-vuelve-a-ser-el-protagonista-de-la-politica\/#webpage","url":"https:\/\/www.eldigitaldeasturias.com\/noticias\/fidel-castro-vuelve-a-ser-el-protagonista-de-la-politica\/","name":"Fidel Castro vuelve a ser el protagonista de la pol\u00edtica. - El Digital de Asturias","description":"La Habana, 31 ene (dpa) - El sal\u00f3n de la casa de Fidel Castro en La Habana fue tambi\u00e9n uno de los espacios protag\u00f3nicos de la reciente cumbre de la CELAC. Una decena de presidentes, desde aliados cercanos como el venezolano Nicol\u00e1s Maduro hasta el mexicano Enrique Pe\u00f1a Nieto, se dejaron retratar en los \u00faltimos","inLanguage":"es-ES","isPartOf":{"@id":"https:\/\/www.eldigitaldeasturias.com\/noticias\/#website"},"breadcrumb":{"@id":"https:\/\/www.eldigitaldeasturias.com\/noticias\/fidel-castro-vuelve-a-ser-el-protagonista-de-la-politica\/#breadcrumblist"},"author":{"@id":"https:\/\/www.eldigitaldeasturias.com\/noticias\/author\/admin\/#author"},"creator":{"@id":"https:\/\/www.eldigitaldeasturias.com\/noticias\/author\/admin\/#author"},"image":{"@type":"ImageObject","url":"https:\/\/www.eldigitaldeasturias.com\/noticias\/wp-content\/uploads\/2026\/06\/Contenidos.jpg","@id":"https:\/\/www.eldigitaldeasturias.com\/noticias\/fidel-castro-vuelve-a-ser-el-protagonista-de-la-politica\/#mainImage","width":1265,"height":697,"caption":"Contenidos"},"primaryImageOfPage":{"@id":"https:\/\/www.eldigitaldeasturias.com\/noticias\/fidel-castro-vuelve-a-ser-el-protagonista-de-la-politica\/#mainImage"},"datePublished":"2014-01-31T22:46:20+01:00","dateModified":"2014-01-31T22:46:20+01:00"},{"@type":"WebSite","@id":"https:\/\/www.eldigitaldeasturias.com\/noticias\/#website","url":"https:\/\/www.eldigitaldeasturias.com\/noticias\/","name":"El Digital de Asturias - Diario de actualidad y noticias","alternateName":"El Digital de Asturias - Diario de actualidad y noticias","description":"Hemeroteca","inLanguage":"es-ES","publisher":{"@id":"https:\/\/www.eldigitaldeasturias.com\/noticias\/#organization"}}]},"og:locale":"es_ES","og:site_name":"El Digital de Asturias","og:type":"article","og:title":"Fidel Castro vuelve a ser el protagonista de la pol\u00edtica. - El Digital de Asturias","og:description":"La Habana, 31 ene (dpa) - El sal\u00f3n de la casa de Fidel Castro en La Habana fue tambi\u00e9n uno de los espacios protag\u00f3nicos de la reciente cumbre de la CELAC. Una decena de presidentes, desde aliados cercanos como el venezolano Nicol\u00e1s Maduro hasta el mexicano Enrique Pe\u00f1a Nieto, se dejaron retratar en los \u00faltimos","og:url":"https:\/\/www.eldigitaldeasturias.com\/noticias\/fidel-castro-vuelve-a-ser-el-protagonista-de-la-politica\/","og:image":"https:\/\/www.eldigitaldeasturias.com\/noticias\/wp-content\/uploads\/2026\/06\/Contenidos.jpg","og:image:secure_url":"https:\/\/www.eldigitaldeasturias.com\/noticias\/wp-content\/uploads\/2026\/06\/Contenidos.jpg","og:image:width":1265,"og:image:height":697,"article:tag":["actualidad"],"article:published_time":"2014-01-31T23:46:20+00:00","article:modified_time":"2014-01-31T23:46:20+00:00","article:publisher":"https:\/\/facebook.com\/eldigitaldeasturias","twitter:card":"summary_large_image","twitter:title":"Fidel Castro vuelve a ser el protagonista de la pol\u00edtica. - El Digital de Asturias","twitter:description":"La Habana, 31 ene (dpa) - El sal\u00f3n de la casa de Fidel Castro en La Habana fue tambi\u00e9n uno de los espacios protag\u00f3nicos de la reciente cumbre de la CELAC. Una decena de presidentes, desde aliados cercanos como el venezolano Nicol\u00e1s Maduro hasta el mexicano Enrique Pe\u00f1a Nieto, se dejaron retratar en los \u00faltimos","twitter:image":"https:\/\/www.eldigitaldeasturias.com\/noticias\/wp-content\/uploads\/2026\/06\/Contenidos.jpg","twitter:label1":"Escrito por","twitter:data1":"El Digital de Asturias","twitter:label2":"Tiempo de lectura estimado","twitter:data2":"4 minutos"},"aioseo_meta_data":{"post_id":"481435","title":null,"description":null,"keywords":null,"keyphrases":null,"primary_term":null,"canonical_url":null,"og_title":null,"og_description":null,"og_object_type":"default","og_image_type":"default","og_image_url":null,"og_image_width":null,"og_image_height":null,"og_image_custom_url":null,"og_image_custom_fields":null,"og_video":null,"og_custom_url":null,"og_article_section":null,"og_article_tags":null,"twitter_use_og":true,"twitter_card":"default","twitter_image_type":"default","twitter_image_url":null,"twitter_image_custom_url":null,"twitter_image_custom_fields":null,"twitter_title":null,"twitter_description":null,"schema":{"blockGraphs":[],"customGraphs":[],"default":{"data":{"Article":[],"Course":[],"Dataset":[],"FAQPage":[],"Movie":[],"Person":[],"Product":[],"ProductReview":[],"Car":[],"Recipe":[],"Service":[],"SoftwareApplication":[],"WebPage":[]},"graphName":"","isEnabled":true},"graphs":[],"defaultGraph":"","defaultPostTypeGraph":""},"schema_type":null,"schema_type_options":null,"pillar_content":false,"robots_default":true,"robots_noindex":false,"robots_noarchive":false,"robots_nosnippet":false,"robots_nofollow":false,"robots_noimageindex":false,"robots_noodp":false,"robots_notranslate":false,"robots_max_snippet":null,"robots_max_videopreview":null,"robots_max_imagepreview":"none","priority":null,"frequency":null,"local_seo":null,"seo_analyzer_scan_date":"2026-06-02 06:48:00","breadcrumb_settings":null,"limit_modified_date":false,"open_ai":null,"ai":null,"created":"2020-11-14 22:54:20","updated":"2026-06-02 06:48:00","focus_keyword":null,"additional_keywords":null,"truseo_locale":null},"aioseo_breadcrumb":"<div class=\"aioseo-breadcrumbs\"><span class=\"aioseo-breadcrumb\">\n\t<a href=\"https:\/\/www.eldigitaldeasturias.com\/noticias\" title=\"Home\">Home<\/a>\n<\/span><span class=\"aioseo-breadcrumb-separator\">\u2013<\/span><span class=\"aioseo-breadcrumb\">\n\t<a href=\"https:\/\/www.eldigitaldeasturias.com\/noticias\/category\/actualidad\/\" title=\"Actualidad\">Actualidad<\/a>\n<\/span><span class=\"aioseo-breadcrumb-separator\">\u2013<\/span><span class=\"aioseo-breadcrumb\">\n\t<a href=\"https:\/\/www.eldigitaldeasturias.com\/noticias\/fidel-castro-vuelve-a-ser-el-protagonista-de-la-politica\/\" title=\"Fidel Castro vuelve a ser el protagonista de la pol\u00edtica.\">Fidel Castro vuelve a ser el protagonista de la pol\u00edtica.<\/a>\n<\/span><\/div>","aioseo_breadcrumb_json":[{"label":"Home","link":"https:\/\/www.eldigitaldeasturias.com\/noticias"},{"label":"Actualidad","link":"https:\/\/www.eldigitaldeasturias.com\/noticias\/category\/actualidad\/"},{"label":"Fidel Castro vuelve a ser el protagonista de la pol\u00edtica.","link":"https:\/\/www.eldigitaldeasturias.com\/noticias\/fidel-castro-vuelve-a-ser-el-protagonista-de-la-politica\/"}],"_links":{"self":[{"href":"https:\/\/www.eldigitaldeasturias.com\/noticias\/wp-json\/wp\/v2\/posts\/481435","targetHints":{"allow":["GET"]}}],"collection":[{"href":"https:\/\/www.eldigitaldeasturias.com\/noticias\/wp-json\/wp\/v2\/posts"}],"about":[{"href":"https:\/\/www.eldigitaldeasturias.com\/noticias\/wp-json\/wp\/v2\/types\/post"}],"author":[{"embeddable":true,"href":"https:\/\/www.eldigitaldeasturias.com\/noticias\/wp-json\/wp\/v2\/users\/1"}],"replies":[{"embeddable":true,"href":"https:\/\/www.eldigitaldeasturias.com\/noticias\/wp-json\/wp\/v2\/comments?post=481435"}],"version-history":[{"count":0,"href":"https:\/\/www.eldigitaldeasturias.com\/noticias\/wp-json\/wp\/v2\/posts\/481435\/revisions"}],"wp:featuredmedia":[{"embeddable":true,"href":"https:\/\/www.eldigitaldeasturias.com\/noticias\/wp-json\/wp\/v2\/media\/1132184"}],"wp:attachment":[{"href":"https:\/\/www.eldigitaldeasturias.com\/noticias\/wp-json\/wp\/v2\/media?parent=481435"}],"wp:term":[{"taxonomy":"category","embeddable":true,"href":"https:\/\/www.eldigitaldeasturias.com\/noticias\/wp-json\/wp\/v2\/categories?post=481435"},{"taxonomy":"post_tag","embeddable":true,"href":"https:\/\/www.eldigitaldeasturias.com\/noticias\/wp-json\/wp\/v2\/tags?post=481435"}],"curies":[{"name":"wp","href":"https:\/\/api.w.org\/{rel}","templated":true}]}}