{"id":481431,"date":"2014-01-31T22:40:34","date_gmt":"2014-01-31T23:40:34","guid":{"rendered":"http:\/\/www.eldigitaldeasturias.com\/noticias\/?p=481431"},"modified":"2014-01-31T22:40:34","modified_gmt":"2014-01-31T23:40:34","slug":"el-pp-de-rajoy-se-reune-en-medio-de-la-fractura","status":"publish","type":"post","link":"https:\/\/www.eldigitaldeasturias.com\/noticias\/el-pp-de-rajoy-se-reune-en-medio-de-la-fractura\/","title":{"rendered":"El PP de Rajoy se re\u00fane en medio de la fractura"},"content":{"rendered":"<p><img loading=\"lazy\" decoding=\"async\" class=\"alignleft size-medium wp-image-439691\" alt=\"rajoy\" src=\"https:\/\/www.eldigitaldeasturias.com\/noticias\/wp-content\/uploads\/2013\/10\/rajoy-360x240.jpg\" width=\"360\" height=\"240\" \/>Madrid\/Valladolid, 31 ene (dpa) &#8211; El Partido Popular (PP) de Mariano Rajoy arranc\u00f3 hoy en la ciudad de Valladolid una convenci\u00f3n nacional de tres d\u00edas en medio de la fractura que se ha abierto en la formaci\u00f3n conservadora que gobierna Espa\u00f1a.<\/p>\n<p>Por un lado, el ala m\u00e1s dura se muestra en desacuerdo con la pol\u00edtica de Rajoy frente a ETA y con la falta de contundencia que le recrimina frente al desaf\u00edo independentista del gobierno regional de Catalu\u00f1a.<\/p>\n<p>Hasta tal punto llegan las diferencias que algunos destacados miembros han abandonado el PP en las \u00faltimas semanas. Que el ex jefe del gobierno Jos\u00e9 Mar\u00eda Aznar, presidente de honor del partido, cancelara su asistencia al encuentro se ve como prueba del cisma.<\/p>\n<p>Por otro lado hay un sector que exige un debate -y cambios- de la restrictiva reforma del aborto que impulsa el Ejecutivo y que no gusta fuera del ala m\u00e1s conservadora.<\/p>\n<p>\u00abTodos somos el Partido Popular\u00bb, proclam\u00f3 la n\u00famero dos de la formaci\u00f3n, la jefa del gobierno regional de Castilla-La Mancha, Mar\u00eda Dolores de Cospedal. Una frase pronunciada en la apertura de la convenci\u00f3n que se interpret\u00f3 inmediatamente como una apelaci\u00f3n a la unidad ante la fractura interna.<\/p>\n<p>En la cita, oficialmente, no debatir\u00e1n oficialmente los asuntos problem\u00e1ticos. El mensaje se centra en el inicio de la recuperaci\u00f3n econ\u00f3mica del que presume en los \u00faltimos meses el gobierno de Rajoy a la vista de los datos positivos -o menos negativos- que comienzan a registrarse.<\/p>\n<p>Una recuperaci\u00f3n con la que Rajoy conf\u00eda en recuperar impulso en las encuestas, en las que dos a\u00f1os de gobierno a golpe de recortes y ajustes frente a la crisis han hundido al partido conservador.<\/p>\n<p>En la reuni\u00f3n, que clausurar\u00e1 el domingo Rajoy, participan unos dos millares de personas, entre dirigentes, barones territoriales y militantes.<\/p>\n<p>La bajada de impuestos que el gobierno promete para 2015 -tras haberlos subido en contra de lo que promet\u00eda el programa electoral con el que el PP y Rajoy ganaron los comicios de 2011- ocupar\u00e1 un lugar destacado. Esa subida de impuestos ha sido muy criticada por el ala m\u00e1s dura, con Aznar a la cabeza.<\/p>\n<p>Esta convenci\u00f3n del PP tiene lugar cuando se cumple un a\u00f1o del estallido del esc\u00e1ndalo de corrupci\u00f3n y financiaci\u00f3n ilegal de la formaci\u00f3n que est\u00e1 siendo investigado por la Justicia y que ha golpeado fuertemente al partido y al propio Rajoy.<\/p>\n","protected":false},"excerpt":{"rendered":"<p>Madrid\/Valladolid, 31 ene (dpa) &#8211; El Partido Popular (PP) de Mariano Rajoy arranc\u00f3 hoy en la ciudad de Valladolid una convenci\u00f3n nacional de tres d\u00edas en medio de la fractura que se ha abierto en la formaci\u00f3n conservadora que gobierna Espa\u00f1a. Por un lado, el ala m\u00e1s dura se muestra en desacuerdo con la pol\u00edtica [&hellip;]<\/p>\n","protected":false},"author":1,"featured_media":439691,"comment_status":"closed","ping_status":"open","sticky":false,"template":"","format":"standard","meta":{"footnotes":""},"categories":[1],"tags":[],"class_list":["post-481431","post","type-post","status-publish","format-standard","has-post-thumbnail","hentry","category-actualidad"],"aioseo_notices":[],"aioseo_head":"\n\t\t<!-- All in One SEO Pro 5.0.1 - aioseo.com -->\n\t<meta name=\"description\" content=\"Madrid\/Valladolid, 31 ene (dpa) - El Partido Popular (PP) de Mariano Rajoy arranc\u00f3 hoy en la ciudad de Valladolid una convenci\u00f3n nacional de tres d\u00edas en medio de la fractura que se ha abierto en la formaci\u00f3n conservadora que gobierna Espa\u00f1a. Por un lado, el ala m\u00e1s dura se muestra en desacuerdo con la pol\u00edtica\" \/>\n\t<meta name=\"robots\" content=\"max-image-preview:large\" \/>\n\t<meta name=\"author\" content=\"El Digital de Asturias\"\/>\n\t<meta name=\"google-site-verification\" content=\"UA-38556648-1\" \/>\n\t<meta name=\"msvalidate.01\" content=\"7dfe9f3f1b24437ab69f4f2559babe99\" \/>\n\t<meta name=\"keywords\" content=\"actualidad\" \/>\n\t<link rel=\"canonical\" href=\"https:\/\/www.eldigitaldeasturias.com\/noticias\/el-pp-de-rajoy-se-reune-en-medio-de-la-fractura\/\" \/>\n\t<meta name=\"generator\" content=\"All in One SEO Pro (AIOSEO) 5.0.1\" \/>\n\t\t<meta property=\"og:locale\" content=\"es_ES\" \/>\n\t\t<meta property=\"og:site_name\" content=\"El Digital de Asturias\" \/>\n\t\t<meta property=\"og:type\" content=\"article\" \/>\n\t\t<meta property=\"og:title\" content=\"El PP de Rajoy se re\u00fane en medio de la fractura - El Digital de Asturias\" \/>\n\t\t<meta property=\"og:description\" content=\"Madrid\/Valladolid, 31 ene (dpa) - El Partido Popular (PP) de Mariano Rajoy arranc\u00f3 hoy en la ciudad de Valladolid una convenci\u00f3n nacional de tres d\u00edas en medio de la fractura que se ha abierto en la formaci\u00f3n conservadora que gobierna Espa\u00f1a. Por un lado, el ala m\u00e1s dura se muestra en desacuerdo con la pol\u00edtica\" \/>\n\t\t<meta property=\"og:url\" content=\"https:\/\/www.eldigitaldeasturias.com\/noticias\/el-pp-de-rajoy-se-reune-en-medio-de-la-fractura\/\" \/>\n\t\t<meta property=\"article:tag\" content=\"actualidad\" \/>\n\t\t<meta property=\"article:published_time\" content=\"2014-01-31T23:40:34+00:00\" \/>\n\t\t<meta property=\"article:modified_time\" content=\"2014-01-31T23:40:34+00:00\" \/>\n\t\t<meta property=\"article:publisher\" content=\"https:\/\/facebook.com\/eldigitaldeasturias\" \/>\n\t\t<meta name=\"twitter:card\" content=\"summary_large_image\" \/>\n\t\t<meta name=\"twitter:title\" content=\"El PP de Rajoy se re\u00fane en medio de la fractura - El Digital de Asturias\" \/>\n\t\t<meta name=\"twitter:description\" content=\"Madrid\/Valladolid, 31 ene (dpa) - El Partido Popular (PP) de Mariano Rajoy arranc\u00f3 hoy en la ciudad de Valladolid una convenci\u00f3n nacional de tres d\u00edas en medio de la fractura que se ha abierto en la formaci\u00f3n conservadora que gobierna Espa\u00f1a. Por un lado, el ala m\u00e1s dura se muestra en desacuerdo con la pol\u00edtica\" \/>\n\t\t<meta name=\"twitter:label1\" content=\"Escrito por\" \/>\n\t\t<meta name=\"twitter:data1\" content=\"El Digital de Asturias\" \/>\n\t\t<meta name=\"twitter:label2\" content=\"Tiempo de lectura estimado\" \/>\n\t\t<meta name=\"twitter:data2\" content=\"2 minutos\" \/>\n\t\t<script type=\"application\/ld+json\" class=\"aioseo-schema\">\n\t\t\t{\"@context\":\"https:\\\/\\\/schema.org\",\"@graph\":[{\"@type\":\"BlogPosting\",\"@id\":\"https:\\\/\\\/www.eldigitaldeasturias.com\\\/noticias\\\/el-pp-de-rajoy-se-reune-en-medio-de-la-fractura\\\/#blogposting\",\"name\":\"El PP de Rajoy se re\\u00fane en medio de la fractura - El Digital de Asturias\",\"headline\":\"El PP de Rajoy se re\\u00fane en medio de la fractura\",\"author\":{\"@id\":\"https:\\\/\\\/www.eldigitaldeasturias.com\\\/noticias\\\/author\\\/admin\\\/#author\"},\"publisher\":{\"@id\":\"https:\\\/\\\/www.eldigitaldeasturias.com\\\/noticias\\\/#organization\"},\"image\":{\"@type\":\"ImageObject\",\"url\":439691},\"datePublished\":\"2014-01-31T22:40:34+01:00\",\"dateModified\":\"2014-01-31T22:40:34+01:00\",\"inLanguage\":\"es-ES\",\"mainEntityOfPage\":{\"@id\":\"https:\\\/\\\/www.eldigitaldeasturias.com\\\/noticias\\\/el-pp-de-rajoy-se-reune-en-medio-de-la-fractura\\\/#webpage\"},\"isPartOf\":{\"@id\":\"https:\\\/\\\/www.eldigitaldeasturias.com\\\/noticias\\\/el-pp-de-rajoy-se-reune-en-medio-de-la-fractura\\\/#webpage\"},\"articleSection\":\"Actualidad\"},{\"@type\":\"BreadcrumbList\",\"@id\":\"https:\\\/\\\/www.eldigitaldeasturias.com\\\/noticias\\\/el-pp-de-rajoy-se-reune-en-medio-de-la-fractura\\\/#breadcrumblist\",\"itemListElement\":[{\"@type\":\"ListItem\",\"@id\":\"https:\\\/\\\/www.eldigitaldeasturias.com\\\/noticias#listItem\",\"position\":1,\"name\":\"Home\",\"item\":\"https:\\\/\\\/www.eldigitaldeasturias.com\\\/noticias\",\"nextItem\":{\"@type\":\"ListItem\",\"@id\":\"https:\\\/\\\/www.eldigitaldeasturias.com\\\/noticias\\\/category\\\/actualidad\\\/#listItem\",\"name\":\"Actualidad\"}},{\"@type\":\"ListItem\",\"@id\":\"https:\\\/\\\/www.eldigitaldeasturias.com\\\/noticias\\\/category\\\/actualidad\\\/#listItem\",\"position\":2,\"name\":\"Actualidad\",\"item\":\"https:\\\/\\\/www.eldigitaldeasturias.com\\\/noticias\\\/category\\\/actualidad\\\/\",\"nextItem\":{\"@type\":\"ListItem\",\"@id\":\"https:\\\/\\\/www.eldigitaldeasturias.com\\\/noticias\\\/el-pp-de-rajoy-se-reune-en-medio-de-la-fractura\\\/#listItem\",\"name\":\"El PP de Rajoy se re\\u00fane en medio de la fractura\"},\"previousItem\":{\"@type\":\"ListItem\",\"@id\":\"https:\\\/\\\/www.eldigitaldeasturias.com\\\/noticias#listItem\",\"name\":\"Home\"}},{\"@type\":\"ListItem\",\"@id\":\"https:\\\/\\\/www.eldigitaldeasturias.com\\\/noticias\\\/el-pp-de-rajoy-se-reune-en-medio-de-la-fractura\\\/#listItem\",\"position\":3,\"name\":\"El PP de Rajoy se re\\u00fane en medio de la fractura\",\"previousItem\":{\"@type\":\"ListItem\",\"@id\":\"https:\\\/\\\/www.eldigitaldeasturias.com\\\/noticias\\\/category\\\/actualidad\\\/#listItem\",\"name\":\"Actualidad\"}}]},{\"@type\":\"Organization\",\"@id\":\"https:\\\/\\\/www.eldigitaldeasturias.com\\\/noticias\\\/#organization\",\"name\":\"El Digital de Asturias\",\"description\":\"Hemeroteca\",\"url\":\"https:\\\/\\\/www.eldigitaldeasturias.com\\\/noticias\\\/\",\"email\":\"info@eldigitaldeasturias.com\",\"telephone\":\"+34652131393\",\"logo\":{\"@type\":\"ImageObject\",\"url\":\"https:\\\/\\\/www.eldigitaldeasturias.com\\\/noticias\\\/wp-content\\\/uploads\\\/2020\\\/12\\\/EDA.jpg\",\"@id\":\"https:\\\/\\\/www.eldigitaldeasturias.com\\\/noticias\\\/el-pp-de-rajoy-se-reune-en-medio-de-la-fractura\\\/#organizationLogo\"},\"image\":{\"@id\":\"https:\\\/\\\/www.eldigitaldeasturias.com\\\/noticias\\\/el-pp-de-rajoy-se-reune-en-medio-de-la-fractura\\\/#organizationLogo\"},\"sameAs\":[\"https:\\\/\\\/facebook.com\\\/eldigitaldeasturias\",\"https:\\\/\\\/www.youtube.com\\\/channel\\\/UCZP-2wLEB9Rv6erhFmqVnvg\"],\"address\":{\"@id\":\"https:\\\/\\\/www.eldigitaldeasturias.com\\\/noticias\\\/#postaladdress\",\"@type\":\"PostalAddress\",\"streetAddress\":\"san antonio 4\",\"postalCode\":\"33430\",\"addressLocality\":\"Cand\\u00e1s\",\"addressRegion\":\"Asturias\",\"addressCountry\":\"ES\"}},{\"@type\":\"Person\",\"@id\":\"https:\\\/\\\/www.eldigitaldeasturias.com\\\/noticias\\\/author\\\/admin\\\/#author\",\"url\":\"https:\\\/\\\/www.eldigitaldeasturias.com\\\/noticias\\\/author\\\/admin\\\/\",\"name\":\"El Digital de Asturias\",\"image\":{\"@type\":\"ImageObject\",\"@id\":\"https:\\\/\\\/www.eldigitaldeasturias.com\\\/noticias\\\/el-pp-de-rajoy-se-reune-en-medio-de-la-fractura\\\/#authorImage\",\"url\":\"https:\\\/\\\/secure.gravatar.com\\\/avatar\\\/df2aeffc32bcd13f8d26072ef8a91b623d677766deac7f97ca815868cd41bf5e?s=96&d=mm&r=g\",\"width\":96,\"height\":96,\"caption\":\"El Digital de Asturias\"}},{\"@type\":\"WebPage\",\"@id\":\"https:\\\/\\\/www.eldigitaldeasturias.com\\\/noticias\\\/el-pp-de-rajoy-se-reune-en-medio-de-la-fractura\\\/#webpage\",\"url\":\"https:\\\/\\\/www.eldigitaldeasturias.com\\\/noticias\\\/el-pp-de-rajoy-se-reune-en-medio-de-la-fractura\\\/\",\"name\":\"El PP de Rajoy se re\\u00fane en medio de la fractura - El Digital de Asturias\",\"description\":\"Madrid\\\/Valladolid, 31 ene (dpa) - El Partido Popular (PP) de Mariano Rajoy arranc\\u00f3 hoy en la ciudad de Valladolid una convenci\\u00f3n nacional de tres d\\u00edas en medio de la fractura que se ha abierto en la formaci\\u00f3n conservadora que gobierna Espa\\u00f1a. Por un lado, el ala m\\u00e1s dura se muestra en desacuerdo con la pol\\u00edtica\",\"inLanguage\":\"es-ES\",\"isPartOf\":{\"@id\":\"https:\\\/\\\/www.eldigitaldeasturias.com\\\/noticias\\\/#website\"},\"breadcrumb\":{\"@id\":\"https:\\\/\\\/www.eldigitaldeasturias.com\\\/noticias\\\/el-pp-de-rajoy-se-reune-en-medio-de-la-fractura\\\/#breadcrumblist\"},\"author\":{\"@id\":\"https:\\\/\\\/www.eldigitaldeasturias.com\\\/noticias\\\/author\\\/admin\\\/#author\"},\"creator\":{\"@id\":\"https:\\\/\\\/www.eldigitaldeasturias.com\\\/noticias\\\/author\\\/admin\\\/#author\"},\"image\":{\"@type\":\"ImageObject\",\"url\":439691,\"@id\":\"https:\\\/\\\/www.eldigitaldeasturias.com\\\/noticias\\\/el-pp-de-rajoy-se-reune-en-medio-de-la-fractura\\\/#mainImage\"},\"primaryImageOfPage\":{\"@id\":\"https:\\\/\\\/www.eldigitaldeasturias.com\\\/noticias\\\/el-pp-de-rajoy-se-reune-en-medio-de-la-fractura\\\/#mainImage\"},\"datePublished\":\"2014-01-31T22:40:34+01:00\",\"dateModified\":\"2014-01-31T22:40:34+01:00\"},{\"@type\":\"WebSite\",\"@id\":\"https:\\\/\\\/www.eldigitaldeasturias.com\\\/noticias\\\/#website\",\"url\":\"https:\\\/\\\/www.eldigitaldeasturias.com\\\/noticias\\\/\",\"name\":\"El Digital de Asturias - Diario de actualidad y noticias\",\"alternateName\":\"El Digital de Asturias - Diario de actualidad y noticias\",\"description\":\"Hemeroteca\",\"inLanguage\":\"es-ES\",\"publisher\":{\"@id\":\"https:\\\/\\\/www.eldigitaldeasturias.com\\\/noticias\\\/#organization\"}}]}\n\t\t<\/script>\n\t\t<!-- All in One SEO Pro -->\r\n\t\t<title>El PP de Rajoy se re\u00fane en medio de la fractura - El Digital de Asturias<\/title>\n\n","aioseo_head_json":{"title":"El PP de Rajoy se re\u00fane en medio de la fractura - El Digital de Asturias","description":"Madrid\/Valladolid, 31 ene (dpa) - El Partido Popular (PP) de Mariano Rajoy arranc\u00f3 hoy en la ciudad de Valladolid una convenci\u00f3n nacional de tres d\u00edas en medio de la fractura que se ha abierto en la formaci\u00f3n conservadora que gobierna Espa\u00f1a. Por un lado, el ala m\u00e1s dura se muestra en desacuerdo con la pol\u00edtica","canonical_url":"https:\/\/www.eldigitaldeasturias.com\/noticias\/el-pp-de-rajoy-se-reune-en-medio-de-la-fractura\/","robots":"max-image-preview:large","keywords":"actualidad","webmasterTools":{"google-site-verification":"UA-38556648-1","msvalidate.01":"7dfe9f3f1b24437ab69f4f2559babe99","miscellaneous":""},"schema":{"@context":"https:\/\/schema.org","@graph":[{"@type":"BlogPosting","@id":"https:\/\/www.eldigitaldeasturias.com\/noticias\/el-pp-de-rajoy-se-reune-en-medio-de-la-fractura\/#blogposting","name":"El PP de Rajoy se re\u00fane en medio de la fractura - El Digital de Asturias","headline":"El PP de Rajoy se re\u00fane en medio de la fractura","author":{"@id":"https:\/\/www.eldigitaldeasturias.com\/noticias\/author\/admin\/#author"},"publisher":{"@id":"https:\/\/www.eldigitaldeasturias.com\/noticias\/#organization"},"image":{"@type":"ImageObject","url":439691},"datePublished":"2014-01-31T22:40:34+01:00","dateModified":"2014-01-31T22:40:34+01:00","inLanguage":"es-ES","mainEntityOfPage":{"@id":"https:\/\/www.eldigitaldeasturias.com\/noticias\/el-pp-de-rajoy-se-reune-en-medio-de-la-fractura\/#webpage"},"isPartOf":{"@id":"https:\/\/www.eldigitaldeasturias.com\/noticias\/el-pp-de-rajoy-se-reune-en-medio-de-la-fractura\/#webpage"},"articleSection":"Actualidad"},{"@type":"BreadcrumbList","@id":"https:\/\/www.eldigitaldeasturias.com\/noticias\/el-pp-de-rajoy-se-reune-en-medio-de-la-fractura\/#breadcrumblist","itemListElement":[{"@type":"ListItem","@id":"https:\/\/www.eldigitaldeasturias.com\/noticias#listItem","position":1,"name":"Home","item":"https:\/\/www.eldigitaldeasturias.com\/noticias","nextItem":{"@type":"ListItem","@id":"https:\/\/www.eldigitaldeasturias.com\/noticias\/category\/actualidad\/#listItem","name":"Actualidad"}},{"@type":"ListItem","@id":"https:\/\/www.eldigitaldeasturias.com\/noticias\/category\/actualidad\/#listItem","position":2,"name":"Actualidad","item":"https:\/\/www.eldigitaldeasturias.com\/noticias\/category\/actualidad\/","nextItem":{"@type":"ListItem","@id":"https:\/\/www.eldigitaldeasturias.com\/noticias\/el-pp-de-rajoy-se-reune-en-medio-de-la-fractura\/#listItem","name":"El PP de Rajoy se re\u00fane en medio de la fractura"},"previousItem":{"@type":"ListItem","@id":"https:\/\/www.eldigitaldeasturias.com\/noticias#listItem","name":"Home"}},{"@type":"ListItem","@id":"https:\/\/www.eldigitaldeasturias.com\/noticias\/el-pp-de-rajoy-se-reune-en-medio-de-la-fractura\/#listItem","position":3,"name":"El PP de Rajoy se re\u00fane en medio de la fractura","previousItem":{"@type":"ListItem","@id":"https:\/\/www.eldigitaldeasturias.com\/noticias\/category\/actualidad\/#listItem","name":"Actualidad"}}]},{"@type":"Organization","@id":"https:\/\/www.eldigitaldeasturias.com\/noticias\/#organization","name":"El Digital de Asturias","description":"Hemeroteca","url":"https:\/\/www.eldigitaldeasturias.com\/noticias\/","email":"info@eldigitaldeasturias.com","telephone":"+34652131393","logo":{"@type":"ImageObject","url":"https:\/\/www.eldigitaldeasturias.com\/noticias\/wp-content\/uploads\/2020\/12\/EDA.jpg","@id":"https:\/\/www.eldigitaldeasturias.com\/noticias\/el-pp-de-rajoy-se-reune-en-medio-de-la-fractura\/#organizationLogo"},"image":{"@id":"https:\/\/www.eldigitaldeasturias.com\/noticias\/el-pp-de-rajoy-se-reune-en-medio-de-la-fractura\/#organizationLogo"},"sameAs":["https:\/\/facebook.com\/eldigitaldeasturias","https:\/\/www.youtube.com\/channel\/UCZP-2wLEB9Rv6erhFmqVnvg"],"address":{"@id":"https:\/\/www.eldigitaldeasturias.com\/noticias\/#postaladdress","@type":"PostalAddress","streetAddress":"san antonio 4","postalCode":"33430","addressLocality":"Cand\u00e1s","addressRegion":"Asturias","addressCountry":"ES"}},{"@type":"Person","@id":"https:\/\/www.eldigitaldeasturias.com\/noticias\/author\/admin\/#author","url":"https:\/\/www.eldigitaldeasturias.com\/noticias\/author\/admin\/","name":"El Digital de Asturias","image":{"@type":"ImageObject","@id":"https:\/\/www.eldigitaldeasturias.com\/noticias\/el-pp-de-rajoy-se-reune-en-medio-de-la-fractura\/#authorImage","url":"https:\/\/secure.gravatar.com\/avatar\/df2aeffc32bcd13f8d26072ef8a91b623d677766deac7f97ca815868cd41bf5e?s=96&d=mm&r=g","width":96,"height":96,"caption":"El Digital de Asturias"}},{"@type":"WebPage","@id":"https:\/\/www.eldigitaldeasturias.com\/noticias\/el-pp-de-rajoy-se-reune-en-medio-de-la-fractura\/#webpage","url":"https:\/\/www.eldigitaldeasturias.com\/noticias\/el-pp-de-rajoy-se-reune-en-medio-de-la-fractura\/","name":"El PP de Rajoy se re\u00fane en medio de la fractura - El Digital de Asturias","description":"Madrid\/Valladolid, 31 ene (dpa) - El Partido Popular (PP) de Mariano Rajoy arranc\u00f3 hoy en la ciudad de Valladolid una convenci\u00f3n nacional de tres d\u00edas en medio de la fractura que se ha abierto en la formaci\u00f3n conservadora que gobierna Espa\u00f1a. Por un lado, el ala m\u00e1s dura se muestra en desacuerdo con la pol\u00edtica","inLanguage":"es-ES","isPartOf":{"@id":"https:\/\/www.eldigitaldeasturias.com\/noticias\/#website"},"breadcrumb":{"@id":"https:\/\/www.eldigitaldeasturias.com\/noticias\/el-pp-de-rajoy-se-reune-en-medio-de-la-fractura\/#breadcrumblist"},"author":{"@id":"https:\/\/www.eldigitaldeasturias.com\/noticias\/author\/admin\/#author"},"creator":{"@id":"https:\/\/www.eldigitaldeasturias.com\/noticias\/author\/admin\/#author"},"image":{"@type":"ImageObject","url":439691,"@id":"https:\/\/www.eldigitaldeasturias.com\/noticias\/el-pp-de-rajoy-se-reune-en-medio-de-la-fractura\/#mainImage"},"primaryImageOfPage":{"@id":"https:\/\/www.eldigitaldeasturias.com\/noticias\/el-pp-de-rajoy-se-reune-en-medio-de-la-fractura\/#mainImage"},"datePublished":"2014-01-31T22:40:34+01:00","dateModified":"2014-01-31T22:40:34+01:00"},{"@type":"WebSite","@id":"https:\/\/www.eldigitaldeasturias.com\/noticias\/#website","url":"https:\/\/www.eldigitaldeasturias.com\/noticias\/","name":"El Digital de Asturias - Diario de actualidad y noticias","alternateName":"El Digital de Asturias - Diario de actualidad y noticias","description":"Hemeroteca","inLanguage":"es-ES","publisher":{"@id":"https:\/\/www.eldigitaldeasturias.com\/noticias\/#organization"}}]},"og:locale":"es_ES","og:site_name":"El Digital de Asturias","og:type":"article","og:title":"El PP de Rajoy se re\u00fane en medio de la fractura - El Digital de Asturias","og:description":"Madrid\/Valladolid, 31 ene (dpa) - El Partido Popular (PP) de Mariano Rajoy arranc\u00f3 hoy en la ciudad de Valladolid una convenci\u00f3n nacional de tres d\u00edas en medio de la fractura que se ha abierto en la formaci\u00f3n conservadora que gobierna Espa\u00f1a. Por un lado, el ala m\u00e1s dura se muestra en desacuerdo con la pol\u00edtica","og:url":"https:\/\/www.eldigitaldeasturias.com\/noticias\/el-pp-de-rajoy-se-reune-en-medio-de-la-fractura\/","article:tag":["actualidad"],"article:published_time":"2014-01-31T23:40:34+00:00","article:modified_time":"2014-01-31T23:40:34+00:00","article:publisher":"https:\/\/facebook.com\/eldigitaldeasturias","twitter:card":"summary_large_image","twitter:title":"El PP de Rajoy se re\u00fane en medio de la fractura - El Digital de Asturias","twitter:description":"Madrid\/Valladolid, 31 ene (dpa) - El Partido Popular (PP) de Mariano Rajoy arranc\u00f3 hoy en la ciudad de Valladolid una convenci\u00f3n nacional de tres d\u00edas en medio de la fractura que se ha abierto en la formaci\u00f3n conservadora que gobierna Espa\u00f1a. Por un lado, el ala m\u00e1s dura se muestra en desacuerdo con la pol\u00edtica","twitter:label1":"Escrito por","twitter:data1":"El Digital de Asturias","twitter:label2":"Tiempo de lectura estimado","twitter:data2":"2 minutos"},"aioseo_meta_data":{"post_id":"481431","title":null,"description":null,"keywords":null,"keyphrases":null,"primary_term":null,"canonical_url":null,"og_title":null,"og_description":null,"og_object_type":"default","og_image_type":"default","og_image_url":null,"og_image_width":null,"og_image_height":null,"og_image_custom_url":null,"og_image_custom_fields":null,"og_video":null,"og_custom_url":null,"og_article_section":null,"og_article_tags":null,"twitter_use_og":true,"twitter_card":"default","twitter_image_type":"default","twitter_image_url":null,"twitter_image_custom_url":null,"twitter_image_custom_fields":null,"twitter_title":null,"twitter_description":null,"schema":{"blockGraphs":[],"customGraphs":[],"default":{"data":{"Article":[],"Course":[],"Dataset":[],"FAQPage":[],"Movie":[],"Person":[],"Product":[],"ProductReview":[],"Car":[],"Recipe":[],"Service":[],"SoftwareApplication":[],"WebPage":[]},"graphName":"","isEnabled":true},"graphs":[],"defaultGraph":"","defaultPostTypeGraph":""},"schema_type":null,"schema_type_options":null,"pillar_content":false,"robots_default":true,"robots_noindex":false,"robots_noarchive":false,"robots_nosnippet":false,"robots_nofollow":false,"robots_noimageindex":false,"robots_noodp":false,"robots_notranslate":false,"robots_max_snippet":null,"robots_max_videopreview":null,"robots_max_imagepreview":"none","priority":null,"frequency":null,"local_seo":null,"seo_analyzer_scan_date":"2026-06-02 06:45:46","breadcrumb_settings":null,"limit_modified_date":false,"open_ai":null,"ai":null,"created":"2020-11-14 22:54:20","updated":"2026-06-02 06:45:46","focus_keyword":null,"additional_keywords":null,"truseo_locale":null},"aioseo_breadcrumb":"<div class=\"aioseo-breadcrumbs\"><span class=\"aioseo-breadcrumb\">\n\t<a href=\"https:\/\/www.eldigitaldeasturias.com\/noticias\" title=\"Home\">Home<\/a>\n<\/span><span class=\"aioseo-breadcrumb-separator\">\u2013<\/span><span class=\"aioseo-breadcrumb\">\n\t<a href=\"https:\/\/www.eldigitaldeasturias.com\/noticias\/category\/actualidad\/\" title=\"Actualidad\">Actualidad<\/a>\n<\/span><span class=\"aioseo-breadcrumb-separator\">\u2013<\/span><span class=\"aioseo-breadcrumb\">\n\t<a href=\"https:\/\/www.eldigitaldeasturias.com\/noticias\/el-pp-de-rajoy-se-reune-en-medio-de-la-fractura\/\" title=\"El PP de Rajoy se re\u00fane en medio de la fractura\">El PP de Rajoy se re\u00fane en medio de la fractura<\/a>\n<\/span><\/div>","aioseo_breadcrumb_json":[{"label":"Home","link":"https:\/\/www.eldigitaldeasturias.com\/noticias"},{"label":"Actualidad","link":"https:\/\/www.eldigitaldeasturias.com\/noticias\/category\/actualidad\/"},{"label":"El PP de Rajoy se re\u00fane en medio de la fractura","link":"https:\/\/www.eldigitaldeasturias.com\/noticias\/el-pp-de-rajoy-se-reune-en-medio-de-la-fractura\/"}],"_links":{"self":[{"href":"https:\/\/www.eldigitaldeasturias.com\/noticias\/wp-json\/wp\/v2\/posts\/481431","targetHints":{"allow":["GET"]}}],"collection":[{"href":"https:\/\/www.eldigitaldeasturias.com\/noticias\/wp-json\/wp\/v2\/posts"}],"about":[{"href":"https:\/\/www.eldigitaldeasturias.com\/noticias\/wp-json\/wp\/v2\/types\/post"}],"author":[{"embeddable":true,"href":"https:\/\/www.eldigitaldeasturias.com\/noticias\/wp-json\/wp\/v2\/users\/1"}],"replies":[{"embeddable":true,"href":"https:\/\/www.eldigitaldeasturias.com\/noticias\/wp-json\/wp\/v2\/comments?post=481431"}],"version-history":[{"count":0,"href":"https:\/\/www.eldigitaldeasturias.com\/noticias\/wp-json\/wp\/v2\/posts\/481431\/revisions"}],"wp:attachment":[{"href":"https:\/\/www.eldigitaldeasturias.com\/noticias\/wp-json\/wp\/v2\/media?parent=481431"}],"wp:term":[{"taxonomy":"category","embeddable":true,"href":"https:\/\/www.eldigitaldeasturias.com\/noticias\/wp-json\/wp\/v2\/categories?post=481431"},{"taxonomy":"post_tag","embeddable":true,"href":"https:\/\/www.eldigitaldeasturias.com\/noticias\/wp-json\/wp\/v2\/tags?post=481431"}],"curies":[{"name":"wp","href":"https:\/\/api.w.org\/{rel}","templated":true}]}}