{"id":481426,"date":"2014-01-31T22:31:49","date_gmt":"2014-01-31T23:31:49","guid":{"rendered":"http:\/\/www.eldigitaldeasturias.com\/noticias\/?p=481426"},"modified":"2014-01-31T22:31:49","modified_gmt":"2014-01-31T23:31:49","slug":"merkel-y-kerry-liman-diferencias","status":"publish","type":"post","link":"https:\/\/www.eldigitaldeasturias.com\/noticias\/merkel-y-kerry-liman-diferencias\/","title":{"rendered":"Merkel y Kerry liman diferencias"},"content":{"rendered":"<p><img loading=\"lazy\" decoding=\"async\" class=\"alignleft size-medium wp-image-481209\" alt=\"5895572w\" src=\"https:\/\/www.eldigitaldeasturias.com\/noticias\/wp-content\/uploads\/2014\/01\/5895572w-360x239.jpg\" width=\"360\" height=\"239\" \/>Berl\u00edn, 31 ene (dpa) &#8211; La primera visita a Alemania de un alto representante del gobierno estadounidense desde que estallara el esc\u00e1ndalo de las supuestas escuchas a la canciller alemana, Angela Merkel, ten\u00eda un objetivo claro: reafirmar la amistad bilateral m\u00e1s all\u00e1 del espionaje.<\/p>\n<p>\u00abExisten problemas pero tenemos una visi\u00f3n com\u00fan y nos entendemos desde hace d\u00e9cadas\u00bb, se\u00f1al\u00f3 el secretario de Estado norteamericano, John Kerry.<\/p>\n<p>\u00abSomos socios en el mundo. Superaremos las diferencias. Esto no da\u00f1ar\u00e1 nuestras relaciones\u00bb, asegur\u00f3 bajo la atenta mirada de la canciller alemana, Angela Merkel, poco antes de mantener una reuni\u00f3n en la Canciller\u00eda en Berl\u00edn.<\/p>\n<p>Las relaciones entre los dos pa\u00edses han sido tensas los \u00faltimos meses desde que saliera a la luz el espionaje masivo de la Agencia Nacional de Seguridad (NSA) de Estados Unidos en suelo alem\u00e1n, que alcanz\u00f3 incluso al m\u00f3vil de Merkel, algo que oblig\u00f3 al gobierno germano a mandar una delegaci\u00f3n a Estados Unidos.<\/p>\n<p>\u00abNo es ning\u00fan secreto que las relaciones entre los dos pa\u00edses han pasado por un periodo rudo\u00bb, reconoci\u00f3 el pol\u00edtico estadounidense poco antes en una rueda de prensa con su hom\u00f3logo alem\u00e1n, Frank-Walter Steinmeier, en el aeropuerto berlin\u00e9s de Tegel.<\/p>\n<p>Sin embargo, Estados Unidos quiere seguir contando con el apoyo de la mayor econom\u00eda de Europa \u00abde cara a los grandes desaf\u00edos mundiales\u00bb, pero tambi\u00e9n en relaci\u00f3n al Tratado de Libre Comercio que quiere firmar con la UE, un acuerdo, que en su opini\u00f3n, \u00abbeneficiar\u00eda enormemente a los dos pa\u00edses\u00bb.<\/p>\n<p>Por su parte, Merkel consider\u00f3 que la diferencia de opiniones en el esc\u00e1ndalo del espionaje masivo de los servicios secretos estadounidenses no pone en duda las \u00abbuenas relaciones\u00bb entre los dos pa\u00edses, aunque reconoci\u00f3 que a\u00fan hay que limar diferencias.<\/p>\n<p>\u00abHay que encontrar paso a paso una soluci\u00f3n conjunta con Estados Unidos\u00bb, afirm\u00f3. \u00abSin embargo, las diferencias ser\u00e1n tratadas de manera abierta\u00bb, agreg\u00f3.<\/p>\n<p>Durante su visita a la capital alemana, Kerry no esclareci\u00f3 la cuesti\u00f3n abierta sobre si el gobierno de Barack Obama estar\u00eda dispuesto a firmar un acuerdo anti-espionaje. El gobierno alem\u00e1n espera desde hace tiempo una respuesta de Washington, aunque tienen pocas esperanzas de poder lograrlo.<\/p>\n<p>Poco antes de su encuentro con Kerry, Merkel se mantuvo reservada sobre sus expectativas por esta reuni\u00f3n, aunque asegur\u00f3 que hablar\u00edan \u00absobre todas las cuestiones\u00bb.<\/p>\n<p>Durante meses, la l\u00edder cristianodem\u00f3crata tuvo que aguantar la presi\u00f3n tanto de la opini\u00f3n p\u00fablica como de su propio gobierno, que reclamaban una lucha m\u00e1s intensa por el derecho a la privacidad en suelo alem\u00e1n. Sin embargo, los documentos filtrados por el informante Edward Snowden que apuntaban a que EEUU hab\u00eda pinchado su tel\u00e9fono m\u00f3vil durante a\u00f1o fue la gota que colm\u00f3 el vaso.<\/p>\n<p>El enojo de la mandataria alemana llev\u00f3 al Obama a afirmar en la televisi\u00f3n p\u00fablica alemana hace un par de semanas que mientras \u00e9l sea presidente de los Estados Unidos \u00abla canciller alemana no deber\u00e1 preocuparse m\u00e1s por este problema\u00bb.<\/p>\n<p>Estas declaraciones no sirvieron para apaciguar a la mandataria, que critic\u00f3 duramente esta semana en el Parlamento las t\u00e9cnicas empleadas por el gobierno estadounidense: \u00abUna actuaci\u00f3n que prioriza el fin a los medios y que hace todo aquello que es t\u00e9cnicamente posible viola la confianza y siembra la desconfianza. Al final no hay m\u00e1s seguridad, sino menos\u00bb.<\/p>\n<p>Pese a su enfado, la canciller sigue insistiendo en que Alemania \u00abno puede imaginar un aliado mejor que Estados Unidos\u00bb. Algo, que seg\u00fan destac\u00f3 hoy Kerry, parece ser rec\u00edproco.<\/p>\n<p>\u00abEstados Unidos da un gran valor a esta amistad. Es una amistad muy importante\u00bb, asegur\u00f3.<\/p>\n<p>A\u00fan est\u00e1 por ver si esta gran consideraci\u00f3n por la amistad con Alemania es suficiente para cumplir con las exigencias de Berl\u00edn de firmar un acuerdo anti-espionaje.<\/p>\n<p>Tras su reuni\u00f3n en la Canciller\u00eda, el secretario de Estado norteamericano parti\u00f3 rumbo a la Conferencia de Seguridad de M\u00fanich, donde est\u00e1 previsto que se re\u00fana con el l\u00edder opositor ucraniano Vitali Klitschko.<\/p>\n<p>Kerry se mostr\u00f3 muy preocupado por la situaci\u00f3n en Ucrania y asegur\u00f3 que la oposici\u00f3n de ese pa\u00eds tiene \u00abtodo\u00bb su apoyo y que Estados Unidos har\u00e1 lo que est\u00e9 en su mano para ayudarlo.<\/p>\n<p>Por Almudena de Cabo<\/p>\n","protected":false},"excerpt":{"rendered":"<p>Berl\u00edn, 31 ene (dpa) &#8211; La primera visita a Alemania de un alto representante del gobierno estadounidense desde que estallara el esc\u00e1ndalo de las supuestas escuchas a la canciller alemana, Angela Merkel, ten\u00eda un objetivo claro: reafirmar la amistad bilateral m\u00e1s all\u00e1 del espionaje. \u00abExisten problemas pero tenemos una visi\u00f3n com\u00fan y nos entendemos desde [&hellip;]<\/p>\n","protected":false},"author":1,"featured_media":1132184,"comment_status":"closed","ping_status":"open","sticky":false,"template":"","format":"standard","meta":{"footnotes":""},"categories":[1],"tags":[],"class_list":["post-481426","post","type-post","status-publish","format-standard","has-post-thumbnail","hentry","category-actualidad"],"aioseo_notices":[],"aioseo_head":"\n\t\t<!-- All in One SEO Pro 5.0.1 - aioseo.com -->\n\t<meta name=\"description\" content=\"Berl\u00edn, 31 ene (dpa) - La primera visita a Alemania de un alto representante del gobierno estadounidense desde que estallara el esc\u00e1ndalo de las supuestas escuchas a la canciller alemana, Angela Merkel, ten\u00eda un objetivo claro: reafirmar la amistad bilateral m\u00e1s all\u00e1 del espionaje. &quot;Existen problemas pero tenemos una visi\u00f3n com\u00fan y nos entendemos desde\" \/>\n\t<meta name=\"robots\" content=\"max-image-preview:large\" \/>\n\t<meta name=\"author\" content=\"El Digital de Asturias\"\/>\n\t<meta name=\"google-site-verification\" content=\"UA-38556648-1\" \/>\n\t<meta name=\"msvalidate.01\" content=\"7dfe9f3f1b24437ab69f4f2559babe99\" \/>\n\t<meta name=\"keywords\" content=\"actualidad\" \/>\n\t<link rel=\"canonical\" href=\"https:\/\/www.eldigitaldeasturias.com\/noticias\/merkel-y-kerry-liman-diferencias\/\" \/>\n\t<meta name=\"generator\" content=\"All in One SEO Pro (AIOSEO) 5.0.1\" \/>\n\t\t<meta property=\"og:locale\" content=\"es_ES\" \/>\n\t\t<meta property=\"og:site_name\" content=\"El Digital de Asturias\" \/>\n\t\t<meta property=\"og:type\" content=\"article\" \/>\n\t\t<meta property=\"og:title\" content=\"Merkel y Kerry liman diferencias - El Digital de Asturias\" \/>\n\t\t<meta property=\"og:description\" content=\"Berl\u00edn, 31 ene (dpa) - La primera visita a Alemania de un alto representante del gobierno estadounidense desde que estallara el esc\u00e1ndalo de las supuestas escuchas a la canciller alemana, Angela Merkel, ten\u00eda un objetivo claro: reafirmar la amistad bilateral m\u00e1s all\u00e1 del espionaje. &quot;Existen problemas pero tenemos una visi\u00f3n com\u00fan y nos entendemos desde\" \/>\n\t\t<meta property=\"og:url\" content=\"https:\/\/www.eldigitaldeasturias.com\/noticias\/merkel-y-kerry-liman-diferencias\/\" \/>\n\t\t<meta property=\"og:image\" content=\"https:\/\/www.eldigitaldeasturias.com\/noticias\/wp-content\/uploads\/2026\/06\/Contenidos.jpg\" \/>\n\t\t<meta property=\"og:image:secure_url\" content=\"https:\/\/www.eldigitaldeasturias.com\/noticias\/wp-content\/uploads\/2026\/06\/Contenidos.jpg\" \/>\n\t\t<meta property=\"og:image:width\" content=\"1265\" \/>\n\t\t<meta property=\"og:image:height\" content=\"697\" \/>\n\t\t<meta property=\"article:tag\" content=\"actualidad\" \/>\n\t\t<meta property=\"article:published_time\" content=\"2014-01-31T23:31:49+00:00\" \/>\n\t\t<meta property=\"article:modified_time\" content=\"2014-01-31T23:31:49+00:00\" \/>\n\t\t<meta property=\"article:publisher\" content=\"https:\/\/facebook.com\/eldigitaldeasturias\" \/>\n\t\t<meta name=\"twitter:card\" content=\"summary_large_image\" \/>\n\t\t<meta name=\"twitter:title\" content=\"Merkel y Kerry liman diferencias - El Digital de Asturias\" \/>\n\t\t<meta name=\"twitter:description\" content=\"Berl\u00edn, 31 ene (dpa) - La primera visita a Alemania de un alto representante del gobierno estadounidense desde que estallara el esc\u00e1ndalo de las supuestas escuchas a la canciller alemana, Angela Merkel, ten\u00eda un objetivo claro: reafirmar la amistad bilateral m\u00e1s all\u00e1 del espionaje. &quot;Existen problemas pero tenemos una visi\u00f3n com\u00fan y nos entendemos desde\" \/>\n\t\t<meta name=\"twitter:image\" content=\"https:\/\/www.eldigitaldeasturias.com\/noticias\/wp-content\/uploads\/2026\/06\/Contenidos.jpg\" \/>\n\t\t<meta name=\"twitter:label1\" content=\"Escrito por\" \/>\n\t\t<meta name=\"twitter:data1\" content=\"El Digital de Asturias\" \/>\n\t\t<meta name=\"twitter:label2\" content=\"Tiempo de lectura estimado\" \/>\n\t\t<meta name=\"twitter:data2\" content=\"4 minutos\" \/>\n\t\t<script type=\"application\/ld+json\" class=\"aioseo-schema\">\n\t\t\t{\"@context\":\"https:\\\/\\\/schema.org\",\"@graph\":[{\"@type\":\"BlogPosting\",\"@id\":\"https:\\\/\\\/www.eldigitaldeasturias.com\\\/noticias\\\/merkel-y-kerry-liman-diferencias\\\/#blogposting\",\"name\":\"Merkel y Kerry liman diferencias - El Digital de Asturias\",\"headline\":\"Merkel y Kerry liman diferencias\",\"author\":{\"@id\":\"https:\\\/\\\/www.eldigitaldeasturias.com\\\/noticias\\\/author\\\/admin\\\/#author\"},\"publisher\":{\"@id\":\"https:\\\/\\\/www.eldigitaldeasturias.com\\\/noticias\\\/#organization\"},\"image\":{\"@type\":\"ImageObject\",\"url\":\"https:\\\/\\\/www.eldigitaldeasturias.com\\\/noticias\\\/wp-content\\\/uploads\\\/2026\\\/06\\\/Contenidos.jpg\",\"width\":1265,\"height\":697,\"caption\":\"Contenidos\"},\"datePublished\":\"2014-01-31T22:31:49+01:00\",\"dateModified\":\"2014-01-31T22:31:49+01:00\",\"inLanguage\":\"es-ES\",\"mainEntityOfPage\":{\"@id\":\"https:\\\/\\\/www.eldigitaldeasturias.com\\\/noticias\\\/merkel-y-kerry-liman-diferencias\\\/#webpage\"},\"isPartOf\":{\"@id\":\"https:\\\/\\\/www.eldigitaldeasturias.com\\\/noticias\\\/merkel-y-kerry-liman-diferencias\\\/#webpage\"},\"articleSection\":\"Actualidad\"},{\"@type\":\"BreadcrumbList\",\"@id\":\"https:\\\/\\\/www.eldigitaldeasturias.com\\\/noticias\\\/merkel-y-kerry-liman-diferencias\\\/#breadcrumblist\",\"itemListElement\":[{\"@type\":\"ListItem\",\"@id\":\"https:\\\/\\\/www.eldigitaldeasturias.com\\\/noticias#listItem\",\"position\":1,\"name\":\"Home\",\"item\":\"https:\\\/\\\/www.eldigitaldeasturias.com\\\/noticias\",\"nextItem\":{\"@type\":\"ListItem\",\"@id\":\"https:\\\/\\\/www.eldigitaldeasturias.com\\\/noticias\\\/category\\\/actualidad\\\/#listItem\",\"name\":\"Actualidad\"}},{\"@type\":\"ListItem\",\"@id\":\"https:\\\/\\\/www.eldigitaldeasturias.com\\\/noticias\\\/category\\\/actualidad\\\/#listItem\",\"position\":2,\"name\":\"Actualidad\",\"item\":\"https:\\\/\\\/www.eldigitaldeasturias.com\\\/noticias\\\/category\\\/actualidad\\\/\",\"nextItem\":{\"@type\":\"ListItem\",\"@id\":\"https:\\\/\\\/www.eldigitaldeasturias.com\\\/noticias\\\/merkel-y-kerry-liman-diferencias\\\/#listItem\",\"name\":\"Merkel y Kerry liman diferencias\"},\"previousItem\":{\"@type\":\"ListItem\",\"@id\":\"https:\\\/\\\/www.eldigitaldeasturias.com\\\/noticias#listItem\",\"name\":\"Home\"}},{\"@type\":\"ListItem\",\"@id\":\"https:\\\/\\\/www.eldigitaldeasturias.com\\\/noticias\\\/merkel-y-kerry-liman-diferencias\\\/#listItem\",\"position\":3,\"name\":\"Merkel y Kerry liman diferencias\",\"previousItem\":{\"@type\":\"ListItem\",\"@id\":\"https:\\\/\\\/www.eldigitaldeasturias.com\\\/noticias\\\/category\\\/actualidad\\\/#listItem\",\"name\":\"Actualidad\"}}]},{\"@type\":\"Organization\",\"@id\":\"https:\\\/\\\/www.eldigitaldeasturias.com\\\/noticias\\\/#organization\",\"name\":\"El Digital de Asturias\",\"description\":\"Hemeroteca\",\"url\":\"https:\\\/\\\/www.eldigitaldeasturias.com\\\/noticias\\\/\",\"email\":\"info@eldigitaldeasturias.com\",\"telephone\":\"+34652131393\",\"logo\":{\"@type\":\"ImageObject\",\"url\":\"https:\\\/\\\/www.eldigitaldeasturias.com\\\/noticias\\\/wp-content\\\/uploads\\\/2020\\\/12\\\/EDA.jpg\",\"@id\":\"https:\\\/\\\/www.eldigitaldeasturias.com\\\/noticias\\\/merkel-y-kerry-liman-diferencias\\\/#organizationLogo\"},\"image\":{\"@id\":\"https:\\\/\\\/www.eldigitaldeasturias.com\\\/noticias\\\/merkel-y-kerry-liman-diferencias\\\/#organizationLogo\"},\"sameAs\":[\"https:\\\/\\\/facebook.com\\\/eldigitaldeasturias\",\"https:\\\/\\\/www.youtube.com\\\/channel\\\/UCZP-2wLEB9Rv6erhFmqVnvg\"],\"address\":{\"@id\":\"https:\\\/\\\/www.eldigitaldeasturias.com\\\/noticias\\\/#postaladdress\",\"@type\":\"PostalAddress\",\"streetAddress\":\"san antonio 4\",\"postalCode\":\"33430\",\"addressLocality\":\"Cand\\u00e1s\",\"addressRegion\":\"Asturias\",\"addressCountry\":\"ES\"}},{\"@type\":\"Person\",\"@id\":\"https:\\\/\\\/www.eldigitaldeasturias.com\\\/noticias\\\/author\\\/admin\\\/#author\",\"url\":\"https:\\\/\\\/www.eldigitaldeasturias.com\\\/noticias\\\/author\\\/admin\\\/\",\"name\":\"El Digital de Asturias\",\"image\":{\"@type\":\"ImageObject\",\"@id\":\"https:\\\/\\\/www.eldigitaldeasturias.com\\\/noticias\\\/merkel-y-kerry-liman-diferencias\\\/#authorImage\",\"url\":\"https:\\\/\\\/secure.gravatar.com\\\/avatar\\\/df2aeffc32bcd13f8d26072ef8a91b623d677766deac7f97ca815868cd41bf5e?s=96&d=mm&r=g\",\"width\":96,\"height\":96,\"caption\":\"El Digital de Asturias\"}},{\"@type\":\"WebPage\",\"@id\":\"https:\\\/\\\/www.eldigitaldeasturias.com\\\/noticias\\\/merkel-y-kerry-liman-diferencias\\\/#webpage\",\"url\":\"https:\\\/\\\/www.eldigitaldeasturias.com\\\/noticias\\\/merkel-y-kerry-liman-diferencias\\\/\",\"name\":\"Merkel y Kerry liman diferencias - El Digital de Asturias\",\"description\":\"Berl\\u00edn, 31 ene (dpa) - La primera visita a Alemania de un alto representante del gobierno estadounidense desde que estallara el esc\\u00e1ndalo de las supuestas escuchas a la canciller alemana, Angela Merkel, ten\\u00eda un objetivo claro: reafirmar la amistad bilateral m\\u00e1s all\\u00e1 del espionaje. \\\"Existen problemas pero tenemos una visi\\u00f3n com\\u00fan y nos entendemos desde\",\"inLanguage\":\"es-ES\",\"isPartOf\":{\"@id\":\"https:\\\/\\\/www.eldigitaldeasturias.com\\\/noticias\\\/#website\"},\"breadcrumb\":{\"@id\":\"https:\\\/\\\/www.eldigitaldeasturias.com\\\/noticias\\\/merkel-y-kerry-liman-diferencias\\\/#breadcrumblist\"},\"author\":{\"@id\":\"https:\\\/\\\/www.eldigitaldeasturias.com\\\/noticias\\\/author\\\/admin\\\/#author\"},\"creator\":{\"@id\":\"https:\\\/\\\/www.eldigitaldeasturias.com\\\/noticias\\\/author\\\/admin\\\/#author\"},\"image\":{\"@type\":\"ImageObject\",\"url\":\"https:\\\/\\\/www.eldigitaldeasturias.com\\\/noticias\\\/wp-content\\\/uploads\\\/2026\\\/06\\\/Contenidos.jpg\",\"@id\":\"https:\\\/\\\/www.eldigitaldeasturias.com\\\/noticias\\\/merkel-y-kerry-liman-diferencias\\\/#mainImage\",\"width\":1265,\"height\":697,\"caption\":\"Contenidos\"},\"primaryImageOfPage\":{\"@id\":\"https:\\\/\\\/www.eldigitaldeasturias.com\\\/noticias\\\/merkel-y-kerry-liman-diferencias\\\/#mainImage\"},\"datePublished\":\"2014-01-31T22:31:49+01:00\",\"dateModified\":\"2014-01-31T22:31:49+01:00\"},{\"@type\":\"WebSite\",\"@id\":\"https:\\\/\\\/www.eldigitaldeasturias.com\\\/noticias\\\/#website\",\"url\":\"https:\\\/\\\/www.eldigitaldeasturias.com\\\/noticias\\\/\",\"name\":\"El Digital de Asturias - Diario de actualidad y noticias\",\"alternateName\":\"El Digital de Asturias - Diario de actualidad y noticias\",\"description\":\"Hemeroteca\",\"inLanguage\":\"es-ES\",\"publisher\":{\"@id\":\"https:\\\/\\\/www.eldigitaldeasturias.com\\\/noticias\\\/#organization\"}}]}\n\t\t<\/script>\n\t\t<!-- All in One SEO Pro -->\r\n\t\t<title>Merkel y Kerry liman diferencias - El Digital de Asturias<\/title>\n\n","aioseo_head_json":{"title":"Merkel y Kerry liman diferencias - El Digital de Asturias","description":"Berl\u00edn, 31 ene (dpa) - La primera visita a Alemania de un alto representante del gobierno estadounidense desde que estallara el esc\u00e1ndalo de las supuestas escuchas a la canciller alemana, Angela Merkel, ten\u00eda un objetivo claro: reafirmar la amistad bilateral m\u00e1s all\u00e1 del espionaje. \"Existen problemas pero tenemos una visi\u00f3n com\u00fan y nos entendemos desde","canonical_url":"https:\/\/www.eldigitaldeasturias.com\/noticias\/merkel-y-kerry-liman-diferencias\/","robots":"max-image-preview:large","keywords":"actualidad","webmasterTools":{"google-site-verification":"UA-38556648-1","msvalidate.01":"7dfe9f3f1b24437ab69f4f2559babe99","miscellaneous":""},"schema":{"@context":"https:\/\/schema.org","@graph":[{"@type":"BlogPosting","@id":"https:\/\/www.eldigitaldeasturias.com\/noticias\/merkel-y-kerry-liman-diferencias\/#blogposting","name":"Merkel y Kerry liman diferencias - El Digital de Asturias","headline":"Merkel y Kerry liman diferencias","author":{"@id":"https:\/\/www.eldigitaldeasturias.com\/noticias\/author\/admin\/#author"},"publisher":{"@id":"https:\/\/www.eldigitaldeasturias.com\/noticias\/#organization"},"image":{"@type":"ImageObject","url":"https:\/\/www.eldigitaldeasturias.com\/noticias\/wp-content\/uploads\/2026\/06\/Contenidos.jpg","width":1265,"height":697,"caption":"Contenidos"},"datePublished":"2014-01-31T22:31:49+01:00","dateModified":"2014-01-31T22:31:49+01:00","inLanguage":"es-ES","mainEntityOfPage":{"@id":"https:\/\/www.eldigitaldeasturias.com\/noticias\/merkel-y-kerry-liman-diferencias\/#webpage"},"isPartOf":{"@id":"https:\/\/www.eldigitaldeasturias.com\/noticias\/merkel-y-kerry-liman-diferencias\/#webpage"},"articleSection":"Actualidad"},{"@type":"BreadcrumbList","@id":"https:\/\/www.eldigitaldeasturias.com\/noticias\/merkel-y-kerry-liman-diferencias\/#breadcrumblist","itemListElement":[{"@type":"ListItem","@id":"https:\/\/www.eldigitaldeasturias.com\/noticias#listItem","position":1,"name":"Home","item":"https:\/\/www.eldigitaldeasturias.com\/noticias","nextItem":{"@type":"ListItem","@id":"https:\/\/www.eldigitaldeasturias.com\/noticias\/category\/actualidad\/#listItem","name":"Actualidad"}},{"@type":"ListItem","@id":"https:\/\/www.eldigitaldeasturias.com\/noticias\/category\/actualidad\/#listItem","position":2,"name":"Actualidad","item":"https:\/\/www.eldigitaldeasturias.com\/noticias\/category\/actualidad\/","nextItem":{"@type":"ListItem","@id":"https:\/\/www.eldigitaldeasturias.com\/noticias\/merkel-y-kerry-liman-diferencias\/#listItem","name":"Merkel y Kerry liman diferencias"},"previousItem":{"@type":"ListItem","@id":"https:\/\/www.eldigitaldeasturias.com\/noticias#listItem","name":"Home"}},{"@type":"ListItem","@id":"https:\/\/www.eldigitaldeasturias.com\/noticias\/merkel-y-kerry-liman-diferencias\/#listItem","position":3,"name":"Merkel y Kerry liman diferencias","previousItem":{"@type":"ListItem","@id":"https:\/\/www.eldigitaldeasturias.com\/noticias\/category\/actualidad\/#listItem","name":"Actualidad"}}]},{"@type":"Organization","@id":"https:\/\/www.eldigitaldeasturias.com\/noticias\/#organization","name":"El Digital de Asturias","description":"Hemeroteca","url":"https:\/\/www.eldigitaldeasturias.com\/noticias\/","email":"info@eldigitaldeasturias.com","telephone":"+34652131393","logo":{"@type":"ImageObject","url":"https:\/\/www.eldigitaldeasturias.com\/noticias\/wp-content\/uploads\/2020\/12\/EDA.jpg","@id":"https:\/\/www.eldigitaldeasturias.com\/noticias\/merkel-y-kerry-liman-diferencias\/#organizationLogo"},"image":{"@id":"https:\/\/www.eldigitaldeasturias.com\/noticias\/merkel-y-kerry-liman-diferencias\/#organizationLogo"},"sameAs":["https:\/\/facebook.com\/eldigitaldeasturias","https:\/\/www.youtube.com\/channel\/UCZP-2wLEB9Rv6erhFmqVnvg"],"address":{"@id":"https:\/\/www.eldigitaldeasturias.com\/noticias\/#postaladdress","@type":"PostalAddress","streetAddress":"san antonio 4","postalCode":"33430","addressLocality":"Cand\u00e1s","addressRegion":"Asturias","addressCountry":"ES"}},{"@type":"Person","@id":"https:\/\/www.eldigitaldeasturias.com\/noticias\/author\/admin\/#author","url":"https:\/\/www.eldigitaldeasturias.com\/noticias\/author\/admin\/","name":"El Digital de Asturias","image":{"@type":"ImageObject","@id":"https:\/\/www.eldigitaldeasturias.com\/noticias\/merkel-y-kerry-liman-diferencias\/#authorImage","url":"https:\/\/secure.gravatar.com\/avatar\/df2aeffc32bcd13f8d26072ef8a91b623d677766deac7f97ca815868cd41bf5e?s=96&d=mm&r=g","width":96,"height":96,"caption":"El Digital de Asturias"}},{"@type":"WebPage","@id":"https:\/\/www.eldigitaldeasturias.com\/noticias\/merkel-y-kerry-liman-diferencias\/#webpage","url":"https:\/\/www.eldigitaldeasturias.com\/noticias\/merkel-y-kerry-liman-diferencias\/","name":"Merkel y Kerry liman diferencias - El Digital de Asturias","description":"Berl\u00edn, 31 ene (dpa) - La primera visita a Alemania de un alto representante del gobierno estadounidense desde que estallara el esc\u00e1ndalo de las supuestas escuchas a la canciller alemana, Angela Merkel, ten\u00eda un objetivo claro: reafirmar la amistad bilateral m\u00e1s all\u00e1 del espionaje. \"Existen problemas pero tenemos una visi\u00f3n com\u00fan y nos entendemos desde","inLanguage":"es-ES","isPartOf":{"@id":"https:\/\/www.eldigitaldeasturias.com\/noticias\/#website"},"breadcrumb":{"@id":"https:\/\/www.eldigitaldeasturias.com\/noticias\/merkel-y-kerry-liman-diferencias\/#breadcrumblist"},"author":{"@id":"https:\/\/www.eldigitaldeasturias.com\/noticias\/author\/admin\/#author"},"creator":{"@id":"https:\/\/www.eldigitaldeasturias.com\/noticias\/author\/admin\/#author"},"image":{"@type":"ImageObject","url":"https:\/\/www.eldigitaldeasturias.com\/noticias\/wp-content\/uploads\/2026\/06\/Contenidos.jpg","@id":"https:\/\/www.eldigitaldeasturias.com\/noticias\/merkel-y-kerry-liman-diferencias\/#mainImage","width":1265,"height":697,"caption":"Contenidos"},"primaryImageOfPage":{"@id":"https:\/\/www.eldigitaldeasturias.com\/noticias\/merkel-y-kerry-liman-diferencias\/#mainImage"},"datePublished":"2014-01-31T22:31:49+01:00","dateModified":"2014-01-31T22:31:49+01:00"},{"@type":"WebSite","@id":"https:\/\/www.eldigitaldeasturias.com\/noticias\/#website","url":"https:\/\/www.eldigitaldeasturias.com\/noticias\/","name":"El Digital de Asturias - Diario de actualidad y noticias","alternateName":"El Digital de Asturias - Diario de actualidad y noticias","description":"Hemeroteca","inLanguage":"es-ES","publisher":{"@id":"https:\/\/www.eldigitaldeasturias.com\/noticias\/#organization"}}]},"og:locale":"es_ES","og:site_name":"El Digital de Asturias","og:type":"article","og:title":"Merkel y Kerry liman diferencias - El Digital de Asturias","og:description":"Berl\u00edn, 31 ene (dpa) - La primera visita a Alemania de un alto representante del gobierno estadounidense desde que estallara el esc\u00e1ndalo de las supuestas escuchas a la canciller alemana, Angela Merkel, ten\u00eda un objetivo claro: reafirmar la amistad bilateral m\u00e1s all\u00e1 del espionaje. &quot;Existen problemas pero tenemos una visi\u00f3n com\u00fan y nos entendemos desde","og:url":"https:\/\/www.eldigitaldeasturias.com\/noticias\/merkel-y-kerry-liman-diferencias\/","og:image":"https:\/\/www.eldigitaldeasturias.com\/noticias\/wp-content\/uploads\/2026\/06\/Contenidos.jpg","og:image:secure_url":"https:\/\/www.eldigitaldeasturias.com\/noticias\/wp-content\/uploads\/2026\/06\/Contenidos.jpg","og:image:width":1265,"og:image:height":697,"article:tag":["actualidad"],"article:published_time":"2014-01-31T23:31:49+00:00","article:modified_time":"2014-01-31T23:31:49+00:00","article:publisher":"https:\/\/facebook.com\/eldigitaldeasturias","twitter:card":"summary_large_image","twitter:title":"Merkel y Kerry liman diferencias - El Digital de Asturias","twitter:description":"Berl\u00edn, 31 ene (dpa) - La primera visita a Alemania de un alto representante del gobierno estadounidense desde que estallara el esc\u00e1ndalo de las supuestas escuchas a la canciller alemana, Angela Merkel, ten\u00eda un objetivo claro: reafirmar la amistad bilateral m\u00e1s all\u00e1 del espionaje. &quot;Existen problemas pero tenemos una visi\u00f3n com\u00fan y nos entendemos desde","twitter:image":"https:\/\/www.eldigitaldeasturias.com\/noticias\/wp-content\/uploads\/2026\/06\/Contenidos.jpg","twitter:label1":"Escrito por","twitter:data1":"El Digital de Asturias","twitter:label2":"Tiempo de lectura estimado","twitter:data2":"4 minutos"},"aioseo_meta_data":{"post_id":"481426","title":null,"description":null,"keywords":null,"keyphrases":null,"primary_term":null,"canonical_url":null,"og_title":null,"og_description":null,"og_object_type":"default","og_image_type":"default","og_image_url":null,"og_image_width":null,"og_image_height":null,"og_image_custom_url":null,"og_image_custom_fields":null,"og_video":null,"og_custom_url":null,"og_article_section":null,"og_article_tags":null,"twitter_use_og":true,"twitter_card":"default","twitter_image_type":"default","twitter_image_url":null,"twitter_image_custom_url":null,"twitter_image_custom_fields":null,"twitter_title":null,"twitter_description":null,"schema":{"blockGraphs":[],"customGraphs":[],"default":{"data":{"Article":[],"Course":[],"Dataset":[],"FAQPage":[],"Movie":[],"Person":[],"Product":[],"ProductReview":[],"Car":[],"Recipe":[],"Service":[],"SoftwareApplication":[],"WebPage":[]},"graphName":"","isEnabled":true},"graphs":[],"defaultGraph":"","defaultPostTypeGraph":""},"schema_type":null,"schema_type_options":null,"pillar_content":false,"robots_default":true,"robots_noindex":false,"robots_noarchive":false,"robots_nosnippet":false,"robots_nofollow":false,"robots_noimageindex":false,"robots_noodp":false,"robots_notranslate":false,"robots_max_snippet":null,"robots_max_videopreview":null,"robots_max_imagepreview":"none","priority":null,"frequency":null,"local_seo":null,"seo_analyzer_scan_date":"2026-06-02 06:45:45","breadcrumb_settings":null,"limit_modified_date":false,"open_ai":null,"ai":null,"created":"2020-11-14 22:54:20","updated":"2026-06-02 06:45:45","focus_keyword":null,"additional_keywords":null,"truseo_locale":null},"aioseo_breadcrumb":"<div class=\"aioseo-breadcrumbs\"><span class=\"aioseo-breadcrumb\">\n\t<a href=\"https:\/\/www.eldigitaldeasturias.com\/noticias\" title=\"Home\">Home<\/a>\n<\/span><span class=\"aioseo-breadcrumb-separator\">\u2013<\/span><span class=\"aioseo-breadcrumb\">\n\t<a href=\"https:\/\/www.eldigitaldeasturias.com\/noticias\/category\/actualidad\/\" title=\"Actualidad\">Actualidad<\/a>\n<\/span><span class=\"aioseo-breadcrumb-separator\">\u2013<\/span><span class=\"aioseo-breadcrumb\">\n\t<a href=\"https:\/\/www.eldigitaldeasturias.com\/noticias\/merkel-y-kerry-liman-diferencias\/\" title=\"Merkel y Kerry liman diferencias\">Merkel y Kerry liman diferencias<\/a>\n<\/span><\/div>","aioseo_breadcrumb_json":[{"label":"Home","link":"https:\/\/www.eldigitaldeasturias.com\/noticias"},{"label":"Actualidad","link":"https:\/\/www.eldigitaldeasturias.com\/noticias\/category\/actualidad\/"},{"label":"Merkel y Kerry liman diferencias","link":"https:\/\/www.eldigitaldeasturias.com\/noticias\/merkel-y-kerry-liman-diferencias\/"}],"_links":{"self":[{"href":"https:\/\/www.eldigitaldeasturias.com\/noticias\/wp-json\/wp\/v2\/posts\/481426","targetHints":{"allow":["GET"]}}],"collection":[{"href":"https:\/\/www.eldigitaldeasturias.com\/noticias\/wp-json\/wp\/v2\/posts"}],"about":[{"href":"https:\/\/www.eldigitaldeasturias.com\/noticias\/wp-json\/wp\/v2\/types\/post"}],"author":[{"embeddable":true,"href":"https:\/\/www.eldigitaldeasturias.com\/noticias\/wp-json\/wp\/v2\/users\/1"}],"replies":[{"embeddable":true,"href":"https:\/\/www.eldigitaldeasturias.com\/noticias\/wp-json\/wp\/v2\/comments?post=481426"}],"version-history":[{"count":0,"href":"https:\/\/www.eldigitaldeasturias.com\/noticias\/wp-json\/wp\/v2\/posts\/481426\/revisions"}],"wp:featuredmedia":[{"embeddable":true,"href":"https:\/\/www.eldigitaldeasturias.com\/noticias\/wp-json\/wp\/v2\/media\/1132184"}],"wp:attachment":[{"href":"https:\/\/www.eldigitaldeasturias.com\/noticias\/wp-json\/wp\/v2\/media?parent=481426"}],"wp:term":[{"taxonomy":"category","embeddable":true,"href":"https:\/\/www.eldigitaldeasturias.com\/noticias\/wp-json\/wp\/v2\/categories?post=481426"},{"taxonomy":"post_tag","embeddable":true,"href":"https:\/\/www.eldigitaldeasturias.com\/noticias\/wp-json\/wp\/v2\/tags?post=481426"}],"curies":[{"name":"wp","href":"https:\/\/api.w.org\/{rel}","templated":true}]}}