{"id":481407,"date":"2014-01-31T22:09:01","date_gmt":"2014-01-31T23:09:01","guid":{"rendered":"http:\/\/www.eldigitaldeasturias.com\/noticias\/?p=481407"},"modified":"2014-01-31T22:09:01","modified_gmt":"2014-01-31T23:09:01","slug":"martino-asegura-que-no-penso-en-fichar-al-chileno-claudio-bravo","status":"publish","type":"post","link":"https:\/\/www.eldigitaldeasturias.com\/noticias\/martino-asegura-que-no-penso-en-fichar-al-chileno-claudio-bravo\/","title":{"rendered":"Martino asegura que no pens\u00f3 en fichar al chileno Claudio Bravo"},"content":{"rendered":"<p><img loading=\"lazy\" decoding=\"async\" class=\"alignleft size-medium wp-image-478885\" alt=\"5876173wtatamartino\" src=\"https:\/\/www.eldigitaldeasturias.com\/noticias\/wp-content\/uploads\/2014\/01\/5876173w-360x247.jpg\" width=\"360\" height=\"247\" \/>Barcelona, 31 ene (dpa) &#8211; El entrenador del Barcelona, Gerardo Martino, asegur\u00f3 hoy que no pidi\u00f3 el fichaje del arquero chileno Claudio Bravo, aunque coment\u00f3 que \u00abes un portero muy bueno, de lo mejor\u00bb.<\/p>\n<p>El Barcelona est\u00e1 buscando arquero para la pr\u00f3xima temporada y uno de los nombres que son\u00f3 en la prensa fue el de Bravo, actual arquero de la Real Sociedad.<\/p>\n<p>\u00abBravo es un portero muy bueno, de lo mejor\u00bb, confes\u00f3 Martino antes de asegurar que no es una prioridad.<\/p>\n<p>\u00abSi el Bar\u00e7a desde julio hubiese confirmado todos los porteros que tienen que venir el a\u00f1o que viene, jugar\u00edamos con once arqueros. No he hablado dos palabras sobre Bravo dentro del club\u00bb, a\u00f1adi\u00f3.<\/p>\n","protected":false},"excerpt":{"rendered":"<p>Barcelona, 31 ene (dpa) &#8211; El entrenador del Barcelona, Gerardo Martino, asegur\u00f3 hoy que no pidi\u00f3 el fichaje del arquero chileno Claudio Bravo, aunque coment\u00f3 que \u00abes un portero muy bueno, de lo mejor\u00bb. El Barcelona est\u00e1 buscando arquero para la pr\u00f3xima temporada y uno de los nombres que son\u00f3 en la prensa fue el [&hellip;]<\/p>\n","protected":false},"author":1,"featured_media":1132184,"comment_status":"closed","ping_status":"open","sticky":false,"template":"","format":"standard","meta":{"footnotes":""},"categories":[1],"tags":[],"class_list":["post-481407","post","type-post","status-publish","format-standard","has-post-thumbnail","hentry","category-actualidad"],"aioseo_notices":[],"aioseo_head":"\n\t\t<!-- All in One SEO Pro 5.0.1 - aioseo.com -->\n\t<meta name=\"description\" content=\"Barcelona, 31 ene (dpa) - El entrenador del Barcelona, Gerardo Martino, asegur\u00f3 hoy que no pidi\u00f3 el fichaje del arquero chileno Claudio Bravo, aunque coment\u00f3 que &quot;es un portero muy bueno, de lo mejor&quot;. El Barcelona est\u00e1 buscando arquero para la pr\u00f3xima temporada y uno de los nombres que son\u00f3 en la prensa fue el\" \/>\n\t<meta name=\"robots\" content=\"max-image-preview:large\" \/>\n\t<meta name=\"author\" content=\"El Digital de Asturias\"\/>\n\t<meta name=\"google-site-verification\" content=\"UA-38556648-1\" \/>\n\t<meta name=\"msvalidate.01\" content=\"7dfe9f3f1b24437ab69f4f2559babe99\" \/>\n\t<meta name=\"keywords\" content=\"actualidad\" \/>\n\t<link rel=\"canonical\" href=\"https:\/\/www.eldigitaldeasturias.com\/noticias\/martino-asegura-que-no-penso-en-fichar-al-chileno-claudio-bravo\/\" \/>\n\t<meta name=\"generator\" content=\"All in One SEO Pro (AIOSEO) 5.0.1\" \/>\n\t\t<meta property=\"og:locale\" content=\"es_ES\" \/>\n\t\t<meta property=\"og:site_name\" content=\"El Digital de Asturias\" \/>\n\t\t<meta property=\"og:type\" content=\"article\" \/>\n\t\t<meta property=\"og:title\" content=\"Martino asegura que no pens\u00f3 en fichar al chileno Claudio Bravo - El Digital de Asturias\" \/>\n\t\t<meta property=\"og:description\" content=\"Barcelona, 31 ene (dpa) - El entrenador del Barcelona, Gerardo Martino, asegur\u00f3 hoy que no pidi\u00f3 el fichaje del arquero chileno Claudio Bravo, aunque coment\u00f3 que &quot;es un portero muy bueno, de lo mejor&quot;. El Barcelona est\u00e1 buscando arquero para la pr\u00f3xima temporada y uno de los nombres que son\u00f3 en la prensa fue el\" \/>\n\t\t<meta property=\"og:url\" content=\"https:\/\/www.eldigitaldeasturias.com\/noticias\/martino-asegura-que-no-penso-en-fichar-al-chileno-claudio-bravo\/\" \/>\n\t\t<meta property=\"og:image\" content=\"https:\/\/www.eldigitaldeasturias.com\/noticias\/wp-content\/uploads\/2026\/06\/Contenidos.jpg\" \/>\n\t\t<meta property=\"og:image:secure_url\" content=\"https:\/\/www.eldigitaldeasturias.com\/noticias\/wp-content\/uploads\/2026\/06\/Contenidos.jpg\" \/>\n\t\t<meta property=\"og:image:width\" content=\"1265\" \/>\n\t\t<meta property=\"og:image:height\" content=\"697\" \/>\n\t\t<meta property=\"article:tag\" content=\"actualidad\" \/>\n\t\t<meta property=\"article:published_time\" content=\"2014-01-31T23:09:01+00:00\" \/>\n\t\t<meta property=\"article:modified_time\" content=\"2014-01-31T23:09:01+00:00\" \/>\n\t\t<meta property=\"article:publisher\" content=\"https:\/\/facebook.com\/eldigitaldeasturias\" \/>\n\t\t<meta name=\"twitter:card\" content=\"summary_large_image\" \/>\n\t\t<meta name=\"twitter:title\" content=\"Martino asegura que no pens\u00f3 en fichar al chileno Claudio Bravo - El Digital de Asturias\" \/>\n\t\t<meta name=\"twitter:description\" content=\"Barcelona, 31 ene (dpa) - El entrenador del Barcelona, Gerardo Martino, asegur\u00f3 hoy que no pidi\u00f3 el fichaje del arquero chileno Claudio Bravo, aunque coment\u00f3 que &quot;es un portero muy bueno, de lo mejor&quot;. El Barcelona est\u00e1 buscando arquero para la pr\u00f3xima temporada y uno de los nombres que son\u00f3 en la prensa fue el\" \/>\n\t\t<meta name=\"twitter:image\" content=\"https:\/\/www.eldigitaldeasturias.com\/noticias\/wp-content\/uploads\/2026\/06\/Contenidos.jpg\" \/>\n\t\t<meta name=\"twitter:label1\" content=\"Escrito por\" \/>\n\t\t<meta name=\"twitter:data1\" content=\"El Digital de Asturias\" \/>\n\t\t<meta name=\"twitter:label2\" content=\"Tiempo de lectura estimado\" \/>\n\t\t<meta name=\"twitter:data2\" content=\"1 minuto\" \/>\n\t\t<script type=\"application\/ld+json\" class=\"aioseo-schema\">\n\t\t\t{\"@context\":\"https:\\\/\\\/schema.org\",\"@graph\":[{\"@type\":\"BlogPosting\",\"@id\":\"https:\\\/\\\/www.eldigitaldeasturias.com\\\/noticias\\\/martino-asegura-que-no-penso-en-fichar-al-chileno-claudio-bravo\\\/#blogposting\",\"name\":\"Martino asegura que no pens\\u00f3 en fichar al chileno Claudio Bravo - El Digital de Asturias\",\"headline\":\"Martino asegura que no pens\\u00f3 en fichar al chileno Claudio Bravo\",\"author\":{\"@id\":\"https:\\\/\\\/www.eldigitaldeasturias.com\\\/noticias\\\/author\\\/admin\\\/#author\"},\"publisher\":{\"@id\":\"https:\\\/\\\/www.eldigitaldeasturias.com\\\/noticias\\\/#organization\"},\"image\":{\"@type\":\"ImageObject\",\"url\":\"https:\\\/\\\/www.eldigitaldeasturias.com\\\/noticias\\\/wp-content\\\/uploads\\\/2026\\\/06\\\/Contenidos.jpg\",\"width\":1265,\"height\":697,\"caption\":\"Contenidos\"},\"datePublished\":\"2014-01-31T22:09:01+01:00\",\"dateModified\":\"2014-01-31T22:09:01+01:00\",\"inLanguage\":\"es-ES\",\"mainEntityOfPage\":{\"@id\":\"https:\\\/\\\/www.eldigitaldeasturias.com\\\/noticias\\\/martino-asegura-que-no-penso-en-fichar-al-chileno-claudio-bravo\\\/#webpage\"},\"isPartOf\":{\"@id\":\"https:\\\/\\\/www.eldigitaldeasturias.com\\\/noticias\\\/martino-asegura-que-no-penso-en-fichar-al-chileno-claudio-bravo\\\/#webpage\"},\"articleSection\":\"Actualidad\"},{\"@type\":\"BreadcrumbList\",\"@id\":\"https:\\\/\\\/www.eldigitaldeasturias.com\\\/noticias\\\/martino-asegura-que-no-penso-en-fichar-al-chileno-claudio-bravo\\\/#breadcrumblist\",\"itemListElement\":[{\"@type\":\"ListItem\",\"@id\":\"https:\\\/\\\/www.eldigitaldeasturias.com\\\/noticias#listItem\",\"position\":1,\"name\":\"Home\",\"item\":\"https:\\\/\\\/www.eldigitaldeasturias.com\\\/noticias\",\"nextItem\":{\"@type\":\"ListItem\",\"@id\":\"https:\\\/\\\/www.eldigitaldeasturias.com\\\/noticias\\\/category\\\/actualidad\\\/#listItem\",\"name\":\"Actualidad\"}},{\"@type\":\"ListItem\",\"@id\":\"https:\\\/\\\/www.eldigitaldeasturias.com\\\/noticias\\\/category\\\/actualidad\\\/#listItem\",\"position\":2,\"name\":\"Actualidad\",\"item\":\"https:\\\/\\\/www.eldigitaldeasturias.com\\\/noticias\\\/category\\\/actualidad\\\/\",\"nextItem\":{\"@type\":\"ListItem\",\"@id\":\"https:\\\/\\\/www.eldigitaldeasturias.com\\\/noticias\\\/martino-asegura-que-no-penso-en-fichar-al-chileno-claudio-bravo\\\/#listItem\",\"name\":\"Martino asegura que no pens\\u00f3 en fichar al chileno Claudio Bravo\"},\"previousItem\":{\"@type\":\"ListItem\",\"@id\":\"https:\\\/\\\/www.eldigitaldeasturias.com\\\/noticias#listItem\",\"name\":\"Home\"}},{\"@type\":\"ListItem\",\"@id\":\"https:\\\/\\\/www.eldigitaldeasturias.com\\\/noticias\\\/martino-asegura-que-no-penso-en-fichar-al-chileno-claudio-bravo\\\/#listItem\",\"position\":3,\"name\":\"Martino asegura que no pens\\u00f3 en fichar al chileno Claudio Bravo\",\"previousItem\":{\"@type\":\"ListItem\",\"@id\":\"https:\\\/\\\/www.eldigitaldeasturias.com\\\/noticias\\\/category\\\/actualidad\\\/#listItem\",\"name\":\"Actualidad\"}}]},{\"@type\":\"Organization\",\"@id\":\"https:\\\/\\\/www.eldigitaldeasturias.com\\\/noticias\\\/#organization\",\"name\":\"El Digital de Asturias\",\"description\":\"Hemeroteca\",\"url\":\"https:\\\/\\\/www.eldigitaldeasturias.com\\\/noticias\\\/\",\"email\":\"info@eldigitaldeasturias.com\",\"telephone\":\"+34652131393\",\"logo\":{\"@type\":\"ImageObject\",\"url\":\"https:\\\/\\\/www.eldigitaldeasturias.com\\\/noticias\\\/wp-content\\\/uploads\\\/2020\\\/12\\\/EDA.jpg\",\"@id\":\"https:\\\/\\\/www.eldigitaldeasturias.com\\\/noticias\\\/martino-asegura-que-no-penso-en-fichar-al-chileno-claudio-bravo\\\/#organizationLogo\"},\"image\":{\"@id\":\"https:\\\/\\\/www.eldigitaldeasturias.com\\\/noticias\\\/martino-asegura-que-no-penso-en-fichar-al-chileno-claudio-bravo\\\/#organizationLogo\"},\"sameAs\":[\"https:\\\/\\\/facebook.com\\\/eldigitaldeasturias\",\"https:\\\/\\\/www.youtube.com\\\/channel\\\/UCZP-2wLEB9Rv6erhFmqVnvg\"],\"address\":{\"@id\":\"https:\\\/\\\/www.eldigitaldeasturias.com\\\/noticias\\\/#postaladdress\",\"@type\":\"PostalAddress\",\"streetAddress\":\"san antonio 4\",\"postalCode\":\"33430\",\"addressLocality\":\"Cand\\u00e1s\",\"addressRegion\":\"Asturias\",\"addressCountry\":\"ES\"}},{\"@type\":\"Person\",\"@id\":\"https:\\\/\\\/www.eldigitaldeasturias.com\\\/noticias\\\/author\\\/admin\\\/#author\",\"url\":\"https:\\\/\\\/www.eldigitaldeasturias.com\\\/noticias\\\/author\\\/admin\\\/\",\"name\":\"El Digital de Asturias\",\"image\":{\"@type\":\"ImageObject\",\"@id\":\"https:\\\/\\\/www.eldigitaldeasturias.com\\\/noticias\\\/martino-asegura-que-no-penso-en-fichar-al-chileno-claudio-bravo\\\/#authorImage\",\"url\":\"https:\\\/\\\/secure.gravatar.com\\\/avatar\\\/df2aeffc32bcd13f8d26072ef8a91b623d677766deac7f97ca815868cd41bf5e?s=96&d=mm&r=g\",\"width\":96,\"height\":96,\"caption\":\"El Digital de Asturias\"}},{\"@type\":\"WebPage\",\"@id\":\"https:\\\/\\\/www.eldigitaldeasturias.com\\\/noticias\\\/martino-asegura-que-no-penso-en-fichar-al-chileno-claudio-bravo\\\/#webpage\",\"url\":\"https:\\\/\\\/www.eldigitaldeasturias.com\\\/noticias\\\/martino-asegura-que-no-penso-en-fichar-al-chileno-claudio-bravo\\\/\",\"name\":\"Martino asegura que no pens\\u00f3 en fichar al chileno Claudio Bravo - El Digital de Asturias\",\"description\":\"Barcelona, 31 ene (dpa) - El entrenador del Barcelona, Gerardo Martino, asegur\\u00f3 hoy que no pidi\\u00f3 el fichaje del arquero chileno Claudio Bravo, aunque coment\\u00f3 que \\\"es un portero muy bueno, de lo mejor\\\". El Barcelona est\\u00e1 buscando arquero para la pr\\u00f3xima temporada y uno de los nombres que son\\u00f3 en la prensa fue el\",\"inLanguage\":\"es-ES\",\"isPartOf\":{\"@id\":\"https:\\\/\\\/www.eldigitaldeasturias.com\\\/noticias\\\/#website\"},\"breadcrumb\":{\"@id\":\"https:\\\/\\\/www.eldigitaldeasturias.com\\\/noticias\\\/martino-asegura-que-no-penso-en-fichar-al-chileno-claudio-bravo\\\/#breadcrumblist\"},\"author\":{\"@id\":\"https:\\\/\\\/www.eldigitaldeasturias.com\\\/noticias\\\/author\\\/admin\\\/#author\"},\"creator\":{\"@id\":\"https:\\\/\\\/www.eldigitaldeasturias.com\\\/noticias\\\/author\\\/admin\\\/#author\"},\"image\":{\"@type\":\"ImageObject\",\"url\":\"https:\\\/\\\/www.eldigitaldeasturias.com\\\/noticias\\\/wp-content\\\/uploads\\\/2026\\\/06\\\/Contenidos.jpg\",\"@id\":\"https:\\\/\\\/www.eldigitaldeasturias.com\\\/noticias\\\/martino-asegura-que-no-penso-en-fichar-al-chileno-claudio-bravo\\\/#mainImage\",\"width\":1265,\"height\":697,\"caption\":\"Contenidos\"},\"primaryImageOfPage\":{\"@id\":\"https:\\\/\\\/www.eldigitaldeasturias.com\\\/noticias\\\/martino-asegura-que-no-penso-en-fichar-al-chileno-claudio-bravo\\\/#mainImage\"},\"datePublished\":\"2014-01-31T22:09:01+01:00\",\"dateModified\":\"2014-01-31T22:09:01+01:00\"},{\"@type\":\"WebSite\",\"@id\":\"https:\\\/\\\/www.eldigitaldeasturias.com\\\/noticias\\\/#website\",\"url\":\"https:\\\/\\\/www.eldigitaldeasturias.com\\\/noticias\\\/\",\"name\":\"El Digital de Asturias - Diario de actualidad y noticias\",\"alternateName\":\"El Digital de Asturias - Diario de actualidad y noticias\",\"description\":\"Hemeroteca\",\"inLanguage\":\"es-ES\",\"publisher\":{\"@id\":\"https:\\\/\\\/www.eldigitaldeasturias.com\\\/noticias\\\/#organization\"}}]}\n\t\t<\/script>\n\t\t<!-- All in One SEO Pro -->\r\n\t\t<title>Martino asegura que no pens\u00f3 en fichar al chileno Claudio Bravo - El Digital de Asturias<\/title>\n\n","aioseo_head_json":{"title":"Martino asegura que no pens\u00f3 en fichar al chileno Claudio Bravo - El Digital de Asturias","description":"Barcelona, 31 ene (dpa) - El entrenador del Barcelona, Gerardo Martino, asegur\u00f3 hoy que no pidi\u00f3 el fichaje del arquero chileno Claudio Bravo, aunque coment\u00f3 que \"es un portero muy bueno, de lo mejor\". El Barcelona est\u00e1 buscando arquero para la pr\u00f3xima temporada y uno de los nombres que son\u00f3 en la prensa fue el","canonical_url":"https:\/\/www.eldigitaldeasturias.com\/noticias\/martino-asegura-que-no-penso-en-fichar-al-chileno-claudio-bravo\/","robots":"max-image-preview:large","keywords":"actualidad","webmasterTools":{"google-site-verification":"UA-38556648-1","msvalidate.01":"7dfe9f3f1b24437ab69f4f2559babe99","miscellaneous":""},"schema":{"@context":"https:\/\/schema.org","@graph":[{"@type":"BlogPosting","@id":"https:\/\/www.eldigitaldeasturias.com\/noticias\/martino-asegura-que-no-penso-en-fichar-al-chileno-claudio-bravo\/#blogposting","name":"Martino asegura que no pens\u00f3 en fichar al chileno Claudio Bravo - El Digital de Asturias","headline":"Martino asegura que no pens\u00f3 en fichar al chileno Claudio Bravo","author":{"@id":"https:\/\/www.eldigitaldeasturias.com\/noticias\/author\/admin\/#author"},"publisher":{"@id":"https:\/\/www.eldigitaldeasturias.com\/noticias\/#organization"},"image":{"@type":"ImageObject","url":"https:\/\/www.eldigitaldeasturias.com\/noticias\/wp-content\/uploads\/2026\/06\/Contenidos.jpg","width":1265,"height":697,"caption":"Contenidos"},"datePublished":"2014-01-31T22:09:01+01:00","dateModified":"2014-01-31T22:09:01+01:00","inLanguage":"es-ES","mainEntityOfPage":{"@id":"https:\/\/www.eldigitaldeasturias.com\/noticias\/martino-asegura-que-no-penso-en-fichar-al-chileno-claudio-bravo\/#webpage"},"isPartOf":{"@id":"https:\/\/www.eldigitaldeasturias.com\/noticias\/martino-asegura-que-no-penso-en-fichar-al-chileno-claudio-bravo\/#webpage"},"articleSection":"Actualidad"},{"@type":"BreadcrumbList","@id":"https:\/\/www.eldigitaldeasturias.com\/noticias\/martino-asegura-que-no-penso-en-fichar-al-chileno-claudio-bravo\/#breadcrumblist","itemListElement":[{"@type":"ListItem","@id":"https:\/\/www.eldigitaldeasturias.com\/noticias#listItem","position":1,"name":"Home","item":"https:\/\/www.eldigitaldeasturias.com\/noticias","nextItem":{"@type":"ListItem","@id":"https:\/\/www.eldigitaldeasturias.com\/noticias\/category\/actualidad\/#listItem","name":"Actualidad"}},{"@type":"ListItem","@id":"https:\/\/www.eldigitaldeasturias.com\/noticias\/category\/actualidad\/#listItem","position":2,"name":"Actualidad","item":"https:\/\/www.eldigitaldeasturias.com\/noticias\/category\/actualidad\/","nextItem":{"@type":"ListItem","@id":"https:\/\/www.eldigitaldeasturias.com\/noticias\/martino-asegura-que-no-penso-en-fichar-al-chileno-claudio-bravo\/#listItem","name":"Martino asegura que no pens\u00f3 en fichar al chileno Claudio Bravo"},"previousItem":{"@type":"ListItem","@id":"https:\/\/www.eldigitaldeasturias.com\/noticias#listItem","name":"Home"}},{"@type":"ListItem","@id":"https:\/\/www.eldigitaldeasturias.com\/noticias\/martino-asegura-que-no-penso-en-fichar-al-chileno-claudio-bravo\/#listItem","position":3,"name":"Martino asegura que no pens\u00f3 en fichar al chileno Claudio Bravo","previousItem":{"@type":"ListItem","@id":"https:\/\/www.eldigitaldeasturias.com\/noticias\/category\/actualidad\/#listItem","name":"Actualidad"}}]},{"@type":"Organization","@id":"https:\/\/www.eldigitaldeasturias.com\/noticias\/#organization","name":"El Digital de Asturias","description":"Hemeroteca","url":"https:\/\/www.eldigitaldeasturias.com\/noticias\/","email":"info@eldigitaldeasturias.com","telephone":"+34652131393","logo":{"@type":"ImageObject","url":"https:\/\/www.eldigitaldeasturias.com\/noticias\/wp-content\/uploads\/2020\/12\/EDA.jpg","@id":"https:\/\/www.eldigitaldeasturias.com\/noticias\/martino-asegura-que-no-penso-en-fichar-al-chileno-claudio-bravo\/#organizationLogo"},"image":{"@id":"https:\/\/www.eldigitaldeasturias.com\/noticias\/martino-asegura-que-no-penso-en-fichar-al-chileno-claudio-bravo\/#organizationLogo"},"sameAs":["https:\/\/facebook.com\/eldigitaldeasturias","https:\/\/www.youtube.com\/channel\/UCZP-2wLEB9Rv6erhFmqVnvg"],"address":{"@id":"https:\/\/www.eldigitaldeasturias.com\/noticias\/#postaladdress","@type":"PostalAddress","streetAddress":"san antonio 4","postalCode":"33430","addressLocality":"Cand\u00e1s","addressRegion":"Asturias","addressCountry":"ES"}},{"@type":"Person","@id":"https:\/\/www.eldigitaldeasturias.com\/noticias\/author\/admin\/#author","url":"https:\/\/www.eldigitaldeasturias.com\/noticias\/author\/admin\/","name":"El Digital de Asturias","image":{"@type":"ImageObject","@id":"https:\/\/www.eldigitaldeasturias.com\/noticias\/martino-asegura-que-no-penso-en-fichar-al-chileno-claudio-bravo\/#authorImage","url":"https:\/\/secure.gravatar.com\/avatar\/df2aeffc32bcd13f8d26072ef8a91b623d677766deac7f97ca815868cd41bf5e?s=96&d=mm&r=g","width":96,"height":96,"caption":"El Digital de Asturias"}},{"@type":"WebPage","@id":"https:\/\/www.eldigitaldeasturias.com\/noticias\/martino-asegura-que-no-penso-en-fichar-al-chileno-claudio-bravo\/#webpage","url":"https:\/\/www.eldigitaldeasturias.com\/noticias\/martino-asegura-que-no-penso-en-fichar-al-chileno-claudio-bravo\/","name":"Martino asegura que no pens\u00f3 en fichar al chileno Claudio Bravo - El Digital de Asturias","description":"Barcelona, 31 ene (dpa) - El entrenador del Barcelona, Gerardo Martino, asegur\u00f3 hoy que no pidi\u00f3 el fichaje del arquero chileno Claudio Bravo, aunque coment\u00f3 que \"es un portero muy bueno, de lo mejor\". El Barcelona est\u00e1 buscando arquero para la pr\u00f3xima temporada y uno de los nombres que son\u00f3 en la prensa fue el","inLanguage":"es-ES","isPartOf":{"@id":"https:\/\/www.eldigitaldeasturias.com\/noticias\/#website"},"breadcrumb":{"@id":"https:\/\/www.eldigitaldeasturias.com\/noticias\/martino-asegura-que-no-penso-en-fichar-al-chileno-claudio-bravo\/#breadcrumblist"},"author":{"@id":"https:\/\/www.eldigitaldeasturias.com\/noticias\/author\/admin\/#author"},"creator":{"@id":"https:\/\/www.eldigitaldeasturias.com\/noticias\/author\/admin\/#author"},"image":{"@type":"ImageObject","url":"https:\/\/www.eldigitaldeasturias.com\/noticias\/wp-content\/uploads\/2026\/06\/Contenidos.jpg","@id":"https:\/\/www.eldigitaldeasturias.com\/noticias\/martino-asegura-que-no-penso-en-fichar-al-chileno-claudio-bravo\/#mainImage","width":1265,"height":697,"caption":"Contenidos"},"primaryImageOfPage":{"@id":"https:\/\/www.eldigitaldeasturias.com\/noticias\/martino-asegura-que-no-penso-en-fichar-al-chileno-claudio-bravo\/#mainImage"},"datePublished":"2014-01-31T22:09:01+01:00","dateModified":"2014-01-31T22:09:01+01:00"},{"@type":"WebSite","@id":"https:\/\/www.eldigitaldeasturias.com\/noticias\/#website","url":"https:\/\/www.eldigitaldeasturias.com\/noticias\/","name":"El Digital de Asturias - Diario de actualidad y noticias","alternateName":"El Digital de Asturias - Diario de actualidad y noticias","description":"Hemeroteca","inLanguage":"es-ES","publisher":{"@id":"https:\/\/www.eldigitaldeasturias.com\/noticias\/#organization"}}]},"og:locale":"es_ES","og:site_name":"El Digital de Asturias","og:type":"article","og:title":"Martino asegura que no pens\u00f3 en fichar al chileno Claudio Bravo - El Digital de Asturias","og:description":"Barcelona, 31 ene (dpa) - El entrenador del Barcelona, Gerardo Martino, asegur\u00f3 hoy que no pidi\u00f3 el fichaje del arquero chileno Claudio Bravo, aunque coment\u00f3 que &quot;es un portero muy bueno, de lo mejor&quot;. El Barcelona est\u00e1 buscando arquero para la pr\u00f3xima temporada y uno de los nombres que son\u00f3 en la prensa fue el","og:url":"https:\/\/www.eldigitaldeasturias.com\/noticias\/martino-asegura-que-no-penso-en-fichar-al-chileno-claudio-bravo\/","og:image":"https:\/\/www.eldigitaldeasturias.com\/noticias\/wp-content\/uploads\/2026\/06\/Contenidos.jpg","og:image:secure_url":"https:\/\/www.eldigitaldeasturias.com\/noticias\/wp-content\/uploads\/2026\/06\/Contenidos.jpg","og:image:width":1265,"og:image:height":697,"article:tag":["actualidad"],"article:published_time":"2014-01-31T23:09:01+00:00","article:modified_time":"2014-01-31T23:09:01+00:00","article:publisher":"https:\/\/facebook.com\/eldigitaldeasturias","twitter:card":"summary_large_image","twitter:title":"Martino asegura que no pens\u00f3 en fichar al chileno Claudio Bravo - El Digital de Asturias","twitter:description":"Barcelona, 31 ene (dpa) - El entrenador del Barcelona, Gerardo Martino, asegur\u00f3 hoy que no pidi\u00f3 el fichaje del arquero chileno Claudio Bravo, aunque coment\u00f3 que &quot;es un portero muy bueno, de lo mejor&quot;. El Barcelona est\u00e1 buscando arquero para la pr\u00f3xima temporada y uno de los nombres que son\u00f3 en la prensa fue el","twitter:image":"https:\/\/www.eldigitaldeasturias.com\/noticias\/wp-content\/uploads\/2026\/06\/Contenidos.jpg","twitter:label1":"Escrito por","twitter:data1":"El Digital de Asturias","twitter:label2":"Tiempo de lectura estimado","twitter:data2":"1 minuto"},"aioseo_meta_data":{"post_id":"481407","title":null,"description":null,"keywords":null,"keyphrases":null,"primary_term":null,"canonical_url":null,"og_title":null,"og_description":null,"og_object_type":"default","og_image_type":"default","og_image_url":null,"og_image_width":null,"og_image_height":null,"og_image_custom_url":null,"og_image_custom_fields":null,"og_video":null,"og_custom_url":null,"og_article_section":null,"og_article_tags":null,"twitter_use_og":true,"twitter_card":"default","twitter_image_type":"default","twitter_image_url":null,"twitter_image_custom_url":null,"twitter_image_custom_fields":null,"twitter_title":null,"twitter_description":null,"schema":{"blockGraphs":[],"customGraphs":[],"default":{"data":{"Article":[],"Course":[],"Dataset":[],"FAQPage":[],"Movie":[],"Person":[],"Product":[],"ProductReview":[],"Car":[],"Recipe":[],"Service":[],"SoftwareApplication":[],"WebPage":[]},"graphName":"","isEnabled":true},"graphs":[],"defaultGraph":"","defaultPostTypeGraph":""},"schema_type":null,"schema_type_options":null,"pillar_content":false,"robots_default":true,"robots_noindex":false,"robots_noarchive":false,"robots_nosnippet":false,"robots_nofollow":false,"robots_noimageindex":false,"robots_noodp":false,"robots_notranslate":false,"robots_max_snippet":null,"robots_max_videopreview":null,"robots_max_imagepreview":"none","priority":null,"frequency":null,"local_seo":null,"seo_analyzer_scan_date":"2026-06-02 06:39:51","breadcrumb_settings":null,"limit_modified_date":false,"open_ai":null,"ai":null,"created":"2020-11-14 22:54:20","updated":"2026-06-02 06:39:51","focus_keyword":null,"additional_keywords":null,"truseo_locale":null},"aioseo_breadcrumb":"<div class=\"aioseo-breadcrumbs\"><span class=\"aioseo-breadcrumb\">\n\t<a href=\"https:\/\/www.eldigitaldeasturias.com\/noticias\" title=\"Home\">Home<\/a>\n<\/span><span class=\"aioseo-breadcrumb-separator\">\u2013<\/span><span class=\"aioseo-breadcrumb\">\n\t<a href=\"https:\/\/www.eldigitaldeasturias.com\/noticias\/category\/actualidad\/\" title=\"Actualidad\">Actualidad<\/a>\n<\/span><span class=\"aioseo-breadcrumb-separator\">\u2013<\/span><span class=\"aioseo-breadcrumb\">\n\t<a href=\"https:\/\/www.eldigitaldeasturias.com\/noticias\/martino-asegura-que-no-penso-en-fichar-al-chileno-claudio-bravo\/\" title=\"Martino asegura que no pens\u00f3 en fichar al chileno Claudio Bravo\">Martino asegura que no pens\u00f3 en fichar al chileno Claudio Bravo<\/a>\n<\/span><\/div>","aioseo_breadcrumb_json":[{"label":"Home","link":"https:\/\/www.eldigitaldeasturias.com\/noticias"},{"label":"Actualidad","link":"https:\/\/www.eldigitaldeasturias.com\/noticias\/category\/actualidad\/"},{"label":"Martino asegura que no pens\u00f3 en fichar al chileno Claudio Bravo","link":"https:\/\/www.eldigitaldeasturias.com\/noticias\/martino-asegura-que-no-penso-en-fichar-al-chileno-claudio-bravo\/"}],"_links":{"self":[{"href":"https:\/\/www.eldigitaldeasturias.com\/noticias\/wp-json\/wp\/v2\/posts\/481407","targetHints":{"allow":["GET"]}}],"collection":[{"href":"https:\/\/www.eldigitaldeasturias.com\/noticias\/wp-json\/wp\/v2\/posts"}],"about":[{"href":"https:\/\/www.eldigitaldeasturias.com\/noticias\/wp-json\/wp\/v2\/types\/post"}],"author":[{"embeddable":true,"href":"https:\/\/www.eldigitaldeasturias.com\/noticias\/wp-json\/wp\/v2\/users\/1"}],"replies":[{"embeddable":true,"href":"https:\/\/www.eldigitaldeasturias.com\/noticias\/wp-json\/wp\/v2\/comments?post=481407"}],"version-history":[{"count":0,"href":"https:\/\/www.eldigitaldeasturias.com\/noticias\/wp-json\/wp\/v2\/posts\/481407\/revisions"}],"wp:featuredmedia":[{"embeddable":true,"href":"https:\/\/www.eldigitaldeasturias.com\/noticias\/wp-json\/wp\/v2\/media\/1132184"}],"wp:attachment":[{"href":"https:\/\/www.eldigitaldeasturias.com\/noticias\/wp-json\/wp\/v2\/media?parent=481407"}],"wp:term":[{"taxonomy":"category","embeddable":true,"href":"https:\/\/www.eldigitaldeasturias.com\/noticias\/wp-json\/wp\/v2\/categories?post=481407"},{"taxonomy":"post_tag","embeddable":true,"href":"https:\/\/www.eldigitaldeasturias.com\/noticias\/wp-json\/wp\/v2\/tags?post=481407"}],"curies":[{"name":"wp","href":"https:\/\/api.w.org\/{rel}","templated":true}]}}