{"id":481405,"date":"2014-01-31T22:07:23","date_gmt":"2014-01-31T23:07:23","guid":{"rendered":"http:\/\/www.eldigitaldeasturias.com\/noticias\/?p=481405"},"modified":"2014-01-31T22:07:23","modified_gmt":"2014-01-31T23:07:23","slug":"el-ejercito-alerta-del-peligro-de-ruptura-en-ucrania","status":"publish","type":"post","link":"https:\/\/www.eldigitaldeasturias.com\/noticias\/el-ejercito-alerta-del-peligro-de-ruptura-en-ucrania\/","title":{"rendered":"El ej\u00e9rcito alerta del peligro de ruptura en Ucrania"},"content":{"rendered":"<p><img loading=\"lazy\" decoding=\"async\" class=\"alignleft size-medium wp-image-478695\" alt=\"5875616wucrania\" src=\"https:\/\/www.eldigitaldeasturias.com\/noticias\/wp-content\/uploads\/2014\/01\/5875616w3-360x197.jpg\" width=\"360\" height=\"197\" \/>Kiev, 31 ene (dpa) &#8211; El Ej\u00e9rcito de Ucrania se pronunci\u00f3 hoy por primera vez en el conflicto entre el gobierno y la oposici\u00f3n, para alertar acerca del peligro de una secesi\u00f3n del pa\u00eds en caso de que la crisis siga escalando.<\/p>\n<p>La ocupaci\u00f3n de edificios p\u00fablicos por parte de los manifestantes es inaceptable, a\u00f1ade la declaraci\u00f3n oficial. En una reuni\u00f3n encabezada por el ministro de Defensa, Pavel Lebedev, el Ej\u00e9rcito pidi\u00f3 al presidente y m\u00e1ximo jefe de las fuerzas armadas, Viktor Yanukovich, que \u00abtome de inmediato medidas para estabilizar la situaci\u00f3n en el pa\u00eds y conseguir la armon\u00eda en la sociedad\u00bb.<\/p>\n<p>Activistas de derechos humanos denunciaron entretanto que durante los enfrentamientos con los manifestantes radicales, las unidades de la polic\u00eda aprovecharon para atacar a prop\u00f3sito a periodistas y m\u00e9dicos. La oposici\u00f3n denuncia adem\u00e1s el presunto secuestro de unas 30 personas, al parecer por bandas violentas reclutadas por las autoridades.<\/p>\n<p>Ocho d\u00edas despu\u00e9s de su desaparici\u00f3n apareci\u00f3 uno de los secuestrados, con signos de haber sufrido un grave maltrato f\u00edsico. Sus captores lo torturaron e incluso le cortaron una parte de la oreja, denunci\u00f3 el activista Dmitri Burlatov. El l\u00edder opositor Vitali Klitschko asegur\u00f3 que se trat\u00f3 de \u00abun acto para intimidar\u00bb.<\/p>\n<p>El ex campe\u00f3n de boxeo viaja hoy junto con el dirigente opositor Arseni Yatseniuk a la conferencia sobre seguridad que se celebra en M\u00fanich, Alemania, donde pedir\u00e1n apoyo de la comunidad internacional. All\u00ed planean hablar con el secretario de Estado norteamericano, John Kerry, la representante de pol\u00edtica exterior de la UE, Catherine Ashton, y otros dirigentes.<\/p>\n<p>Tambi\u00e9n viaja a M\u00fanich el ministro de Relaciones Exteriores ucraniano en funciones, Leonid Kozhara, que se reunir\u00e1 con su hom\u00f3logo ruso, Serguei Lavrov, y con el comisario de Ampliaci\u00f3n y Pol\u00edtica Europea de Vecindad de la UE, Stefan F\u00fcle.<\/p>\n<p>El viceprimer ministro ruso, Dmitri Rogosin, calific\u00f3 de \u00abcirco\u00bb el encuentro previsto entre la oposici\u00f3n ucraniana y Kerry. Mosc\u00fa acusa a Occidente de injerencia en asuntos internos de Ucrania.<\/p>\n<p>Las protestas de la oposici\u00f3n estallaron en noviembre cuando Yanukovich se neg\u00f3 a firmar, por presi\u00f3n de Rusia, un acuerdo de asociaci\u00f3n con la UE. Klitschko y Yazeniuk acusaron al gobierno de quitarle al pueblo un posible futuro dentro de la UE.<\/p>\n<p>Cuando el gobierno aprob\u00f3 adicionalmente a mediados de enero leyes parecidas a las rusas para limitar las libertades democr\u00e1ticas sin un debate en el Parlamento, las protestas se radicalizaron.<\/p>\n","protected":false},"excerpt":{"rendered":"<p>Kiev, 31 ene (dpa) &#8211; El Ej\u00e9rcito de Ucrania se pronunci\u00f3 hoy por primera vez en el conflicto entre el gobierno y la oposici\u00f3n, para alertar acerca del peligro de una secesi\u00f3n del pa\u00eds en caso de que la crisis siga escalando. La ocupaci\u00f3n de edificios p\u00fablicos por parte de los manifestantes es inaceptable, a\u00f1ade [&hellip;]<\/p>\n","protected":false},"author":1,"featured_media":1132184,"comment_status":"closed","ping_status":"open","sticky":false,"template":"","format":"standard","meta":{"footnotes":""},"categories":[1],"tags":[],"class_list":["post-481405","post","type-post","status-publish","format-standard","has-post-thumbnail","hentry","category-actualidad"],"aioseo_notices":[],"aioseo_head":"\n\t\t<!-- All in One SEO Pro 5.0.1 - aioseo.com -->\n\t<meta name=\"description\" content=\"Kiev, 31 ene (dpa) - El Ej\u00e9rcito de Ucrania se pronunci\u00f3 hoy por primera vez en el conflicto entre el gobierno y la oposici\u00f3n, para alertar acerca del peligro de una secesi\u00f3n del pa\u00eds en caso de que la crisis siga escalando. La ocupaci\u00f3n de edificios p\u00fablicos por parte de los manifestantes es inaceptable, a\u00f1ade\" \/>\n\t<meta name=\"robots\" content=\"max-image-preview:large\" \/>\n\t<meta name=\"author\" content=\"El Digital de Asturias\"\/>\n\t<meta name=\"google-site-verification\" content=\"UA-38556648-1\" \/>\n\t<meta name=\"msvalidate.01\" content=\"7dfe9f3f1b24437ab69f4f2559babe99\" \/>\n\t<meta name=\"keywords\" content=\"actualidad\" \/>\n\t<link rel=\"canonical\" href=\"https:\/\/www.eldigitaldeasturias.com\/noticias\/el-ejercito-alerta-del-peligro-de-ruptura-en-ucrania\/\" \/>\n\t<meta name=\"generator\" content=\"All in One SEO Pro (AIOSEO) 5.0.1\" \/>\n\t\t<meta property=\"og:locale\" content=\"es_ES\" \/>\n\t\t<meta property=\"og:site_name\" content=\"El Digital de Asturias\" \/>\n\t\t<meta property=\"og:type\" content=\"article\" \/>\n\t\t<meta property=\"og:title\" content=\"El ej\u00e9rcito alerta del peligro de ruptura en Ucrania - El Digital de Asturias\" \/>\n\t\t<meta property=\"og:description\" content=\"Kiev, 31 ene (dpa) - El Ej\u00e9rcito de Ucrania se pronunci\u00f3 hoy por primera vez en el conflicto entre el gobierno y la oposici\u00f3n, para alertar acerca del peligro de una secesi\u00f3n del pa\u00eds en caso de que la crisis siga escalando. La ocupaci\u00f3n de edificios p\u00fablicos por parte de los manifestantes es inaceptable, a\u00f1ade\" \/>\n\t\t<meta property=\"og:url\" content=\"https:\/\/www.eldigitaldeasturias.com\/noticias\/el-ejercito-alerta-del-peligro-de-ruptura-en-ucrania\/\" \/>\n\t\t<meta property=\"og:image\" content=\"https:\/\/www.eldigitaldeasturias.com\/noticias\/wp-content\/uploads\/2026\/06\/Contenidos.jpg\" \/>\n\t\t<meta property=\"og:image:secure_url\" content=\"https:\/\/www.eldigitaldeasturias.com\/noticias\/wp-content\/uploads\/2026\/06\/Contenidos.jpg\" \/>\n\t\t<meta property=\"og:image:width\" content=\"1265\" \/>\n\t\t<meta property=\"og:image:height\" content=\"697\" \/>\n\t\t<meta property=\"article:tag\" content=\"actualidad\" \/>\n\t\t<meta property=\"article:published_time\" content=\"2014-01-31T23:07:23+00:00\" \/>\n\t\t<meta property=\"article:modified_time\" content=\"2014-01-31T23:07:23+00:00\" \/>\n\t\t<meta property=\"article:publisher\" content=\"https:\/\/facebook.com\/eldigitaldeasturias\" \/>\n\t\t<meta name=\"twitter:card\" content=\"summary_large_image\" \/>\n\t\t<meta name=\"twitter:title\" content=\"El ej\u00e9rcito alerta del peligro de ruptura en Ucrania - El Digital de Asturias\" \/>\n\t\t<meta name=\"twitter:description\" content=\"Kiev, 31 ene (dpa) - El Ej\u00e9rcito de Ucrania se pronunci\u00f3 hoy por primera vez en el conflicto entre el gobierno y la oposici\u00f3n, para alertar acerca del peligro de una secesi\u00f3n del pa\u00eds en caso de que la crisis siga escalando. La ocupaci\u00f3n de edificios p\u00fablicos por parte de los manifestantes es inaceptable, a\u00f1ade\" \/>\n\t\t<meta name=\"twitter:image\" content=\"https:\/\/www.eldigitaldeasturias.com\/noticias\/wp-content\/uploads\/2026\/06\/Contenidos.jpg\" \/>\n\t\t<meta name=\"twitter:label1\" content=\"Escrito por\" \/>\n\t\t<meta name=\"twitter:data1\" content=\"El Digital de Asturias\" \/>\n\t\t<meta name=\"twitter:label2\" content=\"Tiempo de lectura estimado\" \/>\n\t\t<meta name=\"twitter:data2\" content=\"2 minutos\" \/>\n\t\t<script type=\"application\/ld+json\" class=\"aioseo-schema\">\n\t\t\t{\"@context\":\"https:\\\/\\\/schema.org\",\"@graph\":[{\"@type\":\"BlogPosting\",\"@id\":\"https:\\\/\\\/www.eldigitaldeasturias.com\\\/noticias\\\/el-ejercito-alerta-del-peligro-de-ruptura-en-ucrania\\\/#blogposting\",\"name\":\"El ej\\u00e9rcito alerta del peligro de ruptura en Ucrania - El Digital de Asturias\",\"headline\":\"El ej\\u00e9rcito alerta del peligro de ruptura en Ucrania\",\"author\":{\"@id\":\"https:\\\/\\\/www.eldigitaldeasturias.com\\\/noticias\\\/author\\\/admin\\\/#author\"},\"publisher\":{\"@id\":\"https:\\\/\\\/www.eldigitaldeasturias.com\\\/noticias\\\/#organization\"},\"image\":{\"@type\":\"ImageObject\",\"url\":\"https:\\\/\\\/www.eldigitaldeasturias.com\\\/noticias\\\/wp-content\\\/uploads\\\/2026\\\/06\\\/Contenidos.jpg\",\"width\":1265,\"height\":697,\"caption\":\"Contenidos\"},\"datePublished\":\"2014-01-31T22:07:23+01:00\",\"dateModified\":\"2014-01-31T22:07:23+01:00\",\"inLanguage\":\"es-ES\",\"mainEntityOfPage\":{\"@id\":\"https:\\\/\\\/www.eldigitaldeasturias.com\\\/noticias\\\/el-ejercito-alerta-del-peligro-de-ruptura-en-ucrania\\\/#webpage\"},\"isPartOf\":{\"@id\":\"https:\\\/\\\/www.eldigitaldeasturias.com\\\/noticias\\\/el-ejercito-alerta-del-peligro-de-ruptura-en-ucrania\\\/#webpage\"},\"articleSection\":\"Actualidad\"},{\"@type\":\"BreadcrumbList\",\"@id\":\"https:\\\/\\\/www.eldigitaldeasturias.com\\\/noticias\\\/el-ejercito-alerta-del-peligro-de-ruptura-en-ucrania\\\/#breadcrumblist\",\"itemListElement\":[{\"@type\":\"ListItem\",\"@id\":\"https:\\\/\\\/www.eldigitaldeasturias.com\\\/noticias#listItem\",\"position\":1,\"name\":\"Home\",\"item\":\"https:\\\/\\\/www.eldigitaldeasturias.com\\\/noticias\",\"nextItem\":{\"@type\":\"ListItem\",\"@id\":\"https:\\\/\\\/www.eldigitaldeasturias.com\\\/noticias\\\/category\\\/actualidad\\\/#listItem\",\"name\":\"Actualidad\"}},{\"@type\":\"ListItem\",\"@id\":\"https:\\\/\\\/www.eldigitaldeasturias.com\\\/noticias\\\/category\\\/actualidad\\\/#listItem\",\"position\":2,\"name\":\"Actualidad\",\"item\":\"https:\\\/\\\/www.eldigitaldeasturias.com\\\/noticias\\\/category\\\/actualidad\\\/\",\"nextItem\":{\"@type\":\"ListItem\",\"@id\":\"https:\\\/\\\/www.eldigitaldeasturias.com\\\/noticias\\\/el-ejercito-alerta-del-peligro-de-ruptura-en-ucrania\\\/#listItem\",\"name\":\"El ej\\u00e9rcito alerta del peligro de ruptura en Ucrania\"},\"previousItem\":{\"@type\":\"ListItem\",\"@id\":\"https:\\\/\\\/www.eldigitaldeasturias.com\\\/noticias#listItem\",\"name\":\"Home\"}},{\"@type\":\"ListItem\",\"@id\":\"https:\\\/\\\/www.eldigitaldeasturias.com\\\/noticias\\\/el-ejercito-alerta-del-peligro-de-ruptura-en-ucrania\\\/#listItem\",\"position\":3,\"name\":\"El ej\\u00e9rcito alerta del peligro de ruptura en Ucrania\",\"previousItem\":{\"@type\":\"ListItem\",\"@id\":\"https:\\\/\\\/www.eldigitaldeasturias.com\\\/noticias\\\/category\\\/actualidad\\\/#listItem\",\"name\":\"Actualidad\"}}]},{\"@type\":\"Organization\",\"@id\":\"https:\\\/\\\/www.eldigitaldeasturias.com\\\/noticias\\\/#organization\",\"name\":\"El Digital de Asturias\",\"description\":\"Hemeroteca\",\"url\":\"https:\\\/\\\/www.eldigitaldeasturias.com\\\/noticias\\\/\",\"email\":\"info@eldigitaldeasturias.com\",\"telephone\":\"+34652131393\",\"logo\":{\"@type\":\"ImageObject\",\"url\":\"https:\\\/\\\/www.eldigitaldeasturias.com\\\/noticias\\\/wp-content\\\/uploads\\\/2020\\\/12\\\/EDA.jpg\",\"@id\":\"https:\\\/\\\/www.eldigitaldeasturias.com\\\/noticias\\\/el-ejercito-alerta-del-peligro-de-ruptura-en-ucrania\\\/#organizationLogo\"},\"image\":{\"@id\":\"https:\\\/\\\/www.eldigitaldeasturias.com\\\/noticias\\\/el-ejercito-alerta-del-peligro-de-ruptura-en-ucrania\\\/#organizationLogo\"},\"sameAs\":[\"https:\\\/\\\/facebook.com\\\/eldigitaldeasturias\",\"https:\\\/\\\/www.youtube.com\\\/channel\\\/UCZP-2wLEB9Rv6erhFmqVnvg\"],\"address\":{\"@id\":\"https:\\\/\\\/www.eldigitaldeasturias.com\\\/noticias\\\/#postaladdress\",\"@type\":\"PostalAddress\",\"streetAddress\":\"san antonio 4\",\"postalCode\":\"33430\",\"addressLocality\":\"Cand\\u00e1s\",\"addressRegion\":\"Asturias\",\"addressCountry\":\"ES\"}},{\"@type\":\"Person\",\"@id\":\"https:\\\/\\\/www.eldigitaldeasturias.com\\\/noticias\\\/author\\\/admin\\\/#author\",\"url\":\"https:\\\/\\\/www.eldigitaldeasturias.com\\\/noticias\\\/author\\\/admin\\\/\",\"name\":\"El Digital de Asturias\",\"image\":{\"@type\":\"ImageObject\",\"@id\":\"https:\\\/\\\/www.eldigitaldeasturias.com\\\/noticias\\\/el-ejercito-alerta-del-peligro-de-ruptura-en-ucrania\\\/#authorImage\",\"url\":\"https:\\\/\\\/secure.gravatar.com\\\/avatar\\\/df2aeffc32bcd13f8d26072ef8a91b623d677766deac7f97ca815868cd41bf5e?s=96&d=mm&r=g\",\"width\":96,\"height\":96,\"caption\":\"El Digital de Asturias\"}},{\"@type\":\"WebPage\",\"@id\":\"https:\\\/\\\/www.eldigitaldeasturias.com\\\/noticias\\\/el-ejercito-alerta-del-peligro-de-ruptura-en-ucrania\\\/#webpage\",\"url\":\"https:\\\/\\\/www.eldigitaldeasturias.com\\\/noticias\\\/el-ejercito-alerta-del-peligro-de-ruptura-en-ucrania\\\/\",\"name\":\"El ej\\u00e9rcito alerta del peligro de ruptura en Ucrania - El Digital de Asturias\",\"description\":\"Kiev, 31 ene (dpa) - El Ej\\u00e9rcito de Ucrania se pronunci\\u00f3 hoy por primera vez en el conflicto entre el gobierno y la oposici\\u00f3n, para alertar acerca del peligro de una secesi\\u00f3n del pa\\u00eds en caso de que la crisis siga escalando. La ocupaci\\u00f3n de edificios p\\u00fablicos por parte de los manifestantes es inaceptable, a\\u00f1ade\",\"inLanguage\":\"es-ES\",\"isPartOf\":{\"@id\":\"https:\\\/\\\/www.eldigitaldeasturias.com\\\/noticias\\\/#website\"},\"breadcrumb\":{\"@id\":\"https:\\\/\\\/www.eldigitaldeasturias.com\\\/noticias\\\/el-ejercito-alerta-del-peligro-de-ruptura-en-ucrania\\\/#breadcrumblist\"},\"author\":{\"@id\":\"https:\\\/\\\/www.eldigitaldeasturias.com\\\/noticias\\\/author\\\/admin\\\/#author\"},\"creator\":{\"@id\":\"https:\\\/\\\/www.eldigitaldeasturias.com\\\/noticias\\\/author\\\/admin\\\/#author\"},\"image\":{\"@type\":\"ImageObject\",\"url\":\"https:\\\/\\\/www.eldigitaldeasturias.com\\\/noticias\\\/wp-content\\\/uploads\\\/2026\\\/06\\\/Contenidos.jpg\",\"@id\":\"https:\\\/\\\/www.eldigitaldeasturias.com\\\/noticias\\\/el-ejercito-alerta-del-peligro-de-ruptura-en-ucrania\\\/#mainImage\",\"width\":1265,\"height\":697,\"caption\":\"Contenidos\"},\"primaryImageOfPage\":{\"@id\":\"https:\\\/\\\/www.eldigitaldeasturias.com\\\/noticias\\\/el-ejercito-alerta-del-peligro-de-ruptura-en-ucrania\\\/#mainImage\"},\"datePublished\":\"2014-01-31T22:07:23+01:00\",\"dateModified\":\"2014-01-31T22:07:23+01:00\"},{\"@type\":\"WebSite\",\"@id\":\"https:\\\/\\\/www.eldigitaldeasturias.com\\\/noticias\\\/#website\",\"url\":\"https:\\\/\\\/www.eldigitaldeasturias.com\\\/noticias\\\/\",\"name\":\"El Digital de Asturias - Diario de actualidad y noticias\",\"alternateName\":\"El Digital de Asturias - Diario de actualidad y noticias\",\"description\":\"Hemeroteca\",\"inLanguage\":\"es-ES\",\"publisher\":{\"@id\":\"https:\\\/\\\/www.eldigitaldeasturias.com\\\/noticias\\\/#organization\"}}]}\n\t\t<\/script>\n\t\t<!-- All in One SEO Pro -->\r\n\t\t<title>El ej\u00e9rcito alerta del peligro de ruptura en Ucrania - El Digital de Asturias<\/title>\n\n","aioseo_head_json":{"title":"El ej\u00e9rcito alerta del peligro de ruptura en Ucrania - El Digital de Asturias","description":"Kiev, 31 ene (dpa) - El Ej\u00e9rcito de Ucrania se pronunci\u00f3 hoy por primera vez en el conflicto entre el gobierno y la oposici\u00f3n, para alertar acerca del peligro de una secesi\u00f3n del pa\u00eds en caso de que la crisis siga escalando. La ocupaci\u00f3n de edificios p\u00fablicos por parte de los manifestantes es inaceptable, a\u00f1ade","canonical_url":"https:\/\/www.eldigitaldeasturias.com\/noticias\/el-ejercito-alerta-del-peligro-de-ruptura-en-ucrania\/","robots":"max-image-preview:large","keywords":"actualidad","webmasterTools":{"google-site-verification":"UA-38556648-1","msvalidate.01":"7dfe9f3f1b24437ab69f4f2559babe99","miscellaneous":""},"schema":{"@context":"https:\/\/schema.org","@graph":[{"@type":"BlogPosting","@id":"https:\/\/www.eldigitaldeasturias.com\/noticias\/el-ejercito-alerta-del-peligro-de-ruptura-en-ucrania\/#blogposting","name":"El ej\u00e9rcito alerta del peligro de ruptura en Ucrania - El Digital de Asturias","headline":"El ej\u00e9rcito alerta del peligro de ruptura en Ucrania","author":{"@id":"https:\/\/www.eldigitaldeasturias.com\/noticias\/author\/admin\/#author"},"publisher":{"@id":"https:\/\/www.eldigitaldeasturias.com\/noticias\/#organization"},"image":{"@type":"ImageObject","url":"https:\/\/www.eldigitaldeasturias.com\/noticias\/wp-content\/uploads\/2026\/06\/Contenidos.jpg","width":1265,"height":697,"caption":"Contenidos"},"datePublished":"2014-01-31T22:07:23+01:00","dateModified":"2014-01-31T22:07:23+01:00","inLanguage":"es-ES","mainEntityOfPage":{"@id":"https:\/\/www.eldigitaldeasturias.com\/noticias\/el-ejercito-alerta-del-peligro-de-ruptura-en-ucrania\/#webpage"},"isPartOf":{"@id":"https:\/\/www.eldigitaldeasturias.com\/noticias\/el-ejercito-alerta-del-peligro-de-ruptura-en-ucrania\/#webpage"},"articleSection":"Actualidad"},{"@type":"BreadcrumbList","@id":"https:\/\/www.eldigitaldeasturias.com\/noticias\/el-ejercito-alerta-del-peligro-de-ruptura-en-ucrania\/#breadcrumblist","itemListElement":[{"@type":"ListItem","@id":"https:\/\/www.eldigitaldeasturias.com\/noticias#listItem","position":1,"name":"Home","item":"https:\/\/www.eldigitaldeasturias.com\/noticias","nextItem":{"@type":"ListItem","@id":"https:\/\/www.eldigitaldeasturias.com\/noticias\/category\/actualidad\/#listItem","name":"Actualidad"}},{"@type":"ListItem","@id":"https:\/\/www.eldigitaldeasturias.com\/noticias\/category\/actualidad\/#listItem","position":2,"name":"Actualidad","item":"https:\/\/www.eldigitaldeasturias.com\/noticias\/category\/actualidad\/","nextItem":{"@type":"ListItem","@id":"https:\/\/www.eldigitaldeasturias.com\/noticias\/el-ejercito-alerta-del-peligro-de-ruptura-en-ucrania\/#listItem","name":"El ej\u00e9rcito alerta del peligro de ruptura en Ucrania"},"previousItem":{"@type":"ListItem","@id":"https:\/\/www.eldigitaldeasturias.com\/noticias#listItem","name":"Home"}},{"@type":"ListItem","@id":"https:\/\/www.eldigitaldeasturias.com\/noticias\/el-ejercito-alerta-del-peligro-de-ruptura-en-ucrania\/#listItem","position":3,"name":"El ej\u00e9rcito alerta del peligro de ruptura en Ucrania","previousItem":{"@type":"ListItem","@id":"https:\/\/www.eldigitaldeasturias.com\/noticias\/category\/actualidad\/#listItem","name":"Actualidad"}}]},{"@type":"Organization","@id":"https:\/\/www.eldigitaldeasturias.com\/noticias\/#organization","name":"El Digital de Asturias","description":"Hemeroteca","url":"https:\/\/www.eldigitaldeasturias.com\/noticias\/","email":"info@eldigitaldeasturias.com","telephone":"+34652131393","logo":{"@type":"ImageObject","url":"https:\/\/www.eldigitaldeasturias.com\/noticias\/wp-content\/uploads\/2020\/12\/EDA.jpg","@id":"https:\/\/www.eldigitaldeasturias.com\/noticias\/el-ejercito-alerta-del-peligro-de-ruptura-en-ucrania\/#organizationLogo"},"image":{"@id":"https:\/\/www.eldigitaldeasturias.com\/noticias\/el-ejercito-alerta-del-peligro-de-ruptura-en-ucrania\/#organizationLogo"},"sameAs":["https:\/\/facebook.com\/eldigitaldeasturias","https:\/\/www.youtube.com\/channel\/UCZP-2wLEB9Rv6erhFmqVnvg"],"address":{"@id":"https:\/\/www.eldigitaldeasturias.com\/noticias\/#postaladdress","@type":"PostalAddress","streetAddress":"san antonio 4","postalCode":"33430","addressLocality":"Cand\u00e1s","addressRegion":"Asturias","addressCountry":"ES"}},{"@type":"Person","@id":"https:\/\/www.eldigitaldeasturias.com\/noticias\/author\/admin\/#author","url":"https:\/\/www.eldigitaldeasturias.com\/noticias\/author\/admin\/","name":"El Digital de Asturias","image":{"@type":"ImageObject","@id":"https:\/\/www.eldigitaldeasturias.com\/noticias\/el-ejercito-alerta-del-peligro-de-ruptura-en-ucrania\/#authorImage","url":"https:\/\/secure.gravatar.com\/avatar\/df2aeffc32bcd13f8d26072ef8a91b623d677766deac7f97ca815868cd41bf5e?s=96&d=mm&r=g","width":96,"height":96,"caption":"El Digital de Asturias"}},{"@type":"WebPage","@id":"https:\/\/www.eldigitaldeasturias.com\/noticias\/el-ejercito-alerta-del-peligro-de-ruptura-en-ucrania\/#webpage","url":"https:\/\/www.eldigitaldeasturias.com\/noticias\/el-ejercito-alerta-del-peligro-de-ruptura-en-ucrania\/","name":"El ej\u00e9rcito alerta del peligro de ruptura en Ucrania - El Digital de Asturias","description":"Kiev, 31 ene (dpa) - El Ej\u00e9rcito de Ucrania se pronunci\u00f3 hoy por primera vez en el conflicto entre el gobierno y la oposici\u00f3n, para alertar acerca del peligro de una secesi\u00f3n del pa\u00eds en caso de que la crisis siga escalando. La ocupaci\u00f3n de edificios p\u00fablicos por parte de los manifestantes es inaceptable, a\u00f1ade","inLanguage":"es-ES","isPartOf":{"@id":"https:\/\/www.eldigitaldeasturias.com\/noticias\/#website"},"breadcrumb":{"@id":"https:\/\/www.eldigitaldeasturias.com\/noticias\/el-ejercito-alerta-del-peligro-de-ruptura-en-ucrania\/#breadcrumblist"},"author":{"@id":"https:\/\/www.eldigitaldeasturias.com\/noticias\/author\/admin\/#author"},"creator":{"@id":"https:\/\/www.eldigitaldeasturias.com\/noticias\/author\/admin\/#author"},"image":{"@type":"ImageObject","url":"https:\/\/www.eldigitaldeasturias.com\/noticias\/wp-content\/uploads\/2026\/06\/Contenidos.jpg","@id":"https:\/\/www.eldigitaldeasturias.com\/noticias\/el-ejercito-alerta-del-peligro-de-ruptura-en-ucrania\/#mainImage","width":1265,"height":697,"caption":"Contenidos"},"primaryImageOfPage":{"@id":"https:\/\/www.eldigitaldeasturias.com\/noticias\/el-ejercito-alerta-del-peligro-de-ruptura-en-ucrania\/#mainImage"},"datePublished":"2014-01-31T22:07:23+01:00","dateModified":"2014-01-31T22:07:23+01:00"},{"@type":"WebSite","@id":"https:\/\/www.eldigitaldeasturias.com\/noticias\/#website","url":"https:\/\/www.eldigitaldeasturias.com\/noticias\/","name":"El Digital de Asturias - Diario de actualidad y noticias","alternateName":"El Digital de Asturias - Diario de actualidad y noticias","description":"Hemeroteca","inLanguage":"es-ES","publisher":{"@id":"https:\/\/www.eldigitaldeasturias.com\/noticias\/#organization"}}]},"og:locale":"es_ES","og:site_name":"El Digital de Asturias","og:type":"article","og:title":"El ej\u00e9rcito alerta del peligro de ruptura en Ucrania - El Digital de Asturias","og:description":"Kiev, 31 ene (dpa) - El Ej\u00e9rcito de Ucrania se pronunci\u00f3 hoy por primera vez en el conflicto entre el gobierno y la oposici\u00f3n, para alertar acerca del peligro de una secesi\u00f3n del pa\u00eds en caso de que la crisis siga escalando. La ocupaci\u00f3n de edificios p\u00fablicos por parte de los manifestantes es inaceptable, a\u00f1ade","og:url":"https:\/\/www.eldigitaldeasturias.com\/noticias\/el-ejercito-alerta-del-peligro-de-ruptura-en-ucrania\/","og:image":"https:\/\/www.eldigitaldeasturias.com\/noticias\/wp-content\/uploads\/2026\/06\/Contenidos.jpg","og:image:secure_url":"https:\/\/www.eldigitaldeasturias.com\/noticias\/wp-content\/uploads\/2026\/06\/Contenidos.jpg","og:image:width":1265,"og:image:height":697,"article:tag":["actualidad"],"article:published_time":"2014-01-31T23:07:23+00:00","article:modified_time":"2014-01-31T23:07:23+00:00","article:publisher":"https:\/\/facebook.com\/eldigitaldeasturias","twitter:card":"summary_large_image","twitter:title":"El ej\u00e9rcito alerta del peligro de ruptura en Ucrania - El Digital de Asturias","twitter:description":"Kiev, 31 ene (dpa) - El Ej\u00e9rcito de Ucrania se pronunci\u00f3 hoy por primera vez en el conflicto entre el gobierno y la oposici\u00f3n, para alertar acerca del peligro de una secesi\u00f3n del pa\u00eds en caso de que la crisis siga escalando. La ocupaci\u00f3n de edificios p\u00fablicos por parte de los manifestantes es inaceptable, a\u00f1ade","twitter:image":"https:\/\/www.eldigitaldeasturias.com\/noticias\/wp-content\/uploads\/2026\/06\/Contenidos.jpg","twitter:label1":"Escrito por","twitter:data1":"El Digital de Asturias","twitter:label2":"Tiempo de lectura estimado","twitter:data2":"2 minutos"},"aioseo_meta_data":{"post_id":"481405","title":null,"description":null,"keywords":null,"keyphrases":null,"primary_term":null,"canonical_url":null,"og_title":null,"og_description":null,"og_object_type":"default","og_image_type":"default","og_image_url":null,"og_image_width":null,"og_image_height":null,"og_image_custom_url":null,"og_image_custom_fields":null,"og_video":null,"og_custom_url":null,"og_article_section":null,"og_article_tags":null,"twitter_use_og":true,"twitter_card":"default","twitter_image_type":"default","twitter_image_url":null,"twitter_image_custom_url":null,"twitter_image_custom_fields":null,"twitter_title":null,"twitter_description":null,"schema":{"blockGraphs":[],"customGraphs":[],"default":{"data":{"Article":[],"Course":[],"Dataset":[],"FAQPage":[],"Movie":[],"Person":[],"Product":[],"ProductReview":[],"Car":[],"Recipe":[],"Service":[],"SoftwareApplication":[],"WebPage":[]},"graphName":"","isEnabled":true},"graphs":[],"defaultGraph":"","defaultPostTypeGraph":""},"schema_type":null,"schema_type_options":null,"pillar_content":false,"robots_default":true,"robots_noindex":false,"robots_noarchive":false,"robots_nosnippet":false,"robots_nofollow":false,"robots_noimageindex":false,"robots_noodp":false,"robots_notranslate":false,"robots_max_snippet":null,"robots_max_videopreview":null,"robots_max_imagepreview":"none","priority":null,"frequency":null,"local_seo":null,"seo_analyzer_scan_date":"2026-06-02 06:39:50","breadcrumb_settings":null,"limit_modified_date":false,"open_ai":null,"ai":null,"created":"2020-11-14 22:54:20","updated":"2026-06-02 06:39:50","focus_keyword":null,"additional_keywords":null,"truseo_locale":null},"aioseo_breadcrumb":"<div class=\"aioseo-breadcrumbs\"><span class=\"aioseo-breadcrumb\">\n\t<a href=\"https:\/\/www.eldigitaldeasturias.com\/noticias\" title=\"Home\">Home<\/a>\n<\/span><span class=\"aioseo-breadcrumb-separator\">\u2013<\/span><span class=\"aioseo-breadcrumb\">\n\t<a href=\"https:\/\/www.eldigitaldeasturias.com\/noticias\/category\/actualidad\/\" title=\"Actualidad\">Actualidad<\/a>\n<\/span><span class=\"aioseo-breadcrumb-separator\">\u2013<\/span><span class=\"aioseo-breadcrumb\">\n\t<a href=\"https:\/\/www.eldigitaldeasturias.com\/noticias\/el-ejercito-alerta-del-peligro-de-ruptura-en-ucrania\/\" title=\"El ej\u00e9rcito alerta del peligro de ruptura en Ucrania\">El ej\u00e9rcito alerta del peligro de ruptura en Ucrania<\/a>\n<\/span><\/div>","aioseo_breadcrumb_json":[{"label":"Home","link":"https:\/\/www.eldigitaldeasturias.com\/noticias"},{"label":"Actualidad","link":"https:\/\/www.eldigitaldeasturias.com\/noticias\/category\/actualidad\/"},{"label":"El ej\u00e9rcito alerta del peligro de ruptura en Ucrania","link":"https:\/\/www.eldigitaldeasturias.com\/noticias\/el-ejercito-alerta-del-peligro-de-ruptura-en-ucrania\/"}],"_links":{"self":[{"href":"https:\/\/www.eldigitaldeasturias.com\/noticias\/wp-json\/wp\/v2\/posts\/481405","targetHints":{"allow":["GET"]}}],"collection":[{"href":"https:\/\/www.eldigitaldeasturias.com\/noticias\/wp-json\/wp\/v2\/posts"}],"about":[{"href":"https:\/\/www.eldigitaldeasturias.com\/noticias\/wp-json\/wp\/v2\/types\/post"}],"author":[{"embeddable":true,"href":"https:\/\/www.eldigitaldeasturias.com\/noticias\/wp-json\/wp\/v2\/users\/1"}],"replies":[{"embeddable":true,"href":"https:\/\/www.eldigitaldeasturias.com\/noticias\/wp-json\/wp\/v2\/comments?post=481405"}],"version-history":[{"count":0,"href":"https:\/\/www.eldigitaldeasturias.com\/noticias\/wp-json\/wp\/v2\/posts\/481405\/revisions"}],"wp:featuredmedia":[{"embeddable":true,"href":"https:\/\/www.eldigitaldeasturias.com\/noticias\/wp-json\/wp\/v2\/media\/1132184"}],"wp:attachment":[{"href":"https:\/\/www.eldigitaldeasturias.com\/noticias\/wp-json\/wp\/v2\/media?parent=481405"}],"wp:term":[{"taxonomy":"category","embeddable":true,"href":"https:\/\/www.eldigitaldeasturias.com\/noticias\/wp-json\/wp\/v2\/categories?post=481405"},{"taxonomy":"post_tag","embeddable":true,"href":"https:\/\/www.eldigitaldeasturias.com\/noticias\/wp-json\/wp\/v2\/tags?post=481405"}],"curies":[{"name":"wp","href":"https:\/\/api.w.org\/{rel}","templated":true}]}}