{"id":481397,"date":"2014-01-31T22:00:19","date_gmt":"2014-01-31T23:00:19","guid":{"rendered":"http:\/\/www.eldigitaldeasturias.com\/noticias\/?p=481397"},"modified":"2014-01-31T22:00:19","modified_gmt":"2014-01-31T23:00:19","slug":"kerry-aterriza-en-berlin-en-el-marco-de-su-visita-oficial-a-alemania","status":"publish","type":"post","link":"https:\/\/www.eldigitaldeasturias.com\/noticias\/kerry-aterriza-en-berlin-en-el-marco-de-su-visita-oficial-a-alemania\/","title":{"rendered":"Kerry aterriza en Berl\u00edn en el marco de su visita oficial a Alemania"},"content":{"rendered":"<p><img loading=\"lazy\" decoding=\"async\" class=\"alignleft size-medium wp-image-481246\" alt=\"5896269w\" src=\"https:\/\/www.eldigitaldeasturias.com\/noticias\/wp-content\/uploads\/2014\/01\/5896269w-360x239.jpg\" width=\"360\" height=\"239\" \/>Berl\u00edn, 31 ene (dpa) &#8211; El secretario de Estado norteamericano, John Kerry, aterriz\u00f3 hoy en Berl\u00edn en el marco de su visita oficial a Alemania, donde se reunir\u00e1 con su hom\u00f3logo alem\u00e1n, Frank-Walter Steinmeier, y la canciller alemana, Angela Merkel.<\/p>\n<p>Kerry fue recibido por Steinmeier en la parte militar del aeropuerto berlin\u00e9s de Tegel, donde despu\u00e9s de reunirse dar\u00e1n una rueda de prensa conjunta.<\/p>\n<p>A primera hora de la tarde est\u00e1 prevista una reuni\u00f3n con la canciller alemana, Angela Merkel, cuyo m\u00f3vil fue supuestamente pinchado durante a\u00f1os por los servicios secretos estadounidenses.<\/p>\n<p>El esc\u00e1ndalo del espionaje a la c\u00fapula pol\u00edtica alemana y a sus ciudadanos provoc\u00f3 que las relaciones entre los dos pa\u00edses se tensaran en los \u00faltimos meses.<\/p>\n<p>La visita de Kerry es la primera de un alto cargo estadounidense desde que saliera a la luz el presunto espionaje a la mandataria alemana.<\/p>\n<p>El fin de semana, Kerry participar\u00e1 en la 50 edici\u00f3n de la Conferencia de Seguridad de M\u00fanich, donde sin duda el espionaje de la Agencia Nacional de Seguridad (NSA) de Estados Unidos jugar\u00e1 un papel importante.<\/p>\n","protected":false},"excerpt":{"rendered":"<p>Berl\u00edn, 31 ene (dpa) &#8211; El secretario de Estado norteamericano, John Kerry, aterriz\u00f3 hoy en Berl\u00edn en el marco de su visita oficial a Alemania, donde se reunir\u00e1 con su hom\u00f3logo alem\u00e1n, Frank-Walter Steinmeier, y la canciller alemana, Angela Merkel. Kerry fue recibido por Steinmeier en la parte militar del aeropuerto berlin\u00e9s de Tegel, donde [&hellip;]<\/p>\n","protected":false},"author":1,"featured_media":1132184,"comment_status":"closed","ping_status":"open","sticky":false,"template":"","format":"standard","meta":{"footnotes":""},"categories":[1],"tags":[],"class_list":["post-481397","post","type-post","status-publish","format-standard","has-post-thumbnail","hentry","category-actualidad"],"aioseo_notices":[],"aioseo_head":"\n\t\t<!-- All in One SEO Pro 5.0.1 - aioseo.com -->\n\t<meta name=\"description\" content=\"Berl\u00edn, 31 ene (dpa) - El secretario de Estado norteamericano, John Kerry, aterriz\u00f3 hoy en Berl\u00edn en el marco de su visita oficial a Alemania, donde se reunir\u00e1 con su hom\u00f3logo alem\u00e1n, Frank-Walter Steinmeier, y la canciller alemana, Angela Merkel. Kerry fue recibido por Steinmeier en la parte militar del aeropuerto berlin\u00e9s de Tegel, donde\" \/>\n\t<meta name=\"robots\" content=\"max-image-preview:large\" \/>\n\t<meta name=\"author\" content=\"El Digital de Asturias\"\/>\n\t<meta name=\"google-site-verification\" content=\"UA-38556648-1\" \/>\n\t<meta name=\"msvalidate.01\" content=\"7dfe9f3f1b24437ab69f4f2559babe99\" \/>\n\t<meta name=\"keywords\" content=\"actualidad\" \/>\n\t<link rel=\"canonical\" href=\"https:\/\/www.eldigitaldeasturias.com\/noticias\/kerry-aterriza-en-berlin-en-el-marco-de-su-visita-oficial-a-alemania\/\" \/>\n\t<meta name=\"generator\" content=\"All in One SEO Pro (AIOSEO) 5.0.1\" \/>\n\t\t<meta property=\"og:locale\" content=\"es_ES\" \/>\n\t\t<meta property=\"og:site_name\" content=\"El Digital de Asturias\" \/>\n\t\t<meta property=\"og:type\" content=\"article\" \/>\n\t\t<meta property=\"og:title\" content=\"Kerry aterriza en Berl\u00edn en el marco de su visita oficial a Alemania - El Digital de Asturias\" \/>\n\t\t<meta property=\"og:description\" content=\"Berl\u00edn, 31 ene (dpa) - El secretario de Estado norteamericano, John Kerry, aterriz\u00f3 hoy en Berl\u00edn en el marco de su visita oficial a Alemania, donde se reunir\u00e1 con su hom\u00f3logo alem\u00e1n, Frank-Walter Steinmeier, y la canciller alemana, Angela Merkel. Kerry fue recibido por Steinmeier en la parte militar del aeropuerto berlin\u00e9s de Tegel, donde\" \/>\n\t\t<meta property=\"og:url\" content=\"https:\/\/www.eldigitaldeasturias.com\/noticias\/kerry-aterriza-en-berlin-en-el-marco-de-su-visita-oficial-a-alemania\/\" \/>\n\t\t<meta property=\"og:image\" content=\"https:\/\/www.eldigitaldeasturias.com\/noticias\/wp-content\/uploads\/2026\/06\/Contenidos.jpg\" \/>\n\t\t<meta property=\"og:image:secure_url\" content=\"https:\/\/www.eldigitaldeasturias.com\/noticias\/wp-content\/uploads\/2026\/06\/Contenidos.jpg\" \/>\n\t\t<meta property=\"og:image:width\" content=\"1265\" \/>\n\t\t<meta property=\"og:image:height\" content=\"697\" \/>\n\t\t<meta property=\"article:tag\" content=\"actualidad\" \/>\n\t\t<meta property=\"article:published_time\" content=\"2014-01-31T23:00:19+00:00\" \/>\n\t\t<meta property=\"article:modified_time\" content=\"2014-01-31T23:00:19+00:00\" \/>\n\t\t<meta property=\"article:publisher\" content=\"https:\/\/facebook.com\/eldigitaldeasturias\" \/>\n\t\t<meta name=\"twitter:card\" content=\"summary_large_image\" \/>\n\t\t<meta name=\"twitter:title\" content=\"Kerry aterriza en Berl\u00edn en el marco de su visita oficial a Alemania - El Digital de Asturias\" \/>\n\t\t<meta name=\"twitter:description\" content=\"Berl\u00edn, 31 ene (dpa) - El secretario de Estado norteamericano, John Kerry, aterriz\u00f3 hoy en Berl\u00edn en el marco de su visita oficial a Alemania, donde se reunir\u00e1 con su hom\u00f3logo alem\u00e1n, Frank-Walter Steinmeier, y la canciller alemana, Angela Merkel. Kerry fue recibido por Steinmeier en la parte militar del aeropuerto berlin\u00e9s de Tegel, donde\" \/>\n\t\t<meta name=\"twitter:image\" content=\"https:\/\/www.eldigitaldeasturias.com\/noticias\/wp-content\/uploads\/2026\/06\/Contenidos.jpg\" \/>\n\t\t<meta name=\"twitter:label1\" content=\"Escrito por\" \/>\n\t\t<meta name=\"twitter:data1\" content=\"El Digital de Asturias\" \/>\n\t\t<meta name=\"twitter:label2\" content=\"Tiempo de lectura estimado\" \/>\n\t\t<meta name=\"twitter:data2\" content=\"1 minuto\" \/>\n\t\t<script type=\"application\/ld+json\" class=\"aioseo-schema\">\n\t\t\t{\"@context\":\"https:\\\/\\\/schema.org\",\"@graph\":[{\"@type\":\"BlogPosting\",\"@id\":\"https:\\\/\\\/www.eldigitaldeasturias.com\\\/noticias\\\/kerry-aterriza-en-berlin-en-el-marco-de-su-visita-oficial-a-alemania\\\/#blogposting\",\"name\":\"Kerry aterriza en Berl\\u00edn en el marco de su visita oficial a Alemania - El Digital de Asturias\",\"headline\":\"Kerry aterriza en Berl\\u00edn en el marco de su visita oficial a Alemania\",\"author\":{\"@id\":\"https:\\\/\\\/www.eldigitaldeasturias.com\\\/noticias\\\/author\\\/admin\\\/#author\"},\"publisher\":{\"@id\":\"https:\\\/\\\/www.eldigitaldeasturias.com\\\/noticias\\\/#organization\"},\"image\":{\"@type\":\"ImageObject\",\"url\":\"https:\\\/\\\/www.eldigitaldeasturias.com\\\/noticias\\\/wp-content\\\/uploads\\\/2026\\\/06\\\/Contenidos.jpg\",\"width\":1265,\"height\":697,\"caption\":\"Contenidos\"},\"datePublished\":\"2014-01-31T22:00:19+01:00\",\"dateModified\":\"2014-01-31T22:00:19+01:00\",\"inLanguage\":\"es-ES\",\"mainEntityOfPage\":{\"@id\":\"https:\\\/\\\/www.eldigitaldeasturias.com\\\/noticias\\\/kerry-aterriza-en-berlin-en-el-marco-de-su-visita-oficial-a-alemania\\\/#webpage\"},\"isPartOf\":{\"@id\":\"https:\\\/\\\/www.eldigitaldeasturias.com\\\/noticias\\\/kerry-aterriza-en-berlin-en-el-marco-de-su-visita-oficial-a-alemania\\\/#webpage\"},\"articleSection\":\"Actualidad\"},{\"@type\":\"BreadcrumbList\",\"@id\":\"https:\\\/\\\/www.eldigitaldeasturias.com\\\/noticias\\\/kerry-aterriza-en-berlin-en-el-marco-de-su-visita-oficial-a-alemania\\\/#breadcrumblist\",\"itemListElement\":[{\"@type\":\"ListItem\",\"@id\":\"https:\\\/\\\/www.eldigitaldeasturias.com\\\/noticias#listItem\",\"position\":1,\"name\":\"Home\",\"item\":\"https:\\\/\\\/www.eldigitaldeasturias.com\\\/noticias\",\"nextItem\":{\"@type\":\"ListItem\",\"@id\":\"https:\\\/\\\/www.eldigitaldeasturias.com\\\/noticias\\\/category\\\/actualidad\\\/#listItem\",\"name\":\"Actualidad\"}},{\"@type\":\"ListItem\",\"@id\":\"https:\\\/\\\/www.eldigitaldeasturias.com\\\/noticias\\\/category\\\/actualidad\\\/#listItem\",\"position\":2,\"name\":\"Actualidad\",\"item\":\"https:\\\/\\\/www.eldigitaldeasturias.com\\\/noticias\\\/category\\\/actualidad\\\/\",\"nextItem\":{\"@type\":\"ListItem\",\"@id\":\"https:\\\/\\\/www.eldigitaldeasturias.com\\\/noticias\\\/kerry-aterriza-en-berlin-en-el-marco-de-su-visita-oficial-a-alemania\\\/#listItem\",\"name\":\"Kerry aterriza en Berl\\u00edn en el marco de su visita oficial a Alemania\"},\"previousItem\":{\"@type\":\"ListItem\",\"@id\":\"https:\\\/\\\/www.eldigitaldeasturias.com\\\/noticias#listItem\",\"name\":\"Home\"}},{\"@type\":\"ListItem\",\"@id\":\"https:\\\/\\\/www.eldigitaldeasturias.com\\\/noticias\\\/kerry-aterriza-en-berlin-en-el-marco-de-su-visita-oficial-a-alemania\\\/#listItem\",\"position\":3,\"name\":\"Kerry aterriza en Berl\\u00edn en el marco de su visita oficial a Alemania\",\"previousItem\":{\"@type\":\"ListItem\",\"@id\":\"https:\\\/\\\/www.eldigitaldeasturias.com\\\/noticias\\\/category\\\/actualidad\\\/#listItem\",\"name\":\"Actualidad\"}}]},{\"@type\":\"Organization\",\"@id\":\"https:\\\/\\\/www.eldigitaldeasturias.com\\\/noticias\\\/#organization\",\"name\":\"El Digital de Asturias\",\"description\":\"Hemeroteca\",\"url\":\"https:\\\/\\\/www.eldigitaldeasturias.com\\\/noticias\\\/\",\"email\":\"info@eldigitaldeasturias.com\",\"telephone\":\"+34652131393\",\"logo\":{\"@type\":\"ImageObject\",\"url\":\"https:\\\/\\\/www.eldigitaldeasturias.com\\\/noticias\\\/wp-content\\\/uploads\\\/2020\\\/12\\\/EDA.jpg\",\"@id\":\"https:\\\/\\\/www.eldigitaldeasturias.com\\\/noticias\\\/kerry-aterriza-en-berlin-en-el-marco-de-su-visita-oficial-a-alemania\\\/#organizationLogo\"},\"image\":{\"@id\":\"https:\\\/\\\/www.eldigitaldeasturias.com\\\/noticias\\\/kerry-aterriza-en-berlin-en-el-marco-de-su-visita-oficial-a-alemania\\\/#organizationLogo\"},\"sameAs\":[\"https:\\\/\\\/facebook.com\\\/eldigitaldeasturias\",\"https:\\\/\\\/www.youtube.com\\\/channel\\\/UCZP-2wLEB9Rv6erhFmqVnvg\"],\"address\":{\"@id\":\"https:\\\/\\\/www.eldigitaldeasturias.com\\\/noticias\\\/#postaladdress\",\"@type\":\"PostalAddress\",\"streetAddress\":\"san antonio 4\",\"postalCode\":\"33430\",\"addressLocality\":\"Cand\\u00e1s\",\"addressRegion\":\"Asturias\",\"addressCountry\":\"ES\"}},{\"@type\":\"Person\",\"@id\":\"https:\\\/\\\/www.eldigitaldeasturias.com\\\/noticias\\\/author\\\/admin\\\/#author\",\"url\":\"https:\\\/\\\/www.eldigitaldeasturias.com\\\/noticias\\\/author\\\/admin\\\/\",\"name\":\"El Digital de Asturias\",\"image\":{\"@type\":\"ImageObject\",\"@id\":\"https:\\\/\\\/www.eldigitaldeasturias.com\\\/noticias\\\/kerry-aterriza-en-berlin-en-el-marco-de-su-visita-oficial-a-alemania\\\/#authorImage\",\"url\":\"https:\\\/\\\/secure.gravatar.com\\\/avatar\\\/df2aeffc32bcd13f8d26072ef8a91b623d677766deac7f97ca815868cd41bf5e?s=96&d=mm&r=g\",\"width\":96,\"height\":96,\"caption\":\"El Digital de Asturias\"}},{\"@type\":\"WebPage\",\"@id\":\"https:\\\/\\\/www.eldigitaldeasturias.com\\\/noticias\\\/kerry-aterriza-en-berlin-en-el-marco-de-su-visita-oficial-a-alemania\\\/#webpage\",\"url\":\"https:\\\/\\\/www.eldigitaldeasturias.com\\\/noticias\\\/kerry-aterriza-en-berlin-en-el-marco-de-su-visita-oficial-a-alemania\\\/\",\"name\":\"Kerry aterriza en Berl\\u00edn en el marco de su visita oficial a Alemania - El Digital de Asturias\",\"description\":\"Berl\\u00edn, 31 ene (dpa) - El secretario de Estado norteamericano, John Kerry, aterriz\\u00f3 hoy en Berl\\u00edn en el marco de su visita oficial a Alemania, donde se reunir\\u00e1 con su hom\\u00f3logo alem\\u00e1n, Frank-Walter Steinmeier, y la canciller alemana, Angela Merkel. Kerry fue recibido por Steinmeier en la parte militar del aeropuerto berlin\\u00e9s de Tegel, donde\",\"inLanguage\":\"es-ES\",\"isPartOf\":{\"@id\":\"https:\\\/\\\/www.eldigitaldeasturias.com\\\/noticias\\\/#website\"},\"breadcrumb\":{\"@id\":\"https:\\\/\\\/www.eldigitaldeasturias.com\\\/noticias\\\/kerry-aterriza-en-berlin-en-el-marco-de-su-visita-oficial-a-alemania\\\/#breadcrumblist\"},\"author\":{\"@id\":\"https:\\\/\\\/www.eldigitaldeasturias.com\\\/noticias\\\/author\\\/admin\\\/#author\"},\"creator\":{\"@id\":\"https:\\\/\\\/www.eldigitaldeasturias.com\\\/noticias\\\/author\\\/admin\\\/#author\"},\"image\":{\"@type\":\"ImageObject\",\"url\":\"https:\\\/\\\/www.eldigitaldeasturias.com\\\/noticias\\\/wp-content\\\/uploads\\\/2026\\\/06\\\/Contenidos.jpg\",\"@id\":\"https:\\\/\\\/www.eldigitaldeasturias.com\\\/noticias\\\/kerry-aterriza-en-berlin-en-el-marco-de-su-visita-oficial-a-alemania\\\/#mainImage\",\"width\":1265,\"height\":697,\"caption\":\"Contenidos\"},\"primaryImageOfPage\":{\"@id\":\"https:\\\/\\\/www.eldigitaldeasturias.com\\\/noticias\\\/kerry-aterriza-en-berlin-en-el-marco-de-su-visita-oficial-a-alemania\\\/#mainImage\"},\"datePublished\":\"2014-01-31T22:00:19+01:00\",\"dateModified\":\"2014-01-31T22:00:19+01:00\"},{\"@type\":\"WebSite\",\"@id\":\"https:\\\/\\\/www.eldigitaldeasturias.com\\\/noticias\\\/#website\",\"url\":\"https:\\\/\\\/www.eldigitaldeasturias.com\\\/noticias\\\/\",\"name\":\"El Digital de Asturias - Diario de actualidad y noticias\",\"alternateName\":\"El Digital de Asturias - Diario de actualidad y noticias\",\"description\":\"Hemeroteca\",\"inLanguage\":\"es-ES\",\"publisher\":{\"@id\":\"https:\\\/\\\/www.eldigitaldeasturias.com\\\/noticias\\\/#organization\"}}]}\n\t\t<\/script>\n\t\t<!-- All in One SEO Pro -->\r\n\t\t<title>Kerry aterriza en Berl\u00edn en el marco de su visita oficial a Alemania - El Digital de Asturias<\/title>\n\n","aioseo_head_json":{"title":"Kerry aterriza en Berl\u00edn en el marco de su visita oficial a Alemania - El Digital de Asturias","description":"Berl\u00edn, 31 ene (dpa) - El secretario de Estado norteamericano, John Kerry, aterriz\u00f3 hoy en Berl\u00edn en el marco de su visita oficial a Alemania, donde se reunir\u00e1 con su hom\u00f3logo alem\u00e1n, Frank-Walter Steinmeier, y la canciller alemana, Angela Merkel. Kerry fue recibido por Steinmeier en la parte militar del aeropuerto berlin\u00e9s de Tegel, donde","canonical_url":"https:\/\/www.eldigitaldeasturias.com\/noticias\/kerry-aterriza-en-berlin-en-el-marco-de-su-visita-oficial-a-alemania\/","robots":"max-image-preview:large","keywords":"actualidad","webmasterTools":{"google-site-verification":"UA-38556648-1","msvalidate.01":"7dfe9f3f1b24437ab69f4f2559babe99","miscellaneous":""},"schema":{"@context":"https:\/\/schema.org","@graph":[{"@type":"BlogPosting","@id":"https:\/\/www.eldigitaldeasturias.com\/noticias\/kerry-aterriza-en-berlin-en-el-marco-de-su-visita-oficial-a-alemania\/#blogposting","name":"Kerry aterriza en Berl\u00edn en el marco de su visita oficial a Alemania - El Digital de Asturias","headline":"Kerry aterriza en Berl\u00edn en el marco de su visita oficial a Alemania","author":{"@id":"https:\/\/www.eldigitaldeasturias.com\/noticias\/author\/admin\/#author"},"publisher":{"@id":"https:\/\/www.eldigitaldeasturias.com\/noticias\/#organization"},"image":{"@type":"ImageObject","url":"https:\/\/www.eldigitaldeasturias.com\/noticias\/wp-content\/uploads\/2026\/06\/Contenidos.jpg","width":1265,"height":697,"caption":"Contenidos"},"datePublished":"2014-01-31T22:00:19+01:00","dateModified":"2014-01-31T22:00:19+01:00","inLanguage":"es-ES","mainEntityOfPage":{"@id":"https:\/\/www.eldigitaldeasturias.com\/noticias\/kerry-aterriza-en-berlin-en-el-marco-de-su-visita-oficial-a-alemania\/#webpage"},"isPartOf":{"@id":"https:\/\/www.eldigitaldeasturias.com\/noticias\/kerry-aterriza-en-berlin-en-el-marco-de-su-visita-oficial-a-alemania\/#webpage"},"articleSection":"Actualidad"},{"@type":"BreadcrumbList","@id":"https:\/\/www.eldigitaldeasturias.com\/noticias\/kerry-aterriza-en-berlin-en-el-marco-de-su-visita-oficial-a-alemania\/#breadcrumblist","itemListElement":[{"@type":"ListItem","@id":"https:\/\/www.eldigitaldeasturias.com\/noticias#listItem","position":1,"name":"Home","item":"https:\/\/www.eldigitaldeasturias.com\/noticias","nextItem":{"@type":"ListItem","@id":"https:\/\/www.eldigitaldeasturias.com\/noticias\/category\/actualidad\/#listItem","name":"Actualidad"}},{"@type":"ListItem","@id":"https:\/\/www.eldigitaldeasturias.com\/noticias\/category\/actualidad\/#listItem","position":2,"name":"Actualidad","item":"https:\/\/www.eldigitaldeasturias.com\/noticias\/category\/actualidad\/","nextItem":{"@type":"ListItem","@id":"https:\/\/www.eldigitaldeasturias.com\/noticias\/kerry-aterriza-en-berlin-en-el-marco-de-su-visita-oficial-a-alemania\/#listItem","name":"Kerry aterriza en Berl\u00edn en el marco de su visita oficial a Alemania"},"previousItem":{"@type":"ListItem","@id":"https:\/\/www.eldigitaldeasturias.com\/noticias#listItem","name":"Home"}},{"@type":"ListItem","@id":"https:\/\/www.eldigitaldeasturias.com\/noticias\/kerry-aterriza-en-berlin-en-el-marco-de-su-visita-oficial-a-alemania\/#listItem","position":3,"name":"Kerry aterriza en Berl\u00edn en el marco de su visita oficial a Alemania","previousItem":{"@type":"ListItem","@id":"https:\/\/www.eldigitaldeasturias.com\/noticias\/category\/actualidad\/#listItem","name":"Actualidad"}}]},{"@type":"Organization","@id":"https:\/\/www.eldigitaldeasturias.com\/noticias\/#organization","name":"El Digital de Asturias","description":"Hemeroteca","url":"https:\/\/www.eldigitaldeasturias.com\/noticias\/","email":"info@eldigitaldeasturias.com","telephone":"+34652131393","logo":{"@type":"ImageObject","url":"https:\/\/www.eldigitaldeasturias.com\/noticias\/wp-content\/uploads\/2020\/12\/EDA.jpg","@id":"https:\/\/www.eldigitaldeasturias.com\/noticias\/kerry-aterriza-en-berlin-en-el-marco-de-su-visita-oficial-a-alemania\/#organizationLogo"},"image":{"@id":"https:\/\/www.eldigitaldeasturias.com\/noticias\/kerry-aterriza-en-berlin-en-el-marco-de-su-visita-oficial-a-alemania\/#organizationLogo"},"sameAs":["https:\/\/facebook.com\/eldigitaldeasturias","https:\/\/www.youtube.com\/channel\/UCZP-2wLEB9Rv6erhFmqVnvg"],"address":{"@id":"https:\/\/www.eldigitaldeasturias.com\/noticias\/#postaladdress","@type":"PostalAddress","streetAddress":"san antonio 4","postalCode":"33430","addressLocality":"Cand\u00e1s","addressRegion":"Asturias","addressCountry":"ES"}},{"@type":"Person","@id":"https:\/\/www.eldigitaldeasturias.com\/noticias\/author\/admin\/#author","url":"https:\/\/www.eldigitaldeasturias.com\/noticias\/author\/admin\/","name":"El Digital de Asturias","image":{"@type":"ImageObject","@id":"https:\/\/www.eldigitaldeasturias.com\/noticias\/kerry-aterriza-en-berlin-en-el-marco-de-su-visita-oficial-a-alemania\/#authorImage","url":"https:\/\/secure.gravatar.com\/avatar\/df2aeffc32bcd13f8d26072ef8a91b623d677766deac7f97ca815868cd41bf5e?s=96&d=mm&r=g","width":96,"height":96,"caption":"El Digital de Asturias"}},{"@type":"WebPage","@id":"https:\/\/www.eldigitaldeasturias.com\/noticias\/kerry-aterriza-en-berlin-en-el-marco-de-su-visita-oficial-a-alemania\/#webpage","url":"https:\/\/www.eldigitaldeasturias.com\/noticias\/kerry-aterriza-en-berlin-en-el-marco-de-su-visita-oficial-a-alemania\/","name":"Kerry aterriza en Berl\u00edn en el marco de su visita oficial a Alemania - El Digital de Asturias","description":"Berl\u00edn, 31 ene (dpa) - El secretario de Estado norteamericano, John Kerry, aterriz\u00f3 hoy en Berl\u00edn en el marco de su visita oficial a Alemania, donde se reunir\u00e1 con su hom\u00f3logo alem\u00e1n, Frank-Walter Steinmeier, y la canciller alemana, Angela Merkel. Kerry fue recibido por Steinmeier en la parte militar del aeropuerto berlin\u00e9s de Tegel, donde","inLanguage":"es-ES","isPartOf":{"@id":"https:\/\/www.eldigitaldeasturias.com\/noticias\/#website"},"breadcrumb":{"@id":"https:\/\/www.eldigitaldeasturias.com\/noticias\/kerry-aterriza-en-berlin-en-el-marco-de-su-visita-oficial-a-alemania\/#breadcrumblist"},"author":{"@id":"https:\/\/www.eldigitaldeasturias.com\/noticias\/author\/admin\/#author"},"creator":{"@id":"https:\/\/www.eldigitaldeasturias.com\/noticias\/author\/admin\/#author"},"image":{"@type":"ImageObject","url":"https:\/\/www.eldigitaldeasturias.com\/noticias\/wp-content\/uploads\/2026\/06\/Contenidos.jpg","@id":"https:\/\/www.eldigitaldeasturias.com\/noticias\/kerry-aterriza-en-berlin-en-el-marco-de-su-visita-oficial-a-alemania\/#mainImage","width":1265,"height":697,"caption":"Contenidos"},"primaryImageOfPage":{"@id":"https:\/\/www.eldigitaldeasturias.com\/noticias\/kerry-aterriza-en-berlin-en-el-marco-de-su-visita-oficial-a-alemania\/#mainImage"},"datePublished":"2014-01-31T22:00:19+01:00","dateModified":"2014-01-31T22:00:19+01:00"},{"@type":"WebSite","@id":"https:\/\/www.eldigitaldeasturias.com\/noticias\/#website","url":"https:\/\/www.eldigitaldeasturias.com\/noticias\/","name":"El Digital de Asturias - Diario de actualidad y noticias","alternateName":"El Digital de Asturias - Diario de actualidad y noticias","description":"Hemeroteca","inLanguage":"es-ES","publisher":{"@id":"https:\/\/www.eldigitaldeasturias.com\/noticias\/#organization"}}]},"og:locale":"es_ES","og:site_name":"El Digital de Asturias","og:type":"article","og:title":"Kerry aterriza en Berl\u00edn en el marco de su visita oficial a Alemania - El Digital de Asturias","og:description":"Berl\u00edn, 31 ene (dpa) - El secretario de Estado norteamericano, John Kerry, aterriz\u00f3 hoy en Berl\u00edn en el marco de su visita oficial a Alemania, donde se reunir\u00e1 con su hom\u00f3logo alem\u00e1n, Frank-Walter Steinmeier, y la canciller alemana, Angela Merkel. Kerry fue recibido por Steinmeier en la parte militar del aeropuerto berlin\u00e9s de Tegel, donde","og:url":"https:\/\/www.eldigitaldeasturias.com\/noticias\/kerry-aterriza-en-berlin-en-el-marco-de-su-visita-oficial-a-alemania\/","og:image":"https:\/\/www.eldigitaldeasturias.com\/noticias\/wp-content\/uploads\/2026\/06\/Contenidos.jpg","og:image:secure_url":"https:\/\/www.eldigitaldeasturias.com\/noticias\/wp-content\/uploads\/2026\/06\/Contenidos.jpg","og:image:width":1265,"og:image:height":697,"article:tag":["actualidad"],"article:published_time":"2014-01-31T23:00:19+00:00","article:modified_time":"2014-01-31T23:00:19+00:00","article:publisher":"https:\/\/facebook.com\/eldigitaldeasturias","twitter:card":"summary_large_image","twitter:title":"Kerry aterriza en Berl\u00edn en el marco de su visita oficial a Alemania - El Digital de Asturias","twitter:description":"Berl\u00edn, 31 ene (dpa) - El secretario de Estado norteamericano, John Kerry, aterriz\u00f3 hoy en Berl\u00edn en el marco de su visita oficial a Alemania, donde se reunir\u00e1 con su hom\u00f3logo alem\u00e1n, Frank-Walter Steinmeier, y la canciller alemana, Angela Merkel. Kerry fue recibido por Steinmeier en la parte militar del aeropuerto berlin\u00e9s de Tegel, donde","twitter:image":"https:\/\/www.eldigitaldeasturias.com\/noticias\/wp-content\/uploads\/2026\/06\/Contenidos.jpg","twitter:label1":"Escrito por","twitter:data1":"El Digital de Asturias","twitter:label2":"Tiempo de lectura estimado","twitter:data2":"1 minuto"},"aioseo_meta_data":{"post_id":"481397","title":null,"description":null,"keywords":null,"keyphrases":null,"primary_term":null,"canonical_url":null,"og_title":null,"og_description":null,"og_object_type":"default","og_image_type":"default","og_image_url":null,"og_image_width":null,"og_image_height":null,"og_image_custom_url":null,"og_image_custom_fields":null,"og_video":null,"og_custom_url":null,"og_article_section":null,"og_article_tags":null,"twitter_use_og":true,"twitter_card":"default","twitter_image_type":"default","twitter_image_url":null,"twitter_image_custom_url":null,"twitter_image_custom_fields":null,"twitter_title":null,"twitter_description":null,"schema":{"blockGraphs":[],"customGraphs":[],"default":{"data":{"Article":[],"Course":[],"Dataset":[],"FAQPage":[],"Movie":[],"Person":[],"Product":[],"ProductReview":[],"Car":[],"Recipe":[],"Service":[],"SoftwareApplication":[],"WebPage":[]},"graphName":"","isEnabled":true},"graphs":[],"defaultGraph":"","defaultPostTypeGraph":""},"schema_type":null,"schema_type_options":null,"pillar_content":false,"robots_default":true,"robots_noindex":false,"robots_noarchive":false,"robots_nosnippet":false,"robots_nofollow":false,"robots_noimageindex":false,"robots_noodp":false,"robots_notranslate":false,"robots_max_snippet":null,"robots_max_videopreview":null,"robots_max_imagepreview":"none","priority":null,"frequency":null,"local_seo":null,"seo_analyzer_scan_date":"2026-06-02 06:37:54","breadcrumb_settings":null,"limit_modified_date":false,"open_ai":null,"ai":null,"created":"2020-11-14 22:54:20","updated":"2026-06-02 06:37:54","focus_keyword":null,"additional_keywords":null,"truseo_locale":null},"aioseo_breadcrumb":"<div class=\"aioseo-breadcrumbs\"><span class=\"aioseo-breadcrumb\">\n\t<a href=\"https:\/\/www.eldigitaldeasturias.com\/noticias\" title=\"Home\">Home<\/a>\n<\/span><span class=\"aioseo-breadcrumb-separator\">\u2013<\/span><span class=\"aioseo-breadcrumb\">\n\t<a href=\"https:\/\/www.eldigitaldeasturias.com\/noticias\/category\/actualidad\/\" title=\"Actualidad\">Actualidad<\/a>\n<\/span><span class=\"aioseo-breadcrumb-separator\">\u2013<\/span><span class=\"aioseo-breadcrumb\">\n\t<a href=\"https:\/\/www.eldigitaldeasturias.com\/noticias\/kerry-aterriza-en-berlin-en-el-marco-de-su-visita-oficial-a-alemania\/\" title=\"Kerry aterriza en Berl\u00edn en el marco de su visita oficial a Alemania\">Kerry aterriza en Berl\u00edn en el marco de su visita oficial a Alemania<\/a>\n<\/span><\/div>","aioseo_breadcrumb_json":[{"label":"Home","link":"https:\/\/www.eldigitaldeasturias.com\/noticias"},{"label":"Actualidad","link":"https:\/\/www.eldigitaldeasturias.com\/noticias\/category\/actualidad\/"},{"label":"Kerry aterriza en Berl\u00edn en el marco de su visita oficial a Alemania","link":"https:\/\/www.eldigitaldeasturias.com\/noticias\/kerry-aterriza-en-berlin-en-el-marco-de-su-visita-oficial-a-alemania\/"}],"_links":{"self":[{"href":"https:\/\/www.eldigitaldeasturias.com\/noticias\/wp-json\/wp\/v2\/posts\/481397","targetHints":{"allow":["GET"]}}],"collection":[{"href":"https:\/\/www.eldigitaldeasturias.com\/noticias\/wp-json\/wp\/v2\/posts"}],"about":[{"href":"https:\/\/www.eldigitaldeasturias.com\/noticias\/wp-json\/wp\/v2\/types\/post"}],"author":[{"embeddable":true,"href":"https:\/\/www.eldigitaldeasturias.com\/noticias\/wp-json\/wp\/v2\/users\/1"}],"replies":[{"embeddable":true,"href":"https:\/\/www.eldigitaldeasturias.com\/noticias\/wp-json\/wp\/v2\/comments?post=481397"}],"version-history":[{"count":0,"href":"https:\/\/www.eldigitaldeasturias.com\/noticias\/wp-json\/wp\/v2\/posts\/481397\/revisions"}],"wp:featuredmedia":[{"embeddable":true,"href":"https:\/\/www.eldigitaldeasturias.com\/noticias\/wp-json\/wp\/v2\/media\/1132184"}],"wp:attachment":[{"href":"https:\/\/www.eldigitaldeasturias.com\/noticias\/wp-json\/wp\/v2\/media?parent=481397"}],"wp:term":[{"taxonomy":"category","embeddable":true,"href":"https:\/\/www.eldigitaldeasturias.com\/noticias\/wp-json\/wp\/v2\/categories?post=481397"},{"taxonomy":"post_tag","embeddable":true,"href":"https:\/\/www.eldigitaldeasturias.com\/noticias\/wp-json\/wp\/v2\/tags?post=481397"}],"curies":[{"name":"wp","href":"https:\/\/api.w.org\/{rel}","templated":true}]}}