{"id":481376,"date":"2014-01-31T21:42:28","date_gmt":"2014-01-31T22:42:28","guid":{"rendered":"http:\/\/www.eldigitaldeasturias.com\/noticias\/?p=481376"},"modified":"2014-01-31T21:42:28","modified_gmt":"2014-01-31T22:42:28","slug":"la-ola-de-frio-causo-en-polonia-al-menos-34-muertos-desde-el-inicio-de-2014","status":"publish","type":"post","link":"https:\/\/www.eldigitaldeasturias.com\/noticias\/la-ola-de-frio-causo-en-polonia-al-menos-34-muertos-desde-el-inicio-de-2014\/","title":{"rendered":"La ola de fr\u00edo caus\u00f3 en Polonia al menos 34 muertos desde el inicio de 2014"},"content":{"rendered":"<p><img loading=\"lazy\" decoding=\"async\" class=\"alignleft size-medium wp-image-481377\" alt=\"5897065w\" src=\"https:\/\/www.eldigitaldeasturias.com\/noticias\/wp-content\/uploads\/2014\/01\/5897065w-360x244.jpg\" width=\"360\" height=\"244\" \/>Varsovia, 31 ene (EFE).- Las \u00faltimas nevadas y el fuerte viento dificultan el tr\u00e1fico rodado y provocan retrasos en el servicio ferroviario de Polonia, donde el intenso fr\u00edo ha causado al menos 34 muertos en lo que va de a\u00f1o, 17 s\u00f3lo el pasado fin de semana.<\/p>\n<p>Cerca de un millar de m\u00e1quinas quitanieves trabajan desde esta madrugada en carreteras de todo el pa\u00eds, especialmente en la regi\u00f3n noroeste de Warmia-Masuria, donde las nevadas han sido m\u00e1s intensas.<\/p>\n<p>Los problemas para el tr\u00e1fico quedaron en evidencia en localidades como Wilunie, en la citada regi\u00f3n, donde una ambulancia de servicio y un veh\u00edculo de polic\u00eda que la acompa\u00f1aba quedaron atrapados por la nieve durante la pasada noche.<\/p>\n<p>La Direcci\u00f3n General de Carreteras ha pedido a los conductores que tengan especial precauci\u00f3n y extremen el cuidado ante el hielo y las ventiscas que pueden dificultar visibilidad.<\/p>\n<p>En la ola de fr\u00edo que azota el pa\u00eds durante las \u00faltimas semanas los term\u00f3metros han llegado a los quince grados bajo cero, aunque el viento hace que la sensaci\u00f3n t\u00e9rmica sea en la mayor\u00eda de los casos de diez grados menos.<\/p>\n<p>Seg\u00fan cifras oficiales, el n\u00famero de v\u00edctimas mortales por hipotermia o congelaci\u00f3n en lo que va de a\u00f1o asciende a 34.<\/p>\n<p>Cada a\u00f1o mueren por fr\u00edo en Polonia alrededor de 190 personas, seg\u00fan datos ofrecidos por la polic\u00eda.<\/p>\n<p>Las autoridades mantienen un dispositivo para evitar que las personas sin hogar pasen la noche a la intemperie y hacen constantes llamamientos a la poblaci\u00f3n para pedir la colaboraci\u00f3n ciudadana y evitar situaciones de riesgo.<\/p>\n","protected":false},"excerpt":{"rendered":"<p>Varsovia, 31 ene (EFE).- Las \u00faltimas nevadas y el fuerte viento dificultan el tr\u00e1fico rodado y provocan retrasos en el servicio ferroviario de Polonia, donde el intenso fr\u00edo ha causado al menos 34 muertos en lo que va de a\u00f1o, 17 s\u00f3lo el pasado fin de semana. Cerca de un millar de m\u00e1quinas quitanieves trabajan [&hellip;]<\/p>\n","protected":false},"author":1,"featured_media":1132184,"comment_status":"closed","ping_status":"open","sticky":false,"template":"","format":"standard","meta":{"footnotes":""},"categories":[1],"tags":[],"class_list":["post-481376","post","type-post","status-publish","format-standard","has-post-thumbnail","hentry","category-actualidad"],"aioseo_notices":[],"aioseo_head":"\n\t\t<!-- All in One SEO Pro 5.0.1 - aioseo.com -->\n\t<meta name=\"description\" content=\"Varsovia, 31 ene (EFE).- Las \u00faltimas nevadas y el fuerte viento dificultan el tr\u00e1fico rodado y provocan retrasos en el servicio ferroviario de Polonia, donde el intenso fr\u00edo ha causado al menos 34 muertos en lo que va de a\u00f1o, 17 s\u00f3lo el pasado fin de semana. Cerca de un millar de m\u00e1quinas quitanieves trabajan\" \/>\n\t<meta name=\"robots\" content=\"max-image-preview:large\" \/>\n\t<meta name=\"author\" content=\"El Digital de Asturias\"\/>\n\t<meta name=\"google-site-verification\" content=\"UA-38556648-1\" \/>\n\t<meta name=\"msvalidate.01\" content=\"7dfe9f3f1b24437ab69f4f2559babe99\" \/>\n\t<meta name=\"keywords\" content=\"actualidad\" \/>\n\t<link rel=\"canonical\" href=\"https:\/\/www.eldigitaldeasturias.com\/noticias\/la-ola-de-frio-causo-en-polonia-al-menos-34-muertos-desde-el-inicio-de-2014\/\" \/>\n\t<meta name=\"generator\" content=\"All in One SEO Pro (AIOSEO) 5.0.1\" \/>\n\t\t<meta property=\"og:locale\" content=\"es_ES\" \/>\n\t\t<meta property=\"og:site_name\" content=\"El Digital de Asturias\" \/>\n\t\t<meta property=\"og:type\" content=\"article\" \/>\n\t\t<meta property=\"og:title\" content=\"La ola de fr\u00edo caus\u00f3 en Polonia al menos 34 muertos desde el inicio de 2014 - El Digital de Asturias\" \/>\n\t\t<meta property=\"og:description\" content=\"Varsovia, 31 ene (EFE).- Las \u00faltimas nevadas y el fuerte viento dificultan el tr\u00e1fico rodado y provocan retrasos en el servicio ferroviario de Polonia, donde el intenso fr\u00edo ha causado al menos 34 muertos en lo que va de a\u00f1o, 17 s\u00f3lo el pasado fin de semana. Cerca de un millar de m\u00e1quinas quitanieves trabajan\" \/>\n\t\t<meta property=\"og:url\" content=\"https:\/\/www.eldigitaldeasturias.com\/noticias\/la-ola-de-frio-causo-en-polonia-al-menos-34-muertos-desde-el-inicio-de-2014\/\" \/>\n\t\t<meta property=\"og:image\" content=\"https:\/\/www.eldigitaldeasturias.com\/noticias\/wp-content\/uploads\/2026\/06\/Contenidos.jpg\" \/>\n\t\t<meta property=\"og:image:secure_url\" content=\"https:\/\/www.eldigitaldeasturias.com\/noticias\/wp-content\/uploads\/2026\/06\/Contenidos.jpg\" \/>\n\t\t<meta property=\"og:image:width\" content=\"1265\" \/>\n\t\t<meta property=\"og:image:height\" content=\"697\" \/>\n\t\t<meta property=\"article:tag\" content=\"actualidad\" \/>\n\t\t<meta property=\"article:published_time\" content=\"2014-01-31T22:42:28+00:00\" \/>\n\t\t<meta property=\"article:modified_time\" content=\"2014-01-31T22:42:28+00:00\" \/>\n\t\t<meta property=\"article:publisher\" content=\"https:\/\/facebook.com\/eldigitaldeasturias\" \/>\n\t\t<meta name=\"twitter:card\" content=\"summary_large_image\" \/>\n\t\t<meta name=\"twitter:title\" content=\"La ola de fr\u00edo caus\u00f3 en Polonia al menos 34 muertos desde el inicio de 2014 - El Digital de Asturias\" \/>\n\t\t<meta name=\"twitter:description\" content=\"Varsovia, 31 ene (EFE).- Las \u00faltimas nevadas y el fuerte viento dificultan el tr\u00e1fico rodado y provocan retrasos en el servicio ferroviario de Polonia, donde el intenso fr\u00edo ha causado al menos 34 muertos en lo que va de a\u00f1o, 17 s\u00f3lo el pasado fin de semana. Cerca de un millar de m\u00e1quinas quitanieves trabajan\" \/>\n\t\t<meta name=\"twitter:image\" content=\"https:\/\/www.eldigitaldeasturias.com\/noticias\/wp-content\/uploads\/2026\/06\/Contenidos.jpg\" \/>\n\t\t<meta name=\"twitter:label1\" content=\"Escrito por\" \/>\n\t\t<meta name=\"twitter:data1\" content=\"El Digital de Asturias\" \/>\n\t\t<meta name=\"twitter:label2\" content=\"Tiempo de lectura estimado\" \/>\n\t\t<meta name=\"twitter:data2\" content=\"1 minuto\" \/>\n\t\t<script type=\"application\/ld+json\" class=\"aioseo-schema\">\n\t\t\t{\"@context\":\"https:\\\/\\\/schema.org\",\"@graph\":[{\"@type\":\"BlogPosting\",\"@id\":\"https:\\\/\\\/www.eldigitaldeasturias.com\\\/noticias\\\/la-ola-de-frio-causo-en-polonia-al-menos-34-muertos-desde-el-inicio-de-2014\\\/#blogposting\",\"name\":\"La ola de fr\\u00edo caus\\u00f3 en Polonia al menos 34 muertos desde el inicio de 2014 - El Digital de Asturias\",\"headline\":\"La ola de fr\\u00edo caus\\u00f3 en Polonia al menos 34 muertos desde el inicio de 2014\",\"author\":{\"@id\":\"https:\\\/\\\/www.eldigitaldeasturias.com\\\/noticias\\\/author\\\/admin\\\/#author\"},\"publisher\":{\"@id\":\"https:\\\/\\\/www.eldigitaldeasturias.com\\\/noticias\\\/#organization\"},\"image\":{\"@type\":\"ImageObject\",\"url\":\"https:\\\/\\\/www.eldigitaldeasturias.com\\\/noticias\\\/wp-content\\\/uploads\\\/2026\\\/06\\\/Contenidos.jpg\",\"width\":1265,\"height\":697,\"caption\":\"Contenidos\"},\"datePublished\":\"2014-01-31T21:42:28+01:00\",\"dateModified\":\"2014-01-31T21:42:28+01:00\",\"inLanguage\":\"es-ES\",\"mainEntityOfPage\":{\"@id\":\"https:\\\/\\\/www.eldigitaldeasturias.com\\\/noticias\\\/la-ola-de-frio-causo-en-polonia-al-menos-34-muertos-desde-el-inicio-de-2014\\\/#webpage\"},\"isPartOf\":{\"@id\":\"https:\\\/\\\/www.eldigitaldeasturias.com\\\/noticias\\\/la-ola-de-frio-causo-en-polonia-al-menos-34-muertos-desde-el-inicio-de-2014\\\/#webpage\"},\"articleSection\":\"Actualidad\"},{\"@type\":\"BreadcrumbList\",\"@id\":\"https:\\\/\\\/www.eldigitaldeasturias.com\\\/noticias\\\/la-ola-de-frio-causo-en-polonia-al-menos-34-muertos-desde-el-inicio-de-2014\\\/#breadcrumblist\",\"itemListElement\":[{\"@type\":\"ListItem\",\"@id\":\"https:\\\/\\\/www.eldigitaldeasturias.com\\\/noticias#listItem\",\"position\":1,\"name\":\"Home\",\"item\":\"https:\\\/\\\/www.eldigitaldeasturias.com\\\/noticias\",\"nextItem\":{\"@type\":\"ListItem\",\"@id\":\"https:\\\/\\\/www.eldigitaldeasturias.com\\\/noticias\\\/category\\\/actualidad\\\/#listItem\",\"name\":\"Actualidad\"}},{\"@type\":\"ListItem\",\"@id\":\"https:\\\/\\\/www.eldigitaldeasturias.com\\\/noticias\\\/category\\\/actualidad\\\/#listItem\",\"position\":2,\"name\":\"Actualidad\",\"item\":\"https:\\\/\\\/www.eldigitaldeasturias.com\\\/noticias\\\/category\\\/actualidad\\\/\",\"nextItem\":{\"@type\":\"ListItem\",\"@id\":\"https:\\\/\\\/www.eldigitaldeasturias.com\\\/noticias\\\/la-ola-de-frio-causo-en-polonia-al-menos-34-muertos-desde-el-inicio-de-2014\\\/#listItem\",\"name\":\"La ola de fr\\u00edo caus\\u00f3 en Polonia al menos 34 muertos desde el inicio de 2014\"},\"previousItem\":{\"@type\":\"ListItem\",\"@id\":\"https:\\\/\\\/www.eldigitaldeasturias.com\\\/noticias#listItem\",\"name\":\"Home\"}},{\"@type\":\"ListItem\",\"@id\":\"https:\\\/\\\/www.eldigitaldeasturias.com\\\/noticias\\\/la-ola-de-frio-causo-en-polonia-al-menos-34-muertos-desde-el-inicio-de-2014\\\/#listItem\",\"position\":3,\"name\":\"La ola de fr\\u00edo caus\\u00f3 en Polonia al menos 34 muertos desde el inicio de 2014\",\"previousItem\":{\"@type\":\"ListItem\",\"@id\":\"https:\\\/\\\/www.eldigitaldeasturias.com\\\/noticias\\\/category\\\/actualidad\\\/#listItem\",\"name\":\"Actualidad\"}}]},{\"@type\":\"Organization\",\"@id\":\"https:\\\/\\\/www.eldigitaldeasturias.com\\\/noticias\\\/#organization\",\"name\":\"El Digital de Asturias\",\"description\":\"Hemeroteca\",\"url\":\"https:\\\/\\\/www.eldigitaldeasturias.com\\\/noticias\\\/\",\"email\":\"info@eldigitaldeasturias.com\",\"telephone\":\"+34652131393\",\"logo\":{\"@type\":\"ImageObject\",\"url\":\"https:\\\/\\\/www.eldigitaldeasturias.com\\\/noticias\\\/wp-content\\\/uploads\\\/2020\\\/12\\\/EDA.jpg\",\"@id\":\"https:\\\/\\\/www.eldigitaldeasturias.com\\\/noticias\\\/la-ola-de-frio-causo-en-polonia-al-menos-34-muertos-desde-el-inicio-de-2014\\\/#organizationLogo\"},\"image\":{\"@id\":\"https:\\\/\\\/www.eldigitaldeasturias.com\\\/noticias\\\/la-ola-de-frio-causo-en-polonia-al-menos-34-muertos-desde-el-inicio-de-2014\\\/#organizationLogo\"},\"sameAs\":[\"https:\\\/\\\/facebook.com\\\/eldigitaldeasturias\",\"https:\\\/\\\/www.youtube.com\\\/channel\\\/UCZP-2wLEB9Rv6erhFmqVnvg\"],\"address\":{\"@id\":\"https:\\\/\\\/www.eldigitaldeasturias.com\\\/noticias\\\/#postaladdress\",\"@type\":\"PostalAddress\",\"streetAddress\":\"san antonio 4\",\"postalCode\":\"33430\",\"addressLocality\":\"Cand\\u00e1s\",\"addressRegion\":\"Asturias\",\"addressCountry\":\"ES\"}},{\"@type\":\"Person\",\"@id\":\"https:\\\/\\\/www.eldigitaldeasturias.com\\\/noticias\\\/author\\\/admin\\\/#author\",\"url\":\"https:\\\/\\\/www.eldigitaldeasturias.com\\\/noticias\\\/author\\\/admin\\\/\",\"name\":\"El Digital de Asturias\",\"image\":{\"@type\":\"ImageObject\",\"@id\":\"https:\\\/\\\/www.eldigitaldeasturias.com\\\/noticias\\\/la-ola-de-frio-causo-en-polonia-al-menos-34-muertos-desde-el-inicio-de-2014\\\/#authorImage\",\"url\":\"https:\\\/\\\/secure.gravatar.com\\\/avatar\\\/df2aeffc32bcd13f8d26072ef8a91b623d677766deac7f97ca815868cd41bf5e?s=96&d=mm&r=g\",\"width\":96,\"height\":96,\"caption\":\"El Digital de Asturias\"}},{\"@type\":\"WebPage\",\"@id\":\"https:\\\/\\\/www.eldigitaldeasturias.com\\\/noticias\\\/la-ola-de-frio-causo-en-polonia-al-menos-34-muertos-desde-el-inicio-de-2014\\\/#webpage\",\"url\":\"https:\\\/\\\/www.eldigitaldeasturias.com\\\/noticias\\\/la-ola-de-frio-causo-en-polonia-al-menos-34-muertos-desde-el-inicio-de-2014\\\/\",\"name\":\"La ola de fr\\u00edo caus\\u00f3 en Polonia al menos 34 muertos desde el inicio de 2014 - El Digital de Asturias\",\"description\":\"Varsovia, 31 ene (EFE).- Las \\u00faltimas nevadas y el fuerte viento dificultan el tr\\u00e1fico rodado y provocan retrasos en el servicio ferroviario de Polonia, donde el intenso fr\\u00edo ha causado al menos 34 muertos en lo que va de a\\u00f1o, 17 s\\u00f3lo el pasado fin de semana. Cerca de un millar de m\\u00e1quinas quitanieves trabajan\",\"inLanguage\":\"es-ES\",\"isPartOf\":{\"@id\":\"https:\\\/\\\/www.eldigitaldeasturias.com\\\/noticias\\\/#website\"},\"breadcrumb\":{\"@id\":\"https:\\\/\\\/www.eldigitaldeasturias.com\\\/noticias\\\/la-ola-de-frio-causo-en-polonia-al-menos-34-muertos-desde-el-inicio-de-2014\\\/#breadcrumblist\"},\"author\":{\"@id\":\"https:\\\/\\\/www.eldigitaldeasturias.com\\\/noticias\\\/author\\\/admin\\\/#author\"},\"creator\":{\"@id\":\"https:\\\/\\\/www.eldigitaldeasturias.com\\\/noticias\\\/author\\\/admin\\\/#author\"},\"image\":{\"@type\":\"ImageObject\",\"url\":\"https:\\\/\\\/www.eldigitaldeasturias.com\\\/noticias\\\/wp-content\\\/uploads\\\/2026\\\/06\\\/Contenidos.jpg\",\"@id\":\"https:\\\/\\\/www.eldigitaldeasturias.com\\\/noticias\\\/la-ola-de-frio-causo-en-polonia-al-menos-34-muertos-desde-el-inicio-de-2014\\\/#mainImage\",\"width\":1265,\"height\":697,\"caption\":\"Contenidos\"},\"primaryImageOfPage\":{\"@id\":\"https:\\\/\\\/www.eldigitaldeasturias.com\\\/noticias\\\/la-ola-de-frio-causo-en-polonia-al-menos-34-muertos-desde-el-inicio-de-2014\\\/#mainImage\"},\"datePublished\":\"2014-01-31T21:42:28+01:00\",\"dateModified\":\"2014-01-31T21:42:28+01:00\"},{\"@type\":\"WebSite\",\"@id\":\"https:\\\/\\\/www.eldigitaldeasturias.com\\\/noticias\\\/#website\",\"url\":\"https:\\\/\\\/www.eldigitaldeasturias.com\\\/noticias\\\/\",\"name\":\"El Digital de Asturias - Diario de actualidad y noticias\",\"alternateName\":\"El Digital de Asturias - Diario de actualidad y noticias\",\"description\":\"Hemeroteca\",\"inLanguage\":\"es-ES\",\"publisher\":{\"@id\":\"https:\\\/\\\/www.eldigitaldeasturias.com\\\/noticias\\\/#organization\"}}]}\n\t\t<\/script>\n\t\t<!-- All in One SEO Pro -->\r\n\t\t<title>La ola de fr\u00edo caus\u00f3 en Polonia al menos 34 muertos desde el inicio de 2014 - El Digital de Asturias<\/title>\n\n","aioseo_head_json":{"title":"La ola de fr\u00edo caus\u00f3 en Polonia al menos 34 muertos desde el inicio de 2014 - El Digital de Asturias","description":"Varsovia, 31 ene (EFE).- Las \u00faltimas nevadas y el fuerte viento dificultan el tr\u00e1fico rodado y provocan retrasos en el servicio ferroviario de Polonia, donde el intenso fr\u00edo ha causado al menos 34 muertos en lo que va de a\u00f1o, 17 s\u00f3lo el pasado fin de semana. Cerca de un millar de m\u00e1quinas quitanieves trabajan","canonical_url":"https:\/\/www.eldigitaldeasturias.com\/noticias\/la-ola-de-frio-causo-en-polonia-al-menos-34-muertos-desde-el-inicio-de-2014\/","robots":"max-image-preview:large","keywords":"actualidad","webmasterTools":{"google-site-verification":"UA-38556648-1","msvalidate.01":"7dfe9f3f1b24437ab69f4f2559babe99","miscellaneous":""},"schema":{"@context":"https:\/\/schema.org","@graph":[{"@type":"BlogPosting","@id":"https:\/\/www.eldigitaldeasturias.com\/noticias\/la-ola-de-frio-causo-en-polonia-al-menos-34-muertos-desde-el-inicio-de-2014\/#blogposting","name":"La ola de fr\u00edo caus\u00f3 en Polonia al menos 34 muertos desde el inicio de 2014 - El Digital de Asturias","headline":"La ola de fr\u00edo caus\u00f3 en Polonia al menos 34 muertos desde el inicio de 2014","author":{"@id":"https:\/\/www.eldigitaldeasturias.com\/noticias\/author\/admin\/#author"},"publisher":{"@id":"https:\/\/www.eldigitaldeasturias.com\/noticias\/#organization"},"image":{"@type":"ImageObject","url":"https:\/\/www.eldigitaldeasturias.com\/noticias\/wp-content\/uploads\/2026\/06\/Contenidos.jpg","width":1265,"height":697,"caption":"Contenidos"},"datePublished":"2014-01-31T21:42:28+01:00","dateModified":"2014-01-31T21:42:28+01:00","inLanguage":"es-ES","mainEntityOfPage":{"@id":"https:\/\/www.eldigitaldeasturias.com\/noticias\/la-ola-de-frio-causo-en-polonia-al-menos-34-muertos-desde-el-inicio-de-2014\/#webpage"},"isPartOf":{"@id":"https:\/\/www.eldigitaldeasturias.com\/noticias\/la-ola-de-frio-causo-en-polonia-al-menos-34-muertos-desde-el-inicio-de-2014\/#webpage"},"articleSection":"Actualidad"},{"@type":"BreadcrumbList","@id":"https:\/\/www.eldigitaldeasturias.com\/noticias\/la-ola-de-frio-causo-en-polonia-al-menos-34-muertos-desde-el-inicio-de-2014\/#breadcrumblist","itemListElement":[{"@type":"ListItem","@id":"https:\/\/www.eldigitaldeasturias.com\/noticias#listItem","position":1,"name":"Home","item":"https:\/\/www.eldigitaldeasturias.com\/noticias","nextItem":{"@type":"ListItem","@id":"https:\/\/www.eldigitaldeasturias.com\/noticias\/category\/actualidad\/#listItem","name":"Actualidad"}},{"@type":"ListItem","@id":"https:\/\/www.eldigitaldeasturias.com\/noticias\/category\/actualidad\/#listItem","position":2,"name":"Actualidad","item":"https:\/\/www.eldigitaldeasturias.com\/noticias\/category\/actualidad\/","nextItem":{"@type":"ListItem","@id":"https:\/\/www.eldigitaldeasturias.com\/noticias\/la-ola-de-frio-causo-en-polonia-al-menos-34-muertos-desde-el-inicio-de-2014\/#listItem","name":"La ola de fr\u00edo caus\u00f3 en Polonia al menos 34 muertos desde el inicio de 2014"},"previousItem":{"@type":"ListItem","@id":"https:\/\/www.eldigitaldeasturias.com\/noticias#listItem","name":"Home"}},{"@type":"ListItem","@id":"https:\/\/www.eldigitaldeasturias.com\/noticias\/la-ola-de-frio-causo-en-polonia-al-menos-34-muertos-desde-el-inicio-de-2014\/#listItem","position":3,"name":"La ola de fr\u00edo caus\u00f3 en Polonia al menos 34 muertos desde el inicio de 2014","previousItem":{"@type":"ListItem","@id":"https:\/\/www.eldigitaldeasturias.com\/noticias\/category\/actualidad\/#listItem","name":"Actualidad"}}]},{"@type":"Organization","@id":"https:\/\/www.eldigitaldeasturias.com\/noticias\/#organization","name":"El Digital de Asturias","description":"Hemeroteca","url":"https:\/\/www.eldigitaldeasturias.com\/noticias\/","email":"info@eldigitaldeasturias.com","telephone":"+34652131393","logo":{"@type":"ImageObject","url":"https:\/\/www.eldigitaldeasturias.com\/noticias\/wp-content\/uploads\/2020\/12\/EDA.jpg","@id":"https:\/\/www.eldigitaldeasturias.com\/noticias\/la-ola-de-frio-causo-en-polonia-al-menos-34-muertos-desde-el-inicio-de-2014\/#organizationLogo"},"image":{"@id":"https:\/\/www.eldigitaldeasturias.com\/noticias\/la-ola-de-frio-causo-en-polonia-al-menos-34-muertos-desde-el-inicio-de-2014\/#organizationLogo"},"sameAs":["https:\/\/facebook.com\/eldigitaldeasturias","https:\/\/www.youtube.com\/channel\/UCZP-2wLEB9Rv6erhFmqVnvg"],"address":{"@id":"https:\/\/www.eldigitaldeasturias.com\/noticias\/#postaladdress","@type":"PostalAddress","streetAddress":"san antonio 4","postalCode":"33430","addressLocality":"Cand\u00e1s","addressRegion":"Asturias","addressCountry":"ES"}},{"@type":"Person","@id":"https:\/\/www.eldigitaldeasturias.com\/noticias\/author\/admin\/#author","url":"https:\/\/www.eldigitaldeasturias.com\/noticias\/author\/admin\/","name":"El Digital de Asturias","image":{"@type":"ImageObject","@id":"https:\/\/www.eldigitaldeasturias.com\/noticias\/la-ola-de-frio-causo-en-polonia-al-menos-34-muertos-desde-el-inicio-de-2014\/#authorImage","url":"https:\/\/secure.gravatar.com\/avatar\/df2aeffc32bcd13f8d26072ef8a91b623d677766deac7f97ca815868cd41bf5e?s=96&d=mm&r=g","width":96,"height":96,"caption":"El Digital de Asturias"}},{"@type":"WebPage","@id":"https:\/\/www.eldigitaldeasturias.com\/noticias\/la-ola-de-frio-causo-en-polonia-al-menos-34-muertos-desde-el-inicio-de-2014\/#webpage","url":"https:\/\/www.eldigitaldeasturias.com\/noticias\/la-ola-de-frio-causo-en-polonia-al-menos-34-muertos-desde-el-inicio-de-2014\/","name":"La ola de fr\u00edo caus\u00f3 en Polonia al menos 34 muertos desde el inicio de 2014 - El Digital de Asturias","description":"Varsovia, 31 ene (EFE).- Las \u00faltimas nevadas y el fuerte viento dificultan el tr\u00e1fico rodado y provocan retrasos en el servicio ferroviario de Polonia, donde el intenso fr\u00edo ha causado al menos 34 muertos en lo que va de a\u00f1o, 17 s\u00f3lo el pasado fin de semana. Cerca de un millar de m\u00e1quinas quitanieves trabajan","inLanguage":"es-ES","isPartOf":{"@id":"https:\/\/www.eldigitaldeasturias.com\/noticias\/#website"},"breadcrumb":{"@id":"https:\/\/www.eldigitaldeasturias.com\/noticias\/la-ola-de-frio-causo-en-polonia-al-menos-34-muertos-desde-el-inicio-de-2014\/#breadcrumblist"},"author":{"@id":"https:\/\/www.eldigitaldeasturias.com\/noticias\/author\/admin\/#author"},"creator":{"@id":"https:\/\/www.eldigitaldeasturias.com\/noticias\/author\/admin\/#author"},"image":{"@type":"ImageObject","url":"https:\/\/www.eldigitaldeasturias.com\/noticias\/wp-content\/uploads\/2026\/06\/Contenidos.jpg","@id":"https:\/\/www.eldigitaldeasturias.com\/noticias\/la-ola-de-frio-causo-en-polonia-al-menos-34-muertos-desde-el-inicio-de-2014\/#mainImage","width":1265,"height":697,"caption":"Contenidos"},"primaryImageOfPage":{"@id":"https:\/\/www.eldigitaldeasturias.com\/noticias\/la-ola-de-frio-causo-en-polonia-al-menos-34-muertos-desde-el-inicio-de-2014\/#mainImage"},"datePublished":"2014-01-31T21:42:28+01:00","dateModified":"2014-01-31T21:42:28+01:00"},{"@type":"WebSite","@id":"https:\/\/www.eldigitaldeasturias.com\/noticias\/#website","url":"https:\/\/www.eldigitaldeasturias.com\/noticias\/","name":"El Digital de Asturias - Diario de actualidad y noticias","alternateName":"El Digital de Asturias - Diario de actualidad y noticias","description":"Hemeroteca","inLanguage":"es-ES","publisher":{"@id":"https:\/\/www.eldigitaldeasturias.com\/noticias\/#organization"}}]},"og:locale":"es_ES","og:site_name":"El Digital de Asturias","og:type":"article","og:title":"La ola de fr\u00edo caus\u00f3 en Polonia al menos 34 muertos desde el inicio de 2014 - El Digital de Asturias","og:description":"Varsovia, 31 ene (EFE).- Las \u00faltimas nevadas y el fuerte viento dificultan el tr\u00e1fico rodado y provocan retrasos en el servicio ferroviario de Polonia, donde el intenso fr\u00edo ha causado al menos 34 muertos en lo que va de a\u00f1o, 17 s\u00f3lo el pasado fin de semana. Cerca de un millar de m\u00e1quinas quitanieves trabajan","og:url":"https:\/\/www.eldigitaldeasturias.com\/noticias\/la-ola-de-frio-causo-en-polonia-al-menos-34-muertos-desde-el-inicio-de-2014\/","og:image":"https:\/\/www.eldigitaldeasturias.com\/noticias\/wp-content\/uploads\/2026\/06\/Contenidos.jpg","og:image:secure_url":"https:\/\/www.eldigitaldeasturias.com\/noticias\/wp-content\/uploads\/2026\/06\/Contenidos.jpg","og:image:width":1265,"og:image:height":697,"article:tag":["actualidad"],"article:published_time":"2014-01-31T22:42:28+00:00","article:modified_time":"2014-01-31T22:42:28+00:00","article:publisher":"https:\/\/facebook.com\/eldigitaldeasturias","twitter:card":"summary_large_image","twitter:title":"La ola de fr\u00edo caus\u00f3 en Polonia al menos 34 muertos desde el inicio de 2014 - El Digital de Asturias","twitter:description":"Varsovia, 31 ene (EFE).- Las \u00faltimas nevadas y el fuerte viento dificultan el tr\u00e1fico rodado y provocan retrasos en el servicio ferroviario de Polonia, donde el intenso fr\u00edo ha causado al menos 34 muertos en lo que va de a\u00f1o, 17 s\u00f3lo el pasado fin de semana. Cerca de un millar de m\u00e1quinas quitanieves trabajan","twitter:image":"https:\/\/www.eldigitaldeasturias.com\/noticias\/wp-content\/uploads\/2026\/06\/Contenidos.jpg","twitter:label1":"Escrito por","twitter:data1":"El Digital de Asturias","twitter:label2":"Tiempo de lectura estimado","twitter:data2":"1 minuto"},"aioseo_meta_data":{"post_id":"481376","title":null,"description":null,"keywords":null,"keyphrases":null,"primary_term":null,"canonical_url":null,"og_title":null,"og_description":null,"og_object_type":"default","og_image_type":"default","og_image_url":null,"og_image_width":null,"og_image_height":null,"og_image_custom_url":null,"og_image_custom_fields":null,"og_video":null,"og_custom_url":null,"og_article_section":null,"og_article_tags":null,"twitter_use_og":true,"twitter_card":"default","twitter_image_type":"default","twitter_image_url":null,"twitter_image_custom_url":null,"twitter_image_custom_fields":null,"twitter_title":null,"twitter_description":null,"schema":{"blockGraphs":[],"customGraphs":[],"default":{"data":{"Article":[],"Course":[],"Dataset":[],"FAQPage":[],"Movie":[],"Person":[],"Product":[],"ProductReview":[],"Car":[],"Recipe":[],"Service":[],"SoftwareApplication":[],"WebPage":[]},"graphName":"","isEnabled":true},"graphs":[],"defaultGraph":"","defaultPostTypeGraph":""},"schema_type":null,"schema_type_options":null,"pillar_content":false,"robots_default":true,"robots_noindex":false,"robots_noarchive":false,"robots_nosnippet":false,"robots_nofollow":false,"robots_noimageindex":false,"robots_noodp":false,"robots_notranslate":false,"robots_max_snippet":null,"robots_max_videopreview":null,"robots_max_imagepreview":"none","priority":null,"frequency":null,"local_seo":null,"seo_analyzer_scan_date":"2026-06-02 06:33:45","breadcrumb_settings":null,"limit_modified_date":false,"open_ai":null,"ai":null,"created":"2020-11-14 22:54:19","updated":"2026-06-02 06:33:45","focus_keyword":null,"additional_keywords":null,"truseo_locale":null},"aioseo_breadcrumb":"<div class=\"aioseo-breadcrumbs\"><span class=\"aioseo-breadcrumb\">\n\t<a href=\"https:\/\/www.eldigitaldeasturias.com\/noticias\" title=\"Home\">Home<\/a>\n<\/span><span class=\"aioseo-breadcrumb-separator\">\u2013<\/span><span class=\"aioseo-breadcrumb\">\n\t<a href=\"https:\/\/www.eldigitaldeasturias.com\/noticias\/category\/actualidad\/\" title=\"Actualidad\">Actualidad<\/a>\n<\/span><span class=\"aioseo-breadcrumb-separator\">\u2013<\/span><span class=\"aioseo-breadcrumb\">\n\t<a href=\"https:\/\/www.eldigitaldeasturias.com\/noticias\/la-ola-de-frio-causo-en-polonia-al-menos-34-muertos-desde-el-inicio-de-2014\/\" title=\"La ola de fr\u00edo caus\u00f3 en Polonia al menos 34 muertos desde el inicio de 2014\">La ola de fr\u00edo caus\u00f3 en Polonia al menos 34 muertos desde el inicio de 2014<\/a>\n<\/span><\/div>","aioseo_breadcrumb_json":[{"label":"Home","link":"https:\/\/www.eldigitaldeasturias.com\/noticias"},{"label":"Actualidad","link":"https:\/\/www.eldigitaldeasturias.com\/noticias\/category\/actualidad\/"},{"label":"La ola de fr\u00edo caus\u00f3 en Polonia al menos 34 muertos desde el inicio de 2014","link":"https:\/\/www.eldigitaldeasturias.com\/noticias\/la-ola-de-frio-causo-en-polonia-al-menos-34-muertos-desde-el-inicio-de-2014\/"}],"_links":{"self":[{"href":"https:\/\/www.eldigitaldeasturias.com\/noticias\/wp-json\/wp\/v2\/posts\/481376","targetHints":{"allow":["GET"]}}],"collection":[{"href":"https:\/\/www.eldigitaldeasturias.com\/noticias\/wp-json\/wp\/v2\/posts"}],"about":[{"href":"https:\/\/www.eldigitaldeasturias.com\/noticias\/wp-json\/wp\/v2\/types\/post"}],"author":[{"embeddable":true,"href":"https:\/\/www.eldigitaldeasturias.com\/noticias\/wp-json\/wp\/v2\/users\/1"}],"replies":[{"embeddable":true,"href":"https:\/\/www.eldigitaldeasturias.com\/noticias\/wp-json\/wp\/v2\/comments?post=481376"}],"version-history":[{"count":0,"href":"https:\/\/www.eldigitaldeasturias.com\/noticias\/wp-json\/wp\/v2\/posts\/481376\/revisions"}],"wp:featuredmedia":[{"embeddable":true,"href":"https:\/\/www.eldigitaldeasturias.com\/noticias\/wp-json\/wp\/v2\/media\/1132184"}],"wp:attachment":[{"href":"https:\/\/www.eldigitaldeasturias.com\/noticias\/wp-json\/wp\/v2\/media?parent=481376"}],"wp:term":[{"taxonomy":"category","embeddable":true,"href":"https:\/\/www.eldigitaldeasturias.com\/noticias\/wp-json\/wp\/v2\/categories?post=481376"},{"taxonomy":"post_tag","embeddable":true,"href":"https:\/\/www.eldigitaldeasturias.com\/noticias\/wp-json\/wp\/v2\/tags?post=481376"}],"curies":[{"name":"wp","href":"https:\/\/api.w.org\/{rel}","templated":true}]}}