{"id":481373,"date":"2014-01-31T21:41:32","date_gmt":"2014-01-31T22:41:32","guid":{"rendered":"http:\/\/www.eldigitaldeasturias.com\/noticias\/?p=481373"},"modified":"2014-01-31T21:41:32","modified_gmt":"2014-01-31T22:41:32","slug":"andalucia-refuerza-la-colaboracion-con-la-industria-aeronautica","status":"publish","type":"post","link":"https:\/\/www.eldigitaldeasturias.com\/noticias\/andalucia-refuerza-la-colaboracion-con-la-industria-aeronautica\/","title":{"rendered":"Andaluc\u00eda refuerza la colaboraci\u00f3n con la industria aeron\u00e1utica"},"content":{"rendered":"<p><img loading=\"lazy\" decoding=\"async\" class=\"alignleft size-medium wp-image-481374\" alt=\"5897030w\" src=\"https:\/\/www.eldigitaldeasturias.com\/noticias\/wp-content\/uploads\/2014\/01\/5897030w-360x274.jpg\" width=\"360\" height=\"274\" \/>Sevilla, 31 ene (EFE).- La presidenta de la Junta, Susana D\u00edaz, ha reafirmado hoy la colaboraci\u00f3n de Andaluc\u00eda con la industria aeron\u00e1utica en una entrevista con el presidente del grupo Airbus en Espa\u00f1a, Domingo Ure\u00f1a.<\/p>\n<p>Con este encuentro la presidenta contin\u00faa su agenda de reuniones con las principales empresas que operan en Andaluc\u00eda y que abri\u00f3 hace unas semanas con el presidente del Banco Santander, Emilio Bot\u00edn, sigui\u00f3 con el presidente de Telef\u00f3nica, C\u00e9sar Alierta, y hoy le ha sido el turno a Airbus.<\/p>\n<p>En un comunicado, la Junta ha informado de que Susana D\u00edaz ha subrayado el car\u00e1cter \u00abestrat\u00e9gico\u00bb de la industria aeron\u00e1utica en la comunidad y su capacidad para generar empleo tanto en el propio sector como en las empresas auxiliares, a pesar de la crisis.<\/p>\n<p>La presidenta ha expresado su \u00abcompromiso\u00bb con la aeron\u00e1utica, uno de los sectores \u00abtradicionales\u00bb de la econom\u00eda andaluza y a la vez uno de los \u00e1mbitos con mayor proyecci\u00f3n de cara al nuevo modelo productivo.<\/p>\n<p>Por su parte, el presidente del grupo Airbus ha agradecido \u00abel apoyo continuado de la Junta de Andaluc\u00eda y de su presidenta a los proyectos aeron\u00e1uticos que realizan en la regi\u00f3n y que suponen altos beneficios para la sociedad andaluza y espa\u00f1ola\u00bb.<\/p>\n<p>En esta l\u00ednea, Ure\u00f1a ha recordado que la presidenta estuvo a finales de septiembre en Sevilla en el acto de entrega del primer A400M, en una importante \u00abmuestra de apoyo de la regi\u00f3n al programa y a la industria\u00bb.<\/p>\n<p>La reuni\u00f3n de hoy, seg\u00fan el presidente de Airbus Espa\u00f1a, \u00abbusca profundizar ese apoyo, que consideramos muy positivo para ambas partes\u00bb.<\/p>\n","protected":false},"excerpt":{"rendered":"<p>Sevilla, 31 ene (EFE).- La presidenta de la Junta, Susana D\u00edaz, ha reafirmado hoy la colaboraci\u00f3n de Andaluc\u00eda con la industria aeron\u00e1utica en una entrevista con el presidente del grupo Airbus en Espa\u00f1a, Domingo Ure\u00f1a. Con este encuentro la presidenta contin\u00faa su agenda de reuniones con las principales empresas que operan en Andaluc\u00eda y que [&hellip;]<\/p>\n","protected":false},"author":1,"featured_media":1132184,"comment_status":"closed","ping_status":"open","sticky":false,"template":"","format":"standard","meta":{"footnotes":""},"categories":[1],"tags":[],"class_list":["post-481373","post","type-post","status-publish","format-standard","has-post-thumbnail","hentry","category-actualidad"],"aioseo_notices":[],"aioseo_head":"\n\t\t<!-- All in One SEO Pro 5.0.1 - aioseo.com -->\n\t<meta name=\"description\" content=\"Sevilla, 31 ene (EFE).- La presidenta de la Junta, Susana D\u00edaz, ha reafirmado hoy la colaboraci\u00f3n de Andaluc\u00eda con la industria aeron\u00e1utica en una entrevista con el presidente del grupo Airbus en Espa\u00f1a, Domingo Ure\u00f1a. Con este encuentro la presidenta contin\u00faa su agenda de reuniones con las principales empresas que operan en Andaluc\u00eda y que\" \/>\n\t<meta name=\"robots\" content=\"max-image-preview:large\" \/>\n\t<meta name=\"author\" content=\"El Digital de Asturias\"\/>\n\t<meta name=\"google-site-verification\" content=\"UA-38556648-1\" \/>\n\t<meta name=\"msvalidate.01\" content=\"7dfe9f3f1b24437ab69f4f2559babe99\" \/>\n\t<meta name=\"keywords\" content=\"actualidad\" \/>\n\t<link rel=\"canonical\" href=\"https:\/\/www.eldigitaldeasturias.com\/noticias\/andalucia-refuerza-la-colaboracion-con-la-industria-aeronautica\/\" \/>\n\t<meta name=\"generator\" content=\"All in One SEO Pro (AIOSEO) 5.0.1\" \/>\n\t\t<meta property=\"og:locale\" content=\"es_ES\" \/>\n\t\t<meta property=\"og:site_name\" content=\"El Digital de Asturias\" \/>\n\t\t<meta property=\"og:type\" content=\"article\" \/>\n\t\t<meta property=\"og:title\" content=\"Andaluc\u00eda refuerza la colaboraci\u00f3n con la industria aeron\u00e1utica - El Digital de Asturias\" \/>\n\t\t<meta property=\"og:description\" content=\"Sevilla, 31 ene (EFE).- La presidenta de la Junta, Susana D\u00edaz, ha reafirmado hoy la colaboraci\u00f3n de Andaluc\u00eda con la industria aeron\u00e1utica en una entrevista con el presidente del grupo Airbus en Espa\u00f1a, Domingo Ure\u00f1a. Con este encuentro la presidenta contin\u00faa su agenda de reuniones con las principales empresas que operan en Andaluc\u00eda y que\" \/>\n\t\t<meta property=\"og:url\" content=\"https:\/\/www.eldigitaldeasturias.com\/noticias\/andalucia-refuerza-la-colaboracion-con-la-industria-aeronautica\/\" \/>\n\t\t<meta property=\"og:image\" content=\"https:\/\/www.eldigitaldeasturias.com\/noticias\/wp-content\/uploads\/2026\/06\/Contenidos.jpg\" \/>\n\t\t<meta property=\"og:image:secure_url\" content=\"https:\/\/www.eldigitaldeasturias.com\/noticias\/wp-content\/uploads\/2026\/06\/Contenidos.jpg\" \/>\n\t\t<meta property=\"og:image:width\" content=\"1265\" \/>\n\t\t<meta property=\"og:image:height\" content=\"697\" \/>\n\t\t<meta property=\"article:tag\" content=\"actualidad\" \/>\n\t\t<meta property=\"article:published_time\" content=\"2014-01-31T22:41:32+00:00\" \/>\n\t\t<meta property=\"article:modified_time\" content=\"2014-01-31T22:41:32+00:00\" \/>\n\t\t<meta property=\"article:publisher\" content=\"https:\/\/facebook.com\/eldigitaldeasturias\" \/>\n\t\t<meta name=\"twitter:card\" content=\"summary_large_image\" \/>\n\t\t<meta name=\"twitter:title\" content=\"Andaluc\u00eda refuerza la colaboraci\u00f3n con la industria aeron\u00e1utica - El Digital de Asturias\" \/>\n\t\t<meta name=\"twitter:description\" content=\"Sevilla, 31 ene (EFE).- La presidenta de la Junta, Susana D\u00edaz, ha reafirmado hoy la colaboraci\u00f3n de Andaluc\u00eda con la industria aeron\u00e1utica en una entrevista con el presidente del grupo Airbus en Espa\u00f1a, Domingo Ure\u00f1a. Con este encuentro la presidenta contin\u00faa su agenda de reuniones con las principales empresas que operan en Andaluc\u00eda y que\" \/>\n\t\t<meta name=\"twitter:image\" content=\"https:\/\/www.eldigitaldeasturias.com\/noticias\/wp-content\/uploads\/2026\/06\/Contenidos.jpg\" \/>\n\t\t<meta name=\"twitter:label1\" content=\"Escrito por\" \/>\n\t\t<meta name=\"twitter:data1\" content=\"El Digital de Asturias\" \/>\n\t\t<meta name=\"twitter:label2\" content=\"Tiempo de lectura estimado\" \/>\n\t\t<meta name=\"twitter:data2\" content=\"1 minuto\" \/>\n\t\t<script type=\"application\/ld+json\" class=\"aioseo-schema\">\n\t\t\t{\"@context\":\"https:\\\/\\\/schema.org\",\"@graph\":[{\"@type\":\"BlogPosting\",\"@id\":\"https:\\\/\\\/www.eldigitaldeasturias.com\\\/noticias\\\/andalucia-refuerza-la-colaboracion-con-la-industria-aeronautica\\\/#blogposting\",\"name\":\"Andaluc\\u00eda refuerza la colaboraci\\u00f3n con la industria aeron\\u00e1utica - El Digital de Asturias\",\"headline\":\"Andaluc\\u00eda refuerza la colaboraci\\u00f3n con la industria aeron\\u00e1utica\",\"author\":{\"@id\":\"https:\\\/\\\/www.eldigitaldeasturias.com\\\/noticias\\\/author\\\/admin\\\/#author\"},\"publisher\":{\"@id\":\"https:\\\/\\\/www.eldigitaldeasturias.com\\\/noticias\\\/#organization\"},\"image\":{\"@type\":\"ImageObject\",\"url\":\"https:\\\/\\\/www.eldigitaldeasturias.com\\\/noticias\\\/wp-content\\\/uploads\\\/2026\\\/06\\\/Contenidos.jpg\",\"width\":1265,\"height\":697,\"caption\":\"Contenidos\"},\"datePublished\":\"2014-01-31T21:41:32+01:00\",\"dateModified\":\"2014-01-31T21:41:32+01:00\",\"inLanguage\":\"es-ES\",\"mainEntityOfPage\":{\"@id\":\"https:\\\/\\\/www.eldigitaldeasturias.com\\\/noticias\\\/andalucia-refuerza-la-colaboracion-con-la-industria-aeronautica\\\/#webpage\"},\"isPartOf\":{\"@id\":\"https:\\\/\\\/www.eldigitaldeasturias.com\\\/noticias\\\/andalucia-refuerza-la-colaboracion-con-la-industria-aeronautica\\\/#webpage\"},\"articleSection\":\"Actualidad\"},{\"@type\":\"BreadcrumbList\",\"@id\":\"https:\\\/\\\/www.eldigitaldeasturias.com\\\/noticias\\\/andalucia-refuerza-la-colaboracion-con-la-industria-aeronautica\\\/#breadcrumblist\",\"itemListElement\":[{\"@type\":\"ListItem\",\"@id\":\"https:\\\/\\\/www.eldigitaldeasturias.com\\\/noticias#listItem\",\"position\":1,\"name\":\"Home\",\"item\":\"https:\\\/\\\/www.eldigitaldeasturias.com\\\/noticias\",\"nextItem\":{\"@type\":\"ListItem\",\"@id\":\"https:\\\/\\\/www.eldigitaldeasturias.com\\\/noticias\\\/category\\\/actualidad\\\/#listItem\",\"name\":\"Actualidad\"}},{\"@type\":\"ListItem\",\"@id\":\"https:\\\/\\\/www.eldigitaldeasturias.com\\\/noticias\\\/category\\\/actualidad\\\/#listItem\",\"position\":2,\"name\":\"Actualidad\",\"item\":\"https:\\\/\\\/www.eldigitaldeasturias.com\\\/noticias\\\/category\\\/actualidad\\\/\",\"nextItem\":{\"@type\":\"ListItem\",\"@id\":\"https:\\\/\\\/www.eldigitaldeasturias.com\\\/noticias\\\/andalucia-refuerza-la-colaboracion-con-la-industria-aeronautica\\\/#listItem\",\"name\":\"Andaluc\\u00eda refuerza la colaboraci\\u00f3n con la industria aeron\\u00e1utica\"},\"previousItem\":{\"@type\":\"ListItem\",\"@id\":\"https:\\\/\\\/www.eldigitaldeasturias.com\\\/noticias#listItem\",\"name\":\"Home\"}},{\"@type\":\"ListItem\",\"@id\":\"https:\\\/\\\/www.eldigitaldeasturias.com\\\/noticias\\\/andalucia-refuerza-la-colaboracion-con-la-industria-aeronautica\\\/#listItem\",\"position\":3,\"name\":\"Andaluc\\u00eda refuerza la colaboraci\\u00f3n con la industria aeron\\u00e1utica\",\"previousItem\":{\"@type\":\"ListItem\",\"@id\":\"https:\\\/\\\/www.eldigitaldeasturias.com\\\/noticias\\\/category\\\/actualidad\\\/#listItem\",\"name\":\"Actualidad\"}}]},{\"@type\":\"Organization\",\"@id\":\"https:\\\/\\\/www.eldigitaldeasturias.com\\\/noticias\\\/#organization\",\"name\":\"El Digital de Asturias\",\"description\":\"Hemeroteca\",\"url\":\"https:\\\/\\\/www.eldigitaldeasturias.com\\\/noticias\\\/\",\"email\":\"info@eldigitaldeasturias.com\",\"telephone\":\"+34652131393\",\"logo\":{\"@type\":\"ImageObject\",\"url\":\"https:\\\/\\\/www.eldigitaldeasturias.com\\\/noticias\\\/wp-content\\\/uploads\\\/2020\\\/12\\\/EDA.jpg\",\"@id\":\"https:\\\/\\\/www.eldigitaldeasturias.com\\\/noticias\\\/andalucia-refuerza-la-colaboracion-con-la-industria-aeronautica\\\/#organizationLogo\"},\"image\":{\"@id\":\"https:\\\/\\\/www.eldigitaldeasturias.com\\\/noticias\\\/andalucia-refuerza-la-colaboracion-con-la-industria-aeronautica\\\/#organizationLogo\"},\"sameAs\":[\"https:\\\/\\\/facebook.com\\\/eldigitaldeasturias\",\"https:\\\/\\\/www.youtube.com\\\/channel\\\/UCZP-2wLEB9Rv6erhFmqVnvg\"],\"address\":{\"@id\":\"https:\\\/\\\/www.eldigitaldeasturias.com\\\/noticias\\\/#postaladdress\",\"@type\":\"PostalAddress\",\"streetAddress\":\"san antonio 4\",\"postalCode\":\"33430\",\"addressLocality\":\"Cand\\u00e1s\",\"addressRegion\":\"Asturias\",\"addressCountry\":\"ES\"}},{\"@type\":\"Person\",\"@id\":\"https:\\\/\\\/www.eldigitaldeasturias.com\\\/noticias\\\/author\\\/admin\\\/#author\",\"url\":\"https:\\\/\\\/www.eldigitaldeasturias.com\\\/noticias\\\/author\\\/admin\\\/\",\"name\":\"El Digital de Asturias\",\"image\":{\"@type\":\"ImageObject\",\"@id\":\"https:\\\/\\\/www.eldigitaldeasturias.com\\\/noticias\\\/andalucia-refuerza-la-colaboracion-con-la-industria-aeronautica\\\/#authorImage\",\"url\":\"https:\\\/\\\/secure.gravatar.com\\\/avatar\\\/df2aeffc32bcd13f8d26072ef8a91b623d677766deac7f97ca815868cd41bf5e?s=96&d=mm&r=g\",\"width\":96,\"height\":96,\"caption\":\"El Digital de Asturias\"}},{\"@type\":\"WebPage\",\"@id\":\"https:\\\/\\\/www.eldigitaldeasturias.com\\\/noticias\\\/andalucia-refuerza-la-colaboracion-con-la-industria-aeronautica\\\/#webpage\",\"url\":\"https:\\\/\\\/www.eldigitaldeasturias.com\\\/noticias\\\/andalucia-refuerza-la-colaboracion-con-la-industria-aeronautica\\\/\",\"name\":\"Andaluc\\u00eda refuerza la colaboraci\\u00f3n con la industria aeron\\u00e1utica - El Digital de Asturias\",\"description\":\"Sevilla, 31 ene (EFE).- La presidenta de la Junta, Susana D\\u00edaz, ha reafirmado hoy la colaboraci\\u00f3n de Andaluc\\u00eda con la industria aeron\\u00e1utica en una entrevista con el presidente del grupo Airbus en Espa\\u00f1a, Domingo Ure\\u00f1a. Con este encuentro la presidenta contin\\u00faa su agenda de reuniones con las principales empresas que operan en Andaluc\\u00eda y que\",\"inLanguage\":\"es-ES\",\"isPartOf\":{\"@id\":\"https:\\\/\\\/www.eldigitaldeasturias.com\\\/noticias\\\/#website\"},\"breadcrumb\":{\"@id\":\"https:\\\/\\\/www.eldigitaldeasturias.com\\\/noticias\\\/andalucia-refuerza-la-colaboracion-con-la-industria-aeronautica\\\/#breadcrumblist\"},\"author\":{\"@id\":\"https:\\\/\\\/www.eldigitaldeasturias.com\\\/noticias\\\/author\\\/admin\\\/#author\"},\"creator\":{\"@id\":\"https:\\\/\\\/www.eldigitaldeasturias.com\\\/noticias\\\/author\\\/admin\\\/#author\"},\"image\":{\"@type\":\"ImageObject\",\"url\":\"https:\\\/\\\/www.eldigitaldeasturias.com\\\/noticias\\\/wp-content\\\/uploads\\\/2026\\\/06\\\/Contenidos.jpg\",\"@id\":\"https:\\\/\\\/www.eldigitaldeasturias.com\\\/noticias\\\/andalucia-refuerza-la-colaboracion-con-la-industria-aeronautica\\\/#mainImage\",\"width\":1265,\"height\":697,\"caption\":\"Contenidos\"},\"primaryImageOfPage\":{\"@id\":\"https:\\\/\\\/www.eldigitaldeasturias.com\\\/noticias\\\/andalucia-refuerza-la-colaboracion-con-la-industria-aeronautica\\\/#mainImage\"},\"datePublished\":\"2014-01-31T21:41:32+01:00\",\"dateModified\":\"2014-01-31T21:41:32+01:00\"},{\"@type\":\"WebSite\",\"@id\":\"https:\\\/\\\/www.eldigitaldeasturias.com\\\/noticias\\\/#website\",\"url\":\"https:\\\/\\\/www.eldigitaldeasturias.com\\\/noticias\\\/\",\"name\":\"El Digital de Asturias - Diario de actualidad y noticias\",\"alternateName\":\"El Digital de Asturias - Diario de actualidad y noticias\",\"description\":\"Hemeroteca\",\"inLanguage\":\"es-ES\",\"publisher\":{\"@id\":\"https:\\\/\\\/www.eldigitaldeasturias.com\\\/noticias\\\/#organization\"}}]}\n\t\t<\/script>\n\t\t<!-- All in One SEO Pro -->\r\n\t\t<title>Andaluc\u00eda refuerza la colaboraci\u00f3n con la industria aeron\u00e1utica - El Digital de Asturias<\/title>\n\n","aioseo_head_json":{"title":"Andaluc\u00eda refuerza la colaboraci\u00f3n con la industria aeron\u00e1utica - El Digital de Asturias","description":"Sevilla, 31 ene (EFE).- La presidenta de la Junta, Susana D\u00edaz, ha reafirmado hoy la colaboraci\u00f3n de Andaluc\u00eda con la industria aeron\u00e1utica en una entrevista con el presidente del grupo Airbus en Espa\u00f1a, Domingo Ure\u00f1a. Con este encuentro la presidenta contin\u00faa su agenda de reuniones con las principales empresas que operan en Andaluc\u00eda y que","canonical_url":"https:\/\/www.eldigitaldeasturias.com\/noticias\/andalucia-refuerza-la-colaboracion-con-la-industria-aeronautica\/","robots":"max-image-preview:large","keywords":"actualidad","webmasterTools":{"google-site-verification":"UA-38556648-1","msvalidate.01":"7dfe9f3f1b24437ab69f4f2559babe99","miscellaneous":""},"schema":{"@context":"https:\/\/schema.org","@graph":[{"@type":"BlogPosting","@id":"https:\/\/www.eldigitaldeasturias.com\/noticias\/andalucia-refuerza-la-colaboracion-con-la-industria-aeronautica\/#blogposting","name":"Andaluc\u00eda refuerza la colaboraci\u00f3n con la industria aeron\u00e1utica - El Digital de Asturias","headline":"Andaluc\u00eda refuerza la colaboraci\u00f3n con la industria aeron\u00e1utica","author":{"@id":"https:\/\/www.eldigitaldeasturias.com\/noticias\/author\/admin\/#author"},"publisher":{"@id":"https:\/\/www.eldigitaldeasturias.com\/noticias\/#organization"},"image":{"@type":"ImageObject","url":"https:\/\/www.eldigitaldeasturias.com\/noticias\/wp-content\/uploads\/2026\/06\/Contenidos.jpg","width":1265,"height":697,"caption":"Contenidos"},"datePublished":"2014-01-31T21:41:32+01:00","dateModified":"2014-01-31T21:41:32+01:00","inLanguage":"es-ES","mainEntityOfPage":{"@id":"https:\/\/www.eldigitaldeasturias.com\/noticias\/andalucia-refuerza-la-colaboracion-con-la-industria-aeronautica\/#webpage"},"isPartOf":{"@id":"https:\/\/www.eldigitaldeasturias.com\/noticias\/andalucia-refuerza-la-colaboracion-con-la-industria-aeronautica\/#webpage"},"articleSection":"Actualidad"},{"@type":"BreadcrumbList","@id":"https:\/\/www.eldigitaldeasturias.com\/noticias\/andalucia-refuerza-la-colaboracion-con-la-industria-aeronautica\/#breadcrumblist","itemListElement":[{"@type":"ListItem","@id":"https:\/\/www.eldigitaldeasturias.com\/noticias#listItem","position":1,"name":"Home","item":"https:\/\/www.eldigitaldeasturias.com\/noticias","nextItem":{"@type":"ListItem","@id":"https:\/\/www.eldigitaldeasturias.com\/noticias\/category\/actualidad\/#listItem","name":"Actualidad"}},{"@type":"ListItem","@id":"https:\/\/www.eldigitaldeasturias.com\/noticias\/category\/actualidad\/#listItem","position":2,"name":"Actualidad","item":"https:\/\/www.eldigitaldeasturias.com\/noticias\/category\/actualidad\/","nextItem":{"@type":"ListItem","@id":"https:\/\/www.eldigitaldeasturias.com\/noticias\/andalucia-refuerza-la-colaboracion-con-la-industria-aeronautica\/#listItem","name":"Andaluc\u00eda refuerza la colaboraci\u00f3n con la industria aeron\u00e1utica"},"previousItem":{"@type":"ListItem","@id":"https:\/\/www.eldigitaldeasturias.com\/noticias#listItem","name":"Home"}},{"@type":"ListItem","@id":"https:\/\/www.eldigitaldeasturias.com\/noticias\/andalucia-refuerza-la-colaboracion-con-la-industria-aeronautica\/#listItem","position":3,"name":"Andaluc\u00eda refuerza la colaboraci\u00f3n con la industria aeron\u00e1utica","previousItem":{"@type":"ListItem","@id":"https:\/\/www.eldigitaldeasturias.com\/noticias\/category\/actualidad\/#listItem","name":"Actualidad"}}]},{"@type":"Organization","@id":"https:\/\/www.eldigitaldeasturias.com\/noticias\/#organization","name":"El Digital de Asturias","description":"Hemeroteca","url":"https:\/\/www.eldigitaldeasturias.com\/noticias\/","email":"info@eldigitaldeasturias.com","telephone":"+34652131393","logo":{"@type":"ImageObject","url":"https:\/\/www.eldigitaldeasturias.com\/noticias\/wp-content\/uploads\/2020\/12\/EDA.jpg","@id":"https:\/\/www.eldigitaldeasturias.com\/noticias\/andalucia-refuerza-la-colaboracion-con-la-industria-aeronautica\/#organizationLogo"},"image":{"@id":"https:\/\/www.eldigitaldeasturias.com\/noticias\/andalucia-refuerza-la-colaboracion-con-la-industria-aeronautica\/#organizationLogo"},"sameAs":["https:\/\/facebook.com\/eldigitaldeasturias","https:\/\/www.youtube.com\/channel\/UCZP-2wLEB9Rv6erhFmqVnvg"],"address":{"@id":"https:\/\/www.eldigitaldeasturias.com\/noticias\/#postaladdress","@type":"PostalAddress","streetAddress":"san antonio 4","postalCode":"33430","addressLocality":"Cand\u00e1s","addressRegion":"Asturias","addressCountry":"ES"}},{"@type":"Person","@id":"https:\/\/www.eldigitaldeasturias.com\/noticias\/author\/admin\/#author","url":"https:\/\/www.eldigitaldeasturias.com\/noticias\/author\/admin\/","name":"El Digital de Asturias","image":{"@type":"ImageObject","@id":"https:\/\/www.eldigitaldeasturias.com\/noticias\/andalucia-refuerza-la-colaboracion-con-la-industria-aeronautica\/#authorImage","url":"https:\/\/secure.gravatar.com\/avatar\/df2aeffc32bcd13f8d26072ef8a91b623d677766deac7f97ca815868cd41bf5e?s=96&d=mm&r=g","width":96,"height":96,"caption":"El Digital de Asturias"}},{"@type":"WebPage","@id":"https:\/\/www.eldigitaldeasturias.com\/noticias\/andalucia-refuerza-la-colaboracion-con-la-industria-aeronautica\/#webpage","url":"https:\/\/www.eldigitaldeasturias.com\/noticias\/andalucia-refuerza-la-colaboracion-con-la-industria-aeronautica\/","name":"Andaluc\u00eda refuerza la colaboraci\u00f3n con la industria aeron\u00e1utica - El Digital de Asturias","description":"Sevilla, 31 ene (EFE).- La presidenta de la Junta, Susana D\u00edaz, ha reafirmado hoy la colaboraci\u00f3n de Andaluc\u00eda con la industria aeron\u00e1utica en una entrevista con el presidente del grupo Airbus en Espa\u00f1a, Domingo Ure\u00f1a. Con este encuentro la presidenta contin\u00faa su agenda de reuniones con las principales empresas que operan en Andaluc\u00eda y que","inLanguage":"es-ES","isPartOf":{"@id":"https:\/\/www.eldigitaldeasturias.com\/noticias\/#website"},"breadcrumb":{"@id":"https:\/\/www.eldigitaldeasturias.com\/noticias\/andalucia-refuerza-la-colaboracion-con-la-industria-aeronautica\/#breadcrumblist"},"author":{"@id":"https:\/\/www.eldigitaldeasturias.com\/noticias\/author\/admin\/#author"},"creator":{"@id":"https:\/\/www.eldigitaldeasturias.com\/noticias\/author\/admin\/#author"},"image":{"@type":"ImageObject","url":"https:\/\/www.eldigitaldeasturias.com\/noticias\/wp-content\/uploads\/2026\/06\/Contenidos.jpg","@id":"https:\/\/www.eldigitaldeasturias.com\/noticias\/andalucia-refuerza-la-colaboracion-con-la-industria-aeronautica\/#mainImage","width":1265,"height":697,"caption":"Contenidos"},"primaryImageOfPage":{"@id":"https:\/\/www.eldigitaldeasturias.com\/noticias\/andalucia-refuerza-la-colaboracion-con-la-industria-aeronautica\/#mainImage"},"datePublished":"2014-01-31T21:41:32+01:00","dateModified":"2014-01-31T21:41:32+01:00"},{"@type":"WebSite","@id":"https:\/\/www.eldigitaldeasturias.com\/noticias\/#website","url":"https:\/\/www.eldigitaldeasturias.com\/noticias\/","name":"El Digital de Asturias - Diario de actualidad y noticias","alternateName":"El Digital de Asturias - Diario de actualidad y noticias","description":"Hemeroteca","inLanguage":"es-ES","publisher":{"@id":"https:\/\/www.eldigitaldeasturias.com\/noticias\/#organization"}}]},"og:locale":"es_ES","og:site_name":"El Digital de Asturias","og:type":"article","og:title":"Andaluc\u00eda refuerza la colaboraci\u00f3n con la industria aeron\u00e1utica - El Digital de Asturias","og:description":"Sevilla, 31 ene (EFE).- La presidenta de la Junta, Susana D\u00edaz, ha reafirmado hoy la colaboraci\u00f3n de Andaluc\u00eda con la industria aeron\u00e1utica en una entrevista con el presidente del grupo Airbus en Espa\u00f1a, Domingo Ure\u00f1a. Con este encuentro la presidenta contin\u00faa su agenda de reuniones con las principales empresas que operan en Andaluc\u00eda y que","og:url":"https:\/\/www.eldigitaldeasturias.com\/noticias\/andalucia-refuerza-la-colaboracion-con-la-industria-aeronautica\/","og:image":"https:\/\/www.eldigitaldeasturias.com\/noticias\/wp-content\/uploads\/2026\/06\/Contenidos.jpg","og:image:secure_url":"https:\/\/www.eldigitaldeasturias.com\/noticias\/wp-content\/uploads\/2026\/06\/Contenidos.jpg","og:image:width":1265,"og:image:height":697,"article:tag":["actualidad"],"article:published_time":"2014-01-31T22:41:32+00:00","article:modified_time":"2014-01-31T22:41:32+00:00","article:publisher":"https:\/\/facebook.com\/eldigitaldeasturias","twitter:card":"summary_large_image","twitter:title":"Andaluc\u00eda refuerza la colaboraci\u00f3n con la industria aeron\u00e1utica - El Digital de Asturias","twitter:description":"Sevilla, 31 ene (EFE).- La presidenta de la Junta, Susana D\u00edaz, ha reafirmado hoy la colaboraci\u00f3n de Andaluc\u00eda con la industria aeron\u00e1utica en una entrevista con el presidente del grupo Airbus en Espa\u00f1a, Domingo Ure\u00f1a. Con este encuentro la presidenta contin\u00faa su agenda de reuniones con las principales empresas que operan en Andaluc\u00eda y que","twitter:image":"https:\/\/www.eldigitaldeasturias.com\/noticias\/wp-content\/uploads\/2026\/06\/Contenidos.jpg","twitter:label1":"Escrito por","twitter:data1":"El Digital de Asturias","twitter:label2":"Tiempo de lectura estimado","twitter:data2":"1 minuto"},"aioseo_meta_data":{"post_id":"481373","title":null,"description":null,"keywords":null,"keyphrases":null,"primary_term":null,"canonical_url":null,"og_title":null,"og_description":null,"og_object_type":"default","og_image_type":"default","og_image_url":null,"og_image_width":null,"og_image_height":null,"og_image_custom_url":null,"og_image_custom_fields":null,"og_video":null,"og_custom_url":null,"og_article_section":null,"og_article_tags":null,"twitter_use_og":true,"twitter_card":"default","twitter_image_type":"default","twitter_image_url":null,"twitter_image_custom_url":null,"twitter_image_custom_fields":null,"twitter_title":null,"twitter_description":null,"schema":{"blockGraphs":[],"customGraphs":[],"default":{"data":{"Article":[],"Course":[],"Dataset":[],"FAQPage":[],"Movie":[],"Person":[],"Product":[],"ProductReview":[],"Car":[],"Recipe":[],"Service":[],"SoftwareApplication":[],"WebPage":[]},"graphName":"","isEnabled":true},"graphs":[],"defaultGraph":"","defaultPostTypeGraph":""},"schema_type":null,"schema_type_options":null,"pillar_content":false,"robots_default":true,"robots_noindex":false,"robots_noarchive":false,"robots_nosnippet":false,"robots_nofollow":false,"robots_noimageindex":false,"robots_noodp":false,"robots_notranslate":false,"robots_max_snippet":null,"robots_max_videopreview":null,"robots_max_imagepreview":"none","priority":null,"frequency":null,"local_seo":null,"seo_analyzer_scan_date":"2026-06-02 06:33:45","breadcrumb_settings":null,"limit_modified_date":false,"open_ai":null,"ai":null,"created":"2020-11-14 22:54:19","updated":"2026-06-02 06:33:45","focus_keyword":null,"additional_keywords":null,"truseo_locale":null},"aioseo_breadcrumb":"<div class=\"aioseo-breadcrumbs\"><span class=\"aioseo-breadcrumb\">\n\t<a href=\"https:\/\/www.eldigitaldeasturias.com\/noticias\" title=\"Home\">Home<\/a>\n<\/span><span class=\"aioseo-breadcrumb-separator\">\u2013<\/span><span class=\"aioseo-breadcrumb\">\n\t<a href=\"https:\/\/www.eldigitaldeasturias.com\/noticias\/category\/actualidad\/\" title=\"Actualidad\">Actualidad<\/a>\n<\/span><span class=\"aioseo-breadcrumb-separator\">\u2013<\/span><span class=\"aioseo-breadcrumb\">\n\t<a href=\"https:\/\/www.eldigitaldeasturias.com\/noticias\/andalucia-refuerza-la-colaboracion-con-la-industria-aeronautica\/\" title=\"Andaluc\u00eda refuerza la colaboraci\u00f3n con la industria aeron\u00e1utica\">Andaluc\u00eda refuerza la colaboraci\u00f3n con la industria aeron\u00e1utica<\/a>\n<\/span><\/div>","aioseo_breadcrumb_json":[{"label":"Home","link":"https:\/\/www.eldigitaldeasturias.com\/noticias"},{"label":"Actualidad","link":"https:\/\/www.eldigitaldeasturias.com\/noticias\/category\/actualidad\/"},{"label":"Andaluc\u00eda refuerza la colaboraci\u00f3n con la industria aeron\u00e1utica","link":"https:\/\/www.eldigitaldeasturias.com\/noticias\/andalucia-refuerza-la-colaboracion-con-la-industria-aeronautica\/"}],"_links":{"self":[{"href":"https:\/\/www.eldigitaldeasturias.com\/noticias\/wp-json\/wp\/v2\/posts\/481373","targetHints":{"allow":["GET"]}}],"collection":[{"href":"https:\/\/www.eldigitaldeasturias.com\/noticias\/wp-json\/wp\/v2\/posts"}],"about":[{"href":"https:\/\/www.eldigitaldeasturias.com\/noticias\/wp-json\/wp\/v2\/types\/post"}],"author":[{"embeddable":true,"href":"https:\/\/www.eldigitaldeasturias.com\/noticias\/wp-json\/wp\/v2\/users\/1"}],"replies":[{"embeddable":true,"href":"https:\/\/www.eldigitaldeasturias.com\/noticias\/wp-json\/wp\/v2\/comments?post=481373"}],"version-history":[{"count":0,"href":"https:\/\/www.eldigitaldeasturias.com\/noticias\/wp-json\/wp\/v2\/posts\/481373\/revisions"}],"wp:featuredmedia":[{"embeddable":true,"href":"https:\/\/www.eldigitaldeasturias.com\/noticias\/wp-json\/wp\/v2\/media\/1132184"}],"wp:attachment":[{"href":"https:\/\/www.eldigitaldeasturias.com\/noticias\/wp-json\/wp\/v2\/media?parent=481373"}],"wp:term":[{"taxonomy":"category","embeddable":true,"href":"https:\/\/www.eldigitaldeasturias.com\/noticias\/wp-json\/wp\/v2\/categories?post=481373"},{"taxonomy":"post_tag","embeddable":true,"href":"https:\/\/www.eldigitaldeasturias.com\/noticias\/wp-json\/wp\/v2\/tags?post=481373"}],"curies":[{"name":"wp","href":"https:\/\/api.w.org\/{rel}","templated":true}]}}