{"id":481349,"date":"2014-01-31T21:24:35","date_gmt":"2014-01-31T22:24:35","guid":{"rendered":"http:\/\/www.eldigitaldeasturias.com\/noticias\/?p=481349"},"modified":"2014-01-31T21:24:35","modified_gmt":"2014-01-31T22:24:35","slug":"decenas-de-mujeres-iniciaron-hoy-en-gijon-una-marcha-violeta-hacia-madrid","status":"publish","type":"post","link":"https:\/\/www.eldigitaldeasturias.com\/noticias\/decenas-de-mujeres-iniciaron-hoy-en-gijon-una-marcha-violeta-hacia-madrid\/","title":{"rendered":"Decenas de mujeres iniciaron hoy en Gij\u00f3n una \u00abmarcha violeta\u00bb hacia Madrid"},"content":{"rendered":"<p><img loading=\"lazy\" decoding=\"async\" class=\"alignleft size-medium wp-image-481350\" alt=\"5896846w\" src=\"https:\/\/www.eldigitaldeasturias.com\/noticias\/wp-content\/uploads\/2014\/01\/5896846w-360x205.jpg\" width=\"360\" height=\"205\" \/>Gij\u00f3n, 31 ene (EFE).- Decenas de mujeres iniciaron hoy en Gij\u00f3n una \u00abmarcha violeta\u00bb hacia Madrid a bordo del denominado \u00abtren de la libertad\u00bb, convencidas de que con su protesta, a la que se han sumado numerosas organizaciones, conseguir\u00e1n paralizar la modificaci\u00f3n de la Ley del Aborto que impulsa el Gobierno.<\/p>\n<p>Ataviadas con chalecos de color violeta y entonando al \u00abcomp\u00e1s del chachach\u00e1\u00bb una canci\u00f3n cr\u00edtica hacia el ministro de Justicia, Alberto Ruiz-Gallard\u00f3n, han ocupado dos vagones de un tren Alvia que ha partido de la estaci\u00f3n gijonesa a las 14.00 horas.<\/p>\n<p>La iniciativa fue gestada hace semanas en Asturias en una comida de la \u00abTertulia Feminista Les Comadres\u00bb con la intenci\u00f3n de \u00abhacer algo\u00bb en se\u00f1al de protesta por la reforma, pero sus integrantes nunca imaginaron la repercusi\u00f3n y los apoyos que ha generado la iniciativa.<\/p>\n<p>Organizaciones y mujeres de toda Espa\u00f1a se reunir\u00e1n ma\u00f1ana en Madrid para mostrar su rechazo a la reforma de la Ley del Aborto y entregar en el Congreso de los Diputados un escrito en contra del anteproyecto y que aboga por el mantenimiento de la actual normativa.<\/p>\n<p>Lo que en un principio iba a ser un viaje en tren de un grupo de mujeres asturianas ha conseguido llamar la atenci\u00f3n y movilizar a cientos de personas que previsiblemente llegar\u00e1n a Madrid por ferrocarril y carretera desde numerosas provincias espa\u00f1olas, e incluso por avi\u00f3n desde Francia, seg\u00fan las promotoras de la protesta.<\/p>\n<p>Bego\u00f1a Pi\u00f1eiro, que forma parte de \u00ables Comadres\u00bb desde su fundaci\u00f3n en el a\u00f1o 1986, ha reconocido a Efe sentirse \u00absuperada\u00bb por la dimensi\u00f3n que ha adquirido la protesta.<\/p>\n<p>\u00abTodo empez\u00f3 en una cena de unas 15 mujeres cuando hablando de la ley Gallard\u00f3n una dijo: \u00abTendr\u00edamos que ir a Madrid caminando si fuera necesario\u00bb.<\/p>\n<p>Finalmente se tomo la decisi\u00f3n de viajar en ferrocarril y llamarlo el \u00abtren de la libertad\u00bb, una idea a la que se han ido sumando numerosas organizaciones.<\/p>\n<p>La exalcaldesa socialista de Gij\u00f3n Paz Fern\u00e1ndez Felgueroso ha considerado que la magnitud de la protesta \u00abdemuestra el impacto que ha tenido en la sociedad una ley retr\u00f3grada e injusta\u00bb, y se ha mostrado convencida de que el Gobierno \u00abno tiene otra salida que rectificar porque no tiene margen para seguir gobernando de espaldas a la sociedad\u00bb.<\/p>\n<p>En la estaci\u00f3n gijonesa, punto de partida del convoy, se ha vivido un clima de fiesta y de optimismo con decenas de mujeres cantando y bailando detr\u00e1s de una pancarta que dec\u00eda: \u00abNosotras decidimos\u00bb.<\/p>\n<p>El tren Alvia ha hecho escalas en las localidades asturianas de Oviedo, Mieres y Pola de Lena, donde ha recogido a m\u00e1s mujeres y representantes de diferentes organizaciones que esta tarde parar\u00e1n en Valladolid con la intenci\u00f3n de protestar ante la Convenci\u00f3n Nacional del PP, junto con la Coordinadora de Mujeres vallisoletana.<\/p>\n<p>Ya el s\u00e1bado en Madrid, tienen previsto agruparse con el resto de manifestantes de otras ciudades que han sido convocadas por la plataforma \u00abDecidir nos hace libres\u00bb y realizar distintos actos desde Atocha, pasando por la plaza de Neptuno y por el Congreso de los Diputados.<\/p>\n<p>Las mujeres de la \u00abTertulia Les Comadres\u00bb y de \u00abMujeres por la Igualdad de Barredos\u00bb, que han sido las promotoras de esta protesta, ser\u00e1n recibidas en la estaci\u00f3n de Atocha por el resto de las organizaciones, ma\u00f1ana a las 12 horas.<\/p>\n<p>Media hora m\u00e1s tarde, y una vez reunidas en el Paseo del Prado con las pasajeras de los trenes de Sevilla, Valladolid, Toledo, Valencia y Tarragona, entre otros; y de los autobuses de Palencia, Burgos, C\u00e1diz y otras ciudades, arrancar\u00e1 la manifestaci\u00f3n bajo el lema \u00abPorque yo decido\u00bb.<\/p>\n<p>Los asistentes tienen previsto acompa\u00f1ar hasta la plaza de Neptuno a una delegaci\u00f3n de diez mujeres que registrar\u00e1 en el Congreso de los Diputados un documento en el que se rechaza el anteproyecto de la Ley por considerar que \u00abdevuelve los derechos de la mujer al siglo pasado\u00bb.<\/p>\n<p>\u00abPor que yo decido\u00bb, titulo que se le ha dado al documento, exige el mantenimiento de la ley de plazos actual y ser\u00e1 remitido al presidente del Gobierno, Mariano Rajoy, a los ministros de Justicia y Sanidad, Alberto Ruiz-Gallard\u00f3n y Ana Mato, respectivamente, y a todos los grupos que participar\u00e1n en la tramitaci\u00f3n parlamentaria.<\/p>\n<p>\u00abEl Tren de la Libertad\u00bb har\u00e1 su \u00faltima parada en \u00abuna asamblea abierta\u00bb, que se celebrar\u00e1 en el Auditorio Marcelino Camacho de CCOO, a partir de las 15.00 horas, para la que ya han solicitado la palabra m\u00e1s de medio centenar de organizaciones de mujeres, sindicatos, partidos pol\u00edticos y ciudadanas an\u00f3nimas.<\/p>\n<p>Juan Gonz\u00e1lez<\/p>\n","protected":false},"excerpt":{"rendered":"<p>Gij\u00f3n, 31 ene (EFE).- Decenas de mujeres iniciaron hoy en Gij\u00f3n una \u00abmarcha violeta\u00bb hacia Madrid a bordo del denominado \u00abtren de la libertad\u00bb, convencidas de que con su protesta, a la que se han sumado numerosas organizaciones, conseguir\u00e1n paralizar la modificaci\u00f3n de la Ley del Aborto que impulsa el Gobierno. Ataviadas con chalecos de [&hellip;]<\/p>\n","protected":false},"author":1,"featured_media":1132184,"comment_status":"closed","ping_status":"open","sticky":false,"template":"","format":"standard","meta":{"footnotes":""},"categories":[1,12],"tags":[],"class_list":["post-481349","post","type-post","status-publish","format-standard","has-post-thumbnail","hentry","category-actualidad","category-actualidad-asturias"],"aioseo_notices":[],"aioseo_head":"\n\t\t<!-- All in One SEO Pro 5.0.1 - aioseo.com -->\n\t<meta name=\"description\" content=\"Gij\u00f3n, 31 ene (EFE).- Decenas de mujeres iniciaron hoy en Gij\u00f3n una &quot;marcha violeta&quot; hacia Madrid a bordo del denominado &quot;tren de la libertad&quot;, convencidas de que con su protesta, a la que se han sumado numerosas organizaciones, conseguir\u00e1n paralizar la modificaci\u00f3n de la Ley del Aborto que impulsa el Gobierno. Ataviadas con chalecos de\" \/>\n\t<meta name=\"robots\" content=\"max-image-preview:large\" \/>\n\t<meta name=\"author\" content=\"El Digital de Asturias\"\/>\n\t<meta name=\"google-site-verification\" content=\"UA-38556648-1\" \/>\n\t<meta name=\"msvalidate.01\" content=\"7dfe9f3f1b24437ab69f4f2559babe99\" \/>\n\t<meta name=\"keywords\" content=\"actualidad,actualidad asturias\" \/>\n\t<link rel=\"canonical\" href=\"https:\/\/www.eldigitaldeasturias.com\/noticias\/decenas-de-mujeres-iniciaron-hoy-en-gijon-una-marcha-violeta-hacia-madrid\/\" \/>\n\t<meta name=\"generator\" content=\"All in One SEO Pro (AIOSEO) 5.0.1\" \/>\n\t\t<meta property=\"og:locale\" content=\"es_ES\" \/>\n\t\t<meta property=\"og:site_name\" content=\"El Digital de Asturias\" \/>\n\t\t<meta property=\"og:type\" content=\"article\" \/>\n\t\t<meta property=\"og:title\" content=\"Decenas de mujeres iniciaron hoy en Gij\u00f3n una \u00abmarcha violeta\u00bb hacia Madrid - El Digital de Asturias\" \/>\n\t\t<meta property=\"og:description\" content=\"Gij\u00f3n, 31 ene (EFE).- Decenas de mujeres iniciaron hoy en Gij\u00f3n una &quot;marcha violeta&quot; hacia Madrid a bordo del denominado &quot;tren de la libertad&quot;, convencidas de que con su protesta, a la que se han sumado numerosas organizaciones, conseguir\u00e1n paralizar la modificaci\u00f3n de la Ley del Aborto que impulsa el Gobierno. Ataviadas con chalecos de\" \/>\n\t\t<meta property=\"og:url\" content=\"https:\/\/www.eldigitaldeasturias.com\/noticias\/decenas-de-mujeres-iniciaron-hoy-en-gijon-una-marcha-violeta-hacia-madrid\/\" \/>\n\t\t<meta property=\"og:image\" content=\"https:\/\/www.eldigitaldeasturias.com\/noticias\/wp-content\/uploads\/2026\/06\/Contenidos.jpg\" \/>\n\t\t<meta property=\"og:image:secure_url\" content=\"https:\/\/www.eldigitaldeasturias.com\/noticias\/wp-content\/uploads\/2026\/06\/Contenidos.jpg\" \/>\n\t\t<meta property=\"og:image:width\" content=\"1265\" \/>\n\t\t<meta property=\"og:image:height\" content=\"697\" \/>\n\t\t<meta property=\"article:tag\" content=\"actualidad\" \/>\n\t\t<meta property=\"article:tag\" content=\"actualidad asturias\" \/>\n\t\t<meta property=\"article:published_time\" content=\"2014-01-31T22:24:35+00:00\" \/>\n\t\t<meta property=\"article:modified_time\" content=\"2014-01-31T22:24:35+00:00\" \/>\n\t\t<meta property=\"article:publisher\" content=\"https:\/\/facebook.com\/eldigitaldeasturias\" \/>\n\t\t<meta name=\"twitter:card\" content=\"summary_large_image\" \/>\n\t\t<meta name=\"twitter:title\" content=\"Decenas de mujeres iniciaron hoy en Gij\u00f3n una \u00abmarcha violeta\u00bb hacia Madrid - El Digital de Asturias\" \/>\n\t\t<meta name=\"twitter:description\" content=\"Gij\u00f3n, 31 ene (EFE).- Decenas de mujeres iniciaron hoy en Gij\u00f3n una &quot;marcha violeta&quot; hacia Madrid a bordo del denominado &quot;tren de la libertad&quot;, convencidas de que con su protesta, a la que se han sumado numerosas organizaciones, conseguir\u00e1n paralizar la modificaci\u00f3n de la Ley del Aborto que impulsa el Gobierno. Ataviadas con chalecos de\" \/>\n\t\t<meta name=\"twitter:image\" content=\"https:\/\/www.eldigitaldeasturias.com\/noticias\/wp-content\/uploads\/2026\/06\/Contenidos.jpg\" \/>\n\t\t<meta name=\"twitter:label1\" content=\"Escrito por\" \/>\n\t\t<meta name=\"twitter:data1\" content=\"El Digital de Asturias\" \/>\n\t\t<meta name=\"twitter:label2\" content=\"Tiempo de lectura estimado\" \/>\n\t\t<meta name=\"twitter:data2\" content=\"4 minutos\" \/>\n\t\t<script type=\"application\/ld+json\" class=\"aioseo-schema\">\n\t\t\t{\"@context\":\"https:\\\/\\\/schema.org\",\"@graph\":[{\"@type\":\"BlogPosting\",\"@id\":\"https:\\\/\\\/www.eldigitaldeasturias.com\\\/noticias\\\/decenas-de-mujeres-iniciaron-hoy-en-gijon-una-marcha-violeta-hacia-madrid\\\/#blogposting\",\"name\":\"Decenas de mujeres iniciaron hoy en Gij\\u00f3n una \\u00abmarcha violeta\\u00bb hacia Madrid - El Digital de Asturias\",\"headline\":\"Decenas de mujeres iniciaron hoy en Gij\\u00f3n una \\u00abmarcha violeta\\u00bb hacia Madrid\",\"author\":{\"@id\":\"https:\\\/\\\/www.eldigitaldeasturias.com\\\/noticias\\\/author\\\/admin\\\/#author\"},\"publisher\":{\"@id\":\"https:\\\/\\\/www.eldigitaldeasturias.com\\\/noticias\\\/#organization\"},\"image\":{\"@type\":\"ImageObject\",\"url\":\"https:\\\/\\\/www.eldigitaldeasturias.com\\\/noticias\\\/wp-content\\\/uploads\\\/2026\\\/06\\\/Contenidos.jpg\",\"width\":1265,\"height\":697,\"caption\":\"Contenidos\"},\"datePublished\":\"2014-01-31T21:24:35+01:00\",\"dateModified\":\"2014-01-31T21:24:35+01:00\",\"inLanguage\":\"es-ES\",\"mainEntityOfPage\":{\"@id\":\"https:\\\/\\\/www.eldigitaldeasturias.com\\\/noticias\\\/decenas-de-mujeres-iniciaron-hoy-en-gijon-una-marcha-violeta-hacia-madrid\\\/#webpage\"},\"isPartOf\":{\"@id\":\"https:\\\/\\\/www.eldigitaldeasturias.com\\\/noticias\\\/decenas-de-mujeres-iniciaron-hoy-en-gijon-una-marcha-violeta-hacia-madrid\\\/#webpage\"},\"articleSection\":\"Actualidad, Actualidad Asturias\"},{\"@type\":\"BreadcrumbList\",\"@id\":\"https:\\\/\\\/www.eldigitaldeasturias.com\\\/noticias\\\/decenas-de-mujeres-iniciaron-hoy-en-gijon-una-marcha-violeta-hacia-madrid\\\/#breadcrumblist\",\"itemListElement\":[{\"@type\":\"ListItem\",\"@id\":\"https:\\\/\\\/www.eldigitaldeasturias.com\\\/noticias#listItem\",\"position\":1,\"name\":\"Home\",\"item\":\"https:\\\/\\\/www.eldigitaldeasturias.com\\\/noticias\",\"nextItem\":{\"@type\":\"ListItem\",\"@id\":\"https:\\\/\\\/www.eldigitaldeasturias.com\\\/noticias\\\/category\\\/actualidad\\\/#listItem\",\"name\":\"Actualidad\"}},{\"@type\":\"ListItem\",\"@id\":\"https:\\\/\\\/www.eldigitaldeasturias.com\\\/noticias\\\/category\\\/actualidad\\\/#listItem\",\"position\":2,\"name\":\"Actualidad\",\"item\":\"https:\\\/\\\/www.eldigitaldeasturias.com\\\/noticias\\\/category\\\/actualidad\\\/\",\"nextItem\":{\"@type\":\"ListItem\",\"@id\":\"https:\\\/\\\/www.eldigitaldeasturias.com\\\/noticias\\\/decenas-de-mujeres-iniciaron-hoy-en-gijon-una-marcha-violeta-hacia-madrid\\\/#listItem\",\"name\":\"Decenas de mujeres iniciaron hoy en Gij\\u00f3n una \\u00abmarcha violeta\\u00bb hacia Madrid\"},\"previousItem\":{\"@type\":\"ListItem\",\"@id\":\"https:\\\/\\\/www.eldigitaldeasturias.com\\\/noticias#listItem\",\"name\":\"Home\"}},{\"@type\":\"ListItem\",\"@id\":\"https:\\\/\\\/www.eldigitaldeasturias.com\\\/noticias\\\/decenas-de-mujeres-iniciaron-hoy-en-gijon-una-marcha-violeta-hacia-madrid\\\/#listItem\",\"position\":3,\"name\":\"Decenas de mujeres iniciaron hoy en Gij\\u00f3n una \\u00abmarcha violeta\\u00bb hacia Madrid\",\"previousItem\":{\"@type\":\"ListItem\",\"@id\":\"https:\\\/\\\/www.eldigitaldeasturias.com\\\/noticias\\\/category\\\/actualidad\\\/#listItem\",\"name\":\"Actualidad\"}}]},{\"@type\":\"Organization\",\"@id\":\"https:\\\/\\\/www.eldigitaldeasturias.com\\\/noticias\\\/#organization\",\"name\":\"El Digital de Asturias\",\"description\":\"Hemeroteca\",\"url\":\"https:\\\/\\\/www.eldigitaldeasturias.com\\\/noticias\\\/\",\"email\":\"info@eldigitaldeasturias.com\",\"telephone\":\"+34652131393\",\"logo\":{\"@type\":\"ImageObject\",\"url\":\"https:\\\/\\\/www.eldigitaldeasturias.com\\\/noticias\\\/wp-content\\\/uploads\\\/2020\\\/12\\\/EDA.jpg\",\"@id\":\"https:\\\/\\\/www.eldigitaldeasturias.com\\\/noticias\\\/decenas-de-mujeres-iniciaron-hoy-en-gijon-una-marcha-violeta-hacia-madrid\\\/#organizationLogo\"},\"image\":{\"@id\":\"https:\\\/\\\/www.eldigitaldeasturias.com\\\/noticias\\\/decenas-de-mujeres-iniciaron-hoy-en-gijon-una-marcha-violeta-hacia-madrid\\\/#organizationLogo\"},\"sameAs\":[\"https:\\\/\\\/facebook.com\\\/eldigitaldeasturias\",\"https:\\\/\\\/www.youtube.com\\\/channel\\\/UCZP-2wLEB9Rv6erhFmqVnvg\"],\"address\":{\"@id\":\"https:\\\/\\\/www.eldigitaldeasturias.com\\\/noticias\\\/#postaladdress\",\"@type\":\"PostalAddress\",\"streetAddress\":\"san antonio 4\",\"postalCode\":\"33430\",\"addressLocality\":\"Cand\\u00e1s\",\"addressRegion\":\"Asturias\",\"addressCountry\":\"ES\"}},{\"@type\":\"Person\",\"@id\":\"https:\\\/\\\/www.eldigitaldeasturias.com\\\/noticias\\\/author\\\/admin\\\/#author\",\"url\":\"https:\\\/\\\/www.eldigitaldeasturias.com\\\/noticias\\\/author\\\/admin\\\/\",\"name\":\"El Digital de Asturias\",\"image\":{\"@type\":\"ImageObject\",\"@id\":\"https:\\\/\\\/www.eldigitaldeasturias.com\\\/noticias\\\/decenas-de-mujeres-iniciaron-hoy-en-gijon-una-marcha-violeta-hacia-madrid\\\/#authorImage\",\"url\":\"https:\\\/\\\/secure.gravatar.com\\\/avatar\\\/df2aeffc32bcd13f8d26072ef8a91b623d677766deac7f97ca815868cd41bf5e?s=96&d=mm&r=g\",\"width\":96,\"height\":96,\"caption\":\"El Digital de Asturias\"}},{\"@type\":\"WebPage\",\"@id\":\"https:\\\/\\\/www.eldigitaldeasturias.com\\\/noticias\\\/decenas-de-mujeres-iniciaron-hoy-en-gijon-una-marcha-violeta-hacia-madrid\\\/#webpage\",\"url\":\"https:\\\/\\\/www.eldigitaldeasturias.com\\\/noticias\\\/decenas-de-mujeres-iniciaron-hoy-en-gijon-una-marcha-violeta-hacia-madrid\\\/\",\"name\":\"Decenas de mujeres iniciaron hoy en Gij\\u00f3n una \\u00abmarcha violeta\\u00bb hacia Madrid - El Digital de Asturias\",\"description\":\"Gij\\u00f3n, 31 ene (EFE).- Decenas de mujeres iniciaron hoy en Gij\\u00f3n una \\\"marcha violeta\\\" hacia Madrid a bordo del denominado \\\"tren de la libertad\\\", convencidas de que con su protesta, a la que se han sumado numerosas organizaciones, conseguir\\u00e1n paralizar la modificaci\\u00f3n de la Ley del Aborto que impulsa el Gobierno. Ataviadas con chalecos de\",\"inLanguage\":\"es-ES\",\"isPartOf\":{\"@id\":\"https:\\\/\\\/www.eldigitaldeasturias.com\\\/noticias\\\/#website\"},\"breadcrumb\":{\"@id\":\"https:\\\/\\\/www.eldigitaldeasturias.com\\\/noticias\\\/decenas-de-mujeres-iniciaron-hoy-en-gijon-una-marcha-violeta-hacia-madrid\\\/#breadcrumblist\"},\"author\":{\"@id\":\"https:\\\/\\\/www.eldigitaldeasturias.com\\\/noticias\\\/author\\\/admin\\\/#author\"},\"creator\":{\"@id\":\"https:\\\/\\\/www.eldigitaldeasturias.com\\\/noticias\\\/author\\\/admin\\\/#author\"},\"image\":{\"@type\":\"ImageObject\",\"url\":\"https:\\\/\\\/www.eldigitaldeasturias.com\\\/noticias\\\/wp-content\\\/uploads\\\/2026\\\/06\\\/Contenidos.jpg\",\"@id\":\"https:\\\/\\\/www.eldigitaldeasturias.com\\\/noticias\\\/decenas-de-mujeres-iniciaron-hoy-en-gijon-una-marcha-violeta-hacia-madrid\\\/#mainImage\",\"width\":1265,\"height\":697,\"caption\":\"Contenidos\"},\"primaryImageOfPage\":{\"@id\":\"https:\\\/\\\/www.eldigitaldeasturias.com\\\/noticias\\\/decenas-de-mujeres-iniciaron-hoy-en-gijon-una-marcha-violeta-hacia-madrid\\\/#mainImage\"},\"datePublished\":\"2014-01-31T21:24:35+01:00\",\"dateModified\":\"2014-01-31T21:24:35+01:00\"},{\"@type\":\"WebSite\",\"@id\":\"https:\\\/\\\/www.eldigitaldeasturias.com\\\/noticias\\\/#website\",\"url\":\"https:\\\/\\\/www.eldigitaldeasturias.com\\\/noticias\\\/\",\"name\":\"El Digital de Asturias - Diario de actualidad y noticias\",\"alternateName\":\"El Digital de Asturias - Diario de actualidad y noticias\",\"description\":\"Hemeroteca\",\"inLanguage\":\"es-ES\",\"publisher\":{\"@id\":\"https:\\\/\\\/www.eldigitaldeasturias.com\\\/noticias\\\/#organization\"}}]}\n\t\t<\/script>\n\t\t<!-- All in One SEO Pro -->\r\n\t\t<title>Decenas de mujeres iniciaron hoy en Gij\u00f3n una \u00abmarcha violeta\u00bb hacia Madrid - El Digital de Asturias<\/title>\n\n","aioseo_head_json":{"title":"Decenas de mujeres iniciaron hoy en Gij\u00f3n una \u00abmarcha violeta\u00bb hacia Madrid - El Digital de Asturias","description":"Gij\u00f3n, 31 ene (EFE).- Decenas de mujeres iniciaron hoy en Gij\u00f3n una \"marcha violeta\" hacia Madrid a bordo del denominado \"tren de la libertad\", convencidas de que con su protesta, a la que se han sumado numerosas organizaciones, conseguir\u00e1n paralizar la modificaci\u00f3n de la Ley del Aborto que impulsa el Gobierno. Ataviadas con chalecos de","canonical_url":"https:\/\/www.eldigitaldeasturias.com\/noticias\/decenas-de-mujeres-iniciaron-hoy-en-gijon-una-marcha-violeta-hacia-madrid\/","robots":"max-image-preview:large","keywords":"actualidad,actualidad asturias","webmasterTools":{"google-site-verification":"UA-38556648-1","msvalidate.01":"7dfe9f3f1b24437ab69f4f2559babe99","miscellaneous":""},"schema":{"@context":"https:\/\/schema.org","@graph":[{"@type":"BlogPosting","@id":"https:\/\/www.eldigitaldeasturias.com\/noticias\/decenas-de-mujeres-iniciaron-hoy-en-gijon-una-marcha-violeta-hacia-madrid\/#blogposting","name":"Decenas de mujeres iniciaron hoy en Gij\u00f3n una \u00abmarcha violeta\u00bb hacia Madrid - El Digital de Asturias","headline":"Decenas de mujeres iniciaron hoy en Gij\u00f3n una \u00abmarcha violeta\u00bb hacia Madrid","author":{"@id":"https:\/\/www.eldigitaldeasturias.com\/noticias\/author\/admin\/#author"},"publisher":{"@id":"https:\/\/www.eldigitaldeasturias.com\/noticias\/#organization"},"image":{"@type":"ImageObject","url":"https:\/\/www.eldigitaldeasturias.com\/noticias\/wp-content\/uploads\/2026\/06\/Contenidos.jpg","width":1265,"height":697,"caption":"Contenidos"},"datePublished":"2014-01-31T21:24:35+01:00","dateModified":"2014-01-31T21:24:35+01:00","inLanguage":"es-ES","mainEntityOfPage":{"@id":"https:\/\/www.eldigitaldeasturias.com\/noticias\/decenas-de-mujeres-iniciaron-hoy-en-gijon-una-marcha-violeta-hacia-madrid\/#webpage"},"isPartOf":{"@id":"https:\/\/www.eldigitaldeasturias.com\/noticias\/decenas-de-mujeres-iniciaron-hoy-en-gijon-una-marcha-violeta-hacia-madrid\/#webpage"},"articleSection":"Actualidad, Actualidad Asturias"},{"@type":"BreadcrumbList","@id":"https:\/\/www.eldigitaldeasturias.com\/noticias\/decenas-de-mujeres-iniciaron-hoy-en-gijon-una-marcha-violeta-hacia-madrid\/#breadcrumblist","itemListElement":[{"@type":"ListItem","@id":"https:\/\/www.eldigitaldeasturias.com\/noticias#listItem","position":1,"name":"Home","item":"https:\/\/www.eldigitaldeasturias.com\/noticias","nextItem":{"@type":"ListItem","@id":"https:\/\/www.eldigitaldeasturias.com\/noticias\/category\/actualidad\/#listItem","name":"Actualidad"}},{"@type":"ListItem","@id":"https:\/\/www.eldigitaldeasturias.com\/noticias\/category\/actualidad\/#listItem","position":2,"name":"Actualidad","item":"https:\/\/www.eldigitaldeasturias.com\/noticias\/category\/actualidad\/","nextItem":{"@type":"ListItem","@id":"https:\/\/www.eldigitaldeasturias.com\/noticias\/decenas-de-mujeres-iniciaron-hoy-en-gijon-una-marcha-violeta-hacia-madrid\/#listItem","name":"Decenas de mujeres iniciaron hoy en Gij\u00f3n una \u00abmarcha violeta\u00bb hacia Madrid"},"previousItem":{"@type":"ListItem","@id":"https:\/\/www.eldigitaldeasturias.com\/noticias#listItem","name":"Home"}},{"@type":"ListItem","@id":"https:\/\/www.eldigitaldeasturias.com\/noticias\/decenas-de-mujeres-iniciaron-hoy-en-gijon-una-marcha-violeta-hacia-madrid\/#listItem","position":3,"name":"Decenas de mujeres iniciaron hoy en Gij\u00f3n una \u00abmarcha violeta\u00bb hacia Madrid","previousItem":{"@type":"ListItem","@id":"https:\/\/www.eldigitaldeasturias.com\/noticias\/category\/actualidad\/#listItem","name":"Actualidad"}}]},{"@type":"Organization","@id":"https:\/\/www.eldigitaldeasturias.com\/noticias\/#organization","name":"El Digital de Asturias","description":"Hemeroteca","url":"https:\/\/www.eldigitaldeasturias.com\/noticias\/","email":"info@eldigitaldeasturias.com","telephone":"+34652131393","logo":{"@type":"ImageObject","url":"https:\/\/www.eldigitaldeasturias.com\/noticias\/wp-content\/uploads\/2020\/12\/EDA.jpg","@id":"https:\/\/www.eldigitaldeasturias.com\/noticias\/decenas-de-mujeres-iniciaron-hoy-en-gijon-una-marcha-violeta-hacia-madrid\/#organizationLogo"},"image":{"@id":"https:\/\/www.eldigitaldeasturias.com\/noticias\/decenas-de-mujeres-iniciaron-hoy-en-gijon-una-marcha-violeta-hacia-madrid\/#organizationLogo"},"sameAs":["https:\/\/facebook.com\/eldigitaldeasturias","https:\/\/www.youtube.com\/channel\/UCZP-2wLEB9Rv6erhFmqVnvg"],"address":{"@id":"https:\/\/www.eldigitaldeasturias.com\/noticias\/#postaladdress","@type":"PostalAddress","streetAddress":"san antonio 4","postalCode":"33430","addressLocality":"Cand\u00e1s","addressRegion":"Asturias","addressCountry":"ES"}},{"@type":"Person","@id":"https:\/\/www.eldigitaldeasturias.com\/noticias\/author\/admin\/#author","url":"https:\/\/www.eldigitaldeasturias.com\/noticias\/author\/admin\/","name":"El Digital de Asturias","image":{"@type":"ImageObject","@id":"https:\/\/www.eldigitaldeasturias.com\/noticias\/decenas-de-mujeres-iniciaron-hoy-en-gijon-una-marcha-violeta-hacia-madrid\/#authorImage","url":"https:\/\/secure.gravatar.com\/avatar\/df2aeffc32bcd13f8d26072ef8a91b623d677766deac7f97ca815868cd41bf5e?s=96&d=mm&r=g","width":96,"height":96,"caption":"El Digital de Asturias"}},{"@type":"WebPage","@id":"https:\/\/www.eldigitaldeasturias.com\/noticias\/decenas-de-mujeres-iniciaron-hoy-en-gijon-una-marcha-violeta-hacia-madrid\/#webpage","url":"https:\/\/www.eldigitaldeasturias.com\/noticias\/decenas-de-mujeres-iniciaron-hoy-en-gijon-una-marcha-violeta-hacia-madrid\/","name":"Decenas de mujeres iniciaron hoy en Gij\u00f3n una \u00abmarcha violeta\u00bb hacia Madrid - El Digital de Asturias","description":"Gij\u00f3n, 31 ene (EFE).- Decenas de mujeres iniciaron hoy en Gij\u00f3n una \"marcha violeta\" hacia Madrid a bordo del denominado \"tren de la libertad\", convencidas de que con su protesta, a la que se han sumado numerosas organizaciones, conseguir\u00e1n paralizar la modificaci\u00f3n de la Ley del Aborto que impulsa el Gobierno. Ataviadas con chalecos de","inLanguage":"es-ES","isPartOf":{"@id":"https:\/\/www.eldigitaldeasturias.com\/noticias\/#website"},"breadcrumb":{"@id":"https:\/\/www.eldigitaldeasturias.com\/noticias\/decenas-de-mujeres-iniciaron-hoy-en-gijon-una-marcha-violeta-hacia-madrid\/#breadcrumblist"},"author":{"@id":"https:\/\/www.eldigitaldeasturias.com\/noticias\/author\/admin\/#author"},"creator":{"@id":"https:\/\/www.eldigitaldeasturias.com\/noticias\/author\/admin\/#author"},"image":{"@type":"ImageObject","url":"https:\/\/www.eldigitaldeasturias.com\/noticias\/wp-content\/uploads\/2026\/06\/Contenidos.jpg","@id":"https:\/\/www.eldigitaldeasturias.com\/noticias\/decenas-de-mujeres-iniciaron-hoy-en-gijon-una-marcha-violeta-hacia-madrid\/#mainImage","width":1265,"height":697,"caption":"Contenidos"},"primaryImageOfPage":{"@id":"https:\/\/www.eldigitaldeasturias.com\/noticias\/decenas-de-mujeres-iniciaron-hoy-en-gijon-una-marcha-violeta-hacia-madrid\/#mainImage"},"datePublished":"2014-01-31T21:24:35+01:00","dateModified":"2014-01-31T21:24:35+01:00"},{"@type":"WebSite","@id":"https:\/\/www.eldigitaldeasturias.com\/noticias\/#website","url":"https:\/\/www.eldigitaldeasturias.com\/noticias\/","name":"El Digital de Asturias - Diario de actualidad y noticias","alternateName":"El Digital de Asturias - Diario de actualidad y noticias","description":"Hemeroteca","inLanguage":"es-ES","publisher":{"@id":"https:\/\/www.eldigitaldeasturias.com\/noticias\/#organization"}}]},"og:locale":"es_ES","og:site_name":"El Digital de Asturias","og:type":"article","og:title":"Decenas de mujeres iniciaron hoy en Gij\u00f3n una \u00abmarcha violeta\u00bb hacia Madrid - El Digital de Asturias","og:description":"Gij\u00f3n, 31 ene (EFE).- Decenas de mujeres iniciaron hoy en Gij\u00f3n una &quot;marcha violeta&quot; hacia Madrid a bordo del denominado &quot;tren de la libertad&quot;, convencidas de que con su protesta, a la que se han sumado numerosas organizaciones, conseguir\u00e1n paralizar la modificaci\u00f3n de la Ley del Aborto que impulsa el Gobierno. Ataviadas con chalecos de","og:url":"https:\/\/www.eldigitaldeasturias.com\/noticias\/decenas-de-mujeres-iniciaron-hoy-en-gijon-una-marcha-violeta-hacia-madrid\/","og:image":"https:\/\/www.eldigitaldeasturias.com\/noticias\/wp-content\/uploads\/2026\/06\/Contenidos.jpg","og:image:secure_url":"https:\/\/www.eldigitaldeasturias.com\/noticias\/wp-content\/uploads\/2026\/06\/Contenidos.jpg","og:image:width":1265,"og:image:height":697,"article:tag":["actualidad","actualidad asturias"],"article:published_time":"2014-01-31T22:24:35+00:00","article:modified_time":"2014-01-31T22:24:35+00:00","article:publisher":"https:\/\/facebook.com\/eldigitaldeasturias","twitter:card":"summary_large_image","twitter:title":"Decenas de mujeres iniciaron hoy en Gij\u00f3n una \u00abmarcha violeta\u00bb hacia Madrid - El Digital de Asturias","twitter:description":"Gij\u00f3n, 31 ene (EFE).- Decenas de mujeres iniciaron hoy en Gij\u00f3n una &quot;marcha violeta&quot; hacia Madrid a bordo del denominado &quot;tren de la libertad&quot;, convencidas de que con su protesta, a la que se han sumado numerosas organizaciones, conseguir\u00e1n paralizar la modificaci\u00f3n de la Ley del Aborto que impulsa el Gobierno. Ataviadas con chalecos de","twitter:image":"https:\/\/www.eldigitaldeasturias.com\/noticias\/wp-content\/uploads\/2026\/06\/Contenidos.jpg","twitter:label1":"Escrito por","twitter:data1":"El Digital de Asturias","twitter:label2":"Tiempo de lectura estimado","twitter:data2":"4 minutos"},"aioseo_meta_data":{"post_id":"481349","title":null,"description":null,"keywords":null,"keyphrases":null,"primary_term":null,"canonical_url":null,"og_title":null,"og_description":null,"og_object_type":"default","og_image_type":"default","og_image_url":null,"og_image_width":null,"og_image_height":null,"og_image_custom_url":null,"og_image_custom_fields":null,"og_video":null,"og_custom_url":null,"og_article_section":null,"og_article_tags":null,"twitter_use_og":true,"twitter_card":"default","twitter_image_type":"default","twitter_image_url":null,"twitter_image_custom_url":null,"twitter_image_custom_fields":null,"twitter_title":null,"twitter_description":null,"schema":{"blockGraphs":[],"customGraphs":[],"default":{"data":{"Article":[],"Course":[],"Dataset":[],"FAQPage":[],"Movie":[],"Person":[],"Product":[],"ProductReview":[],"Car":[],"Recipe":[],"Service":[],"SoftwareApplication":[],"WebPage":[]},"graphName":"","isEnabled":true},"graphs":[],"defaultGraph":"","defaultPostTypeGraph":""},"schema_type":null,"schema_type_options":null,"pillar_content":false,"robots_default":true,"robots_noindex":false,"robots_noarchive":false,"robots_nosnippet":false,"robots_nofollow":false,"robots_noimageindex":false,"robots_noodp":false,"robots_notranslate":false,"robots_max_snippet":null,"robots_max_videopreview":null,"robots_max_imagepreview":"none","priority":null,"frequency":null,"local_seo":null,"seo_analyzer_scan_date":"2026-06-02 06:29:58","breadcrumb_settings":null,"limit_modified_date":false,"open_ai":null,"ai":null,"created":"2020-11-14 22:54:19","updated":"2026-06-02 06:29:58","focus_keyword":null,"additional_keywords":null,"truseo_locale":null},"aioseo_breadcrumb":"<div class=\"aioseo-breadcrumbs\"><span class=\"aioseo-breadcrumb\">\n\t<a href=\"https:\/\/www.eldigitaldeasturias.com\/noticias\" title=\"Home\">Home<\/a>\n<\/span><span class=\"aioseo-breadcrumb-separator\">\u2013<\/span><span class=\"aioseo-breadcrumb\">\n\t<a href=\"https:\/\/www.eldigitaldeasturias.com\/noticias\/category\/actualidad\/\" title=\"Actualidad\">Actualidad<\/a>\n<\/span><span class=\"aioseo-breadcrumb-separator\">\u2013<\/span><span class=\"aioseo-breadcrumb\">\n\t<a href=\"https:\/\/www.eldigitaldeasturias.com\/noticias\/decenas-de-mujeres-iniciaron-hoy-en-gijon-una-marcha-violeta-hacia-madrid\/\" title=\"Decenas de mujeres iniciaron hoy en Gij\u00f3n una \u00abmarcha violeta\u00bb hacia Madrid\">Decenas de mujeres iniciaron hoy en Gij\u00f3n una \u00abmarcha violeta\u00bb hacia Madrid<\/a>\n<\/span><\/div>","aioseo_breadcrumb_json":[{"label":"Home","link":"https:\/\/www.eldigitaldeasturias.com\/noticias"},{"label":"Actualidad","link":"https:\/\/www.eldigitaldeasturias.com\/noticias\/category\/actualidad\/"},{"label":"Decenas de mujeres iniciaron hoy en Gij\u00f3n una \u00abmarcha violeta\u00bb hacia Madrid","link":"https:\/\/www.eldigitaldeasturias.com\/noticias\/decenas-de-mujeres-iniciaron-hoy-en-gijon-una-marcha-violeta-hacia-madrid\/"}],"_links":{"self":[{"href":"https:\/\/www.eldigitaldeasturias.com\/noticias\/wp-json\/wp\/v2\/posts\/481349","targetHints":{"allow":["GET"]}}],"collection":[{"href":"https:\/\/www.eldigitaldeasturias.com\/noticias\/wp-json\/wp\/v2\/posts"}],"about":[{"href":"https:\/\/www.eldigitaldeasturias.com\/noticias\/wp-json\/wp\/v2\/types\/post"}],"author":[{"embeddable":true,"href":"https:\/\/www.eldigitaldeasturias.com\/noticias\/wp-json\/wp\/v2\/users\/1"}],"replies":[{"embeddable":true,"href":"https:\/\/www.eldigitaldeasturias.com\/noticias\/wp-json\/wp\/v2\/comments?post=481349"}],"version-history":[{"count":0,"href":"https:\/\/www.eldigitaldeasturias.com\/noticias\/wp-json\/wp\/v2\/posts\/481349\/revisions"}],"wp:featuredmedia":[{"embeddable":true,"href":"https:\/\/www.eldigitaldeasturias.com\/noticias\/wp-json\/wp\/v2\/media\/1132184"}],"wp:attachment":[{"href":"https:\/\/www.eldigitaldeasturias.com\/noticias\/wp-json\/wp\/v2\/media?parent=481349"}],"wp:term":[{"taxonomy":"category","embeddable":true,"href":"https:\/\/www.eldigitaldeasturias.com\/noticias\/wp-json\/wp\/v2\/categories?post=481349"},{"taxonomy":"post_tag","embeddable":true,"href":"https:\/\/www.eldigitaldeasturias.com\/noticias\/wp-json\/wp\/v2\/tags?post=481349"}],"curies":[{"name":"wp","href":"https:\/\/api.w.org\/{rel}","templated":true}]}}