{"id":481346,"date":"2014-01-31T21:22:44","date_gmt":"2014-01-31T22:22:44","guid":{"rendered":"http:\/\/www.eldigitaldeasturias.com\/noticias\/?p=481346"},"modified":"2014-01-31T21:22:44","modified_gmt":"2014-01-31T22:22:44","slug":"el-ejercito-ucraniano-toma-la-palabra-en-la-crisis-del-pais","status":"publish","type":"post","link":"https:\/\/www.eldigitaldeasturias.com\/noticias\/el-ejercito-ucraniano-toma-la-palabra-en-la-crisis-del-pais\/","title":{"rendered":"El Ejercito ucraniano toma la palabra en la crisis del pa\u00eds"},"content":{"rendered":"<p><img loading=\"lazy\" decoding=\"async\" class=\"alignleft size-medium wp-image-481347\" alt=\"5894861w\" src=\"https:\/\/www.eldigitaldeasturias.com\/noticias\/wp-content\/uploads\/2014\/01\/5894861w1-360x252.jpg\" width=\"360\" height=\"252\" \/>Kiev, 31 ene (EFE).- El Ej\u00e9rcito ucraniano se pronunci\u00f3 hoy tras dos meses de silencio sobre la grave crisis ucraniana y pidi\u00f3 al presidente del pa\u00eds, V\u00edktor Yanuk\u00f3vich, que tome medidas urgentes para evitar que se ponga en peligro la integridad territorial del Estado.<\/p>\n<p>En un comunicado, del Ministerio de Defensa se calific\u00f3 de \u00abinadmisible\u00bb la toma de edificios gubernamentales por parte de la oposici\u00f3n y \u00ablos impedimentos puestos a los representantes de los \u00f3rganos de poder estatal y local para cumplir sus obligaciones\u00bb.<\/p>\n<p>Los militares subrayaron que \u00abla escalada de la confrontaci\u00f3n amenaza la integridad territorial del Estado\u00bb.<\/p>\n<p>Y mientras la oposici\u00f3n dej\u00f3 de momento sin reacci\u00f3n la preocupaci\u00f3n de los militares, el presidente ucraniano promulg\u00f3 hoy la revocaci\u00f3n de las leyes represivas que causaron los disturbios en Kiev la pasada semana y tambi\u00e9n la amnist\u00eda condicionada para los detenidos durante las protestas de los \u00faltimos dos meses.<\/p>\n<p>Poco antes de esa decisi\u00f3n, el l\u00edder del principal partido de la oposici\u00f3n ucraniana (Batkivshina), Arseni Yatseniuk, pidi\u00f3 a Yanuk\u00f3vich que revoque las leyes represivas como se\u00f1al de que las autoridades tienen la firme determinaci\u00f3n de hallar el compromiso para salir de la crisis que vive el pa\u00eds.<\/p>\n<p>\u00abLa gente no cree en la disposici\u00f3n del poder a una resoluci\u00f3n pac\u00edfica del conflicto en Ucrania\u00bb, dijo Yatseniuk a los medios locales antes de tomar un vuelo a Munich, donde participar\u00e1 en la Conferencia de Seguridad anual que se celebra en la capital b\u00e1vara.<\/p>\n<p>La amnist\u00eda, que podr\u00eda dejar en libertad a la mayor\u00eda de los detenidos desde el 21 de noviembre, cuando estallaron las multitudinarias protestas en toda Ucrania, entrar\u00e1 en vigor solo cuando los activistas opositores desalojen todos los edificios administrativos que han tomado desde entonces y tambi\u00e9n todas las calles con la excepci\u00f3n de la plaza de la Independencia.<\/p>\n<p>Esta plaza, coraz\u00f3n del Euromaid\u00e1n- como se conoce el movimiento de protesta contra Yanuk\u00f3vich y el lugar f\u00edsico en el que cientos de personas viven desde hace dos meses en una ciudadela de tiendas de campa\u00f1a- es la \u00fanica v\u00eda p\u00fablica de Kiev que los opositores pueden seguir ocupando para que entre en vigor la amnist\u00eda.<\/p>\n<p>Las tres formaciones de la oposici\u00f3n parlamentaria y tambi\u00e9n varias organizaciones radicales rechazan la amnist\u00eda, aprobada hace dos d\u00edas en el Parlamento ucraniano por la mayor\u00eda oficialista, y se niegan a abandonar los edificios gubernamentales, entre ellos el Ayuntamiento de Kiev.<\/p>\n<p>Adem\u00e1s, los radicales de la organizaci\u00f3n \u00abSector derecho\u00bb tampoco est\u00e1n dispuestos a dejar las barricadas de la calle Grushevski, a pocos cientos de metros de la sede del Gobierno, que se convirti\u00f3 en el epicentro de los violentos disturbios de la semana pasada.<\/p>\n<p>El Ministerio del Interior ucraniano ya adelant\u00f3 hoy que los detenidos durante los violentos enfrentamientos entre opositores y antidisturbios en las inmediaciones de la calle Grushevski \u00abno son manifestantes pac\u00edficos, sino sospechosos de haber cometido delitos graves\u00bb.<\/p>\n<p>Por tanto, y de acuerdo con la legislaci\u00f3n de gracia promulgada por Yanuk\u00f3vich, no se beneficiar\u00e1n de la amnist\u00eda incluso si la oposici\u00f3n abandona los edificios administrativos y las calles para que el documento entre en vigor.<\/p>\n<p>Por otro lado, el l\u00edder opositor Vitali Klitshk\u00f3 denunci\u00f3 hoy que las torturas a las que fue sometido el activista Dmitro Bul\u00e1tov, que estuvo secuestrado varios d\u00edas, son un intento de intimidar los ciudadanos que no est\u00e1n de acuerdo con las autoridades del pa\u00eds.<\/p>\n<p>El activista, cuyo secuestro fue denunciado el pasado d\u00eda 22, apareci\u00f3 anoche en las afueras de la capital ucraniana con numerosos navajazos en el rostro y en el cuerpo y con parte de una oreja cortada.<\/p>\n<p>\u00abIncluso intentaron crucificarme, me cortaron una oreja, la cara, tengo cortes por todo el cuerpo. Pero gracias a Dios estoy vivo\u00bb, dijo el activista en declaraciones a la televisi\u00f3n ucraniana.<\/p>\n<p>Las protestas opositoras estallaron hace poco m\u00e1s de dos meses despu\u00e9s de que el Gobierno del presidente V\u00edktor Yanuk\u00f3vich aplaz\u00f3 de manera indefinida la firma del Acuerdo de Asociaci\u00f3n con la Uni\u00f3n Europea, prevista para fines de noviembre del a\u00f1o pasado.<\/p>\n<p>Tres d\u00edas despu\u00e9s de la aprobaci\u00f3n de las nueve leyes represoras, la capital ucrania se convirti\u00f3 en escenario de violentos choques entre manifestantes y polic\u00edas antidisturbios que se cobraron varios muertos -seis, seg\u00fan la oposici\u00f3n; tres, de acuerdo a la versi\u00f3n oficial- y centenares de heridos.<\/p>\n<p>El 23 de enero, ante la gravedad de la situaci\u00f3n, las autoridades y los l\u00edderes opositores acordaron una tregua e iniciaron un proceso de negociaciones, en el que la oposici\u00f3n ha conseguido pr\u00e1cticamente todos sus objetivos, salvo la convocatoria de elecciones presidenciales y parlamentarias anticipadas.<\/p>\n<p>Bor\u00eds Klimenko<\/p>\n","protected":false},"excerpt":{"rendered":"<p>Kiev, 31 ene (EFE).- El Ej\u00e9rcito ucraniano se pronunci\u00f3 hoy tras dos meses de silencio sobre la grave crisis ucraniana y pidi\u00f3 al presidente del pa\u00eds, V\u00edktor Yanuk\u00f3vich, que tome medidas urgentes para evitar que se ponga en peligro la integridad territorial del Estado. En un comunicado, del Ministerio de Defensa se calific\u00f3 de \u00abinadmisible\u00bb [&hellip;]<\/p>\n","protected":false},"author":1,"featured_media":1132184,"comment_status":"closed","ping_status":"open","sticky":false,"template":"","format":"standard","meta":{"footnotes":""},"categories":[1],"tags":[],"class_list":["post-481346","post","type-post","status-publish","format-standard","has-post-thumbnail","hentry","category-actualidad"],"aioseo_notices":[],"aioseo_head":"\n\t\t<!-- All in One SEO Pro 5.0.1 - aioseo.com -->\n\t<meta name=\"description\" content=\"Kiev, 31 ene (EFE).- El Ej\u00e9rcito ucraniano se pronunci\u00f3 hoy tras dos meses de silencio sobre la grave crisis ucraniana y pidi\u00f3 al presidente del pa\u00eds, V\u00edktor Yanuk\u00f3vich, que tome medidas urgentes para evitar que se ponga en peligro la integridad territorial del Estado. En un comunicado, del Ministerio de Defensa se calific\u00f3 de &quot;inadmisible&quot;\" \/>\n\t<meta name=\"robots\" content=\"max-image-preview:large\" \/>\n\t<meta name=\"author\" content=\"El Digital de Asturias\"\/>\n\t<meta name=\"google-site-verification\" content=\"UA-38556648-1\" \/>\n\t<meta name=\"msvalidate.01\" content=\"7dfe9f3f1b24437ab69f4f2559babe99\" \/>\n\t<meta name=\"keywords\" content=\"actualidad\" \/>\n\t<link rel=\"canonical\" href=\"https:\/\/www.eldigitaldeasturias.com\/noticias\/el-ejercito-ucraniano-toma-la-palabra-en-la-crisis-del-pais\/\" \/>\n\t<meta name=\"generator\" content=\"All in One SEO Pro (AIOSEO) 5.0.1\" \/>\n\t\t<meta property=\"og:locale\" content=\"es_ES\" \/>\n\t\t<meta property=\"og:site_name\" content=\"El Digital de Asturias\" \/>\n\t\t<meta property=\"og:type\" content=\"article\" \/>\n\t\t<meta property=\"og:title\" content=\"El Ejercito ucraniano toma la palabra en la crisis del pa\u00eds - El Digital de Asturias\" \/>\n\t\t<meta property=\"og:description\" content=\"Kiev, 31 ene (EFE).- El Ej\u00e9rcito ucraniano se pronunci\u00f3 hoy tras dos meses de silencio sobre la grave crisis ucraniana y pidi\u00f3 al presidente del pa\u00eds, V\u00edktor Yanuk\u00f3vich, que tome medidas urgentes para evitar que se ponga en peligro la integridad territorial del Estado. En un comunicado, del Ministerio de Defensa se calific\u00f3 de &quot;inadmisible&quot;\" \/>\n\t\t<meta property=\"og:url\" content=\"https:\/\/www.eldigitaldeasturias.com\/noticias\/el-ejercito-ucraniano-toma-la-palabra-en-la-crisis-del-pais\/\" \/>\n\t\t<meta property=\"og:image\" content=\"https:\/\/www.eldigitaldeasturias.com\/noticias\/wp-content\/uploads\/2026\/06\/Contenidos.jpg\" \/>\n\t\t<meta property=\"og:image:secure_url\" content=\"https:\/\/www.eldigitaldeasturias.com\/noticias\/wp-content\/uploads\/2026\/06\/Contenidos.jpg\" \/>\n\t\t<meta property=\"og:image:width\" content=\"1265\" \/>\n\t\t<meta property=\"og:image:height\" content=\"697\" \/>\n\t\t<meta property=\"article:tag\" content=\"actualidad\" \/>\n\t\t<meta property=\"article:published_time\" content=\"2014-01-31T22:22:44+00:00\" \/>\n\t\t<meta property=\"article:modified_time\" content=\"2014-01-31T22:22:44+00:00\" \/>\n\t\t<meta property=\"article:publisher\" content=\"https:\/\/facebook.com\/eldigitaldeasturias\" \/>\n\t\t<meta name=\"twitter:card\" content=\"summary_large_image\" \/>\n\t\t<meta name=\"twitter:title\" content=\"El Ejercito ucraniano toma la palabra en la crisis del pa\u00eds - El Digital de Asturias\" \/>\n\t\t<meta name=\"twitter:description\" content=\"Kiev, 31 ene (EFE).- El Ej\u00e9rcito ucraniano se pronunci\u00f3 hoy tras dos meses de silencio sobre la grave crisis ucraniana y pidi\u00f3 al presidente del pa\u00eds, V\u00edktor Yanuk\u00f3vich, que tome medidas urgentes para evitar que se ponga en peligro la integridad territorial del Estado. En un comunicado, del Ministerio de Defensa se calific\u00f3 de &quot;inadmisible&quot;\" \/>\n\t\t<meta name=\"twitter:image\" content=\"https:\/\/www.eldigitaldeasturias.com\/noticias\/wp-content\/uploads\/2026\/06\/Contenidos.jpg\" \/>\n\t\t<meta name=\"twitter:label1\" content=\"Escrito por\" \/>\n\t\t<meta name=\"twitter:data1\" content=\"El Digital de Asturias\" \/>\n\t\t<meta name=\"twitter:label2\" content=\"Tiempo de lectura estimado\" \/>\n\t\t<meta name=\"twitter:data2\" content=\"4 minutos\" \/>\n\t\t<script type=\"application\/ld+json\" class=\"aioseo-schema\">\n\t\t\t{\"@context\":\"https:\\\/\\\/schema.org\",\"@graph\":[{\"@type\":\"BlogPosting\",\"@id\":\"https:\\\/\\\/www.eldigitaldeasturias.com\\\/noticias\\\/el-ejercito-ucraniano-toma-la-palabra-en-la-crisis-del-pais\\\/#blogposting\",\"name\":\"El Ejercito ucraniano toma la palabra en la crisis del pa\\u00eds - El Digital de Asturias\",\"headline\":\"El Ejercito ucraniano toma la palabra en la crisis del pa\\u00eds\",\"author\":{\"@id\":\"https:\\\/\\\/www.eldigitaldeasturias.com\\\/noticias\\\/author\\\/admin\\\/#author\"},\"publisher\":{\"@id\":\"https:\\\/\\\/www.eldigitaldeasturias.com\\\/noticias\\\/#organization\"},\"image\":{\"@type\":\"ImageObject\",\"url\":\"https:\\\/\\\/www.eldigitaldeasturias.com\\\/noticias\\\/wp-content\\\/uploads\\\/2026\\\/06\\\/Contenidos.jpg\",\"width\":1265,\"height\":697,\"caption\":\"Contenidos\"},\"datePublished\":\"2014-01-31T21:22:44+01:00\",\"dateModified\":\"2014-01-31T21:22:44+01:00\",\"inLanguage\":\"es-ES\",\"mainEntityOfPage\":{\"@id\":\"https:\\\/\\\/www.eldigitaldeasturias.com\\\/noticias\\\/el-ejercito-ucraniano-toma-la-palabra-en-la-crisis-del-pais\\\/#webpage\"},\"isPartOf\":{\"@id\":\"https:\\\/\\\/www.eldigitaldeasturias.com\\\/noticias\\\/el-ejercito-ucraniano-toma-la-palabra-en-la-crisis-del-pais\\\/#webpage\"},\"articleSection\":\"Actualidad\"},{\"@type\":\"BreadcrumbList\",\"@id\":\"https:\\\/\\\/www.eldigitaldeasturias.com\\\/noticias\\\/el-ejercito-ucraniano-toma-la-palabra-en-la-crisis-del-pais\\\/#breadcrumblist\",\"itemListElement\":[{\"@type\":\"ListItem\",\"@id\":\"https:\\\/\\\/www.eldigitaldeasturias.com\\\/noticias#listItem\",\"position\":1,\"name\":\"Home\",\"item\":\"https:\\\/\\\/www.eldigitaldeasturias.com\\\/noticias\",\"nextItem\":{\"@type\":\"ListItem\",\"@id\":\"https:\\\/\\\/www.eldigitaldeasturias.com\\\/noticias\\\/category\\\/actualidad\\\/#listItem\",\"name\":\"Actualidad\"}},{\"@type\":\"ListItem\",\"@id\":\"https:\\\/\\\/www.eldigitaldeasturias.com\\\/noticias\\\/category\\\/actualidad\\\/#listItem\",\"position\":2,\"name\":\"Actualidad\",\"item\":\"https:\\\/\\\/www.eldigitaldeasturias.com\\\/noticias\\\/category\\\/actualidad\\\/\",\"nextItem\":{\"@type\":\"ListItem\",\"@id\":\"https:\\\/\\\/www.eldigitaldeasturias.com\\\/noticias\\\/el-ejercito-ucraniano-toma-la-palabra-en-la-crisis-del-pais\\\/#listItem\",\"name\":\"El Ejercito ucraniano toma la palabra en la crisis del pa\\u00eds\"},\"previousItem\":{\"@type\":\"ListItem\",\"@id\":\"https:\\\/\\\/www.eldigitaldeasturias.com\\\/noticias#listItem\",\"name\":\"Home\"}},{\"@type\":\"ListItem\",\"@id\":\"https:\\\/\\\/www.eldigitaldeasturias.com\\\/noticias\\\/el-ejercito-ucraniano-toma-la-palabra-en-la-crisis-del-pais\\\/#listItem\",\"position\":3,\"name\":\"El Ejercito ucraniano toma la palabra en la crisis del pa\\u00eds\",\"previousItem\":{\"@type\":\"ListItem\",\"@id\":\"https:\\\/\\\/www.eldigitaldeasturias.com\\\/noticias\\\/category\\\/actualidad\\\/#listItem\",\"name\":\"Actualidad\"}}]},{\"@type\":\"Organization\",\"@id\":\"https:\\\/\\\/www.eldigitaldeasturias.com\\\/noticias\\\/#organization\",\"name\":\"El Digital de Asturias\",\"description\":\"Hemeroteca\",\"url\":\"https:\\\/\\\/www.eldigitaldeasturias.com\\\/noticias\\\/\",\"email\":\"info@eldigitaldeasturias.com\",\"telephone\":\"+34652131393\",\"logo\":{\"@type\":\"ImageObject\",\"url\":\"https:\\\/\\\/www.eldigitaldeasturias.com\\\/noticias\\\/wp-content\\\/uploads\\\/2020\\\/12\\\/EDA.jpg\",\"@id\":\"https:\\\/\\\/www.eldigitaldeasturias.com\\\/noticias\\\/el-ejercito-ucraniano-toma-la-palabra-en-la-crisis-del-pais\\\/#organizationLogo\"},\"image\":{\"@id\":\"https:\\\/\\\/www.eldigitaldeasturias.com\\\/noticias\\\/el-ejercito-ucraniano-toma-la-palabra-en-la-crisis-del-pais\\\/#organizationLogo\"},\"sameAs\":[\"https:\\\/\\\/facebook.com\\\/eldigitaldeasturias\",\"https:\\\/\\\/www.youtube.com\\\/channel\\\/UCZP-2wLEB9Rv6erhFmqVnvg\"],\"address\":{\"@id\":\"https:\\\/\\\/www.eldigitaldeasturias.com\\\/noticias\\\/#postaladdress\",\"@type\":\"PostalAddress\",\"streetAddress\":\"san antonio 4\",\"postalCode\":\"33430\",\"addressLocality\":\"Cand\\u00e1s\",\"addressRegion\":\"Asturias\",\"addressCountry\":\"ES\"}},{\"@type\":\"Person\",\"@id\":\"https:\\\/\\\/www.eldigitaldeasturias.com\\\/noticias\\\/author\\\/admin\\\/#author\",\"url\":\"https:\\\/\\\/www.eldigitaldeasturias.com\\\/noticias\\\/author\\\/admin\\\/\",\"name\":\"El Digital de Asturias\",\"image\":{\"@type\":\"ImageObject\",\"@id\":\"https:\\\/\\\/www.eldigitaldeasturias.com\\\/noticias\\\/el-ejercito-ucraniano-toma-la-palabra-en-la-crisis-del-pais\\\/#authorImage\",\"url\":\"https:\\\/\\\/secure.gravatar.com\\\/avatar\\\/df2aeffc32bcd13f8d26072ef8a91b623d677766deac7f97ca815868cd41bf5e?s=96&d=mm&r=g\",\"width\":96,\"height\":96,\"caption\":\"El Digital de Asturias\"}},{\"@type\":\"WebPage\",\"@id\":\"https:\\\/\\\/www.eldigitaldeasturias.com\\\/noticias\\\/el-ejercito-ucraniano-toma-la-palabra-en-la-crisis-del-pais\\\/#webpage\",\"url\":\"https:\\\/\\\/www.eldigitaldeasturias.com\\\/noticias\\\/el-ejercito-ucraniano-toma-la-palabra-en-la-crisis-del-pais\\\/\",\"name\":\"El Ejercito ucraniano toma la palabra en la crisis del pa\\u00eds - El Digital de Asturias\",\"description\":\"Kiev, 31 ene (EFE).- El Ej\\u00e9rcito ucraniano se pronunci\\u00f3 hoy tras dos meses de silencio sobre la grave crisis ucraniana y pidi\\u00f3 al presidente del pa\\u00eds, V\\u00edktor Yanuk\\u00f3vich, que tome medidas urgentes para evitar que se ponga en peligro la integridad territorial del Estado. En un comunicado, del Ministerio de Defensa se calific\\u00f3 de \\\"inadmisible\\\"\",\"inLanguage\":\"es-ES\",\"isPartOf\":{\"@id\":\"https:\\\/\\\/www.eldigitaldeasturias.com\\\/noticias\\\/#website\"},\"breadcrumb\":{\"@id\":\"https:\\\/\\\/www.eldigitaldeasturias.com\\\/noticias\\\/el-ejercito-ucraniano-toma-la-palabra-en-la-crisis-del-pais\\\/#breadcrumblist\"},\"author\":{\"@id\":\"https:\\\/\\\/www.eldigitaldeasturias.com\\\/noticias\\\/author\\\/admin\\\/#author\"},\"creator\":{\"@id\":\"https:\\\/\\\/www.eldigitaldeasturias.com\\\/noticias\\\/author\\\/admin\\\/#author\"},\"image\":{\"@type\":\"ImageObject\",\"url\":\"https:\\\/\\\/www.eldigitaldeasturias.com\\\/noticias\\\/wp-content\\\/uploads\\\/2026\\\/06\\\/Contenidos.jpg\",\"@id\":\"https:\\\/\\\/www.eldigitaldeasturias.com\\\/noticias\\\/el-ejercito-ucraniano-toma-la-palabra-en-la-crisis-del-pais\\\/#mainImage\",\"width\":1265,\"height\":697,\"caption\":\"Contenidos\"},\"primaryImageOfPage\":{\"@id\":\"https:\\\/\\\/www.eldigitaldeasturias.com\\\/noticias\\\/el-ejercito-ucraniano-toma-la-palabra-en-la-crisis-del-pais\\\/#mainImage\"},\"datePublished\":\"2014-01-31T21:22:44+01:00\",\"dateModified\":\"2014-01-31T21:22:44+01:00\"},{\"@type\":\"WebSite\",\"@id\":\"https:\\\/\\\/www.eldigitaldeasturias.com\\\/noticias\\\/#website\",\"url\":\"https:\\\/\\\/www.eldigitaldeasturias.com\\\/noticias\\\/\",\"name\":\"El Digital de Asturias - Diario de actualidad y noticias\",\"alternateName\":\"El Digital de Asturias - Diario de actualidad y noticias\",\"description\":\"Hemeroteca\",\"inLanguage\":\"es-ES\",\"publisher\":{\"@id\":\"https:\\\/\\\/www.eldigitaldeasturias.com\\\/noticias\\\/#organization\"}}]}\n\t\t<\/script>\n\t\t<!-- All in One SEO Pro -->\r\n\t\t<title>El Ejercito ucraniano toma la palabra en la crisis del pa\u00eds - El Digital de Asturias<\/title>\n\n","aioseo_head_json":{"title":"El Ejercito ucraniano toma la palabra en la crisis del pa\u00eds - El Digital de Asturias","description":"Kiev, 31 ene (EFE).- El Ej\u00e9rcito ucraniano se pronunci\u00f3 hoy tras dos meses de silencio sobre la grave crisis ucraniana y pidi\u00f3 al presidente del pa\u00eds, V\u00edktor Yanuk\u00f3vich, que tome medidas urgentes para evitar que se ponga en peligro la integridad territorial del Estado. En un comunicado, del Ministerio de Defensa se calific\u00f3 de \"inadmisible\"","canonical_url":"https:\/\/www.eldigitaldeasturias.com\/noticias\/el-ejercito-ucraniano-toma-la-palabra-en-la-crisis-del-pais\/","robots":"max-image-preview:large","keywords":"actualidad","webmasterTools":{"google-site-verification":"UA-38556648-1","msvalidate.01":"7dfe9f3f1b24437ab69f4f2559babe99","miscellaneous":""},"schema":{"@context":"https:\/\/schema.org","@graph":[{"@type":"BlogPosting","@id":"https:\/\/www.eldigitaldeasturias.com\/noticias\/el-ejercito-ucraniano-toma-la-palabra-en-la-crisis-del-pais\/#blogposting","name":"El Ejercito ucraniano toma la palabra en la crisis del pa\u00eds - El Digital de Asturias","headline":"El Ejercito ucraniano toma la palabra en la crisis del pa\u00eds","author":{"@id":"https:\/\/www.eldigitaldeasturias.com\/noticias\/author\/admin\/#author"},"publisher":{"@id":"https:\/\/www.eldigitaldeasturias.com\/noticias\/#organization"},"image":{"@type":"ImageObject","url":"https:\/\/www.eldigitaldeasturias.com\/noticias\/wp-content\/uploads\/2026\/06\/Contenidos.jpg","width":1265,"height":697,"caption":"Contenidos"},"datePublished":"2014-01-31T21:22:44+01:00","dateModified":"2014-01-31T21:22:44+01:00","inLanguage":"es-ES","mainEntityOfPage":{"@id":"https:\/\/www.eldigitaldeasturias.com\/noticias\/el-ejercito-ucraniano-toma-la-palabra-en-la-crisis-del-pais\/#webpage"},"isPartOf":{"@id":"https:\/\/www.eldigitaldeasturias.com\/noticias\/el-ejercito-ucraniano-toma-la-palabra-en-la-crisis-del-pais\/#webpage"},"articleSection":"Actualidad"},{"@type":"BreadcrumbList","@id":"https:\/\/www.eldigitaldeasturias.com\/noticias\/el-ejercito-ucraniano-toma-la-palabra-en-la-crisis-del-pais\/#breadcrumblist","itemListElement":[{"@type":"ListItem","@id":"https:\/\/www.eldigitaldeasturias.com\/noticias#listItem","position":1,"name":"Home","item":"https:\/\/www.eldigitaldeasturias.com\/noticias","nextItem":{"@type":"ListItem","@id":"https:\/\/www.eldigitaldeasturias.com\/noticias\/category\/actualidad\/#listItem","name":"Actualidad"}},{"@type":"ListItem","@id":"https:\/\/www.eldigitaldeasturias.com\/noticias\/category\/actualidad\/#listItem","position":2,"name":"Actualidad","item":"https:\/\/www.eldigitaldeasturias.com\/noticias\/category\/actualidad\/","nextItem":{"@type":"ListItem","@id":"https:\/\/www.eldigitaldeasturias.com\/noticias\/el-ejercito-ucraniano-toma-la-palabra-en-la-crisis-del-pais\/#listItem","name":"El Ejercito ucraniano toma la palabra en la crisis del pa\u00eds"},"previousItem":{"@type":"ListItem","@id":"https:\/\/www.eldigitaldeasturias.com\/noticias#listItem","name":"Home"}},{"@type":"ListItem","@id":"https:\/\/www.eldigitaldeasturias.com\/noticias\/el-ejercito-ucraniano-toma-la-palabra-en-la-crisis-del-pais\/#listItem","position":3,"name":"El Ejercito ucraniano toma la palabra en la crisis del pa\u00eds","previousItem":{"@type":"ListItem","@id":"https:\/\/www.eldigitaldeasturias.com\/noticias\/category\/actualidad\/#listItem","name":"Actualidad"}}]},{"@type":"Organization","@id":"https:\/\/www.eldigitaldeasturias.com\/noticias\/#organization","name":"El Digital de Asturias","description":"Hemeroteca","url":"https:\/\/www.eldigitaldeasturias.com\/noticias\/","email":"info@eldigitaldeasturias.com","telephone":"+34652131393","logo":{"@type":"ImageObject","url":"https:\/\/www.eldigitaldeasturias.com\/noticias\/wp-content\/uploads\/2020\/12\/EDA.jpg","@id":"https:\/\/www.eldigitaldeasturias.com\/noticias\/el-ejercito-ucraniano-toma-la-palabra-en-la-crisis-del-pais\/#organizationLogo"},"image":{"@id":"https:\/\/www.eldigitaldeasturias.com\/noticias\/el-ejercito-ucraniano-toma-la-palabra-en-la-crisis-del-pais\/#organizationLogo"},"sameAs":["https:\/\/facebook.com\/eldigitaldeasturias","https:\/\/www.youtube.com\/channel\/UCZP-2wLEB9Rv6erhFmqVnvg"],"address":{"@id":"https:\/\/www.eldigitaldeasturias.com\/noticias\/#postaladdress","@type":"PostalAddress","streetAddress":"san antonio 4","postalCode":"33430","addressLocality":"Cand\u00e1s","addressRegion":"Asturias","addressCountry":"ES"}},{"@type":"Person","@id":"https:\/\/www.eldigitaldeasturias.com\/noticias\/author\/admin\/#author","url":"https:\/\/www.eldigitaldeasturias.com\/noticias\/author\/admin\/","name":"El Digital de Asturias","image":{"@type":"ImageObject","@id":"https:\/\/www.eldigitaldeasturias.com\/noticias\/el-ejercito-ucraniano-toma-la-palabra-en-la-crisis-del-pais\/#authorImage","url":"https:\/\/secure.gravatar.com\/avatar\/df2aeffc32bcd13f8d26072ef8a91b623d677766deac7f97ca815868cd41bf5e?s=96&d=mm&r=g","width":96,"height":96,"caption":"El Digital de Asturias"}},{"@type":"WebPage","@id":"https:\/\/www.eldigitaldeasturias.com\/noticias\/el-ejercito-ucraniano-toma-la-palabra-en-la-crisis-del-pais\/#webpage","url":"https:\/\/www.eldigitaldeasturias.com\/noticias\/el-ejercito-ucraniano-toma-la-palabra-en-la-crisis-del-pais\/","name":"El Ejercito ucraniano toma la palabra en la crisis del pa\u00eds - El Digital de Asturias","description":"Kiev, 31 ene (EFE).- El Ej\u00e9rcito ucraniano se pronunci\u00f3 hoy tras dos meses de silencio sobre la grave crisis ucraniana y pidi\u00f3 al presidente del pa\u00eds, V\u00edktor Yanuk\u00f3vich, que tome medidas urgentes para evitar que se ponga en peligro la integridad territorial del Estado. En un comunicado, del Ministerio de Defensa se calific\u00f3 de \"inadmisible\"","inLanguage":"es-ES","isPartOf":{"@id":"https:\/\/www.eldigitaldeasturias.com\/noticias\/#website"},"breadcrumb":{"@id":"https:\/\/www.eldigitaldeasturias.com\/noticias\/el-ejercito-ucraniano-toma-la-palabra-en-la-crisis-del-pais\/#breadcrumblist"},"author":{"@id":"https:\/\/www.eldigitaldeasturias.com\/noticias\/author\/admin\/#author"},"creator":{"@id":"https:\/\/www.eldigitaldeasturias.com\/noticias\/author\/admin\/#author"},"image":{"@type":"ImageObject","url":"https:\/\/www.eldigitaldeasturias.com\/noticias\/wp-content\/uploads\/2026\/06\/Contenidos.jpg","@id":"https:\/\/www.eldigitaldeasturias.com\/noticias\/el-ejercito-ucraniano-toma-la-palabra-en-la-crisis-del-pais\/#mainImage","width":1265,"height":697,"caption":"Contenidos"},"primaryImageOfPage":{"@id":"https:\/\/www.eldigitaldeasturias.com\/noticias\/el-ejercito-ucraniano-toma-la-palabra-en-la-crisis-del-pais\/#mainImage"},"datePublished":"2014-01-31T21:22:44+01:00","dateModified":"2014-01-31T21:22:44+01:00"},{"@type":"WebSite","@id":"https:\/\/www.eldigitaldeasturias.com\/noticias\/#website","url":"https:\/\/www.eldigitaldeasturias.com\/noticias\/","name":"El Digital de Asturias - Diario de actualidad y noticias","alternateName":"El Digital de Asturias - Diario de actualidad y noticias","description":"Hemeroteca","inLanguage":"es-ES","publisher":{"@id":"https:\/\/www.eldigitaldeasturias.com\/noticias\/#organization"}}]},"og:locale":"es_ES","og:site_name":"El Digital de Asturias","og:type":"article","og:title":"El Ejercito ucraniano toma la palabra en la crisis del pa\u00eds - El Digital de Asturias","og:description":"Kiev, 31 ene (EFE).- El Ej\u00e9rcito ucraniano se pronunci\u00f3 hoy tras dos meses de silencio sobre la grave crisis ucraniana y pidi\u00f3 al presidente del pa\u00eds, V\u00edktor Yanuk\u00f3vich, que tome medidas urgentes para evitar que se ponga en peligro la integridad territorial del Estado. En un comunicado, del Ministerio de Defensa se calific\u00f3 de &quot;inadmisible&quot;","og:url":"https:\/\/www.eldigitaldeasturias.com\/noticias\/el-ejercito-ucraniano-toma-la-palabra-en-la-crisis-del-pais\/","og:image":"https:\/\/www.eldigitaldeasturias.com\/noticias\/wp-content\/uploads\/2026\/06\/Contenidos.jpg","og:image:secure_url":"https:\/\/www.eldigitaldeasturias.com\/noticias\/wp-content\/uploads\/2026\/06\/Contenidos.jpg","og:image:width":1265,"og:image:height":697,"article:tag":["actualidad"],"article:published_time":"2014-01-31T22:22:44+00:00","article:modified_time":"2014-01-31T22:22:44+00:00","article:publisher":"https:\/\/facebook.com\/eldigitaldeasturias","twitter:card":"summary_large_image","twitter:title":"El Ejercito ucraniano toma la palabra en la crisis del pa\u00eds - El Digital de Asturias","twitter:description":"Kiev, 31 ene (EFE).- El Ej\u00e9rcito ucraniano se pronunci\u00f3 hoy tras dos meses de silencio sobre la grave crisis ucraniana y pidi\u00f3 al presidente del pa\u00eds, V\u00edktor Yanuk\u00f3vich, que tome medidas urgentes para evitar que se ponga en peligro la integridad territorial del Estado. En un comunicado, del Ministerio de Defensa se calific\u00f3 de &quot;inadmisible&quot;","twitter:image":"https:\/\/www.eldigitaldeasturias.com\/noticias\/wp-content\/uploads\/2026\/06\/Contenidos.jpg","twitter:label1":"Escrito por","twitter:data1":"El Digital de Asturias","twitter:label2":"Tiempo de lectura estimado","twitter:data2":"4 minutos"},"aioseo_meta_data":{"post_id":"481346","title":null,"description":null,"keywords":null,"keyphrases":null,"primary_term":null,"canonical_url":null,"og_title":null,"og_description":null,"og_object_type":"default","og_image_type":"default","og_image_url":null,"og_image_width":null,"og_image_height":null,"og_image_custom_url":null,"og_image_custom_fields":null,"og_video":null,"og_custom_url":null,"og_article_section":null,"og_article_tags":null,"twitter_use_og":true,"twitter_card":"default","twitter_image_type":"default","twitter_image_url":null,"twitter_image_custom_url":null,"twitter_image_custom_fields":null,"twitter_title":null,"twitter_description":null,"schema":{"blockGraphs":[],"customGraphs":[],"default":{"data":{"Article":[],"Course":[],"Dataset":[],"FAQPage":[],"Movie":[],"Person":[],"Product":[],"ProductReview":[],"Car":[],"Recipe":[],"Service":[],"SoftwareApplication":[],"WebPage":[]},"graphName":"","isEnabled":true},"graphs":[],"defaultGraph":"","defaultPostTypeGraph":""},"schema_type":null,"schema_type_options":null,"pillar_content":false,"robots_default":true,"robots_noindex":false,"robots_noarchive":false,"robots_nosnippet":false,"robots_nofollow":false,"robots_noimageindex":false,"robots_noodp":false,"robots_notranslate":false,"robots_max_snippet":null,"robots_max_videopreview":null,"robots_max_imagepreview":"none","priority":null,"frequency":null,"local_seo":null,"seo_analyzer_scan_date":"2026-06-02 06:29:57","breadcrumb_settings":null,"limit_modified_date":false,"open_ai":null,"ai":null,"created":"2020-11-14 22:54:19","updated":"2026-06-02 06:29:57","focus_keyword":null,"additional_keywords":null,"truseo_locale":null},"aioseo_breadcrumb":"<div class=\"aioseo-breadcrumbs\"><span class=\"aioseo-breadcrumb\">\n\t<a href=\"https:\/\/www.eldigitaldeasturias.com\/noticias\" title=\"Home\">Home<\/a>\n<\/span><span class=\"aioseo-breadcrumb-separator\">\u2013<\/span><span class=\"aioseo-breadcrumb\">\n\t<a href=\"https:\/\/www.eldigitaldeasturias.com\/noticias\/category\/actualidad\/\" title=\"Actualidad\">Actualidad<\/a>\n<\/span><span class=\"aioseo-breadcrumb-separator\">\u2013<\/span><span class=\"aioseo-breadcrumb\">\n\t<a href=\"https:\/\/www.eldigitaldeasturias.com\/noticias\/el-ejercito-ucraniano-toma-la-palabra-en-la-crisis-del-pais\/\" title=\"El Ejercito ucraniano toma la palabra en la crisis del pa\u00eds\">El Ejercito ucraniano toma la palabra en la crisis del pa\u00eds<\/a>\n<\/span><\/div>","aioseo_breadcrumb_json":[{"label":"Home","link":"https:\/\/www.eldigitaldeasturias.com\/noticias"},{"label":"Actualidad","link":"https:\/\/www.eldigitaldeasturias.com\/noticias\/category\/actualidad\/"},{"label":"El Ejercito ucraniano toma la palabra en la crisis del pa\u00eds","link":"https:\/\/www.eldigitaldeasturias.com\/noticias\/el-ejercito-ucraniano-toma-la-palabra-en-la-crisis-del-pais\/"}],"_links":{"self":[{"href":"https:\/\/www.eldigitaldeasturias.com\/noticias\/wp-json\/wp\/v2\/posts\/481346","targetHints":{"allow":["GET"]}}],"collection":[{"href":"https:\/\/www.eldigitaldeasturias.com\/noticias\/wp-json\/wp\/v2\/posts"}],"about":[{"href":"https:\/\/www.eldigitaldeasturias.com\/noticias\/wp-json\/wp\/v2\/types\/post"}],"author":[{"embeddable":true,"href":"https:\/\/www.eldigitaldeasturias.com\/noticias\/wp-json\/wp\/v2\/users\/1"}],"replies":[{"embeddable":true,"href":"https:\/\/www.eldigitaldeasturias.com\/noticias\/wp-json\/wp\/v2\/comments?post=481346"}],"version-history":[{"count":0,"href":"https:\/\/www.eldigitaldeasturias.com\/noticias\/wp-json\/wp\/v2\/posts\/481346\/revisions"}],"wp:featuredmedia":[{"embeddable":true,"href":"https:\/\/www.eldigitaldeasturias.com\/noticias\/wp-json\/wp\/v2\/media\/1132184"}],"wp:attachment":[{"href":"https:\/\/www.eldigitaldeasturias.com\/noticias\/wp-json\/wp\/v2\/media?parent=481346"}],"wp:term":[{"taxonomy":"category","embeddable":true,"href":"https:\/\/www.eldigitaldeasturias.com\/noticias\/wp-json\/wp\/v2\/categories?post=481346"},{"taxonomy":"post_tag","embeddable":true,"href":"https:\/\/www.eldigitaldeasturias.com\/noticias\/wp-json\/wp\/v2\/tags?post=481346"}],"curies":[{"name":"wp","href":"https:\/\/api.w.org\/{rel}","templated":true}]}}