{"id":481343,"date":"2014-01-31T21:21:17","date_gmt":"2014-01-31T22:21:17","guid":{"rendered":"http:\/\/www.eldigitaldeasturias.com\/noticias\/?p=481343"},"modified":"2014-01-31T21:21:17","modified_gmt":"2014-01-31T22:21:17","slug":"vitoria-prohibe-desde-hoy-circular-en-bici-por-el-centro-en-horas-comerciales","status":"publish","type":"post","link":"https:\/\/www.eldigitaldeasturias.com\/noticias\/vitoria-prohibe-desde-hoy-circular-en-bici-por-el-centro-en-horas-comerciales\/","title":{"rendered":"Vitoria proh\u00edbe desde hoy circular en bici por el centro en horas comerciales"},"content":{"rendered":"<p><img loading=\"lazy\" decoding=\"async\" class=\"alignleft size-medium wp-image-481344\" alt=\"5896837w\" src=\"https:\/\/www.eldigitaldeasturias.com\/noticias\/wp-content\/uploads\/2014\/01\/5896837w-360x239.jpg\" width=\"360\" height=\"239\" \/>Vitoria, 31 ene (EFE).- El alcalde de Vitoria, Javier Maroto, ha firmado hoy un decreto que proh\u00edbe la circulaci\u00f3n de bicicletas en horario comercial en zonas peatonales de la ciudad, en su mayor\u00eda en el centro, una normativa que ha provocado numerosas protestas de los usuarios.<\/p>\n<p>La restricci\u00f3n afecta a varias calles del centro de la ciudad, en las que solo se permitir\u00e1 circular en bicicleta entre la una del mediod\u00eda y las cinco y media de la tarde, y entre las nueve de la noche y las once de la ma\u00f1ana del d\u00eda siguiente (del 1 de noviembre al 31 de marzo).<\/p>\n<p>En el per\u00edodo comprendido del 1 de abril al 31 de octubre, el horario queda pr\u00e1cticamente igual aunque por la noche no se podr\u00e1 transitar por esas zonas hasta las diez de la noche.<\/p>\n<p>El decreto de Maroto (PP), que el alcalde justifica necesario para la convivencia entre peatones, ciclistas y veh\u00edculos, ha suscitado el rechazo de numerosos usuarios ciclistas que han promovido una campa\u00f1a \u00abonline\u00bb en la plataforma \u00abChange.org\u00bb para evitar su aplicaci\u00f3n.<\/p>\n<p>Esta tarde se ha convocado a trav\u00e9s de las redes sociales una marcha en bici reivindicativa que partir\u00e1 a las ocho de la tarde de la P\u00e9rgola de la calle Sancho el Sabio, en contra de la normativa.<\/p>\n<p>El decreto rubricado por el alcalde completa la nueva ordenanza municipal que entr\u00f3 en vigor el pasado martes, en la que se proh\u00edbe tambi\u00e9n el paso de bicicletas por las aceras.<\/p>\n<p>La concejala de Medio Ambiente, Idoia Garmendia, ha destacado que con esta norma Vitoria va a \u00abganar en convivencia\u00bb y ha dicho que \u00abpor ahora\u00bb no se va a multar a los que incumplan la ordenanza.<\/p>\n<p>La ordenanza aconseja a los usuarios de la bicicleta circular \u00abpreferiblemente\u00bb por las v\u00edas habilitadas para ellos en el caso de que existan, aunque tambi\u00e9n podr\u00e1n hacerlo por la calzada, junto con el resto de veh\u00edculos.<\/p>\n<p>La normativa proh\u00edbe la circulaci\u00f3n de bicicletas por carriles reservados para el transporte p\u00fablico (bus y tranv\u00eda), aunque el Ayuntamiento podr\u00e1 permitirla mediante su se\u00f1alizaci\u00f3n y es un tema que todav\u00eda no est\u00e1 zanjado.<\/p>\n<p>En el caso de las aceras, solo si la zona peatonal tiene m\u00e1s de tres metros de anchura \u00ablibre de obst\u00e1culos\u00bb, podr\u00e1n circular bicicletas siempre que no haya en esa calle una v\u00eda ciclista.<\/p>\n","protected":false},"excerpt":{"rendered":"<p>Vitoria, 31 ene (EFE).- El alcalde de Vitoria, Javier Maroto, ha firmado hoy un decreto que proh\u00edbe la circulaci\u00f3n de bicicletas en horario comercial en zonas peatonales de la ciudad, en su mayor\u00eda en el centro, una normativa que ha provocado numerosas protestas de los usuarios. La restricci\u00f3n afecta a varias calles del centro de [&hellip;]<\/p>\n","protected":false},"author":1,"featured_media":1132184,"comment_status":"closed","ping_status":"open","sticky":false,"template":"","format":"standard","meta":{"footnotes":""},"categories":[1],"tags":[],"class_list":["post-481343","post","type-post","status-publish","format-standard","has-post-thumbnail","hentry","category-actualidad"],"aioseo_notices":[],"aioseo_head":"\n\t\t<!-- All in One SEO Pro 5.0.1 - aioseo.com -->\n\t<meta name=\"description\" content=\"Vitoria, 31 ene (EFE).- El alcalde de Vitoria, Javier Maroto, ha firmado hoy un decreto que proh\u00edbe la circulaci\u00f3n de bicicletas en horario comercial en zonas peatonales de la ciudad, en su mayor\u00eda en el centro, una normativa que ha provocado numerosas protestas de los usuarios. La restricci\u00f3n afecta a varias calles del centro de\" \/>\n\t<meta name=\"robots\" content=\"max-image-preview:large\" \/>\n\t<meta name=\"author\" content=\"El Digital de Asturias\"\/>\n\t<meta name=\"google-site-verification\" content=\"UA-38556648-1\" \/>\n\t<meta name=\"msvalidate.01\" content=\"7dfe9f3f1b24437ab69f4f2559babe99\" \/>\n\t<meta name=\"keywords\" content=\"actualidad\" \/>\n\t<link rel=\"canonical\" href=\"https:\/\/www.eldigitaldeasturias.com\/noticias\/vitoria-prohibe-desde-hoy-circular-en-bici-por-el-centro-en-horas-comerciales\/\" \/>\n\t<meta name=\"generator\" content=\"All in One SEO Pro (AIOSEO) 5.0.1\" \/>\n\t\t<meta property=\"og:locale\" content=\"es_ES\" \/>\n\t\t<meta property=\"og:site_name\" content=\"El Digital de Asturias\" \/>\n\t\t<meta property=\"og:type\" content=\"article\" \/>\n\t\t<meta property=\"og:title\" content=\"Vitoria proh\u00edbe desde hoy circular en bici por el centro en horas comerciales - El Digital de Asturias\" \/>\n\t\t<meta property=\"og:description\" content=\"Vitoria, 31 ene (EFE).- El alcalde de Vitoria, Javier Maroto, ha firmado hoy un decreto que proh\u00edbe la circulaci\u00f3n de bicicletas en horario comercial en zonas peatonales de la ciudad, en su mayor\u00eda en el centro, una normativa que ha provocado numerosas protestas de los usuarios. La restricci\u00f3n afecta a varias calles del centro de\" \/>\n\t\t<meta property=\"og:url\" content=\"https:\/\/www.eldigitaldeasturias.com\/noticias\/vitoria-prohibe-desde-hoy-circular-en-bici-por-el-centro-en-horas-comerciales\/\" \/>\n\t\t<meta property=\"og:image\" content=\"https:\/\/www.eldigitaldeasturias.com\/noticias\/wp-content\/uploads\/2026\/06\/Contenidos.jpg\" \/>\n\t\t<meta property=\"og:image:secure_url\" content=\"https:\/\/www.eldigitaldeasturias.com\/noticias\/wp-content\/uploads\/2026\/06\/Contenidos.jpg\" \/>\n\t\t<meta property=\"og:image:width\" content=\"1265\" \/>\n\t\t<meta property=\"og:image:height\" content=\"697\" \/>\n\t\t<meta property=\"article:tag\" content=\"actualidad\" \/>\n\t\t<meta property=\"article:published_time\" content=\"2014-01-31T22:21:17+00:00\" \/>\n\t\t<meta property=\"article:modified_time\" content=\"2014-01-31T22:21:17+00:00\" \/>\n\t\t<meta property=\"article:publisher\" content=\"https:\/\/facebook.com\/eldigitaldeasturias\" \/>\n\t\t<meta name=\"twitter:card\" content=\"summary_large_image\" \/>\n\t\t<meta name=\"twitter:title\" content=\"Vitoria proh\u00edbe desde hoy circular en bici por el centro en horas comerciales - El Digital de Asturias\" \/>\n\t\t<meta name=\"twitter:description\" content=\"Vitoria, 31 ene (EFE).- El alcalde de Vitoria, Javier Maroto, ha firmado hoy un decreto que proh\u00edbe la circulaci\u00f3n de bicicletas en horario comercial en zonas peatonales de la ciudad, en su mayor\u00eda en el centro, una normativa que ha provocado numerosas protestas de los usuarios. La restricci\u00f3n afecta a varias calles del centro de\" \/>\n\t\t<meta name=\"twitter:image\" content=\"https:\/\/www.eldigitaldeasturias.com\/noticias\/wp-content\/uploads\/2026\/06\/Contenidos.jpg\" \/>\n\t\t<meta name=\"twitter:label1\" content=\"Escrito por\" \/>\n\t\t<meta name=\"twitter:data1\" content=\"El Digital de Asturias\" \/>\n\t\t<meta name=\"twitter:label2\" content=\"Tiempo de lectura estimado\" \/>\n\t\t<meta name=\"twitter:data2\" content=\"2 minutos\" \/>\n\t\t<script type=\"application\/ld+json\" class=\"aioseo-schema\">\n\t\t\t{\"@context\":\"https:\\\/\\\/schema.org\",\"@graph\":[{\"@type\":\"BlogPosting\",\"@id\":\"https:\\\/\\\/www.eldigitaldeasturias.com\\\/noticias\\\/vitoria-prohibe-desde-hoy-circular-en-bici-por-el-centro-en-horas-comerciales\\\/#blogposting\",\"name\":\"Vitoria proh\\u00edbe desde hoy circular en bici por el centro en horas comerciales - El Digital de Asturias\",\"headline\":\"Vitoria proh\\u00edbe desde hoy circular en bici por el centro en horas comerciales\",\"author\":{\"@id\":\"https:\\\/\\\/www.eldigitaldeasturias.com\\\/noticias\\\/author\\\/admin\\\/#author\"},\"publisher\":{\"@id\":\"https:\\\/\\\/www.eldigitaldeasturias.com\\\/noticias\\\/#organization\"},\"image\":{\"@type\":\"ImageObject\",\"url\":\"https:\\\/\\\/www.eldigitaldeasturias.com\\\/noticias\\\/wp-content\\\/uploads\\\/2026\\\/06\\\/Contenidos.jpg\",\"width\":1265,\"height\":697,\"caption\":\"Contenidos\"},\"datePublished\":\"2014-01-31T21:21:17+01:00\",\"dateModified\":\"2014-01-31T21:21:17+01:00\",\"inLanguage\":\"es-ES\",\"mainEntityOfPage\":{\"@id\":\"https:\\\/\\\/www.eldigitaldeasturias.com\\\/noticias\\\/vitoria-prohibe-desde-hoy-circular-en-bici-por-el-centro-en-horas-comerciales\\\/#webpage\"},\"isPartOf\":{\"@id\":\"https:\\\/\\\/www.eldigitaldeasturias.com\\\/noticias\\\/vitoria-prohibe-desde-hoy-circular-en-bici-por-el-centro-en-horas-comerciales\\\/#webpage\"},\"articleSection\":\"Actualidad\"},{\"@type\":\"BreadcrumbList\",\"@id\":\"https:\\\/\\\/www.eldigitaldeasturias.com\\\/noticias\\\/vitoria-prohibe-desde-hoy-circular-en-bici-por-el-centro-en-horas-comerciales\\\/#breadcrumblist\",\"itemListElement\":[{\"@type\":\"ListItem\",\"@id\":\"https:\\\/\\\/www.eldigitaldeasturias.com\\\/noticias#listItem\",\"position\":1,\"name\":\"Home\",\"item\":\"https:\\\/\\\/www.eldigitaldeasturias.com\\\/noticias\",\"nextItem\":{\"@type\":\"ListItem\",\"@id\":\"https:\\\/\\\/www.eldigitaldeasturias.com\\\/noticias\\\/category\\\/actualidad\\\/#listItem\",\"name\":\"Actualidad\"}},{\"@type\":\"ListItem\",\"@id\":\"https:\\\/\\\/www.eldigitaldeasturias.com\\\/noticias\\\/category\\\/actualidad\\\/#listItem\",\"position\":2,\"name\":\"Actualidad\",\"item\":\"https:\\\/\\\/www.eldigitaldeasturias.com\\\/noticias\\\/category\\\/actualidad\\\/\",\"nextItem\":{\"@type\":\"ListItem\",\"@id\":\"https:\\\/\\\/www.eldigitaldeasturias.com\\\/noticias\\\/vitoria-prohibe-desde-hoy-circular-en-bici-por-el-centro-en-horas-comerciales\\\/#listItem\",\"name\":\"Vitoria proh\\u00edbe desde hoy circular en bici por el centro en horas comerciales\"},\"previousItem\":{\"@type\":\"ListItem\",\"@id\":\"https:\\\/\\\/www.eldigitaldeasturias.com\\\/noticias#listItem\",\"name\":\"Home\"}},{\"@type\":\"ListItem\",\"@id\":\"https:\\\/\\\/www.eldigitaldeasturias.com\\\/noticias\\\/vitoria-prohibe-desde-hoy-circular-en-bici-por-el-centro-en-horas-comerciales\\\/#listItem\",\"position\":3,\"name\":\"Vitoria proh\\u00edbe desde hoy circular en bici por el centro en horas comerciales\",\"previousItem\":{\"@type\":\"ListItem\",\"@id\":\"https:\\\/\\\/www.eldigitaldeasturias.com\\\/noticias\\\/category\\\/actualidad\\\/#listItem\",\"name\":\"Actualidad\"}}]},{\"@type\":\"Organization\",\"@id\":\"https:\\\/\\\/www.eldigitaldeasturias.com\\\/noticias\\\/#organization\",\"name\":\"El Digital de Asturias\",\"description\":\"Hemeroteca\",\"url\":\"https:\\\/\\\/www.eldigitaldeasturias.com\\\/noticias\\\/\",\"email\":\"info@eldigitaldeasturias.com\",\"telephone\":\"+34652131393\",\"logo\":{\"@type\":\"ImageObject\",\"url\":\"https:\\\/\\\/www.eldigitaldeasturias.com\\\/noticias\\\/wp-content\\\/uploads\\\/2020\\\/12\\\/EDA.jpg\",\"@id\":\"https:\\\/\\\/www.eldigitaldeasturias.com\\\/noticias\\\/vitoria-prohibe-desde-hoy-circular-en-bici-por-el-centro-en-horas-comerciales\\\/#organizationLogo\"},\"image\":{\"@id\":\"https:\\\/\\\/www.eldigitaldeasturias.com\\\/noticias\\\/vitoria-prohibe-desde-hoy-circular-en-bici-por-el-centro-en-horas-comerciales\\\/#organizationLogo\"},\"sameAs\":[\"https:\\\/\\\/facebook.com\\\/eldigitaldeasturias\",\"https:\\\/\\\/www.youtube.com\\\/channel\\\/UCZP-2wLEB9Rv6erhFmqVnvg\"],\"address\":{\"@id\":\"https:\\\/\\\/www.eldigitaldeasturias.com\\\/noticias\\\/#postaladdress\",\"@type\":\"PostalAddress\",\"streetAddress\":\"san antonio 4\",\"postalCode\":\"33430\",\"addressLocality\":\"Cand\\u00e1s\",\"addressRegion\":\"Asturias\",\"addressCountry\":\"ES\"}},{\"@type\":\"Person\",\"@id\":\"https:\\\/\\\/www.eldigitaldeasturias.com\\\/noticias\\\/author\\\/admin\\\/#author\",\"url\":\"https:\\\/\\\/www.eldigitaldeasturias.com\\\/noticias\\\/author\\\/admin\\\/\",\"name\":\"El Digital de Asturias\",\"image\":{\"@type\":\"ImageObject\",\"@id\":\"https:\\\/\\\/www.eldigitaldeasturias.com\\\/noticias\\\/vitoria-prohibe-desde-hoy-circular-en-bici-por-el-centro-en-horas-comerciales\\\/#authorImage\",\"url\":\"https:\\\/\\\/secure.gravatar.com\\\/avatar\\\/df2aeffc32bcd13f8d26072ef8a91b623d677766deac7f97ca815868cd41bf5e?s=96&d=mm&r=g\",\"width\":96,\"height\":96,\"caption\":\"El Digital de Asturias\"}},{\"@type\":\"WebPage\",\"@id\":\"https:\\\/\\\/www.eldigitaldeasturias.com\\\/noticias\\\/vitoria-prohibe-desde-hoy-circular-en-bici-por-el-centro-en-horas-comerciales\\\/#webpage\",\"url\":\"https:\\\/\\\/www.eldigitaldeasturias.com\\\/noticias\\\/vitoria-prohibe-desde-hoy-circular-en-bici-por-el-centro-en-horas-comerciales\\\/\",\"name\":\"Vitoria proh\\u00edbe desde hoy circular en bici por el centro en horas comerciales - El Digital de Asturias\",\"description\":\"Vitoria, 31 ene (EFE).- El alcalde de Vitoria, Javier Maroto, ha firmado hoy un decreto que proh\\u00edbe la circulaci\\u00f3n de bicicletas en horario comercial en zonas peatonales de la ciudad, en su mayor\\u00eda en el centro, una normativa que ha provocado numerosas protestas de los usuarios. La restricci\\u00f3n afecta a varias calles del centro de\",\"inLanguage\":\"es-ES\",\"isPartOf\":{\"@id\":\"https:\\\/\\\/www.eldigitaldeasturias.com\\\/noticias\\\/#website\"},\"breadcrumb\":{\"@id\":\"https:\\\/\\\/www.eldigitaldeasturias.com\\\/noticias\\\/vitoria-prohibe-desde-hoy-circular-en-bici-por-el-centro-en-horas-comerciales\\\/#breadcrumblist\"},\"author\":{\"@id\":\"https:\\\/\\\/www.eldigitaldeasturias.com\\\/noticias\\\/author\\\/admin\\\/#author\"},\"creator\":{\"@id\":\"https:\\\/\\\/www.eldigitaldeasturias.com\\\/noticias\\\/author\\\/admin\\\/#author\"},\"image\":{\"@type\":\"ImageObject\",\"url\":\"https:\\\/\\\/www.eldigitaldeasturias.com\\\/noticias\\\/wp-content\\\/uploads\\\/2026\\\/06\\\/Contenidos.jpg\",\"@id\":\"https:\\\/\\\/www.eldigitaldeasturias.com\\\/noticias\\\/vitoria-prohibe-desde-hoy-circular-en-bici-por-el-centro-en-horas-comerciales\\\/#mainImage\",\"width\":1265,\"height\":697,\"caption\":\"Contenidos\"},\"primaryImageOfPage\":{\"@id\":\"https:\\\/\\\/www.eldigitaldeasturias.com\\\/noticias\\\/vitoria-prohibe-desde-hoy-circular-en-bici-por-el-centro-en-horas-comerciales\\\/#mainImage\"},\"datePublished\":\"2014-01-31T21:21:17+01:00\",\"dateModified\":\"2014-01-31T21:21:17+01:00\"},{\"@type\":\"WebSite\",\"@id\":\"https:\\\/\\\/www.eldigitaldeasturias.com\\\/noticias\\\/#website\",\"url\":\"https:\\\/\\\/www.eldigitaldeasturias.com\\\/noticias\\\/\",\"name\":\"El Digital de Asturias - Diario de actualidad y noticias\",\"alternateName\":\"El Digital de Asturias - Diario de actualidad y noticias\",\"description\":\"Hemeroteca\",\"inLanguage\":\"es-ES\",\"publisher\":{\"@id\":\"https:\\\/\\\/www.eldigitaldeasturias.com\\\/noticias\\\/#organization\"}}]}\n\t\t<\/script>\n\t\t<!-- All in One SEO Pro -->\r\n\t\t<title>Vitoria proh\u00edbe desde hoy circular en bici por el centro en horas comerciales - El Digital de Asturias<\/title>\n\n","aioseo_head_json":{"title":"Vitoria proh\u00edbe desde hoy circular en bici por el centro en horas comerciales - El Digital de Asturias","description":"Vitoria, 31 ene (EFE).- El alcalde de Vitoria, Javier Maroto, ha firmado hoy un decreto que proh\u00edbe la circulaci\u00f3n de bicicletas en horario comercial en zonas peatonales de la ciudad, en su mayor\u00eda en el centro, una normativa que ha provocado numerosas protestas de los usuarios. La restricci\u00f3n afecta a varias calles del centro de","canonical_url":"https:\/\/www.eldigitaldeasturias.com\/noticias\/vitoria-prohibe-desde-hoy-circular-en-bici-por-el-centro-en-horas-comerciales\/","robots":"max-image-preview:large","keywords":"actualidad","webmasterTools":{"google-site-verification":"UA-38556648-1","msvalidate.01":"7dfe9f3f1b24437ab69f4f2559babe99","miscellaneous":""},"schema":{"@context":"https:\/\/schema.org","@graph":[{"@type":"BlogPosting","@id":"https:\/\/www.eldigitaldeasturias.com\/noticias\/vitoria-prohibe-desde-hoy-circular-en-bici-por-el-centro-en-horas-comerciales\/#blogposting","name":"Vitoria proh\u00edbe desde hoy circular en bici por el centro en horas comerciales - El Digital de Asturias","headline":"Vitoria proh\u00edbe desde hoy circular en bici por el centro en horas comerciales","author":{"@id":"https:\/\/www.eldigitaldeasturias.com\/noticias\/author\/admin\/#author"},"publisher":{"@id":"https:\/\/www.eldigitaldeasturias.com\/noticias\/#organization"},"image":{"@type":"ImageObject","url":"https:\/\/www.eldigitaldeasturias.com\/noticias\/wp-content\/uploads\/2026\/06\/Contenidos.jpg","width":1265,"height":697,"caption":"Contenidos"},"datePublished":"2014-01-31T21:21:17+01:00","dateModified":"2014-01-31T21:21:17+01:00","inLanguage":"es-ES","mainEntityOfPage":{"@id":"https:\/\/www.eldigitaldeasturias.com\/noticias\/vitoria-prohibe-desde-hoy-circular-en-bici-por-el-centro-en-horas-comerciales\/#webpage"},"isPartOf":{"@id":"https:\/\/www.eldigitaldeasturias.com\/noticias\/vitoria-prohibe-desde-hoy-circular-en-bici-por-el-centro-en-horas-comerciales\/#webpage"},"articleSection":"Actualidad"},{"@type":"BreadcrumbList","@id":"https:\/\/www.eldigitaldeasturias.com\/noticias\/vitoria-prohibe-desde-hoy-circular-en-bici-por-el-centro-en-horas-comerciales\/#breadcrumblist","itemListElement":[{"@type":"ListItem","@id":"https:\/\/www.eldigitaldeasturias.com\/noticias#listItem","position":1,"name":"Home","item":"https:\/\/www.eldigitaldeasturias.com\/noticias","nextItem":{"@type":"ListItem","@id":"https:\/\/www.eldigitaldeasturias.com\/noticias\/category\/actualidad\/#listItem","name":"Actualidad"}},{"@type":"ListItem","@id":"https:\/\/www.eldigitaldeasturias.com\/noticias\/category\/actualidad\/#listItem","position":2,"name":"Actualidad","item":"https:\/\/www.eldigitaldeasturias.com\/noticias\/category\/actualidad\/","nextItem":{"@type":"ListItem","@id":"https:\/\/www.eldigitaldeasturias.com\/noticias\/vitoria-prohibe-desde-hoy-circular-en-bici-por-el-centro-en-horas-comerciales\/#listItem","name":"Vitoria proh\u00edbe desde hoy circular en bici por el centro en horas comerciales"},"previousItem":{"@type":"ListItem","@id":"https:\/\/www.eldigitaldeasturias.com\/noticias#listItem","name":"Home"}},{"@type":"ListItem","@id":"https:\/\/www.eldigitaldeasturias.com\/noticias\/vitoria-prohibe-desde-hoy-circular-en-bici-por-el-centro-en-horas-comerciales\/#listItem","position":3,"name":"Vitoria proh\u00edbe desde hoy circular en bici por el centro en horas comerciales","previousItem":{"@type":"ListItem","@id":"https:\/\/www.eldigitaldeasturias.com\/noticias\/category\/actualidad\/#listItem","name":"Actualidad"}}]},{"@type":"Organization","@id":"https:\/\/www.eldigitaldeasturias.com\/noticias\/#organization","name":"El Digital de Asturias","description":"Hemeroteca","url":"https:\/\/www.eldigitaldeasturias.com\/noticias\/","email":"info@eldigitaldeasturias.com","telephone":"+34652131393","logo":{"@type":"ImageObject","url":"https:\/\/www.eldigitaldeasturias.com\/noticias\/wp-content\/uploads\/2020\/12\/EDA.jpg","@id":"https:\/\/www.eldigitaldeasturias.com\/noticias\/vitoria-prohibe-desde-hoy-circular-en-bici-por-el-centro-en-horas-comerciales\/#organizationLogo"},"image":{"@id":"https:\/\/www.eldigitaldeasturias.com\/noticias\/vitoria-prohibe-desde-hoy-circular-en-bici-por-el-centro-en-horas-comerciales\/#organizationLogo"},"sameAs":["https:\/\/facebook.com\/eldigitaldeasturias","https:\/\/www.youtube.com\/channel\/UCZP-2wLEB9Rv6erhFmqVnvg"],"address":{"@id":"https:\/\/www.eldigitaldeasturias.com\/noticias\/#postaladdress","@type":"PostalAddress","streetAddress":"san antonio 4","postalCode":"33430","addressLocality":"Cand\u00e1s","addressRegion":"Asturias","addressCountry":"ES"}},{"@type":"Person","@id":"https:\/\/www.eldigitaldeasturias.com\/noticias\/author\/admin\/#author","url":"https:\/\/www.eldigitaldeasturias.com\/noticias\/author\/admin\/","name":"El Digital de Asturias","image":{"@type":"ImageObject","@id":"https:\/\/www.eldigitaldeasturias.com\/noticias\/vitoria-prohibe-desde-hoy-circular-en-bici-por-el-centro-en-horas-comerciales\/#authorImage","url":"https:\/\/secure.gravatar.com\/avatar\/df2aeffc32bcd13f8d26072ef8a91b623d677766deac7f97ca815868cd41bf5e?s=96&d=mm&r=g","width":96,"height":96,"caption":"El Digital de Asturias"}},{"@type":"WebPage","@id":"https:\/\/www.eldigitaldeasturias.com\/noticias\/vitoria-prohibe-desde-hoy-circular-en-bici-por-el-centro-en-horas-comerciales\/#webpage","url":"https:\/\/www.eldigitaldeasturias.com\/noticias\/vitoria-prohibe-desde-hoy-circular-en-bici-por-el-centro-en-horas-comerciales\/","name":"Vitoria proh\u00edbe desde hoy circular en bici por el centro en horas comerciales - El Digital de Asturias","description":"Vitoria, 31 ene (EFE).- El alcalde de Vitoria, Javier Maroto, ha firmado hoy un decreto que proh\u00edbe la circulaci\u00f3n de bicicletas en horario comercial en zonas peatonales de la ciudad, en su mayor\u00eda en el centro, una normativa que ha provocado numerosas protestas de los usuarios. La restricci\u00f3n afecta a varias calles del centro de","inLanguage":"es-ES","isPartOf":{"@id":"https:\/\/www.eldigitaldeasturias.com\/noticias\/#website"},"breadcrumb":{"@id":"https:\/\/www.eldigitaldeasturias.com\/noticias\/vitoria-prohibe-desde-hoy-circular-en-bici-por-el-centro-en-horas-comerciales\/#breadcrumblist"},"author":{"@id":"https:\/\/www.eldigitaldeasturias.com\/noticias\/author\/admin\/#author"},"creator":{"@id":"https:\/\/www.eldigitaldeasturias.com\/noticias\/author\/admin\/#author"},"image":{"@type":"ImageObject","url":"https:\/\/www.eldigitaldeasturias.com\/noticias\/wp-content\/uploads\/2026\/06\/Contenidos.jpg","@id":"https:\/\/www.eldigitaldeasturias.com\/noticias\/vitoria-prohibe-desde-hoy-circular-en-bici-por-el-centro-en-horas-comerciales\/#mainImage","width":1265,"height":697,"caption":"Contenidos"},"primaryImageOfPage":{"@id":"https:\/\/www.eldigitaldeasturias.com\/noticias\/vitoria-prohibe-desde-hoy-circular-en-bici-por-el-centro-en-horas-comerciales\/#mainImage"},"datePublished":"2014-01-31T21:21:17+01:00","dateModified":"2014-01-31T21:21:17+01:00"},{"@type":"WebSite","@id":"https:\/\/www.eldigitaldeasturias.com\/noticias\/#website","url":"https:\/\/www.eldigitaldeasturias.com\/noticias\/","name":"El Digital de Asturias - Diario de actualidad y noticias","alternateName":"El Digital de Asturias - Diario de actualidad y noticias","description":"Hemeroteca","inLanguage":"es-ES","publisher":{"@id":"https:\/\/www.eldigitaldeasturias.com\/noticias\/#organization"}}]},"og:locale":"es_ES","og:site_name":"El Digital de Asturias","og:type":"article","og:title":"Vitoria proh\u00edbe desde hoy circular en bici por el centro en horas comerciales - El Digital de Asturias","og:description":"Vitoria, 31 ene (EFE).- El alcalde de Vitoria, Javier Maroto, ha firmado hoy un decreto que proh\u00edbe la circulaci\u00f3n de bicicletas en horario comercial en zonas peatonales de la ciudad, en su mayor\u00eda en el centro, una normativa que ha provocado numerosas protestas de los usuarios. La restricci\u00f3n afecta a varias calles del centro de","og:url":"https:\/\/www.eldigitaldeasturias.com\/noticias\/vitoria-prohibe-desde-hoy-circular-en-bici-por-el-centro-en-horas-comerciales\/","og:image":"https:\/\/www.eldigitaldeasturias.com\/noticias\/wp-content\/uploads\/2026\/06\/Contenidos.jpg","og:image:secure_url":"https:\/\/www.eldigitaldeasturias.com\/noticias\/wp-content\/uploads\/2026\/06\/Contenidos.jpg","og:image:width":1265,"og:image:height":697,"article:tag":["actualidad"],"article:published_time":"2014-01-31T22:21:17+00:00","article:modified_time":"2014-01-31T22:21:17+00:00","article:publisher":"https:\/\/facebook.com\/eldigitaldeasturias","twitter:card":"summary_large_image","twitter:title":"Vitoria proh\u00edbe desde hoy circular en bici por el centro en horas comerciales - El Digital de Asturias","twitter:description":"Vitoria, 31 ene (EFE).- El alcalde de Vitoria, Javier Maroto, ha firmado hoy un decreto que proh\u00edbe la circulaci\u00f3n de bicicletas en horario comercial en zonas peatonales de la ciudad, en su mayor\u00eda en el centro, una normativa que ha provocado numerosas protestas de los usuarios. La restricci\u00f3n afecta a varias calles del centro de","twitter:image":"https:\/\/www.eldigitaldeasturias.com\/noticias\/wp-content\/uploads\/2026\/06\/Contenidos.jpg","twitter:label1":"Escrito por","twitter:data1":"El Digital de Asturias","twitter:label2":"Tiempo de lectura estimado","twitter:data2":"2 minutos"},"aioseo_meta_data":{"post_id":"481343","title":null,"description":null,"keywords":null,"keyphrases":null,"primary_term":null,"canonical_url":null,"og_title":null,"og_description":null,"og_object_type":"default","og_image_type":"default","og_image_url":null,"og_image_width":null,"og_image_height":null,"og_image_custom_url":null,"og_image_custom_fields":null,"og_video":null,"og_custom_url":null,"og_article_section":null,"og_article_tags":null,"twitter_use_og":true,"twitter_card":"default","twitter_image_type":"default","twitter_image_url":null,"twitter_image_custom_url":null,"twitter_image_custom_fields":null,"twitter_title":null,"twitter_description":null,"schema":{"blockGraphs":[],"customGraphs":[],"default":{"data":{"Article":[],"Course":[],"Dataset":[],"FAQPage":[],"Movie":[],"Person":[],"Product":[],"ProductReview":[],"Car":[],"Recipe":[],"Service":[],"SoftwareApplication":[],"WebPage":[]},"graphName":"","isEnabled":true},"graphs":[],"defaultGraph":"","defaultPostTypeGraph":""},"schema_type":null,"schema_type_options":null,"pillar_content":false,"robots_default":true,"robots_noindex":false,"robots_noarchive":false,"robots_nosnippet":false,"robots_nofollow":false,"robots_noimageindex":false,"robots_noodp":false,"robots_notranslate":false,"robots_max_snippet":null,"robots_max_videopreview":null,"robots_max_imagepreview":"none","priority":null,"frequency":null,"local_seo":null,"seo_analyzer_scan_date":"2026-06-02 06:29:56","breadcrumb_settings":null,"limit_modified_date":false,"open_ai":null,"ai":null,"created":"2020-11-14 22:54:19","updated":"2026-06-02 06:29:56","focus_keyword":null,"additional_keywords":null,"truseo_locale":null},"aioseo_breadcrumb":"<div class=\"aioseo-breadcrumbs\"><span class=\"aioseo-breadcrumb\">\n\t<a href=\"https:\/\/www.eldigitaldeasturias.com\/noticias\" title=\"Home\">Home<\/a>\n<\/span><span class=\"aioseo-breadcrumb-separator\">\u2013<\/span><span class=\"aioseo-breadcrumb\">\n\t<a href=\"https:\/\/www.eldigitaldeasturias.com\/noticias\/category\/actualidad\/\" title=\"Actualidad\">Actualidad<\/a>\n<\/span><span class=\"aioseo-breadcrumb-separator\">\u2013<\/span><span class=\"aioseo-breadcrumb\">\n\t<a href=\"https:\/\/www.eldigitaldeasturias.com\/noticias\/vitoria-prohibe-desde-hoy-circular-en-bici-por-el-centro-en-horas-comerciales\/\" title=\"Vitoria proh\u00edbe desde hoy circular en bici por el centro en horas comerciales\">Vitoria proh\u00edbe desde hoy circular en bici por el centro en horas comerciales<\/a>\n<\/span><\/div>","aioseo_breadcrumb_json":[{"label":"Home","link":"https:\/\/www.eldigitaldeasturias.com\/noticias"},{"label":"Actualidad","link":"https:\/\/www.eldigitaldeasturias.com\/noticias\/category\/actualidad\/"},{"label":"Vitoria proh\u00edbe desde hoy circular en bici por el centro en horas comerciales","link":"https:\/\/www.eldigitaldeasturias.com\/noticias\/vitoria-prohibe-desde-hoy-circular-en-bici-por-el-centro-en-horas-comerciales\/"}],"_links":{"self":[{"href":"https:\/\/www.eldigitaldeasturias.com\/noticias\/wp-json\/wp\/v2\/posts\/481343","targetHints":{"allow":["GET"]}}],"collection":[{"href":"https:\/\/www.eldigitaldeasturias.com\/noticias\/wp-json\/wp\/v2\/posts"}],"about":[{"href":"https:\/\/www.eldigitaldeasturias.com\/noticias\/wp-json\/wp\/v2\/types\/post"}],"author":[{"embeddable":true,"href":"https:\/\/www.eldigitaldeasturias.com\/noticias\/wp-json\/wp\/v2\/users\/1"}],"replies":[{"embeddable":true,"href":"https:\/\/www.eldigitaldeasturias.com\/noticias\/wp-json\/wp\/v2\/comments?post=481343"}],"version-history":[{"count":0,"href":"https:\/\/www.eldigitaldeasturias.com\/noticias\/wp-json\/wp\/v2\/posts\/481343\/revisions"}],"wp:featuredmedia":[{"embeddable":true,"href":"https:\/\/www.eldigitaldeasturias.com\/noticias\/wp-json\/wp\/v2\/media\/1132184"}],"wp:attachment":[{"href":"https:\/\/www.eldigitaldeasturias.com\/noticias\/wp-json\/wp\/v2\/media?parent=481343"}],"wp:term":[{"taxonomy":"category","embeddable":true,"href":"https:\/\/www.eldigitaldeasturias.com\/noticias\/wp-json\/wp\/v2\/categories?post=481343"},{"taxonomy":"post_tag","embeddable":true,"href":"https:\/\/www.eldigitaldeasturias.com\/noticias\/wp-json\/wp\/v2\/tags?post=481343"}],"curies":[{"name":"wp","href":"https:\/\/api.w.org\/{rel}","templated":true}]}}