{"id":481337,"date":"2014-01-31T21:18:18","date_gmt":"2014-01-31T22:18:18","guid":{"rendered":"http:\/\/www.eldigitaldeasturias.com\/noticias\/?p=481337"},"modified":"2014-01-31T21:18:18","modified_gmt":"2014-01-31T22:18:18","slug":"los-ecologistas-franceses-relanzan-el-debate-para-legalizar-el-cannabis","status":"publish","type":"post","link":"https:\/\/www.eldigitaldeasturias.com\/noticias\/los-ecologistas-franceses-relanzan-el-debate-para-legalizar-el-cannabis\/","title":{"rendered":"Los ecologistas franceses relanzan el debate para legalizar el cannabis"},"content":{"rendered":"<p><img loading=\"lazy\" decoding=\"async\" class=\"alignleft size-medium wp-image-481338\" alt=\"5896797w\" src=\"https:\/\/www.eldigitaldeasturias.com\/noticias\/wp-content\/uploads\/2014\/01\/5896797w-360x235.jpg\" width=\"360\" height=\"235\" \/>Par\u00eds, 31 ene (EFE).- Los ecologistas franceses, socios del Gobierno de Fran\u00e7ois Hollande, han decidido relanzar el debate sobre la legalizaci\u00f3n del cannabis con un proyecto de ley que aunque no tiene posibilidades de salir adelante pretende poner en evidencia la falta de resultados de la actual pol\u00edtica de represi\u00f3n.<\/p>\n<p>El proyecto de ley para \u00abautorizar el uso controlado del cannabis\u00bb, que deber\u00eda ser examinado en unos meses en el Senado, es una iniciativa firmada por once de los doce miembros del grupo ecologista en la c\u00e1mara alta y cuya ponente, Esther Benbassa, admiti\u00f3 hoy que su intenci\u00f3n es \u00absuscitar debate\u00bb.<\/p>\n<p>\u00abHay que abrir el debate en la sociedad\u00bb en un pa\u00eds como Francia donde, aunque hasta el consumo est\u00e1 prohibido, hay dos millones de consumidores y su n\u00famero crece, explic\u00f3 Benbassa a Efe.<\/p>\n<p>El texto se presenta como un marco para que luego el Consejo de Estado determine por decreto las caracter\u00edsticas de las plantas y de los productos derivados autorizados, as\u00ed como las cantidades que podr\u00edan tener los vendedores y los consumidores y los canales de distribuci\u00f3n.<\/p>\n<p>La senadora ecologista dijo haber recibido peticiones de farmac\u00e9uticos para ser ellos los que comercialicen los productos derivados del cannabis que se autorizar\u00e1n, y avanz\u00f3 que aunque en su proyecto no se decanta por ninguna opci\u00f3n \u00abtal vez se podr\u00eda utilizar el modelo de los estancos\u00bb.<\/p>\n<p>El Ministerio de Sanidad se encargar\u00eda de determinar la concentraci\u00f3n m\u00e1xima del principio activo de la droga, el THC, as\u00ed como las indicaciones que acompa\u00f1ar\u00edan los productos elaborados con hojas de marihuana.<\/p>\n<p>Seg\u00fan la propuesta de Benbassa, la venta seguir\u00eda estando prohibida para los menores, y la legalizaci\u00f3n deber\u00eda ir acompa\u00f1ada de un importante dispositivo preventivo, que implicara a los profesores, sobre los efectos da\u00f1inos de la drogadicci\u00f3n para los j\u00f3venes.<\/p>\n<p>Seg\u00fan su an\u00e1lisis, si el cannabis estuviera autorizado, las actuales redes ilegales de tr\u00e1fico se ver\u00edan econ\u00f3micamente penalizadas, y eso har\u00eda m\u00e1s dif\u00edcil su pervivencia, y en consecuencia el aprovisionamiento de los menores.<\/p>\n<p>En cuanto al resto, dijo que \u00ablos mayores que quieran consumir (&#8230;) son responsables\u00bb y no deben tener restricciones, m\u00e1s all\u00e1 de las que pueden existir por ejemplo para conducir veh\u00edculos.<\/p>\n<p>La senadora ha calculado que autorizar el cannabis generar\u00eda 35.000 empleos y permitir\u00eda al Estado ahorrar 1.000 millones de euros por los costos de la represi\u00f3n y la judicializaci\u00f3n del consumo y el tr\u00e1fico de este estupefaciente.<\/p>\n<p>\u00abLa represi\u00f3n, muy importante en nuestro pa\u00eds, no ha dado resultados. Los vendedores trafican a la vista de todo el mundo y nunca ha habido tantos consumidores\u00bb, coment\u00f3.<\/p>\n<p>Dijo tambi\u00e9n que se ha inspirado de otros ejemplos que existen en el mundo y, preguntada sobre el caso de Uruguay, respondi\u00f3 que \u00abes demasiado avanzado para nosotros, para Europa\u00bb.<\/p>\n<p>El ministro franc\u00e9s del Interior, Manuel Valls, ha repetido en m\u00faltiples ocasiones que se opone a cualquier liberalizaci\u00f3n del consumo de cannabis, porque a su juicio ser\u00eda una se\u00f1al equivocada, en particular en direcci\u00f3n de los j\u00f3venes.<\/p>\n","protected":false},"excerpt":{"rendered":"<p>Par\u00eds, 31 ene (EFE).- Los ecologistas franceses, socios del Gobierno de Fran\u00e7ois Hollande, han decidido relanzar el debate sobre la legalizaci\u00f3n del cannabis con un proyecto de ley que aunque no tiene posibilidades de salir adelante pretende poner en evidencia la falta de resultados de la actual pol\u00edtica de represi\u00f3n. El proyecto de ley para [&hellip;]<\/p>\n","protected":false},"author":1,"featured_media":1132184,"comment_status":"closed","ping_status":"open","sticky":false,"template":"","format":"standard","meta":{"footnotes":""},"categories":[1],"tags":[],"class_list":["post-481337","post","type-post","status-publish","format-standard","has-post-thumbnail","hentry","category-actualidad"],"aioseo_notices":[],"aioseo_head":"\n\t\t<!-- All in One SEO Pro 5.0.1 - aioseo.com -->\n\t<meta name=\"description\" content=\"Par\u00eds, 31 ene (EFE).- Los ecologistas franceses, socios del Gobierno de Fran\u00e7ois Hollande, han decidido relanzar el debate sobre la legalizaci\u00f3n del cannabis con un proyecto de ley que aunque no tiene posibilidades de salir adelante pretende poner en evidencia la falta de resultados de la actual pol\u00edtica de represi\u00f3n. El proyecto de ley para\" \/>\n\t<meta name=\"robots\" content=\"max-image-preview:large\" \/>\n\t<meta name=\"author\" content=\"El Digital de Asturias\"\/>\n\t<meta name=\"google-site-verification\" content=\"UA-38556648-1\" \/>\n\t<meta name=\"msvalidate.01\" content=\"7dfe9f3f1b24437ab69f4f2559babe99\" \/>\n\t<meta name=\"keywords\" content=\"actualidad\" \/>\n\t<link rel=\"canonical\" href=\"https:\/\/www.eldigitaldeasturias.com\/noticias\/los-ecologistas-franceses-relanzan-el-debate-para-legalizar-el-cannabis\/\" \/>\n\t<meta name=\"generator\" content=\"All in One SEO Pro (AIOSEO) 5.0.1\" \/>\n\t\t<meta property=\"og:locale\" content=\"es_ES\" \/>\n\t\t<meta property=\"og:site_name\" content=\"El Digital de Asturias\" \/>\n\t\t<meta property=\"og:type\" content=\"article\" \/>\n\t\t<meta property=\"og:title\" content=\"Los ecologistas franceses relanzan el debate para legalizar el cannabis - El Digital de Asturias\" \/>\n\t\t<meta property=\"og:description\" content=\"Par\u00eds, 31 ene (EFE).- Los ecologistas franceses, socios del Gobierno de Fran\u00e7ois Hollande, han decidido relanzar el debate sobre la legalizaci\u00f3n del cannabis con un proyecto de ley que aunque no tiene posibilidades de salir adelante pretende poner en evidencia la falta de resultados de la actual pol\u00edtica de represi\u00f3n. El proyecto de ley para\" \/>\n\t\t<meta property=\"og:url\" content=\"https:\/\/www.eldigitaldeasturias.com\/noticias\/los-ecologistas-franceses-relanzan-el-debate-para-legalizar-el-cannabis\/\" \/>\n\t\t<meta property=\"og:image\" content=\"https:\/\/www.eldigitaldeasturias.com\/noticias\/wp-content\/uploads\/2026\/06\/Contenidos.jpg\" \/>\n\t\t<meta property=\"og:image:secure_url\" content=\"https:\/\/www.eldigitaldeasturias.com\/noticias\/wp-content\/uploads\/2026\/06\/Contenidos.jpg\" \/>\n\t\t<meta property=\"og:image:width\" content=\"1265\" \/>\n\t\t<meta property=\"og:image:height\" content=\"697\" \/>\n\t\t<meta property=\"article:tag\" content=\"actualidad\" \/>\n\t\t<meta property=\"article:published_time\" content=\"2014-01-31T22:18:18+00:00\" \/>\n\t\t<meta property=\"article:modified_time\" content=\"2014-01-31T22:18:18+00:00\" \/>\n\t\t<meta property=\"article:publisher\" content=\"https:\/\/facebook.com\/eldigitaldeasturias\" \/>\n\t\t<meta name=\"twitter:card\" content=\"summary_large_image\" \/>\n\t\t<meta name=\"twitter:title\" content=\"Los ecologistas franceses relanzan el debate para legalizar el cannabis - El Digital de Asturias\" \/>\n\t\t<meta name=\"twitter:description\" content=\"Par\u00eds, 31 ene (EFE).- Los ecologistas franceses, socios del Gobierno de Fran\u00e7ois Hollande, han decidido relanzar el debate sobre la legalizaci\u00f3n del cannabis con un proyecto de ley que aunque no tiene posibilidades de salir adelante pretende poner en evidencia la falta de resultados de la actual pol\u00edtica de represi\u00f3n. El proyecto de ley para\" \/>\n\t\t<meta name=\"twitter:image\" content=\"https:\/\/www.eldigitaldeasturias.com\/noticias\/wp-content\/uploads\/2026\/06\/Contenidos.jpg\" \/>\n\t\t<meta name=\"twitter:label1\" content=\"Escrito por\" \/>\n\t\t<meta name=\"twitter:data1\" content=\"El Digital de Asturias\" \/>\n\t\t<meta name=\"twitter:label2\" content=\"Tiempo de lectura estimado\" \/>\n\t\t<meta name=\"twitter:data2\" content=\"3 minutos\" \/>\n\t\t<script type=\"application\/ld+json\" class=\"aioseo-schema\">\n\t\t\t{\"@context\":\"https:\\\/\\\/schema.org\",\"@graph\":[{\"@type\":\"BlogPosting\",\"@id\":\"https:\\\/\\\/www.eldigitaldeasturias.com\\\/noticias\\\/los-ecologistas-franceses-relanzan-el-debate-para-legalizar-el-cannabis\\\/#blogposting\",\"name\":\"Los ecologistas franceses relanzan el debate para legalizar el cannabis - El Digital de Asturias\",\"headline\":\"Los ecologistas franceses relanzan el debate para legalizar el cannabis\",\"author\":{\"@id\":\"https:\\\/\\\/www.eldigitaldeasturias.com\\\/noticias\\\/author\\\/admin\\\/#author\"},\"publisher\":{\"@id\":\"https:\\\/\\\/www.eldigitaldeasturias.com\\\/noticias\\\/#organization\"},\"image\":{\"@type\":\"ImageObject\",\"url\":\"https:\\\/\\\/www.eldigitaldeasturias.com\\\/noticias\\\/wp-content\\\/uploads\\\/2026\\\/06\\\/Contenidos.jpg\",\"width\":1265,\"height\":697,\"caption\":\"Contenidos\"},\"datePublished\":\"2014-01-31T21:18:18+01:00\",\"dateModified\":\"2014-01-31T21:18:18+01:00\",\"inLanguage\":\"es-ES\",\"mainEntityOfPage\":{\"@id\":\"https:\\\/\\\/www.eldigitaldeasturias.com\\\/noticias\\\/los-ecologistas-franceses-relanzan-el-debate-para-legalizar-el-cannabis\\\/#webpage\"},\"isPartOf\":{\"@id\":\"https:\\\/\\\/www.eldigitaldeasturias.com\\\/noticias\\\/los-ecologistas-franceses-relanzan-el-debate-para-legalizar-el-cannabis\\\/#webpage\"},\"articleSection\":\"Actualidad\"},{\"@type\":\"BreadcrumbList\",\"@id\":\"https:\\\/\\\/www.eldigitaldeasturias.com\\\/noticias\\\/los-ecologistas-franceses-relanzan-el-debate-para-legalizar-el-cannabis\\\/#breadcrumblist\",\"itemListElement\":[{\"@type\":\"ListItem\",\"@id\":\"https:\\\/\\\/www.eldigitaldeasturias.com\\\/noticias#listItem\",\"position\":1,\"name\":\"Home\",\"item\":\"https:\\\/\\\/www.eldigitaldeasturias.com\\\/noticias\",\"nextItem\":{\"@type\":\"ListItem\",\"@id\":\"https:\\\/\\\/www.eldigitaldeasturias.com\\\/noticias\\\/category\\\/actualidad\\\/#listItem\",\"name\":\"Actualidad\"}},{\"@type\":\"ListItem\",\"@id\":\"https:\\\/\\\/www.eldigitaldeasturias.com\\\/noticias\\\/category\\\/actualidad\\\/#listItem\",\"position\":2,\"name\":\"Actualidad\",\"item\":\"https:\\\/\\\/www.eldigitaldeasturias.com\\\/noticias\\\/category\\\/actualidad\\\/\",\"nextItem\":{\"@type\":\"ListItem\",\"@id\":\"https:\\\/\\\/www.eldigitaldeasturias.com\\\/noticias\\\/los-ecologistas-franceses-relanzan-el-debate-para-legalizar-el-cannabis\\\/#listItem\",\"name\":\"Los ecologistas franceses relanzan el debate para legalizar el cannabis\"},\"previousItem\":{\"@type\":\"ListItem\",\"@id\":\"https:\\\/\\\/www.eldigitaldeasturias.com\\\/noticias#listItem\",\"name\":\"Home\"}},{\"@type\":\"ListItem\",\"@id\":\"https:\\\/\\\/www.eldigitaldeasturias.com\\\/noticias\\\/los-ecologistas-franceses-relanzan-el-debate-para-legalizar-el-cannabis\\\/#listItem\",\"position\":3,\"name\":\"Los ecologistas franceses relanzan el debate para legalizar el cannabis\",\"previousItem\":{\"@type\":\"ListItem\",\"@id\":\"https:\\\/\\\/www.eldigitaldeasturias.com\\\/noticias\\\/category\\\/actualidad\\\/#listItem\",\"name\":\"Actualidad\"}}]},{\"@type\":\"Organization\",\"@id\":\"https:\\\/\\\/www.eldigitaldeasturias.com\\\/noticias\\\/#organization\",\"name\":\"El Digital de Asturias\",\"description\":\"Hemeroteca\",\"url\":\"https:\\\/\\\/www.eldigitaldeasturias.com\\\/noticias\\\/\",\"email\":\"info@eldigitaldeasturias.com\",\"telephone\":\"+34652131393\",\"logo\":{\"@type\":\"ImageObject\",\"url\":\"https:\\\/\\\/www.eldigitaldeasturias.com\\\/noticias\\\/wp-content\\\/uploads\\\/2020\\\/12\\\/EDA.jpg\",\"@id\":\"https:\\\/\\\/www.eldigitaldeasturias.com\\\/noticias\\\/los-ecologistas-franceses-relanzan-el-debate-para-legalizar-el-cannabis\\\/#organizationLogo\"},\"image\":{\"@id\":\"https:\\\/\\\/www.eldigitaldeasturias.com\\\/noticias\\\/los-ecologistas-franceses-relanzan-el-debate-para-legalizar-el-cannabis\\\/#organizationLogo\"},\"sameAs\":[\"https:\\\/\\\/facebook.com\\\/eldigitaldeasturias\",\"https:\\\/\\\/www.youtube.com\\\/channel\\\/UCZP-2wLEB9Rv6erhFmqVnvg\"],\"address\":{\"@id\":\"https:\\\/\\\/www.eldigitaldeasturias.com\\\/noticias\\\/#postaladdress\",\"@type\":\"PostalAddress\",\"streetAddress\":\"san antonio 4\",\"postalCode\":\"33430\",\"addressLocality\":\"Cand\\u00e1s\",\"addressRegion\":\"Asturias\",\"addressCountry\":\"ES\"}},{\"@type\":\"Person\",\"@id\":\"https:\\\/\\\/www.eldigitaldeasturias.com\\\/noticias\\\/author\\\/admin\\\/#author\",\"url\":\"https:\\\/\\\/www.eldigitaldeasturias.com\\\/noticias\\\/author\\\/admin\\\/\",\"name\":\"El Digital de Asturias\",\"image\":{\"@type\":\"ImageObject\",\"@id\":\"https:\\\/\\\/www.eldigitaldeasturias.com\\\/noticias\\\/los-ecologistas-franceses-relanzan-el-debate-para-legalizar-el-cannabis\\\/#authorImage\",\"url\":\"https:\\\/\\\/secure.gravatar.com\\\/avatar\\\/df2aeffc32bcd13f8d26072ef8a91b623d677766deac7f97ca815868cd41bf5e?s=96&d=mm&r=g\",\"width\":96,\"height\":96,\"caption\":\"El Digital de Asturias\"}},{\"@type\":\"WebPage\",\"@id\":\"https:\\\/\\\/www.eldigitaldeasturias.com\\\/noticias\\\/los-ecologistas-franceses-relanzan-el-debate-para-legalizar-el-cannabis\\\/#webpage\",\"url\":\"https:\\\/\\\/www.eldigitaldeasturias.com\\\/noticias\\\/los-ecologistas-franceses-relanzan-el-debate-para-legalizar-el-cannabis\\\/\",\"name\":\"Los ecologistas franceses relanzan el debate para legalizar el cannabis - El Digital de Asturias\",\"description\":\"Par\\u00eds, 31 ene (EFE).- Los ecologistas franceses, socios del Gobierno de Fran\\u00e7ois Hollande, han decidido relanzar el debate sobre la legalizaci\\u00f3n del cannabis con un proyecto de ley que aunque no tiene posibilidades de salir adelante pretende poner en evidencia la falta de resultados de la actual pol\\u00edtica de represi\\u00f3n. El proyecto de ley para\",\"inLanguage\":\"es-ES\",\"isPartOf\":{\"@id\":\"https:\\\/\\\/www.eldigitaldeasturias.com\\\/noticias\\\/#website\"},\"breadcrumb\":{\"@id\":\"https:\\\/\\\/www.eldigitaldeasturias.com\\\/noticias\\\/los-ecologistas-franceses-relanzan-el-debate-para-legalizar-el-cannabis\\\/#breadcrumblist\"},\"author\":{\"@id\":\"https:\\\/\\\/www.eldigitaldeasturias.com\\\/noticias\\\/author\\\/admin\\\/#author\"},\"creator\":{\"@id\":\"https:\\\/\\\/www.eldigitaldeasturias.com\\\/noticias\\\/author\\\/admin\\\/#author\"},\"image\":{\"@type\":\"ImageObject\",\"url\":\"https:\\\/\\\/www.eldigitaldeasturias.com\\\/noticias\\\/wp-content\\\/uploads\\\/2026\\\/06\\\/Contenidos.jpg\",\"@id\":\"https:\\\/\\\/www.eldigitaldeasturias.com\\\/noticias\\\/los-ecologistas-franceses-relanzan-el-debate-para-legalizar-el-cannabis\\\/#mainImage\",\"width\":1265,\"height\":697,\"caption\":\"Contenidos\"},\"primaryImageOfPage\":{\"@id\":\"https:\\\/\\\/www.eldigitaldeasturias.com\\\/noticias\\\/los-ecologistas-franceses-relanzan-el-debate-para-legalizar-el-cannabis\\\/#mainImage\"},\"datePublished\":\"2014-01-31T21:18:18+01:00\",\"dateModified\":\"2014-01-31T21:18:18+01:00\"},{\"@type\":\"WebSite\",\"@id\":\"https:\\\/\\\/www.eldigitaldeasturias.com\\\/noticias\\\/#website\",\"url\":\"https:\\\/\\\/www.eldigitaldeasturias.com\\\/noticias\\\/\",\"name\":\"El Digital de Asturias - Diario de actualidad y noticias\",\"alternateName\":\"El Digital de Asturias - Diario de actualidad y noticias\",\"description\":\"Hemeroteca\",\"inLanguage\":\"es-ES\",\"publisher\":{\"@id\":\"https:\\\/\\\/www.eldigitaldeasturias.com\\\/noticias\\\/#organization\"}}]}\n\t\t<\/script>\n\t\t<!-- All in One SEO Pro -->\r\n\t\t<title>Los ecologistas franceses relanzan el debate para legalizar el cannabis - El Digital de Asturias<\/title>\n\n","aioseo_head_json":{"title":"Los ecologistas franceses relanzan el debate para legalizar el cannabis - El Digital de Asturias","description":"Par\u00eds, 31 ene (EFE).- Los ecologistas franceses, socios del Gobierno de Fran\u00e7ois Hollande, han decidido relanzar el debate sobre la legalizaci\u00f3n del cannabis con un proyecto de ley que aunque no tiene posibilidades de salir adelante pretende poner en evidencia la falta de resultados de la actual pol\u00edtica de represi\u00f3n. El proyecto de ley para","canonical_url":"https:\/\/www.eldigitaldeasturias.com\/noticias\/los-ecologistas-franceses-relanzan-el-debate-para-legalizar-el-cannabis\/","robots":"max-image-preview:large","keywords":"actualidad","webmasterTools":{"google-site-verification":"UA-38556648-1","msvalidate.01":"7dfe9f3f1b24437ab69f4f2559babe99","miscellaneous":""},"schema":{"@context":"https:\/\/schema.org","@graph":[{"@type":"BlogPosting","@id":"https:\/\/www.eldigitaldeasturias.com\/noticias\/los-ecologistas-franceses-relanzan-el-debate-para-legalizar-el-cannabis\/#blogposting","name":"Los ecologistas franceses relanzan el debate para legalizar el cannabis - El Digital de Asturias","headline":"Los ecologistas franceses relanzan el debate para legalizar el cannabis","author":{"@id":"https:\/\/www.eldigitaldeasturias.com\/noticias\/author\/admin\/#author"},"publisher":{"@id":"https:\/\/www.eldigitaldeasturias.com\/noticias\/#organization"},"image":{"@type":"ImageObject","url":"https:\/\/www.eldigitaldeasturias.com\/noticias\/wp-content\/uploads\/2026\/06\/Contenidos.jpg","width":1265,"height":697,"caption":"Contenidos"},"datePublished":"2014-01-31T21:18:18+01:00","dateModified":"2014-01-31T21:18:18+01:00","inLanguage":"es-ES","mainEntityOfPage":{"@id":"https:\/\/www.eldigitaldeasturias.com\/noticias\/los-ecologistas-franceses-relanzan-el-debate-para-legalizar-el-cannabis\/#webpage"},"isPartOf":{"@id":"https:\/\/www.eldigitaldeasturias.com\/noticias\/los-ecologistas-franceses-relanzan-el-debate-para-legalizar-el-cannabis\/#webpage"},"articleSection":"Actualidad"},{"@type":"BreadcrumbList","@id":"https:\/\/www.eldigitaldeasturias.com\/noticias\/los-ecologistas-franceses-relanzan-el-debate-para-legalizar-el-cannabis\/#breadcrumblist","itemListElement":[{"@type":"ListItem","@id":"https:\/\/www.eldigitaldeasturias.com\/noticias#listItem","position":1,"name":"Home","item":"https:\/\/www.eldigitaldeasturias.com\/noticias","nextItem":{"@type":"ListItem","@id":"https:\/\/www.eldigitaldeasturias.com\/noticias\/category\/actualidad\/#listItem","name":"Actualidad"}},{"@type":"ListItem","@id":"https:\/\/www.eldigitaldeasturias.com\/noticias\/category\/actualidad\/#listItem","position":2,"name":"Actualidad","item":"https:\/\/www.eldigitaldeasturias.com\/noticias\/category\/actualidad\/","nextItem":{"@type":"ListItem","@id":"https:\/\/www.eldigitaldeasturias.com\/noticias\/los-ecologistas-franceses-relanzan-el-debate-para-legalizar-el-cannabis\/#listItem","name":"Los ecologistas franceses relanzan el debate para legalizar el cannabis"},"previousItem":{"@type":"ListItem","@id":"https:\/\/www.eldigitaldeasturias.com\/noticias#listItem","name":"Home"}},{"@type":"ListItem","@id":"https:\/\/www.eldigitaldeasturias.com\/noticias\/los-ecologistas-franceses-relanzan-el-debate-para-legalizar-el-cannabis\/#listItem","position":3,"name":"Los ecologistas franceses relanzan el debate para legalizar el cannabis","previousItem":{"@type":"ListItem","@id":"https:\/\/www.eldigitaldeasturias.com\/noticias\/category\/actualidad\/#listItem","name":"Actualidad"}}]},{"@type":"Organization","@id":"https:\/\/www.eldigitaldeasturias.com\/noticias\/#organization","name":"El Digital de Asturias","description":"Hemeroteca","url":"https:\/\/www.eldigitaldeasturias.com\/noticias\/","email":"info@eldigitaldeasturias.com","telephone":"+34652131393","logo":{"@type":"ImageObject","url":"https:\/\/www.eldigitaldeasturias.com\/noticias\/wp-content\/uploads\/2020\/12\/EDA.jpg","@id":"https:\/\/www.eldigitaldeasturias.com\/noticias\/los-ecologistas-franceses-relanzan-el-debate-para-legalizar-el-cannabis\/#organizationLogo"},"image":{"@id":"https:\/\/www.eldigitaldeasturias.com\/noticias\/los-ecologistas-franceses-relanzan-el-debate-para-legalizar-el-cannabis\/#organizationLogo"},"sameAs":["https:\/\/facebook.com\/eldigitaldeasturias","https:\/\/www.youtube.com\/channel\/UCZP-2wLEB9Rv6erhFmqVnvg"],"address":{"@id":"https:\/\/www.eldigitaldeasturias.com\/noticias\/#postaladdress","@type":"PostalAddress","streetAddress":"san antonio 4","postalCode":"33430","addressLocality":"Cand\u00e1s","addressRegion":"Asturias","addressCountry":"ES"}},{"@type":"Person","@id":"https:\/\/www.eldigitaldeasturias.com\/noticias\/author\/admin\/#author","url":"https:\/\/www.eldigitaldeasturias.com\/noticias\/author\/admin\/","name":"El Digital de Asturias","image":{"@type":"ImageObject","@id":"https:\/\/www.eldigitaldeasturias.com\/noticias\/los-ecologistas-franceses-relanzan-el-debate-para-legalizar-el-cannabis\/#authorImage","url":"https:\/\/secure.gravatar.com\/avatar\/df2aeffc32bcd13f8d26072ef8a91b623d677766deac7f97ca815868cd41bf5e?s=96&d=mm&r=g","width":96,"height":96,"caption":"El Digital de Asturias"}},{"@type":"WebPage","@id":"https:\/\/www.eldigitaldeasturias.com\/noticias\/los-ecologistas-franceses-relanzan-el-debate-para-legalizar-el-cannabis\/#webpage","url":"https:\/\/www.eldigitaldeasturias.com\/noticias\/los-ecologistas-franceses-relanzan-el-debate-para-legalizar-el-cannabis\/","name":"Los ecologistas franceses relanzan el debate para legalizar el cannabis - El Digital de Asturias","description":"Par\u00eds, 31 ene (EFE).- Los ecologistas franceses, socios del Gobierno de Fran\u00e7ois Hollande, han decidido relanzar el debate sobre la legalizaci\u00f3n del cannabis con un proyecto de ley que aunque no tiene posibilidades de salir adelante pretende poner en evidencia la falta de resultados de la actual pol\u00edtica de represi\u00f3n. El proyecto de ley para","inLanguage":"es-ES","isPartOf":{"@id":"https:\/\/www.eldigitaldeasturias.com\/noticias\/#website"},"breadcrumb":{"@id":"https:\/\/www.eldigitaldeasturias.com\/noticias\/los-ecologistas-franceses-relanzan-el-debate-para-legalizar-el-cannabis\/#breadcrumblist"},"author":{"@id":"https:\/\/www.eldigitaldeasturias.com\/noticias\/author\/admin\/#author"},"creator":{"@id":"https:\/\/www.eldigitaldeasturias.com\/noticias\/author\/admin\/#author"},"image":{"@type":"ImageObject","url":"https:\/\/www.eldigitaldeasturias.com\/noticias\/wp-content\/uploads\/2026\/06\/Contenidos.jpg","@id":"https:\/\/www.eldigitaldeasturias.com\/noticias\/los-ecologistas-franceses-relanzan-el-debate-para-legalizar-el-cannabis\/#mainImage","width":1265,"height":697,"caption":"Contenidos"},"primaryImageOfPage":{"@id":"https:\/\/www.eldigitaldeasturias.com\/noticias\/los-ecologistas-franceses-relanzan-el-debate-para-legalizar-el-cannabis\/#mainImage"},"datePublished":"2014-01-31T21:18:18+01:00","dateModified":"2014-01-31T21:18:18+01:00"},{"@type":"WebSite","@id":"https:\/\/www.eldigitaldeasturias.com\/noticias\/#website","url":"https:\/\/www.eldigitaldeasturias.com\/noticias\/","name":"El Digital de Asturias - Diario de actualidad y noticias","alternateName":"El Digital de Asturias - Diario de actualidad y noticias","description":"Hemeroteca","inLanguage":"es-ES","publisher":{"@id":"https:\/\/www.eldigitaldeasturias.com\/noticias\/#organization"}}]},"og:locale":"es_ES","og:site_name":"El Digital de Asturias","og:type":"article","og:title":"Los ecologistas franceses relanzan el debate para legalizar el cannabis - El Digital de Asturias","og:description":"Par\u00eds, 31 ene (EFE).- Los ecologistas franceses, socios del Gobierno de Fran\u00e7ois Hollande, han decidido relanzar el debate sobre la legalizaci\u00f3n del cannabis con un proyecto de ley que aunque no tiene posibilidades de salir adelante pretende poner en evidencia la falta de resultados de la actual pol\u00edtica de represi\u00f3n. El proyecto de ley para","og:url":"https:\/\/www.eldigitaldeasturias.com\/noticias\/los-ecologistas-franceses-relanzan-el-debate-para-legalizar-el-cannabis\/","og:image":"https:\/\/www.eldigitaldeasturias.com\/noticias\/wp-content\/uploads\/2026\/06\/Contenidos.jpg","og:image:secure_url":"https:\/\/www.eldigitaldeasturias.com\/noticias\/wp-content\/uploads\/2026\/06\/Contenidos.jpg","og:image:width":1265,"og:image:height":697,"article:tag":["actualidad"],"article:published_time":"2014-01-31T22:18:18+00:00","article:modified_time":"2014-01-31T22:18:18+00:00","article:publisher":"https:\/\/facebook.com\/eldigitaldeasturias","twitter:card":"summary_large_image","twitter:title":"Los ecologistas franceses relanzan el debate para legalizar el cannabis - El Digital de Asturias","twitter:description":"Par\u00eds, 31 ene (EFE).- Los ecologistas franceses, socios del Gobierno de Fran\u00e7ois Hollande, han decidido relanzar el debate sobre la legalizaci\u00f3n del cannabis con un proyecto de ley que aunque no tiene posibilidades de salir adelante pretende poner en evidencia la falta de resultados de la actual pol\u00edtica de represi\u00f3n. El proyecto de ley para","twitter:image":"https:\/\/www.eldigitaldeasturias.com\/noticias\/wp-content\/uploads\/2026\/06\/Contenidos.jpg","twitter:label1":"Escrito por","twitter:data1":"El Digital de Asturias","twitter:label2":"Tiempo de lectura estimado","twitter:data2":"3 minutos"},"aioseo_meta_data":{"post_id":"481337","title":null,"description":null,"keywords":null,"keyphrases":null,"primary_term":null,"canonical_url":null,"og_title":null,"og_description":null,"og_object_type":"default","og_image_type":"default","og_image_url":null,"og_image_width":null,"og_image_height":null,"og_image_custom_url":null,"og_image_custom_fields":null,"og_video":null,"og_custom_url":null,"og_article_section":null,"og_article_tags":null,"twitter_use_og":true,"twitter_card":"default","twitter_image_type":"default","twitter_image_url":null,"twitter_image_custom_url":null,"twitter_image_custom_fields":null,"twitter_title":null,"twitter_description":null,"schema":{"blockGraphs":[],"customGraphs":[],"default":{"data":{"Article":[],"Course":[],"Dataset":[],"FAQPage":[],"Movie":[],"Person":[],"Product":[],"ProductReview":[],"Car":[],"Recipe":[],"Service":[],"SoftwareApplication":[],"WebPage":[]},"graphName":"","isEnabled":true},"graphs":[],"defaultGraph":"","defaultPostTypeGraph":""},"schema_type":null,"schema_type_options":null,"pillar_content":false,"robots_default":true,"robots_noindex":false,"robots_noarchive":false,"robots_nosnippet":false,"robots_nofollow":false,"robots_noimageindex":false,"robots_noodp":false,"robots_notranslate":false,"robots_max_snippet":null,"robots_max_videopreview":null,"robots_max_imagepreview":"none","priority":null,"frequency":null,"local_seo":null,"seo_analyzer_scan_date":"2026-06-02 06:28:12","breadcrumb_settings":null,"limit_modified_date":false,"open_ai":null,"ai":null,"created":"2020-11-14 22:54:19","updated":"2026-06-02 06:28:12","focus_keyword":null,"additional_keywords":null,"truseo_locale":null},"aioseo_breadcrumb":"<div class=\"aioseo-breadcrumbs\"><span class=\"aioseo-breadcrumb\">\n\t<a href=\"https:\/\/www.eldigitaldeasturias.com\/noticias\" title=\"Home\">Home<\/a>\n<\/span><span class=\"aioseo-breadcrumb-separator\">\u2013<\/span><span class=\"aioseo-breadcrumb\">\n\t<a href=\"https:\/\/www.eldigitaldeasturias.com\/noticias\/category\/actualidad\/\" title=\"Actualidad\">Actualidad<\/a>\n<\/span><span class=\"aioseo-breadcrumb-separator\">\u2013<\/span><span class=\"aioseo-breadcrumb\">\n\t<a href=\"https:\/\/www.eldigitaldeasturias.com\/noticias\/los-ecologistas-franceses-relanzan-el-debate-para-legalizar-el-cannabis\/\" title=\"Los ecologistas franceses relanzan el debate para legalizar el cannabis\">Los ecologistas franceses relanzan el debate para legalizar el cannabis<\/a>\n<\/span><\/div>","aioseo_breadcrumb_json":[{"label":"Home","link":"https:\/\/www.eldigitaldeasturias.com\/noticias"},{"label":"Actualidad","link":"https:\/\/www.eldigitaldeasturias.com\/noticias\/category\/actualidad\/"},{"label":"Los ecologistas franceses relanzan el debate para legalizar el cannabis","link":"https:\/\/www.eldigitaldeasturias.com\/noticias\/los-ecologistas-franceses-relanzan-el-debate-para-legalizar-el-cannabis\/"}],"_links":{"self":[{"href":"https:\/\/www.eldigitaldeasturias.com\/noticias\/wp-json\/wp\/v2\/posts\/481337","targetHints":{"allow":["GET"]}}],"collection":[{"href":"https:\/\/www.eldigitaldeasturias.com\/noticias\/wp-json\/wp\/v2\/posts"}],"about":[{"href":"https:\/\/www.eldigitaldeasturias.com\/noticias\/wp-json\/wp\/v2\/types\/post"}],"author":[{"embeddable":true,"href":"https:\/\/www.eldigitaldeasturias.com\/noticias\/wp-json\/wp\/v2\/users\/1"}],"replies":[{"embeddable":true,"href":"https:\/\/www.eldigitaldeasturias.com\/noticias\/wp-json\/wp\/v2\/comments?post=481337"}],"version-history":[{"count":0,"href":"https:\/\/www.eldigitaldeasturias.com\/noticias\/wp-json\/wp\/v2\/posts\/481337\/revisions"}],"wp:featuredmedia":[{"embeddable":true,"href":"https:\/\/www.eldigitaldeasturias.com\/noticias\/wp-json\/wp\/v2\/media\/1132184"}],"wp:attachment":[{"href":"https:\/\/www.eldigitaldeasturias.com\/noticias\/wp-json\/wp\/v2\/media?parent=481337"}],"wp:term":[{"taxonomy":"category","embeddable":true,"href":"https:\/\/www.eldigitaldeasturias.com\/noticias\/wp-json\/wp\/v2\/categories?post=481337"},{"taxonomy":"post_tag","embeddable":true,"href":"https:\/\/www.eldigitaldeasturias.com\/noticias\/wp-json\/wp\/v2\/tags?post=481337"}],"curies":[{"name":"wp","href":"https:\/\/api.w.org\/{rel}","templated":true}]}}