{"id":481313,"date":"2014-01-31T20:48:17","date_gmt":"2014-01-31T21:48:17","guid":{"rendered":"http:\/\/www.eldigitaldeasturias.com\/noticias\/?p=481313"},"modified":"2014-01-31T20:48:17","modified_gmt":"2014-01-31T21:48:17","slug":"los-bomberos-de-madrid-acusan-a-la-policia-de-perseguirles-para-danar-su-imagen","status":"publish","type":"post","link":"https:\/\/www.eldigitaldeasturias.com\/noticias\/los-bomberos-de-madrid-acusan-a-la-policia-de-perseguirles-para-danar-su-imagen\/","title":{"rendered":"Los bomberos de Madrid acusan a la Polic\u00eda de perseguirles para da\u00f1ar su imagen"},"content":{"rendered":"<p><img loading=\"lazy\" decoding=\"async\" class=\"alignleft size-medium wp-image-481314\" alt=\"5895882w\" src=\"https:\/\/www.eldigitaldeasturias.com\/noticias\/wp-content\/uploads\/2014\/01\/5895882w-360x229.jpg\" width=\"360\" height=\"229\" \/>Madrid, 31 ene (EFE).- Los Bomberos del Ayuntamiento de Madrid han acusado hoy a la Delegaci\u00f3n del Gobierno y a la Polic\u00eda Nacional de llevar a cabo una campa\u00f1a de persecuci\u00f3n hacia el colectivo, con el objetivo de da\u00f1ar su imagen y acabar con el \u00abcari\u00f1o\u00bb que les profesa la ciudadan\u00eda.<\/p>\n<p>Las secciones sindicales de CCOO y UGT de los bomberos han ofrecido hoy una rueda de prensa para denunciar que ayer la Polic\u00eda llam\u00f3 a declarar a un compa\u00f1ero a comisar\u00eda por unas presuntas injurias y calumnias vertidas en las redes sociales.<\/p>\n<p>El bombero acusado, J.M.T., fue llamado anoche a declarar a comisar\u00eda bajo la premisa de que \u00absi no se presentaba en dependencias policiales en un plazo de dos horas ser\u00eda puesto en busca y captura\u00bb, seg\u00fan ha explicado el responsable de CCOO de Bomberos del Ayuntamiento de Madrid, Rub\u00e9n Gallego.<\/p>\n<p>\u00abLo que quieren es acabar con el cari\u00f1o que tienen a los bomberos la gente, quieren vendernos como gente violenta, como gente indeseable, y no se lo vamos a permitir\u00bb, ha asegurado Gallego.<\/p>\n<p>\u00abQuieren poner a la ciudadan\u00eda en nuestra contra\u00bb, ha expresado en la misma l\u00ednea el portavoz de CCOO bomberos de la Comunidad de Madrid, Pedro Campos, quien ha asegurado que el motivo de esta campa\u00f1a es \u00abhacerles pagar\u00bb por su defensa de todos los servicios p\u00fablicos.<\/p>\n<p>El letrado del bombero acusado ayer, Jorge Gonz\u00e1lez, ha confirmado que las imputaciones que se presumen son de injurias y calumnias, una medida que ha considerado \u00abdesproporcionada\u00bb, porque sino \u00abestar\u00eda imputada media Espa\u00f1a\u00bb, ha dicho.<\/p>\n<p>Gallego ha tildado la denuncia de \u00ababsolutamente bochornosa\u00bb y ha expresado que responde a una persecuci\u00f3n \u00abya no solo a los bomberos, sino a cualquier ciudadano que en un momento determinado alza la voz\u00bb.<\/p>\n<p>El portavoz de Bomberos de UGT de Madrid, Joaqu\u00edn S\u00e1enz, ha manifestado que su \u00abproblema\u00bb no es directamente con la Polic\u00eda, sino con los pol\u00edticos, que \u00abest\u00e1n emponzo\u00f1ando y enfrentando a dos servicios condenados a entenderse, y est\u00e1n aumentando la tensi\u00f3n, con argucias y artima\u00f1as que rayan la legalidad\u00bb.<\/p>\n<p>\u00abNosotros nos debemos a los ciudadanos, no a los pol\u00edticos\u00bb, ha dicho S\u00e1enz, \u00aby por lo tanto jam\u00e1s vamos a plegarnos a intervenir en temas de desorden p\u00fablico o en temas de desahucios, porque no es nuestro trabajo\u00bb.<\/p>\n<p>Las agrupaciones sindicales han asegurado haber mandado una carta al secretario de Estado de Seguridad, Francisco Mart\u00ednez V\u00e1zquez, pidi\u00e9ndole sentarse a dialogar para actualizar los protocolos de intervenci\u00f3n y acabar con \u00ablos roces y los malos rollos\u00bb, aunque se han lamentado de que por el momento la \u00fanica respuesta que han obtenido ha sido \u00abel silencio\u00bb.<\/p>\n<p>La pol\u00e9mica entre los dos colectivos p\u00fablicos surgi\u00f3 tras la detenci\u00f3n el pasado d\u00eda 15 de un bombero acusado de agredir a un polic\u00eda nacional, d\u00e1ndole un cabezazo con el casco cuando \u00e9ste pidi\u00f3 a los bomberos que se retiraran de donde estaban tras apagar un contenedor.<\/p>\n","protected":false},"excerpt":{"rendered":"<p>Madrid, 31 ene (EFE).- Los Bomberos del Ayuntamiento de Madrid han acusado hoy a la Delegaci\u00f3n del Gobierno y a la Polic\u00eda Nacional de llevar a cabo una campa\u00f1a de persecuci\u00f3n hacia el colectivo, con el objetivo de da\u00f1ar su imagen y acabar con el \u00abcari\u00f1o\u00bb que les profesa la ciudadan\u00eda. Las secciones sindicales de [&hellip;]<\/p>\n","protected":false},"author":1,"featured_media":1132184,"comment_status":"closed","ping_status":"open","sticky":false,"template":"","format":"standard","meta":{"footnotes":""},"categories":[1],"tags":[],"class_list":["post-481313","post","type-post","status-publish","format-standard","has-post-thumbnail","hentry","category-actualidad"],"aioseo_notices":[],"aioseo_head":"\n\t\t<!-- All in One SEO Pro 5.0.1 - aioseo.com -->\n\t<meta name=\"description\" content=\"Madrid, 31 ene (EFE).- Los Bomberos del Ayuntamiento de Madrid han acusado hoy a la Delegaci\u00f3n del Gobierno y a la Polic\u00eda Nacional de llevar a cabo una campa\u00f1a de persecuci\u00f3n hacia el colectivo, con el objetivo de da\u00f1ar su imagen y acabar con el &quot;cari\u00f1o&quot; que les profesa la ciudadan\u00eda. Las secciones sindicales de\" \/>\n\t<meta name=\"robots\" content=\"max-image-preview:large\" \/>\n\t<meta name=\"author\" content=\"El Digital de Asturias\"\/>\n\t<meta name=\"google-site-verification\" content=\"UA-38556648-1\" \/>\n\t<meta name=\"msvalidate.01\" content=\"7dfe9f3f1b24437ab69f4f2559babe99\" \/>\n\t<meta name=\"keywords\" content=\"actualidad\" \/>\n\t<link rel=\"canonical\" href=\"https:\/\/www.eldigitaldeasturias.com\/noticias\/los-bomberos-de-madrid-acusan-a-la-policia-de-perseguirles-para-danar-su-imagen\/\" \/>\n\t<meta name=\"generator\" content=\"All in One SEO Pro (AIOSEO) 5.0.1\" \/>\n\t\t<meta property=\"og:locale\" content=\"es_ES\" \/>\n\t\t<meta property=\"og:site_name\" content=\"El Digital de Asturias\" \/>\n\t\t<meta property=\"og:type\" content=\"article\" \/>\n\t\t<meta property=\"og:title\" content=\"Los bomberos de Madrid acusan a la Polic\u00eda de perseguirles para da\u00f1ar su imagen - El Digital de Asturias\" \/>\n\t\t<meta property=\"og:description\" content=\"Madrid, 31 ene (EFE).- Los Bomberos del Ayuntamiento de Madrid han acusado hoy a la Delegaci\u00f3n del Gobierno y a la Polic\u00eda Nacional de llevar a cabo una campa\u00f1a de persecuci\u00f3n hacia el colectivo, con el objetivo de da\u00f1ar su imagen y acabar con el &quot;cari\u00f1o&quot; que les profesa la ciudadan\u00eda. Las secciones sindicales de\" \/>\n\t\t<meta property=\"og:url\" content=\"https:\/\/www.eldigitaldeasturias.com\/noticias\/los-bomberos-de-madrid-acusan-a-la-policia-de-perseguirles-para-danar-su-imagen\/\" \/>\n\t\t<meta property=\"og:image\" content=\"https:\/\/www.eldigitaldeasturias.com\/noticias\/wp-content\/uploads\/2026\/06\/Contenidos.jpg\" \/>\n\t\t<meta property=\"og:image:secure_url\" content=\"https:\/\/www.eldigitaldeasturias.com\/noticias\/wp-content\/uploads\/2026\/06\/Contenidos.jpg\" \/>\n\t\t<meta property=\"og:image:width\" content=\"1265\" \/>\n\t\t<meta property=\"og:image:height\" content=\"697\" \/>\n\t\t<meta property=\"article:tag\" content=\"actualidad\" \/>\n\t\t<meta property=\"article:published_time\" content=\"2014-01-31T21:48:17+00:00\" \/>\n\t\t<meta property=\"article:modified_time\" content=\"2014-01-31T21:48:17+00:00\" \/>\n\t\t<meta property=\"article:publisher\" content=\"https:\/\/facebook.com\/eldigitaldeasturias\" \/>\n\t\t<meta name=\"twitter:card\" content=\"summary_large_image\" \/>\n\t\t<meta name=\"twitter:title\" content=\"Los bomberos de Madrid acusan a la Polic\u00eda de perseguirles para da\u00f1ar su imagen - El Digital de Asturias\" \/>\n\t\t<meta name=\"twitter:description\" content=\"Madrid, 31 ene (EFE).- Los Bomberos del Ayuntamiento de Madrid han acusado hoy a la Delegaci\u00f3n del Gobierno y a la Polic\u00eda Nacional de llevar a cabo una campa\u00f1a de persecuci\u00f3n hacia el colectivo, con el objetivo de da\u00f1ar su imagen y acabar con el &quot;cari\u00f1o&quot; que les profesa la ciudadan\u00eda. Las secciones sindicales de\" \/>\n\t\t<meta name=\"twitter:image\" content=\"https:\/\/www.eldigitaldeasturias.com\/noticias\/wp-content\/uploads\/2026\/06\/Contenidos.jpg\" \/>\n\t\t<meta name=\"twitter:label1\" content=\"Escrito por\" \/>\n\t\t<meta name=\"twitter:data1\" content=\"El Digital de Asturias\" \/>\n\t\t<meta name=\"twitter:label2\" content=\"Tiempo de lectura estimado\" \/>\n\t\t<meta name=\"twitter:data2\" content=\"3 minutos\" \/>\n\t\t<script type=\"application\/ld+json\" class=\"aioseo-schema\">\n\t\t\t{\"@context\":\"https:\\\/\\\/schema.org\",\"@graph\":[{\"@type\":\"BlogPosting\",\"@id\":\"https:\\\/\\\/www.eldigitaldeasturias.com\\\/noticias\\\/los-bomberos-de-madrid-acusan-a-la-policia-de-perseguirles-para-danar-su-imagen\\\/#blogposting\",\"name\":\"Los bomberos de Madrid acusan a la Polic\\u00eda de perseguirles para da\\u00f1ar su imagen - El Digital de Asturias\",\"headline\":\"Los bomberos de Madrid acusan a la Polic\\u00eda de perseguirles para da\\u00f1ar su imagen\",\"author\":{\"@id\":\"https:\\\/\\\/www.eldigitaldeasturias.com\\\/noticias\\\/author\\\/admin\\\/#author\"},\"publisher\":{\"@id\":\"https:\\\/\\\/www.eldigitaldeasturias.com\\\/noticias\\\/#organization\"},\"image\":{\"@type\":\"ImageObject\",\"url\":\"https:\\\/\\\/www.eldigitaldeasturias.com\\\/noticias\\\/wp-content\\\/uploads\\\/2026\\\/06\\\/Contenidos.jpg\",\"width\":1265,\"height\":697,\"caption\":\"Contenidos\"},\"datePublished\":\"2014-01-31T20:48:17+01:00\",\"dateModified\":\"2014-01-31T20:48:17+01:00\",\"inLanguage\":\"es-ES\",\"mainEntityOfPage\":{\"@id\":\"https:\\\/\\\/www.eldigitaldeasturias.com\\\/noticias\\\/los-bomberos-de-madrid-acusan-a-la-policia-de-perseguirles-para-danar-su-imagen\\\/#webpage\"},\"isPartOf\":{\"@id\":\"https:\\\/\\\/www.eldigitaldeasturias.com\\\/noticias\\\/los-bomberos-de-madrid-acusan-a-la-policia-de-perseguirles-para-danar-su-imagen\\\/#webpage\"},\"articleSection\":\"Actualidad\"},{\"@type\":\"BreadcrumbList\",\"@id\":\"https:\\\/\\\/www.eldigitaldeasturias.com\\\/noticias\\\/los-bomberos-de-madrid-acusan-a-la-policia-de-perseguirles-para-danar-su-imagen\\\/#breadcrumblist\",\"itemListElement\":[{\"@type\":\"ListItem\",\"@id\":\"https:\\\/\\\/www.eldigitaldeasturias.com\\\/noticias#listItem\",\"position\":1,\"name\":\"Home\",\"item\":\"https:\\\/\\\/www.eldigitaldeasturias.com\\\/noticias\",\"nextItem\":{\"@type\":\"ListItem\",\"@id\":\"https:\\\/\\\/www.eldigitaldeasturias.com\\\/noticias\\\/category\\\/actualidad\\\/#listItem\",\"name\":\"Actualidad\"}},{\"@type\":\"ListItem\",\"@id\":\"https:\\\/\\\/www.eldigitaldeasturias.com\\\/noticias\\\/category\\\/actualidad\\\/#listItem\",\"position\":2,\"name\":\"Actualidad\",\"item\":\"https:\\\/\\\/www.eldigitaldeasturias.com\\\/noticias\\\/category\\\/actualidad\\\/\",\"nextItem\":{\"@type\":\"ListItem\",\"@id\":\"https:\\\/\\\/www.eldigitaldeasturias.com\\\/noticias\\\/los-bomberos-de-madrid-acusan-a-la-policia-de-perseguirles-para-danar-su-imagen\\\/#listItem\",\"name\":\"Los bomberos de Madrid acusan a la Polic\\u00eda de perseguirles para da\\u00f1ar su imagen\"},\"previousItem\":{\"@type\":\"ListItem\",\"@id\":\"https:\\\/\\\/www.eldigitaldeasturias.com\\\/noticias#listItem\",\"name\":\"Home\"}},{\"@type\":\"ListItem\",\"@id\":\"https:\\\/\\\/www.eldigitaldeasturias.com\\\/noticias\\\/los-bomberos-de-madrid-acusan-a-la-policia-de-perseguirles-para-danar-su-imagen\\\/#listItem\",\"position\":3,\"name\":\"Los bomberos de Madrid acusan a la Polic\\u00eda de perseguirles para da\\u00f1ar su imagen\",\"previousItem\":{\"@type\":\"ListItem\",\"@id\":\"https:\\\/\\\/www.eldigitaldeasturias.com\\\/noticias\\\/category\\\/actualidad\\\/#listItem\",\"name\":\"Actualidad\"}}]},{\"@type\":\"Organization\",\"@id\":\"https:\\\/\\\/www.eldigitaldeasturias.com\\\/noticias\\\/#organization\",\"name\":\"El Digital de Asturias\",\"description\":\"Hemeroteca\",\"url\":\"https:\\\/\\\/www.eldigitaldeasturias.com\\\/noticias\\\/\",\"email\":\"info@eldigitaldeasturias.com\",\"telephone\":\"+34652131393\",\"logo\":{\"@type\":\"ImageObject\",\"url\":\"https:\\\/\\\/www.eldigitaldeasturias.com\\\/noticias\\\/wp-content\\\/uploads\\\/2020\\\/12\\\/EDA.jpg\",\"@id\":\"https:\\\/\\\/www.eldigitaldeasturias.com\\\/noticias\\\/los-bomberos-de-madrid-acusan-a-la-policia-de-perseguirles-para-danar-su-imagen\\\/#organizationLogo\"},\"image\":{\"@id\":\"https:\\\/\\\/www.eldigitaldeasturias.com\\\/noticias\\\/los-bomberos-de-madrid-acusan-a-la-policia-de-perseguirles-para-danar-su-imagen\\\/#organizationLogo\"},\"sameAs\":[\"https:\\\/\\\/facebook.com\\\/eldigitaldeasturias\",\"https:\\\/\\\/www.youtube.com\\\/channel\\\/UCZP-2wLEB9Rv6erhFmqVnvg\"],\"address\":{\"@id\":\"https:\\\/\\\/www.eldigitaldeasturias.com\\\/noticias\\\/#postaladdress\",\"@type\":\"PostalAddress\",\"streetAddress\":\"san antonio 4\",\"postalCode\":\"33430\",\"addressLocality\":\"Cand\\u00e1s\",\"addressRegion\":\"Asturias\",\"addressCountry\":\"ES\"}},{\"@type\":\"Person\",\"@id\":\"https:\\\/\\\/www.eldigitaldeasturias.com\\\/noticias\\\/author\\\/admin\\\/#author\",\"url\":\"https:\\\/\\\/www.eldigitaldeasturias.com\\\/noticias\\\/author\\\/admin\\\/\",\"name\":\"El Digital de Asturias\",\"image\":{\"@type\":\"ImageObject\",\"@id\":\"https:\\\/\\\/www.eldigitaldeasturias.com\\\/noticias\\\/los-bomberos-de-madrid-acusan-a-la-policia-de-perseguirles-para-danar-su-imagen\\\/#authorImage\",\"url\":\"https:\\\/\\\/secure.gravatar.com\\\/avatar\\\/df2aeffc32bcd13f8d26072ef8a91b623d677766deac7f97ca815868cd41bf5e?s=96&d=mm&r=g\",\"width\":96,\"height\":96,\"caption\":\"El Digital de Asturias\"}},{\"@type\":\"WebPage\",\"@id\":\"https:\\\/\\\/www.eldigitaldeasturias.com\\\/noticias\\\/los-bomberos-de-madrid-acusan-a-la-policia-de-perseguirles-para-danar-su-imagen\\\/#webpage\",\"url\":\"https:\\\/\\\/www.eldigitaldeasturias.com\\\/noticias\\\/los-bomberos-de-madrid-acusan-a-la-policia-de-perseguirles-para-danar-su-imagen\\\/\",\"name\":\"Los bomberos de Madrid acusan a la Polic\\u00eda de perseguirles para da\\u00f1ar su imagen - El Digital de Asturias\",\"description\":\"Madrid, 31 ene (EFE).- Los Bomberos del Ayuntamiento de Madrid han acusado hoy a la Delegaci\\u00f3n del Gobierno y a la Polic\\u00eda Nacional de llevar a cabo una campa\\u00f1a de persecuci\\u00f3n hacia el colectivo, con el objetivo de da\\u00f1ar su imagen y acabar con el \\\"cari\\u00f1o\\\" que les profesa la ciudadan\\u00eda. Las secciones sindicales de\",\"inLanguage\":\"es-ES\",\"isPartOf\":{\"@id\":\"https:\\\/\\\/www.eldigitaldeasturias.com\\\/noticias\\\/#website\"},\"breadcrumb\":{\"@id\":\"https:\\\/\\\/www.eldigitaldeasturias.com\\\/noticias\\\/los-bomberos-de-madrid-acusan-a-la-policia-de-perseguirles-para-danar-su-imagen\\\/#breadcrumblist\"},\"author\":{\"@id\":\"https:\\\/\\\/www.eldigitaldeasturias.com\\\/noticias\\\/author\\\/admin\\\/#author\"},\"creator\":{\"@id\":\"https:\\\/\\\/www.eldigitaldeasturias.com\\\/noticias\\\/author\\\/admin\\\/#author\"},\"image\":{\"@type\":\"ImageObject\",\"url\":\"https:\\\/\\\/www.eldigitaldeasturias.com\\\/noticias\\\/wp-content\\\/uploads\\\/2026\\\/06\\\/Contenidos.jpg\",\"@id\":\"https:\\\/\\\/www.eldigitaldeasturias.com\\\/noticias\\\/los-bomberos-de-madrid-acusan-a-la-policia-de-perseguirles-para-danar-su-imagen\\\/#mainImage\",\"width\":1265,\"height\":697,\"caption\":\"Contenidos\"},\"primaryImageOfPage\":{\"@id\":\"https:\\\/\\\/www.eldigitaldeasturias.com\\\/noticias\\\/los-bomberos-de-madrid-acusan-a-la-policia-de-perseguirles-para-danar-su-imagen\\\/#mainImage\"},\"datePublished\":\"2014-01-31T20:48:17+01:00\",\"dateModified\":\"2014-01-31T20:48:17+01:00\"},{\"@type\":\"WebSite\",\"@id\":\"https:\\\/\\\/www.eldigitaldeasturias.com\\\/noticias\\\/#website\",\"url\":\"https:\\\/\\\/www.eldigitaldeasturias.com\\\/noticias\\\/\",\"name\":\"El Digital de Asturias - Diario de actualidad y noticias\",\"alternateName\":\"El Digital de Asturias - Diario de actualidad y noticias\",\"description\":\"Hemeroteca\",\"inLanguage\":\"es-ES\",\"publisher\":{\"@id\":\"https:\\\/\\\/www.eldigitaldeasturias.com\\\/noticias\\\/#organization\"}}]}\n\t\t<\/script>\n\t\t<!-- All in One SEO Pro -->\r\n\t\t<title>Los bomberos de Madrid acusan a la Polic\u00eda de perseguirles para da\u00f1ar su imagen - El Digital de Asturias<\/title>\n\n","aioseo_head_json":{"title":"Los bomberos de Madrid acusan a la Polic\u00eda de perseguirles para da\u00f1ar su imagen - El Digital de Asturias","description":"Madrid, 31 ene (EFE).- Los Bomberos del Ayuntamiento de Madrid han acusado hoy a la Delegaci\u00f3n del Gobierno y a la Polic\u00eda Nacional de llevar a cabo una campa\u00f1a de persecuci\u00f3n hacia el colectivo, con el objetivo de da\u00f1ar su imagen y acabar con el \"cari\u00f1o\" que les profesa la ciudadan\u00eda. Las secciones sindicales de","canonical_url":"https:\/\/www.eldigitaldeasturias.com\/noticias\/los-bomberos-de-madrid-acusan-a-la-policia-de-perseguirles-para-danar-su-imagen\/","robots":"max-image-preview:large","keywords":"actualidad","webmasterTools":{"google-site-verification":"UA-38556648-1","msvalidate.01":"7dfe9f3f1b24437ab69f4f2559babe99","miscellaneous":""},"schema":{"@context":"https:\/\/schema.org","@graph":[{"@type":"BlogPosting","@id":"https:\/\/www.eldigitaldeasturias.com\/noticias\/los-bomberos-de-madrid-acusan-a-la-policia-de-perseguirles-para-danar-su-imagen\/#blogposting","name":"Los bomberos de Madrid acusan a la Polic\u00eda de perseguirles para da\u00f1ar su imagen - El Digital de Asturias","headline":"Los bomberos de Madrid acusan a la Polic\u00eda de perseguirles para da\u00f1ar su imagen","author":{"@id":"https:\/\/www.eldigitaldeasturias.com\/noticias\/author\/admin\/#author"},"publisher":{"@id":"https:\/\/www.eldigitaldeasturias.com\/noticias\/#organization"},"image":{"@type":"ImageObject","url":"https:\/\/www.eldigitaldeasturias.com\/noticias\/wp-content\/uploads\/2026\/06\/Contenidos.jpg","width":1265,"height":697,"caption":"Contenidos"},"datePublished":"2014-01-31T20:48:17+01:00","dateModified":"2014-01-31T20:48:17+01:00","inLanguage":"es-ES","mainEntityOfPage":{"@id":"https:\/\/www.eldigitaldeasturias.com\/noticias\/los-bomberos-de-madrid-acusan-a-la-policia-de-perseguirles-para-danar-su-imagen\/#webpage"},"isPartOf":{"@id":"https:\/\/www.eldigitaldeasturias.com\/noticias\/los-bomberos-de-madrid-acusan-a-la-policia-de-perseguirles-para-danar-su-imagen\/#webpage"},"articleSection":"Actualidad"},{"@type":"BreadcrumbList","@id":"https:\/\/www.eldigitaldeasturias.com\/noticias\/los-bomberos-de-madrid-acusan-a-la-policia-de-perseguirles-para-danar-su-imagen\/#breadcrumblist","itemListElement":[{"@type":"ListItem","@id":"https:\/\/www.eldigitaldeasturias.com\/noticias#listItem","position":1,"name":"Home","item":"https:\/\/www.eldigitaldeasturias.com\/noticias","nextItem":{"@type":"ListItem","@id":"https:\/\/www.eldigitaldeasturias.com\/noticias\/category\/actualidad\/#listItem","name":"Actualidad"}},{"@type":"ListItem","@id":"https:\/\/www.eldigitaldeasturias.com\/noticias\/category\/actualidad\/#listItem","position":2,"name":"Actualidad","item":"https:\/\/www.eldigitaldeasturias.com\/noticias\/category\/actualidad\/","nextItem":{"@type":"ListItem","@id":"https:\/\/www.eldigitaldeasturias.com\/noticias\/los-bomberos-de-madrid-acusan-a-la-policia-de-perseguirles-para-danar-su-imagen\/#listItem","name":"Los bomberos de Madrid acusan a la Polic\u00eda de perseguirles para da\u00f1ar su imagen"},"previousItem":{"@type":"ListItem","@id":"https:\/\/www.eldigitaldeasturias.com\/noticias#listItem","name":"Home"}},{"@type":"ListItem","@id":"https:\/\/www.eldigitaldeasturias.com\/noticias\/los-bomberos-de-madrid-acusan-a-la-policia-de-perseguirles-para-danar-su-imagen\/#listItem","position":3,"name":"Los bomberos de Madrid acusan a la Polic\u00eda de perseguirles para da\u00f1ar su imagen","previousItem":{"@type":"ListItem","@id":"https:\/\/www.eldigitaldeasturias.com\/noticias\/category\/actualidad\/#listItem","name":"Actualidad"}}]},{"@type":"Organization","@id":"https:\/\/www.eldigitaldeasturias.com\/noticias\/#organization","name":"El Digital de Asturias","description":"Hemeroteca","url":"https:\/\/www.eldigitaldeasturias.com\/noticias\/","email":"info@eldigitaldeasturias.com","telephone":"+34652131393","logo":{"@type":"ImageObject","url":"https:\/\/www.eldigitaldeasturias.com\/noticias\/wp-content\/uploads\/2020\/12\/EDA.jpg","@id":"https:\/\/www.eldigitaldeasturias.com\/noticias\/los-bomberos-de-madrid-acusan-a-la-policia-de-perseguirles-para-danar-su-imagen\/#organizationLogo"},"image":{"@id":"https:\/\/www.eldigitaldeasturias.com\/noticias\/los-bomberos-de-madrid-acusan-a-la-policia-de-perseguirles-para-danar-su-imagen\/#organizationLogo"},"sameAs":["https:\/\/facebook.com\/eldigitaldeasturias","https:\/\/www.youtube.com\/channel\/UCZP-2wLEB9Rv6erhFmqVnvg"],"address":{"@id":"https:\/\/www.eldigitaldeasturias.com\/noticias\/#postaladdress","@type":"PostalAddress","streetAddress":"san antonio 4","postalCode":"33430","addressLocality":"Cand\u00e1s","addressRegion":"Asturias","addressCountry":"ES"}},{"@type":"Person","@id":"https:\/\/www.eldigitaldeasturias.com\/noticias\/author\/admin\/#author","url":"https:\/\/www.eldigitaldeasturias.com\/noticias\/author\/admin\/","name":"El Digital de Asturias","image":{"@type":"ImageObject","@id":"https:\/\/www.eldigitaldeasturias.com\/noticias\/los-bomberos-de-madrid-acusan-a-la-policia-de-perseguirles-para-danar-su-imagen\/#authorImage","url":"https:\/\/secure.gravatar.com\/avatar\/df2aeffc32bcd13f8d26072ef8a91b623d677766deac7f97ca815868cd41bf5e?s=96&d=mm&r=g","width":96,"height":96,"caption":"El Digital de Asturias"}},{"@type":"WebPage","@id":"https:\/\/www.eldigitaldeasturias.com\/noticias\/los-bomberos-de-madrid-acusan-a-la-policia-de-perseguirles-para-danar-su-imagen\/#webpage","url":"https:\/\/www.eldigitaldeasturias.com\/noticias\/los-bomberos-de-madrid-acusan-a-la-policia-de-perseguirles-para-danar-su-imagen\/","name":"Los bomberos de Madrid acusan a la Polic\u00eda de perseguirles para da\u00f1ar su imagen - El Digital de Asturias","description":"Madrid, 31 ene (EFE).- Los Bomberos del Ayuntamiento de Madrid han acusado hoy a la Delegaci\u00f3n del Gobierno y a la Polic\u00eda Nacional de llevar a cabo una campa\u00f1a de persecuci\u00f3n hacia el colectivo, con el objetivo de da\u00f1ar su imagen y acabar con el \"cari\u00f1o\" que les profesa la ciudadan\u00eda. Las secciones sindicales de","inLanguage":"es-ES","isPartOf":{"@id":"https:\/\/www.eldigitaldeasturias.com\/noticias\/#website"},"breadcrumb":{"@id":"https:\/\/www.eldigitaldeasturias.com\/noticias\/los-bomberos-de-madrid-acusan-a-la-policia-de-perseguirles-para-danar-su-imagen\/#breadcrumblist"},"author":{"@id":"https:\/\/www.eldigitaldeasturias.com\/noticias\/author\/admin\/#author"},"creator":{"@id":"https:\/\/www.eldigitaldeasturias.com\/noticias\/author\/admin\/#author"},"image":{"@type":"ImageObject","url":"https:\/\/www.eldigitaldeasturias.com\/noticias\/wp-content\/uploads\/2026\/06\/Contenidos.jpg","@id":"https:\/\/www.eldigitaldeasturias.com\/noticias\/los-bomberos-de-madrid-acusan-a-la-policia-de-perseguirles-para-danar-su-imagen\/#mainImage","width":1265,"height":697,"caption":"Contenidos"},"primaryImageOfPage":{"@id":"https:\/\/www.eldigitaldeasturias.com\/noticias\/los-bomberos-de-madrid-acusan-a-la-policia-de-perseguirles-para-danar-su-imagen\/#mainImage"},"datePublished":"2014-01-31T20:48:17+01:00","dateModified":"2014-01-31T20:48:17+01:00"},{"@type":"WebSite","@id":"https:\/\/www.eldigitaldeasturias.com\/noticias\/#website","url":"https:\/\/www.eldigitaldeasturias.com\/noticias\/","name":"El Digital de Asturias - Diario de actualidad y noticias","alternateName":"El Digital de Asturias - Diario de actualidad y noticias","description":"Hemeroteca","inLanguage":"es-ES","publisher":{"@id":"https:\/\/www.eldigitaldeasturias.com\/noticias\/#organization"}}]},"og:locale":"es_ES","og:site_name":"El Digital de Asturias","og:type":"article","og:title":"Los bomberos de Madrid acusan a la Polic\u00eda de perseguirles para da\u00f1ar su imagen - El Digital de Asturias","og:description":"Madrid, 31 ene (EFE).- Los Bomberos del Ayuntamiento de Madrid han acusado hoy a la Delegaci\u00f3n del Gobierno y a la Polic\u00eda Nacional de llevar a cabo una campa\u00f1a de persecuci\u00f3n hacia el colectivo, con el objetivo de da\u00f1ar su imagen y acabar con el &quot;cari\u00f1o&quot; que les profesa la ciudadan\u00eda. Las secciones sindicales de","og:url":"https:\/\/www.eldigitaldeasturias.com\/noticias\/los-bomberos-de-madrid-acusan-a-la-policia-de-perseguirles-para-danar-su-imagen\/","og:image":"https:\/\/www.eldigitaldeasturias.com\/noticias\/wp-content\/uploads\/2026\/06\/Contenidos.jpg","og:image:secure_url":"https:\/\/www.eldigitaldeasturias.com\/noticias\/wp-content\/uploads\/2026\/06\/Contenidos.jpg","og:image:width":1265,"og:image:height":697,"article:tag":["actualidad"],"article:published_time":"2014-01-31T21:48:17+00:00","article:modified_time":"2014-01-31T21:48:17+00:00","article:publisher":"https:\/\/facebook.com\/eldigitaldeasturias","twitter:card":"summary_large_image","twitter:title":"Los bomberos de Madrid acusan a la Polic\u00eda de perseguirles para da\u00f1ar su imagen - El Digital de Asturias","twitter:description":"Madrid, 31 ene (EFE).- Los Bomberos del Ayuntamiento de Madrid han acusado hoy a la Delegaci\u00f3n del Gobierno y a la Polic\u00eda Nacional de llevar a cabo una campa\u00f1a de persecuci\u00f3n hacia el colectivo, con el objetivo de da\u00f1ar su imagen y acabar con el &quot;cari\u00f1o&quot; que les profesa la ciudadan\u00eda. Las secciones sindicales de","twitter:image":"https:\/\/www.eldigitaldeasturias.com\/noticias\/wp-content\/uploads\/2026\/06\/Contenidos.jpg","twitter:label1":"Escrito por","twitter:data1":"El Digital de Asturias","twitter:label2":"Tiempo de lectura estimado","twitter:data2":"3 minutos"},"aioseo_meta_data":{"post_id":"481313","title":null,"description":null,"keywords":null,"keyphrases":null,"primary_term":null,"canonical_url":null,"og_title":null,"og_description":null,"og_object_type":"default","og_image_type":"default","og_image_url":null,"og_image_width":null,"og_image_height":null,"og_image_custom_url":null,"og_image_custom_fields":null,"og_video":null,"og_custom_url":null,"og_article_section":null,"og_article_tags":null,"twitter_use_og":true,"twitter_card":"default","twitter_image_type":"default","twitter_image_url":null,"twitter_image_custom_url":null,"twitter_image_custom_fields":null,"twitter_title":null,"twitter_description":null,"schema":{"blockGraphs":[],"customGraphs":[],"default":{"data":{"Article":[],"Course":[],"Dataset":[],"FAQPage":[],"Movie":[],"Person":[],"Product":[],"ProductReview":[],"Car":[],"Recipe":[],"Service":[],"SoftwareApplication":[],"WebPage":[]},"graphName":"","isEnabled":true},"graphs":[],"defaultGraph":"","defaultPostTypeGraph":""},"schema_type":null,"schema_type_options":null,"pillar_content":false,"robots_default":true,"robots_noindex":false,"robots_noarchive":false,"robots_nosnippet":false,"robots_nofollow":false,"robots_noimageindex":false,"robots_noodp":false,"robots_notranslate":false,"robots_max_snippet":null,"robots_max_videopreview":null,"robots_max_imagepreview":"none","priority":null,"frequency":null,"local_seo":null,"seo_analyzer_scan_date":"2026-06-02 06:24:09","breadcrumb_settings":null,"limit_modified_date":false,"open_ai":null,"ai":null,"created":"2020-11-14 22:54:19","updated":"2026-06-02 06:24:09","focus_keyword":null,"additional_keywords":null,"truseo_locale":null},"aioseo_breadcrumb":"<div class=\"aioseo-breadcrumbs\"><span class=\"aioseo-breadcrumb\">\n\t<a href=\"https:\/\/www.eldigitaldeasturias.com\/noticias\" title=\"Home\">Home<\/a>\n<\/span><span class=\"aioseo-breadcrumb-separator\">\u2013<\/span><span class=\"aioseo-breadcrumb\">\n\t<a href=\"https:\/\/www.eldigitaldeasturias.com\/noticias\/category\/actualidad\/\" title=\"Actualidad\">Actualidad<\/a>\n<\/span><span class=\"aioseo-breadcrumb-separator\">\u2013<\/span><span class=\"aioseo-breadcrumb\">\n\t<a href=\"https:\/\/www.eldigitaldeasturias.com\/noticias\/los-bomberos-de-madrid-acusan-a-la-policia-de-perseguirles-para-danar-su-imagen\/\" title=\"Los bomberos de Madrid acusan a la Polic\u00eda de perseguirles para da\u00f1ar su imagen\">Los bomberos de Madrid acusan a la Polic\u00eda de perseguirles para da\u00f1ar su imagen<\/a>\n<\/span><\/div>","aioseo_breadcrumb_json":[{"label":"Home","link":"https:\/\/www.eldigitaldeasturias.com\/noticias"},{"label":"Actualidad","link":"https:\/\/www.eldigitaldeasturias.com\/noticias\/category\/actualidad\/"},{"label":"Los bomberos de Madrid acusan a la Polic\u00eda de perseguirles para da\u00f1ar su imagen","link":"https:\/\/www.eldigitaldeasturias.com\/noticias\/los-bomberos-de-madrid-acusan-a-la-policia-de-perseguirles-para-danar-su-imagen\/"}],"_links":{"self":[{"href":"https:\/\/www.eldigitaldeasturias.com\/noticias\/wp-json\/wp\/v2\/posts\/481313","targetHints":{"allow":["GET"]}}],"collection":[{"href":"https:\/\/www.eldigitaldeasturias.com\/noticias\/wp-json\/wp\/v2\/posts"}],"about":[{"href":"https:\/\/www.eldigitaldeasturias.com\/noticias\/wp-json\/wp\/v2\/types\/post"}],"author":[{"embeddable":true,"href":"https:\/\/www.eldigitaldeasturias.com\/noticias\/wp-json\/wp\/v2\/users\/1"}],"replies":[{"embeddable":true,"href":"https:\/\/www.eldigitaldeasturias.com\/noticias\/wp-json\/wp\/v2\/comments?post=481313"}],"version-history":[{"count":0,"href":"https:\/\/www.eldigitaldeasturias.com\/noticias\/wp-json\/wp\/v2\/posts\/481313\/revisions"}],"wp:featuredmedia":[{"embeddable":true,"href":"https:\/\/www.eldigitaldeasturias.com\/noticias\/wp-json\/wp\/v2\/media\/1132184"}],"wp:attachment":[{"href":"https:\/\/www.eldigitaldeasturias.com\/noticias\/wp-json\/wp\/v2\/media?parent=481313"}],"wp:term":[{"taxonomy":"category","embeddable":true,"href":"https:\/\/www.eldigitaldeasturias.com\/noticias\/wp-json\/wp\/v2\/categories?post=481313"},{"taxonomy":"post_tag","embeddable":true,"href":"https:\/\/www.eldigitaldeasturias.com\/noticias\/wp-json\/wp\/v2\/tags?post=481313"}],"curies":[{"name":"wp","href":"https:\/\/api.w.org\/{rel}","templated":true}]}}