{"id":481310,"date":"2014-01-31T20:46:36","date_gmt":"2014-01-31T21:46:36","guid":{"rendered":"http:\/\/www.eldigitaldeasturias.com\/noticias\/?p=481310"},"modified":"2014-01-31T20:46:36","modified_gmt":"2014-01-31T21:46:36","slug":"argentina-rechaza-incorporar-al-ejercito-al-combate-el-narcotrafico","status":"publish","type":"post","link":"https:\/\/www.eldigitaldeasturias.com\/noticias\/argentina-rechaza-incorporar-al-ejercito-al-combate-el-narcotrafico\/","title":{"rendered":"Argentina rechaza incorporar al Ej\u00e9rcito al combate el narcotr\u00e1fico"},"content":{"rendered":"<p><img loading=\"lazy\" decoding=\"async\" class=\"alignleft size-medium wp-image-481311\" alt=\"5896553w\" src=\"https:\/\/www.eldigitaldeasturias.com\/noticias\/wp-content\/uploads\/2014\/01\/5896553w-360x239.jpg\" width=\"360\" height=\"239\" \/>Buenos Aires, 31 ene (EFE).- En un contexto de aumento de la violencia vinculada con el narcotr\u00e1fico en Argentina, el ministro de Defensa, Agust\u00edn Rossi, advirti\u00f3, en una entrevista con Efe, que la intervenci\u00f3n del Ej\u00e9rcito supondr\u00eda un \u00abgrave retroceso\u00bb y opin\u00f3 que la f\u00f3rmula ha fracasado en pa\u00edses vecinos.<\/p>\n<p>\u00abTenemos un sistema de agencias de seguridad suficientemente amplio como para poder llevar adelante la cuesti\u00f3n del combate contra el narco sin necesidad de recurrir a las fuerzas armadas, que independientemente, yo creo que ser\u00eda un grave retroceso para Argentina\u00bb, dijo el ministro.<\/p>\n<p>\u00abEl sistema jur\u00eddico argentino impide taxativamente la participaci\u00f3n de las fuerzas armadas en tareas de seguridad\u00bb, agreg\u00f3 Rossi, que record\u00f3 que la lucha contra la criminalidad est\u00e1 legalmente en Argentina bajo la \u00f3rbita de las fuerzas de seguridad y \u00abse tiene que mantener as\u00ed\u00bb.<\/p>\n<p>Rossi sali\u00f3 as\u00ed al paso del debate abierto sobre la posible intervenci\u00f3n del Ej\u00e9rcito en el combate al narcotr\u00e1fico planteado por algunas voces en Argentina, entre el gobernador de la provincia de Buenos Aires y aspirante a la candidatura presidencial, el tambi\u00e9n peronista Daniel Scioli.<\/p>\n<p>\u00abCreo que ser\u00eda un grave retroceso para Argentina\u00bb, opin\u00f3 el ministro, para quien la experiencia de pa\u00edses vecinos que involucraron al Ej\u00e9rcito en la lucha contra el narcotr\u00e1fico demuestra que \u00abm\u00e1s que mejorar la situaci\u00f3n ha empeorado y se ha generado mayor nivel de violencia\u00bb.<\/p>\n<p>A su juicio, una de las razones est\u00e1 en la diferente formaci\u00f3n recibida por los efectivos del Ej\u00e9rcito y los miembros de las fuerzas de seguridad.<\/p>\n<p>\u00abUn efectivo de las fuerzas de seguridad est\u00e1 formado en la prevenci\u00f3n, en el uso no letal de su sistema de armas, mientras el que integra las fuerzas armadas se adiestra para una situaci\u00f3n de guerra, su sistema de armas es de uso letal, su instrucci\u00f3n para para el uso de armas es letal\u00bb, explic\u00f3 el ministro, que dej\u00f3 su banca en el Parlamento para asumir el cargo el pasado junio.<\/p>\n<p>Adem\u00e1s, apunt\u00f3 en la entrevista con Efe, Argentina cuenta con dos cuerpos de seguridad, la Gendarmer\u00eda (polic\u00eda de frontera) y la Prefectura (guardacostas), que tienen su origen en el Ej\u00e9rcito y la Armada, respectivamente.<\/p>\n<p>En el actual modelo, el Ej\u00e9rcito se ocupa de la vigilancia de las fronteras en Argentina y \u00abpuede ayudar a las Fuerzas de Seguridad a ser m\u00e1s eficientes en su combate contra el narcotr\u00e1fico\u00bb, aunque, insisti\u00f3,\u00bbla directiva es clara: damos una informaci\u00f3n neutra, bruta\u00bb.<\/p>\n<p>El ministro destac\u00f3 tambi\u00e9n la voluntad del Gobierno por impulsar la formaci\u00f3n de las fuerzas armadas argentinas que \u00abno se van a distinguir por el volumen de sus integrantes, pero s\u00ed por la formaci\u00f3n de sus miembros\u00bb.<\/p>\n<p>Subray\u00f3 adem\u00e1s que alrededor del 80% de los efectivos se incorporaron ya en la etapa democr\u00e1tica tras la \u00faltima dictadura militar (1976-1983).<\/p>\n<p>En este contexto, Rossi asegur\u00f3 que el Gobierno se sinti\u00f3 \u00abmuy tranquilo\u00bb con la actuaci\u00f3n militar durante las protestas de polic\u00edas que sacudieron varias provincias el pasado diciembre y derivaron en una ola de saqueos.<\/p>\n<p>\u00abNo solo las fuerzas armadas, sino las fuerzas de seguridad nacional actuaron como grandes estabilizadoras\u00bb en un episodio que, en su opini\u00f3n, obliga a abrir un debate sobre la relaci\u00f3n de las fuerzas de seguridad y los gobiernos provinciales.<\/p>\n<p>\u00abLas fuerzas de seguridad en cada provincia les deben obediencia a los gobernadores, tienen la potestad del ejercicio de la portaci\u00f3n de armas, tiene que estar destinadas a proteger a la poblaci\u00f3n, no pueden estar en estado asamble\u00edstico ni pueden tener actitudes que las pongan en lugar de sedici\u00f3n\u00bb, afirm\u00f3.<\/p>\n<p>El ministro admiti\u00f3 que, durante a\u00f1os, los argentinos \u00abhan hablado mucho de cuestiones militares pero poco de pol\u00edtica de defensa y tenemos que avanzar en este sentido\u00bb, con ejes en temas como la custodia del litoral, la ciberdefensa, el control del espacio a\u00e9reo o la preservaci\u00f3n de los recursos naturales.<\/p>\n","protected":false},"excerpt":{"rendered":"<p>Buenos Aires, 31 ene (EFE).- En un contexto de aumento de la violencia vinculada con el narcotr\u00e1fico en Argentina, el ministro de Defensa, Agust\u00edn Rossi, advirti\u00f3, en una entrevista con Efe, que la intervenci\u00f3n del Ej\u00e9rcito supondr\u00eda un \u00abgrave retroceso\u00bb y opin\u00f3 que la f\u00f3rmula ha fracasado en pa\u00edses vecinos. \u00abTenemos un sistema de agencias [&hellip;]<\/p>\n","protected":false},"author":1,"featured_media":1132184,"comment_status":"closed","ping_status":"open","sticky":false,"template":"","format":"standard","meta":{"footnotes":""},"categories":[1],"tags":[],"class_list":["post-481310","post","type-post","status-publish","format-standard","has-post-thumbnail","hentry","category-actualidad"],"aioseo_notices":[],"aioseo_head":"\n\t\t<!-- All in One SEO Pro 5.0.1 - aioseo.com -->\n\t<meta name=\"description\" content=\"Buenos Aires, 31 ene (EFE).- En un contexto de aumento de la violencia vinculada con el narcotr\u00e1fico en Argentina, el ministro de Defensa, Agust\u00edn Rossi, advirti\u00f3, en una entrevista con Efe, que la intervenci\u00f3n del Ej\u00e9rcito supondr\u00eda un &quot;grave retroceso&quot; y opin\u00f3 que la f\u00f3rmula ha fracasado en pa\u00edses vecinos. &quot;Tenemos un sistema de agencias\" \/>\n\t<meta name=\"robots\" content=\"max-image-preview:large\" \/>\n\t<meta name=\"author\" content=\"El Digital de Asturias\"\/>\n\t<meta name=\"google-site-verification\" content=\"UA-38556648-1\" \/>\n\t<meta name=\"msvalidate.01\" content=\"7dfe9f3f1b24437ab69f4f2559babe99\" \/>\n\t<meta name=\"keywords\" content=\"actualidad\" \/>\n\t<link rel=\"canonical\" href=\"https:\/\/www.eldigitaldeasturias.com\/noticias\/argentina-rechaza-incorporar-al-ejercito-al-combate-el-narcotrafico\/\" \/>\n\t<meta name=\"generator\" content=\"All in One SEO Pro (AIOSEO) 5.0.1\" \/>\n\t\t<meta property=\"og:locale\" content=\"es_ES\" \/>\n\t\t<meta property=\"og:site_name\" content=\"El Digital de Asturias\" \/>\n\t\t<meta property=\"og:type\" content=\"article\" \/>\n\t\t<meta property=\"og:title\" content=\"Argentina rechaza incorporar al Ej\u00e9rcito al combate el narcotr\u00e1fico - El Digital de Asturias\" \/>\n\t\t<meta property=\"og:description\" content=\"Buenos Aires, 31 ene (EFE).- En un contexto de aumento de la violencia vinculada con el narcotr\u00e1fico en Argentina, el ministro de Defensa, Agust\u00edn Rossi, advirti\u00f3, en una entrevista con Efe, que la intervenci\u00f3n del Ej\u00e9rcito supondr\u00eda un &quot;grave retroceso&quot; y opin\u00f3 que la f\u00f3rmula ha fracasado en pa\u00edses vecinos. &quot;Tenemos un sistema de agencias\" \/>\n\t\t<meta property=\"og:url\" content=\"https:\/\/www.eldigitaldeasturias.com\/noticias\/argentina-rechaza-incorporar-al-ejercito-al-combate-el-narcotrafico\/\" \/>\n\t\t<meta property=\"og:image\" content=\"https:\/\/www.eldigitaldeasturias.com\/noticias\/wp-content\/uploads\/2026\/06\/Contenidos.jpg\" \/>\n\t\t<meta property=\"og:image:secure_url\" content=\"https:\/\/www.eldigitaldeasturias.com\/noticias\/wp-content\/uploads\/2026\/06\/Contenidos.jpg\" \/>\n\t\t<meta property=\"og:image:width\" content=\"1265\" \/>\n\t\t<meta property=\"og:image:height\" content=\"697\" \/>\n\t\t<meta property=\"article:tag\" content=\"actualidad\" \/>\n\t\t<meta property=\"article:published_time\" content=\"2014-01-31T21:46:36+00:00\" \/>\n\t\t<meta property=\"article:modified_time\" content=\"2014-01-31T21:46:36+00:00\" \/>\n\t\t<meta property=\"article:publisher\" content=\"https:\/\/facebook.com\/eldigitaldeasturias\" \/>\n\t\t<meta name=\"twitter:card\" content=\"summary_large_image\" \/>\n\t\t<meta name=\"twitter:title\" content=\"Argentina rechaza incorporar al Ej\u00e9rcito al combate el narcotr\u00e1fico - El Digital de Asturias\" \/>\n\t\t<meta name=\"twitter:description\" content=\"Buenos Aires, 31 ene (EFE).- En un contexto de aumento de la violencia vinculada con el narcotr\u00e1fico en Argentina, el ministro de Defensa, Agust\u00edn Rossi, advirti\u00f3, en una entrevista con Efe, que la intervenci\u00f3n del Ej\u00e9rcito supondr\u00eda un &quot;grave retroceso&quot; y opin\u00f3 que la f\u00f3rmula ha fracasado en pa\u00edses vecinos. &quot;Tenemos un sistema de agencias\" \/>\n\t\t<meta name=\"twitter:image\" content=\"https:\/\/www.eldigitaldeasturias.com\/noticias\/wp-content\/uploads\/2026\/06\/Contenidos.jpg\" \/>\n\t\t<meta name=\"twitter:label1\" content=\"Escrito por\" \/>\n\t\t<meta name=\"twitter:data1\" content=\"El Digital de Asturias\" \/>\n\t\t<meta name=\"twitter:label2\" content=\"Tiempo de lectura estimado\" \/>\n\t\t<meta name=\"twitter:data2\" content=\"3 minutos\" \/>\n\t\t<script type=\"application\/ld+json\" class=\"aioseo-schema\">\n\t\t\t{\"@context\":\"https:\\\/\\\/schema.org\",\"@graph\":[{\"@type\":\"BlogPosting\",\"@id\":\"https:\\\/\\\/www.eldigitaldeasturias.com\\\/noticias\\\/argentina-rechaza-incorporar-al-ejercito-al-combate-el-narcotrafico\\\/#blogposting\",\"name\":\"Argentina rechaza incorporar al Ej\\u00e9rcito al combate el narcotr\\u00e1fico - El Digital de Asturias\",\"headline\":\"Argentina rechaza incorporar al Ej\\u00e9rcito al combate el narcotr\\u00e1fico\",\"author\":{\"@id\":\"https:\\\/\\\/www.eldigitaldeasturias.com\\\/noticias\\\/author\\\/admin\\\/#author\"},\"publisher\":{\"@id\":\"https:\\\/\\\/www.eldigitaldeasturias.com\\\/noticias\\\/#organization\"},\"image\":{\"@type\":\"ImageObject\",\"url\":\"https:\\\/\\\/www.eldigitaldeasturias.com\\\/noticias\\\/wp-content\\\/uploads\\\/2026\\\/06\\\/Contenidos.jpg\",\"width\":1265,\"height\":697,\"caption\":\"Contenidos\"},\"datePublished\":\"2014-01-31T20:46:36+01:00\",\"dateModified\":\"2014-01-31T20:46:36+01:00\",\"inLanguage\":\"es-ES\",\"mainEntityOfPage\":{\"@id\":\"https:\\\/\\\/www.eldigitaldeasturias.com\\\/noticias\\\/argentina-rechaza-incorporar-al-ejercito-al-combate-el-narcotrafico\\\/#webpage\"},\"isPartOf\":{\"@id\":\"https:\\\/\\\/www.eldigitaldeasturias.com\\\/noticias\\\/argentina-rechaza-incorporar-al-ejercito-al-combate-el-narcotrafico\\\/#webpage\"},\"articleSection\":\"Actualidad\"},{\"@type\":\"BreadcrumbList\",\"@id\":\"https:\\\/\\\/www.eldigitaldeasturias.com\\\/noticias\\\/argentina-rechaza-incorporar-al-ejercito-al-combate-el-narcotrafico\\\/#breadcrumblist\",\"itemListElement\":[{\"@type\":\"ListItem\",\"@id\":\"https:\\\/\\\/www.eldigitaldeasturias.com\\\/noticias#listItem\",\"position\":1,\"name\":\"Home\",\"item\":\"https:\\\/\\\/www.eldigitaldeasturias.com\\\/noticias\",\"nextItem\":{\"@type\":\"ListItem\",\"@id\":\"https:\\\/\\\/www.eldigitaldeasturias.com\\\/noticias\\\/category\\\/actualidad\\\/#listItem\",\"name\":\"Actualidad\"}},{\"@type\":\"ListItem\",\"@id\":\"https:\\\/\\\/www.eldigitaldeasturias.com\\\/noticias\\\/category\\\/actualidad\\\/#listItem\",\"position\":2,\"name\":\"Actualidad\",\"item\":\"https:\\\/\\\/www.eldigitaldeasturias.com\\\/noticias\\\/category\\\/actualidad\\\/\",\"nextItem\":{\"@type\":\"ListItem\",\"@id\":\"https:\\\/\\\/www.eldigitaldeasturias.com\\\/noticias\\\/argentina-rechaza-incorporar-al-ejercito-al-combate-el-narcotrafico\\\/#listItem\",\"name\":\"Argentina rechaza incorporar al Ej\\u00e9rcito al combate el narcotr\\u00e1fico\"},\"previousItem\":{\"@type\":\"ListItem\",\"@id\":\"https:\\\/\\\/www.eldigitaldeasturias.com\\\/noticias#listItem\",\"name\":\"Home\"}},{\"@type\":\"ListItem\",\"@id\":\"https:\\\/\\\/www.eldigitaldeasturias.com\\\/noticias\\\/argentina-rechaza-incorporar-al-ejercito-al-combate-el-narcotrafico\\\/#listItem\",\"position\":3,\"name\":\"Argentina rechaza incorporar al Ej\\u00e9rcito al combate el narcotr\\u00e1fico\",\"previousItem\":{\"@type\":\"ListItem\",\"@id\":\"https:\\\/\\\/www.eldigitaldeasturias.com\\\/noticias\\\/category\\\/actualidad\\\/#listItem\",\"name\":\"Actualidad\"}}]},{\"@type\":\"Organization\",\"@id\":\"https:\\\/\\\/www.eldigitaldeasturias.com\\\/noticias\\\/#organization\",\"name\":\"El Digital de Asturias\",\"description\":\"Hemeroteca\",\"url\":\"https:\\\/\\\/www.eldigitaldeasturias.com\\\/noticias\\\/\",\"email\":\"info@eldigitaldeasturias.com\",\"telephone\":\"+34652131393\",\"logo\":{\"@type\":\"ImageObject\",\"url\":\"https:\\\/\\\/www.eldigitaldeasturias.com\\\/noticias\\\/wp-content\\\/uploads\\\/2020\\\/12\\\/EDA.jpg\",\"@id\":\"https:\\\/\\\/www.eldigitaldeasturias.com\\\/noticias\\\/argentina-rechaza-incorporar-al-ejercito-al-combate-el-narcotrafico\\\/#organizationLogo\"},\"image\":{\"@id\":\"https:\\\/\\\/www.eldigitaldeasturias.com\\\/noticias\\\/argentina-rechaza-incorporar-al-ejercito-al-combate-el-narcotrafico\\\/#organizationLogo\"},\"sameAs\":[\"https:\\\/\\\/facebook.com\\\/eldigitaldeasturias\",\"https:\\\/\\\/www.youtube.com\\\/channel\\\/UCZP-2wLEB9Rv6erhFmqVnvg\"],\"address\":{\"@id\":\"https:\\\/\\\/www.eldigitaldeasturias.com\\\/noticias\\\/#postaladdress\",\"@type\":\"PostalAddress\",\"streetAddress\":\"san antonio 4\",\"postalCode\":\"33430\",\"addressLocality\":\"Cand\\u00e1s\",\"addressRegion\":\"Asturias\",\"addressCountry\":\"ES\"}},{\"@type\":\"Person\",\"@id\":\"https:\\\/\\\/www.eldigitaldeasturias.com\\\/noticias\\\/author\\\/admin\\\/#author\",\"url\":\"https:\\\/\\\/www.eldigitaldeasturias.com\\\/noticias\\\/author\\\/admin\\\/\",\"name\":\"El Digital de Asturias\",\"image\":{\"@type\":\"ImageObject\",\"@id\":\"https:\\\/\\\/www.eldigitaldeasturias.com\\\/noticias\\\/argentina-rechaza-incorporar-al-ejercito-al-combate-el-narcotrafico\\\/#authorImage\",\"url\":\"https:\\\/\\\/secure.gravatar.com\\\/avatar\\\/df2aeffc32bcd13f8d26072ef8a91b623d677766deac7f97ca815868cd41bf5e?s=96&d=mm&r=g\",\"width\":96,\"height\":96,\"caption\":\"El Digital de Asturias\"}},{\"@type\":\"WebPage\",\"@id\":\"https:\\\/\\\/www.eldigitaldeasturias.com\\\/noticias\\\/argentina-rechaza-incorporar-al-ejercito-al-combate-el-narcotrafico\\\/#webpage\",\"url\":\"https:\\\/\\\/www.eldigitaldeasturias.com\\\/noticias\\\/argentina-rechaza-incorporar-al-ejercito-al-combate-el-narcotrafico\\\/\",\"name\":\"Argentina rechaza incorporar al Ej\\u00e9rcito al combate el narcotr\\u00e1fico - El Digital de Asturias\",\"description\":\"Buenos Aires, 31 ene (EFE).- En un contexto de aumento de la violencia vinculada con el narcotr\\u00e1fico en Argentina, el ministro de Defensa, Agust\\u00edn Rossi, advirti\\u00f3, en una entrevista con Efe, que la intervenci\\u00f3n del Ej\\u00e9rcito supondr\\u00eda un \\\"grave retroceso\\\" y opin\\u00f3 que la f\\u00f3rmula ha fracasado en pa\\u00edses vecinos. \\\"Tenemos un sistema de agencias\",\"inLanguage\":\"es-ES\",\"isPartOf\":{\"@id\":\"https:\\\/\\\/www.eldigitaldeasturias.com\\\/noticias\\\/#website\"},\"breadcrumb\":{\"@id\":\"https:\\\/\\\/www.eldigitaldeasturias.com\\\/noticias\\\/argentina-rechaza-incorporar-al-ejercito-al-combate-el-narcotrafico\\\/#breadcrumblist\"},\"author\":{\"@id\":\"https:\\\/\\\/www.eldigitaldeasturias.com\\\/noticias\\\/author\\\/admin\\\/#author\"},\"creator\":{\"@id\":\"https:\\\/\\\/www.eldigitaldeasturias.com\\\/noticias\\\/author\\\/admin\\\/#author\"},\"image\":{\"@type\":\"ImageObject\",\"url\":\"https:\\\/\\\/www.eldigitaldeasturias.com\\\/noticias\\\/wp-content\\\/uploads\\\/2026\\\/06\\\/Contenidos.jpg\",\"@id\":\"https:\\\/\\\/www.eldigitaldeasturias.com\\\/noticias\\\/argentina-rechaza-incorporar-al-ejercito-al-combate-el-narcotrafico\\\/#mainImage\",\"width\":1265,\"height\":697,\"caption\":\"Contenidos\"},\"primaryImageOfPage\":{\"@id\":\"https:\\\/\\\/www.eldigitaldeasturias.com\\\/noticias\\\/argentina-rechaza-incorporar-al-ejercito-al-combate-el-narcotrafico\\\/#mainImage\"},\"datePublished\":\"2014-01-31T20:46:36+01:00\",\"dateModified\":\"2014-01-31T20:46:36+01:00\"},{\"@type\":\"WebSite\",\"@id\":\"https:\\\/\\\/www.eldigitaldeasturias.com\\\/noticias\\\/#website\",\"url\":\"https:\\\/\\\/www.eldigitaldeasturias.com\\\/noticias\\\/\",\"name\":\"El Digital de Asturias - Diario de actualidad y noticias\",\"alternateName\":\"El Digital de Asturias - Diario de actualidad y noticias\",\"description\":\"Hemeroteca\",\"inLanguage\":\"es-ES\",\"publisher\":{\"@id\":\"https:\\\/\\\/www.eldigitaldeasturias.com\\\/noticias\\\/#organization\"}}]}\n\t\t<\/script>\n\t\t<!-- All in One SEO Pro -->\r\n\t\t<title>Argentina rechaza incorporar al Ej\u00e9rcito al combate el narcotr\u00e1fico - El Digital de Asturias<\/title>\n\n","aioseo_head_json":{"title":"Argentina rechaza incorporar al Ej\u00e9rcito al combate el narcotr\u00e1fico - El Digital de Asturias","description":"Buenos Aires, 31 ene (EFE).- En un contexto de aumento de la violencia vinculada con el narcotr\u00e1fico en Argentina, el ministro de Defensa, Agust\u00edn Rossi, advirti\u00f3, en una entrevista con Efe, que la intervenci\u00f3n del Ej\u00e9rcito supondr\u00eda un \"grave retroceso\" y opin\u00f3 que la f\u00f3rmula ha fracasado en pa\u00edses vecinos. \"Tenemos un sistema de agencias","canonical_url":"https:\/\/www.eldigitaldeasturias.com\/noticias\/argentina-rechaza-incorporar-al-ejercito-al-combate-el-narcotrafico\/","robots":"max-image-preview:large","keywords":"actualidad","webmasterTools":{"google-site-verification":"UA-38556648-1","msvalidate.01":"7dfe9f3f1b24437ab69f4f2559babe99","miscellaneous":""},"schema":{"@context":"https:\/\/schema.org","@graph":[{"@type":"BlogPosting","@id":"https:\/\/www.eldigitaldeasturias.com\/noticias\/argentina-rechaza-incorporar-al-ejercito-al-combate-el-narcotrafico\/#blogposting","name":"Argentina rechaza incorporar al Ej\u00e9rcito al combate el narcotr\u00e1fico - El Digital de Asturias","headline":"Argentina rechaza incorporar al Ej\u00e9rcito al combate el narcotr\u00e1fico","author":{"@id":"https:\/\/www.eldigitaldeasturias.com\/noticias\/author\/admin\/#author"},"publisher":{"@id":"https:\/\/www.eldigitaldeasturias.com\/noticias\/#organization"},"image":{"@type":"ImageObject","url":"https:\/\/www.eldigitaldeasturias.com\/noticias\/wp-content\/uploads\/2026\/06\/Contenidos.jpg","width":1265,"height":697,"caption":"Contenidos"},"datePublished":"2014-01-31T20:46:36+01:00","dateModified":"2014-01-31T20:46:36+01:00","inLanguage":"es-ES","mainEntityOfPage":{"@id":"https:\/\/www.eldigitaldeasturias.com\/noticias\/argentina-rechaza-incorporar-al-ejercito-al-combate-el-narcotrafico\/#webpage"},"isPartOf":{"@id":"https:\/\/www.eldigitaldeasturias.com\/noticias\/argentina-rechaza-incorporar-al-ejercito-al-combate-el-narcotrafico\/#webpage"},"articleSection":"Actualidad"},{"@type":"BreadcrumbList","@id":"https:\/\/www.eldigitaldeasturias.com\/noticias\/argentina-rechaza-incorporar-al-ejercito-al-combate-el-narcotrafico\/#breadcrumblist","itemListElement":[{"@type":"ListItem","@id":"https:\/\/www.eldigitaldeasturias.com\/noticias#listItem","position":1,"name":"Home","item":"https:\/\/www.eldigitaldeasturias.com\/noticias","nextItem":{"@type":"ListItem","@id":"https:\/\/www.eldigitaldeasturias.com\/noticias\/category\/actualidad\/#listItem","name":"Actualidad"}},{"@type":"ListItem","@id":"https:\/\/www.eldigitaldeasturias.com\/noticias\/category\/actualidad\/#listItem","position":2,"name":"Actualidad","item":"https:\/\/www.eldigitaldeasturias.com\/noticias\/category\/actualidad\/","nextItem":{"@type":"ListItem","@id":"https:\/\/www.eldigitaldeasturias.com\/noticias\/argentina-rechaza-incorporar-al-ejercito-al-combate-el-narcotrafico\/#listItem","name":"Argentina rechaza incorporar al Ej\u00e9rcito al combate el narcotr\u00e1fico"},"previousItem":{"@type":"ListItem","@id":"https:\/\/www.eldigitaldeasturias.com\/noticias#listItem","name":"Home"}},{"@type":"ListItem","@id":"https:\/\/www.eldigitaldeasturias.com\/noticias\/argentina-rechaza-incorporar-al-ejercito-al-combate-el-narcotrafico\/#listItem","position":3,"name":"Argentina rechaza incorporar al Ej\u00e9rcito al combate el narcotr\u00e1fico","previousItem":{"@type":"ListItem","@id":"https:\/\/www.eldigitaldeasturias.com\/noticias\/category\/actualidad\/#listItem","name":"Actualidad"}}]},{"@type":"Organization","@id":"https:\/\/www.eldigitaldeasturias.com\/noticias\/#organization","name":"El Digital de Asturias","description":"Hemeroteca","url":"https:\/\/www.eldigitaldeasturias.com\/noticias\/","email":"info@eldigitaldeasturias.com","telephone":"+34652131393","logo":{"@type":"ImageObject","url":"https:\/\/www.eldigitaldeasturias.com\/noticias\/wp-content\/uploads\/2020\/12\/EDA.jpg","@id":"https:\/\/www.eldigitaldeasturias.com\/noticias\/argentina-rechaza-incorporar-al-ejercito-al-combate-el-narcotrafico\/#organizationLogo"},"image":{"@id":"https:\/\/www.eldigitaldeasturias.com\/noticias\/argentina-rechaza-incorporar-al-ejercito-al-combate-el-narcotrafico\/#organizationLogo"},"sameAs":["https:\/\/facebook.com\/eldigitaldeasturias","https:\/\/www.youtube.com\/channel\/UCZP-2wLEB9Rv6erhFmqVnvg"],"address":{"@id":"https:\/\/www.eldigitaldeasturias.com\/noticias\/#postaladdress","@type":"PostalAddress","streetAddress":"san antonio 4","postalCode":"33430","addressLocality":"Cand\u00e1s","addressRegion":"Asturias","addressCountry":"ES"}},{"@type":"Person","@id":"https:\/\/www.eldigitaldeasturias.com\/noticias\/author\/admin\/#author","url":"https:\/\/www.eldigitaldeasturias.com\/noticias\/author\/admin\/","name":"El Digital de Asturias","image":{"@type":"ImageObject","@id":"https:\/\/www.eldigitaldeasturias.com\/noticias\/argentina-rechaza-incorporar-al-ejercito-al-combate-el-narcotrafico\/#authorImage","url":"https:\/\/secure.gravatar.com\/avatar\/df2aeffc32bcd13f8d26072ef8a91b623d677766deac7f97ca815868cd41bf5e?s=96&d=mm&r=g","width":96,"height":96,"caption":"El Digital de Asturias"}},{"@type":"WebPage","@id":"https:\/\/www.eldigitaldeasturias.com\/noticias\/argentina-rechaza-incorporar-al-ejercito-al-combate-el-narcotrafico\/#webpage","url":"https:\/\/www.eldigitaldeasturias.com\/noticias\/argentina-rechaza-incorporar-al-ejercito-al-combate-el-narcotrafico\/","name":"Argentina rechaza incorporar al Ej\u00e9rcito al combate el narcotr\u00e1fico - El Digital de Asturias","description":"Buenos Aires, 31 ene (EFE).- En un contexto de aumento de la violencia vinculada con el narcotr\u00e1fico en Argentina, el ministro de Defensa, Agust\u00edn Rossi, advirti\u00f3, en una entrevista con Efe, que la intervenci\u00f3n del Ej\u00e9rcito supondr\u00eda un \"grave retroceso\" y opin\u00f3 que la f\u00f3rmula ha fracasado en pa\u00edses vecinos. \"Tenemos un sistema de agencias","inLanguage":"es-ES","isPartOf":{"@id":"https:\/\/www.eldigitaldeasturias.com\/noticias\/#website"},"breadcrumb":{"@id":"https:\/\/www.eldigitaldeasturias.com\/noticias\/argentina-rechaza-incorporar-al-ejercito-al-combate-el-narcotrafico\/#breadcrumblist"},"author":{"@id":"https:\/\/www.eldigitaldeasturias.com\/noticias\/author\/admin\/#author"},"creator":{"@id":"https:\/\/www.eldigitaldeasturias.com\/noticias\/author\/admin\/#author"},"image":{"@type":"ImageObject","url":"https:\/\/www.eldigitaldeasturias.com\/noticias\/wp-content\/uploads\/2026\/06\/Contenidos.jpg","@id":"https:\/\/www.eldigitaldeasturias.com\/noticias\/argentina-rechaza-incorporar-al-ejercito-al-combate-el-narcotrafico\/#mainImage","width":1265,"height":697,"caption":"Contenidos"},"primaryImageOfPage":{"@id":"https:\/\/www.eldigitaldeasturias.com\/noticias\/argentina-rechaza-incorporar-al-ejercito-al-combate-el-narcotrafico\/#mainImage"},"datePublished":"2014-01-31T20:46:36+01:00","dateModified":"2014-01-31T20:46:36+01:00"},{"@type":"WebSite","@id":"https:\/\/www.eldigitaldeasturias.com\/noticias\/#website","url":"https:\/\/www.eldigitaldeasturias.com\/noticias\/","name":"El Digital de Asturias - Diario de actualidad y noticias","alternateName":"El Digital de Asturias - Diario de actualidad y noticias","description":"Hemeroteca","inLanguage":"es-ES","publisher":{"@id":"https:\/\/www.eldigitaldeasturias.com\/noticias\/#organization"}}]},"og:locale":"es_ES","og:site_name":"El Digital de Asturias","og:type":"article","og:title":"Argentina rechaza incorporar al Ej\u00e9rcito al combate el narcotr\u00e1fico - El Digital de Asturias","og:description":"Buenos Aires, 31 ene (EFE).- En un contexto de aumento de la violencia vinculada con el narcotr\u00e1fico en Argentina, el ministro de Defensa, Agust\u00edn Rossi, advirti\u00f3, en una entrevista con Efe, que la intervenci\u00f3n del Ej\u00e9rcito supondr\u00eda un &quot;grave retroceso&quot; y opin\u00f3 que la f\u00f3rmula ha fracasado en pa\u00edses vecinos. &quot;Tenemos un sistema de agencias","og:url":"https:\/\/www.eldigitaldeasturias.com\/noticias\/argentina-rechaza-incorporar-al-ejercito-al-combate-el-narcotrafico\/","og:image":"https:\/\/www.eldigitaldeasturias.com\/noticias\/wp-content\/uploads\/2026\/06\/Contenidos.jpg","og:image:secure_url":"https:\/\/www.eldigitaldeasturias.com\/noticias\/wp-content\/uploads\/2026\/06\/Contenidos.jpg","og:image:width":1265,"og:image:height":697,"article:tag":["actualidad"],"article:published_time":"2014-01-31T21:46:36+00:00","article:modified_time":"2014-01-31T21:46:36+00:00","article:publisher":"https:\/\/facebook.com\/eldigitaldeasturias","twitter:card":"summary_large_image","twitter:title":"Argentina rechaza incorporar al Ej\u00e9rcito al combate el narcotr\u00e1fico - El Digital de Asturias","twitter:description":"Buenos Aires, 31 ene (EFE).- En un contexto de aumento de la violencia vinculada con el narcotr\u00e1fico en Argentina, el ministro de Defensa, Agust\u00edn Rossi, advirti\u00f3, en una entrevista con Efe, que la intervenci\u00f3n del Ej\u00e9rcito supondr\u00eda un &quot;grave retroceso&quot; y opin\u00f3 que la f\u00f3rmula ha fracasado en pa\u00edses vecinos. &quot;Tenemos un sistema de agencias","twitter:image":"https:\/\/www.eldigitaldeasturias.com\/noticias\/wp-content\/uploads\/2026\/06\/Contenidos.jpg","twitter:label1":"Escrito por","twitter:data1":"El Digital de Asturias","twitter:label2":"Tiempo de lectura estimado","twitter:data2":"3 minutos"},"aioseo_meta_data":{"post_id":"481310","title":null,"description":null,"keywords":null,"keyphrases":null,"primary_term":null,"canonical_url":null,"og_title":null,"og_description":null,"og_object_type":"default","og_image_type":"default","og_image_url":null,"og_image_width":null,"og_image_height":null,"og_image_custom_url":null,"og_image_custom_fields":null,"og_video":null,"og_custom_url":null,"og_article_section":null,"og_article_tags":null,"twitter_use_og":true,"twitter_card":"default","twitter_image_type":"default","twitter_image_url":null,"twitter_image_custom_url":null,"twitter_image_custom_fields":null,"twitter_title":null,"twitter_description":null,"schema":{"blockGraphs":[],"customGraphs":[],"default":{"data":{"Article":[],"Course":[],"Dataset":[],"FAQPage":[],"Movie":[],"Person":[],"Product":[],"ProductReview":[],"Car":[],"Recipe":[],"Service":[],"SoftwareApplication":[],"WebPage":[]},"graphName":"","isEnabled":true},"graphs":[],"defaultGraph":"","defaultPostTypeGraph":""},"schema_type":null,"schema_type_options":null,"pillar_content":false,"robots_default":true,"robots_noindex":false,"robots_noarchive":false,"robots_nosnippet":false,"robots_nofollow":false,"robots_noimageindex":false,"robots_noodp":false,"robots_notranslate":false,"robots_max_snippet":null,"robots_max_videopreview":null,"robots_max_imagepreview":"none","priority":null,"frequency":null,"local_seo":null,"seo_analyzer_scan_date":"2026-06-02 06:24:08","breadcrumb_settings":null,"limit_modified_date":false,"open_ai":null,"ai":null,"created":"2020-11-14 22:54:19","updated":"2026-06-02 06:24:08","focus_keyword":null,"additional_keywords":null,"truseo_locale":null},"aioseo_breadcrumb":"<div class=\"aioseo-breadcrumbs\"><span class=\"aioseo-breadcrumb\">\n\t<a href=\"https:\/\/www.eldigitaldeasturias.com\/noticias\" title=\"Home\">Home<\/a>\n<\/span><span class=\"aioseo-breadcrumb-separator\">\u2013<\/span><span class=\"aioseo-breadcrumb\">\n\t<a href=\"https:\/\/www.eldigitaldeasturias.com\/noticias\/category\/actualidad\/\" title=\"Actualidad\">Actualidad<\/a>\n<\/span><span class=\"aioseo-breadcrumb-separator\">\u2013<\/span><span class=\"aioseo-breadcrumb\">\n\t<a href=\"https:\/\/www.eldigitaldeasturias.com\/noticias\/argentina-rechaza-incorporar-al-ejercito-al-combate-el-narcotrafico\/\" title=\"Argentina rechaza incorporar al Ej\u00e9rcito al combate el narcotr\u00e1fico\">Argentina rechaza incorporar al Ej\u00e9rcito al combate el narcotr\u00e1fico<\/a>\n<\/span><\/div>","aioseo_breadcrumb_json":[{"label":"Home","link":"https:\/\/www.eldigitaldeasturias.com\/noticias"},{"label":"Actualidad","link":"https:\/\/www.eldigitaldeasturias.com\/noticias\/category\/actualidad\/"},{"label":"Argentina rechaza incorporar al Ej\u00e9rcito al combate el narcotr\u00e1fico","link":"https:\/\/www.eldigitaldeasturias.com\/noticias\/argentina-rechaza-incorporar-al-ejercito-al-combate-el-narcotrafico\/"}],"_links":{"self":[{"href":"https:\/\/www.eldigitaldeasturias.com\/noticias\/wp-json\/wp\/v2\/posts\/481310","targetHints":{"allow":["GET"]}}],"collection":[{"href":"https:\/\/www.eldigitaldeasturias.com\/noticias\/wp-json\/wp\/v2\/posts"}],"about":[{"href":"https:\/\/www.eldigitaldeasturias.com\/noticias\/wp-json\/wp\/v2\/types\/post"}],"author":[{"embeddable":true,"href":"https:\/\/www.eldigitaldeasturias.com\/noticias\/wp-json\/wp\/v2\/users\/1"}],"replies":[{"embeddable":true,"href":"https:\/\/www.eldigitaldeasturias.com\/noticias\/wp-json\/wp\/v2\/comments?post=481310"}],"version-history":[{"count":0,"href":"https:\/\/www.eldigitaldeasturias.com\/noticias\/wp-json\/wp\/v2\/posts\/481310\/revisions"}],"wp:featuredmedia":[{"embeddable":true,"href":"https:\/\/www.eldigitaldeasturias.com\/noticias\/wp-json\/wp\/v2\/media\/1132184"}],"wp:attachment":[{"href":"https:\/\/www.eldigitaldeasturias.com\/noticias\/wp-json\/wp\/v2\/media?parent=481310"}],"wp:term":[{"taxonomy":"category","embeddable":true,"href":"https:\/\/www.eldigitaldeasturias.com\/noticias\/wp-json\/wp\/v2\/categories?post=481310"},{"taxonomy":"post_tag","embeddable":true,"href":"https:\/\/www.eldigitaldeasturias.com\/noticias\/wp-json\/wp\/v2\/tags?post=481310"}],"curies":[{"name":"wp","href":"https:\/\/api.w.org\/{rel}","templated":true}]}}