{"id":481307,"date":"2014-01-31T20:45:21","date_gmt":"2014-01-31T21:45:21","guid":{"rendered":"http:\/\/www.eldigitaldeasturias.com\/noticias\/?p=481307"},"modified":"2014-01-31T20:45:21","modified_gmt":"2014-01-31T21:45:21","slug":"cdc-lanza-una-campana-optimista-con-el-acento-en-el-si-a-la-consulta","status":"publish","type":"post","link":"https:\/\/www.eldigitaldeasturias.com\/noticias\/cdc-lanza-una-campana-optimista-con-el-acento-en-el-si-a-la-consulta\/","title":{"rendered":"CDC lanza una campa\u00f1a \u00aboptimista\u00bb con el acento en el &#8216;s\u00ed&#8217; a la consulta"},"content":{"rendered":"<p><img loading=\"lazy\" decoding=\"async\" class=\"alignleft size-medium wp-image-481308\" alt=\"5895972w\" src=\"https:\/\/www.eldigitaldeasturias.com\/noticias\/wp-content\/uploads\/2014\/01\/5895972w-360x235.jpg\" width=\"360\" height=\"235\" \/>Barcelona, 31 ene (EFE).- Converg\u00e8ncia Democr\u00e0tica de Catalunya (CDC) ha lanzado hoy una campa\u00f1a soberanista que pone el acento en el &#8216;s\u00ed&#8217; a la consulta, dejando para m\u00e1s adelante los \u00abs\u00edes\u00bb a un Estado y a la independencia, y dando prioridad a los mensajes de \u00aboptimismo\u00bb de que habr\u00e1 referendo el pr\u00f3ximo 9 de noviembre.<\/p>\n<p>\u00abEn la campa\u00f1a nos posicionamos por el triple s\u00ed -s\u00ed a la consulta, a un Estado y a que sea independiente-, pero de ahora hasta la convocatoria de la consulta nos concentraremos en el \u00abs\u00ed, quiero votar\u00bb, ha explicado el secretario de Organizaci\u00f3n de CDC, Josep Rull, en la presentaci\u00f3n de los carteles de la iniciativa.<\/p>\n<p>Rull ha explicado que el l\u00edder del partido y presidente de la Generalitat, Artur Mas, participar\u00e1 en la campa\u00f1a asumiendo un \u00abpapel institucional\u00bb, habida cuenta de que una de las funciones que tiene encomendada como jefe del Govern es la convocatoria de la consulta soberanista para el 9 de noviembre, para la que no tiene la aprobaci\u00f3n del Gobierno central.<\/p>\n<p>El concepto de &#8216;independencia&#8217; no aparece expl\u00edcitamente en los carteles, aunque uno de los lemas es: \u00ab9N 2014 SIguem poSItius\u00bb, (Seamos positivos), que incluye el doble &#8216;s\u00ed&#8217; a las dos preguntas de la consulta pactada por Artur Mas con CDC, UDC, ERC, ICV y EUiA: \u00ab\u00bfQuiere que Catalu\u00f1a sea un Estado?\u00bb y, en caso afirmativo, \u00ab\u00bfquiere que sea independiente?\u00bb.<\/p>\n<p>Seg\u00fan Rull, CDC est\u00e1 dispuesta a que participen en su nueva campa\u00f1a \u00abS\u00ed vull (www.sivull.cat)\u00bb (S\u00ed quiero) otras formaciones integradas en el Pacto Nacional por el Derecho a Decidir, como es el caso de ERC y UDC, as\u00ed como entidades de la sociedad civil, ya que todas comparten el denominador com\u00fan de reivindicar una consulta, independientemente de su posicionamiento ante la pregunta.<\/p>\n<p>En los carteles presentados hoy aparecen caras sonrientes de ciudadanos -una pareja joven abrazada y un abuelo con su beb\u00e9, entre otros- con los lemas \u00abS\u00ed, quiero votar\u00bb, \u00abS\u00ed, quiero ser optimista\u00bb, \u00abS\u00ed, quiero decidir nuestro futuro\u00bb y \u00abS\u00ed, quiero construir un nuevo pa\u00eds\u00bb.<\/p>\n<p>Seg\u00fan Rull, CDC quiere, con esta campa\u00f1a, responder con \u00aboptimismo\u00bb y con \u00abel convencimiento de que las urnas son la herramienta m\u00e1s poderosa\u00bb ante \u00abla pol\u00edtica del miedo\u00bb y las \u00abamenazas\u00bb del PP.<\/p>\n<p>Y en particular las de la presidenta de los populares catalanes, Alicia S\u00e1nchez-Camacho, que protagoniz\u00f3, ha dicho Rull, la \u00absalida de tono inadmisible\u00bb de decir que se podr\u00eda suspender la autonom\u00eda de Catalu\u00f1a si se convoca la consulta.<\/p>\n<p>La nueva campa\u00f1a de CDC coincidir\u00e1 en el tiempo con la de las elecciones europeas del 25 de mayo, pero estar\u00e1n diferenciadas la una de la otra, aunque se puedan compartir algunos contenidos porque en la contienda se hablar\u00e1 tambi\u00e9n de la consulta, seg\u00fan ha explicado el vicesecretario de Coordinaci\u00f3n Institucional de CDC, Llu\u00eds Corominas.<\/p>\n<p>Sin embargo, Converg\u00e8ncia a\u00fan no ha llegado al punto de dise\u00f1ar el papel exacto que tendr\u00e1 la reivindicaci\u00f3n de la consulta en la campa\u00f1a de las europeas, ya que est\u00e1 trabajando en la alianza con PNV y Coalici\u00f3n Canaria y otros partidos auton\u00f3micos, y todav\u00eda no ha escogido formalmente a sus candidatos, aunque todo apunta que repetir\u00e1n Ramon Tremosa (CDC) y Salvador Sed\u00f3 (UDC).<\/p>\n<p>Todo el material de la campa\u00f1a \u00abS\u00ed quiero\u00bb est\u00e1 elaborado en catal\u00e1n, aunque CDC tiene en activo otra iniciativa con el lema \u00abOrgulloso de sus ra\u00edces. Orgulloso de Catalu\u00f1a\u00bb, en catal\u00e1n y castellano, que est\u00e1 dirigida a los castellanohablantes que viven en Catalu\u00f1a y proceden de otras partes de Espa\u00f1a.<\/p>\n<p>Adem\u00e1s de los carteles, la campa\u00f1a se completa con una \u00abCaravana del s\u00ed\u00bb que recorrer\u00e1 el territorio catal\u00e1n recogiendo los argumentos de los ciudadanos a favor de la consulta soberanista.<\/p>\n<p>En el material de campa\u00f1a, CDC argumenta que los catalanes han demostrado que pueden hacer \u00abtodo lo que se proponen\u00bb y que tienen \u00absuficientes recursos y trabajan m\u00e1s que nadie\u00bb.<\/p>\n<p>Adem\u00e1s, seg\u00fan el partido de Artur Mas, Catalu\u00f1a, donde todo el mundo es \u00abbienvenido\u00bb, se \u00abha ganado el derecho a decidir\u00bb su futuro y a lograr un pa\u00eds \u00abm\u00e1s justo, pr\u00f3spero y libre\u00bb.<\/p>\n","protected":false},"excerpt":{"rendered":"<p>Barcelona, 31 ene (EFE).- Converg\u00e8ncia Democr\u00e0tica de Catalunya (CDC) ha lanzado hoy una campa\u00f1a soberanista que pone el acento en el &#8216;s\u00ed&#8217; a la consulta, dejando para m\u00e1s adelante los \u00abs\u00edes\u00bb a un Estado y a la independencia, y dando prioridad a los mensajes de \u00aboptimismo\u00bb de que habr\u00e1 referendo el pr\u00f3ximo 9 de noviembre. [&hellip;]<\/p>\n","protected":false},"author":1,"featured_media":1132184,"comment_status":"closed","ping_status":"open","sticky":false,"template":"","format":"standard","meta":{"footnotes":""},"categories":[1],"tags":[],"class_list":["post-481307","post","type-post","status-publish","format-standard","has-post-thumbnail","hentry","category-actualidad"],"aioseo_notices":[],"aioseo_head":"\n\t\t<!-- All in One SEO Pro 5.0.1 - aioseo.com -->\n\t<meta name=\"description\" content=\"Barcelona, 31 ene (EFE).- Converg\u00e8ncia Democr\u00e0tica de Catalunya (CDC) ha lanzado hoy una campa\u00f1a soberanista que pone el acento en el &#039;s\u00ed&#039; a la consulta, dejando para m\u00e1s adelante los &quot;s\u00edes&quot; a un Estado y a la independencia, y dando prioridad a los mensajes de &quot;optimismo&quot; de que habr\u00e1 referendo el pr\u00f3ximo 9 de noviembre.\" \/>\n\t<meta name=\"robots\" content=\"max-image-preview:large\" \/>\n\t<meta name=\"author\" content=\"El Digital de Asturias\"\/>\n\t<meta name=\"google-site-verification\" content=\"UA-38556648-1\" \/>\n\t<meta name=\"msvalidate.01\" content=\"7dfe9f3f1b24437ab69f4f2559babe99\" \/>\n\t<meta name=\"keywords\" content=\"actualidad\" \/>\n\t<link rel=\"canonical\" href=\"https:\/\/www.eldigitaldeasturias.com\/noticias\/cdc-lanza-una-campana-optimista-con-el-acento-en-el-si-a-la-consulta\/\" \/>\n\t<meta name=\"generator\" content=\"All in One SEO Pro (AIOSEO) 5.0.1\" \/>\n\t\t<meta property=\"og:locale\" content=\"es_ES\" \/>\n\t\t<meta property=\"og:site_name\" content=\"El Digital de Asturias\" \/>\n\t\t<meta property=\"og:type\" content=\"article\" \/>\n\t\t<meta property=\"og:title\" content=\"CDC lanza una campa\u00f1a \u00aboptimista\u00bb con el acento en el \u2018s\u00ed\u2019 a la consulta - El Digital de Asturias\" \/>\n\t\t<meta property=\"og:description\" content=\"Barcelona, 31 ene (EFE).- Converg\u00e8ncia Democr\u00e0tica de Catalunya (CDC) ha lanzado hoy una campa\u00f1a soberanista que pone el acento en el &#039;s\u00ed&#039; a la consulta, dejando para m\u00e1s adelante los &quot;s\u00edes&quot; a un Estado y a la independencia, y dando prioridad a los mensajes de &quot;optimismo&quot; de que habr\u00e1 referendo el pr\u00f3ximo 9 de noviembre.\" \/>\n\t\t<meta property=\"og:url\" content=\"https:\/\/www.eldigitaldeasturias.com\/noticias\/cdc-lanza-una-campana-optimista-con-el-acento-en-el-si-a-la-consulta\/\" \/>\n\t\t<meta property=\"og:image\" content=\"https:\/\/www.eldigitaldeasturias.com\/noticias\/wp-content\/uploads\/2026\/06\/Contenidos.jpg\" \/>\n\t\t<meta property=\"og:image:secure_url\" content=\"https:\/\/www.eldigitaldeasturias.com\/noticias\/wp-content\/uploads\/2026\/06\/Contenidos.jpg\" \/>\n\t\t<meta property=\"og:image:width\" content=\"1265\" \/>\n\t\t<meta property=\"og:image:height\" content=\"697\" \/>\n\t\t<meta property=\"article:tag\" content=\"actualidad\" \/>\n\t\t<meta property=\"article:published_time\" content=\"2014-01-31T21:45:21+00:00\" \/>\n\t\t<meta property=\"article:modified_time\" content=\"2014-01-31T21:45:21+00:00\" \/>\n\t\t<meta property=\"article:publisher\" content=\"https:\/\/facebook.com\/eldigitaldeasturias\" \/>\n\t\t<meta name=\"twitter:card\" content=\"summary_large_image\" \/>\n\t\t<meta name=\"twitter:title\" content=\"CDC lanza una campa\u00f1a \u00aboptimista\u00bb con el acento en el \u2018s\u00ed\u2019 a la consulta - El Digital de Asturias\" \/>\n\t\t<meta name=\"twitter:description\" content=\"Barcelona, 31 ene (EFE).- Converg\u00e8ncia Democr\u00e0tica de Catalunya (CDC) ha lanzado hoy una campa\u00f1a soberanista que pone el acento en el &#039;s\u00ed&#039; a la consulta, dejando para m\u00e1s adelante los &quot;s\u00edes&quot; a un Estado y a la independencia, y dando prioridad a los mensajes de &quot;optimismo&quot; de que habr\u00e1 referendo el pr\u00f3ximo 9 de noviembre.\" \/>\n\t\t<meta name=\"twitter:image\" content=\"https:\/\/www.eldigitaldeasturias.com\/noticias\/wp-content\/uploads\/2026\/06\/Contenidos.jpg\" \/>\n\t\t<meta name=\"twitter:label1\" content=\"Escrito por\" \/>\n\t\t<meta name=\"twitter:data1\" content=\"El Digital de Asturias\" \/>\n\t\t<meta name=\"twitter:label2\" content=\"Tiempo de lectura estimado\" \/>\n\t\t<meta name=\"twitter:data2\" content=\"4 minutos\" \/>\n\t\t<script type=\"application\/ld+json\" class=\"aioseo-schema\">\n\t\t\t{\"@context\":\"https:\\\/\\\/schema.org\",\"@graph\":[{\"@type\":\"BlogPosting\",\"@id\":\"https:\\\/\\\/www.eldigitaldeasturias.com\\\/noticias\\\/cdc-lanza-una-campana-optimista-con-el-acento-en-el-si-a-la-consulta\\\/#blogposting\",\"name\":\"CDC lanza una campa\\u00f1a \\u00aboptimista\\u00bb con el acento en el \\u2018s\\u00ed\\u2019 a la consulta - El Digital de Asturias\",\"headline\":\"CDC lanza una campa\\u00f1a \\u00aboptimista\\u00bb con el acento en el &#8216;s\\u00ed&#8217; a la consulta\",\"author\":{\"@id\":\"https:\\\/\\\/www.eldigitaldeasturias.com\\\/noticias\\\/author\\\/admin\\\/#author\"},\"publisher\":{\"@id\":\"https:\\\/\\\/www.eldigitaldeasturias.com\\\/noticias\\\/#organization\"},\"image\":{\"@type\":\"ImageObject\",\"url\":\"https:\\\/\\\/www.eldigitaldeasturias.com\\\/noticias\\\/wp-content\\\/uploads\\\/2026\\\/06\\\/Contenidos.jpg\",\"width\":1265,\"height\":697,\"caption\":\"Contenidos\"},\"datePublished\":\"2014-01-31T20:45:21+01:00\",\"dateModified\":\"2014-01-31T20:45:21+01:00\",\"inLanguage\":\"es-ES\",\"mainEntityOfPage\":{\"@id\":\"https:\\\/\\\/www.eldigitaldeasturias.com\\\/noticias\\\/cdc-lanza-una-campana-optimista-con-el-acento-en-el-si-a-la-consulta\\\/#webpage\"},\"isPartOf\":{\"@id\":\"https:\\\/\\\/www.eldigitaldeasturias.com\\\/noticias\\\/cdc-lanza-una-campana-optimista-con-el-acento-en-el-si-a-la-consulta\\\/#webpage\"},\"articleSection\":\"Actualidad\"},{\"@type\":\"BreadcrumbList\",\"@id\":\"https:\\\/\\\/www.eldigitaldeasturias.com\\\/noticias\\\/cdc-lanza-una-campana-optimista-con-el-acento-en-el-si-a-la-consulta\\\/#breadcrumblist\",\"itemListElement\":[{\"@type\":\"ListItem\",\"@id\":\"https:\\\/\\\/www.eldigitaldeasturias.com\\\/noticias#listItem\",\"position\":1,\"name\":\"Home\",\"item\":\"https:\\\/\\\/www.eldigitaldeasturias.com\\\/noticias\",\"nextItem\":{\"@type\":\"ListItem\",\"@id\":\"https:\\\/\\\/www.eldigitaldeasturias.com\\\/noticias\\\/category\\\/actualidad\\\/#listItem\",\"name\":\"Actualidad\"}},{\"@type\":\"ListItem\",\"@id\":\"https:\\\/\\\/www.eldigitaldeasturias.com\\\/noticias\\\/category\\\/actualidad\\\/#listItem\",\"position\":2,\"name\":\"Actualidad\",\"item\":\"https:\\\/\\\/www.eldigitaldeasturias.com\\\/noticias\\\/category\\\/actualidad\\\/\",\"nextItem\":{\"@type\":\"ListItem\",\"@id\":\"https:\\\/\\\/www.eldigitaldeasturias.com\\\/noticias\\\/cdc-lanza-una-campana-optimista-con-el-acento-en-el-si-a-la-consulta\\\/#listItem\",\"name\":\"CDC lanza una campa\\u00f1a \\u00aboptimista\\u00bb con el acento en el &#8216;s\\u00ed&#8217; a la consulta\"},\"previousItem\":{\"@type\":\"ListItem\",\"@id\":\"https:\\\/\\\/www.eldigitaldeasturias.com\\\/noticias#listItem\",\"name\":\"Home\"}},{\"@type\":\"ListItem\",\"@id\":\"https:\\\/\\\/www.eldigitaldeasturias.com\\\/noticias\\\/cdc-lanza-una-campana-optimista-con-el-acento-en-el-si-a-la-consulta\\\/#listItem\",\"position\":3,\"name\":\"CDC lanza una campa\\u00f1a \\u00aboptimista\\u00bb con el acento en el &#8216;s\\u00ed&#8217; a la consulta\",\"previousItem\":{\"@type\":\"ListItem\",\"@id\":\"https:\\\/\\\/www.eldigitaldeasturias.com\\\/noticias\\\/category\\\/actualidad\\\/#listItem\",\"name\":\"Actualidad\"}}]},{\"@type\":\"Organization\",\"@id\":\"https:\\\/\\\/www.eldigitaldeasturias.com\\\/noticias\\\/#organization\",\"name\":\"El Digital de Asturias\",\"description\":\"Hemeroteca\",\"url\":\"https:\\\/\\\/www.eldigitaldeasturias.com\\\/noticias\\\/\",\"email\":\"info@eldigitaldeasturias.com\",\"telephone\":\"+34652131393\",\"logo\":{\"@type\":\"ImageObject\",\"url\":\"https:\\\/\\\/www.eldigitaldeasturias.com\\\/noticias\\\/wp-content\\\/uploads\\\/2020\\\/12\\\/EDA.jpg\",\"@id\":\"https:\\\/\\\/www.eldigitaldeasturias.com\\\/noticias\\\/cdc-lanza-una-campana-optimista-con-el-acento-en-el-si-a-la-consulta\\\/#organizationLogo\"},\"image\":{\"@id\":\"https:\\\/\\\/www.eldigitaldeasturias.com\\\/noticias\\\/cdc-lanza-una-campana-optimista-con-el-acento-en-el-si-a-la-consulta\\\/#organizationLogo\"},\"sameAs\":[\"https:\\\/\\\/facebook.com\\\/eldigitaldeasturias\",\"https:\\\/\\\/www.youtube.com\\\/channel\\\/UCZP-2wLEB9Rv6erhFmqVnvg\"],\"address\":{\"@id\":\"https:\\\/\\\/www.eldigitaldeasturias.com\\\/noticias\\\/#postaladdress\",\"@type\":\"PostalAddress\",\"streetAddress\":\"san antonio 4\",\"postalCode\":\"33430\",\"addressLocality\":\"Cand\\u00e1s\",\"addressRegion\":\"Asturias\",\"addressCountry\":\"ES\"}},{\"@type\":\"Person\",\"@id\":\"https:\\\/\\\/www.eldigitaldeasturias.com\\\/noticias\\\/author\\\/admin\\\/#author\",\"url\":\"https:\\\/\\\/www.eldigitaldeasturias.com\\\/noticias\\\/author\\\/admin\\\/\",\"name\":\"El Digital de Asturias\",\"image\":{\"@type\":\"ImageObject\",\"@id\":\"https:\\\/\\\/www.eldigitaldeasturias.com\\\/noticias\\\/cdc-lanza-una-campana-optimista-con-el-acento-en-el-si-a-la-consulta\\\/#authorImage\",\"url\":\"https:\\\/\\\/secure.gravatar.com\\\/avatar\\\/df2aeffc32bcd13f8d26072ef8a91b623d677766deac7f97ca815868cd41bf5e?s=96&d=mm&r=g\",\"width\":96,\"height\":96,\"caption\":\"El Digital de Asturias\"}},{\"@type\":\"WebPage\",\"@id\":\"https:\\\/\\\/www.eldigitaldeasturias.com\\\/noticias\\\/cdc-lanza-una-campana-optimista-con-el-acento-en-el-si-a-la-consulta\\\/#webpage\",\"url\":\"https:\\\/\\\/www.eldigitaldeasturias.com\\\/noticias\\\/cdc-lanza-una-campana-optimista-con-el-acento-en-el-si-a-la-consulta\\\/\",\"name\":\"CDC lanza una campa\\u00f1a \\u00aboptimista\\u00bb con el acento en el \\u2018s\\u00ed\\u2019 a la consulta - El Digital de Asturias\",\"description\":\"Barcelona, 31 ene (EFE).- Converg\\u00e8ncia Democr\\u00e0tica de Catalunya (CDC) ha lanzado hoy una campa\\u00f1a soberanista que pone el acento en el 's\\u00ed' a la consulta, dejando para m\\u00e1s adelante los \\\"s\\u00edes\\\" a un Estado y a la independencia, y dando prioridad a los mensajes de \\\"optimismo\\\" de que habr\\u00e1 referendo el pr\\u00f3ximo 9 de noviembre.\",\"inLanguage\":\"es-ES\",\"isPartOf\":{\"@id\":\"https:\\\/\\\/www.eldigitaldeasturias.com\\\/noticias\\\/#website\"},\"breadcrumb\":{\"@id\":\"https:\\\/\\\/www.eldigitaldeasturias.com\\\/noticias\\\/cdc-lanza-una-campana-optimista-con-el-acento-en-el-si-a-la-consulta\\\/#breadcrumblist\"},\"author\":{\"@id\":\"https:\\\/\\\/www.eldigitaldeasturias.com\\\/noticias\\\/author\\\/admin\\\/#author\"},\"creator\":{\"@id\":\"https:\\\/\\\/www.eldigitaldeasturias.com\\\/noticias\\\/author\\\/admin\\\/#author\"},\"image\":{\"@type\":\"ImageObject\",\"url\":\"https:\\\/\\\/www.eldigitaldeasturias.com\\\/noticias\\\/wp-content\\\/uploads\\\/2026\\\/06\\\/Contenidos.jpg\",\"@id\":\"https:\\\/\\\/www.eldigitaldeasturias.com\\\/noticias\\\/cdc-lanza-una-campana-optimista-con-el-acento-en-el-si-a-la-consulta\\\/#mainImage\",\"width\":1265,\"height\":697,\"caption\":\"Contenidos\"},\"primaryImageOfPage\":{\"@id\":\"https:\\\/\\\/www.eldigitaldeasturias.com\\\/noticias\\\/cdc-lanza-una-campana-optimista-con-el-acento-en-el-si-a-la-consulta\\\/#mainImage\"},\"datePublished\":\"2014-01-31T20:45:21+01:00\",\"dateModified\":\"2014-01-31T20:45:21+01:00\"},{\"@type\":\"WebSite\",\"@id\":\"https:\\\/\\\/www.eldigitaldeasturias.com\\\/noticias\\\/#website\",\"url\":\"https:\\\/\\\/www.eldigitaldeasturias.com\\\/noticias\\\/\",\"name\":\"El Digital de Asturias - Diario de actualidad y noticias\",\"alternateName\":\"El Digital de Asturias - Diario de actualidad y noticias\",\"description\":\"Hemeroteca\",\"inLanguage\":\"es-ES\",\"publisher\":{\"@id\":\"https:\\\/\\\/www.eldigitaldeasturias.com\\\/noticias\\\/#organization\"}}]}\n\t\t<\/script>\n\t\t<!-- All in One SEO Pro -->\r\n\t\t<title>CDC lanza una campa\u00f1a \u00aboptimista\u00bb con el acento en el \u2018s\u00ed\u2019 a la consulta - El Digital de Asturias<\/title>\n\n","aioseo_head_json":{"title":"CDC lanza una campa\u00f1a \u00aboptimista\u00bb con el acento en el \u2018s\u00ed\u2019 a la consulta - El Digital de Asturias","description":"Barcelona, 31 ene (EFE).- Converg\u00e8ncia Democr\u00e0tica de Catalunya (CDC) ha lanzado hoy una campa\u00f1a soberanista que pone el acento en el 's\u00ed' a la consulta, dejando para m\u00e1s adelante los \"s\u00edes\" a un Estado y a la independencia, y dando prioridad a los mensajes de \"optimismo\" de que habr\u00e1 referendo el pr\u00f3ximo 9 de noviembre.","canonical_url":"https:\/\/www.eldigitaldeasturias.com\/noticias\/cdc-lanza-una-campana-optimista-con-el-acento-en-el-si-a-la-consulta\/","robots":"max-image-preview:large","keywords":"actualidad","webmasterTools":{"google-site-verification":"UA-38556648-1","msvalidate.01":"7dfe9f3f1b24437ab69f4f2559babe99","miscellaneous":""},"schema":{"@context":"https:\/\/schema.org","@graph":[{"@type":"BlogPosting","@id":"https:\/\/www.eldigitaldeasturias.com\/noticias\/cdc-lanza-una-campana-optimista-con-el-acento-en-el-si-a-la-consulta\/#blogposting","name":"CDC lanza una campa\u00f1a \u00aboptimista\u00bb con el acento en el \u2018s\u00ed\u2019 a la consulta - El Digital de Asturias","headline":"CDC lanza una campa\u00f1a \u00aboptimista\u00bb con el acento en el &#8216;s\u00ed&#8217; a la consulta","author":{"@id":"https:\/\/www.eldigitaldeasturias.com\/noticias\/author\/admin\/#author"},"publisher":{"@id":"https:\/\/www.eldigitaldeasturias.com\/noticias\/#organization"},"image":{"@type":"ImageObject","url":"https:\/\/www.eldigitaldeasturias.com\/noticias\/wp-content\/uploads\/2026\/06\/Contenidos.jpg","width":1265,"height":697,"caption":"Contenidos"},"datePublished":"2014-01-31T20:45:21+01:00","dateModified":"2014-01-31T20:45:21+01:00","inLanguage":"es-ES","mainEntityOfPage":{"@id":"https:\/\/www.eldigitaldeasturias.com\/noticias\/cdc-lanza-una-campana-optimista-con-el-acento-en-el-si-a-la-consulta\/#webpage"},"isPartOf":{"@id":"https:\/\/www.eldigitaldeasturias.com\/noticias\/cdc-lanza-una-campana-optimista-con-el-acento-en-el-si-a-la-consulta\/#webpage"},"articleSection":"Actualidad"},{"@type":"BreadcrumbList","@id":"https:\/\/www.eldigitaldeasturias.com\/noticias\/cdc-lanza-una-campana-optimista-con-el-acento-en-el-si-a-la-consulta\/#breadcrumblist","itemListElement":[{"@type":"ListItem","@id":"https:\/\/www.eldigitaldeasturias.com\/noticias#listItem","position":1,"name":"Home","item":"https:\/\/www.eldigitaldeasturias.com\/noticias","nextItem":{"@type":"ListItem","@id":"https:\/\/www.eldigitaldeasturias.com\/noticias\/category\/actualidad\/#listItem","name":"Actualidad"}},{"@type":"ListItem","@id":"https:\/\/www.eldigitaldeasturias.com\/noticias\/category\/actualidad\/#listItem","position":2,"name":"Actualidad","item":"https:\/\/www.eldigitaldeasturias.com\/noticias\/category\/actualidad\/","nextItem":{"@type":"ListItem","@id":"https:\/\/www.eldigitaldeasturias.com\/noticias\/cdc-lanza-una-campana-optimista-con-el-acento-en-el-si-a-la-consulta\/#listItem","name":"CDC lanza una campa\u00f1a \u00aboptimista\u00bb con el acento en el &#8216;s\u00ed&#8217; a la consulta"},"previousItem":{"@type":"ListItem","@id":"https:\/\/www.eldigitaldeasturias.com\/noticias#listItem","name":"Home"}},{"@type":"ListItem","@id":"https:\/\/www.eldigitaldeasturias.com\/noticias\/cdc-lanza-una-campana-optimista-con-el-acento-en-el-si-a-la-consulta\/#listItem","position":3,"name":"CDC lanza una campa\u00f1a \u00aboptimista\u00bb con el acento en el &#8216;s\u00ed&#8217; a la consulta","previousItem":{"@type":"ListItem","@id":"https:\/\/www.eldigitaldeasturias.com\/noticias\/category\/actualidad\/#listItem","name":"Actualidad"}}]},{"@type":"Organization","@id":"https:\/\/www.eldigitaldeasturias.com\/noticias\/#organization","name":"El Digital de Asturias","description":"Hemeroteca","url":"https:\/\/www.eldigitaldeasturias.com\/noticias\/","email":"info@eldigitaldeasturias.com","telephone":"+34652131393","logo":{"@type":"ImageObject","url":"https:\/\/www.eldigitaldeasturias.com\/noticias\/wp-content\/uploads\/2020\/12\/EDA.jpg","@id":"https:\/\/www.eldigitaldeasturias.com\/noticias\/cdc-lanza-una-campana-optimista-con-el-acento-en-el-si-a-la-consulta\/#organizationLogo"},"image":{"@id":"https:\/\/www.eldigitaldeasturias.com\/noticias\/cdc-lanza-una-campana-optimista-con-el-acento-en-el-si-a-la-consulta\/#organizationLogo"},"sameAs":["https:\/\/facebook.com\/eldigitaldeasturias","https:\/\/www.youtube.com\/channel\/UCZP-2wLEB9Rv6erhFmqVnvg"],"address":{"@id":"https:\/\/www.eldigitaldeasturias.com\/noticias\/#postaladdress","@type":"PostalAddress","streetAddress":"san antonio 4","postalCode":"33430","addressLocality":"Cand\u00e1s","addressRegion":"Asturias","addressCountry":"ES"}},{"@type":"Person","@id":"https:\/\/www.eldigitaldeasturias.com\/noticias\/author\/admin\/#author","url":"https:\/\/www.eldigitaldeasturias.com\/noticias\/author\/admin\/","name":"El Digital de Asturias","image":{"@type":"ImageObject","@id":"https:\/\/www.eldigitaldeasturias.com\/noticias\/cdc-lanza-una-campana-optimista-con-el-acento-en-el-si-a-la-consulta\/#authorImage","url":"https:\/\/secure.gravatar.com\/avatar\/df2aeffc32bcd13f8d26072ef8a91b623d677766deac7f97ca815868cd41bf5e?s=96&d=mm&r=g","width":96,"height":96,"caption":"El Digital de Asturias"}},{"@type":"WebPage","@id":"https:\/\/www.eldigitaldeasturias.com\/noticias\/cdc-lanza-una-campana-optimista-con-el-acento-en-el-si-a-la-consulta\/#webpage","url":"https:\/\/www.eldigitaldeasturias.com\/noticias\/cdc-lanza-una-campana-optimista-con-el-acento-en-el-si-a-la-consulta\/","name":"CDC lanza una campa\u00f1a \u00aboptimista\u00bb con el acento en el \u2018s\u00ed\u2019 a la consulta - El Digital de Asturias","description":"Barcelona, 31 ene (EFE).- Converg\u00e8ncia Democr\u00e0tica de Catalunya (CDC) ha lanzado hoy una campa\u00f1a soberanista que pone el acento en el 's\u00ed' a la consulta, dejando para m\u00e1s adelante los \"s\u00edes\" a un Estado y a la independencia, y dando prioridad a los mensajes de \"optimismo\" de que habr\u00e1 referendo el pr\u00f3ximo 9 de noviembre.","inLanguage":"es-ES","isPartOf":{"@id":"https:\/\/www.eldigitaldeasturias.com\/noticias\/#website"},"breadcrumb":{"@id":"https:\/\/www.eldigitaldeasturias.com\/noticias\/cdc-lanza-una-campana-optimista-con-el-acento-en-el-si-a-la-consulta\/#breadcrumblist"},"author":{"@id":"https:\/\/www.eldigitaldeasturias.com\/noticias\/author\/admin\/#author"},"creator":{"@id":"https:\/\/www.eldigitaldeasturias.com\/noticias\/author\/admin\/#author"},"image":{"@type":"ImageObject","url":"https:\/\/www.eldigitaldeasturias.com\/noticias\/wp-content\/uploads\/2026\/06\/Contenidos.jpg","@id":"https:\/\/www.eldigitaldeasturias.com\/noticias\/cdc-lanza-una-campana-optimista-con-el-acento-en-el-si-a-la-consulta\/#mainImage","width":1265,"height":697,"caption":"Contenidos"},"primaryImageOfPage":{"@id":"https:\/\/www.eldigitaldeasturias.com\/noticias\/cdc-lanza-una-campana-optimista-con-el-acento-en-el-si-a-la-consulta\/#mainImage"},"datePublished":"2014-01-31T20:45:21+01:00","dateModified":"2014-01-31T20:45:21+01:00"},{"@type":"WebSite","@id":"https:\/\/www.eldigitaldeasturias.com\/noticias\/#website","url":"https:\/\/www.eldigitaldeasturias.com\/noticias\/","name":"El Digital de Asturias - Diario de actualidad y noticias","alternateName":"El Digital de Asturias - Diario de actualidad y noticias","description":"Hemeroteca","inLanguage":"es-ES","publisher":{"@id":"https:\/\/www.eldigitaldeasturias.com\/noticias\/#organization"}}]},"og:locale":"es_ES","og:site_name":"El Digital de Asturias","og:type":"article","og:title":"CDC lanza una campa\u00f1a \u00aboptimista\u00bb con el acento en el \u2018s\u00ed\u2019 a la consulta - El Digital de Asturias","og:description":"Barcelona, 31 ene (EFE).- Converg\u00e8ncia Democr\u00e0tica de Catalunya (CDC) ha lanzado hoy una campa\u00f1a soberanista que pone el acento en el 's\u00ed' a la consulta, dejando para m\u00e1s adelante los &quot;s\u00edes&quot; a un Estado y a la independencia, y dando prioridad a los mensajes de &quot;optimismo&quot; de que habr\u00e1 referendo el pr\u00f3ximo 9 de noviembre.","og:url":"https:\/\/www.eldigitaldeasturias.com\/noticias\/cdc-lanza-una-campana-optimista-con-el-acento-en-el-si-a-la-consulta\/","og:image":"https:\/\/www.eldigitaldeasturias.com\/noticias\/wp-content\/uploads\/2026\/06\/Contenidos.jpg","og:image:secure_url":"https:\/\/www.eldigitaldeasturias.com\/noticias\/wp-content\/uploads\/2026\/06\/Contenidos.jpg","og:image:width":1265,"og:image:height":697,"article:tag":["actualidad"],"article:published_time":"2014-01-31T21:45:21+00:00","article:modified_time":"2014-01-31T21:45:21+00:00","article:publisher":"https:\/\/facebook.com\/eldigitaldeasturias","twitter:card":"summary_large_image","twitter:title":"CDC lanza una campa\u00f1a \u00aboptimista\u00bb con el acento en el \u2018s\u00ed\u2019 a la consulta - El Digital de Asturias","twitter:description":"Barcelona, 31 ene (EFE).- Converg\u00e8ncia Democr\u00e0tica de Catalunya (CDC) ha lanzado hoy una campa\u00f1a soberanista que pone el acento en el 's\u00ed' a la consulta, dejando para m\u00e1s adelante los &quot;s\u00edes&quot; a un Estado y a la independencia, y dando prioridad a los mensajes de &quot;optimismo&quot; de que habr\u00e1 referendo el pr\u00f3ximo 9 de noviembre.","twitter:image":"https:\/\/www.eldigitaldeasturias.com\/noticias\/wp-content\/uploads\/2026\/06\/Contenidos.jpg","twitter:label1":"Escrito por","twitter:data1":"El Digital de Asturias","twitter:label2":"Tiempo de lectura estimado","twitter:data2":"4 minutos"},"aioseo_meta_data":{"post_id":"481307","title":null,"description":null,"keywords":null,"keyphrases":null,"primary_term":null,"canonical_url":null,"og_title":null,"og_description":null,"og_object_type":"default","og_image_type":"default","og_image_url":null,"og_image_width":null,"og_image_height":null,"og_image_custom_url":null,"og_image_custom_fields":null,"og_video":null,"og_custom_url":null,"og_article_section":null,"og_article_tags":null,"twitter_use_og":true,"twitter_card":"default","twitter_image_type":"default","twitter_image_url":null,"twitter_image_custom_url":null,"twitter_image_custom_fields":null,"twitter_title":null,"twitter_description":null,"schema":{"blockGraphs":[],"customGraphs":[],"default":{"data":{"Article":[],"Course":[],"Dataset":[],"FAQPage":[],"Movie":[],"Person":[],"Product":[],"ProductReview":[],"Car":[],"Recipe":[],"Service":[],"SoftwareApplication":[],"WebPage":[]},"graphName":"","isEnabled":true},"graphs":[]},"schema_type":null,"schema_type_options":null,"pillar_content":false,"robots_default":true,"robots_noindex":false,"robots_noarchive":false,"robots_nosnippet":false,"robots_nofollow":false,"robots_noimageindex":false,"robots_noodp":false,"robots_notranslate":false,"robots_max_snippet":null,"robots_max_videopreview":null,"robots_max_imagepreview":"none","priority":null,"frequency":null,"local_seo":null,"seo_analyzer_scan_date":"2026-06-02 06:21:34","breadcrumb_settings":null,"limit_modified_date":false,"open_ai":null,"ai":null,"created":"2020-11-14 22:54:18","updated":"2026-06-02 06:21:34","focus_keyword":null,"additional_keywords":null,"truseo_locale":null},"aioseo_breadcrumb":"<div class=\"aioseo-breadcrumbs\"><span class=\"aioseo-breadcrumb\">\n\t<a href=\"https:\/\/www.eldigitaldeasturias.com\/noticias\" title=\"Home\">Home<\/a>\n<\/span><span class=\"aioseo-breadcrumb-separator\">\u2013<\/span><span class=\"aioseo-breadcrumb\">\n\t<a href=\"https:\/\/www.eldigitaldeasturias.com\/noticias\/category\/actualidad\/\" title=\"Actualidad\">Actualidad<\/a>\n<\/span><span class=\"aioseo-breadcrumb-separator\">\u2013<\/span><span class=\"aioseo-breadcrumb\">\n\t<a href=\"https:\/\/www.eldigitaldeasturias.com\/noticias\/cdc-lanza-una-campana-optimista-con-el-acento-en-el-si-a-la-consulta\/\" title=\"CDC lanza una campa\u00f1a \u00aboptimista\u00bb con el acento en el \u2018s\u00ed\u2019 a la consulta\">CDC lanza una campa\u00f1a \u00aboptimista\u00bb con el acento en el \u2018s\u00ed\u2019 a la consulta<\/a>\n<\/span><\/div>","aioseo_breadcrumb_json":[{"label":"Home","link":"https:\/\/www.eldigitaldeasturias.com\/noticias"},{"label":"Actualidad","link":"https:\/\/www.eldigitaldeasturias.com\/noticias\/category\/actualidad\/"},{"label":"CDC lanza una campa\u00f1a \u00aboptimista\u00bb con el acento en el &#8216;s\u00ed&#8217; a la consulta","link":"https:\/\/www.eldigitaldeasturias.com\/noticias\/cdc-lanza-una-campana-optimista-con-el-acento-en-el-si-a-la-consulta\/"}],"_links":{"self":[{"href":"https:\/\/www.eldigitaldeasturias.com\/noticias\/wp-json\/wp\/v2\/posts\/481307","targetHints":{"allow":["GET"]}}],"collection":[{"href":"https:\/\/www.eldigitaldeasturias.com\/noticias\/wp-json\/wp\/v2\/posts"}],"about":[{"href":"https:\/\/www.eldigitaldeasturias.com\/noticias\/wp-json\/wp\/v2\/types\/post"}],"author":[{"embeddable":true,"href":"https:\/\/www.eldigitaldeasturias.com\/noticias\/wp-json\/wp\/v2\/users\/1"}],"replies":[{"embeddable":true,"href":"https:\/\/www.eldigitaldeasturias.com\/noticias\/wp-json\/wp\/v2\/comments?post=481307"}],"version-history":[{"count":0,"href":"https:\/\/www.eldigitaldeasturias.com\/noticias\/wp-json\/wp\/v2\/posts\/481307\/revisions"}],"wp:featuredmedia":[{"embeddable":true,"href":"https:\/\/www.eldigitaldeasturias.com\/noticias\/wp-json\/wp\/v2\/media\/1132184"}],"wp:attachment":[{"href":"https:\/\/www.eldigitaldeasturias.com\/noticias\/wp-json\/wp\/v2\/media?parent=481307"}],"wp:term":[{"taxonomy":"category","embeddable":true,"href":"https:\/\/www.eldigitaldeasturias.com\/noticias\/wp-json\/wp\/v2\/categories?post=481307"},{"taxonomy":"post_tag","embeddable":true,"href":"https:\/\/www.eldigitaldeasturias.com\/noticias\/wp-json\/wp\/v2\/tags?post=481307"}],"curies":[{"name":"wp","href":"https:\/\/api.w.org\/{rel}","templated":true}]}}