{"id":481280,"date":"2014-01-31T20:25:36","date_gmt":"2014-01-31T21:25:36","guid":{"rendered":"http:\/\/www.eldigitaldeasturias.com\/noticias\/?p=481280"},"modified":"2014-01-31T20:25:36","modified_gmt":"2014-01-31T21:25:36","slug":"cameron-se-topa-con-la-oposicion-de-hollande-en-sus-planes-de-reformar-la-ue","status":"publish","type":"post","link":"https:\/\/www.eldigitaldeasturias.com\/noticias\/cameron-se-topa-con-la-oposicion-de-hollande-en-sus-planes-de-reformar-la-ue\/","title":{"rendered":"Cameron se topa con la oposici\u00f3n de Hollande en sus planes de reformar la UE"},"content":{"rendered":"<p><img loading=\"lazy\" decoding=\"async\" class=\"alignleft size-medium wp-image-481281\" alt=\"5896096w\" src=\"https:\/\/www.eldigitaldeasturias.com\/noticias\/wp-content\/uploads\/2014\/01\/5896096w-360x187.jpg\" width=\"360\" height=\"187\" \/>Londres, 31 ene (EFE).- El primer ministro brit\u00e1nico, David Cameron, se top\u00f3 hoy con la oposici\u00f3n del presidente de Francia, Fran\u00e7ois Hollande, en sus planes de reforma de la Uni\u00f3n Europea (UE), pues Par\u00eds no considera prioritaria la modificaci\u00f3n de tratados.<\/p>\n<p>Aunque no sorprendi\u00f3, la falta de apoyo de Hollande evidenci\u00f3 ante el p\u00fablico brit\u00e1nico las dificultades que afrontar\u00e1 Cameron en Bruselas para promover su prometida negociaci\u00f3n de las competencias comunitarias, paso previo a la celebraci\u00f3n en 2017 de un refer\u00e9ndum sobre la permanencia del Reino Unido en la UE.<\/p>\n<p>Al t\u00e9rmino de una cumbre bilateral en la base militar inglesa de Brize Norton, Hollande dijo que, aunque \u00abrespeta\u00bb que el Gobierno de Londres quiera celebrar un plebiscito, \u00abno se puede pretender seguir el ejemplo de un solo pa\u00eds\u00bb.<\/p>\n<p>Cameron insisti\u00f3 en que desea cambiar el funcionamiento de la Uni\u00f3n Europea con vistas a celebrar la consulta, un compromiso adquirido bajo presi\u00f3n de los euroesc\u00e9pticos del Partido Conservador brit\u00e1nico.<\/p>\n<p>El presidente franc\u00e9s se mostr\u00f3 partidario de reformar la UE a fin de hacerla \u00abm\u00e1s eficiente\u00bb y que la eurozona funcione \u00abde forma m\u00e1s coordinada e integrada\u00bb, pero descart\u00f3 una reforma m\u00e1s profunda que implicar\u00eda convocar un refer\u00e9ndum en su pa\u00eds en v\u00edsperas de elecciones presidenciales.<\/p>\n<p>Hollande insisti\u00f3, no obstante, en que \u00abFrancia quiere al Reino Unido dentro de la UE\u00bb.<\/p>\n<p>Adem\u00e1s de la reforma europea, que ambos trataron tambi\u00e9n despu\u00e9s durante un almuerzo en un t\u00edpico pub brit\u00e1nico, Cameron y Hollande abordaron el conflicto en Siria, aparte de firmar acuerdos de cooperaci\u00f3n en defensa y energ\u00eda.<\/p>\n<p>Sobre Siria, acordaron colaborar para prevenir la radicalizaci\u00f3n de j\u00f3venes de los respectivos pa\u00edses en la zona de combate.<\/p>\n<p>El primer ministro brit\u00e1nico asegur\u00f3 que Hollande y \u00e9l est\u00e1n \u00abprofundamente preocupados\u00bb por el riesgo que el conflicto sirio plantea para el Reino Unido y Francia, pues se estima que entre 600 y 700 brit\u00e1nicos y franceses pueden haber viajado a Siria para unirse a los diversos grupos armados que combaten all\u00ed.<\/p>\n<p>Hollande explic\u00f3 que se colaborar\u00e1 para evitar \u00abla manipulaci\u00f3n\u00bb por extremistas de estas personas y para \u00abvigilar sus movimientos\u00bb, a fin de garantizar que no regresan con planes de terrorismo a territorio brit\u00e1nico y franc\u00e9s.<\/p>\n<p>Durante la cumbre, que se prolong\u00f3 alrededor de dos horas, los dos dirigentes trataron tambi\u00e9n el acuerdo de Londres con la empresa estatal francesa EDF para la construcci\u00f3n de dos reactores nucleares en la planta Hinkley Point C en Somerset (suroeste ingl\u00e9s), con una inversi\u00f3n de 16.000 millones de libras (19.200 millones de euros), as\u00ed como pr\u00f3ximas operaciones de defensa conjuntas.<\/p>\n<p>As\u00ed, anunciaron la compra de misiles antibuque por 500 millones de libras (600 millones de euros) y un estudio conjunto valorado en 120 millones de libras (146 millones de euros) para calibrar la viabilidad de construir el sistema de combate a\u00e9reo futuro, un veh\u00edculo de combate no tripulado.<\/p>\n<p>Cameron subray\u00f3 que, por las necesidades similares de ambos pa\u00edses, la colaboraci\u00f3n en defensa les permitir\u00e1 un ahorro y conjuntamente tendr\u00e1n \u00abun mayor impacto global\u00bb.<\/p>\n<p>La celebraci\u00f3n de la cumbre bilateral, sin agenda para primeras damas, en una base a\u00e9rea utilizada durante la Segunda Guerra Mundial y recientemente para enviar aviones de apoyo a la operaci\u00f3n francesa en Mali subray\u00f3 la importancia de la cooperaci\u00f3n en defensa y, seg\u00fan Cameron, el buen estado de las relaciones entre ambos pa\u00edses.<\/p>\n<p>\u00abNuestra asociaci\u00f3n es tan estrecha e importante como siempre\u00bb, asegur\u00f3 el primer ministro brit\u00e1nico, tras meses de tensi\u00f3n entre Francia y el Reino Unido por las diferencias de enfoque sobre pol\u00edtica econ\u00f3mica.<\/p>\n<p>Tras la reuni\u00f3n, en la que se limit\u00f3 a cuatro las preguntas de la prensa, el presidente franc\u00e9s \u00abdeclin\u00f3\u00bb responder a cuestiones sobre su vida sentimental, una semana despu\u00e9s de romper la relaci\u00f3n con su pareja Valerie Trierweiler.<\/p>\n<p>Judith Mora<\/p>\n","protected":false},"excerpt":{"rendered":"<p>Londres, 31 ene (EFE).- El primer ministro brit\u00e1nico, David Cameron, se top\u00f3 hoy con la oposici\u00f3n del presidente de Francia, Fran\u00e7ois Hollande, en sus planes de reforma de la Uni\u00f3n Europea (UE), pues Par\u00eds no considera prioritaria la modificaci\u00f3n de tratados. Aunque no sorprendi\u00f3, la falta de apoyo de Hollande evidenci\u00f3 ante el p\u00fablico brit\u00e1nico [&hellip;]<\/p>\n","protected":false},"author":1,"featured_media":1132184,"comment_status":"closed","ping_status":"open","sticky":false,"template":"","format":"standard","meta":{"footnotes":""},"categories":[1],"tags":[],"class_list":["post-481280","post","type-post","status-publish","format-standard","has-post-thumbnail","hentry","category-actualidad"],"aioseo_notices":[],"aioseo_head":"\n\t\t<!-- All in One SEO Pro 5.0.1 - aioseo.com -->\n\t<meta name=\"description\" content=\"Londres, 31 ene (EFE).- El primer ministro brit\u00e1nico, David Cameron, se top\u00f3 hoy con la oposici\u00f3n del presidente de Francia, Fran\u00e7ois Hollande, en sus planes de reforma de la Uni\u00f3n Europea (UE), pues Par\u00eds no considera prioritaria la modificaci\u00f3n de tratados. Aunque no sorprendi\u00f3, la falta de apoyo de Hollande evidenci\u00f3 ante el p\u00fablico brit\u00e1nico\" \/>\n\t<meta name=\"robots\" content=\"max-image-preview:large\" \/>\n\t<meta name=\"author\" content=\"El Digital de Asturias\"\/>\n\t<meta name=\"google-site-verification\" content=\"UA-38556648-1\" \/>\n\t<meta name=\"msvalidate.01\" content=\"7dfe9f3f1b24437ab69f4f2559babe99\" \/>\n\t<meta name=\"keywords\" content=\"actualidad\" \/>\n\t<link rel=\"canonical\" href=\"https:\/\/www.eldigitaldeasturias.com\/noticias\/cameron-se-topa-con-la-oposicion-de-hollande-en-sus-planes-de-reformar-la-ue\/\" \/>\n\t<meta name=\"generator\" content=\"All in One SEO Pro (AIOSEO) 5.0.1\" \/>\n\t\t<meta property=\"og:locale\" content=\"es_ES\" \/>\n\t\t<meta property=\"og:site_name\" content=\"El Digital de Asturias\" \/>\n\t\t<meta property=\"og:type\" content=\"article\" \/>\n\t\t<meta property=\"og:title\" content=\"Cameron se topa con la oposici\u00f3n de Hollande en sus planes de reformar la UE - El Digital de Asturias\" \/>\n\t\t<meta property=\"og:description\" content=\"Londres, 31 ene (EFE).- El primer ministro brit\u00e1nico, David Cameron, se top\u00f3 hoy con la oposici\u00f3n del presidente de Francia, Fran\u00e7ois Hollande, en sus planes de reforma de la Uni\u00f3n Europea (UE), pues Par\u00eds no considera prioritaria la modificaci\u00f3n de tratados. Aunque no sorprendi\u00f3, la falta de apoyo de Hollande evidenci\u00f3 ante el p\u00fablico brit\u00e1nico\" \/>\n\t\t<meta property=\"og:url\" content=\"https:\/\/www.eldigitaldeasturias.com\/noticias\/cameron-se-topa-con-la-oposicion-de-hollande-en-sus-planes-de-reformar-la-ue\/\" \/>\n\t\t<meta property=\"og:image\" content=\"https:\/\/www.eldigitaldeasturias.com\/noticias\/wp-content\/uploads\/2026\/06\/Contenidos.jpg\" \/>\n\t\t<meta property=\"og:image:secure_url\" content=\"https:\/\/www.eldigitaldeasturias.com\/noticias\/wp-content\/uploads\/2026\/06\/Contenidos.jpg\" \/>\n\t\t<meta property=\"og:image:width\" content=\"1265\" \/>\n\t\t<meta property=\"og:image:height\" content=\"697\" \/>\n\t\t<meta property=\"article:tag\" content=\"actualidad\" \/>\n\t\t<meta property=\"article:published_time\" content=\"2014-01-31T21:25:36+00:00\" \/>\n\t\t<meta property=\"article:modified_time\" content=\"2014-01-31T21:25:36+00:00\" \/>\n\t\t<meta property=\"article:publisher\" content=\"https:\/\/facebook.com\/eldigitaldeasturias\" \/>\n\t\t<meta name=\"twitter:card\" content=\"summary_large_image\" \/>\n\t\t<meta name=\"twitter:title\" content=\"Cameron se topa con la oposici\u00f3n de Hollande en sus planes de reformar la UE - El Digital de Asturias\" \/>\n\t\t<meta name=\"twitter:description\" content=\"Londres, 31 ene (EFE).- El primer ministro brit\u00e1nico, David Cameron, se top\u00f3 hoy con la oposici\u00f3n del presidente de Francia, Fran\u00e7ois Hollande, en sus planes de reforma de la Uni\u00f3n Europea (UE), pues Par\u00eds no considera prioritaria la modificaci\u00f3n de tratados. Aunque no sorprendi\u00f3, la falta de apoyo de Hollande evidenci\u00f3 ante el p\u00fablico brit\u00e1nico\" \/>\n\t\t<meta name=\"twitter:image\" content=\"https:\/\/www.eldigitaldeasturias.com\/noticias\/wp-content\/uploads\/2026\/06\/Contenidos.jpg\" \/>\n\t\t<meta name=\"twitter:label1\" content=\"Escrito por\" \/>\n\t\t<meta name=\"twitter:data1\" content=\"El Digital de Asturias\" \/>\n\t\t<meta name=\"twitter:label2\" content=\"Tiempo de lectura estimado\" \/>\n\t\t<meta name=\"twitter:data2\" content=\"3 minutos\" \/>\n\t\t<script type=\"application\/ld+json\" class=\"aioseo-schema\">\n\t\t\t{\"@context\":\"https:\\\/\\\/schema.org\",\"@graph\":[{\"@type\":\"BlogPosting\",\"@id\":\"https:\\\/\\\/www.eldigitaldeasturias.com\\\/noticias\\\/cameron-se-topa-con-la-oposicion-de-hollande-en-sus-planes-de-reformar-la-ue\\\/#blogposting\",\"name\":\"Cameron se topa con la oposici\\u00f3n de Hollande en sus planes de reformar la UE - El Digital de Asturias\",\"headline\":\"Cameron se topa con la oposici\\u00f3n de Hollande en sus planes de reformar la UE\",\"author\":{\"@id\":\"https:\\\/\\\/www.eldigitaldeasturias.com\\\/noticias\\\/author\\\/admin\\\/#author\"},\"publisher\":{\"@id\":\"https:\\\/\\\/www.eldigitaldeasturias.com\\\/noticias\\\/#organization\"},\"image\":{\"@type\":\"ImageObject\",\"url\":\"https:\\\/\\\/www.eldigitaldeasturias.com\\\/noticias\\\/wp-content\\\/uploads\\\/2026\\\/06\\\/Contenidos.jpg\",\"width\":1265,\"height\":697,\"caption\":\"Contenidos\"},\"datePublished\":\"2014-01-31T20:25:36+01:00\",\"dateModified\":\"2014-01-31T20:25:36+01:00\",\"inLanguage\":\"es-ES\",\"mainEntityOfPage\":{\"@id\":\"https:\\\/\\\/www.eldigitaldeasturias.com\\\/noticias\\\/cameron-se-topa-con-la-oposicion-de-hollande-en-sus-planes-de-reformar-la-ue\\\/#webpage\"},\"isPartOf\":{\"@id\":\"https:\\\/\\\/www.eldigitaldeasturias.com\\\/noticias\\\/cameron-se-topa-con-la-oposicion-de-hollande-en-sus-planes-de-reformar-la-ue\\\/#webpage\"},\"articleSection\":\"Actualidad\"},{\"@type\":\"BreadcrumbList\",\"@id\":\"https:\\\/\\\/www.eldigitaldeasturias.com\\\/noticias\\\/cameron-se-topa-con-la-oposicion-de-hollande-en-sus-planes-de-reformar-la-ue\\\/#breadcrumblist\",\"itemListElement\":[{\"@type\":\"ListItem\",\"@id\":\"https:\\\/\\\/www.eldigitaldeasturias.com\\\/noticias#listItem\",\"position\":1,\"name\":\"Home\",\"item\":\"https:\\\/\\\/www.eldigitaldeasturias.com\\\/noticias\",\"nextItem\":{\"@type\":\"ListItem\",\"@id\":\"https:\\\/\\\/www.eldigitaldeasturias.com\\\/noticias\\\/category\\\/actualidad\\\/#listItem\",\"name\":\"Actualidad\"}},{\"@type\":\"ListItem\",\"@id\":\"https:\\\/\\\/www.eldigitaldeasturias.com\\\/noticias\\\/category\\\/actualidad\\\/#listItem\",\"position\":2,\"name\":\"Actualidad\",\"item\":\"https:\\\/\\\/www.eldigitaldeasturias.com\\\/noticias\\\/category\\\/actualidad\\\/\",\"nextItem\":{\"@type\":\"ListItem\",\"@id\":\"https:\\\/\\\/www.eldigitaldeasturias.com\\\/noticias\\\/cameron-se-topa-con-la-oposicion-de-hollande-en-sus-planes-de-reformar-la-ue\\\/#listItem\",\"name\":\"Cameron se topa con la oposici\\u00f3n de Hollande en sus planes de reformar la UE\"},\"previousItem\":{\"@type\":\"ListItem\",\"@id\":\"https:\\\/\\\/www.eldigitaldeasturias.com\\\/noticias#listItem\",\"name\":\"Home\"}},{\"@type\":\"ListItem\",\"@id\":\"https:\\\/\\\/www.eldigitaldeasturias.com\\\/noticias\\\/cameron-se-topa-con-la-oposicion-de-hollande-en-sus-planes-de-reformar-la-ue\\\/#listItem\",\"position\":3,\"name\":\"Cameron se topa con la oposici\\u00f3n de Hollande en sus planes de reformar la UE\",\"previousItem\":{\"@type\":\"ListItem\",\"@id\":\"https:\\\/\\\/www.eldigitaldeasturias.com\\\/noticias\\\/category\\\/actualidad\\\/#listItem\",\"name\":\"Actualidad\"}}]},{\"@type\":\"Organization\",\"@id\":\"https:\\\/\\\/www.eldigitaldeasturias.com\\\/noticias\\\/#organization\",\"name\":\"El Digital de Asturias\",\"description\":\"Hemeroteca\",\"url\":\"https:\\\/\\\/www.eldigitaldeasturias.com\\\/noticias\\\/\",\"email\":\"info@eldigitaldeasturias.com\",\"telephone\":\"+34652131393\",\"logo\":{\"@type\":\"ImageObject\",\"url\":\"https:\\\/\\\/www.eldigitaldeasturias.com\\\/noticias\\\/wp-content\\\/uploads\\\/2020\\\/12\\\/EDA.jpg\",\"@id\":\"https:\\\/\\\/www.eldigitaldeasturias.com\\\/noticias\\\/cameron-se-topa-con-la-oposicion-de-hollande-en-sus-planes-de-reformar-la-ue\\\/#organizationLogo\"},\"image\":{\"@id\":\"https:\\\/\\\/www.eldigitaldeasturias.com\\\/noticias\\\/cameron-se-topa-con-la-oposicion-de-hollande-en-sus-planes-de-reformar-la-ue\\\/#organizationLogo\"},\"sameAs\":[\"https:\\\/\\\/facebook.com\\\/eldigitaldeasturias\",\"https:\\\/\\\/www.youtube.com\\\/channel\\\/UCZP-2wLEB9Rv6erhFmqVnvg\"],\"address\":{\"@id\":\"https:\\\/\\\/www.eldigitaldeasturias.com\\\/noticias\\\/#postaladdress\",\"@type\":\"PostalAddress\",\"streetAddress\":\"san antonio 4\",\"postalCode\":\"33430\",\"addressLocality\":\"Cand\\u00e1s\",\"addressRegion\":\"Asturias\",\"addressCountry\":\"ES\"}},{\"@type\":\"Person\",\"@id\":\"https:\\\/\\\/www.eldigitaldeasturias.com\\\/noticias\\\/author\\\/admin\\\/#author\",\"url\":\"https:\\\/\\\/www.eldigitaldeasturias.com\\\/noticias\\\/author\\\/admin\\\/\",\"name\":\"El Digital de Asturias\",\"image\":{\"@type\":\"ImageObject\",\"@id\":\"https:\\\/\\\/www.eldigitaldeasturias.com\\\/noticias\\\/cameron-se-topa-con-la-oposicion-de-hollande-en-sus-planes-de-reformar-la-ue\\\/#authorImage\",\"url\":\"https:\\\/\\\/secure.gravatar.com\\\/avatar\\\/df2aeffc32bcd13f8d26072ef8a91b623d677766deac7f97ca815868cd41bf5e?s=96&d=mm&r=g\",\"width\":96,\"height\":96,\"caption\":\"El Digital de Asturias\"}},{\"@type\":\"WebPage\",\"@id\":\"https:\\\/\\\/www.eldigitaldeasturias.com\\\/noticias\\\/cameron-se-topa-con-la-oposicion-de-hollande-en-sus-planes-de-reformar-la-ue\\\/#webpage\",\"url\":\"https:\\\/\\\/www.eldigitaldeasturias.com\\\/noticias\\\/cameron-se-topa-con-la-oposicion-de-hollande-en-sus-planes-de-reformar-la-ue\\\/\",\"name\":\"Cameron se topa con la oposici\\u00f3n de Hollande en sus planes de reformar la UE - El Digital de Asturias\",\"description\":\"Londres, 31 ene (EFE).- El primer ministro brit\\u00e1nico, David Cameron, se top\\u00f3 hoy con la oposici\\u00f3n del presidente de Francia, Fran\\u00e7ois Hollande, en sus planes de reforma de la Uni\\u00f3n Europea (UE), pues Par\\u00eds no considera prioritaria la modificaci\\u00f3n de tratados. Aunque no sorprendi\\u00f3, la falta de apoyo de Hollande evidenci\\u00f3 ante el p\\u00fablico brit\\u00e1nico\",\"inLanguage\":\"es-ES\",\"isPartOf\":{\"@id\":\"https:\\\/\\\/www.eldigitaldeasturias.com\\\/noticias\\\/#website\"},\"breadcrumb\":{\"@id\":\"https:\\\/\\\/www.eldigitaldeasturias.com\\\/noticias\\\/cameron-se-topa-con-la-oposicion-de-hollande-en-sus-planes-de-reformar-la-ue\\\/#breadcrumblist\"},\"author\":{\"@id\":\"https:\\\/\\\/www.eldigitaldeasturias.com\\\/noticias\\\/author\\\/admin\\\/#author\"},\"creator\":{\"@id\":\"https:\\\/\\\/www.eldigitaldeasturias.com\\\/noticias\\\/author\\\/admin\\\/#author\"},\"image\":{\"@type\":\"ImageObject\",\"url\":\"https:\\\/\\\/www.eldigitaldeasturias.com\\\/noticias\\\/wp-content\\\/uploads\\\/2026\\\/06\\\/Contenidos.jpg\",\"@id\":\"https:\\\/\\\/www.eldigitaldeasturias.com\\\/noticias\\\/cameron-se-topa-con-la-oposicion-de-hollande-en-sus-planes-de-reformar-la-ue\\\/#mainImage\",\"width\":1265,\"height\":697,\"caption\":\"Contenidos\"},\"primaryImageOfPage\":{\"@id\":\"https:\\\/\\\/www.eldigitaldeasturias.com\\\/noticias\\\/cameron-se-topa-con-la-oposicion-de-hollande-en-sus-planes-de-reformar-la-ue\\\/#mainImage\"},\"datePublished\":\"2014-01-31T20:25:36+01:00\",\"dateModified\":\"2014-01-31T20:25:36+01:00\"},{\"@type\":\"WebSite\",\"@id\":\"https:\\\/\\\/www.eldigitaldeasturias.com\\\/noticias\\\/#website\",\"url\":\"https:\\\/\\\/www.eldigitaldeasturias.com\\\/noticias\\\/\",\"name\":\"El Digital de Asturias - Diario de actualidad y noticias\",\"alternateName\":\"El Digital de Asturias - Diario de actualidad y noticias\",\"description\":\"Hemeroteca\",\"inLanguage\":\"es-ES\",\"publisher\":{\"@id\":\"https:\\\/\\\/www.eldigitaldeasturias.com\\\/noticias\\\/#organization\"}}]}\n\t\t<\/script>\n\t\t<!-- All in One SEO Pro -->\r\n\t\t<title>Cameron se topa con la oposici\u00f3n de Hollande en sus planes de reformar la UE - El Digital de Asturias<\/title>\n\n","aioseo_head_json":{"title":"Cameron se topa con la oposici\u00f3n de Hollande en sus planes de reformar la UE - El Digital de Asturias","description":"Londres, 31 ene (EFE).- El primer ministro brit\u00e1nico, David Cameron, se top\u00f3 hoy con la oposici\u00f3n del presidente de Francia, Fran\u00e7ois Hollande, en sus planes de reforma de la Uni\u00f3n Europea (UE), pues Par\u00eds no considera prioritaria la modificaci\u00f3n de tratados. Aunque no sorprendi\u00f3, la falta de apoyo de Hollande evidenci\u00f3 ante el p\u00fablico brit\u00e1nico","canonical_url":"https:\/\/www.eldigitaldeasturias.com\/noticias\/cameron-se-topa-con-la-oposicion-de-hollande-en-sus-planes-de-reformar-la-ue\/","robots":"max-image-preview:large","keywords":"actualidad","webmasterTools":{"google-site-verification":"UA-38556648-1","msvalidate.01":"7dfe9f3f1b24437ab69f4f2559babe99","miscellaneous":""},"schema":{"@context":"https:\/\/schema.org","@graph":[{"@type":"BlogPosting","@id":"https:\/\/www.eldigitaldeasturias.com\/noticias\/cameron-se-topa-con-la-oposicion-de-hollande-en-sus-planes-de-reformar-la-ue\/#blogposting","name":"Cameron se topa con la oposici\u00f3n de Hollande en sus planes de reformar la UE - El Digital de Asturias","headline":"Cameron se topa con la oposici\u00f3n de Hollande en sus planes de reformar la UE","author":{"@id":"https:\/\/www.eldigitaldeasturias.com\/noticias\/author\/admin\/#author"},"publisher":{"@id":"https:\/\/www.eldigitaldeasturias.com\/noticias\/#organization"},"image":{"@type":"ImageObject","url":"https:\/\/www.eldigitaldeasturias.com\/noticias\/wp-content\/uploads\/2026\/06\/Contenidos.jpg","width":1265,"height":697,"caption":"Contenidos"},"datePublished":"2014-01-31T20:25:36+01:00","dateModified":"2014-01-31T20:25:36+01:00","inLanguage":"es-ES","mainEntityOfPage":{"@id":"https:\/\/www.eldigitaldeasturias.com\/noticias\/cameron-se-topa-con-la-oposicion-de-hollande-en-sus-planes-de-reformar-la-ue\/#webpage"},"isPartOf":{"@id":"https:\/\/www.eldigitaldeasturias.com\/noticias\/cameron-se-topa-con-la-oposicion-de-hollande-en-sus-planes-de-reformar-la-ue\/#webpage"},"articleSection":"Actualidad"},{"@type":"BreadcrumbList","@id":"https:\/\/www.eldigitaldeasturias.com\/noticias\/cameron-se-topa-con-la-oposicion-de-hollande-en-sus-planes-de-reformar-la-ue\/#breadcrumblist","itemListElement":[{"@type":"ListItem","@id":"https:\/\/www.eldigitaldeasturias.com\/noticias#listItem","position":1,"name":"Home","item":"https:\/\/www.eldigitaldeasturias.com\/noticias","nextItem":{"@type":"ListItem","@id":"https:\/\/www.eldigitaldeasturias.com\/noticias\/category\/actualidad\/#listItem","name":"Actualidad"}},{"@type":"ListItem","@id":"https:\/\/www.eldigitaldeasturias.com\/noticias\/category\/actualidad\/#listItem","position":2,"name":"Actualidad","item":"https:\/\/www.eldigitaldeasturias.com\/noticias\/category\/actualidad\/","nextItem":{"@type":"ListItem","@id":"https:\/\/www.eldigitaldeasturias.com\/noticias\/cameron-se-topa-con-la-oposicion-de-hollande-en-sus-planes-de-reformar-la-ue\/#listItem","name":"Cameron se topa con la oposici\u00f3n de Hollande en sus planes de reformar la UE"},"previousItem":{"@type":"ListItem","@id":"https:\/\/www.eldigitaldeasturias.com\/noticias#listItem","name":"Home"}},{"@type":"ListItem","@id":"https:\/\/www.eldigitaldeasturias.com\/noticias\/cameron-se-topa-con-la-oposicion-de-hollande-en-sus-planes-de-reformar-la-ue\/#listItem","position":3,"name":"Cameron se topa con la oposici\u00f3n de Hollande en sus planes de reformar la UE","previousItem":{"@type":"ListItem","@id":"https:\/\/www.eldigitaldeasturias.com\/noticias\/category\/actualidad\/#listItem","name":"Actualidad"}}]},{"@type":"Organization","@id":"https:\/\/www.eldigitaldeasturias.com\/noticias\/#organization","name":"El Digital de Asturias","description":"Hemeroteca","url":"https:\/\/www.eldigitaldeasturias.com\/noticias\/","email":"info@eldigitaldeasturias.com","telephone":"+34652131393","logo":{"@type":"ImageObject","url":"https:\/\/www.eldigitaldeasturias.com\/noticias\/wp-content\/uploads\/2020\/12\/EDA.jpg","@id":"https:\/\/www.eldigitaldeasturias.com\/noticias\/cameron-se-topa-con-la-oposicion-de-hollande-en-sus-planes-de-reformar-la-ue\/#organizationLogo"},"image":{"@id":"https:\/\/www.eldigitaldeasturias.com\/noticias\/cameron-se-topa-con-la-oposicion-de-hollande-en-sus-planes-de-reformar-la-ue\/#organizationLogo"},"sameAs":["https:\/\/facebook.com\/eldigitaldeasturias","https:\/\/www.youtube.com\/channel\/UCZP-2wLEB9Rv6erhFmqVnvg"],"address":{"@id":"https:\/\/www.eldigitaldeasturias.com\/noticias\/#postaladdress","@type":"PostalAddress","streetAddress":"san antonio 4","postalCode":"33430","addressLocality":"Cand\u00e1s","addressRegion":"Asturias","addressCountry":"ES"}},{"@type":"Person","@id":"https:\/\/www.eldigitaldeasturias.com\/noticias\/author\/admin\/#author","url":"https:\/\/www.eldigitaldeasturias.com\/noticias\/author\/admin\/","name":"El Digital de Asturias","image":{"@type":"ImageObject","@id":"https:\/\/www.eldigitaldeasturias.com\/noticias\/cameron-se-topa-con-la-oposicion-de-hollande-en-sus-planes-de-reformar-la-ue\/#authorImage","url":"https:\/\/secure.gravatar.com\/avatar\/df2aeffc32bcd13f8d26072ef8a91b623d677766deac7f97ca815868cd41bf5e?s=96&d=mm&r=g","width":96,"height":96,"caption":"El Digital de Asturias"}},{"@type":"WebPage","@id":"https:\/\/www.eldigitaldeasturias.com\/noticias\/cameron-se-topa-con-la-oposicion-de-hollande-en-sus-planes-de-reformar-la-ue\/#webpage","url":"https:\/\/www.eldigitaldeasturias.com\/noticias\/cameron-se-topa-con-la-oposicion-de-hollande-en-sus-planes-de-reformar-la-ue\/","name":"Cameron se topa con la oposici\u00f3n de Hollande en sus planes de reformar la UE - El Digital de Asturias","description":"Londres, 31 ene (EFE).- El primer ministro brit\u00e1nico, David Cameron, se top\u00f3 hoy con la oposici\u00f3n del presidente de Francia, Fran\u00e7ois Hollande, en sus planes de reforma de la Uni\u00f3n Europea (UE), pues Par\u00eds no considera prioritaria la modificaci\u00f3n de tratados. Aunque no sorprendi\u00f3, la falta de apoyo de Hollande evidenci\u00f3 ante el p\u00fablico brit\u00e1nico","inLanguage":"es-ES","isPartOf":{"@id":"https:\/\/www.eldigitaldeasturias.com\/noticias\/#website"},"breadcrumb":{"@id":"https:\/\/www.eldigitaldeasturias.com\/noticias\/cameron-se-topa-con-la-oposicion-de-hollande-en-sus-planes-de-reformar-la-ue\/#breadcrumblist"},"author":{"@id":"https:\/\/www.eldigitaldeasturias.com\/noticias\/author\/admin\/#author"},"creator":{"@id":"https:\/\/www.eldigitaldeasturias.com\/noticias\/author\/admin\/#author"},"image":{"@type":"ImageObject","url":"https:\/\/www.eldigitaldeasturias.com\/noticias\/wp-content\/uploads\/2026\/06\/Contenidos.jpg","@id":"https:\/\/www.eldigitaldeasturias.com\/noticias\/cameron-se-topa-con-la-oposicion-de-hollande-en-sus-planes-de-reformar-la-ue\/#mainImage","width":1265,"height":697,"caption":"Contenidos"},"primaryImageOfPage":{"@id":"https:\/\/www.eldigitaldeasturias.com\/noticias\/cameron-se-topa-con-la-oposicion-de-hollande-en-sus-planes-de-reformar-la-ue\/#mainImage"},"datePublished":"2014-01-31T20:25:36+01:00","dateModified":"2014-01-31T20:25:36+01:00"},{"@type":"WebSite","@id":"https:\/\/www.eldigitaldeasturias.com\/noticias\/#website","url":"https:\/\/www.eldigitaldeasturias.com\/noticias\/","name":"El Digital de Asturias - Diario de actualidad y noticias","alternateName":"El Digital de Asturias - Diario de actualidad y noticias","description":"Hemeroteca","inLanguage":"es-ES","publisher":{"@id":"https:\/\/www.eldigitaldeasturias.com\/noticias\/#organization"}}]},"og:locale":"es_ES","og:site_name":"El Digital de Asturias","og:type":"article","og:title":"Cameron se topa con la oposici\u00f3n de Hollande en sus planes de reformar la UE - El Digital de Asturias","og:description":"Londres, 31 ene (EFE).- El primer ministro brit\u00e1nico, David Cameron, se top\u00f3 hoy con la oposici\u00f3n del presidente de Francia, Fran\u00e7ois Hollande, en sus planes de reforma de la Uni\u00f3n Europea (UE), pues Par\u00eds no considera prioritaria la modificaci\u00f3n de tratados. Aunque no sorprendi\u00f3, la falta de apoyo de Hollande evidenci\u00f3 ante el p\u00fablico brit\u00e1nico","og:url":"https:\/\/www.eldigitaldeasturias.com\/noticias\/cameron-se-topa-con-la-oposicion-de-hollande-en-sus-planes-de-reformar-la-ue\/","og:image":"https:\/\/www.eldigitaldeasturias.com\/noticias\/wp-content\/uploads\/2026\/06\/Contenidos.jpg","og:image:secure_url":"https:\/\/www.eldigitaldeasturias.com\/noticias\/wp-content\/uploads\/2026\/06\/Contenidos.jpg","og:image:width":1265,"og:image:height":697,"article:tag":["actualidad"],"article:published_time":"2014-01-31T21:25:36+00:00","article:modified_time":"2014-01-31T21:25:36+00:00","article:publisher":"https:\/\/facebook.com\/eldigitaldeasturias","twitter:card":"summary_large_image","twitter:title":"Cameron se topa con la oposici\u00f3n de Hollande en sus planes de reformar la UE - El Digital de Asturias","twitter:description":"Londres, 31 ene (EFE).- El primer ministro brit\u00e1nico, David Cameron, se top\u00f3 hoy con la oposici\u00f3n del presidente de Francia, Fran\u00e7ois Hollande, en sus planes de reforma de la Uni\u00f3n Europea (UE), pues Par\u00eds no considera prioritaria la modificaci\u00f3n de tratados. Aunque no sorprendi\u00f3, la falta de apoyo de Hollande evidenci\u00f3 ante el p\u00fablico brit\u00e1nico","twitter:image":"https:\/\/www.eldigitaldeasturias.com\/noticias\/wp-content\/uploads\/2026\/06\/Contenidos.jpg","twitter:label1":"Escrito por","twitter:data1":"El Digital de Asturias","twitter:label2":"Tiempo de lectura estimado","twitter:data2":"3 minutos"},"aioseo_meta_data":{"post_id":"481280","title":null,"description":null,"keywords":null,"keyphrases":null,"primary_term":null,"canonical_url":null,"og_title":null,"og_description":null,"og_object_type":"default","og_image_type":"default","og_image_url":null,"og_image_width":null,"og_image_height":null,"og_image_custom_url":null,"og_image_custom_fields":null,"og_video":null,"og_custom_url":null,"og_article_section":null,"og_article_tags":null,"twitter_use_og":true,"twitter_card":"default","twitter_image_type":"default","twitter_image_url":null,"twitter_image_custom_url":null,"twitter_image_custom_fields":null,"twitter_title":null,"twitter_description":null,"schema":{"blockGraphs":[],"customGraphs":[],"default":{"data":{"Article":[],"Course":[],"Dataset":[],"FAQPage":[],"Movie":[],"Person":[],"Product":[],"ProductReview":[],"Car":[],"Recipe":[],"Service":[],"SoftwareApplication":[],"WebPage":[]},"graphName":"","isEnabled":true},"graphs":[],"defaultGraph":"","defaultPostTypeGraph":""},"schema_type":null,"schema_type_options":null,"pillar_content":false,"robots_default":true,"robots_noindex":false,"robots_noarchive":false,"robots_nosnippet":false,"robots_nofollow":false,"robots_noimageindex":false,"robots_noodp":false,"robots_notranslate":false,"robots_max_snippet":null,"robots_max_videopreview":null,"robots_max_imagepreview":"none","priority":null,"frequency":null,"local_seo":null,"seo_analyzer_scan_date":"2026-06-02 06:16:49","breadcrumb_settings":null,"limit_modified_date":false,"open_ai":null,"ai":null,"created":"2020-11-14 22:54:18","updated":"2026-06-02 06:16:49","focus_keyword":null,"additional_keywords":null,"truseo_locale":null},"aioseo_breadcrumb":"<div class=\"aioseo-breadcrumbs\"><span class=\"aioseo-breadcrumb\">\n\t<a href=\"https:\/\/www.eldigitaldeasturias.com\/noticias\" title=\"Home\">Home<\/a>\n<\/span><span class=\"aioseo-breadcrumb-separator\">\u2013<\/span><span class=\"aioseo-breadcrumb\">\n\t<a href=\"https:\/\/www.eldigitaldeasturias.com\/noticias\/category\/actualidad\/\" title=\"Actualidad\">Actualidad<\/a>\n<\/span><span class=\"aioseo-breadcrumb-separator\">\u2013<\/span><span class=\"aioseo-breadcrumb\">\n\t<a href=\"https:\/\/www.eldigitaldeasturias.com\/noticias\/cameron-se-topa-con-la-oposicion-de-hollande-en-sus-planes-de-reformar-la-ue\/\" title=\"Cameron se topa con la oposici\u00f3n de Hollande en sus planes de reformar la UE\">Cameron se topa con la oposici\u00f3n de Hollande en sus planes de reformar la UE<\/a>\n<\/span><\/div>","aioseo_breadcrumb_json":[{"label":"Home","link":"https:\/\/www.eldigitaldeasturias.com\/noticias"},{"label":"Actualidad","link":"https:\/\/www.eldigitaldeasturias.com\/noticias\/category\/actualidad\/"},{"label":"Cameron se topa con la oposici\u00f3n de Hollande en sus planes de reformar la UE","link":"https:\/\/www.eldigitaldeasturias.com\/noticias\/cameron-se-topa-con-la-oposicion-de-hollande-en-sus-planes-de-reformar-la-ue\/"}],"_links":{"self":[{"href":"https:\/\/www.eldigitaldeasturias.com\/noticias\/wp-json\/wp\/v2\/posts\/481280","targetHints":{"allow":["GET"]}}],"collection":[{"href":"https:\/\/www.eldigitaldeasturias.com\/noticias\/wp-json\/wp\/v2\/posts"}],"about":[{"href":"https:\/\/www.eldigitaldeasturias.com\/noticias\/wp-json\/wp\/v2\/types\/post"}],"author":[{"embeddable":true,"href":"https:\/\/www.eldigitaldeasturias.com\/noticias\/wp-json\/wp\/v2\/users\/1"}],"replies":[{"embeddable":true,"href":"https:\/\/www.eldigitaldeasturias.com\/noticias\/wp-json\/wp\/v2\/comments?post=481280"}],"version-history":[{"count":0,"href":"https:\/\/www.eldigitaldeasturias.com\/noticias\/wp-json\/wp\/v2\/posts\/481280\/revisions"}],"wp:featuredmedia":[{"embeddable":true,"href":"https:\/\/www.eldigitaldeasturias.com\/noticias\/wp-json\/wp\/v2\/media\/1132184"}],"wp:attachment":[{"href":"https:\/\/www.eldigitaldeasturias.com\/noticias\/wp-json\/wp\/v2\/media?parent=481280"}],"wp:term":[{"taxonomy":"category","embeddable":true,"href":"https:\/\/www.eldigitaldeasturias.com\/noticias\/wp-json\/wp\/v2\/categories?post=481280"},{"taxonomy":"post_tag","embeddable":true,"href":"https:\/\/www.eldigitaldeasturias.com\/noticias\/wp-json\/wp\/v2\/tags?post=481280"}],"curies":[{"name":"wp","href":"https:\/\/api.w.org\/{rel}","templated":true}]}}