{"id":481270,"date":"2014-01-31T18:48:45","date_gmt":"2014-01-31T19:48:45","guid":{"rendered":"http:\/\/www.eldigitaldeasturias.com\/noticias\/?p=481270"},"modified":"2014-01-31T18:48:45","modified_gmt":"2014-01-31T19:48:45","slug":"iu-afirma-que-los-nombres-de-las-latas-de-coca-cola-son-de-trabajadores-despedidos","status":"publish","type":"post","link":"https:\/\/www.eldigitaldeasturias.com\/noticias\/iu-afirma-que-los-nombres-de-las-latas-de-coca-cola-son-de-trabajadores-despedidos\/","title":{"rendered":"IU afirma que los nombres de las latas de Coca-Cola son de trabajadores despedidos"},"content":{"rendered":"<p><img loading=\"lazy\" decoding=\"async\" class=\"alignleft size-medium wp-image-481271\" alt=\"5896458w\" src=\"https:\/\/www.eldigitaldeasturias.com\/noticias\/wp-content\/uploads\/2014\/01\/5896458w-360x242.jpg\" width=\"360\" height=\"242\" \/>Valencia, 31 ene (EFE).- El coordinador general de Izquierda Unida (IU), Cayo Lara, ha censurado hoy el ERE presentado por Coca-Cola Iberian Partners y ha ironizado con que cada lata de refresco de esta marca de su campa\u00f1a de nombres propios se corresponde con la de un trabajador que ahora va a ser despedido.<\/p>\n<p>Para Cayo Lara, al ver cada bote de Coca-Cola en el que \u00abpusiera Pepe, Juan o Mar\u00eda, nos encontrar\u00edamos con que es gente que est\u00e1n echando a la calle en una empresa que tiene beneficios\u00bb.<\/p>\n<p>El coordinador general de IU ha hecho estas declaraciones en una rueda de prensa celebrada esta ma\u00f1ana en Valencia, dentro de su estancia de dos d\u00edas en la provincia que esta tarde le llevar\u00e1, precisamente, a la planta de esa empresa en Quart de Poblet para reunirse con los trabajadores, 87 de los cuales est\u00e1n afectados por el ERE anunciado la semana pasada por la compa\u00f1\u00eda.<\/p>\n<p>Izquierda Unida ha presentado ya ante el Parlamento, seg\u00fan ha dicho, una iniciativa legislativa que tipifique como delito el despido de trabajadores de empresas que tienen beneficios.<\/p>\n<p>\u00abEs una serie de reformas que planteamos a la reforma laboral del gobierno\u00bb, ha explicado Lara, quien ha sostenido que \u00abal final, conducen a un camino \u00faltimo: que impidan que una empresa con beneficios despida a trabajadores\u00bb.<\/p>\n<p>Lo que acontece con Coca-Cola, ha precisado, se ha repetido con varias empresas que han anunciado sus ERE \u00abaprovechando los tres trimestres de p\u00e9rdida de ventas, aunque tengan beneficios\u00bb para \u00abechar a los trabajadores con 20 d\u00edas de despido y de manera f\u00e1cil\u00bb.<\/p>\n<p>Asimismo, Lara ha reivindicado que el d\u00eda que el Parlamento re\u00fana una \u00abcorrelaci\u00f3n de fuerzas distintas\u00bb, acabar\u00e1n con la reforma laboral del PP y tambi\u00e9n la del PSOE, ya que \u00abson reformas que van contra los trabajadores y contra el sentido com\u00fan\u00bb. Son necesarias unas relaciones laborales \u00abm\u00e1s justas\u00bb, ha concluido.<\/p>\n","protected":false},"excerpt":{"rendered":"<p>Valencia, 31 ene (EFE).- El coordinador general de Izquierda Unida (IU), Cayo Lara, ha censurado hoy el ERE presentado por Coca-Cola Iberian Partners y ha ironizado con que cada lata de refresco de esta marca de su campa\u00f1a de nombres propios se corresponde con la de un trabajador que ahora va a ser despedido. Para [&hellip;]<\/p>\n","protected":false},"author":1,"featured_media":1132184,"comment_status":"closed","ping_status":"open","sticky":false,"template":"","format":"standard","meta":{"footnotes":""},"categories":[1],"tags":[],"class_list":["post-481270","post","type-post","status-publish","format-standard","has-post-thumbnail","hentry","category-actualidad"],"aioseo_notices":[],"aioseo_head":"\n\t\t<!-- All in One SEO Pro 5.0.1 - aioseo.com -->\n\t<meta name=\"description\" content=\"Valencia, 31 ene (EFE).- El coordinador general de Izquierda Unida (IU), Cayo Lara, ha censurado hoy el ERE presentado por Coca-Cola Iberian Partners y ha ironizado con que cada lata de refresco de esta marca de su campa\u00f1a de nombres propios se corresponde con la de un trabajador que ahora va a ser despedido. Para\" \/>\n\t<meta name=\"robots\" content=\"max-image-preview:large\" \/>\n\t<meta name=\"author\" content=\"El Digital de Asturias\"\/>\n\t<meta name=\"google-site-verification\" content=\"UA-38556648-1\" \/>\n\t<meta name=\"msvalidate.01\" content=\"7dfe9f3f1b24437ab69f4f2559babe99\" \/>\n\t<meta name=\"keywords\" content=\"actualidad\" \/>\n\t<link rel=\"canonical\" href=\"https:\/\/www.eldigitaldeasturias.com\/noticias\/iu-afirma-que-los-nombres-de-las-latas-de-coca-cola-son-de-trabajadores-despedidos\/\" \/>\n\t<meta name=\"generator\" content=\"All in One SEO Pro (AIOSEO) 5.0.1\" \/>\n\t\t<meta property=\"og:locale\" content=\"es_ES\" \/>\n\t\t<meta property=\"og:site_name\" content=\"El Digital de Asturias\" \/>\n\t\t<meta property=\"og:type\" content=\"article\" \/>\n\t\t<meta property=\"og:title\" content=\"IU afirma que los nombres de las latas de Coca-Cola son de trabajadores despedidos - El Digital de Asturias\" \/>\n\t\t<meta property=\"og:description\" content=\"Valencia, 31 ene (EFE).- El coordinador general de Izquierda Unida (IU), Cayo Lara, ha censurado hoy el ERE presentado por Coca-Cola Iberian Partners y ha ironizado con que cada lata de refresco de esta marca de su campa\u00f1a de nombres propios se corresponde con la de un trabajador que ahora va a ser despedido. Para\" \/>\n\t\t<meta property=\"og:url\" content=\"https:\/\/www.eldigitaldeasturias.com\/noticias\/iu-afirma-que-los-nombres-de-las-latas-de-coca-cola-son-de-trabajadores-despedidos\/\" \/>\n\t\t<meta property=\"og:image\" content=\"https:\/\/www.eldigitaldeasturias.com\/noticias\/wp-content\/uploads\/2026\/06\/Contenidos.jpg\" \/>\n\t\t<meta property=\"og:image:secure_url\" content=\"https:\/\/www.eldigitaldeasturias.com\/noticias\/wp-content\/uploads\/2026\/06\/Contenidos.jpg\" \/>\n\t\t<meta property=\"og:image:width\" content=\"1265\" \/>\n\t\t<meta property=\"og:image:height\" content=\"697\" \/>\n\t\t<meta property=\"article:tag\" content=\"actualidad\" \/>\n\t\t<meta property=\"article:published_time\" content=\"2014-01-31T19:48:45+00:00\" \/>\n\t\t<meta property=\"article:modified_time\" content=\"2014-01-31T19:48:45+00:00\" \/>\n\t\t<meta property=\"article:publisher\" content=\"https:\/\/facebook.com\/eldigitaldeasturias\" \/>\n\t\t<meta name=\"twitter:card\" content=\"summary_large_image\" \/>\n\t\t<meta name=\"twitter:title\" content=\"IU afirma que los nombres de las latas de Coca-Cola son de trabajadores despedidos - El Digital de Asturias\" \/>\n\t\t<meta name=\"twitter:description\" content=\"Valencia, 31 ene (EFE).- El coordinador general de Izquierda Unida (IU), Cayo Lara, ha censurado hoy el ERE presentado por Coca-Cola Iberian Partners y ha ironizado con que cada lata de refresco de esta marca de su campa\u00f1a de nombres propios se corresponde con la de un trabajador que ahora va a ser despedido. Para\" \/>\n\t\t<meta name=\"twitter:image\" content=\"https:\/\/www.eldigitaldeasturias.com\/noticias\/wp-content\/uploads\/2026\/06\/Contenidos.jpg\" \/>\n\t\t<meta name=\"twitter:label1\" content=\"Escrito por\" \/>\n\t\t<meta name=\"twitter:data1\" content=\"El Digital de Asturias\" \/>\n\t\t<meta name=\"twitter:label2\" content=\"Tiempo de lectura estimado\" \/>\n\t\t<meta name=\"twitter:data2\" content=\"2 minutos\" \/>\n\t\t<script type=\"application\/ld+json\" class=\"aioseo-schema\">\n\t\t\t{\"@context\":\"https:\\\/\\\/schema.org\",\"@graph\":[{\"@type\":\"BlogPosting\",\"@id\":\"https:\\\/\\\/www.eldigitaldeasturias.com\\\/noticias\\\/iu-afirma-que-los-nombres-de-las-latas-de-coca-cola-son-de-trabajadores-despedidos\\\/#blogposting\",\"name\":\"IU afirma que los nombres de las latas de Coca-Cola son de trabajadores despedidos - El Digital de Asturias\",\"headline\":\"IU afirma que los nombres de las latas de Coca-Cola son de trabajadores despedidos\",\"author\":{\"@id\":\"https:\\\/\\\/www.eldigitaldeasturias.com\\\/noticias\\\/author\\\/admin\\\/#author\"},\"publisher\":{\"@id\":\"https:\\\/\\\/www.eldigitaldeasturias.com\\\/noticias\\\/#organization\"},\"image\":{\"@type\":\"ImageObject\",\"url\":\"https:\\\/\\\/www.eldigitaldeasturias.com\\\/noticias\\\/wp-content\\\/uploads\\\/2026\\\/06\\\/Contenidos.jpg\",\"width\":1265,\"height\":697,\"caption\":\"Contenidos\"},\"datePublished\":\"2014-01-31T18:48:45+01:00\",\"dateModified\":\"2014-01-31T18:48:45+01:00\",\"inLanguage\":\"es-ES\",\"mainEntityOfPage\":{\"@id\":\"https:\\\/\\\/www.eldigitaldeasturias.com\\\/noticias\\\/iu-afirma-que-los-nombres-de-las-latas-de-coca-cola-son-de-trabajadores-despedidos\\\/#webpage\"},\"isPartOf\":{\"@id\":\"https:\\\/\\\/www.eldigitaldeasturias.com\\\/noticias\\\/iu-afirma-que-los-nombres-de-las-latas-de-coca-cola-son-de-trabajadores-despedidos\\\/#webpage\"},\"articleSection\":\"Actualidad\"},{\"@type\":\"BreadcrumbList\",\"@id\":\"https:\\\/\\\/www.eldigitaldeasturias.com\\\/noticias\\\/iu-afirma-que-los-nombres-de-las-latas-de-coca-cola-son-de-trabajadores-despedidos\\\/#breadcrumblist\",\"itemListElement\":[{\"@type\":\"ListItem\",\"@id\":\"https:\\\/\\\/www.eldigitaldeasturias.com\\\/noticias#listItem\",\"position\":1,\"name\":\"Home\",\"item\":\"https:\\\/\\\/www.eldigitaldeasturias.com\\\/noticias\",\"nextItem\":{\"@type\":\"ListItem\",\"@id\":\"https:\\\/\\\/www.eldigitaldeasturias.com\\\/noticias\\\/category\\\/actualidad\\\/#listItem\",\"name\":\"Actualidad\"}},{\"@type\":\"ListItem\",\"@id\":\"https:\\\/\\\/www.eldigitaldeasturias.com\\\/noticias\\\/category\\\/actualidad\\\/#listItem\",\"position\":2,\"name\":\"Actualidad\",\"item\":\"https:\\\/\\\/www.eldigitaldeasturias.com\\\/noticias\\\/category\\\/actualidad\\\/\",\"nextItem\":{\"@type\":\"ListItem\",\"@id\":\"https:\\\/\\\/www.eldigitaldeasturias.com\\\/noticias\\\/iu-afirma-que-los-nombres-de-las-latas-de-coca-cola-son-de-trabajadores-despedidos\\\/#listItem\",\"name\":\"IU afirma que los nombres de las latas de Coca-Cola son de trabajadores despedidos\"},\"previousItem\":{\"@type\":\"ListItem\",\"@id\":\"https:\\\/\\\/www.eldigitaldeasturias.com\\\/noticias#listItem\",\"name\":\"Home\"}},{\"@type\":\"ListItem\",\"@id\":\"https:\\\/\\\/www.eldigitaldeasturias.com\\\/noticias\\\/iu-afirma-que-los-nombres-de-las-latas-de-coca-cola-son-de-trabajadores-despedidos\\\/#listItem\",\"position\":3,\"name\":\"IU afirma que los nombres de las latas de Coca-Cola son de trabajadores despedidos\",\"previousItem\":{\"@type\":\"ListItem\",\"@id\":\"https:\\\/\\\/www.eldigitaldeasturias.com\\\/noticias\\\/category\\\/actualidad\\\/#listItem\",\"name\":\"Actualidad\"}}]},{\"@type\":\"Organization\",\"@id\":\"https:\\\/\\\/www.eldigitaldeasturias.com\\\/noticias\\\/#organization\",\"name\":\"El Digital de Asturias\",\"description\":\"Hemeroteca\",\"url\":\"https:\\\/\\\/www.eldigitaldeasturias.com\\\/noticias\\\/\",\"email\":\"info@eldigitaldeasturias.com\",\"telephone\":\"+34652131393\",\"logo\":{\"@type\":\"ImageObject\",\"url\":\"https:\\\/\\\/www.eldigitaldeasturias.com\\\/noticias\\\/wp-content\\\/uploads\\\/2020\\\/12\\\/EDA.jpg\",\"@id\":\"https:\\\/\\\/www.eldigitaldeasturias.com\\\/noticias\\\/iu-afirma-que-los-nombres-de-las-latas-de-coca-cola-son-de-trabajadores-despedidos\\\/#organizationLogo\"},\"image\":{\"@id\":\"https:\\\/\\\/www.eldigitaldeasturias.com\\\/noticias\\\/iu-afirma-que-los-nombres-de-las-latas-de-coca-cola-son-de-trabajadores-despedidos\\\/#organizationLogo\"},\"sameAs\":[\"https:\\\/\\\/facebook.com\\\/eldigitaldeasturias\",\"https:\\\/\\\/www.youtube.com\\\/channel\\\/UCZP-2wLEB9Rv6erhFmqVnvg\"],\"address\":{\"@id\":\"https:\\\/\\\/www.eldigitaldeasturias.com\\\/noticias\\\/#postaladdress\",\"@type\":\"PostalAddress\",\"streetAddress\":\"san antonio 4\",\"postalCode\":\"33430\",\"addressLocality\":\"Cand\\u00e1s\",\"addressRegion\":\"Asturias\",\"addressCountry\":\"ES\"}},{\"@type\":\"Person\",\"@id\":\"https:\\\/\\\/www.eldigitaldeasturias.com\\\/noticias\\\/author\\\/admin\\\/#author\",\"url\":\"https:\\\/\\\/www.eldigitaldeasturias.com\\\/noticias\\\/author\\\/admin\\\/\",\"name\":\"El Digital de Asturias\",\"image\":{\"@type\":\"ImageObject\",\"@id\":\"https:\\\/\\\/www.eldigitaldeasturias.com\\\/noticias\\\/iu-afirma-que-los-nombres-de-las-latas-de-coca-cola-son-de-trabajadores-despedidos\\\/#authorImage\",\"url\":\"https:\\\/\\\/secure.gravatar.com\\\/avatar\\\/df2aeffc32bcd13f8d26072ef8a91b623d677766deac7f97ca815868cd41bf5e?s=96&d=mm&r=g\",\"width\":96,\"height\":96,\"caption\":\"El Digital de Asturias\"}},{\"@type\":\"WebPage\",\"@id\":\"https:\\\/\\\/www.eldigitaldeasturias.com\\\/noticias\\\/iu-afirma-que-los-nombres-de-las-latas-de-coca-cola-son-de-trabajadores-despedidos\\\/#webpage\",\"url\":\"https:\\\/\\\/www.eldigitaldeasturias.com\\\/noticias\\\/iu-afirma-que-los-nombres-de-las-latas-de-coca-cola-son-de-trabajadores-despedidos\\\/\",\"name\":\"IU afirma que los nombres de las latas de Coca-Cola son de trabajadores despedidos - El Digital de Asturias\",\"description\":\"Valencia, 31 ene (EFE).- El coordinador general de Izquierda Unida (IU), Cayo Lara, ha censurado hoy el ERE presentado por Coca-Cola Iberian Partners y ha ironizado con que cada lata de refresco de esta marca de su campa\\u00f1a de nombres propios se corresponde con la de un trabajador que ahora va a ser despedido. Para\",\"inLanguage\":\"es-ES\",\"isPartOf\":{\"@id\":\"https:\\\/\\\/www.eldigitaldeasturias.com\\\/noticias\\\/#website\"},\"breadcrumb\":{\"@id\":\"https:\\\/\\\/www.eldigitaldeasturias.com\\\/noticias\\\/iu-afirma-que-los-nombres-de-las-latas-de-coca-cola-son-de-trabajadores-despedidos\\\/#breadcrumblist\"},\"author\":{\"@id\":\"https:\\\/\\\/www.eldigitaldeasturias.com\\\/noticias\\\/author\\\/admin\\\/#author\"},\"creator\":{\"@id\":\"https:\\\/\\\/www.eldigitaldeasturias.com\\\/noticias\\\/author\\\/admin\\\/#author\"},\"image\":{\"@type\":\"ImageObject\",\"url\":\"https:\\\/\\\/www.eldigitaldeasturias.com\\\/noticias\\\/wp-content\\\/uploads\\\/2026\\\/06\\\/Contenidos.jpg\",\"@id\":\"https:\\\/\\\/www.eldigitaldeasturias.com\\\/noticias\\\/iu-afirma-que-los-nombres-de-las-latas-de-coca-cola-son-de-trabajadores-despedidos\\\/#mainImage\",\"width\":1265,\"height\":697,\"caption\":\"Contenidos\"},\"primaryImageOfPage\":{\"@id\":\"https:\\\/\\\/www.eldigitaldeasturias.com\\\/noticias\\\/iu-afirma-que-los-nombres-de-las-latas-de-coca-cola-son-de-trabajadores-despedidos\\\/#mainImage\"},\"datePublished\":\"2014-01-31T18:48:45+01:00\",\"dateModified\":\"2014-01-31T18:48:45+01:00\"},{\"@type\":\"WebSite\",\"@id\":\"https:\\\/\\\/www.eldigitaldeasturias.com\\\/noticias\\\/#website\",\"url\":\"https:\\\/\\\/www.eldigitaldeasturias.com\\\/noticias\\\/\",\"name\":\"El Digital de Asturias - Diario de actualidad y noticias\",\"alternateName\":\"El Digital de Asturias - Diario de actualidad y noticias\",\"description\":\"Hemeroteca\",\"inLanguage\":\"es-ES\",\"publisher\":{\"@id\":\"https:\\\/\\\/www.eldigitaldeasturias.com\\\/noticias\\\/#organization\"}}]}\n\t\t<\/script>\n\t\t<!-- All in One SEO Pro -->\r\n\t\t<title>IU afirma que los nombres de las latas de Coca-Cola son de trabajadores despedidos - El Digital de Asturias<\/title>\n\n","aioseo_head_json":{"title":"IU afirma que los nombres de las latas de Coca-Cola son de trabajadores despedidos - El Digital de Asturias","description":"Valencia, 31 ene (EFE).- El coordinador general de Izquierda Unida (IU), Cayo Lara, ha censurado hoy el ERE presentado por Coca-Cola Iberian Partners y ha ironizado con que cada lata de refresco de esta marca de su campa\u00f1a de nombres propios se corresponde con la de un trabajador que ahora va a ser despedido. Para","canonical_url":"https:\/\/www.eldigitaldeasturias.com\/noticias\/iu-afirma-que-los-nombres-de-las-latas-de-coca-cola-son-de-trabajadores-despedidos\/","robots":"max-image-preview:large","keywords":"actualidad","webmasterTools":{"google-site-verification":"UA-38556648-1","msvalidate.01":"7dfe9f3f1b24437ab69f4f2559babe99","miscellaneous":""},"schema":{"@context":"https:\/\/schema.org","@graph":[{"@type":"BlogPosting","@id":"https:\/\/www.eldigitaldeasturias.com\/noticias\/iu-afirma-que-los-nombres-de-las-latas-de-coca-cola-son-de-trabajadores-despedidos\/#blogposting","name":"IU afirma que los nombres de las latas de Coca-Cola son de trabajadores despedidos - El Digital de Asturias","headline":"IU afirma que los nombres de las latas de Coca-Cola son de trabajadores despedidos","author":{"@id":"https:\/\/www.eldigitaldeasturias.com\/noticias\/author\/admin\/#author"},"publisher":{"@id":"https:\/\/www.eldigitaldeasturias.com\/noticias\/#organization"},"image":{"@type":"ImageObject","url":"https:\/\/www.eldigitaldeasturias.com\/noticias\/wp-content\/uploads\/2026\/06\/Contenidos.jpg","width":1265,"height":697,"caption":"Contenidos"},"datePublished":"2014-01-31T18:48:45+01:00","dateModified":"2014-01-31T18:48:45+01:00","inLanguage":"es-ES","mainEntityOfPage":{"@id":"https:\/\/www.eldigitaldeasturias.com\/noticias\/iu-afirma-que-los-nombres-de-las-latas-de-coca-cola-son-de-trabajadores-despedidos\/#webpage"},"isPartOf":{"@id":"https:\/\/www.eldigitaldeasturias.com\/noticias\/iu-afirma-que-los-nombres-de-las-latas-de-coca-cola-son-de-trabajadores-despedidos\/#webpage"},"articleSection":"Actualidad"},{"@type":"BreadcrumbList","@id":"https:\/\/www.eldigitaldeasturias.com\/noticias\/iu-afirma-que-los-nombres-de-las-latas-de-coca-cola-son-de-trabajadores-despedidos\/#breadcrumblist","itemListElement":[{"@type":"ListItem","@id":"https:\/\/www.eldigitaldeasturias.com\/noticias#listItem","position":1,"name":"Home","item":"https:\/\/www.eldigitaldeasturias.com\/noticias","nextItem":{"@type":"ListItem","@id":"https:\/\/www.eldigitaldeasturias.com\/noticias\/category\/actualidad\/#listItem","name":"Actualidad"}},{"@type":"ListItem","@id":"https:\/\/www.eldigitaldeasturias.com\/noticias\/category\/actualidad\/#listItem","position":2,"name":"Actualidad","item":"https:\/\/www.eldigitaldeasturias.com\/noticias\/category\/actualidad\/","nextItem":{"@type":"ListItem","@id":"https:\/\/www.eldigitaldeasturias.com\/noticias\/iu-afirma-que-los-nombres-de-las-latas-de-coca-cola-son-de-trabajadores-despedidos\/#listItem","name":"IU afirma que los nombres de las latas de Coca-Cola son de trabajadores despedidos"},"previousItem":{"@type":"ListItem","@id":"https:\/\/www.eldigitaldeasturias.com\/noticias#listItem","name":"Home"}},{"@type":"ListItem","@id":"https:\/\/www.eldigitaldeasturias.com\/noticias\/iu-afirma-que-los-nombres-de-las-latas-de-coca-cola-son-de-trabajadores-despedidos\/#listItem","position":3,"name":"IU afirma que los nombres de las latas de Coca-Cola son de trabajadores despedidos","previousItem":{"@type":"ListItem","@id":"https:\/\/www.eldigitaldeasturias.com\/noticias\/category\/actualidad\/#listItem","name":"Actualidad"}}]},{"@type":"Organization","@id":"https:\/\/www.eldigitaldeasturias.com\/noticias\/#organization","name":"El Digital de Asturias","description":"Hemeroteca","url":"https:\/\/www.eldigitaldeasturias.com\/noticias\/","email":"info@eldigitaldeasturias.com","telephone":"+34652131393","logo":{"@type":"ImageObject","url":"https:\/\/www.eldigitaldeasturias.com\/noticias\/wp-content\/uploads\/2020\/12\/EDA.jpg","@id":"https:\/\/www.eldigitaldeasturias.com\/noticias\/iu-afirma-que-los-nombres-de-las-latas-de-coca-cola-son-de-trabajadores-despedidos\/#organizationLogo"},"image":{"@id":"https:\/\/www.eldigitaldeasturias.com\/noticias\/iu-afirma-que-los-nombres-de-las-latas-de-coca-cola-son-de-trabajadores-despedidos\/#organizationLogo"},"sameAs":["https:\/\/facebook.com\/eldigitaldeasturias","https:\/\/www.youtube.com\/channel\/UCZP-2wLEB9Rv6erhFmqVnvg"],"address":{"@id":"https:\/\/www.eldigitaldeasturias.com\/noticias\/#postaladdress","@type":"PostalAddress","streetAddress":"san antonio 4","postalCode":"33430","addressLocality":"Cand\u00e1s","addressRegion":"Asturias","addressCountry":"ES"}},{"@type":"Person","@id":"https:\/\/www.eldigitaldeasturias.com\/noticias\/author\/admin\/#author","url":"https:\/\/www.eldigitaldeasturias.com\/noticias\/author\/admin\/","name":"El Digital de Asturias","image":{"@type":"ImageObject","@id":"https:\/\/www.eldigitaldeasturias.com\/noticias\/iu-afirma-que-los-nombres-de-las-latas-de-coca-cola-son-de-trabajadores-despedidos\/#authorImage","url":"https:\/\/secure.gravatar.com\/avatar\/df2aeffc32bcd13f8d26072ef8a91b623d677766deac7f97ca815868cd41bf5e?s=96&d=mm&r=g","width":96,"height":96,"caption":"El Digital de Asturias"}},{"@type":"WebPage","@id":"https:\/\/www.eldigitaldeasturias.com\/noticias\/iu-afirma-que-los-nombres-de-las-latas-de-coca-cola-son-de-trabajadores-despedidos\/#webpage","url":"https:\/\/www.eldigitaldeasturias.com\/noticias\/iu-afirma-que-los-nombres-de-las-latas-de-coca-cola-son-de-trabajadores-despedidos\/","name":"IU afirma que los nombres de las latas de Coca-Cola son de trabajadores despedidos - El Digital de Asturias","description":"Valencia, 31 ene (EFE).- El coordinador general de Izquierda Unida (IU), Cayo Lara, ha censurado hoy el ERE presentado por Coca-Cola Iberian Partners y ha ironizado con que cada lata de refresco de esta marca de su campa\u00f1a de nombres propios se corresponde con la de un trabajador que ahora va a ser despedido. Para","inLanguage":"es-ES","isPartOf":{"@id":"https:\/\/www.eldigitaldeasturias.com\/noticias\/#website"},"breadcrumb":{"@id":"https:\/\/www.eldigitaldeasturias.com\/noticias\/iu-afirma-que-los-nombres-de-las-latas-de-coca-cola-son-de-trabajadores-despedidos\/#breadcrumblist"},"author":{"@id":"https:\/\/www.eldigitaldeasturias.com\/noticias\/author\/admin\/#author"},"creator":{"@id":"https:\/\/www.eldigitaldeasturias.com\/noticias\/author\/admin\/#author"},"image":{"@type":"ImageObject","url":"https:\/\/www.eldigitaldeasturias.com\/noticias\/wp-content\/uploads\/2026\/06\/Contenidos.jpg","@id":"https:\/\/www.eldigitaldeasturias.com\/noticias\/iu-afirma-que-los-nombres-de-las-latas-de-coca-cola-son-de-trabajadores-despedidos\/#mainImage","width":1265,"height":697,"caption":"Contenidos"},"primaryImageOfPage":{"@id":"https:\/\/www.eldigitaldeasturias.com\/noticias\/iu-afirma-que-los-nombres-de-las-latas-de-coca-cola-son-de-trabajadores-despedidos\/#mainImage"},"datePublished":"2014-01-31T18:48:45+01:00","dateModified":"2014-01-31T18:48:45+01:00"},{"@type":"WebSite","@id":"https:\/\/www.eldigitaldeasturias.com\/noticias\/#website","url":"https:\/\/www.eldigitaldeasturias.com\/noticias\/","name":"El Digital de Asturias - Diario de actualidad y noticias","alternateName":"El Digital de Asturias - Diario de actualidad y noticias","description":"Hemeroteca","inLanguage":"es-ES","publisher":{"@id":"https:\/\/www.eldigitaldeasturias.com\/noticias\/#organization"}}]},"og:locale":"es_ES","og:site_name":"El Digital de Asturias","og:type":"article","og:title":"IU afirma que los nombres de las latas de Coca-Cola son de trabajadores despedidos - El Digital de Asturias","og:description":"Valencia, 31 ene (EFE).- El coordinador general de Izquierda Unida (IU), Cayo Lara, ha censurado hoy el ERE presentado por Coca-Cola Iberian Partners y ha ironizado con que cada lata de refresco de esta marca de su campa\u00f1a de nombres propios se corresponde con la de un trabajador que ahora va a ser despedido. Para","og:url":"https:\/\/www.eldigitaldeasturias.com\/noticias\/iu-afirma-que-los-nombres-de-las-latas-de-coca-cola-son-de-trabajadores-despedidos\/","og:image":"https:\/\/www.eldigitaldeasturias.com\/noticias\/wp-content\/uploads\/2026\/06\/Contenidos.jpg","og:image:secure_url":"https:\/\/www.eldigitaldeasturias.com\/noticias\/wp-content\/uploads\/2026\/06\/Contenidos.jpg","og:image:width":1265,"og:image:height":697,"article:tag":["actualidad"],"article:published_time":"2014-01-31T19:48:45+00:00","article:modified_time":"2014-01-31T19:48:45+00:00","article:publisher":"https:\/\/facebook.com\/eldigitaldeasturias","twitter:card":"summary_large_image","twitter:title":"IU afirma que los nombres de las latas de Coca-Cola son de trabajadores despedidos - El Digital de Asturias","twitter:description":"Valencia, 31 ene (EFE).- El coordinador general de Izquierda Unida (IU), Cayo Lara, ha censurado hoy el ERE presentado por Coca-Cola Iberian Partners y ha ironizado con que cada lata de refresco de esta marca de su campa\u00f1a de nombres propios se corresponde con la de un trabajador que ahora va a ser despedido. Para","twitter:image":"https:\/\/www.eldigitaldeasturias.com\/noticias\/wp-content\/uploads\/2026\/06\/Contenidos.jpg","twitter:label1":"Escrito por","twitter:data1":"El Digital de Asturias","twitter:label2":"Tiempo de lectura estimado","twitter:data2":"2 minutos"},"aioseo_meta_data":{"post_id":"481270","title":null,"description":null,"keywords":null,"keyphrases":null,"primary_term":null,"canonical_url":null,"og_title":null,"og_description":null,"og_object_type":"default","og_image_type":"default","og_image_url":null,"og_image_width":null,"og_image_height":null,"og_image_custom_url":null,"og_image_custom_fields":null,"og_video":null,"og_custom_url":null,"og_article_section":null,"og_article_tags":null,"twitter_use_og":true,"twitter_card":"default","twitter_image_type":"default","twitter_image_url":null,"twitter_image_custom_url":null,"twitter_image_custom_fields":null,"twitter_title":null,"twitter_description":null,"schema":{"blockGraphs":[],"customGraphs":[],"default":{"data":{"Article":[],"Course":[],"Dataset":[],"FAQPage":[],"Movie":[],"Person":[],"Product":[],"ProductReview":[],"Car":[],"Recipe":[],"Service":[],"SoftwareApplication":[],"WebPage":[]},"graphName":"","isEnabled":true},"graphs":[],"defaultGraph":"","defaultPostTypeGraph":""},"schema_type":null,"schema_type_options":null,"pillar_content":false,"robots_default":true,"robots_noindex":false,"robots_noarchive":false,"robots_nosnippet":false,"robots_nofollow":false,"robots_noimageindex":false,"robots_noodp":false,"robots_notranslate":false,"robots_max_snippet":null,"robots_max_videopreview":null,"robots_max_imagepreview":"none","priority":null,"frequency":null,"local_seo":null,"seo_analyzer_scan_date":"2026-06-02 06:14:44","breadcrumb_settings":null,"limit_modified_date":false,"open_ai":null,"ai":null,"created":"2020-11-14 22:54:18","updated":"2026-06-02 06:14:44","focus_keyword":null,"additional_keywords":null,"truseo_locale":null},"aioseo_breadcrumb":"<div class=\"aioseo-breadcrumbs\"><span class=\"aioseo-breadcrumb\">\n\t<a href=\"https:\/\/www.eldigitaldeasturias.com\/noticias\" title=\"Home\">Home<\/a>\n<\/span><span class=\"aioseo-breadcrumb-separator\">\u2013<\/span><span class=\"aioseo-breadcrumb\">\n\t<a href=\"https:\/\/www.eldigitaldeasturias.com\/noticias\/category\/actualidad\/\" title=\"Actualidad\">Actualidad<\/a>\n<\/span><span class=\"aioseo-breadcrumb-separator\">\u2013<\/span><span class=\"aioseo-breadcrumb\">\n\t<a href=\"https:\/\/www.eldigitaldeasturias.com\/noticias\/iu-afirma-que-los-nombres-de-las-latas-de-coca-cola-son-de-trabajadores-despedidos\/\" title=\"IU afirma que los nombres de las latas de Coca-Cola son de trabajadores despedidos\">IU afirma que los nombres de las latas de Coca-Cola son de trabajadores despedidos<\/a>\n<\/span><\/div>","aioseo_breadcrumb_json":[{"label":"Home","link":"https:\/\/www.eldigitaldeasturias.com\/noticias"},{"label":"Actualidad","link":"https:\/\/www.eldigitaldeasturias.com\/noticias\/category\/actualidad\/"},{"label":"IU afirma que los nombres de las latas de Coca-Cola son de trabajadores despedidos","link":"https:\/\/www.eldigitaldeasturias.com\/noticias\/iu-afirma-que-los-nombres-de-las-latas-de-coca-cola-son-de-trabajadores-despedidos\/"}],"_links":{"self":[{"href":"https:\/\/www.eldigitaldeasturias.com\/noticias\/wp-json\/wp\/v2\/posts\/481270","targetHints":{"allow":["GET"]}}],"collection":[{"href":"https:\/\/www.eldigitaldeasturias.com\/noticias\/wp-json\/wp\/v2\/posts"}],"about":[{"href":"https:\/\/www.eldigitaldeasturias.com\/noticias\/wp-json\/wp\/v2\/types\/post"}],"author":[{"embeddable":true,"href":"https:\/\/www.eldigitaldeasturias.com\/noticias\/wp-json\/wp\/v2\/users\/1"}],"replies":[{"embeddable":true,"href":"https:\/\/www.eldigitaldeasturias.com\/noticias\/wp-json\/wp\/v2\/comments?post=481270"}],"version-history":[{"count":0,"href":"https:\/\/www.eldigitaldeasturias.com\/noticias\/wp-json\/wp\/v2\/posts\/481270\/revisions"}],"wp:featuredmedia":[{"embeddable":true,"href":"https:\/\/www.eldigitaldeasturias.com\/noticias\/wp-json\/wp\/v2\/media\/1132184"}],"wp:attachment":[{"href":"https:\/\/www.eldigitaldeasturias.com\/noticias\/wp-json\/wp\/v2\/media?parent=481270"}],"wp:term":[{"taxonomy":"category","embeddable":true,"href":"https:\/\/www.eldigitaldeasturias.com\/noticias\/wp-json\/wp\/v2\/categories?post=481270"},{"taxonomy":"post_tag","embeddable":true,"href":"https:\/\/www.eldigitaldeasturias.com\/noticias\/wp-json\/wp\/v2\/tags?post=481270"}],"curies":[{"name":"wp","href":"https:\/\/api.w.org\/{rel}","templated":true}]}}