{"id":481267,"date":"2014-01-31T18:47:46","date_gmt":"2014-01-31T19:47:46","guid":{"rendered":"http:\/\/www.eldigitaldeasturias.com\/noticias\/?p=481267"},"modified":"2014-01-31T18:47:46","modified_gmt":"2014-01-31T19:47:46","slug":"la-generalitat-dice-que-calatrava-no-puede-hacer-exigencias-a-estas-alturas","status":"publish","type":"post","link":"https:\/\/www.eldigitaldeasturias.com\/noticias\/la-generalitat-dice-que-calatrava-no-puede-hacer-exigencias-a-estas-alturas\/","title":{"rendered":"La Generalitat dice que Calatrava \u00abno puede hacer exigencias a estas alturas\u00bb"},"content":{"rendered":"<p><img loading=\"lazy\" decoding=\"async\" class=\"alignleft size-medium wp-image-481268\" alt=\"5896356w\" src=\"https:\/\/www.eldigitaldeasturias.com\/noticias\/wp-content\/uploads\/2014\/01\/5896356w-360x225.jpg\" width=\"360\" height=\"225\" \/>(EFE).- El vicepresidente del Gobierno valenciano, Jos\u00e9 C\u00edscar, ha afirmado hoy que el arquitecto Santiago Calatrava \u00abno puede hacer exigencias a estas alturas\u00bb y ha a\u00f1adido que no existe un \u00abcalendario cerrado\u00bb para sustituir la cubierta cer\u00e1mica del Palau de Les Arts tras los desprendimientos.<\/p>\n<p>C\u00edscar se ha pronunciado as\u00ed en una rueda de prensa tras preguntarle por qu\u00e9 la reuni\u00f3n de ayer entre Calatrava y el conseller de Econom\u00eda y presidente del consejo de administraci\u00f3n de la Ciudad de las Artes y las Ciencias, M\u00e1ximo Buch, para tratar sobre la soluci\u00f3n de la cubierta del Palau de les Arts se produjo en el aeropuerto y, si fue as\u00ed, por exigencia del arquitecto.<\/p>\n<p>El vicepresidente ha indicado que desconoce por qu\u00e9 la reuni\u00f3n se produjo en ese lugar, pero ha matizado que \u00ablo importante es que se produzcan\u00bb esos encuentros y ha aseverado que hay reuniones de trabajo \u00abpermanentes\u00bb, \u00abcientos cada semana\u00bb, para decidir \u00abcuanto antes\u00bb la soluci\u00f3n final que se toma.<\/p>\n<p>Ha asegurado que se est\u00e1 buscando \u00abla mejor soluci\u00f3n constructiva y t\u00e9cnica posible\u00bb para sustituir el \u00abtrencad\u00eds\u00bb del Palau de les Arts y que todav\u00eda no se ha optado por ninguna de las tres opciones que se barajan, pero intentar\u00e1n que sea \u00ablo antes posible\u00bb, porque pr\u00e1cticamente ha concluido la retirada de las piezas cer\u00e1micas.<\/p>\n<p>Seg\u00fan el vicepresidente, en estos momentos se est\u00e1n evaluando \u00ablos pros y contras\u00bb de las distintas alternativas, y, una vez se tenga la soluci\u00f3n \u00abdefinitiva\u00bb, se conocer\u00e1 su coste y se podr\u00e1 hablar del resto de aspectos.<\/p>\n<p>Las obras \u00abest\u00e1n avanzando a un ritmo bastante importante\u00bb y \u00aben el momento en que se pueda\u00bb se ejecutar\u00e1 la soluci\u00f3n definitiva. \u00abCuanto antes\u00bb, ha dicho el vicepresidente.<\/p>\n<p>C\u00edscar ha manifestado que, en estos momentos, \u00abno tiene sentido\u00bb ir a la v\u00eda judicial, dado que se ha alcanzado un acuerdo por el que tanto la empresa constructora como el arquitecto asumieron que se har\u00edan cargo de todo el gasto que ocasione, tanto la retirada del \u00abtrencad\u00eds\u00bb como lo que se ponga en su lugar.<\/p>\n<p>\u00abNo hace falta presionar\u00bb, porque ambos han reconocido que se hacen cargo de los gastos y tienen \u00absu palabra de que eso ser\u00e1 as\u00ed\u00bb, ha dicho C\u00edscar, quien ha a\u00f1adido que, si finalmente no fuera as\u00ed, entonces acudir\u00edan a los tribunales.<\/p>\n<p>Ha se\u00f1alado que en este caso el seguro que se puede aplicar es el que hace referencia a la responsabilidad de los que han participado en la construcci\u00f3n del edificio, porque no han pasado diez a\u00f1os desde la finalizaci\u00f3n de las obras.<\/p>\n<p>Preguntado sobre qu\u00e9 le parece la demanda interpuesta por el arquitecto contra la web de Esquerra Unida \u00abCalatravatelaclava.com\u00bb, sobre las obras del arquitecto y sus costes, ha indicado que no ha entrado en esa p\u00e1gina y no puede valorar si vulnera el derecho al honor de Calatrava.<\/p>\n","protected":false},"excerpt":{"rendered":"<p>(EFE).- El vicepresidente del Gobierno valenciano, Jos\u00e9 C\u00edscar, ha afirmado hoy que el arquitecto Santiago Calatrava \u00abno puede hacer exigencias a estas alturas\u00bb y ha a\u00f1adido que no existe un \u00abcalendario cerrado\u00bb para sustituir la cubierta cer\u00e1mica del Palau de Les Arts tras los desprendimientos. C\u00edscar se ha pronunciado as\u00ed en una rueda de prensa [&hellip;]<\/p>\n","protected":false},"author":1,"featured_media":1132184,"comment_status":"closed","ping_status":"open","sticky":false,"template":"","format":"standard","meta":{"footnotes":""},"categories":[1],"tags":[],"class_list":["post-481267","post","type-post","status-publish","format-standard","has-post-thumbnail","hentry","category-actualidad"],"aioseo_notices":[],"aioseo_head":"\n\t\t<!-- All in One SEO Pro 5.0.1 - aioseo.com -->\n\t<meta name=\"description\" content=\"(EFE).- El vicepresidente del Gobierno valenciano, Jos\u00e9 C\u00edscar, ha afirmado hoy que el arquitecto Santiago Calatrava &quot;no puede hacer exigencias a estas alturas&quot; y ha a\u00f1adido que no existe un &quot;calendario cerrado&quot; para sustituir la cubierta cer\u00e1mica del Palau de Les Arts tras los desprendimientos. C\u00edscar se ha pronunciado as\u00ed en una rueda de prensa\" \/>\n\t<meta name=\"robots\" content=\"max-image-preview:large\" \/>\n\t<meta name=\"author\" content=\"El Digital de Asturias\"\/>\n\t<meta name=\"google-site-verification\" content=\"UA-38556648-1\" \/>\n\t<meta name=\"msvalidate.01\" content=\"7dfe9f3f1b24437ab69f4f2559babe99\" \/>\n\t<meta name=\"keywords\" content=\"actualidad\" \/>\n\t<link rel=\"canonical\" href=\"https:\/\/www.eldigitaldeasturias.com\/noticias\/la-generalitat-dice-que-calatrava-no-puede-hacer-exigencias-a-estas-alturas\/\" \/>\n\t<meta name=\"generator\" content=\"All in One SEO Pro (AIOSEO) 5.0.1\" \/>\n\t\t<meta property=\"og:locale\" content=\"es_ES\" \/>\n\t\t<meta property=\"og:site_name\" content=\"El Digital de Asturias\" \/>\n\t\t<meta property=\"og:type\" content=\"article\" \/>\n\t\t<meta property=\"og:title\" content=\"La Generalitat dice que Calatrava \u00abno puede hacer exigencias a estas alturas\u00bb - El Digital de Asturias\" \/>\n\t\t<meta property=\"og:description\" content=\"(EFE).- El vicepresidente del Gobierno valenciano, Jos\u00e9 C\u00edscar, ha afirmado hoy que el arquitecto Santiago Calatrava &quot;no puede hacer exigencias a estas alturas&quot; y ha a\u00f1adido que no existe un &quot;calendario cerrado&quot; para sustituir la cubierta cer\u00e1mica del Palau de Les Arts tras los desprendimientos. C\u00edscar se ha pronunciado as\u00ed en una rueda de prensa\" \/>\n\t\t<meta property=\"og:url\" content=\"https:\/\/www.eldigitaldeasturias.com\/noticias\/la-generalitat-dice-que-calatrava-no-puede-hacer-exigencias-a-estas-alturas\/\" \/>\n\t\t<meta property=\"og:image\" content=\"https:\/\/www.eldigitaldeasturias.com\/noticias\/wp-content\/uploads\/2026\/06\/Contenidos.jpg\" \/>\n\t\t<meta property=\"og:image:secure_url\" content=\"https:\/\/www.eldigitaldeasturias.com\/noticias\/wp-content\/uploads\/2026\/06\/Contenidos.jpg\" \/>\n\t\t<meta property=\"og:image:width\" content=\"1265\" \/>\n\t\t<meta property=\"og:image:height\" content=\"697\" \/>\n\t\t<meta property=\"article:tag\" content=\"actualidad\" \/>\n\t\t<meta property=\"article:published_time\" content=\"2014-01-31T19:47:46+00:00\" \/>\n\t\t<meta property=\"article:modified_time\" content=\"2014-01-31T19:47:46+00:00\" \/>\n\t\t<meta property=\"article:publisher\" content=\"https:\/\/facebook.com\/eldigitaldeasturias\" \/>\n\t\t<meta name=\"twitter:card\" content=\"summary_large_image\" \/>\n\t\t<meta name=\"twitter:title\" content=\"La Generalitat dice que Calatrava \u00abno puede hacer exigencias a estas alturas\u00bb - El Digital de Asturias\" \/>\n\t\t<meta name=\"twitter:description\" content=\"(EFE).- El vicepresidente del Gobierno valenciano, Jos\u00e9 C\u00edscar, ha afirmado hoy que el arquitecto Santiago Calatrava &quot;no puede hacer exigencias a estas alturas&quot; y ha a\u00f1adido que no existe un &quot;calendario cerrado&quot; para sustituir la cubierta cer\u00e1mica del Palau de Les Arts tras los desprendimientos. C\u00edscar se ha pronunciado as\u00ed en una rueda de prensa\" \/>\n\t\t<meta name=\"twitter:image\" content=\"https:\/\/www.eldigitaldeasturias.com\/noticias\/wp-content\/uploads\/2026\/06\/Contenidos.jpg\" \/>\n\t\t<meta name=\"twitter:label1\" content=\"Escrito por\" \/>\n\t\t<meta name=\"twitter:data1\" content=\"El Digital de Asturias\" \/>\n\t\t<meta name=\"twitter:label2\" content=\"Tiempo de lectura estimado\" \/>\n\t\t<meta name=\"twitter:data2\" content=\"3 minutos\" \/>\n\t\t<script type=\"application\/ld+json\" class=\"aioseo-schema\">\n\t\t\t{\"@context\":\"https:\\\/\\\/schema.org\",\"@graph\":[{\"@type\":\"BlogPosting\",\"@id\":\"https:\\\/\\\/www.eldigitaldeasturias.com\\\/noticias\\\/la-generalitat-dice-que-calatrava-no-puede-hacer-exigencias-a-estas-alturas\\\/#blogposting\",\"name\":\"La Generalitat dice que Calatrava \\u00abno puede hacer exigencias a estas alturas\\u00bb - El Digital de Asturias\",\"headline\":\"La Generalitat dice que Calatrava \\u00abno puede hacer exigencias a estas alturas\\u00bb\",\"author\":{\"@id\":\"https:\\\/\\\/www.eldigitaldeasturias.com\\\/noticias\\\/author\\\/admin\\\/#author\"},\"publisher\":{\"@id\":\"https:\\\/\\\/www.eldigitaldeasturias.com\\\/noticias\\\/#organization\"},\"image\":{\"@type\":\"ImageObject\",\"url\":\"https:\\\/\\\/www.eldigitaldeasturias.com\\\/noticias\\\/wp-content\\\/uploads\\\/2026\\\/06\\\/Contenidos.jpg\",\"width\":1265,\"height\":697,\"caption\":\"Contenidos\"},\"datePublished\":\"2014-01-31T18:47:46+01:00\",\"dateModified\":\"2014-01-31T18:47:46+01:00\",\"inLanguage\":\"es-ES\",\"mainEntityOfPage\":{\"@id\":\"https:\\\/\\\/www.eldigitaldeasturias.com\\\/noticias\\\/la-generalitat-dice-que-calatrava-no-puede-hacer-exigencias-a-estas-alturas\\\/#webpage\"},\"isPartOf\":{\"@id\":\"https:\\\/\\\/www.eldigitaldeasturias.com\\\/noticias\\\/la-generalitat-dice-que-calatrava-no-puede-hacer-exigencias-a-estas-alturas\\\/#webpage\"},\"articleSection\":\"Actualidad\"},{\"@type\":\"BreadcrumbList\",\"@id\":\"https:\\\/\\\/www.eldigitaldeasturias.com\\\/noticias\\\/la-generalitat-dice-que-calatrava-no-puede-hacer-exigencias-a-estas-alturas\\\/#breadcrumblist\",\"itemListElement\":[{\"@type\":\"ListItem\",\"@id\":\"https:\\\/\\\/www.eldigitaldeasturias.com\\\/noticias#listItem\",\"position\":1,\"name\":\"Home\",\"item\":\"https:\\\/\\\/www.eldigitaldeasturias.com\\\/noticias\",\"nextItem\":{\"@type\":\"ListItem\",\"@id\":\"https:\\\/\\\/www.eldigitaldeasturias.com\\\/noticias\\\/category\\\/actualidad\\\/#listItem\",\"name\":\"Actualidad\"}},{\"@type\":\"ListItem\",\"@id\":\"https:\\\/\\\/www.eldigitaldeasturias.com\\\/noticias\\\/category\\\/actualidad\\\/#listItem\",\"position\":2,\"name\":\"Actualidad\",\"item\":\"https:\\\/\\\/www.eldigitaldeasturias.com\\\/noticias\\\/category\\\/actualidad\\\/\",\"nextItem\":{\"@type\":\"ListItem\",\"@id\":\"https:\\\/\\\/www.eldigitaldeasturias.com\\\/noticias\\\/la-generalitat-dice-que-calatrava-no-puede-hacer-exigencias-a-estas-alturas\\\/#listItem\",\"name\":\"La Generalitat dice que Calatrava \\u00abno puede hacer exigencias a estas alturas\\u00bb\"},\"previousItem\":{\"@type\":\"ListItem\",\"@id\":\"https:\\\/\\\/www.eldigitaldeasturias.com\\\/noticias#listItem\",\"name\":\"Home\"}},{\"@type\":\"ListItem\",\"@id\":\"https:\\\/\\\/www.eldigitaldeasturias.com\\\/noticias\\\/la-generalitat-dice-que-calatrava-no-puede-hacer-exigencias-a-estas-alturas\\\/#listItem\",\"position\":3,\"name\":\"La Generalitat dice que Calatrava \\u00abno puede hacer exigencias a estas alturas\\u00bb\",\"previousItem\":{\"@type\":\"ListItem\",\"@id\":\"https:\\\/\\\/www.eldigitaldeasturias.com\\\/noticias\\\/category\\\/actualidad\\\/#listItem\",\"name\":\"Actualidad\"}}]},{\"@type\":\"Organization\",\"@id\":\"https:\\\/\\\/www.eldigitaldeasturias.com\\\/noticias\\\/#organization\",\"name\":\"El Digital de Asturias\",\"description\":\"Hemeroteca\",\"url\":\"https:\\\/\\\/www.eldigitaldeasturias.com\\\/noticias\\\/\",\"email\":\"info@eldigitaldeasturias.com\",\"telephone\":\"+34652131393\",\"logo\":{\"@type\":\"ImageObject\",\"url\":\"https:\\\/\\\/www.eldigitaldeasturias.com\\\/noticias\\\/wp-content\\\/uploads\\\/2020\\\/12\\\/EDA.jpg\",\"@id\":\"https:\\\/\\\/www.eldigitaldeasturias.com\\\/noticias\\\/la-generalitat-dice-que-calatrava-no-puede-hacer-exigencias-a-estas-alturas\\\/#organizationLogo\"},\"image\":{\"@id\":\"https:\\\/\\\/www.eldigitaldeasturias.com\\\/noticias\\\/la-generalitat-dice-que-calatrava-no-puede-hacer-exigencias-a-estas-alturas\\\/#organizationLogo\"},\"sameAs\":[\"https:\\\/\\\/facebook.com\\\/eldigitaldeasturias\",\"https:\\\/\\\/www.youtube.com\\\/channel\\\/UCZP-2wLEB9Rv6erhFmqVnvg\"],\"address\":{\"@id\":\"https:\\\/\\\/www.eldigitaldeasturias.com\\\/noticias\\\/#postaladdress\",\"@type\":\"PostalAddress\",\"streetAddress\":\"san antonio 4\",\"postalCode\":\"33430\",\"addressLocality\":\"Cand\\u00e1s\",\"addressRegion\":\"Asturias\",\"addressCountry\":\"ES\"}},{\"@type\":\"Person\",\"@id\":\"https:\\\/\\\/www.eldigitaldeasturias.com\\\/noticias\\\/author\\\/admin\\\/#author\",\"url\":\"https:\\\/\\\/www.eldigitaldeasturias.com\\\/noticias\\\/author\\\/admin\\\/\",\"name\":\"El Digital de Asturias\",\"image\":{\"@type\":\"ImageObject\",\"@id\":\"https:\\\/\\\/www.eldigitaldeasturias.com\\\/noticias\\\/la-generalitat-dice-que-calatrava-no-puede-hacer-exigencias-a-estas-alturas\\\/#authorImage\",\"url\":\"https:\\\/\\\/secure.gravatar.com\\\/avatar\\\/df2aeffc32bcd13f8d26072ef8a91b623d677766deac7f97ca815868cd41bf5e?s=96&d=mm&r=g\",\"width\":96,\"height\":96,\"caption\":\"El Digital de Asturias\"}},{\"@type\":\"WebPage\",\"@id\":\"https:\\\/\\\/www.eldigitaldeasturias.com\\\/noticias\\\/la-generalitat-dice-que-calatrava-no-puede-hacer-exigencias-a-estas-alturas\\\/#webpage\",\"url\":\"https:\\\/\\\/www.eldigitaldeasturias.com\\\/noticias\\\/la-generalitat-dice-que-calatrava-no-puede-hacer-exigencias-a-estas-alturas\\\/\",\"name\":\"La Generalitat dice que Calatrava \\u00abno puede hacer exigencias a estas alturas\\u00bb - El Digital de Asturias\",\"description\":\"(EFE).- El vicepresidente del Gobierno valenciano, Jos\\u00e9 C\\u00edscar, ha afirmado hoy que el arquitecto Santiago Calatrava \\\"no puede hacer exigencias a estas alturas\\\" y ha a\\u00f1adido que no existe un \\\"calendario cerrado\\\" para sustituir la cubierta cer\\u00e1mica del Palau de Les Arts tras los desprendimientos. C\\u00edscar se ha pronunciado as\\u00ed en una rueda de prensa\",\"inLanguage\":\"es-ES\",\"isPartOf\":{\"@id\":\"https:\\\/\\\/www.eldigitaldeasturias.com\\\/noticias\\\/#website\"},\"breadcrumb\":{\"@id\":\"https:\\\/\\\/www.eldigitaldeasturias.com\\\/noticias\\\/la-generalitat-dice-que-calatrava-no-puede-hacer-exigencias-a-estas-alturas\\\/#breadcrumblist\"},\"author\":{\"@id\":\"https:\\\/\\\/www.eldigitaldeasturias.com\\\/noticias\\\/author\\\/admin\\\/#author\"},\"creator\":{\"@id\":\"https:\\\/\\\/www.eldigitaldeasturias.com\\\/noticias\\\/author\\\/admin\\\/#author\"},\"image\":{\"@type\":\"ImageObject\",\"url\":\"https:\\\/\\\/www.eldigitaldeasturias.com\\\/noticias\\\/wp-content\\\/uploads\\\/2026\\\/06\\\/Contenidos.jpg\",\"@id\":\"https:\\\/\\\/www.eldigitaldeasturias.com\\\/noticias\\\/la-generalitat-dice-que-calatrava-no-puede-hacer-exigencias-a-estas-alturas\\\/#mainImage\",\"width\":1265,\"height\":697,\"caption\":\"Contenidos\"},\"primaryImageOfPage\":{\"@id\":\"https:\\\/\\\/www.eldigitaldeasturias.com\\\/noticias\\\/la-generalitat-dice-que-calatrava-no-puede-hacer-exigencias-a-estas-alturas\\\/#mainImage\"},\"datePublished\":\"2014-01-31T18:47:46+01:00\",\"dateModified\":\"2014-01-31T18:47:46+01:00\"},{\"@type\":\"WebSite\",\"@id\":\"https:\\\/\\\/www.eldigitaldeasturias.com\\\/noticias\\\/#website\",\"url\":\"https:\\\/\\\/www.eldigitaldeasturias.com\\\/noticias\\\/\",\"name\":\"El Digital de Asturias - Diario de actualidad y noticias\",\"alternateName\":\"El Digital de Asturias - Diario de actualidad y noticias\",\"description\":\"Hemeroteca\",\"inLanguage\":\"es-ES\",\"publisher\":{\"@id\":\"https:\\\/\\\/www.eldigitaldeasturias.com\\\/noticias\\\/#organization\"}}]}\n\t\t<\/script>\n\t\t<!-- All in One SEO Pro -->\r\n\t\t<title>La Generalitat dice que Calatrava \u00abno puede hacer exigencias a estas alturas\u00bb - El Digital de Asturias<\/title>\n\n","aioseo_head_json":{"title":"La Generalitat dice que Calatrava \u00abno puede hacer exigencias a estas alturas\u00bb - El Digital de Asturias","description":"(EFE).- El vicepresidente del Gobierno valenciano, Jos\u00e9 C\u00edscar, ha afirmado hoy que el arquitecto Santiago Calatrava \"no puede hacer exigencias a estas alturas\" y ha a\u00f1adido que no existe un \"calendario cerrado\" para sustituir la cubierta cer\u00e1mica del Palau de Les Arts tras los desprendimientos. C\u00edscar se ha pronunciado as\u00ed en una rueda de prensa","canonical_url":"https:\/\/www.eldigitaldeasturias.com\/noticias\/la-generalitat-dice-que-calatrava-no-puede-hacer-exigencias-a-estas-alturas\/","robots":"max-image-preview:large","keywords":"actualidad","webmasterTools":{"google-site-verification":"UA-38556648-1","msvalidate.01":"7dfe9f3f1b24437ab69f4f2559babe99","miscellaneous":""},"schema":{"@context":"https:\/\/schema.org","@graph":[{"@type":"BlogPosting","@id":"https:\/\/www.eldigitaldeasturias.com\/noticias\/la-generalitat-dice-que-calatrava-no-puede-hacer-exigencias-a-estas-alturas\/#blogposting","name":"La Generalitat dice que Calatrava \u00abno puede hacer exigencias a estas alturas\u00bb - El Digital de Asturias","headline":"La Generalitat dice que Calatrava \u00abno puede hacer exigencias a estas alturas\u00bb","author":{"@id":"https:\/\/www.eldigitaldeasturias.com\/noticias\/author\/admin\/#author"},"publisher":{"@id":"https:\/\/www.eldigitaldeasturias.com\/noticias\/#organization"},"image":{"@type":"ImageObject","url":"https:\/\/www.eldigitaldeasturias.com\/noticias\/wp-content\/uploads\/2026\/06\/Contenidos.jpg","width":1265,"height":697,"caption":"Contenidos"},"datePublished":"2014-01-31T18:47:46+01:00","dateModified":"2014-01-31T18:47:46+01:00","inLanguage":"es-ES","mainEntityOfPage":{"@id":"https:\/\/www.eldigitaldeasturias.com\/noticias\/la-generalitat-dice-que-calatrava-no-puede-hacer-exigencias-a-estas-alturas\/#webpage"},"isPartOf":{"@id":"https:\/\/www.eldigitaldeasturias.com\/noticias\/la-generalitat-dice-que-calatrava-no-puede-hacer-exigencias-a-estas-alturas\/#webpage"},"articleSection":"Actualidad"},{"@type":"BreadcrumbList","@id":"https:\/\/www.eldigitaldeasturias.com\/noticias\/la-generalitat-dice-que-calatrava-no-puede-hacer-exigencias-a-estas-alturas\/#breadcrumblist","itemListElement":[{"@type":"ListItem","@id":"https:\/\/www.eldigitaldeasturias.com\/noticias#listItem","position":1,"name":"Home","item":"https:\/\/www.eldigitaldeasturias.com\/noticias","nextItem":{"@type":"ListItem","@id":"https:\/\/www.eldigitaldeasturias.com\/noticias\/category\/actualidad\/#listItem","name":"Actualidad"}},{"@type":"ListItem","@id":"https:\/\/www.eldigitaldeasturias.com\/noticias\/category\/actualidad\/#listItem","position":2,"name":"Actualidad","item":"https:\/\/www.eldigitaldeasturias.com\/noticias\/category\/actualidad\/","nextItem":{"@type":"ListItem","@id":"https:\/\/www.eldigitaldeasturias.com\/noticias\/la-generalitat-dice-que-calatrava-no-puede-hacer-exigencias-a-estas-alturas\/#listItem","name":"La Generalitat dice que Calatrava \u00abno puede hacer exigencias a estas alturas\u00bb"},"previousItem":{"@type":"ListItem","@id":"https:\/\/www.eldigitaldeasturias.com\/noticias#listItem","name":"Home"}},{"@type":"ListItem","@id":"https:\/\/www.eldigitaldeasturias.com\/noticias\/la-generalitat-dice-que-calatrava-no-puede-hacer-exigencias-a-estas-alturas\/#listItem","position":3,"name":"La Generalitat dice que Calatrava \u00abno puede hacer exigencias a estas alturas\u00bb","previousItem":{"@type":"ListItem","@id":"https:\/\/www.eldigitaldeasturias.com\/noticias\/category\/actualidad\/#listItem","name":"Actualidad"}}]},{"@type":"Organization","@id":"https:\/\/www.eldigitaldeasturias.com\/noticias\/#organization","name":"El Digital de Asturias","description":"Hemeroteca","url":"https:\/\/www.eldigitaldeasturias.com\/noticias\/","email":"info@eldigitaldeasturias.com","telephone":"+34652131393","logo":{"@type":"ImageObject","url":"https:\/\/www.eldigitaldeasturias.com\/noticias\/wp-content\/uploads\/2020\/12\/EDA.jpg","@id":"https:\/\/www.eldigitaldeasturias.com\/noticias\/la-generalitat-dice-que-calatrava-no-puede-hacer-exigencias-a-estas-alturas\/#organizationLogo"},"image":{"@id":"https:\/\/www.eldigitaldeasturias.com\/noticias\/la-generalitat-dice-que-calatrava-no-puede-hacer-exigencias-a-estas-alturas\/#organizationLogo"},"sameAs":["https:\/\/facebook.com\/eldigitaldeasturias","https:\/\/www.youtube.com\/channel\/UCZP-2wLEB9Rv6erhFmqVnvg"],"address":{"@id":"https:\/\/www.eldigitaldeasturias.com\/noticias\/#postaladdress","@type":"PostalAddress","streetAddress":"san antonio 4","postalCode":"33430","addressLocality":"Cand\u00e1s","addressRegion":"Asturias","addressCountry":"ES"}},{"@type":"Person","@id":"https:\/\/www.eldigitaldeasturias.com\/noticias\/author\/admin\/#author","url":"https:\/\/www.eldigitaldeasturias.com\/noticias\/author\/admin\/","name":"El Digital de Asturias","image":{"@type":"ImageObject","@id":"https:\/\/www.eldigitaldeasturias.com\/noticias\/la-generalitat-dice-que-calatrava-no-puede-hacer-exigencias-a-estas-alturas\/#authorImage","url":"https:\/\/secure.gravatar.com\/avatar\/df2aeffc32bcd13f8d26072ef8a91b623d677766deac7f97ca815868cd41bf5e?s=96&d=mm&r=g","width":96,"height":96,"caption":"El Digital de Asturias"}},{"@type":"WebPage","@id":"https:\/\/www.eldigitaldeasturias.com\/noticias\/la-generalitat-dice-que-calatrava-no-puede-hacer-exigencias-a-estas-alturas\/#webpage","url":"https:\/\/www.eldigitaldeasturias.com\/noticias\/la-generalitat-dice-que-calatrava-no-puede-hacer-exigencias-a-estas-alturas\/","name":"La Generalitat dice que Calatrava \u00abno puede hacer exigencias a estas alturas\u00bb - El Digital de Asturias","description":"(EFE).- El vicepresidente del Gobierno valenciano, Jos\u00e9 C\u00edscar, ha afirmado hoy que el arquitecto Santiago Calatrava \"no puede hacer exigencias a estas alturas\" y ha a\u00f1adido que no existe un \"calendario cerrado\" para sustituir la cubierta cer\u00e1mica del Palau de Les Arts tras los desprendimientos. C\u00edscar se ha pronunciado as\u00ed en una rueda de prensa","inLanguage":"es-ES","isPartOf":{"@id":"https:\/\/www.eldigitaldeasturias.com\/noticias\/#website"},"breadcrumb":{"@id":"https:\/\/www.eldigitaldeasturias.com\/noticias\/la-generalitat-dice-que-calatrava-no-puede-hacer-exigencias-a-estas-alturas\/#breadcrumblist"},"author":{"@id":"https:\/\/www.eldigitaldeasturias.com\/noticias\/author\/admin\/#author"},"creator":{"@id":"https:\/\/www.eldigitaldeasturias.com\/noticias\/author\/admin\/#author"},"image":{"@type":"ImageObject","url":"https:\/\/www.eldigitaldeasturias.com\/noticias\/wp-content\/uploads\/2026\/06\/Contenidos.jpg","@id":"https:\/\/www.eldigitaldeasturias.com\/noticias\/la-generalitat-dice-que-calatrava-no-puede-hacer-exigencias-a-estas-alturas\/#mainImage","width":1265,"height":697,"caption":"Contenidos"},"primaryImageOfPage":{"@id":"https:\/\/www.eldigitaldeasturias.com\/noticias\/la-generalitat-dice-que-calatrava-no-puede-hacer-exigencias-a-estas-alturas\/#mainImage"},"datePublished":"2014-01-31T18:47:46+01:00","dateModified":"2014-01-31T18:47:46+01:00"},{"@type":"WebSite","@id":"https:\/\/www.eldigitaldeasturias.com\/noticias\/#website","url":"https:\/\/www.eldigitaldeasturias.com\/noticias\/","name":"El Digital de Asturias - Diario de actualidad y noticias","alternateName":"El Digital de Asturias - Diario de actualidad y noticias","description":"Hemeroteca","inLanguage":"es-ES","publisher":{"@id":"https:\/\/www.eldigitaldeasturias.com\/noticias\/#organization"}}]},"og:locale":"es_ES","og:site_name":"El Digital de Asturias","og:type":"article","og:title":"La Generalitat dice que Calatrava \u00abno puede hacer exigencias a estas alturas\u00bb - El Digital de Asturias","og:description":"(EFE).- El vicepresidente del Gobierno valenciano, Jos\u00e9 C\u00edscar, ha afirmado hoy que el arquitecto Santiago Calatrava &quot;no puede hacer exigencias a estas alturas&quot; y ha a\u00f1adido que no existe un &quot;calendario cerrado&quot; para sustituir la cubierta cer\u00e1mica del Palau de Les Arts tras los desprendimientos. C\u00edscar se ha pronunciado as\u00ed en una rueda de prensa","og:url":"https:\/\/www.eldigitaldeasturias.com\/noticias\/la-generalitat-dice-que-calatrava-no-puede-hacer-exigencias-a-estas-alturas\/","og:image":"https:\/\/www.eldigitaldeasturias.com\/noticias\/wp-content\/uploads\/2026\/06\/Contenidos.jpg","og:image:secure_url":"https:\/\/www.eldigitaldeasturias.com\/noticias\/wp-content\/uploads\/2026\/06\/Contenidos.jpg","og:image:width":1265,"og:image:height":697,"article:tag":["actualidad"],"article:published_time":"2014-01-31T19:47:46+00:00","article:modified_time":"2014-01-31T19:47:46+00:00","article:publisher":"https:\/\/facebook.com\/eldigitaldeasturias","twitter:card":"summary_large_image","twitter:title":"La Generalitat dice que Calatrava \u00abno puede hacer exigencias a estas alturas\u00bb - El Digital de Asturias","twitter:description":"(EFE).- El vicepresidente del Gobierno valenciano, Jos\u00e9 C\u00edscar, ha afirmado hoy que el arquitecto Santiago Calatrava &quot;no puede hacer exigencias a estas alturas&quot; y ha a\u00f1adido que no existe un &quot;calendario cerrado&quot; para sustituir la cubierta cer\u00e1mica del Palau de Les Arts tras los desprendimientos. C\u00edscar se ha pronunciado as\u00ed en una rueda de prensa","twitter:image":"https:\/\/www.eldigitaldeasturias.com\/noticias\/wp-content\/uploads\/2026\/06\/Contenidos.jpg","twitter:label1":"Escrito por","twitter:data1":"El Digital de Asturias","twitter:label2":"Tiempo de lectura estimado","twitter:data2":"3 minutos"},"aioseo_meta_data":{"post_id":"481267","title":null,"description":null,"keywords":null,"keyphrases":null,"primary_term":null,"canonical_url":null,"og_title":null,"og_description":null,"og_object_type":"default","og_image_type":"default","og_image_url":null,"og_image_width":null,"og_image_height":null,"og_image_custom_url":null,"og_image_custom_fields":null,"og_video":null,"og_custom_url":null,"og_article_section":null,"og_article_tags":null,"twitter_use_og":true,"twitter_card":"default","twitter_image_type":"default","twitter_image_url":null,"twitter_image_custom_url":null,"twitter_image_custom_fields":null,"twitter_title":null,"twitter_description":null,"schema":{"blockGraphs":[],"customGraphs":[],"default":{"data":{"Article":[],"Course":[],"Dataset":[],"FAQPage":[],"Movie":[],"Person":[],"Product":[],"ProductReview":[],"Car":[],"Recipe":[],"Service":[],"SoftwareApplication":[],"WebPage":[]},"graphName":"","isEnabled":true},"graphs":[],"defaultGraph":"","defaultPostTypeGraph":""},"schema_type":null,"schema_type_options":null,"pillar_content":false,"robots_default":true,"robots_noindex":false,"robots_noarchive":false,"robots_nosnippet":false,"robots_nofollow":false,"robots_noimageindex":false,"robots_noodp":false,"robots_notranslate":false,"robots_max_snippet":null,"robots_max_videopreview":null,"robots_max_imagepreview":"none","priority":null,"frequency":null,"local_seo":null,"seo_analyzer_scan_date":"2026-06-02 06:14:45","breadcrumb_settings":null,"limit_modified_date":false,"open_ai":null,"ai":null,"created":"2020-11-14 22:54:18","updated":"2026-06-02 06:14:45","focus_keyword":null,"additional_keywords":null,"truseo_locale":null},"aioseo_breadcrumb":"<div class=\"aioseo-breadcrumbs\"><span class=\"aioseo-breadcrumb\">\n\t<a href=\"https:\/\/www.eldigitaldeasturias.com\/noticias\" title=\"Home\">Home<\/a>\n<\/span><span class=\"aioseo-breadcrumb-separator\">\u2013<\/span><span class=\"aioseo-breadcrumb\">\n\t<a href=\"https:\/\/www.eldigitaldeasturias.com\/noticias\/category\/actualidad\/\" title=\"Actualidad\">Actualidad<\/a>\n<\/span><span class=\"aioseo-breadcrumb-separator\">\u2013<\/span><span class=\"aioseo-breadcrumb\">\n\t<a href=\"https:\/\/www.eldigitaldeasturias.com\/noticias\/la-generalitat-dice-que-calatrava-no-puede-hacer-exigencias-a-estas-alturas\/\" title=\"La Generalitat dice que Calatrava \u00abno puede hacer exigencias a estas alturas\u00bb\">La Generalitat dice que Calatrava \u00abno puede hacer exigencias a estas alturas\u00bb<\/a>\n<\/span><\/div>","aioseo_breadcrumb_json":[{"label":"Home","link":"https:\/\/www.eldigitaldeasturias.com\/noticias"},{"label":"Actualidad","link":"https:\/\/www.eldigitaldeasturias.com\/noticias\/category\/actualidad\/"},{"label":"La Generalitat dice que Calatrava \u00abno puede hacer exigencias a estas alturas\u00bb","link":"https:\/\/www.eldigitaldeasturias.com\/noticias\/la-generalitat-dice-que-calatrava-no-puede-hacer-exigencias-a-estas-alturas\/"}],"_links":{"self":[{"href":"https:\/\/www.eldigitaldeasturias.com\/noticias\/wp-json\/wp\/v2\/posts\/481267","targetHints":{"allow":["GET"]}}],"collection":[{"href":"https:\/\/www.eldigitaldeasturias.com\/noticias\/wp-json\/wp\/v2\/posts"}],"about":[{"href":"https:\/\/www.eldigitaldeasturias.com\/noticias\/wp-json\/wp\/v2\/types\/post"}],"author":[{"embeddable":true,"href":"https:\/\/www.eldigitaldeasturias.com\/noticias\/wp-json\/wp\/v2\/users\/1"}],"replies":[{"embeddable":true,"href":"https:\/\/www.eldigitaldeasturias.com\/noticias\/wp-json\/wp\/v2\/comments?post=481267"}],"version-history":[{"count":0,"href":"https:\/\/www.eldigitaldeasturias.com\/noticias\/wp-json\/wp\/v2\/posts\/481267\/revisions"}],"wp:featuredmedia":[{"embeddable":true,"href":"https:\/\/www.eldigitaldeasturias.com\/noticias\/wp-json\/wp\/v2\/media\/1132184"}],"wp:attachment":[{"href":"https:\/\/www.eldigitaldeasturias.com\/noticias\/wp-json\/wp\/v2\/media?parent=481267"}],"wp:term":[{"taxonomy":"category","embeddable":true,"href":"https:\/\/www.eldigitaldeasturias.com\/noticias\/wp-json\/wp\/v2\/categories?post=481267"},{"taxonomy":"post_tag","embeddable":true,"href":"https:\/\/www.eldigitaldeasturias.com\/noticias\/wp-json\/wp\/v2\/tags?post=481267"}],"curies":[{"name":"wp","href":"https:\/\/api.w.org\/{rel}","templated":true}]}}