{"id":481239,"date":"2014-01-31T18:24:55","date_gmt":"2014-01-31T19:24:55","guid":{"rendered":"http:\/\/www.eldigitaldeasturias.com\/noticias\/?p=481239"},"modified":"2014-01-31T18:24:55","modified_gmt":"2014-01-31T19:24:55","slug":"fin-de-semana-frio-anticipo-de-un-nuevo-temporal-la-proxima-semana","status":"publish","type":"post","link":"https:\/\/www.eldigitaldeasturias.com\/noticias\/fin-de-semana-frio-anticipo-de-un-nuevo-temporal-la-proxima-semana\/","title":{"rendered":"Fin de semana fr\u00edo, anticipo de un nuevo temporal la pr\u00f3xima semana"},"content":{"rendered":"<p><img loading=\"lazy\" decoding=\"async\" class=\"alignleft size-medium wp-image-481240\" alt=\"5896214w\" src=\"https:\/\/www.eldigitaldeasturias.com\/noticias\/wp-content\/uploads\/2014\/01\/5896214w-360x239.jpg\" width=\"360\" height=\"239\" \/>Madrid, 31 ene (EFE).- El fr\u00edo generalizado y la lluvia, que afectar\u00e1n a la mitad norte peninsular durante el s\u00e1bado, marcar\u00e1n el inicio de un fin de semana inestable, anticipo de un nuevo temporal con vientos fuertes y lluvias abundantes a partir de la pr\u00f3xima semana.<\/p>\n<p>Un nuevo frente fr\u00edo, que entra hoy por el noroeste peninsular, dejar\u00e1 lluvias a lo largo de ma\u00f1ana en la mitad norte peninsular, m\u00e1s abundantes y generalizadas en Galicia, ha avanzado a EFEverde el portavoz de la Agencia Estatal de Meteorolog\u00eda (Aemet), Ferm\u00edn Elizaga.<\/p>\n<p>\u00abEsta situaci\u00f3n no remitir\u00e1 ya que a partir de la semana que viene llover\u00e1 todos los d\u00edas en las regiones de la vertiente atl\u00e1ntica\u00bb.<\/p>\n<p>Seg\u00fan Elizaga, las lluvias que comenzar\u00e1n esta noche se prolongar\u00e1n durante las primeras horas del s\u00e1bado aunque en zonas de Castilla y Le\u00f3n, Madrid, Extremadura y Andaluc\u00eda ser\u00e1n algo m\u00e1s d\u00e9biles.<\/p>\n<p>\u00abEl frente ir\u00e1 perdiendo actividad a lo largo del d\u00eda\u00bb, ha se\u00f1alado el meteor\u00f3logo, por lo que la Aemet espera que las precipitaciones desaparezcan el s\u00e1bado por la tarde en todas las regiones salvo en Galicia y el extremo norte peninsular.<\/p>\n<p>El domingo amanecer\u00e1 con tiempo estable y poca nubosidad en la mayor parte de Espa\u00f1a, excepto el extremo noroeste, donde las lluvias ser\u00e1n m\u00e1s persistentes.<\/p>\n<p>En cuanto a las temperaturas, la Aemet prev\u00e9 un fin de semana \u00abm\u00e1s fr\u00edo\u00bb, marcado por un descenso de unos dos o tres grados cent\u00edgrados que afectar\u00e1 de forma generalizada a todo el territorio peninsular y a las Islas Baleares y dejar\u00e1 heladas durante la madrugada.<\/p>\n<p>La cota de nieve ir\u00e1 descendiendo a lo largo de la jornada hasta situarse en torno a los 400-500 metros en el extremo norte, por lo que se esperan nevadas a \u00faltimas horas del s\u00e1bado en zonas de los Pirineos y en el resto del norte peninsular.<\/p>\n<p>Adem\u00e1s, la Aemet ha activado alerta naranja (riesgo importante) por fen\u00f3menos costeros adversos para todo el fin de semana en el litoral cant\u00e1brico y Galicia, donde las olas podr\u00e1n superar los 8 metros de altura.<\/p>\n<p>\u00abEs una alerta naranja que est\u00e1 muy cerca del nivel rojo\u00bb, ha advertido Elizaga, lo que seg\u00fan la Aemet supone \u00abriesgo extremo para las personas\u00bb.<\/p>\n<p>Por su parte, Protecci\u00f3n Civil y Emergencias han alertado hoy por viento en zonas de monta\u00f1a del nordeste peninsular, especialmente Teruel y Tarragona, y vientos costeros, m\u00e1s fuertes en Galicia y la cornisa cant\u00e1brica y de menor intensidad en Baleares, Catalu\u00f1a, Andaluc\u00eda oriental y Melilla.<\/p>\n<p>El mal tiempo se mantendr\u00e1 durante la pr\u00f3xima semana, ha apuntado Elizaga, debido a la entrada \u00abdiaria\u00bb de frentes atl\u00e1nticos que dejar\u00e1n abundantes y persistentes precipitaciones en toda la vertiente atl\u00e1ntica.<\/p>\n<p>El conjunto de estos frentes, con vientos de suroeste que podr\u00edan ser fuertes, podr\u00e1n provocar un temporal de lluvia y viento a mitad de semana, en torno al mi\u00e9rcoles o el jueves.<\/p>\n<p>Nos obstante, ha remarcado Elizaga, las lluvias no afectar\u00e1n en ning\u00fan momento al litoral mediterr\u00e1neo.<\/p>\n<p>Un temporal que vendr\u00e1 acompa\u00f1ado de un subida significativa de las temperaturas, ya que, pese a los frentes, el viento soplar\u00e1 c\u00e1lido del suroeste.<\/p>\n<p>El fin de semana ser\u00e1 \u00abuna tregua de lluvia en casi toda la pen\u00ednsula excepto Galicia\u00bb, ha concluido Elizaga, pero las precipitaciones vuelven con fuerza durante la primera semana de febrero.<\/p>\n","protected":false},"excerpt":{"rendered":"<p>Madrid, 31 ene (EFE).- El fr\u00edo generalizado y la lluvia, que afectar\u00e1n a la mitad norte peninsular durante el s\u00e1bado, marcar\u00e1n el inicio de un fin de semana inestable, anticipo de un nuevo temporal con vientos fuertes y lluvias abundantes a partir de la pr\u00f3xima semana. Un nuevo frente fr\u00edo, que entra hoy por el [&hellip;]<\/p>\n","protected":false},"author":1,"featured_media":1132184,"comment_status":"closed","ping_status":"open","sticky":false,"template":"","format":"standard","meta":{"footnotes":""},"categories":[1],"tags":[],"class_list":["post-481239","post","type-post","status-publish","format-standard","has-post-thumbnail","hentry","category-actualidad"],"aioseo_notices":[],"aioseo_head":"\n\t\t<!-- All in One SEO Pro 5.0.1 - aioseo.com -->\n\t<meta name=\"description\" content=\"Madrid, 31 ene (EFE).- El fr\u00edo generalizado y la lluvia, que afectar\u00e1n a la mitad norte peninsular durante el s\u00e1bado, marcar\u00e1n el inicio de un fin de semana inestable, anticipo de un nuevo temporal con vientos fuertes y lluvias abundantes a partir de la pr\u00f3xima semana. Un nuevo frente fr\u00edo, que entra hoy por el\" \/>\n\t<meta name=\"robots\" content=\"max-image-preview:large\" \/>\n\t<meta name=\"author\" content=\"El Digital de Asturias\"\/>\n\t<meta name=\"google-site-verification\" content=\"UA-38556648-1\" \/>\n\t<meta name=\"msvalidate.01\" content=\"7dfe9f3f1b24437ab69f4f2559babe99\" \/>\n\t<meta name=\"keywords\" content=\"actualidad\" \/>\n\t<link rel=\"canonical\" href=\"https:\/\/www.eldigitaldeasturias.com\/noticias\/fin-de-semana-frio-anticipo-de-un-nuevo-temporal-la-proxima-semana\/\" \/>\n\t<meta name=\"generator\" content=\"All in One SEO Pro (AIOSEO) 5.0.1\" \/>\n\t\t<meta property=\"og:locale\" content=\"es_ES\" \/>\n\t\t<meta property=\"og:site_name\" content=\"El Digital de Asturias\" \/>\n\t\t<meta property=\"og:type\" content=\"article\" \/>\n\t\t<meta property=\"og:title\" content=\"Fin de semana fr\u00edo, anticipo de un nuevo temporal la pr\u00f3xima semana - El Digital de Asturias\" \/>\n\t\t<meta property=\"og:description\" content=\"Madrid, 31 ene (EFE).- El fr\u00edo generalizado y la lluvia, que afectar\u00e1n a la mitad norte peninsular durante el s\u00e1bado, marcar\u00e1n el inicio de un fin de semana inestable, anticipo de un nuevo temporal con vientos fuertes y lluvias abundantes a partir de la pr\u00f3xima semana. Un nuevo frente fr\u00edo, que entra hoy por el\" \/>\n\t\t<meta property=\"og:url\" content=\"https:\/\/www.eldigitaldeasturias.com\/noticias\/fin-de-semana-frio-anticipo-de-un-nuevo-temporal-la-proxima-semana\/\" \/>\n\t\t<meta property=\"og:image\" content=\"https:\/\/www.eldigitaldeasturias.com\/noticias\/wp-content\/uploads\/2026\/06\/Contenidos.jpg\" \/>\n\t\t<meta property=\"og:image:secure_url\" content=\"https:\/\/www.eldigitaldeasturias.com\/noticias\/wp-content\/uploads\/2026\/06\/Contenidos.jpg\" \/>\n\t\t<meta property=\"og:image:width\" content=\"1265\" \/>\n\t\t<meta property=\"og:image:height\" content=\"697\" \/>\n\t\t<meta property=\"article:tag\" content=\"actualidad\" \/>\n\t\t<meta property=\"article:published_time\" content=\"2014-01-31T19:24:55+00:00\" \/>\n\t\t<meta property=\"article:modified_time\" content=\"2014-01-31T19:24:55+00:00\" \/>\n\t\t<meta property=\"article:publisher\" content=\"https:\/\/facebook.com\/eldigitaldeasturias\" \/>\n\t\t<meta name=\"twitter:card\" content=\"summary_large_image\" \/>\n\t\t<meta name=\"twitter:title\" content=\"Fin de semana fr\u00edo, anticipo de un nuevo temporal la pr\u00f3xima semana - El Digital de Asturias\" \/>\n\t\t<meta name=\"twitter:description\" content=\"Madrid, 31 ene (EFE).- El fr\u00edo generalizado y la lluvia, que afectar\u00e1n a la mitad norte peninsular durante el s\u00e1bado, marcar\u00e1n el inicio de un fin de semana inestable, anticipo de un nuevo temporal con vientos fuertes y lluvias abundantes a partir de la pr\u00f3xima semana. Un nuevo frente fr\u00edo, que entra hoy por el\" \/>\n\t\t<meta name=\"twitter:image\" content=\"https:\/\/www.eldigitaldeasturias.com\/noticias\/wp-content\/uploads\/2026\/06\/Contenidos.jpg\" \/>\n\t\t<meta name=\"twitter:label1\" content=\"Escrito por\" \/>\n\t\t<meta name=\"twitter:data1\" content=\"El Digital de Asturias\" \/>\n\t\t<meta name=\"twitter:label2\" content=\"Tiempo de lectura estimado\" \/>\n\t\t<meta name=\"twitter:data2\" content=\"3 minutos\" \/>\n\t\t<script type=\"application\/ld+json\" class=\"aioseo-schema\">\n\t\t\t{\"@context\":\"https:\\\/\\\/schema.org\",\"@graph\":[{\"@type\":\"BlogPosting\",\"@id\":\"https:\\\/\\\/www.eldigitaldeasturias.com\\\/noticias\\\/fin-de-semana-frio-anticipo-de-un-nuevo-temporal-la-proxima-semana\\\/#blogposting\",\"name\":\"Fin de semana fr\\u00edo, anticipo de un nuevo temporal la pr\\u00f3xima semana - El Digital de Asturias\",\"headline\":\"Fin de semana fr\\u00edo, anticipo de un nuevo temporal la pr\\u00f3xima semana\",\"author\":{\"@id\":\"https:\\\/\\\/www.eldigitaldeasturias.com\\\/noticias\\\/author\\\/admin\\\/#author\"},\"publisher\":{\"@id\":\"https:\\\/\\\/www.eldigitaldeasturias.com\\\/noticias\\\/#organization\"},\"image\":{\"@type\":\"ImageObject\",\"url\":\"https:\\\/\\\/www.eldigitaldeasturias.com\\\/noticias\\\/wp-content\\\/uploads\\\/2026\\\/06\\\/Contenidos.jpg\",\"width\":1265,\"height\":697,\"caption\":\"Contenidos\"},\"datePublished\":\"2014-01-31T18:24:55+01:00\",\"dateModified\":\"2014-01-31T18:24:55+01:00\",\"inLanguage\":\"es-ES\",\"mainEntityOfPage\":{\"@id\":\"https:\\\/\\\/www.eldigitaldeasturias.com\\\/noticias\\\/fin-de-semana-frio-anticipo-de-un-nuevo-temporal-la-proxima-semana\\\/#webpage\"},\"isPartOf\":{\"@id\":\"https:\\\/\\\/www.eldigitaldeasturias.com\\\/noticias\\\/fin-de-semana-frio-anticipo-de-un-nuevo-temporal-la-proxima-semana\\\/#webpage\"},\"articleSection\":\"Actualidad\"},{\"@type\":\"BreadcrumbList\",\"@id\":\"https:\\\/\\\/www.eldigitaldeasturias.com\\\/noticias\\\/fin-de-semana-frio-anticipo-de-un-nuevo-temporal-la-proxima-semana\\\/#breadcrumblist\",\"itemListElement\":[{\"@type\":\"ListItem\",\"@id\":\"https:\\\/\\\/www.eldigitaldeasturias.com\\\/noticias#listItem\",\"position\":1,\"name\":\"Home\",\"item\":\"https:\\\/\\\/www.eldigitaldeasturias.com\\\/noticias\",\"nextItem\":{\"@type\":\"ListItem\",\"@id\":\"https:\\\/\\\/www.eldigitaldeasturias.com\\\/noticias\\\/category\\\/actualidad\\\/#listItem\",\"name\":\"Actualidad\"}},{\"@type\":\"ListItem\",\"@id\":\"https:\\\/\\\/www.eldigitaldeasturias.com\\\/noticias\\\/category\\\/actualidad\\\/#listItem\",\"position\":2,\"name\":\"Actualidad\",\"item\":\"https:\\\/\\\/www.eldigitaldeasturias.com\\\/noticias\\\/category\\\/actualidad\\\/\",\"nextItem\":{\"@type\":\"ListItem\",\"@id\":\"https:\\\/\\\/www.eldigitaldeasturias.com\\\/noticias\\\/fin-de-semana-frio-anticipo-de-un-nuevo-temporal-la-proxima-semana\\\/#listItem\",\"name\":\"Fin de semana fr\\u00edo, anticipo de un nuevo temporal la pr\\u00f3xima semana\"},\"previousItem\":{\"@type\":\"ListItem\",\"@id\":\"https:\\\/\\\/www.eldigitaldeasturias.com\\\/noticias#listItem\",\"name\":\"Home\"}},{\"@type\":\"ListItem\",\"@id\":\"https:\\\/\\\/www.eldigitaldeasturias.com\\\/noticias\\\/fin-de-semana-frio-anticipo-de-un-nuevo-temporal-la-proxima-semana\\\/#listItem\",\"position\":3,\"name\":\"Fin de semana fr\\u00edo, anticipo de un nuevo temporal la pr\\u00f3xima semana\",\"previousItem\":{\"@type\":\"ListItem\",\"@id\":\"https:\\\/\\\/www.eldigitaldeasturias.com\\\/noticias\\\/category\\\/actualidad\\\/#listItem\",\"name\":\"Actualidad\"}}]},{\"@type\":\"Organization\",\"@id\":\"https:\\\/\\\/www.eldigitaldeasturias.com\\\/noticias\\\/#organization\",\"name\":\"El Digital de Asturias\",\"description\":\"Hemeroteca\",\"url\":\"https:\\\/\\\/www.eldigitaldeasturias.com\\\/noticias\\\/\",\"email\":\"info@eldigitaldeasturias.com\",\"telephone\":\"+34652131393\",\"logo\":{\"@type\":\"ImageObject\",\"url\":\"https:\\\/\\\/www.eldigitaldeasturias.com\\\/noticias\\\/wp-content\\\/uploads\\\/2020\\\/12\\\/EDA.jpg\",\"@id\":\"https:\\\/\\\/www.eldigitaldeasturias.com\\\/noticias\\\/fin-de-semana-frio-anticipo-de-un-nuevo-temporal-la-proxima-semana\\\/#organizationLogo\"},\"image\":{\"@id\":\"https:\\\/\\\/www.eldigitaldeasturias.com\\\/noticias\\\/fin-de-semana-frio-anticipo-de-un-nuevo-temporal-la-proxima-semana\\\/#organizationLogo\"},\"sameAs\":[\"https:\\\/\\\/facebook.com\\\/eldigitaldeasturias\",\"https:\\\/\\\/www.youtube.com\\\/channel\\\/UCZP-2wLEB9Rv6erhFmqVnvg\"],\"address\":{\"@id\":\"https:\\\/\\\/www.eldigitaldeasturias.com\\\/noticias\\\/#postaladdress\",\"@type\":\"PostalAddress\",\"streetAddress\":\"san antonio 4\",\"postalCode\":\"33430\",\"addressLocality\":\"Cand\\u00e1s\",\"addressRegion\":\"Asturias\",\"addressCountry\":\"ES\"}},{\"@type\":\"Person\",\"@id\":\"https:\\\/\\\/www.eldigitaldeasturias.com\\\/noticias\\\/author\\\/admin\\\/#author\",\"url\":\"https:\\\/\\\/www.eldigitaldeasturias.com\\\/noticias\\\/author\\\/admin\\\/\",\"name\":\"El Digital de Asturias\",\"image\":{\"@type\":\"ImageObject\",\"@id\":\"https:\\\/\\\/www.eldigitaldeasturias.com\\\/noticias\\\/fin-de-semana-frio-anticipo-de-un-nuevo-temporal-la-proxima-semana\\\/#authorImage\",\"url\":\"https:\\\/\\\/secure.gravatar.com\\\/avatar\\\/df2aeffc32bcd13f8d26072ef8a91b623d677766deac7f97ca815868cd41bf5e?s=96&d=mm&r=g\",\"width\":96,\"height\":96,\"caption\":\"El Digital de Asturias\"}},{\"@type\":\"WebPage\",\"@id\":\"https:\\\/\\\/www.eldigitaldeasturias.com\\\/noticias\\\/fin-de-semana-frio-anticipo-de-un-nuevo-temporal-la-proxima-semana\\\/#webpage\",\"url\":\"https:\\\/\\\/www.eldigitaldeasturias.com\\\/noticias\\\/fin-de-semana-frio-anticipo-de-un-nuevo-temporal-la-proxima-semana\\\/\",\"name\":\"Fin de semana fr\\u00edo, anticipo de un nuevo temporal la pr\\u00f3xima semana - El Digital de Asturias\",\"description\":\"Madrid, 31 ene (EFE).- El fr\\u00edo generalizado y la lluvia, que afectar\\u00e1n a la mitad norte peninsular durante el s\\u00e1bado, marcar\\u00e1n el inicio de un fin de semana inestable, anticipo de un nuevo temporal con vientos fuertes y lluvias abundantes a partir de la pr\\u00f3xima semana. Un nuevo frente fr\\u00edo, que entra hoy por el\",\"inLanguage\":\"es-ES\",\"isPartOf\":{\"@id\":\"https:\\\/\\\/www.eldigitaldeasturias.com\\\/noticias\\\/#website\"},\"breadcrumb\":{\"@id\":\"https:\\\/\\\/www.eldigitaldeasturias.com\\\/noticias\\\/fin-de-semana-frio-anticipo-de-un-nuevo-temporal-la-proxima-semana\\\/#breadcrumblist\"},\"author\":{\"@id\":\"https:\\\/\\\/www.eldigitaldeasturias.com\\\/noticias\\\/author\\\/admin\\\/#author\"},\"creator\":{\"@id\":\"https:\\\/\\\/www.eldigitaldeasturias.com\\\/noticias\\\/author\\\/admin\\\/#author\"},\"image\":{\"@type\":\"ImageObject\",\"url\":\"https:\\\/\\\/www.eldigitaldeasturias.com\\\/noticias\\\/wp-content\\\/uploads\\\/2026\\\/06\\\/Contenidos.jpg\",\"@id\":\"https:\\\/\\\/www.eldigitaldeasturias.com\\\/noticias\\\/fin-de-semana-frio-anticipo-de-un-nuevo-temporal-la-proxima-semana\\\/#mainImage\",\"width\":1265,\"height\":697,\"caption\":\"Contenidos\"},\"primaryImageOfPage\":{\"@id\":\"https:\\\/\\\/www.eldigitaldeasturias.com\\\/noticias\\\/fin-de-semana-frio-anticipo-de-un-nuevo-temporal-la-proxima-semana\\\/#mainImage\"},\"datePublished\":\"2014-01-31T18:24:55+01:00\",\"dateModified\":\"2014-01-31T18:24:55+01:00\"},{\"@type\":\"WebSite\",\"@id\":\"https:\\\/\\\/www.eldigitaldeasturias.com\\\/noticias\\\/#website\",\"url\":\"https:\\\/\\\/www.eldigitaldeasturias.com\\\/noticias\\\/\",\"name\":\"El Digital de Asturias - Diario de actualidad y noticias\",\"alternateName\":\"El Digital de Asturias - Diario de actualidad y noticias\",\"description\":\"Hemeroteca\",\"inLanguage\":\"es-ES\",\"publisher\":{\"@id\":\"https:\\\/\\\/www.eldigitaldeasturias.com\\\/noticias\\\/#organization\"}}]}\n\t\t<\/script>\n\t\t<!-- All in One SEO Pro -->\r\n\t\t<title>Fin de semana fr\u00edo, anticipo de un nuevo temporal la pr\u00f3xima semana - El Digital de Asturias<\/title>\n\n","aioseo_head_json":{"title":"Fin de semana fr\u00edo, anticipo de un nuevo temporal la pr\u00f3xima semana - El Digital de Asturias","description":"Madrid, 31 ene (EFE).- El fr\u00edo generalizado y la lluvia, que afectar\u00e1n a la mitad norte peninsular durante el s\u00e1bado, marcar\u00e1n el inicio de un fin de semana inestable, anticipo de un nuevo temporal con vientos fuertes y lluvias abundantes a partir de la pr\u00f3xima semana. Un nuevo frente fr\u00edo, que entra hoy por el","canonical_url":"https:\/\/www.eldigitaldeasturias.com\/noticias\/fin-de-semana-frio-anticipo-de-un-nuevo-temporal-la-proxima-semana\/","robots":"max-image-preview:large","keywords":"actualidad","webmasterTools":{"google-site-verification":"UA-38556648-1","msvalidate.01":"7dfe9f3f1b24437ab69f4f2559babe99","miscellaneous":""},"schema":{"@context":"https:\/\/schema.org","@graph":[{"@type":"BlogPosting","@id":"https:\/\/www.eldigitaldeasturias.com\/noticias\/fin-de-semana-frio-anticipo-de-un-nuevo-temporal-la-proxima-semana\/#blogposting","name":"Fin de semana fr\u00edo, anticipo de un nuevo temporal la pr\u00f3xima semana - El Digital de Asturias","headline":"Fin de semana fr\u00edo, anticipo de un nuevo temporal la pr\u00f3xima semana","author":{"@id":"https:\/\/www.eldigitaldeasturias.com\/noticias\/author\/admin\/#author"},"publisher":{"@id":"https:\/\/www.eldigitaldeasturias.com\/noticias\/#organization"},"image":{"@type":"ImageObject","url":"https:\/\/www.eldigitaldeasturias.com\/noticias\/wp-content\/uploads\/2026\/06\/Contenidos.jpg","width":1265,"height":697,"caption":"Contenidos"},"datePublished":"2014-01-31T18:24:55+01:00","dateModified":"2014-01-31T18:24:55+01:00","inLanguage":"es-ES","mainEntityOfPage":{"@id":"https:\/\/www.eldigitaldeasturias.com\/noticias\/fin-de-semana-frio-anticipo-de-un-nuevo-temporal-la-proxima-semana\/#webpage"},"isPartOf":{"@id":"https:\/\/www.eldigitaldeasturias.com\/noticias\/fin-de-semana-frio-anticipo-de-un-nuevo-temporal-la-proxima-semana\/#webpage"},"articleSection":"Actualidad"},{"@type":"BreadcrumbList","@id":"https:\/\/www.eldigitaldeasturias.com\/noticias\/fin-de-semana-frio-anticipo-de-un-nuevo-temporal-la-proxima-semana\/#breadcrumblist","itemListElement":[{"@type":"ListItem","@id":"https:\/\/www.eldigitaldeasturias.com\/noticias#listItem","position":1,"name":"Home","item":"https:\/\/www.eldigitaldeasturias.com\/noticias","nextItem":{"@type":"ListItem","@id":"https:\/\/www.eldigitaldeasturias.com\/noticias\/category\/actualidad\/#listItem","name":"Actualidad"}},{"@type":"ListItem","@id":"https:\/\/www.eldigitaldeasturias.com\/noticias\/category\/actualidad\/#listItem","position":2,"name":"Actualidad","item":"https:\/\/www.eldigitaldeasturias.com\/noticias\/category\/actualidad\/","nextItem":{"@type":"ListItem","@id":"https:\/\/www.eldigitaldeasturias.com\/noticias\/fin-de-semana-frio-anticipo-de-un-nuevo-temporal-la-proxima-semana\/#listItem","name":"Fin de semana fr\u00edo, anticipo de un nuevo temporal la pr\u00f3xima semana"},"previousItem":{"@type":"ListItem","@id":"https:\/\/www.eldigitaldeasturias.com\/noticias#listItem","name":"Home"}},{"@type":"ListItem","@id":"https:\/\/www.eldigitaldeasturias.com\/noticias\/fin-de-semana-frio-anticipo-de-un-nuevo-temporal-la-proxima-semana\/#listItem","position":3,"name":"Fin de semana fr\u00edo, anticipo de un nuevo temporal la pr\u00f3xima semana","previousItem":{"@type":"ListItem","@id":"https:\/\/www.eldigitaldeasturias.com\/noticias\/category\/actualidad\/#listItem","name":"Actualidad"}}]},{"@type":"Organization","@id":"https:\/\/www.eldigitaldeasturias.com\/noticias\/#organization","name":"El Digital de Asturias","description":"Hemeroteca","url":"https:\/\/www.eldigitaldeasturias.com\/noticias\/","email":"info@eldigitaldeasturias.com","telephone":"+34652131393","logo":{"@type":"ImageObject","url":"https:\/\/www.eldigitaldeasturias.com\/noticias\/wp-content\/uploads\/2020\/12\/EDA.jpg","@id":"https:\/\/www.eldigitaldeasturias.com\/noticias\/fin-de-semana-frio-anticipo-de-un-nuevo-temporal-la-proxima-semana\/#organizationLogo"},"image":{"@id":"https:\/\/www.eldigitaldeasturias.com\/noticias\/fin-de-semana-frio-anticipo-de-un-nuevo-temporal-la-proxima-semana\/#organizationLogo"},"sameAs":["https:\/\/facebook.com\/eldigitaldeasturias","https:\/\/www.youtube.com\/channel\/UCZP-2wLEB9Rv6erhFmqVnvg"],"address":{"@id":"https:\/\/www.eldigitaldeasturias.com\/noticias\/#postaladdress","@type":"PostalAddress","streetAddress":"san antonio 4","postalCode":"33430","addressLocality":"Cand\u00e1s","addressRegion":"Asturias","addressCountry":"ES"}},{"@type":"Person","@id":"https:\/\/www.eldigitaldeasturias.com\/noticias\/author\/admin\/#author","url":"https:\/\/www.eldigitaldeasturias.com\/noticias\/author\/admin\/","name":"El Digital de Asturias","image":{"@type":"ImageObject","@id":"https:\/\/www.eldigitaldeasturias.com\/noticias\/fin-de-semana-frio-anticipo-de-un-nuevo-temporal-la-proxima-semana\/#authorImage","url":"https:\/\/secure.gravatar.com\/avatar\/df2aeffc32bcd13f8d26072ef8a91b623d677766deac7f97ca815868cd41bf5e?s=96&d=mm&r=g","width":96,"height":96,"caption":"El Digital de Asturias"}},{"@type":"WebPage","@id":"https:\/\/www.eldigitaldeasturias.com\/noticias\/fin-de-semana-frio-anticipo-de-un-nuevo-temporal-la-proxima-semana\/#webpage","url":"https:\/\/www.eldigitaldeasturias.com\/noticias\/fin-de-semana-frio-anticipo-de-un-nuevo-temporal-la-proxima-semana\/","name":"Fin de semana fr\u00edo, anticipo de un nuevo temporal la pr\u00f3xima semana - El Digital de Asturias","description":"Madrid, 31 ene (EFE).- El fr\u00edo generalizado y la lluvia, que afectar\u00e1n a la mitad norte peninsular durante el s\u00e1bado, marcar\u00e1n el inicio de un fin de semana inestable, anticipo de un nuevo temporal con vientos fuertes y lluvias abundantes a partir de la pr\u00f3xima semana. Un nuevo frente fr\u00edo, que entra hoy por el","inLanguage":"es-ES","isPartOf":{"@id":"https:\/\/www.eldigitaldeasturias.com\/noticias\/#website"},"breadcrumb":{"@id":"https:\/\/www.eldigitaldeasturias.com\/noticias\/fin-de-semana-frio-anticipo-de-un-nuevo-temporal-la-proxima-semana\/#breadcrumblist"},"author":{"@id":"https:\/\/www.eldigitaldeasturias.com\/noticias\/author\/admin\/#author"},"creator":{"@id":"https:\/\/www.eldigitaldeasturias.com\/noticias\/author\/admin\/#author"},"image":{"@type":"ImageObject","url":"https:\/\/www.eldigitaldeasturias.com\/noticias\/wp-content\/uploads\/2026\/06\/Contenidos.jpg","@id":"https:\/\/www.eldigitaldeasturias.com\/noticias\/fin-de-semana-frio-anticipo-de-un-nuevo-temporal-la-proxima-semana\/#mainImage","width":1265,"height":697,"caption":"Contenidos"},"primaryImageOfPage":{"@id":"https:\/\/www.eldigitaldeasturias.com\/noticias\/fin-de-semana-frio-anticipo-de-un-nuevo-temporal-la-proxima-semana\/#mainImage"},"datePublished":"2014-01-31T18:24:55+01:00","dateModified":"2014-01-31T18:24:55+01:00"},{"@type":"WebSite","@id":"https:\/\/www.eldigitaldeasturias.com\/noticias\/#website","url":"https:\/\/www.eldigitaldeasturias.com\/noticias\/","name":"El Digital de Asturias - Diario de actualidad y noticias","alternateName":"El Digital de Asturias - Diario de actualidad y noticias","description":"Hemeroteca","inLanguage":"es-ES","publisher":{"@id":"https:\/\/www.eldigitaldeasturias.com\/noticias\/#organization"}}]},"og:locale":"es_ES","og:site_name":"El Digital de Asturias","og:type":"article","og:title":"Fin de semana fr\u00edo, anticipo de un nuevo temporal la pr\u00f3xima semana - El Digital de Asturias","og:description":"Madrid, 31 ene (EFE).- El fr\u00edo generalizado y la lluvia, que afectar\u00e1n a la mitad norte peninsular durante el s\u00e1bado, marcar\u00e1n el inicio de un fin de semana inestable, anticipo de un nuevo temporal con vientos fuertes y lluvias abundantes a partir de la pr\u00f3xima semana. Un nuevo frente fr\u00edo, que entra hoy por el","og:url":"https:\/\/www.eldigitaldeasturias.com\/noticias\/fin-de-semana-frio-anticipo-de-un-nuevo-temporal-la-proxima-semana\/","og:image":"https:\/\/www.eldigitaldeasturias.com\/noticias\/wp-content\/uploads\/2026\/06\/Contenidos.jpg","og:image:secure_url":"https:\/\/www.eldigitaldeasturias.com\/noticias\/wp-content\/uploads\/2026\/06\/Contenidos.jpg","og:image:width":1265,"og:image:height":697,"article:tag":["actualidad"],"article:published_time":"2014-01-31T19:24:55+00:00","article:modified_time":"2014-01-31T19:24:55+00:00","article:publisher":"https:\/\/facebook.com\/eldigitaldeasturias","twitter:card":"summary_large_image","twitter:title":"Fin de semana fr\u00edo, anticipo de un nuevo temporal la pr\u00f3xima semana - El Digital de Asturias","twitter:description":"Madrid, 31 ene (EFE).- El fr\u00edo generalizado y la lluvia, que afectar\u00e1n a la mitad norte peninsular durante el s\u00e1bado, marcar\u00e1n el inicio de un fin de semana inestable, anticipo de un nuevo temporal con vientos fuertes y lluvias abundantes a partir de la pr\u00f3xima semana. Un nuevo frente fr\u00edo, que entra hoy por el","twitter:image":"https:\/\/www.eldigitaldeasturias.com\/noticias\/wp-content\/uploads\/2026\/06\/Contenidos.jpg","twitter:label1":"Escrito por","twitter:data1":"El Digital de Asturias","twitter:label2":"Tiempo de lectura estimado","twitter:data2":"3 minutos"},"aioseo_meta_data":{"post_id":"481239","title":null,"description":null,"keywords":null,"keyphrases":null,"primary_term":null,"canonical_url":null,"og_title":null,"og_description":null,"og_object_type":"default","og_image_type":"default","og_image_url":null,"og_image_width":null,"og_image_height":null,"og_image_custom_url":null,"og_image_custom_fields":null,"og_video":null,"og_custom_url":null,"og_article_section":null,"og_article_tags":null,"twitter_use_og":true,"twitter_card":"default","twitter_image_type":"default","twitter_image_url":null,"twitter_image_custom_url":null,"twitter_image_custom_fields":null,"twitter_title":null,"twitter_description":null,"schema":{"blockGraphs":[],"customGraphs":[],"default":{"data":{"Article":[],"Course":[],"Dataset":[],"FAQPage":[],"Movie":[],"Person":[],"Product":[],"ProductReview":[],"Car":[],"Recipe":[],"Service":[],"SoftwareApplication":[],"WebPage":[]},"graphName":"","isEnabled":true},"graphs":[],"defaultGraph":"","defaultPostTypeGraph":""},"schema_type":null,"schema_type_options":null,"pillar_content":false,"robots_default":true,"robots_noindex":false,"robots_noarchive":false,"robots_nosnippet":false,"robots_nofollow":false,"robots_noimageindex":false,"robots_noodp":false,"robots_notranslate":false,"robots_max_snippet":null,"robots_max_videopreview":null,"robots_max_imagepreview":"none","priority":null,"frequency":null,"local_seo":null,"seo_analyzer_scan_date":"2026-06-02 06:10:49","breadcrumb_settings":null,"limit_modified_date":false,"open_ai":null,"ai":null,"created":"2020-11-14 22:54:18","updated":"2026-06-02 06:10:49","focus_keyword":null,"additional_keywords":null,"truseo_locale":null},"aioseo_breadcrumb":"<div class=\"aioseo-breadcrumbs\"><span class=\"aioseo-breadcrumb\">\n\t<a href=\"https:\/\/www.eldigitaldeasturias.com\/noticias\" title=\"Home\">Home<\/a>\n<\/span><span class=\"aioseo-breadcrumb-separator\">\u2013<\/span><span class=\"aioseo-breadcrumb\">\n\t<a href=\"https:\/\/www.eldigitaldeasturias.com\/noticias\/category\/actualidad\/\" title=\"Actualidad\">Actualidad<\/a>\n<\/span><span class=\"aioseo-breadcrumb-separator\">\u2013<\/span><span class=\"aioseo-breadcrumb\">\n\t<a href=\"https:\/\/www.eldigitaldeasturias.com\/noticias\/fin-de-semana-frio-anticipo-de-un-nuevo-temporal-la-proxima-semana\/\" title=\"Fin de semana fr\u00edo, anticipo de un nuevo temporal la pr\u00f3xima semana\">Fin de semana fr\u00edo, anticipo de un nuevo temporal la pr\u00f3xima semana<\/a>\n<\/span><\/div>","aioseo_breadcrumb_json":[{"label":"Home","link":"https:\/\/www.eldigitaldeasturias.com\/noticias"},{"label":"Actualidad","link":"https:\/\/www.eldigitaldeasturias.com\/noticias\/category\/actualidad\/"},{"label":"Fin de semana fr\u00edo, anticipo de un nuevo temporal la pr\u00f3xima semana","link":"https:\/\/www.eldigitaldeasturias.com\/noticias\/fin-de-semana-frio-anticipo-de-un-nuevo-temporal-la-proxima-semana\/"}],"_links":{"self":[{"href":"https:\/\/www.eldigitaldeasturias.com\/noticias\/wp-json\/wp\/v2\/posts\/481239","targetHints":{"allow":["GET"]}}],"collection":[{"href":"https:\/\/www.eldigitaldeasturias.com\/noticias\/wp-json\/wp\/v2\/posts"}],"about":[{"href":"https:\/\/www.eldigitaldeasturias.com\/noticias\/wp-json\/wp\/v2\/types\/post"}],"author":[{"embeddable":true,"href":"https:\/\/www.eldigitaldeasturias.com\/noticias\/wp-json\/wp\/v2\/users\/1"}],"replies":[{"embeddable":true,"href":"https:\/\/www.eldigitaldeasturias.com\/noticias\/wp-json\/wp\/v2\/comments?post=481239"}],"version-history":[{"count":0,"href":"https:\/\/www.eldigitaldeasturias.com\/noticias\/wp-json\/wp\/v2\/posts\/481239\/revisions"}],"wp:featuredmedia":[{"embeddable":true,"href":"https:\/\/www.eldigitaldeasturias.com\/noticias\/wp-json\/wp\/v2\/media\/1132184"}],"wp:attachment":[{"href":"https:\/\/www.eldigitaldeasturias.com\/noticias\/wp-json\/wp\/v2\/media?parent=481239"}],"wp:term":[{"taxonomy":"category","embeddable":true,"href":"https:\/\/www.eldigitaldeasturias.com\/noticias\/wp-json\/wp\/v2\/categories?post=481239"},{"taxonomy":"post_tag","embeddable":true,"href":"https:\/\/www.eldigitaldeasturias.com\/noticias\/wp-json\/wp\/v2\/tags?post=481239"}],"curies":[{"name":"wp","href":"https:\/\/api.w.org\/{rel}","templated":true}]}}