{"id":481227,"date":"2014-01-31T17:57:57","date_gmt":"2014-01-31T18:57:57","guid":{"rendered":"http:\/\/www.eldigitaldeasturias.com\/noticias\/?p=481227"},"modified":"2014-01-31T17:57:57","modified_gmt":"2014-01-31T18:57:57","slug":"saenz-de-santamaria-expresa-respeto-al-caso-barcenas-pendiente-de-decision-judicial","status":"publish","type":"post","link":"https:\/\/www.eldigitaldeasturias.com\/noticias\/saenz-de-santamaria-expresa-respeto-al-caso-barcenas-pendiente-de-decision-judicial\/","title":{"rendered":"S\u00e1enz de Santamar\u00eda expresa respeto al caso B\u00e1rcenas, pendiente de decisi\u00f3n judicial"},"content":{"rendered":"<p><img loading=\"lazy\" decoding=\"async\" class=\"alignleft size-medium wp-image-481228\" alt=\"5895887w\" src=\"https:\/\/www.eldigitaldeasturias.com\/noticias\/wp-content\/uploads\/2014\/01\/5895887w-360x252.jpg\" width=\"360\" height=\"252\" \/>Madrid, 31 ene (EFE).- La vicepresidenta del Gobierno, Soraya S\u00e1enz de Santamar\u00eda, ha destacado hoy, cuando se cumple un a\u00f1o de la publicaci\u00f3n de los denominados \u00abpapeles de B\u00e1rcenas\u00bb, que se trata de un caso pendiente de decisi\u00f3n judicial, por lo que ha expresado su \u00abrespeto\u00bb a la misma.<\/p>\n<p>En la rueda de prensa posterior al Consejo de Ministros, S\u00e1enz de Santamar\u00eda se ha expresado as\u00ed al ser preguntada por una valoraci\u00f3n pol\u00edtica del caso B\u00e1rcenas y si el Gobierno lo da por superado desde el punto de vista pol\u00edtico.<\/p>\n<p>\u00abEs un caso que est\u00e1 pendiente de decisi\u00f3n judicial y por tanto nada que decir, salvo el respeto del Gobierno a la misma\u00bb, ha se\u00f1alado S\u00e1enz de Santamar\u00eda.<\/p>\n<p>Para la vicepresidenta, el momento de \u00abmayor dificultad\u00bb ha sido el de \u00abevitar la intervenci\u00f3n de la econom\u00eda espa\u00f1ola y el rescate\u00bb. \u00abEse ha sido el momento peor para el Gobierno, para Espa\u00f1a\u00bb, ha matizado.<\/p>\n<p>\u00abSe ha sorteado y ahora se trata de trabajar para que los ciudadanos empiecen a ver en sus bolsillos la recuperaci\u00f3n\u00bb, ha agregado.<\/p>\n","protected":false},"excerpt":{"rendered":"<p>Madrid, 31 ene (EFE).- La vicepresidenta del Gobierno, Soraya S\u00e1enz de Santamar\u00eda, ha destacado hoy, cuando se cumple un a\u00f1o de la publicaci\u00f3n de los denominados \u00abpapeles de B\u00e1rcenas\u00bb, que se trata de un caso pendiente de decisi\u00f3n judicial, por lo que ha expresado su \u00abrespeto\u00bb a la misma. En la rueda de prensa posterior [&hellip;]<\/p>\n","protected":false},"author":1,"featured_media":1132184,"comment_status":"closed","ping_status":"open","sticky":false,"template":"","format":"standard","meta":{"footnotes":""},"categories":[1],"tags":[],"class_list":["post-481227","post","type-post","status-publish","format-standard","has-post-thumbnail","hentry","category-actualidad"],"aioseo_notices":[],"aioseo_head":"\n\t\t<!-- All in One SEO Pro 5.0.1 - aioseo.com -->\n\t<meta name=\"description\" content=\"Madrid, 31 ene (EFE).- La vicepresidenta del Gobierno, Soraya S\u00e1enz de Santamar\u00eda, ha destacado hoy, cuando se cumple un a\u00f1o de la publicaci\u00f3n de los denominados &quot;papeles de B\u00e1rcenas&quot;, que se trata de un caso pendiente de decisi\u00f3n judicial, por lo que ha expresado su &quot;respeto&quot; a la misma. En la rueda de prensa posterior\" \/>\n\t<meta name=\"robots\" content=\"max-image-preview:large\" \/>\n\t<meta name=\"author\" content=\"El Digital de Asturias\"\/>\n\t<meta name=\"google-site-verification\" content=\"UA-38556648-1\" \/>\n\t<meta name=\"msvalidate.01\" content=\"7dfe9f3f1b24437ab69f4f2559babe99\" \/>\n\t<meta name=\"keywords\" content=\"actualidad\" \/>\n\t<link rel=\"canonical\" href=\"https:\/\/www.eldigitaldeasturias.com\/noticias\/saenz-de-santamaria-expresa-respeto-al-caso-barcenas-pendiente-de-decision-judicial\/\" \/>\n\t<meta name=\"generator\" content=\"All in One SEO Pro (AIOSEO) 5.0.1\" \/>\n\t\t<meta property=\"og:locale\" content=\"es_ES\" \/>\n\t\t<meta property=\"og:site_name\" content=\"El Digital de Asturias\" \/>\n\t\t<meta property=\"og:type\" content=\"article\" \/>\n\t\t<meta property=\"og:title\" content=\"S\u00e1enz de Santamar\u00eda expresa respeto al caso B\u00e1rcenas, pendiente de decisi\u00f3n judicial - El Digital de Asturias\" \/>\n\t\t<meta property=\"og:description\" content=\"Madrid, 31 ene (EFE).- La vicepresidenta del Gobierno, Soraya S\u00e1enz de Santamar\u00eda, ha destacado hoy, cuando se cumple un a\u00f1o de la publicaci\u00f3n de los denominados &quot;papeles de B\u00e1rcenas&quot;, que se trata de un caso pendiente de decisi\u00f3n judicial, por lo que ha expresado su &quot;respeto&quot; a la misma. En la rueda de prensa posterior\" \/>\n\t\t<meta property=\"og:url\" content=\"https:\/\/www.eldigitaldeasturias.com\/noticias\/saenz-de-santamaria-expresa-respeto-al-caso-barcenas-pendiente-de-decision-judicial\/\" \/>\n\t\t<meta property=\"og:image\" content=\"https:\/\/www.eldigitaldeasturias.com\/noticias\/wp-content\/uploads\/2026\/06\/Contenidos.jpg\" \/>\n\t\t<meta property=\"og:image:secure_url\" content=\"https:\/\/www.eldigitaldeasturias.com\/noticias\/wp-content\/uploads\/2026\/06\/Contenidos.jpg\" \/>\n\t\t<meta property=\"og:image:width\" content=\"1265\" \/>\n\t\t<meta property=\"og:image:height\" content=\"697\" \/>\n\t\t<meta property=\"article:tag\" content=\"actualidad\" \/>\n\t\t<meta property=\"article:published_time\" content=\"2014-01-31T18:57:57+00:00\" \/>\n\t\t<meta property=\"article:modified_time\" content=\"2014-01-31T18:57:57+00:00\" \/>\n\t\t<meta property=\"article:publisher\" content=\"https:\/\/facebook.com\/eldigitaldeasturias\" \/>\n\t\t<meta name=\"twitter:card\" content=\"summary_large_image\" \/>\n\t\t<meta name=\"twitter:title\" content=\"S\u00e1enz de Santamar\u00eda expresa respeto al caso B\u00e1rcenas, pendiente de decisi\u00f3n judicial - El Digital de Asturias\" \/>\n\t\t<meta name=\"twitter:description\" content=\"Madrid, 31 ene (EFE).- La vicepresidenta del Gobierno, Soraya S\u00e1enz de Santamar\u00eda, ha destacado hoy, cuando se cumple un a\u00f1o de la publicaci\u00f3n de los denominados &quot;papeles de B\u00e1rcenas&quot;, que se trata de un caso pendiente de decisi\u00f3n judicial, por lo que ha expresado su &quot;respeto&quot; a la misma. En la rueda de prensa posterior\" \/>\n\t\t<meta name=\"twitter:image\" content=\"https:\/\/www.eldigitaldeasturias.com\/noticias\/wp-content\/uploads\/2026\/06\/Contenidos.jpg\" \/>\n\t\t<meta name=\"twitter:label1\" content=\"Escrito por\" \/>\n\t\t<meta name=\"twitter:data1\" content=\"El Digital de Asturias\" \/>\n\t\t<meta name=\"twitter:label2\" content=\"Tiempo de lectura estimado\" \/>\n\t\t<meta name=\"twitter:data2\" content=\"1 minuto\" \/>\n\t\t<script type=\"application\/ld+json\" class=\"aioseo-schema\">\n\t\t\t{\"@context\":\"https:\\\/\\\/schema.org\",\"@graph\":[{\"@type\":\"BlogPosting\",\"@id\":\"https:\\\/\\\/www.eldigitaldeasturias.com\\\/noticias\\\/saenz-de-santamaria-expresa-respeto-al-caso-barcenas-pendiente-de-decision-judicial\\\/#blogposting\",\"name\":\"S\\u00e1enz de Santamar\\u00eda expresa respeto al caso B\\u00e1rcenas, pendiente de decisi\\u00f3n judicial - El Digital de Asturias\",\"headline\":\"S\\u00e1enz de Santamar\\u00eda expresa respeto al caso B\\u00e1rcenas, pendiente de decisi\\u00f3n judicial\",\"author\":{\"@id\":\"https:\\\/\\\/www.eldigitaldeasturias.com\\\/noticias\\\/author\\\/admin\\\/#author\"},\"publisher\":{\"@id\":\"https:\\\/\\\/www.eldigitaldeasturias.com\\\/noticias\\\/#organization\"},\"image\":{\"@type\":\"ImageObject\",\"url\":\"https:\\\/\\\/www.eldigitaldeasturias.com\\\/noticias\\\/wp-content\\\/uploads\\\/2026\\\/06\\\/Contenidos.jpg\",\"width\":1265,\"height\":697,\"caption\":\"Contenidos\"},\"datePublished\":\"2014-01-31T17:57:57+01:00\",\"dateModified\":\"2014-01-31T17:57:57+01:00\",\"inLanguage\":\"es-ES\",\"mainEntityOfPage\":{\"@id\":\"https:\\\/\\\/www.eldigitaldeasturias.com\\\/noticias\\\/saenz-de-santamaria-expresa-respeto-al-caso-barcenas-pendiente-de-decision-judicial\\\/#webpage\"},\"isPartOf\":{\"@id\":\"https:\\\/\\\/www.eldigitaldeasturias.com\\\/noticias\\\/saenz-de-santamaria-expresa-respeto-al-caso-barcenas-pendiente-de-decision-judicial\\\/#webpage\"},\"articleSection\":\"Actualidad\"},{\"@type\":\"BreadcrumbList\",\"@id\":\"https:\\\/\\\/www.eldigitaldeasturias.com\\\/noticias\\\/saenz-de-santamaria-expresa-respeto-al-caso-barcenas-pendiente-de-decision-judicial\\\/#breadcrumblist\",\"itemListElement\":[{\"@type\":\"ListItem\",\"@id\":\"https:\\\/\\\/www.eldigitaldeasturias.com\\\/noticias#listItem\",\"position\":1,\"name\":\"Home\",\"item\":\"https:\\\/\\\/www.eldigitaldeasturias.com\\\/noticias\",\"nextItem\":{\"@type\":\"ListItem\",\"@id\":\"https:\\\/\\\/www.eldigitaldeasturias.com\\\/noticias\\\/category\\\/actualidad\\\/#listItem\",\"name\":\"Actualidad\"}},{\"@type\":\"ListItem\",\"@id\":\"https:\\\/\\\/www.eldigitaldeasturias.com\\\/noticias\\\/category\\\/actualidad\\\/#listItem\",\"position\":2,\"name\":\"Actualidad\",\"item\":\"https:\\\/\\\/www.eldigitaldeasturias.com\\\/noticias\\\/category\\\/actualidad\\\/\",\"nextItem\":{\"@type\":\"ListItem\",\"@id\":\"https:\\\/\\\/www.eldigitaldeasturias.com\\\/noticias\\\/saenz-de-santamaria-expresa-respeto-al-caso-barcenas-pendiente-de-decision-judicial\\\/#listItem\",\"name\":\"S\\u00e1enz de Santamar\\u00eda expresa respeto al caso B\\u00e1rcenas, pendiente de decisi\\u00f3n judicial\"},\"previousItem\":{\"@type\":\"ListItem\",\"@id\":\"https:\\\/\\\/www.eldigitaldeasturias.com\\\/noticias#listItem\",\"name\":\"Home\"}},{\"@type\":\"ListItem\",\"@id\":\"https:\\\/\\\/www.eldigitaldeasturias.com\\\/noticias\\\/saenz-de-santamaria-expresa-respeto-al-caso-barcenas-pendiente-de-decision-judicial\\\/#listItem\",\"position\":3,\"name\":\"S\\u00e1enz de Santamar\\u00eda expresa respeto al caso B\\u00e1rcenas, pendiente de decisi\\u00f3n judicial\",\"previousItem\":{\"@type\":\"ListItem\",\"@id\":\"https:\\\/\\\/www.eldigitaldeasturias.com\\\/noticias\\\/category\\\/actualidad\\\/#listItem\",\"name\":\"Actualidad\"}}]},{\"@type\":\"Organization\",\"@id\":\"https:\\\/\\\/www.eldigitaldeasturias.com\\\/noticias\\\/#organization\",\"name\":\"El Digital de Asturias\",\"description\":\"Hemeroteca\",\"url\":\"https:\\\/\\\/www.eldigitaldeasturias.com\\\/noticias\\\/\",\"email\":\"info@eldigitaldeasturias.com\",\"telephone\":\"+34652131393\",\"logo\":{\"@type\":\"ImageObject\",\"url\":\"https:\\\/\\\/www.eldigitaldeasturias.com\\\/noticias\\\/wp-content\\\/uploads\\\/2020\\\/12\\\/EDA.jpg\",\"@id\":\"https:\\\/\\\/www.eldigitaldeasturias.com\\\/noticias\\\/saenz-de-santamaria-expresa-respeto-al-caso-barcenas-pendiente-de-decision-judicial\\\/#organizationLogo\"},\"image\":{\"@id\":\"https:\\\/\\\/www.eldigitaldeasturias.com\\\/noticias\\\/saenz-de-santamaria-expresa-respeto-al-caso-barcenas-pendiente-de-decision-judicial\\\/#organizationLogo\"},\"sameAs\":[\"https:\\\/\\\/facebook.com\\\/eldigitaldeasturias\",\"https:\\\/\\\/www.youtube.com\\\/channel\\\/UCZP-2wLEB9Rv6erhFmqVnvg\"],\"address\":{\"@id\":\"https:\\\/\\\/www.eldigitaldeasturias.com\\\/noticias\\\/#postaladdress\",\"@type\":\"PostalAddress\",\"streetAddress\":\"san antonio 4\",\"postalCode\":\"33430\",\"addressLocality\":\"Cand\\u00e1s\",\"addressRegion\":\"Asturias\",\"addressCountry\":\"ES\"}},{\"@type\":\"Person\",\"@id\":\"https:\\\/\\\/www.eldigitaldeasturias.com\\\/noticias\\\/author\\\/admin\\\/#author\",\"url\":\"https:\\\/\\\/www.eldigitaldeasturias.com\\\/noticias\\\/author\\\/admin\\\/\",\"name\":\"El Digital de Asturias\",\"image\":{\"@type\":\"ImageObject\",\"@id\":\"https:\\\/\\\/www.eldigitaldeasturias.com\\\/noticias\\\/saenz-de-santamaria-expresa-respeto-al-caso-barcenas-pendiente-de-decision-judicial\\\/#authorImage\",\"url\":\"https:\\\/\\\/secure.gravatar.com\\\/avatar\\\/df2aeffc32bcd13f8d26072ef8a91b623d677766deac7f97ca815868cd41bf5e?s=96&d=mm&r=g\",\"width\":96,\"height\":96,\"caption\":\"El Digital de Asturias\"}},{\"@type\":\"WebPage\",\"@id\":\"https:\\\/\\\/www.eldigitaldeasturias.com\\\/noticias\\\/saenz-de-santamaria-expresa-respeto-al-caso-barcenas-pendiente-de-decision-judicial\\\/#webpage\",\"url\":\"https:\\\/\\\/www.eldigitaldeasturias.com\\\/noticias\\\/saenz-de-santamaria-expresa-respeto-al-caso-barcenas-pendiente-de-decision-judicial\\\/\",\"name\":\"S\\u00e1enz de Santamar\\u00eda expresa respeto al caso B\\u00e1rcenas, pendiente de decisi\\u00f3n judicial - El Digital de Asturias\",\"description\":\"Madrid, 31 ene (EFE).- La vicepresidenta del Gobierno, Soraya S\\u00e1enz de Santamar\\u00eda, ha destacado hoy, cuando se cumple un a\\u00f1o de la publicaci\\u00f3n de los denominados \\\"papeles de B\\u00e1rcenas\\\", que se trata de un caso pendiente de decisi\\u00f3n judicial, por lo que ha expresado su \\\"respeto\\\" a la misma. En la rueda de prensa posterior\",\"inLanguage\":\"es-ES\",\"isPartOf\":{\"@id\":\"https:\\\/\\\/www.eldigitaldeasturias.com\\\/noticias\\\/#website\"},\"breadcrumb\":{\"@id\":\"https:\\\/\\\/www.eldigitaldeasturias.com\\\/noticias\\\/saenz-de-santamaria-expresa-respeto-al-caso-barcenas-pendiente-de-decision-judicial\\\/#breadcrumblist\"},\"author\":{\"@id\":\"https:\\\/\\\/www.eldigitaldeasturias.com\\\/noticias\\\/author\\\/admin\\\/#author\"},\"creator\":{\"@id\":\"https:\\\/\\\/www.eldigitaldeasturias.com\\\/noticias\\\/author\\\/admin\\\/#author\"},\"image\":{\"@type\":\"ImageObject\",\"url\":\"https:\\\/\\\/www.eldigitaldeasturias.com\\\/noticias\\\/wp-content\\\/uploads\\\/2026\\\/06\\\/Contenidos.jpg\",\"@id\":\"https:\\\/\\\/www.eldigitaldeasturias.com\\\/noticias\\\/saenz-de-santamaria-expresa-respeto-al-caso-barcenas-pendiente-de-decision-judicial\\\/#mainImage\",\"width\":1265,\"height\":697,\"caption\":\"Contenidos\"},\"primaryImageOfPage\":{\"@id\":\"https:\\\/\\\/www.eldigitaldeasturias.com\\\/noticias\\\/saenz-de-santamaria-expresa-respeto-al-caso-barcenas-pendiente-de-decision-judicial\\\/#mainImage\"},\"datePublished\":\"2014-01-31T17:57:57+01:00\",\"dateModified\":\"2014-01-31T17:57:57+01:00\"},{\"@type\":\"WebSite\",\"@id\":\"https:\\\/\\\/www.eldigitaldeasturias.com\\\/noticias\\\/#website\",\"url\":\"https:\\\/\\\/www.eldigitaldeasturias.com\\\/noticias\\\/\",\"name\":\"El Digital de Asturias - Diario de actualidad y noticias\",\"alternateName\":\"El Digital de Asturias - Diario de actualidad y noticias\",\"description\":\"Hemeroteca\",\"inLanguage\":\"es-ES\",\"publisher\":{\"@id\":\"https:\\\/\\\/www.eldigitaldeasturias.com\\\/noticias\\\/#organization\"}}]}\n\t\t<\/script>\n\t\t<!-- All in One SEO Pro -->\r\n\t\t<title>S\u00e1enz de Santamar\u00eda expresa respeto al caso B\u00e1rcenas, pendiente de decisi\u00f3n judicial - El Digital de Asturias<\/title>\n\n","aioseo_head_json":{"title":"S\u00e1enz de Santamar\u00eda expresa respeto al caso B\u00e1rcenas, pendiente de decisi\u00f3n judicial - El Digital de Asturias","description":"Madrid, 31 ene (EFE).- La vicepresidenta del Gobierno, Soraya S\u00e1enz de Santamar\u00eda, ha destacado hoy, cuando se cumple un a\u00f1o de la publicaci\u00f3n de los denominados \"papeles de B\u00e1rcenas\", que se trata de un caso pendiente de decisi\u00f3n judicial, por lo que ha expresado su \"respeto\" a la misma. En la rueda de prensa posterior","canonical_url":"https:\/\/www.eldigitaldeasturias.com\/noticias\/saenz-de-santamaria-expresa-respeto-al-caso-barcenas-pendiente-de-decision-judicial\/","robots":"max-image-preview:large","keywords":"actualidad","webmasterTools":{"google-site-verification":"UA-38556648-1","msvalidate.01":"7dfe9f3f1b24437ab69f4f2559babe99","miscellaneous":""},"schema":{"@context":"https:\/\/schema.org","@graph":[{"@type":"BlogPosting","@id":"https:\/\/www.eldigitaldeasturias.com\/noticias\/saenz-de-santamaria-expresa-respeto-al-caso-barcenas-pendiente-de-decision-judicial\/#blogposting","name":"S\u00e1enz de Santamar\u00eda expresa respeto al caso B\u00e1rcenas, pendiente de decisi\u00f3n judicial - El Digital de Asturias","headline":"S\u00e1enz de Santamar\u00eda expresa respeto al caso B\u00e1rcenas, pendiente de decisi\u00f3n judicial","author":{"@id":"https:\/\/www.eldigitaldeasturias.com\/noticias\/author\/admin\/#author"},"publisher":{"@id":"https:\/\/www.eldigitaldeasturias.com\/noticias\/#organization"},"image":{"@type":"ImageObject","url":"https:\/\/www.eldigitaldeasturias.com\/noticias\/wp-content\/uploads\/2026\/06\/Contenidos.jpg","width":1265,"height":697,"caption":"Contenidos"},"datePublished":"2014-01-31T17:57:57+01:00","dateModified":"2014-01-31T17:57:57+01:00","inLanguage":"es-ES","mainEntityOfPage":{"@id":"https:\/\/www.eldigitaldeasturias.com\/noticias\/saenz-de-santamaria-expresa-respeto-al-caso-barcenas-pendiente-de-decision-judicial\/#webpage"},"isPartOf":{"@id":"https:\/\/www.eldigitaldeasturias.com\/noticias\/saenz-de-santamaria-expresa-respeto-al-caso-barcenas-pendiente-de-decision-judicial\/#webpage"},"articleSection":"Actualidad"},{"@type":"BreadcrumbList","@id":"https:\/\/www.eldigitaldeasturias.com\/noticias\/saenz-de-santamaria-expresa-respeto-al-caso-barcenas-pendiente-de-decision-judicial\/#breadcrumblist","itemListElement":[{"@type":"ListItem","@id":"https:\/\/www.eldigitaldeasturias.com\/noticias#listItem","position":1,"name":"Home","item":"https:\/\/www.eldigitaldeasturias.com\/noticias","nextItem":{"@type":"ListItem","@id":"https:\/\/www.eldigitaldeasturias.com\/noticias\/category\/actualidad\/#listItem","name":"Actualidad"}},{"@type":"ListItem","@id":"https:\/\/www.eldigitaldeasturias.com\/noticias\/category\/actualidad\/#listItem","position":2,"name":"Actualidad","item":"https:\/\/www.eldigitaldeasturias.com\/noticias\/category\/actualidad\/","nextItem":{"@type":"ListItem","@id":"https:\/\/www.eldigitaldeasturias.com\/noticias\/saenz-de-santamaria-expresa-respeto-al-caso-barcenas-pendiente-de-decision-judicial\/#listItem","name":"S\u00e1enz de Santamar\u00eda expresa respeto al caso B\u00e1rcenas, pendiente de decisi\u00f3n judicial"},"previousItem":{"@type":"ListItem","@id":"https:\/\/www.eldigitaldeasturias.com\/noticias#listItem","name":"Home"}},{"@type":"ListItem","@id":"https:\/\/www.eldigitaldeasturias.com\/noticias\/saenz-de-santamaria-expresa-respeto-al-caso-barcenas-pendiente-de-decision-judicial\/#listItem","position":3,"name":"S\u00e1enz de Santamar\u00eda expresa respeto al caso B\u00e1rcenas, pendiente de decisi\u00f3n judicial","previousItem":{"@type":"ListItem","@id":"https:\/\/www.eldigitaldeasturias.com\/noticias\/category\/actualidad\/#listItem","name":"Actualidad"}}]},{"@type":"Organization","@id":"https:\/\/www.eldigitaldeasturias.com\/noticias\/#organization","name":"El Digital de Asturias","description":"Hemeroteca","url":"https:\/\/www.eldigitaldeasturias.com\/noticias\/","email":"info@eldigitaldeasturias.com","telephone":"+34652131393","logo":{"@type":"ImageObject","url":"https:\/\/www.eldigitaldeasturias.com\/noticias\/wp-content\/uploads\/2020\/12\/EDA.jpg","@id":"https:\/\/www.eldigitaldeasturias.com\/noticias\/saenz-de-santamaria-expresa-respeto-al-caso-barcenas-pendiente-de-decision-judicial\/#organizationLogo"},"image":{"@id":"https:\/\/www.eldigitaldeasturias.com\/noticias\/saenz-de-santamaria-expresa-respeto-al-caso-barcenas-pendiente-de-decision-judicial\/#organizationLogo"},"sameAs":["https:\/\/facebook.com\/eldigitaldeasturias","https:\/\/www.youtube.com\/channel\/UCZP-2wLEB9Rv6erhFmqVnvg"],"address":{"@id":"https:\/\/www.eldigitaldeasturias.com\/noticias\/#postaladdress","@type":"PostalAddress","streetAddress":"san antonio 4","postalCode":"33430","addressLocality":"Cand\u00e1s","addressRegion":"Asturias","addressCountry":"ES"}},{"@type":"Person","@id":"https:\/\/www.eldigitaldeasturias.com\/noticias\/author\/admin\/#author","url":"https:\/\/www.eldigitaldeasturias.com\/noticias\/author\/admin\/","name":"El Digital de Asturias","image":{"@type":"ImageObject","@id":"https:\/\/www.eldigitaldeasturias.com\/noticias\/saenz-de-santamaria-expresa-respeto-al-caso-barcenas-pendiente-de-decision-judicial\/#authorImage","url":"https:\/\/secure.gravatar.com\/avatar\/df2aeffc32bcd13f8d26072ef8a91b623d677766deac7f97ca815868cd41bf5e?s=96&d=mm&r=g","width":96,"height":96,"caption":"El Digital de Asturias"}},{"@type":"WebPage","@id":"https:\/\/www.eldigitaldeasturias.com\/noticias\/saenz-de-santamaria-expresa-respeto-al-caso-barcenas-pendiente-de-decision-judicial\/#webpage","url":"https:\/\/www.eldigitaldeasturias.com\/noticias\/saenz-de-santamaria-expresa-respeto-al-caso-barcenas-pendiente-de-decision-judicial\/","name":"S\u00e1enz de Santamar\u00eda expresa respeto al caso B\u00e1rcenas, pendiente de decisi\u00f3n judicial - El Digital de Asturias","description":"Madrid, 31 ene (EFE).- La vicepresidenta del Gobierno, Soraya S\u00e1enz de Santamar\u00eda, ha destacado hoy, cuando se cumple un a\u00f1o de la publicaci\u00f3n de los denominados \"papeles de B\u00e1rcenas\", que se trata de un caso pendiente de decisi\u00f3n judicial, por lo que ha expresado su \"respeto\" a la misma. En la rueda de prensa posterior","inLanguage":"es-ES","isPartOf":{"@id":"https:\/\/www.eldigitaldeasturias.com\/noticias\/#website"},"breadcrumb":{"@id":"https:\/\/www.eldigitaldeasturias.com\/noticias\/saenz-de-santamaria-expresa-respeto-al-caso-barcenas-pendiente-de-decision-judicial\/#breadcrumblist"},"author":{"@id":"https:\/\/www.eldigitaldeasturias.com\/noticias\/author\/admin\/#author"},"creator":{"@id":"https:\/\/www.eldigitaldeasturias.com\/noticias\/author\/admin\/#author"},"image":{"@type":"ImageObject","url":"https:\/\/www.eldigitaldeasturias.com\/noticias\/wp-content\/uploads\/2026\/06\/Contenidos.jpg","@id":"https:\/\/www.eldigitaldeasturias.com\/noticias\/saenz-de-santamaria-expresa-respeto-al-caso-barcenas-pendiente-de-decision-judicial\/#mainImage","width":1265,"height":697,"caption":"Contenidos"},"primaryImageOfPage":{"@id":"https:\/\/www.eldigitaldeasturias.com\/noticias\/saenz-de-santamaria-expresa-respeto-al-caso-barcenas-pendiente-de-decision-judicial\/#mainImage"},"datePublished":"2014-01-31T17:57:57+01:00","dateModified":"2014-01-31T17:57:57+01:00"},{"@type":"WebSite","@id":"https:\/\/www.eldigitaldeasturias.com\/noticias\/#website","url":"https:\/\/www.eldigitaldeasturias.com\/noticias\/","name":"El Digital de Asturias - Diario de actualidad y noticias","alternateName":"El Digital de Asturias - Diario de actualidad y noticias","description":"Hemeroteca","inLanguage":"es-ES","publisher":{"@id":"https:\/\/www.eldigitaldeasturias.com\/noticias\/#organization"}}]},"og:locale":"es_ES","og:site_name":"El Digital de Asturias","og:type":"article","og:title":"S\u00e1enz de Santamar\u00eda expresa respeto al caso B\u00e1rcenas, pendiente de decisi\u00f3n judicial - El Digital de Asturias","og:description":"Madrid, 31 ene (EFE).- La vicepresidenta del Gobierno, Soraya S\u00e1enz de Santamar\u00eda, ha destacado hoy, cuando se cumple un a\u00f1o de la publicaci\u00f3n de los denominados &quot;papeles de B\u00e1rcenas&quot;, que se trata de un caso pendiente de decisi\u00f3n judicial, por lo que ha expresado su &quot;respeto&quot; a la misma. En la rueda de prensa posterior","og:url":"https:\/\/www.eldigitaldeasturias.com\/noticias\/saenz-de-santamaria-expresa-respeto-al-caso-barcenas-pendiente-de-decision-judicial\/","og:image":"https:\/\/www.eldigitaldeasturias.com\/noticias\/wp-content\/uploads\/2026\/06\/Contenidos.jpg","og:image:secure_url":"https:\/\/www.eldigitaldeasturias.com\/noticias\/wp-content\/uploads\/2026\/06\/Contenidos.jpg","og:image:width":1265,"og:image:height":697,"article:tag":["actualidad"],"article:published_time":"2014-01-31T18:57:57+00:00","article:modified_time":"2014-01-31T18:57:57+00:00","article:publisher":"https:\/\/facebook.com\/eldigitaldeasturias","twitter:card":"summary_large_image","twitter:title":"S\u00e1enz de Santamar\u00eda expresa respeto al caso B\u00e1rcenas, pendiente de decisi\u00f3n judicial - El Digital de Asturias","twitter:description":"Madrid, 31 ene (EFE).- La vicepresidenta del Gobierno, Soraya S\u00e1enz de Santamar\u00eda, ha destacado hoy, cuando se cumple un a\u00f1o de la publicaci\u00f3n de los denominados &quot;papeles de B\u00e1rcenas&quot;, que se trata de un caso pendiente de decisi\u00f3n judicial, por lo que ha expresado su &quot;respeto&quot; a la misma. En la rueda de prensa posterior","twitter:image":"https:\/\/www.eldigitaldeasturias.com\/noticias\/wp-content\/uploads\/2026\/06\/Contenidos.jpg","twitter:label1":"Escrito por","twitter:data1":"El Digital de Asturias","twitter:label2":"Tiempo de lectura estimado","twitter:data2":"1 minuto"},"aioseo_meta_data":{"post_id":"481227","title":null,"description":null,"keywords":null,"keyphrases":null,"primary_term":null,"canonical_url":null,"og_title":null,"og_description":null,"og_object_type":"default","og_image_type":"default","og_image_url":null,"og_image_width":null,"og_image_height":null,"og_image_custom_url":null,"og_image_custom_fields":null,"og_video":null,"og_custom_url":null,"og_article_section":null,"og_article_tags":null,"twitter_use_og":true,"twitter_card":"default","twitter_image_type":"default","twitter_image_url":null,"twitter_image_custom_url":null,"twitter_image_custom_fields":null,"twitter_title":null,"twitter_description":null,"schema":{"blockGraphs":[],"customGraphs":[],"default":{"data":{"Article":[],"Course":[],"Dataset":[],"FAQPage":[],"Movie":[],"Person":[],"Product":[],"ProductReview":[],"Car":[],"Recipe":[],"Service":[],"SoftwareApplication":[],"WebPage":[]},"graphName":"","isEnabled":true},"graphs":[],"defaultGraph":"","defaultPostTypeGraph":""},"schema_type":null,"schema_type_options":null,"pillar_content":false,"robots_default":true,"robots_noindex":false,"robots_noarchive":false,"robots_nosnippet":false,"robots_nofollow":false,"robots_noimageindex":false,"robots_noodp":false,"robots_notranslate":false,"robots_max_snippet":null,"robots_max_videopreview":null,"robots_max_imagepreview":"none","priority":null,"frequency":null,"local_seo":null,"seo_analyzer_scan_date":"2026-06-02 06:08:49","breadcrumb_settings":null,"limit_modified_date":false,"open_ai":null,"ai":null,"created":"2020-11-14 22:54:18","updated":"2026-06-02 06:08:49","focus_keyword":null,"additional_keywords":null,"truseo_locale":null},"aioseo_breadcrumb":"<div class=\"aioseo-breadcrumbs\"><span class=\"aioseo-breadcrumb\">\n\t<a href=\"https:\/\/www.eldigitaldeasturias.com\/noticias\" title=\"Home\">Home<\/a>\n<\/span><span class=\"aioseo-breadcrumb-separator\">\u2013<\/span><span class=\"aioseo-breadcrumb\">\n\t<a href=\"https:\/\/www.eldigitaldeasturias.com\/noticias\/category\/actualidad\/\" title=\"Actualidad\">Actualidad<\/a>\n<\/span><span class=\"aioseo-breadcrumb-separator\">\u2013<\/span><span class=\"aioseo-breadcrumb\">\n\t<a href=\"https:\/\/www.eldigitaldeasturias.com\/noticias\/saenz-de-santamaria-expresa-respeto-al-caso-barcenas-pendiente-de-decision-judicial\/\" title=\"S\u00e1enz de Santamar\u00eda expresa respeto al caso B\u00e1rcenas, pendiente de decisi\u00f3n judicial\">S\u00e1enz de Santamar\u00eda expresa respeto al caso B\u00e1rcenas, pendiente de decisi\u00f3n judicial<\/a>\n<\/span><\/div>","aioseo_breadcrumb_json":[{"label":"Home","link":"https:\/\/www.eldigitaldeasturias.com\/noticias"},{"label":"Actualidad","link":"https:\/\/www.eldigitaldeasturias.com\/noticias\/category\/actualidad\/"},{"label":"S\u00e1enz de Santamar\u00eda expresa respeto al caso B\u00e1rcenas, pendiente de decisi\u00f3n judicial","link":"https:\/\/www.eldigitaldeasturias.com\/noticias\/saenz-de-santamaria-expresa-respeto-al-caso-barcenas-pendiente-de-decision-judicial\/"}],"_links":{"self":[{"href":"https:\/\/www.eldigitaldeasturias.com\/noticias\/wp-json\/wp\/v2\/posts\/481227","targetHints":{"allow":["GET"]}}],"collection":[{"href":"https:\/\/www.eldigitaldeasturias.com\/noticias\/wp-json\/wp\/v2\/posts"}],"about":[{"href":"https:\/\/www.eldigitaldeasturias.com\/noticias\/wp-json\/wp\/v2\/types\/post"}],"author":[{"embeddable":true,"href":"https:\/\/www.eldigitaldeasturias.com\/noticias\/wp-json\/wp\/v2\/users\/1"}],"replies":[{"embeddable":true,"href":"https:\/\/www.eldigitaldeasturias.com\/noticias\/wp-json\/wp\/v2\/comments?post=481227"}],"version-history":[{"count":0,"href":"https:\/\/www.eldigitaldeasturias.com\/noticias\/wp-json\/wp\/v2\/posts\/481227\/revisions"}],"wp:featuredmedia":[{"embeddable":true,"href":"https:\/\/www.eldigitaldeasturias.com\/noticias\/wp-json\/wp\/v2\/media\/1132184"}],"wp:attachment":[{"href":"https:\/\/www.eldigitaldeasturias.com\/noticias\/wp-json\/wp\/v2\/media?parent=481227"}],"wp:term":[{"taxonomy":"category","embeddable":true,"href":"https:\/\/www.eldigitaldeasturias.com\/noticias\/wp-json\/wp\/v2\/categories?post=481227"},{"taxonomy":"post_tag","embeddable":true,"href":"https:\/\/www.eldigitaldeasturias.com\/noticias\/wp-json\/wp\/v2\/tags?post=481227"}],"curies":[{"name":"wp","href":"https:\/\/api.w.org\/{rel}","templated":true}]}}