{"id":481224,"date":"2014-01-31T17:56:39","date_gmt":"2014-01-31T18:56:39","guid":{"rendered":"http:\/\/www.eldigitaldeasturias.com\/noticias\/?p=481224"},"modified":"2014-01-31T17:56:39","modified_gmt":"2014-01-31T18:56:39","slug":"movistar-se-presenta-convencido-de-que-el-cielo-esta-al-alcance","status":"publish","type":"post","link":"https:\/\/www.eldigitaldeasturias.com\/noticias\/movistar-se-presenta-convencido-de-que-el-cielo-esta-al-alcance\/","title":{"rendered":"Movistar se presenta convencido de que \u00abel cielo est\u00e1 al alcance\u00bb"},"content":{"rendered":"<p><img loading=\"lazy\" decoding=\"async\" class=\"alignleft size-medium wp-image-481225\" alt=\"5896137w\" src=\"https:\/\/www.eldigitaldeasturias.com\/noticias\/wp-content\/uploads\/2014\/01\/5896137w-360x239.jpg\" width=\"360\" height=\"239\" \/>Madrid, 31 ene (EFE).- El Movistar, equipo n\u00famero uno de la clasificaci\u00f3n mundial de la UCI, se ha presentado dispuesto a cumplir con el lema \u00abEl cielo est\u00e1 a nuestro alcance\u00bb, y para ello contar\u00e1 con el liderazgo de Alejandro Valverde y Nairo Quintana y un conjunto que se ha reforzado con ocho fichajes.<\/p>\n<p>El objetivo marcado por el Movistar es \u00abconseguir el triunfo en una de las tres grandes pruebas por etapas\u00bb y estar en puestos de podio en cada una de ellas.<\/p>\n<p>Con presencia, entre otros, del secretario de Estado para el Deporte, Miguel Cardenal, el presidente de Telef\u00f3nica, C\u00e9sar Alierta, los corredores del \u00fanico equipo espa\u00f1ol de categor\u00eda Pro Tour tras la desaparici\u00f3n del Euskaltel Euskadi lucieron el maillot azul y verde que defender\u00e1n en la temporada ya iniciada en el Tour de San Luis en Argentina, donde se impuso Nairo Quintana, y Tour Down Under de Australia.<\/p>\n<p>Eusebio Unzue, director del equipo que cumple su cuarta temporada con Movistar como patrocinador, se\u00f1al\u00f3: \u00abAunque ser\u00e1 dif\u00edcil igualar la pasada temporada, nuestra obligaci\u00f3n es intentarlo con el compromiso de siempre: honrar la marca\u00bb<\/p>\n<p>Unzue destac\u00f3 el liderazgo de Alejandro Valverde, y tambi\u00e9n del colombiano Nairo Quintana, la revelaci\u00f3n del pasado Tour, en el que fue segundo, el rey de la monta\u00f1a y mejor joven, con 23 a\u00f1os. \u00abNairo est\u00e1 llamado a marcar una \u00e9poca\u00bb, se\u00f1al\u00f3 el director.<\/p>\n<p>El conjunto telef\u00f3nico est\u00e1 formado por 27 corredores, ocho de ellos nuevos en el equipo de Eusebio Unzue, que tratar\u00e1 de defender el n\u00famero uno en la clasificaci\u00f3n mundial. Las incorporaciones reforzar\u00e1n al equipo en todos los terrenos.<\/p>\n<p>As\u00ed, los l\u00edderes Alejandro Valverde y Nairo Quintana estar\u00e1n protegidos en la monta\u00f1a por escaladores como Igor Ant\u00f3n, John Gadret y Dayer Quintana, el hermano de Nairo, que llega con grandes referencias.<\/p>\n<p>Para las llegadas masivas el Movistar se ha reforzado con Juan Jos\u00e9 Lobato, como \u00abtodoterrenos\u00bb los hermanos Jon y Gorka Izagirre y para labores de rodaje y lucha contra el reloj se suman el italiano Adriano Malori y el alem\u00e1n Jasha Sutterlin.<\/p>\n<p>No asisti\u00f3 a la presentaci\u00f3n el italiano Giovanni Visconti, quien se fractur\u00f3 la tibia en el reciente Tour Down Under.<\/p>\n<p>&nbsp;<\/p>\n<p>El Movistar 2014 est\u00e1 compuesto por los siguientes corredores:<\/p>\n<p>&nbsp;<\/p>\n<p>Andrey Amador (CRC)<\/p>\n<p>Igor Ant\u00f3n (ESP)<\/p>\n<p>Eros Capecchi (ITA)<\/p>\n<p>Jonathan Castroviejo (ESP)<\/p>\n<p>Alex Dowsett (GBR)<\/p>\n<p>Imanol Erviti (ESP)<\/p>\n<p>John Gadret (FRA)<\/p>\n<p>Iv\u00e1n Guti\u00e9rrez (ESP)<\/p>\n<p>Jes\u00fas Herrada (ESP)<\/p>\n<p>Jos\u00e9 Herrada (ESP)<\/p>\n<p>Be\u00f1at Intxausti (ESP)<\/p>\n<p>Gorka Izagirre (ESP)<\/p>\n<p>Ion Izagirre (ESP)<\/p>\n<p>Pablo Lastras (ESP)<\/p>\n<p>Adriano Malori (ITA)<\/p>\n<p>Javier Moreno (ESP)<\/p>\n<p>Rub\u00e9n Plaza (ESP)<\/p>\n<p>Dayer Quintana (COL)<\/p>\n<p>Nairo Quintana (COL)<\/p>\n<p>Jos\u00e9 Joaqu\u00edn Rojas (ESP)<\/p>\n<p>Enrique Sanz (ESP)<\/p>\n<p>Jasha Sutterlin (ALE)<\/p>\n<p>Sylvester Szmyd (POL)<\/p>\n<p>Alejandro Valverde (ESP)<\/p>\n<p>Fran Ventoso (ESP)<\/p>\n<p>Giovani Visconti (ITA).<\/p>\n","protected":false},"excerpt":{"rendered":"<p>Madrid, 31 ene (EFE).- El Movistar, equipo n\u00famero uno de la clasificaci\u00f3n mundial de la UCI, se ha presentado dispuesto a cumplir con el lema \u00abEl cielo est\u00e1 a nuestro alcance\u00bb, y para ello contar\u00e1 con el liderazgo de Alejandro Valverde y Nairo Quintana y un conjunto que se ha reforzado con ocho fichajes. El [&hellip;]<\/p>\n","protected":false},"author":1,"featured_media":1132184,"comment_status":"closed","ping_status":"open","sticky":false,"template":"","format":"standard","meta":{"footnotes":""},"categories":[1],"tags":[],"class_list":["post-481224","post","type-post","status-publish","format-standard","has-post-thumbnail","hentry","category-actualidad"],"aioseo_notices":[],"aioseo_head":"\n\t\t<!-- All in One SEO Pro 5.0.1 - aioseo.com -->\n\t<meta name=\"description\" content=\"Madrid, 31 ene (EFE).- El Movistar, equipo n\u00famero uno de la clasificaci\u00f3n mundial de la UCI, se ha presentado dispuesto a cumplir con el lema &quot;El cielo est\u00e1 a nuestro alcance&quot;, y para ello contar\u00e1 con el liderazgo de Alejandro Valverde y Nairo Quintana y un conjunto que se ha reforzado con ocho fichajes. El\" \/>\n\t<meta name=\"robots\" content=\"max-image-preview:large\" \/>\n\t<meta name=\"author\" content=\"El Digital de Asturias\"\/>\n\t<meta name=\"google-site-verification\" content=\"UA-38556648-1\" \/>\n\t<meta name=\"msvalidate.01\" content=\"7dfe9f3f1b24437ab69f4f2559babe99\" \/>\n\t<meta name=\"keywords\" content=\"actualidad\" \/>\n\t<link rel=\"canonical\" href=\"https:\/\/www.eldigitaldeasturias.com\/noticias\/movistar-se-presenta-convencido-de-que-el-cielo-esta-al-alcance\/\" \/>\n\t<meta name=\"generator\" content=\"All in One SEO Pro (AIOSEO) 5.0.1\" \/>\n\t\t<meta property=\"og:locale\" content=\"es_ES\" \/>\n\t\t<meta property=\"og:site_name\" content=\"El Digital de Asturias\" \/>\n\t\t<meta property=\"og:type\" content=\"article\" \/>\n\t\t<meta property=\"og:title\" content=\"Movistar se presenta convencido de que \u00abel cielo est\u00e1 al alcance\u00bb - El Digital de Asturias\" \/>\n\t\t<meta property=\"og:description\" content=\"Madrid, 31 ene (EFE).- El Movistar, equipo n\u00famero uno de la clasificaci\u00f3n mundial de la UCI, se ha presentado dispuesto a cumplir con el lema &quot;El cielo est\u00e1 a nuestro alcance&quot;, y para ello contar\u00e1 con el liderazgo de Alejandro Valverde y Nairo Quintana y un conjunto que se ha reforzado con ocho fichajes. El\" \/>\n\t\t<meta property=\"og:url\" content=\"https:\/\/www.eldigitaldeasturias.com\/noticias\/movistar-se-presenta-convencido-de-que-el-cielo-esta-al-alcance\/\" \/>\n\t\t<meta property=\"og:image\" content=\"https:\/\/www.eldigitaldeasturias.com\/noticias\/wp-content\/uploads\/2026\/06\/Contenidos.jpg\" \/>\n\t\t<meta property=\"og:image:secure_url\" content=\"https:\/\/www.eldigitaldeasturias.com\/noticias\/wp-content\/uploads\/2026\/06\/Contenidos.jpg\" \/>\n\t\t<meta property=\"og:image:width\" content=\"1265\" \/>\n\t\t<meta property=\"og:image:height\" content=\"697\" \/>\n\t\t<meta property=\"article:tag\" content=\"actualidad\" \/>\n\t\t<meta property=\"article:published_time\" content=\"2014-01-31T18:56:39+00:00\" \/>\n\t\t<meta property=\"article:modified_time\" content=\"2014-01-31T18:56:39+00:00\" \/>\n\t\t<meta property=\"article:publisher\" content=\"https:\/\/facebook.com\/eldigitaldeasturias\" \/>\n\t\t<meta name=\"twitter:card\" content=\"summary_large_image\" \/>\n\t\t<meta name=\"twitter:title\" content=\"Movistar se presenta convencido de que \u00abel cielo est\u00e1 al alcance\u00bb - El Digital de Asturias\" \/>\n\t\t<meta name=\"twitter:description\" content=\"Madrid, 31 ene (EFE).- El Movistar, equipo n\u00famero uno de la clasificaci\u00f3n mundial de la UCI, se ha presentado dispuesto a cumplir con el lema &quot;El cielo est\u00e1 a nuestro alcance&quot;, y para ello contar\u00e1 con el liderazgo de Alejandro Valverde y Nairo Quintana y un conjunto que se ha reforzado con ocho fichajes. El\" \/>\n\t\t<meta name=\"twitter:image\" content=\"https:\/\/www.eldigitaldeasturias.com\/noticias\/wp-content\/uploads\/2026\/06\/Contenidos.jpg\" \/>\n\t\t<meta name=\"twitter:label1\" content=\"Escrito por\" \/>\n\t\t<meta name=\"twitter:data1\" content=\"El Digital de Asturias\" \/>\n\t\t<meta name=\"twitter:label2\" content=\"Tiempo de lectura estimado\" \/>\n\t\t<meta name=\"twitter:data2\" content=\"2 minutos\" \/>\n\t\t<script type=\"application\/ld+json\" class=\"aioseo-schema\">\n\t\t\t{\"@context\":\"https:\\\/\\\/schema.org\",\"@graph\":[{\"@type\":\"BlogPosting\",\"@id\":\"https:\\\/\\\/www.eldigitaldeasturias.com\\\/noticias\\\/movistar-se-presenta-convencido-de-que-el-cielo-esta-al-alcance\\\/#blogposting\",\"name\":\"Movistar se presenta convencido de que \\u00abel cielo est\\u00e1 al alcance\\u00bb - El Digital de Asturias\",\"headline\":\"Movistar se presenta convencido de que \\u00abel cielo est\\u00e1 al alcance\\u00bb\",\"author\":{\"@id\":\"https:\\\/\\\/www.eldigitaldeasturias.com\\\/noticias\\\/author\\\/admin\\\/#author\"},\"publisher\":{\"@id\":\"https:\\\/\\\/www.eldigitaldeasturias.com\\\/noticias\\\/#organization\"},\"image\":{\"@type\":\"ImageObject\",\"url\":\"https:\\\/\\\/www.eldigitaldeasturias.com\\\/noticias\\\/wp-content\\\/uploads\\\/2026\\\/06\\\/Contenidos.jpg\",\"width\":1265,\"height\":697,\"caption\":\"Contenidos\"},\"datePublished\":\"2014-01-31T17:56:39+01:00\",\"dateModified\":\"2014-01-31T17:56:39+01:00\",\"inLanguage\":\"es-ES\",\"mainEntityOfPage\":{\"@id\":\"https:\\\/\\\/www.eldigitaldeasturias.com\\\/noticias\\\/movistar-se-presenta-convencido-de-que-el-cielo-esta-al-alcance\\\/#webpage\"},\"isPartOf\":{\"@id\":\"https:\\\/\\\/www.eldigitaldeasturias.com\\\/noticias\\\/movistar-se-presenta-convencido-de-que-el-cielo-esta-al-alcance\\\/#webpage\"},\"articleSection\":\"Actualidad\"},{\"@type\":\"BreadcrumbList\",\"@id\":\"https:\\\/\\\/www.eldigitaldeasturias.com\\\/noticias\\\/movistar-se-presenta-convencido-de-que-el-cielo-esta-al-alcance\\\/#breadcrumblist\",\"itemListElement\":[{\"@type\":\"ListItem\",\"@id\":\"https:\\\/\\\/www.eldigitaldeasturias.com\\\/noticias#listItem\",\"position\":1,\"name\":\"Home\",\"item\":\"https:\\\/\\\/www.eldigitaldeasturias.com\\\/noticias\",\"nextItem\":{\"@type\":\"ListItem\",\"@id\":\"https:\\\/\\\/www.eldigitaldeasturias.com\\\/noticias\\\/category\\\/actualidad\\\/#listItem\",\"name\":\"Actualidad\"}},{\"@type\":\"ListItem\",\"@id\":\"https:\\\/\\\/www.eldigitaldeasturias.com\\\/noticias\\\/category\\\/actualidad\\\/#listItem\",\"position\":2,\"name\":\"Actualidad\",\"item\":\"https:\\\/\\\/www.eldigitaldeasturias.com\\\/noticias\\\/category\\\/actualidad\\\/\",\"nextItem\":{\"@type\":\"ListItem\",\"@id\":\"https:\\\/\\\/www.eldigitaldeasturias.com\\\/noticias\\\/movistar-se-presenta-convencido-de-que-el-cielo-esta-al-alcance\\\/#listItem\",\"name\":\"Movistar se presenta convencido de que \\u00abel cielo est\\u00e1 al alcance\\u00bb\"},\"previousItem\":{\"@type\":\"ListItem\",\"@id\":\"https:\\\/\\\/www.eldigitaldeasturias.com\\\/noticias#listItem\",\"name\":\"Home\"}},{\"@type\":\"ListItem\",\"@id\":\"https:\\\/\\\/www.eldigitaldeasturias.com\\\/noticias\\\/movistar-se-presenta-convencido-de-que-el-cielo-esta-al-alcance\\\/#listItem\",\"position\":3,\"name\":\"Movistar se presenta convencido de que \\u00abel cielo est\\u00e1 al alcance\\u00bb\",\"previousItem\":{\"@type\":\"ListItem\",\"@id\":\"https:\\\/\\\/www.eldigitaldeasturias.com\\\/noticias\\\/category\\\/actualidad\\\/#listItem\",\"name\":\"Actualidad\"}}]},{\"@type\":\"Organization\",\"@id\":\"https:\\\/\\\/www.eldigitaldeasturias.com\\\/noticias\\\/#organization\",\"name\":\"El Digital de Asturias\",\"description\":\"Hemeroteca\",\"url\":\"https:\\\/\\\/www.eldigitaldeasturias.com\\\/noticias\\\/\",\"email\":\"info@eldigitaldeasturias.com\",\"telephone\":\"+34652131393\",\"logo\":{\"@type\":\"ImageObject\",\"url\":\"https:\\\/\\\/www.eldigitaldeasturias.com\\\/noticias\\\/wp-content\\\/uploads\\\/2020\\\/12\\\/EDA.jpg\",\"@id\":\"https:\\\/\\\/www.eldigitaldeasturias.com\\\/noticias\\\/movistar-se-presenta-convencido-de-que-el-cielo-esta-al-alcance\\\/#organizationLogo\"},\"image\":{\"@id\":\"https:\\\/\\\/www.eldigitaldeasturias.com\\\/noticias\\\/movistar-se-presenta-convencido-de-que-el-cielo-esta-al-alcance\\\/#organizationLogo\"},\"sameAs\":[\"https:\\\/\\\/facebook.com\\\/eldigitaldeasturias\",\"https:\\\/\\\/www.youtube.com\\\/channel\\\/UCZP-2wLEB9Rv6erhFmqVnvg\"],\"address\":{\"@id\":\"https:\\\/\\\/www.eldigitaldeasturias.com\\\/noticias\\\/#postaladdress\",\"@type\":\"PostalAddress\",\"streetAddress\":\"san antonio 4\",\"postalCode\":\"33430\",\"addressLocality\":\"Cand\\u00e1s\",\"addressRegion\":\"Asturias\",\"addressCountry\":\"ES\"}},{\"@type\":\"Person\",\"@id\":\"https:\\\/\\\/www.eldigitaldeasturias.com\\\/noticias\\\/author\\\/admin\\\/#author\",\"url\":\"https:\\\/\\\/www.eldigitaldeasturias.com\\\/noticias\\\/author\\\/admin\\\/\",\"name\":\"El Digital de Asturias\",\"image\":{\"@type\":\"ImageObject\",\"@id\":\"https:\\\/\\\/www.eldigitaldeasturias.com\\\/noticias\\\/movistar-se-presenta-convencido-de-que-el-cielo-esta-al-alcance\\\/#authorImage\",\"url\":\"https:\\\/\\\/secure.gravatar.com\\\/avatar\\\/df2aeffc32bcd13f8d26072ef8a91b623d677766deac7f97ca815868cd41bf5e?s=96&d=mm&r=g\",\"width\":96,\"height\":96,\"caption\":\"El Digital de Asturias\"}},{\"@type\":\"WebPage\",\"@id\":\"https:\\\/\\\/www.eldigitaldeasturias.com\\\/noticias\\\/movistar-se-presenta-convencido-de-que-el-cielo-esta-al-alcance\\\/#webpage\",\"url\":\"https:\\\/\\\/www.eldigitaldeasturias.com\\\/noticias\\\/movistar-se-presenta-convencido-de-que-el-cielo-esta-al-alcance\\\/\",\"name\":\"Movistar se presenta convencido de que \\u00abel cielo est\\u00e1 al alcance\\u00bb - El Digital de Asturias\",\"description\":\"Madrid, 31 ene (EFE).- El Movistar, equipo n\\u00famero uno de la clasificaci\\u00f3n mundial de la UCI, se ha presentado dispuesto a cumplir con el lema \\\"El cielo est\\u00e1 a nuestro alcance\\\", y para ello contar\\u00e1 con el liderazgo de Alejandro Valverde y Nairo Quintana y un conjunto que se ha reforzado con ocho fichajes. El\",\"inLanguage\":\"es-ES\",\"isPartOf\":{\"@id\":\"https:\\\/\\\/www.eldigitaldeasturias.com\\\/noticias\\\/#website\"},\"breadcrumb\":{\"@id\":\"https:\\\/\\\/www.eldigitaldeasturias.com\\\/noticias\\\/movistar-se-presenta-convencido-de-que-el-cielo-esta-al-alcance\\\/#breadcrumblist\"},\"author\":{\"@id\":\"https:\\\/\\\/www.eldigitaldeasturias.com\\\/noticias\\\/author\\\/admin\\\/#author\"},\"creator\":{\"@id\":\"https:\\\/\\\/www.eldigitaldeasturias.com\\\/noticias\\\/author\\\/admin\\\/#author\"},\"image\":{\"@type\":\"ImageObject\",\"url\":\"https:\\\/\\\/www.eldigitaldeasturias.com\\\/noticias\\\/wp-content\\\/uploads\\\/2026\\\/06\\\/Contenidos.jpg\",\"@id\":\"https:\\\/\\\/www.eldigitaldeasturias.com\\\/noticias\\\/movistar-se-presenta-convencido-de-que-el-cielo-esta-al-alcance\\\/#mainImage\",\"width\":1265,\"height\":697,\"caption\":\"Contenidos\"},\"primaryImageOfPage\":{\"@id\":\"https:\\\/\\\/www.eldigitaldeasturias.com\\\/noticias\\\/movistar-se-presenta-convencido-de-que-el-cielo-esta-al-alcance\\\/#mainImage\"},\"datePublished\":\"2014-01-31T17:56:39+01:00\",\"dateModified\":\"2014-01-31T17:56:39+01:00\"},{\"@type\":\"WebSite\",\"@id\":\"https:\\\/\\\/www.eldigitaldeasturias.com\\\/noticias\\\/#website\",\"url\":\"https:\\\/\\\/www.eldigitaldeasturias.com\\\/noticias\\\/\",\"name\":\"El Digital de Asturias - Diario de actualidad y noticias\",\"alternateName\":\"El Digital de Asturias - Diario de actualidad y noticias\",\"description\":\"Hemeroteca\",\"inLanguage\":\"es-ES\",\"publisher\":{\"@id\":\"https:\\\/\\\/www.eldigitaldeasturias.com\\\/noticias\\\/#organization\"}}]}\n\t\t<\/script>\n\t\t<!-- All in One SEO Pro -->\r\n\t\t<title>Movistar se presenta convencido de que \u00abel cielo est\u00e1 al alcance\u00bb - El Digital de Asturias<\/title>\n\n","aioseo_head_json":{"title":"Movistar se presenta convencido de que \u00abel cielo est\u00e1 al alcance\u00bb - El Digital de Asturias","description":"Madrid, 31 ene (EFE).- El Movistar, equipo n\u00famero uno de la clasificaci\u00f3n mundial de la UCI, se ha presentado dispuesto a cumplir con el lema \"El cielo est\u00e1 a nuestro alcance\", y para ello contar\u00e1 con el liderazgo de Alejandro Valverde y Nairo Quintana y un conjunto que se ha reforzado con ocho fichajes. El","canonical_url":"https:\/\/www.eldigitaldeasturias.com\/noticias\/movistar-se-presenta-convencido-de-que-el-cielo-esta-al-alcance\/","robots":"max-image-preview:large","keywords":"actualidad","webmasterTools":{"google-site-verification":"UA-38556648-1","msvalidate.01":"7dfe9f3f1b24437ab69f4f2559babe99","miscellaneous":""},"schema":{"@context":"https:\/\/schema.org","@graph":[{"@type":"BlogPosting","@id":"https:\/\/www.eldigitaldeasturias.com\/noticias\/movistar-se-presenta-convencido-de-que-el-cielo-esta-al-alcance\/#blogposting","name":"Movistar se presenta convencido de que \u00abel cielo est\u00e1 al alcance\u00bb - El Digital de Asturias","headline":"Movistar se presenta convencido de que \u00abel cielo est\u00e1 al alcance\u00bb","author":{"@id":"https:\/\/www.eldigitaldeasturias.com\/noticias\/author\/admin\/#author"},"publisher":{"@id":"https:\/\/www.eldigitaldeasturias.com\/noticias\/#organization"},"image":{"@type":"ImageObject","url":"https:\/\/www.eldigitaldeasturias.com\/noticias\/wp-content\/uploads\/2026\/06\/Contenidos.jpg","width":1265,"height":697,"caption":"Contenidos"},"datePublished":"2014-01-31T17:56:39+01:00","dateModified":"2014-01-31T17:56:39+01:00","inLanguage":"es-ES","mainEntityOfPage":{"@id":"https:\/\/www.eldigitaldeasturias.com\/noticias\/movistar-se-presenta-convencido-de-que-el-cielo-esta-al-alcance\/#webpage"},"isPartOf":{"@id":"https:\/\/www.eldigitaldeasturias.com\/noticias\/movistar-se-presenta-convencido-de-que-el-cielo-esta-al-alcance\/#webpage"},"articleSection":"Actualidad"},{"@type":"BreadcrumbList","@id":"https:\/\/www.eldigitaldeasturias.com\/noticias\/movistar-se-presenta-convencido-de-que-el-cielo-esta-al-alcance\/#breadcrumblist","itemListElement":[{"@type":"ListItem","@id":"https:\/\/www.eldigitaldeasturias.com\/noticias#listItem","position":1,"name":"Home","item":"https:\/\/www.eldigitaldeasturias.com\/noticias","nextItem":{"@type":"ListItem","@id":"https:\/\/www.eldigitaldeasturias.com\/noticias\/category\/actualidad\/#listItem","name":"Actualidad"}},{"@type":"ListItem","@id":"https:\/\/www.eldigitaldeasturias.com\/noticias\/category\/actualidad\/#listItem","position":2,"name":"Actualidad","item":"https:\/\/www.eldigitaldeasturias.com\/noticias\/category\/actualidad\/","nextItem":{"@type":"ListItem","@id":"https:\/\/www.eldigitaldeasturias.com\/noticias\/movistar-se-presenta-convencido-de-que-el-cielo-esta-al-alcance\/#listItem","name":"Movistar se presenta convencido de que \u00abel cielo est\u00e1 al alcance\u00bb"},"previousItem":{"@type":"ListItem","@id":"https:\/\/www.eldigitaldeasturias.com\/noticias#listItem","name":"Home"}},{"@type":"ListItem","@id":"https:\/\/www.eldigitaldeasturias.com\/noticias\/movistar-se-presenta-convencido-de-que-el-cielo-esta-al-alcance\/#listItem","position":3,"name":"Movistar se presenta convencido de que \u00abel cielo est\u00e1 al alcance\u00bb","previousItem":{"@type":"ListItem","@id":"https:\/\/www.eldigitaldeasturias.com\/noticias\/category\/actualidad\/#listItem","name":"Actualidad"}}]},{"@type":"Organization","@id":"https:\/\/www.eldigitaldeasturias.com\/noticias\/#organization","name":"El Digital de Asturias","description":"Hemeroteca","url":"https:\/\/www.eldigitaldeasturias.com\/noticias\/","email":"info@eldigitaldeasturias.com","telephone":"+34652131393","logo":{"@type":"ImageObject","url":"https:\/\/www.eldigitaldeasturias.com\/noticias\/wp-content\/uploads\/2020\/12\/EDA.jpg","@id":"https:\/\/www.eldigitaldeasturias.com\/noticias\/movistar-se-presenta-convencido-de-que-el-cielo-esta-al-alcance\/#organizationLogo"},"image":{"@id":"https:\/\/www.eldigitaldeasturias.com\/noticias\/movistar-se-presenta-convencido-de-que-el-cielo-esta-al-alcance\/#organizationLogo"},"sameAs":["https:\/\/facebook.com\/eldigitaldeasturias","https:\/\/www.youtube.com\/channel\/UCZP-2wLEB9Rv6erhFmqVnvg"],"address":{"@id":"https:\/\/www.eldigitaldeasturias.com\/noticias\/#postaladdress","@type":"PostalAddress","streetAddress":"san antonio 4","postalCode":"33430","addressLocality":"Cand\u00e1s","addressRegion":"Asturias","addressCountry":"ES"}},{"@type":"Person","@id":"https:\/\/www.eldigitaldeasturias.com\/noticias\/author\/admin\/#author","url":"https:\/\/www.eldigitaldeasturias.com\/noticias\/author\/admin\/","name":"El Digital de Asturias","image":{"@type":"ImageObject","@id":"https:\/\/www.eldigitaldeasturias.com\/noticias\/movistar-se-presenta-convencido-de-que-el-cielo-esta-al-alcance\/#authorImage","url":"https:\/\/secure.gravatar.com\/avatar\/df2aeffc32bcd13f8d26072ef8a91b623d677766deac7f97ca815868cd41bf5e?s=96&d=mm&r=g","width":96,"height":96,"caption":"El Digital de Asturias"}},{"@type":"WebPage","@id":"https:\/\/www.eldigitaldeasturias.com\/noticias\/movistar-se-presenta-convencido-de-que-el-cielo-esta-al-alcance\/#webpage","url":"https:\/\/www.eldigitaldeasturias.com\/noticias\/movistar-se-presenta-convencido-de-que-el-cielo-esta-al-alcance\/","name":"Movistar se presenta convencido de que \u00abel cielo est\u00e1 al alcance\u00bb - El Digital de Asturias","description":"Madrid, 31 ene (EFE).- El Movistar, equipo n\u00famero uno de la clasificaci\u00f3n mundial de la UCI, se ha presentado dispuesto a cumplir con el lema \"El cielo est\u00e1 a nuestro alcance\", y para ello contar\u00e1 con el liderazgo de Alejandro Valverde y Nairo Quintana y un conjunto que se ha reforzado con ocho fichajes. El","inLanguage":"es-ES","isPartOf":{"@id":"https:\/\/www.eldigitaldeasturias.com\/noticias\/#website"},"breadcrumb":{"@id":"https:\/\/www.eldigitaldeasturias.com\/noticias\/movistar-se-presenta-convencido-de-que-el-cielo-esta-al-alcance\/#breadcrumblist"},"author":{"@id":"https:\/\/www.eldigitaldeasturias.com\/noticias\/author\/admin\/#author"},"creator":{"@id":"https:\/\/www.eldigitaldeasturias.com\/noticias\/author\/admin\/#author"},"image":{"@type":"ImageObject","url":"https:\/\/www.eldigitaldeasturias.com\/noticias\/wp-content\/uploads\/2026\/06\/Contenidos.jpg","@id":"https:\/\/www.eldigitaldeasturias.com\/noticias\/movistar-se-presenta-convencido-de-que-el-cielo-esta-al-alcance\/#mainImage","width":1265,"height":697,"caption":"Contenidos"},"primaryImageOfPage":{"@id":"https:\/\/www.eldigitaldeasturias.com\/noticias\/movistar-se-presenta-convencido-de-que-el-cielo-esta-al-alcance\/#mainImage"},"datePublished":"2014-01-31T17:56:39+01:00","dateModified":"2014-01-31T17:56:39+01:00"},{"@type":"WebSite","@id":"https:\/\/www.eldigitaldeasturias.com\/noticias\/#website","url":"https:\/\/www.eldigitaldeasturias.com\/noticias\/","name":"El Digital de Asturias - Diario de actualidad y noticias","alternateName":"El Digital de Asturias - Diario de actualidad y noticias","description":"Hemeroteca","inLanguage":"es-ES","publisher":{"@id":"https:\/\/www.eldigitaldeasturias.com\/noticias\/#organization"}}]},"og:locale":"es_ES","og:site_name":"El Digital de Asturias","og:type":"article","og:title":"Movistar se presenta convencido de que \u00abel cielo est\u00e1 al alcance\u00bb - El Digital de Asturias","og:description":"Madrid, 31 ene (EFE).- El Movistar, equipo n\u00famero uno de la clasificaci\u00f3n mundial de la UCI, se ha presentado dispuesto a cumplir con el lema &quot;El cielo est\u00e1 a nuestro alcance&quot;, y para ello contar\u00e1 con el liderazgo de Alejandro Valverde y Nairo Quintana y un conjunto que se ha reforzado con ocho fichajes. El","og:url":"https:\/\/www.eldigitaldeasturias.com\/noticias\/movistar-se-presenta-convencido-de-que-el-cielo-esta-al-alcance\/","og:image":"https:\/\/www.eldigitaldeasturias.com\/noticias\/wp-content\/uploads\/2026\/06\/Contenidos.jpg","og:image:secure_url":"https:\/\/www.eldigitaldeasturias.com\/noticias\/wp-content\/uploads\/2026\/06\/Contenidos.jpg","og:image:width":1265,"og:image:height":697,"article:tag":["actualidad"],"article:published_time":"2014-01-31T18:56:39+00:00","article:modified_time":"2014-01-31T18:56:39+00:00","article:publisher":"https:\/\/facebook.com\/eldigitaldeasturias","twitter:card":"summary_large_image","twitter:title":"Movistar se presenta convencido de que \u00abel cielo est\u00e1 al alcance\u00bb - El Digital de Asturias","twitter:description":"Madrid, 31 ene (EFE).- El Movistar, equipo n\u00famero uno de la clasificaci\u00f3n mundial de la UCI, se ha presentado dispuesto a cumplir con el lema &quot;El cielo est\u00e1 a nuestro alcance&quot;, y para ello contar\u00e1 con el liderazgo de Alejandro Valverde y Nairo Quintana y un conjunto que se ha reforzado con ocho fichajes. El","twitter:image":"https:\/\/www.eldigitaldeasturias.com\/noticias\/wp-content\/uploads\/2026\/06\/Contenidos.jpg","twitter:label1":"Escrito por","twitter:data1":"El Digital de Asturias","twitter:label2":"Tiempo de lectura estimado","twitter:data2":"2 minutos"},"aioseo_meta_data":{"post_id":"481224","title":null,"description":null,"keywords":null,"keyphrases":null,"primary_term":null,"canonical_url":null,"og_title":null,"og_description":null,"og_object_type":"default","og_image_type":"default","og_image_url":null,"og_image_width":null,"og_image_height":null,"og_image_custom_url":null,"og_image_custom_fields":null,"og_video":null,"og_custom_url":null,"og_article_section":null,"og_article_tags":null,"twitter_use_og":true,"twitter_card":"default","twitter_image_type":"default","twitter_image_url":null,"twitter_image_custom_url":null,"twitter_image_custom_fields":null,"twitter_title":null,"twitter_description":null,"schema":{"blockGraphs":[],"customGraphs":[],"default":{"data":{"Article":[],"Course":[],"Dataset":[],"FAQPage":[],"Movie":[],"Person":[],"Product":[],"ProductReview":[],"Car":[],"Recipe":[],"Service":[],"SoftwareApplication":[],"WebPage":[]},"graphName":"","isEnabled":true},"graphs":[],"defaultGraph":"","defaultPostTypeGraph":""},"schema_type":null,"schema_type_options":null,"pillar_content":false,"robots_default":true,"robots_noindex":false,"robots_noarchive":false,"robots_nosnippet":false,"robots_nofollow":false,"robots_noimageindex":false,"robots_noodp":false,"robots_notranslate":false,"robots_max_snippet":null,"robots_max_videopreview":null,"robots_max_imagepreview":"none","priority":null,"frequency":null,"local_seo":null,"seo_analyzer_scan_date":"2026-06-02 06:08:48","breadcrumb_settings":null,"limit_modified_date":false,"open_ai":null,"ai":null,"created":"2020-11-14 22:54:18","updated":"2026-06-02 06:08:48","focus_keyword":null,"additional_keywords":null,"truseo_locale":null},"aioseo_breadcrumb":"<div class=\"aioseo-breadcrumbs\"><span class=\"aioseo-breadcrumb\">\n\t<a href=\"https:\/\/www.eldigitaldeasturias.com\/noticias\" title=\"Home\">Home<\/a>\n<\/span><span class=\"aioseo-breadcrumb-separator\">\u2013<\/span><span class=\"aioseo-breadcrumb\">\n\t<a href=\"https:\/\/www.eldigitaldeasturias.com\/noticias\/category\/actualidad\/\" title=\"Actualidad\">Actualidad<\/a>\n<\/span><span class=\"aioseo-breadcrumb-separator\">\u2013<\/span><span class=\"aioseo-breadcrumb\">\n\t<a href=\"https:\/\/www.eldigitaldeasturias.com\/noticias\/movistar-se-presenta-convencido-de-que-el-cielo-esta-al-alcance\/\" title=\"Movistar se presenta convencido de que \u00abel cielo est\u00e1 al alcance\u00bb\">Movistar se presenta convencido de que \u00abel cielo est\u00e1 al alcance\u00bb<\/a>\n<\/span><\/div>","aioseo_breadcrumb_json":[{"label":"Home","link":"https:\/\/www.eldigitaldeasturias.com\/noticias"},{"label":"Actualidad","link":"https:\/\/www.eldigitaldeasturias.com\/noticias\/category\/actualidad\/"},{"label":"Movistar se presenta convencido de que \u00abel cielo est\u00e1 al alcance\u00bb","link":"https:\/\/www.eldigitaldeasturias.com\/noticias\/movistar-se-presenta-convencido-de-que-el-cielo-esta-al-alcance\/"}],"_links":{"self":[{"href":"https:\/\/www.eldigitaldeasturias.com\/noticias\/wp-json\/wp\/v2\/posts\/481224","targetHints":{"allow":["GET"]}}],"collection":[{"href":"https:\/\/www.eldigitaldeasturias.com\/noticias\/wp-json\/wp\/v2\/posts"}],"about":[{"href":"https:\/\/www.eldigitaldeasturias.com\/noticias\/wp-json\/wp\/v2\/types\/post"}],"author":[{"embeddable":true,"href":"https:\/\/www.eldigitaldeasturias.com\/noticias\/wp-json\/wp\/v2\/users\/1"}],"replies":[{"embeddable":true,"href":"https:\/\/www.eldigitaldeasturias.com\/noticias\/wp-json\/wp\/v2\/comments?post=481224"}],"version-history":[{"count":0,"href":"https:\/\/www.eldigitaldeasturias.com\/noticias\/wp-json\/wp\/v2\/posts\/481224\/revisions"}],"wp:featuredmedia":[{"embeddable":true,"href":"https:\/\/www.eldigitaldeasturias.com\/noticias\/wp-json\/wp\/v2\/media\/1132184"}],"wp:attachment":[{"href":"https:\/\/www.eldigitaldeasturias.com\/noticias\/wp-json\/wp\/v2\/media?parent=481224"}],"wp:term":[{"taxonomy":"category","embeddable":true,"href":"https:\/\/www.eldigitaldeasturias.com\/noticias\/wp-json\/wp\/v2\/categories?post=481224"},{"taxonomy":"post_tag","embeddable":true,"href":"https:\/\/www.eldigitaldeasturias.com\/noticias\/wp-json\/wp\/v2\/tags?post=481224"}],"curies":[{"name":"wp","href":"https:\/\/api.w.org\/{rel}","templated":true}]}}