{"id":481221,"date":"2014-01-31T17:55:34","date_gmt":"2014-01-31T18:55:34","guid":{"rendered":"http:\/\/www.eldigitaldeasturias.com\/noticias\/?p=481221"},"modified":"2014-01-31T17:55:34","modified_gmt":"2014-01-31T18:55:34","slug":"la-fundacion-europa-por-los-ciudadanos-avisa-de-la-perdida-de-autonomia-en-la-universidad","status":"publish","type":"post","link":"https:\/\/www.eldigitaldeasturias.com\/noticias\/la-fundacion-europa-por-los-ciudadanos-avisa-de-la-perdida-de-autonomia-en-la-universidad\/","title":{"rendered":"La Fundaci\u00f3n Europa por los Ciudadanos avisa de la p\u00e9rdida de autonom\u00eda en la Universidad"},"content":{"rendered":"<p><img loading=\"lazy\" decoding=\"async\" class=\"alignleft size-medium wp-image-481222\" alt=\"5896047w\" src=\"https:\/\/www.eldigitaldeasturias.com\/noticias\/wp-content\/uploads\/2014\/01\/5896047w-360x239.jpg\" width=\"360\" height=\"239\" \/>Madrid, 31 ene (EFE).- La Fundaci\u00f3n por la Europa de los Ciudadanos (FEC), vinculada a Izquierda Unida, ha alertado hoy de que la reforma universitaria en la que trabaja el Ministerio de Educaci\u00f3n puede acabar con la autonom\u00eda de la Universidad si se sigue una estrategia de contracci\u00f3n de la financiaci\u00f3n.<\/p>\n<p>Esta es una de las reflexiones enmarcadas en la Conferencia Internacional \u00abUniversidad, Ciencia e Investigaci\u00f3n: Resistencia y Alternativas Europeas\u00bb, que la FEC celebra hoy y ma\u00f1ana en Madrid con la presencia de docentes, investigadores, cient\u00edficos y activistas de Francia, Alemania, Italia, Grecia, B\u00e9lgica, Finlandia, Austria, Portugal y Espa\u00f1a.<\/p>\n<p>Entre los objetivos del encuentro est\u00e1 \u00abevaluar la situaci\u00f3n de la Universidad y la Ciencia en Europa y plantear las bases, y las estrategias para construir alternativas desde la izquierda\u00bb, seg\u00fan ha explicado en una nota el director de la fundaci\u00f3n, Jaime Aja.<\/p>\n<p>\u00abQuieren acabar -el Gobierno de Rajoy- con la autonom\u00eda universitaria y para ello se valen ya de una estrategia perfectamente orquestada para contraer cada vez m\u00e1s la financiaci\u00f3n p\u00fablica en beneficio del incremento de tasas y la necesidad de competir por recursos privados\u00bb, seg\u00fan Aja.<\/p>\n<p>Ha a\u00f1adido que el ministro Jos\u00e9 Ignacio Wert prepara una \u00abcontrarreforma\u00bb a la actual ley universitaria buscando, a su juicio, \u00abla subordinaci\u00f3n total de la docencia y la investigaci\u00f3n a necesidades definidas exclusivamente por el cortoplacismo de los agentes del mercado, as\u00ed como una forma de organizaci\u00f3n que imite el modelo empresarial\u00bb.<\/p>\n","protected":false},"excerpt":{"rendered":"<p>Madrid, 31 ene (EFE).- La Fundaci\u00f3n por la Europa de los Ciudadanos (FEC), vinculada a Izquierda Unida, ha alertado hoy de que la reforma universitaria en la que trabaja el Ministerio de Educaci\u00f3n puede acabar con la autonom\u00eda de la Universidad si se sigue una estrategia de contracci\u00f3n de la financiaci\u00f3n. Esta es una de [&hellip;]<\/p>\n","protected":false},"author":1,"featured_media":1132184,"comment_status":"closed","ping_status":"open","sticky":false,"template":"","format":"standard","meta":{"footnotes":""},"categories":[1],"tags":[],"class_list":["post-481221","post","type-post","status-publish","format-standard","has-post-thumbnail","hentry","category-actualidad"],"aioseo_notices":[],"aioseo_head":"\n\t\t<!-- All in One SEO Pro 5.0.1 - aioseo.com -->\n\t<meta name=\"description\" content=\"Madrid, 31 ene (EFE).- La Fundaci\u00f3n por la Europa de los Ciudadanos (FEC), vinculada a Izquierda Unida, ha alertado hoy de que la reforma universitaria en la que trabaja el Ministerio de Educaci\u00f3n puede acabar con la autonom\u00eda de la Universidad si se sigue una estrategia de contracci\u00f3n de la financiaci\u00f3n. Esta es una de\" \/>\n\t<meta name=\"robots\" content=\"max-image-preview:large\" \/>\n\t<meta name=\"author\" content=\"El Digital de Asturias\"\/>\n\t<meta name=\"google-site-verification\" content=\"UA-38556648-1\" \/>\n\t<meta name=\"msvalidate.01\" content=\"7dfe9f3f1b24437ab69f4f2559babe99\" \/>\n\t<meta name=\"keywords\" content=\"actualidad\" \/>\n\t<link rel=\"canonical\" href=\"https:\/\/www.eldigitaldeasturias.com\/noticias\/la-fundacion-europa-por-los-ciudadanos-avisa-de-la-perdida-de-autonomia-en-la-universidad\/\" \/>\n\t<meta name=\"generator\" content=\"All in One SEO Pro (AIOSEO) 5.0.1\" \/>\n\t\t<meta property=\"og:locale\" content=\"es_ES\" \/>\n\t\t<meta property=\"og:site_name\" content=\"El Digital de Asturias\" \/>\n\t\t<meta property=\"og:type\" content=\"article\" \/>\n\t\t<meta property=\"og:title\" content=\"La Fundaci\u00f3n Europa por los Ciudadanos avisa de la p\u00e9rdida de autonom\u00eda en la Universidad - El Digital de Asturias\" \/>\n\t\t<meta property=\"og:description\" content=\"Madrid, 31 ene (EFE).- La Fundaci\u00f3n por la Europa de los Ciudadanos (FEC), vinculada a Izquierda Unida, ha alertado hoy de que la reforma universitaria en la que trabaja el Ministerio de Educaci\u00f3n puede acabar con la autonom\u00eda de la Universidad si se sigue una estrategia de contracci\u00f3n de la financiaci\u00f3n. Esta es una de\" \/>\n\t\t<meta property=\"og:url\" content=\"https:\/\/www.eldigitaldeasturias.com\/noticias\/la-fundacion-europa-por-los-ciudadanos-avisa-de-la-perdida-de-autonomia-en-la-universidad\/\" \/>\n\t\t<meta property=\"og:image\" content=\"https:\/\/www.eldigitaldeasturias.com\/noticias\/wp-content\/uploads\/2026\/06\/Contenidos.jpg\" \/>\n\t\t<meta property=\"og:image:secure_url\" content=\"https:\/\/www.eldigitaldeasturias.com\/noticias\/wp-content\/uploads\/2026\/06\/Contenidos.jpg\" \/>\n\t\t<meta property=\"og:image:width\" content=\"1265\" \/>\n\t\t<meta property=\"og:image:height\" content=\"697\" \/>\n\t\t<meta property=\"article:tag\" content=\"actualidad\" \/>\n\t\t<meta property=\"article:published_time\" content=\"2014-01-31T18:55:34+00:00\" \/>\n\t\t<meta property=\"article:modified_time\" content=\"2014-01-31T18:55:34+00:00\" \/>\n\t\t<meta property=\"article:publisher\" content=\"https:\/\/facebook.com\/eldigitaldeasturias\" \/>\n\t\t<meta name=\"twitter:card\" content=\"summary_large_image\" \/>\n\t\t<meta name=\"twitter:title\" content=\"La Fundaci\u00f3n Europa por los Ciudadanos avisa de la p\u00e9rdida de autonom\u00eda en la Universidad - El Digital de Asturias\" \/>\n\t\t<meta name=\"twitter:description\" content=\"Madrid, 31 ene (EFE).- La Fundaci\u00f3n por la Europa de los Ciudadanos (FEC), vinculada a Izquierda Unida, ha alertado hoy de que la reforma universitaria en la que trabaja el Ministerio de Educaci\u00f3n puede acabar con la autonom\u00eda de la Universidad si se sigue una estrategia de contracci\u00f3n de la financiaci\u00f3n. Esta es una de\" \/>\n\t\t<meta name=\"twitter:image\" content=\"https:\/\/www.eldigitaldeasturias.com\/noticias\/wp-content\/uploads\/2026\/06\/Contenidos.jpg\" \/>\n\t\t<meta name=\"twitter:label1\" content=\"Escrito por\" \/>\n\t\t<meta name=\"twitter:data1\" content=\"El Digital de Asturias\" \/>\n\t\t<meta name=\"twitter:label2\" content=\"Tiempo de lectura estimado\" \/>\n\t\t<meta name=\"twitter:data2\" content=\"1 minuto\" \/>\n\t\t<script type=\"application\/ld+json\" class=\"aioseo-schema\">\n\t\t\t{\"@context\":\"https:\\\/\\\/schema.org\",\"@graph\":[{\"@type\":\"BlogPosting\",\"@id\":\"https:\\\/\\\/www.eldigitaldeasturias.com\\\/noticias\\\/la-fundacion-europa-por-los-ciudadanos-avisa-de-la-perdida-de-autonomia-en-la-universidad\\\/#blogposting\",\"name\":\"La Fundaci\\u00f3n Europa por los Ciudadanos avisa de la p\\u00e9rdida de autonom\\u00eda en la Universidad - El Digital de Asturias\",\"headline\":\"La Fundaci\\u00f3n Europa por los Ciudadanos avisa de la p\\u00e9rdida de autonom\\u00eda en la Universidad\",\"author\":{\"@id\":\"https:\\\/\\\/www.eldigitaldeasturias.com\\\/noticias\\\/author\\\/admin\\\/#author\"},\"publisher\":{\"@id\":\"https:\\\/\\\/www.eldigitaldeasturias.com\\\/noticias\\\/#organization\"},\"image\":{\"@type\":\"ImageObject\",\"url\":\"https:\\\/\\\/www.eldigitaldeasturias.com\\\/noticias\\\/wp-content\\\/uploads\\\/2026\\\/06\\\/Contenidos.jpg\",\"width\":1265,\"height\":697,\"caption\":\"Contenidos\"},\"datePublished\":\"2014-01-31T17:55:34+01:00\",\"dateModified\":\"2014-01-31T17:55:34+01:00\",\"inLanguage\":\"es-ES\",\"mainEntityOfPage\":{\"@id\":\"https:\\\/\\\/www.eldigitaldeasturias.com\\\/noticias\\\/la-fundacion-europa-por-los-ciudadanos-avisa-de-la-perdida-de-autonomia-en-la-universidad\\\/#webpage\"},\"isPartOf\":{\"@id\":\"https:\\\/\\\/www.eldigitaldeasturias.com\\\/noticias\\\/la-fundacion-europa-por-los-ciudadanos-avisa-de-la-perdida-de-autonomia-en-la-universidad\\\/#webpage\"},\"articleSection\":\"Actualidad\"},{\"@type\":\"BreadcrumbList\",\"@id\":\"https:\\\/\\\/www.eldigitaldeasturias.com\\\/noticias\\\/la-fundacion-europa-por-los-ciudadanos-avisa-de-la-perdida-de-autonomia-en-la-universidad\\\/#breadcrumblist\",\"itemListElement\":[{\"@type\":\"ListItem\",\"@id\":\"https:\\\/\\\/www.eldigitaldeasturias.com\\\/noticias#listItem\",\"position\":1,\"name\":\"Home\",\"item\":\"https:\\\/\\\/www.eldigitaldeasturias.com\\\/noticias\",\"nextItem\":{\"@type\":\"ListItem\",\"@id\":\"https:\\\/\\\/www.eldigitaldeasturias.com\\\/noticias\\\/category\\\/actualidad\\\/#listItem\",\"name\":\"Actualidad\"}},{\"@type\":\"ListItem\",\"@id\":\"https:\\\/\\\/www.eldigitaldeasturias.com\\\/noticias\\\/category\\\/actualidad\\\/#listItem\",\"position\":2,\"name\":\"Actualidad\",\"item\":\"https:\\\/\\\/www.eldigitaldeasturias.com\\\/noticias\\\/category\\\/actualidad\\\/\",\"nextItem\":{\"@type\":\"ListItem\",\"@id\":\"https:\\\/\\\/www.eldigitaldeasturias.com\\\/noticias\\\/la-fundacion-europa-por-los-ciudadanos-avisa-de-la-perdida-de-autonomia-en-la-universidad\\\/#listItem\",\"name\":\"La Fundaci\\u00f3n Europa por los Ciudadanos avisa de la p\\u00e9rdida de autonom\\u00eda en la Universidad\"},\"previousItem\":{\"@type\":\"ListItem\",\"@id\":\"https:\\\/\\\/www.eldigitaldeasturias.com\\\/noticias#listItem\",\"name\":\"Home\"}},{\"@type\":\"ListItem\",\"@id\":\"https:\\\/\\\/www.eldigitaldeasturias.com\\\/noticias\\\/la-fundacion-europa-por-los-ciudadanos-avisa-de-la-perdida-de-autonomia-en-la-universidad\\\/#listItem\",\"position\":3,\"name\":\"La Fundaci\\u00f3n Europa por los Ciudadanos avisa de la p\\u00e9rdida de autonom\\u00eda en la Universidad\",\"previousItem\":{\"@type\":\"ListItem\",\"@id\":\"https:\\\/\\\/www.eldigitaldeasturias.com\\\/noticias\\\/category\\\/actualidad\\\/#listItem\",\"name\":\"Actualidad\"}}]},{\"@type\":\"Organization\",\"@id\":\"https:\\\/\\\/www.eldigitaldeasturias.com\\\/noticias\\\/#organization\",\"name\":\"El Digital de Asturias\",\"description\":\"Hemeroteca\",\"url\":\"https:\\\/\\\/www.eldigitaldeasturias.com\\\/noticias\\\/\",\"email\":\"info@eldigitaldeasturias.com\",\"telephone\":\"+34652131393\",\"logo\":{\"@type\":\"ImageObject\",\"url\":\"https:\\\/\\\/www.eldigitaldeasturias.com\\\/noticias\\\/wp-content\\\/uploads\\\/2020\\\/12\\\/EDA.jpg\",\"@id\":\"https:\\\/\\\/www.eldigitaldeasturias.com\\\/noticias\\\/la-fundacion-europa-por-los-ciudadanos-avisa-de-la-perdida-de-autonomia-en-la-universidad\\\/#organizationLogo\"},\"image\":{\"@id\":\"https:\\\/\\\/www.eldigitaldeasturias.com\\\/noticias\\\/la-fundacion-europa-por-los-ciudadanos-avisa-de-la-perdida-de-autonomia-en-la-universidad\\\/#organizationLogo\"},\"sameAs\":[\"https:\\\/\\\/facebook.com\\\/eldigitaldeasturias\",\"https:\\\/\\\/www.youtube.com\\\/channel\\\/UCZP-2wLEB9Rv6erhFmqVnvg\"],\"address\":{\"@id\":\"https:\\\/\\\/www.eldigitaldeasturias.com\\\/noticias\\\/#postaladdress\",\"@type\":\"PostalAddress\",\"streetAddress\":\"san antonio 4\",\"postalCode\":\"33430\",\"addressLocality\":\"Cand\\u00e1s\",\"addressRegion\":\"Asturias\",\"addressCountry\":\"ES\"}},{\"@type\":\"Person\",\"@id\":\"https:\\\/\\\/www.eldigitaldeasturias.com\\\/noticias\\\/author\\\/admin\\\/#author\",\"url\":\"https:\\\/\\\/www.eldigitaldeasturias.com\\\/noticias\\\/author\\\/admin\\\/\",\"name\":\"El Digital de Asturias\",\"image\":{\"@type\":\"ImageObject\",\"@id\":\"https:\\\/\\\/www.eldigitaldeasturias.com\\\/noticias\\\/la-fundacion-europa-por-los-ciudadanos-avisa-de-la-perdida-de-autonomia-en-la-universidad\\\/#authorImage\",\"url\":\"https:\\\/\\\/secure.gravatar.com\\\/avatar\\\/df2aeffc32bcd13f8d26072ef8a91b623d677766deac7f97ca815868cd41bf5e?s=96&d=mm&r=g\",\"width\":96,\"height\":96,\"caption\":\"El Digital de Asturias\"}},{\"@type\":\"WebPage\",\"@id\":\"https:\\\/\\\/www.eldigitaldeasturias.com\\\/noticias\\\/la-fundacion-europa-por-los-ciudadanos-avisa-de-la-perdida-de-autonomia-en-la-universidad\\\/#webpage\",\"url\":\"https:\\\/\\\/www.eldigitaldeasturias.com\\\/noticias\\\/la-fundacion-europa-por-los-ciudadanos-avisa-de-la-perdida-de-autonomia-en-la-universidad\\\/\",\"name\":\"La Fundaci\\u00f3n Europa por los Ciudadanos avisa de la p\\u00e9rdida de autonom\\u00eda en la Universidad - El Digital de Asturias\",\"description\":\"Madrid, 31 ene (EFE).- La Fundaci\\u00f3n por la Europa de los Ciudadanos (FEC), vinculada a Izquierda Unida, ha alertado hoy de que la reforma universitaria en la que trabaja el Ministerio de Educaci\\u00f3n puede acabar con la autonom\\u00eda de la Universidad si se sigue una estrategia de contracci\\u00f3n de la financiaci\\u00f3n. Esta es una de\",\"inLanguage\":\"es-ES\",\"isPartOf\":{\"@id\":\"https:\\\/\\\/www.eldigitaldeasturias.com\\\/noticias\\\/#website\"},\"breadcrumb\":{\"@id\":\"https:\\\/\\\/www.eldigitaldeasturias.com\\\/noticias\\\/la-fundacion-europa-por-los-ciudadanos-avisa-de-la-perdida-de-autonomia-en-la-universidad\\\/#breadcrumblist\"},\"author\":{\"@id\":\"https:\\\/\\\/www.eldigitaldeasturias.com\\\/noticias\\\/author\\\/admin\\\/#author\"},\"creator\":{\"@id\":\"https:\\\/\\\/www.eldigitaldeasturias.com\\\/noticias\\\/author\\\/admin\\\/#author\"},\"image\":{\"@type\":\"ImageObject\",\"url\":\"https:\\\/\\\/www.eldigitaldeasturias.com\\\/noticias\\\/wp-content\\\/uploads\\\/2026\\\/06\\\/Contenidos.jpg\",\"@id\":\"https:\\\/\\\/www.eldigitaldeasturias.com\\\/noticias\\\/la-fundacion-europa-por-los-ciudadanos-avisa-de-la-perdida-de-autonomia-en-la-universidad\\\/#mainImage\",\"width\":1265,\"height\":697,\"caption\":\"Contenidos\"},\"primaryImageOfPage\":{\"@id\":\"https:\\\/\\\/www.eldigitaldeasturias.com\\\/noticias\\\/la-fundacion-europa-por-los-ciudadanos-avisa-de-la-perdida-de-autonomia-en-la-universidad\\\/#mainImage\"},\"datePublished\":\"2014-01-31T17:55:34+01:00\",\"dateModified\":\"2014-01-31T17:55:34+01:00\"},{\"@type\":\"WebSite\",\"@id\":\"https:\\\/\\\/www.eldigitaldeasturias.com\\\/noticias\\\/#website\",\"url\":\"https:\\\/\\\/www.eldigitaldeasturias.com\\\/noticias\\\/\",\"name\":\"El Digital de Asturias - Diario de actualidad y noticias\",\"alternateName\":\"El Digital de Asturias - Diario de actualidad y noticias\",\"description\":\"Hemeroteca\",\"inLanguage\":\"es-ES\",\"publisher\":{\"@id\":\"https:\\\/\\\/www.eldigitaldeasturias.com\\\/noticias\\\/#organization\"}}]}\n\t\t<\/script>\n\t\t<!-- All in One SEO Pro -->\r\n\t\t<title>La Fundaci\u00f3n Europa por los Ciudadanos avisa de la p\u00e9rdida de autonom\u00eda en la Universidad - El Digital de Asturias<\/title>\n\n","aioseo_head_json":{"title":"La Fundaci\u00f3n Europa por los Ciudadanos avisa de la p\u00e9rdida de autonom\u00eda en la Universidad - El Digital de Asturias","description":"Madrid, 31 ene (EFE).- La Fundaci\u00f3n por la Europa de los Ciudadanos (FEC), vinculada a Izquierda Unida, ha alertado hoy de que la reforma universitaria en la que trabaja el Ministerio de Educaci\u00f3n puede acabar con la autonom\u00eda de la Universidad si se sigue una estrategia de contracci\u00f3n de la financiaci\u00f3n. Esta es una de","canonical_url":"https:\/\/www.eldigitaldeasturias.com\/noticias\/la-fundacion-europa-por-los-ciudadanos-avisa-de-la-perdida-de-autonomia-en-la-universidad\/","robots":"max-image-preview:large","keywords":"actualidad","webmasterTools":{"google-site-verification":"UA-38556648-1","msvalidate.01":"7dfe9f3f1b24437ab69f4f2559babe99","miscellaneous":""},"schema":{"@context":"https:\/\/schema.org","@graph":[{"@type":"BlogPosting","@id":"https:\/\/www.eldigitaldeasturias.com\/noticias\/la-fundacion-europa-por-los-ciudadanos-avisa-de-la-perdida-de-autonomia-en-la-universidad\/#blogposting","name":"La Fundaci\u00f3n Europa por los Ciudadanos avisa de la p\u00e9rdida de autonom\u00eda en la Universidad - El Digital de Asturias","headline":"La Fundaci\u00f3n Europa por los Ciudadanos avisa de la p\u00e9rdida de autonom\u00eda en la Universidad","author":{"@id":"https:\/\/www.eldigitaldeasturias.com\/noticias\/author\/admin\/#author"},"publisher":{"@id":"https:\/\/www.eldigitaldeasturias.com\/noticias\/#organization"},"image":{"@type":"ImageObject","url":"https:\/\/www.eldigitaldeasturias.com\/noticias\/wp-content\/uploads\/2026\/06\/Contenidos.jpg","width":1265,"height":697,"caption":"Contenidos"},"datePublished":"2014-01-31T17:55:34+01:00","dateModified":"2014-01-31T17:55:34+01:00","inLanguage":"es-ES","mainEntityOfPage":{"@id":"https:\/\/www.eldigitaldeasturias.com\/noticias\/la-fundacion-europa-por-los-ciudadanos-avisa-de-la-perdida-de-autonomia-en-la-universidad\/#webpage"},"isPartOf":{"@id":"https:\/\/www.eldigitaldeasturias.com\/noticias\/la-fundacion-europa-por-los-ciudadanos-avisa-de-la-perdida-de-autonomia-en-la-universidad\/#webpage"},"articleSection":"Actualidad"},{"@type":"BreadcrumbList","@id":"https:\/\/www.eldigitaldeasturias.com\/noticias\/la-fundacion-europa-por-los-ciudadanos-avisa-de-la-perdida-de-autonomia-en-la-universidad\/#breadcrumblist","itemListElement":[{"@type":"ListItem","@id":"https:\/\/www.eldigitaldeasturias.com\/noticias#listItem","position":1,"name":"Home","item":"https:\/\/www.eldigitaldeasturias.com\/noticias","nextItem":{"@type":"ListItem","@id":"https:\/\/www.eldigitaldeasturias.com\/noticias\/category\/actualidad\/#listItem","name":"Actualidad"}},{"@type":"ListItem","@id":"https:\/\/www.eldigitaldeasturias.com\/noticias\/category\/actualidad\/#listItem","position":2,"name":"Actualidad","item":"https:\/\/www.eldigitaldeasturias.com\/noticias\/category\/actualidad\/","nextItem":{"@type":"ListItem","@id":"https:\/\/www.eldigitaldeasturias.com\/noticias\/la-fundacion-europa-por-los-ciudadanos-avisa-de-la-perdida-de-autonomia-en-la-universidad\/#listItem","name":"La Fundaci\u00f3n Europa por los Ciudadanos avisa de la p\u00e9rdida de autonom\u00eda en la Universidad"},"previousItem":{"@type":"ListItem","@id":"https:\/\/www.eldigitaldeasturias.com\/noticias#listItem","name":"Home"}},{"@type":"ListItem","@id":"https:\/\/www.eldigitaldeasturias.com\/noticias\/la-fundacion-europa-por-los-ciudadanos-avisa-de-la-perdida-de-autonomia-en-la-universidad\/#listItem","position":3,"name":"La Fundaci\u00f3n Europa por los Ciudadanos avisa de la p\u00e9rdida de autonom\u00eda en la Universidad","previousItem":{"@type":"ListItem","@id":"https:\/\/www.eldigitaldeasturias.com\/noticias\/category\/actualidad\/#listItem","name":"Actualidad"}}]},{"@type":"Organization","@id":"https:\/\/www.eldigitaldeasturias.com\/noticias\/#organization","name":"El Digital de Asturias","description":"Hemeroteca","url":"https:\/\/www.eldigitaldeasturias.com\/noticias\/","email":"info@eldigitaldeasturias.com","telephone":"+34652131393","logo":{"@type":"ImageObject","url":"https:\/\/www.eldigitaldeasturias.com\/noticias\/wp-content\/uploads\/2020\/12\/EDA.jpg","@id":"https:\/\/www.eldigitaldeasturias.com\/noticias\/la-fundacion-europa-por-los-ciudadanos-avisa-de-la-perdida-de-autonomia-en-la-universidad\/#organizationLogo"},"image":{"@id":"https:\/\/www.eldigitaldeasturias.com\/noticias\/la-fundacion-europa-por-los-ciudadanos-avisa-de-la-perdida-de-autonomia-en-la-universidad\/#organizationLogo"},"sameAs":["https:\/\/facebook.com\/eldigitaldeasturias","https:\/\/www.youtube.com\/channel\/UCZP-2wLEB9Rv6erhFmqVnvg"],"address":{"@id":"https:\/\/www.eldigitaldeasturias.com\/noticias\/#postaladdress","@type":"PostalAddress","streetAddress":"san antonio 4","postalCode":"33430","addressLocality":"Cand\u00e1s","addressRegion":"Asturias","addressCountry":"ES"}},{"@type":"Person","@id":"https:\/\/www.eldigitaldeasturias.com\/noticias\/author\/admin\/#author","url":"https:\/\/www.eldigitaldeasturias.com\/noticias\/author\/admin\/","name":"El Digital de Asturias","image":{"@type":"ImageObject","@id":"https:\/\/www.eldigitaldeasturias.com\/noticias\/la-fundacion-europa-por-los-ciudadanos-avisa-de-la-perdida-de-autonomia-en-la-universidad\/#authorImage","url":"https:\/\/secure.gravatar.com\/avatar\/df2aeffc32bcd13f8d26072ef8a91b623d677766deac7f97ca815868cd41bf5e?s=96&d=mm&r=g","width":96,"height":96,"caption":"El Digital de Asturias"}},{"@type":"WebPage","@id":"https:\/\/www.eldigitaldeasturias.com\/noticias\/la-fundacion-europa-por-los-ciudadanos-avisa-de-la-perdida-de-autonomia-en-la-universidad\/#webpage","url":"https:\/\/www.eldigitaldeasturias.com\/noticias\/la-fundacion-europa-por-los-ciudadanos-avisa-de-la-perdida-de-autonomia-en-la-universidad\/","name":"La Fundaci\u00f3n Europa por los Ciudadanos avisa de la p\u00e9rdida de autonom\u00eda en la Universidad - El Digital de Asturias","description":"Madrid, 31 ene (EFE).- La Fundaci\u00f3n por la Europa de los Ciudadanos (FEC), vinculada a Izquierda Unida, ha alertado hoy de que la reforma universitaria en la que trabaja el Ministerio de Educaci\u00f3n puede acabar con la autonom\u00eda de la Universidad si se sigue una estrategia de contracci\u00f3n de la financiaci\u00f3n. Esta es una de","inLanguage":"es-ES","isPartOf":{"@id":"https:\/\/www.eldigitaldeasturias.com\/noticias\/#website"},"breadcrumb":{"@id":"https:\/\/www.eldigitaldeasturias.com\/noticias\/la-fundacion-europa-por-los-ciudadanos-avisa-de-la-perdida-de-autonomia-en-la-universidad\/#breadcrumblist"},"author":{"@id":"https:\/\/www.eldigitaldeasturias.com\/noticias\/author\/admin\/#author"},"creator":{"@id":"https:\/\/www.eldigitaldeasturias.com\/noticias\/author\/admin\/#author"},"image":{"@type":"ImageObject","url":"https:\/\/www.eldigitaldeasturias.com\/noticias\/wp-content\/uploads\/2026\/06\/Contenidos.jpg","@id":"https:\/\/www.eldigitaldeasturias.com\/noticias\/la-fundacion-europa-por-los-ciudadanos-avisa-de-la-perdida-de-autonomia-en-la-universidad\/#mainImage","width":1265,"height":697,"caption":"Contenidos"},"primaryImageOfPage":{"@id":"https:\/\/www.eldigitaldeasturias.com\/noticias\/la-fundacion-europa-por-los-ciudadanos-avisa-de-la-perdida-de-autonomia-en-la-universidad\/#mainImage"},"datePublished":"2014-01-31T17:55:34+01:00","dateModified":"2014-01-31T17:55:34+01:00"},{"@type":"WebSite","@id":"https:\/\/www.eldigitaldeasturias.com\/noticias\/#website","url":"https:\/\/www.eldigitaldeasturias.com\/noticias\/","name":"El Digital de Asturias - Diario de actualidad y noticias","alternateName":"El Digital de Asturias - Diario de actualidad y noticias","description":"Hemeroteca","inLanguage":"es-ES","publisher":{"@id":"https:\/\/www.eldigitaldeasturias.com\/noticias\/#organization"}}]},"og:locale":"es_ES","og:site_name":"El Digital de Asturias","og:type":"article","og:title":"La Fundaci\u00f3n Europa por los Ciudadanos avisa de la p\u00e9rdida de autonom\u00eda en la Universidad - El Digital de Asturias","og:description":"Madrid, 31 ene (EFE).- La Fundaci\u00f3n por la Europa de los Ciudadanos (FEC), vinculada a Izquierda Unida, ha alertado hoy de que la reforma universitaria en la que trabaja el Ministerio de Educaci\u00f3n puede acabar con la autonom\u00eda de la Universidad si se sigue una estrategia de contracci\u00f3n de la financiaci\u00f3n. Esta es una de","og:url":"https:\/\/www.eldigitaldeasturias.com\/noticias\/la-fundacion-europa-por-los-ciudadanos-avisa-de-la-perdida-de-autonomia-en-la-universidad\/","og:image":"https:\/\/www.eldigitaldeasturias.com\/noticias\/wp-content\/uploads\/2026\/06\/Contenidos.jpg","og:image:secure_url":"https:\/\/www.eldigitaldeasturias.com\/noticias\/wp-content\/uploads\/2026\/06\/Contenidos.jpg","og:image:width":1265,"og:image:height":697,"article:tag":["actualidad"],"article:published_time":"2014-01-31T18:55:34+00:00","article:modified_time":"2014-01-31T18:55:34+00:00","article:publisher":"https:\/\/facebook.com\/eldigitaldeasturias","twitter:card":"summary_large_image","twitter:title":"La Fundaci\u00f3n Europa por los Ciudadanos avisa de la p\u00e9rdida de autonom\u00eda en la Universidad - El Digital de Asturias","twitter:description":"Madrid, 31 ene (EFE).- La Fundaci\u00f3n por la Europa de los Ciudadanos (FEC), vinculada a Izquierda Unida, ha alertado hoy de que la reforma universitaria en la que trabaja el Ministerio de Educaci\u00f3n puede acabar con la autonom\u00eda de la Universidad si se sigue una estrategia de contracci\u00f3n de la financiaci\u00f3n. Esta es una de","twitter:image":"https:\/\/www.eldigitaldeasturias.com\/noticias\/wp-content\/uploads\/2026\/06\/Contenidos.jpg","twitter:label1":"Escrito por","twitter:data1":"El Digital de Asturias","twitter:label2":"Tiempo de lectura estimado","twitter:data2":"1 minuto"},"aioseo_meta_data":{"post_id":"481221","title":null,"description":null,"keywords":null,"keyphrases":null,"primary_term":null,"canonical_url":null,"og_title":null,"og_description":null,"og_object_type":"default","og_image_type":"default","og_image_url":null,"og_image_width":null,"og_image_height":null,"og_image_custom_url":null,"og_image_custom_fields":null,"og_video":null,"og_custom_url":null,"og_article_section":null,"og_article_tags":null,"twitter_use_og":true,"twitter_card":"default","twitter_image_type":"default","twitter_image_url":null,"twitter_image_custom_url":null,"twitter_image_custom_fields":null,"twitter_title":null,"twitter_description":null,"schema":{"blockGraphs":[],"customGraphs":[],"default":{"data":{"Article":[],"Course":[],"Dataset":[],"FAQPage":[],"Movie":[],"Person":[],"Product":[],"ProductReview":[],"Car":[],"Recipe":[],"Service":[],"SoftwareApplication":[],"WebPage":[]},"graphName":"","isEnabled":true},"graphs":[],"defaultGraph":"","defaultPostTypeGraph":""},"schema_type":null,"schema_type_options":null,"pillar_content":false,"robots_default":true,"robots_noindex":false,"robots_noarchive":false,"robots_nosnippet":false,"robots_nofollow":false,"robots_noimageindex":false,"robots_noodp":false,"robots_notranslate":false,"robots_max_snippet":null,"robots_max_videopreview":null,"robots_max_imagepreview":"none","priority":null,"frequency":null,"local_seo":null,"seo_analyzer_scan_date":"2026-06-02 06:07:10","breadcrumb_settings":null,"limit_modified_date":false,"open_ai":null,"ai":null,"created":"2020-11-14 22:54:18","updated":"2026-06-02 06:07:10","focus_keyword":null,"additional_keywords":null,"truseo_locale":null},"aioseo_breadcrumb":"<div class=\"aioseo-breadcrumbs\"><span class=\"aioseo-breadcrumb\">\n\t<a href=\"https:\/\/www.eldigitaldeasturias.com\/noticias\" title=\"Home\">Home<\/a>\n<\/span><span class=\"aioseo-breadcrumb-separator\">\u2013<\/span><span class=\"aioseo-breadcrumb\">\n\t<a href=\"https:\/\/www.eldigitaldeasturias.com\/noticias\/category\/actualidad\/\" title=\"Actualidad\">Actualidad<\/a>\n<\/span><span class=\"aioseo-breadcrumb-separator\">\u2013<\/span><span class=\"aioseo-breadcrumb\">\n\t<a href=\"https:\/\/www.eldigitaldeasturias.com\/noticias\/la-fundacion-europa-por-los-ciudadanos-avisa-de-la-perdida-de-autonomia-en-la-universidad\/\" title=\"La Fundaci\u00f3n Europa por los Ciudadanos avisa de la p\u00e9rdida de autonom\u00eda en la Universidad\">La Fundaci\u00f3n Europa por los Ciudadanos avisa de la p\u00e9rdida de autonom\u00eda en la Universidad<\/a>\n<\/span><\/div>","aioseo_breadcrumb_json":[{"label":"Home","link":"https:\/\/www.eldigitaldeasturias.com\/noticias"},{"label":"Actualidad","link":"https:\/\/www.eldigitaldeasturias.com\/noticias\/category\/actualidad\/"},{"label":"La Fundaci\u00f3n Europa por los Ciudadanos avisa de la p\u00e9rdida de autonom\u00eda en la Universidad","link":"https:\/\/www.eldigitaldeasturias.com\/noticias\/la-fundacion-europa-por-los-ciudadanos-avisa-de-la-perdida-de-autonomia-en-la-universidad\/"}],"_links":{"self":[{"href":"https:\/\/www.eldigitaldeasturias.com\/noticias\/wp-json\/wp\/v2\/posts\/481221","targetHints":{"allow":["GET"]}}],"collection":[{"href":"https:\/\/www.eldigitaldeasturias.com\/noticias\/wp-json\/wp\/v2\/posts"}],"about":[{"href":"https:\/\/www.eldigitaldeasturias.com\/noticias\/wp-json\/wp\/v2\/types\/post"}],"author":[{"embeddable":true,"href":"https:\/\/www.eldigitaldeasturias.com\/noticias\/wp-json\/wp\/v2\/users\/1"}],"replies":[{"embeddable":true,"href":"https:\/\/www.eldigitaldeasturias.com\/noticias\/wp-json\/wp\/v2\/comments?post=481221"}],"version-history":[{"count":0,"href":"https:\/\/www.eldigitaldeasturias.com\/noticias\/wp-json\/wp\/v2\/posts\/481221\/revisions"}],"wp:featuredmedia":[{"embeddable":true,"href":"https:\/\/www.eldigitaldeasturias.com\/noticias\/wp-json\/wp\/v2\/media\/1132184"}],"wp:attachment":[{"href":"https:\/\/www.eldigitaldeasturias.com\/noticias\/wp-json\/wp\/v2\/media?parent=481221"}],"wp:term":[{"taxonomy":"category","embeddable":true,"href":"https:\/\/www.eldigitaldeasturias.com\/noticias\/wp-json\/wp\/v2\/categories?post=481221"},{"taxonomy":"post_tag","embeddable":true,"href":"https:\/\/www.eldigitaldeasturias.com\/noticias\/wp-json\/wp\/v2\/tags?post=481221"}],"curies":[{"name":"wp","href":"https:\/\/api.w.org\/{rel}","templated":true}]}}