{"id":481205,"date":"2014-01-31T17:50:20","date_gmt":"2014-01-31T18:50:20","guid":{"rendered":"http:\/\/www.eldigitaldeasturias.com\/noticias\/?p=481205"},"modified":"2014-01-31T17:50:20","modified_gmt":"2014-01-31T18:50:20","slug":"la-reforma-del-aborto-tiene-el-apoyo-solidario-de-los-miembros-del-gobierno","status":"publish","type":"post","link":"https:\/\/www.eldigitaldeasturias.com\/noticias\/la-reforma-del-aborto-tiene-el-apoyo-solidario-de-los-miembros-del-gobierno\/","title":{"rendered":"La reforma del aborto tiene el \u00abapoyo solidario\u00bb de los miembros del Gobierno"},"content":{"rendered":"<p><img loading=\"lazy\" decoding=\"async\" class=\"alignleft size-medium wp-image-481206\" alt=\"5895937w\" src=\"https:\/\/www.eldigitaldeasturias.com\/noticias\/wp-content\/uploads\/2014\/01\/5895937w-360x228.jpg\" width=\"360\" height=\"228\" \/>Madrid, 31 ene (EFE).- La vicepresidente del Ejecutivo, Soraya S\u00e1enz de Santamar\u00eda, ha afirmado hoy que la reforma de la ley del aborto cuenta con el \u00abapoyo solidario\u00bb de los miembros del Gobierno, al ser preguntada por las supuestas discrepancias que ha suscitado este anteproyecto entre los dirigentes gubernamentales.<\/p>\n<p>S\u00e1enz de Santamar\u00eda ha hecho estas declaraciones en la rueda de prensa posterior a la reuni\u00f3n semanal del Ejecutivo, donde ha insistido en que esta iniciativa tiene \u00abel apoyo del presidente y nuestro apoyo solidario\u00bb al igual que ocurre, ha matizado, con otras medidas que se aprueban en el Consejo de Ministros.<\/p>\n<p>\u00abLo que hacemos es cumplir los tr\u00e1mites que se llevan a cabo ante cualquier iniciativa\u00bb a la que da luz verde el Gobierno, ha proseguido la vicepresidenta, tales como pedir informes, recabarlos y estudiarlos.<\/p>\n<p>Ha confesado que, en asuntos de \u00abesta naturaleza\u00bb, los dirigentes del Ejecutivo deben de ser \u00abmuy conscientes\u00bb de las \u00abopiniones y de las sensibilidades\u00bb que hay sobre un tema controvertido como es la interrupci\u00f3n voluntaria del embarazo.<\/p>\n<p>Preguntada por si se tratar\u00e1 esta cuesti\u00f3n en el c\u00f3nclave del PP en Valladolid, ha se\u00f1alado que no es un tema a responder en \u00abla mesa de rueda de prensa del Gobierno\u00bb.<\/p>\n<p>As\u00ed, ha emplazado a los periodistas a informarse en esa reuni\u00f3n por \u00ablos distintos miembros del Partido Popular que all\u00ed estemos de cuantos asuntos competan\u00bb ya que, desde la rueda de prensa del Consejo de Ministros, ha concluido, se debe \u00abmantener la neutralidad en cuanto a los actos de los partidos\u00bb.<\/p>\n","protected":false},"excerpt":{"rendered":"<p>Madrid, 31 ene (EFE).- La vicepresidente del Ejecutivo, Soraya S\u00e1enz de Santamar\u00eda, ha afirmado hoy que la reforma de la ley del aborto cuenta con el \u00abapoyo solidario\u00bb de los miembros del Gobierno, al ser preguntada por las supuestas discrepancias que ha suscitado este anteproyecto entre los dirigentes gubernamentales. S\u00e1enz de Santamar\u00eda ha hecho estas [&hellip;]<\/p>\n","protected":false},"author":1,"featured_media":1132184,"comment_status":"closed","ping_status":"open","sticky":false,"template":"","format":"standard","meta":{"footnotes":""},"categories":[1],"tags":[],"class_list":["post-481205","post","type-post","status-publish","format-standard","has-post-thumbnail","hentry","category-actualidad"],"aioseo_notices":[],"aioseo_head":"\n\t\t<!-- All in One SEO Pro 5.0.1 - aioseo.com -->\n\t<meta name=\"description\" content=\"Madrid, 31 ene (EFE).- La vicepresidente del Ejecutivo, Soraya S\u00e1enz de Santamar\u00eda, ha afirmado hoy que la reforma de la ley del aborto cuenta con el &quot;apoyo solidario&quot; de los miembros del Gobierno, al ser preguntada por las supuestas discrepancias que ha suscitado este anteproyecto entre los dirigentes gubernamentales. S\u00e1enz de Santamar\u00eda ha hecho estas\" \/>\n\t<meta name=\"robots\" content=\"max-image-preview:large\" \/>\n\t<meta name=\"author\" content=\"El Digital de Asturias\"\/>\n\t<meta name=\"google-site-verification\" content=\"UA-38556648-1\" \/>\n\t<meta name=\"msvalidate.01\" content=\"7dfe9f3f1b24437ab69f4f2559babe99\" \/>\n\t<meta name=\"keywords\" content=\"actualidad\" \/>\n\t<link rel=\"canonical\" href=\"https:\/\/www.eldigitaldeasturias.com\/noticias\/la-reforma-del-aborto-tiene-el-apoyo-solidario-de-los-miembros-del-gobierno\/\" \/>\n\t<meta name=\"generator\" content=\"All in One SEO Pro (AIOSEO) 5.0.1\" \/>\n\t\t<meta property=\"og:locale\" content=\"es_ES\" \/>\n\t\t<meta property=\"og:site_name\" content=\"El Digital de Asturias\" \/>\n\t\t<meta property=\"og:type\" content=\"article\" \/>\n\t\t<meta property=\"og:title\" content=\"La reforma del aborto tiene el \u00abapoyo solidario\u00bb de los miembros del Gobierno - El Digital de Asturias\" \/>\n\t\t<meta property=\"og:description\" content=\"Madrid, 31 ene (EFE).- La vicepresidente del Ejecutivo, Soraya S\u00e1enz de Santamar\u00eda, ha afirmado hoy que la reforma de la ley del aborto cuenta con el &quot;apoyo solidario&quot; de los miembros del Gobierno, al ser preguntada por las supuestas discrepancias que ha suscitado este anteproyecto entre los dirigentes gubernamentales. S\u00e1enz de Santamar\u00eda ha hecho estas\" \/>\n\t\t<meta property=\"og:url\" content=\"https:\/\/www.eldigitaldeasturias.com\/noticias\/la-reforma-del-aborto-tiene-el-apoyo-solidario-de-los-miembros-del-gobierno\/\" \/>\n\t\t<meta property=\"og:image\" content=\"https:\/\/www.eldigitaldeasturias.com\/noticias\/wp-content\/uploads\/2026\/06\/Contenidos.jpg\" \/>\n\t\t<meta property=\"og:image:secure_url\" content=\"https:\/\/www.eldigitaldeasturias.com\/noticias\/wp-content\/uploads\/2026\/06\/Contenidos.jpg\" \/>\n\t\t<meta property=\"og:image:width\" content=\"1265\" \/>\n\t\t<meta property=\"og:image:height\" content=\"697\" \/>\n\t\t<meta property=\"article:tag\" content=\"actualidad\" \/>\n\t\t<meta property=\"article:published_time\" content=\"2014-01-31T18:50:20+00:00\" \/>\n\t\t<meta property=\"article:modified_time\" content=\"2014-01-31T18:50:20+00:00\" \/>\n\t\t<meta property=\"article:publisher\" content=\"https:\/\/facebook.com\/eldigitaldeasturias\" \/>\n\t\t<meta name=\"twitter:card\" content=\"summary_large_image\" \/>\n\t\t<meta name=\"twitter:title\" content=\"La reforma del aborto tiene el \u00abapoyo solidario\u00bb de los miembros del Gobierno - El Digital de Asturias\" \/>\n\t\t<meta name=\"twitter:description\" content=\"Madrid, 31 ene (EFE).- La vicepresidente del Ejecutivo, Soraya S\u00e1enz de Santamar\u00eda, ha afirmado hoy que la reforma de la ley del aborto cuenta con el &quot;apoyo solidario&quot; de los miembros del Gobierno, al ser preguntada por las supuestas discrepancias que ha suscitado este anteproyecto entre los dirigentes gubernamentales. S\u00e1enz de Santamar\u00eda ha hecho estas\" \/>\n\t\t<meta name=\"twitter:image\" content=\"https:\/\/www.eldigitaldeasturias.com\/noticias\/wp-content\/uploads\/2026\/06\/Contenidos.jpg\" \/>\n\t\t<meta name=\"twitter:label1\" content=\"Escrito por\" \/>\n\t\t<meta name=\"twitter:data1\" content=\"El Digital de Asturias\" \/>\n\t\t<meta name=\"twitter:label2\" content=\"Tiempo de lectura estimado\" \/>\n\t\t<meta name=\"twitter:data2\" content=\"1 minuto\" \/>\n\t\t<script type=\"application\/ld+json\" class=\"aioseo-schema\">\n\t\t\t{\"@context\":\"https:\\\/\\\/schema.org\",\"@graph\":[{\"@type\":\"BlogPosting\",\"@id\":\"https:\\\/\\\/www.eldigitaldeasturias.com\\\/noticias\\\/la-reforma-del-aborto-tiene-el-apoyo-solidario-de-los-miembros-del-gobierno\\\/#blogposting\",\"name\":\"La reforma del aborto tiene el \\u00abapoyo solidario\\u00bb de los miembros del Gobierno - El Digital de Asturias\",\"headline\":\"La reforma del aborto tiene el \\u00abapoyo solidario\\u00bb de los miembros del Gobierno\",\"author\":{\"@id\":\"https:\\\/\\\/www.eldigitaldeasturias.com\\\/noticias\\\/author\\\/admin\\\/#author\"},\"publisher\":{\"@id\":\"https:\\\/\\\/www.eldigitaldeasturias.com\\\/noticias\\\/#organization\"},\"image\":{\"@type\":\"ImageObject\",\"url\":\"https:\\\/\\\/www.eldigitaldeasturias.com\\\/noticias\\\/wp-content\\\/uploads\\\/2026\\\/06\\\/Contenidos.jpg\",\"width\":1265,\"height\":697,\"caption\":\"Contenidos\"},\"datePublished\":\"2014-01-31T17:50:20+01:00\",\"dateModified\":\"2014-01-31T17:50:20+01:00\",\"inLanguage\":\"es-ES\",\"mainEntityOfPage\":{\"@id\":\"https:\\\/\\\/www.eldigitaldeasturias.com\\\/noticias\\\/la-reforma-del-aborto-tiene-el-apoyo-solidario-de-los-miembros-del-gobierno\\\/#webpage\"},\"isPartOf\":{\"@id\":\"https:\\\/\\\/www.eldigitaldeasturias.com\\\/noticias\\\/la-reforma-del-aborto-tiene-el-apoyo-solidario-de-los-miembros-del-gobierno\\\/#webpage\"},\"articleSection\":\"Actualidad\"},{\"@type\":\"BreadcrumbList\",\"@id\":\"https:\\\/\\\/www.eldigitaldeasturias.com\\\/noticias\\\/la-reforma-del-aborto-tiene-el-apoyo-solidario-de-los-miembros-del-gobierno\\\/#breadcrumblist\",\"itemListElement\":[{\"@type\":\"ListItem\",\"@id\":\"https:\\\/\\\/www.eldigitaldeasturias.com\\\/noticias#listItem\",\"position\":1,\"name\":\"Home\",\"item\":\"https:\\\/\\\/www.eldigitaldeasturias.com\\\/noticias\",\"nextItem\":{\"@type\":\"ListItem\",\"@id\":\"https:\\\/\\\/www.eldigitaldeasturias.com\\\/noticias\\\/category\\\/actualidad\\\/#listItem\",\"name\":\"Actualidad\"}},{\"@type\":\"ListItem\",\"@id\":\"https:\\\/\\\/www.eldigitaldeasturias.com\\\/noticias\\\/category\\\/actualidad\\\/#listItem\",\"position\":2,\"name\":\"Actualidad\",\"item\":\"https:\\\/\\\/www.eldigitaldeasturias.com\\\/noticias\\\/category\\\/actualidad\\\/\",\"nextItem\":{\"@type\":\"ListItem\",\"@id\":\"https:\\\/\\\/www.eldigitaldeasturias.com\\\/noticias\\\/la-reforma-del-aborto-tiene-el-apoyo-solidario-de-los-miembros-del-gobierno\\\/#listItem\",\"name\":\"La reforma del aborto tiene el \\u00abapoyo solidario\\u00bb de los miembros del Gobierno\"},\"previousItem\":{\"@type\":\"ListItem\",\"@id\":\"https:\\\/\\\/www.eldigitaldeasturias.com\\\/noticias#listItem\",\"name\":\"Home\"}},{\"@type\":\"ListItem\",\"@id\":\"https:\\\/\\\/www.eldigitaldeasturias.com\\\/noticias\\\/la-reforma-del-aborto-tiene-el-apoyo-solidario-de-los-miembros-del-gobierno\\\/#listItem\",\"position\":3,\"name\":\"La reforma del aborto tiene el \\u00abapoyo solidario\\u00bb de los miembros del Gobierno\",\"previousItem\":{\"@type\":\"ListItem\",\"@id\":\"https:\\\/\\\/www.eldigitaldeasturias.com\\\/noticias\\\/category\\\/actualidad\\\/#listItem\",\"name\":\"Actualidad\"}}]},{\"@type\":\"Organization\",\"@id\":\"https:\\\/\\\/www.eldigitaldeasturias.com\\\/noticias\\\/#organization\",\"name\":\"El Digital de Asturias\",\"description\":\"Hemeroteca\",\"url\":\"https:\\\/\\\/www.eldigitaldeasturias.com\\\/noticias\\\/\",\"email\":\"info@eldigitaldeasturias.com\",\"telephone\":\"+34652131393\",\"logo\":{\"@type\":\"ImageObject\",\"url\":\"https:\\\/\\\/www.eldigitaldeasturias.com\\\/noticias\\\/wp-content\\\/uploads\\\/2020\\\/12\\\/EDA.jpg\",\"@id\":\"https:\\\/\\\/www.eldigitaldeasturias.com\\\/noticias\\\/la-reforma-del-aborto-tiene-el-apoyo-solidario-de-los-miembros-del-gobierno\\\/#organizationLogo\"},\"image\":{\"@id\":\"https:\\\/\\\/www.eldigitaldeasturias.com\\\/noticias\\\/la-reforma-del-aborto-tiene-el-apoyo-solidario-de-los-miembros-del-gobierno\\\/#organizationLogo\"},\"sameAs\":[\"https:\\\/\\\/facebook.com\\\/eldigitaldeasturias\",\"https:\\\/\\\/www.youtube.com\\\/channel\\\/UCZP-2wLEB9Rv6erhFmqVnvg\"],\"address\":{\"@id\":\"https:\\\/\\\/www.eldigitaldeasturias.com\\\/noticias\\\/#postaladdress\",\"@type\":\"PostalAddress\",\"streetAddress\":\"san antonio 4\",\"postalCode\":\"33430\",\"addressLocality\":\"Cand\\u00e1s\",\"addressRegion\":\"Asturias\",\"addressCountry\":\"ES\"}},{\"@type\":\"Person\",\"@id\":\"https:\\\/\\\/www.eldigitaldeasturias.com\\\/noticias\\\/author\\\/admin\\\/#author\",\"url\":\"https:\\\/\\\/www.eldigitaldeasturias.com\\\/noticias\\\/author\\\/admin\\\/\",\"name\":\"El Digital de Asturias\",\"image\":{\"@type\":\"ImageObject\",\"@id\":\"https:\\\/\\\/www.eldigitaldeasturias.com\\\/noticias\\\/la-reforma-del-aborto-tiene-el-apoyo-solidario-de-los-miembros-del-gobierno\\\/#authorImage\",\"url\":\"https:\\\/\\\/secure.gravatar.com\\\/avatar\\\/df2aeffc32bcd13f8d26072ef8a91b623d677766deac7f97ca815868cd41bf5e?s=96&d=mm&r=g\",\"width\":96,\"height\":96,\"caption\":\"El Digital de Asturias\"}},{\"@type\":\"WebPage\",\"@id\":\"https:\\\/\\\/www.eldigitaldeasturias.com\\\/noticias\\\/la-reforma-del-aborto-tiene-el-apoyo-solidario-de-los-miembros-del-gobierno\\\/#webpage\",\"url\":\"https:\\\/\\\/www.eldigitaldeasturias.com\\\/noticias\\\/la-reforma-del-aborto-tiene-el-apoyo-solidario-de-los-miembros-del-gobierno\\\/\",\"name\":\"La reforma del aborto tiene el \\u00abapoyo solidario\\u00bb de los miembros del Gobierno - El Digital de Asturias\",\"description\":\"Madrid, 31 ene (EFE).- La vicepresidente del Ejecutivo, Soraya S\\u00e1enz de Santamar\\u00eda, ha afirmado hoy que la reforma de la ley del aborto cuenta con el \\\"apoyo solidario\\\" de los miembros del Gobierno, al ser preguntada por las supuestas discrepancias que ha suscitado este anteproyecto entre los dirigentes gubernamentales. S\\u00e1enz de Santamar\\u00eda ha hecho estas\",\"inLanguage\":\"es-ES\",\"isPartOf\":{\"@id\":\"https:\\\/\\\/www.eldigitaldeasturias.com\\\/noticias\\\/#website\"},\"breadcrumb\":{\"@id\":\"https:\\\/\\\/www.eldigitaldeasturias.com\\\/noticias\\\/la-reforma-del-aborto-tiene-el-apoyo-solidario-de-los-miembros-del-gobierno\\\/#breadcrumblist\"},\"author\":{\"@id\":\"https:\\\/\\\/www.eldigitaldeasturias.com\\\/noticias\\\/author\\\/admin\\\/#author\"},\"creator\":{\"@id\":\"https:\\\/\\\/www.eldigitaldeasturias.com\\\/noticias\\\/author\\\/admin\\\/#author\"},\"image\":{\"@type\":\"ImageObject\",\"url\":\"https:\\\/\\\/www.eldigitaldeasturias.com\\\/noticias\\\/wp-content\\\/uploads\\\/2026\\\/06\\\/Contenidos.jpg\",\"@id\":\"https:\\\/\\\/www.eldigitaldeasturias.com\\\/noticias\\\/la-reforma-del-aborto-tiene-el-apoyo-solidario-de-los-miembros-del-gobierno\\\/#mainImage\",\"width\":1265,\"height\":697,\"caption\":\"Contenidos\"},\"primaryImageOfPage\":{\"@id\":\"https:\\\/\\\/www.eldigitaldeasturias.com\\\/noticias\\\/la-reforma-del-aborto-tiene-el-apoyo-solidario-de-los-miembros-del-gobierno\\\/#mainImage\"},\"datePublished\":\"2014-01-31T17:50:20+01:00\",\"dateModified\":\"2014-01-31T17:50:20+01:00\"},{\"@type\":\"WebSite\",\"@id\":\"https:\\\/\\\/www.eldigitaldeasturias.com\\\/noticias\\\/#website\",\"url\":\"https:\\\/\\\/www.eldigitaldeasturias.com\\\/noticias\\\/\",\"name\":\"El Digital de Asturias - Diario de actualidad y noticias\",\"alternateName\":\"El Digital de Asturias - Diario de actualidad y noticias\",\"description\":\"Hemeroteca\",\"inLanguage\":\"es-ES\",\"publisher\":{\"@id\":\"https:\\\/\\\/www.eldigitaldeasturias.com\\\/noticias\\\/#organization\"}}]}\n\t\t<\/script>\n\t\t<!-- All in One SEO Pro -->\r\n\t\t<title>La reforma del aborto tiene el \u00abapoyo solidario\u00bb de los miembros del Gobierno - El Digital de Asturias<\/title>\n\n","aioseo_head_json":{"title":"La reforma del aborto tiene el \u00abapoyo solidario\u00bb de los miembros del Gobierno - El Digital de Asturias","description":"Madrid, 31 ene (EFE).- La vicepresidente del Ejecutivo, Soraya S\u00e1enz de Santamar\u00eda, ha afirmado hoy que la reforma de la ley del aborto cuenta con el \"apoyo solidario\" de los miembros del Gobierno, al ser preguntada por las supuestas discrepancias que ha suscitado este anteproyecto entre los dirigentes gubernamentales. S\u00e1enz de Santamar\u00eda ha hecho estas","canonical_url":"https:\/\/www.eldigitaldeasturias.com\/noticias\/la-reforma-del-aborto-tiene-el-apoyo-solidario-de-los-miembros-del-gobierno\/","robots":"max-image-preview:large","keywords":"actualidad","webmasterTools":{"google-site-verification":"UA-38556648-1","msvalidate.01":"7dfe9f3f1b24437ab69f4f2559babe99","miscellaneous":""},"schema":{"@context":"https:\/\/schema.org","@graph":[{"@type":"BlogPosting","@id":"https:\/\/www.eldigitaldeasturias.com\/noticias\/la-reforma-del-aborto-tiene-el-apoyo-solidario-de-los-miembros-del-gobierno\/#blogposting","name":"La reforma del aborto tiene el \u00abapoyo solidario\u00bb de los miembros del Gobierno - El Digital de Asturias","headline":"La reforma del aborto tiene el \u00abapoyo solidario\u00bb de los miembros del Gobierno","author":{"@id":"https:\/\/www.eldigitaldeasturias.com\/noticias\/author\/admin\/#author"},"publisher":{"@id":"https:\/\/www.eldigitaldeasturias.com\/noticias\/#organization"},"image":{"@type":"ImageObject","url":"https:\/\/www.eldigitaldeasturias.com\/noticias\/wp-content\/uploads\/2026\/06\/Contenidos.jpg","width":1265,"height":697,"caption":"Contenidos"},"datePublished":"2014-01-31T17:50:20+01:00","dateModified":"2014-01-31T17:50:20+01:00","inLanguage":"es-ES","mainEntityOfPage":{"@id":"https:\/\/www.eldigitaldeasturias.com\/noticias\/la-reforma-del-aborto-tiene-el-apoyo-solidario-de-los-miembros-del-gobierno\/#webpage"},"isPartOf":{"@id":"https:\/\/www.eldigitaldeasturias.com\/noticias\/la-reforma-del-aborto-tiene-el-apoyo-solidario-de-los-miembros-del-gobierno\/#webpage"},"articleSection":"Actualidad"},{"@type":"BreadcrumbList","@id":"https:\/\/www.eldigitaldeasturias.com\/noticias\/la-reforma-del-aborto-tiene-el-apoyo-solidario-de-los-miembros-del-gobierno\/#breadcrumblist","itemListElement":[{"@type":"ListItem","@id":"https:\/\/www.eldigitaldeasturias.com\/noticias#listItem","position":1,"name":"Home","item":"https:\/\/www.eldigitaldeasturias.com\/noticias","nextItem":{"@type":"ListItem","@id":"https:\/\/www.eldigitaldeasturias.com\/noticias\/category\/actualidad\/#listItem","name":"Actualidad"}},{"@type":"ListItem","@id":"https:\/\/www.eldigitaldeasturias.com\/noticias\/category\/actualidad\/#listItem","position":2,"name":"Actualidad","item":"https:\/\/www.eldigitaldeasturias.com\/noticias\/category\/actualidad\/","nextItem":{"@type":"ListItem","@id":"https:\/\/www.eldigitaldeasturias.com\/noticias\/la-reforma-del-aborto-tiene-el-apoyo-solidario-de-los-miembros-del-gobierno\/#listItem","name":"La reforma del aborto tiene el \u00abapoyo solidario\u00bb de los miembros del Gobierno"},"previousItem":{"@type":"ListItem","@id":"https:\/\/www.eldigitaldeasturias.com\/noticias#listItem","name":"Home"}},{"@type":"ListItem","@id":"https:\/\/www.eldigitaldeasturias.com\/noticias\/la-reforma-del-aborto-tiene-el-apoyo-solidario-de-los-miembros-del-gobierno\/#listItem","position":3,"name":"La reforma del aborto tiene el \u00abapoyo solidario\u00bb de los miembros del Gobierno","previousItem":{"@type":"ListItem","@id":"https:\/\/www.eldigitaldeasturias.com\/noticias\/category\/actualidad\/#listItem","name":"Actualidad"}}]},{"@type":"Organization","@id":"https:\/\/www.eldigitaldeasturias.com\/noticias\/#organization","name":"El Digital de Asturias","description":"Hemeroteca","url":"https:\/\/www.eldigitaldeasturias.com\/noticias\/","email":"info@eldigitaldeasturias.com","telephone":"+34652131393","logo":{"@type":"ImageObject","url":"https:\/\/www.eldigitaldeasturias.com\/noticias\/wp-content\/uploads\/2020\/12\/EDA.jpg","@id":"https:\/\/www.eldigitaldeasturias.com\/noticias\/la-reforma-del-aborto-tiene-el-apoyo-solidario-de-los-miembros-del-gobierno\/#organizationLogo"},"image":{"@id":"https:\/\/www.eldigitaldeasturias.com\/noticias\/la-reforma-del-aborto-tiene-el-apoyo-solidario-de-los-miembros-del-gobierno\/#organizationLogo"},"sameAs":["https:\/\/facebook.com\/eldigitaldeasturias","https:\/\/www.youtube.com\/channel\/UCZP-2wLEB9Rv6erhFmqVnvg"],"address":{"@id":"https:\/\/www.eldigitaldeasturias.com\/noticias\/#postaladdress","@type":"PostalAddress","streetAddress":"san antonio 4","postalCode":"33430","addressLocality":"Cand\u00e1s","addressRegion":"Asturias","addressCountry":"ES"}},{"@type":"Person","@id":"https:\/\/www.eldigitaldeasturias.com\/noticias\/author\/admin\/#author","url":"https:\/\/www.eldigitaldeasturias.com\/noticias\/author\/admin\/","name":"El Digital de Asturias","image":{"@type":"ImageObject","@id":"https:\/\/www.eldigitaldeasturias.com\/noticias\/la-reforma-del-aborto-tiene-el-apoyo-solidario-de-los-miembros-del-gobierno\/#authorImage","url":"https:\/\/secure.gravatar.com\/avatar\/df2aeffc32bcd13f8d26072ef8a91b623d677766deac7f97ca815868cd41bf5e?s=96&d=mm&r=g","width":96,"height":96,"caption":"El Digital de Asturias"}},{"@type":"WebPage","@id":"https:\/\/www.eldigitaldeasturias.com\/noticias\/la-reforma-del-aborto-tiene-el-apoyo-solidario-de-los-miembros-del-gobierno\/#webpage","url":"https:\/\/www.eldigitaldeasturias.com\/noticias\/la-reforma-del-aborto-tiene-el-apoyo-solidario-de-los-miembros-del-gobierno\/","name":"La reforma del aborto tiene el \u00abapoyo solidario\u00bb de los miembros del Gobierno - El Digital de Asturias","description":"Madrid, 31 ene (EFE).- La vicepresidente del Ejecutivo, Soraya S\u00e1enz de Santamar\u00eda, ha afirmado hoy que la reforma de la ley del aborto cuenta con el \"apoyo solidario\" de los miembros del Gobierno, al ser preguntada por las supuestas discrepancias que ha suscitado este anteproyecto entre los dirigentes gubernamentales. S\u00e1enz de Santamar\u00eda ha hecho estas","inLanguage":"es-ES","isPartOf":{"@id":"https:\/\/www.eldigitaldeasturias.com\/noticias\/#website"},"breadcrumb":{"@id":"https:\/\/www.eldigitaldeasturias.com\/noticias\/la-reforma-del-aborto-tiene-el-apoyo-solidario-de-los-miembros-del-gobierno\/#breadcrumblist"},"author":{"@id":"https:\/\/www.eldigitaldeasturias.com\/noticias\/author\/admin\/#author"},"creator":{"@id":"https:\/\/www.eldigitaldeasturias.com\/noticias\/author\/admin\/#author"},"image":{"@type":"ImageObject","url":"https:\/\/www.eldigitaldeasturias.com\/noticias\/wp-content\/uploads\/2026\/06\/Contenidos.jpg","@id":"https:\/\/www.eldigitaldeasturias.com\/noticias\/la-reforma-del-aborto-tiene-el-apoyo-solidario-de-los-miembros-del-gobierno\/#mainImage","width":1265,"height":697,"caption":"Contenidos"},"primaryImageOfPage":{"@id":"https:\/\/www.eldigitaldeasturias.com\/noticias\/la-reforma-del-aborto-tiene-el-apoyo-solidario-de-los-miembros-del-gobierno\/#mainImage"},"datePublished":"2014-01-31T17:50:20+01:00","dateModified":"2014-01-31T17:50:20+01:00"},{"@type":"WebSite","@id":"https:\/\/www.eldigitaldeasturias.com\/noticias\/#website","url":"https:\/\/www.eldigitaldeasturias.com\/noticias\/","name":"El Digital de Asturias - Diario de actualidad y noticias","alternateName":"El Digital de Asturias - Diario de actualidad y noticias","description":"Hemeroteca","inLanguage":"es-ES","publisher":{"@id":"https:\/\/www.eldigitaldeasturias.com\/noticias\/#organization"}}]},"og:locale":"es_ES","og:site_name":"El Digital de Asturias","og:type":"article","og:title":"La reforma del aborto tiene el \u00abapoyo solidario\u00bb de los miembros del Gobierno - El Digital de Asturias","og:description":"Madrid, 31 ene (EFE).- La vicepresidente del Ejecutivo, Soraya S\u00e1enz de Santamar\u00eda, ha afirmado hoy que la reforma de la ley del aborto cuenta con el &quot;apoyo solidario&quot; de los miembros del Gobierno, al ser preguntada por las supuestas discrepancias que ha suscitado este anteproyecto entre los dirigentes gubernamentales. S\u00e1enz de Santamar\u00eda ha hecho estas","og:url":"https:\/\/www.eldigitaldeasturias.com\/noticias\/la-reforma-del-aborto-tiene-el-apoyo-solidario-de-los-miembros-del-gobierno\/","og:image":"https:\/\/www.eldigitaldeasturias.com\/noticias\/wp-content\/uploads\/2026\/06\/Contenidos.jpg","og:image:secure_url":"https:\/\/www.eldigitaldeasturias.com\/noticias\/wp-content\/uploads\/2026\/06\/Contenidos.jpg","og:image:width":1265,"og:image:height":697,"article:tag":["actualidad"],"article:published_time":"2014-01-31T18:50:20+00:00","article:modified_time":"2014-01-31T18:50:20+00:00","article:publisher":"https:\/\/facebook.com\/eldigitaldeasturias","twitter:card":"summary_large_image","twitter:title":"La reforma del aborto tiene el \u00abapoyo solidario\u00bb de los miembros del Gobierno - El Digital de Asturias","twitter:description":"Madrid, 31 ene (EFE).- La vicepresidente del Ejecutivo, Soraya S\u00e1enz de Santamar\u00eda, ha afirmado hoy que la reforma de la ley del aborto cuenta con el &quot;apoyo solidario&quot; de los miembros del Gobierno, al ser preguntada por las supuestas discrepancias que ha suscitado este anteproyecto entre los dirigentes gubernamentales. S\u00e1enz de Santamar\u00eda ha hecho estas","twitter:image":"https:\/\/www.eldigitaldeasturias.com\/noticias\/wp-content\/uploads\/2026\/06\/Contenidos.jpg","twitter:label1":"Escrito por","twitter:data1":"El Digital de Asturias","twitter:label2":"Tiempo de lectura estimado","twitter:data2":"1 minuto"},"aioseo_meta_data":{"post_id":"481205","title":null,"description":null,"keywords":null,"keyphrases":null,"primary_term":null,"canonical_url":null,"og_title":null,"og_description":null,"og_object_type":"default","og_image_type":"default","og_image_url":null,"og_image_width":null,"og_image_height":null,"og_image_custom_url":null,"og_image_custom_fields":null,"og_video":null,"og_custom_url":null,"og_article_section":null,"og_article_tags":null,"twitter_use_og":true,"twitter_card":"default","twitter_image_type":"default","twitter_image_url":null,"twitter_image_custom_url":null,"twitter_image_custom_fields":null,"twitter_title":null,"twitter_description":null,"schema":{"blockGraphs":[],"customGraphs":[],"default":{"data":{"Article":[],"Course":[],"Dataset":[],"FAQPage":[],"Movie":[],"Person":[],"Product":[],"ProductReview":[],"Car":[],"Recipe":[],"Service":[],"SoftwareApplication":[],"WebPage":[]},"graphName":"","isEnabled":true},"graphs":[],"defaultGraph":"","defaultPostTypeGraph":""},"schema_type":null,"schema_type_options":null,"pillar_content":false,"robots_default":true,"robots_noindex":false,"robots_noarchive":false,"robots_nosnippet":false,"robots_nofollow":false,"robots_noimageindex":false,"robots_noodp":false,"robots_notranslate":false,"robots_max_snippet":null,"robots_max_videopreview":null,"robots_max_imagepreview":"none","priority":null,"frequency":null,"local_seo":null,"seo_analyzer_scan_date":"2026-06-02 06:04:54","breadcrumb_settings":null,"limit_modified_date":false,"open_ai":null,"ai":null,"created":"2020-11-14 22:54:17","updated":"2026-06-02 06:04:54","focus_keyword":null,"additional_keywords":null,"truseo_locale":null},"aioseo_breadcrumb":"<div class=\"aioseo-breadcrumbs\"><span class=\"aioseo-breadcrumb\">\n\t<a href=\"https:\/\/www.eldigitaldeasturias.com\/noticias\" title=\"Home\">Home<\/a>\n<\/span><span class=\"aioseo-breadcrumb-separator\">\u2013<\/span><span class=\"aioseo-breadcrumb\">\n\t<a href=\"https:\/\/www.eldigitaldeasturias.com\/noticias\/category\/actualidad\/\" title=\"Actualidad\">Actualidad<\/a>\n<\/span><span class=\"aioseo-breadcrumb-separator\">\u2013<\/span><span class=\"aioseo-breadcrumb\">\n\t<a href=\"https:\/\/www.eldigitaldeasturias.com\/noticias\/la-reforma-del-aborto-tiene-el-apoyo-solidario-de-los-miembros-del-gobierno\/\" title=\"La reforma del aborto tiene el \u00abapoyo solidario\u00bb de los miembros del Gobierno\">La reforma del aborto tiene el \u00abapoyo solidario\u00bb de los miembros del Gobierno<\/a>\n<\/span><\/div>","aioseo_breadcrumb_json":[{"label":"Home","link":"https:\/\/www.eldigitaldeasturias.com\/noticias"},{"label":"Actualidad","link":"https:\/\/www.eldigitaldeasturias.com\/noticias\/category\/actualidad\/"},{"label":"La reforma del aborto tiene el \u00abapoyo solidario\u00bb de los miembros del Gobierno","link":"https:\/\/www.eldigitaldeasturias.com\/noticias\/la-reforma-del-aborto-tiene-el-apoyo-solidario-de-los-miembros-del-gobierno\/"}],"_links":{"self":[{"href":"https:\/\/www.eldigitaldeasturias.com\/noticias\/wp-json\/wp\/v2\/posts\/481205","targetHints":{"allow":["GET"]}}],"collection":[{"href":"https:\/\/www.eldigitaldeasturias.com\/noticias\/wp-json\/wp\/v2\/posts"}],"about":[{"href":"https:\/\/www.eldigitaldeasturias.com\/noticias\/wp-json\/wp\/v2\/types\/post"}],"author":[{"embeddable":true,"href":"https:\/\/www.eldigitaldeasturias.com\/noticias\/wp-json\/wp\/v2\/users\/1"}],"replies":[{"embeddable":true,"href":"https:\/\/www.eldigitaldeasturias.com\/noticias\/wp-json\/wp\/v2\/comments?post=481205"}],"version-history":[{"count":0,"href":"https:\/\/www.eldigitaldeasturias.com\/noticias\/wp-json\/wp\/v2\/posts\/481205\/revisions"}],"wp:featuredmedia":[{"embeddable":true,"href":"https:\/\/www.eldigitaldeasturias.com\/noticias\/wp-json\/wp\/v2\/media\/1132184"}],"wp:attachment":[{"href":"https:\/\/www.eldigitaldeasturias.com\/noticias\/wp-json\/wp\/v2\/media?parent=481205"}],"wp:term":[{"taxonomy":"category","embeddable":true,"href":"https:\/\/www.eldigitaldeasturias.com\/noticias\/wp-json\/wp\/v2\/categories?post=481205"},{"taxonomy":"post_tag","embeddable":true,"href":"https:\/\/www.eldigitaldeasturias.com\/noticias\/wp-json\/wp\/v2\/tags?post=481205"}],"curies":[{"name":"wp","href":"https:\/\/api.w.org\/{rel}","templated":true}]}}