{"id":481202,"date":"2014-01-31T17:49:26","date_gmt":"2014-01-31T18:49:26","guid":{"rendered":"http:\/\/www.eldigitaldeasturias.com\/noticias\/?p=481202"},"modified":"2014-01-31T17:49:26","modified_gmt":"2014-01-31T18:49:26","slug":"el-gobierno-insiste-en-la-necesidad-de-informar-de-la-realidad-a-los-catalanes","status":"publish","type":"post","link":"https:\/\/www.eldigitaldeasturias.com\/noticias\/el-gobierno-insiste-en-la-necesidad-de-informar-de-la-realidad-a-los-catalanes\/","title":{"rendered":"El Gobierno insiste en la necesidad de informar de la realidad a los catalanes"},"content":{"rendered":"<p><img loading=\"lazy\" decoding=\"async\" class=\"alignleft size-medium wp-image-481203\" alt=\"5895929w\" src=\"https:\/\/www.eldigitaldeasturias.com\/noticias\/wp-content\/uploads\/2014\/01\/5895929w-360x240.jpg\" width=\"360\" height=\"240\" \/>Madrid, 31 ene (EFE).- La vicepresidenta del Gobierno, Soraya S\u00e1enz de Santamar\u00eda, ha valorado hoy el informe dado a conocer esta semana por la fundaci\u00f3n Faes sobre la secesi\u00f3n de Catalu\u00f1a y ha dicho que ofrece claridad para que los ciudadanos conozcan los efectos y las consecuencias de una eventual independencia.<\/p>\n<p>En rueda de prensa posterior a la reuni\u00f3n del Consejo de Ministros, S\u00e1enz de Santamar\u00eda ha recordado que hay numerosos foros de distinta naturaleza que est\u00e1n ofreciendo su opini\u00f3n respecto al caso catal\u00e1n y que aportan an\u00e1lisis desde punto de vista econ\u00f3mico, jur\u00eddico, de la situaci\u00f3n europea o del euro.<\/p>\n<p>Se trata de dar claridad a un tema en el que es \u00abmuy importante\u00bb que los ciudadanos tengan informaci\u00f3n sobre los efectos y las consecuencias que puede tener una iniciativa como la que han planteado CiU y ERC en Catalu\u00f1a.<\/p>\n<p>\u00abEs bueno -ha dicho- que se den esas explicaciones desde distintos foros y la contraposici\u00f3n de los efectos, para que los ciudadanos puedan de verdad conocer las implicaciones que tiene todo ello\u00bb.<\/p>\n<p>As\u00ed las cosas, S\u00e1enz de Santamar\u00eda ha subrayado que es positivo el informe de Faes en tanto en cuanto \u00absiempre es bueno tener todos los elementos para que la gente pueda conocer muy bien la realidad de las cosas\u00bb.<\/p>\n<p>Y los efectos que tiene la independencia en el seno de la UE o en la pertenencia a la moneda com\u00fan.<\/p>\n<p>Como lo es tambi\u00e9n, ha agregado, en el caso de las balanzas fiscales, ante la necesidad de que \u00ablos ciudadanos conozcan c\u00f3mo se financian los servicios p\u00fablicos\u00bb.<\/p>\n","protected":false},"excerpt":{"rendered":"<p>Madrid, 31 ene (EFE).- La vicepresidenta del Gobierno, Soraya S\u00e1enz de Santamar\u00eda, ha valorado hoy el informe dado a conocer esta semana por la fundaci\u00f3n Faes sobre la secesi\u00f3n de Catalu\u00f1a y ha dicho que ofrece claridad para que los ciudadanos conozcan los efectos y las consecuencias de una eventual independencia. En rueda de prensa [&hellip;]<\/p>\n","protected":false},"author":1,"featured_media":1132184,"comment_status":"closed","ping_status":"open","sticky":false,"template":"","format":"standard","meta":{"footnotes":""},"categories":[1],"tags":[],"class_list":["post-481202","post","type-post","status-publish","format-standard","has-post-thumbnail","hentry","category-actualidad"],"aioseo_notices":[],"aioseo_head":"\n\t\t<!-- All in One SEO Pro 5.0.1 - aioseo.com -->\n\t<meta name=\"description\" content=\"Madrid, 31 ene (EFE).- La vicepresidenta del Gobierno, Soraya S\u00e1enz de Santamar\u00eda, ha valorado hoy el informe dado a conocer esta semana por la fundaci\u00f3n Faes sobre la secesi\u00f3n de Catalu\u00f1a y ha dicho que ofrece claridad para que los ciudadanos conozcan los efectos y las consecuencias de una eventual independencia. En rueda de prensa\" \/>\n\t<meta name=\"robots\" content=\"max-image-preview:large\" \/>\n\t<meta name=\"author\" content=\"El Digital de Asturias\"\/>\n\t<meta name=\"google-site-verification\" content=\"UA-38556648-1\" \/>\n\t<meta name=\"msvalidate.01\" content=\"7dfe9f3f1b24437ab69f4f2559babe99\" \/>\n\t<meta name=\"keywords\" content=\"actualidad\" \/>\n\t<link rel=\"canonical\" href=\"https:\/\/www.eldigitaldeasturias.com\/noticias\/el-gobierno-insiste-en-la-necesidad-de-informar-de-la-realidad-a-los-catalanes\/\" \/>\n\t<meta name=\"generator\" content=\"All in One SEO Pro (AIOSEO) 5.0.1\" \/>\n\t\t<meta property=\"og:locale\" content=\"es_ES\" \/>\n\t\t<meta property=\"og:site_name\" content=\"El Digital de Asturias\" \/>\n\t\t<meta property=\"og:type\" content=\"article\" \/>\n\t\t<meta property=\"og:title\" content=\"El Gobierno insiste en la necesidad de informar de la realidad a los catalanes - El Digital de Asturias\" \/>\n\t\t<meta property=\"og:description\" content=\"Madrid, 31 ene (EFE).- La vicepresidenta del Gobierno, Soraya S\u00e1enz de Santamar\u00eda, ha valorado hoy el informe dado a conocer esta semana por la fundaci\u00f3n Faes sobre la secesi\u00f3n de Catalu\u00f1a y ha dicho que ofrece claridad para que los ciudadanos conozcan los efectos y las consecuencias de una eventual independencia. En rueda de prensa\" \/>\n\t\t<meta property=\"og:url\" content=\"https:\/\/www.eldigitaldeasturias.com\/noticias\/el-gobierno-insiste-en-la-necesidad-de-informar-de-la-realidad-a-los-catalanes\/\" \/>\n\t\t<meta property=\"og:image\" content=\"https:\/\/www.eldigitaldeasturias.com\/noticias\/wp-content\/uploads\/2026\/06\/Contenidos.jpg\" \/>\n\t\t<meta property=\"og:image:secure_url\" content=\"https:\/\/www.eldigitaldeasturias.com\/noticias\/wp-content\/uploads\/2026\/06\/Contenidos.jpg\" \/>\n\t\t<meta property=\"og:image:width\" content=\"1265\" \/>\n\t\t<meta property=\"og:image:height\" content=\"697\" \/>\n\t\t<meta property=\"article:tag\" content=\"actualidad\" \/>\n\t\t<meta property=\"article:published_time\" content=\"2014-01-31T18:49:26+00:00\" \/>\n\t\t<meta property=\"article:modified_time\" content=\"2014-01-31T18:49:26+00:00\" \/>\n\t\t<meta property=\"article:publisher\" content=\"https:\/\/facebook.com\/eldigitaldeasturias\" \/>\n\t\t<meta name=\"twitter:card\" content=\"summary_large_image\" \/>\n\t\t<meta name=\"twitter:title\" content=\"El Gobierno insiste en la necesidad de informar de la realidad a los catalanes - El Digital de Asturias\" \/>\n\t\t<meta name=\"twitter:description\" content=\"Madrid, 31 ene (EFE).- La vicepresidenta del Gobierno, Soraya S\u00e1enz de Santamar\u00eda, ha valorado hoy el informe dado a conocer esta semana por la fundaci\u00f3n Faes sobre la secesi\u00f3n de Catalu\u00f1a y ha dicho que ofrece claridad para que los ciudadanos conozcan los efectos y las consecuencias de una eventual independencia. En rueda de prensa\" \/>\n\t\t<meta name=\"twitter:image\" content=\"https:\/\/www.eldigitaldeasturias.com\/noticias\/wp-content\/uploads\/2026\/06\/Contenidos.jpg\" \/>\n\t\t<meta name=\"twitter:label1\" content=\"Escrito por\" \/>\n\t\t<meta name=\"twitter:data1\" content=\"El Digital de Asturias\" \/>\n\t\t<meta name=\"twitter:label2\" content=\"Tiempo de lectura estimado\" \/>\n\t\t<meta name=\"twitter:data2\" content=\"1 minuto\" \/>\n\t\t<script type=\"application\/ld+json\" class=\"aioseo-schema\">\n\t\t\t{\"@context\":\"https:\\\/\\\/schema.org\",\"@graph\":[{\"@type\":\"BlogPosting\",\"@id\":\"https:\\\/\\\/www.eldigitaldeasturias.com\\\/noticias\\\/el-gobierno-insiste-en-la-necesidad-de-informar-de-la-realidad-a-los-catalanes\\\/#blogposting\",\"name\":\"El Gobierno insiste en la necesidad de informar de la realidad a los catalanes - El Digital de Asturias\",\"headline\":\"El Gobierno insiste en la necesidad de informar de la realidad a los catalanes\",\"author\":{\"@id\":\"https:\\\/\\\/www.eldigitaldeasturias.com\\\/noticias\\\/author\\\/admin\\\/#author\"},\"publisher\":{\"@id\":\"https:\\\/\\\/www.eldigitaldeasturias.com\\\/noticias\\\/#organization\"},\"image\":{\"@type\":\"ImageObject\",\"url\":\"https:\\\/\\\/www.eldigitaldeasturias.com\\\/noticias\\\/wp-content\\\/uploads\\\/2026\\\/06\\\/Contenidos.jpg\",\"width\":1265,\"height\":697,\"caption\":\"Contenidos\"},\"datePublished\":\"2014-01-31T17:49:26+01:00\",\"dateModified\":\"2014-01-31T17:49:26+01:00\",\"inLanguage\":\"es-ES\",\"mainEntityOfPage\":{\"@id\":\"https:\\\/\\\/www.eldigitaldeasturias.com\\\/noticias\\\/el-gobierno-insiste-en-la-necesidad-de-informar-de-la-realidad-a-los-catalanes\\\/#webpage\"},\"isPartOf\":{\"@id\":\"https:\\\/\\\/www.eldigitaldeasturias.com\\\/noticias\\\/el-gobierno-insiste-en-la-necesidad-de-informar-de-la-realidad-a-los-catalanes\\\/#webpage\"},\"articleSection\":\"Actualidad\"},{\"@type\":\"BreadcrumbList\",\"@id\":\"https:\\\/\\\/www.eldigitaldeasturias.com\\\/noticias\\\/el-gobierno-insiste-en-la-necesidad-de-informar-de-la-realidad-a-los-catalanes\\\/#breadcrumblist\",\"itemListElement\":[{\"@type\":\"ListItem\",\"@id\":\"https:\\\/\\\/www.eldigitaldeasturias.com\\\/noticias#listItem\",\"position\":1,\"name\":\"Home\",\"item\":\"https:\\\/\\\/www.eldigitaldeasturias.com\\\/noticias\",\"nextItem\":{\"@type\":\"ListItem\",\"@id\":\"https:\\\/\\\/www.eldigitaldeasturias.com\\\/noticias\\\/category\\\/actualidad\\\/#listItem\",\"name\":\"Actualidad\"}},{\"@type\":\"ListItem\",\"@id\":\"https:\\\/\\\/www.eldigitaldeasturias.com\\\/noticias\\\/category\\\/actualidad\\\/#listItem\",\"position\":2,\"name\":\"Actualidad\",\"item\":\"https:\\\/\\\/www.eldigitaldeasturias.com\\\/noticias\\\/category\\\/actualidad\\\/\",\"nextItem\":{\"@type\":\"ListItem\",\"@id\":\"https:\\\/\\\/www.eldigitaldeasturias.com\\\/noticias\\\/el-gobierno-insiste-en-la-necesidad-de-informar-de-la-realidad-a-los-catalanes\\\/#listItem\",\"name\":\"El Gobierno insiste en la necesidad de informar de la realidad a los catalanes\"},\"previousItem\":{\"@type\":\"ListItem\",\"@id\":\"https:\\\/\\\/www.eldigitaldeasturias.com\\\/noticias#listItem\",\"name\":\"Home\"}},{\"@type\":\"ListItem\",\"@id\":\"https:\\\/\\\/www.eldigitaldeasturias.com\\\/noticias\\\/el-gobierno-insiste-en-la-necesidad-de-informar-de-la-realidad-a-los-catalanes\\\/#listItem\",\"position\":3,\"name\":\"El Gobierno insiste en la necesidad de informar de la realidad a los catalanes\",\"previousItem\":{\"@type\":\"ListItem\",\"@id\":\"https:\\\/\\\/www.eldigitaldeasturias.com\\\/noticias\\\/category\\\/actualidad\\\/#listItem\",\"name\":\"Actualidad\"}}]},{\"@type\":\"Organization\",\"@id\":\"https:\\\/\\\/www.eldigitaldeasturias.com\\\/noticias\\\/#organization\",\"name\":\"El Digital de Asturias\",\"description\":\"Hemeroteca\",\"url\":\"https:\\\/\\\/www.eldigitaldeasturias.com\\\/noticias\\\/\",\"email\":\"info@eldigitaldeasturias.com\",\"telephone\":\"+34652131393\",\"logo\":{\"@type\":\"ImageObject\",\"url\":\"https:\\\/\\\/www.eldigitaldeasturias.com\\\/noticias\\\/wp-content\\\/uploads\\\/2020\\\/12\\\/EDA.jpg\",\"@id\":\"https:\\\/\\\/www.eldigitaldeasturias.com\\\/noticias\\\/el-gobierno-insiste-en-la-necesidad-de-informar-de-la-realidad-a-los-catalanes\\\/#organizationLogo\"},\"image\":{\"@id\":\"https:\\\/\\\/www.eldigitaldeasturias.com\\\/noticias\\\/el-gobierno-insiste-en-la-necesidad-de-informar-de-la-realidad-a-los-catalanes\\\/#organizationLogo\"},\"sameAs\":[\"https:\\\/\\\/facebook.com\\\/eldigitaldeasturias\",\"https:\\\/\\\/www.youtube.com\\\/channel\\\/UCZP-2wLEB9Rv6erhFmqVnvg\"],\"address\":{\"@id\":\"https:\\\/\\\/www.eldigitaldeasturias.com\\\/noticias\\\/#postaladdress\",\"@type\":\"PostalAddress\",\"streetAddress\":\"san antonio 4\",\"postalCode\":\"33430\",\"addressLocality\":\"Cand\\u00e1s\",\"addressRegion\":\"Asturias\",\"addressCountry\":\"ES\"}},{\"@type\":\"Person\",\"@id\":\"https:\\\/\\\/www.eldigitaldeasturias.com\\\/noticias\\\/author\\\/admin\\\/#author\",\"url\":\"https:\\\/\\\/www.eldigitaldeasturias.com\\\/noticias\\\/author\\\/admin\\\/\",\"name\":\"El Digital de Asturias\",\"image\":{\"@type\":\"ImageObject\",\"@id\":\"https:\\\/\\\/www.eldigitaldeasturias.com\\\/noticias\\\/el-gobierno-insiste-en-la-necesidad-de-informar-de-la-realidad-a-los-catalanes\\\/#authorImage\",\"url\":\"https:\\\/\\\/secure.gravatar.com\\\/avatar\\\/df2aeffc32bcd13f8d26072ef8a91b623d677766deac7f97ca815868cd41bf5e?s=96&d=mm&r=g\",\"width\":96,\"height\":96,\"caption\":\"El Digital de Asturias\"}},{\"@type\":\"WebPage\",\"@id\":\"https:\\\/\\\/www.eldigitaldeasturias.com\\\/noticias\\\/el-gobierno-insiste-en-la-necesidad-de-informar-de-la-realidad-a-los-catalanes\\\/#webpage\",\"url\":\"https:\\\/\\\/www.eldigitaldeasturias.com\\\/noticias\\\/el-gobierno-insiste-en-la-necesidad-de-informar-de-la-realidad-a-los-catalanes\\\/\",\"name\":\"El Gobierno insiste en la necesidad de informar de la realidad a los catalanes - El Digital de Asturias\",\"description\":\"Madrid, 31 ene (EFE).- La vicepresidenta del Gobierno, Soraya S\\u00e1enz de Santamar\\u00eda, ha valorado hoy el informe dado a conocer esta semana por la fundaci\\u00f3n Faes sobre la secesi\\u00f3n de Catalu\\u00f1a y ha dicho que ofrece claridad para que los ciudadanos conozcan los efectos y las consecuencias de una eventual independencia. En rueda de prensa\",\"inLanguage\":\"es-ES\",\"isPartOf\":{\"@id\":\"https:\\\/\\\/www.eldigitaldeasturias.com\\\/noticias\\\/#website\"},\"breadcrumb\":{\"@id\":\"https:\\\/\\\/www.eldigitaldeasturias.com\\\/noticias\\\/el-gobierno-insiste-en-la-necesidad-de-informar-de-la-realidad-a-los-catalanes\\\/#breadcrumblist\"},\"author\":{\"@id\":\"https:\\\/\\\/www.eldigitaldeasturias.com\\\/noticias\\\/author\\\/admin\\\/#author\"},\"creator\":{\"@id\":\"https:\\\/\\\/www.eldigitaldeasturias.com\\\/noticias\\\/author\\\/admin\\\/#author\"},\"image\":{\"@type\":\"ImageObject\",\"url\":\"https:\\\/\\\/www.eldigitaldeasturias.com\\\/noticias\\\/wp-content\\\/uploads\\\/2026\\\/06\\\/Contenidos.jpg\",\"@id\":\"https:\\\/\\\/www.eldigitaldeasturias.com\\\/noticias\\\/el-gobierno-insiste-en-la-necesidad-de-informar-de-la-realidad-a-los-catalanes\\\/#mainImage\",\"width\":1265,\"height\":697,\"caption\":\"Contenidos\"},\"primaryImageOfPage\":{\"@id\":\"https:\\\/\\\/www.eldigitaldeasturias.com\\\/noticias\\\/el-gobierno-insiste-en-la-necesidad-de-informar-de-la-realidad-a-los-catalanes\\\/#mainImage\"},\"datePublished\":\"2014-01-31T17:49:26+01:00\",\"dateModified\":\"2014-01-31T17:49:26+01:00\"},{\"@type\":\"WebSite\",\"@id\":\"https:\\\/\\\/www.eldigitaldeasturias.com\\\/noticias\\\/#website\",\"url\":\"https:\\\/\\\/www.eldigitaldeasturias.com\\\/noticias\\\/\",\"name\":\"El Digital de Asturias - Diario de actualidad y noticias\",\"alternateName\":\"El Digital de Asturias - Diario de actualidad y noticias\",\"description\":\"Hemeroteca\",\"inLanguage\":\"es-ES\",\"publisher\":{\"@id\":\"https:\\\/\\\/www.eldigitaldeasturias.com\\\/noticias\\\/#organization\"}}]}\n\t\t<\/script>\n\t\t<!-- All in One SEO Pro -->\r\n\t\t<title>El Gobierno insiste en la necesidad de informar de la realidad a los catalanes - El Digital de Asturias<\/title>\n\n","aioseo_head_json":{"title":"El Gobierno insiste en la necesidad de informar de la realidad a los catalanes - El Digital de Asturias","description":"Madrid, 31 ene (EFE).- La vicepresidenta del Gobierno, Soraya S\u00e1enz de Santamar\u00eda, ha valorado hoy el informe dado a conocer esta semana por la fundaci\u00f3n Faes sobre la secesi\u00f3n de Catalu\u00f1a y ha dicho que ofrece claridad para que los ciudadanos conozcan los efectos y las consecuencias de una eventual independencia. En rueda de prensa","canonical_url":"https:\/\/www.eldigitaldeasturias.com\/noticias\/el-gobierno-insiste-en-la-necesidad-de-informar-de-la-realidad-a-los-catalanes\/","robots":"max-image-preview:large","keywords":"actualidad","webmasterTools":{"google-site-verification":"UA-38556648-1","msvalidate.01":"7dfe9f3f1b24437ab69f4f2559babe99","miscellaneous":""},"schema":{"@context":"https:\/\/schema.org","@graph":[{"@type":"BlogPosting","@id":"https:\/\/www.eldigitaldeasturias.com\/noticias\/el-gobierno-insiste-en-la-necesidad-de-informar-de-la-realidad-a-los-catalanes\/#blogposting","name":"El Gobierno insiste en la necesidad de informar de la realidad a los catalanes - El Digital de Asturias","headline":"El Gobierno insiste en la necesidad de informar de la realidad a los catalanes","author":{"@id":"https:\/\/www.eldigitaldeasturias.com\/noticias\/author\/admin\/#author"},"publisher":{"@id":"https:\/\/www.eldigitaldeasturias.com\/noticias\/#organization"},"image":{"@type":"ImageObject","url":"https:\/\/www.eldigitaldeasturias.com\/noticias\/wp-content\/uploads\/2026\/06\/Contenidos.jpg","width":1265,"height":697,"caption":"Contenidos"},"datePublished":"2014-01-31T17:49:26+01:00","dateModified":"2014-01-31T17:49:26+01:00","inLanguage":"es-ES","mainEntityOfPage":{"@id":"https:\/\/www.eldigitaldeasturias.com\/noticias\/el-gobierno-insiste-en-la-necesidad-de-informar-de-la-realidad-a-los-catalanes\/#webpage"},"isPartOf":{"@id":"https:\/\/www.eldigitaldeasturias.com\/noticias\/el-gobierno-insiste-en-la-necesidad-de-informar-de-la-realidad-a-los-catalanes\/#webpage"},"articleSection":"Actualidad"},{"@type":"BreadcrumbList","@id":"https:\/\/www.eldigitaldeasturias.com\/noticias\/el-gobierno-insiste-en-la-necesidad-de-informar-de-la-realidad-a-los-catalanes\/#breadcrumblist","itemListElement":[{"@type":"ListItem","@id":"https:\/\/www.eldigitaldeasturias.com\/noticias#listItem","position":1,"name":"Home","item":"https:\/\/www.eldigitaldeasturias.com\/noticias","nextItem":{"@type":"ListItem","@id":"https:\/\/www.eldigitaldeasturias.com\/noticias\/category\/actualidad\/#listItem","name":"Actualidad"}},{"@type":"ListItem","@id":"https:\/\/www.eldigitaldeasturias.com\/noticias\/category\/actualidad\/#listItem","position":2,"name":"Actualidad","item":"https:\/\/www.eldigitaldeasturias.com\/noticias\/category\/actualidad\/","nextItem":{"@type":"ListItem","@id":"https:\/\/www.eldigitaldeasturias.com\/noticias\/el-gobierno-insiste-en-la-necesidad-de-informar-de-la-realidad-a-los-catalanes\/#listItem","name":"El Gobierno insiste en la necesidad de informar de la realidad a los catalanes"},"previousItem":{"@type":"ListItem","@id":"https:\/\/www.eldigitaldeasturias.com\/noticias#listItem","name":"Home"}},{"@type":"ListItem","@id":"https:\/\/www.eldigitaldeasturias.com\/noticias\/el-gobierno-insiste-en-la-necesidad-de-informar-de-la-realidad-a-los-catalanes\/#listItem","position":3,"name":"El Gobierno insiste en la necesidad de informar de la realidad a los catalanes","previousItem":{"@type":"ListItem","@id":"https:\/\/www.eldigitaldeasturias.com\/noticias\/category\/actualidad\/#listItem","name":"Actualidad"}}]},{"@type":"Organization","@id":"https:\/\/www.eldigitaldeasturias.com\/noticias\/#organization","name":"El Digital de Asturias","description":"Hemeroteca","url":"https:\/\/www.eldigitaldeasturias.com\/noticias\/","email":"info@eldigitaldeasturias.com","telephone":"+34652131393","logo":{"@type":"ImageObject","url":"https:\/\/www.eldigitaldeasturias.com\/noticias\/wp-content\/uploads\/2020\/12\/EDA.jpg","@id":"https:\/\/www.eldigitaldeasturias.com\/noticias\/el-gobierno-insiste-en-la-necesidad-de-informar-de-la-realidad-a-los-catalanes\/#organizationLogo"},"image":{"@id":"https:\/\/www.eldigitaldeasturias.com\/noticias\/el-gobierno-insiste-en-la-necesidad-de-informar-de-la-realidad-a-los-catalanes\/#organizationLogo"},"sameAs":["https:\/\/facebook.com\/eldigitaldeasturias","https:\/\/www.youtube.com\/channel\/UCZP-2wLEB9Rv6erhFmqVnvg"],"address":{"@id":"https:\/\/www.eldigitaldeasturias.com\/noticias\/#postaladdress","@type":"PostalAddress","streetAddress":"san antonio 4","postalCode":"33430","addressLocality":"Cand\u00e1s","addressRegion":"Asturias","addressCountry":"ES"}},{"@type":"Person","@id":"https:\/\/www.eldigitaldeasturias.com\/noticias\/author\/admin\/#author","url":"https:\/\/www.eldigitaldeasturias.com\/noticias\/author\/admin\/","name":"El Digital de Asturias","image":{"@type":"ImageObject","@id":"https:\/\/www.eldigitaldeasturias.com\/noticias\/el-gobierno-insiste-en-la-necesidad-de-informar-de-la-realidad-a-los-catalanes\/#authorImage","url":"https:\/\/secure.gravatar.com\/avatar\/df2aeffc32bcd13f8d26072ef8a91b623d677766deac7f97ca815868cd41bf5e?s=96&d=mm&r=g","width":96,"height":96,"caption":"El Digital de Asturias"}},{"@type":"WebPage","@id":"https:\/\/www.eldigitaldeasturias.com\/noticias\/el-gobierno-insiste-en-la-necesidad-de-informar-de-la-realidad-a-los-catalanes\/#webpage","url":"https:\/\/www.eldigitaldeasturias.com\/noticias\/el-gobierno-insiste-en-la-necesidad-de-informar-de-la-realidad-a-los-catalanes\/","name":"El Gobierno insiste en la necesidad de informar de la realidad a los catalanes - El Digital de Asturias","description":"Madrid, 31 ene (EFE).- La vicepresidenta del Gobierno, Soraya S\u00e1enz de Santamar\u00eda, ha valorado hoy el informe dado a conocer esta semana por la fundaci\u00f3n Faes sobre la secesi\u00f3n de Catalu\u00f1a y ha dicho que ofrece claridad para que los ciudadanos conozcan los efectos y las consecuencias de una eventual independencia. En rueda de prensa","inLanguage":"es-ES","isPartOf":{"@id":"https:\/\/www.eldigitaldeasturias.com\/noticias\/#website"},"breadcrumb":{"@id":"https:\/\/www.eldigitaldeasturias.com\/noticias\/el-gobierno-insiste-en-la-necesidad-de-informar-de-la-realidad-a-los-catalanes\/#breadcrumblist"},"author":{"@id":"https:\/\/www.eldigitaldeasturias.com\/noticias\/author\/admin\/#author"},"creator":{"@id":"https:\/\/www.eldigitaldeasturias.com\/noticias\/author\/admin\/#author"},"image":{"@type":"ImageObject","url":"https:\/\/www.eldigitaldeasturias.com\/noticias\/wp-content\/uploads\/2026\/06\/Contenidos.jpg","@id":"https:\/\/www.eldigitaldeasturias.com\/noticias\/el-gobierno-insiste-en-la-necesidad-de-informar-de-la-realidad-a-los-catalanes\/#mainImage","width":1265,"height":697,"caption":"Contenidos"},"primaryImageOfPage":{"@id":"https:\/\/www.eldigitaldeasturias.com\/noticias\/el-gobierno-insiste-en-la-necesidad-de-informar-de-la-realidad-a-los-catalanes\/#mainImage"},"datePublished":"2014-01-31T17:49:26+01:00","dateModified":"2014-01-31T17:49:26+01:00"},{"@type":"WebSite","@id":"https:\/\/www.eldigitaldeasturias.com\/noticias\/#website","url":"https:\/\/www.eldigitaldeasturias.com\/noticias\/","name":"El Digital de Asturias - Diario de actualidad y noticias","alternateName":"El Digital de Asturias - Diario de actualidad y noticias","description":"Hemeroteca","inLanguage":"es-ES","publisher":{"@id":"https:\/\/www.eldigitaldeasturias.com\/noticias\/#organization"}}]},"og:locale":"es_ES","og:site_name":"El Digital de Asturias","og:type":"article","og:title":"El Gobierno insiste en la necesidad de informar de la realidad a los catalanes - El Digital de Asturias","og:description":"Madrid, 31 ene (EFE).- La vicepresidenta del Gobierno, Soraya S\u00e1enz de Santamar\u00eda, ha valorado hoy el informe dado a conocer esta semana por la fundaci\u00f3n Faes sobre la secesi\u00f3n de Catalu\u00f1a y ha dicho que ofrece claridad para que los ciudadanos conozcan los efectos y las consecuencias de una eventual independencia. En rueda de prensa","og:url":"https:\/\/www.eldigitaldeasturias.com\/noticias\/el-gobierno-insiste-en-la-necesidad-de-informar-de-la-realidad-a-los-catalanes\/","og:image":"https:\/\/www.eldigitaldeasturias.com\/noticias\/wp-content\/uploads\/2026\/06\/Contenidos.jpg","og:image:secure_url":"https:\/\/www.eldigitaldeasturias.com\/noticias\/wp-content\/uploads\/2026\/06\/Contenidos.jpg","og:image:width":1265,"og:image:height":697,"article:tag":["actualidad"],"article:published_time":"2014-01-31T18:49:26+00:00","article:modified_time":"2014-01-31T18:49:26+00:00","article:publisher":"https:\/\/facebook.com\/eldigitaldeasturias","twitter:card":"summary_large_image","twitter:title":"El Gobierno insiste en la necesidad de informar de la realidad a los catalanes - El Digital de Asturias","twitter:description":"Madrid, 31 ene (EFE).- La vicepresidenta del Gobierno, Soraya S\u00e1enz de Santamar\u00eda, ha valorado hoy el informe dado a conocer esta semana por la fundaci\u00f3n Faes sobre la secesi\u00f3n de Catalu\u00f1a y ha dicho que ofrece claridad para que los ciudadanos conozcan los efectos y las consecuencias de una eventual independencia. En rueda de prensa","twitter:image":"https:\/\/www.eldigitaldeasturias.com\/noticias\/wp-content\/uploads\/2026\/06\/Contenidos.jpg","twitter:label1":"Escrito por","twitter:data1":"El Digital de Asturias","twitter:label2":"Tiempo de lectura estimado","twitter:data2":"1 minuto"},"aioseo_meta_data":{"post_id":"481202","title":null,"description":null,"keywords":null,"keyphrases":null,"primary_term":null,"canonical_url":null,"og_title":null,"og_description":null,"og_object_type":"default","og_image_type":"default","og_image_url":null,"og_image_width":null,"og_image_height":null,"og_image_custom_url":null,"og_image_custom_fields":null,"og_video":null,"og_custom_url":null,"og_article_section":null,"og_article_tags":null,"twitter_use_og":true,"twitter_card":"default","twitter_image_type":"default","twitter_image_url":null,"twitter_image_custom_url":null,"twitter_image_custom_fields":null,"twitter_title":null,"twitter_description":null,"schema":{"blockGraphs":[],"customGraphs":[],"default":{"data":{"Article":[],"Course":[],"Dataset":[],"FAQPage":[],"Movie":[],"Person":[],"Product":[],"ProductReview":[],"Car":[],"Recipe":[],"Service":[],"SoftwareApplication":[],"WebPage":[]},"graphName":"","isEnabled":true},"graphs":[],"defaultGraph":"","defaultPostTypeGraph":""},"schema_type":null,"schema_type_options":null,"pillar_content":false,"robots_default":true,"robots_noindex":false,"robots_noarchive":false,"robots_nosnippet":false,"robots_nofollow":false,"robots_noimageindex":false,"robots_noodp":false,"robots_notranslate":false,"robots_max_snippet":null,"robots_max_videopreview":null,"robots_max_imagepreview":"none","priority":null,"frequency":null,"local_seo":null,"seo_analyzer_scan_date":"2026-06-02 06:04:53","breadcrumb_settings":null,"limit_modified_date":false,"open_ai":null,"ai":null,"created":"2020-11-14 22:54:17","updated":"2026-06-02 06:04:53","focus_keyword":null,"additional_keywords":null,"truseo_locale":null},"aioseo_breadcrumb":"<div class=\"aioseo-breadcrumbs\"><span class=\"aioseo-breadcrumb\">\n\t<a href=\"https:\/\/www.eldigitaldeasturias.com\/noticias\" title=\"Home\">Home<\/a>\n<\/span><span class=\"aioseo-breadcrumb-separator\">\u2013<\/span><span class=\"aioseo-breadcrumb\">\n\t<a href=\"https:\/\/www.eldigitaldeasturias.com\/noticias\/category\/actualidad\/\" title=\"Actualidad\">Actualidad<\/a>\n<\/span><span class=\"aioseo-breadcrumb-separator\">\u2013<\/span><span class=\"aioseo-breadcrumb\">\n\t<a href=\"https:\/\/www.eldigitaldeasturias.com\/noticias\/el-gobierno-insiste-en-la-necesidad-de-informar-de-la-realidad-a-los-catalanes\/\" title=\"El Gobierno insiste en la necesidad de informar de la realidad a los catalanes\">El Gobierno insiste en la necesidad de informar de la realidad a los catalanes<\/a>\n<\/span><\/div>","aioseo_breadcrumb_json":[{"label":"Home","link":"https:\/\/www.eldigitaldeasturias.com\/noticias"},{"label":"Actualidad","link":"https:\/\/www.eldigitaldeasturias.com\/noticias\/category\/actualidad\/"},{"label":"El Gobierno insiste en la necesidad de informar de la realidad a los catalanes","link":"https:\/\/www.eldigitaldeasturias.com\/noticias\/el-gobierno-insiste-en-la-necesidad-de-informar-de-la-realidad-a-los-catalanes\/"}],"_links":{"self":[{"href":"https:\/\/www.eldigitaldeasturias.com\/noticias\/wp-json\/wp\/v2\/posts\/481202","targetHints":{"allow":["GET"]}}],"collection":[{"href":"https:\/\/www.eldigitaldeasturias.com\/noticias\/wp-json\/wp\/v2\/posts"}],"about":[{"href":"https:\/\/www.eldigitaldeasturias.com\/noticias\/wp-json\/wp\/v2\/types\/post"}],"author":[{"embeddable":true,"href":"https:\/\/www.eldigitaldeasturias.com\/noticias\/wp-json\/wp\/v2\/users\/1"}],"replies":[{"embeddable":true,"href":"https:\/\/www.eldigitaldeasturias.com\/noticias\/wp-json\/wp\/v2\/comments?post=481202"}],"version-history":[{"count":0,"href":"https:\/\/www.eldigitaldeasturias.com\/noticias\/wp-json\/wp\/v2\/posts\/481202\/revisions"}],"wp:featuredmedia":[{"embeddable":true,"href":"https:\/\/www.eldigitaldeasturias.com\/noticias\/wp-json\/wp\/v2\/media\/1132184"}],"wp:attachment":[{"href":"https:\/\/www.eldigitaldeasturias.com\/noticias\/wp-json\/wp\/v2\/media?parent=481202"}],"wp:term":[{"taxonomy":"category","embeddable":true,"href":"https:\/\/www.eldigitaldeasturias.com\/noticias\/wp-json\/wp\/v2\/categories?post=481202"},{"taxonomy":"post_tag","embeddable":true,"href":"https:\/\/www.eldigitaldeasturias.com\/noticias\/wp-json\/wp\/v2\/tags?post=481202"}],"curies":[{"name":"wp","href":"https:\/\/api.w.org\/{rel}","templated":true}]}}