{"id":481199,"date":"2014-01-31T17:48:18","date_gmt":"2014-01-31T18:48:18","guid":{"rendered":"http:\/\/www.eldigitaldeasturias.com\/noticias\/?p=481199"},"modified":"2014-01-31T17:48:18","modified_gmt":"2014-01-31T18:48:18","slug":"martino-admite-que-se-terminaron-los-margenes-de-error","status":"publish","type":"post","link":"https:\/\/www.eldigitaldeasturias.com\/noticias\/martino-admite-que-se-terminaron-los-margenes-de-error\/","title":{"rendered":"Martino admite que \u00abse terminaron los m\u00e1rgenes de error\u00bb"},"content":{"rendered":"<p><img loading=\"lazy\" decoding=\"async\" class=\"alignleft size-medium wp-image-481200\" alt=\"5895871wtata2\" src=\"https:\/\/www.eldigitaldeasturias.com\/noticias\/wp-content\/uploads\/2014\/01\/5895871w-360x239.jpg\" width=\"360\" height=\"239\" \/>Barcelona, 31 ene (EFE).- Ante el marat\u00f3n de partidos de las pr\u00f3ximas semanas, el t\u00e9cnico del Barcelona, Gerardo &#8216;Tata&#8217; Martino, ha admitido que su equipo se encuentra en un tramo decisivo de la temporada en la que, seg\u00fan su opini\u00f3n, \u00abse terminaron los m\u00e1rgenes de error\u00bb en las tres competiciones.<\/p>\n<p>\u00abNo nos podemos descuidar m\u00e1s. Es importante el partido de ma\u00f1ana contra el Valencia, como las semifinales de la Copa del Rey, como la eliminatoria ante el Manchester City\u00bb, ha afirmado en la previa del partido de Liga que ma\u00f1ana disputar\u00e1 ante el Valencia (16.00 horas, 15.00 GMT)).<\/p>\n<p>En este sentido, ha reconocido que Real Madrid y Atl\u00e9tico de Madrid pueden padecer el desgaste \u00abf\u00edsico y an\u00edmico\u00bb ante la semifinal copera de la pr\u00f3xima semana, aunque ha puntualizado que sus jugadores tambi\u00e9n tienen una eliminatoria complicada en Europa ante uno de los equipos \u00abm\u00e1s potentes\u00bb del continente.<\/p>\n<p>Por ello, prefiere ir partido a partido y centrarse en el duelo ante el Valencia, un rival que crecer\u00e1 con la llegada del entrenador Juan Antonio Pizzi, a quien a calificado como un \u00abgran tipo y gran profesional\u00bb, si bien ha reconocido las \u00abdudas\u00bb que le genera el hecho que esta semana se hayan producido varios cambios en la plantilla.<\/p>\n<p>\u00abTengo dudas porque hay futbolistas que no estar\u00e1n y que han jugado en los \u00faltimos partidos\u00bb, ha agregado despu\u00e9s del adi\u00f3s de Pab\u00f3n, Guardado y Postiga.<\/p>\n<p>Asimismo, se ha referido a la faceta de asistente que, en las \u00faltimas semanas, parece haber potenciado Leo Messi. De su compatriota ha dicho que \u00abel mayor beneficio para el equipo es que no cargue con tanta responsabilidad\u00bb como sucedi\u00f3 el pasado a\u00f1o.<\/p>\n<p>\u00abEsto parece que no toca este a\u00f1o y creo que es m\u00e1s beneficioso para el equipo\u00bb, ha se\u00f1alado.<\/p>\n<p>De la estrella brasile\u00f1a Neymar, que en el entrenamiento de hoy ha empezado a hacer carrera al margen de sus compa\u00f1eros, ha se\u00f1alado que no forzar\u00e1 su regreso.<\/p>\n<p>\u00abSoy muy respetuoso de lo que me dicen los m\u00e9dicos. No tengo limite con el Manchester City. Si est\u00e1 bien antes, jugar\u00e1 antes, si no est\u00e1 bien, no va a jugar. Su evoluci\u00f3n es muy buena, pero jugar\u00e1 cuando tenga que ser\u00bb, ha explicado.<\/p>\n<p>Martino tambi\u00e9n ha hablado del relevo de Vald\u00e9s en la porter\u00eda. Preguntado por si el chileno Claudio Bravo, arquero de la Real Sociedad, ser\u00eda un buen candidato, Martino ha ensalzado sus virtudes.<\/p>\n<p>\u00abMe parece un arquero muy pero que muy bueno, pero si el Barcelona desde julio hasta hoy hubiera confirmado los arqueros que han salido en la prensa, hubi\u00e9ramos jugado con once arqueros la semana que viene\u00bb, ha bromeado.<\/p>\n<p>Por \u00faltimo, ha dado su apoyo a los jugadores del Racing de Santander, que se negaron a jugar el partido de vuelta de los cuartos de final de la Copa del Rey ante la Real Sociedad por los impagos de la presidencia del equipo c\u00e1ntabro.<\/p>\n<p>\u00abEs muy normal que cualquier trabajador tenga que cobrar por lo que se produce y esto en el Racing no est\u00e1 pasando. Fue una imagen fea de ver\u00bb, ha concluido.<\/p>\n","protected":false},"excerpt":{"rendered":"<p>Barcelona, 31 ene (EFE).- Ante el marat\u00f3n de partidos de las pr\u00f3ximas semanas, el t\u00e9cnico del Barcelona, Gerardo &#8216;Tata&#8217; Martino, ha admitido que su equipo se encuentra en un tramo decisivo de la temporada en la que, seg\u00fan su opini\u00f3n, \u00abse terminaron los m\u00e1rgenes de error\u00bb en las tres competiciones. \u00abNo nos podemos descuidar m\u00e1s. [&hellip;]<\/p>\n","protected":false},"author":1,"featured_media":1132184,"comment_status":"closed","ping_status":"open","sticky":false,"template":"","format":"standard","meta":{"footnotes":""},"categories":[1],"tags":[],"class_list":["post-481199","post","type-post","status-publish","format-standard","has-post-thumbnail","hentry","category-actualidad"],"aioseo_notices":[],"aioseo_head":"\n\t\t<!-- All in One SEO Pro 5.0.1 - aioseo.com -->\n\t<meta name=\"description\" content=\"Barcelona, 31 ene (EFE).- Ante el marat\u00f3n de partidos de las pr\u00f3ximas semanas, el t\u00e9cnico del Barcelona, Gerardo &#039;Tata&#039; Martino, ha admitido que su equipo se encuentra en un tramo decisivo de la temporada en la que, seg\u00fan su opini\u00f3n, &quot;se terminaron los m\u00e1rgenes de error&quot; en las tres competiciones. &quot;No nos podemos descuidar m\u00e1s.\" \/>\n\t<meta name=\"robots\" content=\"max-image-preview:large\" \/>\n\t<meta name=\"author\" content=\"El Digital de Asturias\"\/>\n\t<meta name=\"google-site-verification\" content=\"UA-38556648-1\" \/>\n\t<meta name=\"msvalidate.01\" content=\"7dfe9f3f1b24437ab69f4f2559babe99\" \/>\n\t<meta name=\"keywords\" content=\"actualidad\" \/>\n\t<link rel=\"canonical\" href=\"https:\/\/www.eldigitaldeasturias.com\/noticias\/martino-admite-que-se-terminaron-los-margenes-de-error\/\" \/>\n\t<meta name=\"generator\" content=\"All in One SEO Pro (AIOSEO) 5.0.1\" \/>\n\t\t<meta property=\"og:locale\" content=\"es_ES\" \/>\n\t\t<meta property=\"og:site_name\" content=\"El Digital de Asturias\" \/>\n\t\t<meta property=\"og:type\" content=\"article\" \/>\n\t\t<meta property=\"og:title\" content=\"Martino admite que \u00abse terminaron los m\u00e1rgenes de error\u00bb - El Digital de Asturias\" \/>\n\t\t<meta property=\"og:description\" content=\"Barcelona, 31 ene (EFE).- Ante el marat\u00f3n de partidos de las pr\u00f3ximas semanas, el t\u00e9cnico del Barcelona, Gerardo &#039;Tata&#039; Martino, ha admitido que su equipo se encuentra en un tramo decisivo de la temporada en la que, seg\u00fan su opini\u00f3n, &quot;se terminaron los m\u00e1rgenes de error&quot; en las tres competiciones. &quot;No nos podemos descuidar m\u00e1s.\" \/>\n\t\t<meta property=\"og:url\" content=\"https:\/\/www.eldigitaldeasturias.com\/noticias\/martino-admite-que-se-terminaron-los-margenes-de-error\/\" \/>\n\t\t<meta property=\"og:image\" content=\"https:\/\/www.eldigitaldeasturias.com\/noticias\/wp-content\/uploads\/2026\/06\/Contenidos.jpg\" \/>\n\t\t<meta property=\"og:image:secure_url\" content=\"https:\/\/www.eldigitaldeasturias.com\/noticias\/wp-content\/uploads\/2026\/06\/Contenidos.jpg\" \/>\n\t\t<meta property=\"og:image:width\" content=\"1265\" \/>\n\t\t<meta property=\"og:image:height\" content=\"697\" \/>\n\t\t<meta property=\"article:tag\" content=\"actualidad\" \/>\n\t\t<meta property=\"article:published_time\" content=\"2014-01-31T18:48:18+00:00\" \/>\n\t\t<meta property=\"article:modified_time\" content=\"2014-01-31T18:48:18+00:00\" \/>\n\t\t<meta property=\"article:publisher\" content=\"https:\/\/facebook.com\/eldigitaldeasturias\" \/>\n\t\t<meta name=\"twitter:card\" content=\"summary_large_image\" \/>\n\t\t<meta name=\"twitter:title\" content=\"Martino admite que \u00abse terminaron los m\u00e1rgenes de error\u00bb - El Digital de Asturias\" \/>\n\t\t<meta name=\"twitter:description\" content=\"Barcelona, 31 ene (EFE).- Ante el marat\u00f3n de partidos de las pr\u00f3ximas semanas, el t\u00e9cnico del Barcelona, Gerardo &#039;Tata&#039; Martino, ha admitido que su equipo se encuentra en un tramo decisivo de la temporada en la que, seg\u00fan su opini\u00f3n, &quot;se terminaron los m\u00e1rgenes de error&quot; en las tres competiciones. &quot;No nos podemos descuidar m\u00e1s.\" \/>\n\t\t<meta name=\"twitter:image\" content=\"https:\/\/www.eldigitaldeasturias.com\/noticias\/wp-content\/uploads\/2026\/06\/Contenidos.jpg\" \/>\n\t\t<meta name=\"twitter:label1\" content=\"Escrito por\" \/>\n\t\t<meta name=\"twitter:data1\" content=\"El Digital de Asturias\" \/>\n\t\t<meta name=\"twitter:label2\" content=\"Tiempo de lectura estimado\" \/>\n\t\t<meta name=\"twitter:data2\" content=\"3 minutos\" \/>\n\t\t<script type=\"application\/ld+json\" class=\"aioseo-schema\">\n\t\t\t{\"@context\":\"https:\\\/\\\/schema.org\",\"@graph\":[{\"@type\":\"BlogPosting\",\"@id\":\"https:\\\/\\\/www.eldigitaldeasturias.com\\\/noticias\\\/martino-admite-que-se-terminaron-los-margenes-de-error\\\/#blogposting\",\"name\":\"Martino admite que \\u00abse terminaron los m\\u00e1rgenes de error\\u00bb - El Digital de Asturias\",\"headline\":\"Martino admite que \\u00abse terminaron los m\\u00e1rgenes de error\\u00bb\",\"author\":{\"@id\":\"https:\\\/\\\/www.eldigitaldeasturias.com\\\/noticias\\\/author\\\/admin\\\/#author\"},\"publisher\":{\"@id\":\"https:\\\/\\\/www.eldigitaldeasturias.com\\\/noticias\\\/#organization\"},\"image\":{\"@type\":\"ImageObject\",\"url\":\"https:\\\/\\\/www.eldigitaldeasturias.com\\\/noticias\\\/wp-content\\\/uploads\\\/2026\\\/06\\\/Contenidos.jpg\",\"width\":1265,\"height\":697,\"caption\":\"Contenidos\"},\"datePublished\":\"2014-01-31T17:48:18+01:00\",\"dateModified\":\"2014-01-31T17:48:18+01:00\",\"inLanguage\":\"es-ES\",\"mainEntityOfPage\":{\"@id\":\"https:\\\/\\\/www.eldigitaldeasturias.com\\\/noticias\\\/martino-admite-que-se-terminaron-los-margenes-de-error\\\/#webpage\"},\"isPartOf\":{\"@id\":\"https:\\\/\\\/www.eldigitaldeasturias.com\\\/noticias\\\/martino-admite-que-se-terminaron-los-margenes-de-error\\\/#webpage\"},\"articleSection\":\"Actualidad\"},{\"@type\":\"BreadcrumbList\",\"@id\":\"https:\\\/\\\/www.eldigitaldeasturias.com\\\/noticias\\\/martino-admite-que-se-terminaron-los-margenes-de-error\\\/#breadcrumblist\",\"itemListElement\":[{\"@type\":\"ListItem\",\"@id\":\"https:\\\/\\\/www.eldigitaldeasturias.com\\\/noticias#listItem\",\"position\":1,\"name\":\"Home\",\"item\":\"https:\\\/\\\/www.eldigitaldeasturias.com\\\/noticias\",\"nextItem\":{\"@type\":\"ListItem\",\"@id\":\"https:\\\/\\\/www.eldigitaldeasturias.com\\\/noticias\\\/category\\\/actualidad\\\/#listItem\",\"name\":\"Actualidad\"}},{\"@type\":\"ListItem\",\"@id\":\"https:\\\/\\\/www.eldigitaldeasturias.com\\\/noticias\\\/category\\\/actualidad\\\/#listItem\",\"position\":2,\"name\":\"Actualidad\",\"item\":\"https:\\\/\\\/www.eldigitaldeasturias.com\\\/noticias\\\/category\\\/actualidad\\\/\",\"nextItem\":{\"@type\":\"ListItem\",\"@id\":\"https:\\\/\\\/www.eldigitaldeasturias.com\\\/noticias\\\/martino-admite-que-se-terminaron-los-margenes-de-error\\\/#listItem\",\"name\":\"Martino admite que \\u00abse terminaron los m\\u00e1rgenes de error\\u00bb\"},\"previousItem\":{\"@type\":\"ListItem\",\"@id\":\"https:\\\/\\\/www.eldigitaldeasturias.com\\\/noticias#listItem\",\"name\":\"Home\"}},{\"@type\":\"ListItem\",\"@id\":\"https:\\\/\\\/www.eldigitaldeasturias.com\\\/noticias\\\/martino-admite-que-se-terminaron-los-margenes-de-error\\\/#listItem\",\"position\":3,\"name\":\"Martino admite que \\u00abse terminaron los m\\u00e1rgenes de error\\u00bb\",\"previousItem\":{\"@type\":\"ListItem\",\"@id\":\"https:\\\/\\\/www.eldigitaldeasturias.com\\\/noticias\\\/category\\\/actualidad\\\/#listItem\",\"name\":\"Actualidad\"}}]},{\"@type\":\"Organization\",\"@id\":\"https:\\\/\\\/www.eldigitaldeasturias.com\\\/noticias\\\/#organization\",\"name\":\"El Digital de Asturias\",\"description\":\"Hemeroteca\",\"url\":\"https:\\\/\\\/www.eldigitaldeasturias.com\\\/noticias\\\/\",\"email\":\"info@eldigitaldeasturias.com\",\"telephone\":\"+34652131393\",\"logo\":{\"@type\":\"ImageObject\",\"url\":\"https:\\\/\\\/www.eldigitaldeasturias.com\\\/noticias\\\/wp-content\\\/uploads\\\/2020\\\/12\\\/EDA.jpg\",\"@id\":\"https:\\\/\\\/www.eldigitaldeasturias.com\\\/noticias\\\/martino-admite-que-se-terminaron-los-margenes-de-error\\\/#organizationLogo\"},\"image\":{\"@id\":\"https:\\\/\\\/www.eldigitaldeasturias.com\\\/noticias\\\/martino-admite-que-se-terminaron-los-margenes-de-error\\\/#organizationLogo\"},\"sameAs\":[\"https:\\\/\\\/facebook.com\\\/eldigitaldeasturias\",\"https:\\\/\\\/www.youtube.com\\\/channel\\\/UCZP-2wLEB9Rv6erhFmqVnvg\"],\"address\":{\"@id\":\"https:\\\/\\\/www.eldigitaldeasturias.com\\\/noticias\\\/#postaladdress\",\"@type\":\"PostalAddress\",\"streetAddress\":\"san antonio 4\",\"postalCode\":\"33430\",\"addressLocality\":\"Cand\\u00e1s\",\"addressRegion\":\"Asturias\",\"addressCountry\":\"ES\"}},{\"@type\":\"Person\",\"@id\":\"https:\\\/\\\/www.eldigitaldeasturias.com\\\/noticias\\\/author\\\/admin\\\/#author\",\"url\":\"https:\\\/\\\/www.eldigitaldeasturias.com\\\/noticias\\\/author\\\/admin\\\/\",\"name\":\"El Digital de Asturias\",\"image\":{\"@type\":\"ImageObject\",\"@id\":\"https:\\\/\\\/www.eldigitaldeasturias.com\\\/noticias\\\/martino-admite-que-se-terminaron-los-margenes-de-error\\\/#authorImage\",\"url\":\"https:\\\/\\\/secure.gravatar.com\\\/avatar\\\/df2aeffc32bcd13f8d26072ef8a91b623d677766deac7f97ca815868cd41bf5e?s=96&d=mm&r=g\",\"width\":96,\"height\":96,\"caption\":\"El Digital de Asturias\"}},{\"@type\":\"WebPage\",\"@id\":\"https:\\\/\\\/www.eldigitaldeasturias.com\\\/noticias\\\/martino-admite-que-se-terminaron-los-margenes-de-error\\\/#webpage\",\"url\":\"https:\\\/\\\/www.eldigitaldeasturias.com\\\/noticias\\\/martino-admite-que-se-terminaron-los-margenes-de-error\\\/\",\"name\":\"Martino admite que \\u00abse terminaron los m\\u00e1rgenes de error\\u00bb - El Digital de Asturias\",\"description\":\"Barcelona, 31 ene (EFE).- Ante el marat\\u00f3n de partidos de las pr\\u00f3ximas semanas, el t\\u00e9cnico del Barcelona, Gerardo 'Tata' Martino, ha admitido que su equipo se encuentra en un tramo decisivo de la temporada en la que, seg\\u00fan su opini\\u00f3n, \\\"se terminaron los m\\u00e1rgenes de error\\\" en las tres competiciones. \\\"No nos podemos descuidar m\\u00e1s.\",\"inLanguage\":\"es-ES\",\"isPartOf\":{\"@id\":\"https:\\\/\\\/www.eldigitaldeasturias.com\\\/noticias\\\/#website\"},\"breadcrumb\":{\"@id\":\"https:\\\/\\\/www.eldigitaldeasturias.com\\\/noticias\\\/martino-admite-que-se-terminaron-los-margenes-de-error\\\/#breadcrumblist\"},\"author\":{\"@id\":\"https:\\\/\\\/www.eldigitaldeasturias.com\\\/noticias\\\/author\\\/admin\\\/#author\"},\"creator\":{\"@id\":\"https:\\\/\\\/www.eldigitaldeasturias.com\\\/noticias\\\/author\\\/admin\\\/#author\"},\"image\":{\"@type\":\"ImageObject\",\"url\":\"https:\\\/\\\/www.eldigitaldeasturias.com\\\/noticias\\\/wp-content\\\/uploads\\\/2026\\\/06\\\/Contenidos.jpg\",\"@id\":\"https:\\\/\\\/www.eldigitaldeasturias.com\\\/noticias\\\/martino-admite-que-se-terminaron-los-margenes-de-error\\\/#mainImage\",\"width\":1265,\"height\":697,\"caption\":\"Contenidos\"},\"primaryImageOfPage\":{\"@id\":\"https:\\\/\\\/www.eldigitaldeasturias.com\\\/noticias\\\/martino-admite-que-se-terminaron-los-margenes-de-error\\\/#mainImage\"},\"datePublished\":\"2014-01-31T17:48:18+01:00\",\"dateModified\":\"2014-01-31T17:48:18+01:00\"},{\"@type\":\"WebSite\",\"@id\":\"https:\\\/\\\/www.eldigitaldeasturias.com\\\/noticias\\\/#website\",\"url\":\"https:\\\/\\\/www.eldigitaldeasturias.com\\\/noticias\\\/\",\"name\":\"El Digital de Asturias - Diario de actualidad y noticias\",\"alternateName\":\"El Digital de Asturias - Diario de actualidad y noticias\",\"description\":\"Hemeroteca\",\"inLanguage\":\"es-ES\",\"publisher\":{\"@id\":\"https:\\\/\\\/www.eldigitaldeasturias.com\\\/noticias\\\/#organization\"}}]}\n\t\t<\/script>\n\t\t<!-- All in One SEO Pro -->\r\n\t\t<title>Martino admite que \u00abse terminaron los m\u00e1rgenes de error\u00bb - El Digital de Asturias<\/title>\n\n","aioseo_head_json":{"title":"Martino admite que \u00abse terminaron los m\u00e1rgenes de error\u00bb - El Digital de Asturias","description":"Barcelona, 31 ene (EFE).- Ante el marat\u00f3n de partidos de las pr\u00f3ximas semanas, el t\u00e9cnico del Barcelona, Gerardo 'Tata' Martino, ha admitido que su equipo se encuentra en un tramo decisivo de la temporada en la que, seg\u00fan su opini\u00f3n, \"se terminaron los m\u00e1rgenes de error\" en las tres competiciones. \"No nos podemos descuidar m\u00e1s.","canonical_url":"https:\/\/www.eldigitaldeasturias.com\/noticias\/martino-admite-que-se-terminaron-los-margenes-de-error\/","robots":"max-image-preview:large","keywords":"actualidad","webmasterTools":{"google-site-verification":"UA-38556648-1","msvalidate.01":"7dfe9f3f1b24437ab69f4f2559babe99","miscellaneous":""},"schema":{"@context":"https:\/\/schema.org","@graph":[{"@type":"BlogPosting","@id":"https:\/\/www.eldigitaldeasturias.com\/noticias\/martino-admite-que-se-terminaron-los-margenes-de-error\/#blogposting","name":"Martino admite que \u00abse terminaron los m\u00e1rgenes de error\u00bb - El Digital de Asturias","headline":"Martino admite que \u00abse terminaron los m\u00e1rgenes de error\u00bb","author":{"@id":"https:\/\/www.eldigitaldeasturias.com\/noticias\/author\/admin\/#author"},"publisher":{"@id":"https:\/\/www.eldigitaldeasturias.com\/noticias\/#organization"},"image":{"@type":"ImageObject","url":"https:\/\/www.eldigitaldeasturias.com\/noticias\/wp-content\/uploads\/2026\/06\/Contenidos.jpg","width":1265,"height":697,"caption":"Contenidos"},"datePublished":"2014-01-31T17:48:18+01:00","dateModified":"2014-01-31T17:48:18+01:00","inLanguage":"es-ES","mainEntityOfPage":{"@id":"https:\/\/www.eldigitaldeasturias.com\/noticias\/martino-admite-que-se-terminaron-los-margenes-de-error\/#webpage"},"isPartOf":{"@id":"https:\/\/www.eldigitaldeasturias.com\/noticias\/martino-admite-que-se-terminaron-los-margenes-de-error\/#webpage"},"articleSection":"Actualidad"},{"@type":"BreadcrumbList","@id":"https:\/\/www.eldigitaldeasturias.com\/noticias\/martino-admite-que-se-terminaron-los-margenes-de-error\/#breadcrumblist","itemListElement":[{"@type":"ListItem","@id":"https:\/\/www.eldigitaldeasturias.com\/noticias#listItem","position":1,"name":"Home","item":"https:\/\/www.eldigitaldeasturias.com\/noticias","nextItem":{"@type":"ListItem","@id":"https:\/\/www.eldigitaldeasturias.com\/noticias\/category\/actualidad\/#listItem","name":"Actualidad"}},{"@type":"ListItem","@id":"https:\/\/www.eldigitaldeasturias.com\/noticias\/category\/actualidad\/#listItem","position":2,"name":"Actualidad","item":"https:\/\/www.eldigitaldeasturias.com\/noticias\/category\/actualidad\/","nextItem":{"@type":"ListItem","@id":"https:\/\/www.eldigitaldeasturias.com\/noticias\/martino-admite-que-se-terminaron-los-margenes-de-error\/#listItem","name":"Martino admite que \u00abse terminaron los m\u00e1rgenes de error\u00bb"},"previousItem":{"@type":"ListItem","@id":"https:\/\/www.eldigitaldeasturias.com\/noticias#listItem","name":"Home"}},{"@type":"ListItem","@id":"https:\/\/www.eldigitaldeasturias.com\/noticias\/martino-admite-que-se-terminaron-los-margenes-de-error\/#listItem","position":3,"name":"Martino admite que \u00abse terminaron los m\u00e1rgenes de error\u00bb","previousItem":{"@type":"ListItem","@id":"https:\/\/www.eldigitaldeasturias.com\/noticias\/category\/actualidad\/#listItem","name":"Actualidad"}}]},{"@type":"Organization","@id":"https:\/\/www.eldigitaldeasturias.com\/noticias\/#organization","name":"El Digital de Asturias","description":"Hemeroteca","url":"https:\/\/www.eldigitaldeasturias.com\/noticias\/","email":"info@eldigitaldeasturias.com","telephone":"+34652131393","logo":{"@type":"ImageObject","url":"https:\/\/www.eldigitaldeasturias.com\/noticias\/wp-content\/uploads\/2020\/12\/EDA.jpg","@id":"https:\/\/www.eldigitaldeasturias.com\/noticias\/martino-admite-que-se-terminaron-los-margenes-de-error\/#organizationLogo"},"image":{"@id":"https:\/\/www.eldigitaldeasturias.com\/noticias\/martino-admite-que-se-terminaron-los-margenes-de-error\/#organizationLogo"},"sameAs":["https:\/\/facebook.com\/eldigitaldeasturias","https:\/\/www.youtube.com\/channel\/UCZP-2wLEB9Rv6erhFmqVnvg"],"address":{"@id":"https:\/\/www.eldigitaldeasturias.com\/noticias\/#postaladdress","@type":"PostalAddress","streetAddress":"san antonio 4","postalCode":"33430","addressLocality":"Cand\u00e1s","addressRegion":"Asturias","addressCountry":"ES"}},{"@type":"Person","@id":"https:\/\/www.eldigitaldeasturias.com\/noticias\/author\/admin\/#author","url":"https:\/\/www.eldigitaldeasturias.com\/noticias\/author\/admin\/","name":"El Digital de Asturias","image":{"@type":"ImageObject","@id":"https:\/\/www.eldigitaldeasturias.com\/noticias\/martino-admite-que-se-terminaron-los-margenes-de-error\/#authorImage","url":"https:\/\/secure.gravatar.com\/avatar\/df2aeffc32bcd13f8d26072ef8a91b623d677766deac7f97ca815868cd41bf5e?s=96&d=mm&r=g","width":96,"height":96,"caption":"El Digital de Asturias"}},{"@type":"WebPage","@id":"https:\/\/www.eldigitaldeasturias.com\/noticias\/martino-admite-que-se-terminaron-los-margenes-de-error\/#webpage","url":"https:\/\/www.eldigitaldeasturias.com\/noticias\/martino-admite-que-se-terminaron-los-margenes-de-error\/","name":"Martino admite que \u00abse terminaron los m\u00e1rgenes de error\u00bb - El Digital de Asturias","description":"Barcelona, 31 ene (EFE).- Ante el marat\u00f3n de partidos de las pr\u00f3ximas semanas, el t\u00e9cnico del Barcelona, Gerardo 'Tata' Martino, ha admitido que su equipo se encuentra en un tramo decisivo de la temporada en la que, seg\u00fan su opini\u00f3n, \"se terminaron los m\u00e1rgenes de error\" en las tres competiciones. \"No nos podemos descuidar m\u00e1s.","inLanguage":"es-ES","isPartOf":{"@id":"https:\/\/www.eldigitaldeasturias.com\/noticias\/#website"},"breadcrumb":{"@id":"https:\/\/www.eldigitaldeasturias.com\/noticias\/martino-admite-que-se-terminaron-los-margenes-de-error\/#breadcrumblist"},"author":{"@id":"https:\/\/www.eldigitaldeasturias.com\/noticias\/author\/admin\/#author"},"creator":{"@id":"https:\/\/www.eldigitaldeasturias.com\/noticias\/author\/admin\/#author"},"image":{"@type":"ImageObject","url":"https:\/\/www.eldigitaldeasturias.com\/noticias\/wp-content\/uploads\/2026\/06\/Contenidos.jpg","@id":"https:\/\/www.eldigitaldeasturias.com\/noticias\/martino-admite-que-se-terminaron-los-margenes-de-error\/#mainImage","width":1265,"height":697,"caption":"Contenidos"},"primaryImageOfPage":{"@id":"https:\/\/www.eldigitaldeasturias.com\/noticias\/martino-admite-que-se-terminaron-los-margenes-de-error\/#mainImage"},"datePublished":"2014-01-31T17:48:18+01:00","dateModified":"2014-01-31T17:48:18+01:00"},{"@type":"WebSite","@id":"https:\/\/www.eldigitaldeasturias.com\/noticias\/#website","url":"https:\/\/www.eldigitaldeasturias.com\/noticias\/","name":"El Digital de Asturias - Diario de actualidad y noticias","alternateName":"El Digital de Asturias - Diario de actualidad y noticias","description":"Hemeroteca","inLanguage":"es-ES","publisher":{"@id":"https:\/\/www.eldigitaldeasturias.com\/noticias\/#organization"}}]},"og:locale":"es_ES","og:site_name":"El Digital de Asturias","og:type":"article","og:title":"Martino admite que \u00abse terminaron los m\u00e1rgenes de error\u00bb - El Digital de Asturias","og:description":"Barcelona, 31 ene (EFE).- Ante el marat\u00f3n de partidos de las pr\u00f3ximas semanas, el t\u00e9cnico del Barcelona, Gerardo 'Tata' Martino, ha admitido que su equipo se encuentra en un tramo decisivo de la temporada en la que, seg\u00fan su opini\u00f3n, &quot;se terminaron los m\u00e1rgenes de error&quot; en las tres competiciones. &quot;No nos podemos descuidar m\u00e1s.","og:url":"https:\/\/www.eldigitaldeasturias.com\/noticias\/martino-admite-que-se-terminaron-los-margenes-de-error\/","og:image":"https:\/\/www.eldigitaldeasturias.com\/noticias\/wp-content\/uploads\/2026\/06\/Contenidos.jpg","og:image:secure_url":"https:\/\/www.eldigitaldeasturias.com\/noticias\/wp-content\/uploads\/2026\/06\/Contenidos.jpg","og:image:width":1265,"og:image:height":697,"article:tag":["actualidad"],"article:published_time":"2014-01-31T18:48:18+00:00","article:modified_time":"2014-01-31T18:48:18+00:00","article:publisher":"https:\/\/facebook.com\/eldigitaldeasturias","twitter:card":"summary_large_image","twitter:title":"Martino admite que \u00abse terminaron los m\u00e1rgenes de error\u00bb - El Digital de Asturias","twitter:description":"Barcelona, 31 ene (EFE).- Ante el marat\u00f3n de partidos de las pr\u00f3ximas semanas, el t\u00e9cnico del Barcelona, Gerardo 'Tata' Martino, ha admitido que su equipo se encuentra en un tramo decisivo de la temporada en la que, seg\u00fan su opini\u00f3n, &quot;se terminaron los m\u00e1rgenes de error&quot; en las tres competiciones. &quot;No nos podemos descuidar m\u00e1s.","twitter:image":"https:\/\/www.eldigitaldeasturias.com\/noticias\/wp-content\/uploads\/2026\/06\/Contenidos.jpg","twitter:label1":"Escrito por","twitter:data1":"El Digital de Asturias","twitter:label2":"Tiempo de lectura estimado","twitter:data2":"3 minutos"},"aioseo_meta_data":{"post_id":"481199","title":null,"description":null,"keywords":null,"keyphrases":null,"primary_term":null,"canonical_url":null,"og_title":null,"og_description":null,"og_object_type":"default","og_image_type":"default","og_image_url":null,"og_image_width":null,"og_image_height":null,"og_image_custom_url":null,"og_image_custom_fields":null,"og_video":null,"og_custom_url":null,"og_article_section":null,"og_article_tags":null,"twitter_use_og":true,"twitter_card":"default","twitter_image_type":"default","twitter_image_url":null,"twitter_image_custom_url":null,"twitter_image_custom_fields":null,"twitter_title":null,"twitter_description":null,"schema":{"blockGraphs":[],"customGraphs":[],"default":{"data":{"Article":[],"Course":[],"Dataset":[],"FAQPage":[],"Movie":[],"Person":[],"Product":[],"ProductReview":[],"Car":[],"Recipe":[],"Service":[],"SoftwareApplication":[],"WebPage":[]},"graphName":"","isEnabled":true},"graphs":[],"defaultGraph":"","defaultPostTypeGraph":""},"schema_type":null,"schema_type_options":null,"pillar_content":false,"robots_default":true,"robots_noindex":false,"robots_noarchive":false,"robots_nosnippet":false,"robots_nofollow":false,"robots_noimageindex":false,"robots_noodp":false,"robots_notranslate":false,"robots_max_snippet":null,"robots_max_videopreview":null,"robots_max_imagepreview":"none","priority":null,"frequency":null,"local_seo":null,"seo_analyzer_scan_date":"2026-06-02 06:04:53","breadcrumb_settings":null,"limit_modified_date":false,"open_ai":null,"ai":null,"created":"2020-11-14 22:54:17","updated":"2026-06-02 06:04:53","focus_keyword":null,"additional_keywords":null,"truseo_locale":null},"aioseo_breadcrumb":"<div class=\"aioseo-breadcrumbs\"><span class=\"aioseo-breadcrumb\">\n\t<a href=\"https:\/\/www.eldigitaldeasturias.com\/noticias\" title=\"Home\">Home<\/a>\n<\/span><span class=\"aioseo-breadcrumb-separator\">\u2013<\/span><span class=\"aioseo-breadcrumb\">\n\t<a href=\"https:\/\/www.eldigitaldeasturias.com\/noticias\/category\/actualidad\/\" title=\"Actualidad\">Actualidad<\/a>\n<\/span><span class=\"aioseo-breadcrumb-separator\">\u2013<\/span><span class=\"aioseo-breadcrumb\">\n\t<a href=\"https:\/\/www.eldigitaldeasturias.com\/noticias\/martino-admite-que-se-terminaron-los-margenes-de-error\/\" title=\"Martino admite que \u00abse terminaron los m\u00e1rgenes de error\u00bb\">Martino admite que \u00abse terminaron los m\u00e1rgenes de error\u00bb<\/a>\n<\/span><\/div>","aioseo_breadcrumb_json":[{"label":"Home","link":"https:\/\/www.eldigitaldeasturias.com\/noticias"},{"label":"Actualidad","link":"https:\/\/www.eldigitaldeasturias.com\/noticias\/category\/actualidad\/"},{"label":"Martino admite que \u00abse terminaron los m\u00e1rgenes de error\u00bb","link":"https:\/\/www.eldigitaldeasturias.com\/noticias\/martino-admite-que-se-terminaron-los-margenes-de-error\/"}],"_links":{"self":[{"href":"https:\/\/www.eldigitaldeasturias.com\/noticias\/wp-json\/wp\/v2\/posts\/481199","targetHints":{"allow":["GET"]}}],"collection":[{"href":"https:\/\/www.eldigitaldeasturias.com\/noticias\/wp-json\/wp\/v2\/posts"}],"about":[{"href":"https:\/\/www.eldigitaldeasturias.com\/noticias\/wp-json\/wp\/v2\/types\/post"}],"author":[{"embeddable":true,"href":"https:\/\/www.eldigitaldeasturias.com\/noticias\/wp-json\/wp\/v2\/users\/1"}],"replies":[{"embeddable":true,"href":"https:\/\/www.eldigitaldeasturias.com\/noticias\/wp-json\/wp\/v2\/comments?post=481199"}],"version-history":[{"count":0,"href":"https:\/\/www.eldigitaldeasturias.com\/noticias\/wp-json\/wp\/v2\/posts\/481199\/revisions"}],"wp:featuredmedia":[{"embeddable":true,"href":"https:\/\/www.eldigitaldeasturias.com\/noticias\/wp-json\/wp\/v2\/media\/1132184"}],"wp:attachment":[{"href":"https:\/\/www.eldigitaldeasturias.com\/noticias\/wp-json\/wp\/v2\/media?parent=481199"}],"wp:term":[{"taxonomy":"category","embeddable":true,"href":"https:\/\/www.eldigitaldeasturias.com\/noticias\/wp-json\/wp\/v2\/categories?post=481199"},{"taxonomy":"post_tag","embeddable":true,"href":"https:\/\/www.eldigitaldeasturias.com\/noticias\/wp-json\/wp\/v2\/tags?post=481199"}],"curies":[{"name":"wp","href":"https:\/\/api.w.org\/{rel}","templated":true}]}}