{"id":481193,"date":"2014-01-31T17:45:31","date_gmt":"2014-01-31T18:45:31","guid":{"rendered":"http:\/\/www.eldigitaldeasturias.com\/noticias\/?p=481193"},"modified":"2014-01-31T17:45:31","modified_gmt":"2014-01-31T18:45:31","slug":"el-psoe-pide-que-banez-comparezca-por-la-subida-del-025-por-ciento-de-las-pensiones","status":"publish","type":"post","link":"https:\/\/www.eldigitaldeasturias.com\/noticias\/el-psoe-pide-que-banez-comparezca-por-la-subida-del-025-por-ciento-de-las-pensiones\/","title":{"rendered":"El PSOE pide que B\u00e1\u00f1ez comparezca por la subida del 0,25 por ciento de las pensiones"},"content":{"rendered":"<p><img loading=\"lazy\" decoding=\"async\" class=\"alignleft size-medium wp-image-481194\" alt=\"5895877w\" src=\"https:\/\/www.eldigitaldeasturias.com\/noticias\/wp-content\/uploads\/2014\/01\/5895877w-360x249.jpg\" width=\"360\" height=\"249\" \/>Madrid, 31 ene (EFE).- El grupo parlamentario socialista del Congreso ha registrado la solicitud de comparecencia de la ministra de Empleo y Seguridad Social, F\u00e1tima B\u00e1\u00f1ez, en la comisi\u00f3n correspondiente para que explique los criterios econ\u00f3micos que se han tenido en cuenta para subir las pensiones el 0,25 % en 2014.<\/p>\n<p>Seg\u00fan la petici\u00f3n de los socialistas, al no haber explicado dichos criterios el Gobierno est\u00e1 incumpliendo las disposiciones legales relativas a la transparencia en la determinaci\u00f3n del \u00edndice de revalorizaci\u00f3n de las pensiones para 2014.<\/p>\n<p>Desde el pasado 24 de diciembre est\u00e1 en vigor la Ley 23\/2013, de 23 de diciembre, reguladora del factor de sostenibilidad y del \u00edndice de revalorizaci\u00f3n del sistema de pensiones de la Seguridad Social, que establece que las pensiones subir\u00e1n cada a\u00f1o como m\u00ednimo el 0,25 %.<\/p>\n","protected":false},"excerpt":{"rendered":"<p>Madrid, 31 ene (EFE).- El grupo parlamentario socialista del Congreso ha registrado la solicitud de comparecencia de la ministra de Empleo y Seguridad Social, F\u00e1tima B\u00e1\u00f1ez, en la comisi\u00f3n correspondiente para que explique los criterios econ\u00f3micos que se han tenido en cuenta para subir las pensiones el 0,25 % en 2014. Seg\u00fan la petici\u00f3n de [&hellip;]<\/p>\n","protected":false},"author":1,"featured_media":1132184,"comment_status":"closed","ping_status":"open","sticky":false,"template":"","format":"standard","meta":{"footnotes":""},"categories":[1],"tags":[],"class_list":["post-481193","post","type-post","status-publish","format-standard","has-post-thumbnail","hentry","category-actualidad"],"aioseo_notices":[],"aioseo_head":"\n\t\t<!-- All in One SEO Pro 5.0.1 - aioseo.com -->\n\t<meta name=\"description\" content=\"Madrid, 31 ene (EFE).- El grupo parlamentario socialista del Congreso ha registrado la solicitud de comparecencia de la ministra de Empleo y Seguridad Social, F\u00e1tima B\u00e1\u00f1ez, en la comisi\u00f3n correspondiente para que explique los criterios econ\u00f3micos que se han tenido en cuenta para subir las pensiones el 0,25 % en 2014. Seg\u00fan la petici\u00f3n de\" \/>\n\t<meta name=\"robots\" content=\"max-image-preview:large\" \/>\n\t<meta name=\"author\" content=\"El Digital de Asturias\"\/>\n\t<meta name=\"google-site-verification\" content=\"UA-38556648-1\" \/>\n\t<meta name=\"msvalidate.01\" content=\"7dfe9f3f1b24437ab69f4f2559babe99\" \/>\n\t<meta name=\"keywords\" content=\"actualidad\" \/>\n\t<link rel=\"canonical\" href=\"https:\/\/www.eldigitaldeasturias.com\/noticias\/el-psoe-pide-que-banez-comparezca-por-la-subida-del-025-por-ciento-de-las-pensiones\/\" \/>\n\t<meta name=\"generator\" content=\"All in One SEO Pro (AIOSEO) 5.0.1\" \/>\n\t\t<meta property=\"og:locale\" content=\"es_ES\" \/>\n\t\t<meta property=\"og:site_name\" content=\"El Digital de Asturias\" \/>\n\t\t<meta property=\"og:type\" content=\"article\" \/>\n\t\t<meta property=\"og:title\" content=\"El PSOE pide que B\u00e1\u00f1ez comparezca por la subida del 0,25 por ciento de las pensiones - El Digital de Asturias\" \/>\n\t\t<meta property=\"og:description\" content=\"Madrid, 31 ene (EFE).- El grupo parlamentario socialista del Congreso ha registrado la solicitud de comparecencia de la ministra de Empleo y Seguridad Social, F\u00e1tima B\u00e1\u00f1ez, en la comisi\u00f3n correspondiente para que explique los criterios econ\u00f3micos que se han tenido en cuenta para subir las pensiones el 0,25 % en 2014. Seg\u00fan la petici\u00f3n de\" \/>\n\t\t<meta property=\"og:url\" content=\"https:\/\/www.eldigitaldeasturias.com\/noticias\/el-psoe-pide-que-banez-comparezca-por-la-subida-del-025-por-ciento-de-las-pensiones\/\" \/>\n\t\t<meta property=\"og:image\" content=\"https:\/\/www.eldigitaldeasturias.com\/noticias\/wp-content\/uploads\/2026\/06\/Contenidos.jpg\" \/>\n\t\t<meta property=\"og:image:secure_url\" content=\"https:\/\/www.eldigitaldeasturias.com\/noticias\/wp-content\/uploads\/2026\/06\/Contenidos.jpg\" \/>\n\t\t<meta property=\"og:image:width\" content=\"1265\" \/>\n\t\t<meta property=\"og:image:height\" content=\"697\" \/>\n\t\t<meta property=\"article:tag\" content=\"actualidad\" \/>\n\t\t<meta property=\"article:published_time\" content=\"2014-01-31T18:45:31+00:00\" \/>\n\t\t<meta property=\"article:modified_time\" content=\"2014-01-31T18:45:31+00:00\" \/>\n\t\t<meta property=\"article:publisher\" content=\"https:\/\/facebook.com\/eldigitaldeasturias\" \/>\n\t\t<meta name=\"twitter:card\" content=\"summary_large_image\" \/>\n\t\t<meta name=\"twitter:title\" content=\"El PSOE pide que B\u00e1\u00f1ez comparezca por la subida del 0,25 por ciento de las pensiones - El Digital de Asturias\" \/>\n\t\t<meta name=\"twitter:description\" content=\"Madrid, 31 ene (EFE).- El grupo parlamentario socialista del Congreso ha registrado la solicitud de comparecencia de la ministra de Empleo y Seguridad Social, F\u00e1tima B\u00e1\u00f1ez, en la comisi\u00f3n correspondiente para que explique los criterios econ\u00f3micos que se han tenido en cuenta para subir las pensiones el 0,25 % en 2014. Seg\u00fan la petici\u00f3n de\" \/>\n\t\t<meta name=\"twitter:image\" content=\"https:\/\/www.eldigitaldeasturias.com\/noticias\/wp-content\/uploads\/2026\/06\/Contenidos.jpg\" \/>\n\t\t<meta name=\"twitter:label1\" content=\"Escrito por\" \/>\n\t\t<meta name=\"twitter:data1\" content=\"El Digital de Asturias\" \/>\n\t\t<meta name=\"twitter:label2\" content=\"Tiempo de lectura estimado\" \/>\n\t\t<meta name=\"twitter:data2\" content=\"1 minuto\" \/>\n\t\t<script type=\"application\/ld+json\" class=\"aioseo-schema\">\n\t\t\t{\"@context\":\"https:\\\/\\\/schema.org\",\"@graph\":[{\"@type\":\"BlogPosting\",\"@id\":\"https:\\\/\\\/www.eldigitaldeasturias.com\\\/noticias\\\/el-psoe-pide-que-banez-comparezca-por-la-subida-del-025-por-ciento-de-las-pensiones\\\/#blogposting\",\"name\":\"El PSOE pide que B\\u00e1\\u00f1ez comparezca por la subida del 0,25 por ciento de las pensiones - El Digital de Asturias\",\"headline\":\"El PSOE pide que B\\u00e1\\u00f1ez comparezca por la subida del 0,25 por ciento de las pensiones\",\"author\":{\"@id\":\"https:\\\/\\\/www.eldigitaldeasturias.com\\\/noticias\\\/author\\\/admin\\\/#author\"},\"publisher\":{\"@id\":\"https:\\\/\\\/www.eldigitaldeasturias.com\\\/noticias\\\/#organization\"},\"image\":{\"@type\":\"ImageObject\",\"url\":\"https:\\\/\\\/www.eldigitaldeasturias.com\\\/noticias\\\/wp-content\\\/uploads\\\/2026\\\/06\\\/Contenidos.jpg\",\"width\":1265,\"height\":697,\"caption\":\"Contenidos\"},\"datePublished\":\"2014-01-31T17:45:31+01:00\",\"dateModified\":\"2014-01-31T17:45:31+01:00\",\"inLanguage\":\"es-ES\",\"mainEntityOfPage\":{\"@id\":\"https:\\\/\\\/www.eldigitaldeasturias.com\\\/noticias\\\/el-psoe-pide-que-banez-comparezca-por-la-subida-del-025-por-ciento-de-las-pensiones\\\/#webpage\"},\"isPartOf\":{\"@id\":\"https:\\\/\\\/www.eldigitaldeasturias.com\\\/noticias\\\/el-psoe-pide-que-banez-comparezca-por-la-subida-del-025-por-ciento-de-las-pensiones\\\/#webpage\"},\"articleSection\":\"Actualidad\"},{\"@type\":\"BreadcrumbList\",\"@id\":\"https:\\\/\\\/www.eldigitaldeasturias.com\\\/noticias\\\/el-psoe-pide-que-banez-comparezca-por-la-subida-del-025-por-ciento-de-las-pensiones\\\/#breadcrumblist\",\"itemListElement\":[{\"@type\":\"ListItem\",\"@id\":\"https:\\\/\\\/www.eldigitaldeasturias.com\\\/noticias#listItem\",\"position\":1,\"name\":\"Home\",\"item\":\"https:\\\/\\\/www.eldigitaldeasturias.com\\\/noticias\",\"nextItem\":{\"@type\":\"ListItem\",\"@id\":\"https:\\\/\\\/www.eldigitaldeasturias.com\\\/noticias\\\/category\\\/actualidad\\\/#listItem\",\"name\":\"Actualidad\"}},{\"@type\":\"ListItem\",\"@id\":\"https:\\\/\\\/www.eldigitaldeasturias.com\\\/noticias\\\/category\\\/actualidad\\\/#listItem\",\"position\":2,\"name\":\"Actualidad\",\"item\":\"https:\\\/\\\/www.eldigitaldeasturias.com\\\/noticias\\\/category\\\/actualidad\\\/\",\"nextItem\":{\"@type\":\"ListItem\",\"@id\":\"https:\\\/\\\/www.eldigitaldeasturias.com\\\/noticias\\\/el-psoe-pide-que-banez-comparezca-por-la-subida-del-025-por-ciento-de-las-pensiones\\\/#listItem\",\"name\":\"El PSOE pide que B\\u00e1\\u00f1ez comparezca por la subida del 0,25 por ciento de las pensiones\"},\"previousItem\":{\"@type\":\"ListItem\",\"@id\":\"https:\\\/\\\/www.eldigitaldeasturias.com\\\/noticias#listItem\",\"name\":\"Home\"}},{\"@type\":\"ListItem\",\"@id\":\"https:\\\/\\\/www.eldigitaldeasturias.com\\\/noticias\\\/el-psoe-pide-que-banez-comparezca-por-la-subida-del-025-por-ciento-de-las-pensiones\\\/#listItem\",\"position\":3,\"name\":\"El PSOE pide que B\\u00e1\\u00f1ez comparezca por la subida del 0,25 por ciento de las pensiones\",\"previousItem\":{\"@type\":\"ListItem\",\"@id\":\"https:\\\/\\\/www.eldigitaldeasturias.com\\\/noticias\\\/category\\\/actualidad\\\/#listItem\",\"name\":\"Actualidad\"}}]},{\"@type\":\"Organization\",\"@id\":\"https:\\\/\\\/www.eldigitaldeasturias.com\\\/noticias\\\/#organization\",\"name\":\"El Digital de Asturias\",\"description\":\"Hemeroteca\",\"url\":\"https:\\\/\\\/www.eldigitaldeasturias.com\\\/noticias\\\/\",\"email\":\"info@eldigitaldeasturias.com\",\"telephone\":\"+34652131393\",\"logo\":{\"@type\":\"ImageObject\",\"url\":\"https:\\\/\\\/www.eldigitaldeasturias.com\\\/noticias\\\/wp-content\\\/uploads\\\/2020\\\/12\\\/EDA.jpg\",\"@id\":\"https:\\\/\\\/www.eldigitaldeasturias.com\\\/noticias\\\/el-psoe-pide-que-banez-comparezca-por-la-subida-del-025-por-ciento-de-las-pensiones\\\/#organizationLogo\"},\"image\":{\"@id\":\"https:\\\/\\\/www.eldigitaldeasturias.com\\\/noticias\\\/el-psoe-pide-que-banez-comparezca-por-la-subida-del-025-por-ciento-de-las-pensiones\\\/#organizationLogo\"},\"sameAs\":[\"https:\\\/\\\/facebook.com\\\/eldigitaldeasturias\",\"https:\\\/\\\/www.youtube.com\\\/channel\\\/UCZP-2wLEB9Rv6erhFmqVnvg\"],\"address\":{\"@id\":\"https:\\\/\\\/www.eldigitaldeasturias.com\\\/noticias\\\/#postaladdress\",\"@type\":\"PostalAddress\",\"streetAddress\":\"san antonio 4\",\"postalCode\":\"33430\",\"addressLocality\":\"Cand\\u00e1s\",\"addressRegion\":\"Asturias\",\"addressCountry\":\"ES\"}},{\"@type\":\"Person\",\"@id\":\"https:\\\/\\\/www.eldigitaldeasturias.com\\\/noticias\\\/author\\\/admin\\\/#author\",\"url\":\"https:\\\/\\\/www.eldigitaldeasturias.com\\\/noticias\\\/author\\\/admin\\\/\",\"name\":\"El Digital de Asturias\",\"image\":{\"@type\":\"ImageObject\",\"@id\":\"https:\\\/\\\/www.eldigitaldeasturias.com\\\/noticias\\\/el-psoe-pide-que-banez-comparezca-por-la-subida-del-025-por-ciento-de-las-pensiones\\\/#authorImage\",\"url\":\"https:\\\/\\\/secure.gravatar.com\\\/avatar\\\/df2aeffc32bcd13f8d26072ef8a91b623d677766deac7f97ca815868cd41bf5e?s=96&d=mm&r=g\",\"width\":96,\"height\":96,\"caption\":\"El Digital de Asturias\"}},{\"@type\":\"WebPage\",\"@id\":\"https:\\\/\\\/www.eldigitaldeasturias.com\\\/noticias\\\/el-psoe-pide-que-banez-comparezca-por-la-subida-del-025-por-ciento-de-las-pensiones\\\/#webpage\",\"url\":\"https:\\\/\\\/www.eldigitaldeasturias.com\\\/noticias\\\/el-psoe-pide-que-banez-comparezca-por-la-subida-del-025-por-ciento-de-las-pensiones\\\/\",\"name\":\"El PSOE pide que B\\u00e1\\u00f1ez comparezca por la subida del 0,25 por ciento de las pensiones - El Digital de Asturias\",\"description\":\"Madrid, 31 ene (EFE).- El grupo parlamentario socialista del Congreso ha registrado la solicitud de comparecencia de la ministra de Empleo y Seguridad Social, F\\u00e1tima B\\u00e1\\u00f1ez, en la comisi\\u00f3n correspondiente para que explique los criterios econ\\u00f3micos que se han tenido en cuenta para subir las pensiones el 0,25 % en 2014. Seg\\u00fan la petici\\u00f3n de\",\"inLanguage\":\"es-ES\",\"isPartOf\":{\"@id\":\"https:\\\/\\\/www.eldigitaldeasturias.com\\\/noticias\\\/#website\"},\"breadcrumb\":{\"@id\":\"https:\\\/\\\/www.eldigitaldeasturias.com\\\/noticias\\\/el-psoe-pide-que-banez-comparezca-por-la-subida-del-025-por-ciento-de-las-pensiones\\\/#breadcrumblist\"},\"author\":{\"@id\":\"https:\\\/\\\/www.eldigitaldeasturias.com\\\/noticias\\\/author\\\/admin\\\/#author\"},\"creator\":{\"@id\":\"https:\\\/\\\/www.eldigitaldeasturias.com\\\/noticias\\\/author\\\/admin\\\/#author\"},\"image\":{\"@type\":\"ImageObject\",\"url\":\"https:\\\/\\\/www.eldigitaldeasturias.com\\\/noticias\\\/wp-content\\\/uploads\\\/2026\\\/06\\\/Contenidos.jpg\",\"@id\":\"https:\\\/\\\/www.eldigitaldeasturias.com\\\/noticias\\\/el-psoe-pide-que-banez-comparezca-por-la-subida-del-025-por-ciento-de-las-pensiones\\\/#mainImage\",\"width\":1265,\"height\":697,\"caption\":\"Contenidos\"},\"primaryImageOfPage\":{\"@id\":\"https:\\\/\\\/www.eldigitaldeasturias.com\\\/noticias\\\/el-psoe-pide-que-banez-comparezca-por-la-subida-del-025-por-ciento-de-las-pensiones\\\/#mainImage\"},\"datePublished\":\"2014-01-31T17:45:31+01:00\",\"dateModified\":\"2014-01-31T17:45:31+01:00\"},{\"@type\":\"WebSite\",\"@id\":\"https:\\\/\\\/www.eldigitaldeasturias.com\\\/noticias\\\/#website\",\"url\":\"https:\\\/\\\/www.eldigitaldeasturias.com\\\/noticias\\\/\",\"name\":\"El Digital de Asturias - Diario de actualidad y noticias\",\"alternateName\":\"El Digital de Asturias - Diario de actualidad y noticias\",\"description\":\"Hemeroteca\",\"inLanguage\":\"es-ES\",\"publisher\":{\"@id\":\"https:\\\/\\\/www.eldigitaldeasturias.com\\\/noticias\\\/#organization\"}}]}\n\t\t<\/script>\n\t\t<!-- All in One SEO Pro -->\r\n\t\t<title>El PSOE pide que B\u00e1\u00f1ez comparezca por la subida del 0,25 por ciento de las pensiones - El Digital de Asturias<\/title>\n\n","aioseo_head_json":{"title":"El PSOE pide que B\u00e1\u00f1ez comparezca por la subida del 0,25 por ciento de las pensiones - El Digital de Asturias","description":"Madrid, 31 ene (EFE).- El grupo parlamentario socialista del Congreso ha registrado la solicitud de comparecencia de la ministra de Empleo y Seguridad Social, F\u00e1tima B\u00e1\u00f1ez, en la comisi\u00f3n correspondiente para que explique los criterios econ\u00f3micos que se han tenido en cuenta para subir las pensiones el 0,25 % en 2014. Seg\u00fan la petici\u00f3n de","canonical_url":"https:\/\/www.eldigitaldeasturias.com\/noticias\/el-psoe-pide-que-banez-comparezca-por-la-subida-del-025-por-ciento-de-las-pensiones\/","robots":"max-image-preview:large","keywords":"actualidad","webmasterTools":{"google-site-verification":"UA-38556648-1","msvalidate.01":"7dfe9f3f1b24437ab69f4f2559babe99","miscellaneous":""},"schema":{"@context":"https:\/\/schema.org","@graph":[{"@type":"BlogPosting","@id":"https:\/\/www.eldigitaldeasturias.com\/noticias\/el-psoe-pide-que-banez-comparezca-por-la-subida-del-025-por-ciento-de-las-pensiones\/#blogposting","name":"El PSOE pide que B\u00e1\u00f1ez comparezca por la subida del 0,25 por ciento de las pensiones - El Digital de Asturias","headline":"El PSOE pide que B\u00e1\u00f1ez comparezca por la subida del 0,25 por ciento de las pensiones","author":{"@id":"https:\/\/www.eldigitaldeasturias.com\/noticias\/author\/admin\/#author"},"publisher":{"@id":"https:\/\/www.eldigitaldeasturias.com\/noticias\/#organization"},"image":{"@type":"ImageObject","url":"https:\/\/www.eldigitaldeasturias.com\/noticias\/wp-content\/uploads\/2026\/06\/Contenidos.jpg","width":1265,"height":697,"caption":"Contenidos"},"datePublished":"2014-01-31T17:45:31+01:00","dateModified":"2014-01-31T17:45:31+01:00","inLanguage":"es-ES","mainEntityOfPage":{"@id":"https:\/\/www.eldigitaldeasturias.com\/noticias\/el-psoe-pide-que-banez-comparezca-por-la-subida-del-025-por-ciento-de-las-pensiones\/#webpage"},"isPartOf":{"@id":"https:\/\/www.eldigitaldeasturias.com\/noticias\/el-psoe-pide-que-banez-comparezca-por-la-subida-del-025-por-ciento-de-las-pensiones\/#webpage"},"articleSection":"Actualidad"},{"@type":"BreadcrumbList","@id":"https:\/\/www.eldigitaldeasturias.com\/noticias\/el-psoe-pide-que-banez-comparezca-por-la-subida-del-025-por-ciento-de-las-pensiones\/#breadcrumblist","itemListElement":[{"@type":"ListItem","@id":"https:\/\/www.eldigitaldeasturias.com\/noticias#listItem","position":1,"name":"Home","item":"https:\/\/www.eldigitaldeasturias.com\/noticias","nextItem":{"@type":"ListItem","@id":"https:\/\/www.eldigitaldeasturias.com\/noticias\/category\/actualidad\/#listItem","name":"Actualidad"}},{"@type":"ListItem","@id":"https:\/\/www.eldigitaldeasturias.com\/noticias\/category\/actualidad\/#listItem","position":2,"name":"Actualidad","item":"https:\/\/www.eldigitaldeasturias.com\/noticias\/category\/actualidad\/","nextItem":{"@type":"ListItem","@id":"https:\/\/www.eldigitaldeasturias.com\/noticias\/el-psoe-pide-que-banez-comparezca-por-la-subida-del-025-por-ciento-de-las-pensiones\/#listItem","name":"El PSOE pide que B\u00e1\u00f1ez comparezca por la subida del 0,25 por ciento de las pensiones"},"previousItem":{"@type":"ListItem","@id":"https:\/\/www.eldigitaldeasturias.com\/noticias#listItem","name":"Home"}},{"@type":"ListItem","@id":"https:\/\/www.eldigitaldeasturias.com\/noticias\/el-psoe-pide-que-banez-comparezca-por-la-subida-del-025-por-ciento-de-las-pensiones\/#listItem","position":3,"name":"El PSOE pide que B\u00e1\u00f1ez comparezca por la subida del 0,25 por ciento de las pensiones","previousItem":{"@type":"ListItem","@id":"https:\/\/www.eldigitaldeasturias.com\/noticias\/category\/actualidad\/#listItem","name":"Actualidad"}}]},{"@type":"Organization","@id":"https:\/\/www.eldigitaldeasturias.com\/noticias\/#organization","name":"El Digital de Asturias","description":"Hemeroteca","url":"https:\/\/www.eldigitaldeasturias.com\/noticias\/","email":"info@eldigitaldeasturias.com","telephone":"+34652131393","logo":{"@type":"ImageObject","url":"https:\/\/www.eldigitaldeasturias.com\/noticias\/wp-content\/uploads\/2020\/12\/EDA.jpg","@id":"https:\/\/www.eldigitaldeasturias.com\/noticias\/el-psoe-pide-que-banez-comparezca-por-la-subida-del-025-por-ciento-de-las-pensiones\/#organizationLogo"},"image":{"@id":"https:\/\/www.eldigitaldeasturias.com\/noticias\/el-psoe-pide-que-banez-comparezca-por-la-subida-del-025-por-ciento-de-las-pensiones\/#organizationLogo"},"sameAs":["https:\/\/facebook.com\/eldigitaldeasturias","https:\/\/www.youtube.com\/channel\/UCZP-2wLEB9Rv6erhFmqVnvg"],"address":{"@id":"https:\/\/www.eldigitaldeasturias.com\/noticias\/#postaladdress","@type":"PostalAddress","streetAddress":"san antonio 4","postalCode":"33430","addressLocality":"Cand\u00e1s","addressRegion":"Asturias","addressCountry":"ES"}},{"@type":"Person","@id":"https:\/\/www.eldigitaldeasturias.com\/noticias\/author\/admin\/#author","url":"https:\/\/www.eldigitaldeasturias.com\/noticias\/author\/admin\/","name":"El Digital de Asturias","image":{"@type":"ImageObject","@id":"https:\/\/www.eldigitaldeasturias.com\/noticias\/el-psoe-pide-que-banez-comparezca-por-la-subida-del-025-por-ciento-de-las-pensiones\/#authorImage","url":"https:\/\/secure.gravatar.com\/avatar\/df2aeffc32bcd13f8d26072ef8a91b623d677766deac7f97ca815868cd41bf5e?s=96&d=mm&r=g","width":96,"height":96,"caption":"El Digital de Asturias"}},{"@type":"WebPage","@id":"https:\/\/www.eldigitaldeasturias.com\/noticias\/el-psoe-pide-que-banez-comparezca-por-la-subida-del-025-por-ciento-de-las-pensiones\/#webpage","url":"https:\/\/www.eldigitaldeasturias.com\/noticias\/el-psoe-pide-que-banez-comparezca-por-la-subida-del-025-por-ciento-de-las-pensiones\/","name":"El PSOE pide que B\u00e1\u00f1ez comparezca por la subida del 0,25 por ciento de las pensiones - El Digital de Asturias","description":"Madrid, 31 ene (EFE).- El grupo parlamentario socialista del Congreso ha registrado la solicitud de comparecencia de la ministra de Empleo y Seguridad Social, F\u00e1tima B\u00e1\u00f1ez, en la comisi\u00f3n correspondiente para que explique los criterios econ\u00f3micos que se han tenido en cuenta para subir las pensiones el 0,25 % en 2014. Seg\u00fan la petici\u00f3n de","inLanguage":"es-ES","isPartOf":{"@id":"https:\/\/www.eldigitaldeasturias.com\/noticias\/#website"},"breadcrumb":{"@id":"https:\/\/www.eldigitaldeasturias.com\/noticias\/el-psoe-pide-que-banez-comparezca-por-la-subida-del-025-por-ciento-de-las-pensiones\/#breadcrumblist"},"author":{"@id":"https:\/\/www.eldigitaldeasturias.com\/noticias\/author\/admin\/#author"},"creator":{"@id":"https:\/\/www.eldigitaldeasturias.com\/noticias\/author\/admin\/#author"},"image":{"@type":"ImageObject","url":"https:\/\/www.eldigitaldeasturias.com\/noticias\/wp-content\/uploads\/2026\/06\/Contenidos.jpg","@id":"https:\/\/www.eldigitaldeasturias.com\/noticias\/el-psoe-pide-que-banez-comparezca-por-la-subida-del-025-por-ciento-de-las-pensiones\/#mainImage","width":1265,"height":697,"caption":"Contenidos"},"primaryImageOfPage":{"@id":"https:\/\/www.eldigitaldeasturias.com\/noticias\/el-psoe-pide-que-banez-comparezca-por-la-subida-del-025-por-ciento-de-las-pensiones\/#mainImage"},"datePublished":"2014-01-31T17:45:31+01:00","dateModified":"2014-01-31T17:45:31+01:00"},{"@type":"WebSite","@id":"https:\/\/www.eldigitaldeasturias.com\/noticias\/#website","url":"https:\/\/www.eldigitaldeasturias.com\/noticias\/","name":"El Digital de Asturias - Diario de actualidad y noticias","alternateName":"El Digital de Asturias - Diario de actualidad y noticias","description":"Hemeroteca","inLanguage":"es-ES","publisher":{"@id":"https:\/\/www.eldigitaldeasturias.com\/noticias\/#organization"}}]},"og:locale":"es_ES","og:site_name":"El Digital de Asturias","og:type":"article","og:title":"El PSOE pide que B\u00e1\u00f1ez comparezca por la subida del 0,25 por ciento de las pensiones - El Digital de Asturias","og:description":"Madrid, 31 ene (EFE).- El grupo parlamentario socialista del Congreso ha registrado la solicitud de comparecencia de la ministra de Empleo y Seguridad Social, F\u00e1tima B\u00e1\u00f1ez, en la comisi\u00f3n correspondiente para que explique los criterios econ\u00f3micos que se han tenido en cuenta para subir las pensiones el 0,25 % en 2014. Seg\u00fan la petici\u00f3n de","og:url":"https:\/\/www.eldigitaldeasturias.com\/noticias\/el-psoe-pide-que-banez-comparezca-por-la-subida-del-025-por-ciento-de-las-pensiones\/","og:image":"https:\/\/www.eldigitaldeasturias.com\/noticias\/wp-content\/uploads\/2026\/06\/Contenidos.jpg","og:image:secure_url":"https:\/\/www.eldigitaldeasturias.com\/noticias\/wp-content\/uploads\/2026\/06\/Contenidos.jpg","og:image:width":1265,"og:image:height":697,"article:tag":["actualidad"],"article:published_time":"2014-01-31T18:45:31+00:00","article:modified_time":"2014-01-31T18:45:31+00:00","article:publisher":"https:\/\/facebook.com\/eldigitaldeasturias","twitter:card":"summary_large_image","twitter:title":"El PSOE pide que B\u00e1\u00f1ez comparezca por la subida del 0,25 por ciento de las pensiones - El Digital de Asturias","twitter:description":"Madrid, 31 ene (EFE).- El grupo parlamentario socialista del Congreso ha registrado la solicitud de comparecencia de la ministra de Empleo y Seguridad Social, F\u00e1tima B\u00e1\u00f1ez, en la comisi\u00f3n correspondiente para que explique los criterios econ\u00f3micos que se han tenido en cuenta para subir las pensiones el 0,25 % en 2014. Seg\u00fan la petici\u00f3n de","twitter:image":"https:\/\/www.eldigitaldeasturias.com\/noticias\/wp-content\/uploads\/2026\/06\/Contenidos.jpg","twitter:label1":"Escrito por","twitter:data1":"El Digital de Asturias","twitter:label2":"Tiempo de lectura estimado","twitter:data2":"1 minuto"},"aioseo_meta_data":{"post_id":"481193","title":null,"description":null,"keywords":null,"keyphrases":null,"primary_term":null,"canonical_url":null,"og_title":null,"og_description":null,"og_object_type":"default","og_image_type":"default","og_image_url":null,"og_image_width":null,"og_image_height":null,"og_image_custom_url":null,"og_image_custom_fields":null,"og_video":null,"og_custom_url":null,"og_article_section":null,"og_article_tags":null,"twitter_use_og":true,"twitter_card":"default","twitter_image_type":"default","twitter_image_url":null,"twitter_image_custom_url":null,"twitter_image_custom_fields":null,"twitter_title":null,"twitter_description":null,"schema":{"blockGraphs":[],"customGraphs":[],"default":{"data":{"Article":[],"Course":[],"Dataset":[],"FAQPage":[],"Movie":[],"Person":[],"Product":[],"ProductReview":[],"Car":[],"Recipe":[],"Service":[],"SoftwareApplication":[],"WebPage":[]},"graphName":"","isEnabled":true},"graphs":[],"defaultGraph":"","defaultPostTypeGraph":""},"schema_type":null,"schema_type_options":null,"pillar_content":false,"robots_default":true,"robots_noindex":false,"robots_noarchive":false,"robots_nosnippet":false,"robots_nofollow":false,"robots_noimageindex":false,"robots_noodp":false,"robots_notranslate":false,"robots_max_snippet":null,"robots_max_videopreview":null,"robots_max_imagepreview":"none","priority":null,"frequency":null,"local_seo":null,"seo_analyzer_scan_date":"2026-06-02 06:02:55","breadcrumb_settings":null,"limit_modified_date":false,"open_ai":null,"ai":null,"created":"2020-11-14 22:54:17","updated":"2026-06-02 06:02:55","focus_keyword":null,"additional_keywords":null,"truseo_locale":null},"aioseo_breadcrumb":"<div class=\"aioseo-breadcrumbs\"><span class=\"aioseo-breadcrumb\">\n\t<a href=\"https:\/\/www.eldigitaldeasturias.com\/noticias\" title=\"Home\">Home<\/a>\n<\/span><span class=\"aioseo-breadcrumb-separator\">\u2013<\/span><span class=\"aioseo-breadcrumb\">\n\t<a href=\"https:\/\/www.eldigitaldeasturias.com\/noticias\/category\/actualidad\/\" title=\"Actualidad\">Actualidad<\/a>\n<\/span><span class=\"aioseo-breadcrumb-separator\">\u2013<\/span><span class=\"aioseo-breadcrumb\">\n\t<a href=\"https:\/\/www.eldigitaldeasturias.com\/noticias\/el-psoe-pide-que-banez-comparezca-por-la-subida-del-025-por-ciento-de-las-pensiones\/\" title=\"El PSOE pide que B\u00e1\u00f1ez comparezca por la subida del 0,25 por ciento de las pensiones\">El PSOE pide que B\u00e1\u00f1ez comparezca por la subida del 0,25 por ciento de las pensiones<\/a>\n<\/span><\/div>","aioseo_breadcrumb_json":[{"label":"Home","link":"https:\/\/www.eldigitaldeasturias.com\/noticias"},{"label":"Actualidad","link":"https:\/\/www.eldigitaldeasturias.com\/noticias\/category\/actualidad\/"},{"label":"El PSOE pide que B\u00e1\u00f1ez comparezca por la subida del 0,25 por ciento de las pensiones","link":"https:\/\/www.eldigitaldeasturias.com\/noticias\/el-psoe-pide-que-banez-comparezca-por-la-subida-del-025-por-ciento-de-las-pensiones\/"}],"_links":{"self":[{"href":"https:\/\/www.eldigitaldeasturias.com\/noticias\/wp-json\/wp\/v2\/posts\/481193","targetHints":{"allow":["GET"]}}],"collection":[{"href":"https:\/\/www.eldigitaldeasturias.com\/noticias\/wp-json\/wp\/v2\/posts"}],"about":[{"href":"https:\/\/www.eldigitaldeasturias.com\/noticias\/wp-json\/wp\/v2\/types\/post"}],"author":[{"embeddable":true,"href":"https:\/\/www.eldigitaldeasturias.com\/noticias\/wp-json\/wp\/v2\/users\/1"}],"replies":[{"embeddable":true,"href":"https:\/\/www.eldigitaldeasturias.com\/noticias\/wp-json\/wp\/v2\/comments?post=481193"}],"version-history":[{"count":0,"href":"https:\/\/www.eldigitaldeasturias.com\/noticias\/wp-json\/wp\/v2\/posts\/481193\/revisions"}],"wp:featuredmedia":[{"embeddable":true,"href":"https:\/\/www.eldigitaldeasturias.com\/noticias\/wp-json\/wp\/v2\/media\/1132184"}],"wp:attachment":[{"href":"https:\/\/www.eldigitaldeasturias.com\/noticias\/wp-json\/wp\/v2\/media?parent=481193"}],"wp:term":[{"taxonomy":"category","embeddable":true,"href":"https:\/\/www.eldigitaldeasturias.com\/noticias\/wp-json\/wp\/v2\/categories?post=481193"},{"taxonomy":"post_tag","embeddable":true,"href":"https:\/\/www.eldigitaldeasturias.com\/noticias\/wp-json\/wp\/v2\/tags?post=481193"}],"curies":[{"name":"wp","href":"https:\/\/api.w.org\/{rel}","templated":true}]}}