{"id":481190,"date":"2014-01-31T17:43:42","date_gmt":"2014-01-31T18:43:42","guid":{"rendered":"http:\/\/www.eldigitaldeasturias.com\/noticias\/?p=481190"},"modified":"2014-01-31T17:43:42","modified_gmt":"2014-01-31T18:43:42","slug":"soraya-rodriguez-anuncia-una-batalla-juridica-y-parlamentaria-sobre-las-becas-erasmus","status":"publish","type":"post","link":"https:\/\/www.eldigitaldeasturias.com\/noticias\/soraya-rodriguez-anuncia-una-batalla-juridica-y-parlamentaria-sobre-las-becas-erasmus\/","title":{"rendered":"Soraya Rodr\u00edguez anuncia una batalla jur\u00eddica y parlamentaria sobre las becas Erasmus"},"content":{"rendered":"<p><img loading=\"lazy\" decoding=\"async\" class=\"alignleft size-medium wp-image-481191\" alt=\"5895858w\" src=\"https:\/\/www.eldigitaldeasturias.com\/noticias\/wp-content\/uploads\/2014\/01\/5895858w-323x320.jpg\" width=\"323\" height=\"320\" \/>Valladolid, 31 ene (EFE).- Una batalla jur\u00eddica y parlamentaria, hasta donde sea necesario, ha anunciado hoy en Valladolid la portavoz del grupo socialista, Soraya Rodr\u00edguez, para tratar de desmontar la \u00abtrampa\u00bb que a su juicio supone las nuevas condiciones impuestas para el acceso a las becas Erasmus.<\/p>\n<p>El ministro de Educaci\u00f3n, Jos\u00e9 Ignacio Wert, \u00abnos ha colocado ante una nueva trampa\u00bb en lo que a las becas Erasmus se refiere, con unos requisitos de acceso \u00abpr\u00e1cticamente imposibles de cumplir\u00bb y que, en su opini\u00f3n, \u00abesconde el objetivo miserable de ahorrarse el presupuesto\u00bb de su dotaci\u00f3n, ha a\u00f1adido Rodr\u00edguez.<\/p>\n<p>El PSOE, ha anunciado durante una rueda de prensa, desplegar\u00e1 medidas jur\u00eddicas y parlamentarias \u00abpara evitar un nuevo atropello a los j\u00f3venes, que precisamente es ahora cuanto m\u00e1s necesitan un contacto con Europa\u00bb para completar su formaci\u00f3n y ampliar sus expectativas laborales.<\/p>\n<p>Hasta la fecha, las becas Erasmus \u00abhan sido muy exitosas y representaban un m\u00ednimo porcentaje en el presupuesto\u00bb, ha insistido antes de referirse a Wert como un pol\u00edtico al que \u00abno le sale nada de lo que hace\u00bb.<\/p>\n<p>Al margen de la carga ideol\u00f3gica que a juicio de la portavoz socialista lastra cuantas iniciativas emprende el Gobierno que preside Mariano Rajoy (PP), \u00abla realidad es que son unos chapuzas, son muy malos\u00bb al empe\u00f1arse en \u00absacar adelante ellos solos\u00bb leyes como la Lomce, aprobada hace poco m\u00e1s de un mes.<\/p>\n<p>En muchos de sus puntos \u00abes una ley claramente inconstitucional que el PSOE y el frente formado con otros partidos \u00abderogaremos cuando el PP no tenga la mayor\u00eda absoluta\u00bb, ha advertido.<\/p>\n<p>\u00abEs mal\u00edsima porque perjudica a los que menos tienen, no garantiza la igualdad de oportunidades y privilegia a la educaci\u00f3n privada y concertada: no se puede detraer dinero p\u00fablico para subvencionar a centros que discriminan a los alumnos por raz\u00f3n de sexo\u00bb, ha desgranado antes de pedir al PP \u00abun poco de cordura\u00bb porque con la educaci\u00f3n \u00abno se juega\u00bb.<\/p>\n<p>La \u00abgran preocupaci\u00f3n\u00bb existente en la comunidad educativa ante la aplicaci\u00f3n de la Lomce, seg\u00fan propia expresi\u00f3n, adquiere en el medio rural un car\u00e1cter a\u00fan m\u00e1s grave debido al recorte de ayudas que son necesarias para costear los desplazamientos de los alumnos hasta los centros educativos.<\/p>\n<p>Soraya Rodr\u00edguez ha participado hoy en Valladolid en una reuni\u00f3n con distintos sectores de la comunidad educativa de Castilla y Le\u00f3n, que ha presidido el secretario regional del PSOE, Julio Villarrubia, y en la que ha participado el portavoz socialista en materia educativa en el Congreso, Mario Bedera.<\/p>\n","protected":false},"excerpt":{"rendered":"<p>Valladolid, 31 ene (EFE).- Una batalla jur\u00eddica y parlamentaria, hasta donde sea necesario, ha anunciado hoy en Valladolid la portavoz del grupo socialista, Soraya Rodr\u00edguez, para tratar de desmontar la \u00abtrampa\u00bb que a su juicio supone las nuevas condiciones impuestas para el acceso a las becas Erasmus. El ministro de Educaci\u00f3n, Jos\u00e9 Ignacio Wert, \u00abnos [&hellip;]<\/p>\n","protected":false},"author":1,"featured_media":1132184,"comment_status":"closed","ping_status":"open","sticky":false,"template":"","format":"standard","meta":{"footnotes":""},"categories":[1],"tags":[],"class_list":["post-481190","post","type-post","status-publish","format-standard","has-post-thumbnail","hentry","category-actualidad"],"aioseo_notices":[],"aioseo_head":"\n\t\t<!-- All in One SEO Pro 5.0.1 - aioseo.com -->\n\t<meta name=\"description\" content=\"Valladolid, 31 ene (EFE).- Una batalla jur\u00eddica y parlamentaria, hasta donde sea necesario, ha anunciado hoy en Valladolid la portavoz del grupo socialista, Soraya Rodr\u00edguez, para tratar de desmontar la &quot;trampa&quot; que a su juicio supone las nuevas condiciones impuestas para el acceso a las becas Erasmus. El ministro de Educaci\u00f3n, Jos\u00e9 Ignacio Wert, &quot;nos\" \/>\n\t<meta name=\"robots\" content=\"max-image-preview:large\" \/>\n\t<meta name=\"author\" content=\"El Digital de Asturias\"\/>\n\t<meta name=\"google-site-verification\" content=\"UA-38556648-1\" \/>\n\t<meta name=\"msvalidate.01\" content=\"7dfe9f3f1b24437ab69f4f2559babe99\" \/>\n\t<meta name=\"keywords\" content=\"actualidad\" \/>\n\t<link rel=\"canonical\" href=\"https:\/\/www.eldigitaldeasturias.com\/noticias\/soraya-rodriguez-anuncia-una-batalla-juridica-y-parlamentaria-sobre-las-becas-erasmus\/\" \/>\n\t<meta name=\"generator\" content=\"All in One SEO Pro (AIOSEO) 5.0.1\" \/>\n\t\t<meta property=\"og:locale\" content=\"es_ES\" \/>\n\t\t<meta property=\"og:site_name\" content=\"El Digital de Asturias\" \/>\n\t\t<meta property=\"og:type\" content=\"article\" \/>\n\t\t<meta property=\"og:title\" content=\"Soraya Rodr\u00edguez anuncia una batalla jur\u00eddica y parlamentaria sobre las becas Erasmus - El Digital de Asturias\" \/>\n\t\t<meta property=\"og:description\" content=\"Valladolid, 31 ene (EFE).- Una batalla jur\u00eddica y parlamentaria, hasta donde sea necesario, ha anunciado hoy en Valladolid la portavoz del grupo socialista, Soraya Rodr\u00edguez, para tratar de desmontar la &quot;trampa&quot; que a su juicio supone las nuevas condiciones impuestas para el acceso a las becas Erasmus. El ministro de Educaci\u00f3n, Jos\u00e9 Ignacio Wert, &quot;nos\" \/>\n\t\t<meta property=\"og:url\" content=\"https:\/\/www.eldigitaldeasturias.com\/noticias\/soraya-rodriguez-anuncia-una-batalla-juridica-y-parlamentaria-sobre-las-becas-erasmus\/\" \/>\n\t\t<meta property=\"og:image\" content=\"https:\/\/www.eldigitaldeasturias.com\/noticias\/wp-content\/uploads\/2026\/06\/Contenidos.jpg\" \/>\n\t\t<meta property=\"og:image:secure_url\" content=\"https:\/\/www.eldigitaldeasturias.com\/noticias\/wp-content\/uploads\/2026\/06\/Contenidos.jpg\" \/>\n\t\t<meta property=\"og:image:width\" content=\"1265\" \/>\n\t\t<meta property=\"og:image:height\" content=\"697\" \/>\n\t\t<meta property=\"article:tag\" content=\"actualidad\" \/>\n\t\t<meta property=\"article:published_time\" content=\"2014-01-31T18:43:42+00:00\" \/>\n\t\t<meta property=\"article:modified_time\" content=\"2014-01-31T18:43:42+00:00\" \/>\n\t\t<meta property=\"article:publisher\" content=\"https:\/\/facebook.com\/eldigitaldeasturias\" \/>\n\t\t<meta name=\"twitter:card\" content=\"summary_large_image\" \/>\n\t\t<meta name=\"twitter:title\" content=\"Soraya Rodr\u00edguez anuncia una batalla jur\u00eddica y parlamentaria sobre las becas Erasmus - El Digital de Asturias\" \/>\n\t\t<meta name=\"twitter:description\" content=\"Valladolid, 31 ene (EFE).- Una batalla jur\u00eddica y parlamentaria, hasta donde sea necesario, ha anunciado hoy en Valladolid la portavoz del grupo socialista, Soraya Rodr\u00edguez, para tratar de desmontar la &quot;trampa&quot; que a su juicio supone las nuevas condiciones impuestas para el acceso a las becas Erasmus. El ministro de Educaci\u00f3n, Jos\u00e9 Ignacio Wert, &quot;nos\" \/>\n\t\t<meta name=\"twitter:image\" content=\"https:\/\/www.eldigitaldeasturias.com\/noticias\/wp-content\/uploads\/2026\/06\/Contenidos.jpg\" \/>\n\t\t<meta name=\"twitter:label1\" content=\"Escrito por\" \/>\n\t\t<meta name=\"twitter:data1\" content=\"El Digital de Asturias\" \/>\n\t\t<meta name=\"twitter:label2\" content=\"Tiempo de lectura estimado\" \/>\n\t\t<meta name=\"twitter:data2\" content=\"2 minutos\" \/>\n\t\t<script type=\"application\/ld+json\" class=\"aioseo-schema\">\n\t\t\t{\"@context\":\"https:\\\/\\\/schema.org\",\"@graph\":[{\"@type\":\"BlogPosting\",\"@id\":\"https:\\\/\\\/www.eldigitaldeasturias.com\\\/noticias\\\/soraya-rodriguez-anuncia-una-batalla-juridica-y-parlamentaria-sobre-las-becas-erasmus\\\/#blogposting\",\"name\":\"Soraya Rodr\\u00edguez anuncia una batalla jur\\u00eddica y parlamentaria sobre las becas Erasmus - El Digital de Asturias\",\"headline\":\"Soraya Rodr\\u00edguez anuncia una batalla jur\\u00eddica y parlamentaria sobre las becas Erasmus\",\"author\":{\"@id\":\"https:\\\/\\\/www.eldigitaldeasturias.com\\\/noticias\\\/author\\\/admin\\\/#author\"},\"publisher\":{\"@id\":\"https:\\\/\\\/www.eldigitaldeasturias.com\\\/noticias\\\/#organization\"},\"image\":{\"@type\":\"ImageObject\",\"url\":\"https:\\\/\\\/www.eldigitaldeasturias.com\\\/noticias\\\/wp-content\\\/uploads\\\/2026\\\/06\\\/Contenidos.jpg\",\"width\":1265,\"height\":697,\"caption\":\"Contenidos\"},\"datePublished\":\"2014-01-31T17:43:42+01:00\",\"dateModified\":\"2014-01-31T17:43:42+01:00\",\"inLanguage\":\"es-ES\",\"mainEntityOfPage\":{\"@id\":\"https:\\\/\\\/www.eldigitaldeasturias.com\\\/noticias\\\/soraya-rodriguez-anuncia-una-batalla-juridica-y-parlamentaria-sobre-las-becas-erasmus\\\/#webpage\"},\"isPartOf\":{\"@id\":\"https:\\\/\\\/www.eldigitaldeasturias.com\\\/noticias\\\/soraya-rodriguez-anuncia-una-batalla-juridica-y-parlamentaria-sobre-las-becas-erasmus\\\/#webpage\"},\"articleSection\":\"Actualidad\"},{\"@type\":\"BreadcrumbList\",\"@id\":\"https:\\\/\\\/www.eldigitaldeasturias.com\\\/noticias\\\/soraya-rodriguez-anuncia-una-batalla-juridica-y-parlamentaria-sobre-las-becas-erasmus\\\/#breadcrumblist\",\"itemListElement\":[{\"@type\":\"ListItem\",\"@id\":\"https:\\\/\\\/www.eldigitaldeasturias.com\\\/noticias#listItem\",\"position\":1,\"name\":\"Home\",\"item\":\"https:\\\/\\\/www.eldigitaldeasturias.com\\\/noticias\",\"nextItem\":{\"@type\":\"ListItem\",\"@id\":\"https:\\\/\\\/www.eldigitaldeasturias.com\\\/noticias\\\/category\\\/actualidad\\\/#listItem\",\"name\":\"Actualidad\"}},{\"@type\":\"ListItem\",\"@id\":\"https:\\\/\\\/www.eldigitaldeasturias.com\\\/noticias\\\/category\\\/actualidad\\\/#listItem\",\"position\":2,\"name\":\"Actualidad\",\"item\":\"https:\\\/\\\/www.eldigitaldeasturias.com\\\/noticias\\\/category\\\/actualidad\\\/\",\"nextItem\":{\"@type\":\"ListItem\",\"@id\":\"https:\\\/\\\/www.eldigitaldeasturias.com\\\/noticias\\\/soraya-rodriguez-anuncia-una-batalla-juridica-y-parlamentaria-sobre-las-becas-erasmus\\\/#listItem\",\"name\":\"Soraya Rodr\\u00edguez anuncia una batalla jur\\u00eddica y parlamentaria sobre las becas Erasmus\"},\"previousItem\":{\"@type\":\"ListItem\",\"@id\":\"https:\\\/\\\/www.eldigitaldeasturias.com\\\/noticias#listItem\",\"name\":\"Home\"}},{\"@type\":\"ListItem\",\"@id\":\"https:\\\/\\\/www.eldigitaldeasturias.com\\\/noticias\\\/soraya-rodriguez-anuncia-una-batalla-juridica-y-parlamentaria-sobre-las-becas-erasmus\\\/#listItem\",\"position\":3,\"name\":\"Soraya Rodr\\u00edguez anuncia una batalla jur\\u00eddica y parlamentaria sobre las becas Erasmus\",\"previousItem\":{\"@type\":\"ListItem\",\"@id\":\"https:\\\/\\\/www.eldigitaldeasturias.com\\\/noticias\\\/category\\\/actualidad\\\/#listItem\",\"name\":\"Actualidad\"}}]},{\"@type\":\"Organization\",\"@id\":\"https:\\\/\\\/www.eldigitaldeasturias.com\\\/noticias\\\/#organization\",\"name\":\"El Digital de Asturias\",\"description\":\"Hemeroteca\",\"url\":\"https:\\\/\\\/www.eldigitaldeasturias.com\\\/noticias\\\/\",\"email\":\"info@eldigitaldeasturias.com\",\"telephone\":\"+34652131393\",\"logo\":{\"@type\":\"ImageObject\",\"url\":\"https:\\\/\\\/www.eldigitaldeasturias.com\\\/noticias\\\/wp-content\\\/uploads\\\/2020\\\/12\\\/EDA.jpg\",\"@id\":\"https:\\\/\\\/www.eldigitaldeasturias.com\\\/noticias\\\/soraya-rodriguez-anuncia-una-batalla-juridica-y-parlamentaria-sobre-las-becas-erasmus\\\/#organizationLogo\"},\"image\":{\"@id\":\"https:\\\/\\\/www.eldigitaldeasturias.com\\\/noticias\\\/soraya-rodriguez-anuncia-una-batalla-juridica-y-parlamentaria-sobre-las-becas-erasmus\\\/#organizationLogo\"},\"sameAs\":[\"https:\\\/\\\/facebook.com\\\/eldigitaldeasturias\",\"https:\\\/\\\/www.youtube.com\\\/channel\\\/UCZP-2wLEB9Rv6erhFmqVnvg\"],\"address\":{\"@id\":\"https:\\\/\\\/www.eldigitaldeasturias.com\\\/noticias\\\/#postaladdress\",\"@type\":\"PostalAddress\",\"streetAddress\":\"san antonio 4\",\"postalCode\":\"33430\",\"addressLocality\":\"Cand\\u00e1s\",\"addressRegion\":\"Asturias\",\"addressCountry\":\"ES\"}},{\"@type\":\"Person\",\"@id\":\"https:\\\/\\\/www.eldigitaldeasturias.com\\\/noticias\\\/author\\\/admin\\\/#author\",\"url\":\"https:\\\/\\\/www.eldigitaldeasturias.com\\\/noticias\\\/author\\\/admin\\\/\",\"name\":\"El Digital de Asturias\",\"image\":{\"@type\":\"ImageObject\",\"@id\":\"https:\\\/\\\/www.eldigitaldeasturias.com\\\/noticias\\\/soraya-rodriguez-anuncia-una-batalla-juridica-y-parlamentaria-sobre-las-becas-erasmus\\\/#authorImage\",\"url\":\"https:\\\/\\\/secure.gravatar.com\\\/avatar\\\/df2aeffc32bcd13f8d26072ef8a91b623d677766deac7f97ca815868cd41bf5e?s=96&d=mm&r=g\",\"width\":96,\"height\":96,\"caption\":\"El Digital de Asturias\"}},{\"@type\":\"WebPage\",\"@id\":\"https:\\\/\\\/www.eldigitaldeasturias.com\\\/noticias\\\/soraya-rodriguez-anuncia-una-batalla-juridica-y-parlamentaria-sobre-las-becas-erasmus\\\/#webpage\",\"url\":\"https:\\\/\\\/www.eldigitaldeasturias.com\\\/noticias\\\/soraya-rodriguez-anuncia-una-batalla-juridica-y-parlamentaria-sobre-las-becas-erasmus\\\/\",\"name\":\"Soraya Rodr\\u00edguez anuncia una batalla jur\\u00eddica y parlamentaria sobre las becas Erasmus - El Digital de Asturias\",\"description\":\"Valladolid, 31 ene (EFE).- Una batalla jur\\u00eddica y parlamentaria, hasta donde sea necesario, ha anunciado hoy en Valladolid la portavoz del grupo socialista, Soraya Rodr\\u00edguez, para tratar de desmontar la \\\"trampa\\\" que a su juicio supone las nuevas condiciones impuestas para el acceso a las becas Erasmus. El ministro de Educaci\\u00f3n, Jos\\u00e9 Ignacio Wert, \\\"nos\",\"inLanguage\":\"es-ES\",\"isPartOf\":{\"@id\":\"https:\\\/\\\/www.eldigitaldeasturias.com\\\/noticias\\\/#website\"},\"breadcrumb\":{\"@id\":\"https:\\\/\\\/www.eldigitaldeasturias.com\\\/noticias\\\/soraya-rodriguez-anuncia-una-batalla-juridica-y-parlamentaria-sobre-las-becas-erasmus\\\/#breadcrumblist\"},\"author\":{\"@id\":\"https:\\\/\\\/www.eldigitaldeasturias.com\\\/noticias\\\/author\\\/admin\\\/#author\"},\"creator\":{\"@id\":\"https:\\\/\\\/www.eldigitaldeasturias.com\\\/noticias\\\/author\\\/admin\\\/#author\"},\"image\":{\"@type\":\"ImageObject\",\"url\":\"https:\\\/\\\/www.eldigitaldeasturias.com\\\/noticias\\\/wp-content\\\/uploads\\\/2026\\\/06\\\/Contenidos.jpg\",\"@id\":\"https:\\\/\\\/www.eldigitaldeasturias.com\\\/noticias\\\/soraya-rodriguez-anuncia-una-batalla-juridica-y-parlamentaria-sobre-las-becas-erasmus\\\/#mainImage\",\"width\":1265,\"height\":697,\"caption\":\"Contenidos\"},\"primaryImageOfPage\":{\"@id\":\"https:\\\/\\\/www.eldigitaldeasturias.com\\\/noticias\\\/soraya-rodriguez-anuncia-una-batalla-juridica-y-parlamentaria-sobre-las-becas-erasmus\\\/#mainImage\"},\"datePublished\":\"2014-01-31T17:43:42+01:00\",\"dateModified\":\"2014-01-31T17:43:42+01:00\"},{\"@type\":\"WebSite\",\"@id\":\"https:\\\/\\\/www.eldigitaldeasturias.com\\\/noticias\\\/#website\",\"url\":\"https:\\\/\\\/www.eldigitaldeasturias.com\\\/noticias\\\/\",\"name\":\"El Digital de Asturias - Diario de actualidad y noticias\",\"alternateName\":\"El Digital de Asturias - Diario de actualidad y noticias\",\"description\":\"Hemeroteca\",\"inLanguage\":\"es-ES\",\"publisher\":{\"@id\":\"https:\\\/\\\/www.eldigitaldeasturias.com\\\/noticias\\\/#organization\"}}]}\n\t\t<\/script>\n\t\t<!-- All in One SEO Pro -->\r\n\t\t<title>Soraya Rodr\u00edguez anuncia una batalla jur\u00eddica y parlamentaria sobre las becas Erasmus - El Digital de Asturias<\/title>\n\n","aioseo_head_json":{"title":"Soraya Rodr\u00edguez anuncia una batalla jur\u00eddica y parlamentaria sobre las becas Erasmus - El Digital de Asturias","description":"Valladolid, 31 ene (EFE).- Una batalla jur\u00eddica y parlamentaria, hasta donde sea necesario, ha anunciado hoy en Valladolid la portavoz del grupo socialista, Soraya Rodr\u00edguez, para tratar de desmontar la \"trampa\" que a su juicio supone las nuevas condiciones impuestas para el acceso a las becas Erasmus. El ministro de Educaci\u00f3n, Jos\u00e9 Ignacio Wert, \"nos","canonical_url":"https:\/\/www.eldigitaldeasturias.com\/noticias\/soraya-rodriguez-anuncia-una-batalla-juridica-y-parlamentaria-sobre-las-becas-erasmus\/","robots":"max-image-preview:large","keywords":"actualidad","webmasterTools":{"google-site-verification":"UA-38556648-1","msvalidate.01":"7dfe9f3f1b24437ab69f4f2559babe99","miscellaneous":""},"schema":{"@context":"https:\/\/schema.org","@graph":[{"@type":"BlogPosting","@id":"https:\/\/www.eldigitaldeasturias.com\/noticias\/soraya-rodriguez-anuncia-una-batalla-juridica-y-parlamentaria-sobre-las-becas-erasmus\/#blogposting","name":"Soraya Rodr\u00edguez anuncia una batalla jur\u00eddica y parlamentaria sobre las becas Erasmus - El Digital de Asturias","headline":"Soraya Rodr\u00edguez anuncia una batalla jur\u00eddica y parlamentaria sobre las becas Erasmus","author":{"@id":"https:\/\/www.eldigitaldeasturias.com\/noticias\/author\/admin\/#author"},"publisher":{"@id":"https:\/\/www.eldigitaldeasturias.com\/noticias\/#organization"},"image":{"@type":"ImageObject","url":"https:\/\/www.eldigitaldeasturias.com\/noticias\/wp-content\/uploads\/2026\/06\/Contenidos.jpg","width":1265,"height":697,"caption":"Contenidos"},"datePublished":"2014-01-31T17:43:42+01:00","dateModified":"2014-01-31T17:43:42+01:00","inLanguage":"es-ES","mainEntityOfPage":{"@id":"https:\/\/www.eldigitaldeasturias.com\/noticias\/soraya-rodriguez-anuncia-una-batalla-juridica-y-parlamentaria-sobre-las-becas-erasmus\/#webpage"},"isPartOf":{"@id":"https:\/\/www.eldigitaldeasturias.com\/noticias\/soraya-rodriguez-anuncia-una-batalla-juridica-y-parlamentaria-sobre-las-becas-erasmus\/#webpage"},"articleSection":"Actualidad"},{"@type":"BreadcrumbList","@id":"https:\/\/www.eldigitaldeasturias.com\/noticias\/soraya-rodriguez-anuncia-una-batalla-juridica-y-parlamentaria-sobre-las-becas-erasmus\/#breadcrumblist","itemListElement":[{"@type":"ListItem","@id":"https:\/\/www.eldigitaldeasturias.com\/noticias#listItem","position":1,"name":"Home","item":"https:\/\/www.eldigitaldeasturias.com\/noticias","nextItem":{"@type":"ListItem","@id":"https:\/\/www.eldigitaldeasturias.com\/noticias\/category\/actualidad\/#listItem","name":"Actualidad"}},{"@type":"ListItem","@id":"https:\/\/www.eldigitaldeasturias.com\/noticias\/category\/actualidad\/#listItem","position":2,"name":"Actualidad","item":"https:\/\/www.eldigitaldeasturias.com\/noticias\/category\/actualidad\/","nextItem":{"@type":"ListItem","@id":"https:\/\/www.eldigitaldeasturias.com\/noticias\/soraya-rodriguez-anuncia-una-batalla-juridica-y-parlamentaria-sobre-las-becas-erasmus\/#listItem","name":"Soraya Rodr\u00edguez anuncia una batalla jur\u00eddica y parlamentaria sobre las becas Erasmus"},"previousItem":{"@type":"ListItem","@id":"https:\/\/www.eldigitaldeasturias.com\/noticias#listItem","name":"Home"}},{"@type":"ListItem","@id":"https:\/\/www.eldigitaldeasturias.com\/noticias\/soraya-rodriguez-anuncia-una-batalla-juridica-y-parlamentaria-sobre-las-becas-erasmus\/#listItem","position":3,"name":"Soraya Rodr\u00edguez anuncia una batalla jur\u00eddica y parlamentaria sobre las becas Erasmus","previousItem":{"@type":"ListItem","@id":"https:\/\/www.eldigitaldeasturias.com\/noticias\/category\/actualidad\/#listItem","name":"Actualidad"}}]},{"@type":"Organization","@id":"https:\/\/www.eldigitaldeasturias.com\/noticias\/#organization","name":"El Digital de Asturias","description":"Hemeroteca","url":"https:\/\/www.eldigitaldeasturias.com\/noticias\/","email":"info@eldigitaldeasturias.com","telephone":"+34652131393","logo":{"@type":"ImageObject","url":"https:\/\/www.eldigitaldeasturias.com\/noticias\/wp-content\/uploads\/2020\/12\/EDA.jpg","@id":"https:\/\/www.eldigitaldeasturias.com\/noticias\/soraya-rodriguez-anuncia-una-batalla-juridica-y-parlamentaria-sobre-las-becas-erasmus\/#organizationLogo"},"image":{"@id":"https:\/\/www.eldigitaldeasturias.com\/noticias\/soraya-rodriguez-anuncia-una-batalla-juridica-y-parlamentaria-sobre-las-becas-erasmus\/#organizationLogo"},"sameAs":["https:\/\/facebook.com\/eldigitaldeasturias","https:\/\/www.youtube.com\/channel\/UCZP-2wLEB9Rv6erhFmqVnvg"],"address":{"@id":"https:\/\/www.eldigitaldeasturias.com\/noticias\/#postaladdress","@type":"PostalAddress","streetAddress":"san antonio 4","postalCode":"33430","addressLocality":"Cand\u00e1s","addressRegion":"Asturias","addressCountry":"ES"}},{"@type":"Person","@id":"https:\/\/www.eldigitaldeasturias.com\/noticias\/author\/admin\/#author","url":"https:\/\/www.eldigitaldeasturias.com\/noticias\/author\/admin\/","name":"El Digital de Asturias","image":{"@type":"ImageObject","@id":"https:\/\/www.eldigitaldeasturias.com\/noticias\/soraya-rodriguez-anuncia-una-batalla-juridica-y-parlamentaria-sobre-las-becas-erasmus\/#authorImage","url":"https:\/\/secure.gravatar.com\/avatar\/df2aeffc32bcd13f8d26072ef8a91b623d677766deac7f97ca815868cd41bf5e?s=96&d=mm&r=g","width":96,"height":96,"caption":"El Digital de Asturias"}},{"@type":"WebPage","@id":"https:\/\/www.eldigitaldeasturias.com\/noticias\/soraya-rodriguez-anuncia-una-batalla-juridica-y-parlamentaria-sobre-las-becas-erasmus\/#webpage","url":"https:\/\/www.eldigitaldeasturias.com\/noticias\/soraya-rodriguez-anuncia-una-batalla-juridica-y-parlamentaria-sobre-las-becas-erasmus\/","name":"Soraya Rodr\u00edguez anuncia una batalla jur\u00eddica y parlamentaria sobre las becas Erasmus - El Digital de Asturias","description":"Valladolid, 31 ene (EFE).- Una batalla jur\u00eddica y parlamentaria, hasta donde sea necesario, ha anunciado hoy en Valladolid la portavoz del grupo socialista, Soraya Rodr\u00edguez, para tratar de desmontar la \"trampa\" que a su juicio supone las nuevas condiciones impuestas para el acceso a las becas Erasmus. El ministro de Educaci\u00f3n, Jos\u00e9 Ignacio Wert, \"nos","inLanguage":"es-ES","isPartOf":{"@id":"https:\/\/www.eldigitaldeasturias.com\/noticias\/#website"},"breadcrumb":{"@id":"https:\/\/www.eldigitaldeasturias.com\/noticias\/soraya-rodriguez-anuncia-una-batalla-juridica-y-parlamentaria-sobre-las-becas-erasmus\/#breadcrumblist"},"author":{"@id":"https:\/\/www.eldigitaldeasturias.com\/noticias\/author\/admin\/#author"},"creator":{"@id":"https:\/\/www.eldigitaldeasturias.com\/noticias\/author\/admin\/#author"},"image":{"@type":"ImageObject","url":"https:\/\/www.eldigitaldeasturias.com\/noticias\/wp-content\/uploads\/2026\/06\/Contenidos.jpg","@id":"https:\/\/www.eldigitaldeasturias.com\/noticias\/soraya-rodriguez-anuncia-una-batalla-juridica-y-parlamentaria-sobre-las-becas-erasmus\/#mainImage","width":1265,"height":697,"caption":"Contenidos"},"primaryImageOfPage":{"@id":"https:\/\/www.eldigitaldeasturias.com\/noticias\/soraya-rodriguez-anuncia-una-batalla-juridica-y-parlamentaria-sobre-las-becas-erasmus\/#mainImage"},"datePublished":"2014-01-31T17:43:42+01:00","dateModified":"2014-01-31T17:43:42+01:00"},{"@type":"WebSite","@id":"https:\/\/www.eldigitaldeasturias.com\/noticias\/#website","url":"https:\/\/www.eldigitaldeasturias.com\/noticias\/","name":"El Digital de Asturias - Diario de actualidad y noticias","alternateName":"El Digital de Asturias - Diario de actualidad y noticias","description":"Hemeroteca","inLanguage":"es-ES","publisher":{"@id":"https:\/\/www.eldigitaldeasturias.com\/noticias\/#organization"}}]},"og:locale":"es_ES","og:site_name":"El Digital de Asturias","og:type":"article","og:title":"Soraya Rodr\u00edguez anuncia una batalla jur\u00eddica y parlamentaria sobre las becas Erasmus - El Digital de Asturias","og:description":"Valladolid, 31 ene (EFE).- Una batalla jur\u00eddica y parlamentaria, hasta donde sea necesario, ha anunciado hoy en Valladolid la portavoz del grupo socialista, Soraya Rodr\u00edguez, para tratar de desmontar la &quot;trampa&quot; que a su juicio supone las nuevas condiciones impuestas para el acceso a las becas Erasmus. El ministro de Educaci\u00f3n, Jos\u00e9 Ignacio Wert, &quot;nos","og:url":"https:\/\/www.eldigitaldeasturias.com\/noticias\/soraya-rodriguez-anuncia-una-batalla-juridica-y-parlamentaria-sobre-las-becas-erasmus\/","og:image":"https:\/\/www.eldigitaldeasturias.com\/noticias\/wp-content\/uploads\/2026\/06\/Contenidos.jpg","og:image:secure_url":"https:\/\/www.eldigitaldeasturias.com\/noticias\/wp-content\/uploads\/2026\/06\/Contenidos.jpg","og:image:width":1265,"og:image:height":697,"article:tag":["actualidad"],"article:published_time":"2014-01-31T18:43:42+00:00","article:modified_time":"2014-01-31T18:43:42+00:00","article:publisher":"https:\/\/facebook.com\/eldigitaldeasturias","twitter:card":"summary_large_image","twitter:title":"Soraya Rodr\u00edguez anuncia una batalla jur\u00eddica y parlamentaria sobre las becas Erasmus - El Digital de Asturias","twitter:description":"Valladolid, 31 ene (EFE).- Una batalla jur\u00eddica y parlamentaria, hasta donde sea necesario, ha anunciado hoy en Valladolid la portavoz del grupo socialista, Soraya Rodr\u00edguez, para tratar de desmontar la &quot;trampa&quot; que a su juicio supone las nuevas condiciones impuestas para el acceso a las becas Erasmus. El ministro de Educaci\u00f3n, Jos\u00e9 Ignacio Wert, &quot;nos","twitter:image":"https:\/\/www.eldigitaldeasturias.com\/noticias\/wp-content\/uploads\/2026\/06\/Contenidos.jpg","twitter:label1":"Escrito por","twitter:data1":"El Digital de Asturias","twitter:label2":"Tiempo de lectura estimado","twitter:data2":"2 minutos"},"aioseo_meta_data":{"post_id":"481190","title":null,"description":null,"keywords":null,"keyphrases":null,"primary_term":null,"canonical_url":null,"og_title":null,"og_description":null,"og_object_type":"default","og_image_type":"default","og_image_url":null,"og_image_width":null,"og_image_height":null,"og_image_custom_url":null,"og_image_custom_fields":null,"og_video":null,"og_custom_url":null,"og_article_section":null,"og_article_tags":null,"twitter_use_og":true,"twitter_card":"default","twitter_image_type":"default","twitter_image_url":null,"twitter_image_custom_url":null,"twitter_image_custom_fields":null,"twitter_title":null,"twitter_description":null,"schema":{"blockGraphs":[],"customGraphs":[],"default":{"data":{"Article":[],"Course":[],"Dataset":[],"FAQPage":[],"Movie":[],"Person":[],"Product":[],"ProductReview":[],"Car":[],"Recipe":[],"Service":[],"SoftwareApplication":[],"WebPage":[]},"graphName":"","isEnabled":true},"graphs":[],"defaultGraph":"","defaultPostTypeGraph":""},"schema_type":null,"schema_type_options":null,"pillar_content":false,"robots_default":true,"robots_noindex":false,"robots_noarchive":false,"robots_nosnippet":false,"robots_nofollow":false,"robots_noimageindex":false,"robots_noodp":false,"robots_notranslate":false,"robots_max_snippet":null,"robots_max_videopreview":null,"robots_max_imagepreview":"none","priority":null,"frequency":null,"local_seo":null,"seo_analyzer_scan_date":"2026-06-02 06:02:54","breadcrumb_settings":null,"limit_modified_date":false,"open_ai":null,"ai":null,"created":"2020-11-14 22:54:17","updated":"2026-06-02 06:02:54","focus_keyword":null,"additional_keywords":null,"truseo_locale":null},"aioseo_breadcrumb":"<div class=\"aioseo-breadcrumbs\"><span class=\"aioseo-breadcrumb\">\n\t<a href=\"https:\/\/www.eldigitaldeasturias.com\/noticias\" title=\"Home\">Home<\/a>\n<\/span><span class=\"aioseo-breadcrumb-separator\">\u2013<\/span><span class=\"aioseo-breadcrumb\">\n\t<a href=\"https:\/\/www.eldigitaldeasturias.com\/noticias\/category\/actualidad\/\" title=\"Actualidad\">Actualidad<\/a>\n<\/span><span class=\"aioseo-breadcrumb-separator\">\u2013<\/span><span class=\"aioseo-breadcrumb\">\n\t<a href=\"https:\/\/www.eldigitaldeasturias.com\/noticias\/soraya-rodriguez-anuncia-una-batalla-juridica-y-parlamentaria-sobre-las-becas-erasmus\/\" title=\"Soraya Rodr\u00edguez anuncia una batalla jur\u00eddica y parlamentaria sobre las becas Erasmus\">Soraya Rodr\u00edguez anuncia una batalla jur\u00eddica y parlamentaria sobre las becas Erasmus<\/a>\n<\/span><\/div>","aioseo_breadcrumb_json":[{"label":"Home","link":"https:\/\/www.eldigitaldeasturias.com\/noticias"},{"label":"Actualidad","link":"https:\/\/www.eldigitaldeasturias.com\/noticias\/category\/actualidad\/"},{"label":"Soraya Rodr\u00edguez anuncia una batalla jur\u00eddica y parlamentaria sobre las becas Erasmus","link":"https:\/\/www.eldigitaldeasturias.com\/noticias\/soraya-rodriguez-anuncia-una-batalla-juridica-y-parlamentaria-sobre-las-becas-erasmus\/"}],"_links":{"self":[{"href":"https:\/\/www.eldigitaldeasturias.com\/noticias\/wp-json\/wp\/v2\/posts\/481190","targetHints":{"allow":["GET"]}}],"collection":[{"href":"https:\/\/www.eldigitaldeasturias.com\/noticias\/wp-json\/wp\/v2\/posts"}],"about":[{"href":"https:\/\/www.eldigitaldeasturias.com\/noticias\/wp-json\/wp\/v2\/types\/post"}],"author":[{"embeddable":true,"href":"https:\/\/www.eldigitaldeasturias.com\/noticias\/wp-json\/wp\/v2\/users\/1"}],"replies":[{"embeddable":true,"href":"https:\/\/www.eldigitaldeasturias.com\/noticias\/wp-json\/wp\/v2\/comments?post=481190"}],"version-history":[{"count":0,"href":"https:\/\/www.eldigitaldeasturias.com\/noticias\/wp-json\/wp\/v2\/posts\/481190\/revisions"}],"wp:featuredmedia":[{"embeddable":true,"href":"https:\/\/www.eldigitaldeasturias.com\/noticias\/wp-json\/wp\/v2\/media\/1132184"}],"wp:attachment":[{"href":"https:\/\/www.eldigitaldeasturias.com\/noticias\/wp-json\/wp\/v2\/media?parent=481190"}],"wp:term":[{"taxonomy":"category","embeddable":true,"href":"https:\/\/www.eldigitaldeasturias.com\/noticias\/wp-json\/wp\/v2\/categories?post=481190"},{"taxonomy":"post_tag","embeddable":true,"href":"https:\/\/www.eldigitaldeasturias.com\/noticias\/wp-json\/wp\/v2\/tags?post=481190"}],"curies":[{"name":"wp","href":"https:\/\/api.w.org\/{rel}","templated":true}]}}