{"id":481187,"date":"2014-01-31T17:42:37","date_gmt":"2014-01-31T18:42:37","guid":{"rendered":"http:\/\/www.eldigitaldeasturias.com\/noticias\/?p=481187"},"modified":"2014-01-31T17:42:37","modified_gmt":"2014-01-31T18:42:37","slug":"adrian-dice-que-un-derbi-es-especial-pero-lo-mas-importante-es-el-domingo","status":"publish","type":"post","link":"https:\/\/www.eldigitaldeasturias.com\/noticias\/adrian-dice-que-un-derbi-es-especial-pero-lo-mas-importante-es-el-domingo\/","title":{"rendered":"Adri\u00e1n dice que \u00abun derbi es especial, pero lo m\u00e1s importante es el domingo\u00bb"},"content":{"rendered":"<p><img loading=\"lazy\" decoding=\"async\" class=\"alignleft size-medium wp-image-481188\" alt=\"5895584w\" src=\"https:\/\/www.eldigitaldeasturias.com\/noticias\/wp-content\/uploads\/2014\/01\/5895584w-360x257.jpg\" width=\"360\" height=\"257\" \/>Majadahonda (Madrid), 31 ene (EFE).- El delantero del Atl\u00e9tico de Madrid Adri\u00e1n L\u00f3pez asegur\u00f3 hoy en rueda de prensa que, aunque un derbi como el que vivir\u00e1n en la Copa del Rey contra el Real Madrid es \u00abespecial\u00bb, \u00ablo m\u00e1s importante\u00bb para ellos por el momento es el partido del domingo contra la Real Sociedad.<\/p>\n<p>\u00abUn derbi es un partido especial, pero ya hemos tenido derbis, partidos muy importantes, y siempre sab\u00e9is como pensamos, como trabajamos cada partido. Ahora lo m\u00e1s importante es el domingo, la Liga, tres puntos muy importantes en el Calder\u00f3n. Es lo que tenemos en mente y para lo que trabajamos ahora\u00bb, afirm\u00f3 el delantero.<\/p>\n<p>El atacante asturiano reafirm\u00f3 en varias ocasiones en que preparar\u00e1n \u00abcuando corresponda\u00bb la eliminatoria de semifinales de Copa contra Real Madrid que empieza el pr\u00f3ximo mi\u00e9rcoles, y afirm\u00f3 que el equipo est\u00e1 centrado en el pr\u00f3ximo compromiso liguero, en una Liga que, por primera vez en a\u00f1os, se dirime entre tres equipos, no exclusivamente entre Real Madrid y Barcelona.<\/p>\n<p>\u00abEstamos peleando con ellos, es verdad que en pasadas ligas siempre quedaban ellos por delante de los dem\u00e1s, creo que es bonito y le da algo nuevo a la Liga. Intentaremos seguir ah\u00ed arriba, peleando por estar lo m\u00e1s arriba posible\u00bb, explic\u00f3.<\/p>\n<p>En esa lucha por las tres competiciones en las que participa el Atl\u00e9tico, las lesiones est\u00e1n comenzando a aparecer, con la reciente lesi\u00f3n del brasile\u00f1o Luis Filipe, que sufri\u00f3 una rotura fibrilar contra el Athletic de Bilbao, o el turco Arda Turan, con una lesi\u00f3n muscular anterior al duelo copero.<\/p>\n<p>\u00abEs algo normal del f\u00fatbol, de las Ligas, siempre cuando hay acumulaci\u00f3n de partidos en estas fechas del invierno, suele haber m\u00e1s lesiones en todos los equipos. Entra dentro de lo normal, nosotros con el tema f\u00edsico todos estamos muy bien, es normal que a veces haya alguna lesi\u00f3n\u00bb, dijo Adri\u00e1n.<\/p>\n<p>Preguntado por los \u00faltimos movimientos del mercado de invierno, Adri\u00e1n neg\u00f3 rotundamente cualquier rumor que incluyera su salida del club y asegur\u00f3 que las posibles incorporaciones son \u00abun tema del club.<\/p>\n<p>\u00abEso es un tema del club, ellos son quienes tienen que valorar. Si viene alguien, pues lo trataremos bien y lo acogeremos bien, y si no, seguiremos igual\u00bb, afirm\u00f3 el artillero.<\/p>\n<p>A nivel personal Adri\u00e1n se describi\u00f3 \u00abcontento\u00bb por las oportunidades que est\u00e1 teniendo, entre ellas la titularidad en el \u00faltimo encuentro copero en San Mam\u00e9s, y se mostr\u00f3 dispuesto a estar \u00abpreparado\u00bb para cualquier necesidad del equipo.<\/p>\n<p>\u00abEl m\u00edster siempre nos dice que con la cantidad que partidos que hay tenemos que estar bien, en cualquier momento le puede tocar jugar al que sea, en el momento que estamos todos los partidos son important\u00edsimos\u00bb, dijo Adri\u00e1n.<\/p>\n<p>\u00abSeguimos en tres competiciones y tenemos que estar al cien por cien para cuando salgamos al campo intentar responder para que el equipo siga en este nivel y nunca note un cambio para mal\u00bb, agreg\u00f3 Adri\u00e1n.<\/p>\n","protected":false},"excerpt":{"rendered":"<p>Majadahonda (Madrid), 31 ene (EFE).- El delantero del Atl\u00e9tico de Madrid Adri\u00e1n L\u00f3pez asegur\u00f3 hoy en rueda de prensa que, aunque un derbi como el que vivir\u00e1n en la Copa del Rey contra el Real Madrid es \u00abespecial\u00bb, \u00ablo m\u00e1s importante\u00bb para ellos por el momento es el partido del domingo contra la Real Sociedad. [&hellip;]<\/p>\n","protected":false},"author":1,"featured_media":1132184,"comment_status":"closed","ping_status":"open","sticky":false,"template":"","format":"standard","meta":{"footnotes":""},"categories":[1],"tags":[],"class_list":["post-481187","post","type-post","status-publish","format-standard","has-post-thumbnail","hentry","category-actualidad"],"aioseo_notices":[],"aioseo_head":"\n\t\t<!-- All in One SEO Pro 5.0.1 - aioseo.com -->\n\t<meta name=\"description\" content=\"Majadahonda (Madrid), 31 ene (EFE).- El delantero del Atl\u00e9tico de Madrid Adri\u00e1n L\u00f3pez asegur\u00f3 hoy en rueda de prensa que, aunque un derbi como el que vivir\u00e1n en la Copa del Rey contra el Real Madrid es &quot;especial&quot;, &quot;lo m\u00e1s importante&quot; para ellos por el momento es el partido del domingo contra la Real Sociedad.\" \/>\n\t<meta name=\"robots\" content=\"max-image-preview:large\" \/>\n\t<meta name=\"author\" content=\"El Digital de Asturias\"\/>\n\t<meta name=\"google-site-verification\" content=\"UA-38556648-1\" \/>\n\t<meta name=\"msvalidate.01\" content=\"7dfe9f3f1b24437ab69f4f2559babe99\" \/>\n\t<meta name=\"keywords\" content=\"actualidad\" \/>\n\t<link rel=\"canonical\" href=\"https:\/\/www.eldigitaldeasturias.com\/noticias\/adrian-dice-que-un-derbi-es-especial-pero-lo-mas-importante-es-el-domingo\/\" \/>\n\t<meta name=\"generator\" content=\"All in One SEO Pro (AIOSEO) 5.0.1\" \/>\n\t\t<meta property=\"og:locale\" content=\"es_ES\" \/>\n\t\t<meta property=\"og:site_name\" content=\"El Digital de Asturias\" \/>\n\t\t<meta property=\"og:type\" content=\"article\" \/>\n\t\t<meta property=\"og:title\" content=\"Adri\u00e1n dice que \u00abun derbi es especial, pero lo m\u00e1s importante es el domingo\u00bb - El Digital de Asturias\" \/>\n\t\t<meta property=\"og:description\" content=\"Majadahonda (Madrid), 31 ene (EFE).- El delantero del Atl\u00e9tico de Madrid Adri\u00e1n L\u00f3pez asegur\u00f3 hoy en rueda de prensa que, aunque un derbi como el que vivir\u00e1n en la Copa del Rey contra el Real Madrid es &quot;especial&quot;, &quot;lo m\u00e1s importante&quot; para ellos por el momento es el partido del domingo contra la Real Sociedad.\" \/>\n\t\t<meta property=\"og:url\" content=\"https:\/\/www.eldigitaldeasturias.com\/noticias\/adrian-dice-que-un-derbi-es-especial-pero-lo-mas-importante-es-el-domingo\/\" \/>\n\t\t<meta property=\"og:image\" content=\"https:\/\/www.eldigitaldeasturias.com\/noticias\/wp-content\/uploads\/2026\/06\/Contenidos.jpg\" \/>\n\t\t<meta property=\"og:image:secure_url\" content=\"https:\/\/www.eldigitaldeasturias.com\/noticias\/wp-content\/uploads\/2026\/06\/Contenidos.jpg\" \/>\n\t\t<meta property=\"og:image:width\" content=\"1265\" \/>\n\t\t<meta property=\"og:image:height\" content=\"697\" \/>\n\t\t<meta property=\"article:tag\" content=\"actualidad\" \/>\n\t\t<meta property=\"article:published_time\" content=\"2014-01-31T18:42:37+00:00\" \/>\n\t\t<meta property=\"article:modified_time\" content=\"2014-01-31T18:42:37+00:00\" \/>\n\t\t<meta property=\"article:publisher\" content=\"https:\/\/facebook.com\/eldigitaldeasturias\" \/>\n\t\t<meta name=\"twitter:card\" content=\"summary_large_image\" \/>\n\t\t<meta name=\"twitter:title\" content=\"Adri\u00e1n dice que \u00abun derbi es especial, pero lo m\u00e1s importante es el domingo\u00bb - El Digital de Asturias\" \/>\n\t\t<meta name=\"twitter:description\" content=\"Majadahonda (Madrid), 31 ene (EFE).- El delantero del Atl\u00e9tico de Madrid Adri\u00e1n L\u00f3pez asegur\u00f3 hoy en rueda de prensa que, aunque un derbi como el que vivir\u00e1n en la Copa del Rey contra el Real Madrid es &quot;especial&quot;, &quot;lo m\u00e1s importante&quot; para ellos por el momento es el partido del domingo contra la Real Sociedad.\" \/>\n\t\t<meta name=\"twitter:image\" content=\"https:\/\/www.eldigitaldeasturias.com\/noticias\/wp-content\/uploads\/2026\/06\/Contenidos.jpg\" \/>\n\t\t<meta name=\"twitter:label1\" content=\"Escrito por\" \/>\n\t\t<meta name=\"twitter:data1\" content=\"El Digital de Asturias\" \/>\n\t\t<meta name=\"twitter:label2\" content=\"Tiempo de lectura estimado\" \/>\n\t\t<meta name=\"twitter:data2\" content=\"3 minutos\" \/>\n\t\t<script type=\"application\/ld+json\" class=\"aioseo-schema\">\n\t\t\t{\"@context\":\"https:\\\/\\\/schema.org\",\"@graph\":[{\"@type\":\"BlogPosting\",\"@id\":\"https:\\\/\\\/www.eldigitaldeasturias.com\\\/noticias\\\/adrian-dice-que-un-derbi-es-especial-pero-lo-mas-importante-es-el-domingo\\\/#blogposting\",\"name\":\"Adri\\u00e1n dice que \\u00abun derbi es especial, pero lo m\\u00e1s importante es el domingo\\u00bb - El Digital de Asturias\",\"headline\":\"Adri\\u00e1n dice que \\u00abun derbi es especial, pero lo m\\u00e1s importante es el domingo\\u00bb\",\"author\":{\"@id\":\"https:\\\/\\\/www.eldigitaldeasturias.com\\\/noticias\\\/author\\\/admin\\\/#author\"},\"publisher\":{\"@id\":\"https:\\\/\\\/www.eldigitaldeasturias.com\\\/noticias\\\/#organization\"},\"image\":{\"@type\":\"ImageObject\",\"url\":\"https:\\\/\\\/www.eldigitaldeasturias.com\\\/noticias\\\/wp-content\\\/uploads\\\/2026\\\/06\\\/Contenidos.jpg\",\"width\":1265,\"height\":697,\"caption\":\"Contenidos\"},\"datePublished\":\"2014-01-31T17:42:37+01:00\",\"dateModified\":\"2014-01-31T17:42:37+01:00\",\"inLanguage\":\"es-ES\",\"mainEntityOfPage\":{\"@id\":\"https:\\\/\\\/www.eldigitaldeasturias.com\\\/noticias\\\/adrian-dice-que-un-derbi-es-especial-pero-lo-mas-importante-es-el-domingo\\\/#webpage\"},\"isPartOf\":{\"@id\":\"https:\\\/\\\/www.eldigitaldeasturias.com\\\/noticias\\\/adrian-dice-que-un-derbi-es-especial-pero-lo-mas-importante-es-el-domingo\\\/#webpage\"},\"articleSection\":\"Actualidad\"},{\"@type\":\"BreadcrumbList\",\"@id\":\"https:\\\/\\\/www.eldigitaldeasturias.com\\\/noticias\\\/adrian-dice-que-un-derbi-es-especial-pero-lo-mas-importante-es-el-domingo\\\/#breadcrumblist\",\"itemListElement\":[{\"@type\":\"ListItem\",\"@id\":\"https:\\\/\\\/www.eldigitaldeasturias.com\\\/noticias#listItem\",\"position\":1,\"name\":\"Home\",\"item\":\"https:\\\/\\\/www.eldigitaldeasturias.com\\\/noticias\",\"nextItem\":{\"@type\":\"ListItem\",\"@id\":\"https:\\\/\\\/www.eldigitaldeasturias.com\\\/noticias\\\/category\\\/actualidad\\\/#listItem\",\"name\":\"Actualidad\"}},{\"@type\":\"ListItem\",\"@id\":\"https:\\\/\\\/www.eldigitaldeasturias.com\\\/noticias\\\/category\\\/actualidad\\\/#listItem\",\"position\":2,\"name\":\"Actualidad\",\"item\":\"https:\\\/\\\/www.eldigitaldeasturias.com\\\/noticias\\\/category\\\/actualidad\\\/\",\"nextItem\":{\"@type\":\"ListItem\",\"@id\":\"https:\\\/\\\/www.eldigitaldeasturias.com\\\/noticias\\\/adrian-dice-que-un-derbi-es-especial-pero-lo-mas-importante-es-el-domingo\\\/#listItem\",\"name\":\"Adri\\u00e1n dice que \\u00abun derbi es especial, pero lo m\\u00e1s importante es el domingo\\u00bb\"},\"previousItem\":{\"@type\":\"ListItem\",\"@id\":\"https:\\\/\\\/www.eldigitaldeasturias.com\\\/noticias#listItem\",\"name\":\"Home\"}},{\"@type\":\"ListItem\",\"@id\":\"https:\\\/\\\/www.eldigitaldeasturias.com\\\/noticias\\\/adrian-dice-que-un-derbi-es-especial-pero-lo-mas-importante-es-el-domingo\\\/#listItem\",\"position\":3,\"name\":\"Adri\\u00e1n dice que \\u00abun derbi es especial, pero lo m\\u00e1s importante es el domingo\\u00bb\",\"previousItem\":{\"@type\":\"ListItem\",\"@id\":\"https:\\\/\\\/www.eldigitaldeasturias.com\\\/noticias\\\/category\\\/actualidad\\\/#listItem\",\"name\":\"Actualidad\"}}]},{\"@type\":\"Organization\",\"@id\":\"https:\\\/\\\/www.eldigitaldeasturias.com\\\/noticias\\\/#organization\",\"name\":\"El Digital de Asturias\",\"description\":\"Hemeroteca\",\"url\":\"https:\\\/\\\/www.eldigitaldeasturias.com\\\/noticias\\\/\",\"email\":\"info@eldigitaldeasturias.com\",\"telephone\":\"+34652131393\",\"logo\":{\"@type\":\"ImageObject\",\"url\":\"https:\\\/\\\/www.eldigitaldeasturias.com\\\/noticias\\\/wp-content\\\/uploads\\\/2020\\\/12\\\/EDA.jpg\",\"@id\":\"https:\\\/\\\/www.eldigitaldeasturias.com\\\/noticias\\\/adrian-dice-que-un-derbi-es-especial-pero-lo-mas-importante-es-el-domingo\\\/#organizationLogo\"},\"image\":{\"@id\":\"https:\\\/\\\/www.eldigitaldeasturias.com\\\/noticias\\\/adrian-dice-que-un-derbi-es-especial-pero-lo-mas-importante-es-el-domingo\\\/#organizationLogo\"},\"sameAs\":[\"https:\\\/\\\/facebook.com\\\/eldigitaldeasturias\",\"https:\\\/\\\/www.youtube.com\\\/channel\\\/UCZP-2wLEB9Rv6erhFmqVnvg\"],\"address\":{\"@id\":\"https:\\\/\\\/www.eldigitaldeasturias.com\\\/noticias\\\/#postaladdress\",\"@type\":\"PostalAddress\",\"streetAddress\":\"san antonio 4\",\"postalCode\":\"33430\",\"addressLocality\":\"Cand\\u00e1s\",\"addressRegion\":\"Asturias\",\"addressCountry\":\"ES\"}},{\"@type\":\"Person\",\"@id\":\"https:\\\/\\\/www.eldigitaldeasturias.com\\\/noticias\\\/author\\\/admin\\\/#author\",\"url\":\"https:\\\/\\\/www.eldigitaldeasturias.com\\\/noticias\\\/author\\\/admin\\\/\",\"name\":\"El Digital de Asturias\",\"image\":{\"@type\":\"ImageObject\",\"@id\":\"https:\\\/\\\/www.eldigitaldeasturias.com\\\/noticias\\\/adrian-dice-que-un-derbi-es-especial-pero-lo-mas-importante-es-el-domingo\\\/#authorImage\",\"url\":\"https:\\\/\\\/secure.gravatar.com\\\/avatar\\\/df2aeffc32bcd13f8d26072ef8a91b623d677766deac7f97ca815868cd41bf5e?s=96&d=mm&r=g\",\"width\":96,\"height\":96,\"caption\":\"El Digital de Asturias\"}},{\"@type\":\"WebPage\",\"@id\":\"https:\\\/\\\/www.eldigitaldeasturias.com\\\/noticias\\\/adrian-dice-que-un-derbi-es-especial-pero-lo-mas-importante-es-el-domingo\\\/#webpage\",\"url\":\"https:\\\/\\\/www.eldigitaldeasturias.com\\\/noticias\\\/adrian-dice-que-un-derbi-es-especial-pero-lo-mas-importante-es-el-domingo\\\/\",\"name\":\"Adri\\u00e1n dice que \\u00abun derbi es especial, pero lo m\\u00e1s importante es el domingo\\u00bb - El Digital de Asturias\",\"description\":\"Majadahonda (Madrid), 31 ene (EFE).- El delantero del Atl\\u00e9tico de Madrid Adri\\u00e1n L\\u00f3pez asegur\\u00f3 hoy en rueda de prensa que, aunque un derbi como el que vivir\\u00e1n en la Copa del Rey contra el Real Madrid es \\\"especial\\\", \\\"lo m\\u00e1s importante\\\" para ellos por el momento es el partido del domingo contra la Real Sociedad.\",\"inLanguage\":\"es-ES\",\"isPartOf\":{\"@id\":\"https:\\\/\\\/www.eldigitaldeasturias.com\\\/noticias\\\/#website\"},\"breadcrumb\":{\"@id\":\"https:\\\/\\\/www.eldigitaldeasturias.com\\\/noticias\\\/adrian-dice-que-un-derbi-es-especial-pero-lo-mas-importante-es-el-domingo\\\/#breadcrumblist\"},\"author\":{\"@id\":\"https:\\\/\\\/www.eldigitaldeasturias.com\\\/noticias\\\/author\\\/admin\\\/#author\"},\"creator\":{\"@id\":\"https:\\\/\\\/www.eldigitaldeasturias.com\\\/noticias\\\/author\\\/admin\\\/#author\"},\"image\":{\"@type\":\"ImageObject\",\"url\":\"https:\\\/\\\/www.eldigitaldeasturias.com\\\/noticias\\\/wp-content\\\/uploads\\\/2026\\\/06\\\/Contenidos.jpg\",\"@id\":\"https:\\\/\\\/www.eldigitaldeasturias.com\\\/noticias\\\/adrian-dice-que-un-derbi-es-especial-pero-lo-mas-importante-es-el-domingo\\\/#mainImage\",\"width\":1265,\"height\":697,\"caption\":\"Contenidos\"},\"primaryImageOfPage\":{\"@id\":\"https:\\\/\\\/www.eldigitaldeasturias.com\\\/noticias\\\/adrian-dice-que-un-derbi-es-especial-pero-lo-mas-importante-es-el-domingo\\\/#mainImage\"},\"datePublished\":\"2014-01-31T17:42:37+01:00\",\"dateModified\":\"2014-01-31T17:42:37+01:00\"},{\"@type\":\"WebSite\",\"@id\":\"https:\\\/\\\/www.eldigitaldeasturias.com\\\/noticias\\\/#website\",\"url\":\"https:\\\/\\\/www.eldigitaldeasturias.com\\\/noticias\\\/\",\"name\":\"El Digital de Asturias - Diario de actualidad y noticias\",\"alternateName\":\"El Digital de Asturias - Diario de actualidad y noticias\",\"description\":\"Hemeroteca\",\"inLanguage\":\"es-ES\",\"publisher\":{\"@id\":\"https:\\\/\\\/www.eldigitaldeasturias.com\\\/noticias\\\/#organization\"}}]}\n\t\t<\/script>\n\t\t<!-- All in One SEO Pro -->\r\n\t\t<title>Adri\u00e1n dice que \u00abun derbi es especial, pero lo m\u00e1s importante es el domingo\u00bb - El Digital de Asturias<\/title>\n\n","aioseo_head_json":{"title":"Adri\u00e1n dice que \u00abun derbi es especial, pero lo m\u00e1s importante es el domingo\u00bb - El Digital de Asturias","description":"Majadahonda (Madrid), 31 ene (EFE).- El delantero del Atl\u00e9tico de Madrid Adri\u00e1n L\u00f3pez asegur\u00f3 hoy en rueda de prensa que, aunque un derbi como el que vivir\u00e1n en la Copa del Rey contra el Real Madrid es \"especial\", \"lo m\u00e1s importante\" para ellos por el momento es el partido del domingo contra la Real Sociedad.","canonical_url":"https:\/\/www.eldigitaldeasturias.com\/noticias\/adrian-dice-que-un-derbi-es-especial-pero-lo-mas-importante-es-el-domingo\/","robots":"max-image-preview:large","keywords":"actualidad","webmasterTools":{"google-site-verification":"UA-38556648-1","msvalidate.01":"7dfe9f3f1b24437ab69f4f2559babe99","miscellaneous":""},"schema":{"@context":"https:\/\/schema.org","@graph":[{"@type":"BlogPosting","@id":"https:\/\/www.eldigitaldeasturias.com\/noticias\/adrian-dice-que-un-derbi-es-especial-pero-lo-mas-importante-es-el-domingo\/#blogposting","name":"Adri\u00e1n dice que \u00abun derbi es especial, pero lo m\u00e1s importante es el domingo\u00bb - El Digital de Asturias","headline":"Adri\u00e1n dice que \u00abun derbi es especial, pero lo m\u00e1s importante es el domingo\u00bb","author":{"@id":"https:\/\/www.eldigitaldeasturias.com\/noticias\/author\/admin\/#author"},"publisher":{"@id":"https:\/\/www.eldigitaldeasturias.com\/noticias\/#organization"},"image":{"@type":"ImageObject","url":"https:\/\/www.eldigitaldeasturias.com\/noticias\/wp-content\/uploads\/2026\/06\/Contenidos.jpg","width":1265,"height":697,"caption":"Contenidos"},"datePublished":"2014-01-31T17:42:37+01:00","dateModified":"2014-01-31T17:42:37+01:00","inLanguage":"es-ES","mainEntityOfPage":{"@id":"https:\/\/www.eldigitaldeasturias.com\/noticias\/adrian-dice-que-un-derbi-es-especial-pero-lo-mas-importante-es-el-domingo\/#webpage"},"isPartOf":{"@id":"https:\/\/www.eldigitaldeasturias.com\/noticias\/adrian-dice-que-un-derbi-es-especial-pero-lo-mas-importante-es-el-domingo\/#webpage"},"articleSection":"Actualidad"},{"@type":"BreadcrumbList","@id":"https:\/\/www.eldigitaldeasturias.com\/noticias\/adrian-dice-que-un-derbi-es-especial-pero-lo-mas-importante-es-el-domingo\/#breadcrumblist","itemListElement":[{"@type":"ListItem","@id":"https:\/\/www.eldigitaldeasturias.com\/noticias#listItem","position":1,"name":"Home","item":"https:\/\/www.eldigitaldeasturias.com\/noticias","nextItem":{"@type":"ListItem","@id":"https:\/\/www.eldigitaldeasturias.com\/noticias\/category\/actualidad\/#listItem","name":"Actualidad"}},{"@type":"ListItem","@id":"https:\/\/www.eldigitaldeasturias.com\/noticias\/category\/actualidad\/#listItem","position":2,"name":"Actualidad","item":"https:\/\/www.eldigitaldeasturias.com\/noticias\/category\/actualidad\/","nextItem":{"@type":"ListItem","@id":"https:\/\/www.eldigitaldeasturias.com\/noticias\/adrian-dice-que-un-derbi-es-especial-pero-lo-mas-importante-es-el-domingo\/#listItem","name":"Adri\u00e1n dice que \u00abun derbi es especial, pero lo m\u00e1s importante es el domingo\u00bb"},"previousItem":{"@type":"ListItem","@id":"https:\/\/www.eldigitaldeasturias.com\/noticias#listItem","name":"Home"}},{"@type":"ListItem","@id":"https:\/\/www.eldigitaldeasturias.com\/noticias\/adrian-dice-que-un-derbi-es-especial-pero-lo-mas-importante-es-el-domingo\/#listItem","position":3,"name":"Adri\u00e1n dice que \u00abun derbi es especial, pero lo m\u00e1s importante es el domingo\u00bb","previousItem":{"@type":"ListItem","@id":"https:\/\/www.eldigitaldeasturias.com\/noticias\/category\/actualidad\/#listItem","name":"Actualidad"}}]},{"@type":"Organization","@id":"https:\/\/www.eldigitaldeasturias.com\/noticias\/#organization","name":"El Digital de Asturias","description":"Hemeroteca","url":"https:\/\/www.eldigitaldeasturias.com\/noticias\/","email":"info@eldigitaldeasturias.com","telephone":"+34652131393","logo":{"@type":"ImageObject","url":"https:\/\/www.eldigitaldeasturias.com\/noticias\/wp-content\/uploads\/2020\/12\/EDA.jpg","@id":"https:\/\/www.eldigitaldeasturias.com\/noticias\/adrian-dice-que-un-derbi-es-especial-pero-lo-mas-importante-es-el-domingo\/#organizationLogo"},"image":{"@id":"https:\/\/www.eldigitaldeasturias.com\/noticias\/adrian-dice-que-un-derbi-es-especial-pero-lo-mas-importante-es-el-domingo\/#organizationLogo"},"sameAs":["https:\/\/facebook.com\/eldigitaldeasturias","https:\/\/www.youtube.com\/channel\/UCZP-2wLEB9Rv6erhFmqVnvg"],"address":{"@id":"https:\/\/www.eldigitaldeasturias.com\/noticias\/#postaladdress","@type":"PostalAddress","streetAddress":"san antonio 4","postalCode":"33430","addressLocality":"Cand\u00e1s","addressRegion":"Asturias","addressCountry":"ES"}},{"@type":"Person","@id":"https:\/\/www.eldigitaldeasturias.com\/noticias\/author\/admin\/#author","url":"https:\/\/www.eldigitaldeasturias.com\/noticias\/author\/admin\/","name":"El Digital de Asturias","image":{"@type":"ImageObject","@id":"https:\/\/www.eldigitaldeasturias.com\/noticias\/adrian-dice-que-un-derbi-es-especial-pero-lo-mas-importante-es-el-domingo\/#authorImage","url":"https:\/\/secure.gravatar.com\/avatar\/df2aeffc32bcd13f8d26072ef8a91b623d677766deac7f97ca815868cd41bf5e?s=96&d=mm&r=g","width":96,"height":96,"caption":"El Digital de Asturias"}},{"@type":"WebPage","@id":"https:\/\/www.eldigitaldeasturias.com\/noticias\/adrian-dice-que-un-derbi-es-especial-pero-lo-mas-importante-es-el-domingo\/#webpage","url":"https:\/\/www.eldigitaldeasturias.com\/noticias\/adrian-dice-que-un-derbi-es-especial-pero-lo-mas-importante-es-el-domingo\/","name":"Adri\u00e1n dice que \u00abun derbi es especial, pero lo m\u00e1s importante es el domingo\u00bb - El Digital de Asturias","description":"Majadahonda (Madrid), 31 ene (EFE).- El delantero del Atl\u00e9tico de Madrid Adri\u00e1n L\u00f3pez asegur\u00f3 hoy en rueda de prensa que, aunque un derbi como el que vivir\u00e1n en la Copa del Rey contra el Real Madrid es \"especial\", \"lo m\u00e1s importante\" para ellos por el momento es el partido del domingo contra la Real Sociedad.","inLanguage":"es-ES","isPartOf":{"@id":"https:\/\/www.eldigitaldeasturias.com\/noticias\/#website"},"breadcrumb":{"@id":"https:\/\/www.eldigitaldeasturias.com\/noticias\/adrian-dice-que-un-derbi-es-especial-pero-lo-mas-importante-es-el-domingo\/#breadcrumblist"},"author":{"@id":"https:\/\/www.eldigitaldeasturias.com\/noticias\/author\/admin\/#author"},"creator":{"@id":"https:\/\/www.eldigitaldeasturias.com\/noticias\/author\/admin\/#author"},"image":{"@type":"ImageObject","url":"https:\/\/www.eldigitaldeasturias.com\/noticias\/wp-content\/uploads\/2026\/06\/Contenidos.jpg","@id":"https:\/\/www.eldigitaldeasturias.com\/noticias\/adrian-dice-que-un-derbi-es-especial-pero-lo-mas-importante-es-el-domingo\/#mainImage","width":1265,"height":697,"caption":"Contenidos"},"primaryImageOfPage":{"@id":"https:\/\/www.eldigitaldeasturias.com\/noticias\/adrian-dice-que-un-derbi-es-especial-pero-lo-mas-importante-es-el-domingo\/#mainImage"},"datePublished":"2014-01-31T17:42:37+01:00","dateModified":"2014-01-31T17:42:37+01:00"},{"@type":"WebSite","@id":"https:\/\/www.eldigitaldeasturias.com\/noticias\/#website","url":"https:\/\/www.eldigitaldeasturias.com\/noticias\/","name":"El Digital de Asturias - Diario de actualidad y noticias","alternateName":"El Digital de Asturias - Diario de actualidad y noticias","description":"Hemeroteca","inLanguage":"es-ES","publisher":{"@id":"https:\/\/www.eldigitaldeasturias.com\/noticias\/#organization"}}]},"og:locale":"es_ES","og:site_name":"El Digital de Asturias","og:type":"article","og:title":"Adri\u00e1n dice que \u00abun derbi es especial, pero lo m\u00e1s importante es el domingo\u00bb - El Digital de Asturias","og:description":"Majadahonda (Madrid), 31 ene (EFE).- El delantero del Atl\u00e9tico de Madrid Adri\u00e1n L\u00f3pez asegur\u00f3 hoy en rueda de prensa que, aunque un derbi como el que vivir\u00e1n en la Copa del Rey contra el Real Madrid es &quot;especial&quot;, &quot;lo m\u00e1s importante&quot; para ellos por el momento es el partido del domingo contra la Real Sociedad.","og:url":"https:\/\/www.eldigitaldeasturias.com\/noticias\/adrian-dice-que-un-derbi-es-especial-pero-lo-mas-importante-es-el-domingo\/","og:image":"https:\/\/www.eldigitaldeasturias.com\/noticias\/wp-content\/uploads\/2026\/06\/Contenidos.jpg","og:image:secure_url":"https:\/\/www.eldigitaldeasturias.com\/noticias\/wp-content\/uploads\/2026\/06\/Contenidos.jpg","og:image:width":1265,"og:image:height":697,"article:tag":["actualidad"],"article:published_time":"2014-01-31T18:42:37+00:00","article:modified_time":"2014-01-31T18:42:37+00:00","article:publisher":"https:\/\/facebook.com\/eldigitaldeasturias","twitter:card":"summary_large_image","twitter:title":"Adri\u00e1n dice que \u00abun derbi es especial, pero lo m\u00e1s importante es el domingo\u00bb - El Digital de Asturias","twitter:description":"Majadahonda (Madrid), 31 ene (EFE).- El delantero del Atl\u00e9tico de Madrid Adri\u00e1n L\u00f3pez asegur\u00f3 hoy en rueda de prensa que, aunque un derbi como el que vivir\u00e1n en la Copa del Rey contra el Real Madrid es &quot;especial&quot;, &quot;lo m\u00e1s importante&quot; para ellos por el momento es el partido del domingo contra la Real Sociedad.","twitter:image":"https:\/\/www.eldigitaldeasturias.com\/noticias\/wp-content\/uploads\/2026\/06\/Contenidos.jpg","twitter:label1":"Escrito por","twitter:data1":"El Digital de Asturias","twitter:label2":"Tiempo de lectura estimado","twitter:data2":"3 minutos"},"aioseo_meta_data":{"post_id":"481187","title":null,"description":null,"keywords":null,"keyphrases":null,"primary_term":null,"canonical_url":null,"og_title":null,"og_description":null,"og_object_type":"default","og_image_type":"default","og_image_url":null,"og_image_width":null,"og_image_height":null,"og_image_custom_url":null,"og_image_custom_fields":null,"og_video":null,"og_custom_url":null,"og_article_section":null,"og_article_tags":null,"twitter_use_og":true,"twitter_card":"default","twitter_image_type":"default","twitter_image_url":null,"twitter_image_custom_url":null,"twitter_image_custom_fields":null,"twitter_title":null,"twitter_description":null,"schema":{"blockGraphs":[],"customGraphs":[],"default":{"data":{"Article":[],"Course":[],"Dataset":[],"FAQPage":[],"Movie":[],"Person":[],"Product":[],"ProductReview":[],"Car":[],"Recipe":[],"Service":[],"SoftwareApplication":[],"WebPage":[]},"graphName":"","isEnabled":true},"graphs":[],"defaultGraph":"","defaultPostTypeGraph":""},"schema_type":null,"schema_type_options":null,"pillar_content":false,"robots_default":true,"robots_noindex":false,"robots_noarchive":false,"robots_nosnippet":false,"robots_nofollow":false,"robots_noimageindex":false,"robots_noodp":false,"robots_notranslate":false,"robots_max_snippet":null,"robots_max_videopreview":null,"robots_max_imagepreview":"none","priority":null,"frequency":null,"local_seo":null,"seo_analyzer_scan_date":"2026-06-02 06:02:54","breadcrumb_settings":null,"limit_modified_date":false,"open_ai":null,"ai":null,"created":"2020-11-14 22:54:17","updated":"2026-06-02 06:02:54","focus_keyword":null,"additional_keywords":null,"truseo_locale":null},"aioseo_breadcrumb":"<div class=\"aioseo-breadcrumbs\"><span class=\"aioseo-breadcrumb\">\n\t<a href=\"https:\/\/www.eldigitaldeasturias.com\/noticias\" title=\"Home\">Home<\/a>\n<\/span><span class=\"aioseo-breadcrumb-separator\">\u2013<\/span><span class=\"aioseo-breadcrumb\">\n\t<a href=\"https:\/\/www.eldigitaldeasturias.com\/noticias\/category\/actualidad\/\" title=\"Actualidad\">Actualidad<\/a>\n<\/span><span class=\"aioseo-breadcrumb-separator\">\u2013<\/span><span class=\"aioseo-breadcrumb\">\n\t<a href=\"https:\/\/www.eldigitaldeasturias.com\/noticias\/adrian-dice-que-un-derbi-es-especial-pero-lo-mas-importante-es-el-domingo\/\" title=\"Adri\u00e1n dice que \u00abun derbi es especial, pero lo m\u00e1s importante es el domingo\u00bb\">Adri\u00e1n dice que \u00abun derbi es especial, pero lo m\u00e1s importante es el domingo\u00bb<\/a>\n<\/span><\/div>","aioseo_breadcrumb_json":[{"label":"Home","link":"https:\/\/www.eldigitaldeasturias.com\/noticias"},{"label":"Actualidad","link":"https:\/\/www.eldigitaldeasturias.com\/noticias\/category\/actualidad\/"},{"label":"Adri\u00e1n dice que \u00abun derbi es especial, pero lo m\u00e1s importante es el domingo\u00bb","link":"https:\/\/www.eldigitaldeasturias.com\/noticias\/adrian-dice-que-un-derbi-es-especial-pero-lo-mas-importante-es-el-domingo\/"}],"_links":{"self":[{"href":"https:\/\/www.eldigitaldeasturias.com\/noticias\/wp-json\/wp\/v2\/posts\/481187","targetHints":{"allow":["GET"]}}],"collection":[{"href":"https:\/\/www.eldigitaldeasturias.com\/noticias\/wp-json\/wp\/v2\/posts"}],"about":[{"href":"https:\/\/www.eldigitaldeasturias.com\/noticias\/wp-json\/wp\/v2\/types\/post"}],"author":[{"embeddable":true,"href":"https:\/\/www.eldigitaldeasturias.com\/noticias\/wp-json\/wp\/v2\/users\/1"}],"replies":[{"embeddable":true,"href":"https:\/\/www.eldigitaldeasturias.com\/noticias\/wp-json\/wp\/v2\/comments?post=481187"}],"version-history":[{"count":0,"href":"https:\/\/www.eldigitaldeasturias.com\/noticias\/wp-json\/wp\/v2\/posts\/481187\/revisions"}],"wp:featuredmedia":[{"embeddable":true,"href":"https:\/\/www.eldigitaldeasturias.com\/noticias\/wp-json\/wp\/v2\/media\/1132184"}],"wp:attachment":[{"href":"https:\/\/www.eldigitaldeasturias.com\/noticias\/wp-json\/wp\/v2\/media?parent=481187"}],"wp:term":[{"taxonomy":"category","embeddable":true,"href":"https:\/\/www.eldigitaldeasturias.com\/noticias\/wp-json\/wp\/v2\/categories?post=481187"},{"taxonomy":"post_tag","embeddable":true,"href":"https:\/\/www.eldigitaldeasturias.com\/noticias\/wp-json\/wp\/v2\/tags?post=481187"}],"curies":[{"name":"wp","href":"https:\/\/api.w.org\/{rel}","templated":true}]}}