{"id":481181,"date":"2014-01-31T17:40:49","date_gmt":"2014-01-31T18:40:49","guid":{"rendered":"http:\/\/www.eldigitaldeasturias.com\/noticias\/?p=481181"},"modified":"2014-01-31T17:40:49","modified_gmt":"2014-01-31T18:40:49","slug":"duran-advierte-de-un-choque-de-trenes-en-el-que-el-fuerte-es-el-estado","status":"publish","type":"post","link":"https:\/\/www.eldigitaldeasturias.com\/noticias\/duran-advierte-de-un-choque-de-trenes-en-el-que-el-fuerte-es-el-estado\/","title":{"rendered":"Duran advierte de un \u00abchoque de trenes\u00bb en el que el fuerte es el Estado"},"content":{"rendered":"<p><img loading=\"lazy\" decoding=\"async\" class=\"alignleft size-medium wp-image-481182\" alt=\"5895609w\" src=\"https:\/\/www.eldigitaldeasturias.com\/noticias\/wp-content\/uploads\/2014\/01\/5895609w-213x320.jpg\" width=\"213\" height=\"320\" \/>Barcelona, 31 ene (EFE).- El l\u00edder de Uni\u00f3, Josep Antoni Duran Lleida, ha advertido hoy de que, en el debate soberanista, \u00abvamos directamente a un choque de trenes\u00bb y que en la colisi\u00f3n el m\u00e1s fuerte es el Estado, aunque los perjudicados ser\u00e1n tanto Catalu\u00f1a como Espa\u00f1a.<\/p>\n<p>En su carta semanal a la militancia, Duran ha replicado a los dirigentes del PP, entre ellas a la l\u00edder del PPC, Alicia S\u00e1nchez-Camacho, que \u00abamenazan\u00bb con el art\u00edculo 155 de la Constituci\u00f3n -la supresi\u00f3n de la autonom\u00eda- que esta medida \u00abno har\u00eda otra cosa que acabar de complicarlo todo\u00bb.<\/p>\n<p>Adem\u00e1s, el secretario general de CiU ha recordado que la Generalitat fue restaurada en la Transici\u00f3n antes de que se aprobara la Constituci\u00f3n.<\/p>\n<p>El democristiano ha afirmado que ve \u00abpreocupados\u00bb al PP y al PSOE ante la situaci\u00f3n en Catalu\u00f1a: \u00abLo entiendo. Yo tambi\u00e9n, aunque a partir de diagn\u00f3sticos diferentes. Creo que vamos directamente al choque de trenes. Y ya he dicho en m\u00e1s de una ocasi\u00f3n que aunque el tren m\u00e1s potente es el del Estado -que sobre todo es \u00e9l que se siente as\u00ed-, del choque saldremos todos mal. \u00bfCatalu\u00f1a? S\u00ed, pero tambi\u00e9n Espa\u00f1a en su conjunto\u00bb, ha apostillado.<\/p>\n<p>Duran tambi\u00e9n se ha referido a su relevo al frente de la presidencia catalana de la comisi\u00f3n bilateral Estado-Generalitat, que ha asumido la vicepresidenta del Govern y dirigente de Uni\u00f3, Joana Ortega.<\/p>\n<p>Sobre este punto, el democristiano ha recordado que acord\u00f3 con el presidente de la Generalitat, Artur Mas, asumir la presidencia de la bilateral y seguir al frente de CiU en el Congreso y en cambio no se implic\u00f3 en el gobierno catal\u00e1n, en el que, sin embargo, asumi\u00f3 al inicio un \u00abrol como asesor en todo lo que ten\u00eda que ver con la acci\u00f3n exterior\u00bb.<\/p>\n<p>Pero \u00abel tiempo y el cambio de personas\u00bb han \u00abdiluido hasta dejarla en nada\u00bb esta responsabilidad de asesor en exteriores: \u00abNo tengo nada que ver con las decisiones que ahora se toman en este terreno\u00bb, ha remachado.<\/p>\n<p>Para Duran, \u00abel clima pol\u00edtico y la actitud del PP de no desarrollar el Estatuto y de no entrar a fondo en cuestiones bilaterales pendientes aconsejaban un cambio en los responsables de la relaci\u00f3n bilateral con el Estado\u00bb y que la nueva presidencia de la Comisi\u00f3n Estado-Generalitat recayera en un miembro del gobierno catal\u00e1n.<\/p>\n<p>\u00abSe acaba una etapa de la cual ciertamente no me siento orgulloso. Hab\u00eda sido presidente de la parte catalana -de la Comisi\u00f3n Bilateral- en otras \u00e9pocas y el balance hab\u00eda sido m\u00e1s satisfactorio que ahora, tanto con gobiernos del PP como del PSOE\u00bb, ha valorado.<\/p>\n","protected":false},"excerpt":{"rendered":"<p>Barcelona, 31 ene (EFE).- El l\u00edder de Uni\u00f3, Josep Antoni Duran Lleida, ha advertido hoy de que, en el debate soberanista, \u00abvamos directamente a un choque de trenes\u00bb y que en la colisi\u00f3n el m\u00e1s fuerte es el Estado, aunque los perjudicados ser\u00e1n tanto Catalu\u00f1a como Espa\u00f1a. En su carta semanal a la militancia, Duran [&hellip;]<\/p>\n","protected":false},"author":1,"featured_media":1132184,"comment_status":"closed","ping_status":"open","sticky":false,"template":"","format":"standard","meta":{"footnotes":""},"categories":[1],"tags":[],"class_list":["post-481181","post","type-post","status-publish","format-standard","has-post-thumbnail","hentry","category-actualidad"],"aioseo_notices":[],"aioseo_head":"\n\t\t<!-- All in One SEO Pro 5.0.1 - aioseo.com -->\n\t<meta name=\"description\" content=\"Barcelona, 31 ene (EFE).- El l\u00edder de Uni\u00f3, Josep Antoni Duran Lleida, ha advertido hoy de que, en el debate soberanista, &quot;vamos directamente a un choque de trenes&quot; y que en la colisi\u00f3n el m\u00e1s fuerte es el Estado, aunque los perjudicados ser\u00e1n tanto Catalu\u00f1a como Espa\u00f1a. En su carta semanal a la militancia, Duran\" \/>\n\t<meta name=\"robots\" content=\"max-image-preview:large\" \/>\n\t<meta name=\"author\" content=\"El Digital de Asturias\"\/>\n\t<meta name=\"google-site-verification\" content=\"UA-38556648-1\" \/>\n\t<meta name=\"msvalidate.01\" content=\"7dfe9f3f1b24437ab69f4f2559babe99\" \/>\n\t<meta name=\"keywords\" content=\"actualidad\" \/>\n\t<link rel=\"canonical\" href=\"https:\/\/www.eldigitaldeasturias.com\/noticias\/duran-advierte-de-un-choque-de-trenes-en-el-que-el-fuerte-es-el-estado\/\" \/>\n\t<meta name=\"generator\" content=\"All in One SEO Pro (AIOSEO) 5.0.1\" \/>\n\t\t<meta property=\"og:locale\" content=\"es_ES\" \/>\n\t\t<meta property=\"og:site_name\" content=\"El Digital de Asturias\" \/>\n\t\t<meta property=\"og:type\" content=\"article\" \/>\n\t\t<meta property=\"og:title\" content=\"Duran advierte de un \u00abchoque de trenes\u00bb en el que el fuerte es el Estado - El Digital de Asturias\" \/>\n\t\t<meta property=\"og:description\" content=\"Barcelona, 31 ene (EFE).- El l\u00edder de Uni\u00f3, Josep Antoni Duran Lleida, ha advertido hoy de que, en el debate soberanista, &quot;vamos directamente a un choque de trenes&quot; y que en la colisi\u00f3n el m\u00e1s fuerte es el Estado, aunque los perjudicados ser\u00e1n tanto Catalu\u00f1a como Espa\u00f1a. En su carta semanal a la militancia, Duran\" \/>\n\t\t<meta property=\"og:url\" content=\"https:\/\/www.eldigitaldeasturias.com\/noticias\/duran-advierte-de-un-choque-de-trenes-en-el-que-el-fuerte-es-el-estado\/\" \/>\n\t\t<meta property=\"og:image\" content=\"https:\/\/www.eldigitaldeasturias.com\/noticias\/wp-content\/uploads\/2026\/06\/Contenidos.jpg\" \/>\n\t\t<meta property=\"og:image:secure_url\" content=\"https:\/\/www.eldigitaldeasturias.com\/noticias\/wp-content\/uploads\/2026\/06\/Contenidos.jpg\" \/>\n\t\t<meta property=\"og:image:width\" content=\"1265\" \/>\n\t\t<meta property=\"og:image:height\" content=\"697\" \/>\n\t\t<meta property=\"article:tag\" content=\"actualidad\" \/>\n\t\t<meta property=\"article:published_time\" content=\"2014-01-31T18:40:49+00:00\" \/>\n\t\t<meta property=\"article:modified_time\" content=\"2014-01-31T18:40:49+00:00\" \/>\n\t\t<meta property=\"article:publisher\" content=\"https:\/\/facebook.com\/eldigitaldeasturias\" \/>\n\t\t<meta name=\"twitter:card\" content=\"summary_large_image\" \/>\n\t\t<meta name=\"twitter:title\" content=\"Duran advierte de un \u00abchoque de trenes\u00bb en el que el fuerte es el Estado - El Digital de Asturias\" \/>\n\t\t<meta name=\"twitter:description\" content=\"Barcelona, 31 ene (EFE).- El l\u00edder de Uni\u00f3, Josep Antoni Duran Lleida, ha advertido hoy de que, en el debate soberanista, &quot;vamos directamente a un choque de trenes&quot; y que en la colisi\u00f3n el m\u00e1s fuerte es el Estado, aunque los perjudicados ser\u00e1n tanto Catalu\u00f1a como Espa\u00f1a. En su carta semanal a la militancia, Duran\" \/>\n\t\t<meta name=\"twitter:image\" content=\"https:\/\/www.eldigitaldeasturias.com\/noticias\/wp-content\/uploads\/2026\/06\/Contenidos.jpg\" \/>\n\t\t<meta name=\"twitter:label1\" content=\"Escrito por\" \/>\n\t\t<meta name=\"twitter:data1\" content=\"El Digital de Asturias\" \/>\n\t\t<meta name=\"twitter:label2\" content=\"Tiempo de lectura estimado\" \/>\n\t\t<meta name=\"twitter:data2\" content=\"2 minutos\" \/>\n\t\t<script type=\"application\/ld+json\" class=\"aioseo-schema\">\n\t\t\t{\"@context\":\"https:\\\/\\\/schema.org\",\"@graph\":[{\"@type\":\"BlogPosting\",\"@id\":\"https:\\\/\\\/www.eldigitaldeasturias.com\\\/noticias\\\/duran-advierte-de-un-choque-de-trenes-en-el-que-el-fuerte-es-el-estado\\\/#blogposting\",\"name\":\"Duran advierte de un \\u00abchoque de trenes\\u00bb en el que el fuerte es el Estado - El Digital de Asturias\",\"headline\":\"Duran advierte de un \\u00abchoque de trenes\\u00bb en el que el fuerte es el Estado\",\"author\":{\"@id\":\"https:\\\/\\\/www.eldigitaldeasturias.com\\\/noticias\\\/author\\\/admin\\\/#author\"},\"publisher\":{\"@id\":\"https:\\\/\\\/www.eldigitaldeasturias.com\\\/noticias\\\/#organization\"},\"image\":{\"@type\":\"ImageObject\",\"url\":\"https:\\\/\\\/www.eldigitaldeasturias.com\\\/noticias\\\/wp-content\\\/uploads\\\/2026\\\/06\\\/Contenidos.jpg\",\"width\":1265,\"height\":697,\"caption\":\"Contenidos\"},\"datePublished\":\"2014-01-31T17:40:49+01:00\",\"dateModified\":\"2014-01-31T17:40:49+01:00\",\"inLanguage\":\"es-ES\",\"mainEntityOfPage\":{\"@id\":\"https:\\\/\\\/www.eldigitaldeasturias.com\\\/noticias\\\/duran-advierte-de-un-choque-de-trenes-en-el-que-el-fuerte-es-el-estado\\\/#webpage\"},\"isPartOf\":{\"@id\":\"https:\\\/\\\/www.eldigitaldeasturias.com\\\/noticias\\\/duran-advierte-de-un-choque-de-trenes-en-el-que-el-fuerte-es-el-estado\\\/#webpage\"},\"articleSection\":\"Actualidad\"},{\"@type\":\"BreadcrumbList\",\"@id\":\"https:\\\/\\\/www.eldigitaldeasturias.com\\\/noticias\\\/duran-advierte-de-un-choque-de-trenes-en-el-que-el-fuerte-es-el-estado\\\/#breadcrumblist\",\"itemListElement\":[{\"@type\":\"ListItem\",\"@id\":\"https:\\\/\\\/www.eldigitaldeasturias.com\\\/noticias#listItem\",\"position\":1,\"name\":\"Home\",\"item\":\"https:\\\/\\\/www.eldigitaldeasturias.com\\\/noticias\",\"nextItem\":{\"@type\":\"ListItem\",\"@id\":\"https:\\\/\\\/www.eldigitaldeasturias.com\\\/noticias\\\/category\\\/actualidad\\\/#listItem\",\"name\":\"Actualidad\"}},{\"@type\":\"ListItem\",\"@id\":\"https:\\\/\\\/www.eldigitaldeasturias.com\\\/noticias\\\/category\\\/actualidad\\\/#listItem\",\"position\":2,\"name\":\"Actualidad\",\"item\":\"https:\\\/\\\/www.eldigitaldeasturias.com\\\/noticias\\\/category\\\/actualidad\\\/\",\"nextItem\":{\"@type\":\"ListItem\",\"@id\":\"https:\\\/\\\/www.eldigitaldeasturias.com\\\/noticias\\\/duran-advierte-de-un-choque-de-trenes-en-el-que-el-fuerte-es-el-estado\\\/#listItem\",\"name\":\"Duran advierte de un \\u00abchoque de trenes\\u00bb en el que el fuerte es el Estado\"},\"previousItem\":{\"@type\":\"ListItem\",\"@id\":\"https:\\\/\\\/www.eldigitaldeasturias.com\\\/noticias#listItem\",\"name\":\"Home\"}},{\"@type\":\"ListItem\",\"@id\":\"https:\\\/\\\/www.eldigitaldeasturias.com\\\/noticias\\\/duran-advierte-de-un-choque-de-trenes-en-el-que-el-fuerte-es-el-estado\\\/#listItem\",\"position\":3,\"name\":\"Duran advierte de un \\u00abchoque de trenes\\u00bb en el que el fuerte es el Estado\",\"previousItem\":{\"@type\":\"ListItem\",\"@id\":\"https:\\\/\\\/www.eldigitaldeasturias.com\\\/noticias\\\/category\\\/actualidad\\\/#listItem\",\"name\":\"Actualidad\"}}]},{\"@type\":\"Organization\",\"@id\":\"https:\\\/\\\/www.eldigitaldeasturias.com\\\/noticias\\\/#organization\",\"name\":\"El Digital de Asturias\",\"description\":\"Hemeroteca\",\"url\":\"https:\\\/\\\/www.eldigitaldeasturias.com\\\/noticias\\\/\",\"email\":\"info@eldigitaldeasturias.com\",\"telephone\":\"+34652131393\",\"logo\":{\"@type\":\"ImageObject\",\"url\":\"https:\\\/\\\/www.eldigitaldeasturias.com\\\/noticias\\\/wp-content\\\/uploads\\\/2020\\\/12\\\/EDA.jpg\",\"@id\":\"https:\\\/\\\/www.eldigitaldeasturias.com\\\/noticias\\\/duran-advierte-de-un-choque-de-trenes-en-el-que-el-fuerte-es-el-estado\\\/#organizationLogo\"},\"image\":{\"@id\":\"https:\\\/\\\/www.eldigitaldeasturias.com\\\/noticias\\\/duran-advierte-de-un-choque-de-trenes-en-el-que-el-fuerte-es-el-estado\\\/#organizationLogo\"},\"sameAs\":[\"https:\\\/\\\/facebook.com\\\/eldigitaldeasturias\",\"https:\\\/\\\/www.youtube.com\\\/channel\\\/UCZP-2wLEB9Rv6erhFmqVnvg\"],\"address\":{\"@id\":\"https:\\\/\\\/www.eldigitaldeasturias.com\\\/noticias\\\/#postaladdress\",\"@type\":\"PostalAddress\",\"streetAddress\":\"san antonio 4\",\"postalCode\":\"33430\",\"addressLocality\":\"Cand\\u00e1s\",\"addressRegion\":\"Asturias\",\"addressCountry\":\"ES\"}},{\"@type\":\"Person\",\"@id\":\"https:\\\/\\\/www.eldigitaldeasturias.com\\\/noticias\\\/author\\\/admin\\\/#author\",\"url\":\"https:\\\/\\\/www.eldigitaldeasturias.com\\\/noticias\\\/author\\\/admin\\\/\",\"name\":\"El Digital de Asturias\",\"image\":{\"@type\":\"ImageObject\",\"@id\":\"https:\\\/\\\/www.eldigitaldeasturias.com\\\/noticias\\\/duran-advierte-de-un-choque-de-trenes-en-el-que-el-fuerte-es-el-estado\\\/#authorImage\",\"url\":\"https:\\\/\\\/secure.gravatar.com\\\/avatar\\\/df2aeffc32bcd13f8d26072ef8a91b623d677766deac7f97ca815868cd41bf5e?s=96&d=mm&r=g\",\"width\":96,\"height\":96,\"caption\":\"El Digital de Asturias\"}},{\"@type\":\"WebPage\",\"@id\":\"https:\\\/\\\/www.eldigitaldeasturias.com\\\/noticias\\\/duran-advierte-de-un-choque-de-trenes-en-el-que-el-fuerte-es-el-estado\\\/#webpage\",\"url\":\"https:\\\/\\\/www.eldigitaldeasturias.com\\\/noticias\\\/duran-advierte-de-un-choque-de-trenes-en-el-que-el-fuerte-es-el-estado\\\/\",\"name\":\"Duran advierte de un \\u00abchoque de trenes\\u00bb en el que el fuerte es el Estado - El Digital de Asturias\",\"description\":\"Barcelona, 31 ene (EFE).- El l\\u00edder de Uni\\u00f3, Josep Antoni Duran Lleida, ha advertido hoy de que, en el debate soberanista, \\\"vamos directamente a un choque de trenes\\\" y que en la colisi\\u00f3n el m\\u00e1s fuerte es el Estado, aunque los perjudicados ser\\u00e1n tanto Catalu\\u00f1a como Espa\\u00f1a. En su carta semanal a la militancia, Duran\",\"inLanguage\":\"es-ES\",\"isPartOf\":{\"@id\":\"https:\\\/\\\/www.eldigitaldeasturias.com\\\/noticias\\\/#website\"},\"breadcrumb\":{\"@id\":\"https:\\\/\\\/www.eldigitaldeasturias.com\\\/noticias\\\/duran-advierte-de-un-choque-de-trenes-en-el-que-el-fuerte-es-el-estado\\\/#breadcrumblist\"},\"author\":{\"@id\":\"https:\\\/\\\/www.eldigitaldeasturias.com\\\/noticias\\\/author\\\/admin\\\/#author\"},\"creator\":{\"@id\":\"https:\\\/\\\/www.eldigitaldeasturias.com\\\/noticias\\\/author\\\/admin\\\/#author\"},\"image\":{\"@type\":\"ImageObject\",\"url\":\"https:\\\/\\\/www.eldigitaldeasturias.com\\\/noticias\\\/wp-content\\\/uploads\\\/2026\\\/06\\\/Contenidos.jpg\",\"@id\":\"https:\\\/\\\/www.eldigitaldeasturias.com\\\/noticias\\\/duran-advierte-de-un-choque-de-trenes-en-el-que-el-fuerte-es-el-estado\\\/#mainImage\",\"width\":1265,\"height\":697,\"caption\":\"Contenidos\"},\"primaryImageOfPage\":{\"@id\":\"https:\\\/\\\/www.eldigitaldeasturias.com\\\/noticias\\\/duran-advierte-de-un-choque-de-trenes-en-el-que-el-fuerte-es-el-estado\\\/#mainImage\"},\"datePublished\":\"2014-01-31T17:40:49+01:00\",\"dateModified\":\"2014-01-31T17:40:49+01:00\"},{\"@type\":\"WebSite\",\"@id\":\"https:\\\/\\\/www.eldigitaldeasturias.com\\\/noticias\\\/#website\",\"url\":\"https:\\\/\\\/www.eldigitaldeasturias.com\\\/noticias\\\/\",\"name\":\"El Digital de Asturias - Diario de actualidad y noticias\",\"alternateName\":\"El Digital de Asturias - Diario de actualidad y noticias\",\"description\":\"Hemeroteca\",\"inLanguage\":\"es-ES\",\"publisher\":{\"@id\":\"https:\\\/\\\/www.eldigitaldeasturias.com\\\/noticias\\\/#organization\"}}]}\n\t\t<\/script>\n\t\t<!-- All in One SEO Pro -->\r\n\t\t<title>Duran advierte de un \u00abchoque de trenes\u00bb en el que el fuerte es el Estado - El Digital de Asturias<\/title>\n\n","aioseo_head_json":{"title":"Duran advierte de un \u00abchoque de trenes\u00bb en el que el fuerte es el Estado - El Digital de Asturias","description":"Barcelona, 31 ene (EFE).- El l\u00edder de Uni\u00f3, Josep Antoni Duran Lleida, ha advertido hoy de que, en el debate soberanista, \"vamos directamente a un choque de trenes\" y que en la colisi\u00f3n el m\u00e1s fuerte es el Estado, aunque los perjudicados ser\u00e1n tanto Catalu\u00f1a como Espa\u00f1a. En su carta semanal a la militancia, Duran","canonical_url":"https:\/\/www.eldigitaldeasturias.com\/noticias\/duran-advierte-de-un-choque-de-trenes-en-el-que-el-fuerte-es-el-estado\/","robots":"max-image-preview:large","keywords":"actualidad","webmasterTools":{"google-site-verification":"UA-38556648-1","msvalidate.01":"7dfe9f3f1b24437ab69f4f2559babe99","miscellaneous":""},"schema":{"@context":"https:\/\/schema.org","@graph":[{"@type":"BlogPosting","@id":"https:\/\/www.eldigitaldeasturias.com\/noticias\/duran-advierte-de-un-choque-de-trenes-en-el-que-el-fuerte-es-el-estado\/#blogposting","name":"Duran advierte de un \u00abchoque de trenes\u00bb en el que el fuerte es el Estado - El Digital de Asturias","headline":"Duran advierte de un \u00abchoque de trenes\u00bb en el que el fuerte es el Estado","author":{"@id":"https:\/\/www.eldigitaldeasturias.com\/noticias\/author\/admin\/#author"},"publisher":{"@id":"https:\/\/www.eldigitaldeasturias.com\/noticias\/#organization"},"image":{"@type":"ImageObject","url":"https:\/\/www.eldigitaldeasturias.com\/noticias\/wp-content\/uploads\/2026\/06\/Contenidos.jpg","width":1265,"height":697,"caption":"Contenidos"},"datePublished":"2014-01-31T17:40:49+01:00","dateModified":"2014-01-31T17:40:49+01:00","inLanguage":"es-ES","mainEntityOfPage":{"@id":"https:\/\/www.eldigitaldeasturias.com\/noticias\/duran-advierte-de-un-choque-de-trenes-en-el-que-el-fuerte-es-el-estado\/#webpage"},"isPartOf":{"@id":"https:\/\/www.eldigitaldeasturias.com\/noticias\/duran-advierte-de-un-choque-de-trenes-en-el-que-el-fuerte-es-el-estado\/#webpage"},"articleSection":"Actualidad"},{"@type":"BreadcrumbList","@id":"https:\/\/www.eldigitaldeasturias.com\/noticias\/duran-advierte-de-un-choque-de-trenes-en-el-que-el-fuerte-es-el-estado\/#breadcrumblist","itemListElement":[{"@type":"ListItem","@id":"https:\/\/www.eldigitaldeasturias.com\/noticias#listItem","position":1,"name":"Home","item":"https:\/\/www.eldigitaldeasturias.com\/noticias","nextItem":{"@type":"ListItem","@id":"https:\/\/www.eldigitaldeasturias.com\/noticias\/category\/actualidad\/#listItem","name":"Actualidad"}},{"@type":"ListItem","@id":"https:\/\/www.eldigitaldeasturias.com\/noticias\/category\/actualidad\/#listItem","position":2,"name":"Actualidad","item":"https:\/\/www.eldigitaldeasturias.com\/noticias\/category\/actualidad\/","nextItem":{"@type":"ListItem","@id":"https:\/\/www.eldigitaldeasturias.com\/noticias\/duran-advierte-de-un-choque-de-trenes-en-el-que-el-fuerte-es-el-estado\/#listItem","name":"Duran advierte de un \u00abchoque de trenes\u00bb en el que el fuerte es el Estado"},"previousItem":{"@type":"ListItem","@id":"https:\/\/www.eldigitaldeasturias.com\/noticias#listItem","name":"Home"}},{"@type":"ListItem","@id":"https:\/\/www.eldigitaldeasturias.com\/noticias\/duran-advierte-de-un-choque-de-trenes-en-el-que-el-fuerte-es-el-estado\/#listItem","position":3,"name":"Duran advierte de un \u00abchoque de trenes\u00bb en el que el fuerte es el Estado","previousItem":{"@type":"ListItem","@id":"https:\/\/www.eldigitaldeasturias.com\/noticias\/category\/actualidad\/#listItem","name":"Actualidad"}}]},{"@type":"Organization","@id":"https:\/\/www.eldigitaldeasturias.com\/noticias\/#organization","name":"El Digital de Asturias","description":"Hemeroteca","url":"https:\/\/www.eldigitaldeasturias.com\/noticias\/","email":"info@eldigitaldeasturias.com","telephone":"+34652131393","logo":{"@type":"ImageObject","url":"https:\/\/www.eldigitaldeasturias.com\/noticias\/wp-content\/uploads\/2020\/12\/EDA.jpg","@id":"https:\/\/www.eldigitaldeasturias.com\/noticias\/duran-advierte-de-un-choque-de-trenes-en-el-que-el-fuerte-es-el-estado\/#organizationLogo"},"image":{"@id":"https:\/\/www.eldigitaldeasturias.com\/noticias\/duran-advierte-de-un-choque-de-trenes-en-el-que-el-fuerte-es-el-estado\/#organizationLogo"},"sameAs":["https:\/\/facebook.com\/eldigitaldeasturias","https:\/\/www.youtube.com\/channel\/UCZP-2wLEB9Rv6erhFmqVnvg"],"address":{"@id":"https:\/\/www.eldigitaldeasturias.com\/noticias\/#postaladdress","@type":"PostalAddress","streetAddress":"san antonio 4","postalCode":"33430","addressLocality":"Cand\u00e1s","addressRegion":"Asturias","addressCountry":"ES"}},{"@type":"Person","@id":"https:\/\/www.eldigitaldeasturias.com\/noticias\/author\/admin\/#author","url":"https:\/\/www.eldigitaldeasturias.com\/noticias\/author\/admin\/","name":"El Digital de Asturias","image":{"@type":"ImageObject","@id":"https:\/\/www.eldigitaldeasturias.com\/noticias\/duran-advierte-de-un-choque-de-trenes-en-el-que-el-fuerte-es-el-estado\/#authorImage","url":"https:\/\/secure.gravatar.com\/avatar\/df2aeffc32bcd13f8d26072ef8a91b623d677766deac7f97ca815868cd41bf5e?s=96&d=mm&r=g","width":96,"height":96,"caption":"El Digital de Asturias"}},{"@type":"WebPage","@id":"https:\/\/www.eldigitaldeasturias.com\/noticias\/duran-advierte-de-un-choque-de-trenes-en-el-que-el-fuerte-es-el-estado\/#webpage","url":"https:\/\/www.eldigitaldeasturias.com\/noticias\/duran-advierte-de-un-choque-de-trenes-en-el-que-el-fuerte-es-el-estado\/","name":"Duran advierte de un \u00abchoque de trenes\u00bb en el que el fuerte es el Estado - El Digital de Asturias","description":"Barcelona, 31 ene (EFE).- El l\u00edder de Uni\u00f3, Josep Antoni Duran Lleida, ha advertido hoy de que, en el debate soberanista, \"vamos directamente a un choque de trenes\" y que en la colisi\u00f3n el m\u00e1s fuerte es el Estado, aunque los perjudicados ser\u00e1n tanto Catalu\u00f1a como Espa\u00f1a. En su carta semanal a la militancia, Duran","inLanguage":"es-ES","isPartOf":{"@id":"https:\/\/www.eldigitaldeasturias.com\/noticias\/#website"},"breadcrumb":{"@id":"https:\/\/www.eldigitaldeasturias.com\/noticias\/duran-advierte-de-un-choque-de-trenes-en-el-que-el-fuerte-es-el-estado\/#breadcrumblist"},"author":{"@id":"https:\/\/www.eldigitaldeasturias.com\/noticias\/author\/admin\/#author"},"creator":{"@id":"https:\/\/www.eldigitaldeasturias.com\/noticias\/author\/admin\/#author"},"image":{"@type":"ImageObject","url":"https:\/\/www.eldigitaldeasturias.com\/noticias\/wp-content\/uploads\/2026\/06\/Contenidos.jpg","@id":"https:\/\/www.eldigitaldeasturias.com\/noticias\/duran-advierte-de-un-choque-de-trenes-en-el-que-el-fuerte-es-el-estado\/#mainImage","width":1265,"height":697,"caption":"Contenidos"},"primaryImageOfPage":{"@id":"https:\/\/www.eldigitaldeasturias.com\/noticias\/duran-advierte-de-un-choque-de-trenes-en-el-que-el-fuerte-es-el-estado\/#mainImage"},"datePublished":"2014-01-31T17:40:49+01:00","dateModified":"2014-01-31T17:40:49+01:00"},{"@type":"WebSite","@id":"https:\/\/www.eldigitaldeasturias.com\/noticias\/#website","url":"https:\/\/www.eldigitaldeasturias.com\/noticias\/","name":"El Digital de Asturias - Diario de actualidad y noticias","alternateName":"El Digital de Asturias - Diario de actualidad y noticias","description":"Hemeroteca","inLanguage":"es-ES","publisher":{"@id":"https:\/\/www.eldigitaldeasturias.com\/noticias\/#organization"}}]},"og:locale":"es_ES","og:site_name":"El Digital de Asturias","og:type":"article","og:title":"Duran advierte de un \u00abchoque de trenes\u00bb en el que el fuerte es el Estado - El Digital de Asturias","og:description":"Barcelona, 31 ene (EFE).- El l\u00edder de Uni\u00f3, Josep Antoni Duran Lleida, ha advertido hoy de que, en el debate soberanista, &quot;vamos directamente a un choque de trenes&quot; y que en la colisi\u00f3n el m\u00e1s fuerte es el Estado, aunque los perjudicados ser\u00e1n tanto Catalu\u00f1a como Espa\u00f1a. En su carta semanal a la militancia, Duran","og:url":"https:\/\/www.eldigitaldeasturias.com\/noticias\/duran-advierte-de-un-choque-de-trenes-en-el-que-el-fuerte-es-el-estado\/","og:image":"https:\/\/www.eldigitaldeasturias.com\/noticias\/wp-content\/uploads\/2026\/06\/Contenidos.jpg","og:image:secure_url":"https:\/\/www.eldigitaldeasturias.com\/noticias\/wp-content\/uploads\/2026\/06\/Contenidos.jpg","og:image:width":1265,"og:image:height":697,"article:tag":["actualidad"],"article:published_time":"2014-01-31T18:40:49+00:00","article:modified_time":"2014-01-31T18:40:49+00:00","article:publisher":"https:\/\/facebook.com\/eldigitaldeasturias","twitter:card":"summary_large_image","twitter:title":"Duran advierte de un \u00abchoque de trenes\u00bb en el que el fuerte es el Estado - El Digital de Asturias","twitter:description":"Barcelona, 31 ene (EFE).- El l\u00edder de Uni\u00f3, Josep Antoni Duran Lleida, ha advertido hoy de que, en el debate soberanista, &quot;vamos directamente a un choque de trenes&quot; y que en la colisi\u00f3n el m\u00e1s fuerte es el Estado, aunque los perjudicados ser\u00e1n tanto Catalu\u00f1a como Espa\u00f1a. En su carta semanal a la militancia, Duran","twitter:image":"https:\/\/www.eldigitaldeasturias.com\/noticias\/wp-content\/uploads\/2026\/06\/Contenidos.jpg","twitter:label1":"Escrito por","twitter:data1":"El Digital de Asturias","twitter:label2":"Tiempo de lectura estimado","twitter:data2":"2 minutos"},"aioseo_meta_data":{"post_id":"481181","title":null,"description":null,"keywords":null,"keyphrases":null,"primary_term":null,"canonical_url":null,"og_title":null,"og_description":null,"og_object_type":"default","og_image_type":"default","og_image_url":null,"og_image_width":null,"og_image_height":null,"og_image_custom_url":null,"og_image_custom_fields":null,"og_video":null,"og_custom_url":null,"og_article_section":null,"og_article_tags":null,"twitter_use_og":true,"twitter_card":"default","twitter_image_type":"default","twitter_image_url":null,"twitter_image_custom_url":null,"twitter_image_custom_fields":null,"twitter_title":null,"twitter_description":null,"schema":{"blockGraphs":[],"customGraphs":[],"default":{"data":{"Article":[],"Course":[],"Dataset":[],"FAQPage":[],"Movie":[],"Person":[],"Product":[],"ProductReview":[],"Car":[],"Recipe":[],"Service":[],"SoftwareApplication":[],"WebPage":[]},"graphName":"","isEnabled":true},"graphs":[],"defaultGraph":"","defaultPostTypeGraph":""},"schema_type":null,"schema_type_options":null,"pillar_content":false,"robots_default":true,"robots_noindex":false,"robots_noarchive":false,"robots_nosnippet":false,"robots_nofollow":false,"robots_noimageindex":false,"robots_noodp":false,"robots_notranslate":false,"robots_max_snippet":null,"robots_max_videopreview":null,"robots_max_imagepreview":"none","priority":null,"frequency":null,"local_seo":null,"seo_analyzer_scan_date":"2026-06-02 06:00:54","breadcrumb_settings":null,"limit_modified_date":false,"open_ai":null,"ai":null,"created":"2020-11-14 22:54:17","updated":"2026-06-02 06:00:54","focus_keyword":null,"additional_keywords":null,"truseo_locale":null},"aioseo_breadcrumb":"<div class=\"aioseo-breadcrumbs\"><span class=\"aioseo-breadcrumb\">\n\t<a href=\"https:\/\/www.eldigitaldeasturias.com\/noticias\" title=\"Home\">Home<\/a>\n<\/span><span class=\"aioseo-breadcrumb-separator\">\u2013<\/span><span class=\"aioseo-breadcrumb\">\n\t<a href=\"https:\/\/www.eldigitaldeasturias.com\/noticias\/category\/actualidad\/\" title=\"Actualidad\">Actualidad<\/a>\n<\/span><span class=\"aioseo-breadcrumb-separator\">\u2013<\/span><span class=\"aioseo-breadcrumb\">\n\t<a href=\"https:\/\/www.eldigitaldeasturias.com\/noticias\/duran-advierte-de-un-choque-de-trenes-en-el-que-el-fuerte-es-el-estado\/\" title=\"Duran advierte de un \u00abchoque de trenes\u00bb en el que el fuerte es el Estado\">Duran advierte de un \u00abchoque de trenes\u00bb en el que el fuerte es el Estado<\/a>\n<\/span><\/div>","aioseo_breadcrumb_json":[{"label":"Home","link":"https:\/\/www.eldigitaldeasturias.com\/noticias"},{"label":"Actualidad","link":"https:\/\/www.eldigitaldeasturias.com\/noticias\/category\/actualidad\/"},{"label":"Duran advierte de un \u00abchoque de trenes\u00bb en el que el fuerte es el Estado","link":"https:\/\/www.eldigitaldeasturias.com\/noticias\/duran-advierte-de-un-choque-de-trenes-en-el-que-el-fuerte-es-el-estado\/"}],"_links":{"self":[{"href":"https:\/\/www.eldigitaldeasturias.com\/noticias\/wp-json\/wp\/v2\/posts\/481181","targetHints":{"allow":["GET"]}}],"collection":[{"href":"https:\/\/www.eldigitaldeasturias.com\/noticias\/wp-json\/wp\/v2\/posts"}],"about":[{"href":"https:\/\/www.eldigitaldeasturias.com\/noticias\/wp-json\/wp\/v2\/types\/post"}],"author":[{"embeddable":true,"href":"https:\/\/www.eldigitaldeasturias.com\/noticias\/wp-json\/wp\/v2\/users\/1"}],"replies":[{"embeddable":true,"href":"https:\/\/www.eldigitaldeasturias.com\/noticias\/wp-json\/wp\/v2\/comments?post=481181"}],"version-history":[{"count":0,"href":"https:\/\/www.eldigitaldeasturias.com\/noticias\/wp-json\/wp\/v2\/posts\/481181\/revisions"}],"wp:featuredmedia":[{"embeddable":true,"href":"https:\/\/www.eldigitaldeasturias.com\/noticias\/wp-json\/wp\/v2\/media\/1132184"}],"wp:attachment":[{"href":"https:\/\/www.eldigitaldeasturias.com\/noticias\/wp-json\/wp\/v2\/media?parent=481181"}],"wp:term":[{"taxonomy":"category","embeddable":true,"href":"https:\/\/www.eldigitaldeasturias.com\/noticias\/wp-json\/wp\/v2\/categories?post=481181"},{"taxonomy":"post_tag","embeddable":true,"href":"https:\/\/www.eldigitaldeasturias.com\/noticias\/wp-json\/wp\/v2\/tags?post=481181"}],"curies":[{"name":"wp","href":"https:\/\/api.w.org\/{rel}","templated":true}]}}