{"id":481178,"date":"2014-01-31T17:39:50","date_gmt":"2014-01-31T18:39:50","guid":{"rendered":"http:\/\/www.eldigitaldeasturias.com\/noticias\/?p=481178"},"modified":"2014-01-31T17:39:50","modified_gmt":"2014-01-31T18:39:50","slug":"tragsa-deja-de-recoger-la-basura-en-alcorcon-esta-tarde-aunque-podria-volver","status":"publish","type":"post","link":"https:\/\/www.eldigitaldeasturias.com\/noticias\/tragsa-deja-de-recoger-la-basura-en-alcorcon-esta-tarde-aunque-podria-volver\/","title":{"rendered":"Tragsa deja de recoger la basura en Alcorc\u00f3n esta tarde aunque podr\u00eda volver"},"content":{"rendered":"<p><img loading=\"lazy\" decoding=\"async\" class=\"alignleft size-medium wp-image-481179\" alt=\"5894925w\" src=\"https:\/\/www.eldigitaldeasturias.com\/noticias\/wp-content\/uploads\/2014\/01\/5894925w-360x255.jpg\" width=\"360\" height=\"255\" \/>Alcorc\u00f3n, 31 ene (EFE).- Los camiones de la empresa p\u00fablica Tragsa dejar\u00e1n de recoger la basura acumulada en las calles de la ciudad a las seis de esta tarde aunque el Ayuntamiento \u00abno descarta que vuelvan a hacerlo\u00bb si hay de nuevo \u00abun alto riesgo\u00bb para la salubridad p\u00fablica de la poblaci\u00f3n.<\/p>\n<p>Seg\u00fan han indicado a Efe fuentes municipales, el servicio de recogida se ha prestado en las zonas de Fuentecisneros y la calle Oslo (Parque Oeste), pese a que, en el caso de \u00e9sta, un grupo de personas ha intentado \u00abimpedir\u00bb que los operarios de Tragsa, que van escoltados por efectivos de la Polic\u00eda Nacional y Municipal, recojan la basura.<\/p>\n<p>\u00abSi en un momento dado la Polic\u00eda ve que la tensi\u00f3n impide limpiar, se tomar\u00e1 la decisi\u00f3n de que los camiones se vuelvan al Centro Unificado de Seguridad\u00bb, han reiterado estas fuentes.<\/p>\n<p>En este sentido, el portavoz del CSI-F, C\u00e9sar S\u00e1nchez, ha criticado que \u00abse firmase en el acta del Pleno\u00bb que el alcalde, David P\u00e9rez, \u00abdaba de plazo 48 horas\u00bb a los trabajadores de Esmasa para recoger la basura y que \u00aba las pocas horas\u00bb ya estuvieran los veh\u00edculos de Tragsa \u00abrecogiendo la basura.<\/p>\n","protected":false},"excerpt":{"rendered":"<p>Alcorc\u00f3n, 31 ene (EFE).- Los camiones de la empresa p\u00fablica Tragsa dejar\u00e1n de recoger la basura acumulada en las calles de la ciudad a las seis de esta tarde aunque el Ayuntamiento \u00abno descarta que vuelvan a hacerlo\u00bb si hay de nuevo \u00abun alto riesgo\u00bb para la salubridad p\u00fablica de la poblaci\u00f3n. Seg\u00fan han indicado [&hellip;]<\/p>\n","protected":false},"author":1,"featured_media":1132184,"comment_status":"closed","ping_status":"open","sticky":false,"template":"","format":"standard","meta":{"footnotes":""},"categories":[1],"tags":[],"class_list":["post-481178","post","type-post","status-publish","format-standard","has-post-thumbnail","hentry","category-actualidad"],"aioseo_notices":[],"aioseo_head":"\n\t\t<!-- All in One SEO Pro 5.0.1 - aioseo.com -->\n\t<meta name=\"description\" content=\"Alcorc\u00f3n, 31 ene (EFE).- Los camiones de la empresa p\u00fablica Tragsa dejar\u00e1n de recoger la basura acumulada en las calles de la ciudad a las seis de esta tarde aunque el Ayuntamiento &quot;no descarta que vuelvan a hacerlo&quot; si hay de nuevo &quot;un alto riesgo&quot; para la salubridad p\u00fablica de la poblaci\u00f3n. Seg\u00fan han indicado\" \/>\n\t<meta name=\"robots\" content=\"max-image-preview:large\" \/>\n\t<meta name=\"author\" content=\"El Digital de Asturias\"\/>\n\t<meta name=\"google-site-verification\" content=\"UA-38556648-1\" \/>\n\t<meta name=\"msvalidate.01\" content=\"7dfe9f3f1b24437ab69f4f2559babe99\" \/>\n\t<meta name=\"keywords\" content=\"actualidad\" \/>\n\t<link rel=\"canonical\" href=\"https:\/\/www.eldigitaldeasturias.com\/noticias\/tragsa-deja-de-recoger-la-basura-en-alcorcon-esta-tarde-aunque-podria-volver\/\" \/>\n\t<meta name=\"generator\" content=\"All in One SEO Pro (AIOSEO) 5.0.1\" \/>\n\t\t<meta property=\"og:locale\" content=\"es_ES\" \/>\n\t\t<meta property=\"og:site_name\" content=\"El Digital de Asturias\" \/>\n\t\t<meta property=\"og:type\" content=\"article\" \/>\n\t\t<meta property=\"og:title\" content=\"Tragsa deja de recoger la basura en Alcorc\u00f3n esta tarde aunque podr\u00eda volver - El Digital de Asturias\" \/>\n\t\t<meta property=\"og:description\" content=\"Alcorc\u00f3n, 31 ene (EFE).- Los camiones de la empresa p\u00fablica Tragsa dejar\u00e1n de recoger la basura acumulada en las calles de la ciudad a las seis de esta tarde aunque el Ayuntamiento &quot;no descarta que vuelvan a hacerlo&quot; si hay de nuevo &quot;un alto riesgo&quot; para la salubridad p\u00fablica de la poblaci\u00f3n. Seg\u00fan han indicado\" \/>\n\t\t<meta property=\"og:url\" content=\"https:\/\/www.eldigitaldeasturias.com\/noticias\/tragsa-deja-de-recoger-la-basura-en-alcorcon-esta-tarde-aunque-podria-volver\/\" \/>\n\t\t<meta property=\"og:image\" content=\"https:\/\/www.eldigitaldeasturias.com\/noticias\/wp-content\/uploads\/2026\/06\/Contenidos.jpg\" \/>\n\t\t<meta property=\"og:image:secure_url\" content=\"https:\/\/www.eldigitaldeasturias.com\/noticias\/wp-content\/uploads\/2026\/06\/Contenidos.jpg\" \/>\n\t\t<meta property=\"og:image:width\" content=\"1265\" \/>\n\t\t<meta property=\"og:image:height\" content=\"697\" \/>\n\t\t<meta property=\"article:tag\" content=\"actualidad\" \/>\n\t\t<meta property=\"article:published_time\" content=\"2014-01-31T18:39:50+00:00\" \/>\n\t\t<meta property=\"article:modified_time\" content=\"2014-01-31T18:39:50+00:00\" \/>\n\t\t<meta property=\"article:publisher\" content=\"https:\/\/facebook.com\/eldigitaldeasturias\" \/>\n\t\t<meta name=\"twitter:card\" content=\"summary_large_image\" \/>\n\t\t<meta name=\"twitter:title\" content=\"Tragsa deja de recoger la basura en Alcorc\u00f3n esta tarde aunque podr\u00eda volver - El Digital de Asturias\" \/>\n\t\t<meta name=\"twitter:description\" content=\"Alcorc\u00f3n, 31 ene (EFE).- Los camiones de la empresa p\u00fablica Tragsa dejar\u00e1n de recoger la basura acumulada en las calles de la ciudad a las seis de esta tarde aunque el Ayuntamiento &quot;no descarta que vuelvan a hacerlo&quot; si hay de nuevo &quot;un alto riesgo&quot; para la salubridad p\u00fablica de la poblaci\u00f3n. Seg\u00fan han indicado\" \/>\n\t\t<meta name=\"twitter:image\" content=\"https:\/\/www.eldigitaldeasturias.com\/noticias\/wp-content\/uploads\/2026\/06\/Contenidos.jpg\" \/>\n\t\t<meta name=\"twitter:label1\" content=\"Escrito por\" \/>\n\t\t<meta name=\"twitter:data1\" content=\"El Digital de Asturias\" \/>\n\t\t<meta name=\"twitter:label2\" content=\"Tiempo de lectura estimado\" \/>\n\t\t<meta name=\"twitter:data2\" content=\"1 minuto\" \/>\n\t\t<script type=\"application\/ld+json\" class=\"aioseo-schema\">\n\t\t\t{\"@context\":\"https:\\\/\\\/schema.org\",\"@graph\":[{\"@type\":\"BlogPosting\",\"@id\":\"https:\\\/\\\/www.eldigitaldeasturias.com\\\/noticias\\\/tragsa-deja-de-recoger-la-basura-en-alcorcon-esta-tarde-aunque-podria-volver\\\/#blogposting\",\"name\":\"Tragsa deja de recoger la basura en Alcorc\\u00f3n esta tarde aunque podr\\u00eda volver - El Digital de Asturias\",\"headline\":\"Tragsa deja de recoger la basura en Alcorc\\u00f3n esta tarde aunque podr\\u00eda volver\",\"author\":{\"@id\":\"https:\\\/\\\/www.eldigitaldeasturias.com\\\/noticias\\\/author\\\/admin\\\/#author\"},\"publisher\":{\"@id\":\"https:\\\/\\\/www.eldigitaldeasturias.com\\\/noticias\\\/#organization\"},\"image\":{\"@type\":\"ImageObject\",\"url\":\"https:\\\/\\\/www.eldigitaldeasturias.com\\\/noticias\\\/wp-content\\\/uploads\\\/2026\\\/06\\\/Contenidos.jpg\",\"width\":1265,\"height\":697,\"caption\":\"Contenidos\"},\"datePublished\":\"2014-01-31T17:39:50+01:00\",\"dateModified\":\"2014-01-31T17:39:50+01:00\",\"inLanguage\":\"es-ES\",\"mainEntityOfPage\":{\"@id\":\"https:\\\/\\\/www.eldigitaldeasturias.com\\\/noticias\\\/tragsa-deja-de-recoger-la-basura-en-alcorcon-esta-tarde-aunque-podria-volver\\\/#webpage\"},\"isPartOf\":{\"@id\":\"https:\\\/\\\/www.eldigitaldeasturias.com\\\/noticias\\\/tragsa-deja-de-recoger-la-basura-en-alcorcon-esta-tarde-aunque-podria-volver\\\/#webpage\"},\"articleSection\":\"Actualidad\"},{\"@type\":\"BreadcrumbList\",\"@id\":\"https:\\\/\\\/www.eldigitaldeasturias.com\\\/noticias\\\/tragsa-deja-de-recoger-la-basura-en-alcorcon-esta-tarde-aunque-podria-volver\\\/#breadcrumblist\",\"itemListElement\":[{\"@type\":\"ListItem\",\"@id\":\"https:\\\/\\\/www.eldigitaldeasturias.com\\\/noticias#listItem\",\"position\":1,\"name\":\"Home\",\"item\":\"https:\\\/\\\/www.eldigitaldeasturias.com\\\/noticias\",\"nextItem\":{\"@type\":\"ListItem\",\"@id\":\"https:\\\/\\\/www.eldigitaldeasturias.com\\\/noticias\\\/category\\\/actualidad\\\/#listItem\",\"name\":\"Actualidad\"}},{\"@type\":\"ListItem\",\"@id\":\"https:\\\/\\\/www.eldigitaldeasturias.com\\\/noticias\\\/category\\\/actualidad\\\/#listItem\",\"position\":2,\"name\":\"Actualidad\",\"item\":\"https:\\\/\\\/www.eldigitaldeasturias.com\\\/noticias\\\/category\\\/actualidad\\\/\",\"nextItem\":{\"@type\":\"ListItem\",\"@id\":\"https:\\\/\\\/www.eldigitaldeasturias.com\\\/noticias\\\/tragsa-deja-de-recoger-la-basura-en-alcorcon-esta-tarde-aunque-podria-volver\\\/#listItem\",\"name\":\"Tragsa deja de recoger la basura en Alcorc\\u00f3n esta tarde aunque podr\\u00eda volver\"},\"previousItem\":{\"@type\":\"ListItem\",\"@id\":\"https:\\\/\\\/www.eldigitaldeasturias.com\\\/noticias#listItem\",\"name\":\"Home\"}},{\"@type\":\"ListItem\",\"@id\":\"https:\\\/\\\/www.eldigitaldeasturias.com\\\/noticias\\\/tragsa-deja-de-recoger-la-basura-en-alcorcon-esta-tarde-aunque-podria-volver\\\/#listItem\",\"position\":3,\"name\":\"Tragsa deja de recoger la basura en Alcorc\\u00f3n esta tarde aunque podr\\u00eda volver\",\"previousItem\":{\"@type\":\"ListItem\",\"@id\":\"https:\\\/\\\/www.eldigitaldeasturias.com\\\/noticias\\\/category\\\/actualidad\\\/#listItem\",\"name\":\"Actualidad\"}}]},{\"@type\":\"Organization\",\"@id\":\"https:\\\/\\\/www.eldigitaldeasturias.com\\\/noticias\\\/#organization\",\"name\":\"El Digital de Asturias\",\"description\":\"Hemeroteca\",\"url\":\"https:\\\/\\\/www.eldigitaldeasturias.com\\\/noticias\\\/\",\"email\":\"info@eldigitaldeasturias.com\",\"telephone\":\"+34652131393\",\"logo\":{\"@type\":\"ImageObject\",\"url\":\"https:\\\/\\\/www.eldigitaldeasturias.com\\\/noticias\\\/wp-content\\\/uploads\\\/2020\\\/12\\\/EDA.jpg\",\"@id\":\"https:\\\/\\\/www.eldigitaldeasturias.com\\\/noticias\\\/tragsa-deja-de-recoger-la-basura-en-alcorcon-esta-tarde-aunque-podria-volver\\\/#organizationLogo\"},\"image\":{\"@id\":\"https:\\\/\\\/www.eldigitaldeasturias.com\\\/noticias\\\/tragsa-deja-de-recoger-la-basura-en-alcorcon-esta-tarde-aunque-podria-volver\\\/#organizationLogo\"},\"sameAs\":[\"https:\\\/\\\/facebook.com\\\/eldigitaldeasturias\",\"https:\\\/\\\/www.youtube.com\\\/channel\\\/UCZP-2wLEB9Rv6erhFmqVnvg\"],\"address\":{\"@id\":\"https:\\\/\\\/www.eldigitaldeasturias.com\\\/noticias\\\/#postaladdress\",\"@type\":\"PostalAddress\",\"streetAddress\":\"san antonio 4\",\"postalCode\":\"33430\",\"addressLocality\":\"Cand\\u00e1s\",\"addressRegion\":\"Asturias\",\"addressCountry\":\"ES\"}},{\"@type\":\"Person\",\"@id\":\"https:\\\/\\\/www.eldigitaldeasturias.com\\\/noticias\\\/author\\\/admin\\\/#author\",\"url\":\"https:\\\/\\\/www.eldigitaldeasturias.com\\\/noticias\\\/author\\\/admin\\\/\",\"name\":\"El Digital de Asturias\",\"image\":{\"@type\":\"ImageObject\",\"@id\":\"https:\\\/\\\/www.eldigitaldeasturias.com\\\/noticias\\\/tragsa-deja-de-recoger-la-basura-en-alcorcon-esta-tarde-aunque-podria-volver\\\/#authorImage\",\"url\":\"https:\\\/\\\/secure.gravatar.com\\\/avatar\\\/df2aeffc32bcd13f8d26072ef8a91b623d677766deac7f97ca815868cd41bf5e?s=96&d=mm&r=g\",\"width\":96,\"height\":96,\"caption\":\"El Digital de Asturias\"}},{\"@type\":\"WebPage\",\"@id\":\"https:\\\/\\\/www.eldigitaldeasturias.com\\\/noticias\\\/tragsa-deja-de-recoger-la-basura-en-alcorcon-esta-tarde-aunque-podria-volver\\\/#webpage\",\"url\":\"https:\\\/\\\/www.eldigitaldeasturias.com\\\/noticias\\\/tragsa-deja-de-recoger-la-basura-en-alcorcon-esta-tarde-aunque-podria-volver\\\/\",\"name\":\"Tragsa deja de recoger la basura en Alcorc\\u00f3n esta tarde aunque podr\\u00eda volver - El Digital de Asturias\",\"description\":\"Alcorc\\u00f3n, 31 ene (EFE).- Los camiones de la empresa p\\u00fablica Tragsa dejar\\u00e1n de recoger la basura acumulada en las calles de la ciudad a las seis de esta tarde aunque el Ayuntamiento \\\"no descarta que vuelvan a hacerlo\\\" si hay de nuevo \\\"un alto riesgo\\\" para la salubridad p\\u00fablica de la poblaci\\u00f3n. Seg\\u00fan han indicado\",\"inLanguage\":\"es-ES\",\"isPartOf\":{\"@id\":\"https:\\\/\\\/www.eldigitaldeasturias.com\\\/noticias\\\/#website\"},\"breadcrumb\":{\"@id\":\"https:\\\/\\\/www.eldigitaldeasturias.com\\\/noticias\\\/tragsa-deja-de-recoger-la-basura-en-alcorcon-esta-tarde-aunque-podria-volver\\\/#breadcrumblist\"},\"author\":{\"@id\":\"https:\\\/\\\/www.eldigitaldeasturias.com\\\/noticias\\\/author\\\/admin\\\/#author\"},\"creator\":{\"@id\":\"https:\\\/\\\/www.eldigitaldeasturias.com\\\/noticias\\\/author\\\/admin\\\/#author\"},\"image\":{\"@type\":\"ImageObject\",\"url\":\"https:\\\/\\\/www.eldigitaldeasturias.com\\\/noticias\\\/wp-content\\\/uploads\\\/2026\\\/06\\\/Contenidos.jpg\",\"@id\":\"https:\\\/\\\/www.eldigitaldeasturias.com\\\/noticias\\\/tragsa-deja-de-recoger-la-basura-en-alcorcon-esta-tarde-aunque-podria-volver\\\/#mainImage\",\"width\":1265,\"height\":697,\"caption\":\"Contenidos\"},\"primaryImageOfPage\":{\"@id\":\"https:\\\/\\\/www.eldigitaldeasturias.com\\\/noticias\\\/tragsa-deja-de-recoger-la-basura-en-alcorcon-esta-tarde-aunque-podria-volver\\\/#mainImage\"},\"datePublished\":\"2014-01-31T17:39:50+01:00\",\"dateModified\":\"2014-01-31T17:39:50+01:00\"},{\"@type\":\"WebSite\",\"@id\":\"https:\\\/\\\/www.eldigitaldeasturias.com\\\/noticias\\\/#website\",\"url\":\"https:\\\/\\\/www.eldigitaldeasturias.com\\\/noticias\\\/\",\"name\":\"El Digital de Asturias - Diario de actualidad y noticias\",\"alternateName\":\"El Digital de Asturias - Diario de actualidad y noticias\",\"description\":\"Hemeroteca\",\"inLanguage\":\"es-ES\",\"publisher\":{\"@id\":\"https:\\\/\\\/www.eldigitaldeasturias.com\\\/noticias\\\/#organization\"}}]}\n\t\t<\/script>\n\t\t<!-- All in One SEO Pro -->\r\n\t\t<title>Tragsa deja de recoger la basura en Alcorc\u00f3n esta tarde aunque podr\u00eda volver - El Digital de Asturias<\/title>\n\n","aioseo_head_json":{"title":"Tragsa deja de recoger la basura en Alcorc\u00f3n esta tarde aunque podr\u00eda volver - El Digital de Asturias","description":"Alcorc\u00f3n, 31 ene (EFE).- Los camiones de la empresa p\u00fablica Tragsa dejar\u00e1n de recoger la basura acumulada en las calles de la ciudad a las seis de esta tarde aunque el Ayuntamiento \"no descarta que vuelvan a hacerlo\" si hay de nuevo \"un alto riesgo\" para la salubridad p\u00fablica de la poblaci\u00f3n. Seg\u00fan han indicado","canonical_url":"https:\/\/www.eldigitaldeasturias.com\/noticias\/tragsa-deja-de-recoger-la-basura-en-alcorcon-esta-tarde-aunque-podria-volver\/","robots":"max-image-preview:large","keywords":"actualidad","webmasterTools":{"google-site-verification":"UA-38556648-1","msvalidate.01":"7dfe9f3f1b24437ab69f4f2559babe99","miscellaneous":""},"schema":{"@context":"https:\/\/schema.org","@graph":[{"@type":"BlogPosting","@id":"https:\/\/www.eldigitaldeasturias.com\/noticias\/tragsa-deja-de-recoger-la-basura-en-alcorcon-esta-tarde-aunque-podria-volver\/#blogposting","name":"Tragsa deja de recoger la basura en Alcorc\u00f3n esta tarde aunque podr\u00eda volver - El Digital de Asturias","headline":"Tragsa deja de recoger la basura en Alcorc\u00f3n esta tarde aunque podr\u00eda volver","author":{"@id":"https:\/\/www.eldigitaldeasturias.com\/noticias\/author\/admin\/#author"},"publisher":{"@id":"https:\/\/www.eldigitaldeasturias.com\/noticias\/#organization"},"image":{"@type":"ImageObject","url":"https:\/\/www.eldigitaldeasturias.com\/noticias\/wp-content\/uploads\/2026\/06\/Contenidos.jpg","width":1265,"height":697,"caption":"Contenidos"},"datePublished":"2014-01-31T17:39:50+01:00","dateModified":"2014-01-31T17:39:50+01:00","inLanguage":"es-ES","mainEntityOfPage":{"@id":"https:\/\/www.eldigitaldeasturias.com\/noticias\/tragsa-deja-de-recoger-la-basura-en-alcorcon-esta-tarde-aunque-podria-volver\/#webpage"},"isPartOf":{"@id":"https:\/\/www.eldigitaldeasturias.com\/noticias\/tragsa-deja-de-recoger-la-basura-en-alcorcon-esta-tarde-aunque-podria-volver\/#webpage"},"articleSection":"Actualidad"},{"@type":"BreadcrumbList","@id":"https:\/\/www.eldigitaldeasturias.com\/noticias\/tragsa-deja-de-recoger-la-basura-en-alcorcon-esta-tarde-aunque-podria-volver\/#breadcrumblist","itemListElement":[{"@type":"ListItem","@id":"https:\/\/www.eldigitaldeasturias.com\/noticias#listItem","position":1,"name":"Home","item":"https:\/\/www.eldigitaldeasturias.com\/noticias","nextItem":{"@type":"ListItem","@id":"https:\/\/www.eldigitaldeasturias.com\/noticias\/category\/actualidad\/#listItem","name":"Actualidad"}},{"@type":"ListItem","@id":"https:\/\/www.eldigitaldeasturias.com\/noticias\/category\/actualidad\/#listItem","position":2,"name":"Actualidad","item":"https:\/\/www.eldigitaldeasturias.com\/noticias\/category\/actualidad\/","nextItem":{"@type":"ListItem","@id":"https:\/\/www.eldigitaldeasturias.com\/noticias\/tragsa-deja-de-recoger-la-basura-en-alcorcon-esta-tarde-aunque-podria-volver\/#listItem","name":"Tragsa deja de recoger la basura en Alcorc\u00f3n esta tarde aunque podr\u00eda volver"},"previousItem":{"@type":"ListItem","@id":"https:\/\/www.eldigitaldeasturias.com\/noticias#listItem","name":"Home"}},{"@type":"ListItem","@id":"https:\/\/www.eldigitaldeasturias.com\/noticias\/tragsa-deja-de-recoger-la-basura-en-alcorcon-esta-tarde-aunque-podria-volver\/#listItem","position":3,"name":"Tragsa deja de recoger la basura en Alcorc\u00f3n esta tarde aunque podr\u00eda volver","previousItem":{"@type":"ListItem","@id":"https:\/\/www.eldigitaldeasturias.com\/noticias\/category\/actualidad\/#listItem","name":"Actualidad"}}]},{"@type":"Organization","@id":"https:\/\/www.eldigitaldeasturias.com\/noticias\/#organization","name":"El Digital de Asturias","description":"Hemeroteca","url":"https:\/\/www.eldigitaldeasturias.com\/noticias\/","email":"info@eldigitaldeasturias.com","telephone":"+34652131393","logo":{"@type":"ImageObject","url":"https:\/\/www.eldigitaldeasturias.com\/noticias\/wp-content\/uploads\/2020\/12\/EDA.jpg","@id":"https:\/\/www.eldigitaldeasturias.com\/noticias\/tragsa-deja-de-recoger-la-basura-en-alcorcon-esta-tarde-aunque-podria-volver\/#organizationLogo"},"image":{"@id":"https:\/\/www.eldigitaldeasturias.com\/noticias\/tragsa-deja-de-recoger-la-basura-en-alcorcon-esta-tarde-aunque-podria-volver\/#organizationLogo"},"sameAs":["https:\/\/facebook.com\/eldigitaldeasturias","https:\/\/www.youtube.com\/channel\/UCZP-2wLEB9Rv6erhFmqVnvg"],"address":{"@id":"https:\/\/www.eldigitaldeasturias.com\/noticias\/#postaladdress","@type":"PostalAddress","streetAddress":"san antonio 4","postalCode":"33430","addressLocality":"Cand\u00e1s","addressRegion":"Asturias","addressCountry":"ES"}},{"@type":"Person","@id":"https:\/\/www.eldigitaldeasturias.com\/noticias\/author\/admin\/#author","url":"https:\/\/www.eldigitaldeasturias.com\/noticias\/author\/admin\/","name":"El Digital de Asturias","image":{"@type":"ImageObject","@id":"https:\/\/www.eldigitaldeasturias.com\/noticias\/tragsa-deja-de-recoger-la-basura-en-alcorcon-esta-tarde-aunque-podria-volver\/#authorImage","url":"https:\/\/secure.gravatar.com\/avatar\/df2aeffc32bcd13f8d26072ef8a91b623d677766deac7f97ca815868cd41bf5e?s=96&d=mm&r=g","width":96,"height":96,"caption":"El Digital de Asturias"}},{"@type":"WebPage","@id":"https:\/\/www.eldigitaldeasturias.com\/noticias\/tragsa-deja-de-recoger-la-basura-en-alcorcon-esta-tarde-aunque-podria-volver\/#webpage","url":"https:\/\/www.eldigitaldeasturias.com\/noticias\/tragsa-deja-de-recoger-la-basura-en-alcorcon-esta-tarde-aunque-podria-volver\/","name":"Tragsa deja de recoger la basura en Alcorc\u00f3n esta tarde aunque podr\u00eda volver - El Digital de Asturias","description":"Alcorc\u00f3n, 31 ene (EFE).- Los camiones de la empresa p\u00fablica Tragsa dejar\u00e1n de recoger la basura acumulada en las calles de la ciudad a las seis de esta tarde aunque el Ayuntamiento \"no descarta que vuelvan a hacerlo\" si hay de nuevo \"un alto riesgo\" para la salubridad p\u00fablica de la poblaci\u00f3n. Seg\u00fan han indicado","inLanguage":"es-ES","isPartOf":{"@id":"https:\/\/www.eldigitaldeasturias.com\/noticias\/#website"},"breadcrumb":{"@id":"https:\/\/www.eldigitaldeasturias.com\/noticias\/tragsa-deja-de-recoger-la-basura-en-alcorcon-esta-tarde-aunque-podria-volver\/#breadcrumblist"},"author":{"@id":"https:\/\/www.eldigitaldeasturias.com\/noticias\/author\/admin\/#author"},"creator":{"@id":"https:\/\/www.eldigitaldeasturias.com\/noticias\/author\/admin\/#author"},"image":{"@type":"ImageObject","url":"https:\/\/www.eldigitaldeasturias.com\/noticias\/wp-content\/uploads\/2026\/06\/Contenidos.jpg","@id":"https:\/\/www.eldigitaldeasturias.com\/noticias\/tragsa-deja-de-recoger-la-basura-en-alcorcon-esta-tarde-aunque-podria-volver\/#mainImage","width":1265,"height":697,"caption":"Contenidos"},"primaryImageOfPage":{"@id":"https:\/\/www.eldigitaldeasturias.com\/noticias\/tragsa-deja-de-recoger-la-basura-en-alcorcon-esta-tarde-aunque-podria-volver\/#mainImage"},"datePublished":"2014-01-31T17:39:50+01:00","dateModified":"2014-01-31T17:39:50+01:00"},{"@type":"WebSite","@id":"https:\/\/www.eldigitaldeasturias.com\/noticias\/#website","url":"https:\/\/www.eldigitaldeasturias.com\/noticias\/","name":"El Digital de Asturias - Diario de actualidad y noticias","alternateName":"El Digital de Asturias - Diario de actualidad y noticias","description":"Hemeroteca","inLanguage":"es-ES","publisher":{"@id":"https:\/\/www.eldigitaldeasturias.com\/noticias\/#organization"}}]},"og:locale":"es_ES","og:site_name":"El Digital de Asturias","og:type":"article","og:title":"Tragsa deja de recoger la basura en Alcorc\u00f3n esta tarde aunque podr\u00eda volver - El Digital de Asturias","og:description":"Alcorc\u00f3n, 31 ene (EFE).- Los camiones de la empresa p\u00fablica Tragsa dejar\u00e1n de recoger la basura acumulada en las calles de la ciudad a las seis de esta tarde aunque el Ayuntamiento &quot;no descarta que vuelvan a hacerlo&quot; si hay de nuevo &quot;un alto riesgo&quot; para la salubridad p\u00fablica de la poblaci\u00f3n. Seg\u00fan han indicado","og:url":"https:\/\/www.eldigitaldeasturias.com\/noticias\/tragsa-deja-de-recoger-la-basura-en-alcorcon-esta-tarde-aunque-podria-volver\/","og:image":"https:\/\/www.eldigitaldeasturias.com\/noticias\/wp-content\/uploads\/2026\/06\/Contenidos.jpg","og:image:secure_url":"https:\/\/www.eldigitaldeasturias.com\/noticias\/wp-content\/uploads\/2026\/06\/Contenidos.jpg","og:image:width":1265,"og:image:height":697,"article:tag":["actualidad"],"article:published_time":"2014-01-31T18:39:50+00:00","article:modified_time":"2014-01-31T18:39:50+00:00","article:publisher":"https:\/\/facebook.com\/eldigitaldeasturias","twitter:card":"summary_large_image","twitter:title":"Tragsa deja de recoger la basura en Alcorc\u00f3n esta tarde aunque podr\u00eda volver - El Digital de Asturias","twitter:description":"Alcorc\u00f3n, 31 ene (EFE).- Los camiones de la empresa p\u00fablica Tragsa dejar\u00e1n de recoger la basura acumulada en las calles de la ciudad a las seis de esta tarde aunque el Ayuntamiento &quot;no descarta que vuelvan a hacerlo&quot; si hay de nuevo &quot;un alto riesgo&quot; para la salubridad p\u00fablica de la poblaci\u00f3n. Seg\u00fan han indicado","twitter:image":"https:\/\/www.eldigitaldeasturias.com\/noticias\/wp-content\/uploads\/2026\/06\/Contenidos.jpg","twitter:label1":"Escrito por","twitter:data1":"El Digital de Asturias","twitter:label2":"Tiempo de lectura estimado","twitter:data2":"1 minuto"},"aioseo_meta_data":{"post_id":"481178","title":null,"description":null,"keywords":null,"keyphrases":null,"primary_term":null,"canonical_url":null,"og_title":null,"og_description":null,"og_object_type":"default","og_image_type":"default","og_image_url":null,"og_image_width":null,"og_image_height":null,"og_image_custom_url":null,"og_image_custom_fields":null,"og_video":null,"og_custom_url":null,"og_article_section":null,"og_article_tags":null,"twitter_use_og":true,"twitter_card":"default","twitter_image_type":"default","twitter_image_url":null,"twitter_image_custom_url":null,"twitter_image_custom_fields":null,"twitter_title":null,"twitter_description":null,"schema":{"blockGraphs":[],"customGraphs":[],"default":{"data":{"Article":[],"Course":[],"Dataset":[],"FAQPage":[],"Movie":[],"Person":[],"Product":[],"ProductReview":[],"Car":[],"Recipe":[],"Service":[],"SoftwareApplication":[],"WebPage":[]},"graphName":"","isEnabled":true},"graphs":[],"defaultGraph":"","defaultPostTypeGraph":""},"schema_type":null,"schema_type_options":null,"pillar_content":false,"robots_default":true,"robots_noindex":false,"robots_noarchive":false,"robots_nosnippet":false,"robots_nofollow":false,"robots_noimageindex":false,"robots_noodp":false,"robots_notranslate":false,"robots_max_snippet":null,"robots_max_videopreview":null,"robots_max_imagepreview":"none","priority":null,"frequency":null,"local_seo":null,"seo_analyzer_scan_date":"2026-06-02 06:00:53","breadcrumb_settings":null,"limit_modified_date":false,"open_ai":null,"ai":null,"created":"2020-11-14 22:54:17","updated":"2026-06-02 06:00:53","focus_keyword":null,"additional_keywords":null,"truseo_locale":null},"aioseo_breadcrumb":"<div class=\"aioseo-breadcrumbs\"><span class=\"aioseo-breadcrumb\">\n\t<a href=\"https:\/\/www.eldigitaldeasturias.com\/noticias\" title=\"Home\">Home<\/a>\n<\/span><span class=\"aioseo-breadcrumb-separator\">\u2013<\/span><span class=\"aioseo-breadcrumb\">\n\t<a href=\"https:\/\/www.eldigitaldeasturias.com\/noticias\/category\/actualidad\/\" title=\"Actualidad\">Actualidad<\/a>\n<\/span><span class=\"aioseo-breadcrumb-separator\">\u2013<\/span><span class=\"aioseo-breadcrumb\">\n\t<a href=\"https:\/\/www.eldigitaldeasturias.com\/noticias\/tragsa-deja-de-recoger-la-basura-en-alcorcon-esta-tarde-aunque-podria-volver\/\" title=\"Tragsa deja de recoger la basura en Alcorc\u00f3n esta tarde aunque podr\u00eda volver\">Tragsa deja de recoger la basura en Alcorc\u00f3n esta tarde aunque podr\u00eda volver<\/a>\n<\/span><\/div>","aioseo_breadcrumb_json":[{"label":"Home","link":"https:\/\/www.eldigitaldeasturias.com\/noticias"},{"label":"Actualidad","link":"https:\/\/www.eldigitaldeasturias.com\/noticias\/category\/actualidad\/"},{"label":"Tragsa deja de recoger la basura en Alcorc\u00f3n esta tarde aunque podr\u00eda volver","link":"https:\/\/www.eldigitaldeasturias.com\/noticias\/tragsa-deja-de-recoger-la-basura-en-alcorcon-esta-tarde-aunque-podria-volver\/"}],"_links":{"self":[{"href":"https:\/\/www.eldigitaldeasturias.com\/noticias\/wp-json\/wp\/v2\/posts\/481178","targetHints":{"allow":["GET"]}}],"collection":[{"href":"https:\/\/www.eldigitaldeasturias.com\/noticias\/wp-json\/wp\/v2\/posts"}],"about":[{"href":"https:\/\/www.eldigitaldeasturias.com\/noticias\/wp-json\/wp\/v2\/types\/post"}],"author":[{"embeddable":true,"href":"https:\/\/www.eldigitaldeasturias.com\/noticias\/wp-json\/wp\/v2\/users\/1"}],"replies":[{"embeddable":true,"href":"https:\/\/www.eldigitaldeasturias.com\/noticias\/wp-json\/wp\/v2\/comments?post=481178"}],"version-history":[{"count":0,"href":"https:\/\/www.eldigitaldeasturias.com\/noticias\/wp-json\/wp\/v2\/posts\/481178\/revisions"}],"wp:featuredmedia":[{"embeddable":true,"href":"https:\/\/www.eldigitaldeasturias.com\/noticias\/wp-json\/wp\/v2\/media\/1132184"}],"wp:attachment":[{"href":"https:\/\/www.eldigitaldeasturias.com\/noticias\/wp-json\/wp\/v2\/media?parent=481178"}],"wp:term":[{"taxonomy":"category","embeddable":true,"href":"https:\/\/www.eldigitaldeasturias.com\/noticias\/wp-json\/wp\/v2\/categories?post=481178"},{"taxonomy":"post_tag","embeddable":true,"href":"https:\/\/www.eldigitaldeasturias.com\/noticias\/wp-json\/wp\/v2\/tags?post=481178"}],"curies":[{"name":"wp","href":"https:\/\/api.w.org\/{rel}","templated":true}]}}