{"id":481168,"date":"2014-01-31T17:36:18","date_gmt":"2014-01-31T18:36:18","guid":{"rendered":"http:\/\/www.eldigitaldeasturias.com\/noticias\/?p=481168"},"modified":"2014-01-31T17:36:18","modified_gmt":"2014-01-31T18:36:18","slug":"mujica-encontro-a-un-fidel-deteriorado-pero-preocupado-por-la-humanidad","status":"publish","type":"post","link":"https:\/\/www.eldigitaldeasturias.com\/noticias\/mujica-encontro-a-un-fidel-deteriorado-pero-preocupado-por-la-humanidad\/","title":{"rendered":"Mujica encontr\u00f3 a un Fidel \u00abdeteriorado\u00bb pero \u00abpreocupado\u00bb por la Humanidad"},"content":{"rendered":"<p><img loading=\"lazy\" decoding=\"async\" class=\"alignleft size-medium wp-image-481169\" alt=\"5895514w\" src=\"https:\/\/www.eldigitaldeasturias.com\/noticias\/wp-content\/uploads\/2014\/01\/5895514w-360x270.jpg\" width=\"360\" height=\"270\" \/>Montevideo, 31 ene (EFE).- El presidente de Uruguay, el exguerrillero Jos\u00e9 Mujica, vio al l\u00edder cubano Fidel Castro \u00abanciano\u00bb y \u00abdeteriorado\u00bb desde el punto de vista f\u00edsico, pero \u00abpreocupado por el destino de la Humanidad\u00bb durante el reciente encuentro que sostuvieron en La Habana.<\/p>\n<p>\u00abEl Fidel anciano, deteriorado en la salud, est\u00e1 en l\u00ednea, es una prosecuci\u00f3n de una figura legendaria. Para m\u00ed es una fuente de aprendizaje y un honor poder conversar con \u00e9l\u00bb, afirm\u00f3 Mujica, de 78 a\u00f1os, en una entrevista desde Cuba concedida al Canal 10 de la televisi\u00f3n uruguaya y difundida hoy.<\/p>\n<p>Mujica indic\u00f3 que \u00ablos a\u00f1os se le han venido encima\u00bb a Castro, que tiene 87 y est\u00e1 retirado del poder desde 2006, y reconoci\u00f3 que \u00abf\u00edsicamente est\u00e1 deteriorado, pero su preocupaci\u00f3n m\u00e1s fuerte es por el mundo que no va a ver, c\u00f3mo el hombre logra despilfarrar menos recursos\u00bb.<\/p>\n<p>\u00abM\u00e1s que nunca, Fidel tiene preocupaciones de car\u00e1cter superior por el destino de la Humanidad\u00bb, agreg\u00f3.<\/p>\n<p>La reuni\u00f3n entre Mujica y Castro se produjo el mi\u00e9rcoles, en el marco de la II Cumbre de la Comunidad de Estados Latinoamericanos y Caribe\u00f1os (Celac), celebrada en La Habana.<\/p>\n<p>\u00abEl intercambio con Mujica se caracteriz\u00f3 por el di\u00e1logo sincero y fraterno y la coincidencia acerca de los principales problemas que ponen en peligro y afectan a la Humanidad\u00bb, asegur\u00f3 el jueves el diario Granma sobre el encuentro, del que los medios cubanos publicaron una foto, en la que se les ve conversando.<\/p>\n<p>Seg\u00fan el peri\u00f3dico, en la reuni\u00f3n se subray\u00f3 \u00abla necesidad de la lucha por la paz, el bienestar y la supervivencia de la Humanidad\u00bb.<\/p>\n<p>El anterior encuentro del gobernante uruguayo con Castro tuvo lugar en julio del a\u00f1o pasado, cuando viaj\u00f3 a la isla en su primera visita oficial desde que asumi\u00f3 la presidencia en 2010.<\/p>\n","protected":false},"excerpt":{"rendered":"<p>Montevideo, 31 ene (EFE).- El presidente de Uruguay, el exguerrillero Jos\u00e9 Mujica, vio al l\u00edder cubano Fidel Castro \u00abanciano\u00bb y \u00abdeteriorado\u00bb desde el punto de vista f\u00edsico, pero \u00abpreocupado por el destino de la Humanidad\u00bb durante el reciente encuentro que sostuvieron en La Habana. \u00abEl Fidel anciano, deteriorado en la salud, est\u00e1 en l\u00ednea, es [&hellip;]<\/p>\n","protected":false},"author":1,"featured_media":1132184,"comment_status":"closed","ping_status":"open","sticky":false,"template":"","format":"standard","meta":{"footnotes":""},"categories":[1],"tags":[],"class_list":["post-481168","post","type-post","status-publish","format-standard","has-post-thumbnail","hentry","category-actualidad"],"aioseo_notices":[],"aioseo_head":"\n\t\t<!-- All in One SEO Pro 5.0.1 - aioseo.com -->\n\t<meta name=\"description\" content=\"Montevideo, 31 ene (EFE).- El presidente de Uruguay, el exguerrillero Jos\u00e9 Mujica, vio al l\u00edder cubano Fidel Castro &quot;anciano&quot; y &quot;deteriorado&quot; desde el punto de vista f\u00edsico, pero &quot;preocupado por el destino de la Humanidad&quot; durante el reciente encuentro que sostuvieron en La Habana. &quot;El Fidel anciano, deteriorado en la salud, est\u00e1 en l\u00ednea, es\" \/>\n\t<meta name=\"robots\" content=\"max-image-preview:large\" \/>\n\t<meta name=\"author\" content=\"El Digital de Asturias\"\/>\n\t<meta name=\"google-site-verification\" content=\"UA-38556648-1\" \/>\n\t<meta name=\"msvalidate.01\" content=\"7dfe9f3f1b24437ab69f4f2559babe99\" \/>\n\t<meta name=\"keywords\" content=\"actualidad\" \/>\n\t<link rel=\"canonical\" href=\"https:\/\/www.eldigitaldeasturias.com\/noticias\/mujica-encontro-a-un-fidel-deteriorado-pero-preocupado-por-la-humanidad\/\" \/>\n\t<meta name=\"generator\" content=\"All in One SEO Pro (AIOSEO) 5.0.1\" \/>\n\t\t<meta property=\"og:locale\" content=\"es_ES\" \/>\n\t\t<meta property=\"og:site_name\" content=\"El Digital de Asturias\" \/>\n\t\t<meta property=\"og:type\" content=\"article\" \/>\n\t\t<meta property=\"og:title\" content=\"Mujica encontr\u00f3 a un Fidel \u00abdeteriorado\u00bb pero \u00abpreocupado\u00bb por la Humanidad - El Digital de Asturias\" \/>\n\t\t<meta property=\"og:description\" content=\"Montevideo, 31 ene (EFE).- El presidente de Uruguay, el exguerrillero Jos\u00e9 Mujica, vio al l\u00edder cubano Fidel Castro &quot;anciano&quot; y &quot;deteriorado&quot; desde el punto de vista f\u00edsico, pero &quot;preocupado por el destino de la Humanidad&quot; durante el reciente encuentro que sostuvieron en La Habana. &quot;El Fidel anciano, deteriorado en la salud, est\u00e1 en l\u00ednea, es\" \/>\n\t\t<meta property=\"og:url\" content=\"https:\/\/www.eldigitaldeasturias.com\/noticias\/mujica-encontro-a-un-fidel-deteriorado-pero-preocupado-por-la-humanidad\/\" \/>\n\t\t<meta property=\"og:image\" content=\"https:\/\/www.eldigitaldeasturias.com\/noticias\/wp-content\/uploads\/2026\/06\/Contenidos.jpg\" \/>\n\t\t<meta property=\"og:image:secure_url\" content=\"https:\/\/www.eldigitaldeasturias.com\/noticias\/wp-content\/uploads\/2026\/06\/Contenidos.jpg\" \/>\n\t\t<meta property=\"og:image:width\" content=\"1265\" \/>\n\t\t<meta property=\"og:image:height\" content=\"697\" \/>\n\t\t<meta property=\"article:tag\" content=\"actualidad\" \/>\n\t\t<meta property=\"article:published_time\" content=\"2014-01-31T18:36:18+00:00\" \/>\n\t\t<meta property=\"article:modified_time\" content=\"2014-01-31T18:36:18+00:00\" \/>\n\t\t<meta property=\"article:publisher\" content=\"https:\/\/facebook.com\/eldigitaldeasturias\" \/>\n\t\t<meta name=\"twitter:card\" content=\"summary_large_image\" \/>\n\t\t<meta name=\"twitter:title\" content=\"Mujica encontr\u00f3 a un Fidel \u00abdeteriorado\u00bb pero \u00abpreocupado\u00bb por la Humanidad - El Digital de Asturias\" \/>\n\t\t<meta name=\"twitter:description\" content=\"Montevideo, 31 ene (EFE).- El presidente de Uruguay, el exguerrillero Jos\u00e9 Mujica, vio al l\u00edder cubano Fidel Castro &quot;anciano&quot; y &quot;deteriorado&quot; desde el punto de vista f\u00edsico, pero &quot;preocupado por el destino de la Humanidad&quot; durante el reciente encuentro que sostuvieron en La Habana. &quot;El Fidel anciano, deteriorado en la salud, est\u00e1 en l\u00ednea, es\" \/>\n\t\t<meta name=\"twitter:image\" content=\"https:\/\/www.eldigitaldeasturias.com\/noticias\/wp-content\/uploads\/2026\/06\/Contenidos.jpg\" \/>\n\t\t<meta name=\"twitter:label1\" content=\"Escrito por\" \/>\n\t\t<meta name=\"twitter:data1\" content=\"El Digital de Asturias\" \/>\n\t\t<meta name=\"twitter:label2\" content=\"Tiempo de lectura estimado\" \/>\n\t\t<meta name=\"twitter:data2\" content=\"2 minutos\" \/>\n\t\t<script type=\"application\/ld+json\" class=\"aioseo-schema\">\n\t\t\t{\"@context\":\"https:\\\/\\\/schema.org\",\"@graph\":[{\"@type\":\"BlogPosting\",\"@id\":\"https:\\\/\\\/www.eldigitaldeasturias.com\\\/noticias\\\/mujica-encontro-a-un-fidel-deteriorado-pero-preocupado-por-la-humanidad\\\/#blogposting\",\"name\":\"Mujica encontr\\u00f3 a un Fidel \\u00abdeteriorado\\u00bb pero \\u00abpreocupado\\u00bb por la Humanidad - El Digital de Asturias\",\"headline\":\"Mujica encontr\\u00f3 a un Fidel \\u00abdeteriorado\\u00bb pero \\u00abpreocupado\\u00bb por la Humanidad\",\"author\":{\"@id\":\"https:\\\/\\\/www.eldigitaldeasturias.com\\\/noticias\\\/author\\\/admin\\\/#author\"},\"publisher\":{\"@id\":\"https:\\\/\\\/www.eldigitaldeasturias.com\\\/noticias\\\/#organization\"},\"image\":{\"@type\":\"ImageObject\",\"url\":\"https:\\\/\\\/www.eldigitaldeasturias.com\\\/noticias\\\/wp-content\\\/uploads\\\/2026\\\/06\\\/Contenidos.jpg\",\"width\":1265,\"height\":697,\"caption\":\"Contenidos\"},\"datePublished\":\"2014-01-31T17:36:18+01:00\",\"dateModified\":\"2014-01-31T17:36:18+01:00\",\"inLanguage\":\"es-ES\",\"mainEntityOfPage\":{\"@id\":\"https:\\\/\\\/www.eldigitaldeasturias.com\\\/noticias\\\/mujica-encontro-a-un-fidel-deteriorado-pero-preocupado-por-la-humanidad\\\/#webpage\"},\"isPartOf\":{\"@id\":\"https:\\\/\\\/www.eldigitaldeasturias.com\\\/noticias\\\/mujica-encontro-a-un-fidel-deteriorado-pero-preocupado-por-la-humanidad\\\/#webpage\"},\"articleSection\":\"Actualidad\"},{\"@type\":\"BreadcrumbList\",\"@id\":\"https:\\\/\\\/www.eldigitaldeasturias.com\\\/noticias\\\/mujica-encontro-a-un-fidel-deteriorado-pero-preocupado-por-la-humanidad\\\/#breadcrumblist\",\"itemListElement\":[{\"@type\":\"ListItem\",\"@id\":\"https:\\\/\\\/www.eldigitaldeasturias.com\\\/noticias#listItem\",\"position\":1,\"name\":\"Home\",\"item\":\"https:\\\/\\\/www.eldigitaldeasturias.com\\\/noticias\",\"nextItem\":{\"@type\":\"ListItem\",\"@id\":\"https:\\\/\\\/www.eldigitaldeasturias.com\\\/noticias\\\/category\\\/actualidad\\\/#listItem\",\"name\":\"Actualidad\"}},{\"@type\":\"ListItem\",\"@id\":\"https:\\\/\\\/www.eldigitaldeasturias.com\\\/noticias\\\/category\\\/actualidad\\\/#listItem\",\"position\":2,\"name\":\"Actualidad\",\"item\":\"https:\\\/\\\/www.eldigitaldeasturias.com\\\/noticias\\\/category\\\/actualidad\\\/\",\"nextItem\":{\"@type\":\"ListItem\",\"@id\":\"https:\\\/\\\/www.eldigitaldeasturias.com\\\/noticias\\\/mujica-encontro-a-un-fidel-deteriorado-pero-preocupado-por-la-humanidad\\\/#listItem\",\"name\":\"Mujica encontr\\u00f3 a un Fidel \\u00abdeteriorado\\u00bb pero \\u00abpreocupado\\u00bb por la Humanidad\"},\"previousItem\":{\"@type\":\"ListItem\",\"@id\":\"https:\\\/\\\/www.eldigitaldeasturias.com\\\/noticias#listItem\",\"name\":\"Home\"}},{\"@type\":\"ListItem\",\"@id\":\"https:\\\/\\\/www.eldigitaldeasturias.com\\\/noticias\\\/mujica-encontro-a-un-fidel-deteriorado-pero-preocupado-por-la-humanidad\\\/#listItem\",\"position\":3,\"name\":\"Mujica encontr\\u00f3 a un Fidel \\u00abdeteriorado\\u00bb pero \\u00abpreocupado\\u00bb por la Humanidad\",\"previousItem\":{\"@type\":\"ListItem\",\"@id\":\"https:\\\/\\\/www.eldigitaldeasturias.com\\\/noticias\\\/category\\\/actualidad\\\/#listItem\",\"name\":\"Actualidad\"}}]},{\"@type\":\"Organization\",\"@id\":\"https:\\\/\\\/www.eldigitaldeasturias.com\\\/noticias\\\/#organization\",\"name\":\"El Digital de Asturias\",\"description\":\"Hemeroteca\",\"url\":\"https:\\\/\\\/www.eldigitaldeasturias.com\\\/noticias\\\/\",\"email\":\"info@eldigitaldeasturias.com\",\"telephone\":\"+34652131393\",\"logo\":{\"@type\":\"ImageObject\",\"url\":\"https:\\\/\\\/www.eldigitaldeasturias.com\\\/noticias\\\/wp-content\\\/uploads\\\/2020\\\/12\\\/EDA.jpg\",\"@id\":\"https:\\\/\\\/www.eldigitaldeasturias.com\\\/noticias\\\/mujica-encontro-a-un-fidel-deteriorado-pero-preocupado-por-la-humanidad\\\/#organizationLogo\"},\"image\":{\"@id\":\"https:\\\/\\\/www.eldigitaldeasturias.com\\\/noticias\\\/mujica-encontro-a-un-fidel-deteriorado-pero-preocupado-por-la-humanidad\\\/#organizationLogo\"},\"sameAs\":[\"https:\\\/\\\/facebook.com\\\/eldigitaldeasturias\",\"https:\\\/\\\/www.youtube.com\\\/channel\\\/UCZP-2wLEB9Rv6erhFmqVnvg\"],\"address\":{\"@id\":\"https:\\\/\\\/www.eldigitaldeasturias.com\\\/noticias\\\/#postaladdress\",\"@type\":\"PostalAddress\",\"streetAddress\":\"san antonio 4\",\"postalCode\":\"33430\",\"addressLocality\":\"Cand\\u00e1s\",\"addressRegion\":\"Asturias\",\"addressCountry\":\"ES\"}},{\"@type\":\"Person\",\"@id\":\"https:\\\/\\\/www.eldigitaldeasturias.com\\\/noticias\\\/author\\\/admin\\\/#author\",\"url\":\"https:\\\/\\\/www.eldigitaldeasturias.com\\\/noticias\\\/author\\\/admin\\\/\",\"name\":\"El Digital de Asturias\",\"image\":{\"@type\":\"ImageObject\",\"@id\":\"https:\\\/\\\/www.eldigitaldeasturias.com\\\/noticias\\\/mujica-encontro-a-un-fidel-deteriorado-pero-preocupado-por-la-humanidad\\\/#authorImage\",\"url\":\"https:\\\/\\\/secure.gravatar.com\\\/avatar\\\/df2aeffc32bcd13f8d26072ef8a91b623d677766deac7f97ca815868cd41bf5e?s=96&d=mm&r=g\",\"width\":96,\"height\":96,\"caption\":\"El Digital de Asturias\"}},{\"@type\":\"WebPage\",\"@id\":\"https:\\\/\\\/www.eldigitaldeasturias.com\\\/noticias\\\/mujica-encontro-a-un-fidel-deteriorado-pero-preocupado-por-la-humanidad\\\/#webpage\",\"url\":\"https:\\\/\\\/www.eldigitaldeasturias.com\\\/noticias\\\/mujica-encontro-a-un-fidel-deteriorado-pero-preocupado-por-la-humanidad\\\/\",\"name\":\"Mujica encontr\\u00f3 a un Fidel \\u00abdeteriorado\\u00bb pero \\u00abpreocupado\\u00bb por la Humanidad - El Digital de Asturias\",\"description\":\"Montevideo, 31 ene (EFE).- El presidente de Uruguay, el exguerrillero Jos\\u00e9 Mujica, vio al l\\u00edder cubano Fidel Castro \\\"anciano\\\" y \\\"deteriorado\\\" desde el punto de vista f\\u00edsico, pero \\\"preocupado por el destino de la Humanidad\\\" durante el reciente encuentro que sostuvieron en La Habana. \\\"El Fidel anciano, deteriorado en la salud, est\\u00e1 en l\\u00ednea, es\",\"inLanguage\":\"es-ES\",\"isPartOf\":{\"@id\":\"https:\\\/\\\/www.eldigitaldeasturias.com\\\/noticias\\\/#website\"},\"breadcrumb\":{\"@id\":\"https:\\\/\\\/www.eldigitaldeasturias.com\\\/noticias\\\/mujica-encontro-a-un-fidel-deteriorado-pero-preocupado-por-la-humanidad\\\/#breadcrumblist\"},\"author\":{\"@id\":\"https:\\\/\\\/www.eldigitaldeasturias.com\\\/noticias\\\/author\\\/admin\\\/#author\"},\"creator\":{\"@id\":\"https:\\\/\\\/www.eldigitaldeasturias.com\\\/noticias\\\/author\\\/admin\\\/#author\"},\"image\":{\"@type\":\"ImageObject\",\"url\":\"https:\\\/\\\/www.eldigitaldeasturias.com\\\/noticias\\\/wp-content\\\/uploads\\\/2026\\\/06\\\/Contenidos.jpg\",\"@id\":\"https:\\\/\\\/www.eldigitaldeasturias.com\\\/noticias\\\/mujica-encontro-a-un-fidel-deteriorado-pero-preocupado-por-la-humanidad\\\/#mainImage\",\"width\":1265,\"height\":697,\"caption\":\"Contenidos\"},\"primaryImageOfPage\":{\"@id\":\"https:\\\/\\\/www.eldigitaldeasturias.com\\\/noticias\\\/mujica-encontro-a-un-fidel-deteriorado-pero-preocupado-por-la-humanidad\\\/#mainImage\"},\"datePublished\":\"2014-01-31T17:36:18+01:00\",\"dateModified\":\"2014-01-31T17:36:18+01:00\"},{\"@type\":\"WebSite\",\"@id\":\"https:\\\/\\\/www.eldigitaldeasturias.com\\\/noticias\\\/#website\",\"url\":\"https:\\\/\\\/www.eldigitaldeasturias.com\\\/noticias\\\/\",\"name\":\"El Digital de Asturias - Diario de actualidad y noticias\",\"alternateName\":\"El Digital de Asturias - Diario de actualidad y noticias\",\"description\":\"Hemeroteca\",\"inLanguage\":\"es-ES\",\"publisher\":{\"@id\":\"https:\\\/\\\/www.eldigitaldeasturias.com\\\/noticias\\\/#organization\"}}]}\n\t\t<\/script>\n\t\t<!-- All in One SEO Pro -->\r\n\t\t<title>Mujica encontr\u00f3 a un Fidel \u00abdeteriorado\u00bb pero \u00abpreocupado\u00bb por la Humanidad - El Digital de Asturias<\/title>\n\n","aioseo_head_json":{"title":"Mujica encontr\u00f3 a un Fidel \u00abdeteriorado\u00bb pero \u00abpreocupado\u00bb por la Humanidad - El Digital de Asturias","description":"Montevideo, 31 ene (EFE).- El presidente de Uruguay, el exguerrillero Jos\u00e9 Mujica, vio al l\u00edder cubano Fidel Castro \"anciano\" y \"deteriorado\" desde el punto de vista f\u00edsico, pero \"preocupado por el destino de la Humanidad\" durante el reciente encuentro que sostuvieron en La Habana. \"El Fidel anciano, deteriorado en la salud, est\u00e1 en l\u00ednea, es","canonical_url":"https:\/\/www.eldigitaldeasturias.com\/noticias\/mujica-encontro-a-un-fidel-deteriorado-pero-preocupado-por-la-humanidad\/","robots":"max-image-preview:large","keywords":"actualidad","webmasterTools":{"google-site-verification":"UA-38556648-1","msvalidate.01":"7dfe9f3f1b24437ab69f4f2559babe99","miscellaneous":""},"schema":{"@context":"https:\/\/schema.org","@graph":[{"@type":"BlogPosting","@id":"https:\/\/www.eldigitaldeasturias.com\/noticias\/mujica-encontro-a-un-fidel-deteriorado-pero-preocupado-por-la-humanidad\/#blogposting","name":"Mujica encontr\u00f3 a un Fidel \u00abdeteriorado\u00bb pero \u00abpreocupado\u00bb por la Humanidad - El Digital de Asturias","headline":"Mujica encontr\u00f3 a un Fidel \u00abdeteriorado\u00bb pero \u00abpreocupado\u00bb por la Humanidad","author":{"@id":"https:\/\/www.eldigitaldeasturias.com\/noticias\/author\/admin\/#author"},"publisher":{"@id":"https:\/\/www.eldigitaldeasturias.com\/noticias\/#organization"},"image":{"@type":"ImageObject","url":"https:\/\/www.eldigitaldeasturias.com\/noticias\/wp-content\/uploads\/2026\/06\/Contenidos.jpg","width":1265,"height":697,"caption":"Contenidos"},"datePublished":"2014-01-31T17:36:18+01:00","dateModified":"2014-01-31T17:36:18+01:00","inLanguage":"es-ES","mainEntityOfPage":{"@id":"https:\/\/www.eldigitaldeasturias.com\/noticias\/mujica-encontro-a-un-fidel-deteriorado-pero-preocupado-por-la-humanidad\/#webpage"},"isPartOf":{"@id":"https:\/\/www.eldigitaldeasturias.com\/noticias\/mujica-encontro-a-un-fidel-deteriorado-pero-preocupado-por-la-humanidad\/#webpage"},"articleSection":"Actualidad"},{"@type":"BreadcrumbList","@id":"https:\/\/www.eldigitaldeasturias.com\/noticias\/mujica-encontro-a-un-fidel-deteriorado-pero-preocupado-por-la-humanidad\/#breadcrumblist","itemListElement":[{"@type":"ListItem","@id":"https:\/\/www.eldigitaldeasturias.com\/noticias#listItem","position":1,"name":"Home","item":"https:\/\/www.eldigitaldeasturias.com\/noticias","nextItem":{"@type":"ListItem","@id":"https:\/\/www.eldigitaldeasturias.com\/noticias\/category\/actualidad\/#listItem","name":"Actualidad"}},{"@type":"ListItem","@id":"https:\/\/www.eldigitaldeasturias.com\/noticias\/category\/actualidad\/#listItem","position":2,"name":"Actualidad","item":"https:\/\/www.eldigitaldeasturias.com\/noticias\/category\/actualidad\/","nextItem":{"@type":"ListItem","@id":"https:\/\/www.eldigitaldeasturias.com\/noticias\/mujica-encontro-a-un-fidel-deteriorado-pero-preocupado-por-la-humanidad\/#listItem","name":"Mujica encontr\u00f3 a un Fidel \u00abdeteriorado\u00bb pero \u00abpreocupado\u00bb por la Humanidad"},"previousItem":{"@type":"ListItem","@id":"https:\/\/www.eldigitaldeasturias.com\/noticias#listItem","name":"Home"}},{"@type":"ListItem","@id":"https:\/\/www.eldigitaldeasturias.com\/noticias\/mujica-encontro-a-un-fidel-deteriorado-pero-preocupado-por-la-humanidad\/#listItem","position":3,"name":"Mujica encontr\u00f3 a un Fidel \u00abdeteriorado\u00bb pero \u00abpreocupado\u00bb por la Humanidad","previousItem":{"@type":"ListItem","@id":"https:\/\/www.eldigitaldeasturias.com\/noticias\/category\/actualidad\/#listItem","name":"Actualidad"}}]},{"@type":"Organization","@id":"https:\/\/www.eldigitaldeasturias.com\/noticias\/#organization","name":"El Digital de Asturias","description":"Hemeroteca","url":"https:\/\/www.eldigitaldeasturias.com\/noticias\/","email":"info@eldigitaldeasturias.com","telephone":"+34652131393","logo":{"@type":"ImageObject","url":"https:\/\/www.eldigitaldeasturias.com\/noticias\/wp-content\/uploads\/2020\/12\/EDA.jpg","@id":"https:\/\/www.eldigitaldeasturias.com\/noticias\/mujica-encontro-a-un-fidel-deteriorado-pero-preocupado-por-la-humanidad\/#organizationLogo"},"image":{"@id":"https:\/\/www.eldigitaldeasturias.com\/noticias\/mujica-encontro-a-un-fidel-deteriorado-pero-preocupado-por-la-humanidad\/#organizationLogo"},"sameAs":["https:\/\/facebook.com\/eldigitaldeasturias","https:\/\/www.youtube.com\/channel\/UCZP-2wLEB9Rv6erhFmqVnvg"],"address":{"@id":"https:\/\/www.eldigitaldeasturias.com\/noticias\/#postaladdress","@type":"PostalAddress","streetAddress":"san antonio 4","postalCode":"33430","addressLocality":"Cand\u00e1s","addressRegion":"Asturias","addressCountry":"ES"}},{"@type":"Person","@id":"https:\/\/www.eldigitaldeasturias.com\/noticias\/author\/admin\/#author","url":"https:\/\/www.eldigitaldeasturias.com\/noticias\/author\/admin\/","name":"El Digital de Asturias","image":{"@type":"ImageObject","@id":"https:\/\/www.eldigitaldeasturias.com\/noticias\/mujica-encontro-a-un-fidel-deteriorado-pero-preocupado-por-la-humanidad\/#authorImage","url":"https:\/\/secure.gravatar.com\/avatar\/df2aeffc32bcd13f8d26072ef8a91b623d677766deac7f97ca815868cd41bf5e?s=96&d=mm&r=g","width":96,"height":96,"caption":"El Digital de Asturias"}},{"@type":"WebPage","@id":"https:\/\/www.eldigitaldeasturias.com\/noticias\/mujica-encontro-a-un-fidel-deteriorado-pero-preocupado-por-la-humanidad\/#webpage","url":"https:\/\/www.eldigitaldeasturias.com\/noticias\/mujica-encontro-a-un-fidel-deteriorado-pero-preocupado-por-la-humanidad\/","name":"Mujica encontr\u00f3 a un Fidel \u00abdeteriorado\u00bb pero \u00abpreocupado\u00bb por la Humanidad - El Digital de Asturias","description":"Montevideo, 31 ene (EFE).- El presidente de Uruguay, el exguerrillero Jos\u00e9 Mujica, vio al l\u00edder cubano Fidel Castro \"anciano\" y \"deteriorado\" desde el punto de vista f\u00edsico, pero \"preocupado por el destino de la Humanidad\" durante el reciente encuentro que sostuvieron en La Habana. \"El Fidel anciano, deteriorado en la salud, est\u00e1 en l\u00ednea, es","inLanguage":"es-ES","isPartOf":{"@id":"https:\/\/www.eldigitaldeasturias.com\/noticias\/#website"},"breadcrumb":{"@id":"https:\/\/www.eldigitaldeasturias.com\/noticias\/mujica-encontro-a-un-fidel-deteriorado-pero-preocupado-por-la-humanidad\/#breadcrumblist"},"author":{"@id":"https:\/\/www.eldigitaldeasturias.com\/noticias\/author\/admin\/#author"},"creator":{"@id":"https:\/\/www.eldigitaldeasturias.com\/noticias\/author\/admin\/#author"},"image":{"@type":"ImageObject","url":"https:\/\/www.eldigitaldeasturias.com\/noticias\/wp-content\/uploads\/2026\/06\/Contenidos.jpg","@id":"https:\/\/www.eldigitaldeasturias.com\/noticias\/mujica-encontro-a-un-fidel-deteriorado-pero-preocupado-por-la-humanidad\/#mainImage","width":1265,"height":697,"caption":"Contenidos"},"primaryImageOfPage":{"@id":"https:\/\/www.eldigitaldeasturias.com\/noticias\/mujica-encontro-a-un-fidel-deteriorado-pero-preocupado-por-la-humanidad\/#mainImage"},"datePublished":"2014-01-31T17:36:18+01:00","dateModified":"2014-01-31T17:36:18+01:00"},{"@type":"WebSite","@id":"https:\/\/www.eldigitaldeasturias.com\/noticias\/#website","url":"https:\/\/www.eldigitaldeasturias.com\/noticias\/","name":"El Digital de Asturias - Diario de actualidad y noticias","alternateName":"El Digital de Asturias - Diario de actualidad y noticias","description":"Hemeroteca","inLanguage":"es-ES","publisher":{"@id":"https:\/\/www.eldigitaldeasturias.com\/noticias\/#organization"}}]},"og:locale":"es_ES","og:site_name":"El Digital de Asturias","og:type":"article","og:title":"Mujica encontr\u00f3 a un Fidel \u00abdeteriorado\u00bb pero \u00abpreocupado\u00bb por la Humanidad - El Digital de Asturias","og:description":"Montevideo, 31 ene (EFE).- El presidente de Uruguay, el exguerrillero Jos\u00e9 Mujica, vio al l\u00edder cubano Fidel Castro &quot;anciano&quot; y &quot;deteriorado&quot; desde el punto de vista f\u00edsico, pero &quot;preocupado por el destino de la Humanidad&quot; durante el reciente encuentro que sostuvieron en La Habana. &quot;El Fidel anciano, deteriorado en la salud, est\u00e1 en l\u00ednea, es","og:url":"https:\/\/www.eldigitaldeasturias.com\/noticias\/mujica-encontro-a-un-fidel-deteriorado-pero-preocupado-por-la-humanidad\/","og:image":"https:\/\/www.eldigitaldeasturias.com\/noticias\/wp-content\/uploads\/2026\/06\/Contenidos.jpg","og:image:secure_url":"https:\/\/www.eldigitaldeasturias.com\/noticias\/wp-content\/uploads\/2026\/06\/Contenidos.jpg","og:image:width":1265,"og:image:height":697,"article:tag":["actualidad"],"article:published_time":"2014-01-31T18:36:18+00:00","article:modified_time":"2014-01-31T18:36:18+00:00","article:publisher":"https:\/\/facebook.com\/eldigitaldeasturias","twitter:card":"summary_large_image","twitter:title":"Mujica encontr\u00f3 a un Fidel \u00abdeteriorado\u00bb pero \u00abpreocupado\u00bb por la Humanidad - El Digital de Asturias","twitter:description":"Montevideo, 31 ene (EFE).- El presidente de Uruguay, el exguerrillero Jos\u00e9 Mujica, vio al l\u00edder cubano Fidel Castro &quot;anciano&quot; y &quot;deteriorado&quot; desde el punto de vista f\u00edsico, pero &quot;preocupado por el destino de la Humanidad&quot; durante el reciente encuentro que sostuvieron en La Habana. &quot;El Fidel anciano, deteriorado en la salud, est\u00e1 en l\u00ednea, es","twitter:image":"https:\/\/www.eldigitaldeasturias.com\/noticias\/wp-content\/uploads\/2026\/06\/Contenidos.jpg","twitter:label1":"Escrito por","twitter:data1":"El Digital de Asturias","twitter:label2":"Tiempo de lectura estimado","twitter:data2":"2 minutos"},"aioseo_meta_data":{"post_id":"481168","title":null,"description":null,"keywords":null,"keyphrases":null,"primary_term":null,"canonical_url":null,"og_title":null,"og_description":null,"og_object_type":"default","og_image_type":"default","og_image_url":null,"og_image_width":null,"og_image_height":null,"og_image_custom_url":null,"og_image_custom_fields":null,"og_video":null,"og_custom_url":null,"og_article_section":null,"og_article_tags":null,"twitter_use_og":true,"twitter_card":"default","twitter_image_type":"default","twitter_image_url":null,"twitter_image_custom_url":null,"twitter_image_custom_fields":null,"twitter_title":null,"twitter_description":null,"schema":{"blockGraphs":[],"customGraphs":[],"default":{"data":{"Article":[],"Course":[],"Dataset":[],"FAQPage":[],"Movie":[],"Person":[],"Product":[],"ProductReview":[],"Car":[],"Recipe":[],"Service":[],"SoftwareApplication":[],"WebPage":[]},"graphName":"","isEnabled":true},"graphs":[],"defaultGraph":"","defaultPostTypeGraph":""},"schema_type":null,"schema_type_options":null,"pillar_content":false,"robots_default":true,"robots_noindex":false,"robots_noarchive":false,"robots_nosnippet":false,"robots_nofollow":false,"robots_noimageindex":false,"robots_noodp":false,"robots_notranslate":false,"robots_max_snippet":null,"robots_max_videopreview":null,"robots_max_imagepreview":"none","priority":null,"frequency":null,"local_seo":null,"seo_analyzer_scan_date":"2026-06-02 05:58:55","breadcrumb_settings":null,"limit_modified_date":false,"open_ai":null,"ai":null,"created":"2020-11-14 22:54:17","updated":"2026-06-02 05:58:55","focus_keyword":null,"additional_keywords":null,"truseo_locale":null},"aioseo_breadcrumb":"<div class=\"aioseo-breadcrumbs\"><span class=\"aioseo-breadcrumb\">\n\t<a href=\"https:\/\/www.eldigitaldeasturias.com\/noticias\" title=\"Home\">Home<\/a>\n<\/span><span class=\"aioseo-breadcrumb-separator\">\u2013<\/span><span class=\"aioseo-breadcrumb\">\n\t<a href=\"https:\/\/www.eldigitaldeasturias.com\/noticias\/category\/actualidad\/\" title=\"Actualidad\">Actualidad<\/a>\n<\/span><span class=\"aioseo-breadcrumb-separator\">\u2013<\/span><span class=\"aioseo-breadcrumb\">\n\t<a href=\"https:\/\/www.eldigitaldeasturias.com\/noticias\/mujica-encontro-a-un-fidel-deteriorado-pero-preocupado-por-la-humanidad\/\" title=\"Mujica encontr\u00f3 a un Fidel \u00abdeteriorado\u00bb pero \u00abpreocupado\u00bb por la Humanidad\">Mujica encontr\u00f3 a un Fidel \u00abdeteriorado\u00bb pero \u00abpreocupado\u00bb por la Humanidad<\/a>\n<\/span><\/div>","aioseo_breadcrumb_json":[{"label":"Home","link":"https:\/\/www.eldigitaldeasturias.com\/noticias"},{"label":"Actualidad","link":"https:\/\/www.eldigitaldeasturias.com\/noticias\/category\/actualidad\/"},{"label":"Mujica encontr\u00f3 a un Fidel \u00abdeteriorado\u00bb pero \u00abpreocupado\u00bb por la Humanidad","link":"https:\/\/www.eldigitaldeasturias.com\/noticias\/mujica-encontro-a-un-fidel-deteriorado-pero-preocupado-por-la-humanidad\/"}],"_links":{"self":[{"href":"https:\/\/www.eldigitaldeasturias.com\/noticias\/wp-json\/wp\/v2\/posts\/481168","targetHints":{"allow":["GET"]}}],"collection":[{"href":"https:\/\/www.eldigitaldeasturias.com\/noticias\/wp-json\/wp\/v2\/posts"}],"about":[{"href":"https:\/\/www.eldigitaldeasturias.com\/noticias\/wp-json\/wp\/v2\/types\/post"}],"author":[{"embeddable":true,"href":"https:\/\/www.eldigitaldeasturias.com\/noticias\/wp-json\/wp\/v2\/users\/1"}],"replies":[{"embeddable":true,"href":"https:\/\/www.eldigitaldeasturias.com\/noticias\/wp-json\/wp\/v2\/comments?post=481168"}],"version-history":[{"count":0,"href":"https:\/\/www.eldigitaldeasturias.com\/noticias\/wp-json\/wp\/v2\/posts\/481168\/revisions"}],"wp:featuredmedia":[{"embeddable":true,"href":"https:\/\/www.eldigitaldeasturias.com\/noticias\/wp-json\/wp\/v2\/media\/1132184"}],"wp:attachment":[{"href":"https:\/\/www.eldigitaldeasturias.com\/noticias\/wp-json\/wp\/v2\/media?parent=481168"}],"wp:term":[{"taxonomy":"category","embeddable":true,"href":"https:\/\/www.eldigitaldeasturias.com\/noticias\/wp-json\/wp\/v2\/categories?post=481168"},{"taxonomy":"post_tag","embeddable":true,"href":"https:\/\/www.eldigitaldeasturias.com\/noticias\/wp-json\/wp\/v2\/tags?post=481168"}],"curies":[{"name":"wp","href":"https:\/\/api.w.org\/{rel}","templated":true}]}}