{"id":481165,"date":"2014-01-31T17:35:21","date_gmt":"2014-01-31T18:35:21","guid":{"rendered":"http:\/\/www.eldigitaldeasturias.com\/noticias\/?p=481165"},"modified":"2014-01-31T17:35:21","modified_gmt":"2014-01-31T18:35:21","slug":"fernandez-critica-a-medios-opositores-por-cuestionar-sus-ausencias-y-salud","status":"publish","type":"post","link":"https:\/\/www.eldigitaldeasturias.com\/noticias\/fernandez-critica-a-medios-opositores-por-cuestionar-sus-ausencias-y-salud\/","title":{"rendered":"Fern\u00e1ndez critica a \u00abmedios opositores\u00bb por cuestionar sus ausencias y salud"},"content":{"rendered":"<p><img loading=\"lazy\" decoding=\"async\" class=\"alignleft size-medium wp-image-481166\" alt=\"5895533w\" src=\"https:\/\/www.eldigitaldeasturias.com\/noticias\/wp-content\/uploads\/2014\/01\/5895533w-282x320.jpg\" width=\"282\" height=\"320\" \/>Buenos Aires, 31 ene (EFE).- La presidenta argentina, Cristina Fern\u00e1ndez, critic\u00f3 a los \u00abmedios opositores\u00bb por cuestionar sus ausencias de la primera l\u00ednea pol\u00edtica y su estado de salud, tras su \u00faltima visita hospitalaria en la que se le diagnostic\u00f3 una \u00abbursitis\u00bb en la cadera.<\/p>\n<p>\u00abCasi 21:30. Salgo de la (Casa) Rosada. Fot\u00f3grafos y c\u00e1maras varias. Inclusive, uno en la entrada del helipuerto. Ah, no ya s\u00e9, habr\u00e1n mandado a los fot\u00f3grafos porque esperaban verme salir en muletas, por la bursitis del troc\u00e1nter izquierdo diagnosticado?\u00bb, escribi\u00f3 Fern\u00e1ndez anoche en su cuenta de Twitter.<\/p>\n<p>\u00abWhat is this? Nadaa, una inflamaci\u00f3n que se trata con kinesiolog\u00eda y un poco de hielo. No, seguro que no. Me juego por el t\u00edtulo cat\u00e1strofe &#8216;Cristina se reuni\u00f3 en Gobierno con funcionarios. Hay preocupaci\u00f3n por la ca\u00edda de reservas'\u00bb, agreg\u00f3.<\/p>\n<p>La presidenta se refiri\u00f3 a lo titulares de ciertas informaciones publicadas en \u00abmedios opositores\u00bb como \u00abClar\u00edn\u00bb o \u00abLa Naci\u00f3n\u00bb, elaborados con \u00abcontradicciones permanentes\u00bb.<\/p>\n<p>\u00abQue si habla, que si no habla, que cuando habla no la publican, etc, etc, etc\u00bb, dijo.<\/p>\n<p>En la red social, la mandataria hizo referencia tambi\u00e9n a los d\u00edas que pas\u00f3 con su familia en la localidad sure\u00f1a de El Calafate durante la Navidad, unas vacaciones por las que tambi\u00e9n fue duramente criticada.<\/p>\n<p>\u00abMe fui el viernes 20\/12 A MI CASA y volv\u00ed el lunes 6\/1. 4 d\u00edas h\u00e1biles fuera de Bs. As (Buenos Aires). El resto de los dirigentes pol\u00edticos propios y ajenos se los ve en playas todo el mes de enero, vacacionando. Ojo q no es cr\u00edtica, a nadie.\u00bb, subray\u00f3.<\/p>\n<p>Adem\u00e1s, reproch\u00f3 la cobertura que algunos peri\u00f3dicos realizaron de la cumbre de la Comunidad de Estados Latinoamericanos y Caribe\u00f1os (Celac), que se centraron en ella y no en los temas que all\u00ed se trataron.<\/p>\n<p>\u00abCristina pasa el fin de semana en Cuba\u00bb Qu\u00e9 tal? Cualquier distra\u00eddo, que los hay, piensa&#8230;\u00bfy \u00e9sta que hace de vacaciones en Cuba? Porque de la CELAC&#8230; nada\u00bb, puntualiz\u00f3.<\/p>\n<p>En sus \u00faltimos tuits, la presidenta volvi\u00f3 a cargar contra la forma de titular de ciertos medios que defini\u00f3 como \u00abla construcci\u00f3n de la mentira diaria, la contradicci\u00f3n pat\u00e9tica y la cat\u00e1strofe permanente\u00bb.<\/p>\n<p>\u00abAh. Si no ponen el t\u00edtulo que dije al principio&#8230; Me juego por \u00e9ste otro: &#8216;duro ataque de CFK a la prensa y como subt\u00edtulo &#8216;furia y catarata verborr\u00e1gica a trav\u00e9s de su cuenta en twitter&#8230;'\u00bb, concluy\u00f3.<\/p>\n","protected":false},"excerpt":{"rendered":"<p>Buenos Aires, 31 ene (EFE).- La presidenta argentina, Cristina Fern\u00e1ndez, critic\u00f3 a los \u00abmedios opositores\u00bb por cuestionar sus ausencias de la primera l\u00ednea pol\u00edtica y su estado de salud, tras su \u00faltima visita hospitalaria en la que se le diagnostic\u00f3 una \u00abbursitis\u00bb en la cadera. \u00abCasi 21:30. Salgo de la (Casa) Rosada. Fot\u00f3grafos y c\u00e1maras [&hellip;]<\/p>\n","protected":false},"author":1,"featured_media":1132184,"comment_status":"closed","ping_status":"open","sticky":false,"template":"","format":"standard","meta":{"footnotes":""},"categories":[1],"tags":[],"class_list":["post-481165","post","type-post","status-publish","format-standard","has-post-thumbnail","hentry","category-actualidad"],"aioseo_notices":[],"aioseo_head":"\n\t\t<!-- All in One SEO Pro 5.0.1 - aioseo.com -->\n\t<meta name=\"description\" content=\"Buenos Aires, 31 ene (EFE).- La presidenta argentina, Cristina Fern\u00e1ndez, critic\u00f3 a los &quot;medios opositores&quot; por cuestionar sus ausencias de la primera l\u00ednea pol\u00edtica y su estado de salud, tras su \u00faltima visita hospitalaria en la que se le diagnostic\u00f3 una &quot;bursitis&quot; en la cadera. &quot;Casi 21:30. Salgo de la (Casa) Rosada. Fot\u00f3grafos y c\u00e1maras\" \/>\n\t<meta name=\"robots\" content=\"max-image-preview:large\" \/>\n\t<meta name=\"author\" content=\"El Digital de Asturias\"\/>\n\t<meta name=\"google-site-verification\" content=\"UA-38556648-1\" \/>\n\t<meta name=\"msvalidate.01\" content=\"7dfe9f3f1b24437ab69f4f2559babe99\" \/>\n\t<meta name=\"keywords\" content=\"actualidad\" \/>\n\t<link rel=\"canonical\" href=\"https:\/\/www.eldigitaldeasturias.com\/noticias\/fernandez-critica-a-medios-opositores-por-cuestionar-sus-ausencias-y-salud\/\" \/>\n\t<meta name=\"generator\" content=\"All in One SEO Pro (AIOSEO) 5.0.1\" \/>\n\t\t<meta property=\"og:locale\" content=\"es_ES\" \/>\n\t\t<meta property=\"og:site_name\" content=\"El Digital de Asturias\" \/>\n\t\t<meta property=\"og:type\" content=\"article\" \/>\n\t\t<meta property=\"og:title\" content=\"Fern\u00e1ndez critica a \u00abmedios opositores\u00bb por cuestionar sus ausencias y salud - El Digital de Asturias\" \/>\n\t\t<meta property=\"og:description\" content=\"Buenos Aires, 31 ene (EFE).- La presidenta argentina, Cristina Fern\u00e1ndez, critic\u00f3 a los &quot;medios opositores&quot; por cuestionar sus ausencias de la primera l\u00ednea pol\u00edtica y su estado de salud, tras su \u00faltima visita hospitalaria en la que se le diagnostic\u00f3 una &quot;bursitis&quot; en la cadera. &quot;Casi 21:30. Salgo de la (Casa) Rosada. Fot\u00f3grafos y c\u00e1maras\" \/>\n\t\t<meta property=\"og:url\" content=\"https:\/\/www.eldigitaldeasturias.com\/noticias\/fernandez-critica-a-medios-opositores-por-cuestionar-sus-ausencias-y-salud\/\" \/>\n\t\t<meta property=\"og:image\" content=\"https:\/\/www.eldigitaldeasturias.com\/noticias\/wp-content\/uploads\/2026\/06\/Contenidos.jpg\" \/>\n\t\t<meta property=\"og:image:secure_url\" content=\"https:\/\/www.eldigitaldeasturias.com\/noticias\/wp-content\/uploads\/2026\/06\/Contenidos.jpg\" \/>\n\t\t<meta property=\"og:image:width\" content=\"1265\" \/>\n\t\t<meta property=\"og:image:height\" content=\"697\" \/>\n\t\t<meta property=\"article:tag\" content=\"actualidad\" \/>\n\t\t<meta property=\"article:published_time\" content=\"2014-01-31T18:35:21+00:00\" \/>\n\t\t<meta property=\"article:modified_time\" content=\"2014-01-31T18:35:21+00:00\" \/>\n\t\t<meta property=\"article:publisher\" content=\"https:\/\/facebook.com\/eldigitaldeasturias\" \/>\n\t\t<meta name=\"twitter:card\" content=\"summary_large_image\" \/>\n\t\t<meta name=\"twitter:title\" content=\"Fern\u00e1ndez critica a \u00abmedios opositores\u00bb por cuestionar sus ausencias y salud - El Digital de Asturias\" \/>\n\t\t<meta name=\"twitter:description\" content=\"Buenos Aires, 31 ene (EFE).- La presidenta argentina, Cristina Fern\u00e1ndez, critic\u00f3 a los &quot;medios opositores&quot; por cuestionar sus ausencias de la primera l\u00ednea pol\u00edtica y su estado de salud, tras su \u00faltima visita hospitalaria en la que se le diagnostic\u00f3 una &quot;bursitis&quot; en la cadera. &quot;Casi 21:30. Salgo de la (Casa) Rosada. Fot\u00f3grafos y c\u00e1maras\" \/>\n\t\t<meta name=\"twitter:image\" content=\"https:\/\/www.eldigitaldeasturias.com\/noticias\/wp-content\/uploads\/2026\/06\/Contenidos.jpg\" \/>\n\t\t<meta name=\"twitter:label1\" content=\"Escrito por\" \/>\n\t\t<meta name=\"twitter:data1\" content=\"El Digital de Asturias\" \/>\n\t\t<meta name=\"twitter:label2\" content=\"Tiempo de lectura estimado\" \/>\n\t\t<meta name=\"twitter:data2\" content=\"2 minutos\" \/>\n\t\t<script type=\"application\/ld+json\" class=\"aioseo-schema\">\n\t\t\t{\"@context\":\"https:\\\/\\\/schema.org\",\"@graph\":[{\"@type\":\"BlogPosting\",\"@id\":\"https:\\\/\\\/www.eldigitaldeasturias.com\\\/noticias\\\/fernandez-critica-a-medios-opositores-por-cuestionar-sus-ausencias-y-salud\\\/#blogposting\",\"name\":\"Fern\\u00e1ndez critica a \\u00abmedios opositores\\u00bb por cuestionar sus ausencias y salud - El Digital de Asturias\",\"headline\":\"Fern\\u00e1ndez critica a \\u00abmedios opositores\\u00bb por cuestionar sus ausencias y salud\",\"author\":{\"@id\":\"https:\\\/\\\/www.eldigitaldeasturias.com\\\/noticias\\\/author\\\/admin\\\/#author\"},\"publisher\":{\"@id\":\"https:\\\/\\\/www.eldigitaldeasturias.com\\\/noticias\\\/#organization\"},\"image\":{\"@type\":\"ImageObject\",\"url\":\"https:\\\/\\\/www.eldigitaldeasturias.com\\\/noticias\\\/wp-content\\\/uploads\\\/2026\\\/06\\\/Contenidos.jpg\",\"width\":1265,\"height\":697,\"caption\":\"Contenidos\"},\"datePublished\":\"2014-01-31T17:35:21+01:00\",\"dateModified\":\"2014-01-31T17:35:21+01:00\",\"inLanguage\":\"es-ES\",\"mainEntityOfPage\":{\"@id\":\"https:\\\/\\\/www.eldigitaldeasturias.com\\\/noticias\\\/fernandez-critica-a-medios-opositores-por-cuestionar-sus-ausencias-y-salud\\\/#webpage\"},\"isPartOf\":{\"@id\":\"https:\\\/\\\/www.eldigitaldeasturias.com\\\/noticias\\\/fernandez-critica-a-medios-opositores-por-cuestionar-sus-ausencias-y-salud\\\/#webpage\"},\"articleSection\":\"Actualidad\"},{\"@type\":\"BreadcrumbList\",\"@id\":\"https:\\\/\\\/www.eldigitaldeasturias.com\\\/noticias\\\/fernandez-critica-a-medios-opositores-por-cuestionar-sus-ausencias-y-salud\\\/#breadcrumblist\",\"itemListElement\":[{\"@type\":\"ListItem\",\"@id\":\"https:\\\/\\\/www.eldigitaldeasturias.com\\\/noticias#listItem\",\"position\":1,\"name\":\"Home\",\"item\":\"https:\\\/\\\/www.eldigitaldeasturias.com\\\/noticias\",\"nextItem\":{\"@type\":\"ListItem\",\"@id\":\"https:\\\/\\\/www.eldigitaldeasturias.com\\\/noticias\\\/category\\\/actualidad\\\/#listItem\",\"name\":\"Actualidad\"}},{\"@type\":\"ListItem\",\"@id\":\"https:\\\/\\\/www.eldigitaldeasturias.com\\\/noticias\\\/category\\\/actualidad\\\/#listItem\",\"position\":2,\"name\":\"Actualidad\",\"item\":\"https:\\\/\\\/www.eldigitaldeasturias.com\\\/noticias\\\/category\\\/actualidad\\\/\",\"nextItem\":{\"@type\":\"ListItem\",\"@id\":\"https:\\\/\\\/www.eldigitaldeasturias.com\\\/noticias\\\/fernandez-critica-a-medios-opositores-por-cuestionar-sus-ausencias-y-salud\\\/#listItem\",\"name\":\"Fern\\u00e1ndez critica a \\u00abmedios opositores\\u00bb por cuestionar sus ausencias y salud\"},\"previousItem\":{\"@type\":\"ListItem\",\"@id\":\"https:\\\/\\\/www.eldigitaldeasturias.com\\\/noticias#listItem\",\"name\":\"Home\"}},{\"@type\":\"ListItem\",\"@id\":\"https:\\\/\\\/www.eldigitaldeasturias.com\\\/noticias\\\/fernandez-critica-a-medios-opositores-por-cuestionar-sus-ausencias-y-salud\\\/#listItem\",\"position\":3,\"name\":\"Fern\\u00e1ndez critica a \\u00abmedios opositores\\u00bb por cuestionar sus ausencias y salud\",\"previousItem\":{\"@type\":\"ListItem\",\"@id\":\"https:\\\/\\\/www.eldigitaldeasturias.com\\\/noticias\\\/category\\\/actualidad\\\/#listItem\",\"name\":\"Actualidad\"}}]},{\"@type\":\"Organization\",\"@id\":\"https:\\\/\\\/www.eldigitaldeasturias.com\\\/noticias\\\/#organization\",\"name\":\"El Digital de Asturias\",\"description\":\"Hemeroteca\",\"url\":\"https:\\\/\\\/www.eldigitaldeasturias.com\\\/noticias\\\/\",\"email\":\"info@eldigitaldeasturias.com\",\"telephone\":\"+34652131393\",\"logo\":{\"@type\":\"ImageObject\",\"url\":\"https:\\\/\\\/www.eldigitaldeasturias.com\\\/noticias\\\/wp-content\\\/uploads\\\/2020\\\/12\\\/EDA.jpg\",\"@id\":\"https:\\\/\\\/www.eldigitaldeasturias.com\\\/noticias\\\/fernandez-critica-a-medios-opositores-por-cuestionar-sus-ausencias-y-salud\\\/#organizationLogo\"},\"image\":{\"@id\":\"https:\\\/\\\/www.eldigitaldeasturias.com\\\/noticias\\\/fernandez-critica-a-medios-opositores-por-cuestionar-sus-ausencias-y-salud\\\/#organizationLogo\"},\"sameAs\":[\"https:\\\/\\\/facebook.com\\\/eldigitaldeasturias\",\"https:\\\/\\\/www.youtube.com\\\/channel\\\/UCZP-2wLEB9Rv6erhFmqVnvg\"],\"address\":{\"@id\":\"https:\\\/\\\/www.eldigitaldeasturias.com\\\/noticias\\\/#postaladdress\",\"@type\":\"PostalAddress\",\"streetAddress\":\"san antonio 4\",\"postalCode\":\"33430\",\"addressLocality\":\"Cand\\u00e1s\",\"addressRegion\":\"Asturias\",\"addressCountry\":\"ES\"}},{\"@type\":\"Person\",\"@id\":\"https:\\\/\\\/www.eldigitaldeasturias.com\\\/noticias\\\/author\\\/admin\\\/#author\",\"url\":\"https:\\\/\\\/www.eldigitaldeasturias.com\\\/noticias\\\/author\\\/admin\\\/\",\"name\":\"El Digital de Asturias\",\"image\":{\"@type\":\"ImageObject\",\"@id\":\"https:\\\/\\\/www.eldigitaldeasturias.com\\\/noticias\\\/fernandez-critica-a-medios-opositores-por-cuestionar-sus-ausencias-y-salud\\\/#authorImage\",\"url\":\"https:\\\/\\\/secure.gravatar.com\\\/avatar\\\/df2aeffc32bcd13f8d26072ef8a91b623d677766deac7f97ca815868cd41bf5e?s=96&d=mm&r=g\",\"width\":96,\"height\":96,\"caption\":\"El Digital de Asturias\"}},{\"@type\":\"WebPage\",\"@id\":\"https:\\\/\\\/www.eldigitaldeasturias.com\\\/noticias\\\/fernandez-critica-a-medios-opositores-por-cuestionar-sus-ausencias-y-salud\\\/#webpage\",\"url\":\"https:\\\/\\\/www.eldigitaldeasturias.com\\\/noticias\\\/fernandez-critica-a-medios-opositores-por-cuestionar-sus-ausencias-y-salud\\\/\",\"name\":\"Fern\\u00e1ndez critica a \\u00abmedios opositores\\u00bb por cuestionar sus ausencias y salud - El Digital de Asturias\",\"description\":\"Buenos Aires, 31 ene (EFE).- La presidenta argentina, Cristina Fern\\u00e1ndez, critic\\u00f3 a los \\\"medios opositores\\\" por cuestionar sus ausencias de la primera l\\u00ednea pol\\u00edtica y su estado de salud, tras su \\u00faltima visita hospitalaria en la que se le diagnostic\\u00f3 una \\\"bursitis\\\" en la cadera. \\\"Casi 21:30. Salgo de la (Casa) Rosada. Fot\\u00f3grafos y c\\u00e1maras\",\"inLanguage\":\"es-ES\",\"isPartOf\":{\"@id\":\"https:\\\/\\\/www.eldigitaldeasturias.com\\\/noticias\\\/#website\"},\"breadcrumb\":{\"@id\":\"https:\\\/\\\/www.eldigitaldeasturias.com\\\/noticias\\\/fernandez-critica-a-medios-opositores-por-cuestionar-sus-ausencias-y-salud\\\/#breadcrumblist\"},\"author\":{\"@id\":\"https:\\\/\\\/www.eldigitaldeasturias.com\\\/noticias\\\/author\\\/admin\\\/#author\"},\"creator\":{\"@id\":\"https:\\\/\\\/www.eldigitaldeasturias.com\\\/noticias\\\/author\\\/admin\\\/#author\"},\"image\":{\"@type\":\"ImageObject\",\"url\":\"https:\\\/\\\/www.eldigitaldeasturias.com\\\/noticias\\\/wp-content\\\/uploads\\\/2026\\\/06\\\/Contenidos.jpg\",\"@id\":\"https:\\\/\\\/www.eldigitaldeasturias.com\\\/noticias\\\/fernandez-critica-a-medios-opositores-por-cuestionar-sus-ausencias-y-salud\\\/#mainImage\",\"width\":1265,\"height\":697,\"caption\":\"Contenidos\"},\"primaryImageOfPage\":{\"@id\":\"https:\\\/\\\/www.eldigitaldeasturias.com\\\/noticias\\\/fernandez-critica-a-medios-opositores-por-cuestionar-sus-ausencias-y-salud\\\/#mainImage\"},\"datePublished\":\"2014-01-31T17:35:21+01:00\",\"dateModified\":\"2014-01-31T17:35:21+01:00\"},{\"@type\":\"WebSite\",\"@id\":\"https:\\\/\\\/www.eldigitaldeasturias.com\\\/noticias\\\/#website\",\"url\":\"https:\\\/\\\/www.eldigitaldeasturias.com\\\/noticias\\\/\",\"name\":\"El Digital de Asturias - Diario de actualidad y noticias\",\"alternateName\":\"El Digital de Asturias - Diario de actualidad y noticias\",\"description\":\"Hemeroteca\",\"inLanguage\":\"es-ES\",\"publisher\":{\"@id\":\"https:\\\/\\\/www.eldigitaldeasturias.com\\\/noticias\\\/#organization\"}}]}\n\t\t<\/script>\n\t\t<!-- All in One SEO Pro -->\r\n\t\t<title>Fern\u00e1ndez critica a \u00abmedios opositores\u00bb por cuestionar sus ausencias y salud - El Digital de Asturias<\/title>\n\n","aioseo_head_json":{"title":"Fern\u00e1ndez critica a \u00abmedios opositores\u00bb por cuestionar sus ausencias y salud - El Digital de Asturias","description":"Buenos Aires, 31 ene (EFE).- La presidenta argentina, Cristina Fern\u00e1ndez, critic\u00f3 a los \"medios opositores\" por cuestionar sus ausencias de la primera l\u00ednea pol\u00edtica y su estado de salud, tras su \u00faltima visita hospitalaria en la que se le diagnostic\u00f3 una \"bursitis\" en la cadera. \"Casi 21:30. Salgo de la (Casa) Rosada. Fot\u00f3grafos y c\u00e1maras","canonical_url":"https:\/\/www.eldigitaldeasturias.com\/noticias\/fernandez-critica-a-medios-opositores-por-cuestionar-sus-ausencias-y-salud\/","robots":"max-image-preview:large","keywords":"actualidad","webmasterTools":{"google-site-verification":"UA-38556648-1","msvalidate.01":"7dfe9f3f1b24437ab69f4f2559babe99","miscellaneous":""},"schema":{"@context":"https:\/\/schema.org","@graph":[{"@type":"BlogPosting","@id":"https:\/\/www.eldigitaldeasturias.com\/noticias\/fernandez-critica-a-medios-opositores-por-cuestionar-sus-ausencias-y-salud\/#blogposting","name":"Fern\u00e1ndez critica a \u00abmedios opositores\u00bb por cuestionar sus ausencias y salud - El Digital de Asturias","headline":"Fern\u00e1ndez critica a \u00abmedios opositores\u00bb por cuestionar sus ausencias y salud","author":{"@id":"https:\/\/www.eldigitaldeasturias.com\/noticias\/author\/admin\/#author"},"publisher":{"@id":"https:\/\/www.eldigitaldeasturias.com\/noticias\/#organization"},"image":{"@type":"ImageObject","url":"https:\/\/www.eldigitaldeasturias.com\/noticias\/wp-content\/uploads\/2026\/06\/Contenidos.jpg","width":1265,"height":697,"caption":"Contenidos"},"datePublished":"2014-01-31T17:35:21+01:00","dateModified":"2014-01-31T17:35:21+01:00","inLanguage":"es-ES","mainEntityOfPage":{"@id":"https:\/\/www.eldigitaldeasturias.com\/noticias\/fernandez-critica-a-medios-opositores-por-cuestionar-sus-ausencias-y-salud\/#webpage"},"isPartOf":{"@id":"https:\/\/www.eldigitaldeasturias.com\/noticias\/fernandez-critica-a-medios-opositores-por-cuestionar-sus-ausencias-y-salud\/#webpage"},"articleSection":"Actualidad"},{"@type":"BreadcrumbList","@id":"https:\/\/www.eldigitaldeasturias.com\/noticias\/fernandez-critica-a-medios-opositores-por-cuestionar-sus-ausencias-y-salud\/#breadcrumblist","itemListElement":[{"@type":"ListItem","@id":"https:\/\/www.eldigitaldeasturias.com\/noticias#listItem","position":1,"name":"Home","item":"https:\/\/www.eldigitaldeasturias.com\/noticias","nextItem":{"@type":"ListItem","@id":"https:\/\/www.eldigitaldeasturias.com\/noticias\/category\/actualidad\/#listItem","name":"Actualidad"}},{"@type":"ListItem","@id":"https:\/\/www.eldigitaldeasturias.com\/noticias\/category\/actualidad\/#listItem","position":2,"name":"Actualidad","item":"https:\/\/www.eldigitaldeasturias.com\/noticias\/category\/actualidad\/","nextItem":{"@type":"ListItem","@id":"https:\/\/www.eldigitaldeasturias.com\/noticias\/fernandez-critica-a-medios-opositores-por-cuestionar-sus-ausencias-y-salud\/#listItem","name":"Fern\u00e1ndez critica a \u00abmedios opositores\u00bb por cuestionar sus ausencias y salud"},"previousItem":{"@type":"ListItem","@id":"https:\/\/www.eldigitaldeasturias.com\/noticias#listItem","name":"Home"}},{"@type":"ListItem","@id":"https:\/\/www.eldigitaldeasturias.com\/noticias\/fernandez-critica-a-medios-opositores-por-cuestionar-sus-ausencias-y-salud\/#listItem","position":3,"name":"Fern\u00e1ndez critica a \u00abmedios opositores\u00bb por cuestionar sus ausencias y salud","previousItem":{"@type":"ListItem","@id":"https:\/\/www.eldigitaldeasturias.com\/noticias\/category\/actualidad\/#listItem","name":"Actualidad"}}]},{"@type":"Organization","@id":"https:\/\/www.eldigitaldeasturias.com\/noticias\/#organization","name":"El Digital de Asturias","description":"Hemeroteca","url":"https:\/\/www.eldigitaldeasturias.com\/noticias\/","email":"info@eldigitaldeasturias.com","telephone":"+34652131393","logo":{"@type":"ImageObject","url":"https:\/\/www.eldigitaldeasturias.com\/noticias\/wp-content\/uploads\/2020\/12\/EDA.jpg","@id":"https:\/\/www.eldigitaldeasturias.com\/noticias\/fernandez-critica-a-medios-opositores-por-cuestionar-sus-ausencias-y-salud\/#organizationLogo"},"image":{"@id":"https:\/\/www.eldigitaldeasturias.com\/noticias\/fernandez-critica-a-medios-opositores-por-cuestionar-sus-ausencias-y-salud\/#organizationLogo"},"sameAs":["https:\/\/facebook.com\/eldigitaldeasturias","https:\/\/www.youtube.com\/channel\/UCZP-2wLEB9Rv6erhFmqVnvg"],"address":{"@id":"https:\/\/www.eldigitaldeasturias.com\/noticias\/#postaladdress","@type":"PostalAddress","streetAddress":"san antonio 4","postalCode":"33430","addressLocality":"Cand\u00e1s","addressRegion":"Asturias","addressCountry":"ES"}},{"@type":"Person","@id":"https:\/\/www.eldigitaldeasturias.com\/noticias\/author\/admin\/#author","url":"https:\/\/www.eldigitaldeasturias.com\/noticias\/author\/admin\/","name":"El Digital de Asturias","image":{"@type":"ImageObject","@id":"https:\/\/www.eldigitaldeasturias.com\/noticias\/fernandez-critica-a-medios-opositores-por-cuestionar-sus-ausencias-y-salud\/#authorImage","url":"https:\/\/secure.gravatar.com\/avatar\/df2aeffc32bcd13f8d26072ef8a91b623d677766deac7f97ca815868cd41bf5e?s=96&d=mm&r=g","width":96,"height":96,"caption":"El Digital de Asturias"}},{"@type":"WebPage","@id":"https:\/\/www.eldigitaldeasturias.com\/noticias\/fernandez-critica-a-medios-opositores-por-cuestionar-sus-ausencias-y-salud\/#webpage","url":"https:\/\/www.eldigitaldeasturias.com\/noticias\/fernandez-critica-a-medios-opositores-por-cuestionar-sus-ausencias-y-salud\/","name":"Fern\u00e1ndez critica a \u00abmedios opositores\u00bb por cuestionar sus ausencias y salud - El Digital de Asturias","description":"Buenos Aires, 31 ene (EFE).- La presidenta argentina, Cristina Fern\u00e1ndez, critic\u00f3 a los \"medios opositores\" por cuestionar sus ausencias de la primera l\u00ednea pol\u00edtica y su estado de salud, tras su \u00faltima visita hospitalaria en la que se le diagnostic\u00f3 una \"bursitis\" en la cadera. \"Casi 21:30. Salgo de la (Casa) Rosada. Fot\u00f3grafos y c\u00e1maras","inLanguage":"es-ES","isPartOf":{"@id":"https:\/\/www.eldigitaldeasturias.com\/noticias\/#website"},"breadcrumb":{"@id":"https:\/\/www.eldigitaldeasturias.com\/noticias\/fernandez-critica-a-medios-opositores-por-cuestionar-sus-ausencias-y-salud\/#breadcrumblist"},"author":{"@id":"https:\/\/www.eldigitaldeasturias.com\/noticias\/author\/admin\/#author"},"creator":{"@id":"https:\/\/www.eldigitaldeasturias.com\/noticias\/author\/admin\/#author"},"image":{"@type":"ImageObject","url":"https:\/\/www.eldigitaldeasturias.com\/noticias\/wp-content\/uploads\/2026\/06\/Contenidos.jpg","@id":"https:\/\/www.eldigitaldeasturias.com\/noticias\/fernandez-critica-a-medios-opositores-por-cuestionar-sus-ausencias-y-salud\/#mainImage","width":1265,"height":697,"caption":"Contenidos"},"primaryImageOfPage":{"@id":"https:\/\/www.eldigitaldeasturias.com\/noticias\/fernandez-critica-a-medios-opositores-por-cuestionar-sus-ausencias-y-salud\/#mainImage"},"datePublished":"2014-01-31T17:35:21+01:00","dateModified":"2014-01-31T17:35:21+01:00"},{"@type":"WebSite","@id":"https:\/\/www.eldigitaldeasturias.com\/noticias\/#website","url":"https:\/\/www.eldigitaldeasturias.com\/noticias\/","name":"El Digital de Asturias - Diario de actualidad y noticias","alternateName":"El Digital de Asturias - Diario de actualidad y noticias","description":"Hemeroteca","inLanguage":"es-ES","publisher":{"@id":"https:\/\/www.eldigitaldeasturias.com\/noticias\/#organization"}}]},"og:locale":"es_ES","og:site_name":"El Digital de Asturias","og:type":"article","og:title":"Fern\u00e1ndez critica a \u00abmedios opositores\u00bb por cuestionar sus ausencias y salud - El Digital de Asturias","og:description":"Buenos Aires, 31 ene (EFE).- La presidenta argentina, Cristina Fern\u00e1ndez, critic\u00f3 a los &quot;medios opositores&quot; por cuestionar sus ausencias de la primera l\u00ednea pol\u00edtica y su estado de salud, tras su \u00faltima visita hospitalaria en la que se le diagnostic\u00f3 una &quot;bursitis&quot; en la cadera. &quot;Casi 21:30. Salgo de la (Casa) Rosada. Fot\u00f3grafos y c\u00e1maras","og:url":"https:\/\/www.eldigitaldeasturias.com\/noticias\/fernandez-critica-a-medios-opositores-por-cuestionar-sus-ausencias-y-salud\/","og:image":"https:\/\/www.eldigitaldeasturias.com\/noticias\/wp-content\/uploads\/2026\/06\/Contenidos.jpg","og:image:secure_url":"https:\/\/www.eldigitaldeasturias.com\/noticias\/wp-content\/uploads\/2026\/06\/Contenidos.jpg","og:image:width":1265,"og:image:height":697,"article:tag":["actualidad"],"article:published_time":"2014-01-31T18:35:21+00:00","article:modified_time":"2014-01-31T18:35:21+00:00","article:publisher":"https:\/\/facebook.com\/eldigitaldeasturias","twitter:card":"summary_large_image","twitter:title":"Fern\u00e1ndez critica a \u00abmedios opositores\u00bb por cuestionar sus ausencias y salud - El Digital de Asturias","twitter:description":"Buenos Aires, 31 ene (EFE).- La presidenta argentina, Cristina Fern\u00e1ndez, critic\u00f3 a los &quot;medios opositores&quot; por cuestionar sus ausencias de la primera l\u00ednea pol\u00edtica y su estado de salud, tras su \u00faltima visita hospitalaria en la que se le diagnostic\u00f3 una &quot;bursitis&quot; en la cadera. &quot;Casi 21:30. Salgo de la (Casa) Rosada. Fot\u00f3grafos y c\u00e1maras","twitter:image":"https:\/\/www.eldigitaldeasturias.com\/noticias\/wp-content\/uploads\/2026\/06\/Contenidos.jpg","twitter:label1":"Escrito por","twitter:data1":"El Digital de Asturias","twitter:label2":"Tiempo de lectura estimado","twitter:data2":"2 minutos"},"aioseo_meta_data":{"post_id":"481165","title":null,"description":null,"keywords":null,"keyphrases":null,"primary_term":null,"canonical_url":null,"og_title":null,"og_description":null,"og_object_type":"default","og_image_type":"default","og_image_url":null,"og_image_width":null,"og_image_height":null,"og_image_custom_url":null,"og_image_custom_fields":null,"og_video":null,"og_custom_url":null,"og_article_section":null,"og_article_tags":null,"twitter_use_og":true,"twitter_card":"default","twitter_image_type":"default","twitter_image_url":null,"twitter_image_custom_url":null,"twitter_image_custom_fields":null,"twitter_title":null,"twitter_description":null,"schema":{"blockGraphs":[],"customGraphs":[],"default":{"data":{"Article":[],"Course":[],"Dataset":[],"FAQPage":[],"Movie":[],"Person":[],"Product":[],"ProductReview":[],"Car":[],"Recipe":[],"Service":[],"SoftwareApplication":[],"WebPage":[]},"graphName":"","isEnabled":true},"graphs":[],"defaultGraph":"","defaultPostTypeGraph":""},"schema_type":null,"schema_type_options":null,"pillar_content":false,"robots_default":true,"robots_noindex":false,"robots_noarchive":false,"robots_nosnippet":false,"robots_nofollow":false,"robots_noimageindex":false,"robots_noodp":false,"robots_notranslate":false,"robots_max_snippet":null,"robots_max_videopreview":null,"robots_max_imagepreview":"none","priority":null,"frequency":null,"local_seo":null,"seo_analyzer_scan_date":"2026-06-02 05:58:54","breadcrumb_settings":null,"limit_modified_date":false,"open_ai":null,"ai":null,"created":"2020-11-14 22:54:17","updated":"2026-06-02 05:58:54","focus_keyword":null,"additional_keywords":null,"truseo_locale":null},"aioseo_breadcrumb":"<div class=\"aioseo-breadcrumbs\"><span class=\"aioseo-breadcrumb\">\n\t<a href=\"https:\/\/www.eldigitaldeasturias.com\/noticias\" title=\"Home\">Home<\/a>\n<\/span><span class=\"aioseo-breadcrumb-separator\">\u2013<\/span><span class=\"aioseo-breadcrumb\">\n\t<a href=\"https:\/\/www.eldigitaldeasturias.com\/noticias\/category\/actualidad\/\" title=\"Actualidad\">Actualidad<\/a>\n<\/span><span class=\"aioseo-breadcrumb-separator\">\u2013<\/span><span class=\"aioseo-breadcrumb\">\n\t<a href=\"https:\/\/www.eldigitaldeasturias.com\/noticias\/fernandez-critica-a-medios-opositores-por-cuestionar-sus-ausencias-y-salud\/\" title=\"Fern\u00e1ndez critica a \u00abmedios opositores\u00bb por cuestionar sus ausencias y salud\">Fern\u00e1ndez critica a \u00abmedios opositores\u00bb por cuestionar sus ausencias y salud<\/a>\n<\/span><\/div>","aioseo_breadcrumb_json":[{"label":"Home","link":"https:\/\/www.eldigitaldeasturias.com\/noticias"},{"label":"Actualidad","link":"https:\/\/www.eldigitaldeasturias.com\/noticias\/category\/actualidad\/"},{"label":"Fern\u00e1ndez critica a \u00abmedios opositores\u00bb por cuestionar sus ausencias y salud","link":"https:\/\/www.eldigitaldeasturias.com\/noticias\/fernandez-critica-a-medios-opositores-por-cuestionar-sus-ausencias-y-salud\/"}],"_links":{"self":[{"href":"https:\/\/www.eldigitaldeasturias.com\/noticias\/wp-json\/wp\/v2\/posts\/481165","targetHints":{"allow":["GET"]}}],"collection":[{"href":"https:\/\/www.eldigitaldeasturias.com\/noticias\/wp-json\/wp\/v2\/posts"}],"about":[{"href":"https:\/\/www.eldigitaldeasturias.com\/noticias\/wp-json\/wp\/v2\/types\/post"}],"author":[{"embeddable":true,"href":"https:\/\/www.eldigitaldeasturias.com\/noticias\/wp-json\/wp\/v2\/users\/1"}],"replies":[{"embeddable":true,"href":"https:\/\/www.eldigitaldeasturias.com\/noticias\/wp-json\/wp\/v2\/comments?post=481165"}],"version-history":[{"count":0,"href":"https:\/\/www.eldigitaldeasturias.com\/noticias\/wp-json\/wp\/v2\/posts\/481165\/revisions"}],"wp:featuredmedia":[{"embeddable":true,"href":"https:\/\/www.eldigitaldeasturias.com\/noticias\/wp-json\/wp\/v2\/media\/1132184"}],"wp:attachment":[{"href":"https:\/\/www.eldigitaldeasturias.com\/noticias\/wp-json\/wp\/v2\/media?parent=481165"}],"wp:term":[{"taxonomy":"category","embeddable":true,"href":"https:\/\/www.eldigitaldeasturias.com\/noticias\/wp-json\/wp\/v2\/categories?post=481165"},{"taxonomy":"post_tag","embeddable":true,"href":"https:\/\/www.eldigitaldeasturias.com\/noticias\/wp-json\/wp\/v2\/tags?post=481165"}],"curies":[{"name":"wp","href":"https:\/\/api.w.org\/{rel}","templated":true}]}}