{"id":481159,"date":"2014-01-31T17:33:12","date_gmt":"2014-01-31T18:33:12","guid":{"rendered":"http:\/\/www.eldigitaldeasturias.com\/noticias\/?p=481159"},"modified":"2014-01-31T17:33:12","modified_gmt":"2014-01-31T18:33:12","slug":"ibai-gomez-jugara-su-partido-100-con-el-athletic-frente-al-real-madrid","status":"publish","type":"post","link":"https:\/\/www.eldigitaldeasturias.com\/noticias\/ibai-gomez-jugara-su-partido-100-con-el-athletic-frente-al-real-madrid\/","title":{"rendered":"Ibai G\u00f3mez jugar\u00e1 su partido 100 con el Athletic frente al Real Madrid"},"content":{"rendered":"<p><img loading=\"lazy\" decoding=\"async\" class=\"alignleft size-medium wp-image-481160\" alt=\"5895507w\" src=\"https:\/\/www.eldigitaldeasturias.com\/noticias\/wp-content\/uploads\/2014\/01\/5895507w-360x281.jpg\" width=\"360\" height=\"281\" \/>Bilbao, 31 ene (EFE).- El jugador Ibai G\u00f3mez tendr\u00e1 la oportunidad de disputar su partido oficial 100 con el Athletic Club en el encuentro que enfrentar\u00e1 al equipo rojiblanco con el Real Madrid el pr\u00f3ximo domingo en San Mam\u00e9s.<\/p>\n<p>Ibai (Bilbao, 1989), formado en las categor\u00edas inferiores del Santutxu, fich\u00f3 por el club rojiblanco en junio de 2010 procedente del Sestao River, de Segunda B, en principio con ficha del filial.<\/p>\n<p>Tras despuntar en las primeras jornadas de Liga con el Bilbao Athletic el entonces t\u00e9cnico, Joaqu\u00edn Caparr\u00f3s, le hizo debutar con el primer equipo el 17 de octubre de 2010 en un partido contra el Real Zaragoza en San Mam\u00e9s.<\/p>\n<p>En aquel encuentro, y cuando apenas llevaba tres minutos sobre el campo, sufri\u00f3 una grave lesi\u00f3n en a rodilla izquierda que le oblig\u00f3 a pasar por el quir\u00f3fano y le alej\u00f3 seis meses de los terrenos de juego.<\/p>\n<p>La temporada siguiente, ya con el argentino Marcelo Bielsa en el banquillo de San Mam\u00e9s, la aportaci\u00f3n de Ibai en el Athletic equipo creci\u00f3 notablemente y cuaj\u00f3 actuaciones destacadas, sobre todo en la Liga Europa anotando dos goles ante el Schalke 04 y el Sporting de Lisboa claves para que el Athletic alcanzara la final de Bucarest.<\/p>\n<p>En la actual temporada, a pesar de ser el decimoquinto jugador en minutos disputados (562 repartidos en 15 partidos y s\u00f3lo 5 como titular), el delantero bilba\u00edno en el m\u00e1ximo goleador del equipo bilba\u00edno en la Liga con siete tantos.<\/p>\n<p>Trayectoria de Ibai G\u00f3mez en el Athletic Club:<\/p>\n<p>Temporada Liga Copa Europa<\/p>\n<p>2010-2011 3 &#8211; &#8211;<\/p>\n<p>2011-2012 19 3 7 (2)<\/p>\n<p>2012-2013 35 (4) 2 9 (1)<\/p>\n<p>2013-2014 15 (7) 6 &#8211;<\/p>\n<p>Total 72 (11) 11 16 (3)<\/p>\n<p>&#8211; Entre par\u00e9ntesis, goles marcados.<\/p>\n","protected":false},"excerpt":{"rendered":"<p>Bilbao, 31 ene (EFE).- El jugador Ibai G\u00f3mez tendr\u00e1 la oportunidad de disputar su partido oficial 100 con el Athletic Club en el encuentro que enfrentar\u00e1 al equipo rojiblanco con el Real Madrid el pr\u00f3ximo domingo en San Mam\u00e9s. Ibai (Bilbao, 1989), formado en las categor\u00edas inferiores del Santutxu, fich\u00f3 por el club rojiblanco en [&hellip;]<\/p>\n","protected":false},"author":1,"featured_media":1132184,"comment_status":"closed","ping_status":"open","sticky":false,"template":"","format":"standard","meta":{"footnotes":""},"categories":[1],"tags":[],"class_list":["post-481159","post","type-post","status-publish","format-standard","has-post-thumbnail","hentry","category-actualidad"],"aioseo_notices":[],"aioseo_head":"\n\t\t<!-- All in One SEO Pro 5.0.1 - aioseo.com -->\n\t<meta name=\"description\" content=\"Bilbao, 31 ene (EFE).- El jugador Ibai G\u00f3mez tendr\u00e1 la oportunidad de disputar su partido oficial 100 con el Athletic Club en el encuentro que enfrentar\u00e1 al equipo rojiblanco con el Real Madrid el pr\u00f3ximo domingo en San Mam\u00e9s. Ibai (Bilbao, 1989), formado en las categor\u00edas inferiores del Santutxu, fich\u00f3 por el club rojiblanco en\" \/>\n\t<meta name=\"robots\" content=\"max-image-preview:large\" \/>\n\t<meta name=\"author\" content=\"El Digital de Asturias\"\/>\n\t<meta name=\"google-site-verification\" content=\"UA-38556648-1\" \/>\n\t<meta name=\"msvalidate.01\" content=\"7dfe9f3f1b24437ab69f4f2559babe99\" \/>\n\t<meta name=\"keywords\" content=\"actualidad\" \/>\n\t<link rel=\"canonical\" href=\"https:\/\/www.eldigitaldeasturias.com\/noticias\/ibai-gomez-jugara-su-partido-100-con-el-athletic-frente-al-real-madrid\/\" \/>\n\t<meta name=\"generator\" content=\"All in One SEO Pro (AIOSEO) 5.0.1\" \/>\n\t\t<meta property=\"og:locale\" content=\"es_ES\" \/>\n\t\t<meta property=\"og:site_name\" content=\"El Digital de Asturias\" \/>\n\t\t<meta property=\"og:type\" content=\"article\" \/>\n\t\t<meta property=\"og:title\" content=\"Ibai G\u00f3mez jugar\u00e1 su partido 100 con el Athletic frente al Real Madrid - El Digital de Asturias\" \/>\n\t\t<meta property=\"og:description\" content=\"Bilbao, 31 ene (EFE).- El jugador Ibai G\u00f3mez tendr\u00e1 la oportunidad de disputar su partido oficial 100 con el Athletic Club en el encuentro que enfrentar\u00e1 al equipo rojiblanco con el Real Madrid el pr\u00f3ximo domingo en San Mam\u00e9s. Ibai (Bilbao, 1989), formado en las categor\u00edas inferiores del Santutxu, fich\u00f3 por el club rojiblanco en\" \/>\n\t\t<meta property=\"og:url\" content=\"https:\/\/www.eldigitaldeasturias.com\/noticias\/ibai-gomez-jugara-su-partido-100-con-el-athletic-frente-al-real-madrid\/\" \/>\n\t\t<meta property=\"og:image\" content=\"https:\/\/www.eldigitaldeasturias.com\/noticias\/wp-content\/uploads\/2026\/06\/Contenidos.jpg\" \/>\n\t\t<meta property=\"og:image:secure_url\" content=\"https:\/\/www.eldigitaldeasturias.com\/noticias\/wp-content\/uploads\/2026\/06\/Contenidos.jpg\" \/>\n\t\t<meta property=\"og:image:width\" content=\"1265\" \/>\n\t\t<meta property=\"og:image:height\" content=\"697\" \/>\n\t\t<meta property=\"article:tag\" content=\"actualidad\" \/>\n\t\t<meta property=\"article:published_time\" content=\"2014-01-31T18:33:12+00:00\" \/>\n\t\t<meta property=\"article:modified_time\" content=\"2014-01-31T18:33:12+00:00\" \/>\n\t\t<meta property=\"article:publisher\" content=\"https:\/\/facebook.com\/eldigitaldeasturias\" \/>\n\t\t<meta name=\"twitter:card\" content=\"summary_large_image\" \/>\n\t\t<meta name=\"twitter:title\" content=\"Ibai G\u00f3mez jugar\u00e1 su partido 100 con el Athletic frente al Real Madrid - El Digital de Asturias\" \/>\n\t\t<meta name=\"twitter:description\" content=\"Bilbao, 31 ene (EFE).- El jugador Ibai G\u00f3mez tendr\u00e1 la oportunidad de disputar su partido oficial 100 con el Athletic Club en el encuentro que enfrentar\u00e1 al equipo rojiblanco con el Real Madrid el pr\u00f3ximo domingo en San Mam\u00e9s. Ibai (Bilbao, 1989), formado en las categor\u00edas inferiores del Santutxu, fich\u00f3 por el club rojiblanco en\" \/>\n\t\t<meta name=\"twitter:image\" content=\"https:\/\/www.eldigitaldeasturias.com\/noticias\/wp-content\/uploads\/2026\/06\/Contenidos.jpg\" \/>\n\t\t<meta name=\"twitter:label1\" content=\"Escrito por\" \/>\n\t\t<meta name=\"twitter:data1\" content=\"El Digital de Asturias\" \/>\n\t\t<meta name=\"twitter:label2\" content=\"Tiempo de lectura estimado\" \/>\n\t\t<meta name=\"twitter:data2\" content=\"1 minuto\" \/>\n\t\t<script type=\"application\/ld+json\" class=\"aioseo-schema\">\n\t\t\t{\"@context\":\"https:\\\/\\\/schema.org\",\"@graph\":[{\"@type\":\"BlogPosting\",\"@id\":\"https:\\\/\\\/www.eldigitaldeasturias.com\\\/noticias\\\/ibai-gomez-jugara-su-partido-100-con-el-athletic-frente-al-real-madrid\\\/#blogposting\",\"name\":\"Ibai G\\u00f3mez jugar\\u00e1 su partido 100 con el Athletic frente al Real Madrid - El Digital de Asturias\",\"headline\":\"Ibai G\\u00f3mez jugar\\u00e1 su partido 100 con el Athletic frente al Real Madrid\",\"author\":{\"@id\":\"https:\\\/\\\/www.eldigitaldeasturias.com\\\/noticias\\\/author\\\/admin\\\/#author\"},\"publisher\":{\"@id\":\"https:\\\/\\\/www.eldigitaldeasturias.com\\\/noticias\\\/#organization\"},\"image\":{\"@type\":\"ImageObject\",\"url\":\"https:\\\/\\\/www.eldigitaldeasturias.com\\\/noticias\\\/wp-content\\\/uploads\\\/2026\\\/06\\\/Contenidos.jpg\",\"width\":1265,\"height\":697,\"caption\":\"Contenidos\"},\"datePublished\":\"2014-01-31T17:33:12+01:00\",\"dateModified\":\"2014-01-31T17:33:12+01:00\",\"inLanguage\":\"es-ES\",\"mainEntityOfPage\":{\"@id\":\"https:\\\/\\\/www.eldigitaldeasturias.com\\\/noticias\\\/ibai-gomez-jugara-su-partido-100-con-el-athletic-frente-al-real-madrid\\\/#webpage\"},\"isPartOf\":{\"@id\":\"https:\\\/\\\/www.eldigitaldeasturias.com\\\/noticias\\\/ibai-gomez-jugara-su-partido-100-con-el-athletic-frente-al-real-madrid\\\/#webpage\"},\"articleSection\":\"Actualidad\"},{\"@type\":\"BreadcrumbList\",\"@id\":\"https:\\\/\\\/www.eldigitaldeasturias.com\\\/noticias\\\/ibai-gomez-jugara-su-partido-100-con-el-athletic-frente-al-real-madrid\\\/#breadcrumblist\",\"itemListElement\":[{\"@type\":\"ListItem\",\"@id\":\"https:\\\/\\\/www.eldigitaldeasturias.com\\\/noticias#listItem\",\"position\":1,\"name\":\"Home\",\"item\":\"https:\\\/\\\/www.eldigitaldeasturias.com\\\/noticias\",\"nextItem\":{\"@type\":\"ListItem\",\"@id\":\"https:\\\/\\\/www.eldigitaldeasturias.com\\\/noticias\\\/category\\\/actualidad\\\/#listItem\",\"name\":\"Actualidad\"}},{\"@type\":\"ListItem\",\"@id\":\"https:\\\/\\\/www.eldigitaldeasturias.com\\\/noticias\\\/category\\\/actualidad\\\/#listItem\",\"position\":2,\"name\":\"Actualidad\",\"item\":\"https:\\\/\\\/www.eldigitaldeasturias.com\\\/noticias\\\/category\\\/actualidad\\\/\",\"nextItem\":{\"@type\":\"ListItem\",\"@id\":\"https:\\\/\\\/www.eldigitaldeasturias.com\\\/noticias\\\/ibai-gomez-jugara-su-partido-100-con-el-athletic-frente-al-real-madrid\\\/#listItem\",\"name\":\"Ibai G\\u00f3mez jugar\\u00e1 su partido 100 con el Athletic frente al Real Madrid\"},\"previousItem\":{\"@type\":\"ListItem\",\"@id\":\"https:\\\/\\\/www.eldigitaldeasturias.com\\\/noticias#listItem\",\"name\":\"Home\"}},{\"@type\":\"ListItem\",\"@id\":\"https:\\\/\\\/www.eldigitaldeasturias.com\\\/noticias\\\/ibai-gomez-jugara-su-partido-100-con-el-athletic-frente-al-real-madrid\\\/#listItem\",\"position\":3,\"name\":\"Ibai G\\u00f3mez jugar\\u00e1 su partido 100 con el Athletic frente al Real Madrid\",\"previousItem\":{\"@type\":\"ListItem\",\"@id\":\"https:\\\/\\\/www.eldigitaldeasturias.com\\\/noticias\\\/category\\\/actualidad\\\/#listItem\",\"name\":\"Actualidad\"}}]},{\"@type\":\"Organization\",\"@id\":\"https:\\\/\\\/www.eldigitaldeasturias.com\\\/noticias\\\/#organization\",\"name\":\"El Digital de Asturias\",\"description\":\"Hemeroteca\",\"url\":\"https:\\\/\\\/www.eldigitaldeasturias.com\\\/noticias\\\/\",\"email\":\"info@eldigitaldeasturias.com\",\"telephone\":\"+34652131393\",\"logo\":{\"@type\":\"ImageObject\",\"url\":\"https:\\\/\\\/www.eldigitaldeasturias.com\\\/noticias\\\/wp-content\\\/uploads\\\/2020\\\/12\\\/EDA.jpg\",\"@id\":\"https:\\\/\\\/www.eldigitaldeasturias.com\\\/noticias\\\/ibai-gomez-jugara-su-partido-100-con-el-athletic-frente-al-real-madrid\\\/#organizationLogo\"},\"image\":{\"@id\":\"https:\\\/\\\/www.eldigitaldeasturias.com\\\/noticias\\\/ibai-gomez-jugara-su-partido-100-con-el-athletic-frente-al-real-madrid\\\/#organizationLogo\"},\"sameAs\":[\"https:\\\/\\\/facebook.com\\\/eldigitaldeasturias\",\"https:\\\/\\\/www.youtube.com\\\/channel\\\/UCZP-2wLEB9Rv6erhFmqVnvg\"],\"address\":{\"@id\":\"https:\\\/\\\/www.eldigitaldeasturias.com\\\/noticias\\\/#postaladdress\",\"@type\":\"PostalAddress\",\"streetAddress\":\"san antonio 4\",\"postalCode\":\"33430\",\"addressLocality\":\"Cand\\u00e1s\",\"addressRegion\":\"Asturias\",\"addressCountry\":\"ES\"}},{\"@type\":\"Person\",\"@id\":\"https:\\\/\\\/www.eldigitaldeasturias.com\\\/noticias\\\/author\\\/admin\\\/#author\",\"url\":\"https:\\\/\\\/www.eldigitaldeasturias.com\\\/noticias\\\/author\\\/admin\\\/\",\"name\":\"El Digital de Asturias\",\"image\":{\"@type\":\"ImageObject\",\"@id\":\"https:\\\/\\\/www.eldigitaldeasturias.com\\\/noticias\\\/ibai-gomez-jugara-su-partido-100-con-el-athletic-frente-al-real-madrid\\\/#authorImage\",\"url\":\"https:\\\/\\\/secure.gravatar.com\\\/avatar\\\/df2aeffc32bcd13f8d26072ef8a91b623d677766deac7f97ca815868cd41bf5e?s=96&d=mm&r=g\",\"width\":96,\"height\":96,\"caption\":\"El Digital de Asturias\"}},{\"@type\":\"WebPage\",\"@id\":\"https:\\\/\\\/www.eldigitaldeasturias.com\\\/noticias\\\/ibai-gomez-jugara-su-partido-100-con-el-athletic-frente-al-real-madrid\\\/#webpage\",\"url\":\"https:\\\/\\\/www.eldigitaldeasturias.com\\\/noticias\\\/ibai-gomez-jugara-su-partido-100-con-el-athletic-frente-al-real-madrid\\\/\",\"name\":\"Ibai G\\u00f3mez jugar\\u00e1 su partido 100 con el Athletic frente al Real Madrid - El Digital de Asturias\",\"description\":\"Bilbao, 31 ene (EFE).- El jugador Ibai G\\u00f3mez tendr\\u00e1 la oportunidad de disputar su partido oficial 100 con el Athletic Club en el encuentro que enfrentar\\u00e1 al equipo rojiblanco con el Real Madrid el pr\\u00f3ximo domingo en San Mam\\u00e9s. Ibai (Bilbao, 1989), formado en las categor\\u00edas inferiores del Santutxu, fich\\u00f3 por el club rojiblanco en\",\"inLanguage\":\"es-ES\",\"isPartOf\":{\"@id\":\"https:\\\/\\\/www.eldigitaldeasturias.com\\\/noticias\\\/#website\"},\"breadcrumb\":{\"@id\":\"https:\\\/\\\/www.eldigitaldeasturias.com\\\/noticias\\\/ibai-gomez-jugara-su-partido-100-con-el-athletic-frente-al-real-madrid\\\/#breadcrumblist\"},\"author\":{\"@id\":\"https:\\\/\\\/www.eldigitaldeasturias.com\\\/noticias\\\/author\\\/admin\\\/#author\"},\"creator\":{\"@id\":\"https:\\\/\\\/www.eldigitaldeasturias.com\\\/noticias\\\/author\\\/admin\\\/#author\"},\"image\":{\"@type\":\"ImageObject\",\"url\":\"https:\\\/\\\/www.eldigitaldeasturias.com\\\/noticias\\\/wp-content\\\/uploads\\\/2026\\\/06\\\/Contenidos.jpg\",\"@id\":\"https:\\\/\\\/www.eldigitaldeasturias.com\\\/noticias\\\/ibai-gomez-jugara-su-partido-100-con-el-athletic-frente-al-real-madrid\\\/#mainImage\",\"width\":1265,\"height\":697,\"caption\":\"Contenidos\"},\"primaryImageOfPage\":{\"@id\":\"https:\\\/\\\/www.eldigitaldeasturias.com\\\/noticias\\\/ibai-gomez-jugara-su-partido-100-con-el-athletic-frente-al-real-madrid\\\/#mainImage\"},\"datePublished\":\"2014-01-31T17:33:12+01:00\",\"dateModified\":\"2014-01-31T17:33:12+01:00\"},{\"@type\":\"WebSite\",\"@id\":\"https:\\\/\\\/www.eldigitaldeasturias.com\\\/noticias\\\/#website\",\"url\":\"https:\\\/\\\/www.eldigitaldeasturias.com\\\/noticias\\\/\",\"name\":\"El Digital de Asturias - Diario de actualidad y noticias\",\"alternateName\":\"El Digital de Asturias - Diario de actualidad y noticias\",\"description\":\"Hemeroteca\",\"inLanguage\":\"es-ES\",\"publisher\":{\"@id\":\"https:\\\/\\\/www.eldigitaldeasturias.com\\\/noticias\\\/#organization\"}}]}\n\t\t<\/script>\n\t\t<!-- All in One SEO Pro -->\r\n\t\t<title>Ibai G\u00f3mez jugar\u00e1 su partido 100 con el Athletic frente al Real Madrid - El Digital de Asturias<\/title>\n\n","aioseo_head_json":{"title":"Ibai G\u00f3mez jugar\u00e1 su partido 100 con el Athletic frente al Real Madrid - El Digital de Asturias","description":"Bilbao, 31 ene (EFE).- El jugador Ibai G\u00f3mez tendr\u00e1 la oportunidad de disputar su partido oficial 100 con el Athletic Club en el encuentro que enfrentar\u00e1 al equipo rojiblanco con el Real Madrid el pr\u00f3ximo domingo en San Mam\u00e9s. Ibai (Bilbao, 1989), formado en las categor\u00edas inferiores del Santutxu, fich\u00f3 por el club rojiblanco en","canonical_url":"https:\/\/www.eldigitaldeasturias.com\/noticias\/ibai-gomez-jugara-su-partido-100-con-el-athletic-frente-al-real-madrid\/","robots":"max-image-preview:large","keywords":"actualidad","webmasterTools":{"google-site-verification":"UA-38556648-1","msvalidate.01":"7dfe9f3f1b24437ab69f4f2559babe99","miscellaneous":""},"schema":{"@context":"https:\/\/schema.org","@graph":[{"@type":"BlogPosting","@id":"https:\/\/www.eldigitaldeasturias.com\/noticias\/ibai-gomez-jugara-su-partido-100-con-el-athletic-frente-al-real-madrid\/#blogposting","name":"Ibai G\u00f3mez jugar\u00e1 su partido 100 con el Athletic frente al Real Madrid - El Digital de Asturias","headline":"Ibai G\u00f3mez jugar\u00e1 su partido 100 con el Athletic frente al Real Madrid","author":{"@id":"https:\/\/www.eldigitaldeasturias.com\/noticias\/author\/admin\/#author"},"publisher":{"@id":"https:\/\/www.eldigitaldeasturias.com\/noticias\/#organization"},"image":{"@type":"ImageObject","url":"https:\/\/www.eldigitaldeasturias.com\/noticias\/wp-content\/uploads\/2026\/06\/Contenidos.jpg","width":1265,"height":697,"caption":"Contenidos"},"datePublished":"2014-01-31T17:33:12+01:00","dateModified":"2014-01-31T17:33:12+01:00","inLanguage":"es-ES","mainEntityOfPage":{"@id":"https:\/\/www.eldigitaldeasturias.com\/noticias\/ibai-gomez-jugara-su-partido-100-con-el-athletic-frente-al-real-madrid\/#webpage"},"isPartOf":{"@id":"https:\/\/www.eldigitaldeasturias.com\/noticias\/ibai-gomez-jugara-su-partido-100-con-el-athletic-frente-al-real-madrid\/#webpage"},"articleSection":"Actualidad"},{"@type":"BreadcrumbList","@id":"https:\/\/www.eldigitaldeasturias.com\/noticias\/ibai-gomez-jugara-su-partido-100-con-el-athletic-frente-al-real-madrid\/#breadcrumblist","itemListElement":[{"@type":"ListItem","@id":"https:\/\/www.eldigitaldeasturias.com\/noticias#listItem","position":1,"name":"Home","item":"https:\/\/www.eldigitaldeasturias.com\/noticias","nextItem":{"@type":"ListItem","@id":"https:\/\/www.eldigitaldeasturias.com\/noticias\/category\/actualidad\/#listItem","name":"Actualidad"}},{"@type":"ListItem","@id":"https:\/\/www.eldigitaldeasturias.com\/noticias\/category\/actualidad\/#listItem","position":2,"name":"Actualidad","item":"https:\/\/www.eldigitaldeasturias.com\/noticias\/category\/actualidad\/","nextItem":{"@type":"ListItem","@id":"https:\/\/www.eldigitaldeasturias.com\/noticias\/ibai-gomez-jugara-su-partido-100-con-el-athletic-frente-al-real-madrid\/#listItem","name":"Ibai G\u00f3mez jugar\u00e1 su partido 100 con el Athletic frente al Real Madrid"},"previousItem":{"@type":"ListItem","@id":"https:\/\/www.eldigitaldeasturias.com\/noticias#listItem","name":"Home"}},{"@type":"ListItem","@id":"https:\/\/www.eldigitaldeasturias.com\/noticias\/ibai-gomez-jugara-su-partido-100-con-el-athletic-frente-al-real-madrid\/#listItem","position":3,"name":"Ibai G\u00f3mez jugar\u00e1 su partido 100 con el Athletic frente al Real Madrid","previousItem":{"@type":"ListItem","@id":"https:\/\/www.eldigitaldeasturias.com\/noticias\/category\/actualidad\/#listItem","name":"Actualidad"}}]},{"@type":"Organization","@id":"https:\/\/www.eldigitaldeasturias.com\/noticias\/#organization","name":"El Digital de Asturias","description":"Hemeroteca","url":"https:\/\/www.eldigitaldeasturias.com\/noticias\/","email":"info@eldigitaldeasturias.com","telephone":"+34652131393","logo":{"@type":"ImageObject","url":"https:\/\/www.eldigitaldeasturias.com\/noticias\/wp-content\/uploads\/2020\/12\/EDA.jpg","@id":"https:\/\/www.eldigitaldeasturias.com\/noticias\/ibai-gomez-jugara-su-partido-100-con-el-athletic-frente-al-real-madrid\/#organizationLogo"},"image":{"@id":"https:\/\/www.eldigitaldeasturias.com\/noticias\/ibai-gomez-jugara-su-partido-100-con-el-athletic-frente-al-real-madrid\/#organizationLogo"},"sameAs":["https:\/\/facebook.com\/eldigitaldeasturias","https:\/\/www.youtube.com\/channel\/UCZP-2wLEB9Rv6erhFmqVnvg"],"address":{"@id":"https:\/\/www.eldigitaldeasturias.com\/noticias\/#postaladdress","@type":"PostalAddress","streetAddress":"san antonio 4","postalCode":"33430","addressLocality":"Cand\u00e1s","addressRegion":"Asturias","addressCountry":"ES"}},{"@type":"Person","@id":"https:\/\/www.eldigitaldeasturias.com\/noticias\/author\/admin\/#author","url":"https:\/\/www.eldigitaldeasturias.com\/noticias\/author\/admin\/","name":"El Digital de Asturias","image":{"@type":"ImageObject","@id":"https:\/\/www.eldigitaldeasturias.com\/noticias\/ibai-gomez-jugara-su-partido-100-con-el-athletic-frente-al-real-madrid\/#authorImage","url":"https:\/\/secure.gravatar.com\/avatar\/df2aeffc32bcd13f8d26072ef8a91b623d677766deac7f97ca815868cd41bf5e?s=96&d=mm&r=g","width":96,"height":96,"caption":"El Digital de Asturias"}},{"@type":"WebPage","@id":"https:\/\/www.eldigitaldeasturias.com\/noticias\/ibai-gomez-jugara-su-partido-100-con-el-athletic-frente-al-real-madrid\/#webpage","url":"https:\/\/www.eldigitaldeasturias.com\/noticias\/ibai-gomez-jugara-su-partido-100-con-el-athletic-frente-al-real-madrid\/","name":"Ibai G\u00f3mez jugar\u00e1 su partido 100 con el Athletic frente al Real Madrid - El Digital de Asturias","description":"Bilbao, 31 ene (EFE).- El jugador Ibai G\u00f3mez tendr\u00e1 la oportunidad de disputar su partido oficial 100 con el Athletic Club en el encuentro que enfrentar\u00e1 al equipo rojiblanco con el Real Madrid el pr\u00f3ximo domingo en San Mam\u00e9s. Ibai (Bilbao, 1989), formado en las categor\u00edas inferiores del Santutxu, fich\u00f3 por el club rojiblanco en","inLanguage":"es-ES","isPartOf":{"@id":"https:\/\/www.eldigitaldeasturias.com\/noticias\/#website"},"breadcrumb":{"@id":"https:\/\/www.eldigitaldeasturias.com\/noticias\/ibai-gomez-jugara-su-partido-100-con-el-athletic-frente-al-real-madrid\/#breadcrumblist"},"author":{"@id":"https:\/\/www.eldigitaldeasturias.com\/noticias\/author\/admin\/#author"},"creator":{"@id":"https:\/\/www.eldigitaldeasturias.com\/noticias\/author\/admin\/#author"},"image":{"@type":"ImageObject","url":"https:\/\/www.eldigitaldeasturias.com\/noticias\/wp-content\/uploads\/2026\/06\/Contenidos.jpg","@id":"https:\/\/www.eldigitaldeasturias.com\/noticias\/ibai-gomez-jugara-su-partido-100-con-el-athletic-frente-al-real-madrid\/#mainImage","width":1265,"height":697,"caption":"Contenidos"},"primaryImageOfPage":{"@id":"https:\/\/www.eldigitaldeasturias.com\/noticias\/ibai-gomez-jugara-su-partido-100-con-el-athletic-frente-al-real-madrid\/#mainImage"},"datePublished":"2014-01-31T17:33:12+01:00","dateModified":"2014-01-31T17:33:12+01:00"},{"@type":"WebSite","@id":"https:\/\/www.eldigitaldeasturias.com\/noticias\/#website","url":"https:\/\/www.eldigitaldeasturias.com\/noticias\/","name":"El Digital de Asturias - Diario de actualidad y noticias","alternateName":"El Digital de Asturias - Diario de actualidad y noticias","description":"Hemeroteca","inLanguage":"es-ES","publisher":{"@id":"https:\/\/www.eldigitaldeasturias.com\/noticias\/#organization"}}]},"og:locale":"es_ES","og:site_name":"El Digital de Asturias","og:type":"article","og:title":"Ibai G\u00f3mez jugar\u00e1 su partido 100 con el Athletic frente al Real Madrid - El Digital de Asturias","og:description":"Bilbao, 31 ene (EFE).- El jugador Ibai G\u00f3mez tendr\u00e1 la oportunidad de disputar su partido oficial 100 con el Athletic Club en el encuentro que enfrentar\u00e1 al equipo rojiblanco con el Real Madrid el pr\u00f3ximo domingo en San Mam\u00e9s. Ibai (Bilbao, 1989), formado en las categor\u00edas inferiores del Santutxu, fich\u00f3 por el club rojiblanco en","og:url":"https:\/\/www.eldigitaldeasturias.com\/noticias\/ibai-gomez-jugara-su-partido-100-con-el-athletic-frente-al-real-madrid\/","og:image":"https:\/\/www.eldigitaldeasturias.com\/noticias\/wp-content\/uploads\/2026\/06\/Contenidos.jpg","og:image:secure_url":"https:\/\/www.eldigitaldeasturias.com\/noticias\/wp-content\/uploads\/2026\/06\/Contenidos.jpg","og:image:width":1265,"og:image:height":697,"article:tag":["actualidad"],"article:published_time":"2014-01-31T18:33:12+00:00","article:modified_time":"2014-01-31T18:33:12+00:00","article:publisher":"https:\/\/facebook.com\/eldigitaldeasturias","twitter:card":"summary_large_image","twitter:title":"Ibai G\u00f3mez jugar\u00e1 su partido 100 con el Athletic frente al Real Madrid - El Digital de Asturias","twitter:description":"Bilbao, 31 ene (EFE).- El jugador Ibai G\u00f3mez tendr\u00e1 la oportunidad de disputar su partido oficial 100 con el Athletic Club en el encuentro que enfrentar\u00e1 al equipo rojiblanco con el Real Madrid el pr\u00f3ximo domingo en San Mam\u00e9s. Ibai (Bilbao, 1989), formado en las categor\u00edas inferiores del Santutxu, fich\u00f3 por el club rojiblanco en","twitter:image":"https:\/\/www.eldigitaldeasturias.com\/noticias\/wp-content\/uploads\/2026\/06\/Contenidos.jpg","twitter:label1":"Escrito por","twitter:data1":"El Digital de Asturias","twitter:label2":"Tiempo de lectura estimado","twitter:data2":"1 minuto"},"aioseo_meta_data":{"post_id":"481159","title":null,"description":null,"keywords":null,"keyphrases":null,"primary_term":null,"canonical_url":null,"og_title":null,"og_description":null,"og_object_type":"default","og_image_type":"default","og_image_url":null,"og_image_width":null,"og_image_height":null,"og_image_custom_url":null,"og_image_custom_fields":null,"og_video":null,"og_custom_url":null,"og_article_section":null,"og_article_tags":null,"twitter_use_og":true,"twitter_card":"default","twitter_image_type":"default","twitter_image_url":null,"twitter_image_custom_url":null,"twitter_image_custom_fields":null,"twitter_title":null,"twitter_description":null,"schema":{"blockGraphs":[],"customGraphs":[],"default":{"data":{"Article":[],"Course":[],"Dataset":[],"FAQPage":[],"Movie":[],"Person":[],"Product":[],"ProductReview":[],"Car":[],"Recipe":[],"Service":[],"SoftwareApplication":[],"WebPage":[]},"graphName":"","isEnabled":true},"graphs":[],"defaultGraph":"","defaultPostTypeGraph":""},"schema_type":null,"schema_type_options":null,"pillar_content":false,"robots_default":true,"robots_noindex":false,"robots_noarchive":false,"robots_nosnippet":false,"robots_nofollow":false,"robots_noimageindex":false,"robots_noodp":false,"robots_notranslate":false,"robots_max_snippet":null,"robots_max_videopreview":null,"robots_max_imagepreview":"none","priority":null,"frequency":null,"local_seo":null,"seo_analyzer_scan_date":"2026-06-02 05:57:20","breadcrumb_settings":null,"limit_modified_date":false,"open_ai":null,"ai":null,"created":"2020-11-14 22:54:17","updated":"2026-06-02 05:57:20","focus_keyword":null,"additional_keywords":null,"truseo_locale":null},"aioseo_breadcrumb":"<div class=\"aioseo-breadcrumbs\"><span class=\"aioseo-breadcrumb\">\n\t<a href=\"https:\/\/www.eldigitaldeasturias.com\/noticias\" title=\"Home\">Home<\/a>\n<\/span><span class=\"aioseo-breadcrumb-separator\">\u2013<\/span><span class=\"aioseo-breadcrumb\">\n\t<a href=\"https:\/\/www.eldigitaldeasturias.com\/noticias\/category\/actualidad\/\" title=\"Actualidad\">Actualidad<\/a>\n<\/span><span class=\"aioseo-breadcrumb-separator\">\u2013<\/span><span class=\"aioseo-breadcrumb\">\n\t<a href=\"https:\/\/www.eldigitaldeasturias.com\/noticias\/ibai-gomez-jugara-su-partido-100-con-el-athletic-frente-al-real-madrid\/\" title=\"Ibai G\u00f3mez jugar\u00e1 su partido 100 con el Athletic frente al Real Madrid\">Ibai G\u00f3mez jugar\u00e1 su partido 100 con el Athletic frente al Real Madrid<\/a>\n<\/span><\/div>","aioseo_breadcrumb_json":[{"label":"Home","link":"https:\/\/www.eldigitaldeasturias.com\/noticias"},{"label":"Actualidad","link":"https:\/\/www.eldigitaldeasturias.com\/noticias\/category\/actualidad\/"},{"label":"Ibai G\u00f3mez jugar\u00e1 su partido 100 con el Athletic frente al Real Madrid","link":"https:\/\/www.eldigitaldeasturias.com\/noticias\/ibai-gomez-jugara-su-partido-100-con-el-athletic-frente-al-real-madrid\/"}],"_links":{"self":[{"href":"https:\/\/www.eldigitaldeasturias.com\/noticias\/wp-json\/wp\/v2\/posts\/481159","targetHints":{"allow":["GET"]}}],"collection":[{"href":"https:\/\/www.eldigitaldeasturias.com\/noticias\/wp-json\/wp\/v2\/posts"}],"about":[{"href":"https:\/\/www.eldigitaldeasturias.com\/noticias\/wp-json\/wp\/v2\/types\/post"}],"author":[{"embeddable":true,"href":"https:\/\/www.eldigitaldeasturias.com\/noticias\/wp-json\/wp\/v2\/users\/1"}],"replies":[{"embeddable":true,"href":"https:\/\/www.eldigitaldeasturias.com\/noticias\/wp-json\/wp\/v2\/comments?post=481159"}],"version-history":[{"count":0,"href":"https:\/\/www.eldigitaldeasturias.com\/noticias\/wp-json\/wp\/v2\/posts\/481159\/revisions"}],"wp:featuredmedia":[{"embeddable":true,"href":"https:\/\/www.eldigitaldeasturias.com\/noticias\/wp-json\/wp\/v2\/media\/1132184"}],"wp:attachment":[{"href":"https:\/\/www.eldigitaldeasturias.com\/noticias\/wp-json\/wp\/v2\/media?parent=481159"}],"wp:term":[{"taxonomy":"category","embeddable":true,"href":"https:\/\/www.eldigitaldeasturias.com\/noticias\/wp-json\/wp\/v2\/categories?post=481159"},{"taxonomy":"post_tag","embeddable":true,"href":"https:\/\/www.eldigitaldeasturias.com\/noticias\/wp-json\/wp\/v2\/tags?post=481159"}],"curies":[{"name":"wp","href":"https:\/\/api.w.org\/{rel}","templated":true}]}}