{"id":481148,"date":"2014-01-31T16:51:50","date_gmt":"2014-01-31T17:51:50","guid":{"rendered":"http:\/\/www.eldigitaldeasturias.com\/noticias\/?p=481148"},"modified":"2014-01-31T16:51:50","modified_gmt":"2014-01-31T17:51:50","slug":"sandoval-estudia-variar-el-esquema-tactico-del-sporting-para-jugar-en-mallorca","status":"publish","type":"post","link":"https:\/\/www.eldigitaldeasturias.com\/noticias\/sandoval-estudia-variar-el-esquema-tactico-del-sporting-para-jugar-en-mallorca\/","title":{"rendered":"Sandoval estudia variar el esquema t\u00e1ctico del Sporting para jugar en Mallorca"},"content":{"rendered":"<p><img loading=\"lazy\" decoding=\"async\" class=\"alignleft size-medium wp-image-438679\" alt=\"sandoval\" src=\"https:\/\/www.eldigitaldeasturias.com\/noticias\/wp-content\/uploads\/2013\/10\/sandoval-360x183.jpg\" width=\"360\" height=\"183\" \/>Gij\u00f3n, 31 ene (EFE).- El entrenador del Sporting, Jos\u00e9 Ram\u00f3n Sandoval, ensay\u00f3 esta semana con una variante t\u00e1ctica con respecto a las \u00faltimas jornadas, ya que volvi\u00f3 a situar a Scepovic en la posici\u00f3n de delantero centro dando entrada en el equipo a Carmona y dejando fuera de \u00e9l a Lekic, si bien el t\u00e9cnico se ha limitado a indicar que \u00abcaben todas las posibilidades\u00bb.<\/p>\n<p>\u00abTengo clara la alineaci\u00f3n desde el comienzo de la semana\u00bb, ha dicho Sandoval, que ha reiterado que su equipo no cambia de sistema en virtud del rival sino por fortaleza del propio equipo, en el que que \u00abnadie es imprescindible\u00bb.<\/p>\n<p>Al t\u00e9rmino del entrenamiento Sandoval ha dado a conocer la lista de jugadores que esta misma tarde se desplazan hacia Mallorca con parada, noche y entrenamiento ma\u00f1ana en Madrid, y a la que vuelven Iv\u00e1n Hern\u00e1ndez, Lora, Nacho Cases y Carmona y se caen Mendy, Alex Men\u00e9ndez y Casquero en una convocatoria de 19 jugadores.<\/p>\n<p>Los que se desplazan a Mallorca son: Cu\u00e9llar, Alberto, Luis Hern\u00e1ndez, Mandi, Bernardo, Sergio Alvarez, \u00c1lex Barrera, Guerrero, Nacho Cases, Lora, Scepovic, Iv\u00e1n Hern\u00e1ndez, Canella, Lekic, Santi Jara, Isma L\u00f3pez, Carmona, Hugo Fraile y \u00c1lex Serrano.<\/p>\n<p>El entrenador ha mostrado su satisfacci\u00f3n por las renovaciones de Lora y Nacho Cases, \u00abdos jugadores de peso\u00bb, ha subrayado el t\u00e9cnico, que ha reconocido que \u00abest\u00e1n muy avanzadas las conversaciones con Scepovic\u00bb, las cuales conf\u00eda en que prosperen lo mismo que fructificaron las de los otros dos futbolistas.<\/p>\n<p>Sandoval ha opinado que Scepovic \u00abest\u00e1 poniendo mucho de su parte para seguir en el Sporting\u00bb pero tambi\u00e9n ha apuntado que \u00abtodo pasa por lograr el ascenso a Primera\u00bb.<\/p>\n<p>Con respecto al Mallorca, Sandoval ha manifestado que \u00abno es que lo haya hecho mal en la primera vuelta, es que se le fueron partidos por peque\u00f1as cosas\u00bb, y ha alabado el trabajo de Oltra, al que considera \u00abel entrenador de referencia en Segunda divisi\u00f3n\u00bb.<\/p>\n<p>\u00abEl Mallorca tiene gente muy r\u00e1pida en las bandas y estrat\u00e9gicamente es un equipo muy bien trabajado\u00bb, ha reiterado.<\/p>\n<p>Sandoval, ante la no convocatoria de Casquero, ha argumentado que \u00abse queda fuera porque hay 25 jugadores\u00bb y que ante el Mallorca buscaba \u00abotra cosa\u00bb y la citaci\u00f3n de 19 jugadores, porque \u00abel viaje es largo y todav\u00eda queda otro entrenamiento\u00bb.<\/p>\n","protected":false},"excerpt":{"rendered":"<p>Gij\u00f3n, 31 ene (EFE).- El entrenador del Sporting, Jos\u00e9 Ram\u00f3n Sandoval, ensay\u00f3 esta semana con una variante t\u00e1ctica con respecto a las \u00faltimas jornadas, ya que volvi\u00f3 a situar a Scepovic en la posici\u00f3n de delantero centro dando entrada en el equipo a Carmona y dejando fuera de \u00e9l a Lekic, si bien el t\u00e9cnico [&hellip;]<\/p>\n","protected":false},"author":1,"featured_media":438679,"comment_status":"closed","ping_status":"open","sticky":false,"template":"","format":"standard","meta":{"footnotes":""},"categories":[1],"tags":[],"class_list":["post-481148","post","type-post","status-publish","format-standard","has-post-thumbnail","hentry","category-actualidad"],"aioseo_notices":[],"aioseo_head":"\n\t\t<!-- All in One SEO Pro 5.0.1 - aioseo.com -->\n\t<meta name=\"description\" content=\"Gij\u00f3n, 31 ene (EFE).- El entrenador del Sporting, Jos\u00e9 Ram\u00f3n Sandoval, ensay\u00f3 esta semana con una variante t\u00e1ctica con respecto a las \u00faltimas jornadas, ya que volvi\u00f3 a situar a Scepovic en la posici\u00f3n de delantero centro dando entrada en el equipo a Carmona y dejando fuera de \u00e9l a Lekic, si bien el t\u00e9cnico\" \/>\n\t<meta name=\"robots\" content=\"max-image-preview:large\" \/>\n\t<meta name=\"author\" content=\"El Digital de Asturias\"\/>\n\t<meta name=\"google-site-verification\" content=\"UA-38556648-1\" \/>\n\t<meta name=\"msvalidate.01\" content=\"7dfe9f3f1b24437ab69f4f2559babe99\" \/>\n\t<meta name=\"keywords\" content=\"actualidad\" \/>\n\t<link rel=\"canonical\" href=\"https:\/\/www.eldigitaldeasturias.com\/noticias\/sandoval-estudia-variar-el-esquema-tactico-del-sporting-para-jugar-en-mallorca\/\" \/>\n\t<meta name=\"generator\" content=\"All in One SEO Pro (AIOSEO) 5.0.1\" \/>\n\t\t<meta property=\"og:locale\" content=\"es_ES\" \/>\n\t\t<meta property=\"og:site_name\" content=\"El Digital de Asturias\" \/>\n\t\t<meta property=\"og:type\" content=\"article\" \/>\n\t\t<meta property=\"og:title\" content=\"Sandoval estudia variar el esquema t\u00e1ctico del Sporting para jugar en Mallorca - El Digital de Asturias\" \/>\n\t\t<meta property=\"og:description\" content=\"Gij\u00f3n, 31 ene (EFE).- El entrenador del Sporting, Jos\u00e9 Ram\u00f3n Sandoval, ensay\u00f3 esta semana con una variante t\u00e1ctica con respecto a las \u00faltimas jornadas, ya que volvi\u00f3 a situar a Scepovic en la posici\u00f3n de delantero centro dando entrada en el equipo a Carmona y dejando fuera de \u00e9l a Lekic, si bien el t\u00e9cnico\" \/>\n\t\t<meta property=\"og:url\" content=\"https:\/\/www.eldigitaldeasturias.com\/noticias\/sandoval-estudia-variar-el-esquema-tactico-del-sporting-para-jugar-en-mallorca\/\" \/>\n\t\t<meta property=\"article:tag\" content=\"actualidad\" \/>\n\t\t<meta property=\"article:published_time\" content=\"2014-01-31T17:51:50+00:00\" \/>\n\t\t<meta property=\"article:modified_time\" content=\"2014-01-31T17:51:50+00:00\" \/>\n\t\t<meta property=\"article:publisher\" content=\"https:\/\/facebook.com\/eldigitaldeasturias\" \/>\n\t\t<meta name=\"twitter:card\" content=\"summary_large_image\" \/>\n\t\t<meta name=\"twitter:title\" content=\"Sandoval estudia variar el esquema t\u00e1ctico del Sporting para jugar en Mallorca - El Digital de Asturias\" \/>\n\t\t<meta name=\"twitter:description\" content=\"Gij\u00f3n, 31 ene (EFE).- El entrenador del Sporting, Jos\u00e9 Ram\u00f3n Sandoval, ensay\u00f3 esta semana con una variante t\u00e1ctica con respecto a las \u00faltimas jornadas, ya que volvi\u00f3 a situar a Scepovic en la posici\u00f3n de delantero centro dando entrada en el equipo a Carmona y dejando fuera de \u00e9l a Lekic, si bien el t\u00e9cnico\" \/>\n\t\t<meta name=\"twitter:label1\" content=\"Escrito por\" \/>\n\t\t<meta name=\"twitter:data1\" content=\"El Digital de Asturias\" \/>\n\t\t<meta name=\"twitter:label2\" content=\"Tiempo de lectura estimado\" \/>\n\t\t<meta name=\"twitter:data2\" content=\"2 minutos\" \/>\n\t\t<script type=\"application\/ld+json\" class=\"aioseo-schema\">\n\t\t\t{\"@context\":\"https:\\\/\\\/schema.org\",\"@graph\":[{\"@type\":\"BlogPosting\",\"@id\":\"https:\\\/\\\/www.eldigitaldeasturias.com\\\/noticias\\\/sandoval-estudia-variar-el-esquema-tactico-del-sporting-para-jugar-en-mallorca\\\/#blogposting\",\"name\":\"Sandoval estudia variar el esquema t\\u00e1ctico del Sporting para jugar en Mallorca - El Digital de Asturias\",\"headline\":\"Sandoval estudia variar el esquema t\\u00e1ctico del Sporting para jugar en Mallorca\",\"author\":{\"@id\":\"https:\\\/\\\/www.eldigitaldeasturias.com\\\/noticias\\\/author\\\/admin\\\/#author\"},\"publisher\":{\"@id\":\"https:\\\/\\\/www.eldigitaldeasturias.com\\\/noticias\\\/#organization\"},\"image\":{\"@type\":\"ImageObject\",\"url\":438679},\"datePublished\":\"2014-01-31T16:51:50+01:00\",\"dateModified\":\"2014-01-31T16:51:50+01:00\",\"inLanguage\":\"es-ES\",\"mainEntityOfPage\":{\"@id\":\"https:\\\/\\\/www.eldigitaldeasturias.com\\\/noticias\\\/sandoval-estudia-variar-el-esquema-tactico-del-sporting-para-jugar-en-mallorca\\\/#webpage\"},\"isPartOf\":{\"@id\":\"https:\\\/\\\/www.eldigitaldeasturias.com\\\/noticias\\\/sandoval-estudia-variar-el-esquema-tactico-del-sporting-para-jugar-en-mallorca\\\/#webpage\"},\"articleSection\":\"Actualidad\"},{\"@type\":\"BreadcrumbList\",\"@id\":\"https:\\\/\\\/www.eldigitaldeasturias.com\\\/noticias\\\/sandoval-estudia-variar-el-esquema-tactico-del-sporting-para-jugar-en-mallorca\\\/#breadcrumblist\",\"itemListElement\":[{\"@type\":\"ListItem\",\"@id\":\"https:\\\/\\\/www.eldigitaldeasturias.com\\\/noticias#listItem\",\"position\":1,\"name\":\"Home\",\"item\":\"https:\\\/\\\/www.eldigitaldeasturias.com\\\/noticias\",\"nextItem\":{\"@type\":\"ListItem\",\"@id\":\"https:\\\/\\\/www.eldigitaldeasturias.com\\\/noticias\\\/category\\\/actualidad\\\/#listItem\",\"name\":\"Actualidad\"}},{\"@type\":\"ListItem\",\"@id\":\"https:\\\/\\\/www.eldigitaldeasturias.com\\\/noticias\\\/category\\\/actualidad\\\/#listItem\",\"position\":2,\"name\":\"Actualidad\",\"item\":\"https:\\\/\\\/www.eldigitaldeasturias.com\\\/noticias\\\/category\\\/actualidad\\\/\",\"nextItem\":{\"@type\":\"ListItem\",\"@id\":\"https:\\\/\\\/www.eldigitaldeasturias.com\\\/noticias\\\/sandoval-estudia-variar-el-esquema-tactico-del-sporting-para-jugar-en-mallorca\\\/#listItem\",\"name\":\"Sandoval estudia variar el esquema t\\u00e1ctico del Sporting para jugar en Mallorca\"},\"previousItem\":{\"@type\":\"ListItem\",\"@id\":\"https:\\\/\\\/www.eldigitaldeasturias.com\\\/noticias#listItem\",\"name\":\"Home\"}},{\"@type\":\"ListItem\",\"@id\":\"https:\\\/\\\/www.eldigitaldeasturias.com\\\/noticias\\\/sandoval-estudia-variar-el-esquema-tactico-del-sporting-para-jugar-en-mallorca\\\/#listItem\",\"position\":3,\"name\":\"Sandoval estudia variar el esquema t\\u00e1ctico del Sporting para jugar en Mallorca\",\"previousItem\":{\"@type\":\"ListItem\",\"@id\":\"https:\\\/\\\/www.eldigitaldeasturias.com\\\/noticias\\\/category\\\/actualidad\\\/#listItem\",\"name\":\"Actualidad\"}}]},{\"@type\":\"Organization\",\"@id\":\"https:\\\/\\\/www.eldigitaldeasturias.com\\\/noticias\\\/#organization\",\"name\":\"El Digital de Asturias\",\"description\":\"Hemeroteca\",\"url\":\"https:\\\/\\\/www.eldigitaldeasturias.com\\\/noticias\\\/\",\"email\":\"info@eldigitaldeasturias.com\",\"telephone\":\"+34652131393\",\"logo\":{\"@type\":\"ImageObject\",\"url\":\"https:\\\/\\\/www.eldigitaldeasturias.com\\\/noticias\\\/wp-content\\\/uploads\\\/2020\\\/12\\\/EDA.jpg\",\"@id\":\"https:\\\/\\\/www.eldigitaldeasturias.com\\\/noticias\\\/sandoval-estudia-variar-el-esquema-tactico-del-sporting-para-jugar-en-mallorca\\\/#organizationLogo\"},\"image\":{\"@id\":\"https:\\\/\\\/www.eldigitaldeasturias.com\\\/noticias\\\/sandoval-estudia-variar-el-esquema-tactico-del-sporting-para-jugar-en-mallorca\\\/#organizationLogo\"},\"sameAs\":[\"https:\\\/\\\/facebook.com\\\/eldigitaldeasturias\",\"https:\\\/\\\/www.youtube.com\\\/channel\\\/UCZP-2wLEB9Rv6erhFmqVnvg\"],\"address\":{\"@id\":\"https:\\\/\\\/www.eldigitaldeasturias.com\\\/noticias\\\/#postaladdress\",\"@type\":\"PostalAddress\",\"streetAddress\":\"san antonio 4\",\"postalCode\":\"33430\",\"addressLocality\":\"Cand\\u00e1s\",\"addressRegion\":\"Asturias\",\"addressCountry\":\"ES\"}},{\"@type\":\"Person\",\"@id\":\"https:\\\/\\\/www.eldigitaldeasturias.com\\\/noticias\\\/author\\\/admin\\\/#author\",\"url\":\"https:\\\/\\\/www.eldigitaldeasturias.com\\\/noticias\\\/author\\\/admin\\\/\",\"name\":\"El Digital de Asturias\",\"image\":{\"@type\":\"ImageObject\",\"@id\":\"https:\\\/\\\/www.eldigitaldeasturias.com\\\/noticias\\\/sandoval-estudia-variar-el-esquema-tactico-del-sporting-para-jugar-en-mallorca\\\/#authorImage\",\"url\":\"https:\\\/\\\/secure.gravatar.com\\\/avatar\\\/df2aeffc32bcd13f8d26072ef8a91b623d677766deac7f97ca815868cd41bf5e?s=96&d=mm&r=g\",\"width\":96,\"height\":96,\"caption\":\"El Digital de Asturias\"}},{\"@type\":\"WebPage\",\"@id\":\"https:\\\/\\\/www.eldigitaldeasturias.com\\\/noticias\\\/sandoval-estudia-variar-el-esquema-tactico-del-sporting-para-jugar-en-mallorca\\\/#webpage\",\"url\":\"https:\\\/\\\/www.eldigitaldeasturias.com\\\/noticias\\\/sandoval-estudia-variar-el-esquema-tactico-del-sporting-para-jugar-en-mallorca\\\/\",\"name\":\"Sandoval estudia variar el esquema t\\u00e1ctico del Sporting para jugar en Mallorca - El Digital de Asturias\",\"description\":\"Gij\\u00f3n, 31 ene (EFE).- El entrenador del Sporting, Jos\\u00e9 Ram\\u00f3n Sandoval, ensay\\u00f3 esta semana con una variante t\\u00e1ctica con respecto a las \\u00faltimas jornadas, ya que volvi\\u00f3 a situar a Scepovic en la posici\\u00f3n de delantero centro dando entrada en el equipo a Carmona y dejando fuera de \\u00e9l a Lekic, si bien el t\\u00e9cnico\",\"inLanguage\":\"es-ES\",\"isPartOf\":{\"@id\":\"https:\\\/\\\/www.eldigitaldeasturias.com\\\/noticias\\\/#website\"},\"breadcrumb\":{\"@id\":\"https:\\\/\\\/www.eldigitaldeasturias.com\\\/noticias\\\/sandoval-estudia-variar-el-esquema-tactico-del-sporting-para-jugar-en-mallorca\\\/#breadcrumblist\"},\"author\":{\"@id\":\"https:\\\/\\\/www.eldigitaldeasturias.com\\\/noticias\\\/author\\\/admin\\\/#author\"},\"creator\":{\"@id\":\"https:\\\/\\\/www.eldigitaldeasturias.com\\\/noticias\\\/author\\\/admin\\\/#author\"},\"image\":{\"@type\":\"ImageObject\",\"url\":438679,\"@id\":\"https:\\\/\\\/www.eldigitaldeasturias.com\\\/noticias\\\/sandoval-estudia-variar-el-esquema-tactico-del-sporting-para-jugar-en-mallorca\\\/#mainImage\"},\"primaryImageOfPage\":{\"@id\":\"https:\\\/\\\/www.eldigitaldeasturias.com\\\/noticias\\\/sandoval-estudia-variar-el-esquema-tactico-del-sporting-para-jugar-en-mallorca\\\/#mainImage\"},\"datePublished\":\"2014-01-31T16:51:50+01:00\",\"dateModified\":\"2014-01-31T16:51:50+01:00\"},{\"@type\":\"WebSite\",\"@id\":\"https:\\\/\\\/www.eldigitaldeasturias.com\\\/noticias\\\/#website\",\"url\":\"https:\\\/\\\/www.eldigitaldeasturias.com\\\/noticias\\\/\",\"name\":\"El Digital de Asturias - Diario de actualidad y noticias\",\"alternateName\":\"El Digital de Asturias - Diario de actualidad y noticias\",\"description\":\"Hemeroteca\",\"inLanguage\":\"es-ES\",\"publisher\":{\"@id\":\"https:\\\/\\\/www.eldigitaldeasturias.com\\\/noticias\\\/#organization\"}}]}\n\t\t<\/script>\n\t\t<!-- All in One SEO Pro -->\r\n\t\t<title>Sandoval estudia variar el esquema t\u00e1ctico del Sporting para jugar en Mallorca - El Digital de Asturias<\/title>\n\n","aioseo_head_json":{"title":"Sandoval estudia variar el esquema t\u00e1ctico del Sporting para jugar en Mallorca - El Digital de Asturias","description":"Gij\u00f3n, 31 ene (EFE).- El entrenador del Sporting, Jos\u00e9 Ram\u00f3n Sandoval, ensay\u00f3 esta semana con una variante t\u00e1ctica con respecto a las \u00faltimas jornadas, ya que volvi\u00f3 a situar a Scepovic en la posici\u00f3n de delantero centro dando entrada en el equipo a Carmona y dejando fuera de \u00e9l a Lekic, si bien el t\u00e9cnico","canonical_url":"https:\/\/www.eldigitaldeasturias.com\/noticias\/sandoval-estudia-variar-el-esquema-tactico-del-sporting-para-jugar-en-mallorca\/","robots":"max-image-preview:large","keywords":"actualidad","webmasterTools":{"google-site-verification":"UA-38556648-1","msvalidate.01":"7dfe9f3f1b24437ab69f4f2559babe99","miscellaneous":""},"schema":{"@context":"https:\/\/schema.org","@graph":[{"@type":"BlogPosting","@id":"https:\/\/www.eldigitaldeasturias.com\/noticias\/sandoval-estudia-variar-el-esquema-tactico-del-sporting-para-jugar-en-mallorca\/#blogposting","name":"Sandoval estudia variar el esquema t\u00e1ctico del Sporting para jugar en Mallorca - El Digital de Asturias","headline":"Sandoval estudia variar el esquema t\u00e1ctico del Sporting para jugar en Mallorca","author":{"@id":"https:\/\/www.eldigitaldeasturias.com\/noticias\/author\/admin\/#author"},"publisher":{"@id":"https:\/\/www.eldigitaldeasturias.com\/noticias\/#organization"},"image":{"@type":"ImageObject","url":438679},"datePublished":"2014-01-31T16:51:50+01:00","dateModified":"2014-01-31T16:51:50+01:00","inLanguage":"es-ES","mainEntityOfPage":{"@id":"https:\/\/www.eldigitaldeasturias.com\/noticias\/sandoval-estudia-variar-el-esquema-tactico-del-sporting-para-jugar-en-mallorca\/#webpage"},"isPartOf":{"@id":"https:\/\/www.eldigitaldeasturias.com\/noticias\/sandoval-estudia-variar-el-esquema-tactico-del-sporting-para-jugar-en-mallorca\/#webpage"},"articleSection":"Actualidad"},{"@type":"BreadcrumbList","@id":"https:\/\/www.eldigitaldeasturias.com\/noticias\/sandoval-estudia-variar-el-esquema-tactico-del-sporting-para-jugar-en-mallorca\/#breadcrumblist","itemListElement":[{"@type":"ListItem","@id":"https:\/\/www.eldigitaldeasturias.com\/noticias#listItem","position":1,"name":"Home","item":"https:\/\/www.eldigitaldeasturias.com\/noticias","nextItem":{"@type":"ListItem","@id":"https:\/\/www.eldigitaldeasturias.com\/noticias\/category\/actualidad\/#listItem","name":"Actualidad"}},{"@type":"ListItem","@id":"https:\/\/www.eldigitaldeasturias.com\/noticias\/category\/actualidad\/#listItem","position":2,"name":"Actualidad","item":"https:\/\/www.eldigitaldeasturias.com\/noticias\/category\/actualidad\/","nextItem":{"@type":"ListItem","@id":"https:\/\/www.eldigitaldeasturias.com\/noticias\/sandoval-estudia-variar-el-esquema-tactico-del-sporting-para-jugar-en-mallorca\/#listItem","name":"Sandoval estudia variar el esquema t\u00e1ctico del Sporting para jugar en Mallorca"},"previousItem":{"@type":"ListItem","@id":"https:\/\/www.eldigitaldeasturias.com\/noticias#listItem","name":"Home"}},{"@type":"ListItem","@id":"https:\/\/www.eldigitaldeasturias.com\/noticias\/sandoval-estudia-variar-el-esquema-tactico-del-sporting-para-jugar-en-mallorca\/#listItem","position":3,"name":"Sandoval estudia variar el esquema t\u00e1ctico del Sporting para jugar en Mallorca","previousItem":{"@type":"ListItem","@id":"https:\/\/www.eldigitaldeasturias.com\/noticias\/category\/actualidad\/#listItem","name":"Actualidad"}}]},{"@type":"Organization","@id":"https:\/\/www.eldigitaldeasturias.com\/noticias\/#organization","name":"El Digital de Asturias","description":"Hemeroteca","url":"https:\/\/www.eldigitaldeasturias.com\/noticias\/","email":"info@eldigitaldeasturias.com","telephone":"+34652131393","logo":{"@type":"ImageObject","url":"https:\/\/www.eldigitaldeasturias.com\/noticias\/wp-content\/uploads\/2020\/12\/EDA.jpg","@id":"https:\/\/www.eldigitaldeasturias.com\/noticias\/sandoval-estudia-variar-el-esquema-tactico-del-sporting-para-jugar-en-mallorca\/#organizationLogo"},"image":{"@id":"https:\/\/www.eldigitaldeasturias.com\/noticias\/sandoval-estudia-variar-el-esquema-tactico-del-sporting-para-jugar-en-mallorca\/#organizationLogo"},"sameAs":["https:\/\/facebook.com\/eldigitaldeasturias","https:\/\/www.youtube.com\/channel\/UCZP-2wLEB9Rv6erhFmqVnvg"],"address":{"@id":"https:\/\/www.eldigitaldeasturias.com\/noticias\/#postaladdress","@type":"PostalAddress","streetAddress":"san antonio 4","postalCode":"33430","addressLocality":"Cand\u00e1s","addressRegion":"Asturias","addressCountry":"ES"}},{"@type":"Person","@id":"https:\/\/www.eldigitaldeasturias.com\/noticias\/author\/admin\/#author","url":"https:\/\/www.eldigitaldeasturias.com\/noticias\/author\/admin\/","name":"El Digital de Asturias","image":{"@type":"ImageObject","@id":"https:\/\/www.eldigitaldeasturias.com\/noticias\/sandoval-estudia-variar-el-esquema-tactico-del-sporting-para-jugar-en-mallorca\/#authorImage","url":"https:\/\/secure.gravatar.com\/avatar\/df2aeffc32bcd13f8d26072ef8a91b623d677766deac7f97ca815868cd41bf5e?s=96&d=mm&r=g","width":96,"height":96,"caption":"El Digital de Asturias"}},{"@type":"WebPage","@id":"https:\/\/www.eldigitaldeasturias.com\/noticias\/sandoval-estudia-variar-el-esquema-tactico-del-sporting-para-jugar-en-mallorca\/#webpage","url":"https:\/\/www.eldigitaldeasturias.com\/noticias\/sandoval-estudia-variar-el-esquema-tactico-del-sporting-para-jugar-en-mallorca\/","name":"Sandoval estudia variar el esquema t\u00e1ctico del Sporting para jugar en Mallorca - El Digital de Asturias","description":"Gij\u00f3n, 31 ene (EFE).- El entrenador del Sporting, Jos\u00e9 Ram\u00f3n Sandoval, ensay\u00f3 esta semana con una variante t\u00e1ctica con respecto a las \u00faltimas jornadas, ya que volvi\u00f3 a situar a Scepovic en la posici\u00f3n de delantero centro dando entrada en el equipo a Carmona y dejando fuera de \u00e9l a Lekic, si bien el t\u00e9cnico","inLanguage":"es-ES","isPartOf":{"@id":"https:\/\/www.eldigitaldeasturias.com\/noticias\/#website"},"breadcrumb":{"@id":"https:\/\/www.eldigitaldeasturias.com\/noticias\/sandoval-estudia-variar-el-esquema-tactico-del-sporting-para-jugar-en-mallorca\/#breadcrumblist"},"author":{"@id":"https:\/\/www.eldigitaldeasturias.com\/noticias\/author\/admin\/#author"},"creator":{"@id":"https:\/\/www.eldigitaldeasturias.com\/noticias\/author\/admin\/#author"},"image":{"@type":"ImageObject","url":438679,"@id":"https:\/\/www.eldigitaldeasturias.com\/noticias\/sandoval-estudia-variar-el-esquema-tactico-del-sporting-para-jugar-en-mallorca\/#mainImage"},"primaryImageOfPage":{"@id":"https:\/\/www.eldigitaldeasturias.com\/noticias\/sandoval-estudia-variar-el-esquema-tactico-del-sporting-para-jugar-en-mallorca\/#mainImage"},"datePublished":"2014-01-31T16:51:50+01:00","dateModified":"2014-01-31T16:51:50+01:00"},{"@type":"WebSite","@id":"https:\/\/www.eldigitaldeasturias.com\/noticias\/#website","url":"https:\/\/www.eldigitaldeasturias.com\/noticias\/","name":"El Digital de Asturias - Diario de actualidad y noticias","alternateName":"El Digital de Asturias - Diario de actualidad y noticias","description":"Hemeroteca","inLanguage":"es-ES","publisher":{"@id":"https:\/\/www.eldigitaldeasturias.com\/noticias\/#organization"}}]},"og:locale":"es_ES","og:site_name":"El Digital de Asturias","og:type":"article","og:title":"Sandoval estudia variar el esquema t\u00e1ctico del Sporting para jugar en Mallorca - El Digital de Asturias","og:description":"Gij\u00f3n, 31 ene (EFE).- El entrenador del Sporting, Jos\u00e9 Ram\u00f3n Sandoval, ensay\u00f3 esta semana con una variante t\u00e1ctica con respecto a las \u00faltimas jornadas, ya que volvi\u00f3 a situar a Scepovic en la posici\u00f3n de delantero centro dando entrada en el equipo a Carmona y dejando fuera de \u00e9l a Lekic, si bien el t\u00e9cnico","og:url":"https:\/\/www.eldigitaldeasturias.com\/noticias\/sandoval-estudia-variar-el-esquema-tactico-del-sporting-para-jugar-en-mallorca\/","article:tag":["actualidad"],"article:published_time":"2014-01-31T17:51:50+00:00","article:modified_time":"2014-01-31T17:51:50+00:00","article:publisher":"https:\/\/facebook.com\/eldigitaldeasturias","twitter:card":"summary_large_image","twitter:title":"Sandoval estudia variar el esquema t\u00e1ctico del Sporting para jugar en Mallorca - El Digital de Asturias","twitter:description":"Gij\u00f3n, 31 ene (EFE).- El entrenador del Sporting, Jos\u00e9 Ram\u00f3n Sandoval, ensay\u00f3 esta semana con una variante t\u00e1ctica con respecto a las \u00faltimas jornadas, ya que volvi\u00f3 a situar a Scepovic en la posici\u00f3n de delantero centro dando entrada en el equipo a Carmona y dejando fuera de \u00e9l a Lekic, si bien el t\u00e9cnico","twitter:label1":"Escrito por","twitter:data1":"El Digital de Asturias","twitter:label2":"Tiempo de lectura estimado","twitter:data2":"2 minutos"},"aioseo_meta_data":{"post_id":"481148","title":null,"description":null,"keywords":null,"keyphrases":null,"primary_term":null,"canonical_url":null,"og_title":null,"og_description":null,"og_object_type":"default","og_image_type":"default","og_image_url":null,"og_image_width":null,"og_image_height":null,"og_image_custom_url":null,"og_image_custom_fields":null,"og_video":null,"og_custom_url":null,"og_article_section":null,"og_article_tags":null,"twitter_use_og":true,"twitter_card":"default","twitter_image_type":"default","twitter_image_url":null,"twitter_image_custom_url":null,"twitter_image_custom_fields":null,"twitter_title":null,"twitter_description":null,"schema":{"blockGraphs":[],"customGraphs":[],"default":{"data":{"Article":[],"Course":[],"Dataset":[],"FAQPage":[],"Movie":[],"Person":[],"Product":[],"ProductReview":[],"Car":[],"Recipe":[],"Service":[],"SoftwareApplication":[],"WebPage":[]},"graphName":"","isEnabled":true},"graphs":[],"defaultGraph":"","defaultPostTypeGraph":""},"schema_type":null,"schema_type_options":null,"pillar_content":false,"robots_default":true,"robots_noindex":false,"robots_noarchive":false,"robots_nosnippet":false,"robots_nofollow":false,"robots_noimageindex":false,"robots_noodp":false,"robots_notranslate":false,"robots_max_snippet":null,"robots_max_videopreview":null,"robots_max_imagepreview":"none","priority":null,"frequency":null,"local_seo":null,"seo_analyzer_scan_date":"2026-06-02 05:54:54","breadcrumb_settings":null,"limit_modified_date":false,"open_ai":null,"ai":null,"created":"2020-11-14 22:54:17","updated":"2026-06-02 05:54:54","focus_keyword":null,"additional_keywords":null,"truseo_locale":null},"aioseo_breadcrumb":"<div class=\"aioseo-breadcrumbs\"><span class=\"aioseo-breadcrumb\">\n\t<a href=\"https:\/\/www.eldigitaldeasturias.com\/noticias\" title=\"Home\">Home<\/a>\n<\/span><span class=\"aioseo-breadcrumb-separator\">\u2013<\/span><span class=\"aioseo-breadcrumb\">\n\t<a href=\"https:\/\/www.eldigitaldeasturias.com\/noticias\/category\/actualidad\/\" title=\"Actualidad\">Actualidad<\/a>\n<\/span><span class=\"aioseo-breadcrumb-separator\">\u2013<\/span><span class=\"aioseo-breadcrumb\">\n\t<a href=\"https:\/\/www.eldigitaldeasturias.com\/noticias\/sandoval-estudia-variar-el-esquema-tactico-del-sporting-para-jugar-en-mallorca\/\" title=\"Sandoval estudia variar el esquema t\u00e1ctico del Sporting para jugar en Mallorca\">Sandoval estudia variar el esquema t\u00e1ctico del Sporting para jugar en Mallorca<\/a>\n<\/span><\/div>","aioseo_breadcrumb_json":[{"label":"Home","link":"https:\/\/www.eldigitaldeasturias.com\/noticias"},{"label":"Actualidad","link":"https:\/\/www.eldigitaldeasturias.com\/noticias\/category\/actualidad\/"},{"label":"Sandoval estudia variar el esquema t\u00e1ctico del Sporting para jugar en Mallorca","link":"https:\/\/www.eldigitaldeasturias.com\/noticias\/sandoval-estudia-variar-el-esquema-tactico-del-sporting-para-jugar-en-mallorca\/"}],"_links":{"self":[{"href":"https:\/\/www.eldigitaldeasturias.com\/noticias\/wp-json\/wp\/v2\/posts\/481148","targetHints":{"allow":["GET"]}}],"collection":[{"href":"https:\/\/www.eldigitaldeasturias.com\/noticias\/wp-json\/wp\/v2\/posts"}],"about":[{"href":"https:\/\/www.eldigitaldeasturias.com\/noticias\/wp-json\/wp\/v2\/types\/post"}],"author":[{"embeddable":true,"href":"https:\/\/www.eldigitaldeasturias.com\/noticias\/wp-json\/wp\/v2\/users\/1"}],"replies":[{"embeddable":true,"href":"https:\/\/www.eldigitaldeasturias.com\/noticias\/wp-json\/wp\/v2\/comments?post=481148"}],"version-history":[{"count":0,"href":"https:\/\/www.eldigitaldeasturias.com\/noticias\/wp-json\/wp\/v2\/posts\/481148\/revisions"}],"wp:attachment":[{"href":"https:\/\/www.eldigitaldeasturias.com\/noticias\/wp-json\/wp\/v2\/media?parent=481148"}],"wp:term":[{"taxonomy":"category","embeddable":true,"href":"https:\/\/www.eldigitaldeasturias.com\/noticias\/wp-json\/wp\/v2\/categories?post=481148"},{"taxonomy":"post_tag","embeddable":true,"href":"https:\/\/www.eldigitaldeasturias.com\/noticias\/wp-json\/wp\/v2\/tags?post=481148"}],"curies":[{"name":"wp","href":"https:\/\/api.w.org\/{rel}","templated":true}]}}