{"id":481119,"date":"2014-01-31T15:47:53","date_gmt":"2014-01-31T16:47:53","guid":{"rendered":"http:\/\/www.eldigitaldeasturias.com\/noticias\/?p=481119"},"modified":"2014-01-31T15:47:53","modified_gmt":"2014-01-31T16:47:53","slug":"the-square-una-plaza-con-vida-propia","status":"publish","type":"post","link":"https:\/\/www.eldigitaldeasturias.com\/noticias\/the-square-una-plaza-con-vida-propia\/","title":{"rendered":"\u00abThe Square\u00bb, una plaza con vida propia"},"content":{"rendered":"<p><img loading=\"lazy\" decoding=\"async\" class=\"alignleft size-medium wp-image-481120\" alt=\"5895246w\" src=\"https:\/\/www.eldigitaldeasturias.com\/noticias\/wp-content\/uploads\/2014\/01\/5895246w-360x240.jpg\" width=\"360\" height=\"240\" \/>El Cairo, 31 ene (EFE).- Vibrante, hipnotizadora y por momentos peligrosa, la plaza Tahrir no solo fue protagonista de la revoluci\u00f3n contra Hosni Mubarak, tambi\u00e9n ha sido eje de la vida pol\u00edtica de los \u00faltimos a\u00f1os en Egipto, como recoge la pel\u00edcula \u00abThe Square\u00bb.<\/p>\n<p>La cinta, nominada a los Oscar como mejor documental, es un recorrido subjetivo por los acontecimientos que se desencadenaron tras la ca\u00edda de Mubarak en 2011, hace casi tres a\u00f1os, a trav\u00e9s de los ojos de los activistas.<\/p>\n<p>Esa relaci\u00f3n entre los manifestantes y la plaza que los acoge y los hace experimentar en sus carnes sentimientos como el sufrimiento o la ilusi\u00f3n es el punto de partida de esta producci\u00f3n que, pese a la expectaci\u00f3n suscitada, a\u00fan no ha llegado a la cartelera egipcia.<\/p>\n<p>Su directora, la egipcioestadounidense Jehane Noujaim, reconoce en una entrevista telef\u00f3nica con Efe que le ha tocado grabar un proceso \u00abdoloroso\u00bb.<\/p>\n<p>No es para menos, aunque solo sea por las miles de personas que han muerto en las protestas reprimidas por las autoridades, ya sea bajo la batuta del Ej\u00e9rcito en la transici\u00f3n o de los Hermanos Musulmanes durante el a\u00f1o que gobern\u00f3 Mohamed Mursi antes de ser depuesto por los militares el pasado julio.<\/p>\n<p>\u00abAhora estamos atravesando un periodo muy oscuro, pero creo que existe esa idea de que puedes influir en tu propio futuro, incluso si va a llevar un largo camino la lucha por la libertad, la dignidad, los derechos humanos y la justicia social, valores que muchos egipcios comparten\u00bb, sostiene Noujaim.<\/p>\n<p>Pese al clima de violencia, la realizadora dice sentir una \u00abprofunda esperanza\u00bb y recuerda que no hace tanto en Egipto era \u00abmuy dif\u00edcil hablar de pol\u00edtica y ahora todos piensan y sue\u00f1an con el futuro\u00bb.<\/p>\n<p>Tambi\u00e9n se f\u00eda de la opini\u00f3n de los personajes de la pel\u00edcula, con quienes ha convivido dentro y fuera de Tahrir. \u00abNo miran con pesimismo el futuro\u00bb, apunta.<\/p>\n<p>Uno de ellos es Ahmed Hasan, un joven revolucionario so\u00f1ador que intenta unir a los egipcios en torno a una serie de ideales, y otro es Magdi Ashur, un islamista barbudo que pertenece a los Hermanos Musulmanes, aunque no siempre concuerda con ellos.<\/p>\n<p>Seg\u00fan Noujaim, esas diferencias y tensiones no impiden que ellos se adoren, se necesiten y se ayuden mutuamente de una forma \u00abtan desgarradora como bella\u00bb.<\/p>\n<p>\u00abSurgi\u00f3 una relaci\u00f3n org\u00e1nica entre los egipcios de la que deber\u00edamos estar orgullosos\u00bb, indica la cineasta, que define a sus compatriotas como \u00abmuy pasionales\u00bb.<\/p>\n<p>Emociones que tuvieron su punto \u00e1lgido en los brotes violentos, en esos momentos en los que la salud y la seguridad del equipo de rodaje se convirtieron en una cuesti\u00f3n vital para Noujaim.<\/p>\n<p>\u00abTodos los del equipo sufrimos el efecto de los gases lacrim\u00f3genos, disparos o detenciones\u00bb, cuenta la directora, quien no pudo evitar ser arrestada en alguna ocasi\u00f3n y que ahora admite que \u00abhab\u00eda tanto inter\u00e9s por captar la historia que se llegaron a poner en situaciones de peligro\u00bb.<\/p>\n<p>Masacres como la de una treintena de cristianos en 2011 o los choques sangrientos de ese a\u00f1o en la calle Mohamed Mahmud, junto a la plaza, tienen su dram\u00e1tico reflejo en la cinta, as\u00ed como la impotencia de los activistas que quieren hacer o\u00edr su voz y se ven superados por fuerzas mayores como los islamistas.<\/p>\n<p>Tambi\u00e9n ejercen una sofocante presi\u00f3n los militares, cuya imagen se vio lastrada en el periodo posterior a la revoluci\u00f3n y ha sido relanzada desde la destituci\u00f3n de Mursi en torno a la figura del ministro de Defensa, Abdel Fatah al Sisi.<\/p>\n<p>Est\u00e1 por ver que esas cr\u00edticas en forma de documental lleguen a las salas de Egipto. Por el momento, solo ha circulado una copia pirata en internet y se han realizado algunas proyecciones en privado.<\/p>\n<p>Noujaim conf\u00eda en que las autoridades lo autoricen y ha dejado el embrollo burocr\u00e1tico en manos de la destacada productora Misr International Film, despu\u00e9s de que estallara un intercambio de acusaciones con la censura, que niega haber prohibido la pel\u00edcula.<\/p>\n<p>Mientras, la directora prefiere \u00abcelebrar\u00bb la nominaci\u00f3n a los Oscar con una pel\u00edcula que, hablando de \u00abla b\u00fasqueda de la conciencia\u00bb, ya ha obtenido los premios del p\u00fablico en los festivales de Sundance y Toronto.<\/p>\n<p>Fue precisamente despu\u00e9s de la \u00faltima edici\u00f3n de Sundance cuando Noujaim volvi\u00f3 a ver a los protagonistas de \u00abThe Square\u00bb bajar a las calles.<\/p>\n<p>Decidi\u00f3 seguirlos y grabar. As\u00ed la cinta se alarg\u00f3 hasta la ca\u00edda de Mursi. \u00bfVolver\u00eda a hacerlo? \u00abNo pod\u00edamos seguir grabando indefinidamente. Entonces sent\u00ed que los personajes llegaban a una conclusi\u00f3n emocional: que no va a bajar del cielo un caballero blanco y va a solucionar todos los problemas\u00bb.<\/p>\n<p>Bel\u00e9n Delgado<\/p>\n","protected":false},"excerpt":{"rendered":"<p>El Cairo, 31 ene (EFE).- Vibrante, hipnotizadora y por momentos peligrosa, la plaza Tahrir no solo fue protagonista de la revoluci\u00f3n contra Hosni Mubarak, tambi\u00e9n ha sido eje de la vida pol\u00edtica de los \u00faltimos a\u00f1os en Egipto, como recoge la pel\u00edcula \u00abThe Square\u00bb. La cinta, nominada a los Oscar como mejor documental, es un [&hellip;]<\/p>\n","protected":false},"author":1,"featured_media":1132184,"comment_status":"closed","ping_status":"open","sticky":false,"template":"","format":"standard","meta":{"footnotes":""},"categories":[1],"tags":[],"class_list":["post-481119","post","type-post","status-publish","format-standard","has-post-thumbnail","hentry","category-actualidad"],"aioseo_notices":[],"aioseo_head":"\n\t\t<!-- All in One SEO Pro 5.0.1 - aioseo.com -->\n\t<meta name=\"description\" content=\"El Cairo, 31 ene (EFE).- Vibrante, hipnotizadora y por momentos peligrosa, la plaza Tahrir no solo fue protagonista de la revoluci\u00f3n contra Hosni Mubarak, tambi\u00e9n ha sido eje de la vida pol\u00edtica de los \u00faltimos a\u00f1os en Egipto, como recoge la pel\u00edcula &quot;The Square&quot;. La cinta, nominada a los Oscar como mejor documental, es un\" \/>\n\t<meta name=\"robots\" content=\"max-image-preview:large\" \/>\n\t<meta name=\"author\" content=\"El Digital de Asturias\"\/>\n\t<meta name=\"google-site-verification\" content=\"UA-38556648-1\" \/>\n\t<meta name=\"msvalidate.01\" content=\"7dfe9f3f1b24437ab69f4f2559babe99\" \/>\n\t<meta name=\"keywords\" content=\"actualidad\" \/>\n\t<link rel=\"canonical\" href=\"https:\/\/www.eldigitaldeasturias.com\/noticias\/the-square-una-plaza-con-vida-propia\/\" \/>\n\t<meta name=\"generator\" content=\"All in One SEO Pro (AIOSEO) 5.0.1\" \/>\n\t\t<meta property=\"og:locale\" content=\"es_ES\" \/>\n\t\t<meta property=\"og:site_name\" content=\"El Digital de Asturias\" \/>\n\t\t<meta property=\"og:type\" content=\"article\" \/>\n\t\t<meta property=\"og:title\" content=\"\u00abThe Square\u00bb, una plaza con vida propia - El Digital de Asturias\" \/>\n\t\t<meta property=\"og:description\" content=\"El Cairo, 31 ene (EFE).- Vibrante, hipnotizadora y por momentos peligrosa, la plaza Tahrir no solo fue protagonista de la revoluci\u00f3n contra Hosni Mubarak, tambi\u00e9n ha sido eje de la vida pol\u00edtica de los \u00faltimos a\u00f1os en Egipto, como recoge la pel\u00edcula &quot;The Square&quot;. La cinta, nominada a los Oscar como mejor documental, es un\" \/>\n\t\t<meta property=\"og:url\" content=\"https:\/\/www.eldigitaldeasturias.com\/noticias\/the-square-una-plaza-con-vida-propia\/\" \/>\n\t\t<meta property=\"og:image\" content=\"https:\/\/www.eldigitaldeasturias.com\/noticias\/wp-content\/uploads\/2026\/06\/Contenidos.jpg\" \/>\n\t\t<meta property=\"og:image:secure_url\" content=\"https:\/\/www.eldigitaldeasturias.com\/noticias\/wp-content\/uploads\/2026\/06\/Contenidos.jpg\" \/>\n\t\t<meta property=\"og:image:width\" content=\"1265\" \/>\n\t\t<meta property=\"og:image:height\" content=\"697\" \/>\n\t\t<meta property=\"article:tag\" content=\"actualidad\" \/>\n\t\t<meta property=\"article:published_time\" content=\"2014-01-31T16:47:53+00:00\" \/>\n\t\t<meta property=\"article:modified_time\" content=\"2014-01-31T16:47:53+00:00\" \/>\n\t\t<meta property=\"article:publisher\" content=\"https:\/\/facebook.com\/eldigitaldeasturias\" \/>\n\t\t<meta name=\"twitter:card\" content=\"summary_large_image\" \/>\n\t\t<meta name=\"twitter:title\" content=\"\u00abThe Square\u00bb, una plaza con vida propia - El Digital de Asturias\" \/>\n\t\t<meta name=\"twitter:description\" content=\"El Cairo, 31 ene (EFE).- Vibrante, hipnotizadora y por momentos peligrosa, la plaza Tahrir no solo fue protagonista de la revoluci\u00f3n contra Hosni Mubarak, tambi\u00e9n ha sido eje de la vida pol\u00edtica de los \u00faltimos a\u00f1os en Egipto, como recoge la pel\u00edcula &quot;The Square&quot;. La cinta, nominada a los Oscar como mejor documental, es un\" \/>\n\t\t<meta name=\"twitter:image\" content=\"https:\/\/www.eldigitaldeasturias.com\/noticias\/wp-content\/uploads\/2026\/06\/Contenidos.jpg\" \/>\n\t\t<meta name=\"twitter:label1\" content=\"Escrito por\" \/>\n\t\t<meta name=\"twitter:data1\" content=\"El Digital de Asturias\" \/>\n\t\t<meta name=\"twitter:label2\" content=\"Tiempo de lectura estimado\" \/>\n\t\t<meta name=\"twitter:data2\" content=\"4 minutos\" \/>\n\t\t<script type=\"application\/ld+json\" class=\"aioseo-schema\">\n\t\t\t{\"@context\":\"https:\\\/\\\/schema.org\",\"@graph\":[{\"@type\":\"BlogPosting\",\"@id\":\"https:\\\/\\\/www.eldigitaldeasturias.com\\\/noticias\\\/the-square-una-plaza-con-vida-propia\\\/#blogposting\",\"name\":\"\\u00abThe Square\\u00bb, una plaza con vida propia - El Digital de Asturias\",\"headline\":\"\\u00abThe Square\\u00bb, una plaza con vida propia\",\"author\":{\"@id\":\"https:\\\/\\\/www.eldigitaldeasturias.com\\\/noticias\\\/author\\\/admin\\\/#author\"},\"publisher\":{\"@id\":\"https:\\\/\\\/www.eldigitaldeasturias.com\\\/noticias\\\/#organization\"},\"image\":{\"@type\":\"ImageObject\",\"url\":\"https:\\\/\\\/www.eldigitaldeasturias.com\\\/noticias\\\/wp-content\\\/uploads\\\/2026\\\/06\\\/Contenidos.jpg\",\"width\":1265,\"height\":697,\"caption\":\"Contenidos\"},\"datePublished\":\"2014-01-31T15:47:53+01:00\",\"dateModified\":\"2014-01-31T15:47:53+01:00\",\"inLanguage\":\"es-ES\",\"mainEntityOfPage\":{\"@id\":\"https:\\\/\\\/www.eldigitaldeasturias.com\\\/noticias\\\/the-square-una-plaza-con-vida-propia\\\/#webpage\"},\"isPartOf\":{\"@id\":\"https:\\\/\\\/www.eldigitaldeasturias.com\\\/noticias\\\/the-square-una-plaza-con-vida-propia\\\/#webpage\"},\"articleSection\":\"Actualidad\"},{\"@type\":\"BreadcrumbList\",\"@id\":\"https:\\\/\\\/www.eldigitaldeasturias.com\\\/noticias\\\/the-square-una-plaza-con-vida-propia\\\/#breadcrumblist\",\"itemListElement\":[{\"@type\":\"ListItem\",\"@id\":\"https:\\\/\\\/www.eldigitaldeasturias.com\\\/noticias#listItem\",\"position\":1,\"name\":\"Home\",\"item\":\"https:\\\/\\\/www.eldigitaldeasturias.com\\\/noticias\",\"nextItem\":{\"@type\":\"ListItem\",\"@id\":\"https:\\\/\\\/www.eldigitaldeasturias.com\\\/noticias\\\/category\\\/actualidad\\\/#listItem\",\"name\":\"Actualidad\"}},{\"@type\":\"ListItem\",\"@id\":\"https:\\\/\\\/www.eldigitaldeasturias.com\\\/noticias\\\/category\\\/actualidad\\\/#listItem\",\"position\":2,\"name\":\"Actualidad\",\"item\":\"https:\\\/\\\/www.eldigitaldeasturias.com\\\/noticias\\\/category\\\/actualidad\\\/\",\"nextItem\":{\"@type\":\"ListItem\",\"@id\":\"https:\\\/\\\/www.eldigitaldeasturias.com\\\/noticias\\\/the-square-una-plaza-con-vida-propia\\\/#listItem\",\"name\":\"\\u00abThe Square\\u00bb, una plaza con vida propia\"},\"previousItem\":{\"@type\":\"ListItem\",\"@id\":\"https:\\\/\\\/www.eldigitaldeasturias.com\\\/noticias#listItem\",\"name\":\"Home\"}},{\"@type\":\"ListItem\",\"@id\":\"https:\\\/\\\/www.eldigitaldeasturias.com\\\/noticias\\\/the-square-una-plaza-con-vida-propia\\\/#listItem\",\"position\":3,\"name\":\"\\u00abThe Square\\u00bb, una plaza con vida propia\",\"previousItem\":{\"@type\":\"ListItem\",\"@id\":\"https:\\\/\\\/www.eldigitaldeasturias.com\\\/noticias\\\/category\\\/actualidad\\\/#listItem\",\"name\":\"Actualidad\"}}]},{\"@type\":\"Organization\",\"@id\":\"https:\\\/\\\/www.eldigitaldeasturias.com\\\/noticias\\\/#organization\",\"name\":\"El Digital de Asturias\",\"description\":\"Hemeroteca\",\"url\":\"https:\\\/\\\/www.eldigitaldeasturias.com\\\/noticias\\\/\",\"email\":\"info@eldigitaldeasturias.com\",\"telephone\":\"+34652131393\",\"logo\":{\"@type\":\"ImageObject\",\"url\":\"https:\\\/\\\/www.eldigitaldeasturias.com\\\/noticias\\\/wp-content\\\/uploads\\\/2020\\\/12\\\/EDA.jpg\",\"@id\":\"https:\\\/\\\/www.eldigitaldeasturias.com\\\/noticias\\\/the-square-una-plaza-con-vida-propia\\\/#organizationLogo\"},\"image\":{\"@id\":\"https:\\\/\\\/www.eldigitaldeasturias.com\\\/noticias\\\/the-square-una-plaza-con-vida-propia\\\/#organizationLogo\"},\"sameAs\":[\"https:\\\/\\\/facebook.com\\\/eldigitaldeasturias\",\"https:\\\/\\\/www.youtube.com\\\/channel\\\/UCZP-2wLEB9Rv6erhFmqVnvg\"],\"address\":{\"@id\":\"https:\\\/\\\/www.eldigitaldeasturias.com\\\/noticias\\\/#postaladdress\",\"@type\":\"PostalAddress\",\"streetAddress\":\"san antonio 4\",\"postalCode\":\"33430\",\"addressLocality\":\"Cand\\u00e1s\",\"addressRegion\":\"Asturias\",\"addressCountry\":\"ES\"}},{\"@type\":\"Person\",\"@id\":\"https:\\\/\\\/www.eldigitaldeasturias.com\\\/noticias\\\/author\\\/admin\\\/#author\",\"url\":\"https:\\\/\\\/www.eldigitaldeasturias.com\\\/noticias\\\/author\\\/admin\\\/\",\"name\":\"El Digital de Asturias\",\"image\":{\"@type\":\"ImageObject\",\"@id\":\"https:\\\/\\\/www.eldigitaldeasturias.com\\\/noticias\\\/the-square-una-plaza-con-vida-propia\\\/#authorImage\",\"url\":\"https:\\\/\\\/secure.gravatar.com\\\/avatar\\\/df2aeffc32bcd13f8d26072ef8a91b623d677766deac7f97ca815868cd41bf5e?s=96&d=mm&r=g\",\"width\":96,\"height\":96,\"caption\":\"El Digital de Asturias\"}},{\"@type\":\"WebPage\",\"@id\":\"https:\\\/\\\/www.eldigitaldeasturias.com\\\/noticias\\\/the-square-una-plaza-con-vida-propia\\\/#webpage\",\"url\":\"https:\\\/\\\/www.eldigitaldeasturias.com\\\/noticias\\\/the-square-una-plaza-con-vida-propia\\\/\",\"name\":\"\\u00abThe Square\\u00bb, una plaza con vida propia - El Digital de Asturias\",\"description\":\"El Cairo, 31 ene (EFE).- Vibrante, hipnotizadora y por momentos peligrosa, la plaza Tahrir no solo fue protagonista de la revoluci\\u00f3n contra Hosni Mubarak, tambi\\u00e9n ha sido eje de la vida pol\\u00edtica de los \\u00faltimos a\\u00f1os en Egipto, como recoge la pel\\u00edcula \\\"The Square\\\". La cinta, nominada a los Oscar como mejor documental, es un\",\"inLanguage\":\"es-ES\",\"isPartOf\":{\"@id\":\"https:\\\/\\\/www.eldigitaldeasturias.com\\\/noticias\\\/#website\"},\"breadcrumb\":{\"@id\":\"https:\\\/\\\/www.eldigitaldeasturias.com\\\/noticias\\\/the-square-una-plaza-con-vida-propia\\\/#breadcrumblist\"},\"author\":{\"@id\":\"https:\\\/\\\/www.eldigitaldeasturias.com\\\/noticias\\\/author\\\/admin\\\/#author\"},\"creator\":{\"@id\":\"https:\\\/\\\/www.eldigitaldeasturias.com\\\/noticias\\\/author\\\/admin\\\/#author\"},\"image\":{\"@type\":\"ImageObject\",\"url\":\"https:\\\/\\\/www.eldigitaldeasturias.com\\\/noticias\\\/wp-content\\\/uploads\\\/2026\\\/06\\\/Contenidos.jpg\",\"@id\":\"https:\\\/\\\/www.eldigitaldeasturias.com\\\/noticias\\\/the-square-una-plaza-con-vida-propia\\\/#mainImage\",\"width\":1265,\"height\":697,\"caption\":\"Contenidos\"},\"primaryImageOfPage\":{\"@id\":\"https:\\\/\\\/www.eldigitaldeasturias.com\\\/noticias\\\/the-square-una-plaza-con-vida-propia\\\/#mainImage\"},\"datePublished\":\"2014-01-31T15:47:53+01:00\",\"dateModified\":\"2014-01-31T15:47:53+01:00\"},{\"@type\":\"WebSite\",\"@id\":\"https:\\\/\\\/www.eldigitaldeasturias.com\\\/noticias\\\/#website\",\"url\":\"https:\\\/\\\/www.eldigitaldeasturias.com\\\/noticias\\\/\",\"name\":\"El Digital de Asturias - Diario de actualidad y noticias\",\"alternateName\":\"El Digital de Asturias - Diario de actualidad y noticias\",\"description\":\"Hemeroteca\",\"inLanguage\":\"es-ES\",\"publisher\":{\"@id\":\"https:\\\/\\\/www.eldigitaldeasturias.com\\\/noticias\\\/#organization\"}}]}\n\t\t<\/script>\n\t\t<!-- All in One SEO Pro -->\r\n\t\t<title>\u00abThe Square\u00bb, una plaza con vida propia - El Digital de Asturias<\/title>\n\n","aioseo_head_json":{"title":"\u00abThe Square\u00bb, una plaza con vida propia - El Digital de Asturias","description":"El Cairo, 31 ene (EFE).- Vibrante, hipnotizadora y por momentos peligrosa, la plaza Tahrir no solo fue protagonista de la revoluci\u00f3n contra Hosni Mubarak, tambi\u00e9n ha sido eje de la vida pol\u00edtica de los \u00faltimos a\u00f1os en Egipto, como recoge la pel\u00edcula \"The Square\". La cinta, nominada a los Oscar como mejor documental, es un","canonical_url":"https:\/\/www.eldigitaldeasturias.com\/noticias\/the-square-una-plaza-con-vida-propia\/","robots":"max-image-preview:large","keywords":"actualidad","webmasterTools":{"google-site-verification":"UA-38556648-1","msvalidate.01":"7dfe9f3f1b24437ab69f4f2559babe99","miscellaneous":""},"schema":{"@context":"https:\/\/schema.org","@graph":[{"@type":"BlogPosting","@id":"https:\/\/www.eldigitaldeasturias.com\/noticias\/the-square-una-plaza-con-vida-propia\/#blogposting","name":"\u00abThe Square\u00bb, una plaza con vida propia - El Digital de Asturias","headline":"\u00abThe Square\u00bb, una plaza con vida propia","author":{"@id":"https:\/\/www.eldigitaldeasturias.com\/noticias\/author\/admin\/#author"},"publisher":{"@id":"https:\/\/www.eldigitaldeasturias.com\/noticias\/#organization"},"image":{"@type":"ImageObject","url":"https:\/\/www.eldigitaldeasturias.com\/noticias\/wp-content\/uploads\/2026\/06\/Contenidos.jpg","width":1265,"height":697,"caption":"Contenidos"},"datePublished":"2014-01-31T15:47:53+01:00","dateModified":"2014-01-31T15:47:53+01:00","inLanguage":"es-ES","mainEntityOfPage":{"@id":"https:\/\/www.eldigitaldeasturias.com\/noticias\/the-square-una-plaza-con-vida-propia\/#webpage"},"isPartOf":{"@id":"https:\/\/www.eldigitaldeasturias.com\/noticias\/the-square-una-plaza-con-vida-propia\/#webpage"},"articleSection":"Actualidad"},{"@type":"BreadcrumbList","@id":"https:\/\/www.eldigitaldeasturias.com\/noticias\/the-square-una-plaza-con-vida-propia\/#breadcrumblist","itemListElement":[{"@type":"ListItem","@id":"https:\/\/www.eldigitaldeasturias.com\/noticias#listItem","position":1,"name":"Home","item":"https:\/\/www.eldigitaldeasturias.com\/noticias","nextItem":{"@type":"ListItem","@id":"https:\/\/www.eldigitaldeasturias.com\/noticias\/category\/actualidad\/#listItem","name":"Actualidad"}},{"@type":"ListItem","@id":"https:\/\/www.eldigitaldeasturias.com\/noticias\/category\/actualidad\/#listItem","position":2,"name":"Actualidad","item":"https:\/\/www.eldigitaldeasturias.com\/noticias\/category\/actualidad\/","nextItem":{"@type":"ListItem","@id":"https:\/\/www.eldigitaldeasturias.com\/noticias\/the-square-una-plaza-con-vida-propia\/#listItem","name":"\u00abThe Square\u00bb, una plaza con vida propia"},"previousItem":{"@type":"ListItem","@id":"https:\/\/www.eldigitaldeasturias.com\/noticias#listItem","name":"Home"}},{"@type":"ListItem","@id":"https:\/\/www.eldigitaldeasturias.com\/noticias\/the-square-una-plaza-con-vida-propia\/#listItem","position":3,"name":"\u00abThe Square\u00bb, una plaza con vida propia","previousItem":{"@type":"ListItem","@id":"https:\/\/www.eldigitaldeasturias.com\/noticias\/category\/actualidad\/#listItem","name":"Actualidad"}}]},{"@type":"Organization","@id":"https:\/\/www.eldigitaldeasturias.com\/noticias\/#organization","name":"El Digital de Asturias","description":"Hemeroteca","url":"https:\/\/www.eldigitaldeasturias.com\/noticias\/","email":"info@eldigitaldeasturias.com","telephone":"+34652131393","logo":{"@type":"ImageObject","url":"https:\/\/www.eldigitaldeasturias.com\/noticias\/wp-content\/uploads\/2020\/12\/EDA.jpg","@id":"https:\/\/www.eldigitaldeasturias.com\/noticias\/the-square-una-plaza-con-vida-propia\/#organizationLogo"},"image":{"@id":"https:\/\/www.eldigitaldeasturias.com\/noticias\/the-square-una-plaza-con-vida-propia\/#organizationLogo"},"sameAs":["https:\/\/facebook.com\/eldigitaldeasturias","https:\/\/www.youtube.com\/channel\/UCZP-2wLEB9Rv6erhFmqVnvg"],"address":{"@id":"https:\/\/www.eldigitaldeasturias.com\/noticias\/#postaladdress","@type":"PostalAddress","streetAddress":"san antonio 4","postalCode":"33430","addressLocality":"Cand\u00e1s","addressRegion":"Asturias","addressCountry":"ES"}},{"@type":"Person","@id":"https:\/\/www.eldigitaldeasturias.com\/noticias\/author\/admin\/#author","url":"https:\/\/www.eldigitaldeasturias.com\/noticias\/author\/admin\/","name":"El Digital de Asturias","image":{"@type":"ImageObject","@id":"https:\/\/www.eldigitaldeasturias.com\/noticias\/the-square-una-plaza-con-vida-propia\/#authorImage","url":"https:\/\/secure.gravatar.com\/avatar\/df2aeffc32bcd13f8d26072ef8a91b623d677766deac7f97ca815868cd41bf5e?s=96&d=mm&r=g","width":96,"height":96,"caption":"El Digital de Asturias"}},{"@type":"WebPage","@id":"https:\/\/www.eldigitaldeasturias.com\/noticias\/the-square-una-plaza-con-vida-propia\/#webpage","url":"https:\/\/www.eldigitaldeasturias.com\/noticias\/the-square-una-plaza-con-vida-propia\/","name":"\u00abThe Square\u00bb, una plaza con vida propia - El Digital de Asturias","description":"El Cairo, 31 ene (EFE).- Vibrante, hipnotizadora y por momentos peligrosa, la plaza Tahrir no solo fue protagonista de la revoluci\u00f3n contra Hosni Mubarak, tambi\u00e9n ha sido eje de la vida pol\u00edtica de los \u00faltimos a\u00f1os en Egipto, como recoge la pel\u00edcula \"The Square\". La cinta, nominada a los Oscar como mejor documental, es un","inLanguage":"es-ES","isPartOf":{"@id":"https:\/\/www.eldigitaldeasturias.com\/noticias\/#website"},"breadcrumb":{"@id":"https:\/\/www.eldigitaldeasturias.com\/noticias\/the-square-una-plaza-con-vida-propia\/#breadcrumblist"},"author":{"@id":"https:\/\/www.eldigitaldeasturias.com\/noticias\/author\/admin\/#author"},"creator":{"@id":"https:\/\/www.eldigitaldeasturias.com\/noticias\/author\/admin\/#author"},"image":{"@type":"ImageObject","url":"https:\/\/www.eldigitaldeasturias.com\/noticias\/wp-content\/uploads\/2026\/06\/Contenidos.jpg","@id":"https:\/\/www.eldigitaldeasturias.com\/noticias\/the-square-una-plaza-con-vida-propia\/#mainImage","width":1265,"height":697,"caption":"Contenidos"},"primaryImageOfPage":{"@id":"https:\/\/www.eldigitaldeasturias.com\/noticias\/the-square-una-plaza-con-vida-propia\/#mainImage"},"datePublished":"2014-01-31T15:47:53+01:00","dateModified":"2014-01-31T15:47:53+01:00"},{"@type":"WebSite","@id":"https:\/\/www.eldigitaldeasturias.com\/noticias\/#website","url":"https:\/\/www.eldigitaldeasturias.com\/noticias\/","name":"El Digital de Asturias - Diario de actualidad y noticias","alternateName":"El Digital de Asturias - Diario de actualidad y noticias","description":"Hemeroteca","inLanguage":"es-ES","publisher":{"@id":"https:\/\/www.eldigitaldeasturias.com\/noticias\/#organization"}}]},"og:locale":"es_ES","og:site_name":"El Digital de Asturias","og:type":"article","og:title":"\u00abThe Square\u00bb, una plaza con vida propia - El Digital de Asturias","og:description":"El Cairo, 31 ene (EFE).- Vibrante, hipnotizadora y por momentos peligrosa, la plaza Tahrir no solo fue protagonista de la revoluci\u00f3n contra Hosni Mubarak, tambi\u00e9n ha sido eje de la vida pol\u00edtica de los \u00faltimos a\u00f1os en Egipto, como recoge la pel\u00edcula &quot;The Square&quot;. La cinta, nominada a los Oscar como mejor documental, es un","og:url":"https:\/\/www.eldigitaldeasturias.com\/noticias\/the-square-una-plaza-con-vida-propia\/","og:image":"https:\/\/www.eldigitaldeasturias.com\/noticias\/wp-content\/uploads\/2026\/06\/Contenidos.jpg","og:image:secure_url":"https:\/\/www.eldigitaldeasturias.com\/noticias\/wp-content\/uploads\/2026\/06\/Contenidos.jpg","og:image:width":1265,"og:image:height":697,"article:tag":["actualidad"],"article:published_time":"2014-01-31T16:47:53+00:00","article:modified_time":"2014-01-31T16:47:53+00:00","article:publisher":"https:\/\/facebook.com\/eldigitaldeasturias","twitter:card":"summary_large_image","twitter:title":"\u00abThe Square\u00bb, una plaza con vida propia - El Digital de Asturias","twitter:description":"El Cairo, 31 ene (EFE).- Vibrante, hipnotizadora y por momentos peligrosa, la plaza Tahrir no solo fue protagonista de la revoluci\u00f3n contra Hosni Mubarak, tambi\u00e9n ha sido eje de la vida pol\u00edtica de los \u00faltimos a\u00f1os en Egipto, como recoge la pel\u00edcula &quot;The Square&quot;. La cinta, nominada a los Oscar como mejor documental, es un","twitter:image":"https:\/\/www.eldigitaldeasturias.com\/noticias\/wp-content\/uploads\/2026\/06\/Contenidos.jpg","twitter:label1":"Escrito por","twitter:data1":"El Digital de Asturias","twitter:label2":"Tiempo de lectura estimado","twitter:data2":"4 minutos"},"aioseo_meta_data":{"post_id":"481119","title":null,"description":null,"keywords":null,"keyphrases":null,"primary_term":null,"canonical_url":null,"og_title":null,"og_description":null,"og_object_type":"default","og_image_type":"default","og_image_url":null,"og_image_width":null,"og_image_height":null,"og_image_custom_url":null,"og_image_custom_fields":null,"og_video":null,"og_custom_url":null,"og_article_section":null,"og_article_tags":null,"twitter_use_og":true,"twitter_card":"default","twitter_image_type":"default","twitter_image_url":null,"twitter_image_custom_url":null,"twitter_image_custom_fields":null,"twitter_title":null,"twitter_description":null,"schema":{"blockGraphs":[],"customGraphs":[],"default":{"data":{"Article":[],"Course":[],"Dataset":[],"FAQPage":[],"Movie":[],"Person":[],"Product":[],"ProductReview":[],"Car":[],"Recipe":[],"Service":[],"SoftwareApplication":[],"WebPage":[]},"graphName":"","isEnabled":true},"graphs":[],"defaultGraph":"","defaultPostTypeGraph":""},"schema_type":null,"schema_type_options":null,"pillar_content":false,"robots_default":true,"robots_noindex":false,"robots_noarchive":false,"robots_nosnippet":false,"robots_nofollow":false,"robots_noimageindex":false,"robots_noodp":false,"robots_notranslate":false,"robots_max_snippet":null,"robots_max_videopreview":null,"robots_max_imagepreview":"none","priority":null,"frequency":null,"local_seo":null,"seo_analyzer_scan_date":"2026-06-02 05:48:53","breadcrumb_settings":null,"limit_modified_date":false,"open_ai":null,"ai":null,"created":"2020-11-14 22:54:17","updated":"2026-06-02 05:48:53","focus_keyword":null,"additional_keywords":null,"truseo_locale":null},"aioseo_breadcrumb":"<div class=\"aioseo-breadcrumbs\"><span class=\"aioseo-breadcrumb\">\n\t<a href=\"https:\/\/www.eldigitaldeasturias.com\/noticias\" title=\"Home\">Home<\/a>\n<\/span><span class=\"aioseo-breadcrumb-separator\">\u2013<\/span><span class=\"aioseo-breadcrumb\">\n\t<a href=\"https:\/\/www.eldigitaldeasturias.com\/noticias\/category\/actualidad\/\" title=\"Actualidad\">Actualidad<\/a>\n<\/span><span class=\"aioseo-breadcrumb-separator\">\u2013<\/span><span class=\"aioseo-breadcrumb\">\n\t<a href=\"https:\/\/www.eldigitaldeasturias.com\/noticias\/the-square-una-plaza-con-vida-propia\/\" title=\"\u00abThe Square\u00bb, una plaza con vida propia\">\u00abThe Square\u00bb, una plaza con vida propia<\/a>\n<\/span><\/div>","aioseo_breadcrumb_json":[{"label":"Home","link":"https:\/\/www.eldigitaldeasturias.com\/noticias"},{"label":"Actualidad","link":"https:\/\/www.eldigitaldeasturias.com\/noticias\/category\/actualidad\/"},{"label":"\u00abThe Square\u00bb, una plaza con vida propia","link":"https:\/\/www.eldigitaldeasturias.com\/noticias\/the-square-una-plaza-con-vida-propia\/"}],"_links":{"self":[{"href":"https:\/\/www.eldigitaldeasturias.com\/noticias\/wp-json\/wp\/v2\/posts\/481119","targetHints":{"allow":["GET"]}}],"collection":[{"href":"https:\/\/www.eldigitaldeasturias.com\/noticias\/wp-json\/wp\/v2\/posts"}],"about":[{"href":"https:\/\/www.eldigitaldeasturias.com\/noticias\/wp-json\/wp\/v2\/types\/post"}],"author":[{"embeddable":true,"href":"https:\/\/www.eldigitaldeasturias.com\/noticias\/wp-json\/wp\/v2\/users\/1"}],"replies":[{"embeddable":true,"href":"https:\/\/www.eldigitaldeasturias.com\/noticias\/wp-json\/wp\/v2\/comments?post=481119"}],"version-history":[{"count":0,"href":"https:\/\/www.eldigitaldeasturias.com\/noticias\/wp-json\/wp\/v2\/posts\/481119\/revisions"}],"wp:featuredmedia":[{"embeddable":true,"href":"https:\/\/www.eldigitaldeasturias.com\/noticias\/wp-json\/wp\/v2\/media\/1132184"}],"wp:attachment":[{"href":"https:\/\/www.eldigitaldeasturias.com\/noticias\/wp-json\/wp\/v2\/media?parent=481119"}],"wp:term":[{"taxonomy":"category","embeddable":true,"href":"https:\/\/www.eldigitaldeasturias.com\/noticias\/wp-json\/wp\/v2\/categories?post=481119"},{"taxonomy":"post_tag","embeddable":true,"href":"https:\/\/www.eldigitaldeasturias.com\/noticias\/wp-json\/wp\/v2\/tags?post=481119"}],"curies":[{"name":"wp","href":"https:\/\/api.w.org\/{rel}","templated":true}]}}