{"id":481110,"date":"2014-01-31T15:44:44","date_gmt":"2014-01-31T16:44:44","guid":{"rendered":"http:\/\/www.eldigitaldeasturias.com\/noticias\/?p=481110"},"modified":"2014-01-31T15:44:44","modified_gmt":"2014-01-31T16:44:44","slug":"marcelino-garcia-toral-cumple-150-partidos-como-tecnico-en-primera-division","status":"publish","type":"post","link":"https:\/\/www.eldigitaldeasturias.com\/noticias\/marcelino-garcia-toral-cumple-150-partidos-como-tecnico-en-primera-division\/","title":{"rendered":"Marcelino Garc\u00eda Toral cumple 150 partidos como t\u00e9cnico en Primera Divisi\u00f3n"},"content":{"rendered":"<p><img loading=\"lazy\" decoding=\"async\" class=\"alignleft size-medium wp-image-481111\" alt=\"5895364w\" src=\"https:\/\/www.eldigitaldeasturias.com\/noticias\/wp-content\/uploads\/2014\/01\/5895364w-360x272.jpg\" width=\"360\" height=\"272\" \/>Vila-real (Castell\u00f3n), 31 ene (EFE).- Marcelino Garc\u00eda Toral, entrenador del Villarreal, cumplir\u00e1 el pr\u00f3ximo lunes en el partido que mide a su equipo ante Osasuna en El Madrigal 150 partidos en un banquillo de Primera Divisi\u00f3n.<\/p>\n<p>El t\u00e9cnico asturiano cumple su sexta temporada en la m\u00e1xima categor\u00eda reina del f\u00fatbol espa\u00f1ol, en la que debut\u00f3 al frente del Recreativo de Huelva con un empate a uno en El Colombino ante el Mallorca el 27 de agosto de 2006.<\/p>\n<p>Asumi\u00f3 los mandos del Villarreal en enero del a\u00f1o pasado, cuando el equipo militaba en Segunda Divisi\u00f3n, y logr\u00f3 conducir al conjunto castellonense hasta el ascenso. Previamente, Marcelino hab\u00eda dirigido al Recreativo de Huelva, al Racing de Santander -en dos ocasiones-, al Zaragoza y al Sevilla.<\/p>\n<p>De los 149 encuentros disputados hasta el momento, Marcelino ha ganado 59, empatado 37 y perdido 53, con un balance de 198 goles a favor y 193 en contra.<\/p>\n<p>El preparador de Villaviciosa firm\u00f3 sus mejores campa\u00f1as con el Recreativo de Huelva en la 2006-2007, en la que el equipo onubense acab\u00f3 en octava posici\u00f3n, y con el Racing de Santander en la 2007-2008, cuando el conjunto c\u00e1ntabro se clasific\u00f3 para la Copa de la UEFA. Sin embargo, el resto de experiencias terminaron antes de tiempo.<\/p>\n<p>En el Zaragoza fue destituido tras la jornada catorce de la temporada 2009-2010, despu\u00e9s de haber ascendido al equipo la temporada anterior.<\/p>\n<p>M\u00e1s tarde regres\u00f3 a El Sardinero para salvar al equipo del descenso en la temporada 2010-2011, pero no continu\u00f3 por desavenencias con la directiva. Al frente del Sevilla, durante el curso 2011-2012, el t\u00e9cnico aguant\u00f3 veintiuna jornadas en el cargo.<\/p>\n<p>Sin embargo, en la presente campa\u00f1a ha logrado en poco m\u00e1s de media vuelta convertir al Villarreal en el equipo revelaci\u00f3n del campeonato, al haber metido al conjunto castellonense a pelear por los puestos de Liga de Campeones.<\/p>\n<p>En la actualidad el Villarreal es quinto con 37 puntos, a cinco de distancia del cuarto clasificado, el Athletic de Bilbao. Adem\u00e1s, el equipo ha ganado la mitad de sus enfrentamientos, once de los veintid\u00f3s jugados.<\/p>\n<p>Debido a su fuerte car\u00e1cter y su manera de afrontar los partidos, Marcelino ha sido expulsado en diecisiete ocasiones en Primera Divisi\u00f3n.<\/p>\n","protected":false},"excerpt":{"rendered":"<p>Vila-real (Castell\u00f3n), 31 ene (EFE).- Marcelino Garc\u00eda Toral, entrenador del Villarreal, cumplir\u00e1 el pr\u00f3ximo lunes en el partido que mide a su equipo ante Osasuna en El Madrigal 150 partidos en un banquillo de Primera Divisi\u00f3n. El t\u00e9cnico asturiano cumple su sexta temporada en la m\u00e1xima categor\u00eda reina del f\u00fatbol espa\u00f1ol, en la que debut\u00f3 [&hellip;]<\/p>\n","protected":false},"author":1,"featured_media":1132184,"comment_status":"closed","ping_status":"open","sticky":false,"template":"","format":"standard","meta":{"footnotes":""},"categories":[1],"tags":[],"class_list":["post-481110","post","type-post","status-publish","format-standard","has-post-thumbnail","hentry","category-actualidad"],"aioseo_notices":[],"aioseo_head":"\n\t\t<!-- All in One SEO Pro 5.0.1 - aioseo.com -->\n\t<meta name=\"description\" content=\"Vila-real (Castell\u00f3n), 31 ene (EFE).- Marcelino Garc\u00eda Toral, entrenador del Villarreal, cumplir\u00e1 el pr\u00f3ximo lunes en el partido que mide a su equipo ante Osasuna en El Madrigal 150 partidos en un banquillo de Primera Divisi\u00f3n. El t\u00e9cnico asturiano cumple su sexta temporada en la m\u00e1xima categor\u00eda reina del f\u00fatbol espa\u00f1ol, en la que debut\u00f3\" \/>\n\t<meta name=\"robots\" content=\"max-image-preview:large\" \/>\n\t<meta name=\"author\" content=\"El Digital de Asturias\"\/>\n\t<meta name=\"google-site-verification\" content=\"UA-38556648-1\" \/>\n\t<meta name=\"msvalidate.01\" content=\"7dfe9f3f1b24437ab69f4f2559babe99\" \/>\n\t<meta name=\"keywords\" content=\"actualidad\" \/>\n\t<link rel=\"canonical\" href=\"https:\/\/www.eldigitaldeasturias.com\/noticias\/marcelino-garcia-toral-cumple-150-partidos-como-tecnico-en-primera-division\/\" \/>\n\t<meta name=\"generator\" content=\"All in One SEO Pro (AIOSEO) 5.0.1\" \/>\n\t\t<meta property=\"og:locale\" content=\"es_ES\" \/>\n\t\t<meta property=\"og:site_name\" content=\"El Digital de Asturias\" \/>\n\t\t<meta property=\"og:type\" content=\"article\" \/>\n\t\t<meta property=\"og:title\" content=\"Marcelino Garc\u00eda Toral cumple 150 partidos como t\u00e9cnico en Primera Divisi\u00f3n - El Digital de Asturias\" \/>\n\t\t<meta property=\"og:description\" content=\"Vila-real (Castell\u00f3n), 31 ene (EFE).- Marcelino Garc\u00eda Toral, entrenador del Villarreal, cumplir\u00e1 el pr\u00f3ximo lunes en el partido que mide a su equipo ante Osasuna en El Madrigal 150 partidos en un banquillo de Primera Divisi\u00f3n. El t\u00e9cnico asturiano cumple su sexta temporada en la m\u00e1xima categor\u00eda reina del f\u00fatbol espa\u00f1ol, en la que debut\u00f3\" \/>\n\t\t<meta property=\"og:url\" content=\"https:\/\/www.eldigitaldeasturias.com\/noticias\/marcelino-garcia-toral-cumple-150-partidos-como-tecnico-en-primera-division\/\" \/>\n\t\t<meta property=\"og:image\" content=\"https:\/\/www.eldigitaldeasturias.com\/noticias\/wp-content\/uploads\/2026\/06\/Contenidos.jpg\" \/>\n\t\t<meta property=\"og:image:secure_url\" content=\"https:\/\/www.eldigitaldeasturias.com\/noticias\/wp-content\/uploads\/2026\/06\/Contenidos.jpg\" \/>\n\t\t<meta property=\"og:image:width\" content=\"1265\" \/>\n\t\t<meta property=\"og:image:height\" content=\"697\" \/>\n\t\t<meta property=\"article:tag\" content=\"actualidad\" \/>\n\t\t<meta property=\"article:published_time\" content=\"2014-01-31T16:44:44+00:00\" \/>\n\t\t<meta property=\"article:modified_time\" content=\"2014-01-31T16:44:44+00:00\" \/>\n\t\t<meta property=\"article:publisher\" content=\"https:\/\/facebook.com\/eldigitaldeasturias\" \/>\n\t\t<meta name=\"twitter:card\" content=\"summary_large_image\" \/>\n\t\t<meta name=\"twitter:title\" content=\"Marcelino Garc\u00eda Toral cumple 150 partidos como t\u00e9cnico en Primera Divisi\u00f3n - El Digital de Asturias\" \/>\n\t\t<meta name=\"twitter:description\" content=\"Vila-real (Castell\u00f3n), 31 ene (EFE).- Marcelino Garc\u00eda Toral, entrenador del Villarreal, cumplir\u00e1 el pr\u00f3ximo lunes en el partido que mide a su equipo ante Osasuna en El Madrigal 150 partidos en un banquillo de Primera Divisi\u00f3n. El t\u00e9cnico asturiano cumple su sexta temporada en la m\u00e1xima categor\u00eda reina del f\u00fatbol espa\u00f1ol, en la que debut\u00f3\" \/>\n\t\t<meta name=\"twitter:image\" content=\"https:\/\/www.eldigitaldeasturias.com\/noticias\/wp-content\/uploads\/2026\/06\/Contenidos.jpg\" \/>\n\t\t<meta name=\"twitter:label1\" content=\"Escrito por\" \/>\n\t\t<meta name=\"twitter:data1\" content=\"El Digital de Asturias\" \/>\n\t\t<meta name=\"twitter:label2\" content=\"Tiempo de lectura estimado\" \/>\n\t\t<meta name=\"twitter:data2\" content=\"2 minutos\" \/>\n\t\t<script type=\"application\/ld+json\" class=\"aioseo-schema\">\n\t\t\t{\"@context\":\"https:\\\/\\\/schema.org\",\"@graph\":[{\"@type\":\"BlogPosting\",\"@id\":\"https:\\\/\\\/www.eldigitaldeasturias.com\\\/noticias\\\/marcelino-garcia-toral-cumple-150-partidos-como-tecnico-en-primera-division\\\/#blogposting\",\"name\":\"Marcelino Garc\\u00eda Toral cumple 150 partidos como t\\u00e9cnico en Primera Divisi\\u00f3n - El Digital de Asturias\",\"headline\":\"Marcelino Garc\\u00eda Toral cumple 150 partidos como t\\u00e9cnico en Primera Divisi\\u00f3n\",\"author\":{\"@id\":\"https:\\\/\\\/www.eldigitaldeasturias.com\\\/noticias\\\/author\\\/admin\\\/#author\"},\"publisher\":{\"@id\":\"https:\\\/\\\/www.eldigitaldeasturias.com\\\/noticias\\\/#organization\"},\"image\":{\"@type\":\"ImageObject\",\"url\":\"https:\\\/\\\/www.eldigitaldeasturias.com\\\/noticias\\\/wp-content\\\/uploads\\\/2026\\\/06\\\/Contenidos.jpg\",\"width\":1265,\"height\":697,\"caption\":\"Contenidos\"},\"datePublished\":\"2014-01-31T15:44:44+01:00\",\"dateModified\":\"2014-01-31T15:44:44+01:00\",\"inLanguage\":\"es-ES\",\"mainEntityOfPage\":{\"@id\":\"https:\\\/\\\/www.eldigitaldeasturias.com\\\/noticias\\\/marcelino-garcia-toral-cumple-150-partidos-como-tecnico-en-primera-division\\\/#webpage\"},\"isPartOf\":{\"@id\":\"https:\\\/\\\/www.eldigitaldeasturias.com\\\/noticias\\\/marcelino-garcia-toral-cumple-150-partidos-como-tecnico-en-primera-division\\\/#webpage\"},\"articleSection\":\"Actualidad\"},{\"@type\":\"BreadcrumbList\",\"@id\":\"https:\\\/\\\/www.eldigitaldeasturias.com\\\/noticias\\\/marcelino-garcia-toral-cumple-150-partidos-como-tecnico-en-primera-division\\\/#breadcrumblist\",\"itemListElement\":[{\"@type\":\"ListItem\",\"@id\":\"https:\\\/\\\/www.eldigitaldeasturias.com\\\/noticias#listItem\",\"position\":1,\"name\":\"Home\",\"item\":\"https:\\\/\\\/www.eldigitaldeasturias.com\\\/noticias\",\"nextItem\":{\"@type\":\"ListItem\",\"@id\":\"https:\\\/\\\/www.eldigitaldeasturias.com\\\/noticias\\\/category\\\/actualidad\\\/#listItem\",\"name\":\"Actualidad\"}},{\"@type\":\"ListItem\",\"@id\":\"https:\\\/\\\/www.eldigitaldeasturias.com\\\/noticias\\\/category\\\/actualidad\\\/#listItem\",\"position\":2,\"name\":\"Actualidad\",\"item\":\"https:\\\/\\\/www.eldigitaldeasturias.com\\\/noticias\\\/category\\\/actualidad\\\/\",\"nextItem\":{\"@type\":\"ListItem\",\"@id\":\"https:\\\/\\\/www.eldigitaldeasturias.com\\\/noticias\\\/marcelino-garcia-toral-cumple-150-partidos-como-tecnico-en-primera-division\\\/#listItem\",\"name\":\"Marcelino Garc\\u00eda Toral cumple 150 partidos como t\\u00e9cnico en Primera Divisi\\u00f3n\"},\"previousItem\":{\"@type\":\"ListItem\",\"@id\":\"https:\\\/\\\/www.eldigitaldeasturias.com\\\/noticias#listItem\",\"name\":\"Home\"}},{\"@type\":\"ListItem\",\"@id\":\"https:\\\/\\\/www.eldigitaldeasturias.com\\\/noticias\\\/marcelino-garcia-toral-cumple-150-partidos-como-tecnico-en-primera-division\\\/#listItem\",\"position\":3,\"name\":\"Marcelino Garc\\u00eda Toral cumple 150 partidos como t\\u00e9cnico en Primera Divisi\\u00f3n\",\"previousItem\":{\"@type\":\"ListItem\",\"@id\":\"https:\\\/\\\/www.eldigitaldeasturias.com\\\/noticias\\\/category\\\/actualidad\\\/#listItem\",\"name\":\"Actualidad\"}}]},{\"@type\":\"Organization\",\"@id\":\"https:\\\/\\\/www.eldigitaldeasturias.com\\\/noticias\\\/#organization\",\"name\":\"El Digital de Asturias\",\"description\":\"Hemeroteca\",\"url\":\"https:\\\/\\\/www.eldigitaldeasturias.com\\\/noticias\\\/\",\"email\":\"info@eldigitaldeasturias.com\",\"telephone\":\"+34652131393\",\"logo\":{\"@type\":\"ImageObject\",\"url\":\"https:\\\/\\\/www.eldigitaldeasturias.com\\\/noticias\\\/wp-content\\\/uploads\\\/2020\\\/12\\\/EDA.jpg\",\"@id\":\"https:\\\/\\\/www.eldigitaldeasturias.com\\\/noticias\\\/marcelino-garcia-toral-cumple-150-partidos-como-tecnico-en-primera-division\\\/#organizationLogo\"},\"image\":{\"@id\":\"https:\\\/\\\/www.eldigitaldeasturias.com\\\/noticias\\\/marcelino-garcia-toral-cumple-150-partidos-como-tecnico-en-primera-division\\\/#organizationLogo\"},\"sameAs\":[\"https:\\\/\\\/facebook.com\\\/eldigitaldeasturias\",\"https:\\\/\\\/www.youtube.com\\\/channel\\\/UCZP-2wLEB9Rv6erhFmqVnvg\"],\"address\":{\"@id\":\"https:\\\/\\\/www.eldigitaldeasturias.com\\\/noticias\\\/#postaladdress\",\"@type\":\"PostalAddress\",\"streetAddress\":\"san antonio 4\",\"postalCode\":\"33430\",\"addressLocality\":\"Cand\\u00e1s\",\"addressRegion\":\"Asturias\",\"addressCountry\":\"ES\"}},{\"@type\":\"Person\",\"@id\":\"https:\\\/\\\/www.eldigitaldeasturias.com\\\/noticias\\\/author\\\/admin\\\/#author\",\"url\":\"https:\\\/\\\/www.eldigitaldeasturias.com\\\/noticias\\\/author\\\/admin\\\/\",\"name\":\"El Digital de Asturias\",\"image\":{\"@type\":\"ImageObject\",\"@id\":\"https:\\\/\\\/www.eldigitaldeasturias.com\\\/noticias\\\/marcelino-garcia-toral-cumple-150-partidos-como-tecnico-en-primera-division\\\/#authorImage\",\"url\":\"https:\\\/\\\/secure.gravatar.com\\\/avatar\\\/df2aeffc32bcd13f8d26072ef8a91b623d677766deac7f97ca815868cd41bf5e?s=96&d=mm&r=g\",\"width\":96,\"height\":96,\"caption\":\"El Digital de Asturias\"}},{\"@type\":\"WebPage\",\"@id\":\"https:\\\/\\\/www.eldigitaldeasturias.com\\\/noticias\\\/marcelino-garcia-toral-cumple-150-partidos-como-tecnico-en-primera-division\\\/#webpage\",\"url\":\"https:\\\/\\\/www.eldigitaldeasturias.com\\\/noticias\\\/marcelino-garcia-toral-cumple-150-partidos-como-tecnico-en-primera-division\\\/\",\"name\":\"Marcelino Garc\\u00eda Toral cumple 150 partidos como t\\u00e9cnico en Primera Divisi\\u00f3n - El Digital de Asturias\",\"description\":\"Vila-real (Castell\\u00f3n), 31 ene (EFE).- Marcelino Garc\\u00eda Toral, entrenador del Villarreal, cumplir\\u00e1 el pr\\u00f3ximo lunes en el partido que mide a su equipo ante Osasuna en El Madrigal 150 partidos en un banquillo de Primera Divisi\\u00f3n. El t\\u00e9cnico asturiano cumple su sexta temporada en la m\\u00e1xima categor\\u00eda reina del f\\u00fatbol espa\\u00f1ol, en la que debut\\u00f3\",\"inLanguage\":\"es-ES\",\"isPartOf\":{\"@id\":\"https:\\\/\\\/www.eldigitaldeasturias.com\\\/noticias\\\/#website\"},\"breadcrumb\":{\"@id\":\"https:\\\/\\\/www.eldigitaldeasturias.com\\\/noticias\\\/marcelino-garcia-toral-cumple-150-partidos-como-tecnico-en-primera-division\\\/#breadcrumblist\"},\"author\":{\"@id\":\"https:\\\/\\\/www.eldigitaldeasturias.com\\\/noticias\\\/author\\\/admin\\\/#author\"},\"creator\":{\"@id\":\"https:\\\/\\\/www.eldigitaldeasturias.com\\\/noticias\\\/author\\\/admin\\\/#author\"},\"image\":{\"@type\":\"ImageObject\",\"url\":\"https:\\\/\\\/www.eldigitaldeasturias.com\\\/noticias\\\/wp-content\\\/uploads\\\/2026\\\/06\\\/Contenidos.jpg\",\"@id\":\"https:\\\/\\\/www.eldigitaldeasturias.com\\\/noticias\\\/marcelino-garcia-toral-cumple-150-partidos-como-tecnico-en-primera-division\\\/#mainImage\",\"width\":1265,\"height\":697,\"caption\":\"Contenidos\"},\"primaryImageOfPage\":{\"@id\":\"https:\\\/\\\/www.eldigitaldeasturias.com\\\/noticias\\\/marcelino-garcia-toral-cumple-150-partidos-como-tecnico-en-primera-division\\\/#mainImage\"},\"datePublished\":\"2014-01-31T15:44:44+01:00\",\"dateModified\":\"2014-01-31T15:44:44+01:00\"},{\"@type\":\"WebSite\",\"@id\":\"https:\\\/\\\/www.eldigitaldeasturias.com\\\/noticias\\\/#website\",\"url\":\"https:\\\/\\\/www.eldigitaldeasturias.com\\\/noticias\\\/\",\"name\":\"El Digital de Asturias - Diario de actualidad y noticias\",\"alternateName\":\"El Digital de Asturias - Diario de actualidad y noticias\",\"description\":\"Hemeroteca\",\"inLanguage\":\"es-ES\",\"publisher\":{\"@id\":\"https:\\\/\\\/www.eldigitaldeasturias.com\\\/noticias\\\/#organization\"}}]}\n\t\t<\/script>\n\t\t<!-- All in One SEO Pro -->\r\n\t\t<title>Marcelino Garc\u00eda Toral cumple 150 partidos como t\u00e9cnico en Primera Divisi\u00f3n - El Digital de Asturias<\/title>\n\n","aioseo_head_json":{"title":"Marcelino Garc\u00eda Toral cumple 150 partidos como t\u00e9cnico en Primera Divisi\u00f3n - El Digital de Asturias","description":"Vila-real (Castell\u00f3n), 31 ene (EFE).- Marcelino Garc\u00eda Toral, entrenador del Villarreal, cumplir\u00e1 el pr\u00f3ximo lunes en el partido que mide a su equipo ante Osasuna en El Madrigal 150 partidos en un banquillo de Primera Divisi\u00f3n. El t\u00e9cnico asturiano cumple su sexta temporada en la m\u00e1xima categor\u00eda reina del f\u00fatbol espa\u00f1ol, en la que debut\u00f3","canonical_url":"https:\/\/www.eldigitaldeasturias.com\/noticias\/marcelino-garcia-toral-cumple-150-partidos-como-tecnico-en-primera-division\/","robots":"max-image-preview:large","keywords":"actualidad","webmasterTools":{"google-site-verification":"UA-38556648-1","msvalidate.01":"7dfe9f3f1b24437ab69f4f2559babe99","miscellaneous":""},"schema":{"@context":"https:\/\/schema.org","@graph":[{"@type":"BlogPosting","@id":"https:\/\/www.eldigitaldeasturias.com\/noticias\/marcelino-garcia-toral-cumple-150-partidos-como-tecnico-en-primera-division\/#blogposting","name":"Marcelino Garc\u00eda Toral cumple 150 partidos como t\u00e9cnico en Primera Divisi\u00f3n - El Digital de Asturias","headline":"Marcelino Garc\u00eda Toral cumple 150 partidos como t\u00e9cnico en Primera Divisi\u00f3n","author":{"@id":"https:\/\/www.eldigitaldeasturias.com\/noticias\/author\/admin\/#author"},"publisher":{"@id":"https:\/\/www.eldigitaldeasturias.com\/noticias\/#organization"},"image":{"@type":"ImageObject","url":"https:\/\/www.eldigitaldeasturias.com\/noticias\/wp-content\/uploads\/2026\/06\/Contenidos.jpg","width":1265,"height":697,"caption":"Contenidos"},"datePublished":"2014-01-31T15:44:44+01:00","dateModified":"2014-01-31T15:44:44+01:00","inLanguage":"es-ES","mainEntityOfPage":{"@id":"https:\/\/www.eldigitaldeasturias.com\/noticias\/marcelino-garcia-toral-cumple-150-partidos-como-tecnico-en-primera-division\/#webpage"},"isPartOf":{"@id":"https:\/\/www.eldigitaldeasturias.com\/noticias\/marcelino-garcia-toral-cumple-150-partidos-como-tecnico-en-primera-division\/#webpage"},"articleSection":"Actualidad"},{"@type":"BreadcrumbList","@id":"https:\/\/www.eldigitaldeasturias.com\/noticias\/marcelino-garcia-toral-cumple-150-partidos-como-tecnico-en-primera-division\/#breadcrumblist","itemListElement":[{"@type":"ListItem","@id":"https:\/\/www.eldigitaldeasturias.com\/noticias#listItem","position":1,"name":"Home","item":"https:\/\/www.eldigitaldeasturias.com\/noticias","nextItem":{"@type":"ListItem","@id":"https:\/\/www.eldigitaldeasturias.com\/noticias\/category\/actualidad\/#listItem","name":"Actualidad"}},{"@type":"ListItem","@id":"https:\/\/www.eldigitaldeasturias.com\/noticias\/category\/actualidad\/#listItem","position":2,"name":"Actualidad","item":"https:\/\/www.eldigitaldeasturias.com\/noticias\/category\/actualidad\/","nextItem":{"@type":"ListItem","@id":"https:\/\/www.eldigitaldeasturias.com\/noticias\/marcelino-garcia-toral-cumple-150-partidos-como-tecnico-en-primera-division\/#listItem","name":"Marcelino Garc\u00eda Toral cumple 150 partidos como t\u00e9cnico en Primera Divisi\u00f3n"},"previousItem":{"@type":"ListItem","@id":"https:\/\/www.eldigitaldeasturias.com\/noticias#listItem","name":"Home"}},{"@type":"ListItem","@id":"https:\/\/www.eldigitaldeasturias.com\/noticias\/marcelino-garcia-toral-cumple-150-partidos-como-tecnico-en-primera-division\/#listItem","position":3,"name":"Marcelino Garc\u00eda Toral cumple 150 partidos como t\u00e9cnico en Primera Divisi\u00f3n","previousItem":{"@type":"ListItem","@id":"https:\/\/www.eldigitaldeasturias.com\/noticias\/category\/actualidad\/#listItem","name":"Actualidad"}}]},{"@type":"Organization","@id":"https:\/\/www.eldigitaldeasturias.com\/noticias\/#organization","name":"El Digital de Asturias","description":"Hemeroteca","url":"https:\/\/www.eldigitaldeasturias.com\/noticias\/","email":"info@eldigitaldeasturias.com","telephone":"+34652131393","logo":{"@type":"ImageObject","url":"https:\/\/www.eldigitaldeasturias.com\/noticias\/wp-content\/uploads\/2020\/12\/EDA.jpg","@id":"https:\/\/www.eldigitaldeasturias.com\/noticias\/marcelino-garcia-toral-cumple-150-partidos-como-tecnico-en-primera-division\/#organizationLogo"},"image":{"@id":"https:\/\/www.eldigitaldeasturias.com\/noticias\/marcelino-garcia-toral-cumple-150-partidos-como-tecnico-en-primera-division\/#organizationLogo"},"sameAs":["https:\/\/facebook.com\/eldigitaldeasturias","https:\/\/www.youtube.com\/channel\/UCZP-2wLEB9Rv6erhFmqVnvg"],"address":{"@id":"https:\/\/www.eldigitaldeasturias.com\/noticias\/#postaladdress","@type":"PostalAddress","streetAddress":"san antonio 4","postalCode":"33430","addressLocality":"Cand\u00e1s","addressRegion":"Asturias","addressCountry":"ES"}},{"@type":"Person","@id":"https:\/\/www.eldigitaldeasturias.com\/noticias\/author\/admin\/#author","url":"https:\/\/www.eldigitaldeasturias.com\/noticias\/author\/admin\/","name":"El Digital de Asturias","image":{"@type":"ImageObject","@id":"https:\/\/www.eldigitaldeasturias.com\/noticias\/marcelino-garcia-toral-cumple-150-partidos-como-tecnico-en-primera-division\/#authorImage","url":"https:\/\/secure.gravatar.com\/avatar\/df2aeffc32bcd13f8d26072ef8a91b623d677766deac7f97ca815868cd41bf5e?s=96&d=mm&r=g","width":96,"height":96,"caption":"El Digital de Asturias"}},{"@type":"WebPage","@id":"https:\/\/www.eldigitaldeasturias.com\/noticias\/marcelino-garcia-toral-cumple-150-partidos-como-tecnico-en-primera-division\/#webpage","url":"https:\/\/www.eldigitaldeasturias.com\/noticias\/marcelino-garcia-toral-cumple-150-partidos-como-tecnico-en-primera-division\/","name":"Marcelino Garc\u00eda Toral cumple 150 partidos como t\u00e9cnico en Primera Divisi\u00f3n - El Digital de Asturias","description":"Vila-real (Castell\u00f3n), 31 ene (EFE).- Marcelino Garc\u00eda Toral, entrenador del Villarreal, cumplir\u00e1 el pr\u00f3ximo lunes en el partido que mide a su equipo ante Osasuna en El Madrigal 150 partidos en un banquillo de Primera Divisi\u00f3n. El t\u00e9cnico asturiano cumple su sexta temporada en la m\u00e1xima categor\u00eda reina del f\u00fatbol espa\u00f1ol, en la que debut\u00f3","inLanguage":"es-ES","isPartOf":{"@id":"https:\/\/www.eldigitaldeasturias.com\/noticias\/#website"},"breadcrumb":{"@id":"https:\/\/www.eldigitaldeasturias.com\/noticias\/marcelino-garcia-toral-cumple-150-partidos-como-tecnico-en-primera-division\/#breadcrumblist"},"author":{"@id":"https:\/\/www.eldigitaldeasturias.com\/noticias\/author\/admin\/#author"},"creator":{"@id":"https:\/\/www.eldigitaldeasturias.com\/noticias\/author\/admin\/#author"},"image":{"@type":"ImageObject","url":"https:\/\/www.eldigitaldeasturias.com\/noticias\/wp-content\/uploads\/2026\/06\/Contenidos.jpg","@id":"https:\/\/www.eldigitaldeasturias.com\/noticias\/marcelino-garcia-toral-cumple-150-partidos-como-tecnico-en-primera-division\/#mainImage","width":1265,"height":697,"caption":"Contenidos"},"primaryImageOfPage":{"@id":"https:\/\/www.eldigitaldeasturias.com\/noticias\/marcelino-garcia-toral-cumple-150-partidos-como-tecnico-en-primera-division\/#mainImage"},"datePublished":"2014-01-31T15:44:44+01:00","dateModified":"2014-01-31T15:44:44+01:00"},{"@type":"WebSite","@id":"https:\/\/www.eldigitaldeasturias.com\/noticias\/#website","url":"https:\/\/www.eldigitaldeasturias.com\/noticias\/","name":"El Digital de Asturias - Diario de actualidad y noticias","alternateName":"El Digital de Asturias - Diario de actualidad y noticias","description":"Hemeroteca","inLanguage":"es-ES","publisher":{"@id":"https:\/\/www.eldigitaldeasturias.com\/noticias\/#organization"}}]},"og:locale":"es_ES","og:site_name":"El Digital de Asturias","og:type":"article","og:title":"Marcelino Garc\u00eda Toral cumple 150 partidos como t\u00e9cnico en Primera Divisi\u00f3n - El Digital de Asturias","og:description":"Vila-real (Castell\u00f3n), 31 ene (EFE).- Marcelino Garc\u00eda Toral, entrenador del Villarreal, cumplir\u00e1 el pr\u00f3ximo lunes en el partido que mide a su equipo ante Osasuna en El Madrigal 150 partidos en un banquillo de Primera Divisi\u00f3n. El t\u00e9cnico asturiano cumple su sexta temporada en la m\u00e1xima categor\u00eda reina del f\u00fatbol espa\u00f1ol, en la que debut\u00f3","og:url":"https:\/\/www.eldigitaldeasturias.com\/noticias\/marcelino-garcia-toral-cumple-150-partidos-como-tecnico-en-primera-division\/","og:image":"https:\/\/www.eldigitaldeasturias.com\/noticias\/wp-content\/uploads\/2026\/06\/Contenidos.jpg","og:image:secure_url":"https:\/\/www.eldigitaldeasturias.com\/noticias\/wp-content\/uploads\/2026\/06\/Contenidos.jpg","og:image:width":1265,"og:image:height":697,"article:tag":["actualidad"],"article:published_time":"2014-01-31T16:44:44+00:00","article:modified_time":"2014-01-31T16:44:44+00:00","article:publisher":"https:\/\/facebook.com\/eldigitaldeasturias","twitter:card":"summary_large_image","twitter:title":"Marcelino Garc\u00eda Toral cumple 150 partidos como t\u00e9cnico en Primera Divisi\u00f3n - El Digital de Asturias","twitter:description":"Vila-real (Castell\u00f3n), 31 ene (EFE).- Marcelino Garc\u00eda Toral, entrenador del Villarreal, cumplir\u00e1 el pr\u00f3ximo lunes en el partido que mide a su equipo ante Osasuna en El Madrigal 150 partidos en un banquillo de Primera Divisi\u00f3n. El t\u00e9cnico asturiano cumple su sexta temporada en la m\u00e1xima categor\u00eda reina del f\u00fatbol espa\u00f1ol, en la que debut\u00f3","twitter:image":"https:\/\/www.eldigitaldeasturias.com\/noticias\/wp-content\/uploads\/2026\/06\/Contenidos.jpg","twitter:label1":"Escrito por","twitter:data1":"El Digital de Asturias","twitter:label2":"Tiempo de lectura estimado","twitter:data2":"2 minutos"},"aioseo_meta_data":{"post_id":"481110","title":null,"description":null,"keywords":null,"keyphrases":null,"primary_term":null,"canonical_url":null,"og_title":null,"og_description":null,"og_object_type":"default","og_image_type":"default","og_image_url":null,"og_image_width":null,"og_image_height":null,"og_image_custom_url":null,"og_image_custom_fields":null,"og_video":null,"og_custom_url":null,"og_article_section":null,"og_article_tags":null,"twitter_use_og":true,"twitter_card":"default","twitter_image_type":"default","twitter_image_url":null,"twitter_image_custom_url":null,"twitter_image_custom_fields":null,"twitter_title":null,"twitter_description":null,"schema":{"blockGraphs":[],"customGraphs":[],"default":{"data":{"Article":[],"Course":[],"Dataset":[],"FAQPage":[],"Movie":[],"Person":[],"Product":[],"ProductReview":[],"Car":[],"Recipe":[],"Service":[],"SoftwareApplication":[],"WebPage":[]},"graphName":"","isEnabled":true},"graphs":[],"defaultGraph":"","defaultPostTypeGraph":""},"schema_type":null,"schema_type_options":null,"pillar_content":false,"robots_default":true,"robots_noindex":false,"robots_noarchive":false,"robots_nosnippet":false,"robots_nofollow":false,"robots_noimageindex":false,"robots_noodp":false,"robots_notranslate":false,"robots_max_snippet":null,"robots_max_videopreview":null,"robots_max_imagepreview":"none","priority":null,"frequency":null,"local_seo":null,"seo_analyzer_scan_date":"2026-06-02 05:48:51","breadcrumb_settings":null,"limit_modified_date":false,"open_ai":null,"ai":null,"created":"2020-11-14 22:54:17","updated":"2026-06-02 05:48:51","focus_keyword":null,"additional_keywords":null,"truseo_locale":null},"aioseo_breadcrumb":"<div class=\"aioseo-breadcrumbs\"><span class=\"aioseo-breadcrumb\">\n\t<a href=\"https:\/\/www.eldigitaldeasturias.com\/noticias\" title=\"Home\">Home<\/a>\n<\/span><span class=\"aioseo-breadcrumb-separator\">\u2013<\/span><span class=\"aioseo-breadcrumb\">\n\t<a href=\"https:\/\/www.eldigitaldeasturias.com\/noticias\/category\/actualidad\/\" title=\"Actualidad\">Actualidad<\/a>\n<\/span><span class=\"aioseo-breadcrumb-separator\">\u2013<\/span><span class=\"aioseo-breadcrumb\">\n\t<a href=\"https:\/\/www.eldigitaldeasturias.com\/noticias\/marcelino-garcia-toral-cumple-150-partidos-como-tecnico-en-primera-division\/\" title=\"Marcelino Garc\u00eda Toral cumple 150 partidos como t\u00e9cnico en Primera Divisi\u00f3n\">Marcelino Garc\u00eda Toral cumple 150 partidos como t\u00e9cnico en Primera Divisi\u00f3n<\/a>\n<\/span><\/div>","aioseo_breadcrumb_json":[{"label":"Home","link":"https:\/\/www.eldigitaldeasturias.com\/noticias"},{"label":"Actualidad","link":"https:\/\/www.eldigitaldeasturias.com\/noticias\/category\/actualidad\/"},{"label":"Marcelino Garc\u00eda Toral cumple 150 partidos como t\u00e9cnico en Primera Divisi\u00f3n","link":"https:\/\/www.eldigitaldeasturias.com\/noticias\/marcelino-garcia-toral-cumple-150-partidos-como-tecnico-en-primera-division\/"}],"_links":{"self":[{"href":"https:\/\/www.eldigitaldeasturias.com\/noticias\/wp-json\/wp\/v2\/posts\/481110","targetHints":{"allow":["GET"]}}],"collection":[{"href":"https:\/\/www.eldigitaldeasturias.com\/noticias\/wp-json\/wp\/v2\/posts"}],"about":[{"href":"https:\/\/www.eldigitaldeasturias.com\/noticias\/wp-json\/wp\/v2\/types\/post"}],"author":[{"embeddable":true,"href":"https:\/\/www.eldigitaldeasturias.com\/noticias\/wp-json\/wp\/v2\/users\/1"}],"replies":[{"embeddable":true,"href":"https:\/\/www.eldigitaldeasturias.com\/noticias\/wp-json\/wp\/v2\/comments?post=481110"}],"version-history":[{"count":0,"href":"https:\/\/www.eldigitaldeasturias.com\/noticias\/wp-json\/wp\/v2\/posts\/481110\/revisions"}],"wp:featuredmedia":[{"embeddable":true,"href":"https:\/\/www.eldigitaldeasturias.com\/noticias\/wp-json\/wp\/v2\/media\/1132184"}],"wp:attachment":[{"href":"https:\/\/www.eldigitaldeasturias.com\/noticias\/wp-json\/wp\/v2\/media?parent=481110"}],"wp:term":[{"taxonomy":"category","embeddable":true,"href":"https:\/\/www.eldigitaldeasturias.com\/noticias\/wp-json\/wp\/v2\/categories?post=481110"},{"taxonomy":"post_tag","embeddable":true,"href":"https:\/\/www.eldigitaldeasturias.com\/noticias\/wp-json\/wp\/v2\/tags?post=481110"}],"curies":[{"name":"wp","href":"https:\/\/api.w.org\/{rel}","templated":true}]}}