{"id":481104,"date":"2014-01-31T15:40:47","date_gmt":"2014-01-31T16:40:47","guid":{"rendered":"http:\/\/www.eldigitaldeasturias.com\/noticias\/?p=481104"},"modified":"2014-01-31T15:40:47","modified_gmt":"2014-01-31T16:40:47","slug":"un-frances-de-102-anos-intentara-batir-el-record-de-la-hora-en-velodromo","status":"publish","type":"post","link":"https:\/\/www.eldigitaldeasturias.com\/noticias\/un-frances-de-102-anos-intentara-batir-el-record-de-la-hora-en-velodromo\/","title":{"rendered":"Un franc\u00e9s de 102 a\u00f1os intentar\u00e1 batir el r\u00e9cord de la hora en vel\u00f3dromo"},"content":{"rendered":"<p><img loading=\"lazy\" decoding=\"async\" class=\"alignleft size-medium wp-image-481105\" alt=\"5895326w\" src=\"https:\/\/www.eldigitaldeasturias.com\/noticias\/wp-content\/uploads\/2014\/01\/5895326w-360x239.jpg\" width=\"360\" height=\"239\" \/>Par\u00eds, 31 ene (EFE).- Robert Marchand, un franc\u00e9s de 102 a\u00f1os, intentar\u00e1 batir esta tarde, a partir de las 15.15 GMT en el vel\u00f3dromo Saint-Quentin-en-Yvelines (al suroeste de Par\u00eds), el r\u00e9cord mundial de la hora en bici entre mayores de 100 a\u00f1os.<\/p>\n<p>Nacido en Amiens (norte) en 1911, Marchand afronta la que ser\u00eda su cuarta plusmarca, despu\u00e9s de que en 2011 se convirtiera en el primer centenario en recorrer 23,2 kil\u00f3metros en 60 minutos, inform\u00f3 hoy el diario franc\u00e9s \u00abLe Figaro\u00bb.<\/p>\n<p>En 2012 volvi\u00f3 a establecer dos r\u00e9cords. El primero, en Aigle (Suiza), al elevar a 24,25 los kil\u00f3metros recorridos en bicicleta en una hora, y el segundo, en Lyon, al pedalear durante 4 horas 17 minutos y 27 segundos (a una media de 23 kil\u00f3metros por hora).<\/p>\n<p>\u00abMe siento muy bien\u00bb, apunt\u00f3 el corredor esta ma\u00f1ana en declaraciones a la emisora \u00abBMFTV\u00bb, al tiempo que aseguraba \u00abno sentir estr\u00e9s\u00bb por la inminente cita.<\/p>\n<p>Marchand ya tiene lista la estrategia que desarrollar\u00e1 durante la prueba: \u00abComenzar lentamente, calentar durante unas vueltas y acelerar\u00bb, indic\u00f3 al peri\u00f3dico.<\/p>\n<p>Instalado en una sana rutina, con una dieta en la que abundan \u00abfrutas y verduras\u00bb, el anciano corredor asegura pedalear \u00abdiariamente, siempre que el tiempo lo permita\u00bb.<\/p>\n<p>La directora del laboratorio biol\u00f3gico de Evry, Victoria Billat, encargada de seguir los entrenamientos de Marchand, explica que el ciclista presenta unas condiciones f\u00edsicas \u00abexcepcionales\u00bb.<\/p>\n<p>\u00abTiene un coraz\u00f3n y una capacidad pulmonar envidiables (&#8230;) La aorta de Robert es capaz de enviar de 20 a 30 litros de sangre por minuto\u00bb, abunda.<\/p>\n<p>El corredor, que mide 1,50 metros y pesa 50 kilos (medidas que le impidieron convertirse en profesional cuando ten\u00eda 20 a\u00f1os), particip\u00f3 en su primera ruta ciclista de largo recorrido a los 86 a\u00f1os, en 1998, se\u00f1ala \u00abLe Figaro\u00bb.<\/p>\n<p>Testigo de ambas guerras mundiales, Marchand desempe\u00f1\u00f3 toda suerte de oficios -cuidador de vacas, criador de pollos, zapatero, bombero, le\u00f1ador o comerciante de vinos, entre otros-, antes de descubrir, tras su jubilaci\u00f3n, su pasi\u00f3n por el ciclismo.<\/p>\n<p>Marchand evita definirse como un campe\u00f3n (\u00abno lo soy\u00bb, zanja), y asegura que con esta prueba solo quiere demostrar \u00abque a los 100 a\u00f1os las personas pueden hacer algo m\u00e1s que quedarse en casa jugando a las cartas\u00bb.<\/p>\n<p>Instalado en una vivienda de apenas 20 metros cuadrados, donde guarda la bicicleta, Marchand vive gracias a una \u00abpeque\u00f1a pensi\u00f3n\u00bb, se\u00f1ala al diario, al tiempo que revela \u00abel secreto\u00bb de la longevidad del corredor: \u00abun chorro de miel en el bid\u00f3n de agua\u00bb.<\/p>\n","protected":false},"excerpt":{"rendered":"<p>Par\u00eds, 31 ene (EFE).- Robert Marchand, un franc\u00e9s de 102 a\u00f1os, intentar\u00e1 batir esta tarde, a partir de las 15.15 GMT en el vel\u00f3dromo Saint-Quentin-en-Yvelines (al suroeste de Par\u00eds), el r\u00e9cord mundial de la hora en bici entre mayores de 100 a\u00f1os. Nacido en Amiens (norte) en 1911, Marchand afronta la que ser\u00eda su cuarta [&hellip;]<\/p>\n","protected":false},"author":1,"featured_media":1132184,"comment_status":"closed","ping_status":"open","sticky":false,"template":"","format":"standard","meta":{"footnotes":""},"categories":[1],"tags":[],"class_list":["post-481104","post","type-post","status-publish","format-standard","has-post-thumbnail","hentry","category-actualidad"],"aioseo_notices":[],"aioseo_head":"\n\t\t<!-- All in One SEO Pro 5.0.1 - aioseo.com -->\n\t<meta name=\"description\" content=\"Par\u00eds, 31 ene (EFE).- Robert Marchand, un franc\u00e9s de 102 a\u00f1os, intentar\u00e1 batir esta tarde, a partir de las 15.15 GMT en el vel\u00f3dromo Saint-Quentin-en-Yvelines (al suroeste de Par\u00eds), el r\u00e9cord mundial de la hora en bici entre mayores de 100 a\u00f1os. Nacido en Amiens (norte) en 1911, Marchand afronta la que ser\u00eda su cuarta\" \/>\n\t<meta name=\"robots\" content=\"max-image-preview:large\" \/>\n\t<meta name=\"author\" content=\"El Digital de Asturias\"\/>\n\t<meta name=\"google-site-verification\" content=\"UA-38556648-1\" \/>\n\t<meta name=\"msvalidate.01\" content=\"7dfe9f3f1b24437ab69f4f2559babe99\" \/>\n\t<meta name=\"keywords\" content=\"actualidad\" \/>\n\t<link rel=\"canonical\" href=\"https:\/\/www.eldigitaldeasturias.com\/noticias\/un-frances-de-102-anos-intentara-batir-el-record-de-la-hora-en-velodromo\/\" \/>\n\t<meta name=\"generator\" content=\"All in One SEO Pro (AIOSEO) 5.0.1\" \/>\n\t\t<meta property=\"og:locale\" content=\"es_ES\" \/>\n\t\t<meta property=\"og:site_name\" content=\"El Digital de Asturias\" \/>\n\t\t<meta property=\"og:type\" content=\"article\" \/>\n\t\t<meta property=\"og:title\" content=\"Un franc\u00e9s de 102 a\u00f1os intentar\u00e1 batir el r\u00e9cord de la hora en vel\u00f3dromo - El Digital de Asturias\" \/>\n\t\t<meta property=\"og:description\" content=\"Par\u00eds, 31 ene (EFE).- Robert Marchand, un franc\u00e9s de 102 a\u00f1os, intentar\u00e1 batir esta tarde, a partir de las 15.15 GMT en el vel\u00f3dromo Saint-Quentin-en-Yvelines (al suroeste de Par\u00eds), el r\u00e9cord mundial de la hora en bici entre mayores de 100 a\u00f1os. Nacido en Amiens (norte) en 1911, Marchand afronta la que ser\u00eda su cuarta\" \/>\n\t\t<meta property=\"og:url\" content=\"https:\/\/www.eldigitaldeasturias.com\/noticias\/un-frances-de-102-anos-intentara-batir-el-record-de-la-hora-en-velodromo\/\" \/>\n\t\t<meta property=\"og:image\" content=\"https:\/\/www.eldigitaldeasturias.com\/noticias\/wp-content\/uploads\/2026\/06\/Contenidos.jpg\" \/>\n\t\t<meta property=\"og:image:secure_url\" content=\"https:\/\/www.eldigitaldeasturias.com\/noticias\/wp-content\/uploads\/2026\/06\/Contenidos.jpg\" \/>\n\t\t<meta property=\"og:image:width\" content=\"1265\" \/>\n\t\t<meta property=\"og:image:height\" content=\"697\" \/>\n\t\t<meta property=\"article:tag\" content=\"actualidad\" \/>\n\t\t<meta property=\"article:published_time\" content=\"2014-01-31T16:40:47+00:00\" \/>\n\t\t<meta property=\"article:modified_time\" content=\"2014-01-31T16:40:47+00:00\" \/>\n\t\t<meta property=\"article:publisher\" content=\"https:\/\/facebook.com\/eldigitaldeasturias\" \/>\n\t\t<meta name=\"twitter:card\" content=\"summary_large_image\" \/>\n\t\t<meta name=\"twitter:title\" content=\"Un franc\u00e9s de 102 a\u00f1os intentar\u00e1 batir el r\u00e9cord de la hora en vel\u00f3dromo - El Digital de Asturias\" \/>\n\t\t<meta name=\"twitter:description\" content=\"Par\u00eds, 31 ene (EFE).- Robert Marchand, un franc\u00e9s de 102 a\u00f1os, intentar\u00e1 batir esta tarde, a partir de las 15.15 GMT en el vel\u00f3dromo Saint-Quentin-en-Yvelines (al suroeste de Par\u00eds), el r\u00e9cord mundial de la hora en bici entre mayores de 100 a\u00f1os. Nacido en Amiens (norte) en 1911, Marchand afronta la que ser\u00eda su cuarta\" \/>\n\t\t<meta name=\"twitter:image\" content=\"https:\/\/www.eldigitaldeasturias.com\/noticias\/wp-content\/uploads\/2026\/06\/Contenidos.jpg\" \/>\n\t\t<meta name=\"twitter:label1\" content=\"Escrito por\" \/>\n\t\t<meta name=\"twitter:data1\" content=\"El Digital de Asturias\" \/>\n\t\t<meta name=\"twitter:label2\" content=\"Tiempo de lectura estimado\" \/>\n\t\t<meta name=\"twitter:data2\" content=\"2 minutos\" \/>\n\t\t<script type=\"application\/ld+json\" class=\"aioseo-schema\">\n\t\t\t{\"@context\":\"https:\\\/\\\/schema.org\",\"@graph\":[{\"@type\":\"BlogPosting\",\"@id\":\"https:\\\/\\\/www.eldigitaldeasturias.com\\\/noticias\\\/un-frances-de-102-anos-intentara-batir-el-record-de-la-hora-en-velodromo\\\/#blogposting\",\"name\":\"Un franc\\u00e9s de 102 a\\u00f1os intentar\\u00e1 batir el r\\u00e9cord de la hora en vel\\u00f3dromo - El Digital de Asturias\",\"headline\":\"Un franc\\u00e9s de 102 a\\u00f1os intentar\\u00e1 batir el r\\u00e9cord de la hora en vel\\u00f3dromo\",\"author\":{\"@id\":\"https:\\\/\\\/www.eldigitaldeasturias.com\\\/noticias\\\/author\\\/admin\\\/#author\"},\"publisher\":{\"@id\":\"https:\\\/\\\/www.eldigitaldeasturias.com\\\/noticias\\\/#organization\"},\"image\":{\"@type\":\"ImageObject\",\"url\":\"https:\\\/\\\/www.eldigitaldeasturias.com\\\/noticias\\\/wp-content\\\/uploads\\\/2026\\\/06\\\/Contenidos.jpg\",\"width\":1265,\"height\":697,\"caption\":\"Contenidos\"},\"datePublished\":\"2014-01-31T15:40:47+01:00\",\"dateModified\":\"2014-01-31T15:40:47+01:00\",\"inLanguage\":\"es-ES\",\"mainEntityOfPage\":{\"@id\":\"https:\\\/\\\/www.eldigitaldeasturias.com\\\/noticias\\\/un-frances-de-102-anos-intentara-batir-el-record-de-la-hora-en-velodromo\\\/#webpage\"},\"isPartOf\":{\"@id\":\"https:\\\/\\\/www.eldigitaldeasturias.com\\\/noticias\\\/un-frances-de-102-anos-intentara-batir-el-record-de-la-hora-en-velodromo\\\/#webpage\"},\"articleSection\":\"Actualidad\"},{\"@type\":\"BreadcrumbList\",\"@id\":\"https:\\\/\\\/www.eldigitaldeasturias.com\\\/noticias\\\/un-frances-de-102-anos-intentara-batir-el-record-de-la-hora-en-velodromo\\\/#breadcrumblist\",\"itemListElement\":[{\"@type\":\"ListItem\",\"@id\":\"https:\\\/\\\/www.eldigitaldeasturias.com\\\/noticias#listItem\",\"position\":1,\"name\":\"Home\",\"item\":\"https:\\\/\\\/www.eldigitaldeasturias.com\\\/noticias\",\"nextItem\":{\"@type\":\"ListItem\",\"@id\":\"https:\\\/\\\/www.eldigitaldeasturias.com\\\/noticias\\\/category\\\/actualidad\\\/#listItem\",\"name\":\"Actualidad\"}},{\"@type\":\"ListItem\",\"@id\":\"https:\\\/\\\/www.eldigitaldeasturias.com\\\/noticias\\\/category\\\/actualidad\\\/#listItem\",\"position\":2,\"name\":\"Actualidad\",\"item\":\"https:\\\/\\\/www.eldigitaldeasturias.com\\\/noticias\\\/category\\\/actualidad\\\/\",\"nextItem\":{\"@type\":\"ListItem\",\"@id\":\"https:\\\/\\\/www.eldigitaldeasturias.com\\\/noticias\\\/un-frances-de-102-anos-intentara-batir-el-record-de-la-hora-en-velodromo\\\/#listItem\",\"name\":\"Un franc\\u00e9s de 102 a\\u00f1os intentar\\u00e1 batir el r\\u00e9cord de la hora en vel\\u00f3dromo\"},\"previousItem\":{\"@type\":\"ListItem\",\"@id\":\"https:\\\/\\\/www.eldigitaldeasturias.com\\\/noticias#listItem\",\"name\":\"Home\"}},{\"@type\":\"ListItem\",\"@id\":\"https:\\\/\\\/www.eldigitaldeasturias.com\\\/noticias\\\/un-frances-de-102-anos-intentara-batir-el-record-de-la-hora-en-velodromo\\\/#listItem\",\"position\":3,\"name\":\"Un franc\\u00e9s de 102 a\\u00f1os intentar\\u00e1 batir el r\\u00e9cord de la hora en vel\\u00f3dromo\",\"previousItem\":{\"@type\":\"ListItem\",\"@id\":\"https:\\\/\\\/www.eldigitaldeasturias.com\\\/noticias\\\/category\\\/actualidad\\\/#listItem\",\"name\":\"Actualidad\"}}]},{\"@type\":\"Organization\",\"@id\":\"https:\\\/\\\/www.eldigitaldeasturias.com\\\/noticias\\\/#organization\",\"name\":\"El Digital de Asturias\",\"description\":\"Hemeroteca\",\"url\":\"https:\\\/\\\/www.eldigitaldeasturias.com\\\/noticias\\\/\",\"email\":\"info@eldigitaldeasturias.com\",\"telephone\":\"+34652131393\",\"logo\":{\"@type\":\"ImageObject\",\"url\":\"https:\\\/\\\/www.eldigitaldeasturias.com\\\/noticias\\\/wp-content\\\/uploads\\\/2020\\\/12\\\/EDA.jpg\",\"@id\":\"https:\\\/\\\/www.eldigitaldeasturias.com\\\/noticias\\\/un-frances-de-102-anos-intentara-batir-el-record-de-la-hora-en-velodromo\\\/#organizationLogo\"},\"image\":{\"@id\":\"https:\\\/\\\/www.eldigitaldeasturias.com\\\/noticias\\\/un-frances-de-102-anos-intentara-batir-el-record-de-la-hora-en-velodromo\\\/#organizationLogo\"},\"sameAs\":[\"https:\\\/\\\/facebook.com\\\/eldigitaldeasturias\",\"https:\\\/\\\/www.youtube.com\\\/channel\\\/UCZP-2wLEB9Rv6erhFmqVnvg\"],\"address\":{\"@id\":\"https:\\\/\\\/www.eldigitaldeasturias.com\\\/noticias\\\/#postaladdress\",\"@type\":\"PostalAddress\",\"streetAddress\":\"san antonio 4\",\"postalCode\":\"33430\",\"addressLocality\":\"Cand\\u00e1s\",\"addressRegion\":\"Asturias\",\"addressCountry\":\"ES\"}},{\"@type\":\"Person\",\"@id\":\"https:\\\/\\\/www.eldigitaldeasturias.com\\\/noticias\\\/author\\\/admin\\\/#author\",\"url\":\"https:\\\/\\\/www.eldigitaldeasturias.com\\\/noticias\\\/author\\\/admin\\\/\",\"name\":\"El Digital de Asturias\",\"image\":{\"@type\":\"ImageObject\",\"@id\":\"https:\\\/\\\/www.eldigitaldeasturias.com\\\/noticias\\\/un-frances-de-102-anos-intentara-batir-el-record-de-la-hora-en-velodromo\\\/#authorImage\",\"url\":\"https:\\\/\\\/secure.gravatar.com\\\/avatar\\\/df2aeffc32bcd13f8d26072ef8a91b623d677766deac7f97ca815868cd41bf5e?s=96&d=mm&r=g\",\"width\":96,\"height\":96,\"caption\":\"El Digital de Asturias\"}},{\"@type\":\"WebPage\",\"@id\":\"https:\\\/\\\/www.eldigitaldeasturias.com\\\/noticias\\\/un-frances-de-102-anos-intentara-batir-el-record-de-la-hora-en-velodromo\\\/#webpage\",\"url\":\"https:\\\/\\\/www.eldigitaldeasturias.com\\\/noticias\\\/un-frances-de-102-anos-intentara-batir-el-record-de-la-hora-en-velodromo\\\/\",\"name\":\"Un franc\\u00e9s de 102 a\\u00f1os intentar\\u00e1 batir el r\\u00e9cord de la hora en vel\\u00f3dromo - El Digital de Asturias\",\"description\":\"Par\\u00eds, 31 ene (EFE).- Robert Marchand, un franc\\u00e9s de 102 a\\u00f1os, intentar\\u00e1 batir esta tarde, a partir de las 15.15 GMT en el vel\\u00f3dromo Saint-Quentin-en-Yvelines (al suroeste de Par\\u00eds), el r\\u00e9cord mundial de la hora en bici entre mayores de 100 a\\u00f1os. Nacido en Amiens (norte) en 1911, Marchand afronta la que ser\\u00eda su cuarta\",\"inLanguage\":\"es-ES\",\"isPartOf\":{\"@id\":\"https:\\\/\\\/www.eldigitaldeasturias.com\\\/noticias\\\/#website\"},\"breadcrumb\":{\"@id\":\"https:\\\/\\\/www.eldigitaldeasturias.com\\\/noticias\\\/un-frances-de-102-anos-intentara-batir-el-record-de-la-hora-en-velodromo\\\/#breadcrumblist\"},\"author\":{\"@id\":\"https:\\\/\\\/www.eldigitaldeasturias.com\\\/noticias\\\/author\\\/admin\\\/#author\"},\"creator\":{\"@id\":\"https:\\\/\\\/www.eldigitaldeasturias.com\\\/noticias\\\/author\\\/admin\\\/#author\"},\"image\":{\"@type\":\"ImageObject\",\"url\":\"https:\\\/\\\/www.eldigitaldeasturias.com\\\/noticias\\\/wp-content\\\/uploads\\\/2026\\\/06\\\/Contenidos.jpg\",\"@id\":\"https:\\\/\\\/www.eldigitaldeasturias.com\\\/noticias\\\/un-frances-de-102-anos-intentara-batir-el-record-de-la-hora-en-velodromo\\\/#mainImage\",\"width\":1265,\"height\":697,\"caption\":\"Contenidos\"},\"primaryImageOfPage\":{\"@id\":\"https:\\\/\\\/www.eldigitaldeasturias.com\\\/noticias\\\/un-frances-de-102-anos-intentara-batir-el-record-de-la-hora-en-velodromo\\\/#mainImage\"},\"datePublished\":\"2014-01-31T15:40:47+01:00\",\"dateModified\":\"2014-01-31T15:40:47+01:00\"},{\"@type\":\"WebSite\",\"@id\":\"https:\\\/\\\/www.eldigitaldeasturias.com\\\/noticias\\\/#website\",\"url\":\"https:\\\/\\\/www.eldigitaldeasturias.com\\\/noticias\\\/\",\"name\":\"El Digital de Asturias - Diario de actualidad y noticias\",\"alternateName\":\"El Digital de Asturias - Diario de actualidad y noticias\",\"description\":\"Hemeroteca\",\"inLanguage\":\"es-ES\",\"publisher\":{\"@id\":\"https:\\\/\\\/www.eldigitaldeasturias.com\\\/noticias\\\/#organization\"}}]}\n\t\t<\/script>\n\t\t<!-- All in One SEO Pro -->\r\n\t\t<title>Un franc\u00e9s de 102 a\u00f1os intentar\u00e1 batir el r\u00e9cord de la hora en vel\u00f3dromo - El Digital de Asturias<\/title>\n\n","aioseo_head_json":{"title":"Un franc\u00e9s de 102 a\u00f1os intentar\u00e1 batir el r\u00e9cord de la hora en vel\u00f3dromo - El Digital de Asturias","description":"Par\u00eds, 31 ene (EFE).- Robert Marchand, un franc\u00e9s de 102 a\u00f1os, intentar\u00e1 batir esta tarde, a partir de las 15.15 GMT en el vel\u00f3dromo Saint-Quentin-en-Yvelines (al suroeste de Par\u00eds), el r\u00e9cord mundial de la hora en bici entre mayores de 100 a\u00f1os. Nacido en Amiens (norte) en 1911, Marchand afronta la que ser\u00eda su cuarta","canonical_url":"https:\/\/www.eldigitaldeasturias.com\/noticias\/un-frances-de-102-anos-intentara-batir-el-record-de-la-hora-en-velodromo\/","robots":"max-image-preview:large","keywords":"actualidad","webmasterTools":{"google-site-verification":"UA-38556648-1","msvalidate.01":"7dfe9f3f1b24437ab69f4f2559babe99","miscellaneous":""},"schema":{"@context":"https:\/\/schema.org","@graph":[{"@type":"BlogPosting","@id":"https:\/\/www.eldigitaldeasturias.com\/noticias\/un-frances-de-102-anos-intentara-batir-el-record-de-la-hora-en-velodromo\/#blogposting","name":"Un franc\u00e9s de 102 a\u00f1os intentar\u00e1 batir el r\u00e9cord de la hora en vel\u00f3dromo - El Digital de Asturias","headline":"Un franc\u00e9s de 102 a\u00f1os intentar\u00e1 batir el r\u00e9cord de la hora en vel\u00f3dromo","author":{"@id":"https:\/\/www.eldigitaldeasturias.com\/noticias\/author\/admin\/#author"},"publisher":{"@id":"https:\/\/www.eldigitaldeasturias.com\/noticias\/#organization"},"image":{"@type":"ImageObject","url":"https:\/\/www.eldigitaldeasturias.com\/noticias\/wp-content\/uploads\/2026\/06\/Contenidos.jpg","width":1265,"height":697,"caption":"Contenidos"},"datePublished":"2014-01-31T15:40:47+01:00","dateModified":"2014-01-31T15:40:47+01:00","inLanguage":"es-ES","mainEntityOfPage":{"@id":"https:\/\/www.eldigitaldeasturias.com\/noticias\/un-frances-de-102-anos-intentara-batir-el-record-de-la-hora-en-velodromo\/#webpage"},"isPartOf":{"@id":"https:\/\/www.eldigitaldeasturias.com\/noticias\/un-frances-de-102-anos-intentara-batir-el-record-de-la-hora-en-velodromo\/#webpage"},"articleSection":"Actualidad"},{"@type":"BreadcrumbList","@id":"https:\/\/www.eldigitaldeasturias.com\/noticias\/un-frances-de-102-anos-intentara-batir-el-record-de-la-hora-en-velodromo\/#breadcrumblist","itemListElement":[{"@type":"ListItem","@id":"https:\/\/www.eldigitaldeasturias.com\/noticias#listItem","position":1,"name":"Home","item":"https:\/\/www.eldigitaldeasturias.com\/noticias","nextItem":{"@type":"ListItem","@id":"https:\/\/www.eldigitaldeasturias.com\/noticias\/category\/actualidad\/#listItem","name":"Actualidad"}},{"@type":"ListItem","@id":"https:\/\/www.eldigitaldeasturias.com\/noticias\/category\/actualidad\/#listItem","position":2,"name":"Actualidad","item":"https:\/\/www.eldigitaldeasturias.com\/noticias\/category\/actualidad\/","nextItem":{"@type":"ListItem","@id":"https:\/\/www.eldigitaldeasturias.com\/noticias\/un-frances-de-102-anos-intentara-batir-el-record-de-la-hora-en-velodromo\/#listItem","name":"Un franc\u00e9s de 102 a\u00f1os intentar\u00e1 batir el r\u00e9cord de la hora en vel\u00f3dromo"},"previousItem":{"@type":"ListItem","@id":"https:\/\/www.eldigitaldeasturias.com\/noticias#listItem","name":"Home"}},{"@type":"ListItem","@id":"https:\/\/www.eldigitaldeasturias.com\/noticias\/un-frances-de-102-anos-intentara-batir-el-record-de-la-hora-en-velodromo\/#listItem","position":3,"name":"Un franc\u00e9s de 102 a\u00f1os intentar\u00e1 batir el r\u00e9cord de la hora en vel\u00f3dromo","previousItem":{"@type":"ListItem","@id":"https:\/\/www.eldigitaldeasturias.com\/noticias\/category\/actualidad\/#listItem","name":"Actualidad"}}]},{"@type":"Organization","@id":"https:\/\/www.eldigitaldeasturias.com\/noticias\/#organization","name":"El Digital de Asturias","description":"Hemeroteca","url":"https:\/\/www.eldigitaldeasturias.com\/noticias\/","email":"info@eldigitaldeasturias.com","telephone":"+34652131393","logo":{"@type":"ImageObject","url":"https:\/\/www.eldigitaldeasturias.com\/noticias\/wp-content\/uploads\/2020\/12\/EDA.jpg","@id":"https:\/\/www.eldigitaldeasturias.com\/noticias\/un-frances-de-102-anos-intentara-batir-el-record-de-la-hora-en-velodromo\/#organizationLogo"},"image":{"@id":"https:\/\/www.eldigitaldeasturias.com\/noticias\/un-frances-de-102-anos-intentara-batir-el-record-de-la-hora-en-velodromo\/#organizationLogo"},"sameAs":["https:\/\/facebook.com\/eldigitaldeasturias","https:\/\/www.youtube.com\/channel\/UCZP-2wLEB9Rv6erhFmqVnvg"],"address":{"@id":"https:\/\/www.eldigitaldeasturias.com\/noticias\/#postaladdress","@type":"PostalAddress","streetAddress":"san antonio 4","postalCode":"33430","addressLocality":"Cand\u00e1s","addressRegion":"Asturias","addressCountry":"ES"}},{"@type":"Person","@id":"https:\/\/www.eldigitaldeasturias.com\/noticias\/author\/admin\/#author","url":"https:\/\/www.eldigitaldeasturias.com\/noticias\/author\/admin\/","name":"El Digital de Asturias","image":{"@type":"ImageObject","@id":"https:\/\/www.eldigitaldeasturias.com\/noticias\/un-frances-de-102-anos-intentara-batir-el-record-de-la-hora-en-velodromo\/#authorImage","url":"https:\/\/secure.gravatar.com\/avatar\/df2aeffc32bcd13f8d26072ef8a91b623d677766deac7f97ca815868cd41bf5e?s=96&d=mm&r=g","width":96,"height":96,"caption":"El Digital de Asturias"}},{"@type":"WebPage","@id":"https:\/\/www.eldigitaldeasturias.com\/noticias\/un-frances-de-102-anos-intentara-batir-el-record-de-la-hora-en-velodromo\/#webpage","url":"https:\/\/www.eldigitaldeasturias.com\/noticias\/un-frances-de-102-anos-intentara-batir-el-record-de-la-hora-en-velodromo\/","name":"Un franc\u00e9s de 102 a\u00f1os intentar\u00e1 batir el r\u00e9cord de la hora en vel\u00f3dromo - El Digital de Asturias","description":"Par\u00eds, 31 ene (EFE).- Robert Marchand, un franc\u00e9s de 102 a\u00f1os, intentar\u00e1 batir esta tarde, a partir de las 15.15 GMT en el vel\u00f3dromo Saint-Quentin-en-Yvelines (al suroeste de Par\u00eds), el r\u00e9cord mundial de la hora en bici entre mayores de 100 a\u00f1os. Nacido en Amiens (norte) en 1911, Marchand afronta la que ser\u00eda su cuarta","inLanguage":"es-ES","isPartOf":{"@id":"https:\/\/www.eldigitaldeasturias.com\/noticias\/#website"},"breadcrumb":{"@id":"https:\/\/www.eldigitaldeasturias.com\/noticias\/un-frances-de-102-anos-intentara-batir-el-record-de-la-hora-en-velodromo\/#breadcrumblist"},"author":{"@id":"https:\/\/www.eldigitaldeasturias.com\/noticias\/author\/admin\/#author"},"creator":{"@id":"https:\/\/www.eldigitaldeasturias.com\/noticias\/author\/admin\/#author"},"image":{"@type":"ImageObject","url":"https:\/\/www.eldigitaldeasturias.com\/noticias\/wp-content\/uploads\/2026\/06\/Contenidos.jpg","@id":"https:\/\/www.eldigitaldeasturias.com\/noticias\/un-frances-de-102-anos-intentara-batir-el-record-de-la-hora-en-velodromo\/#mainImage","width":1265,"height":697,"caption":"Contenidos"},"primaryImageOfPage":{"@id":"https:\/\/www.eldigitaldeasturias.com\/noticias\/un-frances-de-102-anos-intentara-batir-el-record-de-la-hora-en-velodromo\/#mainImage"},"datePublished":"2014-01-31T15:40:47+01:00","dateModified":"2014-01-31T15:40:47+01:00"},{"@type":"WebSite","@id":"https:\/\/www.eldigitaldeasturias.com\/noticias\/#website","url":"https:\/\/www.eldigitaldeasturias.com\/noticias\/","name":"El Digital de Asturias - Diario de actualidad y noticias","alternateName":"El Digital de Asturias - Diario de actualidad y noticias","description":"Hemeroteca","inLanguage":"es-ES","publisher":{"@id":"https:\/\/www.eldigitaldeasturias.com\/noticias\/#organization"}}]},"og:locale":"es_ES","og:site_name":"El Digital de Asturias","og:type":"article","og:title":"Un franc\u00e9s de 102 a\u00f1os intentar\u00e1 batir el r\u00e9cord de la hora en vel\u00f3dromo - El Digital de Asturias","og:description":"Par\u00eds, 31 ene (EFE).- Robert Marchand, un franc\u00e9s de 102 a\u00f1os, intentar\u00e1 batir esta tarde, a partir de las 15.15 GMT en el vel\u00f3dromo Saint-Quentin-en-Yvelines (al suroeste de Par\u00eds), el r\u00e9cord mundial de la hora en bici entre mayores de 100 a\u00f1os. Nacido en Amiens (norte) en 1911, Marchand afronta la que ser\u00eda su cuarta","og:url":"https:\/\/www.eldigitaldeasturias.com\/noticias\/un-frances-de-102-anos-intentara-batir-el-record-de-la-hora-en-velodromo\/","og:image":"https:\/\/www.eldigitaldeasturias.com\/noticias\/wp-content\/uploads\/2026\/06\/Contenidos.jpg","og:image:secure_url":"https:\/\/www.eldigitaldeasturias.com\/noticias\/wp-content\/uploads\/2026\/06\/Contenidos.jpg","og:image:width":1265,"og:image:height":697,"article:tag":["actualidad"],"article:published_time":"2014-01-31T16:40:47+00:00","article:modified_time":"2014-01-31T16:40:47+00:00","article:publisher":"https:\/\/facebook.com\/eldigitaldeasturias","twitter:card":"summary_large_image","twitter:title":"Un franc\u00e9s de 102 a\u00f1os intentar\u00e1 batir el r\u00e9cord de la hora en vel\u00f3dromo - El Digital de Asturias","twitter:description":"Par\u00eds, 31 ene (EFE).- Robert Marchand, un franc\u00e9s de 102 a\u00f1os, intentar\u00e1 batir esta tarde, a partir de las 15.15 GMT en el vel\u00f3dromo Saint-Quentin-en-Yvelines (al suroeste de Par\u00eds), el r\u00e9cord mundial de la hora en bici entre mayores de 100 a\u00f1os. Nacido en Amiens (norte) en 1911, Marchand afronta la que ser\u00eda su cuarta","twitter:image":"https:\/\/www.eldigitaldeasturias.com\/noticias\/wp-content\/uploads\/2026\/06\/Contenidos.jpg","twitter:label1":"Escrito por","twitter:data1":"El Digital de Asturias","twitter:label2":"Tiempo de lectura estimado","twitter:data2":"2 minutos"},"aioseo_meta_data":{"post_id":"481104","title":null,"description":null,"keywords":null,"keyphrases":null,"primary_term":null,"canonical_url":null,"og_title":null,"og_description":null,"og_object_type":"default","og_image_type":"default","og_image_url":null,"og_image_width":null,"og_image_height":null,"og_image_custom_url":null,"og_image_custom_fields":null,"og_video":null,"og_custom_url":null,"og_article_section":null,"og_article_tags":null,"twitter_use_og":true,"twitter_card":"default","twitter_image_type":"default","twitter_image_url":null,"twitter_image_custom_url":null,"twitter_image_custom_fields":null,"twitter_title":null,"twitter_description":null,"schema":{"blockGraphs":[],"customGraphs":[],"default":{"data":{"Article":[],"Course":[],"Dataset":[],"FAQPage":[],"Movie":[],"Person":[],"Product":[],"ProductReview":[],"Car":[],"Recipe":[],"Service":[],"SoftwareApplication":[],"WebPage":[]},"graphName":"","isEnabled":true},"graphs":[],"defaultGraph":"","defaultPostTypeGraph":""},"schema_type":null,"schema_type_options":null,"pillar_content":false,"robots_default":true,"robots_noindex":false,"robots_noarchive":false,"robots_nosnippet":false,"robots_nofollow":false,"robots_noimageindex":false,"robots_noodp":false,"robots_notranslate":false,"robots_max_snippet":null,"robots_max_videopreview":null,"robots_max_imagepreview":"none","priority":null,"frequency":null,"local_seo":null,"seo_analyzer_scan_date":"2026-06-02 05:47:04","breadcrumb_settings":null,"limit_modified_date":false,"open_ai":null,"ai":null,"created":"2020-11-14 22:54:17","updated":"2026-06-02 05:47:04","focus_keyword":null,"additional_keywords":null,"truseo_locale":null},"aioseo_breadcrumb":"<div class=\"aioseo-breadcrumbs\"><span class=\"aioseo-breadcrumb\">\n\t<a href=\"https:\/\/www.eldigitaldeasturias.com\/noticias\" title=\"Home\">Home<\/a>\n<\/span><span class=\"aioseo-breadcrumb-separator\">\u2013<\/span><span class=\"aioseo-breadcrumb\">\n\t<a href=\"https:\/\/www.eldigitaldeasturias.com\/noticias\/category\/actualidad\/\" title=\"Actualidad\">Actualidad<\/a>\n<\/span><span class=\"aioseo-breadcrumb-separator\">\u2013<\/span><span class=\"aioseo-breadcrumb\">\n\t<a href=\"https:\/\/www.eldigitaldeasturias.com\/noticias\/un-frances-de-102-anos-intentara-batir-el-record-de-la-hora-en-velodromo\/\" title=\"Un franc\u00e9s de 102 a\u00f1os intentar\u00e1 batir el r\u00e9cord de la hora en vel\u00f3dromo\">Un franc\u00e9s de 102 a\u00f1os intentar\u00e1 batir el r\u00e9cord de la hora en vel\u00f3dromo<\/a>\n<\/span><\/div>","aioseo_breadcrumb_json":[{"label":"Home","link":"https:\/\/www.eldigitaldeasturias.com\/noticias"},{"label":"Actualidad","link":"https:\/\/www.eldigitaldeasturias.com\/noticias\/category\/actualidad\/"},{"label":"Un franc\u00e9s de 102 a\u00f1os intentar\u00e1 batir el r\u00e9cord de la hora en vel\u00f3dromo","link":"https:\/\/www.eldigitaldeasturias.com\/noticias\/un-frances-de-102-anos-intentara-batir-el-record-de-la-hora-en-velodromo\/"}],"_links":{"self":[{"href":"https:\/\/www.eldigitaldeasturias.com\/noticias\/wp-json\/wp\/v2\/posts\/481104","targetHints":{"allow":["GET"]}}],"collection":[{"href":"https:\/\/www.eldigitaldeasturias.com\/noticias\/wp-json\/wp\/v2\/posts"}],"about":[{"href":"https:\/\/www.eldigitaldeasturias.com\/noticias\/wp-json\/wp\/v2\/types\/post"}],"author":[{"embeddable":true,"href":"https:\/\/www.eldigitaldeasturias.com\/noticias\/wp-json\/wp\/v2\/users\/1"}],"replies":[{"embeddable":true,"href":"https:\/\/www.eldigitaldeasturias.com\/noticias\/wp-json\/wp\/v2\/comments?post=481104"}],"version-history":[{"count":0,"href":"https:\/\/www.eldigitaldeasturias.com\/noticias\/wp-json\/wp\/v2\/posts\/481104\/revisions"}],"wp:featuredmedia":[{"embeddable":true,"href":"https:\/\/www.eldigitaldeasturias.com\/noticias\/wp-json\/wp\/v2\/media\/1132184"}],"wp:attachment":[{"href":"https:\/\/www.eldigitaldeasturias.com\/noticias\/wp-json\/wp\/v2\/media?parent=481104"}],"wp:term":[{"taxonomy":"category","embeddable":true,"href":"https:\/\/www.eldigitaldeasturias.com\/noticias\/wp-json\/wp\/v2\/categories?post=481104"},{"taxonomy":"post_tag","embeddable":true,"href":"https:\/\/www.eldigitaldeasturias.com\/noticias\/wp-json\/wp\/v2\/tags?post=481104"}],"curies":[{"name":"wp","href":"https:\/\/api.w.org\/{rel}","templated":true}]}}