{"id":481077,"date":"2014-01-31T15:29:01","date_gmt":"2014-01-31T16:29:01","guid":{"rendered":"http:\/\/www.eldigitaldeasturias.com\/noticias\/?p=481077"},"modified":"2014-01-31T15:29:01","modified_gmt":"2014-01-31T16:29:01","slug":"esteban-batista-mvp-de-la-cuarta-jornada-del-top-32","status":"publish","type":"post","link":"https:\/\/www.eldigitaldeasturias.com\/noticias\/esteban-batista-mvp-de-la-cuarta-jornada-del-top-32\/","title":{"rendered":"Esteban Batista, &#8216;MVP&#8217; de la cuarta jornada del &#8216;Top 32&#8217;"},"content":{"rendered":"<p><img loading=\"lazy\" decoding=\"async\" class=\"alignleft size-medium wp-image-481078\" alt=\"5895120w\" src=\"https:\/\/www.eldigitaldeasturias.com\/noticias\/wp-content\/uploads\/2014\/01\/5895120w-360x239.jpg\" width=\"360\" height=\"239\" \/>Redacci\u00f3n deportes, 31 ene (EFE).- El p\u00edvot uruguayo Esteban Batista, del Pinar Karsiyaka Esmirna turco, fue designado como jugador m\u00e1s valioso de la cuarta jornada del &#8216;Top 32&#8217; de la Eurocopa, tras firmar 30 puntos, 11 rebotes y 46 de valoraci\u00f3n en la victoria de su equipo frente al Cant\u00fa.<\/p>\n<p>Batista complet\u00f3 una actuaci\u00f3n casi perfecta al anotar once de trece tiros de dos, ocho de trece tiros libres, capturar once rebotes y dar tres asistencias. Los 46 puntos de valoraci\u00f3n del uruguayo suponen el mejor registro de la temporada y la novena mejor marca en la historia de la Eurocopa.<\/p>\n<p>En 37 puntos de valoraci\u00f3n se qued\u00f3 el jugador del Montepaschi Siena Matt Janning, que aport\u00f3 34 puntos y cinco rebotes en la victoria de su equipo frente al Maccabi Haifa.<\/p>\n<p>El lituano Martynas Gecevicius, el serbio Milos Dimic y el let\u00f3n Kristaps Valters completan el quinteto de jugadores m\u00e1s destacados de la semana.<\/p>\n","protected":false},"excerpt":{"rendered":"<p>Redacci\u00f3n deportes, 31 ene (EFE).- El p\u00edvot uruguayo Esteban Batista, del Pinar Karsiyaka Esmirna turco, fue designado como jugador m\u00e1s valioso de la cuarta jornada del &#8216;Top 32&#8217; de la Eurocopa, tras firmar 30 puntos, 11 rebotes y 46 de valoraci\u00f3n en la victoria de su equipo frente al Cant\u00fa. Batista complet\u00f3 una actuaci\u00f3n casi [&hellip;]<\/p>\n","protected":false},"author":1,"featured_media":1132184,"comment_status":"closed","ping_status":"open","sticky":false,"template":"","format":"standard","meta":{"footnotes":""},"categories":[1],"tags":[],"class_list":["post-481077","post","type-post","status-publish","format-standard","has-post-thumbnail","hentry","category-actualidad"],"aioseo_notices":[],"aioseo_head":"\n\t\t<!-- All in One SEO Pro 5.0.1 - aioseo.com -->\n\t<meta name=\"description\" content=\"Redacci\u00f3n deportes, 31 ene (EFE).- El p\u00edvot uruguayo Esteban Batista, del Pinar Karsiyaka Esmirna turco, fue designado como jugador m\u00e1s valioso de la cuarta jornada del &#039;Top 32&#039; de la Eurocopa, tras firmar 30 puntos, 11 rebotes y 46 de valoraci\u00f3n en la victoria de su equipo frente al Cant\u00fa. Batista complet\u00f3 una actuaci\u00f3n casi\" \/>\n\t<meta name=\"robots\" content=\"max-image-preview:large\" \/>\n\t<meta name=\"author\" content=\"El Digital de Asturias\"\/>\n\t<meta name=\"google-site-verification\" content=\"UA-38556648-1\" \/>\n\t<meta name=\"msvalidate.01\" content=\"7dfe9f3f1b24437ab69f4f2559babe99\" \/>\n\t<meta name=\"keywords\" content=\"actualidad\" \/>\n\t<link rel=\"canonical\" href=\"https:\/\/www.eldigitaldeasturias.com\/noticias\/esteban-batista-mvp-de-la-cuarta-jornada-del-top-32\/\" \/>\n\t<meta name=\"generator\" content=\"All in One SEO Pro (AIOSEO) 5.0.1\" \/>\n\t\t<meta property=\"og:locale\" content=\"es_ES\" \/>\n\t\t<meta property=\"og:site_name\" content=\"El Digital de Asturias\" \/>\n\t\t<meta property=\"og:type\" content=\"article\" \/>\n\t\t<meta property=\"og:title\" content=\"Esteban Batista, \u2018MVP\u2019 de la cuarta jornada del \u2018Top 32\u2019 - El Digital de Asturias\" \/>\n\t\t<meta property=\"og:description\" content=\"Redacci\u00f3n deportes, 31 ene (EFE).- El p\u00edvot uruguayo Esteban Batista, del Pinar Karsiyaka Esmirna turco, fue designado como jugador m\u00e1s valioso de la cuarta jornada del &#039;Top 32&#039; de la Eurocopa, tras firmar 30 puntos, 11 rebotes y 46 de valoraci\u00f3n en la victoria de su equipo frente al Cant\u00fa. Batista complet\u00f3 una actuaci\u00f3n casi\" \/>\n\t\t<meta property=\"og:url\" content=\"https:\/\/www.eldigitaldeasturias.com\/noticias\/esteban-batista-mvp-de-la-cuarta-jornada-del-top-32\/\" \/>\n\t\t<meta property=\"og:image\" content=\"https:\/\/www.eldigitaldeasturias.com\/noticias\/wp-content\/uploads\/2026\/06\/Contenidos.jpg\" \/>\n\t\t<meta property=\"og:image:secure_url\" content=\"https:\/\/www.eldigitaldeasturias.com\/noticias\/wp-content\/uploads\/2026\/06\/Contenidos.jpg\" \/>\n\t\t<meta property=\"og:image:width\" content=\"1265\" \/>\n\t\t<meta property=\"og:image:height\" content=\"697\" \/>\n\t\t<meta property=\"article:tag\" content=\"actualidad\" \/>\n\t\t<meta property=\"article:published_time\" content=\"2014-01-31T16:29:01+00:00\" \/>\n\t\t<meta property=\"article:modified_time\" content=\"2014-01-31T16:29:01+00:00\" \/>\n\t\t<meta property=\"article:publisher\" content=\"https:\/\/facebook.com\/eldigitaldeasturias\" \/>\n\t\t<meta name=\"twitter:card\" content=\"summary_large_image\" \/>\n\t\t<meta name=\"twitter:title\" content=\"Esteban Batista, \u2018MVP\u2019 de la cuarta jornada del \u2018Top 32\u2019 - El Digital de Asturias\" \/>\n\t\t<meta name=\"twitter:description\" content=\"Redacci\u00f3n deportes, 31 ene (EFE).- El p\u00edvot uruguayo Esteban Batista, del Pinar Karsiyaka Esmirna turco, fue designado como jugador m\u00e1s valioso de la cuarta jornada del &#039;Top 32&#039; de la Eurocopa, tras firmar 30 puntos, 11 rebotes y 46 de valoraci\u00f3n en la victoria de su equipo frente al Cant\u00fa. Batista complet\u00f3 una actuaci\u00f3n casi\" \/>\n\t\t<meta name=\"twitter:image\" content=\"https:\/\/www.eldigitaldeasturias.com\/noticias\/wp-content\/uploads\/2026\/06\/Contenidos.jpg\" \/>\n\t\t<meta name=\"twitter:label1\" content=\"Escrito por\" \/>\n\t\t<meta name=\"twitter:data1\" content=\"El Digital de Asturias\" \/>\n\t\t<meta name=\"twitter:label2\" content=\"Tiempo de lectura estimado\" \/>\n\t\t<meta name=\"twitter:data2\" content=\"1 minuto\" \/>\n\t\t<script type=\"application\/ld+json\" class=\"aioseo-schema\">\n\t\t\t{\"@context\":\"https:\\\/\\\/schema.org\",\"@graph\":[{\"@type\":\"BlogPosting\",\"@id\":\"https:\\\/\\\/www.eldigitaldeasturias.com\\\/noticias\\\/esteban-batista-mvp-de-la-cuarta-jornada-del-top-32\\\/#blogposting\",\"name\":\"Esteban Batista, \\u2018MVP\\u2019 de la cuarta jornada del \\u2018Top 32\\u2019 - El Digital de Asturias\",\"headline\":\"Esteban Batista, &#8216;MVP&#8217; de la cuarta jornada del &#8216;Top 32&#8217;\",\"author\":{\"@id\":\"https:\\\/\\\/www.eldigitaldeasturias.com\\\/noticias\\\/author\\\/admin\\\/#author\"},\"publisher\":{\"@id\":\"https:\\\/\\\/www.eldigitaldeasturias.com\\\/noticias\\\/#organization\"},\"image\":{\"@type\":\"ImageObject\",\"url\":\"https:\\\/\\\/www.eldigitaldeasturias.com\\\/noticias\\\/wp-content\\\/uploads\\\/2026\\\/06\\\/Contenidos.jpg\",\"width\":1265,\"height\":697,\"caption\":\"Contenidos\"},\"datePublished\":\"2014-01-31T15:29:01+01:00\",\"dateModified\":\"2014-01-31T15:29:01+01:00\",\"inLanguage\":\"es-ES\",\"mainEntityOfPage\":{\"@id\":\"https:\\\/\\\/www.eldigitaldeasturias.com\\\/noticias\\\/esteban-batista-mvp-de-la-cuarta-jornada-del-top-32\\\/#webpage\"},\"isPartOf\":{\"@id\":\"https:\\\/\\\/www.eldigitaldeasturias.com\\\/noticias\\\/esteban-batista-mvp-de-la-cuarta-jornada-del-top-32\\\/#webpage\"},\"articleSection\":\"Actualidad\"},{\"@type\":\"BreadcrumbList\",\"@id\":\"https:\\\/\\\/www.eldigitaldeasturias.com\\\/noticias\\\/esteban-batista-mvp-de-la-cuarta-jornada-del-top-32\\\/#breadcrumblist\",\"itemListElement\":[{\"@type\":\"ListItem\",\"@id\":\"https:\\\/\\\/www.eldigitaldeasturias.com\\\/noticias#listItem\",\"position\":1,\"name\":\"Home\",\"item\":\"https:\\\/\\\/www.eldigitaldeasturias.com\\\/noticias\",\"nextItem\":{\"@type\":\"ListItem\",\"@id\":\"https:\\\/\\\/www.eldigitaldeasturias.com\\\/noticias\\\/category\\\/actualidad\\\/#listItem\",\"name\":\"Actualidad\"}},{\"@type\":\"ListItem\",\"@id\":\"https:\\\/\\\/www.eldigitaldeasturias.com\\\/noticias\\\/category\\\/actualidad\\\/#listItem\",\"position\":2,\"name\":\"Actualidad\",\"item\":\"https:\\\/\\\/www.eldigitaldeasturias.com\\\/noticias\\\/category\\\/actualidad\\\/\",\"nextItem\":{\"@type\":\"ListItem\",\"@id\":\"https:\\\/\\\/www.eldigitaldeasturias.com\\\/noticias\\\/esteban-batista-mvp-de-la-cuarta-jornada-del-top-32\\\/#listItem\",\"name\":\"Esteban Batista, &#8216;MVP&#8217; de la cuarta jornada del &#8216;Top 32&#8217;\"},\"previousItem\":{\"@type\":\"ListItem\",\"@id\":\"https:\\\/\\\/www.eldigitaldeasturias.com\\\/noticias#listItem\",\"name\":\"Home\"}},{\"@type\":\"ListItem\",\"@id\":\"https:\\\/\\\/www.eldigitaldeasturias.com\\\/noticias\\\/esteban-batista-mvp-de-la-cuarta-jornada-del-top-32\\\/#listItem\",\"position\":3,\"name\":\"Esteban Batista, &#8216;MVP&#8217; de la cuarta jornada del &#8216;Top 32&#8217;\",\"previousItem\":{\"@type\":\"ListItem\",\"@id\":\"https:\\\/\\\/www.eldigitaldeasturias.com\\\/noticias\\\/category\\\/actualidad\\\/#listItem\",\"name\":\"Actualidad\"}}]},{\"@type\":\"Organization\",\"@id\":\"https:\\\/\\\/www.eldigitaldeasturias.com\\\/noticias\\\/#organization\",\"name\":\"El Digital de Asturias\",\"description\":\"Hemeroteca\",\"url\":\"https:\\\/\\\/www.eldigitaldeasturias.com\\\/noticias\\\/\",\"email\":\"info@eldigitaldeasturias.com\",\"telephone\":\"+34652131393\",\"logo\":{\"@type\":\"ImageObject\",\"url\":\"https:\\\/\\\/www.eldigitaldeasturias.com\\\/noticias\\\/wp-content\\\/uploads\\\/2020\\\/12\\\/EDA.jpg\",\"@id\":\"https:\\\/\\\/www.eldigitaldeasturias.com\\\/noticias\\\/esteban-batista-mvp-de-la-cuarta-jornada-del-top-32\\\/#organizationLogo\"},\"image\":{\"@id\":\"https:\\\/\\\/www.eldigitaldeasturias.com\\\/noticias\\\/esteban-batista-mvp-de-la-cuarta-jornada-del-top-32\\\/#organizationLogo\"},\"sameAs\":[\"https:\\\/\\\/facebook.com\\\/eldigitaldeasturias\",\"https:\\\/\\\/www.youtube.com\\\/channel\\\/UCZP-2wLEB9Rv6erhFmqVnvg\"],\"address\":{\"@id\":\"https:\\\/\\\/www.eldigitaldeasturias.com\\\/noticias\\\/#postaladdress\",\"@type\":\"PostalAddress\",\"streetAddress\":\"san antonio 4\",\"postalCode\":\"33430\",\"addressLocality\":\"Cand\\u00e1s\",\"addressRegion\":\"Asturias\",\"addressCountry\":\"ES\"}},{\"@type\":\"Person\",\"@id\":\"https:\\\/\\\/www.eldigitaldeasturias.com\\\/noticias\\\/author\\\/admin\\\/#author\",\"url\":\"https:\\\/\\\/www.eldigitaldeasturias.com\\\/noticias\\\/author\\\/admin\\\/\",\"name\":\"El Digital de Asturias\",\"image\":{\"@type\":\"ImageObject\",\"@id\":\"https:\\\/\\\/www.eldigitaldeasturias.com\\\/noticias\\\/esteban-batista-mvp-de-la-cuarta-jornada-del-top-32\\\/#authorImage\",\"url\":\"https:\\\/\\\/secure.gravatar.com\\\/avatar\\\/df2aeffc32bcd13f8d26072ef8a91b623d677766deac7f97ca815868cd41bf5e?s=96&d=mm&r=g\",\"width\":96,\"height\":96,\"caption\":\"El Digital de Asturias\"}},{\"@type\":\"WebPage\",\"@id\":\"https:\\\/\\\/www.eldigitaldeasturias.com\\\/noticias\\\/esteban-batista-mvp-de-la-cuarta-jornada-del-top-32\\\/#webpage\",\"url\":\"https:\\\/\\\/www.eldigitaldeasturias.com\\\/noticias\\\/esteban-batista-mvp-de-la-cuarta-jornada-del-top-32\\\/\",\"name\":\"Esteban Batista, \\u2018MVP\\u2019 de la cuarta jornada del \\u2018Top 32\\u2019 - El Digital de Asturias\",\"description\":\"Redacci\\u00f3n deportes, 31 ene (EFE).- El p\\u00edvot uruguayo Esteban Batista, del Pinar Karsiyaka Esmirna turco, fue designado como jugador m\\u00e1s valioso de la cuarta jornada del 'Top 32' de la Eurocopa, tras firmar 30 puntos, 11 rebotes y 46 de valoraci\\u00f3n en la victoria de su equipo frente al Cant\\u00fa. Batista complet\\u00f3 una actuaci\\u00f3n casi\",\"inLanguage\":\"es-ES\",\"isPartOf\":{\"@id\":\"https:\\\/\\\/www.eldigitaldeasturias.com\\\/noticias\\\/#website\"},\"breadcrumb\":{\"@id\":\"https:\\\/\\\/www.eldigitaldeasturias.com\\\/noticias\\\/esteban-batista-mvp-de-la-cuarta-jornada-del-top-32\\\/#breadcrumblist\"},\"author\":{\"@id\":\"https:\\\/\\\/www.eldigitaldeasturias.com\\\/noticias\\\/author\\\/admin\\\/#author\"},\"creator\":{\"@id\":\"https:\\\/\\\/www.eldigitaldeasturias.com\\\/noticias\\\/author\\\/admin\\\/#author\"},\"image\":{\"@type\":\"ImageObject\",\"url\":\"https:\\\/\\\/www.eldigitaldeasturias.com\\\/noticias\\\/wp-content\\\/uploads\\\/2026\\\/06\\\/Contenidos.jpg\",\"@id\":\"https:\\\/\\\/www.eldigitaldeasturias.com\\\/noticias\\\/esteban-batista-mvp-de-la-cuarta-jornada-del-top-32\\\/#mainImage\",\"width\":1265,\"height\":697,\"caption\":\"Contenidos\"},\"primaryImageOfPage\":{\"@id\":\"https:\\\/\\\/www.eldigitaldeasturias.com\\\/noticias\\\/esteban-batista-mvp-de-la-cuarta-jornada-del-top-32\\\/#mainImage\"},\"datePublished\":\"2014-01-31T15:29:01+01:00\",\"dateModified\":\"2014-01-31T15:29:01+01:00\"},{\"@type\":\"WebSite\",\"@id\":\"https:\\\/\\\/www.eldigitaldeasturias.com\\\/noticias\\\/#website\",\"url\":\"https:\\\/\\\/www.eldigitaldeasturias.com\\\/noticias\\\/\",\"name\":\"El Digital de Asturias - Diario de actualidad y noticias\",\"alternateName\":\"El Digital de Asturias - Diario de actualidad y noticias\",\"description\":\"Hemeroteca\",\"inLanguage\":\"es-ES\",\"publisher\":{\"@id\":\"https:\\\/\\\/www.eldigitaldeasturias.com\\\/noticias\\\/#organization\"}}]}\n\t\t<\/script>\n\t\t<!-- All in One SEO Pro -->\r\n\t\t<title>Esteban Batista, \u2018MVP\u2019 de la cuarta jornada del \u2018Top 32\u2019 - El Digital de Asturias<\/title>\n\n","aioseo_head_json":{"title":"Esteban Batista, \u2018MVP\u2019 de la cuarta jornada del \u2018Top 32\u2019 - El Digital de Asturias","description":"Redacci\u00f3n deportes, 31 ene (EFE).- El p\u00edvot uruguayo Esteban Batista, del Pinar Karsiyaka Esmirna turco, fue designado como jugador m\u00e1s valioso de la cuarta jornada del 'Top 32' de la Eurocopa, tras firmar 30 puntos, 11 rebotes y 46 de valoraci\u00f3n en la victoria de su equipo frente al Cant\u00fa. Batista complet\u00f3 una actuaci\u00f3n casi","canonical_url":"https:\/\/www.eldigitaldeasturias.com\/noticias\/esteban-batista-mvp-de-la-cuarta-jornada-del-top-32\/","robots":"max-image-preview:large","keywords":"actualidad","webmasterTools":{"google-site-verification":"UA-38556648-1","msvalidate.01":"7dfe9f3f1b24437ab69f4f2559babe99","miscellaneous":""},"schema":{"@context":"https:\/\/schema.org","@graph":[{"@type":"BlogPosting","@id":"https:\/\/www.eldigitaldeasturias.com\/noticias\/esteban-batista-mvp-de-la-cuarta-jornada-del-top-32\/#blogposting","name":"Esteban Batista, \u2018MVP\u2019 de la cuarta jornada del \u2018Top 32\u2019 - El Digital de Asturias","headline":"Esteban Batista, &#8216;MVP&#8217; de la cuarta jornada del &#8216;Top 32&#8217;","author":{"@id":"https:\/\/www.eldigitaldeasturias.com\/noticias\/author\/admin\/#author"},"publisher":{"@id":"https:\/\/www.eldigitaldeasturias.com\/noticias\/#organization"},"image":{"@type":"ImageObject","url":"https:\/\/www.eldigitaldeasturias.com\/noticias\/wp-content\/uploads\/2026\/06\/Contenidos.jpg","width":1265,"height":697,"caption":"Contenidos"},"datePublished":"2014-01-31T15:29:01+01:00","dateModified":"2014-01-31T15:29:01+01:00","inLanguage":"es-ES","mainEntityOfPage":{"@id":"https:\/\/www.eldigitaldeasturias.com\/noticias\/esteban-batista-mvp-de-la-cuarta-jornada-del-top-32\/#webpage"},"isPartOf":{"@id":"https:\/\/www.eldigitaldeasturias.com\/noticias\/esteban-batista-mvp-de-la-cuarta-jornada-del-top-32\/#webpage"},"articleSection":"Actualidad"},{"@type":"BreadcrumbList","@id":"https:\/\/www.eldigitaldeasturias.com\/noticias\/esteban-batista-mvp-de-la-cuarta-jornada-del-top-32\/#breadcrumblist","itemListElement":[{"@type":"ListItem","@id":"https:\/\/www.eldigitaldeasturias.com\/noticias#listItem","position":1,"name":"Home","item":"https:\/\/www.eldigitaldeasturias.com\/noticias","nextItem":{"@type":"ListItem","@id":"https:\/\/www.eldigitaldeasturias.com\/noticias\/category\/actualidad\/#listItem","name":"Actualidad"}},{"@type":"ListItem","@id":"https:\/\/www.eldigitaldeasturias.com\/noticias\/category\/actualidad\/#listItem","position":2,"name":"Actualidad","item":"https:\/\/www.eldigitaldeasturias.com\/noticias\/category\/actualidad\/","nextItem":{"@type":"ListItem","@id":"https:\/\/www.eldigitaldeasturias.com\/noticias\/esteban-batista-mvp-de-la-cuarta-jornada-del-top-32\/#listItem","name":"Esteban Batista, &#8216;MVP&#8217; de la cuarta jornada del &#8216;Top 32&#8217;"},"previousItem":{"@type":"ListItem","@id":"https:\/\/www.eldigitaldeasturias.com\/noticias#listItem","name":"Home"}},{"@type":"ListItem","@id":"https:\/\/www.eldigitaldeasturias.com\/noticias\/esteban-batista-mvp-de-la-cuarta-jornada-del-top-32\/#listItem","position":3,"name":"Esteban Batista, &#8216;MVP&#8217; de la cuarta jornada del &#8216;Top 32&#8217;","previousItem":{"@type":"ListItem","@id":"https:\/\/www.eldigitaldeasturias.com\/noticias\/category\/actualidad\/#listItem","name":"Actualidad"}}]},{"@type":"Organization","@id":"https:\/\/www.eldigitaldeasturias.com\/noticias\/#organization","name":"El Digital de Asturias","description":"Hemeroteca","url":"https:\/\/www.eldigitaldeasturias.com\/noticias\/","email":"info@eldigitaldeasturias.com","telephone":"+34652131393","logo":{"@type":"ImageObject","url":"https:\/\/www.eldigitaldeasturias.com\/noticias\/wp-content\/uploads\/2020\/12\/EDA.jpg","@id":"https:\/\/www.eldigitaldeasturias.com\/noticias\/esteban-batista-mvp-de-la-cuarta-jornada-del-top-32\/#organizationLogo"},"image":{"@id":"https:\/\/www.eldigitaldeasturias.com\/noticias\/esteban-batista-mvp-de-la-cuarta-jornada-del-top-32\/#organizationLogo"},"sameAs":["https:\/\/facebook.com\/eldigitaldeasturias","https:\/\/www.youtube.com\/channel\/UCZP-2wLEB9Rv6erhFmqVnvg"],"address":{"@id":"https:\/\/www.eldigitaldeasturias.com\/noticias\/#postaladdress","@type":"PostalAddress","streetAddress":"san antonio 4","postalCode":"33430","addressLocality":"Cand\u00e1s","addressRegion":"Asturias","addressCountry":"ES"}},{"@type":"Person","@id":"https:\/\/www.eldigitaldeasturias.com\/noticias\/author\/admin\/#author","url":"https:\/\/www.eldigitaldeasturias.com\/noticias\/author\/admin\/","name":"El Digital de Asturias","image":{"@type":"ImageObject","@id":"https:\/\/www.eldigitaldeasturias.com\/noticias\/esteban-batista-mvp-de-la-cuarta-jornada-del-top-32\/#authorImage","url":"https:\/\/secure.gravatar.com\/avatar\/df2aeffc32bcd13f8d26072ef8a91b623d677766deac7f97ca815868cd41bf5e?s=96&d=mm&r=g","width":96,"height":96,"caption":"El Digital de Asturias"}},{"@type":"WebPage","@id":"https:\/\/www.eldigitaldeasturias.com\/noticias\/esteban-batista-mvp-de-la-cuarta-jornada-del-top-32\/#webpage","url":"https:\/\/www.eldigitaldeasturias.com\/noticias\/esteban-batista-mvp-de-la-cuarta-jornada-del-top-32\/","name":"Esteban Batista, \u2018MVP\u2019 de la cuarta jornada del \u2018Top 32\u2019 - El Digital de Asturias","description":"Redacci\u00f3n deportes, 31 ene (EFE).- El p\u00edvot uruguayo Esteban Batista, del Pinar Karsiyaka Esmirna turco, fue designado como jugador m\u00e1s valioso de la cuarta jornada del 'Top 32' de la Eurocopa, tras firmar 30 puntos, 11 rebotes y 46 de valoraci\u00f3n en la victoria de su equipo frente al Cant\u00fa. Batista complet\u00f3 una actuaci\u00f3n casi","inLanguage":"es-ES","isPartOf":{"@id":"https:\/\/www.eldigitaldeasturias.com\/noticias\/#website"},"breadcrumb":{"@id":"https:\/\/www.eldigitaldeasturias.com\/noticias\/esteban-batista-mvp-de-la-cuarta-jornada-del-top-32\/#breadcrumblist"},"author":{"@id":"https:\/\/www.eldigitaldeasturias.com\/noticias\/author\/admin\/#author"},"creator":{"@id":"https:\/\/www.eldigitaldeasturias.com\/noticias\/author\/admin\/#author"},"image":{"@type":"ImageObject","url":"https:\/\/www.eldigitaldeasturias.com\/noticias\/wp-content\/uploads\/2026\/06\/Contenidos.jpg","@id":"https:\/\/www.eldigitaldeasturias.com\/noticias\/esteban-batista-mvp-de-la-cuarta-jornada-del-top-32\/#mainImage","width":1265,"height":697,"caption":"Contenidos"},"primaryImageOfPage":{"@id":"https:\/\/www.eldigitaldeasturias.com\/noticias\/esteban-batista-mvp-de-la-cuarta-jornada-del-top-32\/#mainImage"},"datePublished":"2014-01-31T15:29:01+01:00","dateModified":"2014-01-31T15:29:01+01:00"},{"@type":"WebSite","@id":"https:\/\/www.eldigitaldeasturias.com\/noticias\/#website","url":"https:\/\/www.eldigitaldeasturias.com\/noticias\/","name":"El Digital de Asturias - Diario de actualidad y noticias","alternateName":"El Digital de Asturias - Diario de actualidad y noticias","description":"Hemeroteca","inLanguage":"es-ES","publisher":{"@id":"https:\/\/www.eldigitaldeasturias.com\/noticias\/#organization"}}]},"og:locale":"es_ES","og:site_name":"El Digital de Asturias","og:type":"article","og:title":"Esteban Batista, \u2018MVP\u2019 de la cuarta jornada del \u2018Top 32\u2019 - El Digital de Asturias","og:description":"Redacci\u00f3n deportes, 31 ene (EFE).- El p\u00edvot uruguayo Esteban Batista, del Pinar Karsiyaka Esmirna turco, fue designado como jugador m\u00e1s valioso de la cuarta jornada del 'Top 32' de la Eurocopa, tras firmar 30 puntos, 11 rebotes y 46 de valoraci\u00f3n en la victoria de su equipo frente al Cant\u00fa. Batista complet\u00f3 una actuaci\u00f3n casi","og:url":"https:\/\/www.eldigitaldeasturias.com\/noticias\/esteban-batista-mvp-de-la-cuarta-jornada-del-top-32\/","og:image":"https:\/\/www.eldigitaldeasturias.com\/noticias\/wp-content\/uploads\/2026\/06\/Contenidos.jpg","og:image:secure_url":"https:\/\/www.eldigitaldeasturias.com\/noticias\/wp-content\/uploads\/2026\/06\/Contenidos.jpg","og:image:width":1265,"og:image:height":697,"article:tag":["actualidad"],"article:published_time":"2014-01-31T16:29:01+00:00","article:modified_time":"2014-01-31T16:29:01+00:00","article:publisher":"https:\/\/facebook.com\/eldigitaldeasturias","twitter:card":"summary_large_image","twitter:title":"Esteban Batista, \u2018MVP\u2019 de la cuarta jornada del \u2018Top 32\u2019 - El Digital de Asturias","twitter:description":"Redacci\u00f3n deportes, 31 ene (EFE).- El p\u00edvot uruguayo Esteban Batista, del Pinar Karsiyaka Esmirna turco, fue designado como jugador m\u00e1s valioso de la cuarta jornada del 'Top 32' de la Eurocopa, tras firmar 30 puntos, 11 rebotes y 46 de valoraci\u00f3n en la victoria de su equipo frente al Cant\u00fa. Batista complet\u00f3 una actuaci\u00f3n casi","twitter:image":"https:\/\/www.eldigitaldeasturias.com\/noticias\/wp-content\/uploads\/2026\/06\/Contenidos.jpg","twitter:label1":"Escrito por","twitter:data1":"El Digital de Asturias","twitter:label2":"Tiempo de lectura estimado","twitter:data2":"1 minuto"},"aioseo_meta_data":{"post_id":"481077","title":null,"description":null,"keywords":null,"keyphrases":null,"primary_term":null,"canonical_url":null,"og_title":null,"og_description":null,"og_object_type":"default","og_image_type":"default","og_image_url":null,"og_image_width":null,"og_image_height":null,"og_image_custom_url":null,"og_image_custom_fields":null,"og_video":null,"og_custom_url":null,"og_article_section":null,"og_article_tags":null,"twitter_use_og":true,"twitter_card":"default","twitter_image_type":"default","twitter_image_url":null,"twitter_image_custom_url":null,"twitter_image_custom_fields":null,"twitter_title":null,"twitter_description":null,"schema":{"blockGraphs":[],"customGraphs":[],"default":{"data":{"Article":[],"Course":[],"Dataset":[],"FAQPage":[],"Movie":[],"Person":[],"Product":[],"ProductReview":[],"Car":[],"Recipe":[],"Service":[],"SoftwareApplication":[],"WebPage":[]},"graphName":"","isEnabled":true},"graphs":[],"defaultGraph":"","defaultPostTypeGraph":""},"schema_type":null,"schema_type_options":null,"pillar_content":false,"robots_default":true,"robots_noindex":false,"robots_noarchive":false,"robots_nosnippet":false,"robots_nofollow":false,"robots_noimageindex":false,"robots_noodp":false,"robots_notranslate":false,"robots_max_snippet":null,"robots_max_videopreview":null,"robots_max_imagepreview":"none","priority":null,"frequency":null,"local_seo":null,"seo_analyzer_scan_date":"2026-06-02 05:42:45","breadcrumb_settings":null,"limit_modified_date":false,"open_ai":null,"ai":null,"created":"2020-11-14 22:54:16","updated":"2026-06-02 05:42:45","focus_keyword":null,"additional_keywords":null,"truseo_locale":null},"aioseo_breadcrumb":"<div class=\"aioseo-breadcrumbs\"><span class=\"aioseo-breadcrumb\">\n\t<a href=\"https:\/\/www.eldigitaldeasturias.com\/noticias\" title=\"Home\">Home<\/a>\n<\/span><span class=\"aioseo-breadcrumb-separator\">\u2013<\/span><span class=\"aioseo-breadcrumb\">\n\t<a href=\"https:\/\/www.eldigitaldeasturias.com\/noticias\/category\/actualidad\/\" title=\"Actualidad\">Actualidad<\/a>\n<\/span><span class=\"aioseo-breadcrumb-separator\">\u2013<\/span><span class=\"aioseo-breadcrumb\">\n\t<a href=\"https:\/\/www.eldigitaldeasturias.com\/noticias\/esteban-batista-mvp-de-la-cuarta-jornada-del-top-32\/\" title=\"Esteban Batista, \u2018MVP\u2019 de la cuarta jornada del \u2018Top 32\u2019\">Esteban Batista, \u2018MVP\u2019 de la cuarta jornada del \u2018Top 32\u2019<\/a>\n<\/span><\/div>","aioseo_breadcrumb_json":[{"label":"Home","link":"https:\/\/www.eldigitaldeasturias.com\/noticias"},{"label":"Actualidad","link":"https:\/\/www.eldigitaldeasturias.com\/noticias\/category\/actualidad\/"},{"label":"Esteban Batista, &#8216;MVP&#8217; de la cuarta jornada del &#8216;Top 32&#8217;","link":"https:\/\/www.eldigitaldeasturias.com\/noticias\/esteban-batista-mvp-de-la-cuarta-jornada-del-top-32\/"}],"_links":{"self":[{"href":"https:\/\/www.eldigitaldeasturias.com\/noticias\/wp-json\/wp\/v2\/posts\/481077","targetHints":{"allow":["GET"]}}],"collection":[{"href":"https:\/\/www.eldigitaldeasturias.com\/noticias\/wp-json\/wp\/v2\/posts"}],"about":[{"href":"https:\/\/www.eldigitaldeasturias.com\/noticias\/wp-json\/wp\/v2\/types\/post"}],"author":[{"embeddable":true,"href":"https:\/\/www.eldigitaldeasturias.com\/noticias\/wp-json\/wp\/v2\/users\/1"}],"replies":[{"embeddable":true,"href":"https:\/\/www.eldigitaldeasturias.com\/noticias\/wp-json\/wp\/v2\/comments?post=481077"}],"version-history":[{"count":0,"href":"https:\/\/www.eldigitaldeasturias.com\/noticias\/wp-json\/wp\/v2\/posts\/481077\/revisions"}],"wp:featuredmedia":[{"embeddable":true,"href":"https:\/\/www.eldigitaldeasturias.com\/noticias\/wp-json\/wp\/v2\/media\/1132184"}],"wp:attachment":[{"href":"https:\/\/www.eldigitaldeasturias.com\/noticias\/wp-json\/wp\/v2\/media?parent=481077"}],"wp:term":[{"taxonomy":"category","embeddable":true,"href":"https:\/\/www.eldigitaldeasturias.com\/noticias\/wp-json\/wp\/v2\/categories?post=481077"},{"taxonomy":"post_tag","embeddable":true,"href":"https:\/\/www.eldigitaldeasturias.com\/noticias\/wp-json\/wp\/v2\/tags?post=481077"}],"curies":[{"name":"wp","href":"https:\/\/api.w.org\/{rel}","templated":true}]}}