{"id":480993,"date":"2014-01-31T12:57:50","date_gmt":"2014-01-31T13:57:50","guid":{"rendered":"http:\/\/www.eldigitaldeasturias.com\/noticias\/?p=480993"},"modified":"2014-01-31T12:57:50","modified_gmt":"2014-01-31T13:57:50","slug":"sanz-dice-que-diaz-ha-perdido-la-oportunidad-de-pedirle-a-la-ue-un-plan-de-empleo","status":"publish","type":"post","link":"https:\/\/www.eldigitaldeasturias.com\/noticias\/sanz-dice-que-diaz-ha-perdido-la-oportunidad-de-pedirle-a-la-ue-un-plan-de-empleo\/","title":{"rendered":"Sanz dice que D\u00edaz ha perdido la oportunidad de pedirle a la UE un plan de empleo"},"content":{"rendered":"<p><img loading=\"lazy\" decoding=\"async\" class=\"alignleft size-medium wp-image-480994\" alt=\"5894911w\" src=\"https:\/\/www.eldigitaldeasturias.com\/noticias\/wp-content\/uploads\/2014\/01\/5894911w-360x258.jpg\" width=\"360\" height=\"258\" \/>Sevilla, 31 ene (EFE).- El secretario general del PP andaluz, Jos\u00e9 Luis Sanz, ha dicho que la presidenta andaluza, Susana D\u00edaz, ha perdido la oportunidad de pedirle al presidente de la Comisi\u00f3n Europea, Jos\u00e9 Manuel Durao Barroso, \u00abun plan de empleo espec\u00edfico para Andaluc\u00eda\u00bb en su visita a Bruselas.<\/p>\n<p>Sanz, en una entrevista en Canal Sur Radio, ha lamentado que D\u00edaz haya \u00abutilizado las instituciones europeas y la visita a Durao Barroso para confrontar con el Gobierno de la naci\u00f3n, lo que desgraciadamente viene siendo su especialidad\u00bb.<\/p>\n<p>Seg\u00fan Sanz, la presidenta andaluza tambi\u00e9n \u00abha perdido una oportunidad de garantizarle a Durao Barroso que las ayudas que lleguen a Andaluc\u00eda no se van a perder, como ha pasado con algunas\u00bb.<\/p>\n<p>Sobre la reforma de la ley del aborto, Sanz se ha mostrado m\u00e1s pr\u00f3ximo a la postura de dirigentes de su partido como el presidente gallego, Alberto N\u00fa\u00f1ez Feij\u00f3o, y ha asegurado que \u00abno era momento de abrir ese debate\u00bb.<\/p>\n<p>De la convenci\u00f3n nacional del PP en Valladolid, en la que participar\u00e1, ha asegurado que saldr\u00e1 un partido m\u00e1s fuerte y unido, y sobre la marcha de Aleix Vidal-Quadras, que ya se march\u00f3 \u00abideol\u00f3gicamente del PP hace muchos a\u00f1os\u00bb, ha dicho que \u00abel que se va del PP no se lleva los valores del PP\u00bb.<\/p>\n","protected":false},"excerpt":{"rendered":"<p>Sevilla, 31 ene (EFE).- El secretario general del PP andaluz, Jos\u00e9 Luis Sanz, ha dicho que la presidenta andaluza, Susana D\u00edaz, ha perdido la oportunidad de pedirle al presidente de la Comisi\u00f3n Europea, Jos\u00e9 Manuel Durao Barroso, \u00abun plan de empleo espec\u00edfico para Andaluc\u00eda\u00bb en su visita a Bruselas. Sanz, en una entrevista en Canal [&hellip;]<\/p>\n","protected":false},"author":1,"featured_media":1132184,"comment_status":"closed","ping_status":"open","sticky":false,"template":"","format":"standard","meta":{"footnotes":""},"categories":[1],"tags":[],"class_list":["post-480993","post","type-post","status-publish","format-standard","has-post-thumbnail","hentry","category-actualidad"],"aioseo_notices":[],"aioseo_head":"\n\t\t<!-- All in One SEO Pro 5.0.1 - aioseo.com -->\n\t<meta name=\"description\" content=\"Sevilla, 31 ene (EFE).- El secretario general del PP andaluz, Jos\u00e9 Luis Sanz, ha dicho que la presidenta andaluza, Susana D\u00edaz, ha perdido la oportunidad de pedirle al presidente de la Comisi\u00f3n Europea, Jos\u00e9 Manuel Durao Barroso, &quot;un plan de empleo espec\u00edfico para Andaluc\u00eda&quot; en su visita a Bruselas. Sanz, en una entrevista en Canal\" \/>\n\t<meta name=\"robots\" content=\"max-image-preview:large\" \/>\n\t<meta name=\"author\" content=\"El Digital de Asturias\"\/>\n\t<meta name=\"google-site-verification\" content=\"UA-38556648-1\" \/>\n\t<meta name=\"msvalidate.01\" content=\"7dfe9f3f1b24437ab69f4f2559babe99\" \/>\n\t<meta name=\"keywords\" content=\"actualidad\" \/>\n\t<link rel=\"canonical\" href=\"https:\/\/www.eldigitaldeasturias.com\/noticias\/sanz-dice-que-diaz-ha-perdido-la-oportunidad-de-pedirle-a-la-ue-un-plan-de-empleo\/\" \/>\n\t<meta name=\"generator\" content=\"All in One SEO Pro (AIOSEO) 5.0.1\" \/>\n\t\t<meta property=\"og:locale\" content=\"es_ES\" \/>\n\t\t<meta property=\"og:site_name\" content=\"El Digital de Asturias\" \/>\n\t\t<meta property=\"og:type\" content=\"article\" \/>\n\t\t<meta property=\"og:title\" content=\"Sanz dice que D\u00edaz ha perdido la oportunidad de pedirle a la UE un plan de empleo - El Digital de Asturias\" \/>\n\t\t<meta property=\"og:description\" content=\"Sevilla, 31 ene (EFE).- El secretario general del PP andaluz, Jos\u00e9 Luis Sanz, ha dicho que la presidenta andaluza, Susana D\u00edaz, ha perdido la oportunidad de pedirle al presidente de la Comisi\u00f3n Europea, Jos\u00e9 Manuel Durao Barroso, &quot;un plan de empleo espec\u00edfico para Andaluc\u00eda&quot; en su visita a Bruselas. Sanz, en una entrevista en Canal\" \/>\n\t\t<meta property=\"og:url\" content=\"https:\/\/www.eldigitaldeasturias.com\/noticias\/sanz-dice-que-diaz-ha-perdido-la-oportunidad-de-pedirle-a-la-ue-un-plan-de-empleo\/\" \/>\n\t\t<meta property=\"og:image\" content=\"https:\/\/www.eldigitaldeasturias.com\/noticias\/wp-content\/uploads\/2026\/06\/Contenidos.jpg\" \/>\n\t\t<meta property=\"og:image:secure_url\" content=\"https:\/\/www.eldigitaldeasturias.com\/noticias\/wp-content\/uploads\/2026\/06\/Contenidos.jpg\" \/>\n\t\t<meta property=\"og:image:width\" content=\"1265\" \/>\n\t\t<meta property=\"og:image:height\" content=\"697\" \/>\n\t\t<meta property=\"article:tag\" content=\"actualidad\" \/>\n\t\t<meta property=\"article:published_time\" content=\"2014-01-31T13:57:50+00:00\" \/>\n\t\t<meta property=\"article:modified_time\" content=\"2014-01-31T13:57:50+00:00\" \/>\n\t\t<meta property=\"article:publisher\" content=\"https:\/\/facebook.com\/eldigitaldeasturias\" \/>\n\t\t<meta name=\"twitter:card\" content=\"summary_large_image\" \/>\n\t\t<meta name=\"twitter:title\" content=\"Sanz dice que D\u00edaz ha perdido la oportunidad de pedirle a la UE un plan de empleo - El Digital de Asturias\" \/>\n\t\t<meta name=\"twitter:description\" content=\"Sevilla, 31 ene (EFE).- El secretario general del PP andaluz, Jos\u00e9 Luis Sanz, ha dicho que la presidenta andaluza, Susana D\u00edaz, ha perdido la oportunidad de pedirle al presidente de la Comisi\u00f3n Europea, Jos\u00e9 Manuel Durao Barroso, &quot;un plan de empleo espec\u00edfico para Andaluc\u00eda&quot; en su visita a Bruselas. Sanz, en una entrevista en Canal\" \/>\n\t\t<meta name=\"twitter:image\" content=\"https:\/\/www.eldigitaldeasturias.com\/noticias\/wp-content\/uploads\/2026\/06\/Contenidos.jpg\" \/>\n\t\t<meta name=\"twitter:label1\" content=\"Escrito por\" \/>\n\t\t<meta name=\"twitter:data1\" content=\"El Digital de Asturias\" \/>\n\t\t<meta name=\"twitter:label2\" content=\"Tiempo de lectura estimado\" \/>\n\t\t<meta name=\"twitter:data2\" content=\"1 minuto\" \/>\n\t\t<script type=\"application\/ld+json\" class=\"aioseo-schema\">\n\t\t\t{\"@context\":\"https:\\\/\\\/schema.org\",\"@graph\":[{\"@type\":\"BlogPosting\",\"@id\":\"https:\\\/\\\/www.eldigitaldeasturias.com\\\/noticias\\\/sanz-dice-que-diaz-ha-perdido-la-oportunidad-de-pedirle-a-la-ue-un-plan-de-empleo\\\/#blogposting\",\"name\":\"Sanz dice que D\\u00edaz ha perdido la oportunidad de pedirle a la UE un plan de empleo - El Digital de Asturias\",\"headline\":\"Sanz dice que D\\u00edaz ha perdido la oportunidad de pedirle a la UE un plan de empleo\",\"author\":{\"@id\":\"https:\\\/\\\/www.eldigitaldeasturias.com\\\/noticias\\\/author\\\/admin\\\/#author\"},\"publisher\":{\"@id\":\"https:\\\/\\\/www.eldigitaldeasturias.com\\\/noticias\\\/#organization\"},\"image\":{\"@type\":\"ImageObject\",\"url\":\"https:\\\/\\\/www.eldigitaldeasturias.com\\\/noticias\\\/wp-content\\\/uploads\\\/2026\\\/06\\\/Contenidos.jpg\",\"width\":1265,\"height\":697,\"caption\":\"Contenidos\"},\"datePublished\":\"2014-01-31T12:57:50+01:00\",\"dateModified\":\"2014-01-31T12:57:50+01:00\",\"inLanguage\":\"es-ES\",\"mainEntityOfPage\":{\"@id\":\"https:\\\/\\\/www.eldigitaldeasturias.com\\\/noticias\\\/sanz-dice-que-diaz-ha-perdido-la-oportunidad-de-pedirle-a-la-ue-un-plan-de-empleo\\\/#webpage\"},\"isPartOf\":{\"@id\":\"https:\\\/\\\/www.eldigitaldeasturias.com\\\/noticias\\\/sanz-dice-que-diaz-ha-perdido-la-oportunidad-de-pedirle-a-la-ue-un-plan-de-empleo\\\/#webpage\"},\"articleSection\":\"Actualidad\"},{\"@type\":\"BreadcrumbList\",\"@id\":\"https:\\\/\\\/www.eldigitaldeasturias.com\\\/noticias\\\/sanz-dice-que-diaz-ha-perdido-la-oportunidad-de-pedirle-a-la-ue-un-plan-de-empleo\\\/#breadcrumblist\",\"itemListElement\":[{\"@type\":\"ListItem\",\"@id\":\"https:\\\/\\\/www.eldigitaldeasturias.com\\\/noticias#listItem\",\"position\":1,\"name\":\"Home\",\"item\":\"https:\\\/\\\/www.eldigitaldeasturias.com\\\/noticias\",\"nextItem\":{\"@type\":\"ListItem\",\"@id\":\"https:\\\/\\\/www.eldigitaldeasturias.com\\\/noticias\\\/category\\\/actualidad\\\/#listItem\",\"name\":\"Actualidad\"}},{\"@type\":\"ListItem\",\"@id\":\"https:\\\/\\\/www.eldigitaldeasturias.com\\\/noticias\\\/category\\\/actualidad\\\/#listItem\",\"position\":2,\"name\":\"Actualidad\",\"item\":\"https:\\\/\\\/www.eldigitaldeasturias.com\\\/noticias\\\/category\\\/actualidad\\\/\",\"nextItem\":{\"@type\":\"ListItem\",\"@id\":\"https:\\\/\\\/www.eldigitaldeasturias.com\\\/noticias\\\/sanz-dice-que-diaz-ha-perdido-la-oportunidad-de-pedirle-a-la-ue-un-plan-de-empleo\\\/#listItem\",\"name\":\"Sanz dice que D\\u00edaz ha perdido la oportunidad de pedirle a la UE un plan de empleo\"},\"previousItem\":{\"@type\":\"ListItem\",\"@id\":\"https:\\\/\\\/www.eldigitaldeasturias.com\\\/noticias#listItem\",\"name\":\"Home\"}},{\"@type\":\"ListItem\",\"@id\":\"https:\\\/\\\/www.eldigitaldeasturias.com\\\/noticias\\\/sanz-dice-que-diaz-ha-perdido-la-oportunidad-de-pedirle-a-la-ue-un-plan-de-empleo\\\/#listItem\",\"position\":3,\"name\":\"Sanz dice que D\\u00edaz ha perdido la oportunidad de pedirle a la UE un plan de empleo\",\"previousItem\":{\"@type\":\"ListItem\",\"@id\":\"https:\\\/\\\/www.eldigitaldeasturias.com\\\/noticias\\\/category\\\/actualidad\\\/#listItem\",\"name\":\"Actualidad\"}}]},{\"@type\":\"Organization\",\"@id\":\"https:\\\/\\\/www.eldigitaldeasturias.com\\\/noticias\\\/#organization\",\"name\":\"El Digital de Asturias\",\"description\":\"Hemeroteca\",\"url\":\"https:\\\/\\\/www.eldigitaldeasturias.com\\\/noticias\\\/\",\"email\":\"info@eldigitaldeasturias.com\",\"telephone\":\"+34652131393\",\"logo\":{\"@type\":\"ImageObject\",\"url\":\"https:\\\/\\\/www.eldigitaldeasturias.com\\\/noticias\\\/wp-content\\\/uploads\\\/2020\\\/12\\\/EDA.jpg\",\"@id\":\"https:\\\/\\\/www.eldigitaldeasturias.com\\\/noticias\\\/sanz-dice-que-diaz-ha-perdido-la-oportunidad-de-pedirle-a-la-ue-un-plan-de-empleo\\\/#organizationLogo\"},\"image\":{\"@id\":\"https:\\\/\\\/www.eldigitaldeasturias.com\\\/noticias\\\/sanz-dice-que-diaz-ha-perdido-la-oportunidad-de-pedirle-a-la-ue-un-plan-de-empleo\\\/#organizationLogo\"},\"sameAs\":[\"https:\\\/\\\/facebook.com\\\/eldigitaldeasturias\",\"https:\\\/\\\/www.youtube.com\\\/channel\\\/UCZP-2wLEB9Rv6erhFmqVnvg\"],\"address\":{\"@id\":\"https:\\\/\\\/www.eldigitaldeasturias.com\\\/noticias\\\/#postaladdress\",\"@type\":\"PostalAddress\",\"streetAddress\":\"san antonio 4\",\"postalCode\":\"33430\",\"addressLocality\":\"Cand\\u00e1s\",\"addressRegion\":\"Asturias\",\"addressCountry\":\"ES\"}},{\"@type\":\"Person\",\"@id\":\"https:\\\/\\\/www.eldigitaldeasturias.com\\\/noticias\\\/author\\\/admin\\\/#author\",\"url\":\"https:\\\/\\\/www.eldigitaldeasturias.com\\\/noticias\\\/author\\\/admin\\\/\",\"name\":\"El Digital de Asturias\",\"image\":{\"@type\":\"ImageObject\",\"@id\":\"https:\\\/\\\/www.eldigitaldeasturias.com\\\/noticias\\\/sanz-dice-que-diaz-ha-perdido-la-oportunidad-de-pedirle-a-la-ue-un-plan-de-empleo\\\/#authorImage\",\"url\":\"https:\\\/\\\/secure.gravatar.com\\\/avatar\\\/df2aeffc32bcd13f8d26072ef8a91b623d677766deac7f97ca815868cd41bf5e?s=96&d=mm&r=g\",\"width\":96,\"height\":96,\"caption\":\"El Digital de Asturias\"}},{\"@type\":\"WebPage\",\"@id\":\"https:\\\/\\\/www.eldigitaldeasturias.com\\\/noticias\\\/sanz-dice-que-diaz-ha-perdido-la-oportunidad-de-pedirle-a-la-ue-un-plan-de-empleo\\\/#webpage\",\"url\":\"https:\\\/\\\/www.eldigitaldeasturias.com\\\/noticias\\\/sanz-dice-que-diaz-ha-perdido-la-oportunidad-de-pedirle-a-la-ue-un-plan-de-empleo\\\/\",\"name\":\"Sanz dice que D\\u00edaz ha perdido la oportunidad de pedirle a la UE un plan de empleo - El Digital de Asturias\",\"description\":\"Sevilla, 31 ene (EFE).- El secretario general del PP andaluz, Jos\\u00e9 Luis Sanz, ha dicho que la presidenta andaluza, Susana D\\u00edaz, ha perdido la oportunidad de pedirle al presidente de la Comisi\\u00f3n Europea, Jos\\u00e9 Manuel Durao Barroso, \\\"un plan de empleo espec\\u00edfico para Andaluc\\u00eda\\\" en su visita a Bruselas. Sanz, en una entrevista en Canal\",\"inLanguage\":\"es-ES\",\"isPartOf\":{\"@id\":\"https:\\\/\\\/www.eldigitaldeasturias.com\\\/noticias\\\/#website\"},\"breadcrumb\":{\"@id\":\"https:\\\/\\\/www.eldigitaldeasturias.com\\\/noticias\\\/sanz-dice-que-diaz-ha-perdido-la-oportunidad-de-pedirle-a-la-ue-un-plan-de-empleo\\\/#breadcrumblist\"},\"author\":{\"@id\":\"https:\\\/\\\/www.eldigitaldeasturias.com\\\/noticias\\\/author\\\/admin\\\/#author\"},\"creator\":{\"@id\":\"https:\\\/\\\/www.eldigitaldeasturias.com\\\/noticias\\\/author\\\/admin\\\/#author\"},\"image\":{\"@type\":\"ImageObject\",\"url\":\"https:\\\/\\\/www.eldigitaldeasturias.com\\\/noticias\\\/wp-content\\\/uploads\\\/2026\\\/06\\\/Contenidos.jpg\",\"@id\":\"https:\\\/\\\/www.eldigitaldeasturias.com\\\/noticias\\\/sanz-dice-que-diaz-ha-perdido-la-oportunidad-de-pedirle-a-la-ue-un-plan-de-empleo\\\/#mainImage\",\"width\":1265,\"height\":697,\"caption\":\"Contenidos\"},\"primaryImageOfPage\":{\"@id\":\"https:\\\/\\\/www.eldigitaldeasturias.com\\\/noticias\\\/sanz-dice-que-diaz-ha-perdido-la-oportunidad-de-pedirle-a-la-ue-un-plan-de-empleo\\\/#mainImage\"},\"datePublished\":\"2014-01-31T12:57:50+01:00\",\"dateModified\":\"2014-01-31T12:57:50+01:00\"},{\"@type\":\"WebSite\",\"@id\":\"https:\\\/\\\/www.eldigitaldeasturias.com\\\/noticias\\\/#website\",\"url\":\"https:\\\/\\\/www.eldigitaldeasturias.com\\\/noticias\\\/\",\"name\":\"El Digital de Asturias - Diario de actualidad y noticias\",\"alternateName\":\"El Digital de Asturias - Diario de actualidad y noticias\",\"description\":\"Hemeroteca\",\"inLanguage\":\"es-ES\",\"publisher\":{\"@id\":\"https:\\\/\\\/www.eldigitaldeasturias.com\\\/noticias\\\/#organization\"}}]}\n\t\t<\/script>\n\t\t<!-- All in One SEO Pro -->\r\n\t\t<title>Sanz dice que D\u00edaz ha perdido la oportunidad de pedirle a la UE un plan de empleo - El Digital de Asturias<\/title>\n\n","aioseo_head_json":{"title":"Sanz dice que D\u00edaz ha perdido la oportunidad de pedirle a la UE un plan de empleo - El Digital de Asturias","description":"Sevilla, 31 ene (EFE).- El secretario general del PP andaluz, Jos\u00e9 Luis Sanz, ha dicho que la presidenta andaluza, Susana D\u00edaz, ha perdido la oportunidad de pedirle al presidente de la Comisi\u00f3n Europea, Jos\u00e9 Manuel Durao Barroso, \"un plan de empleo espec\u00edfico para Andaluc\u00eda\" en su visita a Bruselas. Sanz, en una entrevista en Canal","canonical_url":"https:\/\/www.eldigitaldeasturias.com\/noticias\/sanz-dice-que-diaz-ha-perdido-la-oportunidad-de-pedirle-a-la-ue-un-plan-de-empleo\/","robots":"max-image-preview:large","keywords":"actualidad","webmasterTools":{"google-site-verification":"UA-38556648-1","msvalidate.01":"7dfe9f3f1b24437ab69f4f2559babe99","miscellaneous":""},"schema":{"@context":"https:\/\/schema.org","@graph":[{"@type":"BlogPosting","@id":"https:\/\/www.eldigitaldeasturias.com\/noticias\/sanz-dice-que-diaz-ha-perdido-la-oportunidad-de-pedirle-a-la-ue-un-plan-de-empleo\/#blogposting","name":"Sanz dice que D\u00edaz ha perdido la oportunidad de pedirle a la UE un plan de empleo - El Digital de Asturias","headline":"Sanz dice que D\u00edaz ha perdido la oportunidad de pedirle a la UE un plan de empleo","author":{"@id":"https:\/\/www.eldigitaldeasturias.com\/noticias\/author\/admin\/#author"},"publisher":{"@id":"https:\/\/www.eldigitaldeasturias.com\/noticias\/#organization"},"image":{"@type":"ImageObject","url":"https:\/\/www.eldigitaldeasturias.com\/noticias\/wp-content\/uploads\/2026\/06\/Contenidos.jpg","width":1265,"height":697,"caption":"Contenidos"},"datePublished":"2014-01-31T12:57:50+01:00","dateModified":"2014-01-31T12:57:50+01:00","inLanguage":"es-ES","mainEntityOfPage":{"@id":"https:\/\/www.eldigitaldeasturias.com\/noticias\/sanz-dice-que-diaz-ha-perdido-la-oportunidad-de-pedirle-a-la-ue-un-plan-de-empleo\/#webpage"},"isPartOf":{"@id":"https:\/\/www.eldigitaldeasturias.com\/noticias\/sanz-dice-que-diaz-ha-perdido-la-oportunidad-de-pedirle-a-la-ue-un-plan-de-empleo\/#webpage"},"articleSection":"Actualidad"},{"@type":"BreadcrumbList","@id":"https:\/\/www.eldigitaldeasturias.com\/noticias\/sanz-dice-que-diaz-ha-perdido-la-oportunidad-de-pedirle-a-la-ue-un-plan-de-empleo\/#breadcrumblist","itemListElement":[{"@type":"ListItem","@id":"https:\/\/www.eldigitaldeasturias.com\/noticias#listItem","position":1,"name":"Home","item":"https:\/\/www.eldigitaldeasturias.com\/noticias","nextItem":{"@type":"ListItem","@id":"https:\/\/www.eldigitaldeasturias.com\/noticias\/category\/actualidad\/#listItem","name":"Actualidad"}},{"@type":"ListItem","@id":"https:\/\/www.eldigitaldeasturias.com\/noticias\/category\/actualidad\/#listItem","position":2,"name":"Actualidad","item":"https:\/\/www.eldigitaldeasturias.com\/noticias\/category\/actualidad\/","nextItem":{"@type":"ListItem","@id":"https:\/\/www.eldigitaldeasturias.com\/noticias\/sanz-dice-que-diaz-ha-perdido-la-oportunidad-de-pedirle-a-la-ue-un-plan-de-empleo\/#listItem","name":"Sanz dice que D\u00edaz ha perdido la oportunidad de pedirle a la UE un plan de empleo"},"previousItem":{"@type":"ListItem","@id":"https:\/\/www.eldigitaldeasturias.com\/noticias#listItem","name":"Home"}},{"@type":"ListItem","@id":"https:\/\/www.eldigitaldeasturias.com\/noticias\/sanz-dice-que-diaz-ha-perdido-la-oportunidad-de-pedirle-a-la-ue-un-plan-de-empleo\/#listItem","position":3,"name":"Sanz dice que D\u00edaz ha perdido la oportunidad de pedirle a la UE un plan de empleo","previousItem":{"@type":"ListItem","@id":"https:\/\/www.eldigitaldeasturias.com\/noticias\/category\/actualidad\/#listItem","name":"Actualidad"}}]},{"@type":"Organization","@id":"https:\/\/www.eldigitaldeasturias.com\/noticias\/#organization","name":"El Digital de Asturias","description":"Hemeroteca","url":"https:\/\/www.eldigitaldeasturias.com\/noticias\/","email":"info@eldigitaldeasturias.com","telephone":"+34652131393","logo":{"@type":"ImageObject","url":"https:\/\/www.eldigitaldeasturias.com\/noticias\/wp-content\/uploads\/2020\/12\/EDA.jpg","@id":"https:\/\/www.eldigitaldeasturias.com\/noticias\/sanz-dice-que-diaz-ha-perdido-la-oportunidad-de-pedirle-a-la-ue-un-plan-de-empleo\/#organizationLogo"},"image":{"@id":"https:\/\/www.eldigitaldeasturias.com\/noticias\/sanz-dice-que-diaz-ha-perdido-la-oportunidad-de-pedirle-a-la-ue-un-plan-de-empleo\/#organizationLogo"},"sameAs":["https:\/\/facebook.com\/eldigitaldeasturias","https:\/\/www.youtube.com\/channel\/UCZP-2wLEB9Rv6erhFmqVnvg"],"address":{"@id":"https:\/\/www.eldigitaldeasturias.com\/noticias\/#postaladdress","@type":"PostalAddress","streetAddress":"san antonio 4","postalCode":"33430","addressLocality":"Cand\u00e1s","addressRegion":"Asturias","addressCountry":"ES"}},{"@type":"Person","@id":"https:\/\/www.eldigitaldeasturias.com\/noticias\/author\/admin\/#author","url":"https:\/\/www.eldigitaldeasturias.com\/noticias\/author\/admin\/","name":"El Digital de Asturias","image":{"@type":"ImageObject","@id":"https:\/\/www.eldigitaldeasturias.com\/noticias\/sanz-dice-que-diaz-ha-perdido-la-oportunidad-de-pedirle-a-la-ue-un-plan-de-empleo\/#authorImage","url":"https:\/\/secure.gravatar.com\/avatar\/df2aeffc32bcd13f8d26072ef8a91b623d677766deac7f97ca815868cd41bf5e?s=96&d=mm&r=g","width":96,"height":96,"caption":"El Digital de Asturias"}},{"@type":"WebPage","@id":"https:\/\/www.eldigitaldeasturias.com\/noticias\/sanz-dice-que-diaz-ha-perdido-la-oportunidad-de-pedirle-a-la-ue-un-plan-de-empleo\/#webpage","url":"https:\/\/www.eldigitaldeasturias.com\/noticias\/sanz-dice-que-diaz-ha-perdido-la-oportunidad-de-pedirle-a-la-ue-un-plan-de-empleo\/","name":"Sanz dice que D\u00edaz ha perdido la oportunidad de pedirle a la UE un plan de empleo - El Digital de Asturias","description":"Sevilla, 31 ene (EFE).- El secretario general del PP andaluz, Jos\u00e9 Luis Sanz, ha dicho que la presidenta andaluza, Susana D\u00edaz, ha perdido la oportunidad de pedirle al presidente de la Comisi\u00f3n Europea, Jos\u00e9 Manuel Durao Barroso, \"un plan de empleo espec\u00edfico para Andaluc\u00eda\" en su visita a Bruselas. Sanz, en una entrevista en Canal","inLanguage":"es-ES","isPartOf":{"@id":"https:\/\/www.eldigitaldeasturias.com\/noticias\/#website"},"breadcrumb":{"@id":"https:\/\/www.eldigitaldeasturias.com\/noticias\/sanz-dice-que-diaz-ha-perdido-la-oportunidad-de-pedirle-a-la-ue-un-plan-de-empleo\/#breadcrumblist"},"author":{"@id":"https:\/\/www.eldigitaldeasturias.com\/noticias\/author\/admin\/#author"},"creator":{"@id":"https:\/\/www.eldigitaldeasturias.com\/noticias\/author\/admin\/#author"},"image":{"@type":"ImageObject","url":"https:\/\/www.eldigitaldeasturias.com\/noticias\/wp-content\/uploads\/2026\/06\/Contenidos.jpg","@id":"https:\/\/www.eldigitaldeasturias.com\/noticias\/sanz-dice-que-diaz-ha-perdido-la-oportunidad-de-pedirle-a-la-ue-un-plan-de-empleo\/#mainImage","width":1265,"height":697,"caption":"Contenidos"},"primaryImageOfPage":{"@id":"https:\/\/www.eldigitaldeasturias.com\/noticias\/sanz-dice-que-diaz-ha-perdido-la-oportunidad-de-pedirle-a-la-ue-un-plan-de-empleo\/#mainImage"},"datePublished":"2014-01-31T12:57:50+01:00","dateModified":"2014-01-31T12:57:50+01:00"},{"@type":"WebSite","@id":"https:\/\/www.eldigitaldeasturias.com\/noticias\/#website","url":"https:\/\/www.eldigitaldeasturias.com\/noticias\/","name":"El Digital de Asturias - Diario de actualidad y noticias","alternateName":"El Digital de Asturias - Diario de actualidad y noticias","description":"Hemeroteca","inLanguage":"es-ES","publisher":{"@id":"https:\/\/www.eldigitaldeasturias.com\/noticias\/#organization"}}]},"og:locale":"es_ES","og:site_name":"El Digital de Asturias","og:type":"article","og:title":"Sanz dice que D\u00edaz ha perdido la oportunidad de pedirle a la UE un plan de empleo - El Digital de Asturias","og:description":"Sevilla, 31 ene (EFE).- El secretario general del PP andaluz, Jos\u00e9 Luis Sanz, ha dicho que la presidenta andaluza, Susana D\u00edaz, ha perdido la oportunidad de pedirle al presidente de la Comisi\u00f3n Europea, Jos\u00e9 Manuel Durao Barroso, &quot;un plan de empleo espec\u00edfico para Andaluc\u00eda&quot; en su visita a Bruselas. Sanz, en una entrevista en Canal","og:url":"https:\/\/www.eldigitaldeasturias.com\/noticias\/sanz-dice-que-diaz-ha-perdido-la-oportunidad-de-pedirle-a-la-ue-un-plan-de-empleo\/","og:image":"https:\/\/www.eldigitaldeasturias.com\/noticias\/wp-content\/uploads\/2026\/06\/Contenidos.jpg","og:image:secure_url":"https:\/\/www.eldigitaldeasturias.com\/noticias\/wp-content\/uploads\/2026\/06\/Contenidos.jpg","og:image:width":1265,"og:image:height":697,"article:tag":["actualidad"],"article:published_time":"2014-01-31T13:57:50+00:00","article:modified_time":"2014-01-31T13:57:50+00:00","article:publisher":"https:\/\/facebook.com\/eldigitaldeasturias","twitter:card":"summary_large_image","twitter:title":"Sanz dice que D\u00edaz ha perdido la oportunidad de pedirle a la UE un plan de empleo - El Digital de Asturias","twitter:description":"Sevilla, 31 ene (EFE).- El secretario general del PP andaluz, Jos\u00e9 Luis Sanz, ha dicho que la presidenta andaluza, Susana D\u00edaz, ha perdido la oportunidad de pedirle al presidente de la Comisi\u00f3n Europea, Jos\u00e9 Manuel Durao Barroso, &quot;un plan de empleo espec\u00edfico para Andaluc\u00eda&quot; en su visita a Bruselas. Sanz, en una entrevista en Canal","twitter:image":"https:\/\/www.eldigitaldeasturias.com\/noticias\/wp-content\/uploads\/2026\/06\/Contenidos.jpg","twitter:label1":"Escrito por","twitter:data1":"El Digital de Asturias","twitter:label2":"Tiempo de lectura estimado","twitter:data2":"1 minuto"},"aioseo_meta_data":{"post_id":"480993","title":null,"description":null,"keywords":null,"keyphrases":null,"primary_term":null,"canonical_url":null,"og_title":null,"og_description":null,"og_object_type":"default","og_image_type":"default","og_image_url":null,"og_image_width":null,"og_image_height":null,"og_image_custom_url":null,"og_image_custom_fields":null,"og_video":null,"og_custom_url":null,"og_article_section":null,"og_article_tags":null,"twitter_use_og":true,"twitter_card":"default","twitter_image_type":"default","twitter_image_url":null,"twitter_image_custom_url":null,"twitter_image_custom_fields":null,"twitter_title":null,"twitter_description":null,"schema":{"blockGraphs":[],"customGraphs":[],"default":{"data":{"Article":[],"Course":[],"Dataset":[],"FAQPage":[],"Movie":[],"Person":[],"Product":[],"ProductReview":[],"Car":[],"Recipe":[],"Service":[],"SoftwareApplication":[],"WebPage":[]},"graphName":"","isEnabled":true},"graphs":[],"defaultGraph":"","defaultPostTypeGraph":""},"schema_type":null,"schema_type_options":null,"pillar_content":false,"robots_default":true,"robots_noindex":false,"robots_noarchive":false,"robots_nosnippet":false,"robots_nofollow":false,"robots_noimageindex":false,"robots_noodp":false,"robots_notranslate":false,"robots_max_snippet":null,"robots_max_videopreview":null,"robots_max_imagepreview":"none","priority":null,"frequency":null,"local_seo":null,"seo_analyzer_scan_date":"2026-06-02 05:25:57","breadcrumb_settings":null,"limit_modified_date":false,"open_ai":null,"ai":null,"created":"2020-11-14 22:54:16","updated":"2026-06-02 05:25:57","focus_keyword":null,"additional_keywords":null,"truseo_locale":null},"aioseo_breadcrumb":"<div class=\"aioseo-breadcrumbs\"><span class=\"aioseo-breadcrumb\">\n\t<a href=\"https:\/\/www.eldigitaldeasturias.com\/noticias\" title=\"Home\">Home<\/a>\n<\/span><span class=\"aioseo-breadcrumb-separator\">\u2013<\/span><span class=\"aioseo-breadcrumb\">\n\t<a href=\"https:\/\/www.eldigitaldeasturias.com\/noticias\/category\/actualidad\/\" title=\"Actualidad\">Actualidad<\/a>\n<\/span><span class=\"aioseo-breadcrumb-separator\">\u2013<\/span><span class=\"aioseo-breadcrumb\">\n\t<a href=\"https:\/\/www.eldigitaldeasturias.com\/noticias\/sanz-dice-que-diaz-ha-perdido-la-oportunidad-de-pedirle-a-la-ue-un-plan-de-empleo\/\" title=\"Sanz dice que D\u00edaz ha perdido la oportunidad de pedirle a la UE un plan de empleo\">Sanz dice que D\u00edaz ha perdido la oportunidad de pedirle a la UE un plan de empleo<\/a>\n<\/span><\/div>","aioseo_breadcrumb_json":[{"label":"Home","link":"https:\/\/www.eldigitaldeasturias.com\/noticias"},{"label":"Actualidad","link":"https:\/\/www.eldigitaldeasturias.com\/noticias\/category\/actualidad\/"},{"label":"Sanz dice que D\u00edaz ha perdido la oportunidad de pedirle a la UE un plan de empleo","link":"https:\/\/www.eldigitaldeasturias.com\/noticias\/sanz-dice-que-diaz-ha-perdido-la-oportunidad-de-pedirle-a-la-ue-un-plan-de-empleo\/"}],"_links":{"self":[{"href":"https:\/\/www.eldigitaldeasturias.com\/noticias\/wp-json\/wp\/v2\/posts\/480993","targetHints":{"allow":["GET"]}}],"collection":[{"href":"https:\/\/www.eldigitaldeasturias.com\/noticias\/wp-json\/wp\/v2\/posts"}],"about":[{"href":"https:\/\/www.eldigitaldeasturias.com\/noticias\/wp-json\/wp\/v2\/types\/post"}],"author":[{"embeddable":true,"href":"https:\/\/www.eldigitaldeasturias.com\/noticias\/wp-json\/wp\/v2\/users\/1"}],"replies":[{"embeddable":true,"href":"https:\/\/www.eldigitaldeasturias.com\/noticias\/wp-json\/wp\/v2\/comments?post=480993"}],"version-history":[{"count":0,"href":"https:\/\/www.eldigitaldeasturias.com\/noticias\/wp-json\/wp\/v2\/posts\/480993\/revisions"}],"wp:featuredmedia":[{"embeddable":true,"href":"https:\/\/www.eldigitaldeasturias.com\/noticias\/wp-json\/wp\/v2\/media\/1132184"}],"wp:attachment":[{"href":"https:\/\/www.eldigitaldeasturias.com\/noticias\/wp-json\/wp\/v2\/media?parent=480993"}],"wp:term":[{"taxonomy":"category","embeddable":true,"href":"https:\/\/www.eldigitaldeasturias.com\/noticias\/wp-json\/wp\/v2\/categories?post=480993"},{"taxonomy":"post_tag","embeddable":true,"href":"https:\/\/www.eldigitaldeasturias.com\/noticias\/wp-json\/wp\/v2\/tags?post=480993"}],"curies":[{"name":"wp","href":"https:\/\/api.w.org\/{rel}","templated":true}]}}