{"id":480990,"date":"2014-01-31T12:56:44","date_gmt":"2014-01-31T13:56:44","guid":{"rendered":"http:\/\/www.eldigitaldeasturias.com\/noticias\/?p=480990"},"modified":"2014-01-31T12:56:44","modified_gmt":"2014-01-31T13:56:44","slug":"el-ejercito-ucraniano-pide-medidas-urgentes-para-estabilizar-el-pais","status":"publish","type":"post","link":"https:\/\/www.eldigitaldeasturias.com\/noticias\/el-ejercito-ucraniano-pide-medidas-urgentes-para-estabilizar-el-pais\/","title":{"rendered":"El Ej\u00e9rcito ucraniano pide medidas urgentes para estabilizar el pa\u00eds"},"content":{"rendered":"<p><img loading=\"lazy\" decoding=\"async\" class=\"alignleft size-medium wp-image-480991\" alt=\"5894861w\" src=\"https:\/\/www.eldigitaldeasturias.com\/noticias\/wp-content\/uploads\/2014\/01\/5894861w-360x252.jpg\" width=\"360\" height=\"252\" \/>Kiev, 31 ene (EFE).- El Ej\u00e9rcito ucraniano ha instado al presidente V\u00edktor Yanuk\u00f3vich a adoptar medidas urgentes para estabilizar el pa\u00eds, despu\u00e9s de m\u00e1s de dos meses de protestas opositoras que llevaron a la dimisi\u00f3n del Gobierno.<\/p>\n<p>\u00abLos militares y funcionarios de las Fuerzas Armadas de Ucrania calificaron de inadmisible la toma por la fuerza de las instituciones estatales, y los impedimentos puestos a los representantes de los \u00f3rganos de poder estatal y local para cumplir sus obligaciones\u00bb, se\u00f1al\u00f3 un comunicado del Ministerio de Defensa.<\/p>\n<p>Los militares subrayaron que \u00abla escalada de la confrontaci\u00f3n amenaza la integridad territorial del Estado\u00bb.<\/p>\n<p>El llamamiento al jefe del Estado fue adoptado en una reuni\u00f3n ampliada de la plana mayor del Ministerio de Defensa celebrada ayer.<\/p>\n<p>Seg\u00fan el comunicado de Defensa, todos los participantes en la reuni\u00f3n expresaron su preocupaci\u00f3n por los acontecimientos, que afectan al futuro del Estado y de cada uno de sus ciudadanos.<\/p>\n<p>Seg\u00fan la Constituci\u00f3n ucraniana, el presidente del pa\u00eds es tambi\u00e9n el comandante supremo de las Fuerzas Armadas.<\/p>\n<p>Esta semana, el Parlamento de Ucrania aprob\u00f3 una ley de amnist\u00eda para los participantes en los disturbios de Kiev y otras ciudades que no ha sido aceptada por la oposici\u00f3n, porque se condiciona su entrada en vigor a que se desocupen los edificios oficiales tomados al asalto por los manifestantes.<\/p>\n<p>Las protestas opositoras estallaron en Kiev hace poco m\u00e1s de dos meses, despu\u00e9s de que Yanuk\u00f3vich aplazara la firma del Acuerdo de Asociaci\u00f3n con la Uni\u00f3n Europea prevista para fines de noviembre del a\u00f1o pasado.<\/p>\n<p>Ante las crecientes manifestaciones europe\u00edstas en el centro de Kiev, ocupado por la oposici\u00f3n, la mayor\u00eda parlamentaria oficialista aprob\u00f3 el pasado d\u00eda 16 una serie de leyes para restringir el derecho de reuni\u00f3n y otras libertades civiles.<\/p>\n<p>Tres d\u00edas despu\u00e9s, se registraron en la capital violentos choques entre manifestantes y polic\u00edas antidisturbios que causaron varios muertos -seis, seg\u00fan la oposici\u00f3n; tres, de acuerdo con la versi\u00f3n oficial- y centenares de heridos.<\/p>\n<p>El d\u00eda 23, las partes acordaron una tregua e iniciaron negociaciones, en las que la oposici\u00f3n ha conseguido pr\u00e1cticamente todos sus objetivos, salvo la convocatoria de elecciones presidenciales y parlamentarias anticipadas.<\/p>\n","protected":false},"excerpt":{"rendered":"<p>Kiev, 31 ene (EFE).- El Ej\u00e9rcito ucraniano ha instado al presidente V\u00edktor Yanuk\u00f3vich a adoptar medidas urgentes para estabilizar el pa\u00eds, despu\u00e9s de m\u00e1s de dos meses de protestas opositoras que llevaron a la dimisi\u00f3n del Gobierno. \u00abLos militares y funcionarios de las Fuerzas Armadas de Ucrania calificaron de inadmisible la toma por la fuerza [&hellip;]<\/p>\n","protected":false},"author":1,"featured_media":1132184,"comment_status":"closed","ping_status":"open","sticky":false,"template":"","format":"standard","meta":{"footnotes":""},"categories":[1],"tags":[],"class_list":["post-480990","post","type-post","status-publish","format-standard","has-post-thumbnail","hentry","category-actualidad"],"aioseo_notices":[],"aioseo_head":"\n\t\t<!-- All in One SEO Pro 5.0.1 - aioseo.com -->\n\t<meta name=\"description\" content=\"Kiev, 31 ene (EFE).- El Ej\u00e9rcito ucraniano ha instado al presidente V\u00edktor Yanuk\u00f3vich a adoptar medidas urgentes para estabilizar el pa\u00eds, despu\u00e9s de m\u00e1s de dos meses de protestas opositoras que llevaron a la dimisi\u00f3n del Gobierno. &quot;Los militares y funcionarios de las Fuerzas Armadas de Ucrania calificaron de inadmisible la toma por la fuerza\" \/>\n\t<meta name=\"robots\" content=\"max-image-preview:large\" \/>\n\t<meta name=\"author\" content=\"El Digital de Asturias\"\/>\n\t<meta name=\"google-site-verification\" content=\"UA-38556648-1\" \/>\n\t<meta name=\"msvalidate.01\" content=\"7dfe9f3f1b24437ab69f4f2559babe99\" \/>\n\t<meta name=\"keywords\" content=\"actualidad\" \/>\n\t<link rel=\"canonical\" href=\"https:\/\/www.eldigitaldeasturias.com\/noticias\/el-ejercito-ucraniano-pide-medidas-urgentes-para-estabilizar-el-pais\/\" \/>\n\t<meta name=\"generator\" content=\"All in One SEO Pro (AIOSEO) 5.0.1\" \/>\n\t\t<meta property=\"og:locale\" content=\"es_ES\" \/>\n\t\t<meta property=\"og:site_name\" content=\"El Digital de Asturias\" \/>\n\t\t<meta property=\"og:type\" content=\"article\" \/>\n\t\t<meta property=\"og:title\" content=\"El Ej\u00e9rcito ucraniano pide medidas urgentes para estabilizar el pa\u00eds - El Digital de Asturias\" \/>\n\t\t<meta property=\"og:description\" content=\"Kiev, 31 ene (EFE).- El Ej\u00e9rcito ucraniano ha instado al presidente V\u00edktor Yanuk\u00f3vich a adoptar medidas urgentes para estabilizar el pa\u00eds, despu\u00e9s de m\u00e1s de dos meses de protestas opositoras que llevaron a la dimisi\u00f3n del Gobierno. &quot;Los militares y funcionarios de las Fuerzas Armadas de Ucrania calificaron de inadmisible la toma por la fuerza\" \/>\n\t\t<meta property=\"og:url\" content=\"https:\/\/www.eldigitaldeasturias.com\/noticias\/el-ejercito-ucraniano-pide-medidas-urgentes-para-estabilizar-el-pais\/\" \/>\n\t\t<meta property=\"og:image\" content=\"https:\/\/www.eldigitaldeasturias.com\/noticias\/wp-content\/uploads\/2026\/06\/Contenidos.jpg\" \/>\n\t\t<meta property=\"og:image:secure_url\" content=\"https:\/\/www.eldigitaldeasturias.com\/noticias\/wp-content\/uploads\/2026\/06\/Contenidos.jpg\" \/>\n\t\t<meta property=\"og:image:width\" content=\"1265\" \/>\n\t\t<meta property=\"og:image:height\" content=\"697\" \/>\n\t\t<meta property=\"article:tag\" content=\"actualidad\" \/>\n\t\t<meta property=\"article:published_time\" content=\"2014-01-31T13:56:44+00:00\" \/>\n\t\t<meta property=\"article:modified_time\" content=\"2014-01-31T13:56:44+00:00\" \/>\n\t\t<meta property=\"article:publisher\" content=\"https:\/\/facebook.com\/eldigitaldeasturias\" \/>\n\t\t<meta name=\"twitter:card\" content=\"summary_large_image\" \/>\n\t\t<meta name=\"twitter:title\" content=\"El Ej\u00e9rcito ucraniano pide medidas urgentes para estabilizar el pa\u00eds - El Digital de Asturias\" \/>\n\t\t<meta name=\"twitter:description\" content=\"Kiev, 31 ene (EFE).- El Ej\u00e9rcito ucraniano ha instado al presidente V\u00edktor Yanuk\u00f3vich a adoptar medidas urgentes para estabilizar el pa\u00eds, despu\u00e9s de m\u00e1s de dos meses de protestas opositoras que llevaron a la dimisi\u00f3n del Gobierno. &quot;Los militares y funcionarios de las Fuerzas Armadas de Ucrania calificaron de inadmisible la toma por la fuerza\" \/>\n\t\t<meta name=\"twitter:image\" content=\"https:\/\/www.eldigitaldeasturias.com\/noticias\/wp-content\/uploads\/2026\/06\/Contenidos.jpg\" \/>\n\t\t<meta name=\"twitter:label1\" content=\"Escrito por\" \/>\n\t\t<meta name=\"twitter:data1\" content=\"El Digital de Asturias\" \/>\n\t\t<meta name=\"twitter:label2\" content=\"Tiempo de lectura estimado\" \/>\n\t\t<meta name=\"twitter:data2\" content=\"2 minutos\" \/>\n\t\t<script type=\"application\/ld+json\" class=\"aioseo-schema\">\n\t\t\t{\"@context\":\"https:\\\/\\\/schema.org\",\"@graph\":[{\"@type\":\"BlogPosting\",\"@id\":\"https:\\\/\\\/www.eldigitaldeasturias.com\\\/noticias\\\/el-ejercito-ucraniano-pide-medidas-urgentes-para-estabilizar-el-pais\\\/#blogposting\",\"name\":\"El Ej\\u00e9rcito ucraniano pide medidas urgentes para estabilizar el pa\\u00eds - El Digital de Asturias\",\"headline\":\"El Ej\\u00e9rcito ucraniano pide medidas urgentes para estabilizar el pa\\u00eds\",\"author\":{\"@id\":\"https:\\\/\\\/www.eldigitaldeasturias.com\\\/noticias\\\/author\\\/admin\\\/#author\"},\"publisher\":{\"@id\":\"https:\\\/\\\/www.eldigitaldeasturias.com\\\/noticias\\\/#organization\"},\"image\":{\"@type\":\"ImageObject\",\"url\":\"https:\\\/\\\/www.eldigitaldeasturias.com\\\/noticias\\\/wp-content\\\/uploads\\\/2026\\\/06\\\/Contenidos.jpg\",\"width\":1265,\"height\":697,\"caption\":\"Contenidos\"},\"datePublished\":\"2014-01-31T12:56:44+01:00\",\"dateModified\":\"2014-01-31T12:56:44+01:00\",\"inLanguage\":\"es-ES\",\"mainEntityOfPage\":{\"@id\":\"https:\\\/\\\/www.eldigitaldeasturias.com\\\/noticias\\\/el-ejercito-ucraniano-pide-medidas-urgentes-para-estabilizar-el-pais\\\/#webpage\"},\"isPartOf\":{\"@id\":\"https:\\\/\\\/www.eldigitaldeasturias.com\\\/noticias\\\/el-ejercito-ucraniano-pide-medidas-urgentes-para-estabilizar-el-pais\\\/#webpage\"},\"articleSection\":\"Actualidad\"},{\"@type\":\"BreadcrumbList\",\"@id\":\"https:\\\/\\\/www.eldigitaldeasturias.com\\\/noticias\\\/el-ejercito-ucraniano-pide-medidas-urgentes-para-estabilizar-el-pais\\\/#breadcrumblist\",\"itemListElement\":[{\"@type\":\"ListItem\",\"@id\":\"https:\\\/\\\/www.eldigitaldeasturias.com\\\/noticias#listItem\",\"position\":1,\"name\":\"Home\",\"item\":\"https:\\\/\\\/www.eldigitaldeasturias.com\\\/noticias\",\"nextItem\":{\"@type\":\"ListItem\",\"@id\":\"https:\\\/\\\/www.eldigitaldeasturias.com\\\/noticias\\\/category\\\/actualidad\\\/#listItem\",\"name\":\"Actualidad\"}},{\"@type\":\"ListItem\",\"@id\":\"https:\\\/\\\/www.eldigitaldeasturias.com\\\/noticias\\\/category\\\/actualidad\\\/#listItem\",\"position\":2,\"name\":\"Actualidad\",\"item\":\"https:\\\/\\\/www.eldigitaldeasturias.com\\\/noticias\\\/category\\\/actualidad\\\/\",\"nextItem\":{\"@type\":\"ListItem\",\"@id\":\"https:\\\/\\\/www.eldigitaldeasturias.com\\\/noticias\\\/el-ejercito-ucraniano-pide-medidas-urgentes-para-estabilizar-el-pais\\\/#listItem\",\"name\":\"El Ej\\u00e9rcito ucraniano pide medidas urgentes para estabilizar el pa\\u00eds\"},\"previousItem\":{\"@type\":\"ListItem\",\"@id\":\"https:\\\/\\\/www.eldigitaldeasturias.com\\\/noticias#listItem\",\"name\":\"Home\"}},{\"@type\":\"ListItem\",\"@id\":\"https:\\\/\\\/www.eldigitaldeasturias.com\\\/noticias\\\/el-ejercito-ucraniano-pide-medidas-urgentes-para-estabilizar-el-pais\\\/#listItem\",\"position\":3,\"name\":\"El Ej\\u00e9rcito ucraniano pide medidas urgentes para estabilizar el pa\\u00eds\",\"previousItem\":{\"@type\":\"ListItem\",\"@id\":\"https:\\\/\\\/www.eldigitaldeasturias.com\\\/noticias\\\/category\\\/actualidad\\\/#listItem\",\"name\":\"Actualidad\"}}]},{\"@type\":\"Organization\",\"@id\":\"https:\\\/\\\/www.eldigitaldeasturias.com\\\/noticias\\\/#organization\",\"name\":\"El Digital de Asturias\",\"description\":\"Hemeroteca\",\"url\":\"https:\\\/\\\/www.eldigitaldeasturias.com\\\/noticias\\\/\",\"email\":\"info@eldigitaldeasturias.com\",\"telephone\":\"+34652131393\",\"logo\":{\"@type\":\"ImageObject\",\"url\":\"https:\\\/\\\/www.eldigitaldeasturias.com\\\/noticias\\\/wp-content\\\/uploads\\\/2020\\\/12\\\/EDA.jpg\",\"@id\":\"https:\\\/\\\/www.eldigitaldeasturias.com\\\/noticias\\\/el-ejercito-ucraniano-pide-medidas-urgentes-para-estabilizar-el-pais\\\/#organizationLogo\"},\"image\":{\"@id\":\"https:\\\/\\\/www.eldigitaldeasturias.com\\\/noticias\\\/el-ejercito-ucraniano-pide-medidas-urgentes-para-estabilizar-el-pais\\\/#organizationLogo\"},\"sameAs\":[\"https:\\\/\\\/facebook.com\\\/eldigitaldeasturias\",\"https:\\\/\\\/www.youtube.com\\\/channel\\\/UCZP-2wLEB9Rv6erhFmqVnvg\"],\"address\":{\"@id\":\"https:\\\/\\\/www.eldigitaldeasturias.com\\\/noticias\\\/#postaladdress\",\"@type\":\"PostalAddress\",\"streetAddress\":\"san antonio 4\",\"postalCode\":\"33430\",\"addressLocality\":\"Cand\\u00e1s\",\"addressRegion\":\"Asturias\",\"addressCountry\":\"ES\"}},{\"@type\":\"Person\",\"@id\":\"https:\\\/\\\/www.eldigitaldeasturias.com\\\/noticias\\\/author\\\/admin\\\/#author\",\"url\":\"https:\\\/\\\/www.eldigitaldeasturias.com\\\/noticias\\\/author\\\/admin\\\/\",\"name\":\"El Digital de Asturias\",\"image\":{\"@type\":\"ImageObject\",\"@id\":\"https:\\\/\\\/www.eldigitaldeasturias.com\\\/noticias\\\/el-ejercito-ucraniano-pide-medidas-urgentes-para-estabilizar-el-pais\\\/#authorImage\",\"url\":\"https:\\\/\\\/secure.gravatar.com\\\/avatar\\\/df2aeffc32bcd13f8d26072ef8a91b623d677766deac7f97ca815868cd41bf5e?s=96&d=mm&r=g\",\"width\":96,\"height\":96,\"caption\":\"El Digital de Asturias\"}},{\"@type\":\"WebPage\",\"@id\":\"https:\\\/\\\/www.eldigitaldeasturias.com\\\/noticias\\\/el-ejercito-ucraniano-pide-medidas-urgentes-para-estabilizar-el-pais\\\/#webpage\",\"url\":\"https:\\\/\\\/www.eldigitaldeasturias.com\\\/noticias\\\/el-ejercito-ucraniano-pide-medidas-urgentes-para-estabilizar-el-pais\\\/\",\"name\":\"El Ej\\u00e9rcito ucraniano pide medidas urgentes para estabilizar el pa\\u00eds - El Digital de Asturias\",\"description\":\"Kiev, 31 ene (EFE).- El Ej\\u00e9rcito ucraniano ha instado al presidente V\\u00edktor Yanuk\\u00f3vich a adoptar medidas urgentes para estabilizar el pa\\u00eds, despu\\u00e9s de m\\u00e1s de dos meses de protestas opositoras que llevaron a la dimisi\\u00f3n del Gobierno. \\\"Los militares y funcionarios de las Fuerzas Armadas de Ucrania calificaron de inadmisible la toma por la fuerza\",\"inLanguage\":\"es-ES\",\"isPartOf\":{\"@id\":\"https:\\\/\\\/www.eldigitaldeasturias.com\\\/noticias\\\/#website\"},\"breadcrumb\":{\"@id\":\"https:\\\/\\\/www.eldigitaldeasturias.com\\\/noticias\\\/el-ejercito-ucraniano-pide-medidas-urgentes-para-estabilizar-el-pais\\\/#breadcrumblist\"},\"author\":{\"@id\":\"https:\\\/\\\/www.eldigitaldeasturias.com\\\/noticias\\\/author\\\/admin\\\/#author\"},\"creator\":{\"@id\":\"https:\\\/\\\/www.eldigitaldeasturias.com\\\/noticias\\\/author\\\/admin\\\/#author\"},\"image\":{\"@type\":\"ImageObject\",\"url\":\"https:\\\/\\\/www.eldigitaldeasturias.com\\\/noticias\\\/wp-content\\\/uploads\\\/2026\\\/06\\\/Contenidos.jpg\",\"@id\":\"https:\\\/\\\/www.eldigitaldeasturias.com\\\/noticias\\\/el-ejercito-ucraniano-pide-medidas-urgentes-para-estabilizar-el-pais\\\/#mainImage\",\"width\":1265,\"height\":697,\"caption\":\"Contenidos\"},\"primaryImageOfPage\":{\"@id\":\"https:\\\/\\\/www.eldigitaldeasturias.com\\\/noticias\\\/el-ejercito-ucraniano-pide-medidas-urgentes-para-estabilizar-el-pais\\\/#mainImage\"},\"datePublished\":\"2014-01-31T12:56:44+01:00\",\"dateModified\":\"2014-01-31T12:56:44+01:00\"},{\"@type\":\"WebSite\",\"@id\":\"https:\\\/\\\/www.eldigitaldeasturias.com\\\/noticias\\\/#website\",\"url\":\"https:\\\/\\\/www.eldigitaldeasturias.com\\\/noticias\\\/\",\"name\":\"El Digital de Asturias - Diario de actualidad y noticias\",\"alternateName\":\"El Digital de Asturias - Diario de actualidad y noticias\",\"description\":\"Hemeroteca\",\"inLanguage\":\"es-ES\",\"publisher\":{\"@id\":\"https:\\\/\\\/www.eldigitaldeasturias.com\\\/noticias\\\/#organization\"}}]}\n\t\t<\/script>\n\t\t<!-- All in One SEO Pro -->\r\n\t\t<title>El Ej\u00e9rcito ucraniano pide medidas urgentes para estabilizar el pa\u00eds - El Digital de Asturias<\/title>\n\n","aioseo_head_json":{"title":"El Ej\u00e9rcito ucraniano pide medidas urgentes para estabilizar el pa\u00eds - El Digital de Asturias","description":"Kiev, 31 ene (EFE).- El Ej\u00e9rcito ucraniano ha instado al presidente V\u00edktor Yanuk\u00f3vich a adoptar medidas urgentes para estabilizar el pa\u00eds, despu\u00e9s de m\u00e1s de dos meses de protestas opositoras que llevaron a la dimisi\u00f3n del Gobierno. \"Los militares y funcionarios de las Fuerzas Armadas de Ucrania calificaron de inadmisible la toma por la fuerza","canonical_url":"https:\/\/www.eldigitaldeasturias.com\/noticias\/el-ejercito-ucraniano-pide-medidas-urgentes-para-estabilizar-el-pais\/","robots":"max-image-preview:large","keywords":"actualidad","webmasterTools":{"google-site-verification":"UA-38556648-1","msvalidate.01":"7dfe9f3f1b24437ab69f4f2559babe99","miscellaneous":""},"schema":{"@context":"https:\/\/schema.org","@graph":[{"@type":"BlogPosting","@id":"https:\/\/www.eldigitaldeasturias.com\/noticias\/el-ejercito-ucraniano-pide-medidas-urgentes-para-estabilizar-el-pais\/#blogposting","name":"El Ej\u00e9rcito ucraniano pide medidas urgentes para estabilizar el pa\u00eds - El Digital de Asturias","headline":"El Ej\u00e9rcito ucraniano pide medidas urgentes para estabilizar el pa\u00eds","author":{"@id":"https:\/\/www.eldigitaldeasturias.com\/noticias\/author\/admin\/#author"},"publisher":{"@id":"https:\/\/www.eldigitaldeasturias.com\/noticias\/#organization"},"image":{"@type":"ImageObject","url":"https:\/\/www.eldigitaldeasturias.com\/noticias\/wp-content\/uploads\/2026\/06\/Contenidos.jpg","width":1265,"height":697,"caption":"Contenidos"},"datePublished":"2014-01-31T12:56:44+01:00","dateModified":"2014-01-31T12:56:44+01:00","inLanguage":"es-ES","mainEntityOfPage":{"@id":"https:\/\/www.eldigitaldeasturias.com\/noticias\/el-ejercito-ucraniano-pide-medidas-urgentes-para-estabilizar-el-pais\/#webpage"},"isPartOf":{"@id":"https:\/\/www.eldigitaldeasturias.com\/noticias\/el-ejercito-ucraniano-pide-medidas-urgentes-para-estabilizar-el-pais\/#webpage"},"articleSection":"Actualidad"},{"@type":"BreadcrumbList","@id":"https:\/\/www.eldigitaldeasturias.com\/noticias\/el-ejercito-ucraniano-pide-medidas-urgentes-para-estabilizar-el-pais\/#breadcrumblist","itemListElement":[{"@type":"ListItem","@id":"https:\/\/www.eldigitaldeasturias.com\/noticias#listItem","position":1,"name":"Home","item":"https:\/\/www.eldigitaldeasturias.com\/noticias","nextItem":{"@type":"ListItem","@id":"https:\/\/www.eldigitaldeasturias.com\/noticias\/category\/actualidad\/#listItem","name":"Actualidad"}},{"@type":"ListItem","@id":"https:\/\/www.eldigitaldeasturias.com\/noticias\/category\/actualidad\/#listItem","position":2,"name":"Actualidad","item":"https:\/\/www.eldigitaldeasturias.com\/noticias\/category\/actualidad\/","nextItem":{"@type":"ListItem","@id":"https:\/\/www.eldigitaldeasturias.com\/noticias\/el-ejercito-ucraniano-pide-medidas-urgentes-para-estabilizar-el-pais\/#listItem","name":"El Ej\u00e9rcito ucraniano pide medidas urgentes para estabilizar el pa\u00eds"},"previousItem":{"@type":"ListItem","@id":"https:\/\/www.eldigitaldeasturias.com\/noticias#listItem","name":"Home"}},{"@type":"ListItem","@id":"https:\/\/www.eldigitaldeasturias.com\/noticias\/el-ejercito-ucraniano-pide-medidas-urgentes-para-estabilizar-el-pais\/#listItem","position":3,"name":"El Ej\u00e9rcito ucraniano pide medidas urgentes para estabilizar el pa\u00eds","previousItem":{"@type":"ListItem","@id":"https:\/\/www.eldigitaldeasturias.com\/noticias\/category\/actualidad\/#listItem","name":"Actualidad"}}]},{"@type":"Organization","@id":"https:\/\/www.eldigitaldeasturias.com\/noticias\/#organization","name":"El Digital de Asturias","description":"Hemeroteca","url":"https:\/\/www.eldigitaldeasturias.com\/noticias\/","email":"info@eldigitaldeasturias.com","telephone":"+34652131393","logo":{"@type":"ImageObject","url":"https:\/\/www.eldigitaldeasturias.com\/noticias\/wp-content\/uploads\/2020\/12\/EDA.jpg","@id":"https:\/\/www.eldigitaldeasturias.com\/noticias\/el-ejercito-ucraniano-pide-medidas-urgentes-para-estabilizar-el-pais\/#organizationLogo"},"image":{"@id":"https:\/\/www.eldigitaldeasturias.com\/noticias\/el-ejercito-ucraniano-pide-medidas-urgentes-para-estabilizar-el-pais\/#organizationLogo"},"sameAs":["https:\/\/facebook.com\/eldigitaldeasturias","https:\/\/www.youtube.com\/channel\/UCZP-2wLEB9Rv6erhFmqVnvg"],"address":{"@id":"https:\/\/www.eldigitaldeasturias.com\/noticias\/#postaladdress","@type":"PostalAddress","streetAddress":"san antonio 4","postalCode":"33430","addressLocality":"Cand\u00e1s","addressRegion":"Asturias","addressCountry":"ES"}},{"@type":"Person","@id":"https:\/\/www.eldigitaldeasturias.com\/noticias\/author\/admin\/#author","url":"https:\/\/www.eldigitaldeasturias.com\/noticias\/author\/admin\/","name":"El Digital de Asturias","image":{"@type":"ImageObject","@id":"https:\/\/www.eldigitaldeasturias.com\/noticias\/el-ejercito-ucraniano-pide-medidas-urgentes-para-estabilizar-el-pais\/#authorImage","url":"https:\/\/secure.gravatar.com\/avatar\/df2aeffc32bcd13f8d26072ef8a91b623d677766deac7f97ca815868cd41bf5e?s=96&d=mm&r=g","width":96,"height":96,"caption":"El Digital de Asturias"}},{"@type":"WebPage","@id":"https:\/\/www.eldigitaldeasturias.com\/noticias\/el-ejercito-ucraniano-pide-medidas-urgentes-para-estabilizar-el-pais\/#webpage","url":"https:\/\/www.eldigitaldeasturias.com\/noticias\/el-ejercito-ucraniano-pide-medidas-urgentes-para-estabilizar-el-pais\/","name":"El Ej\u00e9rcito ucraniano pide medidas urgentes para estabilizar el pa\u00eds - El Digital de Asturias","description":"Kiev, 31 ene (EFE).- El Ej\u00e9rcito ucraniano ha instado al presidente V\u00edktor Yanuk\u00f3vich a adoptar medidas urgentes para estabilizar el pa\u00eds, despu\u00e9s de m\u00e1s de dos meses de protestas opositoras que llevaron a la dimisi\u00f3n del Gobierno. \"Los militares y funcionarios de las Fuerzas Armadas de Ucrania calificaron de inadmisible la toma por la fuerza","inLanguage":"es-ES","isPartOf":{"@id":"https:\/\/www.eldigitaldeasturias.com\/noticias\/#website"},"breadcrumb":{"@id":"https:\/\/www.eldigitaldeasturias.com\/noticias\/el-ejercito-ucraniano-pide-medidas-urgentes-para-estabilizar-el-pais\/#breadcrumblist"},"author":{"@id":"https:\/\/www.eldigitaldeasturias.com\/noticias\/author\/admin\/#author"},"creator":{"@id":"https:\/\/www.eldigitaldeasturias.com\/noticias\/author\/admin\/#author"},"image":{"@type":"ImageObject","url":"https:\/\/www.eldigitaldeasturias.com\/noticias\/wp-content\/uploads\/2026\/06\/Contenidos.jpg","@id":"https:\/\/www.eldigitaldeasturias.com\/noticias\/el-ejercito-ucraniano-pide-medidas-urgentes-para-estabilizar-el-pais\/#mainImage","width":1265,"height":697,"caption":"Contenidos"},"primaryImageOfPage":{"@id":"https:\/\/www.eldigitaldeasturias.com\/noticias\/el-ejercito-ucraniano-pide-medidas-urgentes-para-estabilizar-el-pais\/#mainImage"},"datePublished":"2014-01-31T12:56:44+01:00","dateModified":"2014-01-31T12:56:44+01:00"},{"@type":"WebSite","@id":"https:\/\/www.eldigitaldeasturias.com\/noticias\/#website","url":"https:\/\/www.eldigitaldeasturias.com\/noticias\/","name":"El Digital de Asturias - Diario de actualidad y noticias","alternateName":"El Digital de Asturias - Diario de actualidad y noticias","description":"Hemeroteca","inLanguage":"es-ES","publisher":{"@id":"https:\/\/www.eldigitaldeasturias.com\/noticias\/#organization"}}]},"og:locale":"es_ES","og:site_name":"El Digital de Asturias","og:type":"article","og:title":"El Ej\u00e9rcito ucraniano pide medidas urgentes para estabilizar el pa\u00eds - El Digital de Asturias","og:description":"Kiev, 31 ene (EFE).- El Ej\u00e9rcito ucraniano ha instado al presidente V\u00edktor Yanuk\u00f3vich a adoptar medidas urgentes para estabilizar el pa\u00eds, despu\u00e9s de m\u00e1s de dos meses de protestas opositoras que llevaron a la dimisi\u00f3n del Gobierno. &quot;Los militares y funcionarios de las Fuerzas Armadas de Ucrania calificaron de inadmisible la toma por la fuerza","og:url":"https:\/\/www.eldigitaldeasturias.com\/noticias\/el-ejercito-ucraniano-pide-medidas-urgentes-para-estabilizar-el-pais\/","og:image":"https:\/\/www.eldigitaldeasturias.com\/noticias\/wp-content\/uploads\/2026\/06\/Contenidos.jpg","og:image:secure_url":"https:\/\/www.eldigitaldeasturias.com\/noticias\/wp-content\/uploads\/2026\/06\/Contenidos.jpg","og:image:width":1265,"og:image:height":697,"article:tag":["actualidad"],"article:published_time":"2014-01-31T13:56:44+00:00","article:modified_time":"2014-01-31T13:56:44+00:00","article:publisher":"https:\/\/facebook.com\/eldigitaldeasturias","twitter:card":"summary_large_image","twitter:title":"El Ej\u00e9rcito ucraniano pide medidas urgentes para estabilizar el pa\u00eds - El Digital de Asturias","twitter:description":"Kiev, 31 ene (EFE).- El Ej\u00e9rcito ucraniano ha instado al presidente V\u00edktor Yanuk\u00f3vich a adoptar medidas urgentes para estabilizar el pa\u00eds, despu\u00e9s de m\u00e1s de dos meses de protestas opositoras que llevaron a la dimisi\u00f3n del Gobierno. &quot;Los militares y funcionarios de las Fuerzas Armadas de Ucrania calificaron de inadmisible la toma por la fuerza","twitter:image":"https:\/\/www.eldigitaldeasturias.com\/noticias\/wp-content\/uploads\/2026\/06\/Contenidos.jpg","twitter:label1":"Escrito por","twitter:data1":"El Digital de Asturias","twitter:label2":"Tiempo de lectura estimado","twitter:data2":"2 minutos"},"aioseo_meta_data":{"post_id":"480990","title":null,"description":null,"keywords":null,"keyphrases":null,"primary_term":null,"canonical_url":null,"og_title":null,"og_description":null,"og_object_type":"default","og_image_type":"default","og_image_url":null,"og_image_width":null,"og_image_height":null,"og_image_custom_url":null,"og_image_custom_fields":null,"og_video":null,"og_custom_url":null,"og_article_section":null,"og_article_tags":null,"twitter_use_og":true,"twitter_card":"default","twitter_image_type":"default","twitter_image_url":null,"twitter_image_custom_url":null,"twitter_image_custom_fields":null,"twitter_title":null,"twitter_description":null,"schema":{"blockGraphs":[],"customGraphs":[],"default":{"data":{"Article":[],"Course":[],"Dataset":[],"FAQPage":[],"Movie":[],"Person":[],"Product":[],"ProductReview":[],"Car":[],"Recipe":[],"Service":[],"SoftwareApplication":[],"WebPage":[]},"graphName":"","isEnabled":true},"graphs":[],"defaultGraph":"","defaultPostTypeGraph":""},"schema_type":null,"schema_type_options":null,"pillar_content":false,"robots_default":true,"robots_noindex":false,"robots_noarchive":false,"robots_nosnippet":false,"robots_nofollow":false,"robots_noimageindex":false,"robots_noodp":false,"robots_notranslate":false,"robots_max_snippet":null,"robots_max_videopreview":null,"robots_max_imagepreview":"none","priority":null,"frequency":null,"local_seo":null,"seo_analyzer_scan_date":"2026-06-02 05:25:57","breadcrumb_settings":null,"limit_modified_date":false,"open_ai":null,"ai":null,"created":"2020-11-14 22:54:16","updated":"2026-06-02 05:25:57","focus_keyword":null,"additional_keywords":null,"truseo_locale":null},"aioseo_breadcrumb":"<div class=\"aioseo-breadcrumbs\"><span class=\"aioseo-breadcrumb\">\n\t<a href=\"https:\/\/www.eldigitaldeasturias.com\/noticias\" title=\"Home\">Home<\/a>\n<\/span><span class=\"aioseo-breadcrumb-separator\">\u2013<\/span><span class=\"aioseo-breadcrumb\">\n\t<a href=\"https:\/\/www.eldigitaldeasturias.com\/noticias\/category\/actualidad\/\" title=\"Actualidad\">Actualidad<\/a>\n<\/span><span class=\"aioseo-breadcrumb-separator\">\u2013<\/span><span class=\"aioseo-breadcrumb\">\n\t<a href=\"https:\/\/www.eldigitaldeasturias.com\/noticias\/el-ejercito-ucraniano-pide-medidas-urgentes-para-estabilizar-el-pais\/\" title=\"El Ej\u00e9rcito ucraniano pide medidas urgentes para estabilizar el pa\u00eds\">El Ej\u00e9rcito ucraniano pide medidas urgentes para estabilizar el pa\u00eds<\/a>\n<\/span><\/div>","aioseo_breadcrumb_json":[{"label":"Home","link":"https:\/\/www.eldigitaldeasturias.com\/noticias"},{"label":"Actualidad","link":"https:\/\/www.eldigitaldeasturias.com\/noticias\/category\/actualidad\/"},{"label":"El Ej\u00e9rcito ucraniano pide medidas urgentes para estabilizar el pa\u00eds","link":"https:\/\/www.eldigitaldeasturias.com\/noticias\/el-ejercito-ucraniano-pide-medidas-urgentes-para-estabilizar-el-pais\/"}],"_links":{"self":[{"href":"https:\/\/www.eldigitaldeasturias.com\/noticias\/wp-json\/wp\/v2\/posts\/480990","targetHints":{"allow":["GET"]}}],"collection":[{"href":"https:\/\/www.eldigitaldeasturias.com\/noticias\/wp-json\/wp\/v2\/posts"}],"about":[{"href":"https:\/\/www.eldigitaldeasturias.com\/noticias\/wp-json\/wp\/v2\/types\/post"}],"author":[{"embeddable":true,"href":"https:\/\/www.eldigitaldeasturias.com\/noticias\/wp-json\/wp\/v2\/users\/1"}],"replies":[{"embeddable":true,"href":"https:\/\/www.eldigitaldeasturias.com\/noticias\/wp-json\/wp\/v2\/comments?post=480990"}],"version-history":[{"count":0,"href":"https:\/\/www.eldigitaldeasturias.com\/noticias\/wp-json\/wp\/v2\/posts\/480990\/revisions"}],"wp:featuredmedia":[{"embeddable":true,"href":"https:\/\/www.eldigitaldeasturias.com\/noticias\/wp-json\/wp\/v2\/media\/1132184"}],"wp:attachment":[{"href":"https:\/\/www.eldigitaldeasturias.com\/noticias\/wp-json\/wp\/v2\/media?parent=480990"}],"wp:term":[{"taxonomy":"category","embeddable":true,"href":"https:\/\/www.eldigitaldeasturias.com\/noticias\/wp-json\/wp\/v2\/categories?post=480990"},{"taxonomy":"post_tag","embeddable":true,"href":"https:\/\/www.eldigitaldeasturias.com\/noticias\/wp-json\/wp\/v2\/tags?post=480990"}],"curies":[{"name":"wp","href":"https:\/\/api.w.org\/{rel}","templated":true}]}}