{"id":480986,"date":"2014-01-31T12:54:14","date_gmt":"2014-01-31T13:54:14","guid":{"rendered":"http:\/\/www.eldigitaldeasturias.com\/noticias\/?p=480986"},"modified":"2014-01-31T12:54:56","modified_gmt":"2014-01-31T13:54:56","slug":"fallece-el-exciclista-olimpico-conquense-jaime-huelamo","status":"publish","type":"post","link":"https:\/\/www.eldigitaldeasturias.com\/noticias\/fallece-el-exciclista-olimpico-conquense-jaime-huelamo\/","title":{"rendered":"Fallece el exciclista ol\u00edmpico conquense Jaime Hu\u00e9lamo"},"content":{"rendered":"<p><img loading=\"lazy\" decoding=\"async\" class=\"alignleft size-medium wp-image-480987\" alt=\"5894904w\" src=\"https:\/\/www.eldigitaldeasturias.com\/noticias\/wp-content\/uploads\/2014\/01\/5894904w-212x320.jpg\" width=\"212\" height=\"320\" \/>Cuenca, 31 ene (EFE). jaime Hu\u00e9lamo, exciclista ol\u00edmpico conquense, ha fallecido hoy en su tierra natal v\u00edctima de un c\u00e1ncer a los 65 a\u00f1os, seg\u00fan han informado a Efe fuentes familiares.<\/p>\n<p>La capilla ardiente se ha instalado en un tanatorio de la capital conquense, estando previsto el entierro-funeral esta tarde a las 16.30 horas en La Melgosa, el barrio conquense donde naci\u00f3.<\/p>\n<p>Hu\u00e9lamo tuvo su protagonismo en los Juegos de M\u00fanich&#8217;72 al conseguir la medalla de bronce en la prueba de ruta, una medalla de la que posteriormente ser\u00eda despose\u00eddo por dopaje.<\/p>\n<p>Jaime Hu\u00e9lamo naci\u00f3 en La Melgosa (Cuenca) en noviembre de 1948. Se form\u00f3 como corredor en San Juan Desp\u00ed (Barcelona) a donde su familia hab\u00eda emigrado.<\/p>\n<p>Siendo aficionado, su logro m\u00e1s importante fue esa medalla de bronce de M\u00fanich, que se le retir\u00f3 al hallarle niquetamida (nombre comercial coralina), una sustancia que no estaba prohibida por la UCI, pero s\u00ed por el COI.<\/p>\n<p>Retirado del ciclismo, Jaime Hu\u00e9lamo volvi\u00f3 a Cuenca donde inici\u00f3 varios proyectos empresariales hasta la edad de su jubilaci\u00f3n.<\/p>\n<p>El pasado domingo 19 de enero, el Ayuntamiento de Cuenca le rindi\u00f3 homenaje poni\u00e9ndole su nombre a una plaza de La Melgosa, donde resid\u00eda.<\/p>\n<p>Jaime Hu\u00e9lamo se mostr\u00f3 emocionado, aunque evidenci\u00f3 los claros s\u00edntomas de una grave enfermedad que al final ha sido la que le ha provocado el fallecimiento en la madrugada de hoy en el Hospital Virgen de la Luz de la capital conquense, horas despu\u00e9s de haber ingresado por una insuficiencia respiratoria.<\/p>\n","protected":false},"excerpt":{"rendered":"<p>Cuenca, 31 ene (EFE). jaime Hu\u00e9lamo, exciclista ol\u00edmpico conquense, ha fallecido hoy en su tierra natal v\u00edctima de un c\u00e1ncer a los 65 a\u00f1os, seg\u00fan han informado a Efe fuentes familiares. La capilla ardiente se ha instalado en un tanatorio de la capital conquense, estando previsto el entierro-funeral esta tarde a las 16.30 horas en [&hellip;]<\/p>\n","protected":false},"author":1,"featured_media":1132184,"comment_status":"closed","ping_status":"open","sticky":false,"template":"","format":"standard","meta":{"footnotes":""},"categories":[1],"tags":[],"class_list":["post-480986","post","type-post","status-publish","format-standard","has-post-thumbnail","hentry","category-actualidad"],"aioseo_notices":[],"aioseo_head":"\n\t\t<!-- All in One SEO Pro 5.0.1 - aioseo.com -->\n\t<meta name=\"description\" content=\"Cuenca, 31 ene (EFE). jaime Hu\u00e9lamo, exciclista ol\u00edmpico conquense, ha fallecido hoy en su tierra natal v\u00edctima de un c\u00e1ncer a los 65 a\u00f1os, seg\u00fan han informado a Efe fuentes familiares. La capilla ardiente se ha instalado en un tanatorio de la capital conquense, estando previsto el entierro-funeral esta tarde a las 16.30 horas en\" \/>\n\t<meta name=\"robots\" content=\"max-image-preview:large\" \/>\n\t<meta name=\"author\" content=\"El Digital de Asturias\"\/>\n\t<meta name=\"google-site-verification\" content=\"UA-38556648-1\" \/>\n\t<meta name=\"msvalidate.01\" content=\"7dfe9f3f1b24437ab69f4f2559babe99\" \/>\n\t<meta name=\"keywords\" content=\"actualidad\" \/>\n\t<link rel=\"canonical\" href=\"https:\/\/www.eldigitaldeasturias.com\/noticias\/fallece-el-exciclista-olimpico-conquense-jaime-huelamo\/\" \/>\n\t<meta name=\"generator\" content=\"All in One SEO Pro (AIOSEO) 5.0.1\" \/>\n\t\t<meta property=\"og:locale\" content=\"es_ES\" \/>\n\t\t<meta property=\"og:site_name\" content=\"El Digital de Asturias\" \/>\n\t\t<meta property=\"og:type\" content=\"article\" \/>\n\t\t<meta property=\"og:title\" content=\"Fallece el exciclista ol\u00edmpico conquense Jaime Hu\u00e9lamo - El Digital de Asturias\" \/>\n\t\t<meta property=\"og:description\" content=\"Cuenca, 31 ene (EFE). jaime Hu\u00e9lamo, exciclista ol\u00edmpico conquense, ha fallecido hoy en su tierra natal v\u00edctima de un c\u00e1ncer a los 65 a\u00f1os, seg\u00fan han informado a Efe fuentes familiares. La capilla ardiente se ha instalado en un tanatorio de la capital conquense, estando previsto el entierro-funeral esta tarde a las 16.30 horas en\" \/>\n\t\t<meta property=\"og:url\" content=\"https:\/\/www.eldigitaldeasturias.com\/noticias\/fallece-el-exciclista-olimpico-conquense-jaime-huelamo\/\" \/>\n\t\t<meta property=\"og:image\" content=\"https:\/\/www.eldigitaldeasturias.com\/noticias\/wp-content\/uploads\/2026\/06\/Contenidos.jpg\" \/>\n\t\t<meta property=\"og:image:secure_url\" content=\"https:\/\/www.eldigitaldeasturias.com\/noticias\/wp-content\/uploads\/2026\/06\/Contenidos.jpg\" \/>\n\t\t<meta property=\"og:image:width\" content=\"1265\" \/>\n\t\t<meta property=\"og:image:height\" content=\"697\" \/>\n\t\t<meta property=\"article:tag\" content=\"actualidad\" \/>\n\t\t<meta property=\"article:published_time\" content=\"2014-01-31T13:54:14+00:00\" \/>\n\t\t<meta property=\"article:modified_time\" content=\"2014-01-31T13:54:56+00:00\" \/>\n\t\t<meta property=\"article:publisher\" content=\"https:\/\/facebook.com\/eldigitaldeasturias\" \/>\n\t\t<meta name=\"twitter:card\" content=\"summary_large_image\" \/>\n\t\t<meta name=\"twitter:title\" content=\"Fallece el exciclista ol\u00edmpico conquense Jaime Hu\u00e9lamo - El Digital de Asturias\" \/>\n\t\t<meta name=\"twitter:description\" content=\"Cuenca, 31 ene (EFE). jaime Hu\u00e9lamo, exciclista ol\u00edmpico conquense, ha fallecido hoy en su tierra natal v\u00edctima de un c\u00e1ncer a los 65 a\u00f1os, seg\u00fan han informado a Efe fuentes familiares. La capilla ardiente se ha instalado en un tanatorio de la capital conquense, estando previsto el entierro-funeral esta tarde a las 16.30 horas en\" \/>\n\t\t<meta name=\"twitter:image\" content=\"https:\/\/www.eldigitaldeasturias.com\/noticias\/wp-content\/uploads\/2026\/06\/Contenidos.jpg\" \/>\n\t\t<meta name=\"twitter:label1\" content=\"Escrito por\" \/>\n\t\t<meta name=\"twitter:data1\" content=\"El Digital de Asturias\" \/>\n\t\t<meta name=\"twitter:label2\" content=\"Tiempo de lectura estimado\" \/>\n\t\t<meta name=\"twitter:data2\" content=\"1 minuto\" \/>\n\t\t<script type=\"application\/ld+json\" class=\"aioseo-schema\">\n\t\t\t{\"@context\":\"https:\\\/\\\/schema.org\",\"@graph\":[{\"@type\":\"BlogPosting\",\"@id\":\"https:\\\/\\\/www.eldigitaldeasturias.com\\\/noticias\\\/fallece-el-exciclista-olimpico-conquense-jaime-huelamo\\\/#blogposting\",\"name\":\"Fallece el exciclista ol\\u00edmpico conquense Jaime Hu\\u00e9lamo - El Digital de Asturias\",\"headline\":\"Fallece el exciclista ol\\u00edmpico conquense Jaime Hu\\u00e9lamo\",\"author\":{\"@id\":\"https:\\\/\\\/www.eldigitaldeasturias.com\\\/noticias\\\/author\\\/admin\\\/#author\"},\"publisher\":{\"@id\":\"https:\\\/\\\/www.eldigitaldeasturias.com\\\/noticias\\\/#organization\"},\"image\":{\"@type\":\"ImageObject\",\"url\":\"https:\\\/\\\/www.eldigitaldeasturias.com\\\/noticias\\\/wp-content\\\/uploads\\\/2026\\\/06\\\/Contenidos.jpg\",\"width\":1265,\"height\":697,\"caption\":\"Contenidos\"},\"datePublished\":\"2014-01-31T12:54:14+01:00\",\"dateModified\":\"2014-01-31T12:54:56+01:00\",\"inLanguage\":\"es-ES\",\"mainEntityOfPage\":{\"@id\":\"https:\\\/\\\/www.eldigitaldeasturias.com\\\/noticias\\\/fallece-el-exciclista-olimpico-conquense-jaime-huelamo\\\/#webpage\"},\"isPartOf\":{\"@id\":\"https:\\\/\\\/www.eldigitaldeasturias.com\\\/noticias\\\/fallece-el-exciclista-olimpico-conquense-jaime-huelamo\\\/#webpage\"},\"articleSection\":\"Actualidad\"},{\"@type\":\"BreadcrumbList\",\"@id\":\"https:\\\/\\\/www.eldigitaldeasturias.com\\\/noticias\\\/fallece-el-exciclista-olimpico-conquense-jaime-huelamo\\\/#breadcrumblist\",\"itemListElement\":[{\"@type\":\"ListItem\",\"@id\":\"https:\\\/\\\/www.eldigitaldeasturias.com\\\/noticias#listItem\",\"position\":1,\"name\":\"Home\",\"item\":\"https:\\\/\\\/www.eldigitaldeasturias.com\\\/noticias\",\"nextItem\":{\"@type\":\"ListItem\",\"@id\":\"https:\\\/\\\/www.eldigitaldeasturias.com\\\/noticias\\\/category\\\/actualidad\\\/#listItem\",\"name\":\"Actualidad\"}},{\"@type\":\"ListItem\",\"@id\":\"https:\\\/\\\/www.eldigitaldeasturias.com\\\/noticias\\\/category\\\/actualidad\\\/#listItem\",\"position\":2,\"name\":\"Actualidad\",\"item\":\"https:\\\/\\\/www.eldigitaldeasturias.com\\\/noticias\\\/category\\\/actualidad\\\/\",\"nextItem\":{\"@type\":\"ListItem\",\"@id\":\"https:\\\/\\\/www.eldigitaldeasturias.com\\\/noticias\\\/fallece-el-exciclista-olimpico-conquense-jaime-huelamo\\\/#listItem\",\"name\":\"Fallece el exciclista ol\\u00edmpico conquense Jaime Hu\\u00e9lamo\"},\"previousItem\":{\"@type\":\"ListItem\",\"@id\":\"https:\\\/\\\/www.eldigitaldeasturias.com\\\/noticias#listItem\",\"name\":\"Home\"}},{\"@type\":\"ListItem\",\"@id\":\"https:\\\/\\\/www.eldigitaldeasturias.com\\\/noticias\\\/fallece-el-exciclista-olimpico-conquense-jaime-huelamo\\\/#listItem\",\"position\":3,\"name\":\"Fallece el exciclista ol\\u00edmpico conquense Jaime Hu\\u00e9lamo\",\"previousItem\":{\"@type\":\"ListItem\",\"@id\":\"https:\\\/\\\/www.eldigitaldeasturias.com\\\/noticias\\\/category\\\/actualidad\\\/#listItem\",\"name\":\"Actualidad\"}}]},{\"@type\":\"Organization\",\"@id\":\"https:\\\/\\\/www.eldigitaldeasturias.com\\\/noticias\\\/#organization\",\"name\":\"El Digital de Asturias\",\"description\":\"Hemeroteca\",\"url\":\"https:\\\/\\\/www.eldigitaldeasturias.com\\\/noticias\\\/\",\"email\":\"info@eldigitaldeasturias.com\",\"telephone\":\"+34652131393\",\"logo\":{\"@type\":\"ImageObject\",\"url\":\"https:\\\/\\\/www.eldigitaldeasturias.com\\\/noticias\\\/wp-content\\\/uploads\\\/2020\\\/12\\\/EDA.jpg\",\"@id\":\"https:\\\/\\\/www.eldigitaldeasturias.com\\\/noticias\\\/fallece-el-exciclista-olimpico-conquense-jaime-huelamo\\\/#organizationLogo\"},\"image\":{\"@id\":\"https:\\\/\\\/www.eldigitaldeasturias.com\\\/noticias\\\/fallece-el-exciclista-olimpico-conquense-jaime-huelamo\\\/#organizationLogo\"},\"sameAs\":[\"https:\\\/\\\/facebook.com\\\/eldigitaldeasturias\",\"https:\\\/\\\/www.youtube.com\\\/channel\\\/UCZP-2wLEB9Rv6erhFmqVnvg\"],\"address\":{\"@id\":\"https:\\\/\\\/www.eldigitaldeasturias.com\\\/noticias\\\/#postaladdress\",\"@type\":\"PostalAddress\",\"streetAddress\":\"san antonio 4\",\"postalCode\":\"33430\",\"addressLocality\":\"Cand\\u00e1s\",\"addressRegion\":\"Asturias\",\"addressCountry\":\"ES\"}},{\"@type\":\"Person\",\"@id\":\"https:\\\/\\\/www.eldigitaldeasturias.com\\\/noticias\\\/author\\\/admin\\\/#author\",\"url\":\"https:\\\/\\\/www.eldigitaldeasturias.com\\\/noticias\\\/author\\\/admin\\\/\",\"name\":\"El Digital de Asturias\",\"image\":{\"@type\":\"ImageObject\",\"@id\":\"https:\\\/\\\/www.eldigitaldeasturias.com\\\/noticias\\\/fallece-el-exciclista-olimpico-conquense-jaime-huelamo\\\/#authorImage\",\"url\":\"https:\\\/\\\/secure.gravatar.com\\\/avatar\\\/df2aeffc32bcd13f8d26072ef8a91b623d677766deac7f97ca815868cd41bf5e?s=96&d=mm&r=g\",\"width\":96,\"height\":96,\"caption\":\"El Digital de Asturias\"}},{\"@type\":\"WebPage\",\"@id\":\"https:\\\/\\\/www.eldigitaldeasturias.com\\\/noticias\\\/fallece-el-exciclista-olimpico-conquense-jaime-huelamo\\\/#webpage\",\"url\":\"https:\\\/\\\/www.eldigitaldeasturias.com\\\/noticias\\\/fallece-el-exciclista-olimpico-conquense-jaime-huelamo\\\/\",\"name\":\"Fallece el exciclista ol\\u00edmpico conquense Jaime Hu\\u00e9lamo - El Digital de Asturias\",\"description\":\"Cuenca, 31 ene (EFE). jaime Hu\\u00e9lamo, exciclista ol\\u00edmpico conquense, ha fallecido hoy en su tierra natal v\\u00edctima de un c\\u00e1ncer a los 65 a\\u00f1os, seg\\u00fan han informado a Efe fuentes familiares. La capilla ardiente se ha instalado en un tanatorio de la capital conquense, estando previsto el entierro-funeral esta tarde a las 16.30 horas en\",\"inLanguage\":\"es-ES\",\"isPartOf\":{\"@id\":\"https:\\\/\\\/www.eldigitaldeasturias.com\\\/noticias\\\/#website\"},\"breadcrumb\":{\"@id\":\"https:\\\/\\\/www.eldigitaldeasturias.com\\\/noticias\\\/fallece-el-exciclista-olimpico-conquense-jaime-huelamo\\\/#breadcrumblist\"},\"author\":{\"@id\":\"https:\\\/\\\/www.eldigitaldeasturias.com\\\/noticias\\\/author\\\/admin\\\/#author\"},\"creator\":{\"@id\":\"https:\\\/\\\/www.eldigitaldeasturias.com\\\/noticias\\\/author\\\/admin\\\/#author\"},\"image\":{\"@type\":\"ImageObject\",\"url\":\"https:\\\/\\\/www.eldigitaldeasturias.com\\\/noticias\\\/wp-content\\\/uploads\\\/2026\\\/06\\\/Contenidos.jpg\",\"@id\":\"https:\\\/\\\/www.eldigitaldeasturias.com\\\/noticias\\\/fallece-el-exciclista-olimpico-conquense-jaime-huelamo\\\/#mainImage\",\"width\":1265,\"height\":697,\"caption\":\"Contenidos\"},\"primaryImageOfPage\":{\"@id\":\"https:\\\/\\\/www.eldigitaldeasturias.com\\\/noticias\\\/fallece-el-exciclista-olimpico-conquense-jaime-huelamo\\\/#mainImage\"},\"datePublished\":\"2014-01-31T12:54:14+01:00\",\"dateModified\":\"2014-01-31T12:54:56+01:00\"},{\"@type\":\"WebSite\",\"@id\":\"https:\\\/\\\/www.eldigitaldeasturias.com\\\/noticias\\\/#website\",\"url\":\"https:\\\/\\\/www.eldigitaldeasturias.com\\\/noticias\\\/\",\"name\":\"El Digital de Asturias - Diario de actualidad y noticias\",\"alternateName\":\"El Digital de Asturias - Diario de actualidad y noticias\",\"description\":\"Hemeroteca\",\"inLanguage\":\"es-ES\",\"publisher\":{\"@id\":\"https:\\\/\\\/www.eldigitaldeasturias.com\\\/noticias\\\/#organization\"}}]}\n\t\t<\/script>\n\t\t<!-- All in One SEO Pro -->\r\n\t\t<title>Fallece el exciclista ol\u00edmpico conquense Jaime Hu\u00e9lamo - El Digital de Asturias<\/title>\n\n","aioseo_head_json":{"title":"Fallece el exciclista ol\u00edmpico conquense Jaime Hu\u00e9lamo - El Digital de Asturias","description":"Cuenca, 31 ene (EFE). jaime Hu\u00e9lamo, exciclista ol\u00edmpico conquense, ha fallecido hoy en su tierra natal v\u00edctima de un c\u00e1ncer a los 65 a\u00f1os, seg\u00fan han informado a Efe fuentes familiares. La capilla ardiente se ha instalado en un tanatorio de la capital conquense, estando previsto el entierro-funeral esta tarde a las 16.30 horas en","canonical_url":"https:\/\/www.eldigitaldeasturias.com\/noticias\/fallece-el-exciclista-olimpico-conquense-jaime-huelamo\/","robots":"max-image-preview:large","keywords":"actualidad","webmasterTools":{"google-site-verification":"UA-38556648-1","msvalidate.01":"7dfe9f3f1b24437ab69f4f2559babe99","miscellaneous":""},"schema":{"@context":"https:\/\/schema.org","@graph":[{"@type":"BlogPosting","@id":"https:\/\/www.eldigitaldeasturias.com\/noticias\/fallece-el-exciclista-olimpico-conquense-jaime-huelamo\/#blogposting","name":"Fallece el exciclista ol\u00edmpico conquense Jaime Hu\u00e9lamo - El Digital de Asturias","headline":"Fallece el exciclista ol\u00edmpico conquense Jaime Hu\u00e9lamo","author":{"@id":"https:\/\/www.eldigitaldeasturias.com\/noticias\/author\/admin\/#author"},"publisher":{"@id":"https:\/\/www.eldigitaldeasturias.com\/noticias\/#organization"},"image":{"@type":"ImageObject","url":"https:\/\/www.eldigitaldeasturias.com\/noticias\/wp-content\/uploads\/2026\/06\/Contenidos.jpg","width":1265,"height":697,"caption":"Contenidos"},"datePublished":"2014-01-31T12:54:14+01:00","dateModified":"2014-01-31T12:54:56+01:00","inLanguage":"es-ES","mainEntityOfPage":{"@id":"https:\/\/www.eldigitaldeasturias.com\/noticias\/fallece-el-exciclista-olimpico-conquense-jaime-huelamo\/#webpage"},"isPartOf":{"@id":"https:\/\/www.eldigitaldeasturias.com\/noticias\/fallece-el-exciclista-olimpico-conquense-jaime-huelamo\/#webpage"},"articleSection":"Actualidad"},{"@type":"BreadcrumbList","@id":"https:\/\/www.eldigitaldeasturias.com\/noticias\/fallece-el-exciclista-olimpico-conquense-jaime-huelamo\/#breadcrumblist","itemListElement":[{"@type":"ListItem","@id":"https:\/\/www.eldigitaldeasturias.com\/noticias#listItem","position":1,"name":"Home","item":"https:\/\/www.eldigitaldeasturias.com\/noticias","nextItem":{"@type":"ListItem","@id":"https:\/\/www.eldigitaldeasturias.com\/noticias\/category\/actualidad\/#listItem","name":"Actualidad"}},{"@type":"ListItem","@id":"https:\/\/www.eldigitaldeasturias.com\/noticias\/category\/actualidad\/#listItem","position":2,"name":"Actualidad","item":"https:\/\/www.eldigitaldeasturias.com\/noticias\/category\/actualidad\/","nextItem":{"@type":"ListItem","@id":"https:\/\/www.eldigitaldeasturias.com\/noticias\/fallece-el-exciclista-olimpico-conquense-jaime-huelamo\/#listItem","name":"Fallece el exciclista ol\u00edmpico conquense Jaime Hu\u00e9lamo"},"previousItem":{"@type":"ListItem","@id":"https:\/\/www.eldigitaldeasturias.com\/noticias#listItem","name":"Home"}},{"@type":"ListItem","@id":"https:\/\/www.eldigitaldeasturias.com\/noticias\/fallece-el-exciclista-olimpico-conquense-jaime-huelamo\/#listItem","position":3,"name":"Fallece el exciclista ol\u00edmpico conquense Jaime Hu\u00e9lamo","previousItem":{"@type":"ListItem","@id":"https:\/\/www.eldigitaldeasturias.com\/noticias\/category\/actualidad\/#listItem","name":"Actualidad"}}]},{"@type":"Organization","@id":"https:\/\/www.eldigitaldeasturias.com\/noticias\/#organization","name":"El Digital de Asturias","description":"Hemeroteca","url":"https:\/\/www.eldigitaldeasturias.com\/noticias\/","email":"info@eldigitaldeasturias.com","telephone":"+34652131393","logo":{"@type":"ImageObject","url":"https:\/\/www.eldigitaldeasturias.com\/noticias\/wp-content\/uploads\/2020\/12\/EDA.jpg","@id":"https:\/\/www.eldigitaldeasturias.com\/noticias\/fallece-el-exciclista-olimpico-conquense-jaime-huelamo\/#organizationLogo"},"image":{"@id":"https:\/\/www.eldigitaldeasturias.com\/noticias\/fallece-el-exciclista-olimpico-conquense-jaime-huelamo\/#organizationLogo"},"sameAs":["https:\/\/facebook.com\/eldigitaldeasturias","https:\/\/www.youtube.com\/channel\/UCZP-2wLEB9Rv6erhFmqVnvg"],"address":{"@id":"https:\/\/www.eldigitaldeasturias.com\/noticias\/#postaladdress","@type":"PostalAddress","streetAddress":"san antonio 4","postalCode":"33430","addressLocality":"Cand\u00e1s","addressRegion":"Asturias","addressCountry":"ES"}},{"@type":"Person","@id":"https:\/\/www.eldigitaldeasturias.com\/noticias\/author\/admin\/#author","url":"https:\/\/www.eldigitaldeasturias.com\/noticias\/author\/admin\/","name":"El Digital de Asturias","image":{"@type":"ImageObject","@id":"https:\/\/www.eldigitaldeasturias.com\/noticias\/fallece-el-exciclista-olimpico-conquense-jaime-huelamo\/#authorImage","url":"https:\/\/secure.gravatar.com\/avatar\/df2aeffc32bcd13f8d26072ef8a91b623d677766deac7f97ca815868cd41bf5e?s=96&d=mm&r=g","width":96,"height":96,"caption":"El Digital de Asturias"}},{"@type":"WebPage","@id":"https:\/\/www.eldigitaldeasturias.com\/noticias\/fallece-el-exciclista-olimpico-conquense-jaime-huelamo\/#webpage","url":"https:\/\/www.eldigitaldeasturias.com\/noticias\/fallece-el-exciclista-olimpico-conquense-jaime-huelamo\/","name":"Fallece el exciclista ol\u00edmpico conquense Jaime Hu\u00e9lamo - El Digital de Asturias","description":"Cuenca, 31 ene (EFE). jaime Hu\u00e9lamo, exciclista ol\u00edmpico conquense, ha fallecido hoy en su tierra natal v\u00edctima de un c\u00e1ncer a los 65 a\u00f1os, seg\u00fan han informado a Efe fuentes familiares. La capilla ardiente se ha instalado en un tanatorio de la capital conquense, estando previsto el entierro-funeral esta tarde a las 16.30 horas en","inLanguage":"es-ES","isPartOf":{"@id":"https:\/\/www.eldigitaldeasturias.com\/noticias\/#website"},"breadcrumb":{"@id":"https:\/\/www.eldigitaldeasturias.com\/noticias\/fallece-el-exciclista-olimpico-conquense-jaime-huelamo\/#breadcrumblist"},"author":{"@id":"https:\/\/www.eldigitaldeasturias.com\/noticias\/author\/admin\/#author"},"creator":{"@id":"https:\/\/www.eldigitaldeasturias.com\/noticias\/author\/admin\/#author"},"image":{"@type":"ImageObject","url":"https:\/\/www.eldigitaldeasturias.com\/noticias\/wp-content\/uploads\/2026\/06\/Contenidos.jpg","@id":"https:\/\/www.eldigitaldeasturias.com\/noticias\/fallece-el-exciclista-olimpico-conquense-jaime-huelamo\/#mainImage","width":1265,"height":697,"caption":"Contenidos"},"primaryImageOfPage":{"@id":"https:\/\/www.eldigitaldeasturias.com\/noticias\/fallece-el-exciclista-olimpico-conquense-jaime-huelamo\/#mainImage"},"datePublished":"2014-01-31T12:54:14+01:00","dateModified":"2014-01-31T12:54:56+01:00"},{"@type":"WebSite","@id":"https:\/\/www.eldigitaldeasturias.com\/noticias\/#website","url":"https:\/\/www.eldigitaldeasturias.com\/noticias\/","name":"El Digital de Asturias - Diario de actualidad y noticias","alternateName":"El Digital de Asturias - Diario de actualidad y noticias","description":"Hemeroteca","inLanguage":"es-ES","publisher":{"@id":"https:\/\/www.eldigitaldeasturias.com\/noticias\/#organization"}}]},"og:locale":"es_ES","og:site_name":"El Digital de Asturias","og:type":"article","og:title":"Fallece el exciclista ol\u00edmpico conquense Jaime Hu\u00e9lamo - El Digital de Asturias","og:description":"Cuenca, 31 ene (EFE). jaime Hu\u00e9lamo, exciclista ol\u00edmpico conquense, ha fallecido hoy en su tierra natal v\u00edctima de un c\u00e1ncer a los 65 a\u00f1os, seg\u00fan han informado a Efe fuentes familiares. La capilla ardiente se ha instalado en un tanatorio de la capital conquense, estando previsto el entierro-funeral esta tarde a las 16.30 horas en","og:url":"https:\/\/www.eldigitaldeasturias.com\/noticias\/fallece-el-exciclista-olimpico-conquense-jaime-huelamo\/","og:image":"https:\/\/www.eldigitaldeasturias.com\/noticias\/wp-content\/uploads\/2026\/06\/Contenidos.jpg","og:image:secure_url":"https:\/\/www.eldigitaldeasturias.com\/noticias\/wp-content\/uploads\/2026\/06\/Contenidos.jpg","og:image:width":1265,"og:image:height":697,"article:tag":["actualidad"],"article:published_time":"2014-01-31T13:54:14+00:00","article:modified_time":"2014-01-31T13:54:56+00:00","article:publisher":"https:\/\/facebook.com\/eldigitaldeasturias","twitter:card":"summary_large_image","twitter:title":"Fallece el exciclista ol\u00edmpico conquense Jaime Hu\u00e9lamo - El Digital de Asturias","twitter:description":"Cuenca, 31 ene (EFE). jaime Hu\u00e9lamo, exciclista ol\u00edmpico conquense, ha fallecido hoy en su tierra natal v\u00edctima de un c\u00e1ncer a los 65 a\u00f1os, seg\u00fan han informado a Efe fuentes familiares. La capilla ardiente se ha instalado en un tanatorio de la capital conquense, estando previsto el entierro-funeral esta tarde a las 16.30 horas en","twitter:image":"https:\/\/www.eldigitaldeasturias.com\/noticias\/wp-content\/uploads\/2026\/06\/Contenidos.jpg","twitter:label1":"Escrito por","twitter:data1":"El Digital de Asturias","twitter:label2":"Tiempo de lectura estimado","twitter:data2":"1 minuto"},"aioseo_meta_data":{"post_id":"480986","title":null,"description":null,"keywords":null,"keyphrases":null,"primary_term":null,"canonical_url":null,"og_title":null,"og_description":null,"og_object_type":"default","og_image_type":"default","og_image_url":null,"og_image_width":null,"og_image_height":null,"og_image_custom_url":null,"og_image_custom_fields":null,"og_video":null,"og_custom_url":null,"og_article_section":null,"og_article_tags":null,"twitter_use_og":true,"twitter_card":"default","twitter_image_type":"default","twitter_image_url":null,"twitter_image_custom_url":null,"twitter_image_custom_fields":null,"twitter_title":null,"twitter_description":null,"schema":{"blockGraphs":[],"customGraphs":[],"default":{"data":{"Article":[],"Course":[],"Dataset":[],"FAQPage":[],"Movie":[],"Person":[],"Product":[],"ProductReview":[],"Car":[],"Recipe":[],"Service":[],"SoftwareApplication":[],"WebPage":[]},"graphName":"","isEnabled":true},"graphs":[],"defaultGraph":"","defaultPostTypeGraph":""},"schema_type":null,"schema_type_options":null,"pillar_content":false,"robots_default":true,"robots_noindex":false,"robots_noarchive":false,"robots_nosnippet":false,"robots_nofollow":false,"robots_noimageindex":false,"robots_noodp":false,"robots_notranslate":false,"robots_max_snippet":null,"robots_max_videopreview":null,"robots_max_imagepreview":"none","priority":null,"frequency":null,"local_seo":null,"seo_analyzer_scan_date":"2026-06-02 05:24:11","breadcrumb_settings":null,"limit_modified_date":false,"open_ai":null,"ai":null,"created":"2020-11-14 22:54:16","updated":"2026-06-02 05:24:11","focus_keyword":null,"additional_keywords":null,"truseo_locale":null},"aioseo_breadcrumb":"<div class=\"aioseo-breadcrumbs\"><span class=\"aioseo-breadcrumb\">\n\t<a href=\"https:\/\/www.eldigitaldeasturias.com\/noticias\" title=\"Home\">Home<\/a>\n<\/span><span class=\"aioseo-breadcrumb-separator\">\u2013<\/span><span class=\"aioseo-breadcrumb\">\n\t<a href=\"https:\/\/www.eldigitaldeasturias.com\/noticias\/category\/actualidad\/\" title=\"Actualidad\">Actualidad<\/a>\n<\/span><span class=\"aioseo-breadcrumb-separator\">\u2013<\/span><span class=\"aioseo-breadcrumb\">\n\t<a href=\"https:\/\/www.eldigitaldeasturias.com\/noticias\/fallece-el-exciclista-olimpico-conquense-jaime-huelamo\/\" title=\"Fallece el exciclista ol\u00edmpico conquense Jaime Hu\u00e9lamo\">Fallece el exciclista ol\u00edmpico conquense Jaime Hu\u00e9lamo<\/a>\n<\/span><\/div>","aioseo_breadcrumb_json":[{"label":"Home","link":"https:\/\/www.eldigitaldeasturias.com\/noticias"},{"label":"Actualidad","link":"https:\/\/www.eldigitaldeasturias.com\/noticias\/category\/actualidad\/"},{"label":"Fallece el exciclista ol\u00edmpico conquense Jaime Hu\u00e9lamo","link":"https:\/\/www.eldigitaldeasturias.com\/noticias\/fallece-el-exciclista-olimpico-conquense-jaime-huelamo\/"}],"_links":{"self":[{"href":"https:\/\/www.eldigitaldeasturias.com\/noticias\/wp-json\/wp\/v2\/posts\/480986","targetHints":{"allow":["GET"]}}],"collection":[{"href":"https:\/\/www.eldigitaldeasturias.com\/noticias\/wp-json\/wp\/v2\/posts"}],"about":[{"href":"https:\/\/www.eldigitaldeasturias.com\/noticias\/wp-json\/wp\/v2\/types\/post"}],"author":[{"embeddable":true,"href":"https:\/\/www.eldigitaldeasturias.com\/noticias\/wp-json\/wp\/v2\/users\/1"}],"replies":[{"embeddable":true,"href":"https:\/\/www.eldigitaldeasturias.com\/noticias\/wp-json\/wp\/v2\/comments?post=480986"}],"version-history":[{"count":0,"href":"https:\/\/www.eldigitaldeasturias.com\/noticias\/wp-json\/wp\/v2\/posts\/480986\/revisions"}],"wp:featuredmedia":[{"embeddable":true,"href":"https:\/\/www.eldigitaldeasturias.com\/noticias\/wp-json\/wp\/v2\/media\/1132184"}],"wp:attachment":[{"href":"https:\/\/www.eldigitaldeasturias.com\/noticias\/wp-json\/wp\/v2\/media?parent=480986"}],"wp:term":[{"taxonomy":"category","embeddable":true,"href":"https:\/\/www.eldigitaldeasturias.com\/noticias\/wp-json\/wp\/v2\/categories?post=480986"},{"taxonomy":"post_tag","embeddable":true,"href":"https:\/\/www.eldigitaldeasturias.com\/noticias\/wp-json\/wp\/v2\/tags?post=480986"}],"curies":[{"name":"wp","href":"https:\/\/api.w.org\/{rel}","templated":true}]}}