{"id":480980,"date":"2014-01-31T12:51:58","date_gmt":"2014-01-31T13:51:58","guid":{"rendered":"http:\/\/www.eldigitaldeasturias.com\/noticias\/?p=480980"},"modified":"2014-01-31T12:51:58","modified_gmt":"2014-01-31T13:51:58","slug":"un-dirigente-del-pnv-pide-que-espana-no-juegue-en-bilbao-porque-habria-disturbios","status":"publish","type":"post","link":"https:\/\/www.eldigitaldeasturias.com\/noticias\/un-dirigente-del-pnv-pide-que-espana-no-juegue-en-bilbao-porque-habria-disturbios\/","title":{"rendered":"Un dirigente del PNV pide que Espa\u00f1a no juegue en Bilbao porque habr\u00eda disturbios"},"content":{"rendered":"<p><img loading=\"lazy\" decoding=\"async\" class=\"alignleft size-medium wp-image-480981\" alt=\"5894898w\" src=\"https:\/\/www.eldigitaldeasturias.com\/noticias\/wp-content\/uploads\/2014\/01\/5894898w-360x281.jpg\" width=\"360\" height=\"281\" \/>Bilbao, 31 ene (EFE).- El diputado general de Bizkaia, Jos\u00e9 Luis Bilbao, ha afirmado que si la selecci\u00f3n espa\u00f1ola de f\u00fatbol jugase hoy en d\u00eda en San Mam\u00e9s habr\u00eda \u00abun problema muy serio de orden p\u00fablico y de seguridad ciudadana\u00bb por el enfrentamiento que habr\u00eda con los aficionados que vendr\u00edan a Bilbao.<\/p>\n<p>\u00abCon la selecci\u00f3n espa\u00f1ola vendr\u00edan un mont\u00f3n de autobuses con banderas rojigualdas, con aguiluchos y toros negros encima a tomar posesi\u00f3n de las provincias traidoras y, a la vez, habr\u00eda otro grupo grande aqu\u00ed esper\u00e1ndoles a esos en la Gran V\u00eda en una quedada a mitad de camino\u00bb, ha pronosticado Bilbao ante la posibilidad de que Espa\u00f1a juegue de anfitri\u00f3n en San Mam\u00e9s si es sede de la Eurocopa en 2020.<\/p>\n<p>Ante este enfrentamiento, Bilbao ha opinado que tendr\u00eda que haber un despliegue de \u00abtoda la plantilla de la Ertzaintza, con todas las tanquetas en la calle\u00bb.<\/p>\n<p>\u00abTendr\u00edamos un problema muy serio de orden p\u00fablico y de seguridad ciudadana. Y eso es cierto, no me invento nada\u00bb, ha augurado el dirigente del PNV en declaraciones a Radio Popular.<\/p>\n<p>El diputado general ha a\u00f1adido que este problema tampoco ser\u00eda bueno para la hosteler\u00eda de la ciudad, porque \u00abtendr\u00eda que bajar las persianas para que no les rompieran los cristales\u00bb.<\/p>\n<p>Seg\u00fan Bilbao, el hecho de que \u00abno se dan las condiciones objetivas\u00bb para que Espa\u00f1a juegue en San Mam\u00e9s de local es una situaci\u00f3n que \u00abtodo el mundo lo tiene en la cabeza, pero nadie lo expresa\u00bb, por lo que ha subrayado que la mejor opci\u00f3n ser\u00eda que Euskadi fuese el equipo local si se juega la Eurocopa en el Pa\u00eds Vasco.<\/p>\n","protected":false},"excerpt":{"rendered":"<p>Bilbao, 31 ene (EFE).- El diputado general de Bizkaia, Jos\u00e9 Luis Bilbao, ha afirmado que si la selecci\u00f3n espa\u00f1ola de f\u00fatbol jugase hoy en d\u00eda en San Mam\u00e9s habr\u00eda \u00abun problema muy serio de orden p\u00fablico y de seguridad ciudadana\u00bb por el enfrentamiento que habr\u00eda con los aficionados que vendr\u00edan a Bilbao. \u00abCon la selecci\u00f3n [&hellip;]<\/p>\n","protected":false},"author":1,"featured_media":1132184,"comment_status":"closed","ping_status":"open","sticky":false,"template":"","format":"standard","meta":{"footnotes":""},"categories":[1],"tags":[],"class_list":["post-480980","post","type-post","status-publish","format-standard","has-post-thumbnail","hentry","category-actualidad"],"aioseo_notices":[],"aioseo_head":"\n\t\t<!-- All in One SEO Pro 5.0.1 - aioseo.com -->\n\t<meta name=\"description\" content=\"Bilbao, 31 ene (EFE).- El diputado general de Bizkaia, Jos\u00e9 Luis Bilbao, ha afirmado que si la selecci\u00f3n espa\u00f1ola de f\u00fatbol jugase hoy en d\u00eda en San Mam\u00e9s habr\u00eda &quot;un problema muy serio de orden p\u00fablico y de seguridad ciudadana&quot; por el enfrentamiento que habr\u00eda con los aficionados que vendr\u00edan a Bilbao. &quot;Con la selecci\u00f3n\" \/>\n\t<meta name=\"robots\" content=\"max-image-preview:large\" \/>\n\t<meta name=\"author\" content=\"El Digital de Asturias\"\/>\n\t<meta name=\"google-site-verification\" content=\"UA-38556648-1\" \/>\n\t<meta name=\"msvalidate.01\" content=\"7dfe9f3f1b24437ab69f4f2559babe99\" \/>\n\t<meta name=\"keywords\" content=\"actualidad\" \/>\n\t<link rel=\"canonical\" href=\"https:\/\/www.eldigitaldeasturias.com\/noticias\/un-dirigente-del-pnv-pide-que-espana-no-juegue-en-bilbao-porque-habria-disturbios\/\" \/>\n\t<meta name=\"generator\" content=\"All in One SEO Pro (AIOSEO) 5.0.1\" \/>\n\t\t<meta property=\"og:locale\" content=\"es_ES\" \/>\n\t\t<meta property=\"og:site_name\" content=\"El Digital de Asturias\" \/>\n\t\t<meta property=\"og:type\" content=\"article\" \/>\n\t\t<meta property=\"og:title\" content=\"Un dirigente del PNV pide que Espa\u00f1a no juegue en Bilbao porque habr\u00eda disturbios - El Digital de Asturias\" \/>\n\t\t<meta property=\"og:description\" content=\"Bilbao, 31 ene (EFE).- El diputado general de Bizkaia, Jos\u00e9 Luis Bilbao, ha afirmado que si la selecci\u00f3n espa\u00f1ola de f\u00fatbol jugase hoy en d\u00eda en San Mam\u00e9s habr\u00eda &quot;un problema muy serio de orden p\u00fablico y de seguridad ciudadana&quot; por el enfrentamiento que habr\u00eda con los aficionados que vendr\u00edan a Bilbao. &quot;Con la selecci\u00f3n\" \/>\n\t\t<meta property=\"og:url\" content=\"https:\/\/www.eldigitaldeasturias.com\/noticias\/un-dirigente-del-pnv-pide-que-espana-no-juegue-en-bilbao-porque-habria-disturbios\/\" \/>\n\t\t<meta property=\"og:image\" content=\"https:\/\/www.eldigitaldeasturias.com\/noticias\/wp-content\/uploads\/2026\/06\/Contenidos.jpg\" \/>\n\t\t<meta property=\"og:image:secure_url\" content=\"https:\/\/www.eldigitaldeasturias.com\/noticias\/wp-content\/uploads\/2026\/06\/Contenidos.jpg\" \/>\n\t\t<meta property=\"og:image:width\" content=\"1265\" \/>\n\t\t<meta property=\"og:image:height\" content=\"697\" \/>\n\t\t<meta property=\"article:tag\" content=\"actualidad\" \/>\n\t\t<meta property=\"article:published_time\" content=\"2014-01-31T13:51:58+00:00\" \/>\n\t\t<meta property=\"article:modified_time\" content=\"2014-01-31T13:51:58+00:00\" \/>\n\t\t<meta property=\"article:publisher\" content=\"https:\/\/facebook.com\/eldigitaldeasturias\" \/>\n\t\t<meta name=\"twitter:card\" content=\"summary_large_image\" \/>\n\t\t<meta name=\"twitter:title\" content=\"Un dirigente del PNV pide que Espa\u00f1a no juegue en Bilbao porque habr\u00eda disturbios - El Digital de Asturias\" \/>\n\t\t<meta name=\"twitter:description\" content=\"Bilbao, 31 ene (EFE).- El diputado general de Bizkaia, Jos\u00e9 Luis Bilbao, ha afirmado que si la selecci\u00f3n espa\u00f1ola de f\u00fatbol jugase hoy en d\u00eda en San Mam\u00e9s habr\u00eda &quot;un problema muy serio de orden p\u00fablico y de seguridad ciudadana&quot; por el enfrentamiento que habr\u00eda con los aficionados que vendr\u00edan a Bilbao. &quot;Con la selecci\u00f3n\" \/>\n\t\t<meta name=\"twitter:image\" content=\"https:\/\/www.eldigitaldeasturias.com\/noticias\/wp-content\/uploads\/2026\/06\/Contenidos.jpg\" \/>\n\t\t<meta name=\"twitter:label1\" content=\"Escrito por\" \/>\n\t\t<meta name=\"twitter:data1\" content=\"El Digital de Asturias\" \/>\n\t\t<meta name=\"twitter:label2\" content=\"Tiempo de lectura estimado\" \/>\n\t\t<meta name=\"twitter:data2\" content=\"2 minutos\" \/>\n\t\t<script type=\"application\/ld+json\" class=\"aioseo-schema\">\n\t\t\t{\"@context\":\"https:\\\/\\\/schema.org\",\"@graph\":[{\"@type\":\"BlogPosting\",\"@id\":\"https:\\\/\\\/www.eldigitaldeasturias.com\\\/noticias\\\/un-dirigente-del-pnv-pide-que-espana-no-juegue-en-bilbao-porque-habria-disturbios\\\/#blogposting\",\"name\":\"Un dirigente del PNV pide que Espa\\u00f1a no juegue en Bilbao porque habr\\u00eda disturbios - El Digital de Asturias\",\"headline\":\"Un dirigente del PNV pide que Espa\\u00f1a no juegue en Bilbao porque habr\\u00eda disturbios\",\"author\":{\"@id\":\"https:\\\/\\\/www.eldigitaldeasturias.com\\\/noticias\\\/author\\\/admin\\\/#author\"},\"publisher\":{\"@id\":\"https:\\\/\\\/www.eldigitaldeasturias.com\\\/noticias\\\/#organization\"},\"image\":{\"@type\":\"ImageObject\",\"url\":\"https:\\\/\\\/www.eldigitaldeasturias.com\\\/noticias\\\/wp-content\\\/uploads\\\/2026\\\/06\\\/Contenidos.jpg\",\"width\":1265,\"height\":697,\"caption\":\"Contenidos\"},\"datePublished\":\"2014-01-31T12:51:58+01:00\",\"dateModified\":\"2014-01-31T12:51:58+01:00\",\"inLanguage\":\"es-ES\",\"mainEntityOfPage\":{\"@id\":\"https:\\\/\\\/www.eldigitaldeasturias.com\\\/noticias\\\/un-dirigente-del-pnv-pide-que-espana-no-juegue-en-bilbao-porque-habria-disturbios\\\/#webpage\"},\"isPartOf\":{\"@id\":\"https:\\\/\\\/www.eldigitaldeasturias.com\\\/noticias\\\/un-dirigente-del-pnv-pide-que-espana-no-juegue-en-bilbao-porque-habria-disturbios\\\/#webpage\"},\"articleSection\":\"Actualidad\"},{\"@type\":\"BreadcrumbList\",\"@id\":\"https:\\\/\\\/www.eldigitaldeasturias.com\\\/noticias\\\/un-dirigente-del-pnv-pide-que-espana-no-juegue-en-bilbao-porque-habria-disturbios\\\/#breadcrumblist\",\"itemListElement\":[{\"@type\":\"ListItem\",\"@id\":\"https:\\\/\\\/www.eldigitaldeasturias.com\\\/noticias#listItem\",\"position\":1,\"name\":\"Home\",\"item\":\"https:\\\/\\\/www.eldigitaldeasturias.com\\\/noticias\",\"nextItem\":{\"@type\":\"ListItem\",\"@id\":\"https:\\\/\\\/www.eldigitaldeasturias.com\\\/noticias\\\/category\\\/actualidad\\\/#listItem\",\"name\":\"Actualidad\"}},{\"@type\":\"ListItem\",\"@id\":\"https:\\\/\\\/www.eldigitaldeasturias.com\\\/noticias\\\/category\\\/actualidad\\\/#listItem\",\"position\":2,\"name\":\"Actualidad\",\"item\":\"https:\\\/\\\/www.eldigitaldeasturias.com\\\/noticias\\\/category\\\/actualidad\\\/\",\"nextItem\":{\"@type\":\"ListItem\",\"@id\":\"https:\\\/\\\/www.eldigitaldeasturias.com\\\/noticias\\\/un-dirigente-del-pnv-pide-que-espana-no-juegue-en-bilbao-porque-habria-disturbios\\\/#listItem\",\"name\":\"Un dirigente del PNV pide que Espa\\u00f1a no juegue en Bilbao porque habr\\u00eda disturbios\"},\"previousItem\":{\"@type\":\"ListItem\",\"@id\":\"https:\\\/\\\/www.eldigitaldeasturias.com\\\/noticias#listItem\",\"name\":\"Home\"}},{\"@type\":\"ListItem\",\"@id\":\"https:\\\/\\\/www.eldigitaldeasturias.com\\\/noticias\\\/un-dirigente-del-pnv-pide-que-espana-no-juegue-en-bilbao-porque-habria-disturbios\\\/#listItem\",\"position\":3,\"name\":\"Un dirigente del PNV pide que Espa\\u00f1a no juegue en Bilbao porque habr\\u00eda disturbios\",\"previousItem\":{\"@type\":\"ListItem\",\"@id\":\"https:\\\/\\\/www.eldigitaldeasturias.com\\\/noticias\\\/category\\\/actualidad\\\/#listItem\",\"name\":\"Actualidad\"}}]},{\"@type\":\"Organization\",\"@id\":\"https:\\\/\\\/www.eldigitaldeasturias.com\\\/noticias\\\/#organization\",\"name\":\"El Digital de Asturias\",\"description\":\"Hemeroteca\",\"url\":\"https:\\\/\\\/www.eldigitaldeasturias.com\\\/noticias\\\/\",\"email\":\"info@eldigitaldeasturias.com\",\"telephone\":\"+34652131393\",\"logo\":{\"@type\":\"ImageObject\",\"url\":\"https:\\\/\\\/www.eldigitaldeasturias.com\\\/noticias\\\/wp-content\\\/uploads\\\/2020\\\/12\\\/EDA.jpg\",\"@id\":\"https:\\\/\\\/www.eldigitaldeasturias.com\\\/noticias\\\/un-dirigente-del-pnv-pide-que-espana-no-juegue-en-bilbao-porque-habria-disturbios\\\/#organizationLogo\"},\"image\":{\"@id\":\"https:\\\/\\\/www.eldigitaldeasturias.com\\\/noticias\\\/un-dirigente-del-pnv-pide-que-espana-no-juegue-en-bilbao-porque-habria-disturbios\\\/#organizationLogo\"},\"sameAs\":[\"https:\\\/\\\/facebook.com\\\/eldigitaldeasturias\",\"https:\\\/\\\/www.youtube.com\\\/channel\\\/UCZP-2wLEB9Rv6erhFmqVnvg\"],\"address\":{\"@id\":\"https:\\\/\\\/www.eldigitaldeasturias.com\\\/noticias\\\/#postaladdress\",\"@type\":\"PostalAddress\",\"streetAddress\":\"san antonio 4\",\"postalCode\":\"33430\",\"addressLocality\":\"Cand\\u00e1s\",\"addressRegion\":\"Asturias\",\"addressCountry\":\"ES\"}},{\"@type\":\"Person\",\"@id\":\"https:\\\/\\\/www.eldigitaldeasturias.com\\\/noticias\\\/author\\\/admin\\\/#author\",\"url\":\"https:\\\/\\\/www.eldigitaldeasturias.com\\\/noticias\\\/author\\\/admin\\\/\",\"name\":\"El Digital de Asturias\",\"image\":{\"@type\":\"ImageObject\",\"@id\":\"https:\\\/\\\/www.eldigitaldeasturias.com\\\/noticias\\\/un-dirigente-del-pnv-pide-que-espana-no-juegue-en-bilbao-porque-habria-disturbios\\\/#authorImage\",\"url\":\"https:\\\/\\\/secure.gravatar.com\\\/avatar\\\/df2aeffc32bcd13f8d26072ef8a91b623d677766deac7f97ca815868cd41bf5e?s=96&d=mm&r=g\",\"width\":96,\"height\":96,\"caption\":\"El Digital de Asturias\"}},{\"@type\":\"WebPage\",\"@id\":\"https:\\\/\\\/www.eldigitaldeasturias.com\\\/noticias\\\/un-dirigente-del-pnv-pide-que-espana-no-juegue-en-bilbao-porque-habria-disturbios\\\/#webpage\",\"url\":\"https:\\\/\\\/www.eldigitaldeasturias.com\\\/noticias\\\/un-dirigente-del-pnv-pide-que-espana-no-juegue-en-bilbao-porque-habria-disturbios\\\/\",\"name\":\"Un dirigente del PNV pide que Espa\\u00f1a no juegue en Bilbao porque habr\\u00eda disturbios - El Digital de Asturias\",\"description\":\"Bilbao, 31 ene (EFE).- El diputado general de Bizkaia, Jos\\u00e9 Luis Bilbao, ha afirmado que si la selecci\\u00f3n espa\\u00f1ola de f\\u00fatbol jugase hoy en d\\u00eda en San Mam\\u00e9s habr\\u00eda \\\"un problema muy serio de orden p\\u00fablico y de seguridad ciudadana\\\" por el enfrentamiento que habr\\u00eda con los aficionados que vendr\\u00edan a Bilbao. \\\"Con la selecci\\u00f3n\",\"inLanguage\":\"es-ES\",\"isPartOf\":{\"@id\":\"https:\\\/\\\/www.eldigitaldeasturias.com\\\/noticias\\\/#website\"},\"breadcrumb\":{\"@id\":\"https:\\\/\\\/www.eldigitaldeasturias.com\\\/noticias\\\/un-dirigente-del-pnv-pide-que-espana-no-juegue-en-bilbao-porque-habria-disturbios\\\/#breadcrumblist\"},\"author\":{\"@id\":\"https:\\\/\\\/www.eldigitaldeasturias.com\\\/noticias\\\/author\\\/admin\\\/#author\"},\"creator\":{\"@id\":\"https:\\\/\\\/www.eldigitaldeasturias.com\\\/noticias\\\/author\\\/admin\\\/#author\"},\"image\":{\"@type\":\"ImageObject\",\"url\":\"https:\\\/\\\/www.eldigitaldeasturias.com\\\/noticias\\\/wp-content\\\/uploads\\\/2026\\\/06\\\/Contenidos.jpg\",\"@id\":\"https:\\\/\\\/www.eldigitaldeasturias.com\\\/noticias\\\/un-dirigente-del-pnv-pide-que-espana-no-juegue-en-bilbao-porque-habria-disturbios\\\/#mainImage\",\"width\":1265,\"height\":697,\"caption\":\"Contenidos\"},\"primaryImageOfPage\":{\"@id\":\"https:\\\/\\\/www.eldigitaldeasturias.com\\\/noticias\\\/un-dirigente-del-pnv-pide-que-espana-no-juegue-en-bilbao-porque-habria-disturbios\\\/#mainImage\"},\"datePublished\":\"2014-01-31T12:51:58+01:00\",\"dateModified\":\"2014-01-31T12:51:58+01:00\"},{\"@type\":\"WebSite\",\"@id\":\"https:\\\/\\\/www.eldigitaldeasturias.com\\\/noticias\\\/#website\",\"url\":\"https:\\\/\\\/www.eldigitaldeasturias.com\\\/noticias\\\/\",\"name\":\"El Digital de Asturias - Diario de actualidad y noticias\",\"alternateName\":\"El Digital de Asturias - Diario de actualidad y noticias\",\"description\":\"Hemeroteca\",\"inLanguage\":\"es-ES\",\"publisher\":{\"@id\":\"https:\\\/\\\/www.eldigitaldeasturias.com\\\/noticias\\\/#organization\"}}]}\n\t\t<\/script>\n\t\t<!-- All in One SEO Pro -->\r\n\t\t<title>Un dirigente del PNV pide que Espa\u00f1a no juegue en Bilbao porque habr\u00eda disturbios - El Digital de Asturias<\/title>\n\n","aioseo_head_json":{"title":"Un dirigente del PNV pide que Espa\u00f1a no juegue en Bilbao porque habr\u00eda disturbios - El Digital de Asturias","description":"Bilbao, 31 ene (EFE).- El diputado general de Bizkaia, Jos\u00e9 Luis Bilbao, ha afirmado que si la selecci\u00f3n espa\u00f1ola de f\u00fatbol jugase hoy en d\u00eda en San Mam\u00e9s habr\u00eda \"un problema muy serio de orden p\u00fablico y de seguridad ciudadana\" por el enfrentamiento que habr\u00eda con los aficionados que vendr\u00edan a Bilbao. \"Con la selecci\u00f3n","canonical_url":"https:\/\/www.eldigitaldeasturias.com\/noticias\/un-dirigente-del-pnv-pide-que-espana-no-juegue-en-bilbao-porque-habria-disturbios\/","robots":"max-image-preview:large","keywords":"actualidad","webmasterTools":{"google-site-verification":"UA-38556648-1","msvalidate.01":"7dfe9f3f1b24437ab69f4f2559babe99","miscellaneous":""},"schema":{"@context":"https:\/\/schema.org","@graph":[{"@type":"BlogPosting","@id":"https:\/\/www.eldigitaldeasturias.com\/noticias\/un-dirigente-del-pnv-pide-que-espana-no-juegue-en-bilbao-porque-habria-disturbios\/#blogposting","name":"Un dirigente del PNV pide que Espa\u00f1a no juegue en Bilbao porque habr\u00eda disturbios - El Digital de Asturias","headline":"Un dirigente del PNV pide que Espa\u00f1a no juegue en Bilbao porque habr\u00eda disturbios","author":{"@id":"https:\/\/www.eldigitaldeasturias.com\/noticias\/author\/admin\/#author"},"publisher":{"@id":"https:\/\/www.eldigitaldeasturias.com\/noticias\/#organization"},"image":{"@type":"ImageObject","url":"https:\/\/www.eldigitaldeasturias.com\/noticias\/wp-content\/uploads\/2026\/06\/Contenidos.jpg","width":1265,"height":697,"caption":"Contenidos"},"datePublished":"2014-01-31T12:51:58+01:00","dateModified":"2014-01-31T12:51:58+01:00","inLanguage":"es-ES","mainEntityOfPage":{"@id":"https:\/\/www.eldigitaldeasturias.com\/noticias\/un-dirigente-del-pnv-pide-que-espana-no-juegue-en-bilbao-porque-habria-disturbios\/#webpage"},"isPartOf":{"@id":"https:\/\/www.eldigitaldeasturias.com\/noticias\/un-dirigente-del-pnv-pide-que-espana-no-juegue-en-bilbao-porque-habria-disturbios\/#webpage"},"articleSection":"Actualidad"},{"@type":"BreadcrumbList","@id":"https:\/\/www.eldigitaldeasturias.com\/noticias\/un-dirigente-del-pnv-pide-que-espana-no-juegue-en-bilbao-porque-habria-disturbios\/#breadcrumblist","itemListElement":[{"@type":"ListItem","@id":"https:\/\/www.eldigitaldeasturias.com\/noticias#listItem","position":1,"name":"Home","item":"https:\/\/www.eldigitaldeasturias.com\/noticias","nextItem":{"@type":"ListItem","@id":"https:\/\/www.eldigitaldeasturias.com\/noticias\/category\/actualidad\/#listItem","name":"Actualidad"}},{"@type":"ListItem","@id":"https:\/\/www.eldigitaldeasturias.com\/noticias\/category\/actualidad\/#listItem","position":2,"name":"Actualidad","item":"https:\/\/www.eldigitaldeasturias.com\/noticias\/category\/actualidad\/","nextItem":{"@type":"ListItem","@id":"https:\/\/www.eldigitaldeasturias.com\/noticias\/un-dirigente-del-pnv-pide-que-espana-no-juegue-en-bilbao-porque-habria-disturbios\/#listItem","name":"Un dirigente del PNV pide que Espa\u00f1a no juegue en Bilbao porque habr\u00eda disturbios"},"previousItem":{"@type":"ListItem","@id":"https:\/\/www.eldigitaldeasturias.com\/noticias#listItem","name":"Home"}},{"@type":"ListItem","@id":"https:\/\/www.eldigitaldeasturias.com\/noticias\/un-dirigente-del-pnv-pide-que-espana-no-juegue-en-bilbao-porque-habria-disturbios\/#listItem","position":3,"name":"Un dirigente del PNV pide que Espa\u00f1a no juegue en Bilbao porque habr\u00eda disturbios","previousItem":{"@type":"ListItem","@id":"https:\/\/www.eldigitaldeasturias.com\/noticias\/category\/actualidad\/#listItem","name":"Actualidad"}}]},{"@type":"Organization","@id":"https:\/\/www.eldigitaldeasturias.com\/noticias\/#organization","name":"El Digital de Asturias","description":"Hemeroteca","url":"https:\/\/www.eldigitaldeasturias.com\/noticias\/","email":"info@eldigitaldeasturias.com","telephone":"+34652131393","logo":{"@type":"ImageObject","url":"https:\/\/www.eldigitaldeasturias.com\/noticias\/wp-content\/uploads\/2020\/12\/EDA.jpg","@id":"https:\/\/www.eldigitaldeasturias.com\/noticias\/un-dirigente-del-pnv-pide-que-espana-no-juegue-en-bilbao-porque-habria-disturbios\/#organizationLogo"},"image":{"@id":"https:\/\/www.eldigitaldeasturias.com\/noticias\/un-dirigente-del-pnv-pide-que-espana-no-juegue-en-bilbao-porque-habria-disturbios\/#organizationLogo"},"sameAs":["https:\/\/facebook.com\/eldigitaldeasturias","https:\/\/www.youtube.com\/channel\/UCZP-2wLEB9Rv6erhFmqVnvg"],"address":{"@id":"https:\/\/www.eldigitaldeasturias.com\/noticias\/#postaladdress","@type":"PostalAddress","streetAddress":"san antonio 4","postalCode":"33430","addressLocality":"Cand\u00e1s","addressRegion":"Asturias","addressCountry":"ES"}},{"@type":"Person","@id":"https:\/\/www.eldigitaldeasturias.com\/noticias\/author\/admin\/#author","url":"https:\/\/www.eldigitaldeasturias.com\/noticias\/author\/admin\/","name":"El Digital de Asturias","image":{"@type":"ImageObject","@id":"https:\/\/www.eldigitaldeasturias.com\/noticias\/un-dirigente-del-pnv-pide-que-espana-no-juegue-en-bilbao-porque-habria-disturbios\/#authorImage","url":"https:\/\/secure.gravatar.com\/avatar\/df2aeffc32bcd13f8d26072ef8a91b623d677766deac7f97ca815868cd41bf5e?s=96&d=mm&r=g","width":96,"height":96,"caption":"El Digital de Asturias"}},{"@type":"WebPage","@id":"https:\/\/www.eldigitaldeasturias.com\/noticias\/un-dirigente-del-pnv-pide-que-espana-no-juegue-en-bilbao-porque-habria-disturbios\/#webpage","url":"https:\/\/www.eldigitaldeasturias.com\/noticias\/un-dirigente-del-pnv-pide-que-espana-no-juegue-en-bilbao-porque-habria-disturbios\/","name":"Un dirigente del PNV pide que Espa\u00f1a no juegue en Bilbao porque habr\u00eda disturbios - El Digital de Asturias","description":"Bilbao, 31 ene (EFE).- El diputado general de Bizkaia, Jos\u00e9 Luis Bilbao, ha afirmado que si la selecci\u00f3n espa\u00f1ola de f\u00fatbol jugase hoy en d\u00eda en San Mam\u00e9s habr\u00eda \"un problema muy serio de orden p\u00fablico y de seguridad ciudadana\" por el enfrentamiento que habr\u00eda con los aficionados que vendr\u00edan a Bilbao. \"Con la selecci\u00f3n","inLanguage":"es-ES","isPartOf":{"@id":"https:\/\/www.eldigitaldeasturias.com\/noticias\/#website"},"breadcrumb":{"@id":"https:\/\/www.eldigitaldeasturias.com\/noticias\/un-dirigente-del-pnv-pide-que-espana-no-juegue-en-bilbao-porque-habria-disturbios\/#breadcrumblist"},"author":{"@id":"https:\/\/www.eldigitaldeasturias.com\/noticias\/author\/admin\/#author"},"creator":{"@id":"https:\/\/www.eldigitaldeasturias.com\/noticias\/author\/admin\/#author"},"image":{"@type":"ImageObject","url":"https:\/\/www.eldigitaldeasturias.com\/noticias\/wp-content\/uploads\/2026\/06\/Contenidos.jpg","@id":"https:\/\/www.eldigitaldeasturias.com\/noticias\/un-dirigente-del-pnv-pide-que-espana-no-juegue-en-bilbao-porque-habria-disturbios\/#mainImage","width":1265,"height":697,"caption":"Contenidos"},"primaryImageOfPage":{"@id":"https:\/\/www.eldigitaldeasturias.com\/noticias\/un-dirigente-del-pnv-pide-que-espana-no-juegue-en-bilbao-porque-habria-disturbios\/#mainImage"},"datePublished":"2014-01-31T12:51:58+01:00","dateModified":"2014-01-31T12:51:58+01:00"},{"@type":"WebSite","@id":"https:\/\/www.eldigitaldeasturias.com\/noticias\/#website","url":"https:\/\/www.eldigitaldeasturias.com\/noticias\/","name":"El Digital de Asturias - Diario de actualidad y noticias","alternateName":"El Digital de Asturias - Diario de actualidad y noticias","description":"Hemeroteca","inLanguage":"es-ES","publisher":{"@id":"https:\/\/www.eldigitaldeasturias.com\/noticias\/#organization"}}]},"og:locale":"es_ES","og:site_name":"El Digital de Asturias","og:type":"article","og:title":"Un dirigente del PNV pide que Espa\u00f1a no juegue en Bilbao porque habr\u00eda disturbios - El Digital de Asturias","og:description":"Bilbao, 31 ene (EFE).- El diputado general de Bizkaia, Jos\u00e9 Luis Bilbao, ha afirmado que si la selecci\u00f3n espa\u00f1ola de f\u00fatbol jugase hoy en d\u00eda en San Mam\u00e9s habr\u00eda &quot;un problema muy serio de orden p\u00fablico y de seguridad ciudadana&quot; por el enfrentamiento que habr\u00eda con los aficionados que vendr\u00edan a Bilbao. &quot;Con la selecci\u00f3n","og:url":"https:\/\/www.eldigitaldeasturias.com\/noticias\/un-dirigente-del-pnv-pide-que-espana-no-juegue-en-bilbao-porque-habria-disturbios\/","og:image":"https:\/\/www.eldigitaldeasturias.com\/noticias\/wp-content\/uploads\/2026\/06\/Contenidos.jpg","og:image:secure_url":"https:\/\/www.eldigitaldeasturias.com\/noticias\/wp-content\/uploads\/2026\/06\/Contenidos.jpg","og:image:width":1265,"og:image:height":697,"article:tag":["actualidad"],"article:published_time":"2014-01-31T13:51:58+00:00","article:modified_time":"2014-01-31T13:51:58+00:00","article:publisher":"https:\/\/facebook.com\/eldigitaldeasturias","twitter:card":"summary_large_image","twitter:title":"Un dirigente del PNV pide que Espa\u00f1a no juegue en Bilbao porque habr\u00eda disturbios - El Digital de Asturias","twitter:description":"Bilbao, 31 ene (EFE).- El diputado general de Bizkaia, Jos\u00e9 Luis Bilbao, ha afirmado que si la selecci\u00f3n espa\u00f1ola de f\u00fatbol jugase hoy en d\u00eda en San Mam\u00e9s habr\u00eda &quot;un problema muy serio de orden p\u00fablico y de seguridad ciudadana&quot; por el enfrentamiento que habr\u00eda con los aficionados que vendr\u00edan a Bilbao. &quot;Con la selecci\u00f3n","twitter:image":"https:\/\/www.eldigitaldeasturias.com\/noticias\/wp-content\/uploads\/2026\/06\/Contenidos.jpg","twitter:label1":"Escrito por","twitter:data1":"El Digital de Asturias","twitter:label2":"Tiempo de lectura estimado","twitter:data2":"2 minutos"},"aioseo_meta_data":{"post_id":"480980","title":null,"description":null,"keywords":null,"keyphrases":null,"primary_term":null,"canonical_url":null,"og_title":null,"og_description":null,"og_object_type":"default","og_image_type":"default","og_image_url":null,"og_image_width":null,"og_image_height":null,"og_image_custom_url":null,"og_image_custom_fields":null,"og_video":null,"og_custom_url":null,"og_article_section":null,"og_article_tags":null,"twitter_use_og":true,"twitter_card":"default","twitter_image_type":"default","twitter_image_url":null,"twitter_image_custom_url":null,"twitter_image_custom_fields":null,"twitter_title":null,"twitter_description":null,"schema":{"blockGraphs":[],"customGraphs":[],"default":{"data":{"Article":[],"Course":[],"Dataset":[],"FAQPage":[],"Movie":[],"Person":[],"Product":[],"ProductReview":[],"Car":[],"Recipe":[],"Service":[],"SoftwareApplication":[],"WebPage":[]},"graphName":"","isEnabled":true},"graphs":[],"defaultGraph":"","defaultPostTypeGraph":""},"schema_type":null,"schema_type_options":null,"pillar_content":false,"robots_default":true,"robots_noindex":false,"robots_noarchive":false,"robots_nosnippet":false,"robots_nofollow":false,"robots_noimageindex":false,"robots_noodp":false,"robots_notranslate":false,"robots_max_snippet":null,"robots_max_videopreview":null,"robots_max_imagepreview":"none","priority":null,"frequency":null,"local_seo":null,"seo_analyzer_scan_date":"2026-06-02 05:24:09","breadcrumb_settings":null,"limit_modified_date":false,"open_ai":null,"ai":null,"created":"2020-11-14 22:54:16","updated":"2026-06-02 05:24:09","focus_keyword":null,"additional_keywords":null,"truseo_locale":null},"aioseo_breadcrumb":"<div class=\"aioseo-breadcrumbs\"><span class=\"aioseo-breadcrumb\">\n\t<a href=\"https:\/\/www.eldigitaldeasturias.com\/noticias\" title=\"Home\">Home<\/a>\n<\/span><span class=\"aioseo-breadcrumb-separator\">\u2013<\/span><span class=\"aioseo-breadcrumb\">\n\t<a href=\"https:\/\/www.eldigitaldeasturias.com\/noticias\/category\/actualidad\/\" title=\"Actualidad\">Actualidad<\/a>\n<\/span><span class=\"aioseo-breadcrumb-separator\">\u2013<\/span><span class=\"aioseo-breadcrumb\">\n\t<a href=\"https:\/\/www.eldigitaldeasturias.com\/noticias\/un-dirigente-del-pnv-pide-que-espana-no-juegue-en-bilbao-porque-habria-disturbios\/\" title=\"Un dirigente del PNV pide que Espa\u00f1a no juegue en Bilbao porque habr\u00eda disturbios\">Un dirigente del PNV pide que Espa\u00f1a no juegue en Bilbao porque habr\u00eda disturbios<\/a>\n<\/span><\/div>","aioseo_breadcrumb_json":[{"label":"Home","link":"https:\/\/www.eldigitaldeasturias.com\/noticias"},{"label":"Actualidad","link":"https:\/\/www.eldigitaldeasturias.com\/noticias\/category\/actualidad\/"},{"label":"Un dirigente del PNV pide que Espa\u00f1a no juegue en Bilbao porque habr\u00eda disturbios","link":"https:\/\/www.eldigitaldeasturias.com\/noticias\/un-dirigente-del-pnv-pide-que-espana-no-juegue-en-bilbao-porque-habria-disturbios\/"}],"_links":{"self":[{"href":"https:\/\/www.eldigitaldeasturias.com\/noticias\/wp-json\/wp\/v2\/posts\/480980","targetHints":{"allow":["GET"]}}],"collection":[{"href":"https:\/\/www.eldigitaldeasturias.com\/noticias\/wp-json\/wp\/v2\/posts"}],"about":[{"href":"https:\/\/www.eldigitaldeasturias.com\/noticias\/wp-json\/wp\/v2\/types\/post"}],"author":[{"embeddable":true,"href":"https:\/\/www.eldigitaldeasturias.com\/noticias\/wp-json\/wp\/v2\/users\/1"}],"replies":[{"embeddable":true,"href":"https:\/\/www.eldigitaldeasturias.com\/noticias\/wp-json\/wp\/v2\/comments?post=480980"}],"version-history":[{"count":0,"href":"https:\/\/www.eldigitaldeasturias.com\/noticias\/wp-json\/wp\/v2\/posts\/480980\/revisions"}],"wp:featuredmedia":[{"embeddable":true,"href":"https:\/\/www.eldigitaldeasturias.com\/noticias\/wp-json\/wp\/v2\/media\/1132184"}],"wp:attachment":[{"href":"https:\/\/www.eldigitaldeasturias.com\/noticias\/wp-json\/wp\/v2\/media?parent=480980"}],"wp:term":[{"taxonomy":"category","embeddable":true,"href":"https:\/\/www.eldigitaldeasturias.com\/noticias\/wp-json\/wp\/v2\/categories?post=480980"},{"taxonomy":"post_tag","embeddable":true,"href":"https:\/\/www.eldigitaldeasturias.com\/noticias\/wp-json\/wp\/v2\/tags?post=480980"}],"curies":[{"name":"wp","href":"https:\/\/api.w.org\/{rel}","templated":true}]}}